{"id":28476,"date":"2024-08-06T13:22:42","date_gmt":"2024-08-06T16:22:42","guid":{"rendered":"https:\/\/www.grupomedcof.com.br\/blog\/?p=28476"},"modified":"2026-04-24T17:18:24","modified_gmt":"2026-04-24T20:18:24","slug":"neuropatia-optica-e-uso-de-semaglutida-o-que-tem-em-comum","status":"publish","type":"post","link":"https:\/\/www.grupomedcof.com.br\/blog\/neuropatia-optica-e-uso-de-semaglutida-o-que-tem-em-comum\/","title":{"rendered":"Neuropatia \u00d3ptica e uso de Semaglutida: o que t\u00eam em comum?"},"content":{"rendered":"<div id=\"ez-toc-container\" class=\"ez-toc-v2_0_74 counter-hierarchy ez-toc-counter ez-toc-transparent ez-toc-container-direction\">\n<div class=\"ez-toc-title-container\">\n<p class=\"ez-toc-title\" style=\"cursor:inherit\">Sum\u00e1rio<\/p>\n<span class=\"ez-toc-title-toggle\"><a href=\"#\" class=\"ez-toc-pull-right ez-toc-btn ez-toc-btn-xs ez-toc-btn-default ez-toc-toggle\" aria-label=\"Alternar tabela de conte\u00fado\"><span class=\"ez-toc-js-icon-con\"><span class=\"\"><span class=\"eztoc-hide\" style=\"display:none;\">Toggle<\/span><span class=\"ez-toc-icon-toggle-span\"><svg style=\"fill: #999;color:#999\" xmlns=\"http:\/\/www.w3.org\/2000\/svg\" class=\"list-377408\" width=\"20px\" height=\"20px\" viewBox=\"0 0 24 24\" fill=\"none\"><path d=\"M6 6H4v2h2V6zm14 0H8v2h12V6zM4 11h2v2H4v-2zm16 0H8v2h12v-2zM4 16h2v2H4v-2zm16 0H8v2h12v-2z\" fill=\"currentColor\"><\/path><\/svg><svg style=\"fill: #999;color:#999\" class=\"arrow-unsorted-368013\" xmlns=\"http:\/\/www.w3.org\/2000\/svg\" width=\"10px\" height=\"10px\" viewBox=\"0 0 24 24\" version=\"1.2\" baseProfile=\"tiny\"><path d=\"M18.2 9.3l-6.2-6.3-6.2 6.3c-.2.2-.3.4-.3.7s.1.5.3.7c.2.2.4.3.7.3h11c.3 0 .5-.1.7-.3.2-.2.3-.5.3-.7s-.1-.5-.3-.7zM5.8 14.7l6.2 6.3 6.2-6.3c.2-.2.3-.5.3-.7s-.1-.5-.3-.7c-.2-.2-.4-.3-.7-.3h-11c-.3 0-.5.1-.7.3-.2.2-.3.5-.3.7s.1.5.3.7z\"\/><\/svg><\/span><\/span><\/span><\/a><\/span><\/div>\n<nav><ul class='ez-toc-list ez-toc-list-level-1 ' ><li class='ez-toc-page-1 ez-toc-heading-level-2'><a class=\"ez-toc-link ez-toc-heading-1\" href=\"https:\/\/www.grupomedcof.com.br\/blog\/neuropatia-optica-e-uso-de-semaglutida-o-que-tem-em-comum\/#Uso_de_Semaglutida_e_Neuropatia_Optica\" >Uso de Semaglutida e Neuropatia \u00d3ptica<\/a><\/li><li class='ez-toc-page-1 ez-toc-heading-level-2'><a class=\"ez-toc-link ez-toc-heading-2\" href=\"https:\/\/www.grupomedcof.com.br\/blog\/neuropatia-optica-e-uso-de-semaglutida-o-que-tem-em-comum\/#Risk_of_Nonarteritic_Anterior_Ischemic_Optic_Neuropathy_in_Patients_Prescribed_Semaglutide\" >Risk of Nonarteritic Anterior Ischemic Optic Neuropathy in Patients Prescribed Semaglutide<\/a><\/li><li class='ez-toc-page-1 ez-toc-heading-level-2'><a class=\"ez-toc-link ez-toc-heading-3\" href=\"https:\/\/www.grupomedcof.com.br\/blog\/neuropatia-optica-e-uso-de-semaglutida-o-que-tem-em-comum\/#Analise_do_time_MedCof\" >An\u00e1lise do time MedCof<\/a><\/li><li class='ez-toc-page-1 ez-toc-heading-level-2'><a class=\"ez-toc-link ez-toc-heading-4\" href=\"https:\/\/www.grupomedcof.com.br\/blog\/neuropatia-optica-e-uso-de-semaglutida-o-que-tem-em-comum\/#O_metodo_que_te_aprova\" >O m\u00e9todo que te aprova<\/a><\/li><\/ul><\/nav><\/div>\n\n<figure class=\"wp-block-image size-large\"><img loading=\"lazy\" decoding=\"async\" width=\"1024\" height=\"576\" src=\"https:\/\/www.grupomedcof.com.br\/blog\/wp-content\/uploads\/2024\/08\/Blog-MedCof-41-1024x576.png\" alt=\"\" class=\"wp-image-28479\" srcset=\"https:\/\/www.grupomedcof.com.br\/blog\/wp-content\/uploads\/2024\/08\/Blog-MedCof-41-1024x576.png 1024w, https:\/\/www.grupomedcof.com.br\/blog\/wp-content\/uploads\/2024\/08\/Blog-MedCof-41-300x169.png 300w, https:\/\/www.grupomedcof.com.br\/blog\/wp-content\/uploads\/2024\/08\/Blog-MedCof-41-768x432.png 768w, https:\/\/www.grupomedcof.com.br\/blog\/wp-content\/uploads\/2024\/08\/Blog-MedCof-41-1536x864.png 1536w, https:\/\/www.grupomedcof.com.br\/blog\/wp-content\/uploads\/2024\/08\/Blog-MedCof-41-747x420.png 747w, https:\/\/www.grupomedcof.com.br\/blog\/wp-content\/uploads\/2024\/08\/Blog-MedCof-41-150x84.png 150w, https:\/\/www.grupomedcof.com.br\/blog\/wp-content\/uploads\/2024\/08\/Blog-MedCof-41-696x392.png 696w, https:\/\/www.grupomedcof.com.br\/blog\/wp-content\/uploads\/2024\/08\/Blog-MedCof-41-1068x601.png 1068w, https:\/\/www.grupomedcof.com.br\/blog\/wp-content\/uploads\/2024\/08\/Blog-MedCof-41.png 1920w\" sizes=\"auto, (max-width: 1024px) 100vw, 1024px\" \/><\/figure>\n\n\n\n<p>Sejam todos muito bem-vindos a nossa nova newsletter! Hoje temos a importante (e tamb\u00e9m interessante) miss\u00e3o de discutir sobre uma das drogas mais prescritas na endocrinologia atual. Nada mais, nada menos que a semaglutida!<\/p>\n\n\n\n<p><strong><em>Texto escrito por: Leonardo Tavares<\/em><\/strong> <strong><em>endocrinologista com t\u00edtulo de especialista pela SBEM (ex-medcoffer) e atualmente fellow em endocrinologia na FMUSP.<\/em><\/strong><\/p>\n\n\n\n<h2 class=\"wp-block-heading\" id=\"h-uso-de-semaglutida-e-neuropatia-optica\"><span class=\"ez-toc-section\" id=\"Uso_de_Semaglutida_e_Neuropatia_Optica\"><\/span><strong>Uso de Semaglutida e Neuropatia \u00d3ptica<\/strong><span class=\"ez-toc-section-end\"><\/span><\/h2>\n\n\n\n<p>Uma publica\u00e7\u00e3o realizada no m\u00eas de Julho nos fez questionar sua seguran\u00e7a oftalmol\u00f3gica. O artigo <em><strong><a href=\"https:\/\/jamanetwork.com\/journals\/jamaophthalmology\/fullarticle\/2820255\">&#8220;Risk of Nonarteritic Anterior Ischemic Optic Neuropathy in Patients Prescribed Semaglutide&#8221;<\/a><\/strong><\/em>, publicado em um importante peri\u00f3dico (JAMA) levantou a hip\u00f3tese de uma poss\u00edvel correla\u00e7\u00e3o entre o uso de Semaglutida e Neuropatia \u00d3ptica. <\/p>\n\n\n\n<p>Sabemos que n\u00e3o \u00e9 de hoje que se questiona a piora de doen\u00e7as oftalmol\u00f3gicas com o uso de alguns medicamentos incret\u00ednicos. Expressamente, ao se ler a bula da semaglutida, o laborat\u00f3rio fabricador da medica\u00e7\u00e3o afirma uma prov\u00e1vel piora de retinopatia diab\u00e9tica. Desde ent\u00e3o, tais pacientes s\u00e3o sempre exclu\u00eddos dos trials que envolvem agonistas de GLP-1, sejam eles \u00fanicos, duplos e\/ou triplos. Levanta-se a hip\u00f3tese, de que um r\u00e1pido controle glic\u00eamico, al\u00e9m de queda abrupta de \u00edndices laboratoriais possa ser a poss\u00edvel explica\u00e7\u00e3o, como ocorre tamb\u00e9m em pacientes submetidos a cirurgias metab\u00f3licas.<\/p>\n\n\n\n<p>Ap\u00f3s esse breve refresh hist\u00f3rico de semaglutida vs. oftalmopatia, se \u00e9 que podemos criar essa disputa, vamos detalhar a publica\u00e7\u00e3o citada no par\u00e1grafo anterior.<\/p>\n\n\n\n<h2 class=\"wp-block-heading\" id=\"h-risk-of-nonarteritic-anterior-ischemic-optic-neuropathy-in-patients-prescribed-semaglutide\"><span class=\"ez-toc-section\" id=\"Risk_of_Nonarteritic_Anterior_Ischemic_Optic_Neuropathy_in_Patients_Prescribed_Semaglutide\"><\/span><strong><em>Risk of Nonarteritic Anterior Ischemic Optic Neuropathy in Patients Prescribed Semaglutide<\/em><\/strong><span class=\"ez-toc-section-end\"><\/span><\/h2>\n\n\n\n<p>Trata-se de um estudo <strong>retrospectivo<\/strong> com acompanhamento de pacientes entre o per\u00edodo de dezembro de 2017 at\u00e9 novembro de 2023. Todos, obrigatoriamente, eram usu\u00e1rios de semaglutida, sendo divididos entre <strong>portadores de DM e pacientes com obesidade<\/strong>.<\/p>\n\n\n\n<p>Avaliaram-se <strong>16.827 pacientes<\/strong>. 710 tinham DM2 (194 receberam prescri\u00e7\u00e3o de semaglutida; 516 com prescri\u00e7\u00e3o de outros medicamentos antidiabe\u0301ticos que n\u00e3o aGLP-1) e 979 eram pacientes com obesidade ou sobrepeso (divididos em 361 com semaglutida prescrita e outros 618 pacientes que utilizaram outros medicamentos anti-obesidade).<\/p>\n\n\n\n<p>Constatou-se que na <strong>popula\u00e7\u00e3o com DM2<\/strong> evidenciou-se <strong>17 eventos de NAION<\/strong> (Neuropatia \u00f3ptica isqu\u00eamica anterior n\u00e3o artr\u00edtica) em pacientes utilizando semaglutida <strong>versus 6<\/strong> na coorte das demais medica\u00e7\u00f5es. Em uma avalia\u00e7\u00e3o de <strong>36 meses retrospectivos<\/strong> tivemos n\u00fameros absolutos de <strong>8,9%<\/strong> de eventos de NAION em usu\u00e1rios de aGLP-1 contra <strong>1,8%<\/strong> nos demais, configurando um risco superior a 4x.<\/p>\n\n\n\n<p>J\u00e1 na <strong>popula\u00e7\u00e3o de pacientes com sobrepeso ou obesidade<\/strong>, ocorreram <strong>20 eventos NAION<\/strong> em usu\u00e1rios de semaglutida contra 3 epis\u00f3dios em n\u00e3o usu\u00e1rios. N\u00fameros avaliados em 36 meses, os usu\u00e1rios de semaglutida apresentaram <strong>6,7%<\/strong> contra <strong>0,8%<\/strong> de n\u00e3o usu\u00e1rios, o que configura um crescimento ainda mais impactante, superior a 7x.<\/p>\n\n\n\n<p>Todos os resultados descritos podem comprovar-se e analisar-se nas curvas que colocaremos abaixo:<\/p>\n\n\n\n<figure class=\"wp-block-image size-full\"><img loading=\"lazy\" decoding=\"async\" width=\"572\" height=\"592\" src=\"https:\/\/www.grupomedcof.com.br\/blog\/wp-content\/uploads\/2024\/08\/Captura-de-tela-2024-08-06-132410.png\" alt=\"\" class=\"wp-image-28485\" srcset=\"https:\/\/www.grupomedcof.com.br\/blog\/wp-content\/uploads\/2024\/08\/Captura-de-tela-2024-08-06-132410.png 572w, https:\/\/www.grupomedcof.com.br\/blog\/wp-content\/uploads\/2024\/08\/Captura-de-tela-2024-08-06-132410-290x300.png 290w, https:\/\/www.grupomedcof.com.br\/blog\/wp-content\/uploads\/2024\/08\/Captura-de-tela-2024-08-06-132410-406x420.png 406w, https:\/\/www.grupomedcof.com.br\/blog\/wp-content\/uploads\/2024\/08\/Captura-de-tela-2024-08-06-132410-150x155.png 150w, https:\/\/www.grupomedcof.com.br\/blog\/wp-content\/uploads\/2024\/08\/Captura-de-tela-2024-08-06-132410-300x310.png 300w\" sizes=\"auto, (max-width: 572px) 100vw, 572px\" \/><\/figure>\n\n\n\n<figure class=\"wp-block-image size-full\"><img loading=\"lazy\" decoding=\"async\" width=\"555\" height=\"541\" src=\"https:\/\/www.grupomedcof.com.br\/blog\/wp-content\/uploads\/2024\/08\/Captura-de-tela-2024-08-06-132429.png\" alt=\"\" class=\"wp-image-28486\" srcset=\"https:\/\/www.grupomedcof.com.br\/blog\/wp-content\/uploads\/2024\/08\/Captura-de-tela-2024-08-06-132429.png 555w, https:\/\/www.grupomedcof.com.br\/blog\/wp-content\/uploads\/2024\/08\/Captura-de-tela-2024-08-06-132429-300x292.png 300w, https:\/\/www.grupomedcof.com.br\/blog\/wp-content\/uploads\/2024\/08\/Captura-de-tela-2024-08-06-132429-431x420.png 431w, https:\/\/www.grupomedcof.com.br\/blog\/wp-content\/uploads\/2024\/08\/Captura-de-tela-2024-08-06-132429-150x146.png 150w\" sizes=\"auto, (max-width: 555px) 100vw, 555px\" \/><\/figure>\n\n\n\n<p>Desta forma, os autores conclu\u00edram uma prov\u00e1vel correla\u00e7\u00e3o, diretamente proporcional, do aparecimento de NAION com uso da Semaglutida.<\/p>\n\n\n\n<h2 class=\"wp-block-heading\" id=\"h-analise-do-time-medcof\"><span class=\"ez-toc-section\" id=\"Analise_do_time_MedCof\"><\/span><strong>An\u00e1lise do time MedCof<\/strong><span class=\"ez-toc-section-end\"><\/span><\/h2>\n\n\n\n<p>Ao analisar e interpretar qualquer artigo devemos ter como base:<\/p>\n\n\n\n<ul class=\"wp-block-list\">\n<li>Conhecimentos pr\u00e9vios;<\/li>\n\n\n\n<li>Estudos com endpoint ou achados secund\u00e1rios semelhantes;<\/li>\n\n\n\n<li>Olhar cr\u00edtico na metodologia.<\/li>\n<\/ul>\n\n\n\n<p>Primeiramente \u00e9 importante mencionar que <strong>qualquer coorte tem suas limita\u00e7\u00f5es<\/strong>. Al\u00e9m disso, o estudo de Hathaway et al. apresentou dados de <strong>um \u00fanico centro oftalmol\u00f3gico nos EUA<\/strong>, podendo ser apenas um achado ocasional. Al\u00e9m disso, n\u00e3o houve descri\u00e7\u00e3o do tempo de doen\u00e7a dos pacientes, n\u00edveis glic\u00eamicos de acompanhamento, tempo de uso das medica\u00e7\u00f5es e dose da semaglutida de forma detalhada para an\u00e1lise de efeito causa-consequ\u00eancia.<\/p>\n\n\n\n<p>A repercuss\u00e3o do estudo, sem uma an\u00e1lise cr\u00edtica espec\u00edfica, foi t\u00e3o grande que levou ao recebimento de diversas &#8220;letters&#8221; por parte do peri\u00f3dico. Al\u00e9m de posicionamentos de importantes sociedades brasileiras (incluindo a SBEM). Al\u00e9m disso, sabemos que a semaglutida vem sendo, de longe, a medica\u00e7\u00e3o mais prescrita para tratamento da obesidade. Tal estudo recebeu holofote at\u00e9 da m\u00eddia geral (n\u00e3o m\u00e9dica), com informa\u00e7\u00f5es incompletas e enfoque apenas na manchete.<\/p>\n\n\n\n<p>Retornando aos posicionamentos de sociedades cient\u00edficas, todas foram em encontro <strong>\u00e0s limita\u00e7\u00f5es dos estudos, enfatizando uma poss\u00edvel associa\u00e7\u00e3o, por\u00e9m reafirmando que n\u00e3o h\u00e1 contraindica\u00e7\u00e3o absoluta ao uso da medica\u00e7\u00e3o, a qual j\u00e1 se mostrou muito eficaz como tratamento seguro e primordial para pacientes com DM e obesidade<\/strong>.<\/p>\n\n\n\n<p>Mediante a tudo exposto anteriormente, acreditamos que seja poss\u00edvel haver uma rela\u00e7\u00e3o do uso da semaglutida com altera\u00e7\u00f5es oftalmol\u00f3gicas. Por\u00e9m, estudos prospectivos com N adequado e sobretudo multic\u00eantricos precisam ser elaborados para entendimento do efeito causa-consequ\u00eancia, dado que os mesmos s\u00e3o apenas <strong>levantadores de hip\u00f3tese<\/strong> e n\u00e3o permitem associa\u00e7\u00e3o causal.<\/p>\n\n\n\n<h2 class=\"wp-block-heading\" id=\"h-o-metodo-que-te-aprova\"><span class=\"ez-toc-section\" id=\"O_metodo_que_te_aprova\"><\/span><strong>O m\u00e9todo que te aprova<\/strong><span class=\"ez-toc-section-end\"><\/span><\/h2>\n\n\n\n<p>Se voc\u00ea quer garantir a sua aprova\u00e7\u00e3o nas provas de resid\u00eancia m\u00e9dica, conhe\u00e7a o grupo MedCof e a metodologia que j\u00e1 aprovou&nbsp;<a href=\"https:\/\/www.grupomedcof.com.br\/blog\/presenca-da-medcof-nas-aprovacoes-em-residencia-medica-no-brasil\/\"><strong>mais de 10 mil<\/strong><\/a>&nbsp;residentes pelo pa\u00eds. Confira abaixo uma das aulas exclusivas do nosso&nbsp;<strong><a href=\"https:\/\/youtu.be\/9FMjJc4VUsw?si=1a_ZLVZU839QlFsE\">Curso Extensivo<\/a><\/strong>:<\/p>\n\n\n\n<figure class=\"wp-block-embed is-type-video is-provider-youtube wp-block-embed-youtube wp-embed-aspect-16-9 wp-has-aspect-ratio\"><div class=\"wp-block-embed__wrapper\">\n<iframe loading=\"lazy\" title=\"Dislipidemias: Entenda o Tratamento. Com Dra. Mariana Ramos\" width=\"696\" height=\"392\" src=\"https:\/\/www.youtube.com\/embed\/9FMjJc4VUsw?feature=oembed\" frameborder=\"0\" allow=\"accelerometer; autoplay; clipboard-write; encrypted-media; gyroscope; picture-in-picture; web-share\" referrerpolicy=\"strict-origin-when-cross-origin\" allowfullscreen><\/iframe>\n<\/div><\/figure>\n","protected":false},"excerpt":{"rendered":"<p>Hoje temos a importante (e tamb\u00e9m interessante) miss\u00e3o de discutir sobre uma das drogas mais prescritas na endocrinologia atual. Nada mais, nada menos que a semaglutida!<\/p>\n","protected":false},"author":16,"featured_media":28479,"comment_status":"open","ping_status":"open","sticky":false,"template":"","format":"standard","meta":{"footnotes":""},"categories":[1679],"tags":[236,1430,756],"ppma_author":[3614],"class_list":{"0":"post-28476","1":"post","2":"type-post","3":"status-publish","4":"format-standard","5":"has-post-thumbnail","7":"category-medcof-endocrino","8":"tag-endocrinologia","9":"tag-medcof-endocrino","10":"tag-semaglutida"},"yoast_head":"<!-- This site is optimized with the Yoast SEO Premium plugin v24.3 (Yoast SEO v27.4) - https:\/\/yoast.com\/product\/yoast-seo-premium-wordpress\/ -->\n<title>Semaglutida e Neuropatia \u00d3ptica: O que t\u00eam em Comum? | Medcof<\/title>\n<meta name=\"description\" content=\"Hoje discutimos sobre uma das drogas mais prescritas na endocrinologia atual. Nada mais, nada menos que a semaglutida...\" \/>\n<meta name=\"robots\" content=\"index, follow, max-snippet:-1, max-image-preview:large, max-video-preview:-1\" \/>\n<link rel=\"canonical\" href=\"https:\/\/www.grupomedcof.com.br\/blog\/neuropatia-optica-e-uso-de-semaglutida-o-que-tem-em-comum\/\" \/>\n<meta property=\"og:locale\" content=\"pt_BR\" \/>\n<meta property=\"og:type\" content=\"article\" \/>\n<meta property=\"og:title\" content=\"Neuropatia \u00d3ptica e uso de Semaglutida: o que t\u00eam em comum?\" \/>\n<meta property=\"og:description\" content=\"Hoje discutimos sobre uma das drogas mais prescritas na endocrinologia atual. Nada mais, nada menos que a semaglutida...\" \/>\n<meta property=\"og:url\" content=\"https:\/\/www.grupomedcof.com.br\/blog\/neuropatia-optica-e-uso-de-semaglutida-o-que-tem-em-comum\/\" \/>\n<meta property=\"og:site_name\" content=\"Blog de Medcof: conte\u00fados, editais, revalida e mais!\" \/>\n<meta property=\"article:publisher\" content=\"https:\/\/www.facebook.com\/MedCofQbank\/\" \/>\n<meta property=\"article:published_time\" content=\"2024-08-06T16:22:42+00:00\" \/>\n<meta property=\"article:modified_time\" content=\"2026-04-24T20:18:24+00:00\" \/>\n<meta property=\"og:image\" content=\"https:\/\/www.grupomedcof.com.br\/blog\/wp-content\/uploads\/2024\/08\/Blog-MedCof-41-1024x576.png\" \/>\n\t<meta property=\"og:image:width\" content=\"1024\" \/>\n\t<meta property=\"og:image:height\" content=\"576\" \/>\n\t<meta property=\"og:image:type\" content=\"image\/png\" \/>\n<meta name=\"author\" content=\"Luisa\" \/>\n<meta name=\"twitter:card\" content=\"summary_large_image\" \/>\n<meta name=\"twitter:label1\" content=\"Escrito por\" \/>\n\t<meta name=\"twitter:data1\" content=\"Luisa\" \/>\n\t<meta name=\"twitter:label2\" content=\"Est. tempo de leitura\" \/>\n\t<meta name=\"twitter:data2\" content=\"5 minutos\" \/>\n<script type=\"application\/ld+json\" class=\"yoast-schema-graph\">{\"@context\":\"https:\\\/\\\/schema.org\",\"@graph\":[{\"@type\":\"Article\",\"@id\":\"https:\\\/\\\/www.grupomedcof.com.br\\\/blog\\\/neuropatia-optica-e-uso-de-semaglutida-o-que-tem-em-comum\\\/#article\",\"isPartOf\":{\"@id\":\"https:\\\/\\\/www.grupomedcof.com.br\\\/blog\\\/neuropatia-optica-e-uso-de-semaglutida-o-que-tem-em-comum\\\/\"},\"author\":{\"name\":\"Luisa\",\"@id\":\"https:\\\/\\\/www.grupomedcof.com.br\\\/blog\\\/#\\\/schema\\\/person\\\/4c7d7a4858c43110d649051e29b62140\"},\"headline\":\"Neuropatia \u00d3ptica e uso de Semaglutida: o que t\u00eam em comum?\",\"datePublished\":\"2024-08-06T16:22:42+00:00\",\"dateModified\":\"2026-04-24T20:18:24+00:00\",\"mainEntityOfPage\":{\"@id\":\"https:\\\/\\\/www.grupomedcof.com.br\\\/blog\\\/neuropatia-optica-e-uso-de-semaglutida-o-que-tem-em-comum\\\/\"},\"wordCount\":870,\"commentCount\":0,\"publisher\":{\"@id\":\"https:\\\/\\\/www.grupomedcof.com.br\\\/blog\\\/#organization\"},\"image\":{\"@id\":\"https:\\\/\\\/www.grupomedcof.com.br\\\/blog\\\/neuropatia-optica-e-uso-de-semaglutida-o-que-tem-em-comum\\\/#primaryimage\"},\"thumbnailUrl\":\"https:\\\/\\\/www.grupomedcof.com.br\\\/blog\\\/wp-content\\\/uploads\\\/2024\\\/08\\\/Blog-MedCof-41.png\",\"keywords\":[\"Endocrinologia\",\"MedCof End\u00f3crino\",\"Semaglutida\"],\"articleSection\":[\"Medcof Endocrino\"],\"inLanguage\":\"pt-BR\"},{\"@type\":\"WebPage\",\"@id\":\"https:\\\/\\\/www.grupomedcof.com.br\\\/blog\\\/neuropatia-optica-e-uso-de-semaglutida-o-que-tem-em-comum\\\/\",\"url\":\"https:\\\/\\\/www.grupomedcof.com.br\\\/blog\\\/neuropatia-optica-e-uso-de-semaglutida-o-que-tem-em-comum\\\/\",\"name\":\"Semaglutida e Neuropatia \u00d3ptica: O que t\u00eam em Comum? | Medcof\",\"isPartOf\":{\"@id\":\"https:\\\/\\\/www.grupomedcof.com.br\\\/blog\\\/#website\"},\"primaryImageOfPage\":{\"@id\":\"https:\\\/\\\/www.grupomedcof.com.br\\\/blog\\\/neuropatia-optica-e-uso-de-semaglutida-o-que-tem-em-comum\\\/#primaryimage\"},\"image\":{\"@id\":\"https:\\\/\\\/www.grupomedcof.com.br\\\/blog\\\/neuropatia-optica-e-uso-de-semaglutida-o-que-tem-em-comum\\\/#primaryimage\"},\"thumbnailUrl\":\"https:\\\/\\\/www.grupomedcof.com.br\\\/blog\\\/wp-content\\\/uploads\\\/2024\\\/08\\\/Blog-MedCof-41.png\",\"datePublished\":\"2024-08-06T16:22:42+00:00\",\"dateModified\":\"2026-04-24T20:18:24+00:00\",\"description\":\"Hoje discutimos sobre uma das drogas mais prescritas na endocrinologia atual. Nada mais, nada menos que a semaglutida...\",\"breadcrumb\":{\"@id\":\"https:\\\/\\\/www.grupomedcof.com.br\\\/blog\\\/neuropatia-optica-e-uso-de-semaglutida-o-que-tem-em-comum\\\/#breadcrumb\"},\"inLanguage\":\"pt-BR\",\"potentialAction\":[{\"@type\":\"ReadAction\",\"target\":[\"https:\\\/\\\/www.grupomedcof.com.br\\\/blog\\\/neuropatia-optica-e-uso-de-semaglutida-o-que-tem-em-comum\\\/\"]}]},{\"@type\":\"ImageObject\",\"inLanguage\":\"pt-BR\",\"@id\":\"https:\\\/\\\/www.grupomedcof.com.br\\\/blog\\\/neuropatia-optica-e-uso-de-semaglutida-o-que-tem-em-comum\\\/#primaryimage\",\"url\":\"https:\\\/\\\/www.grupomedcof.com.br\\\/blog\\\/wp-content\\\/uploads\\\/2024\\\/08\\\/Blog-MedCof-41.png\",\"contentUrl\":\"https:\\\/\\\/www.grupomedcof.com.br\\\/blog\\\/wp-content\\\/uploads\\\/2024\\\/08\\\/Blog-MedCof-41.png\",\"width\":1920,\"height\":1080},{\"@type\":\"BreadcrumbList\",\"@id\":\"https:\\\/\\\/www.grupomedcof.com.br\\\/blog\\\/neuropatia-optica-e-uso-de-semaglutida-o-que-tem-em-comum\\\/#breadcrumb\",\"itemListElement\":[{\"@type\":\"ListItem\",\"position\":1,\"name\":\"In\u00edcio\",\"item\":\"https:\\\/\\\/www.grupomedcof.com.br\\\/blog\\\/\"},{\"@type\":\"ListItem\",\"position\":2,\"name\":\"Neuropatia \u00d3ptica e uso de Semaglutida: o que t\u00eam em comum?\"}]},{\"@type\":\"WebSite\",\"@id\":\"https:\\\/\\\/www.grupomedcof.com.br\\\/blog\\\/#website\",\"url\":\"https:\\\/\\\/www.grupomedcof.com.br\\\/blog\\\/\",\"name\":\"Blog de Medcof: conte\u00fados, editais, revalida e mais!\",\"description\":\"Acesso o blog de MedCof! Seu portal de conte\u00fados sobre resid\u00eancia m\u00e9dica, an\u00e1lise e editais e muito mais. Clique e confira!\",\"publisher\":{\"@id\":\"https:\\\/\\\/www.grupomedcof.com.br\\\/blog\\\/#organization\"},\"alternateName\":\"Blog de Medcof: conte\u00fados, editais, revalida e mais!\",\"potentialAction\":[{\"@type\":\"SearchAction\",\"target\":{\"@type\":\"EntryPoint\",\"urlTemplate\":\"https:\\\/\\\/www.grupomedcof.com.br\\\/blog\\\/?s={search_term_string}\"},\"query-input\":{\"@type\":\"PropertyValueSpecification\",\"valueRequired\":true,\"valueName\":\"search_term_string\"}}],\"inLanguage\":\"pt-BR\"},{\"@type\":\"Organization\",\"@id\":\"https:\\\/\\\/www.grupomedcof.com.br\\\/blog\\\/#organization\",\"name\":\"Grupo MedCof\",\"url\":\"https:\\\/\\\/www.grupomedcof.com.br\\\/blog\\\/\",\"logo\":{\"@type\":\"ImageObject\",\"inLanguage\":\"pt-BR\",\"@id\":\"https:\\\/\\\/www.grupomedcof.com.br\\\/blog\\\/#\\\/schema\\\/logo\\\/image\\\/\",\"url\":\"https:\\\/\\\/www.grupomedcof.com.br\\\/blog\\\/wp-content\\\/uploads\\\/2022\\\/01\\\/logo-medcof.png\",\"contentUrl\":\"https:\\\/\\\/www.grupomedcof.com.br\\\/blog\\\/wp-content\\\/uploads\\\/2022\\\/01\\\/logo-medcof.png\",\"width\":768,\"height\":269,\"caption\":\"Grupo MedCof\"},\"image\":{\"@id\":\"https:\\\/\\\/www.grupomedcof.com.br\\\/blog\\\/#\\\/schema\\\/logo\\\/image\\\/\"},\"sameAs\":[\"https:\\\/\\\/www.facebook.com\\\/MedCofQbank\\\/\",\"https:\\\/\\\/www.instagram.com\\\/grupomedcof\\\/\",\"https:\\\/\\\/br.linkedin.com\\\/company\\\/medcof\",\"https:\\\/\\\/www.youtube.com\\\/channel\\\/UCdHMuOHKICxcHwecxN8P-AA\"]},{\"@type\":\"Person\",\"@id\":\"https:\\\/\\\/www.grupomedcof.com.br\\\/blog\\\/#\\\/schema\\\/person\\\/4c7d7a4858c43110d649051e29b62140\",\"name\":\"Luisa\",\"image\":{\"@type\":\"ImageObject\",\"inLanguage\":\"pt-BR\",\"@id\":\"https:\\\/\\\/www.grupomedcof.com.br\\\/blog\\\/wp-content\\\/uploads\\\/2023\\\/04\\\/cropped-cropped-logo-96x96.pngbf641d3e6e1c71567638b2546d5f72c9\",\"url\":\"https:\\\/\\\/www.grupomedcof.com.br\\\/blog\\\/wp-content\\\/uploads\\\/2023\\\/04\\\/cropped-cropped-logo-96x96.png\",\"contentUrl\":\"https:\\\/\\\/www.grupomedcof.com.br\\\/blog\\\/wp-content\\\/uploads\\\/2023\\\/04\\\/cropped-cropped-logo-96x96.png\",\"caption\":\"Luisa\"},\"url\":\"https:\\\/\\\/www.grupomedcof.com.br\\\/blog\\\/author\\\/luisa\\\/\"}]}<\/script>\n<!-- \/ Yoast SEO Premium plugin. -->","yoast_head_json":{"title":"Semaglutida e Neuropatia \u00d3ptica: O que t\u00eam em Comum? | Medcof","description":"Hoje discutimos sobre uma das drogas mais prescritas na endocrinologia atual. Nada mais, nada menos que a semaglutida...","robots":{"index":"index","follow":"follow","max-snippet":"max-snippet:-1","max-image-preview":"max-image-preview:large","max-video-preview":"max-video-preview:-1"},"canonical":"https:\/\/www.grupomedcof.com.br\/blog\/neuropatia-optica-e-uso-de-semaglutida-o-que-tem-em-comum\/","og_locale":"pt_BR","og_type":"article","og_title":"Neuropatia \u00d3ptica e uso de Semaglutida: o que t\u00eam em comum?","og_description":"Hoje discutimos sobre uma das drogas mais prescritas na endocrinologia atual. Nada mais, nada menos que a semaglutida...","og_url":"https:\/\/www.grupomedcof.com.br\/blog\/neuropatia-optica-e-uso-de-semaglutida-o-que-tem-em-comum\/","og_site_name":"Blog de Medcof: conte\u00fados, editais, revalida e mais!","article_publisher":"https:\/\/www.facebook.com\/MedCofQbank\/","article_published_time":"2024-08-06T16:22:42+00:00","article_modified_time":"2026-04-24T20:18:24+00:00","og_image":[{"width":1024,"height":576,"url":"https:\/\/www.grupomedcof.com.br\/blog\/wp-content\/uploads\/2024\/08\/Blog-MedCof-41-1024x576.png","type":"image\/png"}],"author":"Luisa","twitter_card":"summary_large_image","twitter_misc":{"Escrito por":"Luisa","Est. tempo de leitura":"5 minutos"},"schema":{"@context":"https:\/\/schema.org","@graph":[{"@type":"Article","@id":"https:\/\/www.grupomedcof.com.br\/blog\/neuropatia-optica-e-uso-de-semaglutida-o-que-tem-em-comum\/#article","isPartOf":{"@id":"https:\/\/www.grupomedcof.com.br\/blog\/neuropatia-optica-e-uso-de-semaglutida-o-que-tem-em-comum\/"},"author":{"name":"Luisa","@id":"https:\/\/www.grupomedcof.com.br\/blog\/#\/schema\/person\/4c7d7a4858c43110d649051e29b62140"},"headline":"Neuropatia \u00d3ptica e uso de Semaglutida: o que t\u00eam em comum?","datePublished":"2024-08-06T16:22:42+00:00","dateModified":"2026-04-24T20:18:24+00:00","mainEntityOfPage":{"@id":"https:\/\/www.grupomedcof.com.br\/blog\/neuropatia-optica-e-uso-de-semaglutida-o-que-tem-em-comum\/"},"wordCount":870,"commentCount":0,"publisher":{"@id":"https:\/\/www.grupomedcof.com.br\/blog\/#organization"},"image":{"@id":"https:\/\/www.grupomedcof.com.br\/blog\/neuropatia-optica-e-uso-de-semaglutida-o-que-tem-em-comum\/#primaryimage"},"thumbnailUrl":"https:\/\/www.grupomedcof.com.br\/blog\/wp-content\/uploads\/2024\/08\/Blog-MedCof-41.png","keywords":["Endocrinologia","MedCof End\u00f3crino","Semaglutida"],"articleSection":["Medcof Endocrino"],"inLanguage":"pt-BR"},{"@type":"WebPage","@id":"https:\/\/www.grupomedcof.com.br\/blog\/neuropatia-optica-e-uso-de-semaglutida-o-que-tem-em-comum\/","url":"https:\/\/www.grupomedcof.com.br\/blog\/neuropatia-optica-e-uso-de-semaglutida-o-que-tem-em-comum\/","name":"Semaglutida e Neuropatia \u00d3ptica: O que t\u00eam em Comum? | Medcof","isPartOf":{"@id":"https:\/\/www.grupomedcof.com.br\/blog\/#website"},"primaryImageOfPage":{"@id":"https:\/\/www.grupomedcof.com.br\/blog\/neuropatia-optica-e-uso-de-semaglutida-o-que-tem-em-comum\/#primaryimage"},"image":{"@id":"https:\/\/www.grupomedcof.com.br\/blog\/neuropatia-optica-e-uso-de-semaglutida-o-que-tem-em-comum\/#primaryimage"},"thumbnailUrl":"https:\/\/www.grupomedcof.com.br\/blog\/wp-content\/uploads\/2024\/08\/Blog-MedCof-41.png","datePublished":"2024-08-06T16:22:42+00:00","dateModified":"2026-04-24T20:18:24+00:00","description":"Hoje discutimos sobre uma das drogas mais prescritas na endocrinologia atual. Nada mais, nada menos que a semaglutida...","breadcrumb":{"@id":"https:\/\/www.grupomedcof.com.br\/blog\/neuropatia-optica-e-uso-de-semaglutida-o-que-tem-em-comum\/#breadcrumb"},"inLanguage":"pt-BR","potentialAction":[{"@type":"ReadAction","target":["https:\/\/www.grupomedcof.com.br\/blog\/neuropatia-optica-e-uso-de-semaglutida-o-que-tem-em-comum\/"]}]},{"@type":"ImageObject","inLanguage":"pt-BR","@id":"https:\/\/www.grupomedcof.com.br\/blog\/neuropatia-optica-e-uso-de-semaglutida-o-que-tem-em-comum\/#primaryimage","url":"https:\/\/www.grupomedcof.com.br\/blog\/wp-content\/uploads\/2024\/08\/Blog-MedCof-41.png","contentUrl":"https:\/\/www.grupomedcof.com.br\/blog\/wp-content\/uploads\/2024\/08\/Blog-MedCof-41.png","width":1920,"height":1080},{"@type":"BreadcrumbList","@id":"https:\/\/www.grupomedcof.com.br\/blog\/neuropatia-optica-e-uso-de-semaglutida-o-que-tem-em-comum\/#breadcrumb","itemListElement":[{"@type":"ListItem","position":1,"name":"In\u00edcio","item":"https:\/\/www.grupomedcof.com.br\/blog\/"},{"@type":"ListItem","position":2,"name":"Neuropatia \u00d3ptica e uso de Semaglutida: o que t\u00eam em comum?"}]},{"@type":"WebSite","@id":"https:\/\/www.grupomedcof.com.br\/blog\/#website","url":"https:\/\/www.grupomedcof.com.br\/blog\/","name":"Blog de Medcof: conte\u00fados, editais, revalida e mais!","description":"Acesso o blog de MedCof! Seu portal de conte\u00fados sobre resid\u00eancia m\u00e9dica, an\u00e1lise e editais e muito mais. Clique e confira!","publisher":{"@id":"https:\/\/www.grupomedcof.com.br\/blog\/#organization"},"alternateName":"Blog de Medcof: conte\u00fados, editais, revalida e mais!","potentialAction":[{"@type":"SearchAction","target":{"@type":"EntryPoint","urlTemplate":"https:\/\/www.grupomedcof.com.br\/blog\/?s={search_term_string}"},"query-input":{"@type":"PropertyValueSpecification","valueRequired":true,"valueName":"search_term_string"}}],"inLanguage":"pt-BR"},{"@type":"Organization","@id":"https:\/\/www.grupomedcof.com.br\/blog\/#organization","name":"Grupo MedCof","url":"https:\/\/www.grupomedcof.com.br\/blog\/","logo":{"@type":"ImageObject","inLanguage":"pt-BR","@id":"https:\/\/www.grupomedcof.com.br\/blog\/#\/schema\/logo\/image\/","url":"https:\/\/www.grupomedcof.com.br\/blog\/wp-content\/uploads\/2022\/01\/logo-medcof.png","contentUrl":"https:\/\/www.grupomedcof.com.br\/blog\/wp-content\/uploads\/2022\/01\/logo-medcof.png","width":768,"height":269,"caption":"Grupo MedCof"},"image":{"@id":"https:\/\/www.grupomedcof.com.br\/blog\/#\/schema\/logo\/image\/"},"sameAs":["https:\/\/www.facebook.com\/MedCofQbank\/","https:\/\/www.instagram.com\/grupomedcof\/","https:\/\/br.linkedin.com\/company\/medcof","https:\/\/www.youtube.com\/channel\/UCdHMuOHKICxcHwecxN8P-AA"]},{"@type":"Person","@id":"https:\/\/www.grupomedcof.com.br\/blog\/#\/schema\/person\/4c7d7a4858c43110d649051e29b62140","name":"Luisa","image":{"@type":"ImageObject","inLanguage":"pt-BR","@id":"https:\/\/www.grupomedcof.com.br\/blog\/wp-content\/uploads\/2023\/04\/cropped-cropped-logo-96x96.pngbf641d3e6e1c71567638b2546d5f72c9","url":"https:\/\/www.grupomedcof.com.br\/blog\/wp-content\/uploads\/2023\/04\/cropped-cropped-logo-96x96.png","contentUrl":"https:\/\/www.grupomedcof.com.br\/blog\/wp-content\/uploads\/2023\/04\/cropped-cropped-logo-96x96.png","caption":"Luisa"},"url":"https:\/\/www.grupomedcof.com.br\/blog\/author\/luisa\/"}]}},"authors":[{"term_id":3614,"user_id":16,"is_guest":0,"slug":"luisa","display_name":"Luisa","avatar_url":"https:\/\/www.grupomedcof.com.br\/blog\/wp-content\/uploads\/2023\/04\/cropped-cropped-logo-96x96.png","0":null,"1":"","2":"","3":"","4":"","5":"","6":"","7":"","8":""}],"_links":{"self":[{"href":"https:\/\/www.grupomedcof.com.br\/blog\/wp-json\/wp\/v2\/posts\/28476","targetHints":{"allow":["GET"]}}],"collection":[{"href":"https:\/\/www.grupomedcof.com.br\/blog\/wp-json\/wp\/v2\/posts"}],"about":[{"href":"https:\/\/www.grupomedcof.com.br\/blog\/wp-json\/wp\/v2\/types\/post"}],"author":[{"embeddable":true,"href":"https:\/\/www.grupomedcof.com.br\/blog\/wp-json\/wp\/v2\/users\/16"}],"replies":[{"embeddable":true,"href":"https:\/\/www.grupomedcof.com.br\/blog\/wp-json\/wp\/v2\/comments?post=28476"}],"version-history":[{"count":1,"href":"https:\/\/www.grupomedcof.com.br\/blog\/wp-json\/wp\/v2\/posts\/28476\/revisions"}],"predecessor-version":[{"id":43496,"href":"https:\/\/www.grupomedcof.com.br\/blog\/wp-json\/wp\/v2\/posts\/28476\/revisions\/43496"}],"wp:featuredmedia":[{"embeddable":true,"href":"https:\/\/www.grupomedcof.com.br\/blog\/wp-json\/wp\/v2\/media\/28479"}],"wp:attachment":[{"href":"https:\/\/www.grupomedcof.com.br\/blog\/wp-json\/wp\/v2\/media?parent=28476"}],"wp:term":[{"taxonomy":"category","embeddable":true,"href":"https:\/\/www.grupomedcof.com.br\/blog\/wp-json\/wp\/v2\/categories?post=28476"},{"taxonomy":"post_tag","embeddable":true,"href":"https:\/\/www.grupomedcof.com.br\/blog\/wp-json\/wp\/v2\/tags?post=28476"},{"taxonomy":"author","embeddable":true,"href":"https:\/\/www.grupomedcof.com.br\/blog\/wp-json\/wp\/v2\/ppma_author?post=28476"}],"curies":[{"name":"wp","href":"https:\/\/api.w.org\/{rel}","templated":true}]}}