{"id":28580,"date":"2025-11-25T15:41:47","date_gmt":"2025-11-25T18:41:47","guid":{"rendered":"https:\/\/www.grupomedcof.com.br\/blog\/?p=28580"},"modified":"2026-04-24T16:34:07","modified_gmt":"2026-04-24T19:34:07","slug":"cancer-de-mama","status":"publish","type":"post","link":"https:\/\/www.grupomedcof.com.br\/blog\/cancer-de-mama\/","title":{"rendered":"C\u00e2ncer de Mama: diagn\u00f3stico, tratamento, fatores de risco, tipos histol\u00f3gicos de n\u00f3dulos"},"content":{"rendered":"<div id=\"ez-toc-container\" class=\"ez-toc-v2_0_74 counter-hierarchy ez-toc-counter ez-toc-transparent ez-toc-container-direction\">\n<div class=\"ez-toc-title-container\">\n<p class=\"ez-toc-title\" style=\"cursor:inherit\">Sum\u00e1rio<\/p>\n<span class=\"ez-toc-title-toggle\"><a href=\"#\" class=\"ez-toc-pull-right ez-toc-btn ez-toc-btn-xs ez-toc-btn-default ez-toc-toggle\" aria-label=\"Alternar tabela de conte\u00fado\"><span class=\"ez-toc-js-icon-con\"><span class=\"\"><span class=\"eztoc-hide\" style=\"display:none;\">Toggle<\/span><span class=\"ez-toc-icon-toggle-span\"><svg style=\"fill: #999;color:#999\" xmlns=\"http:\/\/www.w3.org\/2000\/svg\" class=\"list-377408\" width=\"20px\" height=\"20px\" viewBox=\"0 0 24 24\" fill=\"none\"><path d=\"M6 6H4v2h2V6zm14 0H8v2h12V6zM4 11h2v2H4v-2zm16 0H8v2h12v-2zM4 16h2v2H4v-2zm16 0H8v2h12v-2z\" fill=\"currentColor\"><\/path><\/svg><svg style=\"fill: #999;color:#999\" class=\"arrow-unsorted-368013\" xmlns=\"http:\/\/www.w3.org\/2000\/svg\" width=\"10px\" height=\"10px\" viewBox=\"0 0 24 24\" version=\"1.2\" baseProfile=\"tiny\"><path d=\"M18.2 9.3l-6.2-6.3-6.2 6.3c-.2.2-.3.4-.3.7s.1.5.3.7c.2.2.4.3.7.3h11c.3 0 .5-.1.7-.3.2-.2.3-.5.3-.7s-.1-.5-.3-.7zM5.8 14.7l6.2 6.3 6.2-6.3c.2-.2.3-.5.3-.7s-.1-.5-.3-.7c-.2-.2-.4-.3-.7-.3h-11c-.3 0-.5.1-.7.3-.2.2-.3.5-.3.7s.1.5.3.7z\"\/><\/svg><\/span><\/span><\/span><\/a><\/span><\/div>\n<nav><ul class='ez-toc-list ez-toc-list-level-1 ' ><li class='ez-toc-page-1 ez-toc-heading-level-2'><a class=\"ez-toc-link ez-toc-heading-1\" href=\"https:\/\/www.grupomedcof.com.br\/blog\/cancer-de-mama\/#O_que_e_o_Cancer_de_Mama\" >O que \u00e9 o C\u00e2ncer de Mama?<\/a><ul class='ez-toc-list-level-3' ><li class='ez-toc-heading-level-3'><a class=\"ez-toc-link ez-toc-heading-2\" href=\"https:\/\/www.grupomedcof.com.br\/blog\/cancer-de-mama\/#Fatores_de_Risco_do_Cancer_de_Mama\" >Fatores de Risco do C\u00e2ncer de Mama<\/a><\/li><\/ul><\/li><li class='ez-toc-page-1 ez-toc-heading-level-2'><a class=\"ez-toc-link ez-toc-heading-3\" href=\"https:\/\/www.grupomedcof.com.br\/blog\/cancer-de-mama\/#Como_tratar_o_Cancer_de_Mama\" >Como tratar o C\u00e2ncer de Mama?<\/a><ul class='ez-toc-list-level-3' ><li class='ez-toc-heading-level-3'><a class=\"ez-toc-link ez-toc-heading-4\" href=\"https:\/\/www.grupomedcof.com.br\/blog\/cancer-de-mama\/#Cirurgia\" >Cirurgia<\/a><\/li><li class='ez-toc-page-1 ez-toc-heading-level-3'><a class=\"ez-toc-link ez-toc-heading-5\" href=\"https:\/\/www.grupomedcof.com.br\/blog\/cancer-de-mama\/#Radioterapia\" >Radioterapia<\/a><\/li><li class='ez-toc-page-1 ez-toc-heading-level-3'><a class=\"ez-toc-link ez-toc-heading-6\" href=\"https:\/\/www.grupomedcof.com.br\/blog\/cancer-de-mama\/#Quimioterapia_e_Terapias_Sistemicas\" >Quimioterapia e Terapias Sist\u00eamicas<\/a><\/li><li class='ez-toc-page-1 ez-toc-heading-level-3'><a class=\"ez-toc-link ez-toc-heading-7\" href=\"https:\/\/www.grupomedcof.com.br\/blog\/cancer-de-mama\/#Hormonioterapia\" >Hormonioterapia<\/a><\/li><li class='ez-toc-page-1 ez-toc-heading-level-3'><a class=\"ez-toc-link ez-toc-heading-8\" href=\"https:\/\/www.grupomedcof.com.br\/blog\/cancer-de-mama\/#Terapias_Direcionadas\" >Terapias Direcionadas<\/a><\/li><\/ul><\/li><li class='ez-toc-page-1 ez-toc-heading-level-2'><a class=\"ez-toc-link ez-toc-heading-9\" href=\"https:\/\/www.grupomedcof.com.br\/blog\/cancer-de-mama\/#Tipos_de_Cancer_de_Mama\" >Tipos de C\u00e2ncer de Mama<\/a><ul class='ez-toc-list-level-3' ><li class='ez-toc-heading-level-3'><a class=\"ez-toc-link ez-toc-heading-10\" href=\"https:\/\/www.grupomedcof.com.br\/blog\/cancer-de-mama\/#Carcinoma_Ductal_In_Situ\" >Carcinoma Ductal In Situ<\/a><\/li><li class='ez-toc-page-1 ez-toc-heading-level-3'><a class=\"ez-toc-link ez-toc-heading-11\" href=\"https:\/\/www.grupomedcof.com.br\/blog\/cancer-de-mama\/#Doenca_de_Paget\" >Doen\u00e7a de Paget<\/a><\/li><\/ul><\/li><li class='ez-toc-page-1 ez-toc-heading-level-2'><a class=\"ez-toc-link ez-toc-heading-12\" href=\"https:\/\/www.grupomedcof.com.br\/blog\/cancer-de-mama\/#Classificacao_e_Estadiamento_do_Cancer_de_Mama\" >Classifica\u00e7\u00e3o e Estadiamento do C\u00e2ncer de Mama<\/a><\/li><li class='ez-toc-page-1 ez-toc-heading-level-2'><a class=\"ez-toc-link ez-toc-heading-13\" href=\"https:\/\/www.grupomedcof.com.br\/blog\/cancer-de-mama\/#Mutacoes_geneticas_do_cancer_de_mama\" >Muta\u00e7\u00f5es gen\u00e9ticas do c\u00e2ncer de mama<\/a><ul class='ez-toc-list-level-3' ><li class='ez-toc-heading-level-3'><a class=\"ez-toc-link ez-toc-heading-14\" href=\"https:\/\/www.grupomedcof.com.br\/blog\/cancer-de-mama\/#Quando_realizar_o_teste_genetico\" >Quando realizar o teste gen\u00e9tico?<\/a><\/li><li class='ez-toc-page-1 ez-toc-heading-level-3'><a class=\"ez-toc-link ez-toc-heading-15\" href=\"https:\/\/www.grupomedcof.com.br\/blog\/cancer-de-mama\/#Como_proceder_diante_de_uma_mutacao_genetica\" >Como proceder diante de uma muta\u00e7\u00e3o gen\u00e9tica?<\/a><\/li><\/ul><\/li><li class='ez-toc-page-1 ez-toc-heading-level-2'><a class=\"ez-toc-link ez-toc-heading-16\" href=\"https:\/\/www.grupomedcof.com.br\/blog\/cancer-de-mama\/#Tipos_Histologicos_dos_Nodulos_Mamarios\" >Tipos Histol\u00f3gicos dos N\u00f3dulos Mam\u00e1rios<\/a><ul class='ez-toc-list-level-3' ><li class='ez-toc-heading-level-3'><a class=\"ez-toc-link ez-toc-heading-17\" href=\"https:\/\/www.grupomedcof.com.br\/blog\/cancer-de-mama\/#Lesoes_Papilares_Intraductais\" >Les\u00f5es Papilares Intraductais<\/a><\/li><li class='ez-toc-page-1 ez-toc-heading-level-3'><a class=\"ez-toc-link ez-toc-heading-18\" href=\"https:\/\/www.grupomedcof.com.br\/blog\/cancer-de-mama\/#Lesoes_Fibroepiteliais\" >Les\u00f5es Fibroepiteliais<\/a><\/li><li class='ez-toc-page-1 ez-toc-heading-level-3'><a class=\"ez-toc-link ez-toc-heading-19\" href=\"https:\/\/www.grupomedcof.com.br\/blog\/cancer-de-mama\/#Lesoes_Proliferativas_e_Cicatriz_Radiada_As_Imitadoras\" >Les\u00f5es Proliferativas e Cicatriz Radiada: As Imitadoras<\/a><\/li><li class='ez-toc-page-1 ez-toc-heading-level-3'><a class=\"ez-toc-link ez-toc-heading-20\" href=\"https:\/\/www.grupomedcof.com.br\/blog\/cancer-de-mama\/#Lesoes_Precursoras\" >Les\u00f5es Precursoras<\/a><\/li><li class='ez-toc-page-1 ez-toc-heading-level-3'><a class=\"ez-toc-link ez-toc-heading-21\" href=\"https:\/\/www.grupomedcof.com.br\/blog\/cancer-de-mama\/#Ginecomastia\" >Ginecomastia<\/a><\/li><\/ul><\/li><li class='ez-toc-page-1 ez-toc-heading-level-2'><a class=\"ez-toc-link ez-toc-heading-22\" href=\"https:\/\/www.grupomedcof.com.br\/blog\/cancer-de-mama\/#Nao_deixe_de_conferir\" >N\u00e3o deixe de conferir!<\/a><\/li><li class='ez-toc-page-1 ez-toc-heading-level-2'><a class=\"ez-toc-link ez-toc-heading-23\" href=\"https:\/\/www.grupomedcof.com.br\/blog\/cancer-de-mama\/#O_metodo_que_te_aprova\" >O m\u00e9todo que te aprova!<\/a><\/li><\/ul><\/nav><\/div>\n\n<figure class=\"wp-block-image size-large\"><img loading=\"lazy\" decoding=\"async\" width=\"1024\" height=\"576\" src=\"https:\/\/www.grupomedcof.com.br\/blog\/wp-content\/uploads\/2024\/08\/Blog-MedCof-96-1024x576.png\" alt=\"A imagem tem uma mo\u00e7a fazendo o auto exame na mama\" class=\"wp-image-28585\" srcset=\"https:\/\/www.grupomedcof.com.br\/blog\/wp-content\/uploads\/2024\/08\/Blog-MedCof-96-1024x576.png 1024w, https:\/\/www.grupomedcof.com.br\/blog\/wp-content\/uploads\/2024\/08\/Blog-MedCof-96-300x169.png 300w, https:\/\/www.grupomedcof.com.br\/blog\/wp-content\/uploads\/2024\/08\/Blog-MedCof-96-768x432.png 768w, https:\/\/www.grupomedcof.com.br\/blog\/wp-content\/uploads\/2024\/08\/Blog-MedCof-96-1536x864.png 1536w, https:\/\/www.grupomedcof.com.br\/blog\/wp-content\/uploads\/2024\/08\/Blog-MedCof-96-2048x1152.png 2048w, https:\/\/www.grupomedcof.com.br\/blog\/wp-content\/uploads\/2024\/08\/Blog-MedCof-96-747x420.png 747w, https:\/\/www.grupomedcof.com.br\/blog\/wp-content\/uploads\/2024\/08\/Blog-MedCof-96-150x84.png 150w, https:\/\/www.grupomedcof.com.br\/blog\/wp-content\/uploads\/2024\/08\/Blog-MedCof-96-696x392.png 696w, https:\/\/www.grupomedcof.com.br\/blog\/wp-content\/uploads\/2024\/08\/Blog-MedCof-96-1068x601.png 1068w, https:\/\/www.grupomedcof.com.br\/blog\/wp-content\/uploads\/2024\/08\/Blog-MedCof-96-1920x1080.png 1920w\" sizes=\"auto, (max-width: 1024px) 100vw, 1024px\" \/><figcaption class=\"wp-element-caption\">Imagem: Canva.<\/figcaption><\/figure>\n\n\n\n<p>O <strong>c\u00e2ncer de mama<\/strong> \u00e9 uma das neoplasias malignas mais comuns entre as mulheres, e sua compreens\u00e3o detalhada \u00e9 essencial para a preven\u00e7\u00e3o, diagn\u00f3stico precoce e tratamento eficaz. <\/p>\n\n\n\n<h2 class=\"wp-block-heading\" id=\"h-o-que-e-o-cancer-de-mama\"><span class=\"ez-toc-section\" id=\"O_que_e_o_Cancer_de_Mama\"><\/span><strong>O que \u00e9 o C\u00e2ncer de Mama?<\/strong><span class=\"ez-toc-section-end\"><\/span><\/h2>\n\n\n\n<p>O C\u00e2ncer de Mama \u00e9 uma doen\u00e7a causada pelo<strong> crescimento descontrolado e anormal das c\u00e9lulas na gl\u00e2ndula mam\u00e1ria, <\/strong>podendo ocasionar em <strong>tumor. <\/strong><\/p>\n\n\n\n<p>Ainda, caso este tumor n\u00e3o seja tratado, \u00e9 poss\u00edvel que se espalhe para outros \u00f3rg\u00e3os por meio do sistema linf\u00e1tico ou sangue &#8211; um processo conhecido como <strong>met\u00e1stase<\/strong>.<\/p>\n\n\n\n<h3 class=\"wp-block-heading\" id=\"h-fatores-de-risco-do-cancer-de-mama\"><span class=\"ez-toc-section\" id=\"Fatores_de_Risco_do_Cancer_de_Mama\"><\/span><strong>Fatores de Risco<\/strong> <strong>do C\u00e2ncer de Mama<\/strong><span class=\"ez-toc-section-end\"><\/span><\/h3>\n\n\n\n<p>Os fatores de risco para o c\u00e2ncer de mama s\u00e3o variados e possui classifica\u00e7\u00e3o em v\u00e1rias categorias:<\/p>\n\n\n\n<ul class=\"wp-block-list\">\n<li><strong>Sexo e Idade: <\/strong>O <strong>sexo feminino<\/strong> \u00e9 o principal fator de risco, e a incid\u00eancia aumenta com a idade avan\u00e7ada.<\/li>\n\n\n\n<li><strong>Fatores Hormonais:<\/strong> Incluem menarca precoce, menopausa tardia, nuliparidade ou primeiro parto ap\u00f3s os 35 anos, aus\u00eancia de lacta\u00e7\u00e3o e terapia de reposi\u00e7\u00e3o hormonal (TRH).<\/li>\n\n\n\n<li><strong>Hereditariedade:<\/strong> Hist\u00f3ria familiar de c\u00e2ncer de mama, especialmente em parentes de primeiro grau, c\u00e2ncer de mama na pr\u00e9-menopausa, casos em homens e c\u00e2ncer de ov\u00e1rio.<\/li>\n\n\n\n<li><strong>Outros Fatores:<\/strong> Origem judaica Asquenazi, les\u00f5es proliferativas de alto risco, s\u00edndrome metab\u00f3lica, obesidade e ingest\u00e3o alco\u00f3lica. A atividade f\u00edsica regular pode reduzir o risco.<\/li>\n<\/ul>\n\n\n\n<p>Diante dessa an\u00e1lise, podemos perceber que o c\u00e2ncer passa por diferentes est\u00e1gios e apresenta diferentes gravidades. <\/p>\n\n\n\n<div class=\"wp-block-group\"><div class=\"wp-block-group__inner-container is-layout-constrained wp-block-group-is-layout-constrained\">\n<figure class=\"wp-block-image size-large\"><img loading=\"lazy\" decoding=\"async\" width=\"1024\" height=\"612\" src=\"https:\/\/www.grupomedcof.com.br\/blog\/wp-content\/uploads\/2024\/08\/FLUXOGRAMA-GO-04-1024x612.png\" alt=\"&quot;Fluxograma de rastreamento do c\u00e2ncer de mama em mulheres assintom\u00e1ticas de risco habitual. Indica\u00e7\u00f5es variam por faixa et\u00e1ria (< 40 anos, 40-74 anos e &gt; 74 anos) e condi\u00e7\u00f5es como expectativa de vida e densidade mam\u00e1ria, com recomenda\u00e7\u00f5es como mamografia anual, USG complementar ou n\u00e3o rastrear. Focado em boas pr\u00e1ticas m\u00e9dicas e triagem eficiente.\" class=\"wp-image-35666\" srcset=\"https:\/\/www.grupomedcof.com.br\/blog\/wp-content\/uploads\/2024\/08\/FLUXOGRAMA-GO-04-1024x612.png 1024w, https:\/\/www.grupomedcof.com.br\/blog\/wp-content\/uploads\/2024\/08\/FLUXOGRAMA-GO-04-300x179.png 300w, https:\/\/www.grupomedcof.com.br\/blog\/wp-content\/uploads\/2024\/08\/FLUXOGRAMA-GO-04-768x459.png 768w, https:\/\/www.grupomedcof.com.br\/blog\/wp-content\/uploads\/2024\/08\/FLUXOGRAMA-GO-04-1536x918.png 1536w, https:\/\/www.grupomedcof.com.br\/blog\/wp-content\/uploads\/2024\/08\/FLUXOGRAMA-GO-04-2048x1224.png 2048w, https:\/\/www.grupomedcof.com.br\/blog\/wp-content\/uploads\/2024\/08\/FLUXOGRAMA-GO-04-703x420.png 703w, https:\/\/www.grupomedcof.com.br\/blog\/wp-content\/uploads\/2024\/08\/FLUXOGRAMA-GO-04-150x90.png 150w, https:\/\/www.grupomedcof.com.br\/blog\/wp-content\/uploads\/2024\/08\/FLUXOGRAMA-GO-04-696x416.png 696w, https:\/\/www.grupomedcof.com.br\/blog\/wp-content\/uploads\/2024\/08\/FLUXOGRAMA-GO-04-1068x638.png 1068w, https:\/\/www.grupomedcof.com.br\/blog\/wp-content\/uploads\/2024\/08\/FLUXOGRAMA-GO-04-1920x1147.png 1920w\" sizes=\"auto, (max-width: 1024px) 100vw, 1024px\" \/><figcaption class=\"wp-element-caption\">Rastreamento de c\u00e2ncer de mama &#8211; risco habitual | Acervo de ilustra\u00e7\u00f5es do Grupo MedCof<\/figcaption><\/figure>\n\n\n\n<h2 class=\"wp-block-heading\" id=\"h-como-tratar-o-cancer-de-mama\"><span class=\"ez-toc-section\" id=\"Como_tratar_o_Cancer_de_Mama\"><\/span><strong>Como tratar o C\u00e2ncer de Mama?<\/strong><span class=\"ez-toc-section-end\"><\/span><\/h2>\n\n\n\n<p>O <strong>tratamento do c\u00e2ncer de mama<\/strong> pode incluir cirurgia, radioterapia, quimioterapia, hormonioterapia e terapias direcionadas, dependendo do tipo e est\u00e1gio do tumor.<\/p>\n\n\n\n<h3 class=\"wp-block-heading\" id=\"h-cirurgia\"><span class=\"ez-toc-section\" id=\"Cirurgia\"><\/span><strong>Cirurgia<\/strong><span class=\"ez-toc-section-end\"><\/span><\/h3>\n\n\n\n<p>A <strong>cirurgia<\/strong> pode envolver a <strong>remo\u00e7\u00e3o do tumor<\/strong> (setorectomia) ou a <strong>remo\u00e7\u00e3o completa da mama <\/strong>(mastectomia). A abordagem cir\u00fargica da axila pode incluir a bi\u00f3psia do linfonodo sentinela ou a dissec\u00e7\u00e3o axilar, dependendo da extens\u00e3o da doen\u00e7a.<\/p>\n\n\n\n<h3 class=\"wp-block-heading\" id=\"h-radioterapia\"><span class=\"ez-toc-section\" id=\"Radioterapia\"><\/span><strong>Radioterapia<\/strong><span class=\"ez-toc-section-end\"><\/span><\/h3>\n\n\n\n<p>A <strong>radioterapia<\/strong> \u00e9 frequentemente utilizada <strong>ap\u00f3s a cirurgia para reduzir o risco de recidiva local.<\/strong> Tem realiza\u00e7\u00e3o em diferentes regimes, incluindo hipofracionamento e ultra-hipofracionamento.<\/p>\n\n\n\n<h3 class=\"wp-block-heading\" id=\"h-quimioterapia-e-terapias-sistemicas\"><span class=\"ez-toc-section\" id=\"Quimioterapia_e_Terapias_Sistemicas\"><\/span><strong>Quimioterapia e Terapias Sist\u00eamicas<\/strong><span class=\"ez-toc-section-end\"><\/span><\/h3>\n\n\n\n<p>A <strong>quimioterapia<\/strong> <strong>pode ser administrada antes (neoadjuvante) ou ap\u00f3s (adjuvante) a cirurgia.<\/strong> Tumores luminais geralmente recebem hormonioterapia, enquanto tumores HER2 positivos recebem terapia anti-HER2. Tumores triplo negativos s\u00e3o tratados principalmente com quimioterapia, embora novas op\u00e7\u00f5es, como imunoterapia, estejam sendo exploradas.<\/p>\n\n\n\n<h3 class=\"wp-block-heading\" id=\"h-hormonioterapia\"><span class=\"ez-toc-section\" id=\"Hormonioterapia\"><\/span><strong>Hormonioterapia<\/strong><span class=\"ez-toc-section-end\"><\/span><\/h3>\n\n\n\n<p>A <strong>hormonioterapia<\/strong> possui indica\u00e7\u00e3o para <strong>tumores que expressam receptores hormonais (RE\/RP).<\/strong> Medicamentos como tamoxifeno e inibidores de aromatase s\u00e3o utilizados para reduzir o risco de recidiva.<\/p>\n\n\n\n<h3 class=\"wp-block-heading\" id=\"h-terapias-direcionadas\"><span class=\"ez-toc-section\" id=\"Terapias_Direcionadas\"><\/span><strong>Terapias Direcionadas<\/strong><span class=\"ez-toc-section-end\"><\/span><\/h3>\n\n\n\n<p>Para tumores HER2 positivos, <strong>terapias direcionadas<\/strong> como <strong>trastuzumabe, pertuzumabe e T-DM1<\/strong> s\u00e3o utilizadas para melhorar o progn\u00f3stico.<\/p>\n\n\n\n<figure class=\"wp-block-image size-large\"><img loading=\"lazy\" decoding=\"async\" width=\"1024\" height=\"741\" src=\"https:\/\/www.grupomedcof.com.br\/blog\/wp-content\/uploads\/2024\/08\/13_ILT_MASTOLOGIA-1024x741.png\" alt=\"Ilustra\u00e7\u00e3o de radioterapia m\u00e9dica com equipamento de alta precis\u00e3o. Feixe de luz vermelho direciona o tratamento ao t\u00f3rax do paciente deitado, enquanto uma tela exibe a \u00e1rea do tumor alvo. Representa\u00e7\u00e3o clara do processo de terapia por radia\u00e7\u00e3o para combater tumores localizados.\" class=\"wp-image-35667\" srcset=\"https:\/\/www.grupomedcof.com.br\/blog\/wp-content\/uploads\/2024\/08\/13_ILT_MASTOLOGIA-1024x741.png 1024w, https:\/\/www.grupomedcof.com.br\/blog\/wp-content\/uploads\/2024\/08\/13_ILT_MASTOLOGIA-300x217.png 300w, https:\/\/www.grupomedcof.com.br\/blog\/wp-content\/uploads\/2024\/08\/13_ILT_MASTOLOGIA-768x556.png 768w, https:\/\/www.grupomedcof.com.br\/blog\/wp-content\/uploads\/2024\/08\/13_ILT_MASTOLOGIA-1536x1112.png 1536w, https:\/\/www.grupomedcof.com.br\/blog\/wp-content\/uploads\/2024\/08\/13_ILT_MASTOLOGIA-2048x1483.png 2048w, https:\/\/www.grupomedcof.com.br\/blog\/wp-content\/uploads\/2024\/08\/13_ILT_MASTOLOGIA-580x420.png 580w, https:\/\/www.grupomedcof.com.br\/blog\/wp-content\/uploads\/2024\/08\/13_ILT_MASTOLOGIA-150x109.png 150w, https:\/\/www.grupomedcof.com.br\/blog\/wp-content\/uploads\/2024\/08\/13_ILT_MASTOLOGIA-696x504.png 696w, https:\/\/www.grupomedcof.com.br\/blog\/wp-content\/uploads\/2024\/08\/13_ILT_MASTOLOGIA-1068x773.png 1068w, https:\/\/www.grupomedcof.com.br\/blog\/wp-content\/uploads\/2024\/08\/13_ILT_MASTOLOGIA-1920x1390.png 1920w\" sizes=\"auto, (max-width: 1024px) 100vw, 1024px\" \/><figcaption class=\"wp-element-caption\">Mulher realizando a mamografia. | Acervo de ilustra\u00e7\u00f5es do Grupo MedCof.<\/figcaption><\/figure>\n<\/div><\/div>\n\n\n\n<h2 class=\"wp-block-heading\" id=\"h-tipos-de-cancer-de-mama\"><span class=\"ez-toc-section\" id=\"Tipos_de_Cancer_de_Mama\"><\/span><strong>Tipos de C\u00e2ncer de Mama<\/strong><span class=\"ez-toc-section-end\"><\/span><\/h2>\n\n\n\n<p>O c\u00e2ncer de mama pode ser classificado em diferentes tipos, dependendo do tipo de c\u00e9lula cancer\u00edgena e formas de se espalhar. Veja a seguir:<\/p>\n\n\n\n<h3 class=\"wp-block-heading\" id=\"h-carcinoma-ductal-in-situ\"><span class=\"ez-toc-section\" id=\"Carcinoma_Ductal_In_Situ\"><\/span><strong>Carcinoma Ductal In Situ<\/strong><span class=\"ez-toc-section-end\"><\/span><\/h3>\n\n\n\n<p>O <strong>Carcinoma Ductal In Situ (CDIS)<\/strong> \u00e9 uma <strong>les\u00e3o precursora do c\u00e2ncer de mama, <\/strong>caracterizada pela prolifera\u00e7\u00e3o de c\u00e9lulas neopl\u00e1sicas dentro dos ductos mam\u00e1rios sem a ruptura da membrana basal. Esta condi\u00e7\u00e3o pode evoluir para c\u00e2ncer invasivo se n\u00e3o tratada, com um risco de 14% a 46% em 10 anos.<\/p>\n\n\n\n<p>O seu <strong>diagn\u00f3stico <\/strong>ocorre atrav\u00e9s de <strong>exames de rastreamento<\/strong>, como <strong>mamografias<\/strong>, que frequentemente revelam microcalcifica\u00e7\u00f5es irregulares. <\/p>\n\n\n\n<p>O<strong> tratamento geralmente envolve cirurgia<\/strong>, que pode ser uma <strong>setorectomia<\/strong> ou <strong>mastectomia<\/strong>, dependendo da extens\u00e3o da les\u00e3o. A margem cir\u00fargica recomendada \u00e9 de pelo menos 2mm. J\u00e1 a <strong>bi\u00f3psia do linfonodo sentinela,<\/strong> n\u00e3o possui recomenda\u00e7\u00e3o de rotina, mas pode ser considerada em <strong>pacientes de alto risco<\/strong>. Para os <strong>pacientes submetidos \u00e0 setorectomia,<\/strong> \u00e9 indicado a <strong>radioterapia<\/strong>, que reduz em 50% as recidivas locais.<\/p>\n\n\n\n<h3 class=\"wp-block-heading\" id=\"h-doenca-de-paget\"><span class=\"ez-toc-section\" id=\"Doenca_de_Paget\"><\/span><strong>Doen\u00e7a de Paget<\/strong><span class=\"ez-toc-section-end\"><\/span><\/h3>\n\n\n\n<p>A <strong>Doen\u00e7a de Paget da mama<\/strong> \u00e9 uma condi\u00e7\u00e3o rara, representando 1 a 3% das neoplasias malignas de mama. Est\u00e1 frequentemente associada ao <strong>carcinoma invasor e ao CDIS<\/strong>, com uma alta preval\u00eancia de grau histol\u00f3gico elevado, receptor hormonal negativo e HER2 positivo. Geralmente os sintomas incluem:<\/p>\n\n\n\n<ul class=\"wp-block-list\">\n<li>Prurido;<\/li>\n\n\n\n<li>Eczema no mamilo &#8211; podendo evoluir para crostas e ulcera\u00e7\u00f5es.<\/li>\n<\/ul>\n\n\n\n<p>Para <strong>diagnosticar<\/strong> este tipo, \u00e9 realizado um <strong>exame anatomopatol\u00f3gico, <\/strong>utilizando t\u00e9cnicas como punch ou core biopsy, al\u00e9m de <strong>exames de imagem<\/strong> como<strong> mamografia<\/strong> e <strong>ultrassonografia das mamas<\/strong>.<\/p>\n\n\n\n<p>O<strong> tratamento<\/strong> envolve a <strong>retirada da les\u00e3o com margem<\/strong>, que pode ser realizada atrav\u00e9s de setorectomia do setor central ou mastectomia, dependendo da extens\u00e3o da doen\u00e7a.<\/p>\n\n\n\n<h2 class=\"wp-block-heading\" id=\"h-classificacao-e-estadiamento-do-cancer-de-mama\"><span class=\"ez-toc-section\" id=\"Classificacao_e_Estadiamento_do_Cancer_de_Mama\"><\/span><strong>Classifica\u00e7\u00e3o e Estadiamento do C\u00e2ncer de Mama<\/strong><span class=\"ez-toc-section-end\"><\/span><\/h2>\n\n\n\n<p>O c\u00e2ncer de mama tem classifica\u00e7\u00e3o em diferentes subtipos com base em caracter\u00edsticas histol\u00f3gicas e moleculares:<\/p>\n\n\n\n<ul class=\"wp-block-list\">\n<li>Luminal A:<strong> <\/strong>Muito sens\u00edvel \u00e0 hormonioterapia, melhor progn\u00f3stico, mais comum (40%), positivo para RE\/RP, negativo para HER2, Ki67 baixo (&lt; 14%).<\/li>\n\n\n\n<li>Luminal B: Positivo para RE\/RP, HER2 negativo, Ki67 &gt; 14%.<\/li>\n\n\n\n<li>Luminal H\u00edbrido (ou Luminal HER): RE\/RP positivo, HER2 positivo, Ki67 qualquer.<\/li>\n\n\n\n<li>Triplo Negativo: RE\/RP negativo, HER2 negativo, Ki67 qualquer.<\/li>\n\n\n\n<li>HER2 Positivo:<strong> <\/strong>RE\/RP negativo, HER2 positivo, Ki67 qualquer.<\/li>\n<\/ul>\n\n\n\n<p>O estadiamento do c\u00e2ncer de mama ocorre com base no sistema TNM (Tamanho do tumor, Linfonodos acometidos, Met\u00e1stase). Este sistema ajuda a determinar a extens\u00e3o da doen\u00e7a e a planejar o tratamento adequado.<\/p>\n\n\n\n<h2 class=\"wp-block-heading\" id=\"h-mutacoes-geneticas-do-cancer-de-mama\"><span class=\"ez-toc-section\" id=\"Mutacoes_geneticas_do_cancer_de_mama\"><\/span><strong>Muta\u00e7\u00f5es gen\u00e9ticas do c\u00e2ncer de mama<\/strong><span class=\"ez-toc-section-end\"><\/span><\/h2>\n\n\n\n<p>Em mulheres, muta\u00e7\u00f5es nos genes <strong>BRCA1 e BRCA2<\/strong> predisp\u00f5em ao desenvolvimento de c\u00e2ncer de <strong>mama e ov\u00e1rio.<\/strong> J\u00e1 nos homens, a presen\u00e7a de muta\u00e7\u00e3o no gene BRCA2 predisp\u00f5e o desenvolvimento de c\u00e2ncer de <strong>mama e pr\u00f3stata<\/strong>.<\/p>\n\n\n\n<h3 class=\"wp-block-heading\" id=\"h-quando-realizar-o-teste-genetico\"><span class=\"ez-toc-section\" id=\"Quando_realizar_o_teste_genetico\"><\/span><strong>Quando realizar o teste gen\u00e9tico?<\/strong><span class=\"ez-toc-section-end\"><\/span><\/h3>\n\n\n\n<p>O teste gen\u00e9tico pode ser sugerido ao paciente que apresentar <strong>risco de muta\u00e7\u00e3o<\/strong> de no <strong>m\u00ednimo 10%.<\/strong> Por\u00e9m, ap\u00f3s sugerir a possibilidade de realizar o teste, deve-se orientar sobre as <strong>implica\u00e7\u00f5es<\/strong> que essa a\u00e7\u00e3o ter\u00e1 na vida do paciente.&nbsp;<\/p>\n\n\n\n<p>O <strong>National Comprehensive Cancer Network (NCCN)<\/strong> selecionou alguns crit\u00e9rios para classificar os pacientes como <strong>classific\u00e1veis para realiza\u00e7\u00e3o do teste gen\u00e9tico<\/strong>. S\u00e3o eles:<\/p>\n\n\n\n<ul class=\"wp-block-list\">\n<li>Indiv\u00edduos de <strong>fam\u00edlia<\/strong> sabidamente com muta\u00e7\u00e3o delet\u00e9ria em BRCA1\/BRCA2.<\/li>\n\n\n\n<li>Hist\u00f3ria <strong>pessoal<\/strong> de c\u00e2ncer de mama + 1 das seguintes condi\u00e7\u00f5es:<\/li>\n\n\n\n<li>Diagn\u00f3stico com <strong>\u2264 45 anos<\/strong>.<\/li>\n\n\n\n<li>Diagn\u00f3stico <strong>\u2264 50 anos <\/strong>com \u2265 1 <strong>parente<\/strong> pr\u00f3ximo com c\u00e2ncer de mama \u2264 50 anos de idade e\/ou \u2265 1 <strong>parente pr\u00f3ximo consangu\u00edneo<\/strong> com CA epitelial de ov\u00e1rio em qualquer idade.<\/li>\n\n\n\n<li><strong>2 c\u00e2nceres prim\u00e1rios<\/strong> de mama quando o 1\u00ba tiver ocorrido com \u2264 50 anos.<\/li>\n\n\n\n<li>Diagn\u00f3stico com \u2264 60 anos de c\u00e2ncer de mama <strong>triplamente negativo<\/strong>.<\/li>\n\n\n\n<li>Diagn\u00f3stico com \u2264 50 anos + <strong>hist\u00f3ria familiar limitada<\/strong>.<\/li>\n\n\n\n<li>Diagn\u00f3stico em qualquer idade<strong>, com \u2265 2 parentes consangu\u00edneos<\/strong> com c\u00e2ncer de mama e\/ou epitelial de ov\u00e1rio em qualquer idade.<\/li>\n\n\n\n<li>Parente pr\u00f3ximo do sexo masculino com c\u00e2ncer de mama.<\/li>\n\n\n\n<li>Indiv\u00edduos com etnia associada a maior frequ\u00eancia de muta\u00e7\u00e3o (p. ex., judeus asquenazi).<\/li>\n\n\n\n<li>Hist\u00f3ria pessoal de c\u00e2ncer epitelial de ov\u00e1rio.<\/li>\n\n\n\n<li>Sexo masculino com hist\u00f3ria pessoal de c\u00e2ncer de mama.<\/li>\n\n\n\n<li>Hist\u00f3ria pessoal de c\u00e2ncer de p\u00e2ncreas em qualquer idade com \u2265 2 parentes consangu\u00edneos com c\u00e2ncer de mama e\/ou ov\u00e1rio e\/ou c\u00e2ncer de p\u00e2ncreas em qualquer idade.<\/li>\n<\/ul>\n\n\n\n<p>Levando em conta apenas a Hist\u00f3ria familiar, \u00e9 importante ressaltar os seguintes casos:<\/p>\n\n\n\n<ul class=\"wp-block-list\">\n<li>Em parente de 1\u00ba ou 2\u00ba grau com qualquer um dos crit\u00e9rios acima.<\/li>\n\n\n\n<li>Parente de 3\u00ba grau com c\u00e2ncer de mama e\/ou ov\u00e1rio com \u2265 2 parentes pr\u00f3ximos com c\u00e2ncer de mama (no m\u00ednimo um c\u00e2ncer de mama \u2264 50 anos de idade) e\/ou c\u00e2ncer de ov\u00e1rio.<\/li>\n<\/ul>\n\n\n\n<p>Ao final de tamanha pesquisa e no caso de testes gen\u00e9ticos positivos, familiares de risco com base na genealogia <strong>devem ser identificado<\/strong>s e o paciente deve ser <strong>incentivado a contar a sua fam\u00edlia e incentivar o rastreio.<\/strong><\/p>\n\n\n\n<h3 class=\"wp-block-heading\" id=\"h-como-proceder-diante-de-uma-mutacao-genetica\"><span class=\"ez-toc-section\" id=\"Como_proceder_diante_de_uma_mutacao_genetica\"><\/span><strong>Como proceder diante de uma muta\u00e7\u00e3o gen\u00e9tica?<\/strong><span class=\"ez-toc-section-end\"><\/span><\/h3>\n\n\n\n<p>Pacientes com muta\u00e7\u00e3o confirmada devem ser esclarecidos sobre a possibilidade de realizar <strong>mastectomia bilateral profil\u00e1tica<\/strong>, com o intuito de <strong>diminuir o risco de desenvolvimento de c\u00e2ncer.<\/strong> <\/p>\n\n\n\n<p>O risco residual p\u00f3s-cir\u00fargico costuma ser &lt; 10%. Caso o paciente n\u00e3o deseje realizar a profilaxia, o acompanhamento deve ser anual atrav\u00e9s de <strong>mamografia<\/strong>, a partir dos 25 anos. Al\u00e9m disso, \u00e9 recomendado o <strong>exame cl\u00ednico das mamas duas vezes por ano.<\/strong><\/p>\n\n\n\n<figure class=\"wp-block-image size-large\"><a href=\"https:\/\/www.grupomedcof.com.br\/cofletters\/\" target=\"_blank\" rel=\" noreferrer noopener\"><img loading=\"lazy\" decoding=\"async\" width=\"1024\" height=\"320\" src=\"https:\/\/www.grupomedcof.com.br\/blog\/wp-content\/uploads\/2025\/02\/Banner-MedCof-Plus-2200x460-11-1024x320.png\" alt=\"\" class=\"wp-image-33723\" srcset=\"https:\/\/www.grupomedcof.com.br\/blog\/wp-content\/uploads\/2025\/02\/Banner-MedCof-Plus-2200x460-11-1024x320.png 1024w, https:\/\/www.grupomedcof.com.br\/blog\/wp-content\/uploads\/2025\/02\/Banner-MedCof-Plus-2200x460-11-300x94.png 300w, https:\/\/www.grupomedcof.com.br\/blog\/wp-content\/uploads\/2025\/02\/Banner-MedCof-Plus-2200x460-11-768x240.png 768w, https:\/\/www.grupomedcof.com.br\/blog\/wp-content\/uploads\/2025\/02\/Banner-MedCof-Plus-2200x460-11-1536x480.png 1536w, https:\/\/www.grupomedcof.com.br\/blog\/wp-content\/uploads\/2025\/02\/Banner-MedCof-Plus-2200x460-11-2048x640.png 2048w, https:\/\/www.grupomedcof.com.br\/blog\/wp-content\/uploads\/2025\/02\/Banner-MedCof-Plus-2200x460-11-1343x420.png 1343w, https:\/\/www.grupomedcof.com.br\/blog\/wp-content\/uploads\/2025\/02\/Banner-MedCof-Plus-2200x460-11-150x47.png 150w, https:\/\/www.grupomedcof.com.br\/blog\/wp-content\/uploads\/2025\/02\/Banner-MedCof-Plus-2200x460-11-696x218.png 696w, https:\/\/www.grupomedcof.com.br\/blog\/wp-content\/uploads\/2025\/02\/Banner-MedCof-Plus-2200x460-11-1068x334.png 1068w, https:\/\/www.grupomedcof.com.br\/blog\/wp-content\/uploads\/2025\/02\/Banner-MedCof-Plus-2200x460-11-1920x600.png 1920w\" sizes=\"auto, (max-width: 1024px) 100vw, 1024px\" \/><\/a><\/figure>\n\n\n\n<h2 class=\"wp-block-heading\" id=\"h-tipos-histologicos-dos-nodulos-mamarios\"><span class=\"ez-toc-section\" id=\"Tipos_Histologicos_dos_Nodulos_Mamarios\"><\/span><strong>Tipos Histol\u00f3gicos dos N\u00f3dulos Mam\u00e1rios<\/strong><span class=\"ez-toc-section-end\"><\/span><\/h2>\n\n\n\n<p>Para entender a patologia, precisamos revisitar a anatomia microsc\u00f3pica. A mama organiza-se em lobos e ductos que culminam na <strong>Unidade Ducto-Lobular Terminal (UDLT)<\/strong>. \u00c9 nesta estrutura, a menor unidade funcional da mama, que a grande maioria das les\u00f5es precursoras e carcinomas se originam.<\/p>\n\n\n\n<figure class=\"wp-block-image size-full\"><img loading=\"lazy\" decoding=\"async\" width=\"564\" height=\"418\" src=\"https:\/\/www.grupomedcof.com.br\/blog\/wp-content\/uploads\/2025\/05\/image-5.png\" alt=\"\" class=\"wp-image-39755\" srcset=\"https:\/\/www.grupomedcof.com.br\/blog\/wp-content\/uploads\/2025\/05\/image-5.png 564w, https:\/\/www.grupomedcof.com.br\/blog\/wp-content\/uploads\/2025\/05\/image-5-300x222.png 300w, https:\/\/www.grupomedcof.com.br\/blog\/wp-content\/uploads\/2025\/05\/image-5-80x60.png 80w, https:\/\/www.grupomedcof.com.br\/blog\/wp-content\/uploads\/2025\/05\/image-5-150x111.png 150w, https:\/\/www.grupomedcof.com.br\/blog\/wp-content\/uploads\/2025\/05\/image-5-485x360.png 485w\" sizes=\"auto, (max-width: 564px) 100vw, 564px\" \/><figcaption class=\"wp-element-caption\">Anatomia ultrassonogr\u00e1fica da mama. Dr.Pixel. Campinas: Dr Pixel, 2016. Dispon\u00edvel em: https:\/\/drpixel.fcm.unicamp.br\/conteudo\/ anatomia-ultrassonografica- da-mama. Acesso em: 04 Abr. 2023.\u00a0]<\/figcaption><\/figure>\n\n\n\n<h3 class=\"wp-block-heading\" id=\"h-lesoes-papilares-intraductais\"><span class=\"ez-toc-section\" id=\"Lesoes_Papilares_Intraductais\"><\/span><strong>Les\u00f5es Papilares Intraductais<\/strong><span class=\"ez-toc-section-end\"><\/span><\/h3>\n\n\n\n<p>Os papilomas s\u00e3o prolifera\u00e7\u00f5es que ocorrem dentro do sistema ductal. A distin\u00e7\u00e3o anat\u00f4mica \u00e9 fundamental para o progn\u00f3stico:<\/p>\n\n\n\n<ul class=\"wp-block-list\">\n<li><strong>Papilomas Centrais:<\/strong> Originam-se nos ductos principais. S\u00e3o tipicamente \u00fanicos e manifestam-se clinicamente com <strong>fluxo papilar<\/strong> (descarga mamilar). \u00c0 imagem, podem aparecer como n\u00f3dulo retroareolar ou ducto dilatado. O risco relativo de c\u00e2ncer \u00e9 aumentado em cerca de <strong>2 vezes<\/strong>.<\/li>\n\n\n\n<li><strong>Papilomas Perif\u00e9ricos:<\/strong> Originam-se na UDLT, tendem a ser m\u00faltiplos e geralmente s\u00e3o assintom\u00e1ticos. O risco de c\u00e2ncer aqui \u00e9 maior, com aumento de cerca de <strong>3 vezes<\/strong>.<\/li>\n<\/ul>\n\n\n\n<figure class=\"wp-block-image size-full\"><img loading=\"lazy\" decoding=\"async\" width=\"779\" height=\"518\" src=\"https:\/\/www.grupomedcof.com.br\/blog\/wp-content\/uploads\/2025\/05\/image-6.png\" alt=\"\" class=\"wp-image-39756\" srcset=\"https:\/\/www.grupomedcof.com.br\/blog\/wp-content\/uploads\/2025\/05\/image-6.png 779w, https:\/\/www.grupomedcof.com.br\/blog\/wp-content\/uploads\/2025\/05\/image-6-300x199.png 300w, https:\/\/www.grupomedcof.com.br\/blog\/wp-content\/uploads\/2025\/05\/image-6-768x511.png 768w, https:\/\/www.grupomedcof.com.br\/blog\/wp-content\/uploads\/2025\/05\/image-6-632x420.png 632w, https:\/\/www.grupomedcof.com.br\/blog\/wp-content\/uploads\/2025\/05\/image-6-150x100.png 150w, https:\/\/www.grupomedcof.com.br\/blog\/wp-content\/uploads\/2025\/05\/image-6-696x463.png 696w\" sizes=\"auto, (max-width: 779px) 100vw, 779px\" \/><figcaption class=\"wp-element-caption\">Papiloma no ducto-lobular terminal. Fonte: Acervo de aulas do Grupo MedCof.\u00a0<\/figcaption><\/figure>\n\n\n\n<p><strong>Alerta:<\/strong> Se houver atipia associada (seja no central ou perif\u00e9rico), o risco relativo salta para at\u00e9 <strong>7,5 vezes<\/strong>. Portanto, les\u00f5es com atipia t\u00eam indica\u00e7\u00e3o formal de excis\u00e3o cir\u00fargica.<\/p>\n\n\n\n<h3 class=\"wp-block-heading\" id=\"h-lesoes-fibroepiteliais\"><span class=\"ez-toc-section\" id=\"Lesoes_Fibroepiteliais\"><\/span><strong>Les\u00f5es Fibroepiteliais<\/strong><span class=\"ez-toc-section-end\"><\/span><\/h3>\n\n\n\n<p>Este grupo inclui o tumor benigno mais frequente da mama e diagn\u00f3sticos diferenciais importantes.<\/p>\n\n\n\n<h4 class=\"wp-block-heading\" id=\"h-fibroadenoma\"><strong>Fibroadenoma<\/strong><\/h4>\n\n\n\n<p>\u00c9 a les\u00e3o nodular mais comum. Apresenta-se como um<strong> n\u00f3dulo fibroel\u00e1stico, m\u00f3vel e bem delimitado.<\/strong><\/p>\n\n\n\n<ul class=\"wp-block-list\">\n<li><strong>Comportamento:<\/strong> \u00c9 um horm\u00f4nio dependente, podendo crescer na gesta\u00e7\u00e3o e lacta\u00e7\u00e3o, e evoluir na menopausa. Geralmente estabiliza entre 2 e 3 cm.<\/li>\n\n\n\n<li><strong>Risco:<\/strong> N\u00e3o eleva o risco para c\u00e2ncer de mama.<\/li>\n\n\n\n<li><strong>Conduta:<\/strong> Acompanhamento cl\u00ednico na maioria dos casos. A cirurgia \u00e9 reservada para n\u00f3dulos grandes (>2-3 cm), sintom\u00e1ticos ou com crescimento progressivo.<\/li>\n<\/ul>\n\n\n\n<figure class=\"wp-block-image size-full\"><img loading=\"lazy\" decoding=\"async\" width=\"375\" height=\"423\" src=\"https:\/\/www.grupomedcof.com.br\/blog\/wp-content\/uploads\/2025\/05\/image-7.png\" alt=\"\" class=\"wp-image-39757\" srcset=\"https:\/\/www.grupomedcof.com.br\/blog\/wp-content\/uploads\/2025\/05\/image-7.png 375w, https:\/\/www.grupomedcof.com.br\/blog\/wp-content\/uploads\/2025\/05\/image-7-266x300.png 266w, https:\/\/www.grupomedcof.com.br\/blog\/wp-content\/uploads\/2025\/05\/image-7-372x420.png 372w, https:\/\/www.grupomedcof.com.br\/blog\/wp-content\/uploads\/2025\/05\/image-7-150x169.png 150w, https:\/\/www.grupomedcof.com.br\/blog\/wp-content\/uploads\/2025\/05\/image-7-300x338.png 300w\" sizes=\"auto, (max-width: 375px) 100vw, 375px\" \/><figcaption class=\"wp-element-caption\">Ilustra\u00e7\u00e3o de n\u00f3dulo fibroel\u00e1stico, m\u00f3vel e bem delimitado. Fonte: Acervo de ilustra\u00e7\u00f5es do do Grupo MedCof.\u00a0<\/figcaption><\/figure>\n\n\n\n<h4 class=\"wp-block-heading\" id=\"h-tumor-phyllodes\"><strong>Tumor Phyllodes<\/strong><\/h4>\n\n\n\n<p>\u00c9 o principal diagn\u00f3stico diferencial do fibroadenoma. Embora raro (menos de 1% dos tumores mam\u00e1rios), diferencia-se por ter maior celularidade estromal e maior n\u00famero de mitoses.<\/p>\n\n\n\n<ul class=\"wp-block-list\">\n<li><strong>Classifica\u00e7\u00e3o:<\/strong> Pode ser Benigno, <em>Borderline<\/em> ou Maligno.<\/li>\n\n\n\n<li><strong>Conduta:<\/strong> Exige excis\u00e3o cir\u00fargica com <strong>margem de seguran\u00e7a<\/strong> (pelo menos 1 cm), devido ao maior risco de recorr\u00eancia local.<\/li>\n<\/ul>\n\n\n\n<figure class=\"wp-block-image size-full\"><img loading=\"lazy\" decoding=\"async\" width=\"483\" height=\"344\" src=\"https:\/\/www.grupomedcof.com.br\/blog\/wp-content\/uploads\/2025\/05\/image-8.png\" alt=\"\" class=\"wp-image-39758\" srcset=\"https:\/\/www.grupomedcof.com.br\/blog\/wp-content\/uploads\/2025\/05\/image-8.png 483w, https:\/\/www.grupomedcof.com.br\/blog\/wp-content\/uploads\/2025\/05\/image-8-300x214.png 300w, https:\/\/www.grupomedcof.com.br\/blog\/wp-content\/uploads\/2025\/05\/image-8-150x107.png 150w\" sizes=\"auto, (max-width: 483px) 100vw, 483px\" \/><figcaption class=\"wp-element-caption\">Tumor Phyllodes. Fonte: Tratado de Ginecologia da Febrasgo.\u00a0<\/figcaption><\/figure>\n\n\n\n<h4 class=\"wp-block-heading\" id=\"h-lesoes-mesenquimais-pash\"><strong>Les\u00f5es Mesenquimais (PASH)<\/strong><\/h4>\n\n\n\n<p>A Hiperplasia Estromal Pseudoangiomatosa (PASH) \u00e9 uma les\u00e3o benigna, presente em cerca de 25% das bi\u00f3psias, que pode <strong>simular n\u00f3dulos<\/strong>. A conduta \u00e9 habitualmente o seguimento.<\/p>\n\n\n\n<h3 class=\"wp-block-heading\" id=\"h-lesoes-proliferativas-e-cicatriz-radiada-as-imitadoras\"><span class=\"ez-toc-section\" id=\"Lesoes_Proliferativas_e_Cicatriz_Radiada_As_Imitadoras\"><\/span><strong>Les\u00f5es Proliferativas e Cicatriz Radiada: As Imitadoras<\/strong><span class=\"ez-toc-section-end\"><\/span><\/h3>\n\n\n\n<p>Algumas les\u00f5es benignas podem mimetizar malignidade nos exames de imagem, gerando o que chamamos de distor\u00e7\u00e3o arquitetural.<\/p>\n\n\n\n<ul class=\"wp-block-list\">\n<li><strong>Cicatriz Radiada (ou Les\u00e3o Esclerosante Complexa se > 1cm):<\/strong> Na mamografia, apresenta-se como uma imagem espiculada ou distor\u00e7\u00e3o que confunde-se com carcinoma. Embora o risco isolado de c\u00e2ncer n\u00e3o seja alt\u00edssimo, a conduta padr\u00e3o \u00e9 a <strong>amplia\u00e7\u00e3o cir\u00fargica<\/strong> para descartar malignidade oculta associada.<\/li>\n\n\n\n<li><strong>Adenose Mam\u00e1ria:<\/strong> Comum entre a 3\u00aa e 4\u00aa d\u00e9cadas de vida, inclui subtipos como a adenose esclerosante. A conduta geralmente \u00e9 o seguimento.<\/li>\n<\/ul>\n\n\n\n<h3 class=\"wp-block-heading\" id=\"h-lesoes-precursoras\"><span class=\"ez-toc-section\" id=\"Lesoes_Precursoras\"><\/span><strong>Les\u00f5es Precursoras<\/strong><span class=\"ez-toc-section-end\"><\/span><\/h3>\n\n\n\n<p>Entramos agora no terreno do <strong>Alto Risco Histopatol\u00f3gico<\/strong>. Estas les\u00f5es s\u00e3o marcadores que indicam um terreno f\u00e9rtil para o desenvolvimento de c\u00e2ncer em qualquer local da mama.<\/p>\n\n\n\n<ul class=\"wp-block-list\">\n<li><strong>Hiperplasia Ductal At\u00edpica (HDA):<\/strong> Histologicamente semelhante a um carcinoma <em>in situ<\/em> de baixo grau, por\u00e9m menor. Aumenta o risco de c\u00e2ncer em <strong>3 a 5 vezes<\/strong>. A conduta exige amplia\u00e7\u00e3o cir\u00fargica (pelo risco de subestima\u00e7\u00e3o na bi\u00f3psia por agulha) e discuss\u00e3o sobre quimiopreven\u00e7\u00e3o.<\/li>\n<\/ul>\n\n\n\n<figure class=\"wp-block-image size-full is-resized\"><img loading=\"lazy\" decoding=\"async\" width=\"353\" height=\"238\" src=\"https:\/\/www.grupomedcof.com.br\/blog\/wp-content\/uploads\/2025\/05\/image-9.png\" alt=\"\" class=\"wp-image-39759\" style=\"width:521px;height:auto\" srcset=\"https:\/\/www.grupomedcof.com.br\/blog\/wp-content\/uploads\/2025\/05\/image-9.png 353w, https:\/\/www.grupomedcof.com.br\/blog\/wp-content\/uploads\/2025\/05\/image-9-300x202.png 300w, https:\/\/www.grupomedcof.com.br\/blog\/wp-content\/uploads\/2025\/05\/image-9-150x101.png 150w\" sizes=\"auto, (max-width: 353px) 100vw, 353px\" \/><figcaption class=\"wp-element-caption\">\u00a0Hiperplasia ductal usual sem atipia (ou moderada\/florida) diagnosticada originalmente como hiperplasia ductal at\u00edpica. Fonte: <a href=\"https:\/\/www.researchgate.net\/figure\/Figura-1-A-Hiperplasia-ductal-usual-sem-atipia-ou-moderada-florida-diagnosticada_fig1_238480163\">https:\/\/www.researchgate.net\/figure\/Figura-1-A-Hiperplasia-ductal-usual-sem-atipia-ou-moderada-florida-diagnosticada_fig1_238480163<\/a>\u00a0<\/figcaption><\/figure>\n\n\n\n<ul class=\"wp-block-list\">\n<li><strong>Neoplasia Lobular N\u00e3o Invasiva:<\/strong> Engloba a Hiperplasia Lobular At\u00edpica (HLA) e o Carcinoma Lobular <em>In Situ<\/em> (CLIS).\n<ul class=\"wp-block-list\">\n<li><strong>Risco:<\/strong> A HLA aumenta o risco em 4-5x, enquanto o CLIS aumenta em <strong>8-10x<\/strong>.<\/li>\n\n\n\n<li><strong>Caracter\u00edstica:<\/strong> Frequentemente \u00e9 multic\u00eantrica e bilateral. Funciona como um marcador de risco para <em>ambas<\/em> as mamas. A conduta envolve seguimento rigoroso, quimiopreven\u00e7\u00e3o e, em casos selecionados, cirurgia.<\/li>\n<\/ul>\n<\/li>\n<\/ul>\n\n\n\n<figure class=\"wp-block-image size-large\"><img loading=\"lazy\" decoding=\"async\" width=\"1024\" height=\"562\" src=\"https:\/\/www.grupomedcof.com.br\/blog\/wp-content\/uploads\/2025\/05\/image-12-1024x562.jpeg\" alt=\"\" class=\"wp-image-39760\" srcset=\"https:\/\/www.grupomedcof.com.br\/blog\/wp-content\/uploads\/2025\/05\/image-12-1024x562.jpeg 1024w, https:\/\/www.grupomedcof.com.br\/blog\/wp-content\/uploads\/2025\/05\/image-12-300x165.jpeg 300w, https:\/\/www.grupomedcof.com.br\/blog\/wp-content\/uploads\/2025\/05\/image-12-768x421.jpeg 768w, https:\/\/www.grupomedcof.com.br\/blog\/wp-content\/uploads\/2025\/05\/image-12-1536x843.jpeg 1536w, https:\/\/www.grupomedcof.com.br\/blog\/wp-content\/uploads\/2025\/05\/image-12-765x420.jpeg 765w, https:\/\/www.grupomedcof.com.br\/blog\/wp-content\/uploads\/2025\/05\/image-12-150x82.jpeg 150w, https:\/\/www.grupomedcof.com.br\/blog\/wp-content\/uploads\/2025\/05\/image-12-696x382.jpeg 696w, https:\/\/www.grupomedcof.com.br\/blog\/wp-content\/uploads\/2025\/05\/image-12-1068x586.jpeg 1068w, https:\/\/www.grupomedcof.com.br\/blog\/wp-content\/uploads\/2025\/05\/image-12.jpeg 1600w\" sizes=\"auto, (max-width: 1024px) 100vw, 1024px\" \/><figcaption class=\"wp-element-caption\">Histopatol\u00f3gico de Carcinoma Lobular in situ. Fonte: <a href=\"https:\/\/www.mypathologyreport.ca\/pt\/diagnosis-library\/lobular-carcinoma-in-situ\/\">https:\/\/www.mypathologyreport.ca\/pt\/diagnosis-library\/lobular-carcinoma-in-situ\/<\/a>\u00a0<\/figcaption><\/figure>\n\n\n\n<h3 class=\"wp-block-heading\" id=\"h-ginecomastia\"><span class=\"ez-toc-section\" id=\"Ginecomastia\"><\/span><strong>Ginecomastia<\/strong><span class=\"ez-toc-section-end\"><\/span><\/h3>\n\n\n\n<p>A patologia mam\u00e1ria n\u00e3o \u00e9 exclusiva do sexo feminino. A ginecomastia \u00e9 a <strong>prolifera\u00e7\u00e3o benigna do tecido glandular no homem.<\/strong><\/p>\n\n\n\n<ul class=\"wp-block-list\">\n<li><strong>Picos de Incid\u00eancia:<\/strong> Rec\u00e9m-nascidos (horm\u00f4nios maternos), adolescentes e idosos.<\/li>\n\n\n\n<li><strong>Investiga\u00e7\u00e3o:<\/strong> \u00c9 mandat\u00f3rio solicitar HCG, Estradiol, Testosterona e LH para diferenciar causas fisiol\u00f3gicas de tumores (testiculares\/adrenais) ou hipogonadismo.<\/li>\n\n\n\n<li><strong>Causas Secund\u00e1rias:<\/strong> Sempre revise a lista de medica\u00e7\u00f5es (ex: espironolactona, digoxina, cimetidina) e uso de subst\u00e2ncias como anabolizantes ou maconha.<\/li>\n\n\n\n<li><strong>Tratamento:<\/strong> Tratamento da causa base. Em adolescentes, a conduta inicial \u00e9 expectante. A cirurgia ou uso de tamoxifeno fica reservada para casos persistentes com desconforto f\u00edsico ou psicossocial.<\/li>\n<\/ul>\n\n\n\n<figure class=\"wp-block-image size-full\"><img loading=\"lazy\" decoding=\"async\" width=\"768\" height=\"297\" src=\"https:\/\/www.grupomedcof.com.br\/blog\/wp-content\/uploads\/2025\/05\/image-13.jpeg\" alt=\"\" class=\"wp-image-39761\" srcset=\"https:\/\/www.grupomedcof.com.br\/blog\/wp-content\/uploads\/2025\/05\/image-13.jpeg 768w, https:\/\/www.grupomedcof.com.br\/blog\/wp-content\/uploads\/2025\/05\/image-13-300x116.jpeg 300w, https:\/\/www.grupomedcof.com.br\/blog\/wp-content\/uploads\/2025\/05\/image-13-150x58.jpeg 150w, https:\/\/www.grupomedcof.com.br\/blog\/wp-content\/uploads\/2025\/05\/image-13-696x269.jpeg 696w\" sizes=\"auto, (max-width: 768px) 100vw, 768px\" \/><figcaption class=\"wp-element-caption\">Graus de avalia\u00e7\u00e3o da ginecomastia. Fonte: <a href=\"https:\/\/www.erickbragato.com\/ginecomastia\/\">https:\/\/www.erickbragato.com\/ginecomastia\/<\/a>\u00a0<\/figcaption><\/figure>\n\n\n\n<h2 class=\"wp-block-heading\" id=\"h-nao-deixe-de-conferir\"><span class=\"ez-toc-section\" id=\"Nao_deixe_de_conferir\"><\/span><strong>N\u00e3o deixe de conferir!<\/strong><span class=\"ez-toc-section-end\"><\/span><\/h2>\n\n\n\n<ul class=\"wp-block-list\">\n<li><a href=\"https:\/\/www.grupomedcof.com.br\/blog\/rastreamento-de-cancer-de-mama-agora-podera-ser-feito-a-partir-de-40-anos\/\" target=\"_blank\" rel=\"noreferrer noopener\"><strong>Rastreamento de c\u00e2ncer de mama agora poder\u00e1 ser feito a partir de 40 anos<\/strong><\/a><\/li>\n\n\n\n<li><a href=\"https:\/\/www.grupomedcof.com.br\/blog\/congelamento-do-cancer-de-mama\/\" target=\"_blank\" rel=\"noreferrer noopener\"><strong>Congelamento do C\u00e2ncer de Mama: t\u00e9cnica Brasileira alcan\u00e7a 100% de efic\u00e1cia<\/strong><\/a><\/li>\n\n\n\n<li><a href=\"https:\/\/www.grupomedcof.com.br\/blog\/ans-propoe-discussao-sobre-o-rastreamento-do-cancer-de-mama\/\" target=\"_blank\" rel=\"noreferrer noopener\"><strong>ANS prop\u00f5e discuss\u00e3o sobre o rastreamento do C\u00e2ncer de Mama<\/strong><\/a><\/li>\n\n\n\n<li><a href=\"https:\/\/www.grupomedcof.com.br\/blog\/ressonancia-magnetica-das-mamas-sera-disponibilizado-pelo-sus\/\" target=\"_blank\" rel=\"noreferrer noopener\"><strong>Resson\u00e2ncia magn\u00e9tica das mamas ser\u00e1 disponibilizada pelo SUS<\/strong><\/a><\/li>\n<\/ul>\n\n\n\n<h2 class=\"wp-block-heading\" id=\"h-o-metodo-que-te-aprova\"><span class=\"ez-toc-section\" id=\"O_metodo_que_te_aprova\"><\/span><strong>O m\u00e9todo que te aprova!<\/strong><span class=\"ez-toc-section-end\"><\/span><\/h2>\n\n\n\n<p>Quer alcan\u00e7ar a aprova\u00e7\u00e3o nas provas de resid\u00eancia m\u00e9dica? Ent\u00e3o seja um\u00a0<a href=\"https:\/\/www.grupomedcof.com.br\/home\/\" target=\"_blank\" rel=\"noreferrer noopener\">MedCofer<\/a>! Aqui te ajudaremos na busca da aprova\u00e7\u00e3o com conte\u00fados de qualidade e uma\u00a0<a href=\"https:\/\/www.grupomedcof.com.br\/blog\/presenca-da-medcof-nas-aprovacoes-em-residencia-medica-no-brasil\/\" target=\"_blank\" rel=\"noreferrer noopener\">metodologia que j\u00e1 aprovou mais de 20 mil residentes no pa\u00eds!\u00a0<\/a>Por fim, acesse o nosso<a href=\"https:\/\/www.youtube.com\/@GrupoMedcof\/featured\" target=\"_blank\" rel=\"noreferrer noopener\">\u00a0<strong>canal do youtube\u00a0<\/strong><\/a>para ver o nosso material, como o nosso COFEXPRESS sobre <strong>c\u00e2ncer de mama:<\/strong><\/p>\n\n\n\n<figure class=\"wp-block-embed is-type-video is-provider-youtube wp-block-embed-youtube wp-embed-aspect-16-9 wp-has-aspect-ratio\"><div class=\"wp-block-embed__wrapper\">\n<div class=\"youtube-embed\" data-video_id=\"pOa3cOwnf6I\"><iframe loading=\"lazy\" title=\"COFEXPRESS - C\u00e2ncer de mama superficial. Com Dra. Maria Carvalho\" width=\"696\" height=\"392\" src=\"https:\/\/www.youtube.com\/embed\/pOa3cOwnf6I?feature=oembed&#038;enablejsapi=1\" frameborder=\"0\" allow=\"accelerometer; autoplay; clipboard-write; encrypted-media; gyroscope; picture-in-picture; web-share\" referrerpolicy=\"strict-origin-when-cross-origin\" allowfullscreen><\/iframe><\/div>\n<\/div><\/figure>\n","protected":false},"excerpt":{"rendered":"<p>O c\u00e2ncer de mama \u00e9 uma das neoplasias malignas mais comuns entre as mulheres. Ent\u00e3o confira em nosso blog para saber mais!<\/p>\n","protected":false},"author":21,"featured_media":28585,"comment_status":"open","ping_status":"open","sticky":false,"template":"","format":"standard","meta":{"footnotes":""},"categories":[125],"tags":[1780,1781,1782,152,3343,2874,3342,869],"ppma_author":[3617],"class_list":{"0":"post-28580","1":"post","2":"type-post","3":"status-publish","4":"format-standard","5":"has-post-thumbnail","7":"category-ginecologia-e-obstetricia","8":"tag-cancer-de-mama","9":"tag-carcinoma-ductal","10":"tag-diagnosticos","11":"tag-ginecologia-e-obstetricia","12":"tag-nodulos-mamarios","13":"tag-teste-genetico","14":"tag-tipos-histologicos","15":"tag-tratamento"},"yoast_head":"<!-- This site is optimized with the Yoast SEO Premium plugin v24.3 (Yoast SEO v27.4) - https:\/\/yoast.com\/product\/yoast-seo-premium-wordpress\/ -->\n<title>C\u00e2ncer de Mama: Diagn\u00f3stico, Riscos e Tratamento | Medcof<\/title>\n<meta name=\"description\" content=\"O c\u00e2ncer de mama \u00e9 uma das neoplasias malignas mais comuns entre as mulheres. Ent\u00e3o confira em nosso blog para saber mais!\" \/>\n<meta name=\"robots\" content=\"index, follow, max-snippet:-1, max-image-preview:large, max-video-preview:-1\" \/>\n<link rel=\"canonical\" href=\"https:\/\/www.grupomedcof.com.br\/blog\/cancer-de-mama\/\" \/>\n<meta property=\"og:locale\" content=\"pt_BR\" \/>\n<meta property=\"og:type\" content=\"article\" \/>\n<meta property=\"og:title\" content=\"C\u00e2ncer de Mama: diagn\u00f3stico, tratamento, fatores de risco, tipos histol\u00f3gicos de n\u00f3dulos\" \/>\n<meta property=\"og:description\" content=\"O c\u00e2ncer de mama \u00e9 uma das neoplasias malignas mais comuns entre as mulheres. Ent\u00e3o confira em nosso blog para saber mais!\" \/>\n<meta property=\"og:url\" content=\"https:\/\/www.grupomedcof.com.br\/blog\/cancer-de-mama\/\" \/>\n<meta property=\"og:site_name\" content=\"Blog de Medcof: conte\u00fados, editais, revalida e mais!\" \/>\n<meta property=\"article:publisher\" content=\"https:\/\/www.facebook.com\/MedCofQbank\/\" \/>\n<meta property=\"article:published_time\" content=\"2025-11-25T18:41:47+00:00\" \/>\n<meta property=\"article:modified_time\" content=\"2026-04-24T19:34:07+00:00\" \/>\n<meta property=\"og:image\" content=\"https:\/\/www.grupomedcof.com.br\/blog\/wp-content\/uploads\/2024\/08\/Blog-MedCof-96-1024x576.png\" \/>\n\t<meta property=\"og:image:width\" content=\"1024\" \/>\n\t<meta property=\"og:image:height\" content=\"576\" \/>\n\t<meta property=\"og:image:type\" content=\"image\/png\" \/>\n<meta name=\"author\" content=\"Kiara Adelino\" \/>\n<meta name=\"twitter:card\" content=\"summary_large_image\" \/>\n<meta name=\"twitter:label1\" content=\"Escrito por\" \/>\n\t<meta name=\"twitter:data1\" content=\"Kiara Adelino\" \/>\n\t<meta name=\"twitter:label2\" content=\"Est. tempo de leitura\" \/>\n\t<meta name=\"twitter:data2\" content=\"15 minutos\" \/>\n<script type=\"application\/ld+json\" class=\"yoast-schema-graph\">{\"@context\":\"https:\\\/\\\/schema.org\",\"@graph\":[{\"@type\":\"Article\",\"@id\":\"https:\\\/\\\/www.grupomedcof.com.br\\\/blog\\\/cancer-de-mama\\\/#article\",\"isPartOf\":{\"@id\":\"https:\\\/\\\/www.grupomedcof.com.br\\\/blog\\\/cancer-de-mama\\\/\"},\"author\":{\"name\":\"Kiara Adelino\",\"@id\":\"https:\\\/\\\/www.grupomedcof.com.br\\\/blog\\\/#\\\/schema\\\/person\\\/db19a651f86c5fc202d6eee744fd3292\"},\"headline\":\"C\u00e2ncer de Mama: diagn\u00f3stico, tratamento, fatores de risco, tipos histol\u00f3gicos de n\u00f3dulos\",\"datePublished\":\"2025-11-25T18:41:47+00:00\",\"dateModified\":\"2026-04-24T19:34:07+00:00\",\"mainEntityOfPage\":{\"@id\":\"https:\\\/\\\/www.grupomedcof.com.br\\\/blog\\\/cancer-de-mama\\\/\"},\"wordCount\":2408,\"commentCount\":0,\"publisher\":{\"@id\":\"https:\\\/\\\/www.grupomedcof.com.br\\\/blog\\\/#organization\"},\"image\":{\"@id\":\"https:\\\/\\\/www.grupomedcof.com.br\\\/blog\\\/cancer-de-mama\\\/#primaryimage\"},\"thumbnailUrl\":\"https:\\\/\\\/www.grupomedcof.com.br\\\/blog\\\/wp-content\\\/uploads\\\/2024\\\/08\\\/Blog-MedCof-96.png\",\"keywords\":[\"C\u00e2ncer de mama\",\"Carcinoma Ductal\",\"Diagn\u00f3sticos\",\"Ginecologia e Obstetr\u00edcia\",\"N\u00f3dulos Mam\u00e1rios\",\"Teste gen\u00e9tico\",\"Tipos Histol\u00f3gicos\",\"tratamento\"],\"articleSection\":[\"Ginecologia e Obstetr\u00edcia\"],\"inLanguage\":\"pt-BR\"},{\"@type\":\"WebPage\",\"@id\":\"https:\\\/\\\/www.grupomedcof.com.br\\\/blog\\\/cancer-de-mama\\\/\",\"url\":\"https:\\\/\\\/www.grupomedcof.com.br\\\/blog\\\/cancer-de-mama\\\/\",\"name\":\"C\u00e2ncer de Mama: Diagn\u00f3stico, Riscos e Tratamento | Medcof\",\"isPartOf\":{\"@id\":\"https:\\\/\\\/www.grupomedcof.com.br\\\/blog\\\/#website\"},\"primaryImageOfPage\":{\"@id\":\"https:\\\/\\\/www.grupomedcof.com.br\\\/blog\\\/cancer-de-mama\\\/#primaryimage\"},\"image\":{\"@id\":\"https:\\\/\\\/www.grupomedcof.com.br\\\/blog\\\/cancer-de-mama\\\/#primaryimage\"},\"thumbnailUrl\":\"https:\\\/\\\/www.grupomedcof.com.br\\\/blog\\\/wp-content\\\/uploads\\\/2024\\\/08\\\/Blog-MedCof-96.png\",\"datePublished\":\"2025-11-25T18:41:47+00:00\",\"dateModified\":\"2026-04-24T19:34:07+00:00\",\"description\":\"O c\u00e2ncer de mama \u00e9 uma das neoplasias malignas mais comuns entre as mulheres. Ent\u00e3o confira em nosso blog para saber mais!\",\"breadcrumb\":{\"@id\":\"https:\\\/\\\/www.grupomedcof.com.br\\\/blog\\\/cancer-de-mama\\\/#breadcrumb\"},\"inLanguage\":\"pt-BR\",\"potentialAction\":[{\"@type\":\"ReadAction\",\"target\":[\"https:\\\/\\\/www.grupomedcof.com.br\\\/blog\\\/cancer-de-mama\\\/\"]}]},{\"@type\":\"ImageObject\",\"inLanguage\":\"pt-BR\",\"@id\":\"https:\\\/\\\/www.grupomedcof.com.br\\\/blog\\\/cancer-de-mama\\\/#primaryimage\",\"url\":\"https:\\\/\\\/www.grupomedcof.com.br\\\/blog\\\/wp-content\\\/uploads\\\/2024\\\/08\\\/Blog-MedCof-96.png\",\"contentUrl\":\"https:\\\/\\\/www.grupomedcof.com.br\\\/blog\\\/wp-content\\\/uploads\\\/2024\\\/08\\\/Blog-MedCof-96.png\",\"width\":2560,\"height\":1440,\"caption\":\"A imagem tem uma mo\u00e7a fazendo o auto exame na mama\"},{\"@type\":\"BreadcrumbList\",\"@id\":\"https:\\\/\\\/www.grupomedcof.com.br\\\/blog\\\/cancer-de-mama\\\/#breadcrumb\",\"itemListElement\":[{\"@type\":\"ListItem\",\"position\":1,\"name\":\"In\u00edcio\",\"item\":\"https:\\\/\\\/www.grupomedcof.com.br\\\/blog\\\/\"},{\"@type\":\"ListItem\",\"position\":2,\"name\":\"C\u00e2ncer de Mama: diagn\u00f3stico, tratamento, fatores de risco, tipos histol\u00f3gicos de n\u00f3dulos\"}]},{\"@type\":\"WebSite\",\"@id\":\"https:\\\/\\\/www.grupomedcof.com.br\\\/blog\\\/#website\",\"url\":\"https:\\\/\\\/www.grupomedcof.com.br\\\/blog\\\/\",\"name\":\"Blog de Medcof: conte\u00fados, editais, revalida e mais!\",\"description\":\"Acesso o blog de MedCof! Seu portal de conte\u00fados sobre resid\u00eancia m\u00e9dica, an\u00e1lise e editais e muito mais. Clique e confira!\",\"publisher\":{\"@id\":\"https:\\\/\\\/www.grupomedcof.com.br\\\/blog\\\/#organization\"},\"alternateName\":\"Blog de Medcof: conte\u00fados, editais, revalida e mais!\",\"potentialAction\":[{\"@type\":\"SearchAction\",\"target\":{\"@type\":\"EntryPoint\",\"urlTemplate\":\"https:\\\/\\\/www.grupomedcof.com.br\\\/blog\\\/?s={search_term_string}\"},\"query-input\":{\"@type\":\"PropertyValueSpecification\",\"valueRequired\":true,\"valueName\":\"search_term_string\"}}],\"inLanguage\":\"pt-BR\"},{\"@type\":\"Organization\",\"@id\":\"https:\\\/\\\/www.grupomedcof.com.br\\\/blog\\\/#organization\",\"name\":\"Grupo MedCof\",\"url\":\"https:\\\/\\\/www.grupomedcof.com.br\\\/blog\\\/\",\"logo\":{\"@type\":\"ImageObject\",\"inLanguage\":\"pt-BR\",\"@id\":\"https:\\\/\\\/www.grupomedcof.com.br\\\/blog\\\/#\\\/schema\\\/logo\\\/image\\\/\",\"url\":\"https:\\\/\\\/www.grupomedcof.com.br\\\/blog\\\/wp-content\\\/uploads\\\/2022\\\/01\\\/logo-medcof.png\",\"contentUrl\":\"https:\\\/\\\/www.grupomedcof.com.br\\\/blog\\\/wp-content\\\/uploads\\\/2022\\\/01\\\/logo-medcof.png\",\"width\":768,\"height\":269,\"caption\":\"Grupo MedCof\"},\"image\":{\"@id\":\"https:\\\/\\\/www.grupomedcof.com.br\\\/blog\\\/#\\\/schema\\\/logo\\\/image\\\/\"},\"sameAs\":[\"https:\\\/\\\/www.facebook.com\\\/MedCofQbank\\\/\",\"https:\\\/\\\/www.instagram.com\\\/grupomedcof\\\/\",\"https:\\\/\\\/br.linkedin.com\\\/company\\\/medcof\",\"https:\\\/\\\/www.youtube.com\\\/channel\\\/UCdHMuOHKICxcHwecxN8P-AA\"]},{\"@type\":\"Person\",\"@id\":\"https:\\\/\\\/www.grupomedcof.com.br\\\/blog\\\/#\\\/schema\\\/person\\\/db19a651f86c5fc202d6eee744fd3292\",\"name\":\"Kiara Adelino\",\"image\":{\"@type\":\"ImageObject\",\"inLanguage\":\"pt-BR\",\"@id\":\"https:\\\/\\\/www.grupomedcof.com.br\\\/blog\\\/wp-content\\\/uploads\\\/2024\\\/08\\\/cropped-Kiara-Adelino2-96x96.jpega85663bdda67261f8f06f86e555e1e49\",\"url\":\"https:\\\/\\\/www.grupomedcof.com.br\\\/blog\\\/wp-content\\\/uploads\\\/2024\\\/08\\\/cropped-Kiara-Adelino2-96x96.jpeg\",\"contentUrl\":\"https:\\\/\\\/www.grupomedcof.com.br\\\/blog\\\/wp-content\\\/uploads\\\/2024\\\/08\\\/cropped-Kiara-Adelino2-96x96.jpeg\",\"caption\":\"Kiara Adelino\"},\"description\":\"Estudante do 5\u00b0 semestre de Medicina. Gosto bastante de aprender coisas novas, principalmente na \u00e1rea de Neurologia e Anatomia humana.\",\"url\":\"https:\\\/\\\/www.grupomedcof.com.br\\\/blog\\\/author\\\/kiara-adelino\\\/\"}]}<\/script>\n<!-- \/ Yoast SEO Premium plugin. -->","yoast_head_json":{"title":"C\u00e2ncer de Mama: Diagn\u00f3stico, Riscos e Tratamento | Medcof","description":"O c\u00e2ncer de mama \u00e9 uma das neoplasias malignas mais comuns entre as mulheres. Ent\u00e3o confira em nosso blog para saber mais!","robots":{"index":"index","follow":"follow","max-snippet":"max-snippet:-1","max-image-preview":"max-image-preview:large","max-video-preview":"max-video-preview:-1"},"canonical":"https:\/\/www.grupomedcof.com.br\/blog\/cancer-de-mama\/","og_locale":"pt_BR","og_type":"article","og_title":"C\u00e2ncer de Mama: diagn\u00f3stico, tratamento, fatores de risco, tipos histol\u00f3gicos de n\u00f3dulos","og_description":"O c\u00e2ncer de mama \u00e9 uma das neoplasias malignas mais comuns entre as mulheres. Ent\u00e3o confira em nosso blog para saber mais!","og_url":"https:\/\/www.grupomedcof.com.br\/blog\/cancer-de-mama\/","og_site_name":"Blog de Medcof: conte\u00fados, editais, revalida e mais!","article_publisher":"https:\/\/www.facebook.com\/MedCofQbank\/","article_published_time":"2025-11-25T18:41:47+00:00","article_modified_time":"2026-04-24T19:34:07+00:00","og_image":[{"width":1024,"height":576,"url":"https:\/\/www.grupomedcof.com.br\/blog\/wp-content\/uploads\/2024\/08\/Blog-MedCof-96-1024x576.png","type":"image\/png"}],"author":"Kiara Adelino","twitter_card":"summary_large_image","twitter_misc":{"Escrito por":"Kiara Adelino","Est. tempo de leitura":"15 minutos"},"schema":{"@context":"https:\/\/schema.org","@graph":[{"@type":"Article","@id":"https:\/\/www.grupomedcof.com.br\/blog\/cancer-de-mama\/#article","isPartOf":{"@id":"https:\/\/www.grupomedcof.com.br\/blog\/cancer-de-mama\/"},"author":{"name":"Kiara Adelino","@id":"https:\/\/www.grupomedcof.com.br\/blog\/#\/schema\/person\/db19a651f86c5fc202d6eee744fd3292"},"headline":"C\u00e2ncer de Mama: diagn\u00f3stico, tratamento, fatores de risco, tipos histol\u00f3gicos de n\u00f3dulos","datePublished":"2025-11-25T18:41:47+00:00","dateModified":"2026-04-24T19:34:07+00:00","mainEntityOfPage":{"@id":"https:\/\/www.grupomedcof.com.br\/blog\/cancer-de-mama\/"},"wordCount":2408,"commentCount":0,"publisher":{"@id":"https:\/\/www.grupomedcof.com.br\/blog\/#organization"},"image":{"@id":"https:\/\/www.grupomedcof.com.br\/blog\/cancer-de-mama\/#primaryimage"},"thumbnailUrl":"https:\/\/www.grupomedcof.com.br\/blog\/wp-content\/uploads\/2024\/08\/Blog-MedCof-96.png","keywords":["C\u00e2ncer de mama","Carcinoma Ductal","Diagn\u00f3sticos","Ginecologia e Obstetr\u00edcia","N\u00f3dulos Mam\u00e1rios","Teste gen\u00e9tico","Tipos Histol\u00f3gicos","tratamento"],"articleSection":["Ginecologia e Obstetr\u00edcia"],"inLanguage":"pt-BR"},{"@type":"WebPage","@id":"https:\/\/www.grupomedcof.com.br\/blog\/cancer-de-mama\/","url":"https:\/\/www.grupomedcof.com.br\/blog\/cancer-de-mama\/","name":"C\u00e2ncer de Mama: Diagn\u00f3stico, Riscos e Tratamento | Medcof","isPartOf":{"@id":"https:\/\/www.grupomedcof.com.br\/blog\/#website"},"primaryImageOfPage":{"@id":"https:\/\/www.grupomedcof.com.br\/blog\/cancer-de-mama\/#primaryimage"},"image":{"@id":"https:\/\/www.grupomedcof.com.br\/blog\/cancer-de-mama\/#primaryimage"},"thumbnailUrl":"https:\/\/www.grupomedcof.com.br\/blog\/wp-content\/uploads\/2024\/08\/Blog-MedCof-96.png","datePublished":"2025-11-25T18:41:47+00:00","dateModified":"2026-04-24T19:34:07+00:00","description":"O c\u00e2ncer de mama \u00e9 uma das neoplasias malignas mais comuns entre as mulheres. Ent\u00e3o confira em nosso blog para saber mais!","breadcrumb":{"@id":"https:\/\/www.grupomedcof.com.br\/blog\/cancer-de-mama\/#breadcrumb"},"inLanguage":"pt-BR","potentialAction":[{"@type":"ReadAction","target":["https:\/\/www.grupomedcof.com.br\/blog\/cancer-de-mama\/"]}]},{"@type":"ImageObject","inLanguage":"pt-BR","@id":"https:\/\/www.grupomedcof.com.br\/blog\/cancer-de-mama\/#primaryimage","url":"https:\/\/www.grupomedcof.com.br\/blog\/wp-content\/uploads\/2024\/08\/Blog-MedCof-96.png","contentUrl":"https:\/\/www.grupomedcof.com.br\/blog\/wp-content\/uploads\/2024\/08\/Blog-MedCof-96.png","width":2560,"height":1440,"caption":"A imagem tem uma mo\u00e7a fazendo o auto exame na mama"},{"@type":"BreadcrumbList","@id":"https:\/\/www.grupomedcof.com.br\/blog\/cancer-de-mama\/#breadcrumb","itemListElement":[{"@type":"ListItem","position":1,"name":"In\u00edcio","item":"https:\/\/www.grupomedcof.com.br\/blog\/"},{"@type":"ListItem","position":2,"name":"C\u00e2ncer de Mama: diagn\u00f3stico, tratamento, fatores de risco, tipos histol\u00f3gicos de n\u00f3dulos"}]},{"@type":"WebSite","@id":"https:\/\/www.grupomedcof.com.br\/blog\/#website","url":"https:\/\/www.grupomedcof.com.br\/blog\/","name":"Blog de Medcof: conte\u00fados, editais, revalida e mais!","description":"Acesso o blog de MedCof! Seu portal de conte\u00fados sobre resid\u00eancia m\u00e9dica, an\u00e1lise e editais e muito mais. Clique e confira!","publisher":{"@id":"https:\/\/www.grupomedcof.com.br\/blog\/#organization"},"alternateName":"Blog de Medcof: conte\u00fados, editais, revalida e mais!","potentialAction":[{"@type":"SearchAction","target":{"@type":"EntryPoint","urlTemplate":"https:\/\/www.grupomedcof.com.br\/blog\/?s={search_term_string}"},"query-input":{"@type":"PropertyValueSpecification","valueRequired":true,"valueName":"search_term_string"}}],"inLanguage":"pt-BR"},{"@type":"Organization","@id":"https:\/\/www.grupomedcof.com.br\/blog\/#organization","name":"Grupo MedCof","url":"https:\/\/www.grupomedcof.com.br\/blog\/","logo":{"@type":"ImageObject","inLanguage":"pt-BR","@id":"https:\/\/www.grupomedcof.com.br\/blog\/#\/schema\/logo\/image\/","url":"https:\/\/www.grupomedcof.com.br\/blog\/wp-content\/uploads\/2022\/01\/logo-medcof.png","contentUrl":"https:\/\/www.grupomedcof.com.br\/blog\/wp-content\/uploads\/2022\/01\/logo-medcof.png","width":768,"height":269,"caption":"Grupo MedCof"},"image":{"@id":"https:\/\/www.grupomedcof.com.br\/blog\/#\/schema\/logo\/image\/"},"sameAs":["https:\/\/www.facebook.com\/MedCofQbank\/","https:\/\/www.instagram.com\/grupomedcof\/","https:\/\/br.linkedin.com\/company\/medcof","https:\/\/www.youtube.com\/channel\/UCdHMuOHKICxcHwecxN8P-AA"]},{"@type":"Person","@id":"https:\/\/www.grupomedcof.com.br\/blog\/#\/schema\/person\/db19a651f86c5fc202d6eee744fd3292","name":"Kiara Adelino","image":{"@type":"ImageObject","inLanguage":"pt-BR","@id":"https:\/\/www.grupomedcof.com.br\/blog\/wp-content\/uploads\/2024\/08\/cropped-Kiara-Adelino2-96x96.jpega85663bdda67261f8f06f86e555e1e49","url":"https:\/\/www.grupomedcof.com.br\/blog\/wp-content\/uploads\/2024\/08\/cropped-Kiara-Adelino2-96x96.jpeg","contentUrl":"https:\/\/www.grupomedcof.com.br\/blog\/wp-content\/uploads\/2024\/08\/cropped-Kiara-Adelino2-96x96.jpeg","caption":"Kiara Adelino"},"description":"Estudante do 5\u00b0 semestre de Medicina. Gosto bastante de aprender coisas novas, principalmente na \u00e1rea de Neurologia e Anatomia humana.","url":"https:\/\/www.grupomedcof.com.br\/blog\/author\/kiara-adelino\/"}]}},"authors":[{"term_id":3617,"user_id":21,"is_guest":0,"slug":"kiara-adelino","display_name":"Kiara Adelino","avatar_url":"https:\/\/www.grupomedcof.com.br\/blog\/wp-content\/uploads\/2024\/08\/cropped-Kiara-Adelino2-96x96.jpeg","0":null,"1":"","2":"","3":"","4":"","5":"","6":"","7":"","8":""}],"_links":{"self":[{"href":"https:\/\/www.grupomedcof.com.br\/blog\/wp-json\/wp\/v2\/posts\/28580","targetHints":{"allow":["GET"]}}],"collection":[{"href":"https:\/\/www.grupomedcof.com.br\/blog\/wp-json\/wp\/v2\/posts"}],"about":[{"href":"https:\/\/www.grupomedcof.com.br\/blog\/wp-json\/wp\/v2\/types\/post"}],"author":[{"embeddable":true,"href":"https:\/\/www.grupomedcof.com.br\/blog\/wp-json\/wp\/v2\/users\/21"}],"replies":[{"embeddable":true,"href":"https:\/\/www.grupomedcof.com.br\/blog\/wp-json\/wp\/v2\/comments?post=28580"}],"version-history":[{"count":3,"href":"https:\/\/www.grupomedcof.com.br\/blog\/wp-json\/wp\/v2\/posts\/28580\/revisions"}],"predecessor-version":[{"id":39762,"href":"https:\/\/www.grupomedcof.com.br\/blog\/wp-json\/wp\/v2\/posts\/28580\/revisions\/39762"}],"wp:featuredmedia":[{"embeddable":true,"href":"https:\/\/www.grupomedcof.com.br\/blog\/wp-json\/wp\/v2\/media\/28585"}],"wp:attachment":[{"href":"https:\/\/www.grupomedcof.com.br\/blog\/wp-json\/wp\/v2\/media?parent=28580"}],"wp:term":[{"taxonomy":"category","embeddable":true,"href":"https:\/\/www.grupomedcof.com.br\/blog\/wp-json\/wp\/v2\/categories?post=28580"},{"taxonomy":"post_tag","embeddable":true,"href":"https:\/\/www.grupomedcof.com.br\/blog\/wp-json\/wp\/v2\/tags?post=28580"},{"taxonomy":"author","embeddable":true,"href":"https:\/\/www.grupomedcof.com.br\/blog\/wp-json\/wp\/v2\/ppma_author?post=28580"}],"curies":[{"name":"wp","href":"https:\/\/api.w.org\/{rel}","templated":true}]}}