{"id":28587,"date":"2025-04-24T14:40:54","date_gmt":"2025-04-24T17:40:54","guid":{"rendered":"https:\/\/www.grupomedcof.com.br\/blog\/?p=28587"},"modified":"2025-06-26T13:59:25","modified_gmt":"2025-06-26T16:59:25","slug":"ebserh-cancela-analise-curricular-de-residencia-medica-do-enare","status":"publish","type":"post","link":"https:\/\/www.grupomedcof.com.br\/blog\/ebserh-cancela-analise-curricular-de-residencia-medica-do-enare\/","title":{"rendered":"An\u00e1lise Curricular do Enare \u00e9 CANCELADA pela Ebserh"},"content":{"rendered":"<div id=\"ez-toc-container\" class=\"ez-toc-v2_0_74 counter-hierarchy ez-toc-counter ez-toc-transparent ez-toc-container-direction\">\n<div class=\"ez-toc-title-container\">\n<p class=\"ez-toc-title\" style=\"cursor:inherit\">Sum\u00e1rio<\/p>\n<span class=\"ez-toc-title-toggle\"><a href=\"#\" class=\"ez-toc-pull-right ez-toc-btn ez-toc-btn-xs ez-toc-btn-default ez-toc-toggle\" aria-label=\"Alternar tabela de conte\u00fado\"><span class=\"ez-toc-js-icon-con\"><span class=\"\"><span class=\"eztoc-hide\" style=\"display:none;\">Toggle<\/span><span class=\"ez-toc-icon-toggle-span\"><svg style=\"fill: #999;color:#999\" xmlns=\"http:\/\/www.w3.org\/2000\/svg\" class=\"list-377408\" width=\"20px\" height=\"20px\" viewBox=\"0 0 24 24\" fill=\"none\"><path d=\"M6 6H4v2h2V6zm14 0H8v2h12V6zM4 11h2v2H4v-2zm16 0H8v2h12v-2zM4 16h2v2H4v-2zm16 0H8v2h12v-2z\" fill=\"currentColor\"><\/path><\/svg><svg style=\"fill: #999;color:#999\" class=\"arrow-unsorted-368013\" xmlns=\"http:\/\/www.w3.org\/2000\/svg\" width=\"10px\" height=\"10px\" viewBox=\"0 0 24 24\" version=\"1.2\" baseProfile=\"tiny\"><path d=\"M18.2 9.3l-6.2-6.3-6.2 6.3c-.2.2-.3.4-.3.7s.1.5.3.7c.2.2.4.3.7.3h11c.3 0 .5-.1.7-.3.2-.2.3-.5.3-.7s-.1-.5-.3-.7zM5.8 14.7l6.2 6.3 6.2-6.3c.2-.2.3-.5.3-.7s-.1-.5-.3-.7c-.2-.2-.4-.3-.7-.3h-11c-.3 0-.5.1-.7.3-.2.2-.3.5-.3.7s.1.5.3.7z\"\/><\/svg><\/span><\/span><\/span><\/a><\/span><\/div>\n<nav><ul class='ez-toc-list ez-toc-list-level-1 ' ><li class='ez-toc-page-1 ez-toc-heading-level-2'><a class=\"ez-toc-link ez-toc-heading-1\" href=\"https:\/\/www.grupomedcof.com.br\/blog\/ebserh-cancela-analise-curricular-de-residencia-medica-do-enare\/#Cancelamento_da_analise_curricular\" >Cancelamento da an\u00e1lise curricular<\/a><\/li><li class='ez-toc-page-1 ez-toc-heading-level-2'><a class=\"ez-toc-link ez-toc-heading-2\" href=\"https:\/\/www.grupomedcof.com.br\/blog\/ebserh-cancela-analise-curricular-de-residencia-medica-do-enare\/#Como_sera_a_avaliacao_do_Enare_agora\" >Como ser\u00e1 a avalia\u00e7\u00e3o do Enare agora?<\/a><\/li><li class='ez-toc-page-1 ez-toc-heading-level-2'><a class=\"ez-toc-link ez-toc-heading-3\" href=\"https:\/\/www.grupomedcof.com.br\/blog\/ebserh-cancela-analise-curricular-de-residencia-medica-do-enare\/#Como_era_a_analise_curricular_do_Enare\" >Como era a an\u00e1lise curricular do Enare?<\/a><\/li><li class='ez-toc-page-1 ez-toc-heading-level-2'><a class=\"ez-toc-link ez-toc-heading-4\" href=\"https:\/\/www.grupomedcof.com.br\/blog\/ebserh-cancela-analise-curricular-de-residencia-medica-do-enare\/#Como_era_o_envio_do_curriculo_para_analise\" >Como era o envio do curr\u00edculo para an\u00e1lise<\/a><\/li><li class='ez-toc-page-1 ez-toc-heading-level-2'><a class=\"ez-toc-link ez-toc-heading-5\" href=\"https:\/\/www.grupomedcof.com.br\/blog\/ebserh-cancela-analise-curricular-de-residencia-medica-do-enare\/#O_que_pontuava_no_Enare\" >O que pontuava no Enare<\/a><\/li><li class='ez-toc-page-1 ez-toc-heading-level-2'><a class=\"ez-toc-link ez-toc-heading-6\" href=\"https:\/\/www.grupomedcof.com.br\/blog\/ebserh-cancela-analise-curricular-de-residencia-medica-do-enare\/#Documentos_comprobatorios_aceitos_pelo_Enare\" >Documentos comprobat\u00f3rios aceitos pelo Enare<\/a><\/li><li class='ez-toc-page-1 ez-toc-heading-level-2'><a class=\"ez-toc-link ez-toc-heading-7\" href=\"https:\/\/www.grupomedcof.com.br\/blog\/ebserh-cancela-analise-curricular-de-residencia-medica-do-enare\/#O_que_e_o_ENARE\" >O que \u00e9 o ENARE?<\/a><\/li><li class='ez-toc-page-1 ez-toc-heading-level-2'><a class=\"ez-toc-link ez-toc-heading-8\" href=\"https:\/\/www.grupomedcof.com.br\/blog\/ebserh-cancela-analise-curricular-de-residencia-medica-do-enare\/#Prepare-se_para_o_ENARE_2025\" >Prepare-se para o ENARE 2025!<\/a><\/li><\/ul><\/nav><\/div>\n\n<p>Processo Seletivo agora ter\u00e1 apenas uma fase eliminat\u00f3ria<\/p>\n\n\n\n<figure class=\"wp-block-image size-large\"><img loading=\"lazy\" decoding=\"async\" width=\"1024\" height=\"576\" src=\"https:\/\/www.grupomedcof.com.br\/blog\/wp-content\/uploads\/2024\/08\/Modelo-instituicoes-2025-04-24T143856.000-1024x576.jpg\" alt=\"Fonte: Canva.\" class=\"wp-image-35312\" srcset=\"https:\/\/www.grupomedcof.com.br\/blog\/wp-content\/uploads\/2024\/08\/Modelo-instituicoes-2025-04-24T143856.000-1024x576.jpg 1024w, https:\/\/www.grupomedcof.com.br\/blog\/wp-content\/uploads\/2024\/08\/Modelo-instituicoes-2025-04-24T143856.000-300x169.jpg 300w, https:\/\/www.grupomedcof.com.br\/blog\/wp-content\/uploads\/2024\/08\/Modelo-instituicoes-2025-04-24T143856.000-768x432.jpg 768w, https:\/\/www.grupomedcof.com.br\/blog\/wp-content\/uploads\/2024\/08\/Modelo-instituicoes-2025-04-24T143856.000-1536x864.jpg 1536w, https:\/\/www.grupomedcof.com.br\/blog\/wp-content\/uploads\/2024\/08\/Modelo-instituicoes-2025-04-24T143856.000-747x420.jpg 747w, https:\/\/www.grupomedcof.com.br\/blog\/wp-content\/uploads\/2024\/08\/Modelo-instituicoes-2025-04-24T143856.000-150x84.jpg 150w, https:\/\/www.grupomedcof.com.br\/blog\/wp-content\/uploads\/2024\/08\/Modelo-instituicoes-2025-04-24T143856.000-696x392.jpg 696w, https:\/\/www.grupomedcof.com.br\/blog\/wp-content\/uploads\/2024\/08\/Modelo-instituicoes-2025-04-24T143856.000-1068x601.jpg 1068w, https:\/\/www.grupomedcof.com.br\/blog\/wp-content\/uploads\/2024\/08\/Modelo-instituicoes-2025-04-24T143856.000.jpg 1920w\" sizes=\"auto, (max-width: 1024px) 100vw, 1024px\" \/><\/figure>\n\n\n\n<h2 class=\"wp-block-heading\" id=\"h-cancelamento-da-analise-curricular\"><span class=\"ez-toc-section\" id=\"Cancelamento_da_analise_curricular\"><\/span><strong>Cancelamento da an\u00e1lise curricular<\/strong><span class=\"ez-toc-section-end\"><\/span><\/h2>\n\n\n\n<p>Ap\u00f3s a edi\u00e7\u00e3o anterior do Enare ser marcada por diversas <a href=\"https:\/\/www.grupomedcof.com.br\/blog\/enare-2025-cfm-se-pronuncia-sobre-erros-na-analise-curricular\/\" target=\"_blank\" rel=\"noreferrer noopener\">adversidades na corre\u00e7\u00e3o e divulga\u00e7\u00e3o da an\u00e1lise curricular<\/a>, a Ebserh divulgou que a <strong>2\u00aa fase da sele\u00e7\u00e3o<\/strong> ser\u00e1<strong> cancelada a partir da pr\u00f3xima edi\u00e7\u00e3o. <\/strong>A decis\u00e3o foi publicada no dia 24 de abril de 2025, junto ao\u00a0<strong><a href=\"https:\/\/www.grupomedcof.com.br\/blog\/edital-enare-adesao-instituicoes\/\" target=\"_blank\" rel=\"noreferrer noopener\">edital para ades\u00e3o de institui\u00e7\u00f5es \u00e0 edi\u00e7\u00e3o 2025\/2026<\/a><\/strong>\u00a0do exame e ocorreu ap\u00f3s<strong>\u00a0reuni\u00e3o do Grupo de Trabalho (GT)<\/strong>\u00a0institu\u00eddo para avaliar melhorias no Enare.\u00a0<\/p>\n\n\n\n<h2 class=\"wp-block-heading\" id=\"h-como-sera-a-avaliacao-do-enare-agora\"><span class=\"ez-toc-section\" id=\"Como_sera_a_avaliacao_do_Enare_agora\"><\/span><strong>Como ser\u00e1 a avalia\u00e7\u00e3o do Enare agora?<\/strong><span class=\"ez-toc-section-end\"><\/span><\/h2>\n\n\n\n<p>O Exame Nacional de Resid\u00eancia (Enare) 2025\/2026\u00a0ser\u00e1 composto por <strong>uma fase \u00fanica<\/strong> que ser\u00e1 <strong>classificat\u00f3ria e eliminat\u00f3ria<\/strong>: a prova escrita objetiva que valer\u00e1 100% da nota final dos candidatos, que ser\u00e1 aplicada no dia <strong>19 de outubro de 2025.<\/strong><\/p>\n\n\n\n<p>Para os programas de Resid\u00eancia M\u00e9dica de<strong>&nbsp;Acesso Direto<\/strong>, as provas ser\u00e3o&nbsp;<strong>organizadas pelo Instituto Nacional de Estudos e Pesquisas Educacionais An\u00edsio Teixeira (Inep)<\/strong>, integradas ao&nbsp;<a href=\"https:\/\/www.grupomedcof.com.br\/blog\/enamed\/\" target=\"_blank\" rel=\"noreferrer noopener\">Exame Nacional de Avalia\u00e7\u00e3o da Forma\u00e7\u00e3o M\u00e9dica (Enamed).<\/a><\/p>\n\n\n\n<p>J\u00e1 as sele\u00e7\u00f5es para&nbsp;<strong>Ano Adicional, \u00c1rea de Atua\u00e7\u00e3o, Pr\u00e9-requisito e Resid\u00eancia Multiprofissional e em \u00c1rea Profissional da Sa\u00fade<\/strong>&nbsp;ficar\u00e3o a cargo de bancas contratadas especificamente para essa finalidade, que para esta edi\u00e7\u00e3o ser\u00e1 a <strong>Funda\u00e7\u00e3o Get\u00falio Vargas (FGV).<\/strong><\/p>\n\n\n\n<p>Vale lembrar que o processo seletivo\u00a0<strong>manter\u00e1 a<a href=\"https:\/\/www.grupomedcof.com.br\/blog\/enare-instituicoes-e-cotas\/\" target=\"_blank\" rel=\"noreferrer noopener\"> reserva vagas<\/a> para Pessoas com Defici\u00eancia (PCD), pessoas negras, ind\u00edgenas e quilombolas<\/strong>, respeitando os percentuais que ser\u00e3o estabelecidos em edital.<\/p>\n\n\n\n<figure class=\"wp-block-image size-large\"><a href=\"https:\/\/www.grupomedcof.com.br\/cofletters\/\"><img loading=\"lazy\" decoding=\"async\" width=\"1024\" height=\"366\" src=\"https:\/\/www.grupomedcof.com.br\/blog\/wp-content\/uploads\/2024\/08\/Capa-Eventos-MedCof-Plus-14-3-1024x366.png\" alt=\"\" class=\"wp-image-28960\" srcset=\"https:\/\/www.grupomedcof.com.br\/blog\/wp-content\/uploads\/2024\/08\/Capa-Eventos-MedCof-Plus-14-3-1024x366.png 1024w, https:\/\/www.grupomedcof.com.br\/blog\/wp-content\/uploads\/2024\/08\/Capa-Eventos-MedCof-Plus-14-3-300x107.png 300w, https:\/\/www.grupomedcof.com.br\/blog\/wp-content\/uploads\/2024\/08\/Capa-Eventos-MedCof-Plus-14-3-768x275.png 768w, https:\/\/www.grupomedcof.com.br\/blog\/wp-content\/uploads\/2024\/08\/Capa-Eventos-MedCof-Plus-14-3-1536x549.png 1536w, https:\/\/www.grupomedcof.com.br\/blog\/wp-content\/uploads\/2024\/08\/Capa-Eventos-MedCof-Plus-14-3-2048x732.png 2048w, https:\/\/www.grupomedcof.com.br\/blog\/wp-content\/uploads\/2024\/08\/Capa-Eventos-MedCof-Plus-14-3-1174x420.png 1174w, https:\/\/www.grupomedcof.com.br\/blog\/wp-content\/uploads\/2024\/08\/Capa-Eventos-MedCof-Plus-14-3-150x54.png 150w, https:\/\/www.grupomedcof.com.br\/blog\/wp-content\/uploads\/2024\/08\/Capa-Eventos-MedCof-Plus-14-3-696x249.png 696w, https:\/\/www.grupomedcof.com.br\/blog\/wp-content\/uploads\/2024\/08\/Capa-Eventos-MedCof-Plus-14-3-1068x382.png 1068w, https:\/\/www.grupomedcof.com.br\/blog\/wp-content\/uploads\/2024\/08\/Capa-Eventos-MedCof-Plus-14-3-1920x687.png 1920w\" sizes=\"auto, (max-width: 1024px) 100vw, 1024px\" \/><\/a><\/figure>\n\n\n\n<h2 class=\"wp-block-heading\" id=\"h-como-era-a-analise-curricular-do-enare\"><span class=\"ez-toc-section\" id=\"Como_era_a_analise_curricular_do_Enare\"><\/span><strong>Como era a an\u00e1lise curricular do Enare?<\/strong><span class=\"ez-toc-section-end\"><\/span><\/h2>\n\n\n\n<p>Anteriormente, a an\u00e1lise curricular compunha a segunda fase do processo seletivo do Enare e valia 10% da nota final. Para participar desta etapa, o candidato devia cadastrar seu curr\u00edculo na p\u00e1gina de&nbsp;<strong>Envio de Documentos para An\u00e1lise Curricular<\/strong>, que na edi\u00e7\u00e3o anterior ocorreu no per\u00edodo de <strong>7 de agosto e 5 de setembro de 2024<\/strong>.<\/p>\n\n\n\n<p>Esta etapa era realizada de maneira estruturada e objetiva, e avaliava toda a trajet\u00f3ria acad\u00eamica e profissional do candidato. <\/p>\n\n\n\n<p>A <strong>nota final<\/strong> do participante era calculada da seguinte forma:<\/p>\n\n\n\n<pre class=\"wp-block-preformatted\"><strong>Nota final (NF) =<\/strong> (Nota da 1\u00aa Etapa x 9) + (Nota da 2\u00aa Etapa x 1) + (Pontua\u00e7\u00e3o Adicional do item 10).<\/pre>\n\n\n\n<p>O candidato que n\u00e3o participasse da an\u00e1lise curricular, teria sua pontua\u00e7\u00e3o zerada nesta etapa, mas <strong>continuava participando regularmente do processo seletivo<\/strong>, sem preju\u00edzo para os pontos obtidos na prova objetiva.&nbsp;<\/p>\n\n\n\n<h2 class=\"wp-block-heading\" id=\"h-como-era-o-envio-do-curriculo-para-analise\"><span class=\"ez-toc-section\" id=\"Como_era_o_envio_do_curriculo_para_analise\"><\/span><strong>Como era o envio do curr\u00edculo para an\u00e1lise<\/strong><span class=\"ez-toc-section-end\"><\/span><\/h2>\n\n\n\n<p>O envio do curr\u00edculo era feito pela p\u00e1gina de envio do Enare e&nbsp;<strong>todos os documentos comprobat\u00f3rios&nbsp;<\/strong>eram preenchidos&nbsp;<strong>uma \u00fanica vez no formul\u00e1rio&nbsp;<\/strong>dispon\u00edvel no <a href=\"https:\/\/www.gov.br\/ebserh\/pt-br\/ensino-e-pesquisa\/exame-nacional-de-residencia-enare\/anexos-residencia-medica\/edital_01_enare_24_25_res_medica_v-f-17-07-24.pdf\" target=\"_blank\" rel=\"noreferrer noopener\">site<\/a>.&nbsp;Eram considerados somente os documentos e t\u00edtulos&nbsp;<strong>pertencentes ao candidato<\/strong>, com&nbsp;<strong>data de expedi\u00e7\u00e3o e com assinatura<\/strong>&nbsp;\u2013 caso o car\u00e1ter do documento a exija.<\/p>\n\n\n\n<p>Os documentos deviam ser enviados sem prote\u00e7\u00e3o de senha, em arquivos nos&nbsp;<strong>formatos PNG, JPG, JPEG ou PDF<\/strong>, com o<strong>&nbsp;tamanho m\u00e1ximo de 20MB para cada arquivo<\/strong>.Os documentos com informa\u00e7\u00f5es na<strong>&nbsp;frente e no verso<\/strong>&nbsp;de suas folhas precisavam ser enviados em sua totalidade para an\u00e1lise.<\/p>\n\n\n\n<h2 class=\"wp-block-heading\" id=\"h-o-que-pontuava-no-enare\"><span class=\"ez-toc-section\" id=\"O_que_pontuava_no_Enare\"><\/span><strong>O que pontuava no Enare<\/strong><span class=\"ez-toc-section-end\"><\/span><\/h2>\n\n\n\n<p>Confira abaixo os itens pontu\u00e1veis para os candidatos \u00e0s&nbsp;<strong>especialidades de Acesso Direto&nbsp;<\/strong>na An\u00e1lise Curricular do Enare 2024\/2025, segundo o edital da sele\u00e7\u00e3o:<\/p>\n\n\n\n<figure class=\"wp-block-table\"><table class=\"has-fixed-layout\"><tbody><tr><td><strong>Componente do curr\u00edculo<\/strong><\/td><td><strong>Pontua\u00e7\u00e3o por item<\/strong><\/td><td><strong>Pontua\u00e7\u00e3o m\u00e1xima<\/strong><\/td><\/tr><tr><td rowspan=\"3\">01 \u2013 Hist\u00f3rico Escolar da gradua\u00e7\u00e3o em medicina.<\/td><td>Frequ\u00eancia de nota\/men\u00e7\u00e3o: Pelo menos 50% de men\u00e7\u00e3o \u201cA\u201d ou \u201cSS\u201d, ou nota 9 a 10 ou 90 a 100 \u2013 50 pontos.<\/td><td rowspan=\"3\">50<\/td><\/tr><tr><td>Frequ\u00eancia de nota\/men\u00e7\u00e3o: Pelo menos 50% de men\u00e7\u00e3o \u201cA e B\u201d ou \u201cSS e MS\u201d, ou nota 7 a 10 ou 70 a 100 \u2013 40 pontos<\/td><\/tr><tr><td>Frequ\u00eancia de nota\/men\u00e7\u00e3o: Pelo menos 50% de men\u00e7\u00e3o \u201cA, B ou C\u201d ou \u201cSS, MS e MM\u201d, ou nota 5 a 10 ou 50 a 100 \u2013 30 pontos<\/td><\/tr><tr><td>02 \u2013 Extens\u00e3o na \u00e1rea da sa\u00fade devidamente cadastrado na Pr\u00f3- reitoria ou Coordena\u00e7\u00e3o de Extens\u00e3o da IES (no m\u00ednimo 30 horas por programa ou projeto). (Exceto Liga Acad\u00eamica e cursos de extens\u00e3o).<\/td><td>4,0 pontos por programa ou projeto<\/td><td>8<\/td><\/tr><tr><td>03 \u2013 Participa\u00e7\u00e3o em eventos, presta\u00e7\u00e3o de servi\u00e7os, oficinas de extens\u00e3o, cursos de extens\u00e3o e Viv\u00eancias no SUS: VER-SUS, ViverSUS, SEVI SUS e EV-SUS (m\u00ednimo 20 horas).<\/td><td>0,5 por evento<\/td><td>3<\/td><\/tr><tr><td>04 \u2013 Monitoria em componente curricular regulares da gradua\u00e7\u00e3o devidamente cadastrada na Pr\u00f3-reitoria ou Coordena\u00e7\u00e3o de Gradua\u00e7\u00e3o da IES. Ser\u00e1 considerado o semestre letivo. (entende-se por semestre acad\u00eamico o per\u00edodo igual ou superior a 90 dias letivos, e cada 1 ano corresponde a 2 semestres).<\/td><td>3,0 pontos por semestre letivo<\/td><td>9<\/td><\/tr><tr><td>05 \u2013 Atividade de Pesquisa nas modalidades Programa Institucional de Bolsas de Inicia\u00e7\u00e3o Cientifica\/PIBIC, Programa Institucional de Bolsas de Inicia\u00e7\u00e3o \u00e0 Doc\u00eancia\/ PIBID, Programa Institucional de Bolsas de Inicia\u00e7\u00e3o em Desenvolvimento Tecnol\u00f3gico e Inova\u00e7\u00e3o\/ PIBITI, Inicia\u00e7\u00e3o Cient\u00edfica Volunt\u00e1ria\/ICV, Inicia\u00e7\u00e3o em Desenvolvimento Tecnol\u00f3gico Volunt\u00e1rio\/ ITV ou atividade de Pesquisa e Inova\u00e7\u00e3o Tecnol\u00f3gica, per\u00edodo \u2265 1 ano, devidamente registrada na IES ou em Institui\u00e7\u00e3o Cient\u00edfica, Tecnol\u00f3gica e de Inova\u00e7\u00e3o (ICT).<\/td><td>6,0 pontos por ano de atividade<\/td><td>12<\/td><\/tr><tr><td>06 \u2013 Trabalhos cient\u00edficos apresentados em Congresso, Semin\u00e1rios, Simp\u00f3sios, F\u00f3runs e Jornada Cient\u00edfica Regional \/ Local.<\/td><td>0,3 ponto por trabalho<\/td><td>1,5<\/td><\/tr><tr><td>07 \u2013 Trabalhos Cient\u00edficos apresentados em Semin\u00e1rios, Simp\u00f3sios, F\u00f3runs e Jornada cient\u00edfica Nacional ou Internacional.<\/td><td>0,5 pontos por trabalho<\/td><td>1,5<\/td><\/tr><tr><td>08 \u2013 Artigo cient\u00edficos publicados em Peri\u00f3dicos n\u00e3o indexados ou em publicado nos anais do evento.<\/td><td>1,0 ponto por trabalho<\/td><td>3<\/td><\/tr><tr><td>09 \u2013 Artigo cient\u00edfico na \u00e1rea da sa\u00fade com registro DOI (Digital Object Identifier) publicado em Revista com ISSN, indexada em pelo menos uma base cient\u00edfica (Latindex, Scopus, Medline, Scielo, Lilacs).<\/td><td>1,5 pontos por trabalho<\/td><td>4,5<\/td><\/tr><tr><td>10 \u2013 Participa\u00e7\u00e3o em Congresso Simp\u00f3sio ou Jornada, Semin\u00e1rios, F\u00f3runs, na \u00e1rea profissional de escolha.<\/td><td>0,1 por evento<\/td><td>0,5<\/td><\/tr><tr><td>11 \u2013 Representa\u00e7\u00e3o estudantil em \u00f3rg\u00e3o colegiado, a cada um ano (\u2265 12 meses).<\/td><td>1,0 por ano de atividade<\/td><td>2<\/td><\/tr><tr><td>12 \u2013 Participa\u00e7\u00e3o em Ligas Acad\u00eamicas cadastradas na Institui\u00e7\u00e3o de Ensino com dura\u00e7\u00e3o \u2265 12 meses.<\/td><td>0,5 por ano de atividade<\/td><td>1<\/td><\/tr><tr><td>13 \u2013 L\u00edngua estrangeira: profici\u00eancia ou curso com pelo menos 3 (tr\u00eas) anos de dura\u00e7\u00e3o.<\/td><td>1,0 ponto por l\u00edngua<\/td><td>1<\/td><\/tr><tr><td>14 \u2013 Participa\u00e7\u00e3o no Pet Sa\u00fade e\/ou Pet MEC e\/ou PET Sa\u00fade Equidade.<\/td><td>1,5 ponto por ano por atividade<\/td><td>3<\/td><\/tr><\/tbody><\/table><\/figure>\n\n\n\n<p>J\u00e1 para os candidatos aos&nbsp;<strong>programas com Pr\u00e9-Requisito, \u00c1reas de Atua\u00e7\u00e3o e Anos Adicionais<\/strong>, os componentes avaliados e suas respectivas pontua\u00e7\u00f5es foram:<\/p>\n\n\n\n<figure class=\"wp-block-table\"><table class=\"has-fixed-layout\"><tbody><tr><td colspan=\"2\"><strong>Componente do curr\u00edculo<\/strong><\/td><td><strong>Pontua\u00e7\u00e3o por item<\/strong><\/td><td colspan=\"3\"><strong>Pontua\u00e7\u00e3o m\u00e1xima<\/strong><\/td><\/tr><tr><td colspan=\"2\" rowspan=\"3\">01 \u2013 Aproveitamento durante o PRM pr\u00e9- requisito: Considere a m\u00e9dia aritm\u00e9tica das notas obtidas nas avalia\u00e7\u00f5es trimestrais durante o PRM.<\/td><td>Frequ\u00eancia de nota\/men\u00e7\u00e3o: Pelo menos 50% de men\u00e7\u00e3o \u201cA\u201d ou \u201cSS\u201d, ou nota 9 a 10 ou 90 a 100 \u2013 50 pontos.<\/td><td colspan=\"3\" rowspan=\"3\">50<\/td><\/tr><tr><td>Frequ\u00eancia de nota\/men\u00e7\u00e3o: Pelo menos 50% de men\u00e7\u00e3o \u201cA e B\u201d ou \u201cSS e MS\u201d, ou nota 7 a 10 ou 70 a 100 \u2013 40 pontos.<\/td><\/tr><tr><td>Frequ\u00eancia de nota\/men\u00e7\u00e3o: Pelo menos 50% de men\u00e7\u00e3o \u201cA, B ou C\u201d ou \u201cSS, MS e MM\u201d, ou nota 5 a 10 ou 50 a 100 \u2013 30 pontos<\/td><\/tr><tr><td colspan=\"2\">02 \u2013 Curso de Extens\u00e3o na \u00e1rea de sa\u00fade durante o Programa de Resid\u00eancia M\u00e9dica que constitui o pr\u00e9-requisito devidamente cadastrado na Pr\u00f3-Reitoria ou Coordena\u00e7\u00e3o de Extens\u00e3o da IES (no m\u00ednimo 30 horas).<\/td><td>5,0<\/td><td colspan=\"3\">10<\/td><\/tr><tr><td colspan=\"2\">03 \u2013 Participa\u00e7\u00e3o em eventos de extens\u00e3o.<\/td><td>1,0<\/td><td colspan=\"3\">4<\/td><\/tr><tr><td colspan=\"2\">04 \u2013 Trabalhos cient\u00edficos apresentados em Congresso, Semin\u00e1rios, Simp\u00f3sios, F\u00f3runs e Jornada Cient\u00edfica Regional \/ Local.<\/td><td>0,5 pontos por trabalho<\/td><td colspan=\"3\">2<\/td><\/tr><tr><td colspan=\"2\">05 \u2013 Trabalhos Cient\u00edficos apresentados em Semin\u00e1rios, Simp\u00f3sios, F\u00f3runs e Jornada cient\u00edfica Nacional ou Internacional.<\/td><td>1,0 por trabalho<\/td><td colspan=\"3\">4<\/td><\/tr><tr><td colspan=\"2\">06 \u2013 Artigo cient\u00edficos publicados em Peri\u00f3dicos n\u00e3o indexados ou em publicado nos anais do evento.<\/td><td>3,0 pontos por trabalho<\/td><td colspan=\"3\">6<\/td><\/tr><tr><td colspan=\"2\">07 \u2013 Artigo cient\u00edfico na \u00e1rea da sa\u00fade com registro DOI (Digital Object Identifier) publicado em Revista com ISSN, indexada em pelo menos uma base cient\u00edfica (Latindex, Scopus, Medline, Scielo, Lilacs).<\/td><td>5 pontos por trabalho<\/td><td colspan=\"3\">10<\/td><\/tr><tr><td colspan=\"2\">08 \u2013 Participa\u00e7\u00e3o em Congresso, Simp\u00f3sio ou Jornada, Semin\u00e1rios, F\u00f3runs com carga hor\u00e1ria \u2265 a 8h.<\/td><td>1,0 para cada 8h<\/td><td colspan=\"3\">4<\/td><\/tr><tr><td colspan=\"2\">09 \u2013 Representa\u00e7\u00e3o em \u00f3rg\u00e3os colegiados da institui\u00e7\u00e3o durante o desenvolvimento do PRM, por ano (\u2265 12 meses).<\/td><td>3,0 pontos por atividade<\/td><td colspan=\"3\">6<\/td><\/tr><tr><td>10 \u2013 Curso de P\u00f3s-gradua\u00e7\u00e3o conclu\u00eddo (latu sensu ou stricto sensu) que n\u00e3o programa de resid\u00eancia<\/td><td>4,0 pontos por curso<\/td><td>4<\/td><\/tr><\/tbody><\/table><\/figure>\n\n\n\n<h2 class=\"wp-block-heading\" id=\"h-documentos-comprobatorios-aceitos-pelo-enare\"><span class=\"ez-toc-section\" id=\"Documentos_comprobatorios_aceitos_pelo_Enare\"><\/span><strong>Documentos comprobat\u00f3rios aceitos pelo Enare<\/strong><span class=\"ez-toc-section-end\"><\/span><\/h2>\n\n\n\n<p>Confira os documentos comprobat\u00f3rios da edi\u00e7\u00e3o anterior para as especialidades de <strong>Acesso Direto:<\/strong><\/p>\n\n\n\n<figure class=\"wp-block-table\"><table class=\"has-fixed-layout\"><tbody><tr><td colspan=\"4\"><strong>Componente do curr\u00edculo<\/strong><\/td><td colspan=\"4\"><strong>Documento comprobat\u00f3rio<\/strong><\/td><\/tr><tr><td colspan=\"4\">01 \u2013 Hist\u00f3rico Escolar da gradua\u00e7\u00e3o em medicina.<\/td><td colspan=\"4\">C\u00f3pia do Hist\u00f3rico escolar assinado pelo representante da IES (Institui\u00e7\u00e3o de Educa\u00e7\u00e3o Superior) com o nome das disciplinas e respectivas notas. *N\u00e3o ser\u00e3o pontuadas declara\u00e7\u00f5es apenas com a m\u00e9dia\/coeficiente de rendimento. Na aus\u00eancia do Hist\u00f3rico Escolar, este item n\u00e3o ser\u00e1 pontuado. Para alunos concluintes do curso at\u00e9 02\/2025 ser\u00e1 considerado o hist\u00f3rico atualizado at\u00e9 a data do \u00faltimo semestre conclu\u00eddo.<\/td><\/tr><tr><td colspan=\"4\">02 \u2013 Programa ou projeto de Extens\u00e3o na \u00e1rea de sa\u00fade devidamente cadastrado na Pr\u00f3-reitoria ou Coordena\u00e7\u00e3o de Extens\u00e3o da IES (no m\u00ednimo 30 horas na atividade). Excetuando Liga Acad\u00eamica.<\/td><td colspan=\"4\">Certificado ou declara\u00e7\u00e3o emitido e assinado pela Pr\u00f3-reitoria de Extens\u00e3o ou \u00f3rg\u00e3o equivalente da IES espec\u00edfico para atividades na modalidade de extens\u00e3o, com a carga hor\u00e1ria e o nome do projeto. Pontua\u00e7\u00e3o considerada para programa ou projeto com no m\u00ednimo 30 horas na modalidade extens\u00e3o. N\u00e3o ser\u00e3o aceitos participa\u00e7\u00e3o em ligas acad\u00eamicas e cursos de extens\u00e3o. Apenas ser\u00e1 aceito certificado ou declara\u00e7\u00e3o, emitido e assinado pela Pr\u00f3-reitoria de Extens\u00e3o ou \u00f3rg\u00e3o equivalente da IES espec\u00edfico, de programas ou projetos conclu\u00eddos nos \u00faltimos 5 (cinco) anos, at\u00e9 a data-limite para an\u00e1lise curricular, prevista no anexo VI- cronograma deste edital. Ser\u00e1 pontuada a participa\u00e7\u00e3o de bolsista e volunt\u00e1rio.<\/td><\/tr><tr><td colspan=\"4\">03 \u2013 Participa\u00e7\u00e3o em eventos, presta\u00e7\u00e3o de servi\u00e7os, oficinas de extens\u00e3o, cursos de extens\u00e3o e Viv\u00eancias no SUS: VER-SUS, ViverSUS, SEVI SUS e EV-SUS (m\u00ednimo 20 horas).<\/td><td colspan=\"4\">Certificado ou declara\u00e7\u00e3o emitido e assinado pelo representante da IES espec\u00edfico para atividades de eventos, presta\u00e7\u00e3o de servi\u00e7os e oficinas na modalidade de extens\u00e3o. Viv\u00eancias no SUS Certificado ou declara\u00e7\u00e3o emitido e assinado pelo representante da IES e\/ou Escola de Sa\u00fade P\u00fablica e\/ou representante legal da institui\u00e7\u00e3o organizadora e\/ou Secretarias Estaduais ou Municipais de Sa\u00fade e\/ou Minist\u00e9rio da Sa\u00fade. Apenas ser\u00e1 aceito certificado de participa\u00e7\u00e3o realizados nos \u00faltimos 5 (cinco) anos, at\u00e9 a data-limite para an\u00e1lise curricular, prevista no anexo VI- cronograma deste edital.<\/td><\/tr><tr><td colspan=\"4\">04 \u2013 Monitoria em componente curricular regulares da gradua\u00e7\u00e3o devidamente cadastrada na Pr\u00f3-reitoria ou Coordena\u00e7\u00e3o de Gradua\u00e7\u00e3o da IES. Ser\u00e1 considerado o semestre letivo. (entendese por semestre acad\u00eamico o per\u00edodo igual ou superior a 90 dias letivos, e cada 1 ano corresponde a 2 semestres).<\/td><td colspan=\"4\">Certificado ou declara\u00e7\u00e3o emitido e assinado pela Pr\u00f3-reitoria de Gradua\u00e7\u00e3o ou \u00f3rg\u00e3o equivalente da IES, com o nome da disciplina e per\u00edodo de participa\u00e7\u00e3o. Somente ser\u00e3o considerados certificado com carga hor\u00e1ria de 12 horas semanais e com o nome do componente curricular. Ser\u00e1 pontuada a participa\u00e7\u00e3o de bolsista e volunt\u00e1rio.<\/td><\/tr><tr><td colspan=\"4\">05 \u2013 Atividade de Pesquisa nas modalidades Programa Institucional de Bolsas de Inicia\u00e7\u00e3o Cientifica\/PIBIC, Programa Institucional de Bolsas de Inicia\u00e7\u00e3o \u00e0 Doc\u00eancia\/ PIBID, Programa Institucional de Bolsas de Inicia\u00e7\u00e3o em Desenvolvimento Tecnol\u00f3gico e Inova\u00e7\u00e3o\/ PIBITI, Inicia\u00e7\u00e3o Cient\u00edfica Volunt\u00e1ria\/ICV, Inicia\u00e7\u00e3o em Desenvolvimento Tecnol\u00f3gico Volunt\u00e1rio\/ ITV ou atividade de Pesquisa e Inova\u00e7\u00e3o Tecnol\u00f3gica, per\u00edodo \u2265 1 ano, devidamente registrada na IES ou em Institui\u00e7\u00e3o Cient\u00edfica, Tecnol\u00f3gica e de Inova\u00e7\u00e3o (ICT).<\/td><td colspan=\"4\">Certificado ou declara\u00e7\u00e3o emitido e assinado pelo pela Pr\u00f3-reitoria de pesquisa ou \u00f3rg\u00e3o equivalente da IES ou Institui\u00e7\u00e3o Cient\u00edfica, Tecnol\u00f3gica e de Inova\u00e7\u00e3o (ICT), contendo o per\u00edodo de participa\u00e7\u00e3o e nome do projeto. Ser\u00e1 pontuada a participa\u00e7\u00e3o de bolsista e volunt\u00e1rio.<\/td><\/tr><tr><td colspan=\"4\">06 \u2013 Trabalhos cient\u00edficos apresentados\/ publicados nos anais em Congresso Semin\u00e1rios, Simp\u00f3sios, F\u00f3runs e Jornada Cient\u00edfica M\u00e9dica Regional \/ Local.<\/td><td colspan=\"4\">Certificado de apresenta\u00e7\u00e3o do trabalho emitido pelo Congresso, Semin\u00e1rios, Simp\u00f3sios, F\u00f3runs e Jornada cient\u00edfica. Cada trabalho cient\u00edfico ser\u00e1 pontuado apenas uma vez.<\/td><\/tr><tr><td colspan=\"4\">07 \u2013 Trabalhos Cient\u00edficos apresentados\/ publicados nos anais em Congresso, Semin\u00e1rios, Simp\u00f3sios, F\u00f3runs e Jornada cient\u00edfica M\u00e9dica Nacional ou Internacional.<\/td><td colspan=\"4\">Certificado de apresenta\u00e7\u00e3o do trabalho emitido pelo Congresso Semin\u00e1rios, Simp\u00f3sios, F\u00f3runs e Jornada cient\u00edfica. Cada trabalho cient\u00edfico ser\u00e1 pontuado apenas uma vez.<\/td><\/tr><tr><td colspan=\"4\">08 \u2013 Artigo cient\u00edficos publicados em Peri\u00f3dicos n\u00e3o indexados ou em publicado nos anais do evento.<\/td><td colspan=\"4\">C\u00f3pia da primeira p\u00e1gina do artigo ou c\u00f3pia dos anais do evento contendo a p\u00e1gina do resumo. O candidato pontuar\u00e1 como autor ou co-autor.<\/td><\/tr><tr><td colspan=\"4\">09 \u2013 Artigo cient\u00edfico na \u00e1rea da sa\u00fade com registro DOI (Digital Object Identifier) publicado em Revista com ISSN, indexada em pelo menos uma base cient\u00edfica (Latindex, Scopus, Medline, Scielo, Lilacs).<\/td><td colspan=\"4\">C\u00f3pia da primeira p\u00e1gina do artigo. N\u00e3o ser\u00e3o aceitos resumos publicados em anais de congresso. O candidato pontuar\u00e1 como autor ou co-autor.<\/td><\/tr><tr><td colspan=\"4\">10 \u2013 Participa\u00e7\u00e3o em Congresso Simp\u00f3sio ou Jornada, Semin\u00e1rios, F\u00f3runs, na \u00e1rea profissional de escolha.<\/td><td colspan=\"4\">Certificado emitido pela comiss\u00e3o\/institui\u00e7\u00e3o organizadora do evento. Apenas ser\u00e1 aceito certificado de participa\u00e7\u00e3o em eventos realizadas nos \u00faltimos 5 (cinco) anos, at\u00e9 a data-limite para an\u00e1lise curricular, prevista no anexo VI \u2013 cronograma deste edital.<\/td><\/tr><tr><td colspan=\"4\">11 \u2013 Representa\u00e7\u00e3o estudantil em \u00f3rg\u00e3o colegiado, a cada um ano (\u2265 12 meses).<\/td><td colspan=\"4\">Declara\u00e7\u00e3o emitida e assinada pelo coordenador do \u00f3rg\u00e3o colegiado da institui\u00e7\u00e3o de ensino vinculada ao discente especificando o tipo de representa\u00e7\u00e3o estudantil realizada com o percentual de participa\u00e7\u00e3o nas atividades.<\/td><\/tr><tr><td colspan=\"4\">12 \u2013 Participa\u00e7\u00e3o em Ligas Acad\u00eamicas cadastradas na Institui\u00e7\u00e3o de Ensino com dura\u00e7\u00e3o \u2265 12 meses.<\/td><td colspan=\"4\">Participa\u00e7\u00e3o em Ligas Acad\u00eamicas cadastradas na Institui\u00e7\u00e3o de Ensino com dura\u00e7\u00e3o de 1 ano (ser\u00e1 considerado o ano letivo).<\/td><\/tr><tr><td colspan=\"4\">13 \u2013 L\u00edngua estrangeira: profici\u00eancia ou curso com pelo menos 3 (tr\u00eas) anos de dura\u00e7\u00e3o.<\/td><td colspan=\"4\">Certificado de profici\u00eancia, com identifica\u00e7\u00e3o do n\u00edvel, v\u00e1lido na data do envio do documento. Ou Certificado de curso com per\u00edodo de realiza\u00e7\u00e3o \u2265 a 3 (tr\u00eas) anos de dura\u00e7\u00e3o.<\/td><\/tr><tr><td colspan=\"4\">14 \u2013 Participa\u00e7\u00e3o no Pet Sa\u00fade e\/ou Pet MEC e\/ou PET Sa\u00fade Equidade.<\/td><td colspan=\"4\">Certificado.<\/td><\/tr><\/tbody><\/table><\/figure>\n\n\n\n<p>Saiba quais documentos eram aceitos para as especialidades de <strong>Pr\u00e9-requisito:<\/strong><\/p>\n\n\n\n<figure class=\"wp-block-table\"><table class=\"has-fixed-layout\"><tbody><tr><td><strong>Componente do curr\u00edculo<\/strong><\/td><td><strong>Documento comprobat\u00f3rio<\/strong><\/td><\/tr><tr><td>01 \u2013 Aproveitamento durante o PRM pr\u00e9- requisito: Considere a m\u00e9dia aritm\u00e9tica das notas obtidas nas avalia\u00e7\u00f5es trimestrais durante o PRM.<\/td><td>Hist\u00f3rico do PRM emitido pelo(a) coordenador(a) da COREME com o valor m\u00e9dio dos resultados das avalia\u00e7\u00f5es realizadas em cada ano do programa de resid\u00eancia. Na aus\u00eancia do Hist\u00f3rico Escolar, este item n\u00e3o ser\u00e1 pontuado.<\/td><\/tr><tr><td>02 \u2013 Curso de Extens\u00e3o na \u00e1rea de sa\u00fade durante o Programa de Resid\u00eancia M\u00e9dica que constitui o pr\u00e9-requisito devidamente cadastrado na Pr\u00f3-Reitoria ou Coordena\u00e7\u00e3o de Extens\u00e3o da IES (no m\u00ednimo 30 horas).<\/td><td>Certificado ou declara\u00e7\u00e3o emitido e assinado pelo representante da IES. Apenas ser\u00e1 aceito certificado de participa\u00e7\u00e3o em cursos de extens\u00e3o realizados nos \u00faltimos 5 (cinco) anos, at\u00e9 a data-limite para an\u00e1lise curricular, prevista no anexo VI cronograma deste edital.<\/td><\/tr><tr><td>03 \u2013 Participa\u00e7\u00e3o em eventos de extens\u00e3o.<\/td><td>Certificado ou declara\u00e7\u00e3o emitido e assinado pelo representante da IES espec\u00edfico para atividades de cursos e eventos na modalidade de extens\u00e3o. Apenas ser\u00e1 aceito certificado de participa\u00e7\u00e3o em eventos de extens\u00e3o realizados nos \u00faltimos 5 (cinco) anos, at\u00e9 a data-limite para an\u00e1lise curricular, prevista no anexo VI \u2013 cronograma deste edital.<\/td><\/tr><tr><td>04 \u2013 Trabalhos cient\u00edficos apresentados em Congresso, Semin\u00e1rios, Simp\u00f3sios, F\u00f3runs e Jornada Cient\u00edfica Regional \/ Local.<\/td><td>Certificado de apresenta\u00e7\u00e3o do trabalho emitido pelo Congresso, Semin\u00e1rios, Simp\u00f3sios, F\u00f3runs e Jornada cient\u00edfica. Cada trabalho cient\u00edfico ser\u00e1 pontuado apenas uma vez.<\/td><\/tr><tr><td>05 \u2013 Trabalhos Cient\u00edficos apresentados em Semin\u00e1rios, Simp\u00f3sios, F\u00f3runs e Jornada cient\u00edfica Nacional ou Internacional.<\/td><td>Certificado de apresenta\u00e7\u00e3o do trabalho emitido pelo Congresso, Semin\u00e1rios, Simp\u00f3sios, F\u00f3runs e Jornada cient\u00edfica. Cada trabalho cient\u00edfico ser\u00e1 pontuado apenas uma vez.<\/td><\/tr><tr><td>06 \u2013 Artigo cient\u00edficos publicados em Peri\u00f3dicos n\u00e3o indexados ou em publicado nos anais do evento.<\/td><td>C\u00f3pia da primeira p\u00e1gina do artigo ou c\u00f3pia dos anais do evento contendo a p\u00e1gina do resumo. O candidato pontuar\u00e1 como autor ou co-autor.<\/td><\/tr><tr><td>07 \u2013 Artigo cient\u00edfico na \u00e1rea da sa\u00fade com registro DOI (Digital Object Identifier) publicado em Revista com ISSN, indexada em pelo menos uma base cient\u00edfica (Latindex, Scopus, Medline, Scielo, Lilacs).<\/td><td>C\u00f3pia da primeira p\u00e1gina do artigo. N\u00e3o ser\u00e3o aceitos resumos publicados em anais de congresso. O candidato pontuar\u00e1 como autor ou co-autor.<\/td><\/tr><tr><td>08 \u2013 Participa\u00e7\u00e3o em Congresso, Simp\u00f3sio ou Jornada, Semin\u00e1rios, F\u00f3runs com carga hor\u00e1ria \u2265 a 8h.<\/td><td>Certificado emitido pelo Certificado emitido pelo Congresso M\u00e9dico, Simp\u00f3sio ou Jornada, Semin\u00e1rios e F\u00f3runs com carga hor\u00e1ria. Apenas ser\u00e1 aceito certificado de participa\u00e7\u00e3o em Congressos, Simp\u00f3sio ou Jornada, Semin\u00e1rios, F\u00f3runs realizados nos \u00faltimos 5 (cinco) anos, at\u00e9 a data-limite para an\u00e1lise curricular, prevista no anexo VI cronograma deste edital.<\/td><\/tr><tr><td>09 \u2013 Representa\u00e7\u00e3o em \u00f3rg\u00e3os colegiados da institui\u00e7\u00e3o durante o desenvolvimento do PRM, por ano (\u2265 12 meses)<\/td><td>Declara\u00e7\u00e3o emitida e assinada pelo coordenador do \u00f3rg\u00e3o colegiado da institui\u00e7\u00e3o vinculada ao discente especificando o tipo de representa\u00e7\u00e3o estudantil realizada.<\/td><\/tr><tr><td>10 \u2013 Curso de P\u00f3s-gradua\u00e7\u00e3o conclu\u00eddo (latu sensu ou stricto sensu) que n\u00e3o programa de resid\u00eancia.<\/td><td>Certificado ou declara\u00e7\u00e3o de conclus\u00e3o emitida e assinada pelo respons\u00e1vel pelo programa de p\u00f3s-gradua\u00e7\u00e3o reconhecido pelo MEC.<\/td><\/tr><\/tbody><\/table><\/figure>\n\n\n\n<h2 class=\"wp-block-heading\" id=\"h-o-que-e-o-enare\"><span class=\"ez-toc-section\" id=\"O_que_e_o_ENARE\"><\/span><strong>O que \u00e9 o ENARE?<\/strong><span class=\"ez-toc-section-end\"><\/span><\/h2>\n\n\n\n<p>O ENARE \u00e9 conhecido como o ENEM da medicina, pois possui um sistema semelhante que unifica diversas institui\u00e7\u00f5es a um mesmo processo seletivo. Assim, seu funcionamento permite que os candidatos realizem a prova em diversas localidades do pa\u00eds, podendo se candidatar as vagas de acordo com sua prefer\u00eancia.<\/p>\n\n\n\n<p>Saiba mais sobre <a href=\"https:\/\/www.grupomedcof.com.br\/blog\/fgv-coordenara-enare-2024-2025\/\" target=\"_blank\" rel=\"noreferrer noopener\">o que \u00e9 o ENARE!<\/a><\/p>\n\n\n\n<h2 class=\"wp-block-heading\" id=\"h-prepare-se-para-o-enare-2025\"><span class=\"ez-toc-section\" id=\"Prepare-se_para_o_ENARE_2025\"><\/span><strong>Prepare-se para o ENARE 2025!<\/strong><span class=\"ez-toc-section-end\"><\/span><\/h2>\n\n\n\n<p>Quer alcan\u00e7ar a aprova\u00e7\u00e3o no ENARE? Ent\u00e3o seja um&nbsp;<a href=\"https:\/\/www.grupomedcof.com.br\/home\/\" target=\"_blank\" rel=\"noreferrer noopener\">MedCoffer<\/a>! Aqui te ajudaremos na busca da aprova\u00e7\u00e3o com conte\u00fados de qualidade e uma&nbsp;<a href=\"https:\/\/www.grupomedcof.com.br\/blog\/presenca-da-medcof-nas-aprovacoes-em-residencia-medica-no-brasil\/\" target=\"_blank\" rel=\"noreferrer noopener\">metodologia que j\u00e1 aprovou mais de 10 mil residentes no pa\u00eds!&nbsp;<\/a>Por fim, acesse o nosso<a href=\"https:\/\/www.youtube.com\/@GrupoMedcof\/featured\" target=\"_blank\" rel=\"noreferrer noopener\">&nbsp;<strong>canal do youtube&nbsp;<\/strong><\/a>para ver o nosso material, como a nossa live, em que as especialistas Renata Pinheiro e Fernanda Lopes sanaram algumas d\u00favidas referente \u00e0 an\u00e1lise curricular:<\/p>\n\n\n\n<figure class=\"wp-block-embed is-type-video is-provider-youtube wp-block-embed-youtube wp-embed-aspect-16-9 wp-has-aspect-ratio\"><div class=\"wp-block-embed__wrapper\">\n<div class=\"youtube-embed\" data-video_id=\"52s_X6Q_1eA\"><iframe loading=\"lazy\" title=\"D\u00favidas sobre o Envio do Curr\u00edculo - ENARE\" width=\"696\" height=\"392\" src=\"https:\/\/www.youtube.com\/embed\/52s_X6Q_1eA?feature=oembed&#038;enablejsapi=1\" frameborder=\"0\" allow=\"accelerometer; autoplay; clipboard-write; encrypted-media; gyroscope; picture-in-picture; web-share\" referrerpolicy=\"strict-origin-when-cross-origin\" allowfullscreen><\/iframe><\/div>\n<\/div><\/figure>\n","protected":false},"excerpt":{"rendered":"<p>O Enare n\u00e3o ter\u00e1 mais segunda fase na sele\u00e7\u00e3o devido a problemas na an\u00e1lise curricular. Agora o processo conta com fase \u00fanica. Veja como se preparar!<\/p>\n","protected":false},"author":20,"featured_media":35312,"comment_status":"open","ping_status":"open","sticky":false,"template":"","format":"standard","meta":{"footnotes":""},"categories":[287],"tags":[1636,1664,29,117,68],"ppma_author":[3616],"class_list":{"0":"post-28587","1":"post","2":"type-post","3":"status-publish","4":"format-standard","5":"has-post-thumbnail","7":"category-destaques-medcof","8":"tag-analise-curricular","9":"tag-curriculo","10":"tag-enare","11":"tag-provas-de-residencia","12":"tag-residencia-medica"},"yoast_head":"<!-- This site is optimized with the Yoast SEO Premium plugin v24.3 (Yoast SEO v27.4) - https:\/\/yoast.com\/product\/yoast-seo-premium-wordpress\/ -->\n<title>An\u00e1lise Curricular do Enare \u00e9 CANCELADA pela Ebserh - Blog de Medcof: conte\u00fados, editais, revalida e mais!<\/title>\n<meta name=\"description\" content=\"O Enare n\u00e3o ter\u00e1 mais segunda fase na sele\u00e7\u00e3o devido a problemas na an\u00e1lise curricular. Agora o processo conta com fase \u00fanica. Veja como se preparar!\" \/>\n<meta name=\"robots\" content=\"index, follow, max-snippet:-1, max-image-preview:large, max-video-preview:-1\" \/>\n<link rel=\"canonical\" href=\"https:\/\/www.grupomedcof.com.br\/blog\/ebserh-cancela-analise-curricular-de-residencia-medica-do-enare\/\" \/>\n<meta property=\"og:locale\" content=\"pt_BR\" \/>\n<meta property=\"og:type\" content=\"article\" \/>\n<meta property=\"og:title\" content=\"An\u00e1lise Curricular do Enare \u00e9 CANCELADA pela Ebserh\" \/>\n<meta property=\"og:description\" content=\"O Enare n\u00e3o ter\u00e1 mais segunda fase na sele\u00e7\u00e3o devido a problemas na an\u00e1lise curricular. Agora o processo conta com fase \u00fanica. Veja como se preparar!\" \/>\n<meta property=\"og:url\" content=\"https:\/\/www.grupomedcof.com.br\/blog\/ebserh-cancela-analise-curricular-de-residencia-medica-do-enare\/\" \/>\n<meta property=\"og:site_name\" content=\"Blog de Medcof: conte\u00fados, editais, revalida e mais!\" \/>\n<meta property=\"article:publisher\" content=\"https:\/\/www.facebook.com\/MedCofQbank\/\" \/>\n<meta property=\"article:published_time\" content=\"2025-04-24T17:40:54+00:00\" \/>\n<meta property=\"article:modified_time\" content=\"2025-06-26T16:59:25+00:00\" \/>\n<meta property=\"og:image\" content=\"https:\/\/www.grupomedcof.com.br\/blog\/wp-content\/uploads\/2024\/08\/Modelo-instituicoes-2025-04-24T143856.000.jpg\" \/>\n\t<meta property=\"og:image:width\" content=\"1920\" \/>\n\t<meta property=\"og:image:height\" content=\"1080\" \/>\n\t<meta property=\"og:image:type\" content=\"image\/jpeg\" \/>\n<meta name=\"author\" content=\"Leila Menzel\" \/>\n<meta name=\"twitter:card\" content=\"summary_large_image\" \/>\n<meta name=\"twitter:label1\" content=\"Escrito por\" \/>\n\t<meta name=\"twitter:data1\" content=\"Leila Menzel\" \/>\n\t<meta name=\"twitter:label2\" content=\"Est. tempo de leitura\" \/>\n\t<meta name=\"twitter:data2\" content=\"17 minutos\" \/>\n<script type=\"application\/ld+json\" class=\"yoast-schema-graph\">{\"@context\":\"https:\\\/\\\/schema.org\",\"@graph\":[{\"@type\":\"Article\",\"@id\":\"https:\\\/\\\/www.grupomedcof.com.br\\\/blog\\\/ebserh-cancela-analise-curricular-de-residencia-medica-do-enare\\\/#article\",\"isPartOf\":{\"@id\":\"https:\\\/\\\/www.grupomedcof.com.br\\\/blog\\\/ebserh-cancela-analise-curricular-de-residencia-medica-do-enare\\\/\"},\"author\":{\"name\":\"Leila Menzel\",\"@id\":\"https:\\\/\\\/www.grupomedcof.com.br\\\/blog\\\/#\\\/schema\\\/person\\\/9a44c2184a836bf5ae6967fdb3a1451e\"},\"headline\":\"An\u00e1lise Curricular do Enare \u00e9 CANCELADA pela Ebserh\",\"datePublished\":\"2025-04-24T17:40:54+00:00\",\"dateModified\":\"2025-06-26T16:59:25+00:00\",\"mainEntityOfPage\":{\"@id\":\"https:\\\/\\\/www.grupomedcof.com.br\\\/blog\\\/ebserh-cancela-analise-curricular-de-residencia-medica-do-enare\\\/\"},\"wordCount\":3200,\"commentCount\":0,\"publisher\":{\"@id\":\"https:\\\/\\\/www.grupomedcof.com.br\\\/blog\\\/#organization\"},\"image\":{\"@id\":\"https:\\\/\\\/www.grupomedcof.com.br\\\/blog\\\/ebserh-cancela-analise-curricular-de-residencia-medica-do-enare\\\/#primaryimage\"},\"thumbnailUrl\":\"https:\\\/\\\/www.grupomedcof.com.br\\\/blog\\\/wp-content\\\/uploads\\\/2024\\\/08\\\/Modelo-instituicoes-2025-04-24T143856.000.jpg\",\"keywords\":[\"AN\u00e1lise Curricular\",\"Curr\u00edculo\",\"ENARE\",\"Provas de Resid\u00eancia\",\"Resid\u00eancia M\u00e9dica\"],\"articleSection\":[\"Destaques MedCof\"],\"inLanguage\":\"pt-BR\"},{\"@type\":\"WebPage\",\"@id\":\"https:\\\/\\\/www.grupomedcof.com.br\\\/blog\\\/ebserh-cancela-analise-curricular-de-residencia-medica-do-enare\\\/\",\"url\":\"https:\\\/\\\/www.grupomedcof.com.br\\\/blog\\\/ebserh-cancela-analise-curricular-de-residencia-medica-do-enare\\\/\",\"name\":\"An\u00e1lise Curricular do Enare \u00e9 CANCELADA pela Ebserh - Blog de Medcof: conte\u00fados, editais, revalida e mais!\",\"isPartOf\":{\"@id\":\"https:\\\/\\\/www.grupomedcof.com.br\\\/blog\\\/#website\"},\"primaryImageOfPage\":{\"@id\":\"https:\\\/\\\/www.grupomedcof.com.br\\\/blog\\\/ebserh-cancela-analise-curricular-de-residencia-medica-do-enare\\\/#primaryimage\"},\"image\":{\"@id\":\"https:\\\/\\\/www.grupomedcof.com.br\\\/blog\\\/ebserh-cancela-analise-curricular-de-residencia-medica-do-enare\\\/#primaryimage\"},\"thumbnailUrl\":\"https:\\\/\\\/www.grupomedcof.com.br\\\/blog\\\/wp-content\\\/uploads\\\/2024\\\/08\\\/Modelo-instituicoes-2025-04-24T143856.000.jpg\",\"datePublished\":\"2025-04-24T17:40:54+00:00\",\"dateModified\":\"2025-06-26T16:59:25+00:00\",\"description\":\"O Enare n\u00e3o ter\u00e1 mais segunda fase na sele\u00e7\u00e3o devido a problemas na an\u00e1lise curricular. Agora o processo conta com fase \u00fanica. Veja como se preparar!\",\"breadcrumb\":{\"@id\":\"https:\\\/\\\/www.grupomedcof.com.br\\\/blog\\\/ebserh-cancela-analise-curricular-de-residencia-medica-do-enare\\\/#breadcrumb\"},\"inLanguage\":\"pt-BR\",\"potentialAction\":[{\"@type\":\"ReadAction\",\"target\":[\"https:\\\/\\\/www.grupomedcof.com.br\\\/blog\\\/ebserh-cancela-analise-curricular-de-residencia-medica-do-enare\\\/\"]}]},{\"@type\":\"ImageObject\",\"inLanguage\":\"pt-BR\",\"@id\":\"https:\\\/\\\/www.grupomedcof.com.br\\\/blog\\\/ebserh-cancela-analise-curricular-de-residencia-medica-do-enare\\\/#primaryimage\",\"url\":\"https:\\\/\\\/www.grupomedcof.com.br\\\/blog\\\/wp-content\\\/uploads\\\/2024\\\/08\\\/Modelo-instituicoes-2025-04-24T143856.000.jpg\",\"contentUrl\":\"https:\\\/\\\/www.grupomedcof.com.br\\\/blog\\\/wp-content\\\/uploads\\\/2024\\\/08\\\/Modelo-instituicoes-2025-04-24T143856.000.jpg\",\"width\":1920,\"height\":1080,\"caption\":\"Fonte: Canva.\"},{\"@type\":\"BreadcrumbList\",\"@id\":\"https:\\\/\\\/www.grupomedcof.com.br\\\/blog\\\/ebserh-cancela-analise-curricular-de-residencia-medica-do-enare\\\/#breadcrumb\",\"itemListElement\":[{\"@type\":\"ListItem\",\"position\":1,\"name\":\"In\u00edcio\",\"item\":\"https:\\\/\\\/www.grupomedcof.com.br\\\/blog\\\/\"},{\"@type\":\"ListItem\",\"position\":2,\"name\":\"An\u00e1lise Curricular do Enare \u00e9 CANCELADA pela Ebserh\"}]},{\"@type\":\"WebSite\",\"@id\":\"https:\\\/\\\/www.grupomedcof.com.br\\\/blog\\\/#website\",\"url\":\"https:\\\/\\\/www.grupomedcof.com.br\\\/blog\\\/\",\"name\":\"Blog de Medcof: conte\u00fados, editais, revalida e mais!\",\"description\":\"Acesso o blog de MedCof! Seu portal de conte\u00fados sobre resid\u00eancia m\u00e9dica, an\u00e1lise e editais e muito mais. Clique e confira!\",\"publisher\":{\"@id\":\"https:\\\/\\\/www.grupomedcof.com.br\\\/blog\\\/#organization\"},\"alternateName\":\"Blog de Medcof: conte\u00fados, editais, revalida e mais!\",\"potentialAction\":[{\"@type\":\"SearchAction\",\"target\":{\"@type\":\"EntryPoint\",\"urlTemplate\":\"https:\\\/\\\/www.grupomedcof.com.br\\\/blog\\\/?s={search_term_string}\"},\"query-input\":{\"@type\":\"PropertyValueSpecification\",\"valueRequired\":true,\"valueName\":\"search_term_string\"}}],\"inLanguage\":\"pt-BR\"},{\"@type\":\"Organization\",\"@id\":\"https:\\\/\\\/www.grupomedcof.com.br\\\/blog\\\/#organization\",\"name\":\"Grupo MedCof\",\"url\":\"https:\\\/\\\/www.grupomedcof.com.br\\\/blog\\\/\",\"logo\":{\"@type\":\"ImageObject\",\"inLanguage\":\"pt-BR\",\"@id\":\"https:\\\/\\\/www.grupomedcof.com.br\\\/blog\\\/#\\\/schema\\\/logo\\\/image\\\/\",\"url\":\"https:\\\/\\\/www.grupomedcof.com.br\\\/blog\\\/wp-content\\\/uploads\\\/2022\\\/01\\\/logo-medcof.png\",\"contentUrl\":\"https:\\\/\\\/www.grupomedcof.com.br\\\/blog\\\/wp-content\\\/uploads\\\/2022\\\/01\\\/logo-medcof.png\",\"width\":768,\"height\":269,\"caption\":\"Grupo MedCof\"},\"image\":{\"@id\":\"https:\\\/\\\/www.grupomedcof.com.br\\\/blog\\\/#\\\/schema\\\/logo\\\/image\\\/\"},\"sameAs\":[\"https:\\\/\\\/www.facebook.com\\\/MedCofQbank\\\/\",\"https:\\\/\\\/www.instagram.com\\\/grupomedcof\\\/\",\"https:\\\/\\\/br.linkedin.com\\\/company\\\/medcof\",\"https:\\\/\\\/www.youtube.com\\\/channel\\\/UCdHMuOHKICxcHwecxN8P-AA\"]},{\"@type\":\"Person\",\"@id\":\"https:\\\/\\\/www.grupomedcof.com.br\\\/blog\\\/#\\\/schema\\\/person\\\/9a44c2184a836bf5ae6967fdb3a1451e\",\"name\":\"Leila Menzel\",\"image\":{\"@type\":\"ImageObject\",\"inLanguage\":\"pt-BR\",\"@id\":\"https:\\\/\\\/www.grupomedcof.com.br\\\/blog\\\/wp-content\\\/uploads\\\/2025\\\/09\\\/cropped-eu-96x96.jpeg19a74936d997c0a8b3031618467fa1d0\",\"url\":\"https:\\\/\\\/www.grupomedcof.com.br\\\/blog\\\/wp-content\\\/uploads\\\/2025\\\/09\\\/cropped-eu-96x96.jpeg\",\"contentUrl\":\"https:\\\/\\\/www.grupomedcof.com.br\\\/blog\\\/wp-content\\\/uploads\\\/2025\\\/09\\\/cropped-eu-96x96.jpeg\",\"caption\":\"Leila Menzel\"},\"description\":\"Estudante do 6\u00b0 semestre de jornalismo, amo e escrevo poesias e viajo em livros de romances clich\u00eas.\",\"url\":\"https:\\\/\\\/www.grupomedcof.com.br\\\/blog\\\/author\\\/leila-menzel\\\/\"}]}<\/script>\n<!-- \/ Yoast SEO Premium plugin. -->","yoast_head_json":{"title":"An\u00e1lise Curricular do Enare \u00e9 CANCELADA pela Ebserh - Blog de Medcof: conte\u00fados, editais, revalida e mais!","description":"O Enare n\u00e3o ter\u00e1 mais segunda fase na sele\u00e7\u00e3o devido a problemas na an\u00e1lise curricular. Agora o processo conta com fase \u00fanica. Veja como se preparar!","robots":{"index":"index","follow":"follow","max-snippet":"max-snippet:-1","max-image-preview":"max-image-preview:large","max-video-preview":"max-video-preview:-1"},"canonical":"https:\/\/www.grupomedcof.com.br\/blog\/ebserh-cancela-analise-curricular-de-residencia-medica-do-enare\/","og_locale":"pt_BR","og_type":"article","og_title":"An\u00e1lise Curricular do Enare \u00e9 CANCELADA pela Ebserh","og_description":"O Enare n\u00e3o ter\u00e1 mais segunda fase na sele\u00e7\u00e3o devido a problemas na an\u00e1lise curricular. Agora o processo conta com fase \u00fanica. Veja como se preparar!","og_url":"https:\/\/www.grupomedcof.com.br\/blog\/ebserh-cancela-analise-curricular-de-residencia-medica-do-enare\/","og_site_name":"Blog de Medcof: conte\u00fados, editais, revalida e mais!","article_publisher":"https:\/\/www.facebook.com\/MedCofQbank\/","article_published_time":"2025-04-24T17:40:54+00:00","article_modified_time":"2025-06-26T16:59:25+00:00","og_image":[{"width":1920,"height":1080,"url":"https:\/\/www.grupomedcof.com.br\/blog\/wp-content\/uploads\/2024\/08\/Modelo-instituicoes-2025-04-24T143856.000.jpg","type":"image\/jpeg"}],"author":"Leila Menzel","twitter_card":"summary_large_image","twitter_misc":{"Escrito por":"Leila Menzel","Est. tempo de leitura":"17 minutos"},"schema":{"@context":"https:\/\/schema.org","@graph":[{"@type":"Article","@id":"https:\/\/www.grupomedcof.com.br\/blog\/ebserh-cancela-analise-curricular-de-residencia-medica-do-enare\/#article","isPartOf":{"@id":"https:\/\/www.grupomedcof.com.br\/blog\/ebserh-cancela-analise-curricular-de-residencia-medica-do-enare\/"},"author":{"name":"Leila Menzel","@id":"https:\/\/www.grupomedcof.com.br\/blog\/#\/schema\/person\/9a44c2184a836bf5ae6967fdb3a1451e"},"headline":"An\u00e1lise Curricular do Enare \u00e9 CANCELADA pela Ebserh","datePublished":"2025-04-24T17:40:54+00:00","dateModified":"2025-06-26T16:59:25+00:00","mainEntityOfPage":{"@id":"https:\/\/www.grupomedcof.com.br\/blog\/ebserh-cancela-analise-curricular-de-residencia-medica-do-enare\/"},"wordCount":3200,"commentCount":0,"publisher":{"@id":"https:\/\/www.grupomedcof.com.br\/blog\/#organization"},"image":{"@id":"https:\/\/www.grupomedcof.com.br\/blog\/ebserh-cancela-analise-curricular-de-residencia-medica-do-enare\/#primaryimage"},"thumbnailUrl":"https:\/\/www.grupomedcof.com.br\/blog\/wp-content\/uploads\/2024\/08\/Modelo-instituicoes-2025-04-24T143856.000.jpg","keywords":["AN\u00e1lise Curricular","Curr\u00edculo","ENARE","Provas de Resid\u00eancia","Resid\u00eancia M\u00e9dica"],"articleSection":["Destaques MedCof"],"inLanguage":"pt-BR"},{"@type":"WebPage","@id":"https:\/\/www.grupomedcof.com.br\/blog\/ebserh-cancela-analise-curricular-de-residencia-medica-do-enare\/","url":"https:\/\/www.grupomedcof.com.br\/blog\/ebserh-cancela-analise-curricular-de-residencia-medica-do-enare\/","name":"An\u00e1lise Curricular do Enare \u00e9 CANCELADA pela Ebserh - Blog de Medcof: conte\u00fados, editais, revalida e mais!","isPartOf":{"@id":"https:\/\/www.grupomedcof.com.br\/blog\/#website"},"primaryImageOfPage":{"@id":"https:\/\/www.grupomedcof.com.br\/blog\/ebserh-cancela-analise-curricular-de-residencia-medica-do-enare\/#primaryimage"},"image":{"@id":"https:\/\/www.grupomedcof.com.br\/blog\/ebserh-cancela-analise-curricular-de-residencia-medica-do-enare\/#primaryimage"},"thumbnailUrl":"https:\/\/www.grupomedcof.com.br\/blog\/wp-content\/uploads\/2024\/08\/Modelo-instituicoes-2025-04-24T143856.000.jpg","datePublished":"2025-04-24T17:40:54+00:00","dateModified":"2025-06-26T16:59:25+00:00","description":"O Enare n\u00e3o ter\u00e1 mais segunda fase na sele\u00e7\u00e3o devido a problemas na an\u00e1lise curricular. Agora o processo conta com fase \u00fanica. Veja como se preparar!","breadcrumb":{"@id":"https:\/\/www.grupomedcof.com.br\/blog\/ebserh-cancela-analise-curricular-de-residencia-medica-do-enare\/#breadcrumb"},"inLanguage":"pt-BR","potentialAction":[{"@type":"ReadAction","target":["https:\/\/www.grupomedcof.com.br\/blog\/ebserh-cancela-analise-curricular-de-residencia-medica-do-enare\/"]}]},{"@type":"ImageObject","inLanguage":"pt-BR","@id":"https:\/\/www.grupomedcof.com.br\/blog\/ebserh-cancela-analise-curricular-de-residencia-medica-do-enare\/#primaryimage","url":"https:\/\/www.grupomedcof.com.br\/blog\/wp-content\/uploads\/2024\/08\/Modelo-instituicoes-2025-04-24T143856.000.jpg","contentUrl":"https:\/\/www.grupomedcof.com.br\/blog\/wp-content\/uploads\/2024\/08\/Modelo-instituicoes-2025-04-24T143856.000.jpg","width":1920,"height":1080,"caption":"Fonte: Canva."},{"@type":"BreadcrumbList","@id":"https:\/\/www.grupomedcof.com.br\/blog\/ebserh-cancela-analise-curricular-de-residencia-medica-do-enare\/#breadcrumb","itemListElement":[{"@type":"ListItem","position":1,"name":"In\u00edcio","item":"https:\/\/www.grupomedcof.com.br\/blog\/"},{"@type":"ListItem","position":2,"name":"An\u00e1lise Curricular do Enare \u00e9 CANCELADA pela Ebserh"}]},{"@type":"WebSite","@id":"https:\/\/www.grupomedcof.com.br\/blog\/#website","url":"https:\/\/www.grupomedcof.com.br\/blog\/","name":"Blog de Medcof: conte\u00fados, editais, revalida e mais!","description":"Acesso o blog de MedCof! Seu portal de conte\u00fados sobre resid\u00eancia m\u00e9dica, an\u00e1lise e editais e muito mais. Clique e confira!","publisher":{"@id":"https:\/\/www.grupomedcof.com.br\/blog\/#organization"},"alternateName":"Blog de Medcof: conte\u00fados, editais, revalida e mais!","potentialAction":[{"@type":"SearchAction","target":{"@type":"EntryPoint","urlTemplate":"https:\/\/www.grupomedcof.com.br\/blog\/?s={search_term_string}"},"query-input":{"@type":"PropertyValueSpecification","valueRequired":true,"valueName":"search_term_string"}}],"inLanguage":"pt-BR"},{"@type":"Organization","@id":"https:\/\/www.grupomedcof.com.br\/blog\/#organization","name":"Grupo MedCof","url":"https:\/\/www.grupomedcof.com.br\/blog\/","logo":{"@type":"ImageObject","inLanguage":"pt-BR","@id":"https:\/\/www.grupomedcof.com.br\/blog\/#\/schema\/logo\/image\/","url":"https:\/\/www.grupomedcof.com.br\/blog\/wp-content\/uploads\/2022\/01\/logo-medcof.png","contentUrl":"https:\/\/www.grupomedcof.com.br\/blog\/wp-content\/uploads\/2022\/01\/logo-medcof.png","width":768,"height":269,"caption":"Grupo MedCof"},"image":{"@id":"https:\/\/www.grupomedcof.com.br\/blog\/#\/schema\/logo\/image\/"},"sameAs":["https:\/\/www.facebook.com\/MedCofQbank\/","https:\/\/www.instagram.com\/grupomedcof\/","https:\/\/br.linkedin.com\/company\/medcof","https:\/\/www.youtube.com\/channel\/UCdHMuOHKICxcHwecxN8P-AA"]},{"@type":"Person","@id":"https:\/\/www.grupomedcof.com.br\/blog\/#\/schema\/person\/9a44c2184a836bf5ae6967fdb3a1451e","name":"Leila Menzel","image":{"@type":"ImageObject","inLanguage":"pt-BR","@id":"https:\/\/www.grupomedcof.com.br\/blog\/wp-content\/uploads\/2025\/09\/cropped-eu-96x96.jpeg19a74936d997c0a8b3031618467fa1d0","url":"https:\/\/www.grupomedcof.com.br\/blog\/wp-content\/uploads\/2025\/09\/cropped-eu-96x96.jpeg","contentUrl":"https:\/\/www.grupomedcof.com.br\/blog\/wp-content\/uploads\/2025\/09\/cropped-eu-96x96.jpeg","caption":"Leila Menzel"},"description":"Estudante do 6\u00b0 semestre de jornalismo, amo e escrevo poesias e viajo em livros de romances clich\u00eas.","url":"https:\/\/www.grupomedcof.com.br\/blog\/author\/leila-menzel\/"}]}},"authors":[{"term_id":3616,"user_id":20,"is_guest":0,"slug":"leila-menzel","display_name":"Leila Menzel","avatar_url":"https:\/\/www.grupomedcof.com.br\/blog\/wp-content\/uploads\/2025\/09\/cropped-eu-96x96.jpeg","0":null,"1":"","2":"","3":"","4":"","5":"","6":"","7":"","8":""}],"_links":{"self":[{"href":"https:\/\/www.grupomedcof.com.br\/blog\/wp-json\/wp\/v2\/posts\/28587","targetHints":{"allow":["GET"]}}],"collection":[{"href":"https:\/\/www.grupomedcof.com.br\/blog\/wp-json\/wp\/v2\/posts"}],"about":[{"href":"https:\/\/www.grupomedcof.com.br\/blog\/wp-json\/wp\/v2\/types\/post"}],"author":[{"embeddable":true,"href":"https:\/\/www.grupomedcof.com.br\/blog\/wp-json\/wp\/v2\/users\/20"}],"replies":[{"embeddable":true,"href":"https:\/\/www.grupomedcof.com.br\/blog\/wp-json\/wp\/v2\/comments?post=28587"}],"version-history":[{"count":2,"href":"https:\/\/www.grupomedcof.com.br\/blog\/wp-json\/wp\/v2\/posts\/28587\/revisions"}],"predecessor-version":[{"id":36443,"href":"https:\/\/www.grupomedcof.com.br\/blog\/wp-json\/wp\/v2\/posts\/28587\/revisions\/36443"}],"wp:featuredmedia":[{"embeddable":true,"href":"https:\/\/www.grupomedcof.com.br\/blog\/wp-json\/wp\/v2\/media\/35312"}],"wp:attachment":[{"href":"https:\/\/www.grupomedcof.com.br\/blog\/wp-json\/wp\/v2\/media?parent=28587"}],"wp:term":[{"taxonomy":"category","embeddable":true,"href":"https:\/\/www.grupomedcof.com.br\/blog\/wp-json\/wp\/v2\/categories?post=28587"},{"taxonomy":"post_tag","embeddable":true,"href":"https:\/\/www.grupomedcof.com.br\/blog\/wp-json\/wp\/v2\/tags?post=28587"},{"taxonomy":"author","embeddable":true,"href":"https:\/\/www.grupomedcof.com.br\/blog\/wp-json\/wp\/v2\/ppma_author?post=28587"}],"curies":[{"name":"wp","href":"https:\/\/api.w.org\/{rel}","templated":true}]}}