{"id":28673,"date":"2024-08-13T11:42:39","date_gmt":"2024-08-13T14:42:39","guid":{"rendered":"https:\/\/www.grupomedcof.com.br\/blog\/?p=28673"},"modified":"2026-04-24T14:50:35","modified_gmt":"2026-04-24T17:50:35","slug":"lei-que-permite-criancas-e-adolescentes-a-visitarem-seus-pais-internados","status":"publish","type":"post","link":"https:\/\/www.grupomedcof.com.br\/blog\/lei-que-permite-criancas-e-adolescentes-a-visitarem-seus-pais-internados\/","title":{"rendered":"Sancionada a Lei que permite crian\u00e7as e adolescentes a visitarem seus pais internados"},"content":{"rendered":"<div id=\"ez-toc-container\" class=\"ez-toc-v2_0_74 counter-hierarchy ez-toc-counter ez-toc-transparent ez-toc-container-direction\">\n<div class=\"ez-toc-title-container\">\n<p class=\"ez-toc-title\" style=\"cursor:inherit\">Sum\u00e1rio<\/p>\n<span class=\"ez-toc-title-toggle\"><a href=\"#\" class=\"ez-toc-pull-right ez-toc-btn ez-toc-btn-xs ez-toc-btn-default ez-toc-toggle\" aria-label=\"Alternar tabela de conte\u00fado\"><span class=\"ez-toc-js-icon-con\"><span class=\"\"><span class=\"eztoc-hide\" style=\"display:none;\">Toggle<\/span><span class=\"ez-toc-icon-toggle-span\"><svg style=\"fill: #999;color:#999\" xmlns=\"http:\/\/www.w3.org\/2000\/svg\" class=\"list-377408\" width=\"20px\" height=\"20px\" viewBox=\"0 0 24 24\" fill=\"none\"><path d=\"M6 6H4v2h2V6zm14 0H8v2h12V6zM4 11h2v2H4v-2zm16 0H8v2h12v-2zM4 16h2v2H4v-2zm16 0H8v2h12v-2z\" fill=\"currentColor\"><\/path><\/svg><svg style=\"fill: #999;color:#999\" class=\"arrow-unsorted-368013\" xmlns=\"http:\/\/www.w3.org\/2000\/svg\" width=\"10px\" height=\"10px\" viewBox=\"0 0 24 24\" version=\"1.2\" baseProfile=\"tiny\"><path d=\"M18.2 9.3l-6.2-6.3-6.2 6.3c-.2.2-.3.4-.3.7s.1.5.3.7c.2.2.4.3.7.3h11c.3 0 .5-.1.7-.3.2-.2.3-.5.3-.7s-.1-.5-.3-.7zM5.8 14.7l6.2 6.3 6.2-6.3c.2-.2.3-.5.3-.7s-.1-.5-.3-.7c-.2-.2-.4-.3-.7-.3h-11c-.3 0-.5.1-.7.3-.2.2-.3.5-.3.7s.1.5.3.7z\"\/><\/svg><\/span><\/span><\/span><\/a><\/span><\/div>\n<nav><ul class='ez-toc-list ez-toc-list-level-1 ' ><li class='ez-toc-page-1 ez-toc-heading-level-2'><a class=\"ez-toc-link ez-toc-heading-1\" href=\"https:\/\/www.grupomedcof.com.br\/blog\/lei-que-permite-criancas-e-adolescentes-a-visitarem-seus-pais-internados\/#Alteracao_no_ECA\" >Altera\u00e7\u00e3o no ECA<\/a><\/li><li class='ez-toc-page-1 ez-toc-heading-level-2'><a class=\"ez-toc-link ez-toc-heading-2\" href=\"https:\/\/www.grupomedcof.com.br\/blog\/lei-que-permite-criancas-e-adolescentes-a-visitarem-seus-pais-internados\/#Politica_Nacional_de_Humanizacao_do_SUS_%E2%80%93_HumanizaSUS\" >Pol\u00edtica Nacional de Humaniza\u00e7\u00e3o do SUS &#8211; HumanizaSUS<\/a><ul class='ez-toc-list-level-3' ><li class='ez-toc-heading-level-3'><a class=\"ez-toc-link ez-toc-heading-3\" href=\"https:\/\/www.grupomedcof.com.br\/blog\/lei-que-permite-criancas-e-adolescentes-a-visitarem-seus-pais-internados\/#A_valorizacao_dos_usuarios\" >A valoriza\u00e7\u00e3o dos usu\u00e1rios<\/a><\/li><\/ul><\/li><li class='ez-toc-page-1 ez-toc-heading-level-2'><a class=\"ez-toc-link ez-toc-heading-4\" href=\"https:\/\/www.grupomedcof.com.br\/blog\/lei-que-permite-criancas-e-adolescentes-a-visitarem-seus-pais-internados\/#O_metodo_que_te_aprova\" >O m\u00e9todo que te aprova!<\/a><\/li><\/ul><\/nav><\/div>\n\n<figure class=\"wp-block-image size-large\"><img loading=\"lazy\" decoding=\"async\" width=\"1024\" height=\"576\" src=\"https:\/\/www.grupomedcof.com.br\/blog\/wp-content\/uploads\/2024\/08\/Blog-MedCof-2024-08-13T113744.391-1024x576.png\" alt=\"\" class=\"wp-image-28679\" srcset=\"https:\/\/www.grupomedcof.com.br\/blog\/wp-content\/uploads\/2024\/08\/Blog-MedCof-2024-08-13T113744.391-1024x576.png 1024w, https:\/\/www.grupomedcof.com.br\/blog\/wp-content\/uploads\/2024\/08\/Blog-MedCof-2024-08-13T113744.391-300x169.png 300w, https:\/\/www.grupomedcof.com.br\/blog\/wp-content\/uploads\/2024\/08\/Blog-MedCof-2024-08-13T113744.391-768x432.png 768w, https:\/\/www.grupomedcof.com.br\/blog\/wp-content\/uploads\/2024\/08\/Blog-MedCof-2024-08-13T113744.391-1536x864.png 1536w, https:\/\/www.grupomedcof.com.br\/blog\/wp-content\/uploads\/2024\/08\/Blog-MedCof-2024-08-13T113744.391-2048x1152.png 2048w, https:\/\/www.grupomedcof.com.br\/blog\/wp-content\/uploads\/2024\/08\/Blog-MedCof-2024-08-13T113744.391-747x420.png 747w, https:\/\/www.grupomedcof.com.br\/blog\/wp-content\/uploads\/2024\/08\/Blog-MedCof-2024-08-13T113744.391-150x84.png 150w, https:\/\/www.grupomedcof.com.br\/blog\/wp-content\/uploads\/2024\/08\/Blog-MedCof-2024-08-13T113744.391-696x392.png 696w, https:\/\/www.grupomedcof.com.br\/blog\/wp-content\/uploads\/2024\/08\/Blog-MedCof-2024-08-13T113744.391-1068x601.png 1068w, https:\/\/www.grupomedcof.com.br\/blog\/wp-content\/uploads\/2024\/08\/Blog-MedCof-2024-08-13T113744.391-1920x1080.png 1920w\" sizes=\"auto, (max-width: 1024px) 100vw, 1024px\" \/><\/figure>\n\n\n\n<p>O presidente da rep\u00fablica sancionou, na segunda-feira (5), a Lei que <strong><a href=\"https:\/\/www.gov.br\/saude\/pt-br\/assuntos\/noticias\/2024\/agosto\/lei-autoriza-criancas-e-adolescentes-a-visitarem-os-pais-internados-em-instituicoes-de-saude\" target=\"_blank\" rel=\"noreferrer noopener\">autoriza crian\u00e7as e adolescente a visitarem seus pais internados em institui\u00e7\u00f5es de sa\u00fade. <\/a><\/strong>A nova norma altera a <a href=\"https:\/\/www2.camara.leg.br\/legin\/fed\/lei\/1990\/lei-8069-13-julho-1990-372211-norma-pl.html\" target=\"_blank\" rel=\"noreferrer noopener\">Lei n\u00ba 8.069, de 13 de julho de 1990<\/a>,\u00a0e entra em vigor ap\u00f3s passados 180 dias de sua publica\u00e7\u00e3o oficial.<\/p>\n\n\n\n<h2 class=\"wp-block-heading\" id=\"h-alteracao-no-eca\"><span class=\"ez-toc-section\" id=\"Alteracao_no_ECA\"><\/span><strong>Altera\u00e7\u00e3o no ECA<\/strong><span class=\"ez-toc-section-end\"><\/span><\/h2>\n\n\n\n<p>Devido a aus\u00eancia prolongada no per\u00edodo de interna\u00e7\u00e3o, a altera\u00e7\u00e3o no ECA ajudar\u00e1 a reduzir o impacto no desenvolvimento das crian\u00e7as e adolescentes, causada pela separa\u00e7\u00e3o dos pais e filhos. Al\u00e9m disso, para a libera\u00e7\u00e3o dos menores para a visita\u00e7\u00e3o, as equipes multiprofissionais ter\u00e3o que realizar o devido acolhimento de acordo com cada caso e seguir os protocolos cl\u00ednicos para evitar infec\u00e7\u00f5es hospitalares.<\/p>\n\n\n\n<p>Al\u00e9m disso, a autoriza\u00e7\u00e3o \u00e9 uma das a\u00e7\u00f5es propostas na <a href=\"https:\/\/www.gov.br\/saude\/pt-br\/acesso-a-informacao\/acoes-e-programas\/humanizasus\" target=\"_blank\" rel=\"noreferrer noopener\">Pol\u00edtica Nacional de Humaniza\u00e7\u00e3o do SUS (PNH)<\/a>, que prop\u00f5e a amplia\u00e7\u00e3o das visitas \u00e0s unidades de interna\u00e7\u00e3o para garantir ao paciente o acesso ao seu ciclo social e servi\u00e7os de sa\u00fade. <\/p>\n\n\n\n<h2 class=\"wp-block-heading\" id=\"h-politica-nacional-de-humanizacao-do-sus-humanizasus\"><span class=\"ez-toc-section\" id=\"Politica_Nacional_de_Humanizacao_do_SUS_%E2%80%93_HumanizaSUS\"><\/span><strong>Pol\u00edtica Nacional de Humaniza\u00e7\u00e3o do SUS<\/strong> <strong>&#8211; HumanizaSUS<\/strong><span class=\"ez-toc-section-end\"><\/span><\/h2>\n\n\n\n<p>Criada em 2003, visa efetivar os princ\u00edpios do SUS no cotidiano das pr\u00e1ticas de aten\u00e7\u00e3o e gest\u00e3o, qualificando a sa\u00fade p\u00fablica no Brasil\u00a0e incentivando trocas solid\u00e1rias entre gestores, trabalhadores e usu\u00e1rios. A Pol\u00edtica Nacional de Humaniza\u00e7\u00e3o (PNH) deve ser inserida em todas as pol\u00edticas e programas do SUS.<\/p>\n\n\n\n<h3 class=\"wp-block-heading\" id=\"h-a-valorizacao-dos-usuarios\"><span class=\"ez-toc-section\" id=\"A_valorizacao_dos_usuarios\"><\/span><strong>A valoriza\u00e7\u00e3o dos usu\u00e1rios<\/strong><span class=\"ez-toc-section-end\"><\/span><\/h3>\n\n\n\n<p>A humaniza\u00e7\u00e3o ocorre pela valoriza\u00e7\u00e3o dos usu\u00e1rios, trabalhadores e gestores no processo de produ\u00e7\u00e3o de sa\u00fade. A PNH estimula a comunica\u00e7\u00e3o entre gestores, trabalhadores e usu\u00e1rios para construir processos coletivos de enfrentamento de rela\u00e7\u00f5es de poder, trabalho e afeto que muitas vezes produzem atitudes e pr\u00e1ticas desumanizadoras que inibem a autonomia e a corresponsabilidade dos profissionais de sa\u00fade em seu trabalho e dos usu\u00e1rios no cuidado de si. <\/p>\n\n\n\n<p>Dessa forma, confira as apostas de inova\u00e7\u00e3o em saude do SUS:<\/p>\n\n\n\n<ul class=\"wp-block-list\">\n<li>Defesa de um SUS que reconhece a diversidade do povo brasileiro e a todos oferece a mesma aten\u00e7\u00e3o \u00e0 sa\u00fade, sem distin\u00e7\u00e3o de idade, etnia, origem, g\u00eanero e orienta\u00e7\u00e3o sexual;<\/li>\n\n\n\n<li>Estabelecimento de v\u00ednculos solid\u00e1rios e de participa\u00e7\u00e3o coletiva no processo de gest\u00e3o;<\/li>\n\n\n\n<li>Mapeamento e intera\u00e7\u00e3o com as demandas sociais, coletivas e subjetivas de sa\u00fade;<\/li>\n\n\n\n<li>Valoriza\u00e7\u00e3o dos diferentes sujeitos implicados no processo de produ\u00e7\u00e3o de sa\u00fade: usu\u00e1rios, trabalhadores e gestores;<\/li>\n\n\n\n<li>Fomento da autonomia e do protagonismo desses sujeitos e dos coletivos;<\/li>\n\n\n\n<li>Aumento do grau de corresponsabilidade na produ\u00e7\u00e3o de sa\u00fade e de sujeitos;<\/li>\n\n\n\n<li>Mudan\u00e7a nos modelos de aten\u00e7\u00e3o e gest\u00e3o em sua indissociabilidade, tendo como foco as necessidades dos cidad\u00e3os, a produ\u00e7\u00e3o de sa\u00fade e o pr\u00f3prio processo de trabalho em sa\u00fade, valorizando os trabalhadores e as rela\u00e7\u00f5es sociais no trabalho;<\/li>\n\n\n\n<li>Proposta de um trabalho coletivo para que o SUS seja mais acolhedor, mais \u00e1gil e mais resolutivo;<\/li>\n\n\n\n<li>Qualifica\u00e7\u00e3o do ambiente, melhorando as condi\u00e7\u00f5es de trabalho e de atendimento;<\/li>\n\n\n\n<li>Articula\u00e7\u00e3o dos processos de forma\u00e7\u00e3o com os servi\u00e7os e pr\u00e1ticas de sa\u00fade;<\/li>\n\n\n\n<li>Luta por um SUS mais humano, porque constru\u00eddo com a participa\u00e7\u00e3o de todos e comprometido com a qualidade dos seus servi\u00e7os e com a sa\u00fade integral para todos e qualquer um.<\/li>\n<\/ul>\n\n\n\n<h2 class=\"wp-block-heading\" id=\"o-m\u00e9todo-que-te-aprova\"><span class=\"ez-toc-section\" id=\"O_metodo_que_te_aprova\"><\/span><strong>O m\u00e9todo que te aprova!<\/strong><span class=\"ez-toc-section-end\"><\/span><\/h2>\n\n\n\n<p>Quer alcan\u00e7ar a aprova\u00e7\u00e3o nas provas de resid\u00eancia m\u00e9dica? Ent\u00e3o seja um&nbsp;<a href=\"https:\/\/www.grupomedcof.com.br\/home\/\" target=\"_blank\" rel=\"noreferrer noopener\">MedCoffer<\/a>! Aqui te ajudaremos na busca da aprova\u00e7\u00e3o com conte\u00fados de qualidade e uma&nbsp;<a href=\"https:\/\/www.grupomedcof.com.br\/blog\/presenca-da-medcof-nas-aprovacoes-em-residencia-medica-no-brasil\/\" target=\"_blank\" rel=\"noreferrer noopener\">metodologia que j\u00e1 aprovou mais de 10 mil residentes no pa\u00eds!&nbsp;<\/a>Por fim, acesse o nosso<a href=\"https:\/\/www.youtube.com\/@GrupoMedcof\/featured\" target=\"_blank\" rel=\"noreferrer noopener\">&nbsp;<strong>canal do youtube&nbsp;<\/strong><\/a>para ver o nosso material.&nbsp;<\/p>\n","protected":false},"excerpt":{"rendered":"<p>O presidente da rep\u00fablica sancionou a Lei que permite que crian\u00e7as e adolescentes visitem seus pais internados em hospitais. Veja!<\/p>\n","protected":false},"author":20,"featured_media":28679,"comment_status":"open","ping_status":"open","sticky":false,"template":"","format":"standard","meta":{"footnotes":""},"categories":[258],"tags":[1798,1799,1795,1796,1797,1541,805],"ppma_author":[3616],"class_list":{"0":"post-28673","1":"post","2":"type-post","3":"status-publish","4":"format-standard","5":"has-post-thumbnail","7":"category-atualizacoes","8":"tag-alteracao-no-eca","9":"tag-atencao-primaria","10":"tag-cuidado-ao-paciente","11":"tag-eca","12":"tag-humanizacao-do-sus","13":"tag-lei","14":"tag-sus"},"yoast_head":"<!-- This site is optimized with the Yoast SEO Premium plugin v24.3 (Yoast SEO v27.4) - https:\/\/yoast.com\/product\/yoast-seo-premium-wordpress\/ -->\n<title>Lei Permite Visita de Filhos a Pais Internados | MedCof<\/title>\n<meta name=\"description\" content=\"O presidente da rep\u00fablica sancionou a Lei que permite que crian\u00e7as e adolescentes visitem seus pais internados em hospitais. Veja!\" \/>\n<meta name=\"robots\" content=\"index, follow, max-snippet:-1, max-image-preview:large, max-video-preview:-1\" \/>\n<link rel=\"canonical\" href=\"https:\/\/www.grupomedcof.com.br\/blog\/lei-que-permite-criancas-e-adolescentes-a-visitarem-seus-pais-internados\/\" \/>\n<meta property=\"og:locale\" content=\"pt_BR\" \/>\n<meta property=\"og:type\" content=\"article\" \/>\n<meta property=\"og:title\" content=\"Sancionada a Lei que permite crian\u00e7as e adolescentes a visitarem seus pais internados\" \/>\n<meta property=\"og:description\" content=\"O presidente da rep\u00fablica sancionou a Lei que permite que crian\u00e7as e adolescentes visitem seus pais internados em hospitais. Veja!\" \/>\n<meta property=\"og:url\" content=\"https:\/\/www.grupomedcof.com.br\/blog\/lei-que-permite-criancas-e-adolescentes-a-visitarem-seus-pais-internados\/\" \/>\n<meta property=\"og:site_name\" content=\"Blog de Medcof: conte\u00fados, editais, revalida e mais!\" \/>\n<meta property=\"article:publisher\" content=\"https:\/\/www.facebook.com\/MedCofQbank\/\" \/>\n<meta property=\"article:published_time\" content=\"2024-08-13T14:42:39+00:00\" \/>\n<meta property=\"article:modified_time\" content=\"2026-04-24T17:50:35+00:00\" \/>\n<meta property=\"og:image\" content=\"https:\/\/www.grupomedcof.com.br\/blog\/wp-content\/uploads\/2024\/08\/Blog-MedCof-2024-08-13T113744.391-1024x576.png\" \/>\n\t<meta property=\"og:image:width\" content=\"1024\" \/>\n\t<meta property=\"og:image:height\" content=\"576\" \/>\n\t<meta property=\"og:image:type\" content=\"image\/png\" \/>\n<meta name=\"author\" content=\"Leila Menzel\" \/>\n<meta name=\"twitter:card\" content=\"summary_large_image\" \/>\n<meta name=\"twitter:label1\" content=\"Escrito por\" \/>\n\t<meta name=\"twitter:data1\" content=\"Leila Menzel\" \/>\n\t<meta name=\"twitter:label2\" content=\"Est. tempo de leitura\" \/>\n\t<meta name=\"twitter:data2\" content=\"4 minutos\" \/>\n<script type=\"application\/ld+json\" class=\"yoast-schema-graph\">{\"@context\":\"https:\\\/\\\/schema.org\",\"@graph\":[{\"@type\":\"Article\",\"@id\":\"https:\\\/\\\/www.grupomedcof.com.br\\\/blog\\\/lei-que-permite-criancas-e-adolescentes-a-visitarem-seus-pais-internados\\\/#article\",\"isPartOf\":{\"@id\":\"https:\\\/\\\/www.grupomedcof.com.br\\\/blog\\\/lei-que-permite-criancas-e-adolescentes-a-visitarem-seus-pais-internados\\\/\"},\"author\":{\"name\":\"Leila Menzel\",\"@id\":\"https:\\\/\\\/www.grupomedcof.com.br\\\/blog\\\/#\\\/schema\\\/person\\\/9a44c2184a836bf5ae6967fdb3a1451e\"},\"headline\":\"Sancionada a Lei que permite crian\u00e7as e adolescentes a visitarem seus pais internados\",\"datePublished\":\"2024-08-13T14:42:39+00:00\",\"dateModified\":\"2026-04-24T17:50:35+00:00\",\"mainEntityOfPage\":{\"@id\":\"https:\\\/\\\/www.grupomedcof.com.br\\\/blog\\\/lei-que-permite-criancas-e-adolescentes-a-visitarem-seus-pais-internados\\\/\"},\"wordCount\":666,\"commentCount\":0,\"publisher\":{\"@id\":\"https:\\\/\\\/www.grupomedcof.com.br\\\/blog\\\/#organization\"},\"image\":{\"@id\":\"https:\\\/\\\/www.grupomedcof.com.br\\\/blog\\\/lei-que-permite-criancas-e-adolescentes-a-visitarem-seus-pais-internados\\\/#primaryimage\"},\"thumbnailUrl\":\"https:\\\/\\\/www.grupomedcof.com.br\\\/blog\\\/wp-content\\\/uploads\\\/2024\\\/08\\\/Blog-MedCof-2024-08-13T113744.391.png\",\"keywords\":[\"Altera\u00e7\u00e3o no ECA\",\"Aten\u00e7\u00e3o prim\u00e1ria\",\"Cuidado ao paciente\",\"ECA\",\"Humaniza\u00e7\u00e3o do SUS\",\"Lei\",\"SUS\"],\"articleSection\":[\"Atualiza\u00e7\u00f5es\"],\"inLanguage\":\"pt-BR\"},{\"@type\":\"WebPage\",\"@id\":\"https:\\\/\\\/www.grupomedcof.com.br\\\/blog\\\/lei-que-permite-criancas-e-adolescentes-a-visitarem-seus-pais-internados\\\/\",\"url\":\"https:\\\/\\\/www.grupomedcof.com.br\\\/blog\\\/lei-que-permite-criancas-e-adolescentes-a-visitarem-seus-pais-internados\\\/\",\"name\":\"Lei Permite Visita de Filhos a Pais Internados | MedCof\",\"isPartOf\":{\"@id\":\"https:\\\/\\\/www.grupomedcof.com.br\\\/blog\\\/#website\"},\"primaryImageOfPage\":{\"@id\":\"https:\\\/\\\/www.grupomedcof.com.br\\\/blog\\\/lei-que-permite-criancas-e-adolescentes-a-visitarem-seus-pais-internados\\\/#primaryimage\"},\"image\":{\"@id\":\"https:\\\/\\\/www.grupomedcof.com.br\\\/blog\\\/lei-que-permite-criancas-e-adolescentes-a-visitarem-seus-pais-internados\\\/#primaryimage\"},\"thumbnailUrl\":\"https:\\\/\\\/www.grupomedcof.com.br\\\/blog\\\/wp-content\\\/uploads\\\/2024\\\/08\\\/Blog-MedCof-2024-08-13T113744.391.png\",\"datePublished\":\"2024-08-13T14:42:39+00:00\",\"dateModified\":\"2026-04-24T17:50:35+00:00\",\"description\":\"O presidente da rep\u00fablica sancionou a Lei que permite que crian\u00e7as e adolescentes visitem seus pais internados em hospitais. Veja!\",\"breadcrumb\":{\"@id\":\"https:\\\/\\\/www.grupomedcof.com.br\\\/blog\\\/lei-que-permite-criancas-e-adolescentes-a-visitarem-seus-pais-internados\\\/#breadcrumb\"},\"inLanguage\":\"pt-BR\",\"potentialAction\":[{\"@type\":\"ReadAction\",\"target\":[\"https:\\\/\\\/www.grupomedcof.com.br\\\/blog\\\/lei-que-permite-criancas-e-adolescentes-a-visitarem-seus-pais-internados\\\/\"]}]},{\"@type\":\"ImageObject\",\"inLanguage\":\"pt-BR\",\"@id\":\"https:\\\/\\\/www.grupomedcof.com.br\\\/blog\\\/lei-que-permite-criancas-e-adolescentes-a-visitarem-seus-pais-internados\\\/#primaryimage\",\"url\":\"https:\\\/\\\/www.grupomedcof.com.br\\\/blog\\\/wp-content\\\/uploads\\\/2024\\\/08\\\/Blog-MedCof-2024-08-13T113744.391.png\",\"contentUrl\":\"https:\\\/\\\/www.grupomedcof.com.br\\\/blog\\\/wp-content\\\/uploads\\\/2024\\\/08\\\/Blog-MedCof-2024-08-13T113744.391.png\",\"width\":2560,\"height\":1440},{\"@type\":\"BreadcrumbList\",\"@id\":\"https:\\\/\\\/www.grupomedcof.com.br\\\/blog\\\/lei-que-permite-criancas-e-adolescentes-a-visitarem-seus-pais-internados\\\/#breadcrumb\",\"itemListElement\":[{\"@type\":\"ListItem\",\"position\":1,\"name\":\"In\u00edcio\",\"item\":\"https:\\\/\\\/www.grupomedcof.com.br\\\/blog\\\/\"},{\"@type\":\"ListItem\",\"position\":2,\"name\":\"Sancionada a Lei que permite crian\u00e7as e adolescentes a visitarem seus pais internados\"}]},{\"@type\":\"WebSite\",\"@id\":\"https:\\\/\\\/www.grupomedcof.com.br\\\/blog\\\/#website\",\"url\":\"https:\\\/\\\/www.grupomedcof.com.br\\\/blog\\\/\",\"name\":\"Blog de Medcof: conte\u00fados, editais, revalida e mais!\",\"description\":\"Acesso o blog de MedCof! Seu portal de conte\u00fados sobre resid\u00eancia m\u00e9dica, an\u00e1lise e editais e muito mais. Clique e confira!\",\"publisher\":{\"@id\":\"https:\\\/\\\/www.grupomedcof.com.br\\\/blog\\\/#organization\"},\"alternateName\":\"Blog de Medcof: conte\u00fados, editais, revalida e mais!\",\"potentialAction\":[{\"@type\":\"SearchAction\",\"target\":{\"@type\":\"EntryPoint\",\"urlTemplate\":\"https:\\\/\\\/www.grupomedcof.com.br\\\/blog\\\/?s={search_term_string}\"},\"query-input\":{\"@type\":\"PropertyValueSpecification\",\"valueRequired\":true,\"valueName\":\"search_term_string\"}}],\"inLanguage\":\"pt-BR\"},{\"@type\":\"Organization\",\"@id\":\"https:\\\/\\\/www.grupomedcof.com.br\\\/blog\\\/#organization\",\"name\":\"Grupo MedCof\",\"url\":\"https:\\\/\\\/www.grupomedcof.com.br\\\/blog\\\/\",\"logo\":{\"@type\":\"ImageObject\",\"inLanguage\":\"pt-BR\",\"@id\":\"https:\\\/\\\/www.grupomedcof.com.br\\\/blog\\\/#\\\/schema\\\/logo\\\/image\\\/\",\"url\":\"https:\\\/\\\/www.grupomedcof.com.br\\\/blog\\\/wp-content\\\/uploads\\\/2022\\\/01\\\/logo-medcof.png\",\"contentUrl\":\"https:\\\/\\\/www.grupomedcof.com.br\\\/blog\\\/wp-content\\\/uploads\\\/2022\\\/01\\\/logo-medcof.png\",\"width\":768,\"height\":269,\"caption\":\"Grupo MedCof\"},\"image\":{\"@id\":\"https:\\\/\\\/www.grupomedcof.com.br\\\/blog\\\/#\\\/schema\\\/logo\\\/image\\\/\"},\"sameAs\":[\"https:\\\/\\\/www.facebook.com\\\/MedCofQbank\\\/\",\"https:\\\/\\\/www.instagram.com\\\/grupomedcof\\\/\",\"https:\\\/\\\/br.linkedin.com\\\/company\\\/medcof\",\"https:\\\/\\\/www.youtube.com\\\/channel\\\/UCdHMuOHKICxcHwecxN8P-AA\"]},{\"@type\":\"Person\",\"@id\":\"https:\\\/\\\/www.grupomedcof.com.br\\\/blog\\\/#\\\/schema\\\/person\\\/9a44c2184a836bf5ae6967fdb3a1451e\",\"name\":\"Leila Menzel\",\"image\":{\"@type\":\"ImageObject\",\"inLanguage\":\"pt-BR\",\"@id\":\"https:\\\/\\\/www.grupomedcof.com.br\\\/blog\\\/wp-content\\\/uploads\\\/2025\\\/09\\\/cropped-eu-96x96.jpeg19a74936d997c0a8b3031618467fa1d0\",\"url\":\"https:\\\/\\\/www.grupomedcof.com.br\\\/blog\\\/wp-content\\\/uploads\\\/2025\\\/09\\\/cropped-eu-96x96.jpeg\",\"contentUrl\":\"https:\\\/\\\/www.grupomedcof.com.br\\\/blog\\\/wp-content\\\/uploads\\\/2025\\\/09\\\/cropped-eu-96x96.jpeg\",\"caption\":\"Leila Menzel\"},\"description\":\"Estudante do 6\u00b0 semestre de jornalismo, amo e escrevo poesias e viajo em livros de romances clich\u00eas.\",\"url\":\"https:\\\/\\\/www.grupomedcof.com.br\\\/blog\\\/author\\\/leila-menzel\\\/\"}]}<\/script>\n<!-- \/ Yoast SEO Premium plugin. -->","yoast_head_json":{"title":"Lei Permite Visita de Filhos a Pais Internados | MedCof","description":"O presidente da rep\u00fablica sancionou a Lei que permite que crian\u00e7as e adolescentes visitem seus pais internados em hospitais. Veja!","robots":{"index":"index","follow":"follow","max-snippet":"max-snippet:-1","max-image-preview":"max-image-preview:large","max-video-preview":"max-video-preview:-1"},"canonical":"https:\/\/www.grupomedcof.com.br\/blog\/lei-que-permite-criancas-e-adolescentes-a-visitarem-seus-pais-internados\/","og_locale":"pt_BR","og_type":"article","og_title":"Sancionada a Lei que permite crian\u00e7as e adolescentes a visitarem seus pais internados","og_description":"O presidente da rep\u00fablica sancionou a Lei que permite que crian\u00e7as e adolescentes visitem seus pais internados em hospitais. Veja!","og_url":"https:\/\/www.grupomedcof.com.br\/blog\/lei-que-permite-criancas-e-adolescentes-a-visitarem-seus-pais-internados\/","og_site_name":"Blog de Medcof: conte\u00fados, editais, revalida e mais!","article_publisher":"https:\/\/www.facebook.com\/MedCofQbank\/","article_published_time":"2024-08-13T14:42:39+00:00","article_modified_time":"2026-04-24T17:50:35+00:00","og_image":[{"width":1024,"height":576,"url":"https:\/\/www.grupomedcof.com.br\/blog\/wp-content\/uploads\/2024\/08\/Blog-MedCof-2024-08-13T113744.391-1024x576.png","type":"image\/png"}],"author":"Leila Menzel","twitter_card":"summary_large_image","twitter_misc":{"Escrito por":"Leila Menzel","Est. tempo de leitura":"4 minutos"},"schema":{"@context":"https:\/\/schema.org","@graph":[{"@type":"Article","@id":"https:\/\/www.grupomedcof.com.br\/blog\/lei-que-permite-criancas-e-adolescentes-a-visitarem-seus-pais-internados\/#article","isPartOf":{"@id":"https:\/\/www.grupomedcof.com.br\/blog\/lei-que-permite-criancas-e-adolescentes-a-visitarem-seus-pais-internados\/"},"author":{"name":"Leila Menzel","@id":"https:\/\/www.grupomedcof.com.br\/blog\/#\/schema\/person\/9a44c2184a836bf5ae6967fdb3a1451e"},"headline":"Sancionada a Lei que permite crian\u00e7as e adolescentes a visitarem seus pais internados","datePublished":"2024-08-13T14:42:39+00:00","dateModified":"2026-04-24T17:50:35+00:00","mainEntityOfPage":{"@id":"https:\/\/www.grupomedcof.com.br\/blog\/lei-que-permite-criancas-e-adolescentes-a-visitarem-seus-pais-internados\/"},"wordCount":666,"commentCount":0,"publisher":{"@id":"https:\/\/www.grupomedcof.com.br\/blog\/#organization"},"image":{"@id":"https:\/\/www.grupomedcof.com.br\/blog\/lei-que-permite-criancas-e-adolescentes-a-visitarem-seus-pais-internados\/#primaryimage"},"thumbnailUrl":"https:\/\/www.grupomedcof.com.br\/blog\/wp-content\/uploads\/2024\/08\/Blog-MedCof-2024-08-13T113744.391.png","keywords":["Altera\u00e7\u00e3o no ECA","Aten\u00e7\u00e3o prim\u00e1ria","Cuidado ao paciente","ECA","Humaniza\u00e7\u00e3o do SUS","Lei","SUS"],"articleSection":["Atualiza\u00e7\u00f5es"],"inLanguage":"pt-BR"},{"@type":"WebPage","@id":"https:\/\/www.grupomedcof.com.br\/blog\/lei-que-permite-criancas-e-adolescentes-a-visitarem-seus-pais-internados\/","url":"https:\/\/www.grupomedcof.com.br\/blog\/lei-que-permite-criancas-e-adolescentes-a-visitarem-seus-pais-internados\/","name":"Lei Permite Visita de Filhos a Pais Internados | MedCof","isPartOf":{"@id":"https:\/\/www.grupomedcof.com.br\/blog\/#website"},"primaryImageOfPage":{"@id":"https:\/\/www.grupomedcof.com.br\/blog\/lei-que-permite-criancas-e-adolescentes-a-visitarem-seus-pais-internados\/#primaryimage"},"image":{"@id":"https:\/\/www.grupomedcof.com.br\/blog\/lei-que-permite-criancas-e-adolescentes-a-visitarem-seus-pais-internados\/#primaryimage"},"thumbnailUrl":"https:\/\/www.grupomedcof.com.br\/blog\/wp-content\/uploads\/2024\/08\/Blog-MedCof-2024-08-13T113744.391.png","datePublished":"2024-08-13T14:42:39+00:00","dateModified":"2026-04-24T17:50:35+00:00","description":"O presidente da rep\u00fablica sancionou a Lei que permite que crian\u00e7as e adolescentes visitem seus pais internados em hospitais. Veja!","breadcrumb":{"@id":"https:\/\/www.grupomedcof.com.br\/blog\/lei-que-permite-criancas-e-adolescentes-a-visitarem-seus-pais-internados\/#breadcrumb"},"inLanguage":"pt-BR","potentialAction":[{"@type":"ReadAction","target":["https:\/\/www.grupomedcof.com.br\/blog\/lei-que-permite-criancas-e-adolescentes-a-visitarem-seus-pais-internados\/"]}]},{"@type":"ImageObject","inLanguage":"pt-BR","@id":"https:\/\/www.grupomedcof.com.br\/blog\/lei-que-permite-criancas-e-adolescentes-a-visitarem-seus-pais-internados\/#primaryimage","url":"https:\/\/www.grupomedcof.com.br\/blog\/wp-content\/uploads\/2024\/08\/Blog-MedCof-2024-08-13T113744.391.png","contentUrl":"https:\/\/www.grupomedcof.com.br\/blog\/wp-content\/uploads\/2024\/08\/Blog-MedCof-2024-08-13T113744.391.png","width":2560,"height":1440},{"@type":"BreadcrumbList","@id":"https:\/\/www.grupomedcof.com.br\/blog\/lei-que-permite-criancas-e-adolescentes-a-visitarem-seus-pais-internados\/#breadcrumb","itemListElement":[{"@type":"ListItem","position":1,"name":"In\u00edcio","item":"https:\/\/www.grupomedcof.com.br\/blog\/"},{"@type":"ListItem","position":2,"name":"Sancionada a Lei que permite crian\u00e7as e adolescentes a visitarem seus pais internados"}]},{"@type":"WebSite","@id":"https:\/\/www.grupomedcof.com.br\/blog\/#website","url":"https:\/\/www.grupomedcof.com.br\/blog\/","name":"Blog de Medcof: conte\u00fados, editais, revalida e mais!","description":"Acesso o blog de MedCof! Seu portal de conte\u00fados sobre resid\u00eancia m\u00e9dica, an\u00e1lise e editais e muito mais. Clique e confira!","publisher":{"@id":"https:\/\/www.grupomedcof.com.br\/blog\/#organization"},"alternateName":"Blog de Medcof: conte\u00fados, editais, revalida e mais!","potentialAction":[{"@type":"SearchAction","target":{"@type":"EntryPoint","urlTemplate":"https:\/\/www.grupomedcof.com.br\/blog\/?s={search_term_string}"},"query-input":{"@type":"PropertyValueSpecification","valueRequired":true,"valueName":"search_term_string"}}],"inLanguage":"pt-BR"},{"@type":"Organization","@id":"https:\/\/www.grupomedcof.com.br\/blog\/#organization","name":"Grupo MedCof","url":"https:\/\/www.grupomedcof.com.br\/blog\/","logo":{"@type":"ImageObject","inLanguage":"pt-BR","@id":"https:\/\/www.grupomedcof.com.br\/blog\/#\/schema\/logo\/image\/","url":"https:\/\/www.grupomedcof.com.br\/blog\/wp-content\/uploads\/2022\/01\/logo-medcof.png","contentUrl":"https:\/\/www.grupomedcof.com.br\/blog\/wp-content\/uploads\/2022\/01\/logo-medcof.png","width":768,"height":269,"caption":"Grupo MedCof"},"image":{"@id":"https:\/\/www.grupomedcof.com.br\/blog\/#\/schema\/logo\/image\/"},"sameAs":["https:\/\/www.facebook.com\/MedCofQbank\/","https:\/\/www.instagram.com\/grupomedcof\/","https:\/\/br.linkedin.com\/company\/medcof","https:\/\/www.youtube.com\/channel\/UCdHMuOHKICxcHwecxN8P-AA"]},{"@type":"Person","@id":"https:\/\/www.grupomedcof.com.br\/blog\/#\/schema\/person\/9a44c2184a836bf5ae6967fdb3a1451e","name":"Leila Menzel","image":{"@type":"ImageObject","inLanguage":"pt-BR","@id":"https:\/\/www.grupomedcof.com.br\/blog\/wp-content\/uploads\/2025\/09\/cropped-eu-96x96.jpeg19a74936d997c0a8b3031618467fa1d0","url":"https:\/\/www.grupomedcof.com.br\/blog\/wp-content\/uploads\/2025\/09\/cropped-eu-96x96.jpeg","contentUrl":"https:\/\/www.grupomedcof.com.br\/blog\/wp-content\/uploads\/2025\/09\/cropped-eu-96x96.jpeg","caption":"Leila Menzel"},"description":"Estudante do 6\u00b0 semestre de jornalismo, amo e escrevo poesias e viajo em livros de romances clich\u00eas.","url":"https:\/\/www.grupomedcof.com.br\/blog\/author\/leila-menzel\/"}]}},"authors":[{"term_id":3616,"user_id":20,"is_guest":0,"slug":"leila-menzel","display_name":"Leila Menzel","avatar_url":"https:\/\/www.grupomedcof.com.br\/blog\/wp-content\/uploads\/2025\/09\/cropped-eu-96x96.jpeg","0":null,"1":"","2":"","3":"","4":"","5":"","6":"","7":"","8":""}],"_links":{"self":[{"href":"https:\/\/www.grupomedcof.com.br\/blog\/wp-json\/wp\/v2\/posts\/28673","targetHints":{"allow":["GET"]}}],"collection":[{"href":"https:\/\/www.grupomedcof.com.br\/blog\/wp-json\/wp\/v2\/posts"}],"about":[{"href":"https:\/\/www.grupomedcof.com.br\/blog\/wp-json\/wp\/v2\/types\/post"}],"author":[{"embeddable":true,"href":"https:\/\/www.grupomedcof.com.br\/blog\/wp-json\/wp\/v2\/users\/20"}],"replies":[{"embeddable":true,"href":"https:\/\/www.grupomedcof.com.br\/blog\/wp-json\/wp\/v2\/comments?post=28673"}],"version-history":[{"count":1,"href":"https:\/\/www.grupomedcof.com.br\/blog\/wp-json\/wp\/v2\/posts\/28673\/revisions"}],"predecessor-version":[{"id":43371,"href":"https:\/\/www.grupomedcof.com.br\/blog\/wp-json\/wp\/v2\/posts\/28673\/revisions\/43371"}],"wp:featuredmedia":[{"embeddable":true,"href":"https:\/\/www.grupomedcof.com.br\/blog\/wp-json\/wp\/v2\/media\/28679"}],"wp:attachment":[{"href":"https:\/\/www.grupomedcof.com.br\/blog\/wp-json\/wp\/v2\/media?parent=28673"}],"wp:term":[{"taxonomy":"category","embeddable":true,"href":"https:\/\/www.grupomedcof.com.br\/blog\/wp-json\/wp\/v2\/categories?post=28673"},{"taxonomy":"post_tag","embeddable":true,"href":"https:\/\/www.grupomedcof.com.br\/blog\/wp-json\/wp\/v2\/tags?post=28673"},{"taxonomy":"author","embeddable":true,"href":"https:\/\/www.grupomedcof.com.br\/blog\/wp-json\/wp\/v2\/ppma_author?post=28673"}],"curies":[{"name":"wp","href":"https:\/\/api.w.org\/{rel}","templated":true}]}}