{"id":28690,"date":"2024-08-13T14:06:42","date_gmt":"2024-08-13T17:06:42","guid":{"rendered":"https:\/\/www.grupomedcof.com.br\/blog\/?p=28690"},"modified":"2024-08-13T14:06:43","modified_gmt":"2024-08-13T17:06:43","slug":"dicas-para-as-provas-sobre-cancer-de-colo-de-utero","status":"publish","type":"post","link":"https:\/\/www.grupomedcof.com.br\/blog\/dicas-para-as-provas-sobre-cancer-de-colo-de-utero\/","title":{"rendered":"Dicas para as provas sobre C\u00e2ncer de Colo de \u00datero"},"content":{"rendered":"<div id=\"ez-toc-container\" class=\"ez-toc-v2_0_74 counter-hierarchy ez-toc-counter ez-toc-transparent ez-toc-container-direction\">\n<div class=\"ez-toc-title-container\">\n<p class=\"ez-toc-title\" style=\"cursor:inherit\">Sum\u00e1rio<\/p>\n<span class=\"ez-toc-title-toggle\"><a href=\"#\" class=\"ez-toc-pull-right ez-toc-btn ez-toc-btn-xs ez-toc-btn-default ez-toc-toggle\" aria-label=\"Alternar tabela de conte\u00fado\"><span class=\"ez-toc-js-icon-con\"><span class=\"\"><span class=\"eztoc-hide\" style=\"display:none;\">Toggle<\/span><span class=\"ez-toc-icon-toggle-span\"><svg style=\"fill: #999;color:#999\" xmlns=\"http:\/\/www.w3.org\/2000\/svg\" class=\"list-377408\" width=\"20px\" height=\"20px\" viewBox=\"0 0 24 24\" fill=\"none\"><path d=\"M6 6H4v2h2V6zm14 0H8v2h12V6zM4 11h2v2H4v-2zm16 0H8v2h12v-2zM4 16h2v2H4v-2zm16 0H8v2h12v-2z\" fill=\"currentColor\"><\/path><\/svg><svg style=\"fill: #999;color:#999\" class=\"arrow-unsorted-368013\" xmlns=\"http:\/\/www.w3.org\/2000\/svg\" width=\"10px\" height=\"10px\" viewBox=\"0 0 24 24\" version=\"1.2\" baseProfile=\"tiny\"><path d=\"M18.2 9.3l-6.2-6.3-6.2 6.3c-.2.2-.3.4-.3.7s.1.5.3.7c.2.2.4.3.7.3h11c.3 0 .5-.1.7-.3.2-.2.3-.5.3-.7s-.1-.5-.3-.7zM5.8 14.7l6.2 6.3 6.2-6.3c.2-.2.3-.5.3-.7s-.1-.5-.3-.7c-.2-.2-.4-.3-.7-.3h-11c-.3 0-.5.1-.7.3-.2.2-.3.5-.3.7s.1.5.3.7z\"\/><\/svg><\/span><\/span><\/span><\/a><\/span><\/div>\n<nav><ul class='ez-toc-list ez-toc-list-level-1 ' ><ul class='ez-toc-list-level-3' ><li class='ez-toc-heading-level-3'><a class=\"ez-toc-link ez-toc-heading-1\" href=\"https:\/\/www.grupomedcof.com.br\/blog\/dicas-para-as-provas-sobre-cancer-de-colo-de-utero\/#_Diagnostico_Tratamento_e_Prevencao\" >\u00a0Diagn\u00f3stico, Tratamento e Preven\u00e7\u00e3o<\/a><\/li><li class='ez-toc-page-1 ez-toc-heading-level-3'><a class=\"ez-toc-link ez-toc-heading-2\" href=\"https:\/\/www.grupomedcof.com.br\/blog\/dicas-para-as-provas-sobre-cancer-de-colo-de-utero\/#Tipos_Histologicos\" >Tipos Histol\u00f3gicos<\/a><\/li><li class='ez-toc-page-1 ez-toc-heading-level-3'><a class=\"ez-toc-link ez-toc-heading-3\" href=\"https:\/\/www.grupomedcof.com.br\/blog\/dicas-para-as-provas-sobre-cancer-de-colo-de-utero\/#Fatores_de_Risco\" >Fatores de Risco<\/a><\/li><li class='ez-toc-page-1 ez-toc-heading-level-3'><a class=\"ez-toc-link ez-toc-heading-4\" href=\"https:\/\/www.grupomedcof.com.br\/blog\/dicas-para-as-provas-sobre-cancer-de-colo-de-utero\/#Rastreamento\" >Rastreamento<\/a><\/li><li class='ez-toc-page-1 ez-toc-heading-level-3'><a class=\"ez-toc-link ez-toc-heading-5\" href=\"https:\/\/www.grupomedcof.com.br\/blog\/dicas-para-as-provas-sobre-cancer-de-colo-de-utero\/#Diagnostico\" >Diagn\u00f3stico<\/a><\/li><li class='ez-toc-page-1 ez-toc-heading-level-3'><a class=\"ez-toc-link ez-toc-heading-6\" href=\"https:\/\/www.grupomedcof.com.br\/blog\/dicas-para-as-provas-sobre-cancer-de-colo-de-utero\/#Estadiamento\" >Estadiamento<\/a><\/li><li class='ez-toc-page-1 ez-toc-heading-level-3'><a class=\"ez-toc-link ez-toc-heading-7\" href=\"https:\/\/www.grupomedcof.com.br\/blog\/dicas-para-as-provas-sobre-cancer-de-colo-de-utero\/#Tratamento\" >Tratamento<\/a><\/li><li class='ez-toc-page-1 ez-toc-heading-level-3'><a class=\"ez-toc-link ez-toc-heading-8\" href=\"https:\/\/www.grupomedcof.com.br\/blog\/dicas-para-as-provas-sobre-cancer-de-colo-de-utero\/#Seguimento\" >Seguimento<\/a><\/li><\/ul><\/li><li class='ez-toc-page-1 ez-toc-heading-level-2'><a class=\"ez-toc-link ez-toc-heading-9\" href=\"https:\/\/www.grupomedcof.com.br\/blog\/dicas-para-as-provas-sobre-cancer-de-colo-de-utero\/#O_metodo_que_te_aprova\" >O m\u00e9todo que te aprova!<\/a><\/li><\/ul><\/nav><\/div>\n\n<figure class=\"wp-block-image size-large\"><img loading=\"lazy\" decoding=\"async\" width=\"1024\" height=\"576\" src=\"https:\/\/www.grupomedcof.com.br\/blog\/wp-content\/uploads\/2024\/08\/Blog-MedCof-2024-08-13T140204.068-1024x576.png\" alt=\"\" class=\"wp-image-28692\" srcset=\"https:\/\/www.grupomedcof.com.br\/blog\/wp-content\/uploads\/2024\/08\/Blog-MedCof-2024-08-13T140204.068-1024x576.png 1024w, https:\/\/www.grupomedcof.com.br\/blog\/wp-content\/uploads\/2024\/08\/Blog-MedCof-2024-08-13T140204.068-300x169.png 300w, https:\/\/www.grupomedcof.com.br\/blog\/wp-content\/uploads\/2024\/08\/Blog-MedCof-2024-08-13T140204.068-768x432.png 768w, https:\/\/www.grupomedcof.com.br\/blog\/wp-content\/uploads\/2024\/08\/Blog-MedCof-2024-08-13T140204.068-1536x864.png 1536w, https:\/\/www.grupomedcof.com.br\/blog\/wp-content\/uploads\/2024\/08\/Blog-MedCof-2024-08-13T140204.068-2048x1152.png 2048w, https:\/\/www.grupomedcof.com.br\/blog\/wp-content\/uploads\/2024\/08\/Blog-MedCof-2024-08-13T140204.068-747x420.png 747w, https:\/\/www.grupomedcof.com.br\/blog\/wp-content\/uploads\/2024\/08\/Blog-MedCof-2024-08-13T140204.068-150x84.png 150w, https:\/\/www.grupomedcof.com.br\/blog\/wp-content\/uploads\/2024\/08\/Blog-MedCof-2024-08-13T140204.068-696x392.png 696w, https:\/\/www.grupomedcof.com.br\/blog\/wp-content\/uploads\/2024\/08\/Blog-MedCof-2024-08-13T140204.068-1068x601.png 1068w, https:\/\/www.grupomedcof.com.br\/blog\/wp-content\/uploads\/2024\/08\/Blog-MedCof-2024-08-13T140204.068-1920x1080.png 1920w\" sizes=\"auto, (max-width: 1024px) 100vw, 1024px\" \/><\/figure>\n\n\n\n<p>Dentre os v\u00e1rios tipos de c\u00e2ncer que existem, o de <strong>colo de \u00fatero <\/strong>\u00e9 um dos que atingem mais severamente as mulheres. Al\u00e9m da malignidade dessa condi\u00e7\u00e3o, ela tamb\u00e9m \u00e9 recorrente em provas de resid\u00eancia m\u00e9dica, principalmente para Ginecologia e Obstetr\u00edcia. Logo, preparamos um resuminho sobre esse importante tema para voc\u00ea relembrar pontos cruciais que caem nas quest\u00f5es de prova e favorecem uma boa pr\u00e1tica m\u00e9dica.<\/p>\n\n\n\n<h3 class=\"wp-block-heading\" id=\"h-diagnostico-tratamento-e-prevencao\"><span class=\"ez-toc-section\" id=\"_Diagnostico_Tratamento_e_Prevencao\"><\/span><strong>\u00a0Diagn\u00f3stico, Tratamento e Preven\u00e7\u00e3o<\/strong><span class=\"ez-toc-section-end\"><\/span><\/h3>\n\n\n\n<p>O c\u00e2ncer de colo de \u00fatero \u00e9 uma das neoplasias ginecol\u00f3gicas mais comuns no Brasil, com uma preval\u00eancia significativa, embora tenha diminu\u00eddo devido ao aumento da cobertura de rastreamento e<strong> <a href=\"https:\/\/www.grupomedcof.com.br\/blog\/mudancas-na-vacinacao-do-hpv-tudo-o-que-voce-precisa-saber-para-manter-se-atualizado\/\" target=\"_blank\" rel=\"noreferrer noopener\">vacina\u00e7\u00e3o contra o HPV<\/a><\/strong>. Ent\u00e3o, vamos abordar os principais aspectos relacionados ao diagn\u00f3stico, estadiamento, tratamento e preven\u00e7\u00e3o do c\u00e2ncer de colo de \u00fatero, conforme aulas e documentos disponibilizados por nossos professores especialistas.<\/p>\n\n\n\n<h3 class=\"wp-block-heading\" id=\"h-tipos-histologicos\"><span class=\"ez-toc-section\" id=\"Tipos_Histologicos\"><\/span><strong>Tipos Histol\u00f3gicos<\/strong><span class=\"ez-toc-section-end\"><\/span><\/h3>\n\n\n\n<p>Os tipos histol\u00f3gicos mais frequentes de c\u00e2ncer de colo de \u00fatero s\u00e3o o <strong><a href=\"https:\/\/www.grupomedcof.com.br\/blog\/melanomas-e-carcinomas-avancos-e-estrategias-para-residentes-medicos\/\" target=\"_blank\" rel=\"noreferrer noopener\">carcinoma<\/a> de c\u00e9lulas escamosas<\/strong> (CEC) e o <strong>adenocarcinoma<\/strong>. O CEC \u00e9 o mais prevalente, representando cerca de 80% dos casos no Brasil, e \u00e9 frequentemente precedido por <strong>neoplasia intraepitelial cervical<\/strong> (NIC). O adenocarcinoma, por sua vez, \u00e9 mais comum em pa\u00edses desenvolvidos, representando aproximadamente 15% dos casos. Outros tipos menos comuns incluem o<strong> carcinoma adenoescamoso<\/strong> e o <strong>carcinoma neuroend\u00f3crino<\/strong>.<\/p>\n\n\n\n<h3 class=\"wp-block-heading\" id=\"h-fatores-de-risco\"><span class=\"ez-toc-section\" id=\"Fatores_de_Risco\"><\/span><strong>Fatores de Risco<\/strong><span class=\"ez-toc-section-end\"><\/span><\/h3>\n\n\n\n<p>Os principais fatores de risco para o c\u00e2ncer de colo de \u00fatero incluem a infec\u00e7\u00e3o pelo <strong>HPV de alto risco<\/strong> (especialmente os subtipos 16 e 18), <strong>tabagismo, imunossupress\u00e3o, in\u00edcio precoce da atividade sexual, m\u00faltiplos parceiros sexuais<\/strong>, outras infec\u00e7\u00f5es sexualmente transmiss\u00edveis<strong> (ISTs)<\/strong>, uso prolongado de <strong>anticoncepcionais orais<\/strong> e baixo <strong>n\u00edvel socioecon\u00f4mico<\/strong>, que est\u00e1 associado a menor cobertura de rastreamento e vacina\u00e7\u00e3o.<\/p>\n\n\n\n<h3 class=\"wp-block-heading\" id=\"h-rastreamento\"><span class=\"ez-toc-section\" id=\"Rastreamento\"><\/span><strong>Rastreamento<\/strong><span class=\"ez-toc-section-end\"><\/span><\/h3>\n\n\n\n<p>O rastreamento do c\u00e2ncer de colo de \u00fatero ocorre principalmente atrav\u00e9s do <strong>exame de Papanicolau<\/strong> (citologia onc\u00f3tica). Recomenda-se este exame para mulheres entre 25 e 64 anos que j\u00e1 iniciaram a vida sexual. A periodicidade recomendada \u00e9 anual, e ap\u00f3s dois exames consecutivos normais, o rastreamento pode ser <strong>realizado a cada tr\u00eas anos<\/strong>. Para gestantes, a recomenda\u00e7\u00e3o \u00e9 a mesma que para n\u00e3o gestantes, e faz parte do pr\u00e9-natal. Mulheres histerectomizadas s\u00e3o dispensadas do rastreamento, exceto se a histerectomia foi subtotal ou realizada devido a NIC ou c\u00e2ncer de colo. Mulheres imunossuprimidas devem iniciar o rastreamento semestral ap\u00f3s o in\u00edcio da atividade sexual, e anual ap\u00f3s o primeiro ano. Para mulheres HIV positivas com contagem de linf\u00f3citos CD4 abaixo de 200 c\u00e9lulas\/mm\u00b3, o rastreamento semestral deve ser mantido.<\/p>\n\n\n\n<h3 class=\"wp-block-heading\" id=\"h-diagnostico\"><span class=\"ez-toc-section\" id=\"Diagnostico\"><\/span><strong>Diagn\u00f3stico<\/strong><span class=\"ez-toc-section-end\"><\/span><\/h3>\n\n\n\n<p>O diagn\u00f3stico do c\u00e2ncer de colo de \u00fatero ocorre atrav\u00e9s de <strong>bi\u00f3psia<\/strong>. Os sintomas geralmente s\u00e3o <strong>tardios<\/strong> e <strong>incluem sangramento uterino anormal<\/strong>, <strong>sinusorragia<\/strong>, <strong>corrimento vaginal, dor p\u00e9lvica, dispareunia e insufici\u00eancia renal.<\/strong> O exame f\u00edsico inclui a palpa\u00e7\u00e3o de linfonodos, exame especular, toque vaginal e toque retal. Les\u00f5es microsc\u00f3picas no colo do \u00fatero podem ser diagnosticadas atrav\u00e9s de ex\u00e9rese de zona de transforma\u00e7\u00e3o (EZT) ou coniza\u00e7\u00e3o.<\/p>\n\n\n\n<h3 class=\"wp-block-heading\" id=\"h-estadiamento\"><span class=\"ez-toc-section\" id=\"Estadiamento\"><\/span><strong>Estadiamento<\/strong><span class=\"ez-toc-section-end\"><\/span><\/h3>\n\n\n\n<p>O estadiamento do c\u00e2ncer de colo de \u00fatero realiza-se atrav\u00e9s de exame f\u00edsico e exames de imagem. A resson\u00e2ncia magn\u00e9tica (RNM) \u00e9 utilizada para avaliar a rela\u00e7\u00e3o do tumor com as paredes p\u00e9lvicas, param\u00e9trio e estruturas vizinhas. A tomografia computadorizada (TC) \u00e9 utilizada para avaliar o comprometimento linfonodal, carcinomatose e les\u00f5es em \u00f3rg\u00e3os como ba\u00e7o, f\u00edgado e t\u00f3rax. Em locais onde a TC n\u00e3o est\u00e1 dispon\u00edvel, radiografias contrastadas ou enemas baritados podem ser utilizados.<\/p>\n\n\n\n<h3 class=\"wp-block-heading\" id=\"h-tratamento\"><span class=\"ez-toc-section\" id=\"Tratamento\"><\/span><strong>Tratamento<\/strong><span class=\"ez-toc-section-end\"><\/span><\/h3>\n\n\n\n<p>O tratamento do c\u00e2ncer de colo de \u00fatero varia conforme o est\u00e1gio da doen\u00e7a:<\/p>\n\n\n\n<div class=\"wp-block-group\"><div class=\"wp-block-group__inner-container is-layout-constrained wp-block-group-is-layout-constrained\">\n<ul class=\"wp-block-list\">\n<li> <strong>Est\u00e1gio IA1 (microinvasivo):<\/strong> Coniza\u00e7\u00e3o com margens livres ou histerectomia complementar se a prole estiver constitu\u00edda.<\/li>\n\n\n\n<li><strong>Est\u00e1gios IA1 com invas\u00e3o vascular, IA2, IB1, IB2, IIA1:<\/strong> Histerectomia radical com colpectomia superior e linfadenectomia p\u00e9lvica.<\/li>\n\n\n\n<li><strong>Desejo reprodutivo at\u00e9 IB1:<\/strong> Traquelectomia radical com pesquisa de linfonodo sentinela e\/ou linfadenectomia p\u00e9lvica.<\/li>\n\n\n\n<li><strong>Est\u00e1gios IB3, IIA2, IIB a IVA (carcinomas localmente avan\u00e7ados):<\/strong> Quimioterapia e radioterapia (radioterapia externa + braquiterapia). Indica-se cirurgia apenas ap\u00f3s evid\u00eancia de doen\u00e7a persistente.<\/li>\n\n\n\n<li><strong>Est\u00e1gio IVB (metast\u00e1tico):<\/strong> Quimioterapia paliativa e radioterapia para recidiva central n\u00e3o previamente irradiada ou para paliar sintomas.<\/li>\n\n\n\n<li><strong>Casos de recidiva ou persist\u00eancia da doen\u00e7a:<\/strong> Radioterapia se n\u00e3o foi realizada previamente. Em casos com radioterapia pr\u00e9via, pode indicar exentera\u00e7\u00e3o p\u00e9lvica.<span id=\"docs-internal-guid-9c585037-7fff-2877-b5d7-d9ba06be3e8e\"><div><span style=\"font-size: 10pt; font-family: &quot;Source Code Pro&quot;, monospace; color: rgb(66, 66, 66); background-color: transparent; font-variant-numeric: normal; font-variant-east-asian: normal; font-variant-alternates: normal; font-variant-position: normal; vertical-align: baseline;\"><\/span><\/div><\/span><\/li>\n<\/ul>\n<\/div><\/div>\n\n\n\n<h3 class=\"wp-block-heading\" id=\"h-seguimento\"><span class=\"ez-toc-section\" id=\"Seguimento\"><\/span><strong>Seguimento<\/strong><span class=\"ez-toc-section-end\"><\/span><\/h3>\n\n\n\n<p>O seguimento ap\u00f3s o tratamento inclui exame f\u00edsico trimestral no primeiro ano, quadrimestral no segundo ano e semestral do terceiro ao quinto ano. Exames de imagem s\u00e3o realizados conforme necess\u00e1rio para monitorar a recidiva da doen\u00e7a.<br><\/p>\n\n\n\n<h4 class=\"wp-block-heading\" id=\"h-concluindo\"><strong>Concluindo\u2026<\/strong><\/h4>\n\n\n\n<p>O <strong>c\u00e2ncer de colo de \u00fatero<\/strong> \u00e9 uma condi\u00e7\u00e3o grave, mas preven\u00edvel e trat\u00e1vel se diagnosticada precocemente. A conscientiza\u00e7\u00e3o sobre os fatores de risco, a import\u00e2ncia do rastreamento regular e a ades\u00e3o ao tratamento adequado s\u00e3o fundamentais para melhorar o progn\u00f3stico das pacientes. A vacina\u00e7\u00e3o contra o HPV e o acesso a exames de rastreamento s\u00e3o medidas essenciais para a preven\u00e7\u00e3o desta doen\u00e7a. As quest\u00f5es que abordam essa tem\u00e1tica encontram-se diretamente em nossa plataforma QBank.<\/p>\n\n\n\n<h2 class=\"wp-block-heading\" id=\"o-m\u00e9todo-que-te-aprova\"><span class=\"ez-toc-section\" id=\"O_metodo_que_te_aprova\"><\/span><strong>O m\u00e9todo que te aprova!<\/strong><span class=\"ez-toc-section-end\"><\/span><\/h2>\n\n\n\n<p>Quer alcan\u00e7ar a aprova\u00e7\u00e3o nas provas de resid\u00eancia m\u00e9dica? Ent\u00e3o seja um\u00a0<a href=\"https:\/\/www.grupomedcof.com.br\/home\/\" target=\"_blank\" rel=\"noreferrer noopener\">MedCoffer<\/a>! Aqui te ajudaremos na busca da aprova\u00e7\u00e3o com conte\u00fados de qualidade e uma\u00a0<a href=\"https:\/\/www.grupomedcof.com.br\/blog\/presenca-da-medcof-nas-aprovacoes-em-residencia-medica-no-brasil\/\" target=\"_blank\" rel=\"noreferrer noopener\">metodologia que j\u00e1 aprovou mais de 10 mil residentes no pa\u00eds!\u00a0<\/a>Por fim, acesse o nosso<a href=\"https:\/\/www.youtube.com\/@GrupoMedcof\/featured\" target=\"_blank\" rel=\"noreferrer noopener\">\u00a0<strong>canal do youtube\u00a0<\/strong><\/a>para ver o nosso material, como nosso COFEXPRESS!<\/p>\n\n\n\n<figure class=\"wp-block-embed is-type-video is-provider-youtube wp-block-embed-youtube wp-embed-aspect-16-9 wp-has-aspect-ratio\"><div class=\"wp-block-embed__wrapper\">\n<div class=\"youtube-embed\" data-video_id=\"euI0gAxhJMo\"><iframe loading=\"lazy\" title=\"Principais doen\u00e7as que afetam a Vulva e a Vagina. Com Dra. Mar\u00edlia Bertolazzi\" width=\"696\" height=\"392\" src=\"https:\/\/www.youtube.com\/embed\/euI0gAxhJMo?feature=oembed&#038;enablejsapi=1\" frameborder=\"0\" allow=\"accelerometer; autoplay; clipboard-write; encrypted-media; gyroscope; picture-in-picture; web-share\" referrerpolicy=\"strict-origin-when-cross-origin\" allowfullscreen><\/iframe><\/div>\n<\/div><\/figure>\n","protected":false},"excerpt":{"rendered":"<p>O c\u00e2ncer de colo de \u00fatero \u00e9 uma das neoplasias ginecol\u00f3gicas mais comuns no Brasil, por isso, esteja informado sobre e veja mais em nosso blog!<\/p>\n","protected":false},"author":21,"featured_media":28692,"comment_status":"open","ping_status":"open","sticky":false,"template":"","format":"standard","meta":{"footnotes":""},"categories":[125],"tags":[1525,1803,1524,1406,1804],"ppma_author":[3617],"class_list":{"0":"post-28690","1":"post","2":"type-post","3":"status-publish","4":"format-standard","5":"has-post-thumbnail","7":"category-ginecologia-e-obstetricia","8":"tag-cancer","9":"tag-cancer-de-colo-de-utero","10":"tag-carcinomas","11":"tag-hpv","12":"tag-neoplasia"},"yoast_head":"<!-- This site is optimized with the Yoast SEO Premium plugin v24.3 (Yoast SEO v27.4) - https:\/\/yoast.com\/product\/yoast-seo-premium-wordpress\/ -->\n<title>Dicas para as provas sobre C\u00e2ncer de Colo de \u00datero - Blog de Medcof: conte\u00fados, editais, revalida e mais!<\/title>\n<meta name=\"description\" content=\"O c\u00e2ncer de colo de \u00fatero \u00e9 uma das neoplasias ginecol\u00f3gicas mais comuns no Brasil, por isso, esteja informado sobre e veja mais em nosso blog!\" \/>\n<meta name=\"robots\" content=\"index, follow, max-snippet:-1, max-image-preview:large, max-video-preview:-1\" \/>\n<link rel=\"canonical\" href=\"https:\/\/www.grupomedcof.com.br\/blog\/dicas-para-as-provas-sobre-cancer-de-colo-de-utero\/\" \/>\n<meta property=\"og:locale\" content=\"pt_BR\" \/>\n<meta property=\"og:type\" content=\"article\" \/>\n<meta property=\"og:title\" content=\"Dicas para as provas sobre C\u00e2ncer de Colo de \u00datero\" \/>\n<meta property=\"og:description\" content=\"O c\u00e2ncer de colo de \u00fatero \u00e9 uma das neoplasias ginecol\u00f3gicas mais comuns no Brasil, por isso, esteja informado sobre e veja mais em nosso blog!\" \/>\n<meta property=\"og:url\" content=\"https:\/\/www.grupomedcof.com.br\/blog\/dicas-para-as-provas-sobre-cancer-de-colo-de-utero\/\" \/>\n<meta property=\"og:site_name\" content=\"Blog de Medcof: conte\u00fados, editais, revalida e mais!\" \/>\n<meta property=\"article:publisher\" content=\"https:\/\/www.facebook.com\/MedCofQbank\/\" \/>\n<meta property=\"article:published_time\" content=\"2024-08-13T17:06:42+00:00\" \/>\n<meta property=\"article:modified_time\" content=\"2024-08-13T17:06:43+00:00\" \/>\n<meta property=\"og:image\" content=\"https:\/\/www.grupomedcof.com.br\/blog\/wp-content\/uploads\/2024\/08\/Blog-MedCof-2024-08-13T140204.068-1024x576.png\" \/>\n\t<meta property=\"og:image:width\" content=\"1024\" \/>\n\t<meta property=\"og:image:height\" content=\"576\" \/>\n\t<meta property=\"og:image:type\" content=\"image\/png\" \/>\n<meta name=\"author\" content=\"Kiara Adelino\" \/>\n<meta name=\"twitter:card\" content=\"summary_large_image\" \/>\n<meta name=\"twitter:label1\" content=\"Escrito por\" \/>\n\t<meta name=\"twitter:data1\" content=\"Kiara Adelino\" \/>\n\t<meta name=\"twitter:label2\" content=\"Est. tempo de leitura\" \/>\n\t<meta name=\"twitter:data2\" content=\"6 minutos\" \/>\n<script type=\"application\/ld+json\" class=\"yoast-schema-graph\">{\"@context\":\"https:\\\/\\\/schema.org\",\"@graph\":[{\"@type\":\"Article\",\"@id\":\"https:\\\/\\\/www.grupomedcof.com.br\\\/blog\\\/dicas-para-as-provas-sobre-cancer-de-colo-de-utero\\\/#article\",\"isPartOf\":{\"@id\":\"https:\\\/\\\/www.grupomedcof.com.br\\\/blog\\\/dicas-para-as-provas-sobre-cancer-de-colo-de-utero\\\/\"},\"author\":{\"name\":\"Kiara Adelino\",\"@id\":\"https:\\\/\\\/www.grupomedcof.com.br\\\/blog\\\/#\\\/schema\\\/person\\\/db19a651f86c5fc202d6eee744fd3292\"},\"headline\":\"Dicas para as provas sobre C\u00e2ncer de Colo de \u00datero\",\"datePublished\":\"2024-08-13T17:06:42+00:00\",\"dateModified\":\"2024-08-13T17:06:43+00:00\",\"mainEntityOfPage\":{\"@id\":\"https:\\\/\\\/www.grupomedcof.com.br\\\/blog\\\/dicas-para-as-provas-sobre-cancer-de-colo-de-utero\\\/\"},\"wordCount\":973,\"commentCount\":0,\"publisher\":{\"@id\":\"https:\\\/\\\/www.grupomedcof.com.br\\\/blog\\\/#organization\"},\"image\":{\"@id\":\"https:\\\/\\\/www.grupomedcof.com.br\\\/blog\\\/dicas-para-as-provas-sobre-cancer-de-colo-de-utero\\\/#primaryimage\"},\"thumbnailUrl\":\"https:\\\/\\\/www.grupomedcof.com.br\\\/blog\\\/wp-content\\\/uploads\\\/2024\\\/08\\\/Blog-MedCof-2024-08-13T140204.068.png\",\"keywords\":[\"C\u00e2ncer\",\"C\u00e2ncer de colo de \u00fatero\",\"Carcinomas\",\"Hpv\",\"Neoplasia\"],\"articleSection\":[\"Ginecologia e Obstetr\u00edcia\"],\"inLanguage\":\"pt-BR\"},{\"@type\":\"WebPage\",\"@id\":\"https:\\\/\\\/www.grupomedcof.com.br\\\/blog\\\/dicas-para-as-provas-sobre-cancer-de-colo-de-utero\\\/\",\"url\":\"https:\\\/\\\/www.grupomedcof.com.br\\\/blog\\\/dicas-para-as-provas-sobre-cancer-de-colo-de-utero\\\/\",\"name\":\"Dicas para as provas sobre C\u00e2ncer de Colo de \u00datero - Blog de Medcof: conte\u00fados, editais, revalida e mais!\",\"isPartOf\":{\"@id\":\"https:\\\/\\\/www.grupomedcof.com.br\\\/blog\\\/#website\"},\"primaryImageOfPage\":{\"@id\":\"https:\\\/\\\/www.grupomedcof.com.br\\\/blog\\\/dicas-para-as-provas-sobre-cancer-de-colo-de-utero\\\/#primaryimage\"},\"image\":{\"@id\":\"https:\\\/\\\/www.grupomedcof.com.br\\\/blog\\\/dicas-para-as-provas-sobre-cancer-de-colo-de-utero\\\/#primaryimage\"},\"thumbnailUrl\":\"https:\\\/\\\/www.grupomedcof.com.br\\\/blog\\\/wp-content\\\/uploads\\\/2024\\\/08\\\/Blog-MedCof-2024-08-13T140204.068.png\",\"datePublished\":\"2024-08-13T17:06:42+00:00\",\"dateModified\":\"2024-08-13T17:06:43+00:00\",\"description\":\"O c\u00e2ncer de colo de \u00fatero \u00e9 uma das neoplasias ginecol\u00f3gicas mais comuns no Brasil, por isso, esteja informado sobre e veja mais em nosso blog!\",\"breadcrumb\":{\"@id\":\"https:\\\/\\\/www.grupomedcof.com.br\\\/blog\\\/dicas-para-as-provas-sobre-cancer-de-colo-de-utero\\\/#breadcrumb\"},\"inLanguage\":\"pt-BR\",\"potentialAction\":[{\"@type\":\"ReadAction\",\"target\":[\"https:\\\/\\\/www.grupomedcof.com.br\\\/blog\\\/dicas-para-as-provas-sobre-cancer-de-colo-de-utero\\\/\"]}]},{\"@type\":\"ImageObject\",\"inLanguage\":\"pt-BR\",\"@id\":\"https:\\\/\\\/www.grupomedcof.com.br\\\/blog\\\/dicas-para-as-provas-sobre-cancer-de-colo-de-utero\\\/#primaryimage\",\"url\":\"https:\\\/\\\/www.grupomedcof.com.br\\\/blog\\\/wp-content\\\/uploads\\\/2024\\\/08\\\/Blog-MedCof-2024-08-13T140204.068.png\",\"contentUrl\":\"https:\\\/\\\/www.grupomedcof.com.br\\\/blog\\\/wp-content\\\/uploads\\\/2024\\\/08\\\/Blog-MedCof-2024-08-13T140204.068.png\",\"width\":2560,\"height\":1440},{\"@type\":\"BreadcrumbList\",\"@id\":\"https:\\\/\\\/www.grupomedcof.com.br\\\/blog\\\/dicas-para-as-provas-sobre-cancer-de-colo-de-utero\\\/#breadcrumb\",\"itemListElement\":[{\"@type\":\"ListItem\",\"position\":1,\"name\":\"In\u00edcio\",\"item\":\"https:\\\/\\\/www.grupomedcof.com.br\\\/blog\\\/\"},{\"@type\":\"ListItem\",\"position\":2,\"name\":\"Dicas para as provas sobre C\u00e2ncer de Colo de \u00datero\"}]},{\"@type\":\"WebSite\",\"@id\":\"https:\\\/\\\/www.grupomedcof.com.br\\\/blog\\\/#website\",\"url\":\"https:\\\/\\\/www.grupomedcof.com.br\\\/blog\\\/\",\"name\":\"Blog de Medcof: conte\u00fados, editais, revalida e mais!\",\"description\":\"Acesso o blog de MedCof! Seu portal de conte\u00fados sobre resid\u00eancia m\u00e9dica, an\u00e1lise e editais e muito mais. Clique e confira!\",\"publisher\":{\"@id\":\"https:\\\/\\\/www.grupomedcof.com.br\\\/blog\\\/#organization\"},\"alternateName\":\"Blog de Medcof: conte\u00fados, editais, revalida e mais!\",\"potentialAction\":[{\"@type\":\"SearchAction\",\"target\":{\"@type\":\"EntryPoint\",\"urlTemplate\":\"https:\\\/\\\/www.grupomedcof.com.br\\\/blog\\\/?s={search_term_string}\"},\"query-input\":{\"@type\":\"PropertyValueSpecification\",\"valueRequired\":true,\"valueName\":\"search_term_string\"}}],\"inLanguage\":\"pt-BR\"},{\"@type\":\"Organization\",\"@id\":\"https:\\\/\\\/www.grupomedcof.com.br\\\/blog\\\/#organization\",\"name\":\"Grupo MedCof\",\"url\":\"https:\\\/\\\/www.grupomedcof.com.br\\\/blog\\\/\",\"logo\":{\"@type\":\"ImageObject\",\"inLanguage\":\"pt-BR\",\"@id\":\"https:\\\/\\\/www.grupomedcof.com.br\\\/blog\\\/#\\\/schema\\\/logo\\\/image\\\/\",\"url\":\"https:\\\/\\\/www.grupomedcof.com.br\\\/blog\\\/wp-content\\\/uploads\\\/2022\\\/01\\\/logo-medcof.png\",\"contentUrl\":\"https:\\\/\\\/www.grupomedcof.com.br\\\/blog\\\/wp-content\\\/uploads\\\/2022\\\/01\\\/logo-medcof.png\",\"width\":768,\"height\":269,\"caption\":\"Grupo MedCof\"},\"image\":{\"@id\":\"https:\\\/\\\/www.grupomedcof.com.br\\\/blog\\\/#\\\/schema\\\/logo\\\/image\\\/\"},\"sameAs\":[\"https:\\\/\\\/www.facebook.com\\\/MedCofQbank\\\/\",\"https:\\\/\\\/www.instagram.com\\\/grupomedcof\\\/\",\"https:\\\/\\\/br.linkedin.com\\\/company\\\/medcof\",\"https:\\\/\\\/www.youtube.com\\\/channel\\\/UCdHMuOHKICxcHwecxN8P-AA\"]},{\"@type\":\"Person\",\"@id\":\"https:\\\/\\\/www.grupomedcof.com.br\\\/blog\\\/#\\\/schema\\\/person\\\/db19a651f86c5fc202d6eee744fd3292\",\"name\":\"Kiara Adelino\",\"image\":{\"@type\":\"ImageObject\",\"inLanguage\":\"pt-BR\",\"@id\":\"https:\\\/\\\/www.grupomedcof.com.br\\\/blog\\\/wp-content\\\/uploads\\\/2024\\\/08\\\/cropped-Kiara-Adelino2-96x96.jpega85663bdda67261f8f06f86e555e1e49\",\"url\":\"https:\\\/\\\/www.grupomedcof.com.br\\\/blog\\\/wp-content\\\/uploads\\\/2024\\\/08\\\/cropped-Kiara-Adelino2-96x96.jpeg\",\"contentUrl\":\"https:\\\/\\\/www.grupomedcof.com.br\\\/blog\\\/wp-content\\\/uploads\\\/2024\\\/08\\\/cropped-Kiara-Adelino2-96x96.jpeg\",\"caption\":\"Kiara Adelino\"},\"description\":\"Estudante do 5\u00b0 semestre de Medicina. Gosto bastante de aprender coisas novas, principalmente na \u00e1rea de Neurologia e Anatomia humana.\",\"url\":\"https:\\\/\\\/www.grupomedcof.com.br\\\/blog\\\/author\\\/kiara-adelino\\\/\"}]}<\/script>\n<!-- \/ Yoast SEO Premium plugin. -->","yoast_head_json":{"title":"Dicas para as provas sobre C\u00e2ncer de Colo de \u00datero - Blog de Medcof: conte\u00fados, editais, revalida e mais!","description":"O c\u00e2ncer de colo de \u00fatero \u00e9 uma das neoplasias ginecol\u00f3gicas mais comuns no Brasil, por isso, esteja informado sobre e veja mais em nosso blog!","robots":{"index":"index","follow":"follow","max-snippet":"max-snippet:-1","max-image-preview":"max-image-preview:large","max-video-preview":"max-video-preview:-1"},"canonical":"https:\/\/www.grupomedcof.com.br\/blog\/dicas-para-as-provas-sobre-cancer-de-colo-de-utero\/","og_locale":"pt_BR","og_type":"article","og_title":"Dicas para as provas sobre C\u00e2ncer de Colo de \u00datero","og_description":"O c\u00e2ncer de colo de \u00fatero \u00e9 uma das neoplasias ginecol\u00f3gicas mais comuns no Brasil, por isso, esteja informado sobre e veja mais em nosso blog!","og_url":"https:\/\/www.grupomedcof.com.br\/blog\/dicas-para-as-provas-sobre-cancer-de-colo-de-utero\/","og_site_name":"Blog de Medcof: conte\u00fados, editais, revalida e mais!","article_publisher":"https:\/\/www.facebook.com\/MedCofQbank\/","article_published_time":"2024-08-13T17:06:42+00:00","article_modified_time":"2024-08-13T17:06:43+00:00","og_image":[{"width":1024,"height":576,"url":"https:\/\/www.grupomedcof.com.br\/blog\/wp-content\/uploads\/2024\/08\/Blog-MedCof-2024-08-13T140204.068-1024x576.png","type":"image\/png"}],"author":"Kiara Adelino","twitter_card":"summary_large_image","twitter_misc":{"Escrito por":"Kiara Adelino","Est. tempo de leitura":"6 minutos"},"schema":{"@context":"https:\/\/schema.org","@graph":[{"@type":"Article","@id":"https:\/\/www.grupomedcof.com.br\/blog\/dicas-para-as-provas-sobre-cancer-de-colo-de-utero\/#article","isPartOf":{"@id":"https:\/\/www.grupomedcof.com.br\/blog\/dicas-para-as-provas-sobre-cancer-de-colo-de-utero\/"},"author":{"name":"Kiara Adelino","@id":"https:\/\/www.grupomedcof.com.br\/blog\/#\/schema\/person\/db19a651f86c5fc202d6eee744fd3292"},"headline":"Dicas para as provas sobre C\u00e2ncer de Colo de \u00datero","datePublished":"2024-08-13T17:06:42+00:00","dateModified":"2024-08-13T17:06:43+00:00","mainEntityOfPage":{"@id":"https:\/\/www.grupomedcof.com.br\/blog\/dicas-para-as-provas-sobre-cancer-de-colo-de-utero\/"},"wordCount":973,"commentCount":0,"publisher":{"@id":"https:\/\/www.grupomedcof.com.br\/blog\/#organization"},"image":{"@id":"https:\/\/www.grupomedcof.com.br\/blog\/dicas-para-as-provas-sobre-cancer-de-colo-de-utero\/#primaryimage"},"thumbnailUrl":"https:\/\/www.grupomedcof.com.br\/blog\/wp-content\/uploads\/2024\/08\/Blog-MedCof-2024-08-13T140204.068.png","keywords":["C\u00e2ncer","C\u00e2ncer de colo de \u00fatero","Carcinomas","Hpv","Neoplasia"],"articleSection":["Ginecologia e Obstetr\u00edcia"],"inLanguage":"pt-BR"},{"@type":"WebPage","@id":"https:\/\/www.grupomedcof.com.br\/blog\/dicas-para-as-provas-sobre-cancer-de-colo-de-utero\/","url":"https:\/\/www.grupomedcof.com.br\/blog\/dicas-para-as-provas-sobre-cancer-de-colo-de-utero\/","name":"Dicas para as provas sobre C\u00e2ncer de Colo de \u00datero - Blog de Medcof: conte\u00fados, editais, revalida e mais!","isPartOf":{"@id":"https:\/\/www.grupomedcof.com.br\/blog\/#website"},"primaryImageOfPage":{"@id":"https:\/\/www.grupomedcof.com.br\/blog\/dicas-para-as-provas-sobre-cancer-de-colo-de-utero\/#primaryimage"},"image":{"@id":"https:\/\/www.grupomedcof.com.br\/blog\/dicas-para-as-provas-sobre-cancer-de-colo-de-utero\/#primaryimage"},"thumbnailUrl":"https:\/\/www.grupomedcof.com.br\/blog\/wp-content\/uploads\/2024\/08\/Blog-MedCof-2024-08-13T140204.068.png","datePublished":"2024-08-13T17:06:42+00:00","dateModified":"2024-08-13T17:06:43+00:00","description":"O c\u00e2ncer de colo de \u00fatero \u00e9 uma das neoplasias ginecol\u00f3gicas mais comuns no Brasil, por isso, esteja informado sobre e veja mais em nosso blog!","breadcrumb":{"@id":"https:\/\/www.grupomedcof.com.br\/blog\/dicas-para-as-provas-sobre-cancer-de-colo-de-utero\/#breadcrumb"},"inLanguage":"pt-BR","potentialAction":[{"@type":"ReadAction","target":["https:\/\/www.grupomedcof.com.br\/blog\/dicas-para-as-provas-sobre-cancer-de-colo-de-utero\/"]}]},{"@type":"ImageObject","inLanguage":"pt-BR","@id":"https:\/\/www.grupomedcof.com.br\/blog\/dicas-para-as-provas-sobre-cancer-de-colo-de-utero\/#primaryimage","url":"https:\/\/www.grupomedcof.com.br\/blog\/wp-content\/uploads\/2024\/08\/Blog-MedCof-2024-08-13T140204.068.png","contentUrl":"https:\/\/www.grupomedcof.com.br\/blog\/wp-content\/uploads\/2024\/08\/Blog-MedCof-2024-08-13T140204.068.png","width":2560,"height":1440},{"@type":"BreadcrumbList","@id":"https:\/\/www.grupomedcof.com.br\/blog\/dicas-para-as-provas-sobre-cancer-de-colo-de-utero\/#breadcrumb","itemListElement":[{"@type":"ListItem","position":1,"name":"In\u00edcio","item":"https:\/\/www.grupomedcof.com.br\/blog\/"},{"@type":"ListItem","position":2,"name":"Dicas para as provas sobre C\u00e2ncer de Colo de \u00datero"}]},{"@type":"WebSite","@id":"https:\/\/www.grupomedcof.com.br\/blog\/#website","url":"https:\/\/www.grupomedcof.com.br\/blog\/","name":"Blog de Medcof: conte\u00fados, editais, revalida e mais!","description":"Acesso o blog de MedCof! Seu portal de conte\u00fados sobre resid\u00eancia m\u00e9dica, an\u00e1lise e editais e muito mais. Clique e confira!","publisher":{"@id":"https:\/\/www.grupomedcof.com.br\/blog\/#organization"},"alternateName":"Blog de Medcof: conte\u00fados, editais, revalida e mais!","potentialAction":[{"@type":"SearchAction","target":{"@type":"EntryPoint","urlTemplate":"https:\/\/www.grupomedcof.com.br\/blog\/?s={search_term_string}"},"query-input":{"@type":"PropertyValueSpecification","valueRequired":true,"valueName":"search_term_string"}}],"inLanguage":"pt-BR"},{"@type":"Organization","@id":"https:\/\/www.grupomedcof.com.br\/blog\/#organization","name":"Grupo MedCof","url":"https:\/\/www.grupomedcof.com.br\/blog\/","logo":{"@type":"ImageObject","inLanguage":"pt-BR","@id":"https:\/\/www.grupomedcof.com.br\/blog\/#\/schema\/logo\/image\/","url":"https:\/\/www.grupomedcof.com.br\/blog\/wp-content\/uploads\/2022\/01\/logo-medcof.png","contentUrl":"https:\/\/www.grupomedcof.com.br\/blog\/wp-content\/uploads\/2022\/01\/logo-medcof.png","width":768,"height":269,"caption":"Grupo MedCof"},"image":{"@id":"https:\/\/www.grupomedcof.com.br\/blog\/#\/schema\/logo\/image\/"},"sameAs":["https:\/\/www.facebook.com\/MedCofQbank\/","https:\/\/www.instagram.com\/grupomedcof\/","https:\/\/br.linkedin.com\/company\/medcof","https:\/\/www.youtube.com\/channel\/UCdHMuOHKICxcHwecxN8P-AA"]},{"@type":"Person","@id":"https:\/\/www.grupomedcof.com.br\/blog\/#\/schema\/person\/db19a651f86c5fc202d6eee744fd3292","name":"Kiara Adelino","image":{"@type":"ImageObject","inLanguage":"pt-BR","@id":"https:\/\/www.grupomedcof.com.br\/blog\/wp-content\/uploads\/2024\/08\/cropped-Kiara-Adelino2-96x96.jpega85663bdda67261f8f06f86e555e1e49","url":"https:\/\/www.grupomedcof.com.br\/blog\/wp-content\/uploads\/2024\/08\/cropped-Kiara-Adelino2-96x96.jpeg","contentUrl":"https:\/\/www.grupomedcof.com.br\/blog\/wp-content\/uploads\/2024\/08\/cropped-Kiara-Adelino2-96x96.jpeg","caption":"Kiara Adelino"},"description":"Estudante do 5\u00b0 semestre de Medicina. Gosto bastante de aprender coisas novas, principalmente na \u00e1rea de Neurologia e Anatomia humana.","url":"https:\/\/www.grupomedcof.com.br\/blog\/author\/kiara-adelino\/"}]}},"authors":[{"term_id":3617,"user_id":21,"is_guest":0,"slug":"kiara-adelino","display_name":"Kiara Adelino","avatar_url":"https:\/\/www.grupomedcof.com.br\/blog\/wp-content\/uploads\/2024\/08\/cropped-Kiara-Adelino2-96x96.jpeg","0":null,"1":"","2":"","3":"","4":"","5":"","6":"","7":"","8":""}],"_links":{"self":[{"href":"https:\/\/www.grupomedcof.com.br\/blog\/wp-json\/wp\/v2\/posts\/28690","targetHints":{"allow":["GET"]}}],"collection":[{"href":"https:\/\/www.grupomedcof.com.br\/blog\/wp-json\/wp\/v2\/posts"}],"about":[{"href":"https:\/\/www.grupomedcof.com.br\/blog\/wp-json\/wp\/v2\/types\/post"}],"author":[{"embeddable":true,"href":"https:\/\/www.grupomedcof.com.br\/blog\/wp-json\/wp\/v2\/users\/21"}],"replies":[{"embeddable":true,"href":"https:\/\/www.grupomedcof.com.br\/blog\/wp-json\/wp\/v2\/comments?post=28690"}],"version-history":[{"count":0,"href":"https:\/\/www.grupomedcof.com.br\/blog\/wp-json\/wp\/v2\/posts\/28690\/revisions"}],"wp:featuredmedia":[{"embeddable":true,"href":"https:\/\/www.grupomedcof.com.br\/blog\/wp-json\/wp\/v2\/media\/28692"}],"wp:attachment":[{"href":"https:\/\/www.grupomedcof.com.br\/blog\/wp-json\/wp\/v2\/media?parent=28690"}],"wp:term":[{"taxonomy":"category","embeddable":true,"href":"https:\/\/www.grupomedcof.com.br\/blog\/wp-json\/wp\/v2\/categories?post=28690"},{"taxonomy":"post_tag","embeddable":true,"href":"https:\/\/www.grupomedcof.com.br\/blog\/wp-json\/wp\/v2\/tags?post=28690"},{"taxonomy":"author","embeddable":true,"href":"https:\/\/www.grupomedcof.com.br\/blog\/wp-json\/wp\/v2\/ppma_author?post=28690"}],"curies":[{"name":"wp","href":"https:\/\/api.w.org\/{rel}","templated":true}]}}