{"id":28696,"date":"2024-08-13T14:36:27","date_gmt":"2024-08-13T17:36:27","guid":{"rendered":"https:\/\/www.grupomedcof.com.br\/blog\/?p=28696"},"modified":"2024-08-13T14:36:32","modified_gmt":"2024-08-13T17:36:32","slug":"como-testes-diagnosticos-sao-cobrados-nas-provas-de-residencia-medica","status":"publish","type":"post","link":"https:\/\/www.grupomedcof.com.br\/blog\/como-testes-diagnosticos-sao-cobrados-nas-provas-de-residencia-medica\/","title":{"rendered":"Como testes diagn\u00f3sticos s\u00e3o cobrados nas provas de resid\u00eancia m\u00e9dica"},"content":{"rendered":"<div id=\"ez-toc-container\" class=\"ez-toc-v2_0_74 counter-hierarchy ez-toc-counter ez-toc-transparent ez-toc-container-direction\">\n<div class=\"ez-toc-title-container\">\n<p class=\"ez-toc-title\" style=\"cursor:inherit\">Sum\u00e1rio<\/p>\n<span class=\"ez-toc-title-toggle\"><a href=\"#\" class=\"ez-toc-pull-right ez-toc-btn ez-toc-btn-xs ez-toc-btn-default ez-toc-toggle\" aria-label=\"Alternar tabela de conte\u00fado\"><span class=\"ez-toc-js-icon-con\"><span class=\"\"><span class=\"eztoc-hide\" style=\"display:none;\">Toggle<\/span><span class=\"ez-toc-icon-toggle-span\"><svg style=\"fill: #999;color:#999\" xmlns=\"http:\/\/www.w3.org\/2000\/svg\" class=\"list-377408\" width=\"20px\" height=\"20px\" viewBox=\"0 0 24 24\" fill=\"none\"><path d=\"M6 6H4v2h2V6zm14 0H8v2h12V6zM4 11h2v2H4v-2zm16 0H8v2h12v-2zM4 16h2v2H4v-2zm16 0H8v2h12v-2z\" fill=\"currentColor\"><\/path><\/svg><svg style=\"fill: #999;color:#999\" class=\"arrow-unsorted-368013\" xmlns=\"http:\/\/www.w3.org\/2000\/svg\" width=\"10px\" height=\"10px\" viewBox=\"0 0 24 24\" version=\"1.2\" baseProfile=\"tiny\"><path d=\"M18.2 9.3l-6.2-6.3-6.2 6.3c-.2.2-.3.4-.3.7s.1.5.3.7c.2.2.4.3.7.3h11c.3 0 .5-.1.7-.3.2-.2.3-.5.3-.7s-.1-.5-.3-.7zM5.8 14.7l6.2 6.3 6.2-6.3c.2-.2.3-.5.3-.7s-.1-.5-.3-.7c-.2-.2-.4-.3-.7-.3h-11c-.3 0-.5.1-.7.3-.2.2-.3.5-.3.7s.1.5.3.7z\"\/><\/svg><\/span><\/span><\/span><\/a><\/span><\/div>\n<nav><ul class='ez-toc-list ez-toc-list-level-1 ' ><li class='ez-toc-page-1 ez-toc-heading-level-2'><a class=\"ez-toc-link ez-toc-heading-1\" href=\"https:\/\/www.grupomedcof.com.br\/blog\/como-testes-diagnosticos-sao-cobrados-nas-provas-de-residencia-medica\/#Mas_qual_a_especialidade_medica_que_cobra_esse_tema\" >Mas, qual a especialidade m\u00e9dica que cobra esse tema?<\/a><\/li><li class='ez-toc-page-1 ez-toc-heading-level-2'><a class=\"ez-toc-link ez-toc-heading-2\" href=\"https:\/\/www.grupomedcof.com.br\/blog\/como-testes-diagnosticos-sao-cobrados-nas-provas-de-residencia-medica\/#O_metodo_que_te_aprova\" >O m\u00e9todo que te aprova!<\/a><\/li><\/ul><\/nav><\/div>\n\n<figure class=\"wp-block-image size-large\"><img loading=\"lazy\" decoding=\"async\" width=\"1024\" height=\"576\" src=\"https:\/\/www.grupomedcof.com.br\/blog\/wp-content\/uploads\/2024\/08\/Blog-MedCof-2024-08-13T142827.994-1024x576.png\" alt=\"\" class=\"wp-image-28698\" srcset=\"https:\/\/www.grupomedcof.com.br\/blog\/wp-content\/uploads\/2024\/08\/Blog-MedCof-2024-08-13T142827.994-1024x576.png 1024w, https:\/\/www.grupomedcof.com.br\/blog\/wp-content\/uploads\/2024\/08\/Blog-MedCof-2024-08-13T142827.994-300x169.png 300w, https:\/\/www.grupomedcof.com.br\/blog\/wp-content\/uploads\/2024\/08\/Blog-MedCof-2024-08-13T142827.994-768x432.png 768w, https:\/\/www.grupomedcof.com.br\/blog\/wp-content\/uploads\/2024\/08\/Blog-MedCof-2024-08-13T142827.994-1536x864.png 1536w, https:\/\/www.grupomedcof.com.br\/blog\/wp-content\/uploads\/2024\/08\/Blog-MedCof-2024-08-13T142827.994-2048x1152.png 2048w, https:\/\/www.grupomedcof.com.br\/blog\/wp-content\/uploads\/2024\/08\/Blog-MedCof-2024-08-13T142827.994-747x420.png 747w, https:\/\/www.grupomedcof.com.br\/blog\/wp-content\/uploads\/2024\/08\/Blog-MedCof-2024-08-13T142827.994-150x84.png 150w, https:\/\/www.grupomedcof.com.br\/blog\/wp-content\/uploads\/2024\/08\/Blog-MedCof-2024-08-13T142827.994-696x392.png 696w, https:\/\/www.grupomedcof.com.br\/blog\/wp-content\/uploads\/2024\/08\/Blog-MedCof-2024-08-13T142827.994-1068x601.png 1068w, https:\/\/www.grupomedcof.com.br\/blog\/wp-content\/uploads\/2024\/08\/Blog-MedCof-2024-08-13T142827.994-1920x1080.png 1920w\" sizes=\"auto, (max-width: 1024px) 100vw, 1024px\" \/><\/figure>\n\n\n\n<h2 class=\"wp-block-heading\" id=\"h-mas-qual-a-especialidade-medica-que-cobra-esse-tema\"><span class=\"ez-toc-section\" id=\"Mas_qual_a_especialidade_medica_que_cobra_esse_tema\"><\/span><strong>Mas, qual a especialidade m\u00e9dica que cobra esse tema?<\/strong><span class=\"ez-toc-section-end\"><\/span><\/h2>\n\n\n\n<p>Quest\u00f5es sobre testes diagn\u00f3sticos est\u00e3o presentes em todas as provas de medicina <strong>preventiva<\/strong>. Nessas provas, o assunto classifica-se normalmente, como de baixa dificuldade, embora envolva v\u00e1rios contexto e a complexidade dela advenha do contexto explicitado na quest\u00e3o. Muitas das perguntas sobre esse tema n\u00e3o cobrar\u00e3o o conceito,mas sim racioc\u00ednios e elabora\u00e7\u00f5es em cima dos conceitos.\u00a0Por isso, os futuros residentes devem se atentar bem \u00e0s perguntas e racioc\u00ednios que a quest\u00e3o gera. Abaixo vamos ver alguns exemplos de quest\u00f5es tirados diretamente do QBank, banco mais completo de quest\u00f5es de resid\u00eancia m\u00e9dica pr\u00f3prio do MedCof.<\/p>\n\n\n\n<p><strong>IAMSPE 2021<\/strong><br><img loading=\"lazy\" decoding=\"async\" width=\"506\" height=\"167\" src=\"https:\/\/lh7-rt.googleusercontent.com\/docsz\/AD_4nXdo-DnS5Hz4KfhfPDLVMjGSzE7dPcir3gyTx0J1xyzDtlYS4dpv083tB8Fwh5vseriWyXNx-yidt0hdrrqDPhYfSUV1pZ7OW05f0H64XpxFmRhhm-qghLMceVS9YqKRKO1ExT7J3T5u-0Sbp2MMbGDFOUs?key=fhsHha14YGp5RPt43UgAlw\"><\/p>\n\n\n\n<p><strong>AMP 2023<\/strong><br><img loading=\"lazy\" decoding=\"async\" width=\"509\" height=\"243\" src=\"https:\/\/lh7-rt.googleusercontent.com\/docsz\/AD_4nXexDsJ109Rsi1hYw_rYf58cniaM2XHc7kCIeBdBT0Bn6iO22RCQEpj7piF72SmG6_GYfcIXa9pzIUUF8ZAVUxOKFrTF4yvwqvEXS97WL6shQ7sOsSZcrWSooAe3llKeXYZjE-cj4UldZIBFx7iaO6aP2B4?key=fhsHha14YGp5RPt43UgAlw\"><\/p>\n\n\n\n<p><strong>UFRJ 2023<\/strong><br><img loading=\"lazy\" decoding=\"async\" width=\"526\" height=\"296\" src=\"https:\/\/lh7-rt.googleusercontent.com\/docsz\/AD_4nXciEhyhpWVKjQtoN7s-r2JIZWhjKTnjhhOLNcvGyZ0UjLKz780S8suDCsmO5dD7qGNy6RR83j34fOvEanMxjZMNTCtUceBObXqgOL_E4AU2I8NI9nTm10MW0JLiVa6GhvKhH2A6mB2EcR_a8eVi3x4N4gA?key=fhsHha14YGp5RPt43UgAlw\"><\/p>\n\n\n\n<p>Mas, antes de responder essas quest\u00f5es, vamos relembrar um conceitos-chaves sobre esse tema:<\/p>\n\n\n\n<ul class=\"wp-block-list\">\n<li>Nenhum teste \u00e9 perfeito e temos que escolher adequadamente os testes conforme o contexto cl\u00ednico;<\/li>\n\n\n\n<li>Os pontos chave que usamos para guiar a escolha s\u00e3o: <strong>sensibilidade, especificidade, valor preditivo positivo e valor preditivo negativo.<\/strong><\/li>\n<\/ul>\n\n\n\n<p><strong>Sensibilidade:\u00a0<\/strong> corresponde ao percentual de resultados positivos dentre as pessoas que t\u00eam uma determinada doen\u00e7a ou condi\u00e7\u00e3o cl\u00ednica. Um teste de alta sensibilidade consegue portanto detectar a quase totalidade de casos de uma determinada doen\u00e7a na popula\u00e7\u00e3o testada, desta forma \u00e9 o teste ideal para ser usado em situa\u00e7\u00e3o de rastreio.<\/p>\n\n\n\n<p><strong>Especificidade<\/strong>: corresponde ao percentual de resultados negativos dentre as pessoas que n\u00e3o t\u00eam uma determinada doen\u00e7a ou condi\u00e7\u00e3o cl\u00ednica. Desta forma um teste de alta especificidade \u00e9 importante para a confirma\u00e7\u00e3o de uma doen\u00e7a.<\/p>\n\n\n\n<p><strong>Valor preditivo positivo:<\/strong> probabilidade da presen\u00e7a da doen\u00e7a quando o teste \u00e9 positivo e \u00e9 calculado como: verdadeiro positivo\/(verdadeiro positivo +falso positivo). Caminha junto com a especificidade do exame, nos d\u00e1 maior certeza que o resultado positivo \u00e9 realmente positivo e podemos confirmar a doen\u00e7a.<\/p>\n\n\n\n<p><strong>Valor preditivo negativo:<\/strong> \u00e9 a probabilidade da aus\u00eancia de doen\u00e7a quando o teste \u00e9 negativo: verdadeiro negativo\/(verdadeiro negativo+falso negativo). Caminha junto com a sensibilidade do exame, nos d\u00e1 certeza que o resultado negativo \u00e9 realmente negativo e podemos descartar a doen\u00e7a.<\/p>\n\n\n\n<ul class=\"wp-block-list\">\n<li>\u00a0Os testes podem ser de <strong>imagem<\/strong>, de <strong>laborat\u00f3rio<\/strong>, elementos do exame <strong>f\u00edsico<\/strong> ou <strong>combina\u00e7\u00e3o destes<\/strong>. O ideal seria que o teste diagn\u00f3stico deveria ser capaz de classificar o indiv\u00edduo, sem erro.<\/li>\n<\/ul>\n\n\n\n<ul start=\"2\" class=\"wp-block-list\">\n<li>\u00a0Em termos pr\u00e1ticos, a habilidade de classificar indiv\u00edduos no correto status, depende da acur\u00e1cia do teste, entre outras coisas:<\/li>\n<\/ul>\n\n\n\n<p><strong>Teste diagn\u00f3stico:<\/strong> utilizado para determinar a presen\u00e7a ou aus\u00eancia de uma doen\u00e7a quando o indiv\u00edduo apresenta sinais ou sintomas da doen\u00e7a.<\/p>\n\n\n\n<p><strong>Teste de triagem:<\/strong> identifica indiv\u00edduos assintom\u00e1ticos que podem ter a doen\u00e7a.<\/p>\n\n\n\n<p>No caso do diagn\u00f3stico de c\u00e2ncer, necessitamos fazer uma confirma\u00e7\u00e3o do tratamento com elevado grau de certeza, considerando que o diagn\u00f3stico implica em tratamento com alto custo e muitos efeitos colaterais, al\u00e9m do impacto psicol\u00f3gico que o diagn\u00f3stico de c\u00e2ncer traz ao paciente. Nestas situa\u00e7\u00f5es precisamos de um teste com alta Especificidade, como uma bi\u00f3psia, por exemplo. <\/p>\n\n\n\n<h4 class=\"wp-block-heading\" id=\"h-gabarito\"><strong>Gabarito<\/strong><\/h4>\n\n\n\n<p><strong>Quest\u00e3o 01:<\/strong><\/p>\n\n\n\n<p>Vamos \u00e0s alternativas,<\/p>\n\n\n\n<p><strong>A<\/strong> &#8211; INCORRETA &#8211; Conformes conceitos acima citados<\/p>\n\n\n\n<p><strong>B<\/strong> &#8211; INCORRETA &#8211; Conforme conceitos acima citados<\/p>\n\n\n\n<p><strong>C <\/strong>&#8211; INCORRETA &#8211; Conforme conceitos acima citados<\/p>\n\n\n\n<p><strong>D<\/strong> &#8211; CORRETA &#8211; Pois \u00e9 especificidade \u00e9 a capacidade do teste de identificar corretamente os indiv\u00edduos que n\u00e3o possuem a doen\u00e7a. Por isso costumam ser confirmat\u00f3rios quando h\u00e1 resultado positivo.<\/p>\n\n\n\n<p><strong>E<\/strong> &#8211; INCORRETA &#8211; O valor preditivo negativo \u00e9 melhor quando o resultado do teste \u00e9 negativo no teste sens\u00edvel e n\u00e3o quando \u00e9 positivo. Quanto mais sens\u00edvel, melhor o valor preditivo negativo e quanto mais espec\u00edfico, melhor o valor preditivo positivo.<br><\/p>\n\n\n\n<p><strong>Quest\u00e3o 02:\u00a0<\/strong><\/p>\n\n\n\n<p>Vamos \u00e0s alternativas:<\/p>\n\n\n\n<p><strong>A<\/strong> &#8211; INCORRETA &#8211; Alguns testes podem apresentar valor progn\u00f3stico, como por exemplo, o BNP, que na insufici\u00eancia card\u00edaca, quanto maior seu valor, pior progn\u00f3stico do paciente.<\/p>\n\n\n\n<p><strong>B<\/strong> &#8211; CORRETA &#8211; A probabilidade pr\u00e9-teste ( probabilidade da doen\u00e7a antes do resultado do teste ser conhecido, ou seja, preval\u00eancia) influencia diretamente no VPP e VPN.<\/p>\n\n\n\n<p><strong>C<\/strong> &#8211; INCORRETA &#8211; Os testes de rastreamento devem ter elevada sensibilidade, no entanto, n\u00e3o confirmam o diagn\u00f3stico. Sendo necess\u00e1rio um teste mais espec\u00edfico para confirm\u00e1-lo.<\/p>\n\n\n\n<p><strong>D<\/strong> &#8211; INCORRETA &#8211; Os testes de rastreamento devem ter elevada sensibilidade para selecionar as pessoas em fase pr\u00e9-cl\u00ednica.<\/p>\n\n\n\n<p><strong>E<\/strong> &#8211; INCORRETA &#8211; Raz\u00f5es de verossimilhan\u00e7a positiva entre 1 e 3 apresentam probabilidade semelhantes de pr\u00e9-teste e p\u00f3s-teste (vide nomograma de Fagan).<\/p>\n\n\n\n<p><strong>Quest\u00e3o 03:\u00a0<\/strong><\/p>\n\n\n\n<p>Vamos \u00e0s alternativas:<\/p>\n\n\n\n<p><strong>A<\/strong> &#8211; CORRETA &#8211; A combina\u00e7\u00e3o em s\u00e9rie utiliza-se em consult\u00f3rios e cl\u00ednicas hospitalares e em casos de testes caros e arriscados. Se o resultado apresenta negativo, o diagn\u00f3stico assume-se como negativo. Todavia, se for positivo, um teste diferente \u00e9 realizado at\u00e9 o momento que o limiar de decis\u00e3o cl\u00ednica \u00e9 atingido e firma-se um diagn\u00f3stico.<\/p>\n\n\n\n<p><strong>B<\/strong> &#8211; INCORRETA &#8211; Realizados ao mesmo tempo. Se pelo menos um for positivo, confirmamos o diagn\u00f3stico.<\/p>\n\n\n\n<p><strong>C<\/strong> &#8211; INCORRETA &#8211; Os testes aplicam-se sequencialmente, sendo o segundo aplicado apenas se o primeiro apresentar resultado positivo. Esse procedimento possui indica\u00e7\u00e3o em situa\u00e7\u00f5es onde n\u00e3o h\u00e1 necessidade de r\u00e1pido atendimento e quando o paciente possui acompanhamento ao longo do tempo.<\/p>\n\n\n\n<p><strong>D<\/strong> &#8211; INCORRETA &#8211; A combina\u00e7\u00e3o em s\u00e9rie \u00e9 usada em consult\u00f3rios e cl\u00ednicas hospitalares e em casos de testes caros e arriscados. A combina\u00e7\u00e3o em paralelo \u00e9 usada em casos de urg\u00eancia ou para pacientes residentes em lugares distantes.<\/p>\n\n\n\n<h2 class=\"wp-block-heading\" id=\"o-m\u00e9todo-que-te-aprova\"><span class=\"ez-toc-section\" id=\"O_metodo_que_te_aprova\"><\/span><strong>O m\u00e9todo que te aprova!<\/strong><span class=\"ez-toc-section-end\"><\/span><\/h2>\n\n\n\n<p>Quer alcan\u00e7ar a aprova\u00e7\u00e3o nas provas de resid\u00eancia m\u00e9dica? Ent\u00e3o seja um\u00a0<a href=\"https:\/\/www.grupomedcof.com.br\/home\/\" target=\"_blank\" rel=\"noreferrer noopener\">MedCoffer<\/a>! Aqui te ajudaremos na busca da aprova\u00e7\u00e3o com conte\u00fados de qualidade e uma\u00a0<a href=\"https:\/\/www.grupomedcof.com.br\/blog\/presenca-da-medcof-nas-aprovacoes-em-residencia-medica-no-brasil\/\" target=\"_blank\" rel=\"noreferrer noopener\">metodologia que j\u00e1 aprovou mais de 10 mil residentes no pa\u00eds!\u00a0<\/a>Por fim, acesse o nosso<a href=\"https:\/\/www.youtube.com\/@GrupoMedcof\/featured\" target=\"_blank\" rel=\"noreferrer noopener\">\u00a0<strong>canal do youtube\u00a0<\/strong><\/a>para ver o nosso material. <\/p>\n\n\n\n<figure class=\"wp-block-embed is-type-video is-provider-youtube wp-block-embed-youtube wp-embed-aspect-16-9 wp-has-aspect-ratio\"><div class=\"wp-block-embed__wrapper\">\n<iframe loading=\"lazy\" title=\"Atualiza\u00e7\u00e3o Medicina Preventiva e Cl\u00ednica M\u00e9dica \ud83d\udd04\ud83d\ude37\" width=\"696\" height=\"392\" src=\"https:\/\/www.youtube.com\/embed\/OFlwVDpYpjk?feature=oembed\" frameborder=\"0\" allow=\"accelerometer; autoplay; clipboard-write; encrypted-media; gyroscope; picture-in-picture; web-share\" referrerpolicy=\"strict-origin-when-cross-origin\" allowfullscreen><\/iframe>\n<\/div><\/figure>\n","protected":false},"excerpt":{"rendered":"<p>Quest\u00f5es sobre testes diagn\u00f3sticos est\u00e3o presentes em todas as provas de medicina preventiva. Ent\u00e3o fique por dentro, veja em nosso blog!<\/p>\n","protected":false},"author":21,"featured_media":28698,"comment_status":"open","ping_status":"open","sticky":false,"template":"","format":"standard","meta":{"footnotes":""},"categories":[197],"tags":[1806,199,1452,117,68,1805,48],"ppma_author":[3617],"class_list":{"0":"post-28696","1":"post","2":"type-post","3":"status-publish","4":"format-standard","5":"has-post-thumbnail","7":"category-preventiva","8":"tag-iampse","9":"tag-preventiva","10":"tag-provas","11":"tag-provas-de-residencia","12":"tag-residencia-medica","13":"tag-testes-diagnosticos","14":"tag-ufrj"},"yoast_head":"<!-- This site is optimized with the Yoast SEO Premium plugin v24.3 (Yoast SEO v27.4) - https:\/\/yoast.com\/product\/yoast-seo-premium-wordpress\/ -->\n<title>Como testes diagn\u00f3sticos s\u00e3o cobrados nas provas de resid\u00eancia m\u00e9dica - Blog de Medcof: conte\u00fados, editais, revalida e mais!<\/title>\n<meta name=\"description\" content=\"Quest\u00f5es sobre testes diagn\u00f3sticos est\u00e3o presentes em todas as provas de medicina preventiva. Ent\u00e3o fique por dentro, veja em nosso blog!\" \/>\n<meta name=\"robots\" content=\"index, follow, max-snippet:-1, max-image-preview:large, max-video-preview:-1\" \/>\n<link rel=\"canonical\" href=\"https:\/\/www.grupomedcof.com.br\/blog\/como-testes-diagnosticos-sao-cobrados-nas-provas-de-residencia-medica\/\" \/>\n<meta property=\"og:locale\" content=\"pt_BR\" \/>\n<meta property=\"og:type\" content=\"article\" \/>\n<meta property=\"og:title\" content=\"Como testes diagn\u00f3sticos s\u00e3o cobrados nas provas de resid\u00eancia m\u00e9dica\" \/>\n<meta property=\"og:description\" content=\"Quest\u00f5es sobre testes diagn\u00f3sticos est\u00e3o presentes em todas as provas de medicina preventiva. Ent\u00e3o fique por dentro, veja em nosso blog!\" \/>\n<meta property=\"og:url\" content=\"https:\/\/www.grupomedcof.com.br\/blog\/como-testes-diagnosticos-sao-cobrados-nas-provas-de-residencia-medica\/\" \/>\n<meta property=\"og:site_name\" content=\"Blog de Medcof: conte\u00fados, editais, revalida e mais!\" \/>\n<meta property=\"article:publisher\" content=\"https:\/\/www.facebook.com\/MedCofQbank\/\" \/>\n<meta property=\"article:published_time\" content=\"2024-08-13T17:36:27+00:00\" \/>\n<meta property=\"article:modified_time\" content=\"2024-08-13T17:36:32+00:00\" \/>\n<meta property=\"og:image\" content=\"https:\/\/www.grupomedcof.com.br\/blog\/wp-content\/uploads\/2024\/08\/Blog-MedCof-2024-08-13T142827.994-1024x576.png\" \/>\n\t<meta property=\"og:image:width\" content=\"1024\" \/>\n\t<meta property=\"og:image:height\" content=\"576\" \/>\n\t<meta property=\"og:image:type\" content=\"image\/png\" \/>\n<meta name=\"author\" content=\"Kiara Adelino\" \/>\n<meta name=\"twitter:card\" content=\"summary_large_image\" \/>\n<meta name=\"twitter:label1\" content=\"Escrito por\" \/>\n\t<meta name=\"twitter:data1\" content=\"Kiara Adelino\" \/>\n\t<meta name=\"twitter:label2\" content=\"Est. tempo de leitura\" \/>\n\t<meta name=\"twitter:data2\" content=\"6 minutos\" \/>\n<script type=\"application\/ld+json\" class=\"yoast-schema-graph\">{\"@context\":\"https:\\\/\\\/schema.org\",\"@graph\":[{\"@type\":\"Article\",\"@id\":\"https:\\\/\\\/www.grupomedcof.com.br\\\/blog\\\/como-testes-diagnosticos-sao-cobrados-nas-provas-de-residencia-medica\\\/#article\",\"isPartOf\":{\"@id\":\"https:\\\/\\\/www.grupomedcof.com.br\\\/blog\\\/como-testes-diagnosticos-sao-cobrados-nas-provas-de-residencia-medica\\\/\"},\"author\":{\"name\":\"Kiara Adelino\",\"@id\":\"https:\\\/\\\/www.grupomedcof.com.br\\\/blog\\\/#\\\/schema\\\/person\\\/db19a651f86c5fc202d6eee744fd3292\"},\"headline\":\"Como testes diagn\u00f3sticos s\u00e3o cobrados nas provas de resid\u00eancia m\u00e9dica\",\"datePublished\":\"2024-08-13T17:36:27+00:00\",\"dateModified\":\"2024-08-13T17:36:32+00:00\",\"mainEntityOfPage\":{\"@id\":\"https:\\\/\\\/www.grupomedcof.com.br\\\/blog\\\/como-testes-diagnosticos-sao-cobrados-nas-provas-de-residencia-medica\\\/\"},\"wordCount\":1029,\"commentCount\":0,\"publisher\":{\"@id\":\"https:\\\/\\\/www.grupomedcof.com.br\\\/blog\\\/#organization\"},\"image\":{\"@id\":\"https:\\\/\\\/www.grupomedcof.com.br\\\/blog\\\/como-testes-diagnosticos-sao-cobrados-nas-provas-de-residencia-medica\\\/#primaryimage\"},\"thumbnailUrl\":\"https:\\\/\\\/www.grupomedcof.com.br\\\/blog\\\/wp-content\\\/uploads\\\/2024\\\/08\\\/Blog-MedCof-2024-08-13T142827.994.png\",\"keywords\":[\"IAMPSE\",\"Preventiva\",\"Provas\",\"Provas de Resid\u00eancia\",\"Resid\u00eancia M\u00e9dica\",\"Testes diagn\u00f3sticos\",\"UFRJ\"],\"articleSection\":[\"Preventiva\"],\"inLanguage\":\"pt-BR\"},{\"@type\":\"WebPage\",\"@id\":\"https:\\\/\\\/www.grupomedcof.com.br\\\/blog\\\/como-testes-diagnosticos-sao-cobrados-nas-provas-de-residencia-medica\\\/\",\"url\":\"https:\\\/\\\/www.grupomedcof.com.br\\\/blog\\\/como-testes-diagnosticos-sao-cobrados-nas-provas-de-residencia-medica\\\/\",\"name\":\"Como testes diagn\u00f3sticos s\u00e3o cobrados nas provas de resid\u00eancia m\u00e9dica - Blog de Medcof: conte\u00fados, editais, revalida e mais!\",\"isPartOf\":{\"@id\":\"https:\\\/\\\/www.grupomedcof.com.br\\\/blog\\\/#website\"},\"primaryImageOfPage\":{\"@id\":\"https:\\\/\\\/www.grupomedcof.com.br\\\/blog\\\/como-testes-diagnosticos-sao-cobrados-nas-provas-de-residencia-medica\\\/#primaryimage\"},\"image\":{\"@id\":\"https:\\\/\\\/www.grupomedcof.com.br\\\/blog\\\/como-testes-diagnosticos-sao-cobrados-nas-provas-de-residencia-medica\\\/#primaryimage\"},\"thumbnailUrl\":\"https:\\\/\\\/www.grupomedcof.com.br\\\/blog\\\/wp-content\\\/uploads\\\/2024\\\/08\\\/Blog-MedCof-2024-08-13T142827.994.png\",\"datePublished\":\"2024-08-13T17:36:27+00:00\",\"dateModified\":\"2024-08-13T17:36:32+00:00\",\"description\":\"Quest\u00f5es sobre testes diagn\u00f3sticos est\u00e3o presentes em todas as provas de medicina preventiva. Ent\u00e3o fique por dentro, veja em nosso blog!\",\"breadcrumb\":{\"@id\":\"https:\\\/\\\/www.grupomedcof.com.br\\\/blog\\\/como-testes-diagnosticos-sao-cobrados-nas-provas-de-residencia-medica\\\/#breadcrumb\"},\"inLanguage\":\"pt-BR\",\"potentialAction\":[{\"@type\":\"ReadAction\",\"target\":[\"https:\\\/\\\/www.grupomedcof.com.br\\\/blog\\\/como-testes-diagnosticos-sao-cobrados-nas-provas-de-residencia-medica\\\/\"]}]},{\"@type\":\"ImageObject\",\"inLanguage\":\"pt-BR\",\"@id\":\"https:\\\/\\\/www.grupomedcof.com.br\\\/blog\\\/como-testes-diagnosticos-sao-cobrados-nas-provas-de-residencia-medica\\\/#primaryimage\",\"url\":\"https:\\\/\\\/www.grupomedcof.com.br\\\/blog\\\/wp-content\\\/uploads\\\/2024\\\/08\\\/Blog-MedCof-2024-08-13T142827.994.png\",\"contentUrl\":\"https:\\\/\\\/www.grupomedcof.com.br\\\/blog\\\/wp-content\\\/uploads\\\/2024\\\/08\\\/Blog-MedCof-2024-08-13T142827.994.png\",\"width\":2560,\"height\":1440},{\"@type\":\"BreadcrumbList\",\"@id\":\"https:\\\/\\\/www.grupomedcof.com.br\\\/blog\\\/como-testes-diagnosticos-sao-cobrados-nas-provas-de-residencia-medica\\\/#breadcrumb\",\"itemListElement\":[{\"@type\":\"ListItem\",\"position\":1,\"name\":\"In\u00edcio\",\"item\":\"https:\\\/\\\/www.grupomedcof.com.br\\\/blog\\\/\"},{\"@type\":\"ListItem\",\"position\":2,\"name\":\"Como testes diagn\u00f3sticos s\u00e3o cobrados nas provas de resid\u00eancia m\u00e9dica\"}]},{\"@type\":\"WebSite\",\"@id\":\"https:\\\/\\\/www.grupomedcof.com.br\\\/blog\\\/#website\",\"url\":\"https:\\\/\\\/www.grupomedcof.com.br\\\/blog\\\/\",\"name\":\"Blog de Medcof: conte\u00fados, editais, revalida e mais!\",\"description\":\"Acesso o blog de MedCof! Seu portal de conte\u00fados sobre resid\u00eancia m\u00e9dica, an\u00e1lise e editais e muito mais. Clique e confira!\",\"publisher\":{\"@id\":\"https:\\\/\\\/www.grupomedcof.com.br\\\/blog\\\/#organization\"},\"alternateName\":\"Blog de Medcof: conte\u00fados, editais, revalida e mais!\",\"potentialAction\":[{\"@type\":\"SearchAction\",\"target\":{\"@type\":\"EntryPoint\",\"urlTemplate\":\"https:\\\/\\\/www.grupomedcof.com.br\\\/blog\\\/?s={search_term_string}\"},\"query-input\":{\"@type\":\"PropertyValueSpecification\",\"valueRequired\":true,\"valueName\":\"search_term_string\"}}],\"inLanguage\":\"pt-BR\"},{\"@type\":\"Organization\",\"@id\":\"https:\\\/\\\/www.grupomedcof.com.br\\\/blog\\\/#organization\",\"name\":\"Grupo MedCof\",\"url\":\"https:\\\/\\\/www.grupomedcof.com.br\\\/blog\\\/\",\"logo\":{\"@type\":\"ImageObject\",\"inLanguage\":\"pt-BR\",\"@id\":\"https:\\\/\\\/www.grupomedcof.com.br\\\/blog\\\/#\\\/schema\\\/logo\\\/image\\\/\",\"url\":\"https:\\\/\\\/www.grupomedcof.com.br\\\/blog\\\/wp-content\\\/uploads\\\/2022\\\/01\\\/logo-medcof.png\",\"contentUrl\":\"https:\\\/\\\/www.grupomedcof.com.br\\\/blog\\\/wp-content\\\/uploads\\\/2022\\\/01\\\/logo-medcof.png\",\"width\":768,\"height\":269,\"caption\":\"Grupo MedCof\"},\"image\":{\"@id\":\"https:\\\/\\\/www.grupomedcof.com.br\\\/blog\\\/#\\\/schema\\\/logo\\\/image\\\/\"},\"sameAs\":[\"https:\\\/\\\/www.facebook.com\\\/MedCofQbank\\\/\",\"https:\\\/\\\/www.instagram.com\\\/grupomedcof\\\/\",\"https:\\\/\\\/br.linkedin.com\\\/company\\\/medcof\",\"https:\\\/\\\/www.youtube.com\\\/channel\\\/UCdHMuOHKICxcHwecxN8P-AA\"]},{\"@type\":\"Person\",\"@id\":\"https:\\\/\\\/www.grupomedcof.com.br\\\/blog\\\/#\\\/schema\\\/person\\\/db19a651f86c5fc202d6eee744fd3292\",\"name\":\"Kiara Adelino\",\"image\":{\"@type\":\"ImageObject\",\"inLanguage\":\"pt-BR\",\"@id\":\"https:\\\/\\\/www.grupomedcof.com.br\\\/blog\\\/wp-content\\\/uploads\\\/2024\\\/08\\\/cropped-Kiara-Adelino2-96x96.jpega85663bdda67261f8f06f86e555e1e49\",\"url\":\"https:\\\/\\\/www.grupomedcof.com.br\\\/blog\\\/wp-content\\\/uploads\\\/2024\\\/08\\\/cropped-Kiara-Adelino2-96x96.jpeg\",\"contentUrl\":\"https:\\\/\\\/www.grupomedcof.com.br\\\/blog\\\/wp-content\\\/uploads\\\/2024\\\/08\\\/cropped-Kiara-Adelino2-96x96.jpeg\",\"caption\":\"Kiara Adelino\"},\"description\":\"Estudante do 5\u00b0 semestre de Medicina. Gosto bastante de aprender coisas novas, principalmente na \u00e1rea de Neurologia e Anatomia humana.\",\"url\":\"https:\\\/\\\/www.grupomedcof.com.br\\\/blog\\\/author\\\/kiara-adelino\\\/\"}]}<\/script>\n<!-- \/ Yoast SEO Premium plugin. -->","yoast_head_json":{"title":"Como testes diagn\u00f3sticos s\u00e3o cobrados nas provas de resid\u00eancia m\u00e9dica - Blog de Medcof: conte\u00fados, editais, revalida e mais!","description":"Quest\u00f5es sobre testes diagn\u00f3sticos est\u00e3o presentes em todas as provas de medicina preventiva. Ent\u00e3o fique por dentro, veja em nosso blog!","robots":{"index":"index","follow":"follow","max-snippet":"max-snippet:-1","max-image-preview":"max-image-preview:large","max-video-preview":"max-video-preview:-1"},"canonical":"https:\/\/www.grupomedcof.com.br\/blog\/como-testes-diagnosticos-sao-cobrados-nas-provas-de-residencia-medica\/","og_locale":"pt_BR","og_type":"article","og_title":"Como testes diagn\u00f3sticos s\u00e3o cobrados nas provas de resid\u00eancia m\u00e9dica","og_description":"Quest\u00f5es sobre testes diagn\u00f3sticos est\u00e3o presentes em todas as provas de medicina preventiva. Ent\u00e3o fique por dentro, veja em nosso blog!","og_url":"https:\/\/www.grupomedcof.com.br\/blog\/como-testes-diagnosticos-sao-cobrados-nas-provas-de-residencia-medica\/","og_site_name":"Blog de Medcof: conte\u00fados, editais, revalida e mais!","article_publisher":"https:\/\/www.facebook.com\/MedCofQbank\/","article_published_time":"2024-08-13T17:36:27+00:00","article_modified_time":"2024-08-13T17:36:32+00:00","og_image":[{"width":1024,"height":576,"url":"https:\/\/www.grupomedcof.com.br\/blog\/wp-content\/uploads\/2024\/08\/Blog-MedCof-2024-08-13T142827.994-1024x576.png","type":"image\/png"}],"author":"Kiara Adelino","twitter_card":"summary_large_image","twitter_misc":{"Escrito por":"Kiara Adelino","Est. tempo de leitura":"6 minutos"},"schema":{"@context":"https:\/\/schema.org","@graph":[{"@type":"Article","@id":"https:\/\/www.grupomedcof.com.br\/blog\/como-testes-diagnosticos-sao-cobrados-nas-provas-de-residencia-medica\/#article","isPartOf":{"@id":"https:\/\/www.grupomedcof.com.br\/blog\/como-testes-diagnosticos-sao-cobrados-nas-provas-de-residencia-medica\/"},"author":{"name":"Kiara Adelino","@id":"https:\/\/www.grupomedcof.com.br\/blog\/#\/schema\/person\/db19a651f86c5fc202d6eee744fd3292"},"headline":"Como testes diagn\u00f3sticos s\u00e3o cobrados nas provas de resid\u00eancia m\u00e9dica","datePublished":"2024-08-13T17:36:27+00:00","dateModified":"2024-08-13T17:36:32+00:00","mainEntityOfPage":{"@id":"https:\/\/www.grupomedcof.com.br\/blog\/como-testes-diagnosticos-sao-cobrados-nas-provas-de-residencia-medica\/"},"wordCount":1029,"commentCount":0,"publisher":{"@id":"https:\/\/www.grupomedcof.com.br\/blog\/#organization"},"image":{"@id":"https:\/\/www.grupomedcof.com.br\/blog\/como-testes-diagnosticos-sao-cobrados-nas-provas-de-residencia-medica\/#primaryimage"},"thumbnailUrl":"https:\/\/www.grupomedcof.com.br\/blog\/wp-content\/uploads\/2024\/08\/Blog-MedCof-2024-08-13T142827.994.png","keywords":["IAMPSE","Preventiva","Provas","Provas de Resid\u00eancia","Resid\u00eancia M\u00e9dica","Testes diagn\u00f3sticos","UFRJ"],"articleSection":["Preventiva"],"inLanguage":"pt-BR"},{"@type":"WebPage","@id":"https:\/\/www.grupomedcof.com.br\/blog\/como-testes-diagnosticos-sao-cobrados-nas-provas-de-residencia-medica\/","url":"https:\/\/www.grupomedcof.com.br\/blog\/como-testes-diagnosticos-sao-cobrados-nas-provas-de-residencia-medica\/","name":"Como testes diagn\u00f3sticos s\u00e3o cobrados nas provas de resid\u00eancia m\u00e9dica - Blog de Medcof: conte\u00fados, editais, revalida e mais!","isPartOf":{"@id":"https:\/\/www.grupomedcof.com.br\/blog\/#website"},"primaryImageOfPage":{"@id":"https:\/\/www.grupomedcof.com.br\/blog\/como-testes-diagnosticos-sao-cobrados-nas-provas-de-residencia-medica\/#primaryimage"},"image":{"@id":"https:\/\/www.grupomedcof.com.br\/blog\/como-testes-diagnosticos-sao-cobrados-nas-provas-de-residencia-medica\/#primaryimage"},"thumbnailUrl":"https:\/\/www.grupomedcof.com.br\/blog\/wp-content\/uploads\/2024\/08\/Blog-MedCof-2024-08-13T142827.994.png","datePublished":"2024-08-13T17:36:27+00:00","dateModified":"2024-08-13T17:36:32+00:00","description":"Quest\u00f5es sobre testes diagn\u00f3sticos est\u00e3o presentes em todas as provas de medicina preventiva. Ent\u00e3o fique por dentro, veja em nosso blog!","breadcrumb":{"@id":"https:\/\/www.grupomedcof.com.br\/blog\/como-testes-diagnosticos-sao-cobrados-nas-provas-de-residencia-medica\/#breadcrumb"},"inLanguage":"pt-BR","potentialAction":[{"@type":"ReadAction","target":["https:\/\/www.grupomedcof.com.br\/blog\/como-testes-diagnosticos-sao-cobrados-nas-provas-de-residencia-medica\/"]}]},{"@type":"ImageObject","inLanguage":"pt-BR","@id":"https:\/\/www.grupomedcof.com.br\/blog\/como-testes-diagnosticos-sao-cobrados-nas-provas-de-residencia-medica\/#primaryimage","url":"https:\/\/www.grupomedcof.com.br\/blog\/wp-content\/uploads\/2024\/08\/Blog-MedCof-2024-08-13T142827.994.png","contentUrl":"https:\/\/www.grupomedcof.com.br\/blog\/wp-content\/uploads\/2024\/08\/Blog-MedCof-2024-08-13T142827.994.png","width":2560,"height":1440},{"@type":"BreadcrumbList","@id":"https:\/\/www.grupomedcof.com.br\/blog\/como-testes-diagnosticos-sao-cobrados-nas-provas-de-residencia-medica\/#breadcrumb","itemListElement":[{"@type":"ListItem","position":1,"name":"In\u00edcio","item":"https:\/\/www.grupomedcof.com.br\/blog\/"},{"@type":"ListItem","position":2,"name":"Como testes diagn\u00f3sticos s\u00e3o cobrados nas provas de resid\u00eancia m\u00e9dica"}]},{"@type":"WebSite","@id":"https:\/\/www.grupomedcof.com.br\/blog\/#website","url":"https:\/\/www.grupomedcof.com.br\/blog\/","name":"Blog de Medcof: conte\u00fados, editais, revalida e mais!","description":"Acesso o blog de MedCof! Seu portal de conte\u00fados sobre resid\u00eancia m\u00e9dica, an\u00e1lise e editais e muito mais. Clique e confira!","publisher":{"@id":"https:\/\/www.grupomedcof.com.br\/blog\/#organization"},"alternateName":"Blog de Medcof: conte\u00fados, editais, revalida e mais!","potentialAction":[{"@type":"SearchAction","target":{"@type":"EntryPoint","urlTemplate":"https:\/\/www.grupomedcof.com.br\/blog\/?s={search_term_string}"},"query-input":{"@type":"PropertyValueSpecification","valueRequired":true,"valueName":"search_term_string"}}],"inLanguage":"pt-BR"},{"@type":"Organization","@id":"https:\/\/www.grupomedcof.com.br\/blog\/#organization","name":"Grupo MedCof","url":"https:\/\/www.grupomedcof.com.br\/blog\/","logo":{"@type":"ImageObject","inLanguage":"pt-BR","@id":"https:\/\/www.grupomedcof.com.br\/blog\/#\/schema\/logo\/image\/","url":"https:\/\/www.grupomedcof.com.br\/blog\/wp-content\/uploads\/2022\/01\/logo-medcof.png","contentUrl":"https:\/\/www.grupomedcof.com.br\/blog\/wp-content\/uploads\/2022\/01\/logo-medcof.png","width":768,"height":269,"caption":"Grupo MedCof"},"image":{"@id":"https:\/\/www.grupomedcof.com.br\/blog\/#\/schema\/logo\/image\/"},"sameAs":["https:\/\/www.facebook.com\/MedCofQbank\/","https:\/\/www.instagram.com\/grupomedcof\/","https:\/\/br.linkedin.com\/company\/medcof","https:\/\/www.youtube.com\/channel\/UCdHMuOHKICxcHwecxN8P-AA"]},{"@type":"Person","@id":"https:\/\/www.grupomedcof.com.br\/blog\/#\/schema\/person\/db19a651f86c5fc202d6eee744fd3292","name":"Kiara Adelino","image":{"@type":"ImageObject","inLanguage":"pt-BR","@id":"https:\/\/www.grupomedcof.com.br\/blog\/wp-content\/uploads\/2024\/08\/cropped-Kiara-Adelino2-96x96.jpega85663bdda67261f8f06f86e555e1e49","url":"https:\/\/www.grupomedcof.com.br\/blog\/wp-content\/uploads\/2024\/08\/cropped-Kiara-Adelino2-96x96.jpeg","contentUrl":"https:\/\/www.grupomedcof.com.br\/blog\/wp-content\/uploads\/2024\/08\/cropped-Kiara-Adelino2-96x96.jpeg","caption":"Kiara Adelino"},"description":"Estudante do 5\u00b0 semestre de Medicina. Gosto bastante de aprender coisas novas, principalmente na \u00e1rea de Neurologia e Anatomia humana.","url":"https:\/\/www.grupomedcof.com.br\/blog\/author\/kiara-adelino\/"}]}},"authors":[{"term_id":3617,"user_id":21,"is_guest":0,"slug":"kiara-adelino","display_name":"Kiara Adelino","avatar_url":"https:\/\/www.grupomedcof.com.br\/blog\/wp-content\/uploads\/2024\/08\/cropped-Kiara-Adelino2-96x96.jpeg","0":null,"1":"","2":"","3":"","4":"","5":"","6":"","7":"","8":""}],"_links":{"self":[{"href":"https:\/\/www.grupomedcof.com.br\/blog\/wp-json\/wp\/v2\/posts\/28696","targetHints":{"allow":["GET"]}}],"collection":[{"href":"https:\/\/www.grupomedcof.com.br\/blog\/wp-json\/wp\/v2\/posts"}],"about":[{"href":"https:\/\/www.grupomedcof.com.br\/blog\/wp-json\/wp\/v2\/types\/post"}],"author":[{"embeddable":true,"href":"https:\/\/www.grupomedcof.com.br\/blog\/wp-json\/wp\/v2\/users\/21"}],"replies":[{"embeddable":true,"href":"https:\/\/www.grupomedcof.com.br\/blog\/wp-json\/wp\/v2\/comments?post=28696"}],"version-history":[{"count":0,"href":"https:\/\/www.grupomedcof.com.br\/blog\/wp-json\/wp\/v2\/posts\/28696\/revisions"}],"wp:featuredmedia":[{"embeddable":true,"href":"https:\/\/www.grupomedcof.com.br\/blog\/wp-json\/wp\/v2\/media\/28698"}],"wp:attachment":[{"href":"https:\/\/www.grupomedcof.com.br\/blog\/wp-json\/wp\/v2\/media?parent=28696"}],"wp:term":[{"taxonomy":"category","embeddable":true,"href":"https:\/\/www.grupomedcof.com.br\/blog\/wp-json\/wp\/v2\/categories?post=28696"},{"taxonomy":"post_tag","embeddable":true,"href":"https:\/\/www.grupomedcof.com.br\/blog\/wp-json\/wp\/v2\/tags?post=28696"},{"taxonomy":"author","embeddable":true,"href":"https:\/\/www.grupomedcof.com.br\/blog\/wp-json\/wp\/v2\/ppma_author?post=28696"}],"curies":[{"name":"wp","href":"https:\/\/api.w.org\/{rel}","templated":true}]}}