{"id":28709,"date":"2024-08-13T16:12:51","date_gmt":"2024-08-13T19:12:51","guid":{"rendered":"https:\/\/www.grupomedcof.com.br\/blog\/?p=28709"},"modified":"2024-08-13T16:12:52","modified_gmt":"2024-08-13T19:12:52","slug":"unicentro-publica-edital-para-residencia-medica-2024-2025","status":"publish","type":"post","link":"https:\/\/www.grupomedcof.com.br\/blog\/unicentro-publica-edital-para-residencia-medica-2024-2025\/","title":{"rendered":"UNICENTRO publica edital para resid\u00eancia m\u00e9dica 2024\/2025"},"content":{"rendered":"<div id=\"ez-toc-container\" class=\"ez-toc-v2_0_74 counter-hierarchy ez-toc-counter ez-toc-transparent ez-toc-container-direction\">\n<div class=\"ez-toc-title-container\">\n<p class=\"ez-toc-title\" style=\"cursor:inherit\">Sum\u00e1rio<\/p>\n<span class=\"ez-toc-title-toggle\"><a href=\"#\" class=\"ez-toc-pull-right ez-toc-btn ez-toc-btn-xs ez-toc-btn-default ez-toc-toggle\" aria-label=\"Alternar tabela de conte\u00fado\"><span class=\"ez-toc-js-icon-con\"><span class=\"\"><span class=\"eztoc-hide\" style=\"display:none;\">Toggle<\/span><span class=\"ez-toc-icon-toggle-span\"><svg style=\"fill: #999;color:#999\" xmlns=\"http:\/\/www.w3.org\/2000\/svg\" class=\"list-377408\" width=\"20px\" height=\"20px\" viewBox=\"0 0 24 24\" fill=\"none\"><path d=\"M6 6H4v2h2V6zm14 0H8v2h12V6zM4 11h2v2H4v-2zm16 0H8v2h12v-2zM4 16h2v2H4v-2zm16 0H8v2h12v-2z\" fill=\"currentColor\"><\/path><\/svg><svg style=\"fill: #999;color:#999\" class=\"arrow-unsorted-368013\" xmlns=\"http:\/\/www.w3.org\/2000\/svg\" width=\"10px\" height=\"10px\" viewBox=\"0 0 24 24\" version=\"1.2\" baseProfile=\"tiny\"><path d=\"M18.2 9.3l-6.2-6.3-6.2 6.3c-.2.2-.3.4-.3.7s.1.5.3.7c.2.2.4.3.7.3h11c.3 0 .5-.1.7-.3.2-.2.3-.5.3-.7s-.1-.5-.3-.7zM5.8 14.7l6.2 6.3 6.2-6.3c.2-.2.3-.5.3-.7s-.1-.5-.3-.7c-.2-.2-.4-.3-.7-.3h-11c-.3 0-.5.1-.7.3-.2.2-.3.5-.3.7s.1.5.3.7z\"\/><\/svg><\/span><\/span><\/span><\/a><\/span><\/div>\n<nav><ul class='ez-toc-list ez-toc-list-level-1 ' ><li class='ez-toc-page-1 ez-toc-heading-level-2'><a class=\"ez-toc-link ez-toc-heading-1\" href=\"https:\/\/www.grupomedcof.com.br\/blog\/unicentro-publica-edital-para-residencia-medica-2024-2025\/#O_processo_seletivo\" >O processo seletivo<\/a><\/li><li class='ez-toc-page-1 ez-toc-heading-level-2'><a class=\"ez-toc-link ez-toc-heading-2\" href=\"https:\/\/www.grupomedcof.com.br\/blog\/unicentro-publica-edital-para-residencia-medica-2024-2025\/#Edital_UNICENTRO_2025\" >Edital UNICENTRO 2025<\/a><\/li><li class='ez-toc-page-1 ez-toc-heading-level-2'><a class=\"ez-toc-link ez-toc-heading-3\" href=\"https:\/\/www.grupomedcof.com.br\/blog\/unicentro-publica-edital-para-residencia-medica-2024-2025\/#AMP_2025\" >AMP 2025<\/a><\/li><li class='ez-toc-page-1 ez-toc-heading-level-2'><a class=\"ez-toc-link ez-toc-heading-4\" href=\"https:\/\/www.grupomedcof.com.br\/blog\/unicentro-publica-edital-para-residencia-medica-2024-2025\/#O_metodo_que_te_aprova\" >O m\u00e9todo que te aprova!<\/a><\/li><\/ul><\/nav><\/div>\n\n<figure class=\"wp-block-image size-large\"><img loading=\"lazy\" decoding=\"async\" width=\"1024\" height=\"576\" src=\"https:\/\/www.grupomedcof.com.br\/blog\/wp-content\/uploads\/2024\/08\/Modelo-instituicoes-73-1024x576.png\" alt=\"\" class=\"wp-image-28712\" srcset=\"https:\/\/www.grupomedcof.com.br\/blog\/wp-content\/uploads\/2024\/08\/Modelo-instituicoes-73-1024x576.png 1024w, https:\/\/www.grupomedcof.com.br\/blog\/wp-content\/uploads\/2024\/08\/Modelo-instituicoes-73-300x169.png 300w, https:\/\/www.grupomedcof.com.br\/blog\/wp-content\/uploads\/2024\/08\/Modelo-instituicoes-73-768x432.png 768w, https:\/\/www.grupomedcof.com.br\/blog\/wp-content\/uploads\/2024\/08\/Modelo-instituicoes-73-1536x864.png 1536w, https:\/\/www.grupomedcof.com.br\/blog\/wp-content\/uploads\/2024\/08\/Modelo-instituicoes-73-2048x1152.png 2048w, https:\/\/www.grupomedcof.com.br\/blog\/wp-content\/uploads\/2024\/08\/Modelo-instituicoes-73-747x420.png 747w, https:\/\/www.grupomedcof.com.br\/blog\/wp-content\/uploads\/2024\/08\/Modelo-instituicoes-73-150x84.png 150w, https:\/\/www.grupomedcof.com.br\/blog\/wp-content\/uploads\/2024\/08\/Modelo-instituicoes-73-696x392.png 696w, https:\/\/www.grupomedcof.com.br\/blog\/wp-content\/uploads\/2024\/08\/Modelo-instituicoes-73-1068x601.png 1068w, https:\/\/www.grupomedcof.com.br\/blog\/wp-content\/uploads\/2024\/08\/Modelo-instituicoes-73-1920x1080.png 1920w\" sizes=\"auto, (max-width: 1024px) 100vw, 1024px\" \/><\/figure>\n\n\n\n<p>A Universidade Estadual do Centro-Oeste (UNICENTRO) divulgou o edital para seu\u00a0<strong>processo seletivo de resid\u00eancia m\u00e9dica<\/strong>\u00a0para ingresso nos programas de Cl\u00ednica M\u00e9dica ofertados pela institui\u00e7\u00e3o em 2025. Vale lembrar que, nesta edi\u00e7\u00e3o, a institui\u00e7\u00e3o participar\u00e1 da <strong>sele\u00e7\u00e3o unificada da AMP.<\/strong> <\/p>\n\n\n\n<h2 class=\"wp-block-heading\" id=\"h-o-processo-seletivo\"><span class=\"ez-toc-section\" id=\"O_processo_seletivo\"><\/span><strong>O processo seletivo<\/strong><span class=\"ez-toc-section-end\"><\/span><\/h2>\n\n\n\n<p>A UNICENTRO ofertar\u00e1 apenas 5 vagas para cl\u00ednica m\u00e9dica. O processo seletivo \u00e9 composto pela prova objetiva, que acontecer\u00e1 no dia <strong>3 de novembro de 2024<\/strong>, em Curitiba, Londrina e Cascavel, e a an\u00e1lise do curr\u00edculo, que deve ser enviado entre os dias <strong>18 de novembro e 22 de novembro de 2024.<\/strong> Al\u00e9m disso, tamb\u00e9m ser\u00e1 necess\u00e1rio enviar um v\u00eddeo de 2 a 3 minutos, contendo os seguintes t\u00f3picos:<\/p>\n\n\n\n<ul class=\"wp-block-list\">\n<li>Nome, idade, estado civil, naturalidade e local de forma\u00e7\u00e3o (cidade e universidade);<\/li>\n\n\n\n<li>Por que escolheu a cl\u00ednica m\u00e9dica?<\/li>\n\n\n\n<li>Qual a experi\u00eancia profissional at\u00e9 o momento?<\/li>\n\n\n\n<li>Estaria disposto a mudar-se para Guarapuava?<\/li>\n\n\n\n<li>Tendo sido aprovado(a) em outro programa de sele\u00e7\u00e3o para residente, por qual<br>optaria?<\/li>\n\n\n\n<li>Ap\u00f3s a cl\u00ednica m\u00e9dica pretende fazer outra especializa\u00e7\u00e3o?<\/li>\n\n\n\n<li>Tem interesse na carreira acad\u00eamica?<\/li>\n<\/ul>\n\n\n\n<p>Confira <strong>mais informa\u00e7\u00f5es do edital:<\/strong><\/p>\n\n\n\n<figure class=\"wp-block-table\"><table class=\"has-fixed-layout\"><tbody><tr><td><strong>Vagas Ofertadas<\/strong><\/td><td>5 em Cl\u00ednica M\u00e9dica<\/td><\/tr><tr><td><strong>Composi\u00e7\u00e3o do Processo Seletivo<\/strong><\/td><td>Prova Objetiva + An\u00e1lise do curr\u00edculo<\/td><\/tr><tr><td><strong>Taxas de Inscri\u00e7\u00e3o<\/strong><\/td><td>Taxa AMP (a ser divulgada)<\/td><\/tr><tr><td><strong>Per\u00edodo de Inscri\u00e7\u00e3o<\/strong><\/td><td>Conforme edital AMP 2024\/2025 (ainda n\u00e3o divulgado)<\/td><\/tr><tr><td><strong>Locais de Prova<\/strong><\/td><td>Curitiba\/PR, Londrina\/PR, Cascavel\/PR<\/td><\/tr><tr><td><strong>Prova Objetiva<\/strong><\/td><td>03\/11\/2024<\/td><\/tr><tr><td><strong>Gabarito da Prova Escrita<\/strong><\/td><td>At\u00e9 04\/11\/24<\/td><\/tr><tr><td><strong>Resultado da 1\u00aa fase<\/strong><\/td><td>04\/11\/24<\/td><\/tr><tr><td><strong>Envio do curriculum e v\u00eddeo por e-mail<\/strong><\/td><td>Dia 18\/11\/24 at\u00e9 \u00e0s 23h59min do dia<br>22\/11\/2024<\/td><\/tr><tr><td><strong>Resultado Preliminar<\/strong><\/td><td>10\/12\/24<\/td><\/tr><tr><td><strong>Recursos<\/strong><\/td><td>11 e 12\/12\/24<\/td><\/tr><tr><td><strong>Resultado Final<\/strong><\/td><td>13\/12\/24<\/td><\/tr><tr><td><strong>Matr\u00edculas<\/strong><\/td><td>16\/12\/24<\/td><\/tr><\/tbody><\/table><\/figure>\n\n\n\n<h2 class=\"wp-block-heading\" id=\"h-edital-unicentro-2025\"><span class=\"ez-toc-section\" id=\"Edital_UNICENTRO_2025\"><\/span><strong>Edital UNICENTRO 2025<\/strong><span class=\"ez-toc-section-end\"><\/span><\/h2>\n\n\n\n<p>Confira abaixo o edital completo do processo seletivo da UNICENTRO:<\/p>\n\n\n\n<div class=\"wp-block-buttons is-layout-flex wp-block-buttons-is-layout-flex\">\n<div class=\"wp-block-button\"><a class=\"wp-block-button__link wp-element-button\" href=\"https:\/\/www3.unicentro.br\/especializacao\/wp-content\/uploads\/sites\/64\/2024\/08\/Edital-092-24-Residencia-em-Clinica-medica-2024.pdf\">Edital UNICENTRO 2025<\/a><\/div>\n<\/div>\n\n\n\n<h2 class=\"wp-block-heading\" id=\"h-amp-2025\"><span class=\"ez-toc-section\" id=\"AMP_2025\"><\/span><strong>AMP 2025<\/strong><span class=\"ez-toc-section-end\"><\/span><\/h2>\n\n\n\n<p>Apesar do edital n\u00e3o ter sido disponibilizado ainda, a AMP j\u00e1 divulgou as primeiras informa\u00e7\u00f5es sobre o processo seletivo para ingresso em 2025. De acordo com o <a href=\"https:\/\/www.amp.org.br\/web\/noticias\/exame-amp-2024-ser-no-dia-3-de-novembro-2024-05-10-2024-05-10\" target=\"_blank\" rel=\"noreferrer noopener\">comunicado<\/a>, a previs\u00e3o para o exame da AMP 2024\/2025 \u00e9 para o dia <strong>3 de novembro de 2024.<\/strong> Al\u00e9m disso, as provas come\u00e7ar\u00e3o \u00e0s 14h.<\/p>\n\n\n\n<p>Esta ser\u00e1 a 23\u00aa edi\u00e7\u00e3o do Exame AMP, que ser\u00e1 dividido em duas modalidades: a\u00a0<strong>geral<\/strong>\u00a0e a\u00a0<strong>espec\u00edfica<\/strong>, destinada aos candidatos para resid\u00eancia m\u00e9dica em especialidades com\u00a0<strong>pr\u00e9-requisitos<\/strong>.\u00a0<\/p>\n\n\n\n<h2 class=\"wp-block-heading\" id=\"o-m\u00e9todo-que-te-aprova\"><span class=\"ez-toc-section\" id=\"O_metodo_que_te_aprova\"><\/span><strong>O m\u00e9todo que te aprova!<\/strong><span class=\"ez-toc-section-end\"><\/span><\/h2>\n\n\n\n<p>Quer alcan\u00e7ar a aprova\u00e7\u00e3o nas provas de resid\u00eancia m\u00e9dica? Ent\u00e3o seja um\u00a0<a href=\"https:\/\/www.grupomedcof.com.br\/home\/\" target=\"_blank\" rel=\"noreferrer noopener\">MedCoffer<\/a>! Aqui te ajudaremos na busca da aprova\u00e7\u00e3o com conte\u00fados de qualidade e uma\u00a0<a href=\"https:\/\/www.grupomedcof.com.br\/blog\/presenca-da-medcof-nas-aprovacoes-em-residencia-medica-no-brasil\/\" target=\"_blank\" rel=\"noreferrer noopener\">metodologia que j\u00e1 aprovou mais de 10 mil residentes no pa\u00eds!\u00a0<\/a>Por fim, acesse o nosso<a href=\"https:\/\/www.youtube.com\/@GrupoMedcof\/featured\" target=\"_blank\" rel=\"noreferrer noopener\">\u00a0<strong>canal do youtube\u00a0<\/strong><\/a>para ver o nosso material. <\/p>\n","protected":false},"excerpt":{"rendered":"<p>A UNICENTRO ofertar\u00e1 5 vagas para cl\u00ednica m\u00e9dica, e ter\u00e1 sua prova aplicada no dia 3 de novembro! Confira mais informa\u00e7\u00f5es em nosso blog! <\/p>\n","protected":false},"author":20,"featured_media":28712,"comment_status":"open","ping_status":"open","sticky":false,"template":"","format":"standard","meta":{"footnotes":""},"categories":[287,174],"tags":[254,1568,93,1452,117,68,1810],"ppma_author":[3616],"class_list":{"0":"post-28709","1":"post","2":"type-post","3":"status-publish","4":"format-standard","5":"has-post-thumbnail","7":"category-destaques-medcof","8":"category-residencia-medica","9":"tag-amp","10":"tag-edital","11":"tag-especialidades-medicas","12":"tag-provas","13":"tag-provas-de-residencia","14":"tag-residencia-medica","15":"tag-unicentro"},"yoast_head":"<!-- This site is optimized with the Yoast SEO Premium plugin v24.3 (Yoast SEO v27.4) - https:\/\/yoast.com\/product\/yoast-seo-premium-wordpress\/ -->\n<title>UNICENTRO publica edital para resid\u00eancia m\u00e9dica 2024\/2025 - Blog de Medcof: conte\u00fados, editais, revalida e mais!<\/title>\n<meta name=\"description\" content=\"A UNICENTRO ofertar\u00e1 5 vagas para cl\u00ednica m\u00e9dica, e ter\u00e1 sua prova aplicada no dia 3 de novembro! Confira mais informa\u00e7\u00f5es em nosso blog!\" \/>\n<meta name=\"robots\" content=\"index, follow, max-snippet:-1, max-image-preview:large, max-video-preview:-1\" \/>\n<link rel=\"canonical\" href=\"https:\/\/www.grupomedcof.com.br\/blog\/unicentro-publica-edital-para-residencia-medica-2024-2025\/\" \/>\n<meta property=\"og:locale\" content=\"pt_BR\" \/>\n<meta property=\"og:type\" content=\"article\" \/>\n<meta property=\"og:title\" content=\"UNICENTRO publica edital para resid\u00eancia m\u00e9dica 2024\/2025\" \/>\n<meta property=\"og:description\" content=\"A UNICENTRO ofertar\u00e1 5 vagas para cl\u00ednica m\u00e9dica, e ter\u00e1 sua prova aplicada no dia 3 de novembro! Confira mais informa\u00e7\u00f5es em nosso blog!\" \/>\n<meta property=\"og:url\" content=\"https:\/\/www.grupomedcof.com.br\/blog\/unicentro-publica-edital-para-residencia-medica-2024-2025\/\" \/>\n<meta property=\"og:site_name\" content=\"Blog de Medcof: conte\u00fados, editais, revalida e mais!\" \/>\n<meta property=\"article:publisher\" content=\"https:\/\/www.facebook.com\/MedCofQbank\/\" \/>\n<meta property=\"article:published_time\" content=\"2024-08-13T19:12:51+00:00\" \/>\n<meta property=\"article:modified_time\" content=\"2024-08-13T19:12:52+00:00\" \/>\n<meta property=\"og:image\" content=\"https:\/\/www.grupomedcof.com.br\/blog\/wp-content\/uploads\/2024\/08\/Modelo-instituicoes-73.png\" \/>\n\t<meta property=\"og:image:width\" content=\"2560\" \/>\n\t<meta property=\"og:image:height\" content=\"1440\" \/>\n\t<meta property=\"og:image:type\" content=\"image\/png\" \/>\n<meta name=\"author\" content=\"Leila Menzel\" \/>\n<meta name=\"twitter:card\" content=\"summary_large_image\" \/>\n<meta name=\"twitter:label1\" content=\"Escrito por\" \/>\n\t<meta name=\"twitter:data1\" content=\"Leila Menzel\" \/>\n\t<meta name=\"twitter:label2\" content=\"Est. tempo de leitura\" \/>\n\t<meta name=\"twitter:data2\" content=\"3 minutos\" \/>\n<script type=\"application\/ld+json\" class=\"yoast-schema-graph\">{\"@context\":\"https:\\\/\\\/schema.org\",\"@graph\":[{\"@type\":\"Article\",\"@id\":\"https:\\\/\\\/www.grupomedcof.com.br\\\/blog\\\/unicentro-publica-edital-para-residencia-medica-2024-2025\\\/#article\",\"isPartOf\":{\"@id\":\"https:\\\/\\\/www.grupomedcof.com.br\\\/blog\\\/unicentro-publica-edital-para-residencia-medica-2024-2025\\\/\"},\"author\":{\"name\":\"Leila Menzel\",\"@id\":\"https:\\\/\\\/www.grupomedcof.com.br\\\/blog\\\/#\\\/schema\\\/person\\\/9a44c2184a836bf5ae6967fdb3a1451e\"},\"headline\":\"UNICENTRO publica edital para resid\u00eancia m\u00e9dica 2024\\\/2025\",\"datePublished\":\"2024-08-13T19:12:51+00:00\",\"dateModified\":\"2024-08-13T19:12:52+00:00\",\"mainEntityOfPage\":{\"@id\":\"https:\\\/\\\/www.grupomedcof.com.br\\\/blog\\\/unicentro-publica-edital-para-residencia-medica-2024-2025\\\/\"},\"wordCount\":447,\"commentCount\":0,\"publisher\":{\"@id\":\"https:\\\/\\\/www.grupomedcof.com.br\\\/blog\\\/#organization\"},\"image\":{\"@id\":\"https:\\\/\\\/www.grupomedcof.com.br\\\/blog\\\/unicentro-publica-edital-para-residencia-medica-2024-2025\\\/#primaryimage\"},\"thumbnailUrl\":\"https:\\\/\\\/www.grupomedcof.com.br\\\/blog\\\/wp-content\\\/uploads\\\/2024\\\/08\\\/Modelo-instituicoes-73.png\",\"keywords\":[\"AMP\",\"Edital\",\"Especialidades m\u00e9dicas\",\"Provas\",\"Provas de Resid\u00eancia\",\"Resid\u00eancia M\u00e9dica\",\"UNICENTRO\"],\"articleSection\":[\"Destaques MedCof\",\"Resid\u00eancia m\u00e9dica: editais, resultados, temas quentes e mais\"],\"inLanguage\":\"pt-BR\"},{\"@type\":\"WebPage\",\"@id\":\"https:\\\/\\\/www.grupomedcof.com.br\\\/blog\\\/unicentro-publica-edital-para-residencia-medica-2024-2025\\\/\",\"url\":\"https:\\\/\\\/www.grupomedcof.com.br\\\/blog\\\/unicentro-publica-edital-para-residencia-medica-2024-2025\\\/\",\"name\":\"UNICENTRO publica edital para resid\u00eancia m\u00e9dica 2024\\\/2025 - Blog de Medcof: conte\u00fados, editais, revalida e mais!\",\"isPartOf\":{\"@id\":\"https:\\\/\\\/www.grupomedcof.com.br\\\/blog\\\/#website\"},\"primaryImageOfPage\":{\"@id\":\"https:\\\/\\\/www.grupomedcof.com.br\\\/blog\\\/unicentro-publica-edital-para-residencia-medica-2024-2025\\\/#primaryimage\"},\"image\":{\"@id\":\"https:\\\/\\\/www.grupomedcof.com.br\\\/blog\\\/unicentro-publica-edital-para-residencia-medica-2024-2025\\\/#primaryimage\"},\"thumbnailUrl\":\"https:\\\/\\\/www.grupomedcof.com.br\\\/blog\\\/wp-content\\\/uploads\\\/2024\\\/08\\\/Modelo-instituicoes-73.png\",\"datePublished\":\"2024-08-13T19:12:51+00:00\",\"dateModified\":\"2024-08-13T19:12:52+00:00\",\"description\":\"A UNICENTRO ofertar\u00e1 5 vagas para cl\u00ednica m\u00e9dica, e ter\u00e1 sua prova aplicada no dia 3 de novembro! Confira mais informa\u00e7\u00f5es em nosso blog!\",\"breadcrumb\":{\"@id\":\"https:\\\/\\\/www.grupomedcof.com.br\\\/blog\\\/unicentro-publica-edital-para-residencia-medica-2024-2025\\\/#breadcrumb\"},\"inLanguage\":\"pt-BR\",\"potentialAction\":[{\"@type\":\"ReadAction\",\"target\":[\"https:\\\/\\\/www.grupomedcof.com.br\\\/blog\\\/unicentro-publica-edital-para-residencia-medica-2024-2025\\\/\"]}]},{\"@type\":\"ImageObject\",\"inLanguage\":\"pt-BR\",\"@id\":\"https:\\\/\\\/www.grupomedcof.com.br\\\/blog\\\/unicentro-publica-edital-para-residencia-medica-2024-2025\\\/#primaryimage\",\"url\":\"https:\\\/\\\/www.grupomedcof.com.br\\\/blog\\\/wp-content\\\/uploads\\\/2024\\\/08\\\/Modelo-instituicoes-73.png\",\"contentUrl\":\"https:\\\/\\\/www.grupomedcof.com.br\\\/blog\\\/wp-content\\\/uploads\\\/2024\\\/08\\\/Modelo-instituicoes-73.png\",\"width\":2560,\"height\":1440},{\"@type\":\"BreadcrumbList\",\"@id\":\"https:\\\/\\\/www.grupomedcof.com.br\\\/blog\\\/unicentro-publica-edital-para-residencia-medica-2024-2025\\\/#breadcrumb\",\"itemListElement\":[{\"@type\":\"ListItem\",\"position\":1,\"name\":\"In\u00edcio\",\"item\":\"https:\\\/\\\/www.grupomedcof.com.br\\\/blog\\\/\"},{\"@type\":\"ListItem\",\"position\":2,\"name\":\"UNICENTRO publica edital para resid\u00eancia m\u00e9dica 2024\\\/2025\"}]},{\"@type\":\"WebSite\",\"@id\":\"https:\\\/\\\/www.grupomedcof.com.br\\\/blog\\\/#website\",\"url\":\"https:\\\/\\\/www.grupomedcof.com.br\\\/blog\\\/\",\"name\":\"Blog de Medcof: conte\u00fados, editais, revalida e mais!\",\"description\":\"Acesso o blog de MedCof! Seu portal de conte\u00fados sobre resid\u00eancia m\u00e9dica, an\u00e1lise e editais e muito mais. Clique e confira!\",\"publisher\":{\"@id\":\"https:\\\/\\\/www.grupomedcof.com.br\\\/blog\\\/#organization\"},\"alternateName\":\"Blog de Medcof: conte\u00fados, editais, revalida e mais!\",\"potentialAction\":[{\"@type\":\"SearchAction\",\"target\":{\"@type\":\"EntryPoint\",\"urlTemplate\":\"https:\\\/\\\/www.grupomedcof.com.br\\\/blog\\\/?s={search_term_string}\"},\"query-input\":{\"@type\":\"PropertyValueSpecification\",\"valueRequired\":true,\"valueName\":\"search_term_string\"}}],\"inLanguage\":\"pt-BR\"},{\"@type\":\"Organization\",\"@id\":\"https:\\\/\\\/www.grupomedcof.com.br\\\/blog\\\/#organization\",\"name\":\"Grupo MedCof\",\"url\":\"https:\\\/\\\/www.grupomedcof.com.br\\\/blog\\\/\",\"logo\":{\"@type\":\"ImageObject\",\"inLanguage\":\"pt-BR\",\"@id\":\"https:\\\/\\\/www.grupomedcof.com.br\\\/blog\\\/#\\\/schema\\\/logo\\\/image\\\/\",\"url\":\"https:\\\/\\\/www.grupomedcof.com.br\\\/blog\\\/wp-content\\\/uploads\\\/2022\\\/01\\\/logo-medcof.png\",\"contentUrl\":\"https:\\\/\\\/www.grupomedcof.com.br\\\/blog\\\/wp-content\\\/uploads\\\/2022\\\/01\\\/logo-medcof.png\",\"width\":768,\"height\":269,\"caption\":\"Grupo MedCof\"},\"image\":{\"@id\":\"https:\\\/\\\/www.grupomedcof.com.br\\\/blog\\\/#\\\/schema\\\/logo\\\/image\\\/\"},\"sameAs\":[\"https:\\\/\\\/www.facebook.com\\\/MedCofQbank\\\/\",\"https:\\\/\\\/www.instagram.com\\\/grupomedcof\\\/\",\"https:\\\/\\\/br.linkedin.com\\\/company\\\/medcof\",\"https:\\\/\\\/www.youtube.com\\\/channel\\\/UCdHMuOHKICxcHwecxN8P-AA\"]},{\"@type\":\"Person\",\"@id\":\"https:\\\/\\\/www.grupomedcof.com.br\\\/blog\\\/#\\\/schema\\\/person\\\/9a44c2184a836bf5ae6967fdb3a1451e\",\"name\":\"Leila Menzel\",\"image\":{\"@type\":\"ImageObject\",\"inLanguage\":\"pt-BR\",\"@id\":\"https:\\\/\\\/www.grupomedcof.com.br\\\/blog\\\/wp-content\\\/uploads\\\/2025\\\/09\\\/cropped-eu-96x96.jpeg19a74936d997c0a8b3031618467fa1d0\",\"url\":\"https:\\\/\\\/www.grupomedcof.com.br\\\/blog\\\/wp-content\\\/uploads\\\/2025\\\/09\\\/cropped-eu-96x96.jpeg\",\"contentUrl\":\"https:\\\/\\\/www.grupomedcof.com.br\\\/blog\\\/wp-content\\\/uploads\\\/2025\\\/09\\\/cropped-eu-96x96.jpeg\",\"caption\":\"Leila Menzel\"},\"description\":\"Estudante do 6\u00b0 semestre de jornalismo, amo e escrevo poesias e viajo em livros de romances clich\u00eas.\",\"url\":\"https:\\\/\\\/www.grupomedcof.com.br\\\/blog\\\/author\\\/leila-menzel\\\/\"}]}<\/script>\n<!-- \/ Yoast SEO Premium plugin. -->","yoast_head_json":{"title":"UNICENTRO publica edital para resid\u00eancia m\u00e9dica 2024\/2025 - Blog de Medcof: conte\u00fados, editais, revalida e mais!","description":"A UNICENTRO ofertar\u00e1 5 vagas para cl\u00ednica m\u00e9dica, e ter\u00e1 sua prova aplicada no dia 3 de novembro! Confira mais informa\u00e7\u00f5es em nosso blog!","robots":{"index":"index","follow":"follow","max-snippet":"max-snippet:-1","max-image-preview":"max-image-preview:large","max-video-preview":"max-video-preview:-1"},"canonical":"https:\/\/www.grupomedcof.com.br\/blog\/unicentro-publica-edital-para-residencia-medica-2024-2025\/","og_locale":"pt_BR","og_type":"article","og_title":"UNICENTRO publica edital para resid\u00eancia m\u00e9dica 2024\/2025","og_description":"A UNICENTRO ofertar\u00e1 5 vagas para cl\u00ednica m\u00e9dica, e ter\u00e1 sua prova aplicada no dia 3 de novembro! Confira mais informa\u00e7\u00f5es em nosso blog!","og_url":"https:\/\/www.grupomedcof.com.br\/blog\/unicentro-publica-edital-para-residencia-medica-2024-2025\/","og_site_name":"Blog de Medcof: conte\u00fados, editais, revalida e mais!","article_publisher":"https:\/\/www.facebook.com\/MedCofQbank\/","article_published_time":"2024-08-13T19:12:51+00:00","article_modified_time":"2024-08-13T19:12:52+00:00","og_image":[{"width":2560,"height":1440,"url":"https:\/\/www.grupomedcof.com.br\/blog\/wp-content\/uploads\/2024\/08\/Modelo-instituicoes-73.png","type":"image\/png"}],"author":"Leila Menzel","twitter_card":"summary_large_image","twitter_misc":{"Escrito por":"Leila Menzel","Est. tempo de leitura":"3 minutos"},"schema":{"@context":"https:\/\/schema.org","@graph":[{"@type":"Article","@id":"https:\/\/www.grupomedcof.com.br\/blog\/unicentro-publica-edital-para-residencia-medica-2024-2025\/#article","isPartOf":{"@id":"https:\/\/www.grupomedcof.com.br\/blog\/unicentro-publica-edital-para-residencia-medica-2024-2025\/"},"author":{"name":"Leila Menzel","@id":"https:\/\/www.grupomedcof.com.br\/blog\/#\/schema\/person\/9a44c2184a836bf5ae6967fdb3a1451e"},"headline":"UNICENTRO publica edital para resid\u00eancia m\u00e9dica 2024\/2025","datePublished":"2024-08-13T19:12:51+00:00","dateModified":"2024-08-13T19:12:52+00:00","mainEntityOfPage":{"@id":"https:\/\/www.grupomedcof.com.br\/blog\/unicentro-publica-edital-para-residencia-medica-2024-2025\/"},"wordCount":447,"commentCount":0,"publisher":{"@id":"https:\/\/www.grupomedcof.com.br\/blog\/#organization"},"image":{"@id":"https:\/\/www.grupomedcof.com.br\/blog\/unicentro-publica-edital-para-residencia-medica-2024-2025\/#primaryimage"},"thumbnailUrl":"https:\/\/www.grupomedcof.com.br\/blog\/wp-content\/uploads\/2024\/08\/Modelo-instituicoes-73.png","keywords":["AMP","Edital","Especialidades m\u00e9dicas","Provas","Provas de Resid\u00eancia","Resid\u00eancia M\u00e9dica","UNICENTRO"],"articleSection":["Destaques MedCof","Resid\u00eancia m\u00e9dica: editais, resultados, temas quentes e mais"],"inLanguage":"pt-BR"},{"@type":"WebPage","@id":"https:\/\/www.grupomedcof.com.br\/blog\/unicentro-publica-edital-para-residencia-medica-2024-2025\/","url":"https:\/\/www.grupomedcof.com.br\/blog\/unicentro-publica-edital-para-residencia-medica-2024-2025\/","name":"UNICENTRO publica edital para resid\u00eancia m\u00e9dica 2024\/2025 - Blog de Medcof: conte\u00fados, editais, revalida e mais!","isPartOf":{"@id":"https:\/\/www.grupomedcof.com.br\/blog\/#website"},"primaryImageOfPage":{"@id":"https:\/\/www.grupomedcof.com.br\/blog\/unicentro-publica-edital-para-residencia-medica-2024-2025\/#primaryimage"},"image":{"@id":"https:\/\/www.grupomedcof.com.br\/blog\/unicentro-publica-edital-para-residencia-medica-2024-2025\/#primaryimage"},"thumbnailUrl":"https:\/\/www.grupomedcof.com.br\/blog\/wp-content\/uploads\/2024\/08\/Modelo-instituicoes-73.png","datePublished":"2024-08-13T19:12:51+00:00","dateModified":"2024-08-13T19:12:52+00:00","description":"A UNICENTRO ofertar\u00e1 5 vagas para cl\u00ednica m\u00e9dica, e ter\u00e1 sua prova aplicada no dia 3 de novembro! Confira mais informa\u00e7\u00f5es em nosso blog!","breadcrumb":{"@id":"https:\/\/www.grupomedcof.com.br\/blog\/unicentro-publica-edital-para-residencia-medica-2024-2025\/#breadcrumb"},"inLanguage":"pt-BR","potentialAction":[{"@type":"ReadAction","target":["https:\/\/www.grupomedcof.com.br\/blog\/unicentro-publica-edital-para-residencia-medica-2024-2025\/"]}]},{"@type":"ImageObject","inLanguage":"pt-BR","@id":"https:\/\/www.grupomedcof.com.br\/blog\/unicentro-publica-edital-para-residencia-medica-2024-2025\/#primaryimage","url":"https:\/\/www.grupomedcof.com.br\/blog\/wp-content\/uploads\/2024\/08\/Modelo-instituicoes-73.png","contentUrl":"https:\/\/www.grupomedcof.com.br\/blog\/wp-content\/uploads\/2024\/08\/Modelo-instituicoes-73.png","width":2560,"height":1440},{"@type":"BreadcrumbList","@id":"https:\/\/www.grupomedcof.com.br\/blog\/unicentro-publica-edital-para-residencia-medica-2024-2025\/#breadcrumb","itemListElement":[{"@type":"ListItem","position":1,"name":"In\u00edcio","item":"https:\/\/www.grupomedcof.com.br\/blog\/"},{"@type":"ListItem","position":2,"name":"UNICENTRO publica edital para resid\u00eancia m\u00e9dica 2024\/2025"}]},{"@type":"WebSite","@id":"https:\/\/www.grupomedcof.com.br\/blog\/#website","url":"https:\/\/www.grupomedcof.com.br\/blog\/","name":"Blog de Medcof: conte\u00fados, editais, revalida e mais!","description":"Acesso o blog de MedCof! Seu portal de conte\u00fados sobre resid\u00eancia m\u00e9dica, an\u00e1lise e editais e muito mais. Clique e confira!","publisher":{"@id":"https:\/\/www.grupomedcof.com.br\/blog\/#organization"},"alternateName":"Blog de Medcof: conte\u00fados, editais, revalida e mais!","potentialAction":[{"@type":"SearchAction","target":{"@type":"EntryPoint","urlTemplate":"https:\/\/www.grupomedcof.com.br\/blog\/?s={search_term_string}"},"query-input":{"@type":"PropertyValueSpecification","valueRequired":true,"valueName":"search_term_string"}}],"inLanguage":"pt-BR"},{"@type":"Organization","@id":"https:\/\/www.grupomedcof.com.br\/blog\/#organization","name":"Grupo MedCof","url":"https:\/\/www.grupomedcof.com.br\/blog\/","logo":{"@type":"ImageObject","inLanguage":"pt-BR","@id":"https:\/\/www.grupomedcof.com.br\/blog\/#\/schema\/logo\/image\/","url":"https:\/\/www.grupomedcof.com.br\/blog\/wp-content\/uploads\/2022\/01\/logo-medcof.png","contentUrl":"https:\/\/www.grupomedcof.com.br\/blog\/wp-content\/uploads\/2022\/01\/logo-medcof.png","width":768,"height":269,"caption":"Grupo MedCof"},"image":{"@id":"https:\/\/www.grupomedcof.com.br\/blog\/#\/schema\/logo\/image\/"},"sameAs":["https:\/\/www.facebook.com\/MedCofQbank\/","https:\/\/www.instagram.com\/grupomedcof\/","https:\/\/br.linkedin.com\/company\/medcof","https:\/\/www.youtube.com\/channel\/UCdHMuOHKICxcHwecxN8P-AA"]},{"@type":"Person","@id":"https:\/\/www.grupomedcof.com.br\/blog\/#\/schema\/person\/9a44c2184a836bf5ae6967fdb3a1451e","name":"Leila Menzel","image":{"@type":"ImageObject","inLanguage":"pt-BR","@id":"https:\/\/www.grupomedcof.com.br\/blog\/wp-content\/uploads\/2025\/09\/cropped-eu-96x96.jpeg19a74936d997c0a8b3031618467fa1d0","url":"https:\/\/www.grupomedcof.com.br\/blog\/wp-content\/uploads\/2025\/09\/cropped-eu-96x96.jpeg","contentUrl":"https:\/\/www.grupomedcof.com.br\/blog\/wp-content\/uploads\/2025\/09\/cropped-eu-96x96.jpeg","caption":"Leila Menzel"},"description":"Estudante do 6\u00b0 semestre de jornalismo, amo e escrevo poesias e viajo em livros de romances clich\u00eas.","url":"https:\/\/www.grupomedcof.com.br\/blog\/author\/leila-menzel\/"}]}},"authors":[{"term_id":3616,"user_id":20,"is_guest":0,"slug":"leila-menzel","display_name":"Leila Menzel","avatar_url":"https:\/\/www.grupomedcof.com.br\/blog\/wp-content\/uploads\/2025\/09\/cropped-eu-96x96.jpeg","0":null,"1":"","2":"","3":"","4":"","5":"","6":"","7":"","8":""}],"_links":{"self":[{"href":"https:\/\/www.grupomedcof.com.br\/blog\/wp-json\/wp\/v2\/posts\/28709","targetHints":{"allow":["GET"]}}],"collection":[{"href":"https:\/\/www.grupomedcof.com.br\/blog\/wp-json\/wp\/v2\/posts"}],"about":[{"href":"https:\/\/www.grupomedcof.com.br\/blog\/wp-json\/wp\/v2\/types\/post"}],"author":[{"embeddable":true,"href":"https:\/\/www.grupomedcof.com.br\/blog\/wp-json\/wp\/v2\/users\/20"}],"replies":[{"embeddable":true,"href":"https:\/\/www.grupomedcof.com.br\/blog\/wp-json\/wp\/v2\/comments?post=28709"}],"version-history":[{"count":0,"href":"https:\/\/www.grupomedcof.com.br\/blog\/wp-json\/wp\/v2\/posts\/28709\/revisions"}],"wp:featuredmedia":[{"embeddable":true,"href":"https:\/\/www.grupomedcof.com.br\/blog\/wp-json\/wp\/v2\/media\/28712"}],"wp:attachment":[{"href":"https:\/\/www.grupomedcof.com.br\/blog\/wp-json\/wp\/v2\/media?parent=28709"}],"wp:term":[{"taxonomy":"category","embeddable":true,"href":"https:\/\/www.grupomedcof.com.br\/blog\/wp-json\/wp\/v2\/categories?post=28709"},{"taxonomy":"post_tag","embeddable":true,"href":"https:\/\/www.grupomedcof.com.br\/blog\/wp-json\/wp\/v2\/tags?post=28709"},{"taxonomy":"author","embeddable":true,"href":"https:\/\/www.grupomedcof.com.br\/blog\/wp-json\/wp\/v2\/ppma_author?post=28709"}],"curies":[{"name":"wp","href":"https:\/\/api.w.org\/{rel}","templated":true}]}}