{"id":28714,"date":"2026-04-10T14:49:17","date_gmt":"2026-04-10T17:49:17","guid":{"rendered":"https:\/\/www.grupomedcof.com.br\/blog\/?p=28714"},"modified":"2026-04-10T14:49:19","modified_gmt":"2026-04-10T17:49:19","slug":"edital-residencia-medica-hospital-sirio-libanes-hsl","status":"publish","type":"post","link":"https:\/\/www.grupomedcof.com.br\/blog\/edital-residencia-medica-hospital-sirio-libanes-hsl\/","title":{"rendered":"Edital HSL para resid\u00eancia m\u00e9dica 2025\/2026: vagas, cronograma e notas de corte"},"content":{"rendered":"<div id=\"ez-toc-container\" class=\"ez-toc-v2_0_74 counter-hierarchy ez-toc-counter ez-toc-transparent ez-toc-container-direction\">\n<div class=\"ez-toc-title-container\">\n<p class=\"ez-toc-title\" style=\"cursor:inherit\">Sum\u00e1rio<\/p>\n<span class=\"ez-toc-title-toggle\"><a href=\"#\" class=\"ez-toc-pull-right ez-toc-btn ez-toc-btn-xs ez-toc-btn-default ez-toc-toggle\" aria-label=\"Alternar tabela de conte\u00fado\"><span class=\"ez-toc-js-icon-con\"><span class=\"\"><span class=\"eztoc-hide\" style=\"display:none;\">Toggle<\/span><span class=\"ez-toc-icon-toggle-span\"><svg style=\"fill: #999;color:#999\" xmlns=\"http:\/\/www.w3.org\/2000\/svg\" class=\"list-377408\" width=\"20px\" height=\"20px\" viewBox=\"0 0 24 24\" fill=\"none\"><path d=\"M6 6H4v2h2V6zm14 0H8v2h12V6zM4 11h2v2H4v-2zm16 0H8v2h12v-2zM4 16h2v2H4v-2zm16 0H8v2h12v-2z\" fill=\"currentColor\"><\/path><\/svg><svg style=\"fill: #999;color:#999\" class=\"arrow-unsorted-368013\" xmlns=\"http:\/\/www.w3.org\/2000\/svg\" width=\"10px\" height=\"10px\" viewBox=\"0 0 24 24\" version=\"1.2\" baseProfile=\"tiny\"><path d=\"M18.2 9.3l-6.2-6.3-6.2 6.3c-.2.2-.3.4-.3.7s.1.5.3.7c.2.2.4.3.7.3h11c.3 0 .5-.1.7-.3.2-.2.3-.5.3-.7s-.1-.5-.3-.7zM5.8 14.7l6.2 6.3 6.2-6.3c.2-.2.3-.5.3-.7s-.1-.5-.3-.7c-.2-.2-.4-.3-.7-.3h-11c-.3 0-.5.1-.7.3-.2.2-.3.5-.3.7s.1.5.3.7z\"\/><\/svg><\/span><\/span><\/span><\/a><\/span><\/div>\n<nav><ul class='ez-toc-list ez-toc-list-level-1 ' ><li class='ez-toc-page-1 ez-toc-heading-level-2'><a class=\"ez-toc-link ez-toc-heading-1\" href=\"https:\/\/www.grupomedcof.com.br\/blog\/edital-residencia-medica-hospital-sirio-libanes-hsl\/#Retificacao_HSL_2026\" >Retifica\u00e7\u00e3o HSL 2026<\/a><\/li><li class='ez-toc-page-1 ez-toc-heading-level-2'><a class=\"ez-toc-link ez-toc-heading-2\" href=\"https:\/\/www.grupomedcof.com.br\/blog\/edital-residencia-medica-hospital-sirio-libanes-hsl\/#Como_me_inscrever_na_residencia_medica_do_HSL\" >Como me inscrever na resid\u00eancia m\u00e9dica do HSL?<\/a><\/li><li class='ez-toc-page-1 ez-toc-heading-level-2'><a class=\"ez-toc-link ez-toc-heading-3\" href=\"https:\/\/www.grupomedcof.com.br\/blog\/edital-residencia-medica-hospital-sirio-libanes-hsl\/#O_processo_seletivo_para_a_residencia_do_HSL\" >O processo seletivo para a resid\u00eancia do HSL<\/a><ul class='ez-toc-list-level-3' ><li class='ez-toc-heading-level-3'><a class=\"ez-toc-link ez-toc-heading-4\" href=\"https:\/\/www.grupomedcof.com.br\/blog\/edital-residencia-medica-hospital-sirio-libanes-hsl\/#Prova_objetiva_%E2%80%93_Retificada\" >Prova objetiva &#8211; Retificada<\/a><\/li><li class='ez-toc-page-1 ez-toc-heading-level-3'><a class=\"ez-toc-link ez-toc-heading-5\" href=\"https:\/\/www.grupomedcof.com.br\/blog\/edital-residencia-medica-hospital-sirio-libanes-hsl\/#Prova_Pratica\" >Prova Pr\u00e1tica<\/a><\/li><li class='ez-toc-page-1 ez-toc-heading-level-3'><a class=\"ez-toc-link ez-toc-heading-6\" href=\"https:\/\/www.grupomedcof.com.br\/blog\/edital-residencia-medica-hospital-sirio-libanes-hsl\/#Analise_Curricular\" >An\u00e1lise Curricular<\/a><\/li><\/ul><\/li><li class='ez-toc-page-1 ez-toc-heading-level-2'><a class=\"ez-toc-link ez-toc-heading-7\" href=\"https:\/\/www.grupomedcof.com.br\/blog\/edital-residencia-medica-hospital-sirio-libanes-hsl\/#Composicao_do_processo_seletivo_a_depender_da_especialidade\" >Composi\u00e7\u00e3o do processo seletivo a depender da especialidade<\/a><\/li><li class='ez-toc-page-1 ez-toc-heading-level-2'><a class=\"ez-toc-link ez-toc-heading-8\" href=\"https:\/\/www.grupomedcof.com.br\/blog\/edital-residencia-medica-hospital-sirio-libanes-hsl\/#Cronograma_do_Edital_HSL_2026\" >Cronograma do Edital HSL 2026<\/a><\/li><li class='ez-toc-page-1 ez-toc-heading-level-2'><a class=\"ez-toc-link ez-toc-heading-9\" href=\"https:\/\/www.grupomedcof.com.br\/blog\/edital-residencia-medica-hospital-sirio-libanes-hsl\/#Vagas_ofertadas_HSL_20252026\" >Vagas ofertadas HSL 2025\/2026<\/a><\/li><li class='ez-toc-page-1 ez-toc-heading-level-2'><a class=\"ez-toc-link ez-toc-heading-10\" href=\"https:\/\/www.grupomedcof.com.br\/blog\/edital-residencia-medica-hospital-sirio-libanes-hsl\/#Edital_HSL_2026\" >Edital HSL 2026<\/a><\/li><li class='ez-toc-page-1 ez-toc-heading-level-2'><a class=\"ez-toc-link ez-toc-heading-11\" href=\"https:\/\/www.grupomedcof.com.br\/blog\/edital-residencia-medica-hospital-sirio-libanes-hsl\/#Conheca_o_Hospital_Sirio-Libanes\" >Conhe\u00e7a o Hospital S\u00edrio-Liban\u00eas<\/a><\/li><li class='ez-toc-page-1 ez-toc-heading-level-2'><a class=\"ez-toc-link ez-toc-heading-12\" href=\"https:\/\/www.grupomedcof.com.br\/blog\/edital-residencia-medica-hospital-sirio-libanes-hsl\/#Por_que_optar_pela_Residencia_Medica_do_HSL\" >Por que optar pela Resid\u00eancia M\u00e9dica do HSL?<\/a><\/li><li class='ez-toc-page-1 ez-toc-heading-level-2'><a class=\"ez-toc-link ez-toc-heading-13\" href=\"https:\/\/www.grupomedcof.com.br\/blog\/edital-residencia-medica-hospital-sirio-libanes-hsl\/#Nota_de_corte_de_residencia_medica_Sirio-Libanes\" >Nota de corte de resid\u00eancia m\u00e9dica S\u00edrio-Liban\u00eas<\/a><\/li><li class='ez-toc-page-1 ez-toc-heading-level-2'><a class=\"ez-toc-link ez-toc-heading-14\" href=\"https:\/\/www.grupomedcof.com.br\/blog\/edital-residencia-medica-hospital-sirio-libanes-hsl\/#Como_garantir_a_aprovacao_na_residencia_do_HSL_20252026\" >Como garantir a aprova\u00e7\u00e3o na resid\u00eancia do HSL 2025\/2026?<\/a><\/li><\/ul><\/nav><\/div>\n\n<figure class=\"wp-block-image size-large\"><img loading=\"lazy\" decoding=\"async\" width=\"1024\" height=\"576\" src=\"https:\/\/www.grupomedcof.com.br\/blog\/wp-content\/uploads\/2024\/08\/Modelo-instituicoes-74-1024x576.png\" alt=\"\" class=\"wp-image-28716\" srcset=\"https:\/\/www.grupomedcof.com.br\/blog\/wp-content\/uploads\/2024\/08\/Modelo-instituicoes-74-1024x576.png 1024w, https:\/\/www.grupomedcof.com.br\/blog\/wp-content\/uploads\/2024\/08\/Modelo-instituicoes-74-300x169.png 300w, https:\/\/www.grupomedcof.com.br\/blog\/wp-content\/uploads\/2024\/08\/Modelo-instituicoes-74-768x432.png 768w, https:\/\/www.grupomedcof.com.br\/blog\/wp-content\/uploads\/2024\/08\/Modelo-instituicoes-74-1536x864.png 1536w, https:\/\/www.grupomedcof.com.br\/blog\/wp-content\/uploads\/2024\/08\/Modelo-instituicoes-74-2048x1152.png 2048w, https:\/\/www.grupomedcof.com.br\/blog\/wp-content\/uploads\/2024\/08\/Modelo-instituicoes-74-747x420.png 747w, https:\/\/www.grupomedcof.com.br\/blog\/wp-content\/uploads\/2024\/08\/Modelo-instituicoes-74-150x84.png 150w, https:\/\/www.grupomedcof.com.br\/blog\/wp-content\/uploads\/2024\/08\/Modelo-instituicoes-74-696x392.png 696w, https:\/\/www.grupomedcof.com.br\/blog\/wp-content\/uploads\/2024\/08\/Modelo-instituicoes-74-1068x601.png 1068w, https:\/\/www.grupomedcof.com.br\/blog\/wp-content\/uploads\/2024\/08\/Modelo-instituicoes-74-1920x1080.png 1920w\" sizes=\"auto, (max-width: 1024px) 100vw, 1024px\" \/><\/figure>\n\n\n\n<p>Confira tudo sobre o edital de resid\u00eancia m\u00e9dica do<strong> Hospital S\u00edrio-Liban\u00eas 2025\/2026<\/strong> (HSL)!<\/p>\n\n\n\n<h2 class=\"wp-block-heading\" id=\"h-retificacao-hsl-2026\"><span class=\"ez-toc-section\" id=\"Retificacao_HSL_2026\"><\/span><strong>Retifica\u00e7\u00e3o HSL 2026<\/strong><span class=\"ez-toc-section-end\"><\/span><\/h2>\n\n\n\n<p>No dia 09 de setembro de 2025, o Hospital S\u00edrio-Liban\u00eas divulgou uma<strong> retifica\u00e7\u00e3o que altera a data de aplica\u00e7\u00e3o da prova. <\/strong>Al\u00e9m disso, para os candidatos <strong>treineiros<\/strong>, ser\u00e1 poss\u00edvel realizar<strong> somente a prova objetiva. <\/strong>Vale lembrar que \u00e9 necess\u00e1rio indicar &#8220;Treineiro&#8221; no momento da inscri\u00e7\u00e3o, o que declara que n\u00e3o concorrer\u00e1 \u00e0s vagas regulares.<\/p>\n\n\n\n<div class=\"wp-block-buttons is-layout-flex wp-block-buttons-is-layout-flex\">\n<div class=\"wp-block-button\"><a class=\"wp-block-button__link wp-element-button\" href=\"https:\/\/www.grupomedcof.com.br\/blog\/wp-content\/uploads\/2025\/08\/Retificacao-HSL-2026.pdf\" target=\"_blank\" rel=\"noreferrer noopener\">Veja a retifica\u00e7\u00e3o aqui!<\/a><\/div>\n<\/div>\n\n\n\n<h2 class=\"wp-block-heading\" id=\"h-como-me-inscrever-na-residencia-medica-do-hsl\"><span class=\"ez-toc-section\" id=\"Como_me_inscrever_na_residencia_medica_do_HSL\"><\/span><strong>Como me inscrever na resid\u00eancia m\u00e9dica do HSL?<\/strong><span class=\"ez-toc-section-end\"><\/span><\/h2>\n\n\n\n<p>Os candidatos dever\u00e3o se inscrever atrav\u00e9s do site da <a href=\"https:\/\/www.vunesp.com.br\/\" target=\"_blank\" rel=\"noreferrer noopener\">Vunesp<\/a>, entre os dias <strong>10 de setembro e 14 de outubro de 2025,<\/strong> mediante pagamento da taxa de <strong>R$600,00.<\/strong><\/p>\n\n\n\n<h2 class=\"wp-block-heading\" id=\"h-o-processo-seletivo-para-a-residencia-do-hsl\"><span class=\"ez-toc-section\" id=\"O_processo_seletivo_para_a_residencia_do_HSL\"><\/span><strong>O processo seletivo para a resid\u00eancia do HSL<\/strong><span class=\"ez-toc-section-end\"><\/span><\/h2>\n\n\n\n<p>De acordo com o edital, a institui\u00e7\u00e3o est\u00e1 ofertando <strong>80 vagas<\/strong> distribu\u00eddas entre Acesso Direto e Pr\u00e9-Requisito. Al\u00e9m disso, os candidatos ser\u00e3o avaliados por meio da <strong>prova objetiva, prova pr\u00e1tica<\/strong> (a depender da especialidade) e <strong>an\u00e1lise curricular<\/strong> (tamb\u00e9m a depender da especialidade).<\/p>\n\n\n\n<h3 class=\"wp-block-heading\" id=\"h-prova-objetiva-retificada\"><span class=\"ez-toc-section\" id=\"Prova_objetiva_%E2%80%93_Retificada\"><\/span><strong>Prova objetiva<\/strong> &#8211; <strong>Retificada<\/strong><span class=\"ez-toc-section-end\"><\/span><\/h3>\n\n\n\n<p>A prova objetiva <strong>estava prevista para o dia 23 de novembro de 2025<\/strong>, entretanto, ap\u00f3s retifica\u00e7\u00e3o, a aplica\u00e7\u00e3o ser\u00e1 <strong>antecipada para o dia 22 do mesmo m\u00eas.<\/strong><\/p>\n\n\n\n<p>Vale lembrar que esta fase ter\u00e1 car\u00e1ter classificat\u00f3rio e eliminat\u00f3rio e ser\u00e1 aplicada nas seguintes cidades:<\/p>\n\n\n\n<ul class=\"wp-block-list\">\n<li><strong>Bel\u00e9m\/PA<\/strong>;<\/li>\n\n\n\n<li><strong>Belo Horizonte\/MG<\/strong>;<\/li>\n\n\n\n<li><strong>Bras\u00edlia\/DF<\/strong>;<\/li>\n\n\n\n<li><strong>Fortaleza\/CE<\/strong>;<\/li>\n\n\n\n<li><strong>Porto Alegre\/RS<\/strong>;<\/li>\n\n\n\n<li><strong>Rio de Janeiro\/RJ; <\/strong><\/li>\n\n\n\n<li><strong>Salvador\/BA ;<\/strong><\/li>\n\n\n\n<li><strong>S\u00e3o Paulo\/SP<\/strong>.<\/li>\n<\/ul>\n\n\n\n<h3 class=\"wp-block-heading\" id=\"h-prova-pratica\"><span class=\"ez-toc-section\" id=\"Prova_Pratica\"><\/span><strong>Prova Pr\u00e1tica<\/strong><span class=\"ez-toc-section-end\"><\/span><\/h3>\n\n\n\n<p>J\u00e1 a prova pr\u00e1tica, ser\u00e1 aplicada a depender das especialidades:<\/p>\n\n\n\n<ul class=\"wp-block-list\">\n<li><strong>Acesso Direto:<\/strong> 19\/01\/2026<\/li>\n\n\n\n<li><strong>Pr\u00e9-Requisito:<\/strong> 20\/01\/2026<\/li>\n<\/ul>\n\n\n\n<h3 class=\"wp-block-heading\" id=\"h-analise-curricular\"><span class=\"ez-toc-section\" id=\"Analise_Curricular\"><\/span><strong>An\u00e1lise Curricular<\/strong><span class=\"ez-toc-section-end\"><\/span><\/h3>\n\n\n\n<p>Para os candidatos que optaram pelas especialidades que necessitam que an\u00e1lise curricular, o per\u00edodo para envio do documento ser\u00e1 de <strong>10 de setembro e 14 de outubro de 2025,<\/strong> mesmo per\u00edodo de inscri\u00e7\u00f5es.<\/p>\n\n\n\n<h2 class=\"wp-block-heading\" id=\"h-composicao-do-processo-seletivo-a-depender-da-especialidade\"><span class=\"ez-toc-section\" id=\"Composicao_do_processo_seletivo_a_depender_da_especialidade\"><\/span><strong>Composi\u00e7\u00e3o do processo seletivo a depender da especialidade<\/strong><span class=\"ez-toc-section-end\"><\/span><\/h2>\n\n\n\n<p>A sele\u00e7\u00e3o ser\u00e1 composta de <strong>Prova Objetiva (peso 60%) + Prova Pr\u00e1tica (40%)<\/strong> para as seguintes especialidades:<\/p>\n\n\n\n<figure class=\"wp-block-table\"><table class=\"has-fixed-layout\"><tbody><tr><td><strong>Especialidades Acesso Direto<\/strong><\/td><td><strong>Especialidades Pr\u00e9-Requisito<\/strong><\/td><\/tr><tr><td>Anestesiologia<\/td><td>Cardiologia<\/td><\/tr><tr><td>Cirurgia Geral<\/td><td>Oncologia Cl\u00ednica (Bras\u00edlia)<\/td><\/tr><tr><td>Cl\u00ednica M\u00e9dica<\/td><td>Oncologia Cl\u00ednica (S\u00e3o Paulo)<\/td><\/tr><tr><td>Dermatologia<\/td><td>Endoscopia<\/td><\/tr><tr><td>Ginecologia e Obstetr\u00edcia<\/td><td>Mastologia<\/td><\/tr><tr><td>Medicina de Fam\u00edlia e Comunidade<\/td><td><\/td><\/tr><tr><td>Medicina Intensiva<\/td><td><\/td><\/tr><tr><td>Neurologia<\/td><td><\/td><\/tr><tr><td>Pediatria<\/td><td><\/td><\/tr><tr><td>Radiologia\/Diagn\u00f3stico Por Imagem<\/td><td><\/td><\/tr><tr><td>Radioterapia (Bras\u00edlia)<\/td><td><\/td><\/tr><tr><td>Radioterapia (S\u00e3o Paulo)<\/td><td><\/td><\/tr><\/tbody><\/table><\/figure>\n\n\n\n<p>Por fim, ser\u00e1 composta de <strong>Prova Objetiva (peso 90%) + An\u00e1lise Curricular (10%)<\/strong> para as especialidades:<\/p>\n\n\n\n<ul class=\"wp-block-list\">\n<li>Administra\u00e7\u00e3o em Sa\u00fade;<\/li>\n\n\n\n<li>Dor;<\/li>\n\n\n\n<li>Ergonometria;<\/li>\n\n\n\n<li>Transplante de Medula \u00d3ssea (Bras\u00edlia);<\/li>\n\n\n\n<li>Transplante em Medula \u00d3ssea (S\u00e3o Paulo).<\/li>\n<\/ul>\n\n\n\n<h2 class=\"wp-block-heading\" id=\"h-cronograma-do-edital-hsl-2026\"><span class=\"ez-toc-section\" id=\"Cronograma_do_Edital_HSL_2026\"><\/span><strong>Cronograma do Edital HSL 2026<\/strong><span class=\"ez-toc-section-end\"><\/span><\/h2>\n\n\n\n<p>Confira abaixo as principais informa\u00e7\u00f5es sobre o cronograma de eventos do processo seletivo do Hospital S\u00edrio Liban\u00eas:<\/p>\n\n\n\n<figure class=\"wp-block-table\"><table class=\"has-fixed-layout\"><tbody><tr><td>Per\u00edodo de inscri\u00e7\u00f5es<\/td><td>Das 10h00 de 10.09.2025 \u00e0s 23h59min de 14.10.2025<\/td><\/tr><tr><td>Vencimento do boleto banc\u00e1rio<\/td><td>14.10.2025<\/td><\/tr><tr><td>Prazo para os(as) candidatos(as) encaminharem o documento de comprova\u00e7\u00e3o de bonifica\u00e7\u00e3o por meio digital (upload)<\/td><td>Das 10h00 de 10.09.2025 \u00e0s 23h59min de 14.10.2025<\/td><\/tr><tr><td>Prazo para os(as) candidatos(as) solicitarem condi\u00e7\u00f5es especiais para a realiza\u00e7\u00e3o da prova e para participa\u00e7\u00e3o na reserva de vagas<\/td><td>Das 10h00 de 10.09.2025 \u00e0s 23h59min de 14.10.2025<\/td><\/tr><tr><td>Divulga\u00e7\u00e3o do resultado da solicita\u00e7\u00e3o de condi\u00e7\u00e3o especial para realiza\u00e7\u00e3o da prova e para participa\u00e7\u00e3o na reserva de vagas<\/td><td>25.10.2025<\/td><\/tr><tr><td>Per\u00edodo de interposi\u00e7\u00e3o de recurso contra o resultado da solicita\u00e7\u00e3o de condi\u00e7\u00e3o especial para realiza\u00e7\u00e3o da prova e para participa\u00e7\u00e3o na reserva de vagas<\/td><td>25.10.2025<\/td><\/tr><tr><td>Divulga\u00e7\u00e3o da an\u00e1lise de recurso contra o resultado da solicita\u00e7\u00e3o de condi\u00e7\u00e3o especial para realiza\u00e7\u00e3o da prova e para participa\u00e7\u00e3o na reserva de vagas<\/td><td>31.10.2025<\/td><\/tr><tr><td>Publica\u00e7\u00e3o do resultado da bonifica\u00e7\u00e3o<\/td><td>31.10.2025<\/td><\/tr><tr><td>Per\u00edodo de interposi\u00e7\u00e3o de recurso contra o resultado da bonifica\u00e7\u00e3o<\/td><td>31.10.2025<\/td><\/tr><tr><td>Divulga\u00e7\u00e3o do resultado da an\u00e1lise de recurso contra o resultado da bonifica\u00e7\u00e3o<\/td><td>14.11.2025<\/td><\/tr><tr><td><strong>Aplica\u00e7\u00e3o da Prova Objetiva<\/strong><\/td><td><strong>22.11.2025<\/strong><\/td><\/tr><tr><td>Divulga\u00e7\u00e3o do gabarito<\/td><td>25.11.2025<\/td><\/tr><tr><td>Per\u00edodo de interposi\u00e7\u00e3o de recurso contra o gabarito<\/td><td>25.11.2025<\/td><\/tr><tr><td>Publica\u00e7\u00e3o do Edital de Divulga\u00e7\u00e3o da An\u00e1lise de Recurso contra o Gabarito, Nota da <strong>Prova Objetiva<\/strong><\/td><td>16.12.2025<\/td><\/tr><tr><td>Per\u00edodo de interposi\u00e7\u00e3o de recurso contra a nota da <strong>Prova Objetiva<\/strong><\/td><td>16.12.2025<\/td><\/tr><tr><td>Aplica\u00e7\u00e3o da Prova Pr\u00e1tica \u2013 Acesso Direto<\/td><td>19.01.2026<\/td><\/tr><tr><td>Aplica\u00e7\u00e3o da Prova Pr\u00e1tica \u2013 Pr\u00e9-Requisito<\/td><td>20.01.2026<\/td><\/tr><tr><td>Publica\u00e7\u00e3o da lista dos aprovados<\/td><td>10.02.2026<\/td><\/tr><tr><td>Publica\u00e7\u00e3o da lista de convoca\u00e7\u00e3o para a matr\u00edcula<\/td><td>11.02.2026<\/td><\/tr><\/tbody><\/table><\/figure>\n\n\n\n<h2 class=\"wp-block-heading\" id=\"h-vagas-ofertadas-hsl-2025-2026\"><span class=\"ez-toc-section\" id=\"Vagas_ofertadas_HSL_20252026\"><\/span><strong>Vagas ofertadas HSL 2025\/2026<\/strong><span class=\"ez-toc-section-end\"><\/span><\/h2>\n\n\n\n<p>Ao todo, o HSL disponibilizou <strong>80 vagas<\/strong> distribu\u00eddas entre Acesso Direto, Pr\u00e9-Requisito e Ano Adicional. Confira:<\/p>\n\n\n\n<figure class=\"wp-block-table\"><table class=\"has-fixed-layout\"><tbody><tr><td><strong>Especialidades Acesso Direto<\/strong><\/td><td><strong>Vagas<\/strong><\/td><\/tr><tr><td>Anestesiologia<\/td><td>10<\/td><\/tr><tr><td>Cirurgia Geral<\/td><td>2<\/td><\/tr><tr><td>Cl\u00ednica M\u00e9dica<\/td><td>6<\/td><\/tr><tr><td>Dermatologia<\/td><td>3<\/td><\/tr><tr><td>Ginecologia e Obstetr\u00edcia<\/td><td>4<\/td><\/tr><tr><td>Medicina de Fam\u00edlia e Comunidade<\/td><td>2<\/td><\/tr><tr><td>Medicina Intensiva<\/td><td>6<\/td><\/tr><tr><td>Neurologia<\/td><td>3<\/td><\/tr><tr><td>Pediatria<\/td><td>6<\/td><\/tr><tr><td>Radiologia e diagn\u00f3stico por imagem<\/td><td>6<\/td><\/tr><tr><td>Radioterapia (S\u00e3o Paulo)<\/td><td>1<\/td><\/tr><tr><td>Radioterapia (Bras\u00edlia)<\/td><td>2<\/td><\/tr><\/tbody><\/table><\/figure>\n\n\n\n<figure class=\"wp-block-table\"><table class=\"has-fixed-layout\"><tbody><tr><td><strong>Especialidades Pr\u00e9-Requisito<\/strong> <strong>e Ano Adicional<\/strong><\/td><td><strong>Vagas<\/strong><\/td><\/tr><tr><td>Administra\u00e7\u00e3o em Sa\u00fade<\/td><td>4<\/td><\/tr><tr><td>Cardiologia<\/td><td>6<\/td><\/tr><tr><td>Dor<\/td><td>2<\/td><\/tr><tr><td>Endoscopia<\/td><td>5<\/td><\/tr><tr><td>Ergonometria<\/td><td>2<\/td><\/tr><tr><td>Mastologia<\/td><td>1<\/td><\/tr><tr><td>Oncologia Cl\u00ednica (Bras\u00edlia)<\/td><td>2<\/td><\/tr><tr><td>Oncologia Cl\u00ednica (S\u00e3o Paulo)<\/td><td>4<\/td><\/tr><tr><td>Endoscopia<\/td><td>4<\/td><\/tr><\/tbody><\/table><\/figure>\n\n\n\n<p>Voc\u00ea tamb\u00e9m pode conferir as <a href=\"https:\/\/www.grupomedcof.com.br\/blog\/notas-de-corte-de-residencia-medica-2024-de-sao-paulo\/\"><strong>notas de corte de outras institui\u00e7\u00f5es do Estado de S\u00e3o Paulo<\/strong><\/a> acessando o texto exclusivo que n\u00f3s do Grupo MedCof preparamos para voc\u00ea!<\/p>\n\n\n\n<h2 class=\"wp-block-heading\" id=\"h-edital-hsl-2026\"><span class=\"ez-toc-section\" id=\"Edital_HSL_2026\"><\/span><strong>Edital HSL 2026<\/strong><span class=\"ez-toc-section-end\"><\/span><\/h2>\n\n\n\n<p>Confira o edital completo:<\/p>\n\n\n\n<div class=\"wp-block-buttons is-layout-flex wp-block-buttons-is-layout-flex\">\n<div class=\"wp-block-button\"><a class=\"wp-block-button__link wp-element-button\" href=\"https:\/\/www.grupomedcof.com.br\/blog\/wp-content\/uploads\/2025\/06\/Edital-HSL-2026.pdf\" target=\"_blank\" rel=\"noreferrer noopener\">Edital HSL 2026<\/a><\/div>\n<\/div>\n\n\n\n<h2 class=\"wp-block-heading\" id=\"h-conheca-o-hospital-sirio-libanes\"><span class=\"ez-toc-section\" id=\"Conheca_o_Hospital_Sirio-Libanes\"><\/span><strong>Conhe\u00e7a o Hospital S\u00edrio-Liban\u00eas<\/strong><span class=\"ez-toc-section-end\"><\/span><\/h2>\n\n\n\n<p>Fundado em 1921, originado Sociedade Beneficente de Senhoras, foi o sonho de dona Adma Jafet e seu grupo de amigas. O S\u00edrio-Liban\u00eas foi oficialmente inaugurado em 1965, e desde ent\u00e3o, segue sendo um centro de refer\u00eancia internacional.<\/p>\n\n\n\n<p>O S\u00edrio-Liban\u00eas foi o primeiro hospital do pa\u00eds a implantar uma Unidade de Terapia Intensiva (UTI), e, al\u00e9m disso, foi o primeiro do hemisf\u00e9rio sul a realizar uma cirurgia por microc\u00e2mera, com paciente em S\u00e3o Paulo e cirurgi\u00e3o em Baltimore (EUA).<\/p>\n\n\n\n<h2 class=\"wp-block-heading\" id=\"h-por-que-optar-pela-residencia-medica-do-hsl\"><span class=\"ez-toc-section\" id=\"Por_que_optar_pela_Residencia_Medica_do_HSL\"><\/span><strong>Por que optar pela Resid\u00eancia M\u00e9dica do HSL?<\/strong><span class=\"ez-toc-section-end\"><\/span><\/h2>\n\n\n\n<p>O Hospital S\u00edrio-Liban\u00eas \u00e9 uma \u00f3tima op\u00e7\u00e3o para a realiza\u00e7\u00e3o de sua resid\u00eancia m\u00e9dica. A renomada institui\u00e7\u00e3o \u00e9 refer\u00eancia nacional e internacionalmente na \u00e1rea da sa\u00fade.<\/p>\n\n\n\n<p>Al\u00e9m disso, ela possui profissionais excelentes, equipamentos e tecnologia de \u00faltima gera\u00e7\u00e3o e proporciona uma experi\u00eancia de um hospital p\u00fablico-privado ao residente.<\/p>\n\n\n\n<h2 class=\"wp-block-heading\" id=\"h-nota-de-corte-de-residencia-medica-sirio-libanes\"><span class=\"ez-toc-section\" id=\"Nota_de_corte_de_residencia_medica_Sirio-Libanes\"><\/span><strong>Nota de corte de resid\u00eancia m\u00e9dica S\u00edrio-Liban\u00eas <\/strong><span class=\"ez-toc-section-end\"><\/span><\/h2>\n\n\n\n<p>Confira as notas de corte de cada especialidade, considerando o resultado do \u00faltimo candidato classificado na modalidade de ampla concorr\u00eancia:<\/p>\n\n\n\n<figure class=\"wp-block-table\"><table class=\"has-fixed-layout\"><tbody><tr><td><strong>Especialidades<\/strong><\/td><td><strong>Nota de Corte 2025<\/strong><\/td><td><strong>Nota de corte 2026<\/strong><\/td><\/tr><tr><td>Administra\u00e7\u00e3o em Sa\u00fade<\/td><td>78,00<\/td><td>85,00<\/td><\/tr><tr><td>Anestesiologia<\/td><td>88,66<\/td><td>69,80<\/td><\/tr><tr><td>Cardiologia<\/td><td>78,51<\/td><td>69,42<\/td><\/tr><tr><td>Cl\u00ednica M\u00e9dica<\/td><td>891.88<\/td><td>&#8211;<\/td><\/tr><tr><td>Cirurgia Geral<\/td><td>\u2013<\/td><td>82,84<\/td><\/tr><tr><td>Dermatologia<\/td><td>89,53<\/td><td>81,84<\/td><\/tr><tr><td>Dor<\/td><td>73,41<\/td><td>72,00<\/td><\/tr><tr><td>Endoscopia<\/td><td>67,78<\/td><td>69,14<\/td><\/tr><tr><td>Endoscopia Digestiva<\/td><td>\u2013<\/td><td>&#8211;<\/td><\/tr><tr><td>Ergometria<\/td><td>89,20<\/td><td>85,00<\/td><\/tr><tr><td>Ginecologia e Obstetr\u00edcia<\/td><td>\u2013<\/td><td>78,68<\/td><\/tr><tr><td>Mastologia<\/td><td>70,48<\/td><td>87,42<\/td><\/tr><tr><td>Medicina de Fam\u00edlia e Comunidade<\/td><td>82,44<\/td><td>69,56<\/td><\/tr><tr><td>Medicina Intensiva<\/td><td>85,80<\/td><td>77,00<\/td><\/tr><tr><td>Neurologia<\/td><td>89,20<\/td><td>74,52<\/td><\/tr><tr><td>Oncologia Cl\u00ednica (S\u00e3o Paulo)<\/td><td>82,99<\/td><td>76,53<\/td><\/tr><tr><td>Oncologia Cl\u00ednica (Bras\u00edlia)<\/td><td>74,06<\/td><td>76,23<\/td><\/tr><tr><td>Pediatria<\/td><td>85,68<\/td><td>76,96<\/td><\/tr><tr><td>Radiologia e Diagn\u00f3stico por Imagem<\/td><td>87,02<\/td><td>80,72<\/td><\/tr><tr><td>Radioterapia<\/td><td>79,40<\/td><td>71,60<\/td><\/tr><tr><td>Radioterapia (Bras\u00edlia)<\/td><td>60,40<\/td><td>71,92<\/td><\/tr><tr><td>Transplante de Medula \u00d3ssea<\/td><td>76,59<\/td><td>88,00<\/td><\/tr><tr><td>Transplante de Medula \u00d3ssea (Bras\u00edlia)<\/td><td>74,82<\/td><td>80,00<\/td><\/tr><\/tbody><\/table><\/figure>\n\n\n\n<h2 class=\"wp-block-heading\" id=\"o-m\u00e9todo-que-te-aprova\"><span class=\"ez-toc-section\" id=\"Como_garantir_a_aprovacao_na_residencia_do_HSL_20252026\"><\/span><strong><strong>Como garantir a aprova\u00e7\u00e3o na resid\u00eancia do HSL 2025\/2026?<\/strong><\/strong><span class=\"ez-toc-section-end\"><\/span><\/h2>\n\n\n\n<p>Quer alcan\u00e7ar a aprova\u00e7\u00e3o nas provas de resid\u00eancia m\u00e9dica? Ent\u00e3o seja um\u00a0<a href=\"https:\/\/www.grupomedcof.com.br\/home\/\" target=\"_blank\" rel=\"noreferrer noopener\">MedCofer<\/a>! Aqui te ajudaremos na busca da aprova\u00e7\u00e3o com conte\u00fados de qualidade e uma\u00a0<a href=\"https:\/\/www.grupomedcof.com.br\/blog\/presenca-da-medcof-nas-aprovacoes-em-residencia-medica-no-brasil\/\" target=\"_blank\" rel=\"noreferrer noopener\">metodologia que j\u00e1 aprovou mais de 35 mil residentes no pa\u00eds!\u00a0<\/a>Por fim, acesse o nosso<a href=\"https:\/\/www.youtube.com\/@GrupoMedcof\/featured\" target=\"_blank\" rel=\"noreferrer noopener\">\u00a0<strong>canal do youtube\u00a0<\/strong><\/a>para ver o nosso material.\u00a0<\/p>\n\n\n\n<figure class=\"wp-block-embed is-type-video is-provider-youtube wp-block-embed-youtube wp-embed-aspect-16-9 wp-has-aspect-ratio\"><div class=\"wp-block-embed__wrapper\">\n<div class=\"youtube-embed\" data-video_id=\"5e5pJUMd_Vg\"><iframe loading=\"lazy\" title=\"Gabarito Resid\u00eancia M\u00e9dica HSL 2024 - Corre\u00e7\u00e3o P\u00f3s-Prova - Ao Vivo\" width=\"696\" height=\"392\" src=\"https:\/\/www.youtube.com\/embed\/5e5pJUMd_Vg?feature=oembed&#038;enablejsapi=1\" frameborder=\"0\" allow=\"accelerometer; autoplay; clipboard-write; encrypted-media; gyroscope; picture-in-picture; web-share\" referrerpolicy=\"strict-origin-when-cross-origin\" allowfullscreen><\/iframe><\/div>\n<\/div><\/figure>\n","protected":false},"excerpt":{"rendered":"<p>Acompanhe as novidades da Resid\u00eancia M\u00e9dica 2025\/2026 do Hospital S\u00edrio-Liban\u00eas. Editais, vagas, cronograma e etapas da sele\u00e7\u00e3o. Confira!<\/p>\n","protected":false},"author":20,"featured_media":29233,"comment_status":"open","ping_status":"open","sticky":false,"template":"","format":"standard","meta":{"footnotes":""},"categories":[2023],"tags":[93,888,1760,1811,1452,117,68],"ppma_author":[3616],"class_list":{"0":"post-28714","1":"post","2":"type-post","3":"status-publish","4":"format-standard","5":"has-post-thumbnail","7":"category-editais","8":"tag-especialidades-medicas","9":"tag-hospital-sirio-libanes-2","10":"tag-hsl","11":"tag-hsl-edital","12":"tag-provas","13":"tag-provas-de-residencia","14":"tag-residencia-medica"},"yoast_head":"<!-- This site is optimized with the Yoast SEO Premium plugin v24.3 (Yoast SEO v27.4) - https:\/\/yoast.com\/product\/yoast-seo-premium-wordpress\/ -->\n<title>Resid\u00eancia m\u00e9dica Hospital S\u00edrio-Liban\u00eas: edital 2025\/2026<\/title>\n<meta name=\"description\" content=\"Acompanhe as novidades da Resid\u00eancia M\u00e9dica 2025\/2026 do Hospital S\u00edrio-Liban\u00eas. Editais, vagas, cronograma e etapas da sele\u00e7\u00e3o. Confira!\" \/>\n<meta name=\"robots\" content=\"index, follow, max-snippet:-1, max-image-preview:large, max-video-preview:-1\" \/>\n<link rel=\"canonical\" href=\"https:\/\/www.grupomedcof.com.br\/blog\/edital-residencia-medica-hospital-sirio-libanes-hsl\/\" \/>\n<meta property=\"og:locale\" content=\"pt_BR\" \/>\n<meta property=\"og:type\" content=\"article\" \/>\n<meta property=\"og:title\" content=\"Edital HSL para resid\u00eancia m\u00e9dica 2025\/2026: vagas, cronograma e notas de corte\" \/>\n<meta property=\"og:description\" content=\"Acompanhe as novidades da Resid\u00eancia M\u00e9dica 2025\/2026 do Hospital S\u00edrio-Liban\u00eas. Editais, vagas, cronograma e etapas da sele\u00e7\u00e3o. Confira!\" \/>\n<meta property=\"og:url\" content=\"https:\/\/www.grupomedcof.com.br\/blog\/edital-residencia-medica-hospital-sirio-libanes-hsl\/\" \/>\n<meta property=\"og:site_name\" content=\"Blog de Medcof: conte\u00fados, editais, revalida e mais!\" \/>\n<meta property=\"article:publisher\" content=\"https:\/\/www.facebook.com\/MedCofQbank\/\" \/>\n<meta property=\"article:published_time\" content=\"2026-04-10T17:49:17+00:00\" \/>\n<meta property=\"article:modified_time\" content=\"2026-04-10T17:49:19+00:00\" \/>\n<meta property=\"og:image\" content=\"https:\/\/www.grupomedcof.com.br\/blog\/wp-content\/uploads\/2024\/08\/Modelo-instituicoes-94.png\" \/>\n\t<meta property=\"og:image:width\" content=\"2560\" \/>\n\t<meta property=\"og:image:height\" content=\"1440\" \/>\n\t<meta property=\"og:image:type\" content=\"image\/png\" \/>\n<meta name=\"author\" content=\"Leila Menzel\" \/>\n<meta name=\"twitter:card\" content=\"summary_large_image\" \/>\n<meta name=\"twitter:label1\" content=\"Escrito por\" \/>\n\t<meta name=\"twitter:data1\" content=\"Leila Menzel\" \/>\n\t<meta name=\"twitter:label2\" content=\"Est. tempo de leitura\" \/>\n\t<meta name=\"twitter:data2\" content=\"7 minutos\" \/>\n<script type=\"application\/ld+json\" class=\"yoast-schema-graph\">{\"@context\":\"https:\\\/\\\/schema.org\",\"@graph\":[{\"@type\":\"Article\",\"@id\":\"https:\\\/\\\/www.grupomedcof.com.br\\\/blog\\\/edital-residencia-medica-hospital-sirio-libanes-hsl\\\/#article\",\"isPartOf\":{\"@id\":\"https:\\\/\\\/www.grupomedcof.com.br\\\/blog\\\/edital-residencia-medica-hospital-sirio-libanes-hsl\\\/\"},\"author\":{\"name\":\"Leila Menzel\",\"@id\":\"https:\\\/\\\/www.grupomedcof.com.br\\\/blog\\\/#\\\/schema\\\/person\\\/9a44c2184a836bf5ae6967fdb3a1451e\"},\"headline\":\"Edital HSL para resid\u00eancia m\u00e9dica 2025\\\/2026: vagas, cronograma e notas de corte\",\"datePublished\":\"2026-04-10T17:49:17+00:00\",\"dateModified\":\"2026-04-10T17:49:19+00:00\",\"mainEntityOfPage\":{\"@id\":\"https:\\\/\\\/www.grupomedcof.com.br\\\/blog\\\/edital-residencia-medica-hospital-sirio-libanes-hsl\\\/\"},\"wordCount\":1210,\"commentCount\":0,\"publisher\":{\"@id\":\"https:\\\/\\\/www.grupomedcof.com.br\\\/blog\\\/#organization\"},\"image\":{\"@id\":\"https:\\\/\\\/www.grupomedcof.com.br\\\/blog\\\/edital-residencia-medica-hospital-sirio-libanes-hsl\\\/#primaryimage\"},\"thumbnailUrl\":\"https:\\\/\\\/www.grupomedcof.com.br\\\/blog\\\/wp-content\\\/uploads\\\/2024\\\/08\\\/Modelo-instituicoes-94.png\",\"keywords\":[\"Especialidades m\u00e9dicas\",\"hospital s\u00edrio-liban\u00eas\",\"HSL\",\"HSL edital\",\"Provas\",\"Provas de Resid\u00eancia\",\"Resid\u00eancia M\u00e9dica\"],\"articleSection\":[\"Editais\"],\"inLanguage\":\"pt-BR\"},{\"@type\":\"WebPage\",\"@id\":\"https:\\\/\\\/www.grupomedcof.com.br\\\/blog\\\/edital-residencia-medica-hospital-sirio-libanes-hsl\\\/\",\"url\":\"https:\\\/\\\/www.grupomedcof.com.br\\\/blog\\\/edital-residencia-medica-hospital-sirio-libanes-hsl\\\/\",\"name\":\"Resid\u00eancia m\u00e9dica Hospital S\u00edrio-Liban\u00eas: edital 2025\\\/2026\",\"isPartOf\":{\"@id\":\"https:\\\/\\\/www.grupomedcof.com.br\\\/blog\\\/#website\"},\"primaryImageOfPage\":{\"@id\":\"https:\\\/\\\/www.grupomedcof.com.br\\\/blog\\\/edital-residencia-medica-hospital-sirio-libanes-hsl\\\/#primaryimage\"},\"image\":{\"@id\":\"https:\\\/\\\/www.grupomedcof.com.br\\\/blog\\\/edital-residencia-medica-hospital-sirio-libanes-hsl\\\/#primaryimage\"},\"thumbnailUrl\":\"https:\\\/\\\/www.grupomedcof.com.br\\\/blog\\\/wp-content\\\/uploads\\\/2024\\\/08\\\/Modelo-instituicoes-94.png\",\"datePublished\":\"2026-04-10T17:49:17+00:00\",\"dateModified\":\"2026-04-10T17:49:19+00:00\",\"description\":\"Acompanhe as novidades da Resid\u00eancia M\u00e9dica 2025\\\/2026 do Hospital S\u00edrio-Liban\u00eas. Editais, vagas, cronograma e etapas da sele\u00e7\u00e3o. Confira!\",\"breadcrumb\":{\"@id\":\"https:\\\/\\\/www.grupomedcof.com.br\\\/blog\\\/edital-residencia-medica-hospital-sirio-libanes-hsl\\\/#breadcrumb\"},\"inLanguage\":\"pt-BR\",\"potentialAction\":[{\"@type\":\"ReadAction\",\"target\":[\"https:\\\/\\\/www.grupomedcof.com.br\\\/blog\\\/edital-residencia-medica-hospital-sirio-libanes-hsl\\\/\"]}]},{\"@type\":\"ImageObject\",\"inLanguage\":\"pt-BR\",\"@id\":\"https:\\\/\\\/www.grupomedcof.com.br\\\/blog\\\/edital-residencia-medica-hospital-sirio-libanes-hsl\\\/#primaryimage\",\"url\":\"https:\\\/\\\/www.grupomedcof.com.br\\\/blog\\\/wp-content\\\/uploads\\\/2024\\\/08\\\/Modelo-instituicoes-94.png\",\"contentUrl\":\"https:\\\/\\\/www.grupomedcof.com.br\\\/blog\\\/wp-content\\\/uploads\\\/2024\\\/08\\\/Modelo-instituicoes-94.png\",\"width\":2560,\"height\":1440},{\"@type\":\"BreadcrumbList\",\"@id\":\"https:\\\/\\\/www.grupomedcof.com.br\\\/blog\\\/edital-residencia-medica-hospital-sirio-libanes-hsl\\\/#breadcrumb\",\"itemListElement\":[{\"@type\":\"ListItem\",\"position\":1,\"name\":\"In\u00edcio\",\"item\":\"https:\\\/\\\/www.grupomedcof.com.br\\\/blog\\\/\"},{\"@type\":\"ListItem\",\"position\":2,\"name\":\"Edital HSL para resid\u00eancia m\u00e9dica 2025\\\/2026: vagas, cronograma e notas de corte\"}]},{\"@type\":\"WebSite\",\"@id\":\"https:\\\/\\\/www.grupomedcof.com.br\\\/blog\\\/#website\",\"url\":\"https:\\\/\\\/www.grupomedcof.com.br\\\/blog\\\/\",\"name\":\"Blog de Medcof: conte\u00fados, editais, revalida e mais!\",\"description\":\"Acesso o blog de MedCof! Seu portal de conte\u00fados sobre resid\u00eancia m\u00e9dica, an\u00e1lise e editais e muito mais. Clique e confira!\",\"publisher\":{\"@id\":\"https:\\\/\\\/www.grupomedcof.com.br\\\/blog\\\/#organization\"},\"alternateName\":\"Blog de Medcof: conte\u00fados, editais, revalida e mais!\",\"potentialAction\":[{\"@type\":\"SearchAction\",\"target\":{\"@type\":\"EntryPoint\",\"urlTemplate\":\"https:\\\/\\\/www.grupomedcof.com.br\\\/blog\\\/?s={search_term_string}\"},\"query-input\":{\"@type\":\"PropertyValueSpecification\",\"valueRequired\":true,\"valueName\":\"search_term_string\"}}],\"inLanguage\":\"pt-BR\"},{\"@type\":\"Organization\",\"@id\":\"https:\\\/\\\/www.grupomedcof.com.br\\\/blog\\\/#organization\",\"name\":\"Grupo MedCof\",\"url\":\"https:\\\/\\\/www.grupomedcof.com.br\\\/blog\\\/\",\"logo\":{\"@type\":\"ImageObject\",\"inLanguage\":\"pt-BR\",\"@id\":\"https:\\\/\\\/www.grupomedcof.com.br\\\/blog\\\/#\\\/schema\\\/logo\\\/image\\\/\",\"url\":\"https:\\\/\\\/www.grupomedcof.com.br\\\/blog\\\/wp-content\\\/uploads\\\/2022\\\/01\\\/logo-medcof.png\",\"contentUrl\":\"https:\\\/\\\/www.grupomedcof.com.br\\\/blog\\\/wp-content\\\/uploads\\\/2022\\\/01\\\/logo-medcof.png\",\"width\":768,\"height\":269,\"caption\":\"Grupo MedCof\"},\"image\":{\"@id\":\"https:\\\/\\\/www.grupomedcof.com.br\\\/blog\\\/#\\\/schema\\\/logo\\\/image\\\/\"},\"sameAs\":[\"https:\\\/\\\/www.facebook.com\\\/MedCofQbank\\\/\",\"https:\\\/\\\/www.instagram.com\\\/grupomedcof\\\/\",\"https:\\\/\\\/br.linkedin.com\\\/company\\\/medcof\",\"https:\\\/\\\/www.youtube.com\\\/channel\\\/UCdHMuOHKICxcHwecxN8P-AA\"]},{\"@type\":\"Person\",\"@id\":\"https:\\\/\\\/www.grupomedcof.com.br\\\/blog\\\/#\\\/schema\\\/person\\\/9a44c2184a836bf5ae6967fdb3a1451e\",\"name\":\"Leila Menzel\",\"image\":{\"@type\":\"ImageObject\",\"inLanguage\":\"pt-BR\",\"@id\":\"https:\\\/\\\/www.grupomedcof.com.br\\\/blog\\\/wp-content\\\/uploads\\\/2025\\\/09\\\/cropped-eu-96x96.jpeg19a74936d997c0a8b3031618467fa1d0\",\"url\":\"https:\\\/\\\/www.grupomedcof.com.br\\\/blog\\\/wp-content\\\/uploads\\\/2025\\\/09\\\/cropped-eu-96x96.jpeg\",\"contentUrl\":\"https:\\\/\\\/www.grupomedcof.com.br\\\/blog\\\/wp-content\\\/uploads\\\/2025\\\/09\\\/cropped-eu-96x96.jpeg\",\"caption\":\"Leila Menzel\"},\"description\":\"Estudante do 6\u00b0 semestre de jornalismo, amo e escrevo poesias e viajo em livros de romances clich\u00eas.\",\"url\":\"https:\\\/\\\/www.grupomedcof.com.br\\\/blog\\\/author\\\/leila-menzel\\\/\"}]}<\/script>\n<!-- \/ Yoast SEO Premium plugin. -->","yoast_head_json":{"title":"Resid\u00eancia m\u00e9dica Hospital S\u00edrio-Liban\u00eas: edital 2025\/2026","description":"Acompanhe as novidades da Resid\u00eancia M\u00e9dica 2025\/2026 do Hospital S\u00edrio-Liban\u00eas. Editais, vagas, cronograma e etapas da sele\u00e7\u00e3o. Confira!","robots":{"index":"index","follow":"follow","max-snippet":"max-snippet:-1","max-image-preview":"max-image-preview:large","max-video-preview":"max-video-preview:-1"},"canonical":"https:\/\/www.grupomedcof.com.br\/blog\/edital-residencia-medica-hospital-sirio-libanes-hsl\/","og_locale":"pt_BR","og_type":"article","og_title":"Edital HSL para resid\u00eancia m\u00e9dica 2025\/2026: vagas, cronograma e notas de corte","og_description":"Acompanhe as novidades da Resid\u00eancia M\u00e9dica 2025\/2026 do Hospital S\u00edrio-Liban\u00eas. Editais, vagas, cronograma e etapas da sele\u00e7\u00e3o. Confira!","og_url":"https:\/\/www.grupomedcof.com.br\/blog\/edital-residencia-medica-hospital-sirio-libanes-hsl\/","og_site_name":"Blog de Medcof: conte\u00fados, editais, revalida e mais!","article_publisher":"https:\/\/www.facebook.com\/MedCofQbank\/","article_published_time":"2026-04-10T17:49:17+00:00","article_modified_time":"2026-04-10T17:49:19+00:00","og_image":[{"width":2560,"height":1440,"url":"https:\/\/www.grupomedcof.com.br\/blog\/wp-content\/uploads\/2024\/08\/Modelo-instituicoes-94.png","type":"image\/png"}],"author":"Leila Menzel","twitter_card":"summary_large_image","twitter_misc":{"Escrito por":"Leila Menzel","Est. tempo de leitura":"7 minutos"},"schema":{"@context":"https:\/\/schema.org","@graph":[{"@type":"Article","@id":"https:\/\/www.grupomedcof.com.br\/blog\/edital-residencia-medica-hospital-sirio-libanes-hsl\/#article","isPartOf":{"@id":"https:\/\/www.grupomedcof.com.br\/blog\/edital-residencia-medica-hospital-sirio-libanes-hsl\/"},"author":{"name":"Leila Menzel","@id":"https:\/\/www.grupomedcof.com.br\/blog\/#\/schema\/person\/9a44c2184a836bf5ae6967fdb3a1451e"},"headline":"Edital HSL para resid\u00eancia m\u00e9dica 2025\/2026: vagas, cronograma e notas de corte","datePublished":"2026-04-10T17:49:17+00:00","dateModified":"2026-04-10T17:49:19+00:00","mainEntityOfPage":{"@id":"https:\/\/www.grupomedcof.com.br\/blog\/edital-residencia-medica-hospital-sirio-libanes-hsl\/"},"wordCount":1210,"commentCount":0,"publisher":{"@id":"https:\/\/www.grupomedcof.com.br\/blog\/#organization"},"image":{"@id":"https:\/\/www.grupomedcof.com.br\/blog\/edital-residencia-medica-hospital-sirio-libanes-hsl\/#primaryimage"},"thumbnailUrl":"https:\/\/www.grupomedcof.com.br\/blog\/wp-content\/uploads\/2024\/08\/Modelo-instituicoes-94.png","keywords":["Especialidades m\u00e9dicas","hospital s\u00edrio-liban\u00eas","HSL","HSL edital","Provas","Provas de Resid\u00eancia","Resid\u00eancia M\u00e9dica"],"articleSection":["Editais"],"inLanguage":"pt-BR"},{"@type":"WebPage","@id":"https:\/\/www.grupomedcof.com.br\/blog\/edital-residencia-medica-hospital-sirio-libanes-hsl\/","url":"https:\/\/www.grupomedcof.com.br\/blog\/edital-residencia-medica-hospital-sirio-libanes-hsl\/","name":"Resid\u00eancia m\u00e9dica Hospital S\u00edrio-Liban\u00eas: edital 2025\/2026","isPartOf":{"@id":"https:\/\/www.grupomedcof.com.br\/blog\/#website"},"primaryImageOfPage":{"@id":"https:\/\/www.grupomedcof.com.br\/blog\/edital-residencia-medica-hospital-sirio-libanes-hsl\/#primaryimage"},"image":{"@id":"https:\/\/www.grupomedcof.com.br\/blog\/edital-residencia-medica-hospital-sirio-libanes-hsl\/#primaryimage"},"thumbnailUrl":"https:\/\/www.grupomedcof.com.br\/blog\/wp-content\/uploads\/2024\/08\/Modelo-instituicoes-94.png","datePublished":"2026-04-10T17:49:17+00:00","dateModified":"2026-04-10T17:49:19+00:00","description":"Acompanhe as novidades da Resid\u00eancia M\u00e9dica 2025\/2026 do Hospital S\u00edrio-Liban\u00eas. Editais, vagas, cronograma e etapas da sele\u00e7\u00e3o. Confira!","breadcrumb":{"@id":"https:\/\/www.grupomedcof.com.br\/blog\/edital-residencia-medica-hospital-sirio-libanes-hsl\/#breadcrumb"},"inLanguage":"pt-BR","potentialAction":[{"@type":"ReadAction","target":["https:\/\/www.grupomedcof.com.br\/blog\/edital-residencia-medica-hospital-sirio-libanes-hsl\/"]}]},{"@type":"ImageObject","inLanguage":"pt-BR","@id":"https:\/\/www.grupomedcof.com.br\/blog\/edital-residencia-medica-hospital-sirio-libanes-hsl\/#primaryimage","url":"https:\/\/www.grupomedcof.com.br\/blog\/wp-content\/uploads\/2024\/08\/Modelo-instituicoes-94.png","contentUrl":"https:\/\/www.grupomedcof.com.br\/blog\/wp-content\/uploads\/2024\/08\/Modelo-instituicoes-94.png","width":2560,"height":1440},{"@type":"BreadcrumbList","@id":"https:\/\/www.grupomedcof.com.br\/blog\/edital-residencia-medica-hospital-sirio-libanes-hsl\/#breadcrumb","itemListElement":[{"@type":"ListItem","position":1,"name":"In\u00edcio","item":"https:\/\/www.grupomedcof.com.br\/blog\/"},{"@type":"ListItem","position":2,"name":"Edital HSL para resid\u00eancia m\u00e9dica 2025\/2026: vagas, cronograma e notas de corte"}]},{"@type":"WebSite","@id":"https:\/\/www.grupomedcof.com.br\/blog\/#website","url":"https:\/\/www.grupomedcof.com.br\/blog\/","name":"Blog de Medcof: conte\u00fados, editais, revalida e mais!","description":"Acesso o blog de MedCof! Seu portal de conte\u00fados sobre resid\u00eancia m\u00e9dica, an\u00e1lise e editais e muito mais. Clique e confira!","publisher":{"@id":"https:\/\/www.grupomedcof.com.br\/blog\/#organization"},"alternateName":"Blog de Medcof: conte\u00fados, editais, revalida e mais!","potentialAction":[{"@type":"SearchAction","target":{"@type":"EntryPoint","urlTemplate":"https:\/\/www.grupomedcof.com.br\/blog\/?s={search_term_string}"},"query-input":{"@type":"PropertyValueSpecification","valueRequired":true,"valueName":"search_term_string"}}],"inLanguage":"pt-BR"},{"@type":"Organization","@id":"https:\/\/www.grupomedcof.com.br\/blog\/#organization","name":"Grupo MedCof","url":"https:\/\/www.grupomedcof.com.br\/blog\/","logo":{"@type":"ImageObject","inLanguage":"pt-BR","@id":"https:\/\/www.grupomedcof.com.br\/blog\/#\/schema\/logo\/image\/","url":"https:\/\/www.grupomedcof.com.br\/blog\/wp-content\/uploads\/2022\/01\/logo-medcof.png","contentUrl":"https:\/\/www.grupomedcof.com.br\/blog\/wp-content\/uploads\/2022\/01\/logo-medcof.png","width":768,"height":269,"caption":"Grupo MedCof"},"image":{"@id":"https:\/\/www.grupomedcof.com.br\/blog\/#\/schema\/logo\/image\/"},"sameAs":["https:\/\/www.facebook.com\/MedCofQbank\/","https:\/\/www.instagram.com\/grupomedcof\/","https:\/\/br.linkedin.com\/company\/medcof","https:\/\/www.youtube.com\/channel\/UCdHMuOHKICxcHwecxN8P-AA"]},{"@type":"Person","@id":"https:\/\/www.grupomedcof.com.br\/blog\/#\/schema\/person\/9a44c2184a836bf5ae6967fdb3a1451e","name":"Leila Menzel","image":{"@type":"ImageObject","inLanguage":"pt-BR","@id":"https:\/\/www.grupomedcof.com.br\/blog\/wp-content\/uploads\/2025\/09\/cropped-eu-96x96.jpeg19a74936d997c0a8b3031618467fa1d0","url":"https:\/\/www.grupomedcof.com.br\/blog\/wp-content\/uploads\/2025\/09\/cropped-eu-96x96.jpeg","contentUrl":"https:\/\/www.grupomedcof.com.br\/blog\/wp-content\/uploads\/2025\/09\/cropped-eu-96x96.jpeg","caption":"Leila Menzel"},"description":"Estudante do 6\u00b0 semestre de jornalismo, amo e escrevo poesias e viajo em livros de romances clich\u00eas.","url":"https:\/\/www.grupomedcof.com.br\/blog\/author\/leila-menzel\/"}]}},"authors":[{"term_id":3616,"user_id":20,"is_guest":0,"slug":"leila-menzel","display_name":"Leila Menzel","avatar_url":"https:\/\/www.grupomedcof.com.br\/blog\/wp-content\/uploads\/2025\/09\/cropped-eu-96x96.jpeg","0":null,"1":"","2":"","3":"","4":"","5":"","6":"","7":"","8":""}],"_links":{"self":[{"href":"https:\/\/www.grupomedcof.com.br\/blog\/wp-json\/wp\/v2\/posts\/28714","targetHints":{"allow":["GET"]}}],"collection":[{"href":"https:\/\/www.grupomedcof.com.br\/blog\/wp-json\/wp\/v2\/posts"}],"about":[{"href":"https:\/\/www.grupomedcof.com.br\/blog\/wp-json\/wp\/v2\/types\/post"}],"author":[{"embeddable":true,"href":"https:\/\/www.grupomedcof.com.br\/blog\/wp-json\/wp\/v2\/users\/20"}],"replies":[{"embeddable":true,"href":"https:\/\/www.grupomedcof.com.br\/blog\/wp-json\/wp\/v2\/comments?post=28714"}],"version-history":[{"count":7,"href":"https:\/\/www.grupomedcof.com.br\/blog\/wp-json\/wp\/v2\/posts\/28714\/revisions"}],"predecessor-version":[{"id":42947,"href":"https:\/\/www.grupomedcof.com.br\/blog\/wp-json\/wp\/v2\/posts\/28714\/revisions\/42947"}],"wp:featuredmedia":[{"embeddable":true,"href":"https:\/\/www.grupomedcof.com.br\/blog\/wp-json\/wp\/v2\/media\/29233"}],"wp:attachment":[{"href":"https:\/\/www.grupomedcof.com.br\/blog\/wp-json\/wp\/v2\/media?parent=28714"}],"wp:term":[{"taxonomy":"category","embeddable":true,"href":"https:\/\/www.grupomedcof.com.br\/blog\/wp-json\/wp\/v2\/categories?post=28714"},{"taxonomy":"post_tag","embeddable":true,"href":"https:\/\/www.grupomedcof.com.br\/blog\/wp-json\/wp\/v2\/tags?post=28714"},{"taxonomy":"author","embeddable":true,"href":"https:\/\/www.grupomedcof.com.br\/blog\/wp-json\/wp\/v2\/ppma_author?post=28714"}],"curies":[{"name":"wp","href":"https:\/\/api.w.org\/{rel}","templated":true}]}}