{"id":28754,"date":"2026-04-09T12:13:30","date_gmt":"2026-04-09T15:13:30","guid":{"rendered":"https:\/\/www.grupomedcof.com.br\/blog\/?p=28754"},"modified":"2026-04-09T12:13:57","modified_gmt":"2026-04-09T15:13:57","slug":"residencia-medica-hos-bos","status":"publish","type":"post","link":"https:\/\/www.grupomedcof.com.br\/blog\/residencia-medica-hos-bos\/","title":{"rendered":"Saiba tudo sobre a sele\u00e7\u00e3o de Resid\u00eancia M\u00e9dica do HOS\/BOS 2025\/2026"},"content":{"rendered":"<div id=\"ez-toc-container\" class=\"ez-toc-v2_0_74 counter-hierarchy ez-toc-counter ez-toc-transparent ez-toc-container-direction\">\n<div class=\"ez-toc-title-container\">\n<p class=\"ez-toc-title\" style=\"cursor:inherit\">Sum\u00e1rio<\/p>\n<span class=\"ez-toc-title-toggle\"><a href=\"#\" class=\"ez-toc-pull-right ez-toc-btn ez-toc-btn-xs ez-toc-btn-default ez-toc-toggle\" aria-label=\"Alternar tabela de conte\u00fado\"><span class=\"ez-toc-js-icon-con\"><span class=\"\"><span class=\"eztoc-hide\" style=\"display:none;\">Toggle<\/span><span class=\"ez-toc-icon-toggle-span\"><svg style=\"fill: #999;color:#999\" xmlns=\"http:\/\/www.w3.org\/2000\/svg\" class=\"list-377408\" width=\"20px\" height=\"20px\" viewBox=\"0 0 24 24\" fill=\"none\"><path d=\"M6 6H4v2h2V6zm14 0H8v2h12V6zM4 11h2v2H4v-2zm16 0H8v2h12v-2zM4 16h2v2H4v-2zm16 0H8v2h12v-2z\" fill=\"currentColor\"><\/path><\/svg><svg style=\"fill: #999;color:#999\" class=\"arrow-unsorted-368013\" xmlns=\"http:\/\/www.w3.org\/2000\/svg\" width=\"10px\" height=\"10px\" viewBox=\"0 0 24 24\" version=\"1.2\" baseProfile=\"tiny\"><path d=\"M18.2 9.3l-6.2-6.3-6.2 6.3c-.2.2-.3.4-.3.7s.1.5.3.7c.2.2.4.3.7.3h11c.3 0 .5-.1.7-.3.2-.2.3-.5.3-.7s-.1-.5-.3-.7zM5.8 14.7l6.2 6.3 6.2-6.3c.2-.2.3-.5.3-.7s-.1-.5-.3-.7c-.2-.2-.4-.3-.7-.3h-11c-.3 0-.5.1-.7.3-.2.2-.3.5-.3.7s.1.5.3.7z\"\/><\/svg><\/span><\/span><\/span><\/a><\/span><\/div>\n<nav><ul class='ez-toc-list ez-toc-list-level-1 ' ><li class='ez-toc-page-1 ez-toc-heading-level-2'><a class=\"ez-toc-link ez-toc-heading-1\" href=\"https:\/\/www.grupomedcof.com.br\/blog\/residencia-medica-hos-bos\/#O_Hospital_Oftalmologico_de_Sorocaba_HOS\" >O Hospital Oftalmol\u00f3gico de Sorocaba (HOS)<\/a><ul class='ez-toc-list-level-3' ><li class='ez-toc-heading-level-3'><a class=\"ez-toc-link ez-toc-heading-2\" href=\"https:\/\/www.grupomedcof.com.br\/blog\/residencia-medica-hos-bos\/#A_residencia_medica_no_HOS\" >A resid\u00eancia m\u00e9dica no HOS<\/a><\/li><\/ul><\/li><li class='ez-toc-page-1 ez-toc-heading-level-2'><a class=\"ez-toc-link ez-toc-heading-3\" href=\"https:\/\/www.grupomedcof.com.br\/blog\/residencia-medica-hos-bos\/#Cronograma_HOSBOS_20252026\" >Cronograma HOS\/BOS 2025\/2026<\/a><\/li><li class='ez-toc-page-1 ez-toc-heading-level-2'><a class=\"ez-toc-link ez-toc-heading-4\" href=\"https:\/\/www.grupomedcof.com.br\/blog\/residencia-medica-hos-bos\/#Edital_HOSBOS_20252026\" >Edital HOS\/BOS 2025\/2026<\/a><\/li><li class='ez-toc-page-1 ez-toc-heading-level-2'><a class=\"ez-toc-link ez-toc-heading-5\" href=\"https:\/\/www.grupomedcof.com.br\/blog\/residencia-medica-hos-bos\/#Como_e_o_processo_seletivo_para_a_residencia_do_HOSBOS\" >Como \u00e9 o processo seletivo para a resid\u00eancia do HOS\/BOS?<\/a><ul class='ez-toc-list-level-3' ><li class='ez-toc-heading-level-3'><a class=\"ez-toc-link ez-toc-heading-6\" href=\"https:\/\/www.grupomedcof.com.br\/blog\/residencia-medica-hos-bos\/#A_prova_objetiva\" >A prova objetiva<\/a><\/li><li class='ez-toc-page-1 ez-toc-heading-level-3'><a class=\"ez-toc-link ez-toc-heading-7\" href=\"https:\/\/www.grupomedcof.com.br\/blog\/residencia-medica-hos-bos\/#Analise_curricular_e_entrevista\" >An\u00e1lise curricular e entrevista<\/a><\/li><li class='ez-toc-page-1 ez-toc-heading-level-3'><a class=\"ez-toc-link ez-toc-heading-8\" href=\"https:\/\/www.grupomedcof.com.br\/blog\/residencia-medica-hos-bos\/#Criterios_de_desempate\" >Crit\u00e9rios de desempate<\/a><\/li><\/ul><\/li><li class='ez-toc-page-1 ez-toc-heading-level-2'><a class=\"ez-toc-link ez-toc-heading-9\" href=\"https:\/\/www.grupomedcof.com.br\/blog\/residencia-medica-hos-bos\/#Como_se_inscrever_na_selecao_do_HOS_2026\" >Como se inscrever na sele\u00e7\u00e3o do HOS 2026<\/a><\/li><li class='ez-toc-page-1 ez-toc-heading-level-2'><a class=\"ez-toc-link ez-toc-heading-10\" href=\"https:\/\/www.grupomedcof.com.br\/blog\/residencia-medica-hos-bos\/#Vagas_ofertadas_HOSBOS_2026\" >Vagas ofertadas HOS\/BOS 2026<\/a><\/li><li class='ez-toc-page-1 ez-toc-heading-level-2'><a class=\"ez-toc-link ez-toc-heading-11\" href=\"https:\/\/www.grupomedcof.com.br\/blog\/residencia-medica-hos-bos\/#Resultado_Primeira_Fase_HOSBOS_20252026\" >Resultado Primeira Fase HOS\/BOS 2025\/2026<\/a><\/li><li class='ez-toc-page-1 ez-toc-heading-level-2'><a class=\"ez-toc-link ez-toc-heading-12\" href=\"https:\/\/www.grupomedcof.com.br\/blog\/residencia-medica-hos-bos\/#Resultado_apos_2a_fase\" >Resultado ap\u00f3s 2\u00aa fase<\/a><\/li><li class='ez-toc-page-1 ez-toc-heading-level-2'><a class=\"ez-toc-link ez-toc-heading-13\" href=\"https:\/\/www.grupomedcof.com.br\/blog\/residencia-medica-hos-bos\/#Resultado_Final_HOSBOS_2026\" >Resultado Final HOS\/BOS 2026<\/a><\/li><li class='ez-toc-page-1 ez-toc-heading-level-2'><a class=\"ez-toc-link ez-toc-heading-14\" href=\"https:\/\/www.grupomedcof.com.br\/blog\/residencia-medica-hos-bos\/#Concorrencia_HOSBOS_20252026\" >Concorr\u00eancia HOS\/BOS 2025\/2026<\/a><\/li><li class='ez-toc-page-1 ez-toc-heading-level-2'><a class=\"ez-toc-link ez-toc-heading-15\" href=\"https:\/\/www.grupomedcof.com.br\/blog\/residencia-medica-hos-bos\/#Nota_de_corte_1a_fase_HOSBOS_20252026\" >Nota de corte 1\u00aa fase HOS\/BOS 2025\/2026<\/a><ul class='ez-toc-list-level-3' ><li class='ez-toc-heading-level-3'><a class=\"ez-toc-link ez-toc-heading-16\" href=\"https:\/\/www.grupomedcof.com.br\/blog\/residencia-medica-hos-bos\/#Nota_de_corte_edicoes_anteriores\" >Nota de corte edi\u00e7\u00f5es anteriores<\/a><\/li><\/ul><\/li><li class='ez-toc-page-1 ez-toc-heading-level-2'><a class=\"ez-toc-link ez-toc-heading-17\" href=\"https:\/\/www.grupomedcof.com.br\/blog\/residencia-medica-hos-bos\/#Como_foi_a_ultima_edicao_do_processo_seletivo_para_a_residencia_HOSBOS\" >Como foi a \u00faltima edi\u00e7\u00e3o do processo seletivo para a resid\u00eancia HOS\/BOS?<\/a><\/li><li class='ez-toc-page-1 ez-toc-heading-level-2'><a class=\"ez-toc-link ez-toc-heading-18\" href=\"https:\/\/www.grupomedcof.com.br\/blog\/residencia-medica-hos-bos\/#Prepare-se_para_o_HOSBOS_2026\" >Prepare-se para o HOS\/BOS 2026!<\/a><\/li><\/ul><\/nav><\/div>\n\n<figure class=\"wp-block-image size-large is-resized\"><img loading=\"lazy\" decoding=\"async\" width=\"1024\" height=\"576\" src=\"https:\/\/www.grupomedcof.com.br\/blog\/wp-content\/uploads\/2024\/08\/Modelo-instituicoes-78-1024x576.png\" alt=\"\" class=\"wp-image-28758\" style=\"width:696px;height:auto\" srcset=\"https:\/\/www.grupomedcof.com.br\/blog\/wp-content\/uploads\/2024\/08\/Modelo-instituicoes-78-1024x576.png 1024w, https:\/\/www.grupomedcof.com.br\/blog\/wp-content\/uploads\/2024\/08\/Modelo-instituicoes-78-300x169.png 300w, https:\/\/www.grupomedcof.com.br\/blog\/wp-content\/uploads\/2024\/08\/Modelo-instituicoes-78-768x432.png 768w, https:\/\/www.grupomedcof.com.br\/blog\/wp-content\/uploads\/2024\/08\/Modelo-instituicoes-78-1536x864.png 1536w, https:\/\/www.grupomedcof.com.br\/blog\/wp-content\/uploads\/2024\/08\/Modelo-instituicoes-78-2048x1152.png 2048w, https:\/\/www.grupomedcof.com.br\/blog\/wp-content\/uploads\/2024\/08\/Modelo-instituicoes-78-747x420.png 747w, https:\/\/www.grupomedcof.com.br\/blog\/wp-content\/uploads\/2024\/08\/Modelo-instituicoes-78-150x84.png 150w, https:\/\/www.grupomedcof.com.br\/blog\/wp-content\/uploads\/2024\/08\/Modelo-instituicoes-78-696x392.png 696w, https:\/\/www.grupomedcof.com.br\/blog\/wp-content\/uploads\/2024\/08\/Modelo-instituicoes-78-1068x601.png 1068w, https:\/\/www.grupomedcof.com.br\/blog\/wp-content\/uploads\/2024\/08\/Modelo-instituicoes-78-1920x1080.png 1920w\" sizes=\"auto, (max-width: 1024px) 100vw, 1024px\" \/><\/figure>\n\n\n\n<p>Saiba tudo sobre a resid\u00eancia m\u00e9dica do <strong>Hospital Oftalmol\u00f3gico de Sorocaba (HOS)<\/strong>, do <strong>Banco de Olhos de Sorocaba (BOS)<\/strong> e prepare-se para a pr\u00f3xima sele\u00e7\u00e3o!<\/p>\n\n\n\n<h2 class=\"wp-block-heading\" id=\"h-o-hospital-oftalmologico-de-sorocaba-hos\"><span class=\"ez-toc-section\" id=\"O_Hospital_Oftalmologico_de_Sorocaba_HOS\"><\/span><strong>O Hospital Oftalmol\u00f3gico de Sorocaba (HOS)<\/strong><span class=\"ez-toc-section-end\"><\/span><\/h2>\n\n\n\n<p>Fundado em 1995 pelo Banco de Olhos de Sorocaba (BOS), o Hospital Oftalmol\u00f3gico de Sorocaba (HOS) tem como miss\u00e3o prestar atendimento diferenciado em Oftalmologia e Otorrinolaringologia.<\/p>\n\n\n\n<h3 class=\"wp-block-heading\" id=\"h-a-residencia-medica-no-hos\"><span class=\"ez-toc-section\" id=\"A_residencia_medica_no_HOS\"><\/span><strong>A resid\u00eancia m\u00e9dica no HOS<\/strong><span class=\"ez-toc-section-end\"><\/span><\/h3>\n\n\n\n<p>O Hospital Oftalmol\u00f3gico de Sorocaba \u00e9 refer\u00eancia nacional. A institui\u00e7\u00e3o \u00e9 a resid\u00eancia oftalmol\u00f3gica mais concorrida do Brasil.<\/p>\n\n\n\n<p>A resid\u00eancia m\u00e9dica no HOS \u00e9 para aqueles que desejam se tornar Oftalmologistas ou Otorrinolaringologistas com uma bagagem curricular excelente e uma forma\u00e7\u00e3o robusta em cirurgia e procedimentos oftalmol\u00f3gicos.<\/p>\n\n\n\n<h2 class=\"wp-block-heading\" id=\"h-cronograma-hos-bos-2025-2026\"><span class=\"ez-toc-section\" id=\"Cronograma_HOSBOS_20252026\"><\/span><strong>Cronograma HOS\/BOS 2025\/2026<\/strong><span class=\"ez-toc-section-end\"><\/span><\/h2>\n\n\n\n<figure class=\"wp-block-table\"><table class=\"has-fixed-layout\"><tbody><tr><td><strong>Inscri\u00e7\u00f5es<\/strong><\/td><td>19\/08 a 17\/09\/2025<\/td><\/tr><tr><td><strong>Data da prova<\/strong><\/td><td>26\/10\/2024<\/td><\/tr><tr><td><strong>Gabarito oficial da prova<\/strong><\/td><td>27\/10\/2024<\/td><\/tr><tr><td><strong>Per\u00edodo para interposi\u00e7\u00e3o de recurso contra o gabarito<\/strong><\/td><td>28 e 29\/10\/2025<\/td><\/tr><tr><td><strong>Per\u00edodo para envio do curr\u00edculo lattes para an\u00e1lise e argui\u00e7\u00e3o curricular<\/strong><\/td><td>02 a 04\/12\/2025<\/td><\/tr><tr><td><strong>An\u00e1lise e argui\u00e7\u00e3o curricular<\/strong><\/td><td>12\/12\/2025<\/td><\/tr><tr><td><strong>Resultado final do processo seletivo<\/strong><\/td><td>19\/12\/2025<\/td><\/tr><\/tbody><\/table><\/figure>\n\n\n\n<h2 class=\"wp-block-heading\"><span class=\"ez-toc-section\" id=\"Edital_HOSBOS_20252026\"><\/span><strong>Edital HOS\/BOS 2025\/2026<\/strong><span class=\"ez-toc-section-end\"><\/span><\/h2>\n\n\n\n<p>Confira <a href=\"https:\/\/www.grupomedcof.com.br\/blog\/wp-content\/uploads\/2024\/07\/BOSO2501_224_20250805124350.pdf.pdf\">aqui<\/a> o edital da sele\u00e7\u00e3o vigente!<\/p>\n\n\n\n<h2 class=\"wp-block-heading\"><span class=\"ez-toc-section\" id=\"Como_e_o_processo_seletivo_para_a_residencia_do_HOSBOS\"><\/span><strong>Como \u00e9 o processo seletivo para a resid\u00eancia do HOS\/BOS?<\/strong><span class=\"ez-toc-section-end\"><\/span><\/h2>\n\n\n\n<p>O processo seletivo \u00e9 caracterizado por duas etapas classificat\u00f3rias e eliminat\u00f3rias.&nbsp;<\/p>\n\n\n\n<h3 class=\"wp-block-heading\"><span class=\"ez-toc-section\" id=\"A_prova_objetiva\"><\/span><strong>A prova objetiva<\/strong><span class=\"ez-toc-section-end\"><\/span><\/h3>\n\n\n\n<p>A <a href=\"https:\/\/www.grupomedcof.com.br\/blog\/hos-bos-2024-provas-similares\/\"><strong>prova objetiva<\/strong><\/a> \u00e9 de responsabilidade da Funda\u00e7\u00e3o Vunesp e comp\u00f5e a primeira etapa do processo. Consiste em uma avalia\u00e7\u00e3o com <strong>100 quest\u00f5es de m\u00faltipla escolha<\/strong>, baseada nas cinco grandes \u00e1reas da medicina: Cl\u00ednica M\u00e9dica, Ginecologia e Obstetr\u00edcia, Cirurgia Geral, Medicina Preventiva e Pediatria. Essa etapa ocorreu presencialmente no dia <strong>26 de outubro de 2025.<\/strong><\/p>\n\n\n\n<h3 class=\"wp-block-heading\" id=\"h-analise-curricular-e-entrevista\"><span class=\"ez-toc-section\" id=\"Analise_curricular_e_entrevista\"><\/span><strong>An\u00e1lise curricular e entrevista<\/strong><span class=\"ez-toc-section-end\"><\/span><\/h3>\n\n\n\n<p>A segunda etapa tem total responsabilidade da institui\u00e7\u00e3o e consiste na an\u00e1lise curricular e entrevista, ocorrida no dia <strong>12 de dezembro de 2025.<\/strong><\/p>\n\n\n\n<h3 class=\"wp-block-heading\"><span class=\"ez-toc-section\" id=\"Criterios_de_desempate\"><\/span><strong>Crit\u00e9rios de desempate<\/strong><span class=\"ez-toc-section-end\"><\/span><\/h3>\n\n\n\n<p>Os crit\u00e9rios para desempate do processo seletivo est\u00e3o listados abaixo, sendo eles, respectivamente:<\/p>\n\n\n\n<ul class=\"wp-block-list\">\n<li>Candidato que obteve a maior nota na prova objetiva;<\/li>\n\n\n\n<li>Candidato que obteve a maior nota na an\u00e1lise curricular e entrevista;<\/li>\n\n\n\n<li>Candidato com a maior idade.<\/li>\n<\/ul>\n\n\n\n<h2 class=\"wp-block-heading\" id=\"h-como-se-inscrever-na-selecao-do-hos-2026\"><span class=\"ez-toc-section\" id=\"Como_se_inscrever_na_selecao_do_HOS_2026\"><\/span><strong>Como se inscrever na sele\u00e7\u00e3o do HOS 2026<\/strong><span class=\"ez-toc-section-end\"><\/span><\/h2>\n\n\n\n<p>A inscri\u00e7\u00e3o para a sele\u00e7\u00e3o do HOS\/BOS aconteceram atrav\u00e9s do site da <strong>Funda\u00e7\u00e3o Vunesp<\/strong>, no per\u00edodo de <strong>19 de agosto e 17 de setembro de 2025, <\/strong>mediante pagamento da taxa no valor de <strong>R$620,00.<\/strong><\/p>\n\n\n\n<h2 class=\"wp-block-heading\"><span class=\"ez-toc-section\" id=\"Vagas_ofertadas_HOSBOS_2026\"><\/span><strong>Vagas ofertadas HOS\/BOS 2026<\/strong><span class=\"ez-toc-section-end\"><\/span><\/h2>\n\n\n\n<p>Confira as <strong>11 vagas<\/strong> ofertadas pelo HOS\/BOS:<\/p>\n\n\n\n<figure class=\"wp-block-table\"><table class=\"has-fixed-layout\"><tbody><tr><td><strong>Especialidade<\/strong><\/td><td><strong>N\u00ba de vagas<\/strong><\/td><\/tr><tr><td>Oftalmologia<\/td><td>8<\/td><\/tr><tr><td>Otorrinolaringologia<\/td><td>3<\/td><\/tr><\/tbody><\/table><\/figure>\n\n\n\n<h2 class=\"wp-block-heading\" id=\"h-resultado-primeira-fase-hos-bos-2025-2026\"><span class=\"ez-toc-section\" id=\"Resultado_Primeira_Fase_HOSBOS_20252026\"><\/span><strong>Resultado Primeira Fase HOS\/BOS 2025\/2026<\/strong><span class=\"ez-toc-section-end\"><\/span><\/h2>\n\n\n\n<p>O <strong>resultado preliminar da primeira fase do HOS\/BOS<\/strong> foi divulgado no dia 17 de novembro de 2025, bem como o gabarito p\u00f3s-recursos, o resultado da bonifica\u00e7\u00e3o, da nota da prova objetiva e a convoca\u00e7\u00e3o para a 2\u00aa fase. Ainda, as notas receberam recursos entre os dias 18 e 19 do mesmo m\u00eas.<\/p>\n\n\n\n<div class=\"wp-block-buttons is-layout-flex wp-block-buttons-is-layout-flex\">\n<div class=\"wp-block-button\"><a class=\"wp-block-button__link wp-element-button\" href=\"https:\/\/www.grupomedcof.com.br\/blog\/wp-content\/uploads\/2025\/10\/Resultado-preliminar-HOS-2026_compressed.pdf\" target=\"_blank\" rel=\"noreferrer noopener\">Resultado Preliminar HOS\/BOS 2025\/2026<\/a><\/div>\n<\/div>\n\n\n\n<p>Al\u00e9m disso, o documento tamb\u00e9m traz o <strong>gabarito definitivo<\/strong> da prova.<\/p>\n\n\n\n<h2 class=\"wp-block-heading\" id=\"h-resultado-apos-2\u00aa-fase\"><span class=\"ez-toc-section\" id=\"Resultado_apos_2a_fase\"><\/span><strong>Resultado ap\u00f3s 2\u00aa fase<\/strong><span class=\"ez-toc-section-end\"><\/span><\/h2>\n\n\n\n<p>No dia 15 de novembro, a institui\u00e7\u00e3o publicou a <strong>classifica\u00e7\u00e3o preliminar dos candidatos <\/strong>ap\u00f3s a realiza\u00e7\u00e3o da<strong>&nbsp;2\u00aa etapa<\/strong>, a an\u00e1lise curricular. <\/p>\n\n\n\n<div class=\"wp-block-buttons is-layout-flex wp-block-buttons-is-layout-flex\">\n<div class=\"wp-block-button\"><a class=\"wp-block-button__link wp-element-button\" href=\"https:\/\/www.grupomedcof.com.br\/blog\/wp-content\/uploads\/2025\/11\/Classificacao-Preliminar-HOS-BOS-2026.pdf\" target=\"_blank\" rel=\"noreferrer noopener\">Classifica\u00e7\u00e3o Preliminar<\/a><\/div>\n<\/div>\n\n\n\n<p>Os candidatos puderam interpor recursos contra o resultado entre os dias <strong>16 e 17 de dezembro de 2025<\/strong>, e tiveram que enviar para a <strong>Comiss\u00e3o de Resid\u00eancia M\u00e9dica<\/strong>, pelo\u00a0<strong>Centro de Estudos do Banco de Olhos de Sorocaba<\/strong>\u00a0ou pelo e-mail<strong>\u00a0ceo@bos.org.br.<\/strong><\/p>\n\n\n\n<p>Desse modo, a <strong>classifica\u00e7\u00e3o final e convoca\u00e7\u00e3o para a matr\u00edcula<\/strong> ocorreu no dia <strong>19 de dezembro. <\/strong><\/p>\n\n\n\n<h2 class=\"wp-block-heading\" id=\"h-resultado-final-hos-bos-2026\"><span class=\"ez-toc-section\" id=\"Resultado_Final_HOSBOS_2026\"><\/span><strong>Resultado Final HOS\/BOS 2026<\/strong><span class=\"ez-toc-section-end\"><\/span><\/h2>\n\n\n\n<p>O&nbsp;<strong>Hospital Oftalmol\u00f3gico de Sorocaba (HOS)<\/strong>&nbsp;e o&nbsp;<strong>Banco de Olhos de Sorocaba (BOS)<\/strong>&nbsp;divulgaram&nbsp;no dia 19 de dezembro, o&nbsp;<strong>resultado final<\/strong>&nbsp;do processo seletivo de Resid\u00eancia M\u00e9dica.<\/p>\n\n\n\n<div class=\"wp-block-buttons is-layout-flex wp-block-buttons-is-layout-flex\">\n<div class=\"wp-block-button\"><a class=\"wp-block-button__link wp-element-button\" href=\"https:\/\/www.grupomedcof.com.br\/blog\/wp-content\/uploads\/2025\/12\/Resultado-Final-HOS-BOS2026.pdf\" target=\"_blank\" rel=\"noreferrer noopener\">Resultado Final<\/a><\/div>\n<\/div>\n\n\n\n<p>A realiza\u00e7\u00e3o da matr\u00edcula ocorrereu entre os dias <strong>05 e 09 de janeiro de 2026<\/strong>.<\/p>\n\n\n\n<h2 class=\"wp-block-heading\" id=\"h-concorrencia-hos-bos-2025-2026\"><span class=\"ez-toc-section\" id=\"Concorrencia_HOSBOS_20252026\"><\/span><strong>Concorr\u00eancia HOS\/BOS 2025\/2026<\/strong><span class=\"ez-toc-section-end\"><\/span><\/h2>\n\n\n\n<p>Nesta edi\u00e7\u00e3o, o HOS\/BOS obteve&nbsp;<strong><strong>940&nbsp;<\/strong>candidatos<\/strong>&nbsp;inscritos no processo seletivo, contando com 11 vagas ofertadas, acarretando em uma<strong>&nbsp;rela\u00e7\u00e3o geral de <strong>85,45<\/strong> candidatos por vaga<\/strong>. <a href=\"https:\/\/www.grupomedcof.com.br\/blog\/confira-a-relacao-candidato-vaga-do-hos-bos-2025\/\" target=\"_blank\" rel=\"noreferrer noopener\">Saiba mais informa\u00e7\u00f5es!<\/a><\/p>\n\n\n\n<figure class=\"wp-block-table\"><table class=\"has-fixed-layout\"><tbody><tr><td><strong>Especialidades<\/strong><\/td><td><strong>Vagas<\/strong><\/td><td><strong>Inscritos<\/strong><\/td><td><strong>Concorr\u00eancia<\/strong><br>(Candidato\/vaga)<\/td><\/tr><tr><td>Oftalmologia<\/td><td>8<\/td><td>705<\/td><td>88,12<\/td><\/tr><tr><td>Otorrinolaringologia<\/td><td>3<\/td><td>235<\/td><td>78,33<\/td><\/tr><\/tbody><\/table><\/figure>\n\n\n\n<h2 class=\"wp-block-heading\" id=\"h-nota-de-corte-1\u00aa-fase-hos-bos-2025-2026\"><span class=\"ez-toc-section\" id=\"Nota_de_corte_1a_fase_HOSBOS_20252026\"><\/span><strong>Nota de corte 1\u00aa fase<\/strong> <strong>HOS\/BOS 2025\/2026<\/strong><span class=\"ez-toc-section-end\"><\/span><\/h2>\n\n\n\n<p>Divulgado em dezembro de 2025, as notas de corte da prova de resid\u00eancia m\u00e9dica do HOS\/BOS foram:<\/p>\n\n\n\n<figure class=\"wp-block-table\"><table class=\"has-fixed-layout\"><tbody><tr><td><strong>Especialidades<\/strong><\/td><td><strong>Nota de corte 2026 <\/strong><\/td><\/tr><tr><td>Oftalmologia<\/td><td>63,27<\/td><\/tr><tr><td>Otorrinolaringologia<\/td><td>36,37<\/td><\/tr><\/tbody><\/table><\/figure>\n\n\n\n<h3 class=\"wp-block-heading\"><span class=\"ez-toc-section\" id=\"Nota_de_corte_edicoes_anteriores\"><\/span><strong>Nota de corte edi\u00e7\u00f5es anteriores<\/strong><span class=\"ez-toc-section-end\"><\/span><\/h3>\n\n\n\n<h4 class=\"wp-block-heading\" id=\"h-edicao-2024-2025\"><strong>Edi\u00e7\u00e3o 2024\/2025<\/strong><\/h4>\n\n\n\n<p>A prova do HOS\/BOS foi avaliada na escala de 0 a 90 pontos. Assim, a m\u00e9dia de nota para Oftalmologia foi de 57,84, enquanto o desvio padr\u00e3o do grupo foi 10,91. J\u00e1 para Otorrinolaringologia, a m\u00e9dia de nota foi 56,65 e o desvio padr\u00e3o do grupo 9,57. A partir dos dados, a nota de corte para convoca\u00e7\u00e3o para 2\u00aa fase ficou da seguinte maneira:<\/p>\n\n\n\n<figure class=\"wp-block-table\"><table class=\"has-fixed-layout\"><tbody><tr><td><strong>Especialidades<\/strong><\/td><td><strong>Acertos do \u00faltimo convocado<\/strong><\/td><td><strong>Nota final do \u00faltimo convocado<\/strong><\/td><\/tr><tr><td>Oftalmologia<\/td><td>80<\/td><td>62,98<\/td><\/tr><tr><td>Otorrinolaringologia<\/td><td>78<\/td><td>64,16<\/td><\/tr><\/tbody><\/table><\/figure>\n\n\n\n<h4 class=\"wp-block-heading\"><strong>Edi\u00e7\u00e3o 2023\/2024<\/strong><\/h4>\n\n\n\n<p>Na edi\u00e7\u00e3o anterior, o HOS\/BOS ofertou <strong>11 vagas <\/strong>para a sele\u00e7\u00e3o e a m\u00e9dia de nota para Oftalmologia foi de 57,48, enquanto o desvio padr\u00e3o foi de 11,44. J\u00e1 para Otorrinolaringologia, a m\u00e9dia de nota foi 56,18 e o desvio padr\u00e3o de 10,18. Veja a nota de corte para convoca\u00e7\u00e3o para 2\u00aa fase:<\/p>\n\n\n\n<figure class=\"wp-block-table\"><table class=\"has-fixed-layout\"><tbody><tr><td><strong>Especialidades<\/strong><\/td><td><strong>Acertos do \u00faltimo colocado<\/strong><\/td><td><strong>Nota final \u00faltimo convocado<\/strong><\/td><\/tr><tr><td>Oftalmologia<\/td><td>82<\/td><td>64,27<\/td><\/tr><tr><td>Otorrinolaringologia<\/td><td>77<\/td><td>62,89<\/td><\/tr><\/tbody><\/table><\/figure>\n\n\n\n<h2 class=\"wp-block-heading\"><span class=\"ez-toc-section\" id=\"Como_foi_a_ultima_edicao_do_processo_seletivo_para_a_residencia_HOSBOS\"><\/span><strong>Como foi a \u00faltima edi\u00e7\u00e3o do processo seletivo para a resid\u00eancia HOS\/BOS?<\/strong><span class=\"ez-toc-section-end\"><\/span><\/h2>\n\n\n\n<p>A <a href=\"https:\/\/www.grupomedcof.com.br\/blog\/processo-seletivo-residencia-medica-hos-bos-2024\/\"><strong>\u00faltima edi\u00e7\u00e3o<\/strong><\/a> do processo seletivo do HOS\/BOS, a <strong>edi\u00e7\u00e3o de 2024\/2025<\/strong>, tamb\u00e9m ofertou um total de <strong>11 vagas<\/strong>, teve sua prova objetiva no dia <strong>13 de outubro de 2024<\/strong> e a an\u00e1lise curricular e a entrevista foram realizadas no dia <strong>13 de dezembro de 2024<\/strong>.<\/p>\n\n\n\n<h2 class=\"wp-block-heading\"><span class=\"ez-toc-section\" id=\"Prepare-se_para_o_HOSBOS_2026\"><\/span><strong>Prepare-se para o HOS\/BOS 2026!<\/strong><span class=\"ez-toc-section-end\"><\/span><\/h2>\n\n\n\n<p>Quer alcan\u00e7ar a aprova\u00e7\u00e3o no HOS\/BOS? Ent\u00e3o seja um <a href=\"https:\/\/www.grupomedcof.com.br\/home\/\">MedCofer<\/a>! Aqui te ajudaremos na busca da aprova\u00e7\u00e3o com conte\u00fados de qualidade e uma <a href=\"https:\/\/www.grupomedcof.com.br\/blog\/presenca-da-medcof-nas-aprovacoes-em-residencia-medica-no-brasil\/\">metodologia que j\u00e1 aprovou mais de 10 mil residentes no pa\u00eds! <\/a>Por fim, acesse o nosso<a href=\"https:\/\/www.youtube.com\/@GrupoMedcof\/featured\"> <strong>canal do youtube <\/strong><\/a>para ver o nosso material.<a href=\"https:\/\/www.youtube.com\/@GrupoMedcof\/featured\" target=\"_blank\" rel=\"noreferrer noopener\"><strong>be&nbsp;<\/strong><\/a>para ver o nosso material.<\/p>\n\n\n\n<figure class=\"wp-block-embed is-type-video is-provider-youtube wp-block-embed-youtube wp-embed-aspect-16-9 wp-has-aspect-ratio\"><div class=\"wp-block-embed__wrapper\">\n<div class=\"youtube-embed\" data-video_id=\"YXoJKQkPido\"><iframe loading=\"lazy\" title=\"Gabarito BOS Resid\u00eancia M\u00e9dica 2024 - Corre\u00e7\u00e3o Ao Vivo\" width=\"696\" height=\"392\" src=\"https:\/\/www.youtube.com\/embed\/YXoJKQkPido?feature=oembed&#038;enablejsapi=1\" frameborder=\"0\" allow=\"accelerometer; autoplay; clipboard-write; encrypted-media; gyroscope; picture-in-picture; web-share\" referrerpolicy=\"strict-origin-when-cross-origin\" allowfullscreen><\/iframe><\/div>\n<\/div><\/figure>\n","protected":false},"excerpt":{"rendered":"<p>Confira todas as informa\u00e7\u00f5es sobre o processo seletivo de Resid\u00eancia M\u00e9dica HOS\/BOS 2026: prova, institui\u00e7\u00e3o, notas de corte, edital e mais!<\/p>\n","protected":false},"author":20,"featured_media":28758,"comment_status":"open","ping_status":"open","sticky":false,"template":"","format":"standard","meta":{"footnotes":""},"categories":[10],"tags":[1568,289,1441,1452,117,68],"ppma_author":[3616],"class_list":{"0":"post-28754","1":"post","2":"type-post","3":"status-publish","4":"format-standard","5":"has-post-thumbnail","7":"category-raio-x-editais","8":"tag-edital","9":"tag-hos-bos","10":"tag-inscricoes","11":"tag-provas","12":"tag-provas-de-residencia","13":"tag-residencia-medica"},"yoast_head":"<!-- This site is optimized with the Yoast SEO Premium plugin v24.3 (Yoast SEO v27.4) - https:\/\/yoast.com\/product\/yoast-seo-premium-wordpress\/ -->\n<title>Resid\u00eancia M\u00e9dica HOS: edital 2026, cronograma vagas e mais<\/title>\n<meta name=\"description\" content=\"Confira todas as informa\u00e7\u00f5es sobre o processo seletivo de Resid\u00eancia M\u00e9dica HOS\/BOS 2026: prova, institui\u00e7\u00e3o, notas de corte, edital e mais!\" \/>\n<meta name=\"robots\" content=\"index, follow, max-snippet:-1, max-image-preview:large, max-video-preview:-1\" \/>\n<link rel=\"canonical\" href=\"https:\/\/www.grupomedcof.com.br\/blog\/residencia-medica-hos-bos\/\" \/>\n<meta property=\"og:locale\" content=\"pt_BR\" \/>\n<meta property=\"og:type\" content=\"article\" \/>\n<meta property=\"og:title\" content=\"Saiba tudo sobre a sele\u00e7\u00e3o de Resid\u00eancia M\u00e9dica do HOS\/BOS 2025\/2026\" \/>\n<meta property=\"og:description\" content=\"Confira todas as informa\u00e7\u00f5es sobre o processo seletivo de Resid\u00eancia M\u00e9dica HOS\/BOS 2026: prova, institui\u00e7\u00e3o, notas de corte, edital e mais!\" \/>\n<meta property=\"og:url\" content=\"https:\/\/www.grupomedcof.com.br\/blog\/residencia-medica-hos-bos\/\" \/>\n<meta property=\"og:site_name\" content=\"Blog de Medcof: conte\u00fados, editais, revalida e mais!\" \/>\n<meta property=\"article:publisher\" content=\"https:\/\/www.facebook.com\/MedCofQbank\/\" \/>\n<meta property=\"article:published_time\" content=\"2026-04-09T15:13:30+00:00\" \/>\n<meta property=\"article:modified_time\" content=\"2026-04-09T15:13:57+00:00\" \/>\n<meta property=\"og:image\" content=\"https:\/\/www.grupomedcof.com.br\/blog\/wp-content\/uploads\/2024\/08\/Modelo-instituicoes-78.png\" \/>\n\t<meta property=\"og:image:width\" content=\"2560\" \/>\n\t<meta property=\"og:image:height\" content=\"1440\" \/>\n\t<meta property=\"og:image:type\" content=\"image\/png\" \/>\n<meta name=\"author\" content=\"Leila Menzel\" \/>\n<meta name=\"twitter:card\" content=\"summary_large_image\" \/>\n<meta name=\"twitter:label1\" content=\"Escrito por\" \/>\n\t<meta name=\"twitter:data1\" content=\"Leila Menzel\" \/>\n\t<meta name=\"twitter:label2\" content=\"Est. tempo de leitura\" \/>\n\t<meta name=\"twitter:data2\" content=\"6 minutos\" \/>\n<script type=\"application\/ld+json\" class=\"yoast-schema-graph\">{\"@context\":\"https:\\\/\\\/schema.org\",\"@graph\":[{\"@type\":\"Article\",\"@id\":\"https:\\\/\\\/www.grupomedcof.com.br\\\/blog\\\/residencia-medica-hos-bos\\\/#article\",\"isPartOf\":{\"@id\":\"https:\\\/\\\/www.grupomedcof.com.br\\\/blog\\\/residencia-medica-hos-bos\\\/\"},\"author\":{\"name\":\"Leila Menzel\",\"@id\":\"https:\\\/\\\/www.grupomedcof.com.br\\\/blog\\\/#\\\/schema\\\/person\\\/9a44c2184a836bf5ae6967fdb3a1451e\"},\"headline\":\"Saiba tudo sobre a sele\u00e7\u00e3o de Resid\u00eancia M\u00e9dica do HOS\\\/BOS 2025\\\/2026\",\"datePublished\":\"2026-04-09T15:13:30+00:00\",\"dateModified\":\"2026-04-09T15:13:57+00:00\",\"mainEntityOfPage\":{\"@id\":\"https:\\\/\\\/www.grupomedcof.com.br\\\/blog\\\/residencia-medica-hos-bos\\\/\"},\"wordCount\":1010,\"commentCount\":0,\"publisher\":{\"@id\":\"https:\\\/\\\/www.grupomedcof.com.br\\\/blog\\\/#organization\"},\"image\":{\"@id\":\"https:\\\/\\\/www.grupomedcof.com.br\\\/blog\\\/residencia-medica-hos-bos\\\/#primaryimage\"},\"thumbnailUrl\":\"https:\\\/\\\/www.grupomedcof.com.br\\\/blog\\\/wp-content\\\/uploads\\\/2024\\\/08\\\/Modelo-instituicoes-78.png\",\"keywords\":[\"Edital\",\"HOS\\\/BOS\",\"inscri\u00e7\u00f5es\",\"Provas\",\"Provas de Resid\u00eancia\",\"Resid\u00eancia M\u00e9dica\"],\"articleSection\":[\"Raio-X Editais\"],\"inLanguage\":\"pt-BR\"},{\"@type\":\"WebPage\",\"@id\":\"https:\\\/\\\/www.grupomedcof.com.br\\\/blog\\\/residencia-medica-hos-bos\\\/\",\"url\":\"https:\\\/\\\/www.grupomedcof.com.br\\\/blog\\\/residencia-medica-hos-bos\\\/\",\"name\":\"Resid\u00eancia M\u00e9dica HOS: edital 2026, cronograma vagas e mais\",\"isPartOf\":{\"@id\":\"https:\\\/\\\/www.grupomedcof.com.br\\\/blog\\\/#website\"},\"primaryImageOfPage\":{\"@id\":\"https:\\\/\\\/www.grupomedcof.com.br\\\/blog\\\/residencia-medica-hos-bos\\\/#primaryimage\"},\"image\":{\"@id\":\"https:\\\/\\\/www.grupomedcof.com.br\\\/blog\\\/residencia-medica-hos-bos\\\/#primaryimage\"},\"thumbnailUrl\":\"https:\\\/\\\/www.grupomedcof.com.br\\\/blog\\\/wp-content\\\/uploads\\\/2024\\\/08\\\/Modelo-instituicoes-78.png\",\"datePublished\":\"2026-04-09T15:13:30+00:00\",\"dateModified\":\"2026-04-09T15:13:57+00:00\",\"description\":\"Confira todas as informa\u00e7\u00f5es sobre o processo seletivo de Resid\u00eancia M\u00e9dica HOS\\\/BOS 2026: prova, institui\u00e7\u00e3o, notas de corte, edital e mais!\",\"breadcrumb\":{\"@id\":\"https:\\\/\\\/www.grupomedcof.com.br\\\/blog\\\/residencia-medica-hos-bos\\\/#breadcrumb\"},\"inLanguage\":\"pt-BR\",\"potentialAction\":[{\"@type\":\"ReadAction\",\"target\":[\"https:\\\/\\\/www.grupomedcof.com.br\\\/blog\\\/residencia-medica-hos-bos\\\/\"]}]},{\"@type\":\"ImageObject\",\"inLanguage\":\"pt-BR\",\"@id\":\"https:\\\/\\\/www.grupomedcof.com.br\\\/blog\\\/residencia-medica-hos-bos\\\/#primaryimage\",\"url\":\"https:\\\/\\\/www.grupomedcof.com.br\\\/blog\\\/wp-content\\\/uploads\\\/2024\\\/08\\\/Modelo-instituicoes-78.png\",\"contentUrl\":\"https:\\\/\\\/www.grupomedcof.com.br\\\/blog\\\/wp-content\\\/uploads\\\/2024\\\/08\\\/Modelo-instituicoes-78.png\",\"width\":2560,\"height\":1440},{\"@type\":\"BreadcrumbList\",\"@id\":\"https:\\\/\\\/www.grupomedcof.com.br\\\/blog\\\/residencia-medica-hos-bos\\\/#breadcrumb\",\"itemListElement\":[{\"@type\":\"ListItem\",\"position\":1,\"name\":\"In\u00edcio\",\"item\":\"https:\\\/\\\/www.grupomedcof.com.br\\\/blog\\\/\"},{\"@type\":\"ListItem\",\"position\":2,\"name\":\"Saiba tudo sobre a sele\u00e7\u00e3o de Resid\u00eancia M\u00e9dica do HOS\\\/BOS 2025\\\/2026\"}]},{\"@type\":\"WebSite\",\"@id\":\"https:\\\/\\\/www.grupomedcof.com.br\\\/blog\\\/#website\",\"url\":\"https:\\\/\\\/www.grupomedcof.com.br\\\/blog\\\/\",\"name\":\"Blog de Medcof: conte\u00fados, editais, revalida e mais!\",\"description\":\"Acesso o blog de MedCof! Seu portal de conte\u00fados sobre resid\u00eancia m\u00e9dica, an\u00e1lise e editais e muito mais. Clique e confira!\",\"publisher\":{\"@id\":\"https:\\\/\\\/www.grupomedcof.com.br\\\/blog\\\/#organization\"},\"alternateName\":\"Blog de Medcof: conte\u00fados, editais, revalida e mais!\",\"potentialAction\":[{\"@type\":\"SearchAction\",\"target\":{\"@type\":\"EntryPoint\",\"urlTemplate\":\"https:\\\/\\\/www.grupomedcof.com.br\\\/blog\\\/?s={search_term_string}\"},\"query-input\":{\"@type\":\"PropertyValueSpecification\",\"valueRequired\":true,\"valueName\":\"search_term_string\"}}],\"inLanguage\":\"pt-BR\"},{\"@type\":\"Organization\",\"@id\":\"https:\\\/\\\/www.grupomedcof.com.br\\\/blog\\\/#organization\",\"name\":\"Grupo MedCof\",\"url\":\"https:\\\/\\\/www.grupomedcof.com.br\\\/blog\\\/\",\"logo\":{\"@type\":\"ImageObject\",\"inLanguage\":\"pt-BR\",\"@id\":\"https:\\\/\\\/www.grupomedcof.com.br\\\/blog\\\/#\\\/schema\\\/logo\\\/image\\\/\",\"url\":\"https:\\\/\\\/www.grupomedcof.com.br\\\/blog\\\/wp-content\\\/uploads\\\/2022\\\/01\\\/logo-medcof.png\",\"contentUrl\":\"https:\\\/\\\/www.grupomedcof.com.br\\\/blog\\\/wp-content\\\/uploads\\\/2022\\\/01\\\/logo-medcof.png\",\"width\":768,\"height\":269,\"caption\":\"Grupo MedCof\"},\"image\":{\"@id\":\"https:\\\/\\\/www.grupomedcof.com.br\\\/blog\\\/#\\\/schema\\\/logo\\\/image\\\/\"},\"sameAs\":[\"https:\\\/\\\/www.facebook.com\\\/MedCofQbank\\\/\",\"https:\\\/\\\/www.instagram.com\\\/grupomedcof\\\/\",\"https:\\\/\\\/br.linkedin.com\\\/company\\\/medcof\",\"https:\\\/\\\/www.youtube.com\\\/channel\\\/UCdHMuOHKICxcHwecxN8P-AA\"]},{\"@type\":\"Person\",\"@id\":\"https:\\\/\\\/www.grupomedcof.com.br\\\/blog\\\/#\\\/schema\\\/person\\\/9a44c2184a836bf5ae6967fdb3a1451e\",\"name\":\"Leila Menzel\",\"image\":{\"@type\":\"ImageObject\",\"inLanguage\":\"pt-BR\",\"@id\":\"https:\\\/\\\/www.grupomedcof.com.br\\\/blog\\\/wp-content\\\/uploads\\\/2025\\\/09\\\/cropped-eu-96x96.jpeg19a74936d997c0a8b3031618467fa1d0\",\"url\":\"https:\\\/\\\/www.grupomedcof.com.br\\\/blog\\\/wp-content\\\/uploads\\\/2025\\\/09\\\/cropped-eu-96x96.jpeg\",\"contentUrl\":\"https:\\\/\\\/www.grupomedcof.com.br\\\/blog\\\/wp-content\\\/uploads\\\/2025\\\/09\\\/cropped-eu-96x96.jpeg\",\"caption\":\"Leila Menzel\"},\"description\":\"Estudante do 6\u00b0 semestre de jornalismo, amo e escrevo poesias e viajo em livros de romances clich\u00eas.\",\"url\":\"https:\\\/\\\/www.grupomedcof.com.br\\\/blog\\\/author\\\/leila-menzel\\\/\"}]}<\/script>\n<!-- \/ Yoast SEO Premium plugin. -->","yoast_head_json":{"title":"Resid\u00eancia M\u00e9dica HOS: edital 2026, cronograma vagas e mais","description":"Confira todas as informa\u00e7\u00f5es sobre o processo seletivo de Resid\u00eancia M\u00e9dica HOS\/BOS 2026: prova, institui\u00e7\u00e3o, notas de corte, edital e mais!","robots":{"index":"index","follow":"follow","max-snippet":"max-snippet:-1","max-image-preview":"max-image-preview:large","max-video-preview":"max-video-preview:-1"},"canonical":"https:\/\/www.grupomedcof.com.br\/blog\/residencia-medica-hos-bos\/","og_locale":"pt_BR","og_type":"article","og_title":"Saiba tudo sobre a sele\u00e7\u00e3o de Resid\u00eancia M\u00e9dica do HOS\/BOS 2025\/2026","og_description":"Confira todas as informa\u00e7\u00f5es sobre o processo seletivo de Resid\u00eancia M\u00e9dica HOS\/BOS 2026: prova, institui\u00e7\u00e3o, notas de corte, edital e mais!","og_url":"https:\/\/www.grupomedcof.com.br\/blog\/residencia-medica-hos-bos\/","og_site_name":"Blog de Medcof: conte\u00fados, editais, revalida e mais!","article_publisher":"https:\/\/www.facebook.com\/MedCofQbank\/","article_published_time":"2026-04-09T15:13:30+00:00","article_modified_time":"2026-04-09T15:13:57+00:00","og_image":[{"width":2560,"height":1440,"url":"https:\/\/www.grupomedcof.com.br\/blog\/wp-content\/uploads\/2024\/08\/Modelo-instituicoes-78.png","type":"image\/png"}],"author":"Leila Menzel","twitter_card":"summary_large_image","twitter_misc":{"Escrito por":"Leila Menzel","Est. tempo de leitura":"6 minutos"},"schema":{"@context":"https:\/\/schema.org","@graph":[{"@type":"Article","@id":"https:\/\/www.grupomedcof.com.br\/blog\/residencia-medica-hos-bos\/#article","isPartOf":{"@id":"https:\/\/www.grupomedcof.com.br\/blog\/residencia-medica-hos-bos\/"},"author":{"name":"Leila Menzel","@id":"https:\/\/www.grupomedcof.com.br\/blog\/#\/schema\/person\/9a44c2184a836bf5ae6967fdb3a1451e"},"headline":"Saiba tudo sobre a sele\u00e7\u00e3o de Resid\u00eancia M\u00e9dica do HOS\/BOS 2025\/2026","datePublished":"2026-04-09T15:13:30+00:00","dateModified":"2026-04-09T15:13:57+00:00","mainEntityOfPage":{"@id":"https:\/\/www.grupomedcof.com.br\/blog\/residencia-medica-hos-bos\/"},"wordCount":1010,"commentCount":0,"publisher":{"@id":"https:\/\/www.grupomedcof.com.br\/blog\/#organization"},"image":{"@id":"https:\/\/www.grupomedcof.com.br\/blog\/residencia-medica-hos-bos\/#primaryimage"},"thumbnailUrl":"https:\/\/www.grupomedcof.com.br\/blog\/wp-content\/uploads\/2024\/08\/Modelo-instituicoes-78.png","keywords":["Edital","HOS\/BOS","inscri\u00e7\u00f5es","Provas","Provas de Resid\u00eancia","Resid\u00eancia M\u00e9dica"],"articleSection":["Raio-X Editais"],"inLanguage":"pt-BR"},{"@type":"WebPage","@id":"https:\/\/www.grupomedcof.com.br\/blog\/residencia-medica-hos-bos\/","url":"https:\/\/www.grupomedcof.com.br\/blog\/residencia-medica-hos-bos\/","name":"Resid\u00eancia M\u00e9dica HOS: edital 2026, cronograma vagas e mais","isPartOf":{"@id":"https:\/\/www.grupomedcof.com.br\/blog\/#website"},"primaryImageOfPage":{"@id":"https:\/\/www.grupomedcof.com.br\/blog\/residencia-medica-hos-bos\/#primaryimage"},"image":{"@id":"https:\/\/www.grupomedcof.com.br\/blog\/residencia-medica-hos-bos\/#primaryimage"},"thumbnailUrl":"https:\/\/www.grupomedcof.com.br\/blog\/wp-content\/uploads\/2024\/08\/Modelo-instituicoes-78.png","datePublished":"2026-04-09T15:13:30+00:00","dateModified":"2026-04-09T15:13:57+00:00","description":"Confira todas as informa\u00e7\u00f5es sobre o processo seletivo de Resid\u00eancia M\u00e9dica HOS\/BOS 2026: prova, institui\u00e7\u00e3o, notas de corte, edital e mais!","breadcrumb":{"@id":"https:\/\/www.grupomedcof.com.br\/blog\/residencia-medica-hos-bos\/#breadcrumb"},"inLanguage":"pt-BR","potentialAction":[{"@type":"ReadAction","target":["https:\/\/www.grupomedcof.com.br\/blog\/residencia-medica-hos-bos\/"]}]},{"@type":"ImageObject","inLanguage":"pt-BR","@id":"https:\/\/www.grupomedcof.com.br\/blog\/residencia-medica-hos-bos\/#primaryimage","url":"https:\/\/www.grupomedcof.com.br\/blog\/wp-content\/uploads\/2024\/08\/Modelo-instituicoes-78.png","contentUrl":"https:\/\/www.grupomedcof.com.br\/blog\/wp-content\/uploads\/2024\/08\/Modelo-instituicoes-78.png","width":2560,"height":1440},{"@type":"BreadcrumbList","@id":"https:\/\/www.grupomedcof.com.br\/blog\/residencia-medica-hos-bos\/#breadcrumb","itemListElement":[{"@type":"ListItem","position":1,"name":"In\u00edcio","item":"https:\/\/www.grupomedcof.com.br\/blog\/"},{"@type":"ListItem","position":2,"name":"Saiba tudo sobre a sele\u00e7\u00e3o de Resid\u00eancia M\u00e9dica do HOS\/BOS 2025\/2026"}]},{"@type":"WebSite","@id":"https:\/\/www.grupomedcof.com.br\/blog\/#website","url":"https:\/\/www.grupomedcof.com.br\/blog\/","name":"Blog de Medcof: conte\u00fados, editais, revalida e mais!","description":"Acesso o blog de MedCof! Seu portal de conte\u00fados sobre resid\u00eancia m\u00e9dica, an\u00e1lise e editais e muito mais. Clique e confira!","publisher":{"@id":"https:\/\/www.grupomedcof.com.br\/blog\/#organization"},"alternateName":"Blog de Medcof: conte\u00fados, editais, revalida e mais!","potentialAction":[{"@type":"SearchAction","target":{"@type":"EntryPoint","urlTemplate":"https:\/\/www.grupomedcof.com.br\/blog\/?s={search_term_string}"},"query-input":{"@type":"PropertyValueSpecification","valueRequired":true,"valueName":"search_term_string"}}],"inLanguage":"pt-BR"},{"@type":"Organization","@id":"https:\/\/www.grupomedcof.com.br\/blog\/#organization","name":"Grupo MedCof","url":"https:\/\/www.grupomedcof.com.br\/blog\/","logo":{"@type":"ImageObject","inLanguage":"pt-BR","@id":"https:\/\/www.grupomedcof.com.br\/blog\/#\/schema\/logo\/image\/","url":"https:\/\/www.grupomedcof.com.br\/blog\/wp-content\/uploads\/2022\/01\/logo-medcof.png","contentUrl":"https:\/\/www.grupomedcof.com.br\/blog\/wp-content\/uploads\/2022\/01\/logo-medcof.png","width":768,"height":269,"caption":"Grupo MedCof"},"image":{"@id":"https:\/\/www.grupomedcof.com.br\/blog\/#\/schema\/logo\/image\/"},"sameAs":["https:\/\/www.facebook.com\/MedCofQbank\/","https:\/\/www.instagram.com\/grupomedcof\/","https:\/\/br.linkedin.com\/company\/medcof","https:\/\/www.youtube.com\/channel\/UCdHMuOHKICxcHwecxN8P-AA"]},{"@type":"Person","@id":"https:\/\/www.grupomedcof.com.br\/blog\/#\/schema\/person\/9a44c2184a836bf5ae6967fdb3a1451e","name":"Leila Menzel","image":{"@type":"ImageObject","inLanguage":"pt-BR","@id":"https:\/\/www.grupomedcof.com.br\/blog\/wp-content\/uploads\/2025\/09\/cropped-eu-96x96.jpeg19a74936d997c0a8b3031618467fa1d0","url":"https:\/\/www.grupomedcof.com.br\/blog\/wp-content\/uploads\/2025\/09\/cropped-eu-96x96.jpeg","contentUrl":"https:\/\/www.grupomedcof.com.br\/blog\/wp-content\/uploads\/2025\/09\/cropped-eu-96x96.jpeg","caption":"Leila Menzel"},"description":"Estudante do 6\u00b0 semestre de jornalismo, amo e escrevo poesias e viajo em livros de romances clich\u00eas.","url":"https:\/\/www.grupomedcof.com.br\/blog\/author\/leila-menzel\/"}]}},"authors":[{"term_id":3616,"user_id":20,"is_guest":0,"slug":"leila-menzel","display_name":"Leila Menzel","avatar_url":"https:\/\/www.grupomedcof.com.br\/blog\/wp-content\/uploads\/2025\/09\/cropped-eu-96x96.jpeg","0":null,"1":"","2":"","3":"","4":"","5":"","6":"","7":"","8":""}],"_links":{"self":[{"href":"https:\/\/www.grupomedcof.com.br\/blog\/wp-json\/wp\/v2\/posts\/28754","targetHints":{"allow":["GET"]}}],"collection":[{"href":"https:\/\/www.grupomedcof.com.br\/blog\/wp-json\/wp\/v2\/posts"}],"about":[{"href":"https:\/\/www.grupomedcof.com.br\/blog\/wp-json\/wp\/v2\/types\/post"}],"author":[{"embeddable":true,"href":"https:\/\/www.grupomedcof.com.br\/blog\/wp-json\/wp\/v2\/users\/20"}],"replies":[{"embeddable":true,"href":"https:\/\/www.grupomedcof.com.br\/blog\/wp-json\/wp\/v2\/comments?post=28754"}],"version-history":[{"count":9,"href":"https:\/\/www.grupomedcof.com.br\/blog\/wp-json\/wp\/v2\/posts\/28754\/revisions"}],"predecessor-version":[{"id":42891,"href":"https:\/\/www.grupomedcof.com.br\/blog\/wp-json\/wp\/v2\/posts\/28754\/revisions\/42891"}],"wp:featuredmedia":[{"embeddable":true,"href":"https:\/\/www.grupomedcof.com.br\/blog\/wp-json\/wp\/v2\/media\/28758"}],"wp:attachment":[{"href":"https:\/\/www.grupomedcof.com.br\/blog\/wp-json\/wp\/v2\/media?parent=28754"}],"wp:term":[{"taxonomy":"category","embeddable":true,"href":"https:\/\/www.grupomedcof.com.br\/blog\/wp-json\/wp\/v2\/categories?post=28754"},{"taxonomy":"post_tag","embeddable":true,"href":"https:\/\/www.grupomedcof.com.br\/blog\/wp-json\/wp\/v2\/tags?post=28754"},{"taxonomy":"author","embeddable":true,"href":"https:\/\/www.grupomedcof.com.br\/blog\/wp-json\/wp\/v2\/ppma_author?post=28754"}],"curies":[{"name":"wp","href":"https:\/\/api.w.org\/{rel}","templated":true}]}}