{"id":28790,"date":"2024-08-15T08:14:16","date_gmt":"2024-08-15T11:14:16","guid":{"rendered":"https:\/\/www.grupomedcof.com.br\/blog\/?p=28790"},"modified":"2026-04-24T10:49:30","modified_gmt":"2026-04-24T13:49:30","slug":"ministerio-da-saude-divulga-nota-tecnica-para-investigacao-de-oropouche-em-gestantes","status":"publish","type":"post","link":"https:\/\/www.grupomedcof.com.br\/blog\/ministerio-da-saude-divulga-nota-tecnica-para-investigacao-de-oropouche-em-gestantes\/","title":{"rendered":"Minist\u00e9rio da Sa\u00fade divulga nota t\u00e9cnica com orienta\u00e7\u00f5es para notifica\u00e7\u00e3o e investiga\u00e7\u00e3o de Oropouche em gestantes"},"content":{"rendered":"<div id=\"ez-toc-container\" class=\"ez-toc-v2_0_74 counter-hierarchy ez-toc-counter ez-toc-transparent ez-toc-container-direction\">\n<div class=\"ez-toc-title-container\">\n<p class=\"ez-toc-title\" style=\"cursor:inherit\">Sum\u00e1rio<\/p>\n<span class=\"ez-toc-title-toggle\"><a href=\"#\" class=\"ez-toc-pull-right ez-toc-btn ez-toc-btn-xs ez-toc-btn-default ez-toc-toggle\" aria-label=\"Alternar tabela de conte\u00fado\"><span class=\"ez-toc-js-icon-con\"><span class=\"\"><span class=\"eztoc-hide\" style=\"display:none;\">Toggle<\/span><span class=\"ez-toc-icon-toggle-span\"><svg style=\"fill: #999;color:#999\" xmlns=\"http:\/\/www.w3.org\/2000\/svg\" class=\"list-377408\" width=\"20px\" height=\"20px\" viewBox=\"0 0 24 24\" fill=\"none\"><path d=\"M6 6H4v2h2V6zm14 0H8v2h12V6zM4 11h2v2H4v-2zm16 0H8v2h12v-2zM4 16h2v2H4v-2zm16 0H8v2h12v-2z\" fill=\"currentColor\"><\/path><\/svg><svg style=\"fill: #999;color:#999\" class=\"arrow-unsorted-368013\" xmlns=\"http:\/\/www.w3.org\/2000\/svg\" width=\"10px\" height=\"10px\" viewBox=\"0 0 24 24\" version=\"1.2\" baseProfile=\"tiny\"><path d=\"M18.2 9.3l-6.2-6.3-6.2 6.3c-.2.2-.3.4-.3.7s.1.5.3.7c.2.2.4.3.7.3h11c.3 0 .5-.1.7-.3.2-.2.3-.5.3-.7s-.1-.5-.3-.7zM5.8 14.7l6.2 6.3 6.2-6.3c.2-.2.3-.5.3-.7s-.1-.5-.3-.7c-.2-.2-.4-.3-.7-.3h-11c-.3 0-.5.1-.7.3-.2.2-.3.5-.3.7s.1.5.3.7z\"\/><\/svg><\/span><\/span><\/span><\/a><\/span><\/div>\n<nav><ul class='ez-toc-list ez-toc-list-level-1 ' ><li class='ez-toc-page-1 ez-toc-heading-level-2'><a class=\"ez-toc-link ez-toc-heading-1\" href=\"https:\/\/www.grupomedcof.com.br\/blog\/ministerio-da-saude-divulga-nota-tecnica-para-investigacao-de-oropouche-em-gestantes\/#Orientacoes_aos_profissionais_de_saude\" >Orienta\u00e7\u00f5es aos profissionais de sa\u00fade<\/a><\/li><li class='ez-toc-page-1 ez-toc-heading-level-2'><a class=\"ez-toc-link ez-toc-heading-2\" href=\"https:\/\/www.grupomedcof.com.br\/blog\/ministerio-da-saude-divulga-nota-tecnica-para-investigacao-de-oropouche-em-gestantes\/#O_que_e_a_Febre_Oropouche\" >O que \u00e9 a Febre Oropouche?<\/a><ul class='ez-toc-list-level-3' ><li class='ez-toc-heading-level-3'><a class=\"ez-toc-link ez-toc-heading-3\" href=\"https:\/\/www.grupomedcof.com.br\/blog\/ministerio-da-saude-divulga-nota-tecnica-para-investigacao-de-oropouche-em-gestantes\/#Transmissao\" >Transmiss\u00e3o<\/a><\/li><li class='ez-toc-page-1 ez-toc-heading-level-3'><a class=\"ez-toc-link ez-toc-heading-4\" href=\"https:\/\/www.grupomedcof.com.br\/blog\/ministerio-da-saude-divulga-nota-tecnica-para-investigacao-de-oropouche-em-gestantes\/#Sintomas\" >Sintomas<\/a><\/li><li class='ez-toc-page-1 ez-toc-heading-level-3'><a class=\"ez-toc-link ez-toc-heading-5\" href=\"https:\/\/www.grupomedcof.com.br\/blog\/ministerio-da-saude-divulga-nota-tecnica-para-investigacao-de-oropouche-em-gestantes\/#Formas_de_prevencao\" >Formas de preven\u00e7\u00e3o<\/a><\/li><\/ul><\/li><li class='ez-toc-page-1 ez-toc-heading-level-2'><a class=\"ez-toc-link ez-toc-heading-6\" href=\"https:\/\/www.grupomedcof.com.br\/blog\/ministerio-da-saude-divulga-nota-tecnica-para-investigacao-de-oropouche-em-gestantes\/#O_metodo_que_te_aprova\" >O m\u00e9todo que te aprova!<\/a><\/li><\/ul><\/nav><\/div>\n\n<figure class=\"wp-block-image size-large\"><img loading=\"lazy\" decoding=\"async\" width=\"1024\" height=\"576\" src=\"https:\/\/www.grupomedcof.com.br\/blog\/wp-content\/uploads\/2024\/08\/Blog-MedCof-2024-08-15T081622.949-1024x576.png\" alt=\"\" class=\"wp-image-28797\" srcset=\"https:\/\/www.grupomedcof.com.br\/blog\/wp-content\/uploads\/2024\/08\/Blog-MedCof-2024-08-15T081622.949-1024x576.png 1024w, https:\/\/www.grupomedcof.com.br\/blog\/wp-content\/uploads\/2024\/08\/Blog-MedCof-2024-08-15T081622.949-300x169.png 300w, https:\/\/www.grupomedcof.com.br\/blog\/wp-content\/uploads\/2024\/08\/Blog-MedCof-2024-08-15T081622.949-768x432.png 768w, https:\/\/www.grupomedcof.com.br\/blog\/wp-content\/uploads\/2024\/08\/Blog-MedCof-2024-08-15T081622.949-1536x864.png 1536w, https:\/\/www.grupomedcof.com.br\/blog\/wp-content\/uploads\/2024\/08\/Blog-MedCof-2024-08-15T081622.949-2048x1152.png 2048w, https:\/\/www.grupomedcof.com.br\/blog\/wp-content\/uploads\/2024\/08\/Blog-MedCof-2024-08-15T081622.949-747x420.png 747w, https:\/\/www.grupomedcof.com.br\/blog\/wp-content\/uploads\/2024\/08\/Blog-MedCof-2024-08-15T081622.949-150x84.png 150w, https:\/\/www.grupomedcof.com.br\/blog\/wp-content\/uploads\/2024\/08\/Blog-MedCof-2024-08-15T081622.949-696x392.png 696w, https:\/\/www.grupomedcof.com.br\/blog\/wp-content\/uploads\/2024\/08\/Blog-MedCof-2024-08-15T081622.949-1068x601.png 1068w, https:\/\/www.grupomedcof.com.br\/blog\/wp-content\/uploads\/2024\/08\/Blog-MedCof-2024-08-15T081622.949-1920x1080.png 1920w\" sizes=\"auto, (max-width: 1024px) 100vw, 1024px\" \/><\/figure>\n\n\n\n<p>O Minist\u00e9rio da Sa\u00fade, por meio da Secretaria de Vigil\u00e2ncia em Sa\u00fade e Ambiente (SVSA), Secretaria de Aten\u00e7\u00e3o Prim\u00e1ria \u00e0 Sa\u00fade (SAPS) e Secretaria de Aten\u00e7\u00e3o Especializada \u00e0 Sa\u00fade (SAES), publicou ontem (14) a <strong>Nota T\u00e9cnica Conjunta N\u00ba 135\/2024.<\/strong> O documento determina orienta\u00e7\u00f5es espec\u00edficas para a&nbsp;<strong>notifica\u00e7\u00e3o e investiga\u00e7\u00e3o de casos suspeitos de Oropouche em gestantes<\/strong>, al\u00e9m de <a href=\"https:\/\/www.grupomedcof.com.br\/blog\/primeiro-caso-de-anomalia-congenita-associada-a-oropouche-e-registrado\/\" target=\"_blank\" rel=\"noreferrer noopener\">anomalias cong\u00eanitas e \u00f3bitos fetais. <\/a><\/p>\n\n\n\n<h2 class=\"wp-block-heading\" id=\"h-orientacoes-aos-profissionais-de-saude\"><span class=\"ez-toc-section\" id=\"Orientacoes_aos_profissionais_de_saude\"><\/span><strong>Orienta\u00e7\u00f5es aos profissionais de sa\u00fade<\/strong><span class=\"ez-toc-section-end\"><\/span><\/h2>\n\n\n\n<p>A Nota T\u00e9cnica Conjunta N\u00ba 135\/2024 prop\u00f5e orientar profissionais da rede p\u00fablica e privada, sobre a necessidade de realizar a investiga\u00e7\u00e3o e acompanhamento dos casos suspeitos da febre Oropouche em gestantes e em&nbsp;<strong>situa\u00e7\u00f5es de anomalias cong\u00eanitas ou <a href=\"https:\/\/www.grupomedcof.com.br\/blog\/ministerio-da-saude-confirma-obito-fetal-por-febre-oropouche\/\" target=\"_blank\" rel=\"noreferrer noopener\">\u00f3bitos fetais<\/a><\/strong>. Confira as diretrizes da Nota T\u00e9cnica:<\/p>\n\n\n\n<ul class=\"wp-block-list\">\n<li><strong>Acompanhamento pr\u00e9-natal e neonatal<\/strong>;<\/li>\n\n\n\n<li><strong>Investiga\u00e7\u00e3o e notifica\u00e7\u00e3o obrigat\u00f3ria&nbsp;<\/strong>de gestantes que apresentem<strong>&nbsp;sintomas compat\u00edveis com arboviroses (febre, cefaleia, mialgia)<\/strong>, especialmente se residirem ou tiverem viajado para<strong>&nbsp;\u00e1reas de circula\u00e7\u00e3o do Oropouche<\/strong>;<\/li>\n\n\n\n<li><strong>Investiga\u00e7\u00e3o de anomalias cong\u00eanitas do sistema nervoso central<\/strong>, como microcefalia e ventriculomegalia, sem causas gen\u00e9ticas ou infecciosas comprovadas (como STORCH), associadas ao hist\u00f3rico materno de arboviroses;<\/li>\n\n\n\n<li><strong>Investiga\u00e7\u00e3o de \u00f3bitos fetais<\/strong>&nbsp;sem causas aparentes em gestantes que possam ter sido expostas ao v\u00edrus.<\/li>\n<\/ul>\n\n\n\n<p>Dessa forma, confira a<strong> Nota T\u00e9cnica Conjunta N\u00ba 135\/2024 <\/strong>na \u00edntegra:<\/p>\n\n\n\n<div data-wp-interactive=\"core\/file\" class=\"wp-block-file\"><object data-wp-bind--hidden=\"!state.hasPdfPreview\" hidden class=\"wp-block-file__embed\" data=\"https:\/\/www.grupomedcof.com.br\/blog\/wp-content\/uploads\/2024\/08\/Nota-Tecnica-Febre-Oropouche.pdf\" type=\"application\/pdf\" style=\"width:100%;height:600px\" aria-label=\"Incorporado de Nota T\u00e9cnica Febre Oropouche.\"><\/object><a id=\"wp-block-file--media-791515cd-0481-41f9-920a-39813a60bfec\" href=\"https:\/\/www.grupomedcof.com.br\/blog\/wp-content\/uploads\/2024\/08\/Nota-Tecnica-Febre-Oropouche.pdf\">Nota T\u00e9cnica Febre Oropouche<\/a><a href=\"https:\/\/www.grupomedcof.com.br\/blog\/wp-content\/uploads\/2024\/08\/Nota-Tecnica-Febre-Oropouche.pdf\" class=\"wp-block-file__button wp-element-button\" download aria-describedby=\"wp-block-file--media-791515cd-0481-41f9-920a-39813a60bfec\">Baixar<\/a><\/div>\n\n\n\n<h2 class=\"wp-block-heading\" id=\"h-o-que-e-a-febre-oropouche\"><span class=\"ez-toc-section\" id=\"O_que_e_a_Febre_Oropouche\"><\/span><strong>O que \u00e9 a Febre Oropouche?<\/strong><span class=\"ez-toc-section-end\"><\/span><\/h2>\n\n\n\n<p>A Febre <a href=\"https:\/\/www.gov.br\/saude\/pt-br\/assuntos\/saude-de-a-a-z\/o\/oropouche\">Oropouche<\/a>, uma das arboviroses mais prevalentes na Am\u00e9rica do Sul, \u00e9 uma doen\u00e7a causada por um arbov\u00edrusdo g\u00eanero&nbsp;<em>Orthobunyavirus<\/em> (OROV), da fam\u00edlia&nbsp;<em>Peribunyaviridae<\/em>. O OROV foi isolado pela primeira vez no Brasil em 1960, a partir de amostra de sangue de uma bicho-pregui\u00e7a. capturada durante a constru\u00e7\u00e3o da rodovia Bel\u00e9m-Bras\u00edlia. Desde ent\u00e3o, casos isolados no Brasil e surtos foram relatados no Brasil, principalmente nos estados da regi\u00e3o Amaz\u00f4nica.&nbsp;<\/p>\n\n\n\n<h3 class=\"wp-block-heading\" id=\"h-transmissao\"><span class=\"ez-toc-section\" id=\"Transmissao\"><\/span><strong>Transmiss\u00e3o<\/strong><span class=\"ez-toc-section-end\"><\/span><\/h3>\n\n\n\n<p>A transmiss\u00e3o do Oropouche ocorre <strong>principalmente pelo inseto conhecido como&nbsp;<em>Culicoides paraensis<\/em>&nbsp;(maruim).<\/strong> Existem dois tipos de ciclos de transmiss\u00e3o da doen\u00e7a:<\/p>\n\n\n\n<h4 class=\"wp-block-heading\" id=\"h-ciclo-silvestre\"><strong>Ciclo silvestre<\/strong><\/h4>\n\n\n\n<p>No ciclo silvestre, bichos-pregui\u00e7a e primatas n\u00e3o-humanos&nbsp;atuam como hospedeiros.&nbsp;O vetor prim\u00e1rio \u00e9 o&nbsp;<em>Culicoides paraensis<\/em>, conhecido como maruim ou mosquito-p\u00f3lvora.<\/p>\n\n\n\n<h4 class=\"wp-block-heading\" id=\"h-ciclo-urbano\"><strong>Ciclo urbano<\/strong><\/h4>\n\n\n\n<p>No ciclo urbano, os humanos s\u00e3o os principais hospedeiros do v\u00edrus. O vetor prim\u00e1rio tamb\u00e9m \u00e9 o <em>Culicoides paraensis<\/em>, por\u00e9m o inseto&nbsp;<em>Culex quinquefasciatus<\/em> tamb\u00e9m pode transmitir o v\u00edrus. <\/p>\n\n\n\n<h3 class=\"wp-block-heading\" id=\"h-sintomas\"><span class=\"ez-toc-section\" id=\"Sintomas\"><\/span><strong>Sintomas<\/strong><span class=\"ez-toc-section-end\"><\/span><\/h3>\n\n\n\n<p>Os sintomas s\u00e3o parecidos com o da dengue, sendo eles:<\/p>\n\n\n\n<ul class=\"wp-block-list\">\n<li>Dor de cabe\u00e7a intensa;<\/li>\n\n\n\n<li>Dor muscular,;<\/li>\n\n\n\n<li>N\u00e1usea;<\/li>\n\n\n\n<li>Diarreia.<\/li>\n<\/ul>\n\n\n\n<h3 class=\"wp-block-heading\" id=\"h-formas-de-prevencao\"><span class=\"ez-toc-section\" id=\"Formas_de_prevencao\"><\/span><strong>Formas de preven\u00e7\u00e3o<\/strong><span class=\"ez-toc-section-end\"><\/span><\/h3>\n\n\n\n<p>Sendo assim, confira a seguir algumas formas de preven\u00e7\u00e3o:<\/p>\n\n\n\n<ul class=\"wp-block-list\">\n<li>Evitar o contato com \u00e1reas de ocorr\u00eancia e\/ou minimizar a exposi\u00e7\u00e3o \u00e0s picadas dos vetores;<\/li>\n\n\n\n<li>Usar roupas que cubram a maior parte do corpo e aplique repelente nas \u00e1reas expostas da pele;<\/li>\n\n\n\n<li>Limpeza de terrenos e de locais de cria\u00e7\u00e3o de animais;<\/li>\n\n\n\n<li>Recolhimento de folhas e frutos que caem no solo;<\/li>\n\n\n\n<li>Uso de telas de malha fina em portas e janelas.<\/li>\n<\/ul>\n\n\n\n<h2 class=\"wp-block-heading\" id=\"h-o-metodo-que-te-aprova\"><span class=\"ez-toc-section\" id=\"O_metodo_que_te_aprova\"><\/span><strong>O m\u00e9todo que te aprova!<\/strong><span class=\"ez-toc-section-end\"><\/span><\/h2>\n\n\n\n<p>Quer alcan\u00e7ar a aprova\u00e7\u00e3o nas provas de resid\u00eancia m\u00e9dica? Ent\u00e3o seja um&nbsp;<a href=\"https:\/\/www.grupomedcof.com.br\/home\/\" target=\"_blank\" rel=\"noreferrer noopener\">MedCoffer<\/a>! Aqui te ajudaremos na busca da aprova\u00e7\u00e3o com conte\u00fados de qualidade e uma&nbsp;<a href=\"https:\/\/www.grupomedcof.com.br\/blog\/presenca-da-medcof-nas-aprovacoes-em-residencia-medica-no-brasil\/\" target=\"_blank\" rel=\"noreferrer noopener\">metodologia que j\u00e1 aprovou mais de 10 mil residentes no pa\u00eds!&nbsp;<\/a>Por fim, acesse o nosso<a href=\"https:\/\/www.youtube.com\/@GrupoMedcof\/featured\" target=\"_blank\" rel=\"noreferrer noopener\">&nbsp;<strong>canal do youtube&nbsp;<\/strong><\/a>para ver o nosso material.<\/p>\n\n\n\n<figure class=\"wp-block-embed is-type-video is-provider-youtube wp-block-embed-youtube wp-embed-aspect-16-9 wp-has-aspect-ratio\"><div class=\"wp-block-embed__wrapper\">\n<div class=\"youtube-embed\" data-video_id=\"ea9l36DKBcI\"><iframe loading=\"lazy\" title=\"COFEXPRESS - Infectologia: Arboviroses. Com Dra. Giovanna Tardin\" width=\"696\" height=\"392\" src=\"https:\/\/www.youtube.com\/embed\/ea9l36DKBcI?feature=oembed&#038;enablejsapi=1\" frameborder=\"0\" allow=\"accelerometer; autoplay; clipboard-write; encrypted-media; gyroscope; picture-in-picture; web-share\" referrerpolicy=\"strict-origin-when-cross-origin\" allowfullscreen><\/iframe><\/div>\n<\/div><\/figure>\n","protected":false},"excerpt":{"rendered":"<p>O Minist\u00e9rio da Sa\u00fade divulgou ontem (14) uma Nota T\u00e9cnica para investigar a Febre Oropouche em gestantes. Veja em nosso blog!<\/p>\n","protected":false},"author":20,"featured_media":28797,"comment_status":"open","ping_status":"open","sticky":false,"template":"","format":"standard","meta":{"footnotes":""},"categories":[287],"tags":[1818,1817,93,1748,235,1816,1415],"ppma_author":[3616],"class_list":{"0":"post-28790","1":"post","2":"type-post","3":"status-publish","4":"format-standard","5":"has-post-thumbnail","7":"category-destaques-medcof","8":"tag-ciclo-silvestre","9":"tag-ciclo-urbano","10":"tag-especialidades-medicas","11":"tag-febre-oropouche","12":"tag-ministerio-da-saude","13":"tag-nota-tecnica","14":"tag-prevencao"},"yoast_head":"<!-- This site is optimized with the Yoast SEO Premium plugin v24.3 (Yoast SEO v27.4) - https:\/\/yoast.com\/product\/yoast-seo-premium-wordpress\/ -->\n<title>Sangramento na 2\u00aa Metade da Gesta\u00e7\u00e3o: Diagn\u00f3sticos | MedCof<\/title>\n<meta name=\"description\" content=\"O Minist\u00e9rio da Sa\u00fade divulgou ontem (14) uma Nota T\u00e9cnica para investigar a Febre Oropouche em gestantes. Veja em nosso blog!\" \/>\n<meta name=\"robots\" content=\"index, follow, max-snippet:-1, max-image-preview:large, max-video-preview:-1\" \/>\n<link rel=\"canonical\" href=\"https:\/\/www.grupomedcof.com.br\/blog\/ministerio-da-saude-divulga-nota-tecnica-para-investigacao-de-oropouche-em-gestantes\/\" \/>\n<meta property=\"og:locale\" content=\"pt_BR\" \/>\n<meta property=\"og:type\" content=\"article\" \/>\n<meta property=\"og:title\" content=\"Minist\u00e9rio da Sa\u00fade divulga nota t\u00e9cnica com orienta\u00e7\u00f5es para notifica\u00e7\u00e3o e investiga\u00e7\u00e3o de Oropouche em gestantes\" \/>\n<meta property=\"og:description\" content=\"O Minist\u00e9rio da Sa\u00fade divulgou ontem (14) uma Nota T\u00e9cnica para investigar a Febre Oropouche em gestantes. Veja em nosso blog!\" \/>\n<meta property=\"og:url\" content=\"https:\/\/www.grupomedcof.com.br\/blog\/ministerio-da-saude-divulga-nota-tecnica-para-investigacao-de-oropouche-em-gestantes\/\" \/>\n<meta property=\"og:site_name\" content=\"Blog de Medcof: conte\u00fados, editais, revalida e mais!\" \/>\n<meta property=\"article:publisher\" content=\"https:\/\/www.facebook.com\/MedCofQbank\/\" \/>\n<meta property=\"article:published_time\" content=\"2024-08-15T11:14:16+00:00\" \/>\n<meta property=\"article:modified_time\" content=\"2026-04-24T13:49:30+00:00\" \/>\n<meta property=\"og:image\" content=\"https:\/\/www.grupomedcof.com.br\/blog\/wp-content\/uploads\/2024\/08\/Blog-MedCof-2024-08-15T081622.949-1024x576.png\" \/>\n\t<meta property=\"og:image:width\" content=\"1024\" \/>\n\t<meta property=\"og:image:height\" content=\"576\" \/>\n\t<meta property=\"og:image:type\" content=\"image\/png\" \/>\n<meta name=\"author\" content=\"Leila Menzel\" \/>\n<meta name=\"twitter:card\" content=\"summary_large_image\" \/>\n<meta name=\"twitter:label1\" content=\"Escrito por\" \/>\n\t<meta name=\"twitter:data1\" content=\"Leila Menzel\" \/>\n\t<meta name=\"twitter:label2\" content=\"Est. tempo de leitura\" \/>\n\t<meta name=\"twitter:data2\" content=\"4 minutos\" \/>\n<script type=\"application\/ld+json\" class=\"yoast-schema-graph\">{\"@context\":\"https:\\\/\\\/schema.org\",\"@graph\":[{\"@type\":\"Article\",\"@id\":\"https:\\\/\\\/www.grupomedcof.com.br\\\/blog\\\/ministerio-da-saude-divulga-nota-tecnica-para-investigacao-de-oropouche-em-gestantes\\\/#article\",\"isPartOf\":{\"@id\":\"https:\\\/\\\/www.grupomedcof.com.br\\\/blog\\\/ministerio-da-saude-divulga-nota-tecnica-para-investigacao-de-oropouche-em-gestantes\\\/\"},\"author\":{\"name\":\"Leila Menzel\",\"@id\":\"https:\\\/\\\/www.grupomedcof.com.br\\\/blog\\\/#\\\/schema\\\/person\\\/9a44c2184a836bf5ae6967fdb3a1451e\"},\"headline\":\"Minist\u00e9rio da Sa\u00fade divulga nota t\u00e9cnica com orienta\u00e7\u00f5es para notifica\u00e7\u00e3o e investiga\u00e7\u00e3o de Oropouche em gestantes\",\"datePublished\":\"2024-08-15T11:14:16+00:00\",\"dateModified\":\"2026-04-24T13:49:30+00:00\",\"mainEntityOfPage\":{\"@id\":\"https:\\\/\\\/www.grupomedcof.com.br\\\/blog\\\/ministerio-da-saude-divulga-nota-tecnica-para-investigacao-de-oropouche-em-gestantes\\\/\"},\"wordCount\":627,\"commentCount\":0,\"publisher\":{\"@id\":\"https:\\\/\\\/www.grupomedcof.com.br\\\/blog\\\/#organization\"},\"image\":{\"@id\":\"https:\\\/\\\/www.grupomedcof.com.br\\\/blog\\\/ministerio-da-saude-divulga-nota-tecnica-para-investigacao-de-oropouche-em-gestantes\\\/#primaryimage\"},\"thumbnailUrl\":\"https:\\\/\\\/www.grupomedcof.com.br\\\/blog\\\/wp-content\\\/uploads\\\/2024\\\/08\\\/Blog-MedCof-2024-08-15T081622.949.png\",\"keywords\":[\"Ciclo silvestre\",\"Ciclo urbano\",\"Especialidades m\u00e9dicas\",\"Febre Oropouche\",\"Minist\u00e9rio da Sa\u00fade\",\"Nota T\u00e9cnica\",\"Preven\u00e7\u00e3o\"],\"articleSection\":[\"Destaques MedCof\"],\"inLanguage\":\"pt-BR\"},{\"@type\":\"WebPage\",\"@id\":\"https:\\\/\\\/www.grupomedcof.com.br\\\/blog\\\/ministerio-da-saude-divulga-nota-tecnica-para-investigacao-de-oropouche-em-gestantes\\\/\",\"url\":\"https:\\\/\\\/www.grupomedcof.com.br\\\/blog\\\/ministerio-da-saude-divulga-nota-tecnica-para-investigacao-de-oropouche-em-gestantes\\\/\",\"name\":\"Sangramento na 2\u00aa Metade da Gesta\u00e7\u00e3o: Diagn\u00f3sticos | MedCof\",\"isPartOf\":{\"@id\":\"https:\\\/\\\/www.grupomedcof.com.br\\\/blog\\\/#website\"},\"primaryImageOfPage\":{\"@id\":\"https:\\\/\\\/www.grupomedcof.com.br\\\/blog\\\/ministerio-da-saude-divulga-nota-tecnica-para-investigacao-de-oropouche-em-gestantes\\\/#primaryimage\"},\"image\":{\"@id\":\"https:\\\/\\\/www.grupomedcof.com.br\\\/blog\\\/ministerio-da-saude-divulga-nota-tecnica-para-investigacao-de-oropouche-em-gestantes\\\/#primaryimage\"},\"thumbnailUrl\":\"https:\\\/\\\/www.grupomedcof.com.br\\\/blog\\\/wp-content\\\/uploads\\\/2024\\\/08\\\/Blog-MedCof-2024-08-15T081622.949.png\",\"datePublished\":\"2024-08-15T11:14:16+00:00\",\"dateModified\":\"2026-04-24T13:49:30+00:00\",\"description\":\"O Minist\u00e9rio da Sa\u00fade divulgou ontem (14) uma Nota T\u00e9cnica para investigar a Febre Oropouche em gestantes. Veja em nosso blog!\",\"breadcrumb\":{\"@id\":\"https:\\\/\\\/www.grupomedcof.com.br\\\/blog\\\/ministerio-da-saude-divulga-nota-tecnica-para-investigacao-de-oropouche-em-gestantes\\\/#breadcrumb\"},\"inLanguage\":\"pt-BR\",\"potentialAction\":[{\"@type\":\"ReadAction\",\"target\":[\"https:\\\/\\\/www.grupomedcof.com.br\\\/blog\\\/ministerio-da-saude-divulga-nota-tecnica-para-investigacao-de-oropouche-em-gestantes\\\/\"]}]},{\"@type\":\"ImageObject\",\"inLanguage\":\"pt-BR\",\"@id\":\"https:\\\/\\\/www.grupomedcof.com.br\\\/blog\\\/ministerio-da-saude-divulga-nota-tecnica-para-investigacao-de-oropouche-em-gestantes\\\/#primaryimage\",\"url\":\"https:\\\/\\\/www.grupomedcof.com.br\\\/blog\\\/wp-content\\\/uploads\\\/2024\\\/08\\\/Blog-MedCof-2024-08-15T081622.949.png\",\"contentUrl\":\"https:\\\/\\\/www.grupomedcof.com.br\\\/blog\\\/wp-content\\\/uploads\\\/2024\\\/08\\\/Blog-MedCof-2024-08-15T081622.949.png\",\"width\":2560,\"height\":1440},{\"@type\":\"BreadcrumbList\",\"@id\":\"https:\\\/\\\/www.grupomedcof.com.br\\\/blog\\\/ministerio-da-saude-divulga-nota-tecnica-para-investigacao-de-oropouche-em-gestantes\\\/#breadcrumb\",\"itemListElement\":[{\"@type\":\"ListItem\",\"position\":1,\"name\":\"In\u00edcio\",\"item\":\"https:\\\/\\\/www.grupomedcof.com.br\\\/blog\\\/\"},{\"@type\":\"ListItem\",\"position\":2,\"name\":\"Minist\u00e9rio da Sa\u00fade divulga nota t\u00e9cnica com orienta\u00e7\u00f5es para notifica\u00e7\u00e3o e investiga\u00e7\u00e3o de Oropouche em gestantes\"}]},{\"@type\":\"WebSite\",\"@id\":\"https:\\\/\\\/www.grupomedcof.com.br\\\/blog\\\/#website\",\"url\":\"https:\\\/\\\/www.grupomedcof.com.br\\\/blog\\\/\",\"name\":\"Blog de Medcof: conte\u00fados, editais, revalida e mais!\",\"description\":\"Acesso o blog de MedCof! Seu portal de conte\u00fados sobre resid\u00eancia m\u00e9dica, an\u00e1lise e editais e muito mais. Clique e confira!\",\"publisher\":{\"@id\":\"https:\\\/\\\/www.grupomedcof.com.br\\\/blog\\\/#organization\"},\"alternateName\":\"Blog de Medcof: conte\u00fados, editais, revalida e mais!\",\"potentialAction\":[{\"@type\":\"SearchAction\",\"target\":{\"@type\":\"EntryPoint\",\"urlTemplate\":\"https:\\\/\\\/www.grupomedcof.com.br\\\/blog\\\/?s={search_term_string}\"},\"query-input\":{\"@type\":\"PropertyValueSpecification\",\"valueRequired\":true,\"valueName\":\"search_term_string\"}}],\"inLanguage\":\"pt-BR\"},{\"@type\":\"Organization\",\"@id\":\"https:\\\/\\\/www.grupomedcof.com.br\\\/blog\\\/#organization\",\"name\":\"Grupo MedCof\",\"url\":\"https:\\\/\\\/www.grupomedcof.com.br\\\/blog\\\/\",\"logo\":{\"@type\":\"ImageObject\",\"inLanguage\":\"pt-BR\",\"@id\":\"https:\\\/\\\/www.grupomedcof.com.br\\\/blog\\\/#\\\/schema\\\/logo\\\/image\\\/\",\"url\":\"https:\\\/\\\/www.grupomedcof.com.br\\\/blog\\\/wp-content\\\/uploads\\\/2022\\\/01\\\/logo-medcof.png\",\"contentUrl\":\"https:\\\/\\\/www.grupomedcof.com.br\\\/blog\\\/wp-content\\\/uploads\\\/2022\\\/01\\\/logo-medcof.png\",\"width\":768,\"height\":269,\"caption\":\"Grupo MedCof\"},\"image\":{\"@id\":\"https:\\\/\\\/www.grupomedcof.com.br\\\/blog\\\/#\\\/schema\\\/logo\\\/image\\\/\"},\"sameAs\":[\"https:\\\/\\\/www.facebook.com\\\/MedCofQbank\\\/\",\"https:\\\/\\\/www.instagram.com\\\/grupomedcof\\\/\",\"https:\\\/\\\/br.linkedin.com\\\/company\\\/medcof\",\"https:\\\/\\\/www.youtube.com\\\/channel\\\/UCdHMuOHKICxcHwecxN8P-AA\"]},{\"@type\":\"Person\",\"@id\":\"https:\\\/\\\/www.grupomedcof.com.br\\\/blog\\\/#\\\/schema\\\/person\\\/9a44c2184a836bf5ae6967fdb3a1451e\",\"name\":\"Leila Menzel\",\"image\":{\"@type\":\"ImageObject\",\"inLanguage\":\"pt-BR\",\"@id\":\"https:\\\/\\\/www.grupomedcof.com.br\\\/blog\\\/wp-content\\\/uploads\\\/2025\\\/09\\\/cropped-eu-96x96.jpeg19a74936d997c0a8b3031618467fa1d0\",\"url\":\"https:\\\/\\\/www.grupomedcof.com.br\\\/blog\\\/wp-content\\\/uploads\\\/2025\\\/09\\\/cropped-eu-96x96.jpeg\",\"contentUrl\":\"https:\\\/\\\/www.grupomedcof.com.br\\\/blog\\\/wp-content\\\/uploads\\\/2025\\\/09\\\/cropped-eu-96x96.jpeg\",\"caption\":\"Leila Menzel\"},\"description\":\"Estudante do 6\u00b0 semestre de jornalismo, amo e escrevo poesias e viajo em livros de romances clich\u00eas.\",\"url\":\"https:\\\/\\\/www.grupomedcof.com.br\\\/blog\\\/author\\\/leila-menzel\\\/\"}]}<\/script>\n<!-- \/ Yoast SEO Premium plugin. -->","yoast_head_json":{"title":"Sangramento na 2\u00aa Metade da Gesta\u00e7\u00e3o: Diagn\u00f3sticos | MedCof","description":"O Minist\u00e9rio da Sa\u00fade divulgou ontem (14) uma Nota T\u00e9cnica para investigar a Febre Oropouche em gestantes. Veja em nosso blog!","robots":{"index":"index","follow":"follow","max-snippet":"max-snippet:-1","max-image-preview":"max-image-preview:large","max-video-preview":"max-video-preview:-1"},"canonical":"https:\/\/www.grupomedcof.com.br\/blog\/ministerio-da-saude-divulga-nota-tecnica-para-investigacao-de-oropouche-em-gestantes\/","og_locale":"pt_BR","og_type":"article","og_title":"Minist\u00e9rio da Sa\u00fade divulga nota t\u00e9cnica com orienta\u00e7\u00f5es para notifica\u00e7\u00e3o e investiga\u00e7\u00e3o de Oropouche em gestantes","og_description":"O Minist\u00e9rio da Sa\u00fade divulgou ontem (14) uma Nota T\u00e9cnica para investigar a Febre Oropouche em gestantes. Veja em nosso blog!","og_url":"https:\/\/www.grupomedcof.com.br\/blog\/ministerio-da-saude-divulga-nota-tecnica-para-investigacao-de-oropouche-em-gestantes\/","og_site_name":"Blog de Medcof: conte\u00fados, editais, revalida e mais!","article_publisher":"https:\/\/www.facebook.com\/MedCofQbank\/","article_published_time":"2024-08-15T11:14:16+00:00","article_modified_time":"2026-04-24T13:49:30+00:00","og_image":[{"width":1024,"height":576,"url":"https:\/\/www.grupomedcof.com.br\/blog\/wp-content\/uploads\/2024\/08\/Blog-MedCof-2024-08-15T081622.949-1024x576.png","type":"image\/png"}],"author":"Leila Menzel","twitter_card":"summary_large_image","twitter_misc":{"Escrito por":"Leila Menzel","Est. tempo de leitura":"4 minutos"},"schema":{"@context":"https:\/\/schema.org","@graph":[{"@type":"Article","@id":"https:\/\/www.grupomedcof.com.br\/blog\/ministerio-da-saude-divulga-nota-tecnica-para-investigacao-de-oropouche-em-gestantes\/#article","isPartOf":{"@id":"https:\/\/www.grupomedcof.com.br\/blog\/ministerio-da-saude-divulga-nota-tecnica-para-investigacao-de-oropouche-em-gestantes\/"},"author":{"name":"Leila Menzel","@id":"https:\/\/www.grupomedcof.com.br\/blog\/#\/schema\/person\/9a44c2184a836bf5ae6967fdb3a1451e"},"headline":"Minist\u00e9rio da Sa\u00fade divulga nota t\u00e9cnica com orienta\u00e7\u00f5es para notifica\u00e7\u00e3o e investiga\u00e7\u00e3o de Oropouche em gestantes","datePublished":"2024-08-15T11:14:16+00:00","dateModified":"2026-04-24T13:49:30+00:00","mainEntityOfPage":{"@id":"https:\/\/www.grupomedcof.com.br\/blog\/ministerio-da-saude-divulga-nota-tecnica-para-investigacao-de-oropouche-em-gestantes\/"},"wordCount":627,"commentCount":0,"publisher":{"@id":"https:\/\/www.grupomedcof.com.br\/blog\/#organization"},"image":{"@id":"https:\/\/www.grupomedcof.com.br\/blog\/ministerio-da-saude-divulga-nota-tecnica-para-investigacao-de-oropouche-em-gestantes\/#primaryimage"},"thumbnailUrl":"https:\/\/www.grupomedcof.com.br\/blog\/wp-content\/uploads\/2024\/08\/Blog-MedCof-2024-08-15T081622.949.png","keywords":["Ciclo silvestre","Ciclo urbano","Especialidades m\u00e9dicas","Febre Oropouche","Minist\u00e9rio da Sa\u00fade","Nota T\u00e9cnica","Preven\u00e7\u00e3o"],"articleSection":["Destaques MedCof"],"inLanguage":"pt-BR"},{"@type":"WebPage","@id":"https:\/\/www.grupomedcof.com.br\/blog\/ministerio-da-saude-divulga-nota-tecnica-para-investigacao-de-oropouche-em-gestantes\/","url":"https:\/\/www.grupomedcof.com.br\/blog\/ministerio-da-saude-divulga-nota-tecnica-para-investigacao-de-oropouche-em-gestantes\/","name":"Sangramento na 2\u00aa Metade da Gesta\u00e7\u00e3o: Diagn\u00f3sticos | MedCof","isPartOf":{"@id":"https:\/\/www.grupomedcof.com.br\/blog\/#website"},"primaryImageOfPage":{"@id":"https:\/\/www.grupomedcof.com.br\/blog\/ministerio-da-saude-divulga-nota-tecnica-para-investigacao-de-oropouche-em-gestantes\/#primaryimage"},"image":{"@id":"https:\/\/www.grupomedcof.com.br\/blog\/ministerio-da-saude-divulga-nota-tecnica-para-investigacao-de-oropouche-em-gestantes\/#primaryimage"},"thumbnailUrl":"https:\/\/www.grupomedcof.com.br\/blog\/wp-content\/uploads\/2024\/08\/Blog-MedCof-2024-08-15T081622.949.png","datePublished":"2024-08-15T11:14:16+00:00","dateModified":"2026-04-24T13:49:30+00:00","description":"O Minist\u00e9rio da Sa\u00fade divulgou ontem (14) uma Nota T\u00e9cnica para investigar a Febre Oropouche em gestantes. Veja em nosso blog!","breadcrumb":{"@id":"https:\/\/www.grupomedcof.com.br\/blog\/ministerio-da-saude-divulga-nota-tecnica-para-investigacao-de-oropouche-em-gestantes\/#breadcrumb"},"inLanguage":"pt-BR","potentialAction":[{"@type":"ReadAction","target":["https:\/\/www.grupomedcof.com.br\/blog\/ministerio-da-saude-divulga-nota-tecnica-para-investigacao-de-oropouche-em-gestantes\/"]}]},{"@type":"ImageObject","inLanguage":"pt-BR","@id":"https:\/\/www.grupomedcof.com.br\/blog\/ministerio-da-saude-divulga-nota-tecnica-para-investigacao-de-oropouche-em-gestantes\/#primaryimage","url":"https:\/\/www.grupomedcof.com.br\/blog\/wp-content\/uploads\/2024\/08\/Blog-MedCof-2024-08-15T081622.949.png","contentUrl":"https:\/\/www.grupomedcof.com.br\/blog\/wp-content\/uploads\/2024\/08\/Blog-MedCof-2024-08-15T081622.949.png","width":2560,"height":1440},{"@type":"BreadcrumbList","@id":"https:\/\/www.grupomedcof.com.br\/blog\/ministerio-da-saude-divulga-nota-tecnica-para-investigacao-de-oropouche-em-gestantes\/#breadcrumb","itemListElement":[{"@type":"ListItem","position":1,"name":"In\u00edcio","item":"https:\/\/www.grupomedcof.com.br\/blog\/"},{"@type":"ListItem","position":2,"name":"Minist\u00e9rio da Sa\u00fade divulga nota t\u00e9cnica com orienta\u00e7\u00f5es para notifica\u00e7\u00e3o e investiga\u00e7\u00e3o de Oropouche em gestantes"}]},{"@type":"WebSite","@id":"https:\/\/www.grupomedcof.com.br\/blog\/#website","url":"https:\/\/www.grupomedcof.com.br\/blog\/","name":"Blog de Medcof: conte\u00fados, editais, revalida e mais!","description":"Acesso o blog de MedCof! Seu portal de conte\u00fados sobre resid\u00eancia m\u00e9dica, an\u00e1lise e editais e muito mais. Clique e confira!","publisher":{"@id":"https:\/\/www.grupomedcof.com.br\/blog\/#organization"},"alternateName":"Blog de Medcof: conte\u00fados, editais, revalida e mais!","potentialAction":[{"@type":"SearchAction","target":{"@type":"EntryPoint","urlTemplate":"https:\/\/www.grupomedcof.com.br\/blog\/?s={search_term_string}"},"query-input":{"@type":"PropertyValueSpecification","valueRequired":true,"valueName":"search_term_string"}}],"inLanguage":"pt-BR"},{"@type":"Organization","@id":"https:\/\/www.grupomedcof.com.br\/blog\/#organization","name":"Grupo MedCof","url":"https:\/\/www.grupomedcof.com.br\/blog\/","logo":{"@type":"ImageObject","inLanguage":"pt-BR","@id":"https:\/\/www.grupomedcof.com.br\/blog\/#\/schema\/logo\/image\/","url":"https:\/\/www.grupomedcof.com.br\/blog\/wp-content\/uploads\/2022\/01\/logo-medcof.png","contentUrl":"https:\/\/www.grupomedcof.com.br\/blog\/wp-content\/uploads\/2022\/01\/logo-medcof.png","width":768,"height":269,"caption":"Grupo MedCof"},"image":{"@id":"https:\/\/www.grupomedcof.com.br\/blog\/#\/schema\/logo\/image\/"},"sameAs":["https:\/\/www.facebook.com\/MedCofQbank\/","https:\/\/www.instagram.com\/grupomedcof\/","https:\/\/br.linkedin.com\/company\/medcof","https:\/\/www.youtube.com\/channel\/UCdHMuOHKICxcHwecxN8P-AA"]},{"@type":"Person","@id":"https:\/\/www.grupomedcof.com.br\/blog\/#\/schema\/person\/9a44c2184a836bf5ae6967fdb3a1451e","name":"Leila Menzel","image":{"@type":"ImageObject","inLanguage":"pt-BR","@id":"https:\/\/www.grupomedcof.com.br\/blog\/wp-content\/uploads\/2025\/09\/cropped-eu-96x96.jpeg19a74936d997c0a8b3031618467fa1d0","url":"https:\/\/www.grupomedcof.com.br\/blog\/wp-content\/uploads\/2025\/09\/cropped-eu-96x96.jpeg","contentUrl":"https:\/\/www.grupomedcof.com.br\/blog\/wp-content\/uploads\/2025\/09\/cropped-eu-96x96.jpeg","caption":"Leila Menzel"},"description":"Estudante do 6\u00b0 semestre de jornalismo, amo e escrevo poesias e viajo em livros de romances clich\u00eas.","url":"https:\/\/www.grupomedcof.com.br\/blog\/author\/leila-menzel\/"}]}},"authors":[{"term_id":3616,"user_id":20,"is_guest":0,"slug":"leila-menzel","display_name":"Leila Menzel","avatar_url":"https:\/\/www.grupomedcof.com.br\/blog\/wp-content\/uploads\/2025\/09\/cropped-eu-96x96.jpeg","0":null,"1":"","2":"","3":"","4":"","5":"","6":"","7":"","8":""}],"_links":{"self":[{"href":"https:\/\/www.grupomedcof.com.br\/blog\/wp-json\/wp\/v2\/posts\/28790","targetHints":{"allow":["GET"]}}],"collection":[{"href":"https:\/\/www.grupomedcof.com.br\/blog\/wp-json\/wp\/v2\/posts"}],"about":[{"href":"https:\/\/www.grupomedcof.com.br\/blog\/wp-json\/wp\/v2\/types\/post"}],"author":[{"embeddable":true,"href":"https:\/\/www.grupomedcof.com.br\/blog\/wp-json\/wp\/v2\/users\/20"}],"replies":[{"embeddable":true,"href":"https:\/\/www.grupomedcof.com.br\/blog\/wp-json\/wp\/v2\/comments?post=28790"}],"version-history":[{"count":1,"href":"https:\/\/www.grupomedcof.com.br\/blog\/wp-json\/wp\/v2\/posts\/28790\/revisions"}],"predecessor-version":[{"id":43336,"href":"https:\/\/www.grupomedcof.com.br\/blog\/wp-json\/wp\/v2\/posts\/28790\/revisions\/43336"}],"wp:featuredmedia":[{"embeddable":true,"href":"https:\/\/www.grupomedcof.com.br\/blog\/wp-json\/wp\/v2\/media\/28797"}],"wp:attachment":[{"href":"https:\/\/www.grupomedcof.com.br\/blog\/wp-json\/wp\/v2\/media?parent=28790"}],"wp:term":[{"taxonomy":"category","embeddable":true,"href":"https:\/\/www.grupomedcof.com.br\/blog\/wp-json\/wp\/v2\/categories?post=28790"},{"taxonomy":"post_tag","embeddable":true,"href":"https:\/\/www.grupomedcof.com.br\/blog\/wp-json\/wp\/v2\/tags?post=28790"},{"taxonomy":"author","embeddable":true,"href":"https:\/\/www.grupomedcof.com.br\/blog\/wp-json\/wp\/v2\/ppma_author?post=28790"}],"curies":[{"name":"wp","href":"https:\/\/api.w.org\/{rel}","templated":true}]}}