{"id":28852,"date":"2024-08-16T11:40:56","date_gmt":"2024-08-16T14:40:56","guid":{"rendered":"https:\/\/www.grupomedcof.com.br\/blog\/?p=28852"},"modified":"2024-08-22T15:13:32","modified_gmt":"2024-08-22T18:13:32","slug":"super-dicas-sobre-tce-leve-na-pediatria-medica","status":"publish","type":"post","link":"https:\/\/www.grupomedcof.com.br\/blog\/super-dicas-sobre-tce-leve-na-pediatria-medica\/","title":{"rendered":"Super dicas sobre TCE leve na Pediatria M\u00e9dica"},"content":{"rendered":"<div id=\"ez-toc-container\" class=\"ez-toc-v2_0_74 counter-hierarchy ez-toc-counter ez-toc-transparent ez-toc-container-direction\">\n<div class=\"ez-toc-title-container\">\n<p class=\"ez-toc-title\" style=\"cursor:inherit\">Sum\u00e1rio<\/p>\n<span class=\"ez-toc-title-toggle\"><a href=\"#\" class=\"ez-toc-pull-right ez-toc-btn ez-toc-btn-xs ez-toc-btn-default ez-toc-toggle\" aria-label=\"Alternar tabela de conte\u00fado\"><span class=\"ez-toc-js-icon-con\"><span class=\"\"><span class=\"eztoc-hide\" style=\"display:none;\">Toggle<\/span><span class=\"ez-toc-icon-toggle-span\"><svg style=\"fill: #999;color:#999\" xmlns=\"http:\/\/www.w3.org\/2000\/svg\" class=\"list-377408\" width=\"20px\" height=\"20px\" viewBox=\"0 0 24 24\" fill=\"none\"><path d=\"M6 6H4v2h2V6zm14 0H8v2h12V6zM4 11h2v2H4v-2zm16 0H8v2h12v-2zM4 16h2v2H4v-2zm16 0H8v2h12v-2z\" fill=\"currentColor\"><\/path><\/svg><svg style=\"fill: #999;color:#999\" class=\"arrow-unsorted-368013\" xmlns=\"http:\/\/www.w3.org\/2000\/svg\" width=\"10px\" height=\"10px\" viewBox=\"0 0 24 24\" version=\"1.2\" baseProfile=\"tiny\"><path d=\"M18.2 9.3l-6.2-6.3-6.2 6.3c-.2.2-.3.4-.3.7s.1.5.3.7c.2.2.4.3.7.3h11c.3 0 .5-.1.7-.3.2-.2.3-.5.3-.7s-.1-.5-.3-.7zM5.8 14.7l6.2 6.3 6.2-6.3c.2-.2.3-.5.3-.7s-.1-.5-.3-.7c-.2-.2-.4-.3-.7-.3h-11c-.3 0-.5.1-.7.3-.2.2-.3.5-.3.7s.1.5.3.7z\"\/><\/svg><\/span><\/span><\/span><\/a><\/span><\/div>\n<nav><ul class='ez-toc-list ez-toc-list-level-1 ' ><li class='ez-toc-page-1 ez-toc-heading-level-2'><a class=\"ez-toc-link ez-toc-heading-1\" href=\"https:\/\/www.grupomedcof.com.br\/blog\/super-dicas-sobre-tce-leve-na-pediatria-medica\/#O_que_e_TCE\" >O que \u00e9 TCE<\/a><ul class='ez-toc-list-level-3' ><li class='ez-toc-heading-level-3'><a class=\"ez-toc-link ez-toc-heading-2\" href=\"https:\/\/www.grupomedcof.com.br\/blog\/super-dicas-sobre-tce-leve-na-pediatria-medica\/#Definicao_e_Tipos_de_Violencia\" >Defini\u00e7\u00e3o e Tipos de Viol\u00eancia<\/a><\/li><li class='ez-toc-page-1 ez-toc-heading-level-3'><a class=\"ez-toc-link ez-toc-heading-3\" href=\"https:\/\/www.grupomedcof.com.br\/blog\/super-dicas-sobre-tce-leve-na-pediatria-medica\/#Sinais_de_Alerta\" >Sinais de Alerta<\/a><\/li><\/ul><\/li><li class='ez-toc-page-1 ez-toc-heading-level-2'><a class=\"ez-toc-link ez-toc-heading-4\" href=\"https:\/\/www.grupomedcof.com.br\/blog\/super-dicas-sobre-tce-leve-na-pediatria-medica\/#Sindrome_do_Bebe_Sacudido\" >S\u00edndrome do Beb\u00ea Sacudido<\/a><\/li><li class='ez-toc-page-1 ez-toc-heading-level-2'><a class=\"ez-toc-link ez-toc-heading-5\" href=\"https:\/\/www.grupomedcof.com.br\/blog\/super-dicas-sobre-tce-leve-na-pediatria-medica\/#_Conduta_Frente_a_Maus-Tratos\" >&nbsp;Conduta Frente a Maus-Tratos<\/a><\/li><li class='ez-toc-page-1 ez-toc-heading-level-2'><a class=\"ez-toc-link ez-toc-heading-6\" href=\"https:\/\/www.grupomedcof.com.br\/blog\/super-dicas-sobre-tce-leve-na-pediatria-medica\/#Traumatismo_Cranio_Encefalico_TCE\" >Traumatismo Cr\u00e2nio Encef\u00e1lico (TCE)<\/a><ul class='ez-toc-list-level-3' ><li class='ez-toc-heading-level-3'><a class=\"ez-toc-link ez-toc-heading-7\" href=\"https:\/\/www.grupomedcof.com.br\/blog\/super-dicas-sobre-tce-leve-na-pediatria-medica\/#Exame_Fisico_e_Diagnostico\" >Exame F\u00edsico e Diagn\u00f3stico<\/a><\/li><li class='ez-toc-page-1 ez-toc-heading-level-3'><a class=\"ez-toc-link ez-toc-heading-8\" href=\"https:\/\/www.grupomedcof.com.br\/blog\/super-dicas-sobre-tce-leve-na-pediatria-medica\/#Tratamento\" >Tratamento<\/a><\/li><\/ul><\/li><li class='ez-toc-page-1 ez-toc-heading-level-2'><a class=\"ez-toc-link ez-toc-heading-9\" href=\"https:\/\/www.grupomedcof.com.br\/blog\/super-dicas-sobre-tce-leve-na-pediatria-medica\/#Convulsoes_na_Emergencia\" >Convuls\u00f5es na Emerg\u00eancia<\/a><\/li><li class='ez-toc-page-1 ez-toc-heading-level-2'><a class=\"ez-toc-link ez-toc-heading-10\" href=\"https:\/\/www.grupomedcof.com.br\/blog\/super-dicas-sobre-tce-leve-na-pediatria-medica\/#Concluindo%E2%80%A6\" >Concluindo\u2026<\/a><\/li><\/ul><\/nav><\/div>\n\n<figure class=\"wp-block-image size-large\"><img loading=\"lazy\" decoding=\"async\" width=\"1024\" height=\"576\" src=\"https:\/\/www.grupomedcof.com.br\/blog\/wp-content\/uploads\/2024\/08\/Blog-MedCof-1-1024x576.jpg\" alt=\"\" class=\"wp-image-28859\" srcset=\"https:\/\/www.grupomedcof.com.br\/blog\/wp-content\/uploads\/2024\/08\/Blog-MedCof-1-1024x576.jpg 1024w, https:\/\/www.grupomedcof.com.br\/blog\/wp-content\/uploads\/2024\/08\/Blog-MedCof-1-300x169.jpg 300w, https:\/\/www.grupomedcof.com.br\/blog\/wp-content\/uploads\/2024\/08\/Blog-MedCof-1-768x432.jpg 768w, https:\/\/www.grupomedcof.com.br\/blog\/wp-content\/uploads\/2024\/08\/Blog-MedCof-1-1536x864.jpg 1536w, https:\/\/www.grupomedcof.com.br\/blog\/wp-content\/uploads\/2024\/08\/Blog-MedCof-1-2048x1152.jpg 2048w, https:\/\/www.grupomedcof.com.br\/blog\/wp-content\/uploads\/2024\/08\/Blog-MedCof-1-747x420.jpg 747w, https:\/\/www.grupomedcof.com.br\/blog\/wp-content\/uploads\/2024\/08\/Blog-MedCof-1-150x84.jpg 150w, https:\/\/www.grupomedcof.com.br\/blog\/wp-content\/uploads\/2024\/08\/Blog-MedCof-1-696x392.jpg 696w, https:\/\/www.grupomedcof.com.br\/blog\/wp-content\/uploads\/2024\/08\/Blog-MedCof-1-1068x601.jpg 1068w, https:\/\/www.grupomedcof.com.br\/blog\/wp-content\/uploads\/2024\/08\/Blog-MedCof-1-1920x1080.jpg 1920w\" sizes=\"auto, (max-width: 1024px) 100vw, 1024px\" \/><\/figure>\n\n\n\n<h2 class=\"wp-block-heading\" id=\"h-o-que-e-tce\"><span class=\"ez-toc-section\" id=\"O_que_e_TCE\"><\/span><strong>O que \u00e9 TCE<\/strong><span class=\"ez-toc-section-end\"><\/span><\/h2>\n\n\n\n<p>A <strong>viol\u00eancia contra crian\u00e7as e adolescentes<\/strong> \u00e9 um problema grave e multifacetado que exige aten\u00e7\u00e3o e interven\u00e7\u00e3o adequadas. Ent\u00e3o, a MedCof decidiu abordar os aspectos relacionados aos maus-tratos e ao traumatismo cr\u00e2nioencef\u00e1lico (TCE) em crian\u00e7as, destacando sinais de alerta, tipos de viol\u00eancia, e condutas frente a essas situa\u00e7\u00f5es. Nosso resumo explora esses t\u00f3picos por meio dos conte\u00fados ministrados em aula pelos nossos professores em detalhes, oferecendo uma vis\u00e3o abrangente sobre a identifica\u00e7\u00e3o e manejo de casos de maus-tratos e TCE em pediatria.<\/p>\n\n\n\n<h3 class=\"wp-block-heading\" id=\"h-definicao-e-tipos-de-violencia\"><span class=\"ez-toc-section\" id=\"Definicao_e_Tipos_de_Violencia\"><\/span><strong>Defini\u00e7\u00e3o e Tipos de Viol\u00eancia<\/strong><span class=\"ez-toc-section-end\"><\/span><\/h3>\n\n\n\n<p>A viol\u00eancia contra crian\u00e7as e adolescentes \u00e9 definida como qualquer a\u00e7\u00e3o ou omiss\u00e3o que cause dor f\u00edsica ou emocional, seja ela intencional ou n\u00e3o. Quando essa viol\u00eancia \u00e9 perpetrada por um respons\u00e1vel ou algu\u00e9m com la\u00e7os de parentesco ou coabita\u00e7\u00e3o com a v\u00edtima, ela \u00e9 classificada como viol\u00eancia dom\u00e9stica ou intrafamiliar, caracterizando o crime de maus-tratos.<\/p>\n\n\n\n<p>Os tipos de viol\u00eancia incluem:<\/p>\n\n\n\n<ul class=\"wp-block-list\">\n<li>F\u00edsica: Agress\u00f5es que causam les\u00f5es corporais.<\/li>\n\n\n\n<li>Psicol\u00f3gica: A\u00e7\u00f5es que causam danos emocionais.<\/li>\n\n\n\n<li>Neglig\u00eancia ou Omiss\u00e3o: Falta de cuidados b\u00e1sicos necess\u00e1rios.<\/li>\n\n\n\n<li>Sexual: Abuso ou explora\u00e7\u00e3o sexual.<\/li>\n\n\n\n<li>Qu\u00edmica: Uso de medica\u00e7\u00f5es psicotr\u00f3picas sem indica\u00e7\u00e3o.<\/li>\n\n\n\n<li>Autoagress\u00e3o: Comportamentos autolesivos.<\/li>\n<\/ul>\n\n\n\n<h3 class=\"wp-block-heading\" id=\"h-sinais-de-alerta\"><span class=\"ez-toc-section\" id=\"Sinais_de_Alerta\"><\/span><strong>Sinais de Alerta<\/strong><span class=\"ez-toc-section-end\"><\/span><\/h3>\n\n\n\n<p>Existem diversos sinais que podem levantar suspeitas de maus-tratos:<\/p>\n\n\n\n<ul class=\"wp-block-list\">\n<li>Grande frequ\u00eancia ao servi\u00e7o de sa\u00fade: Visitas frequentes e n\u00e3o justificadas podem indicar abuso.<\/li>\n\n\n\n<li>Atraso para procura de atendimento: Demora em buscar ajuda m\u00e9dica ap\u00f3s uma les\u00e3o.<\/li>\n\n\n\n<li>Hist\u00f3ria discordante entre os cuidadores: Relatos inconsistentes sobre como a les\u00e3o ocorreu.<\/li>\n\n\n\n<li>Les\u00f5es em locais incomuns: Ferimentos em \u00e1reas do corpo que n\u00e3o s\u00e3o t\u00edpicas de acidentes comuns.<\/li>\n\n\n\n<li>Les\u00f5es incompat\u00edveis com a idade: Ferimentos que n\u00e3o condizem com a capacidade f\u00edsica da crian\u00e7a.<\/li>\n\n\n\n<li>Est\u00e1gios diferentes de cicatriza\u00e7\u00e3o: Presen\u00e7a de les\u00f5es em diferentes fases de cura, sugerindo agress\u00f5es repetidas.<\/li>\n<\/ul>\n\n\n\n<h2 class=\"wp-block-heading\" id=\"h-sindrome-do-bebe-sacudido\"><span class=\"ez-toc-section\" id=\"Sindrome_do_Bebe_Sacudido\"><\/span><strong>S\u00edndrome do Beb\u00ea Sacudido<\/strong><span class=\"ez-toc-section-end\"><\/span><\/h2>\n\n\n\n<p>A <strong>s\u00edndrome do beb\u00ea sacudido<\/strong>, ou traumatismo cranioencef\u00e1lico abusivo, \u00e9 uma forma grave de maus-tratos. Ela ocorre quando um beb\u00ea \u00e9 violentamente sacudido, resultando em les\u00f5es cerebrais, hemorragias retinianas e fraturas de arcos costais. Este tipo de abuso pode levar a consequ\u00eancias neurol\u00f3gicas severas e at\u00e9 \u00e0 morte.<\/p>\n\n\n\n<h2 class=\"wp-block-heading\" id=\"h-nbsp-conduta-frente-a-maus-tratos\"><span class=\"ez-toc-section\" id=\"_Conduta_Frente_a_Maus-Tratos\"><\/span><strong>&nbsp;Conduta Frente a Maus-Tratos<\/strong><span class=\"ez-toc-section-end\"><\/span><\/h2>\n\n\n\n<p>A abordagem aos casos de maus-tratos deve ser cuidadosa e abrangente. As etapas incluem:<\/p>\n\n\n\n<ul class=\"wp-block-list\">\n<li>Acolhimento: Receber a crian\u00e7a e os cuidadores de forma acolhedora e sem julgamento.<\/li>\n\n\n\n<li>Exame f\u00edsico completo: Avaliar detalhadamente o estado f\u00edsico da crian\u00e7a.<\/li>\n\n\n\n<li>Exames complementares: Realizar exames laboratoriais e de imagem para identificar les\u00f5es internas.<\/li>\n\n\n\n<li>Investiga\u00e7\u00e3o radiol\u00f3gica completa do esqueleto at\u00e9 os 2 anos de idade: Identificar poss\u00edveis fraturas e les\u00f5es \u00f3sseas.<\/li>\n\n\n\n<li>Fundo de olho: Avaliar a presen\u00e7a de hemorragias retinianas.<\/li>\n\n\n\n<li>TC de cr\u00e2nio: Tomografia computadorizada para avaliar les\u00f5es cerebrais.<\/li>\n\n\n\n<li>Hospitaliza\u00e7\u00e3o: Internar a crian\u00e7a se o quadro cl\u00ednico for grave ou se n\u00e3o houver recursos para proteg\u00ea-la de novos epis\u00f3dios de viol\u00eancia.<\/li>\n<\/ul>\n\n\n\n<p>Notifica\u00e7\u00e3o: Informar as autoridades competentes (Conselho Tutelar, Vara de Inf\u00e2ncia e Juventude, Sistema de Informa\u00e7\u00e3o de Agravos de Notifica\u00e7\u00e3o &#8211; Sinan) ao menor sinal de suspeita.<\/p>\n\n\n\n<figure class=\"wp-block-image size-large\"><a href=\"https:\/\/www.grupomedcof.com.br\/cofletters\/\"><img loading=\"lazy\" decoding=\"async\" width=\"1024\" height=\"366\" src=\"https:\/\/www.grupomedcof.com.br\/blog\/wp-content\/uploads\/2024\/08\/Capa-Eventos-MedCof-Plus-14-3-1024x366.png\" alt=\"\" class=\"wp-image-28960\" srcset=\"https:\/\/www.grupomedcof.com.br\/blog\/wp-content\/uploads\/2024\/08\/Capa-Eventos-MedCof-Plus-14-3-1024x366.png 1024w, https:\/\/www.grupomedcof.com.br\/blog\/wp-content\/uploads\/2024\/08\/Capa-Eventos-MedCof-Plus-14-3-300x107.png 300w, https:\/\/www.grupomedcof.com.br\/blog\/wp-content\/uploads\/2024\/08\/Capa-Eventos-MedCof-Plus-14-3-768x275.png 768w, https:\/\/www.grupomedcof.com.br\/blog\/wp-content\/uploads\/2024\/08\/Capa-Eventos-MedCof-Plus-14-3-1536x549.png 1536w, https:\/\/www.grupomedcof.com.br\/blog\/wp-content\/uploads\/2024\/08\/Capa-Eventos-MedCof-Plus-14-3-2048x732.png 2048w, https:\/\/www.grupomedcof.com.br\/blog\/wp-content\/uploads\/2024\/08\/Capa-Eventos-MedCof-Plus-14-3-1174x420.png 1174w, https:\/\/www.grupomedcof.com.br\/blog\/wp-content\/uploads\/2024\/08\/Capa-Eventos-MedCof-Plus-14-3-150x54.png 150w, https:\/\/www.grupomedcof.com.br\/blog\/wp-content\/uploads\/2024\/08\/Capa-Eventos-MedCof-Plus-14-3-696x249.png 696w, https:\/\/www.grupomedcof.com.br\/blog\/wp-content\/uploads\/2024\/08\/Capa-Eventos-MedCof-Plus-14-3-1068x382.png 1068w, https:\/\/www.grupomedcof.com.br\/blog\/wp-content\/uploads\/2024\/08\/Capa-Eventos-MedCof-Plus-14-3-1920x687.png 1920w\" sizes=\"auto, (max-width: 1024px) 100vw, 1024px\" \/><\/a><\/figure>\n\n\n\n<h2 class=\"wp-block-heading\" id=\"h-traumatismo-cranio-encefalico-tce\"><span class=\"ez-toc-section\" id=\"Traumatismo_Cranio_Encefalico_TCE\"><\/span><strong>Traumatismo Cr\u00e2nio Encef\u00e1lico (TCE)<\/strong><span class=\"ez-toc-section-end\"><\/span><\/h2>\n\n\n\n<p>O TCE \u00e9 uma les\u00e3o comum em crian\u00e7as e pode resultar de acidentes ou abusos. A avalia\u00e7\u00e3o inicial deve seguir o protocolo ABCDE, com \u00eanfase na avalia\u00e7\u00e3o neurol\u00f3gica (escala de Coma de Glasgow) e na inspe\u00e7\u00e3o e palpa\u00e7\u00e3o do cr\u00e2nio para sinais de fratura.<\/p>\n\n\n\n<ul class=\"wp-block-list\">\n<li>Sinais de fratura de base de cr\u00e2nio: Olhos de guaxinim, sinal de Battle, otoliquorreia, rinoliquorreia, hemot\u00edmpano, paralisia facial perif\u00e9rica e anosmia.<\/li>\n<\/ul>\n\n\n\n<h3 class=\"wp-block-heading\" id=\"h-exame-fisico-e-diagnostico\"><span class=\"ez-toc-section\" id=\"Exame_Fisico_e_Diagnostico\"><\/span><strong>Exame F\u00edsico e Diagn\u00f3stico<\/strong><span class=\"ez-toc-section-end\"><\/span><\/h3>\n\n\n\n<p>O exame f\u00edsico deve ser minucioso, buscando sinais de fratura e outras les\u00f5es. A escala de Coma de Glasgow \u00e9 utilizada para avaliar o n\u00edvel de consci\u00eancia e identificar d\u00e9ficits neurol\u00f3gicos. A exposi\u00e7\u00e3o e palpa\u00e7\u00e3o do cr\u00e2nio s\u00e3o essenciais para detectar fraturas \u00e0 base de cr\u00e2nio.<\/p>\n\n\n\n<h3 class=\"wp-block-heading\" id=\"h-tratamento\"><span class=\"ez-toc-section\" id=\"Tratamento\"><\/span><strong>Tratamento<\/strong><span class=\"ez-toc-section-end\"><\/span><\/h3>\n\n\n\n<p>O tratamento do TCE varia conforme os achados cl\u00ednicos e de imagem. Em casos de s\u00edndrome do beb\u00ea sacudido, o tratamento inclui interna\u00e7\u00e3o, notifica\u00e7\u00e3o e suporte cl\u00ednico. A abordagem deve ser multidisciplinar, envolvendo pediatras, neurologistas, assistentes sociais e autoridades legais.<\/p>\n\n\n\n<h2 class=\"wp-block-heading\" id=\"h-convulsoes-na-emergencia\"><span class=\"ez-toc-section\" id=\"Convulsoes_na_Emergencia\"><\/span><strong>Convuls\u00f5es na Emerg\u00eancia<\/strong><span class=\"ez-toc-section-end\"><\/span><\/h2>\n\n\n\n<p>Convuls\u00f5es s\u00e3o uma emerg\u00eancia m\u00e9dica comum em pediatria e podem estar associadas a TCE ou maus-tratos. O manejo inclui:<\/p>\n\n\n\n<ul class=\"wp-block-list\">\n<li>Interna\u00e7\u00e3o em UTI e seda\u00e7\u00e3o cont\u00ednua: Utiliza\u00e7\u00e3o de midazolam ou tiopental com EEG cont\u00ednuo.<\/li>\n\n\n\n<li>Tratamento de estado de mal epil\u00e9ptico: Administra\u00e7\u00e3o de drogas antiepil\u00e9pticas e, se necess\u00e1rio, terapia anest\u00e9sica cont\u00ednua.<\/li>\n<\/ul>\n\n\n\n<figure class=\"wp-block-image size-large\"><a href=\"https:\/\/www.grupomedcof.com.br\/cofletters\/\"><img loading=\"lazy\" decoding=\"async\" width=\"1024\" height=\"366\" src=\"https:\/\/www.grupomedcof.com.br\/blog\/wp-content\/uploads\/2024\/08\/Capa-Eventos-MedCof-Plus-14-1024x366.png\" alt=\"\" class=\"wp-image-28867\" srcset=\"https:\/\/www.grupomedcof.com.br\/blog\/wp-content\/uploads\/2024\/08\/Capa-Eventos-MedCof-Plus-14-1024x366.png 1024w, https:\/\/www.grupomedcof.com.br\/blog\/wp-content\/uploads\/2024\/08\/Capa-Eventos-MedCof-Plus-14-300x107.png 300w, https:\/\/www.grupomedcof.com.br\/blog\/wp-content\/uploads\/2024\/08\/Capa-Eventos-MedCof-Plus-14-768x275.png 768w, https:\/\/www.grupomedcof.com.br\/blog\/wp-content\/uploads\/2024\/08\/Capa-Eventos-MedCof-Plus-14-1536x549.png 1536w, https:\/\/www.grupomedcof.com.br\/blog\/wp-content\/uploads\/2024\/08\/Capa-Eventos-MedCof-Plus-14-2048x732.png 2048w, https:\/\/www.grupomedcof.com.br\/blog\/wp-content\/uploads\/2024\/08\/Capa-Eventos-MedCof-Plus-14-1174x420.png 1174w, https:\/\/www.grupomedcof.com.br\/blog\/wp-content\/uploads\/2024\/08\/Capa-Eventos-MedCof-Plus-14-150x54.png 150w, https:\/\/www.grupomedcof.com.br\/blog\/wp-content\/uploads\/2024\/08\/Capa-Eventos-MedCof-Plus-14-696x249.png 696w, https:\/\/www.grupomedcof.com.br\/blog\/wp-content\/uploads\/2024\/08\/Capa-Eventos-MedCof-Plus-14-1068x382.png 1068w, https:\/\/www.grupomedcof.com.br\/blog\/wp-content\/uploads\/2024\/08\/Capa-Eventos-MedCof-Plus-14-1920x687.png 1920w\" sizes=\"auto, (max-width: 1024px) 100vw, 1024px\" \/><\/a><\/figure>\n\n\n\n<h2 class=\"wp-block-heading\" id=\"h-concluindo\"><span class=\"ez-toc-section\" id=\"Concluindo%E2%80%A6\"><\/span><strong>Concluindo\u2026<\/strong><span class=\"ez-toc-section-end\"><\/span><\/h2>\n\n\n\n<p>A identifica\u00e7\u00e3o e manejo de<strong> casos de maus-tratos e TCE em crian\u00e7as <\/strong>s\u00e3o de extrema import\u00e2ncia para garantir a seguran\u00e7a e o bem-estar dos pacientes pedi\u00e1tricos. A abordagem deve ser abrangente, envolvendo avalia\u00e7\u00e3o f\u00edsica detalhada, exames complementares e notifica\u00e7\u00e3o \u00e0s autoridades competentes. A colabora\u00e7\u00e3o entre profissionais de sa\u00fade e \u00f3rg\u00e3os legais \u00e9 fundamental para proteger as crian\u00e7as e proporcionar um ambiente seguro e saud\u00e1vel para seu desenvolvimento. Por isso, v\u00e1 al\u00e9m da revis\u00e3o resumida e teste seus conhecimentos nessa \u00e1rea por meio do nosso banco de <a href=\"https:\/\/www.grupomedcof.com.br\/blog\/qbank-medcof\/\" target=\"_blank\" rel=\"noreferrer noopener\">quest\u00f5es QBank<\/a>. Se voc\u00ea ainda n\u00e3o tem acesso, n\u00e3o perca tempo e <a href=\"https:\/\/www.grupomedcof.com.br\/home\/\" target=\"_blank\" rel=\"noreferrer noopener\">se torne um MedCoffer!<\/a><\/p>\n","protected":false},"excerpt":{"rendered":"<p>A viol\u00eancia contra crian\u00e7as e adolescentes \u00e9 um problema grave e multifacetado que exige aten\u00e7\u00e3o e interven\u00e7\u00e3o adequadas. Veja em nosso blog!<\/p>\n","protected":false},"author":21,"featured_media":28859,"comment_status":"open","ping_status":"open","sticky":false,"template":"","format":"standard","meta":{"footnotes":""},"categories":[120],"tags":[109,117,68,1831],"ppma_author":[3617],"class_list":{"0":"post-28852","1":"post","2":"type-post","3":"status-publish","4":"format-standard","5":"has-post-thumbnail","7":"category-pediatria","8":"tag-pediatria","9":"tag-provas-de-residencia","10":"tag-residencia-medica","11":"tag-tce"},"yoast_head":"<!-- This site is optimized with the Yoast SEO Premium plugin v24.3 (Yoast SEO v27.4) - https:\/\/yoast.com\/product\/yoast-seo-premium-wordpress\/ -->\n<title>Super dicas sobre TCE leve na Pediatria M\u00e9dica - Blog de Medcof: conte\u00fados, editais, revalida e mais!<\/title>\n<meta name=\"description\" content=\"A viol\u00eancia contra crian\u00e7as e adolescentes \u00e9 um problema grave e multifacetado que exige aten\u00e7\u00e3o e interven\u00e7\u00e3o adequadas. Veja em nosso blog!\" \/>\n<meta name=\"robots\" content=\"index, follow, max-snippet:-1, max-image-preview:large, max-video-preview:-1\" \/>\n<link rel=\"canonical\" href=\"https:\/\/www.grupomedcof.com.br\/blog\/super-dicas-sobre-tce-leve-na-pediatria-medica\/\" \/>\n<meta property=\"og:locale\" content=\"pt_BR\" \/>\n<meta property=\"og:type\" content=\"article\" \/>\n<meta property=\"og:title\" content=\"Super dicas sobre TCE leve na Pediatria M\u00e9dica\" \/>\n<meta property=\"og:description\" content=\"A viol\u00eancia contra crian\u00e7as e adolescentes \u00e9 um problema grave e multifacetado que exige aten\u00e7\u00e3o e interven\u00e7\u00e3o adequadas. Veja em nosso blog!\" \/>\n<meta property=\"og:url\" content=\"https:\/\/www.grupomedcof.com.br\/blog\/super-dicas-sobre-tce-leve-na-pediatria-medica\/\" \/>\n<meta property=\"og:site_name\" content=\"Blog de Medcof: conte\u00fados, editais, revalida e mais!\" \/>\n<meta property=\"article:publisher\" content=\"https:\/\/www.facebook.com\/MedCofQbank\/\" \/>\n<meta property=\"article:published_time\" content=\"2024-08-16T14:40:56+00:00\" \/>\n<meta property=\"article:modified_time\" content=\"2024-08-22T18:13:32+00:00\" \/>\n<meta property=\"og:image\" content=\"https:\/\/www.grupomedcof.com.br\/blog\/wp-content\/uploads\/2024\/08\/Blog-MedCof-1-scaled.jpg\" \/>\n\t<meta property=\"og:image:width\" content=\"2560\" \/>\n\t<meta property=\"og:image:height\" content=\"1440\" \/>\n\t<meta property=\"og:image:type\" content=\"image\/jpeg\" \/>\n<meta name=\"author\" content=\"Kiara Adelino\" \/>\n<meta name=\"twitter:card\" content=\"summary_large_image\" \/>\n<meta name=\"twitter:label1\" content=\"Escrito por\" \/>\n\t<meta name=\"twitter:data1\" content=\"Kiara Adelino\" \/>\n\t<meta name=\"twitter:label2\" content=\"Est. tempo de leitura\" \/>\n\t<meta name=\"twitter:data2\" content=\"6 minutos\" \/>\n<script type=\"application\/ld+json\" class=\"yoast-schema-graph\">{\"@context\":\"https:\\\/\\\/schema.org\",\"@graph\":[{\"@type\":\"Article\",\"@id\":\"https:\\\/\\\/www.grupomedcof.com.br\\\/blog\\\/super-dicas-sobre-tce-leve-na-pediatria-medica\\\/#article\",\"isPartOf\":{\"@id\":\"https:\\\/\\\/www.grupomedcof.com.br\\\/blog\\\/super-dicas-sobre-tce-leve-na-pediatria-medica\\\/\"},\"author\":{\"name\":\"Kiara Adelino\",\"@id\":\"https:\\\/\\\/www.grupomedcof.com.br\\\/blog\\\/#\\\/schema\\\/person\\\/db19a651f86c5fc202d6eee744fd3292\"},\"headline\":\"Super dicas sobre TCE leve na Pediatria M\u00e9dica\",\"datePublished\":\"2024-08-16T14:40:56+00:00\",\"dateModified\":\"2024-08-22T18:13:32+00:00\",\"mainEntityOfPage\":{\"@id\":\"https:\\\/\\\/www.grupomedcof.com.br\\\/blog\\\/super-dicas-sobre-tce-leve-na-pediatria-medica\\\/\"},\"wordCount\":949,\"commentCount\":0,\"publisher\":{\"@id\":\"https:\\\/\\\/www.grupomedcof.com.br\\\/blog\\\/#organization\"},\"image\":{\"@id\":\"https:\\\/\\\/www.grupomedcof.com.br\\\/blog\\\/super-dicas-sobre-tce-leve-na-pediatria-medica\\\/#primaryimage\"},\"thumbnailUrl\":\"https:\\\/\\\/www.grupomedcof.com.br\\\/blog\\\/wp-content\\\/uploads\\\/2024\\\/08\\\/Blog-MedCof-1-scaled.jpg\",\"keywords\":[\"Pediatria\",\"Provas de Resid\u00eancia\",\"Resid\u00eancia M\u00e9dica\",\"TCE\"],\"articleSection\":[\"Pediatria\"],\"inLanguage\":\"pt-BR\"},{\"@type\":\"WebPage\",\"@id\":\"https:\\\/\\\/www.grupomedcof.com.br\\\/blog\\\/super-dicas-sobre-tce-leve-na-pediatria-medica\\\/\",\"url\":\"https:\\\/\\\/www.grupomedcof.com.br\\\/blog\\\/super-dicas-sobre-tce-leve-na-pediatria-medica\\\/\",\"name\":\"Super dicas sobre TCE leve na Pediatria M\u00e9dica - Blog de Medcof: conte\u00fados, editais, revalida e mais!\",\"isPartOf\":{\"@id\":\"https:\\\/\\\/www.grupomedcof.com.br\\\/blog\\\/#website\"},\"primaryImageOfPage\":{\"@id\":\"https:\\\/\\\/www.grupomedcof.com.br\\\/blog\\\/super-dicas-sobre-tce-leve-na-pediatria-medica\\\/#primaryimage\"},\"image\":{\"@id\":\"https:\\\/\\\/www.grupomedcof.com.br\\\/blog\\\/super-dicas-sobre-tce-leve-na-pediatria-medica\\\/#primaryimage\"},\"thumbnailUrl\":\"https:\\\/\\\/www.grupomedcof.com.br\\\/blog\\\/wp-content\\\/uploads\\\/2024\\\/08\\\/Blog-MedCof-1-scaled.jpg\",\"datePublished\":\"2024-08-16T14:40:56+00:00\",\"dateModified\":\"2024-08-22T18:13:32+00:00\",\"description\":\"A viol\u00eancia contra crian\u00e7as e adolescentes \u00e9 um problema grave e multifacetado que exige aten\u00e7\u00e3o e interven\u00e7\u00e3o adequadas. Veja em nosso blog!\",\"breadcrumb\":{\"@id\":\"https:\\\/\\\/www.grupomedcof.com.br\\\/blog\\\/super-dicas-sobre-tce-leve-na-pediatria-medica\\\/#breadcrumb\"},\"inLanguage\":\"pt-BR\",\"potentialAction\":[{\"@type\":\"ReadAction\",\"target\":[\"https:\\\/\\\/www.grupomedcof.com.br\\\/blog\\\/super-dicas-sobre-tce-leve-na-pediatria-medica\\\/\"]}]},{\"@type\":\"ImageObject\",\"inLanguage\":\"pt-BR\",\"@id\":\"https:\\\/\\\/www.grupomedcof.com.br\\\/blog\\\/super-dicas-sobre-tce-leve-na-pediatria-medica\\\/#primaryimage\",\"url\":\"https:\\\/\\\/www.grupomedcof.com.br\\\/blog\\\/wp-content\\\/uploads\\\/2024\\\/08\\\/Blog-MedCof-1-scaled.jpg\",\"contentUrl\":\"https:\\\/\\\/www.grupomedcof.com.br\\\/blog\\\/wp-content\\\/uploads\\\/2024\\\/08\\\/Blog-MedCof-1-scaled.jpg\",\"width\":2560,\"height\":1440},{\"@type\":\"BreadcrumbList\",\"@id\":\"https:\\\/\\\/www.grupomedcof.com.br\\\/blog\\\/super-dicas-sobre-tce-leve-na-pediatria-medica\\\/#breadcrumb\",\"itemListElement\":[{\"@type\":\"ListItem\",\"position\":1,\"name\":\"In\u00edcio\",\"item\":\"https:\\\/\\\/www.grupomedcof.com.br\\\/blog\\\/\"},{\"@type\":\"ListItem\",\"position\":2,\"name\":\"Super dicas sobre TCE leve na Pediatria M\u00e9dica\"}]},{\"@type\":\"WebSite\",\"@id\":\"https:\\\/\\\/www.grupomedcof.com.br\\\/blog\\\/#website\",\"url\":\"https:\\\/\\\/www.grupomedcof.com.br\\\/blog\\\/\",\"name\":\"Blog de Medcof: conte\u00fados, editais, revalida e mais!\",\"description\":\"Acesso o blog de MedCof! Seu portal de conte\u00fados sobre resid\u00eancia m\u00e9dica, an\u00e1lise e editais e muito mais. Clique e confira!\",\"publisher\":{\"@id\":\"https:\\\/\\\/www.grupomedcof.com.br\\\/blog\\\/#organization\"},\"alternateName\":\"Blog de Medcof: conte\u00fados, editais, revalida e mais!\",\"potentialAction\":[{\"@type\":\"SearchAction\",\"target\":{\"@type\":\"EntryPoint\",\"urlTemplate\":\"https:\\\/\\\/www.grupomedcof.com.br\\\/blog\\\/?s={search_term_string}\"},\"query-input\":{\"@type\":\"PropertyValueSpecification\",\"valueRequired\":true,\"valueName\":\"search_term_string\"}}],\"inLanguage\":\"pt-BR\"},{\"@type\":\"Organization\",\"@id\":\"https:\\\/\\\/www.grupomedcof.com.br\\\/blog\\\/#organization\",\"name\":\"Grupo MedCof\",\"url\":\"https:\\\/\\\/www.grupomedcof.com.br\\\/blog\\\/\",\"logo\":{\"@type\":\"ImageObject\",\"inLanguage\":\"pt-BR\",\"@id\":\"https:\\\/\\\/www.grupomedcof.com.br\\\/blog\\\/#\\\/schema\\\/logo\\\/image\\\/\",\"url\":\"https:\\\/\\\/www.grupomedcof.com.br\\\/blog\\\/wp-content\\\/uploads\\\/2022\\\/01\\\/logo-medcof.png\",\"contentUrl\":\"https:\\\/\\\/www.grupomedcof.com.br\\\/blog\\\/wp-content\\\/uploads\\\/2022\\\/01\\\/logo-medcof.png\",\"width\":768,\"height\":269,\"caption\":\"Grupo MedCof\"},\"image\":{\"@id\":\"https:\\\/\\\/www.grupomedcof.com.br\\\/blog\\\/#\\\/schema\\\/logo\\\/image\\\/\"},\"sameAs\":[\"https:\\\/\\\/www.facebook.com\\\/MedCofQbank\\\/\",\"https:\\\/\\\/www.instagram.com\\\/grupomedcof\\\/\",\"https:\\\/\\\/br.linkedin.com\\\/company\\\/medcof\",\"https:\\\/\\\/www.youtube.com\\\/channel\\\/UCdHMuOHKICxcHwecxN8P-AA\"]},{\"@type\":\"Person\",\"@id\":\"https:\\\/\\\/www.grupomedcof.com.br\\\/blog\\\/#\\\/schema\\\/person\\\/db19a651f86c5fc202d6eee744fd3292\",\"name\":\"Kiara Adelino\",\"image\":{\"@type\":\"ImageObject\",\"inLanguage\":\"pt-BR\",\"@id\":\"https:\\\/\\\/www.grupomedcof.com.br\\\/blog\\\/wp-content\\\/uploads\\\/2024\\\/08\\\/cropped-Kiara-Adelino2-96x96.jpega85663bdda67261f8f06f86e555e1e49\",\"url\":\"https:\\\/\\\/www.grupomedcof.com.br\\\/blog\\\/wp-content\\\/uploads\\\/2024\\\/08\\\/cropped-Kiara-Adelino2-96x96.jpeg\",\"contentUrl\":\"https:\\\/\\\/www.grupomedcof.com.br\\\/blog\\\/wp-content\\\/uploads\\\/2024\\\/08\\\/cropped-Kiara-Adelino2-96x96.jpeg\",\"caption\":\"Kiara Adelino\"},\"description\":\"Estudante do 5\u00b0 semestre de Medicina. Gosto bastante de aprender coisas novas, principalmente na \u00e1rea de Neurologia e Anatomia humana.\",\"url\":\"https:\\\/\\\/www.grupomedcof.com.br\\\/blog\\\/author\\\/kiara-adelino\\\/\"}]}<\/script>\n<!-- \/ Yoast SEO Premium plugin. -->","yoast_head_json":{"title":"Super dicas sobre TCE leve na Pediatria M\u00e9dica - Blog de Medcof: conte\u00fados, editais, revalida e mais!","description":"A viol\u00eancia contra crian\u00e7as e adolescentes \u00e9 um problema grave e multifacetado que exige aten\u00e7\u00e3o e interven\u00e7\u00e3o adequadas. Veja em nosso blog!","robots":{"index":"index","follow":"follow","max-snippet":"max-snippet:-1","max-image-preview":"max-image-preview:large","max-video-preview":"max-video-preview:-1"},"canonical":"https:\/\/www.grupomedcof.com.br\/blog\/super-dicas-sobre-tce-leve-na-pediatria-medica\/","og_locale":"pt_BR","og_type":"article","og_title":"Super dicas sobre TCE leve na Pediatria M\u00e9dica","og_description":"A viol\u00eancia contra crian\u00e7as e adolescentes \u00e9 um problema grave e multifacetado que exige aten\u00e7\u00e3o e interven\u00e7\u00e3o adequadas. Veja em nosso blog!","og_url":"https:\/\/www.grupomedcof.com.br\/blog\/super-dicas-sobre-tce-leve-na-pediatria-medica\/","og_site_name":"Blog de Medcof: conte\u00fados, editais, revalida e mais!","article_publisher":"https:\/\/www.facebook.com\/MedCofQbank\/","article_published_time":"2024-08-16T14:40:56+00:00","article_modified_time":"2024-08-22T18:13:32+00:00","og_image":[{"width":2560,"height":1440,"url":"https:\/\/www.grupomedcof.com.br\/blog\/wp-content\/uploads\/2024\/08\/Blog-MedCof-1-scaled.jpg","type":"image\/jpeg"}],"author":"Kiara Adelino","twitter_card":"summary_large_image","twitter_misc":{"Escrito por":"Kiara Adelino","Est. tempo de leitura":"6 minutos"},"schema":{"@context":"https:\/\/schema.org","@graph":[{"@type":"Article","@id":"https:\/\/www.grupomedcof.com.br\/blog\/super-dicas-sobre-tce-leve-na-pediatria-medica\/#article","isPartOf":{"@id":"https:\/\/www.grupomedcof.com.br\/blog\/super-dicas-sobre-tce-leve-na-pediatria-medica\/"},"author":{"name":"Kiara Adelino","@id":"https:\/\/www.grupomedcof.com.br\/blog\/#\/schema\/person\/db19a651f86c5fc202d6eee744fd3292"},"headline":"Super dicas sobre TCE leve na Pediatria M\u00e9dica","datePublished":"2024-08-16T14:40:56+00:00","dateModified":"2024-08-22T18:13:32+00:00","mainEntityOfPage":{"@id":"https:\/\/www.grupomedcof.com.br\/blog\/super-dicas-sobre-tce-leve-na-pediatria-medica\/"},"wordCount":949,"commentCount":0,"publisher":{"@id":"https:\/\/www.grupomedcof.com.br\/blog\/#organization"},"image":{"@id":"https:\/\/www.grupomedcof.com.br\/blog\/super-dicas-sobre-tce-leve-na-pediatria-medica\/#primaryimage"},"thumbnailUrl":"https:\/\/www.grupomedcof.com.br\/blog\/wp-content\/uploads\/2024\/08\/Blog-MedCof-1-scaled.jpg","keywords":["Pediatria","Provas de Resid\u00eancia","Resid\u00eancia M\u00e9dica","TCE"],"articleSection":["Pediatria"],"inLanguage":"pt-BR"},{"@type":"WebPage","@id":"https:\/\/www.grupomedcof.com.br\/blog\/super-dicas-sobre-tce-leve-na-pediatria-medica\/","url":"https:\/\/www.grupomedcof.com.br\/blog\/super-dicas-sobre-tce-leve-na-pediatria-medica\/","name":"Super dicas sobre TCE leve na Pediatria M\u00e9dica - Blog de Medcof: conte\u00fados, editais, revalida e mais!","isPartOf":{"@id":"https:\/\/www.grupomedcof.com.br\/blog\/#website"},"primaryImageOfPage":{"@id":"https:\/\/www.grupomedcof.com.br\/blog\/super-dicas-sobre-tce-leve-na-pediatria-medica\/#primaryimage"},"image":{"@id":"https:\/\/www.grupomedcof.com.br\/blog\/super-dicas-sobre-tce-leve-na-pediatria-medica\/#primaryimage"},"thumbnailUrl":"https:\/\/www.grupomedcof.com.br\/blog\/wp-content\/uploads\/2024\/08\/Blog-MedCof-1-scaled.jpg","datePublished":"2024-08-16T14:40:56+00:00","dateModified":"2024-08-22T18:13:32+00:00","description":"A viol\u00eancia contra crian\u00e7as e adolescentes \u00e9 um problema grave e multifacetado que exige aten\u00e7\u00e3o e interven\u00e7\u00e3o adequadas. Veja em nosso blog!","breadcrumb":{"@id":"https:\/\/www.grupomedcof.com.br\/blog\/super-dicas-sobre-tce-leve-na-pediatria-medica\/#breadcrumb"},"inLanguage":"pt-BR","potentialAction":[{"@type":"ReadAction","target":["https:\/\/www.grupomedcof.com.br\/blog\/super-dicas-sobre-tce-leve-na-pediatria-medica\/"]}]},{"@type":"ImageObject","inLanguage":"pt-BR","@id":"https:\/\/www.grupomedcof.com.br\/blog\/super-dicas-sobre-tce-leve-na-pediatria-medica\/#primaryimage","url":"https:\/\/www.grupomedcof.com.br\/blog\/wp-content\/uploads\/2024\/08\/Blog-MedCof-1-scaled.jpg","contentUrl":"https:\/\/www.grupomedcof.com.br\/blog\/wp-content\/uploads\/2024\/08\/Blog-MedCof-1-scaled.jpg","width":2560,"height":1440},{"@type":"BreadcrumbList","@id":"https:\/\/www.grupomedcof.com.br\/blog\/super-dicas-sobre-tce-leve-na-pediatria-medica\/#breadcrumb","itemListElement":[{"@type":"ListItem","position":1,"name":"In\u00edcio","item":"https:\/\/www.grupomedcof.com.br\/blog\/"},{"@type":"ListItem","position":2,"name":"Super dicas sobre TCE leve na Pediatria M\u00e9dica"}]},{"@type":"WebSite","@id":"https:\/\/www.grupomedcof.com.br\/blog\/#website","url":"https:\/\/www.grupomedcof.com.br\/blog\/","name":"Blog de Medcof: conte\u00fados, editais, revalida e mais!","description":"Acesso o blog de MedCof! Seu portal de conte\u00fados sobre resid\u00eancia m\u00e9dica, an\u00e1lise e editais e muito mais. Clique e confira!","publisher":{"@id":"https:\/\/www.grupomedcof.com.br\/blog\/#organization"},"alternateName":"Blog de Medcof: conte\u00fados, editais, revalida e mais!","potentialAction":[{"@type":"SearchAction","target":{"@type":"EntryPoint","urlTemplate":"https:\/\/www.grupomedcof.com.br\/blog\/?s={search_term_string}"},"query-input":{"@type":"PropertyValueSpecification","valueRequired":true,"valueName":"search_term_string"}}],"inLanguage":"pt-BR"},{"@type":"Organization","@id":"https:\/\/www.grupomedcof.com.br\/blog\/#organization","name":"Grupo MedCof","url":"https:\/\/www.grupomedcof.com.br\/blog\/","logo":{"@type":"ImageObject","inLanguage":"pt-BR","@id":"https:\/\/www.grupomedcof.com.br\/blog\/#\/schema\/logo\/image\/","url":"https:\/\/www.grupomedcof.com.br\/blog\/wp-content\/uploads\/2022\/01\/logo-medcof.png","contentUrl":"https:\/\/www.grupomedcof.com.br\/blog\/wp-content\/uploads\/2022\/01\/logo-medcof.png","width":768,"height":269,"caption":"Grupo MedCof"},"image":{"@id":"https:\/\/www.grupomedcof.com.br\/blog\/#\/schema\/logo\/image\/"},"sameAs":["https:\/\/www.facebook.com\/MedCofQbank\/","https:\/\/www.instagram.com\/grupomedcof\/","https:\/\/br.linkedin.com\/company\/medcof","https:\/\/www.youtube.com\/channel\/UCdHMuOHKICxcHwecxN8P-AA"]},{"@type":"Person","@id":"https:\/\/www.grupomedcof.com.br\/blog\/#\/schema\/person\/db19a651f86c5fc202d6eee744fd3292","name":"Kiara Adelino","image":{"@type":"ImageObject","inLanguage":"pt-BR","@id":"https:\/\/www.grupomedcof.com.br\/blog\/wp-content\/uploads\/2024\/08\/cropped-Kiara-Adelino2-96x96.jpega85663bdda67261f8f06f86e555e1e49","url":"https:\/\/www.grupomedcof.com.br\/blog\/wp-content\/uploads\/2024\/08\/cropped-Kiara-Adelino2-96x96.jpeg","contentUrl":"https:\/\/www.grupomedcof.com.br\/blog\/wp-content\/uploads\/2024\/08\/cropped-Kiara-Adelino2-96x96.jpeg","caption":"Kiara Adelino"},"description":"Estudante do 5\u00b0 semestre de Medicina. Gosto bastante de aprender coisas novas, principalmente na \u00e1rea de Neurologia e Anatomia humana.","url":"https:\/\/www.grupomedcof.com.br\/blog\/author\/kiara-adelino\/"}]}},"authors":[{"term_id":3617,"user_id":21,"is_guest":0,"slug":"kiara-adelino","display_name":"Kiara Adelino","avatar_url":"https:\/\/www.grupomedcof.com.br\/blog\/wp-content\/uploads\/2024\/08\/cropped-Kiara-Adelino2-96x96.jpeg","0":null,"1":"","2":"","3":"","4":"","5":"","6":"","7":"","8":""}],"_links":{"self":[{"href":"https:\/\/www.grupomedcof.com.br\/blog\/wp-json\/wp\/v2\/posts\/28852","targetHints":{"allow":["GET"]}}],"collection":[{"href":"https:\/\/www.grupomedcof.com.br\/blog\/wp-json\/wp\/v2\/posts"}],"about":[{"href":"https:\/\/www.grupomedcof.com.br\/blog\/wp-json\/wp\/v2\/types\/post"}],"author":[{"embeddable":true,"href":"https:\/\/www.grupomedcof.com.br\/blog\/wp-json\/wp\/v2\/users\/21"}],"replies":[{"embeddable":true,"href":"https:\/\/www.grupomedcof.com.br\/blog\/wp-json\/wp\/v2\/comments?post=28852"}],"version-history":[{"count":0,"href":"https:\/\/www.grupomedcof.com.br\/blog\/wp-json\/wp\/v2\/posts\/28852\/revisions"}],"wp:featuredmedia":[{"embeddable":true,"href":"https:\/\/www.grupomedcof.com.br\/blog\/wp-json\/wp\/v2\/media\/28859"}],"wp:attachment":[{"href":"https:\/\/www.grupomedcof.com.br\/blog\/wp-json\/wp\/v2\/media?parent=28852"}],"wp:term":[{"taxonomy":"category","embeddable":true,"href":"https:\/\/www.grupomedcof.com.br\/blog\/wp-json\/wp\/v2\/categories?post=28852"},{"taxonomy":"post_tag","embeddable":true,"href":"https:\/\/www.grupomedcof.com.br\/blog\/wp-json\/wp\/v2\/tags?post=28852"},{"taxonomy":"author","embeddable":true,"href":"https:\/\/www.grupomedcof.com.br\/blog\/wp-json\/wp\/v2\/ppma_author?post=28852"}],"curies":[{"name":"wp","href":"https:\/\/api.w.org\/{rel}","templated":true}]}}