{"id":28861,"date":"2024-08-16T13:55:18","date_gmt":"2024-08-16T16:55:18","guid":{"rendered":"https:\/\/www.grupomedcof.com.br\/blog\/?p=28861"},"modified":"2025-12-22T12:34:35","modified_gmt":"2025-12-22T15:34:35","slug":"guia-basico-sobre-monitoracao-de-anestesias-para-estudantes-de-residencia","status":"publish","type":"post","link":"https:\/\/www.grupomedcof.com.br\/blog\/guia-basico-sobre-monitoracao-de-anestesias-para-estudantes-de-residencia\/","title":{"rendered":"Guia b\u00e1sico sobre Monitora\u00e7\u00e3o de Anestesias para residentes"},"content":{"rendered":"<div id=\"ez-toc-container\" class=\"ez-toc-v2_0_74 counter-hierarchy ez-toc-counter ez-toc-transparent ez-toc-container-direction\">\n<div class=\"ez-toc-title-container\">\n<p class=\"ez-toc-title\" style=\"cursor:inherit\">Sum\u00e1rio<\/p>\n<span class=\"ez-toc-title-toggle\"><a href=\"#\" class=\"ez-toc-pull-right ez-toc-btn ez-toc-btn-xs ez-toc-btn-default ez-toc-toggle\" aria-label=\"Alternar tabela de conte\u00fado\"><span class=\"ez-toc-js-icon-con\"><span class=\"\"><span class=\"eztoc-hide\" style=\"display:none;\">Toggle<\/span><span class=\"ez-toc-icon-toggle-span\"><svg style=\"fill: #999;color:#999\" xmlns=\"http:\/\/www.w3.org\/2000\/svg\" class=\"list-377408\" width=\"20px\" height=\"20px\" viewBox=\"0 0 24 24\" fill=\"none\"><path d=\"M6 6H4v2h2V6zm14 0H8v2h12V6zM4 11h2v2H4v-2zm16 0H8v2h12v-2zM4 16h2v2H4v-2zm16 0H8v2h12v-2z\" fill=\"currentColor\"><\/path><\/svg><svg style=\"fill: #999;color:#999\" class=\"arrow-unsorted-368013\" xmlns=\"http:\/\/www.w3.org\/2000\/svg\" width=\"10px\" height=\"10px\" viewBox=\"0 0 24 24\" version=\"1.2\" baseProfile=\"tiny\"><path d=\"M18.2 9.3l-6.2-6.3-6.2 6.3c-.2.2-.3.4-.3.7s.1.5.3.7c.2.2.4.3.7.3h11c.3 0 .5-.1.7-.3.2-.2.3-.5.3-.7s-.1-.5-.3-.7zM5.8 14.7l6.2 6.3 6.2-6.3c.2-.2.3-.5.3-.7s-.1-.5-.3-.7c-.2-.2-.4-.3-.7-.3h-11c-.3 0-.5.1-.7.3-.2.2-.3.5-.3.7s.1.5.3.7z\"\/><\/svg><\/span><\/span><\/span><\/a><\/span><\/div>\n<nav><ul class='ez-toc-list ez-toc-list-level-1 ' ><li class='ez-toc-page-1 ez-toc-heading-level-2'><a class=\"ez-toc-link ez-toc-heading-1\" href=\"https:\/\/www.grupomedcof.com.br\/blog\/guia-basico-sobre-monitoracao-de-anestesias-para-estudantes-de-residencia\/#Monitoracao_em_anestesias\" >Monitora\u00e7\u00e3o em anestesias&nbsp;<\/a><ul class='ez-toc-list-level-3' ><li class='ez-toc-heading-level-3'><a class=\"ez-toc-link ez-toc-heading-2\" href=\"https:\/\/www.grupomedcof.com.br\/blog\/guia-basico-sobre-monitoracao-de-anestesias-para-estudantes-de-residencia\/#Profundidade_Anestesica\" >Profundidade Anest\u00e9sica<\/a><\/li><li class='ez-toc-page-1 ez-toc-heading-level-3'><a class=\"ez-toc-link ez-toc-heading-3\" href=\"https:\/\/www.grupomedcof.com.br\/blog\/guia-basico-sobre-monitoracao-de-anestesias-para-estudantes-de-residencia\/#Juncao_Neuromuscular\" >Jun\u00e7\u00e3o Neuromuscular<\/a><\/li><li class='ez-toc-page-1 ez-toc-heading-level-3'><a class=\"ez-toc-link ez-toc-heading-4\" href=\"https:\/\/www.grupomedcof.com.br\/blog\/guia-basico-sobre-monitoracao-de-anestesias-para-estudantes-de-residencia\/#Capnografia\" >Capnografia<\/a><\/li><li class='ez-toc-page-1 ez-toc-heading-level-3'><a class=\"ez-toc-link ez-toc-heading-5\" href=\"https:\/\/www.grupomedcof.com.br\/blog\/guia-basico-sobre-monitoracao-de-anestesias-para-estudantes-de-residencia\/#Oximetria\" >Oximetria<\/a><\/li><\/ul><\/li><li class='ez-toc-page-1 ez-toc-heading-level-2'><a class=\"ez-toc-link ez-toc-heading-6\" href=\"https:\/\/www.grupomedcof.com.br\/blog\/guia-basico-sobre-monitoracao-de-anestesias-para-estudantes-de-residencia\/#Monitoracao_Multiparametrica\" >Monitora\u00e7\u00e3o Multiparam\u00e9trica<\/a><ul class='ez-toc-list-level-3' ><li class='ez-toc-heading-level-3'><a class=\"ez-toc-link ez-toc-heading-7\" href=\"https:\/\/www.grupomedcof.com.br\/blog\/guia-basico-sobre-monitoracao-de-anestesias-para-estudantes-de-residencia\/#Lei_de_Poiseuille\" >Lei de Poiseuille<\/a><\/li><li class='ez-toc-page-1 ez-toc-heading-level-3'><a class=\"ez-toc-link ez-toc-heading-8\" href=\"https:\/\/www.grupomedcof.com.br\/blog\/guia-basico-sobre-monitoracao-de-anestesias-para-estudantes-de-residencia\/#Coagulacao_e_Tromboelastograma\" >Coagula\u00e7\u00e3o e Tromboelastograma<\/a><\/li><\/ul><\/li><li class='ez-toc-page-1 ez-toc-heading-level-2'><a class=\"ez-toc-link ez-toc-heading-9\" href=\"https:\/\/www.grupomedcof.com.br\/blog\/guia-basico-sobre-monitoracao-de-anestesias-para-estudantes-de-residencia\/#Resumindo%E2%80%A6\" >Resumindo\u2026<\/a><\/li><\/ul><\/nav><\/div>\n\n<figure class=\"wp-block-image size-large\"><img loading=\"lazy\" decoding=\"async\" width=\"1024\" height=\"576\" src=\"https:\/\/www.grupomedcof.com.br\/blog\/wp-content\/uploads\/2024\/08\/Blog-MedCof-2024-08-16T135307.686-1024x576.png\" alt=\"\" class=\"wp-image-28865\" srcset=\"https:\/\/www.grupomedcof.com.br\/blog\/wp-content\/uploads\/2024\/08\/Blog-MedCof-2024-08-16T135307.686-1024x576.png 1024w, https:\/\/www.grupomedcof.com.br\/blog\/wp-content\/uploads\/2024\/08\/Blog-MedCof-2024-08-16T135307.686-300x169.png 300w, https:\/\/www.grupomedcof.com.br\/blog\/wp-content\/uploads\/2024\/08\/Blog-MedCof-2024-08-16T135307.686-768x432.png 768w, https:\/\/www.grupomedcof.com.br\/blog\/wp-content\/uploads\/2024\/08\/Blog-MedCof-2024-08-16T135307.686-1536x864.png 1536w, https:\/\/www.grupomedcof.com.br\/blog\/wp-content\/uploads\/2024\/08\/Blog-MedCof-2024-08-16T135307.686-2048x1152.png 2048w, https:\/\/www.grupomedcof.com.br\/blog\/wp-content\/uploads\/2024\/08\/Blog-MedCof-2024-08-16T135307.686-747x420.png 747w, https:\/\/www.grupomedcof.com.br\/blog\/wp-content\/uploads\/2024\/08\/Blog-MedCof-2024-08-16T135307.686-150x84.png 150w, https:\/\/www.grupomedcof.com.br\/blog\/wp-content\/uploads\/2024\/08\/Blog-MedCof-2024-08-16T135307.686-696x392.png 696w, https:\/\/www.grupomedcof.com.br\/blog\/wp-content\/uploads\/2024\/08\/Blog-MedCof-2024-08-16T135307.686-1068x601.png 1068w, https:\/\/www.grupomedcof.com.br\/blog\/wp-content\/uploads\/2024\/08\/Blog-MedCof-2024-08-16T135307.686-1920x1080.png 1920w\" sizes=\"auto, (max-width: 1024px) 100vw, 1024px\" \/><\/figure>\n\n\n\n<h2 class=\"wp-block-heading\" id=\"h-monitoracao-em-anestesias-nbsp\"><span class=\"ez-toc-section\" id=\"Monitoracao_em_anestesias\"><\/span><strong>Monitora\u00e7\u00e3o em anestesias&nbsp;<\/strong><span class=\"ez-toc-section-end\"><\/span><\/h2>\n\n\n\n<ul class=\"wp-block-list\">\n<li>Profundidade Anest\u00e9sica;&nbsp;<\/li>\n\n\n\n<li>Jun\u00e7\u00e3o Neuromuscular;&nbsp;<\/li>\n\n\n\n<li>Capnografia;<\/li>\n\n\n\n<li>&nbsp;Oximetria.<\/li>\n<\/ul>\n\n\n\n<p>A<strong> monitora\u00e7\u00e3o durante a anestesia<\/strong> \u00e9 um aspecto cr\u00edtico para garantir a seguran\u00e7a e o bem-estar dos pacientes. Por isso, resumimos alguns aspectos chaves para analisar durante a monitoriza\u00e7\u00e3o de um paciente anestesiado, incluindo profundidade anest\u00e9sica, jun\u00e7\u00e3o neuromuscular, capnografia e oximetria. Com base nas aulas dos nossos profesores especialistas, exploramos esses t\u00f3picos recorrentes em provas, destacando as principais t\u00e9cnicas e par\u00e2metros utilizados. Confira!<\/p>\n\n\n\n<h3 class=\"wp-block-heading\" id=\"h-profundidade-anestesica\"><span class=\"ez-toc-section\" id=\"Profundidade_Anestesica\"><\/span><strong>Profundidade Anest\u00e9sica<\/strong><span class=\"ez-toc-section-end\"><\/span><\/h3>\n\n\n\n<p>A profundidade anest\u00e9sica refere-se ao grau de hipnose ou seda\u00e7\u00e3o de um paciente durante um procedimento cir\u00fargico. Monitores como CONOX, SedLine e BIS (\u00cdndice Bispectral) utilizam-se para avaliar a profundidade da anestesia. Esses dispositivos fornecem uma pontua\u00e7\u00e3o num\u00e9rica que ajuda a determinar o n\u00edvel de consci\u00eancia do paciente.<\/p>\n\n\n\n<ul class=\"wp-block-list\">\n<li>BIS (\u00cdndice Bispectral): O BIS \u00e9 um valor derivado do EEG (eletroencefalograma) que varia de 0 a 100. Valores entre 40 e 60 s\u00e3o considerados ideais para anestesia geral, indicando um estado de hipnose adequado. Quanto maior o BIS, mais acordado est\u00e1 o paciente; quanto menor o BIS, maior \u00e9 o n\u00edvel de hipnose.<\/li>\n\n\n\n<li>EEG e Espectrograma: O EEG simplificado, utilizado em monitores como BIS, CONOX e SedLine, avalia os n\u00edveis de administra\u00e7\u00e3o de anest\u00e9sicos. O espectrograma analisa as respostas a diferentes drogas utilizadas durante a anestesia.<\/li>\n<\/ul>\n\n\n\n<h3 class=\"wp-block-heading\" id=\"h-juncao-neuromuscular\"><span class=\"ez-toc-section\" id=\"Juncao_Neuromuscular\"><\/span><strong>Jun\u00e7\u00e3o Neuromuscular<\/strong><span class=\"ez-toc-section-end\"><\/span><\/h3>\n\n\n\n<p>A monitora\u00e7\u00e3o da jun\u00e7\u00e3o neuromuscular \u00e9 crucial para avaliar o n\u00edvel de relaxamento muscular do paciente anestesiado. O m\u00e9todo mais comum \u00e9 o TOF (Train of Four), que utiliza um estimulador de nervos perif\u00e9ricos para medir a resposta muscular.<\/p>\n\n\n\n<ul class=\"wp-block-list\">\n<li>TOF: O TOF envolve a aplica\u00e7\u00e3o de quatro est\u00edmulos el\u00e9tricos r\u00e1pidos e a observa\u00e7\u00e3o das respostas musculares. A rela\u00e7\u00e3o T4\/T1 \u00e9 utilizada para avaliar a revers\u00e3o do bloqueio neuromuscular. Valores acima de 90% (0,9) indicam uma revers\u00e3o adequada.<\/li>\n\n\n\n<li>Intensidade do Bloqueio: A intensidade do bloqueio neuromuscular pode ser classificada em diferentes n\u00edveis, desde bloqueio completo at\u00e9 recupera\u00e7\u00e3o aceit\u00e1vel. A contagem p\u00f3s-tet\u00e2nica e a resposta TOF s\u00e3o utilizadas para determinar a profundidade do bloqueio.<\/li>\n<\/ul>\n\n\n\n<figure class=\"wp-block-image size-large\"><a href=\"https:\/\/www.grupomedcof.com.br\/cofletters\/\"><img loading=\"lazy\" decoding=\"async\" width=\"1024\" height=\"366\" src=\"https:\/\/www.grupomedcof.com.br\/blog\/wp-content\/uploads\/2024\/08\/Capa-Eventos-MedCof-Plus-14-3-1024x366.png\" alt=\"\" class=\"wp-image-28960\" srcset=\"https:\/\/www.grupomedcof.com.br\/blog\/wp-content\/uploads\/2024\/08\/Capa-Eventos-MedCof-Plus-14-3-1024x366.png 1024w, https:\/\/www.grupomedcof.com.br\/blog\/wp-content\/uploads\/2024\/08\/Capa-Eventos-MedCof-Plus-14-3-300x107.png 300w, https:\/\/www.grupomedcof.com.br\/blog\/wp-content\/uploads\/2024\/08\/Capa-Eventos-MedCof-Plus-14-3-768x275.png 768w, https:\/\/www.grupomedcof.com.br\/blog\/wp-content\/uploads\/2024\/08\/Capa-Eventos-MedCof-Plus-14-3-1536x549.png 1536w, https:\/\/www.grupomedcof.com.br\/blog\/wp-content\/uploads\/2024\/08\/Capa-Eventos-MedCof-Plus-14-3-2048x732.png 2048w, https:\/\/www.grupomedcof.com.br\/blog\/wp-content\/uploads\/2024\/08\/Capa-Eventos-MedCof-Plus-14-3-1174x420.png 1174w, https:\/\/www.grupomedcof.com.br\/blog\/wp-content\/uploads\/2024\/08\/Capa-Eventos-MedCof-Plus-14-3-150x54.png 150w, https:\/\/www.grupomedcof.com.br\/blog\/wp-content\/uploads\/2024\/08\/Capa-Eventos-MedCof-Plus-14-3-696x249.png 696w, https:\/\/www.grupomedcof.com.br\/blog\/wp-content\/uploads\/2024\/08\/Capa-Eventos-MedCof-Plus-14-3-1068x382.png 1068w, https:\/\/www.grupomedcof.com.br\/blog\/wp-content\/uploads\/2024\/08\/Capa-Eventos-MedCof-Plus-14-3-1920x687.png 1920w\" sizes=\"auto, (max-width: 1024px) 100vw, 1024px\" \/><\/a><\/figure>\n\n\n\n<h3 class=\"wp-block-heading\" id=\"h-capnografia\"><span class=\"ez-toc-section\" id=\"Capnografia\"><\/span><strong>Capnografia<\/strong><span class=\"ez-toc-section-end\"><\/span><\/h3>\n\n\n\n<p>A capnografia \u00e9 a monitora\u00e7\u00e3o cont\u00ednua da concentra\u00e7\u00e3o de di\u00f3xido de carbono (CO2) expirado. \u00c9 uma ferramenta essencial para avaliar a ventila\u00e7\u00e3o do paciente e o sucesso da intuba\u00e7\u00e3o orotraqueal.<\/p>\n\n\n\n<ul class=\"wp-block-list\">\n<li>Curva de Capnografia: A curva de capnografia fornece informa\u00e7\u00f5es sobre diferentes fases da respira\u00e7\u00e3o. A presen\u00e7a da curva \u00e9 o melhor par\u00e2metro para confirmar a intuba\u00e7\u00e3o correta. Diferentes padr\u00f5es de curva podem indicar situa\u00e7\u00f5es cl\u00ednicas distintas, como intuba\u00e7\u00e3o esof\u00e1gica ou broncoespasmo.<\/li>\n<\/ul>\n\n\n\n<h4 class=\"wp-block-heading\" id=\"h-fases-da-capnografia\"><strong>Fases da Capnografia:<\/strong><\/h4>\n\n\n\n<ul class=\"wp-block-list\">\n<li>&nbsp;&nbsp;I: In\u00edcio da expira\u00e7\u00e3o, sem observa\u00e7\u00e3o de CO2.<\/li>\n\n\n\n<li>&nbsp;&nbsp;II: Sa\u00edda de ar das vias a\u00e9reas superiores.<\/li>\n\n\n\n<li>&nbsp;&nbsp;III: Sa\u00edda de ar alveolar.<\/li>\n\n\n\n<li>&nbsp;&nbsp;0: In\u00edcio da inspira\u00e7\u00e3o.<\/li>\n<\/ul>\n\n\n\n<h3 class=\"wp-block-heading\" id=\"h-oximetria\"><span class=\"ez-toc-section\" id=\"Oximetria\"><\/span><strong>Oximetria<\/strong><span class=\"ez-toc-section-end\"><\/span><\/h3>\n\n\n\n<p>A oximetria de pulso \u00e9 uma t\u00e9cnica n\u00e3o invasiva que mede a satura\u00e7\u00e3o de oxig\u00eanio no sangue. \u00c9 um par\u00e2metro vital para monitorizar a oxigena\u00e7\u00e3o do paciente durante a anestesia.<\/p>\n\n\n\n<p><strong>Fatores que Alteram a Oximetria:<\/strong> V\u00e1rios fatores podem afetar a precis\u00e3o da oximetria de pulso, incluindo hipoperfus\u00e3o, hipotermia, esmalte nas unhas, infus\u00e3o de contrastes e uso de bisturi el\u00e9trico.<\/p>\n\n\n\n<h2 class=\"wp-block-heading\" id=\"h-monitoracao-multiparametrica\"><span class=\"ez-toc-section\" id=\"Monitoracao_Multiparametrica\"><\/span><strong>Monitora\u00e7\u00e3o Multiparam\u00e9trica<\/strong><span class=\"ez-toc-section-end\"><\/span><\/h2>\n\n\n\n<p>A monitoriza\u00e7\u00e3o multiparam\u00e9trica envolve a avalia\u00e7\u00e3o de v\u00e1rios sinais vitais simultaneamente, incluindo cardioscopia, oximetria de pulso e press\u00e3o arterial n\u00e3o invasiva.<\/p>\n\n\n\n<ul class=\"wp-block-list\">\n<li>Cardioscopia: As deriva\u00e7\u00f5es mais sens\u00edveis para visualiza\u00e7\u00e3o de isquemia s\u00e3o V4 e V5, enquanto a deriva\u00e7\u00e3o V1 \u00e9 mais adequada para detectar arritmias;<\/li>\n\n\n\n<li>Press\u00e3o Arterial N\u00e3o Invasiva: A press\u00e3o arterial \u00e9 medida utilizando um manguito colocado aproximadamente 2-3 cm acima da fossa antecubital. O tamanho do manguito pode influenciar os valores medidos.<\/li>\n<\/ul>\n\n\n\n<h3 class=\"wp-block-heading\" id=\"h-lei-de-poiseuille\"><span class=\"ez-toc-section\" id=\"Lei_de_Poiseuille\"><\/span><strong>Lei de Poiseuille<\/strong><span class=\"ez-toc-section-end\"><\/span><\/h3>\n\n\n\n<p>A Lei de Poiseuille \u00e9 fundamental para entender o fluxo laminar em acessos venosos perif\u00e9ricos. O fluxo \u00e9 diretamente proporcional ao raio do cateter e inversamente proporcional ao comprimento. Portanto, cateteres com maior raio e menor comprimento proporcionam um fluxo maior.&nbsp;<\/p>\n\n\n\n<ul class=\"wp-block-list\">\n<li>Jelcos: Os jelcos s\u00e3o cateteres com numera\u00e7\u00f5es padronizadas. Jelcos com numera\u00e7\u00f5es maiores (22G, 24G) s\u00e3o menos calibrosos que aqueles com numera\u00e7\u00f5es menores (14G, 16G, 18G).<\/li>\n<\/ul>\n\n\n\n<figure class=\"wp-block-image size-large\"><a href=\"https:\/\/www.grupomedcof.com.br\/cofletters\/\"><img loading=\"lazy\" decoding=\"async\" width=\"1024\" height=\"366\" src=\"https:\/\/www.grupomedcof.com.br\/blog\/wp-content\/uploads\/2024\/08\/Capa-Eventos-MedCof-Plus-14-1024x366.png\" alt=\"\" class=\"wp-image-28867\" srcset=\"https:\/\/www.grupomedcof.com.br\/blog\/wp-content\/uploads\/2024\/08\/Capa-Eventos-MedCof-Plus-14-1024x366.png 1024w, https:\/\/www.grupomedcof.com.br\/blog\/wp-content\/uploads\/2024\/08\/Capa-Eventos-MedCof-Plus-14-300x107.png 300w, https:\/\/www.grupomedcof.com.br\/blog\/wp-content\/uploads\/2024\/08\/Capa-Eventos-MedCof-Plus-14-768x275.png 768w, https:\/\/www.grupomedcof.com.br\/blog\/wp-content\/uploads\/2024\/08\/Capa-Eventos-MedCof-Plus-14-1536x549.png 1536w, https:\/\/www.grupomedcof.com.br\/blog\/wp-content\/uploads\/2024\/08\/Capa-Eventos-MedCof-Plus-14-2048x732.png 2048w, https:\/\/www.grupomedcof.com.br\/blog\/wp-content\/uploads\/2024\/08\/Capa-Eventos-MedCof-Plus-14-1174x420.png 1174w, https:\/\/www.grupomedcof.com.br\/blog\/wp-content\/uploads\/2024\/08\/Capa-Eventos-MedCof-Plus-14-150x54.png 150w, https:\/\/www.grupomedcof.com.br\/blog\/wp-content\/uploads\/2024\/08\/Capa-Eventos-MedCof-Plus-14-696x249.png 696w, https:\/\/www.grupomedcof.com.br\/blog\/wp-content\/uploads\/2024\/08\/Capa-Eventos-MedCof-Plus-14-1068x382.png 1068w, https:\/\/www.grupomedcof.com.br\/blog\/wp-content\/uploads\/2024\/08\/Capa-Eventos-MedCof-Plus-14-1920x687.png 1920w\" sizes=\"auto, (max-width: 1024px) 100vw, 1024px\" \/><\/a><\/figure>\n\n\n\n<h3 class=\"wp-block-heading\" id=\"h-coagulacao-e-tromboelastograma\"><span class=\"ez-toc-section\" id=\"Coagulacao_e_Tromboelastograma\"><\/span><strong>Coagula\u00e7\u00e3o e Tromboelastograma<\/strong><span class=\"ez-toc-section-end\"><\/span><\/h3>\n\n\n\n<p>A monitora\u00e7\u00e3o da coagula\u00e7\u00e3o \u00e9 essencial para avaliar a hemostasia durante a cirurgia. O tromboelastograma \u00e9 um teste viscoel\u00e1stico que avalia a forma\u00e7\u00e3o e a estabilidade do co\u00e1gulo.<\/p>\n\n\n\n<ul class=\"wp-block-list\">\n<li>Tempo de Forma\u00e7\u00e3o do Co\u00e1gulo (CT): Um CT aumentado pode indicar a necessidade de reposi\u00e7\u00e3o com complexo protromb\u00ednico.<\/li>\n\n\n\n<li>\u00c2ngulo Alfa: Reflete a quantidade de fibrinog\u00eanio dispon\u00edvel. Um \u00e2ngulo menor sugere defici\u00eancia de fibrinog\u00eanio.<\/li>\n\n\n\n<li>Amplitude M\u00e1xima: Indicador de disfun\u00e7\u00e3o plaquet\u00e1ria.<\/li>\n\n\n\n<li>Porcentagem Estimada de Lise (EPL): Avalia a lise plaquet\u00e1ria, indicando a necessidade de interven\u00e7\u00e3o com transamin.<\/li>\n<\/ul>\n\n\n\n<h2 class=\"wp-block-heading\" id=\"h-resumindo\"><span class=\"ez-toc-section\" id=\"Resumindo%E2%80%A6\"><\/span><strong>Resumindo\u2026<\/strong><span class=\"ez-toc-section-end\"><\/span><\/h2>\n\n\n\n<p>A <strong>monitora\u00e7\u00e3o em anestesia <\/strong>\u00e9 um campo complexo e multifacetado que envolve a avalia\u00e7\u00e3o cont\u00ednua de v\u00e1rios par\u00e2metros fisiol\u00f3gicos. A utiliza\u00e7\u00e3o de tecnologias avan\u00e7adas como BIS, TOF, capnografia e oximetria, juntamente com a compreens\u00e3o de princ\u00edpios fundamentais como a Lei de Poiseuille, \u00e9 essencial para garantir a seguran\u00e7a e a efic\u00e1cia dos procedimentos anest\u00e9sicos. <\/p>\n\n\n\n<p>A aten\u00e7\u00e3o meticulosa a esses detalhes permite uma gest\u00e3o mais precisa e personalizada da anestesia, contribuindo para melhores resultados cl\u00ednicos e maior seguran\u00e7a do paciente. <\/p>\n\n\n\n<p>Essas dicas auxiliam tanto na pr\u00e1tica m\u00e9dica, quanto na resolu\u00e7\u00e3o de quest\u00f5es para provas de resid\u00eancia. Ent\u00e3o n\u00e3o perca nenhuma edi\u00e7\u00e3o do <a href=\"https:\/\/www.grupomedcof.com.br\/blog\/\">nosso Blog<\/a> e <a href=\"https:\/\/www.grupomedcof.com.br\/home\/\">seja agora mesmo um MedCoffer!<\/a><\/p>\n","protected":false},"excerpt":{"rendered":"<p>A monitoriza\u00e7\u00e3o durante a anestesia \u00e9 um aspecto cr\u00edtico para garantir a seguran\u00e7a e o bem-estar dos pacientes. Veja!<\/p>\n","protected":false},"author":21,"featured_media":28865,"comment_status":"open","ping_status":"open","sticky":false,"template":"","format":"standard","meta":{"footnotes":""},"categories":[135],"tags":[67,1832,1069,1577,1833,1514],"ppma_author":[3617],"class_list":{"0":"post-28861","1":"post","2":"type-post","3":"status-publish","4":"format-standard","5":"has-post-thumbnail","7":"category-cirurgia-geral","8":"tag-anestesia","9":"tag-capnografia","10":"tag-cirurgia","11":"tag-estudantes","12":"tag-oximetria","13":"tag-residencia"},"yoast_head":"<!-- This site is optimized with the Yoast SEO Premium plugin v24.3 (Yoast SEO v27.4) - https:\/\/yoast.com\/product\/yoast-seo-premium-wordpress\/ -->\n<title>Guia b\u00e1sico sobre Monitora\u00e7\u00e3o de Anestesias para residentes - Blog de Medcof: conte\u00fados, editais, revalida e mais!<\/title>\n<meta name=\"description\" content=\"A monitoriza\u00e7\u00e3o durante a anestesia \u00e9 um aspecto cr\u00edtico para garantir a seguran\u00e7a e o bem-estar dos pacientes. Veja!\" \/>\n<meta name=\"robots\" content=\"index, follow, max-snippet:-1, max-image-preview:large, max-video-preview:-1\" \/>\n<link rel=\"canonical\" href=\"https:\/\/www.grupomedcof.com.br\/blog\/guia-basico-sobre-monitoracao-de-anestesias-para-estudantes-de-residencia\/\" \/>\n<meta property=\"og:locale\" content=\"pt_BR\" \/>\n<meta property=\"og:type\" content=\"article\" \/>\n<meta property=\"og:title\" content=\"Guia b\u00e1sico sobre Monitora\u00e7\u00e3o de Anestesias para residentes\" \/>\n<meta property=\"og:description\" content=\"A monitoriza\u00e7\u00e3o durante a anestesia \u00e9 um aspecto cr\u00edtico para garantir a seguran\u00e7a e o bem-estar dos pacientes. Veja!\" \/>\n<meta property=\"og:url\" content=\"https:\/\/www.grupomedcof.com.br\/blog\/guia-basico-sobre-monitoracao-de-anestesias-para-estudantes-de-residencia\/\" \/>\n<meta property=\"og:site_name\" content=\"Blog de Medcof: conte\u00fados, editais, revalida e mais!\" \/>\n<meta property=\"article:publisher\" content=\"https:\/\/www.facebook.com\/MedCofQbank\/\" \/>\n<meta property=\"article:published_time\" content=\"2024-08-16T16:55:18+00:00\" \/>\n<meta property=\"article:modified_time\" content=\"2025-12-22T15:34:35+00:00\" \/>\n<meta property=\"og:image\" content=\"https:\/\/www.grupomedcof.com.br\/blog\/wp-content\/uploads\/2024\/08\/Blog-MedCof-2024-08-16T135307.686-1024x576.png\" \/>\n\t<meta property=\"og:image:width\" content=\"1024\" \/>\n\t<meta property=\"og:image:height\" content=\"576\" \/>\n\t<meta property=\"og:image:type\" content=\"image\/png\" \/>\n<meta name=\"author\" content=\"Kiara Adelino\" \/>\n<meta name=\"twitter:card\" content=\"summary_large_image\" \/>\n<meta name=\"twitter:label1\" content=\"Escrito por\" \/>\n\t<meta name=\"twitter:data1\" content=\"Kiara Adelino\" \/>\n\t<meta name=\"twitter:label2\" content=\"Est. tempo de leitura\" \/>\n\t<meta name=\"twitter:data2\" content=\"6 minutos\" \/>\n<script type=\"application\/ld+json\" class=\"yoast-schema-graph\">{\"@context\":\"https:\\\/\\\/schema.org\",\"@graph\":[{\"@type\":\"Article\",\"@id\":\"https:\\\/\\\/www.grupomedcof.com.br\\\/blog\\\/guia-basico-sobre-monitoracao-de-anestesias-para-estudantes-de-residencia\\\/#article\",\"isPartOf\":{\"@id\":\"https:\\\/\\\/www.grupomedcof.com.br\\\/blog\\\/guia-basico-sobre-monitoracao-de-anestesias-para-estudantes-de-residencia\\\/\"},\"author\":{\"name\":\"Kiara Adelino\",\"@id\":\"https:\\\/\\\/www.grupomedcof.com.br\\\/blog\\\/#\\\/schema\\\/person\\\/db19a651f86c5fc202d6eee744fd3292\"},\"headline\":\"Guia b\u00e1sico sobre Monitora\u00e7\u00e3o de Anestesias para residentes\",\"datePublished\":\"2024-08-16T16:55:18+00:00\",\"dateModified\":\"2025-12-22T15:34:35+00:00\",\"mainEntityOfPage\":{\"@id\":\"https:\\\/\\\/www.grupomedcof.com.br\\\/blog\\\/guia-basico-sobre-monitoracao-de-anestesias-para-estudantes-de-residencia\\\/\"},\"wordCount\":967,\"commentCount\":0,\"publisher\":{\"@id\":\"https:\\\/\\\/www.grupomedcof.com.br\\\/blog\\\/#organization\"},\"image\":{\"@id\":\"https:\\\/\\\/www.grupomedcof.com.br\\\/blog\\\/guia-basico-sobre-monitoracao-de-anestesias-para-estudantes-de-residencia\\\/#primaryimage\"},\"thumbnailUrl\":\"https:\\\/\\\/www.grupomedcof.com.br\\\/blog\\\/wp-content\\\/uploads\\\/2024\\\/08\\\/Blog-MedCof-2024-08-16T135307.686.png\",\"keywords\":[\"Anestesia\",\"Capnografia\",\"cirurgia\",\"Estudantes\",\"Oximetria\",\"Resid\u00eancia\"],\"articleSection\":[\"Cirurgia Geral\"],\"inLanguage\":\"pt-BR\"},{\"@type\":\"WebPage\",\"@id\":\"https:\\\/\\\/www.grupomedcof.com.br\\\/blog\\\/guia-basico-sobre-monitoracao-de-anestesias-para-estudantes-de-residencia\\\/\",\"url\":\"https:\\\/\\\/www.grupomedcof.com.br\\\/blog\\\/guia-basico-sobre-monitoracao-de-anestesias-para-estudantes-de-residencia\\\/\",\"name\":\"Guia b\u00e1sico sobre Monitora\u00e7\u00e3o de Anestesias para residentes - Blog de Medcof: conte\u00fados, editais, revalida e mais!\",\"isPartOf\":{\"@id\":\"https:\\\/\\\/www.grupomedcof.com.br\\\/blog\\\/#website\"},\"primaryImageOfPage\":{\"@id\":\"https:\\\/\\\/www.grupomedcof.com.br\\\/blog\\\/guia-basico-sobre-monitoracao-de-anestesias-para-estudantes-de-residencia\\\/#primaryimage\"},\"image\":{\"@id\":\"https:\\\/\\\/www.grupomedcof.com.br\\\/blog\\\/guia-basico-sobre-monitoracao-de-anestesias-para-estudantes-de-residencia\\\/#primaryimage\"},\"thumbnailUrl\":\"https:\\\/\\\/www.grupomedcof.com.br\\\/blog\\\/wp-content\\\/uploads\\\/2024\\\/08\\\/Blog-MedCof-2024-08-16T135307.686.png\",\"datePublished\":\"2024-08-16T16:55:18+00:00\",\"dateModified\":\"2025-12-22T15:34:35+00:00\",\"description\":\"A monitoriza\u00e7\u00e3o durante a anestesia \u00e9 um aspecto cr\u00edtico para garantir a seguran\u00e7a e o bem-estar dos pacientes. Veja!\",\"breadcrumb\":{\"@id\":\"https:\\\/\\\/www.grupomedcof.com.br\\\/blog\\\/guia-basico-sobre-monitoracao-de-anestesias-para-estudantes-de-residencia\\\/#breadcrumb\"},\"inLanguage\":\"pt-BR\",\"potentialAction\":[{\"@type\":\"ReadAction\",\"target\":[\"https:\\\/\\\/www.grupomedcof.com.br\\\/blog\\\/guia-basico-sobre-monitoracao-de-anestesias-para-estudantes-de-residencia\\\/\"]}]},{\"@type\":\"ImageObject\",\"inLanguage\":\"pt-BR\",\"@id\":\"https:\\\/\\\/www.grupomedcof.com.br\\\/blog\\\/guia-basico-sobre-monitoracao-de-anestesias-para-estudantes-de-residencia\\\/#primaryimage\",\"url\":\"https:\\\/\\\/www.grupomedcof.com.br\\\/blog\\\/wp-content\\\/uploads\\\/2024\\\/08\\\/Blog-MedCof-2024-08-16T135307.686.png\",\"contentUrl\":\"https:\\\/\\\/www.grupomedcof.com.br\\\/blog\\\/wp-content\\\/uploads\\\/2024\\\/08\\\/Blog-MedCof-2024-08-16T135307.686.png\",\"width\":2560,\"height\":1440},{\"@type\":\"BreadcrumbList\",\"@id\":\"https:\\\/\\\/www.grupomedcof.com.br\\\/blog\\\/guia-basico-sobre-monitoracao-de-anestesias-para-estudantes-de-residencia\\\/#breadcrumb\",\"itemListElement\":[{\"@type\":\"ListItem\",\"position\":1,\"name\":\"In\u00edcio\",\"item\":\"https:\\\/\\\/www.grupomedcof.com.br\\\/blog\\\/\"},{\"@type\":\"ListItem\",\"position\":2,\"name\":\"Guia b\u00e1sico sobre Monitora\u00e7\u00e3o de Anestesias para residentes\"}]},{\"@type\":\"WebSite\",\"@id\":\"https:\\\/\\\/www.grupomedcof.com.br\\\/blog\\\/#website\",\"url\":\"https:\\\/\\\/www.grupomedcof.com.br\\\/blog\\\/\",\"name\":\"Blog de Medcof: conte\u00fados, editais, revalida e mais!\",\"description\":\"Acesso o blog de MedCof! Seu portal de conte\u00fados sobre resid\u00eancia m\u00e9dica, an\u00e1lise e editais e muito mais. Clique e confira!\",\"publisher\":{\"@id\":\"https:\\\/\\\/www.grupomedcof.com.br\\\/blog\\\/#organization\"},\"alternateName\":\"Blog de Medcof: conte\u00fados, editais, revalida e mais!\",\"potentialAction\":[{\"@type\":\"SearchAction\",\"target\":{\"@type\":\"EntryPoint\",\"urlTemplate\":\"https:\\\/\\\/www.grupomedcof.com.br\\\/blog\\\/?s={search_term_string}\"},\"query-input\":{\"@type\":\"PropertyValueSpecification\",\"valueRequired\":true,\"valueName\":\"search_term_string\"}}],\"inLanguage\":\"pt-BR\"},{\"@type\":\"Organization\",\"@id\":\"https:\\\/\\\/www.grupomedcof.com.br\\\/blog\\\/#organization\",\"name\":\"Grupo MedCof\",\"url\":\"https:\\\/\\\/www.grupomedcof.com.br\\\/blog\\\/\",\"logo\":{\"@type\":\"ImageObject\",\"inLanguage\":\"pt-BR\",\"@id\":\"https:\\\/\\\/www.grupomedcof.com.br\\\/blog\\\/#\\\/schema\\\/logo\\\/image\\\/\",\"url\":\"https:\\\/\\\/www.grupomedcof.com.br\\\/blog\\\/wp-content\\\/uploads\\\/2022\\\/01\\\/logo-medcof.png\",\"contentUrl\":\"https:\\\/\\\/www.grupomedcof.com.br\\\/blog\\\/wp-content\\\/uploads\\\/2022\\\/01\\\/logo-medcof.png\",\"width\":768,\"height\":269,\"caption\":\"Grupo MedCof\"},\"image\":{\"@id\":\"https:\\\/\\\/www.grupomedcof.com.br\\\/blog\\\/#\\\/schema\\\/logo\\\/image\\\/\"},\"sameAs\":[\"https:\\\/\\\/www.facebook.com\\\/MedCofQbank\\\/\",\"https:\\\/\\\/www.instagram.com\\\/grupomedcof\\\/\",\"https:\\\/\\\/br.linkedin.com\\\/company\\\/medcof\",\"https:\\\/\\\/www.youtube.com\\\/channel\\\/UCdHMuOHKICxcHwecxN8P-AA\"]},{\"@type\":\"Person\",\"@id\":\"https:\\\/\\\/www.grupomedcof.com.br\\\/blog\\\/#\\\/schema\\\/person\\\/db19a651f86c5fc202d6eee744fd3292\",\"name\":\"Kiara Adelino\",\"image\":{\"@type\":\"ImageObject\",\"inLanguage\":\"pt-BR\",\"@id\":\"https:\\\/\\\/www.grupomedcof.com.br\\\/blog\\\/wp-content\\\/uploads\\\/2024\\\/08\\\/cropped-Kiara-Adelino2-96x96.jpega85663bdda67261f8f06f86e555e1e49\",\"url\":\"https:\\\/\\\/www.grupomedcof.com.br\\\/blog\\\/wp-content\\\/uploads\\\/2024\\\/08\\\/cropped-Kiara-Adelino2-96x96.jpeg\",\"contentUrl\":\"https:\\\/\\\/www.grupomedcof.com.br\\\/blog\\\/wp-content\\\/uploads\\\/2024\\\/08\\\/cropped-Kiara-Adelino2-96x96.jpeg\",\"caption\":\"Kiara Adelino\"},\"description\":\"Estudante do 5\u00b0 semestre de Medicina. Gosto bastante de aprender coisas novas, principalmente na \u00e1rea de Neurologia e Anatomia humana.\",\"url\":\"https:\\\/\\\/www.grupomedcof.com.br\\\/blog\\\/author\\\/kiara-adelino\\\/\"}]}<\/script>\n<!-- \/ Yoast SEO Premium plugin. -->","yoast_head_json":{"title":"Guia b\u00e1sico sobre Monitora\u00e7\u00e3o de Anestesias para residentes - Blog de Medcof: conte\u00fados, editais, revalida e mais!","description":"A monitoriza\u00e7\u00e3o durante a anestesia \u00e9 um aspecto cr\u00edtico para garantir a seguran\u00e7a e o bem-estar dos pacientes. Veja!","robots":{"index":"index","follow":"follow","max-snippet":"max-snippet:-1","max-image-preview":"max-image-preview:large","max-video-preview":"max-video-preview:-1"},"canonical":"https:\/\/www.grupomedcof.com.br\/blog\/guia-basico-sobre-monitoracao-de-anestesias-para-estudantes-de-residencia\/","og_locale":"pt_BR","og_type":"article","og_title":"Guia b\u00e1sico sobre Monitora\u00e7\u00e3o de Anestesias para residentes","og_description":"A monitoriza\u00e7\u00e3o durante a anestesia \u00e9 um aspecto cr\u00edtico para garantir a seguran\u00e7a e o bem-estar dos pacientes. Veja!","og_url":"https:\/\/www.grupomedcof.com.br\/blog\/guia-basico-sobre-monitoracao-de-anestesias-para-estudantes-de-residencia\/","og_site_name":"Blog de Medcof: conte\u00fados, editais, revalida e mais!","article_publisher":"https:\/\/www.facebook.com\/MedCofQbank\/","article_published_time":"2024-08-16T16:55:18+00:00","article_modified_time":"2025-12-22T15:34:35+00:00","og_image":[{"width":1024,"height":576,"url":"https:\/\/www.grupomedcof.com.br\/blog\/wp-content\/uploads\/2024\/08\/Blog-MedCof-2024-08-16T135307.686-1024x576.png","type":"image\/png"}],"author":"Kiara Adelino","twitter_card":"summary_large_image","twitter_misc":{"Escrito por":"Kiara Adelino","Est. tempo de leitura":"6 minutos"},"schema":{"@context":"https:\/\/schema.org","@graph":[{"@type":"Article","@id":"https:\/\/www.grupomedcof.com.br\/blog\/guia-basico-sobre-monitoracao-de-anestesias-para-estudantes-de-residencia\/#article","isPartOf":{"@id":"https:\/\/www.grupomedcof.com.br\/blog\/guia-basico-sobre-monitoracao-de-anestesias-para-estudantes-de-residencia\/"},"author":{"name":"Kiara Adelino","@id":"https:\/\/www.grupomedcof.com.br\/blog\/#\/schema\/person\/db19a651f86c5fc202d6eee744fd3292"},"headline":"Guia b\u00e1sico sobre Monitora\u00e7\u00e3o de Anestesias para residentes","datePublished":"2024-08-16T16:55:18+00:00","dateModified":"2025-12-22T15:34:35+00:00","mainEntityOfPage":{"@id":"https:\/\/www.grupomedcof.com.br\/blog\/guia-basico-sobre-monitoracao-de-anestesias-para-estudantes-de-residencia\/"},"wordCount":967,"commentCount":0,"publisher":{"@id":"https:\/\/www.grupomedcof.com.br\/blog\/#organization"},"image":{"@id":"https:\/\/www.grupomedcof.com.br\/blog\/guia-basico-sobre-monitoracao-de-anestesias-para-estudantes-de-residencia\/#primaryimage"},"thumbnailUrl":"https:\/\/www.grupomedcof.com.br\/blog\/wp-content\/uploads\/2024\/08\/Blog-MedCof-2024-08-16T135307.686.png","keywords":["Anestesia","Capnografia","cirurgia","Estudantes","Oximetria","Resid\u00eancia"],"articleSection":["Cirurgia Geral"],"inLanguage":"pt-BR"},{"@type":"WebPage","@id":"https:\/\/www.grupomedcof.com.br\/blog\/guia-basico-sobre-monitoracao-de-anestesias-para-estudantes-de-residencia\/","url":"https:\/\/www.grupomedcof.com.br\/blog\/guia-basico-sobre-monitoracao-de-anestesias-para-estudantes-de-residencia\/","name":"Guia b\u00e1sico sobre Monitora\u00e7\u00e3o de Anestesias para residentes - Blog de Medcof: conte\u00fados, editais, revalida e mais!","isPartOf":{"@id":"https:\/\/www.grupomedcof.com.br\/blog\/#website"},"primaryImageOfPage":{"@id":"https:\/\/www.grupomedcof.com.br\/blog\/guia-basico-sobre-monitoracao-de-anestesias-para-estudantes-de-residencia\/#primaryimage"},"image":{"@id":"https:\/\/www.grupomedcof.com.br\/blog\/guia-basico-sobre-monitoracao-de-anestesias-para-estudantes-de-residencia\/#primaryimage"},"thumbnailUrl":"https:\/\/www.grupomedcof.com.br\/blog\/wp-content\/uploads\/2024\/08\/Blog-MedCof-2024-08-16T135307.686.png","datePublished":"2024-08-16T16:55:18+00:00","dateModified":"2025-12-22T15:34:35+00:00","description":"A monitoriza\u00e7\u00e3o durante a anestesia \u00e9 um aspecto cr\u00edtico para garantir a seguran\u00e7a e o bem-estar dos pacientes. Veja!","breadcrumb":{"@id":"https:\/\/www.grupomedcof.com.br\/blog\/guia-basico-sobre-monitoracao-de-anestesias-para-estudantes-de-residencia\/#breadcrumb"},"inLanguage":"pt-BR","potentialAction":[{"@type":"ReadAction","target":["https:\/\/www.grupomedcof.com.br\/blog\/guia-basico-sobre-monitoracao-de-anestesias-para-estudantes-de-residencia\/"]}]},{"@type":"ImageObject","inLanguage":"pt-BR","@id":"https:\/\/www.grupomedcof.com.br\/blog\/guia-basico-sobre-monitoracao-de-anestesias-para-estudantes-de-residencia\/#primaryimage","url":"https:\/\/www.grupomedcof.com.br\/blog\/wp-content\/uploads\/2024\/08\/Blog-MedCof-2024-08-16T135307.686.png","contentUrl":"https:\/\/www.grupomedcof.com.br\/blog\/wp-content\/uploads\/2024\/08\/Blog-MedCof-2024-08-16T135307.686.png","width":2560,"height":1440},{"@type":"BreadcrumbList","@id":"https:\/\/www.grupomedcof.com.br\/blog\/guia-basico-sobre-monitoracao-de-anestesias-para-estudantes-de-residencia\/#breadcrumb","itemListElement":[{"@type":"ListItem","position":1,"name":"In\u00edcio","item":"https:\/\/www.grupomedcof.com.br\/blog\/"},{"@type":"ListItem","position":2,"name":"Guia b\u00e1sico sobre Monitora\u00e7\u00e3o de Anestesias para residentes"}]},{"@type":"WebSite","@id":"https:\/\/www.grupomedcof.com.br\/blog\/#website","url":"https:\/\/www.grupomedcof.com.br\/blog\/","name":"Blog de Medcof: conte\u00fados, editais, revalida e mais!","description":"Acesso o blog de MedCof! Seu portal de conte\u00fados sobre resid\u00eancia m\u00e9dica, an\u00e1lise e editais e muito mais. Clique e confira!","publisher":{"@id":"https:\/\/www.grupomedcof.com.br\/blog\/#organization"},"alternateName":"Blog de Medcof: conte\u00fados, editais, revalida e mais!","potentialAction":[{"@type":"SearchAction","target":{"@type":"EntryPoint","urlTemplate":"https:\/\/www.grupomedcof.com.br\/blog\/?s={search_term_string}"},"query-input":{"@type":"PropertyValueSpecification","valueRequired":true,"valueName":"search_term_string"}}],"inLanguage":"pt-BR"},{"@type":"Organization","@id":"https:\/\/www.grupomedcof.com.br\/blog\/#organization","name":"Grupo MedCof","url":"https:\/\/www.grupomedcof.com.br\/blog\/","logo":{"@type":"ImageObject","inLanguage":"pt-BR","@id":"https:\/\/www.grupomedcof.com.br\/blog\/#\/schema\/logo\/image\/","url":"https:\/\/www.grupomedcof.com.br\/blog\/wp-content\/uploads\/2022\/01\/logo-medcof.png","contentUrl":"https:\/\/www.grupomedcof.com.br\/blog\/wp-content\/uploads\/2022\/01\/logo-medcof.png","width":768,"height":269,"caption":"Grupo MedCof"},"image":{"@id":"https:\/\/www.grupomedcof.com.br\/blog\/#\/schema\/logo\/image\/"},"sameAs":["https:\/\/www.facebook.com\/MedCofQbank\/","https:\/\/www.instagram.com\/grupomedcof\/","https:\/\/br.linkedin.com\/company\/medcof","https:\/\/www.youtube.com\/channel\/UCdHMuOHKICxcHwecxN8P-AA"]},{"@type":"Person","@id":"https:\/\/www.grupomedcof.com.br\/blog\/#\/schema\/person\/db19a651f86c5fc202d6eee744fd3292","name":"Kiara Adelino","image":{"@type":"ImageObject","inLanguage":"pt-BR","@id":"https:\/\/www.grupomedcof.com.br\/blog\/wp-content\/uploads\/2024\/08\/cropped-Kiara-Adelino2-96x96.jpega85663bdda67261f8f06f86e555e1e49","url":"https:\/\/www.grupomedcof.com.br\/blog\/wp-content\/uploads\/2024\/08\/cropped-Kiara-Adelino2-96x96.jpeg","contentUrl":"https:\/\/www.grupomedcof.com.br\/blog\/wp-content\/uploads\/2024\/08\/cropped-Kiara-Adelino2-96x96.jpeg","caption":"Kiara Adelino"},"description":"Estudante do 5\u00b0 semestre de Medicina. Gosto bastante de aprender coisas novas, principalmente na \u00e1rea de Neurologia e Anatomia humana.","url":"https:\/\/www.grupomedcof.com.br\/blog\/author\/kiara-adelino\/"}]}},"authors":[{"term_id":3617,"user_id":21,"is_guest":0,"slug":"kiara-adelino","display_name":"Kiara Adelino","avatar_url":"https:\/\/www.grupomedcof.com.br\/blog\/wp-content\/uploads\/2024\/08\/cropped-Kiara-Adelino2-96x96.jpeg","0":null,"1":"","2":"","3":"","4":"","5":"","6":"","7":"","8":""}],"_links":{"self":[{"href":"https:\/\/www.grupomedcof.com.br\/blog\/wp-json\/wp\/v2\/posts\/28861","targetHints":{"allow":["GET"]}}],"collection":[{"href":"https:\/\/www.grupomedcof.com.br\/blog\/wp-json\/wp\/v2\/posts"}],"about":[{"href":"https:\/\/www.grupomedcof.com.br\/blog\/wp-json\/wp\/v2\/types\/post"}],"author":[{"embeddable":true,"href":"https:\/\/www.grupomedcof.com.br\/blog\/wp-json\/wp\/v2\/users\/21"}],"replies":[{"embeddable":true,"href":"https:\/\/www.grupomedcof.com.br\/blog\/wp-json\/wp\/v2\/comments?post=28861"}],"version-history":[{"count":1,"href":"https:\/\/www.grupomedcof.com.br\/blog\/wp-json\/wp\/v2\/posts\/28861\/revisions"}],"predecessor-version":[{"id":40388,"href":"https:\/\/www.grupomedcof.com.br\/blog\/wp-json\/wp\/v2\/posts\/28861\/revisions\/40388"}],"wp:featuredmedia":[{"embeddable":true,"href":"https:\/\/www.grupomedcof.com.br\/blog\/wp-json\/wp\/v2\/media\/28865"}],"wp:attachment":[{"href":"https:\/\/www.grupomedcof.com.br\/blog\/wp-json\/wp\/v2\/media?parent=28861"}],"wp:term":[{"taxonomy":"category","embeddable":true,"href":"https:\/\/www.grupomedcof.com.br\/blog\/wp-json\/wp\/v2\/categories?post=28861"},{"taxonomy":"post_tag","embeddable":true,"href":"https:\/\/www.grupomedcof.com.br\/blog\/wp-json\/wp\/v2\/tags?post=28861"},{"taxonomy":"author","embeddable":true,"href":"https:\/\/www.grupomedcof.com.br\/blog\/wp-json\/wp\/v2\/ppma_author?post=28861"}],"curies":[{"name":"wp","href":"https:\/\/api.w.org\/{rel}","templated":true}]}}