{"id":28928,"date":"2026-03-31T08:12:45","date_gmt":"2026-03-31T11:12:45","guid":{"rendered":"https:\/\/www.grupomedcof.com.br\/blog\/?p=28928"},"modified":"2026-04-07T11:56:53","modified_gmt":"2026-04-07T14:56:53","slug":"edital-residencia-medica-amp","status":"publish","type":"post","link":"https:\/\/www.grupomedcof.com.br\/blog\/edital-residencia-medica-amp\/","title":{"rendered":"AMP divulga data da prova de resid\u00eancia m\u00e9dica 2026\/2027"},"content":{"rendered":"<div id=\"ez-toc-container\" class=\"ez-toc-v2_0_74 counter-hierarchy ez-toc-counter ez-toc-transparent ez-toc-container-direction\">\n<div class=\"ez-toc-title-container\">\n<p class=\"ez-toc-title\" style=\"cursor:inherit\">Sum\u00e1rio<\/p>\n<span class=\"ez-toc-title-toggle\"><a href=\"#\" class=\"ez-toc-pull-right ez-toc-btn ez-toc-btn-xs ez-toc-btn-default ez-toc-toggle\" aria-label=\"Alternar tabela de conte\u00fado\"><span class=\"ez-toc-js-icon-con\"><span class=\"\"><span class=\"eztoc-hide\" style=\"display:none;\">Toggle<\/span><span class=\"ez-toc-icon-toggle-span\"><svg style=\"fill: #999;color:#999\" xmlns=\"http:\/\/www.w3.org\/2000\/svg\" class=\"list-377408\" width=\"20px\" height=\"20px\" viewBox=\"0 0 24 24\" fill=\"none\"><path d=\"M6 6H4v2h2V6zm14 0H8v2h12V6zM4 11h2v2H4v-2zm16 0H8v2h12v-2zM4 16h2v2H4v-2zm16 0H8v2h12v-2z\" fill=\"currentColor\"><\/path><\/svg><svg style=\"fill: #999;color:#999\" class=\"arrow-unsorted-368013\" xmlns=\"http:\/\/www.w3.org\/2000\/svg\" width=\"10px\" height=\"10px\" viewBox=\"0 0 24 24\" version=\"1.2\" baseProfile=\"tiny\"><path d=\"M18.2 9.3l-6.2-6.3-6.2 6.3c-.2.2-.3.4-.3.7s.1.5.3.7c.2.2.4.3.7.3h11c.3 0 .5-.1.7-.3.2-.2.3-.5.3-.7s-.1-.5-.3-.7zM5.8 14.7l6.2 6.3 6.2-6.3c.2-.2.3-.5.3-.7s-.1-.5-.3-.7c-.2-.2-.4-.3-.7-.3h-11c-.3 0-.5.1-.7.3-.2.2-.3.5-.3.7s.1.5.3.7z\"\/><\/svg><\/span><\/span><\/span><\/a><\/span><\/div>\n<nav><ul class='ez-toc-list ez-toc-list-level-1 ' ><li class='ez-toc-page-1 ez-toc-heading-level-2'><a class=\"ez-toc-link ez-toc-heading-1\" href=\"https:\/\/www.grupomedcof.com.br\/blog\/edital-residencia-medica-amp\/#Data_da_prova_de_residencia_20262027\" >Data da prova de resid\u00eancia 2026\/2027<\/a><\/li><li class='ez-toc-page-1 ez-toc-heading-level-2'><a class=\"ez-toc-link ez-toc-heading-2\" href=\"https:\/\/www.grupomedcof.com.br\/blog\/edital-residencia-medica-amp\/#Informacoes_AMP_20252026\" >Informa\u00e7\u00f5es AMP 2025\/2026<\/a><ul class='ez-toc-list-level-3' ><li class='ez-toc-heading-level-3'><a class=\"ez-toc-link ez-toc-heading-3\" href=\"https:\/\/www.grupomedcof.com.br\/blog\/edital-residencia-medica-amp\/#Processo_Seletivo\" >Processo Seletivo<\/a><\/li><\/ul><\/li><li class='ez-toc-page-1 ez-toc-heading-level-2'><a class=\"ez-toc-link ez-toc-heading-4\" href=\"https:\/\/www.grupomedcof.com.br\/blog\/edital-residencia-medica-amp\/#Cronograma_AMP_20252026\" >Cronograma AMP 2025\/2026<\/a><\/li><li class='ez-toc-page-1 ez-toc-heading-level-2'><a class=\"ez-toc-link ez-toc-heading-5\" href=\"https:\/\/www.grupomedcof.com.br\/blog\/edital-residencia-medica-amp\/#Instituicoes_Participantes_AMP_20252026\" >Institui\u00e7\u00f5es Participantes AMP 2025\/2026<\/a><\/li><li class='ez-toc-page-1 ez-toc-heading-level-2'><a class=\"ez-toc-link ez-toc-heading-6\" href=\"https:\/\/www.grupomedcof.com.br\/blog\/edital-residencia-medica-amp\/#Vagas_AMP_2026\" >Vagas AMP 2026<\/a><\/li><li class='ez-toc-page-1 ez-toc-heading-level-2'><a class=\"ez-toc-link ez-toc-heading-7\" href=\"https:\/\/www.grupomedcof.com.br\/blog\/edital-residencia-medica-amp\/#A_Associacao_Medica_do_Parana_AMP\" >A Associa\u00e7\u00e3o M\u00e9dica do Paran\u00e1 (AMP)<\/a><\/li><li class='ez-toc-page-1 ez-toc-heading-level-2'><a class=\"ez-toc-link ez-toc-heading-8\" href=\"https:\/\/www.grupomedcof.com.br\/blog\/edital-residencia-medica-amp\/#Edital_AMP_2026\" >Edital AMP 2026<\/a><\/li><li class='ez-toc-page-1 ez-toc-heading-level-2'><a class=\"ez-toc-link ez-toc-heading-9\" href=\"https:\/\/www.grupomedcof.com.br\/blog\/edital-residencia-medica-amp\/#O_metodo_que_te_aprova\" >O m\u00e9todo que te aprova!<\/a><\/li><\/ul><\/nav><\/div>\n\n<figure class=\"wp-block-image size-large\"><img loading=\"lazy\" decoding=\"async\" width=\"1024\" height=\"576\" src=\"https:\/\/www.grupomedcof.com.br\/blog\/wp-content\/uploads\/2024\/08\/Modelo-instituicoes-82-1024x576.png\" alt=\"\" class=\"wp-image-28932\" srcset=\"https:\/\/www.grupomedcof.com.br\/blog\/wp-content\/uploads\/2024\/08\/Modelo-instituicoes-82-1024x576.png 1024w, https:\/\/www.grupomedcof.com.br\/blog\/wp-content\/uploads\/2024\/08\/Modelo-instituicoes-82-300x169.png 300w, https:\/\/www.grupomedcof.com.br\/blog\/wp-content\/uploads\/2024\/08\/Modelo-instituicoes-82-768x432.png 768w, https:\/\/www.grupomedcof.com.br\/blog\/wp-content\/uploads\/2024\/08\/Modelo-instituicoes-82-1536x864.png 1536w, https:\/\/www.grupomedcof.com.br\/blog\/wp-content\/uploads\/2024\/08\/Modelo-instituicoes-82-2048x1152.png 2048w, https:\/\/www.grupomedcof.com.br\/blog\/wp-content\/uploads\/2024\/08\/Modelo-instituicoes-82-747x420.png 747w, https:\/\/www.grupomedcof.com.br\/blog\/wp-content\/uploads\/2024\/08\/Modelo-instituicoes-82-150x84.png 150w, https:\/\/www.grupomedcof.com.br\/blog\/wp-content\/uploads\/2024\/08\/Modelo-instituicoes-82-696x392.png 696w, https:\/\/www.grupomedcof.com.br\/blog\/wp-content\/uploads\/2024\/08\/Modelo-instituicoes-82-1068x601.png 1068w, https:\/\/www.grupomedcof.com.br\/blog\/wp-content\/uploads\/2024\/08\/Modelo-instituicoes-82-1920x1080.png 1920w\" sizes=\"auto, (max-width: 1024px) 100vw, 1024px\" \/><\/figure>\n\n\n\n<p>Confirmada pela pr\u00f3pria institui\u00e7\u00e3o, o processo seletivo j\u00e1 tem sua data oficial. <\/p>\n\n\n\n<p>Veja as informa\u00e7\u00f5es do edital da <strong>Associa\u00e7\u00e3o M\u00e9dica do Paran\u00e1<\/strong> (AMP) e prepare-se para a pr\u00f3xima edi\u00e7\u00e3o!<\/p>\n\n\n\n<h2 class=\"wp-block-heading\" id=\"h-data-da-prova-de-residencia-2026-2027\"><span class=\"ez-toc-section\" id=\"Data_da_prova_de_residencia_20262027\"><\/span><strong>Data da prova de resid\u00eancia 2026\/2027<\/strong><span class=\"ez-toc-section-end\"><\/span><\/h2>\n\n\n\n<p>De acordo com um <a href=\"https:\/\/amp.org.br\/web\/noticias\/exame-amp-de-resid-ncia-m-dica-ser-no-dia-1-de-novembro-2026-03-09\" target=\"_blank\" rel=\"noreferrer noopener\">comunicado divulgado na p\u00e1gina oficial da institui\u00e7\u00e3o, <\/a>o exame ser\u00e1 aplicado no dia <strong>1\u00b0 de novembro de 2026, um domingo.<\/strong> A data foi estabelecida pelas diretorias da Associa\u00e7\u00e3o M\u00e9dica do Paran\u00e1 e da Ucamp, respons\u00e1vel pela organiza\u00e7\u00e3o do processo seletivo.<\/p>\n\n\n\n<figure class=\"wp-block-image size-large\"><img loading=\"lazy\" decoding=\"async\" width=\"1024\" height=\"236\" src=\"https:\/\/www.grupomedcof.com.br\/blog\/wp-content\/uploads\/2025\/08\/image-2-1024x236.png\" alt=\"\" class=\"wp-image-42178\" srcset=\"https:\/\/www.grupomedcof.com.br\/blog\/wp-content\/uploads\/2025\/08\/image-2-1024x236.png 1024w, https:\/\/www.grupomedcof.com.br\/blog\/wp-content\/uploads\/2025\/08\/image-2-300x69.png 300w, https:\/\/www.grupomedcof.com.br\/blog\/wp-content\/uploads\/2025\/08\/image-2-768x177.png 768w, https:\/\/www.grupomedcof.com.br\/blog\/wp-content\/uploads\/2025\/08\/image-2-1536x353.png 1536w, https:\/\/www.grupomedcof.com.br\/blog\/wp-content\/uploads\/2025\/08\/image-2-150x35.png 150w, https:\/\/www.grupomedcof.com.br\/blog\/wp-content\/uploads\/2025\/08\/image-2-696x160.png 696w, https:\/\/www.grupomedcof.com.br\/blog\/wp-content\/uploads\/2025\/08\/image-2-1068x246.png 1068w, https:\/\/www.grupomedcof.com.br\/blog\/wp-content\/uploads\/2025\/08\/image-2.png 1556w\" sizes=\"auto, (max-width: 1024px) 100vw, 1024px\" \/><\/figure>\n\n\n\n<p>As demais datas da sele\u00e7\u00e3o n\u00e3o foram divulgadas. Vale lembrar que as informa\u00e7\u00f5es at\u00e9 o momento s\u00e3o estimativas fornecidas pela institui\u00e7\u00e3o e s\u00f3 ser\u00e3o confirmadas oficialmente com a publica\u00e7\u00e3o do edital.<\/p>\n\n\n\n<h2 class=\"wp-block-heading\" id=\"h-informacoes-amp-2025-2026\"><span class=\"ez-toc-section\" id=\"Informacoes_AMP_20252026\"><\/span><strong>Informa\u00e7\u00f5es AMP 2025\/2026<\/strong><span class=\"ez-toc-section-end\"><\/span><\/h2>\n\n\n\n<p>De acordo com o documento divulgado em <strong>19 de agosto de 2025, <\/strong>as inscri\u00e7\u00f5es ocorreram no per\u00edodo de <strong>04 de setembro e 02 de outubro de 2025<\/strong>, mediante pagamento da taxa no valor de <strong>R$615,00 + taxas das COREMES.<\/strong><\/p>\n\n\n\n<p>Ademais, a sele\u00e7\u00e3o foi composta de prova objetiva e an\u00e1lise curricular.<\/p>\n\n\n\n<h3 class=\"wp-block-heading\" id=\"h-processo-seletivo\"><span class=\"ez-toc-section\" id=\"Processo_Seletivo\"><\/span><strong>Processo Seletivo<\/strong><span class=\"ez-toc-section-end\"><\/span><\/h3>\n\n\n\n<p>A prova objetiva foi aplicada em <strong>02 de novembro de 2025, \u00e0s 14h<\/strong>, e foi composta de <strong>100 quest\u00f5es <\/strong>para as especialidade de <strong>Acesso Direto <\/strong>e <strong>20 a 50 quest\u00f5es <\/strong>para as especialidades de <strong>Pr\u00e9-Requisito.<\/strong><\/p>\n\n\n\n<p>Por fim, a an\u00e1lise curricular fica a crit\u00e9rio da institui\u00e7\u00e3o aderente do candidato.<\/p>\n\n\n\n<h2 class=\"wp-block-heading\" id=\"cronograma-ufes-2024-2025\"><span class=\"ez-toc-section\" id=\"Cronograma_AMP_20252026\"><\/span><strong>Cronograma AMP 2025\/2026<\/strong><span class=\"ez-toc-section-end\"><\/span><\/h2>\n\n\n\n<figure class=\"wp-block-table\"><table class=\"has-fixed-layout\"><tbody><tr><td><strong>Inscri\u00e7\u00f5es<\/strong> <strong>e Isen\u00e7\u00e3o da taxa<\/strong><\/td><td>04\/09 a 02\/10\/2025<\/td><\/tr><tr><td><strong>Taxa de inscri\u00e7\u00e3o<\/strong><\/td><td>R$ 615 + taxa COREME<\/td><\/tr><tr><td><strong>Data da prova<\/strong><\/td><td>02\/11\/2025<\/td><\/tr><tr><td><strong>Recursos da prova<\/strong><\/td><td>04\/11\/2025 at\u00e9 14h<\/td><\/tr><tr><td><strong>Gabarito preliminar<\/strong><\/td><td>03\/11\/2025<\/td><\/tr><tr><td><strong>Resultado Preliminar<\/strong><\/td><td>at\u00e9 27\/11\/2025<\/td><\/tr><tr><td><strong>Resultado Final<\/strong><\/td><td>27\/11\/2025<\/td><\/tr><\/tbody><\/table><\/figure>\n\n\n\n<figure class=\"wp-block-image size-large\"><a href=\"https:\/\/www.grupomedcof.com.br\/cofletters\/\"><img loading=\"lazy\" decoding=\"async\" width=\"1024\" height=\"366\" src=\"https:\/\/www.grupomedcof.com.br\/blog\/wp-content\/uploads\/2024\/08\/Capa-Eventos-MedCof-Plus-14-2-1024x366.png\" alt=\"\" class=\"wp-image-28929\" srcset=\"https:\/\/www.grupomedcof.com.br\/blog\/wp-content\/uploads\/2024\/08\/Capa-Eventos-MedCof-Plus-14-2-1024x366.png 1024w, https:\/\/www.grupomedcof.com.br\/blog\/wp-content\/uploads\/2024\/08\/Capa-Eventos-MedCof-Plus-14-2-300x107.png 300w, https:\/\/www.grupomedcof.com.br\/blog\/wp-content\/uploads\/2024\/08\/Capa-Eventos-MedCof-Plus-14-2-768x275.png 768w, https:\/\/www.grupomedcof.com.br\/blog\/wp-content\/uploads\/2024\/08\/Capa-Eventos-MedCof-Plus-14-2-1536x549.png 1536w, https:\/\/www.grupomedcof.com.br\/blog\/wp-content\/uploads\/2024\/08\/Capa-Eventos-MedCof-Plus-14-2-2048x732.png 2048w, https:\/\/www.grupomedcof.com.br\/blog\/wp-content\/uploads\/2024\/08\/Capa-Eventos-MedCof-Plus-14-2-1174x420.png 1174w, https:\/\/www.grupomedcof.com.br\/blog\/wp-content\/uploads\/2024\/08\/Capa-Eventos-MedCof-Plus-14-2-150x54.png 150w, https:\/\/www.grupomedcof.com.br\/blog\/wp-content\/uploads\/2024\/08\/Capa-Eventos-MedCof-Plus-14-2-696x249.png 696w, https:\/\/www.grupomedcof.com.br\/blog\/wp-content\/uploads\/2024\/08\/Capa-Eventos-MedCof-Plus-14-2-1068x382.png 1068w, https:\/\/www.grupomedcof.com.br\/blog\/wp-content\/uploads\/2024\/08\/Capa-Eventos-MedCof-Plus-14-2-1920x687.png 1920w\" sizes=\"auto, (max-width: 1024px) 100vw, 1024px\" \/><\/a><\/figure>\n\n\n\n<h2 class=\"wp-block-heading\" id=\"h-instituicoes-participantes-amp-2025-2026\"><span class=\"ez-toc-section\" id=\"Instituicoes_Participantes_AMP_20252026\"><\/span><strong>Institui\u00e7\u00f5es Participantes AMP 2025\/2026<\/strong><span class=\"ez-toc-section-end\"><\/span><\/h2>\n\n\n\n<ul class=\"wp-block-list\">\n<li>HOSPITAL DO C\u00c2NCER DE CASCAVEL \u2013 UOPECCAN<\/li>\n\n\n\n<li>HOSPITAL DO C\u00c2NCER DE UMUARAMA \u2013 UOPECCAN<\/li>\n\n\n\n<li>HOSPITAL EVANG\u00c9LICO DE LONDRINA<\/li>\n\n\n\n<li>SANTA CASA DE MISERIC\u00d3RDIA DE PONTA GROSSA<\/li>\n\n\n\n<li>IRMANDADE DA SANTA CASA DE LONDRINA<\/li>\n\n\n\n<li>HOSPITAL S\u00c3O VICENTE<\/li>\n\n\n\n<li>HOSPITAL XV<\/li>\n\n\n\n<li>HOSPITAL DO C\u00c2NCER DE LONDRINA<\/li>\n\n\n\n<li>HOSPITAIS UNIVERSIT\u00c1RIOS DA UEPG<\/li>\n\n\n\n<li>CRUZ VERMELHA BRASILEIRA- FILIAL DO PARAN\u00c1<\/li>\n\n\n\n<li>UNIVERSIDADE ESTADUAL DO CENTRO- OESTE- UNICENTRO<\/li>\n\n\n\n<li>INSTITUTO POLICL\u00cdNICA DE PATO BRANCO<\/li>\n\n\n\n<li>HOSPITAL S\u00c3O LUCAS DE PATO BRANCO<\/li>\n\n\n\n<li>CL\u00cdNICA HEIDELBERG<\/li>\n\n\n\n<li>HOSPITAL UNIVERSIT\u00c1RIO DO OESTE DO PARAN\u00c1 \u2013 UNIOESTE<\/li>\n\n\n\n<li>HOSPITAL UNIVERSIT\u00c1RIO DO OESTE DO PARAN\u00c1 \u2013 UNIOESTE \u2013 FRANCISCO BELTR\u00c3O<\/li>\n\n\n\n<li>ASSOCIA\u00c7\u00c3O BENEFICIENTE DE SA\u00daDE DO NOROESTE DO PR \u2013 NOROSPAR<\/li>\n\n\n\n<li>HOSPITAL MEMORIAL UNING\u00c1<\/li>\n\n\n\n<li>HOSPITAL SANTA CASA DE CURITIBA<\/li>\n\n\n\n<li>HOSPITAL CARDIOL\u00d3GICO COSTANTINI<\/li>\n\n\n\n<li>INSTITUTO DE NEUROLOGIA DE CURITIBA \u2013 INC<\/li>\n\n\n\n<li>M\u00c9DICOS DE OLHOS<\/li>\n\n\n\n<li>HOSPITAL CEMIL<\/li>\n\n\n\n<li>FUNDA\u00c7\u00c3O MUNICIPAL DE PONTA GROSSA<\/li>\n\n\n\n<li>ESCOLA DE SA\u00daDE P\u00daBLICA DE S\u00c3O JOS\u00c9 DOS PINHAIS<\/li>\n\n\n\n<li>HOSPITAL VITA CURITIBA<\/li>\n\n\n\n<li>HOSPITAL ERASTO GAERTNER<\/li>\n\n\n\n<li>HOSPITAL DA PROVID\u00caNCIA<\/li>\n\n\n\n<li>HOSPITAL NOSSA SENHORA DAS GRA\u00c7AS<\/li>\n\n\n\n<li>HOSPITAL DO TRABALHADOR<\/li>\n\n\n\n<li>CENTRO DE DIABETES CURITIBA<\/li>\n\n\n\n<li>INSTITUTO NOSSA SENHORA APARECIDA<\/li>\n\n\n\n<li>S\u00c3O VICENTE DE PAULO (GUARAPUAVA)<\/li>\n\n\n\n<li>HOSPITAL SANTA BRIGIDA<\/li>\n\n\n\n<li>HOSPITAL DO ROCIO<\/li>\n\n\n\n<li>FUNDA\u00c7\u00c3O DE SA\u00daDE ITAIGUAPY<\/li>\n\n\n\n<li>MATERNIDADE E CIRURGIA NOSSA SENHORA DO ROCIO<\/li>\n\n\n\n<li>HOSPITAL DA VIS\u00c3O<\/li>\n\n\n\n<li>CEPETI \u2013 CENTRO DE ESTUDOS E DE PESQUISA EM TERAPIA INTENSIVA<\/li>\n\n\n\n<li>HOSPITAL IPO<\/li>\n\n\n\n<li>HOSPITAL DE DERMATOLOGIA SANIT\u00c1RIA DO PARAN\u00c1<\/li>\n\n\n\n<li>HOSPITAL ADAUTO BOTELHO<\/li>\n\n\n\n<li>HOSPITAL REGIONAL DO LITORAL<\/li>\n\n\n\n<li>HOSPITAL DR. AN\u00cdSIO FIGUEIREDO<\/li>\n\n\n\n<li>HOSPITAL DR. EULALINO IGN\u00c1CIO DE ANDRADE<\/li>\n<\/ul>\n\n\n\n<h2 class=\"wp-block-heading\" id=\"h-vagas-amp-2026\"><span class=\"ez-toc-section\" id=\"Vagas_AMP_2026\"><\/span><strong>Vagas AMP 2026<\/strong><span class=\"ez-toc-section-end\"><\/span><\/h2>\n\n\n\n<p>Nesta edi\u00e7\u00e3o, a AMP conta com mais de 500 vagas. Confira:<\/p>\n\n\n\n<figure class=\"wp-block-table\"><table class=\"has-fixed-layout\"><tbody><tr><td><strong>Institui\u00e7\u00e3o<\/strong><\/td><td><strong>Vagas<\/strong><\/td><\/tr><tr><td>Hospitais Universit\u00e1rios da UEPG<\/td><td>26<\/td><\/tr><tr><td>Escola de Sa\u00fade P\u00fablica de S\u00e3o Jos\u00e9 dos Pinhais<\/td><td>31<\/td><\/tr><tr><td>Hospital Evang\u00e9lico de Londrina<\/td><td>31<\/td><\/tr><tr><td>Hospital do Trabalhador<\/td><td>32<\/td><\/tr><tr><td>Irmandade da Santa Casa de Londrina<\/td><td>37<\/td><\/tr><tr><td>Universidade Estadual do Oeste do Paran\u00e1 \u2013 UNIOESTE \u2013 Campus Cascavel<\/td><td>42<\/td><\/tr><tr><td>Hospital Santa Casa de Curitiba<\/td><td>46<\/td><\/tr><tr><td>Hospital Nossa Senhora das Gra\u00e7as<\/td><td>49<\/td><\/tr><tr><td>Centro de Estudos e de Pesquisa em Terapia Intensiva \u2013 CEPETI<\/td><td>7<\/td><\/tr><tr><td>Hospital S\u00e3o Lucas de Pato Branco<\/td><td>7<\/td><\/tr><tr><td>Universidade Estadual do Oeste do Paran\u00e1 \u2013 UNIOESTE Campus de Francisco Beltr\u00e3o<\/td><td>8<\/td><\/tr><tr><td>Centro Universit\u00e1rio Ing\u00e1 \u2013 UNING\u00c1 (Hospital Memorial Uning\u00e1)<\/td><td>9<\/td><\/tr><tr><td>Hospital Dr. Eulalino Ign\u00e1cio de Andrade<\/td><td>9<\/td><\/tr><tr><td>Instituto de Neurologia de Curitiba \u2013 INC<\/td><td>12<\/td><\/tr><tr><td>Funda\u00e7\u00e3o de Sa\u00fade Itaiguapy<\/td><td>13<\/td><\/tr><tr><td>Hospital da Provid\u00eancia<\/td><td>13<\/td><\/tr><tr><td>Hospital Filantr\u00f3pico Policl\u00ednica \u2013 Instituto Policl\u00ednica de Pato Branco<\/td><td>13<\/td><\/tr><tr><td>Hospital Dr. An\u00edsio Figueiredo<\/td><td>14<\/td><\/tr><tr><td>Maternidade e Cirurgia Nossa Senhora do Rocio<\/td><td>16<\/td><\/tr><tr><td>Hospital Erasto Gaertner<\/td><td>17<\/td><\/tr><tr><td>Santa Casa de Miseric\u00f3rdia de Ponta Grossa<\/td><td>17<\/td><\/tr><tr><td>Associa\u00e7\u00e3o Beneficente de Sa\u00fade do Noroeste do Paran\u00e1 \u2013 NOROSPAR<\/td><td>18<\/td><\/tr><tr><td>Hospital Cruz Vermelha<\/td><td>18<\/td><\/tr><tr><td>Hospital S\u00e3o Vicente de Paulo<\/td><td>18<\/td><\/tr><tr><td>Hospital do Rocio<\/td><td>19<\/td><\/tr><tr><td>Hospital Regional do Litoral<\/td><td>2<\/td><\/tr><tr><td>M\u00e9dicos de Olhos<\/td><td>2<\/td><\/tr><tr><td>Funda\u00e7\u00e3o Municipal de Ponta Grossa<\/td><td>4<\/td><\/tr><tr><td>Hospital da Vis\u00e3o<\/td><td>4<\/td><\/tr><tr><td>Hospital de Dermatologia Sanit\u00e1ria do Paran\u00e1<\/td><td>4<\/td><\/tr><tr><td>Hospital do C\u00e2ncer Uopeccan de Cascavel<\/td><td>4<\/td><\/tr><tr><td>Hospital Vita Curitiba<\/td><td>4<\/td><\/tr><tr><td>Hospital XV<\/td><td>4<\/td><\/tr><tr><td>Hospital Adauto Botelho<\/td><td>5<\/td><\/tr><tr><td>Hospital e Maternidade Santa Br\u00edgida<\/td><td>5<\/td><\/tr><tr><td>Hospital S\u00e3o Vicente<\/td><td>5<\/td><\/tr><tr><td>Universidade Estadual do Centro Oeste \u2013 UNICENTRO<\/td><td>5<\/td><\/tr><tr><td>Cl\u00ednica Heidelberg<\/td><td>6<\/td><\/tr><tr><td>Hospital Cemil<\/td><td>6<\/td><\/tr><tr><td>Hospital Costantini<\/td><td>6<\/td><\/tr><tr><td>Hospital do C\u00e2ncer de Londrina<\/td><td>6<\/td><\/tr><tr><td>Hospital do C\u00e2ncer Uopeccan de Umuarama<\/td><td>6<\/td><\/tr><\/tbody><\/table><\/figure>\n\n\n\n<h2 class=\"wp-block-heading\" id=\"h-a-associacao-medica-do-parana-amp\"><span class=\"ez-toc-section\" id=\"A_Associacao_Medica_do_Parana_AMP\"><\/span><strong>A Associa\u00e7\u00e3o M\u00e9dica do Paran\u00e1 (AMP)<\/strong><span class=\"ez-toc-section-end\"><\/span><\/h2>\n\n\n\n<p>A <strong>Universidade Corporativa da Associa\u00e7\u00e3o M\u00e9dica do Paran\u00e1 <\/strong>(AMP) \u00e9 a respons\u00e1vel pela organiza\u00e7\u00e3o e implementa\u00e7\u00e3o do exame de resid\u00eancia m\u00e9dica do Paran\u00e1, desde 2001. Atualmente, 39 comiss\u00f5es de resid\u00eancia m\u00e9dica fazem parte do exame.&nbsp;<\/p>\n\n\n\n<p>Relembre como foi a <a href=\"https:\/\/www.grupomedcof.com.br\/blog\/residencia-medica-amp-2024\/\">edi\u00e7\u00e3o anterior do processo seletivo da AMP.<\/a><\/p>\n\n\n\n<h2 class=\"wp-block-heading\" id=\"h-edital-amp-2026\"><span class=\"ez-toc-section\" id=\"Edital_AMP_2026\"><\/span><strong>Edital AMP 2026<\/strong><span class=\"ez-toc-section-end\"><\/span><\/h2>\n\n\n\n<div class=\"wp-block-buttons is-layout-flex wp-block-buttons-is-layout-flex\">\n<div class=\"wp-block-button\"><a class=\"wp-block-button__link wp-element-button\" href=\"https:\/\/www.grupomedcof.com.br\/blog\/wp-content\/uploads\/2025\/07\/Edital-AMP-2026.pdf\" target=\"_blank\" rel=\"noreferrer noopener\">Edital AMP 2025\/2026<\/a><\/div>\n\n\n\n<div class=\"wp-block-button\"><a class=\"wp-block-button__link wp-element-button\" href=\"https:\/\/ucamp.org.br\/residencia-medica\/507\" target=\"_blank\" rel=\"noreferrer noopener\">Editais COREME AMP 2025<\/a><\/div>\n<\/div>\n\n\n\n<h2 class=\"wp-block-heading\" id=\"o-m\u00e9todo-que-te-aprova\"><span class=\"ez-toc-section\" id=\"O_metodo_que_te_aprova\"><\/span><strong>O m\u00e9todo que te aprova!<\/strong><span class=\"ez-toc-section-end\"><\/span><\/h2>\n\n\n\n<p>Quer alcan\u00e7ar a aprova\u00e7\u00e3o nas provas de resid\u00eancia m\u00e9dica? Ent\u00e3o seja um&nbsp;<a href=\"https:\/\/www.grupomedcof.com.br\/home\/\" target=\"_blank\" rel=\"noreferrer noopener\">MedCofer<\/a>! Aqui te ajudaremos na busca da aprova\u00e7\u00e3o com conte\u00fados de qualidade e uma&nbsp;<a href=\"https:\/\/www.grupomedcof.com.br\/blog\/presenca-da-medcof-nas-aprovacoes-em-residencia-medica-no-brasil\/\" target=\"_blank\" rel=\"noreferrer noopener\">metodologia que j\u00e1 aprovou mais de 20 mil residentes no pa\u00eds!&nbsp;<\/a>Por fim, acesse o nosso<a href=\"https:\/\/www.youtube.com\/@GrupoMedcof\/featured\" target=\"_blank\" rel=\"noreferrer noopener\">&nbsp;<strong>canal do youtube&nbsp;<\/strong><\/a>para ver o nosso material.<\/p>\n\n\n\n<figure class=\"wp-block-embed is-type-video is-provider-youtube wp-block-embed-youtube wp-embed-aspect-16-9 wp-has-aspect-ratio\"><div class=\"wp-block-embed__wrapper\">\n<div class=\"youtube-embed\" data-video_id=\"_lxWzXQfGN8\"><iframe loading=\"lazy\" title=\"Edital AMP 2024\/2025: Como Fazer Diferente das Provas Anteriores com o Dr. Henrique\" width=\"696\" height=\"392\" src=\"https:\/\/www.youtube.com\/embed\/_lxWzXQfGN8?feature=oembed&#038;enablejsapi=1\" frameborder=\"0\" allow=\"accelerometer; autoplay; clipboard-write; encrypted-media; gyroscope; picture-in-picture; web-share\" referrerpolicy=\"strict-origin-when-cross-origin\" allowfullscreen><\/iframe><\/div>\n<\/div><\/figure>\n","protected":false},"excerpt":{"rendered":"<p>Confira o edital completo da Associa\u00e7\u00e3o M\u00e9dica do Paran\u00e1 (AMP) para resid\u00eancia m\u00e9dica 2025\/2026. Acesse o cronograma e informa\u00e7\u00f5es detalhadas!<\/p>\n","protected":false},"author":20,"featured_media":28932,"comment_status":"open","ping_status":"open","sticky":false,"template":"","format":"standard","meta":{"footnotes":""},"categories":[287,2023],"tags":[254,1568,68],"ppma_author":[3616],"class_list":{"0":"post-28928","1":"post","2":"type-post","3":"status-publish","4":"format-standard","5":"has-post-thumbnail","7":"category-destaques-medcof","8":"category-editais","9":"tag-amp","10":"tag-edital","11":"tag-residencia-medica"},"yoast_head":"<!-- This site is optimized with the Yoast SEO Premium plugin v24.3 (Yoast SEO v27.4) - https:\/\/yoast.com\/product\/yoast-seo-premium-wordpress\/ -->\n<title>AMP 2025\/2026: edital para resid\u00eancia m\u00e9dica divulgado<\/title>\n<meta name=\"description\" content=\"Confira o edital completo da Associa\u00e7\u00e3o M\u00e9dica do Paran\u00e1 (AMP) para resid\u00eancia m\u00e9dica 2025\/2026. Acesse o cronograma e informa\u00e7\u00f5es detalhadas!\" \/>\n<meta name=\"robots\" content=\"index, follow, max-snippet:-1, max-image-preview:large, max-video-preview:-1\" \/>\n<link rel=\"canonical\" href=\"https:\/\/www.grupomedcof.com.br\/blog\/edital-residencia-medica-amp\/\" \/>\n<meta property=\"og:locale\" content=\"pt_BR\" \/>\n<meta property=\"og:type\" content=\"article\" \/>\n<meta property=\"og:title\" content=\"AMP divulga data da prova de resid\u00eancia m\u00e9dica 2026\/2027\" \/>\n<meta property=\"og:description\" content=\"Confira o edital completo da Associa\u00e7\u00e3o M\u00e9dica do Paran\u00e1 (AMP) para resid\u00eancia m\u00e9dica 2025\/2026. Acesse o cronograma e informa\u00e7\u00f5es detalhadas!\" \/>\n<meta property=\"og:url\" content=\"https:\/\/www.grupomedcof.com.br\/blog\/edital-residencia-medica-amp\/\" \/>\n<meta property=\"og:site_name\" content=\"Blog de Medcof: conte\u00fados, editais, revalida e mais!\" \/>\n<meta property=\"article:publisher\" content=\"https:\/\/www.facebook.com\/MedCofQbank\/\" \/>\n<meta property=\"article:published_time\" content=\"2026-03-31T11:12:45+00:00\" \/>\n<meta property=\"article:modified_time\" content=\"2026-04-07T14:56:53+00:00\" \/>\n<meta property=\"og:image\" content=\"https:\/\/www.grupomedcof.com.br\/blog\/wp-content\/uploads\/2024\/08\/Modelo-instituicoes-82.png\" \/>\n\t<meta property=\"og:image:width\" content=\"2560\" \/>\n\t<meta property=\"og:image:height\" content=\"1440\" \/>\n\t<meta property=\"og:image:type\" content=\"image\/png\" \/>\n<meta name=\"author\" content=\"Leila Menzel\" \/>\n<meta name=\"twitter:card\" content=\"summary_large_image\" \/>\n<meta name=\"twitter:label1\" content=\"Escrito por\" \/>\n\t<meta name=\"twitter:data1\" content=\"Leila Menzel\" \/>\n\t<meta name=\"twitter:label2\" content=\"Est. tempo de leitura\" \/>\n\t<meta name=\"twitter:data2\" content=\"6 minutos\" \/>\n<script type=\"application\/ld+json\" class=\"yoast-schema-graph\">{\"@context\":\"https:\\\/\\\/schema.org\",\"@graph\":[{\"@type\":\"Article\",\"@id\":\"https:\\\/\\\/www.grupomedcof.com.br\\\/blog\\\/edital-residencia-medica-amp\\\/#article\",\"isPartOf\":{\"@id\":\"https:\\\/\\\/www.grupomedcof.com.br\\\/blog\\\/edital-residencia-medica-amp\\\/\"},\"author\":{\"name\":\"Leila Menzel\",\"@id\":\"https:\\\/\\\/www.grupomedcof.com.br\\\/blog\\\/#\\\/schema\\\/person\\\/9a44c2184a836bf5ae6967fdb3a1451e\"},\"headline\":\"AMP divulga data da prova de resid\u00eancia m\u00e9dica 2026\\\/2027\",\"datePublished\":\"2026-03-31T11:12:45+00:00\",\"dateModified\":\"2026-04-07T14:56:53+00:00\",\"mainEntityOfPage\":{\"@id\":\"https:\\\/\\\/www.grupomedcof.com.br\\\/blog\\\/edital-residencia-medica-amp\\\/\"},\"wordCount\":925,\"commentCount\":0,\"publisher\":{\"@id\":\"https:\\\/\\\/www.grupomedcof.com.br\\\/blog\\\/#organization\"},\"image\":{\"@id\":\"https:\\\/\\\/www.grupomedcof.com.br\\\/blog\\\/edital-residencia-medica-amp\\\/#primaryimage\"},\"thumbnailUrl\":\"https:\\\/\\\/www.grupomedcof.com.br\\\/blog\\\/wp-content\\\/uploads\\\/2024\\\/08\\\/Modelo-instituicoes-82.png\",\"keywords\":[\"AMP\",\"Edital\",\"Resid\u00eancia M\u00e9dica\"],\"articleSection\":[\"Destaques MedCof\",\"Editais\"],\"inLanguage\":\"pt-BR\"},{\"@type\":\"WebPage\",\"@id\":\"https:\\\/\\\/www.grupomedcof.com.br\\\/blog\\\/edital-residencia-medica-amp\\\/\",\"url\":\"https:\\\/\\\/www.grupomedcof.com.br\\\/blog\\\/edital-residencia-medica-amp\\\/\",\"name\":\"AMP 2025\\\/2026: edital para resid\u00eancia m\u00e9dica divulgado\",\"isPartOf\":{\"@id\":\"https:\\\/\\\/www.grupomedcof.com.br\\\/blog\\\/#website\"},\"primaryImageOfPage\":{\"@id\":\"https:\\\/\\\/www.grupomedcof.com.br\\\/blog\\\/edital-residencia-medica-amp\\\/#primaryimage\"},\"image\":{\"@id\":\"https:\\\/\\\/www.grupomedcof.com.br\\\/blog\\\/edital-residencia-medica-amp\\\/#primaryimage\"},\"thumbnailUrl\":\"https:\\\/\\\/www.grupomedcof.com.br\\\/blog\\\/wp-content\\\/uploads\\\/2024\\\/08\\\/Modelo-instituicoes-82.png\",\"datePublished\":\"2026-03-31T11:12:45+00:00\",\"dateModified\":\"2026-04-07T14:56:53+00:00\",\"description\":\"Confira o edital completo da Associa\u00e7\u00e3o M\u00e9dica do Paran\u00e1 (AMP) para resid\u00eancia m\u00e9dica 2025\\\/2026. Acesse o cronograma e informa\u00e7\u00f5es detalhadas!\",\"breadcrumb\":{\"@id\":\"https:\\\/\\\/www.grupomedcof.com.br\\\/blog\\\/edital-residencia-medica-amp\\\/#breadcrumb\"},\"inLanguage\":\"pt-BR\",\"potentialAction\":[{\"@type\":\"ReadAction\",\"target\":[\"https:\\\/\\\/www.grupomedcof.com.br\\\/blog\\\/edital-residencia-medica-amp\\\/\"]}]},{\"@type\":\"ImageObject\",\"inLanguage\":\"pt-BR\",\"@id\":\"https:\\\/\\\/www.grupomedcof.com.br\\\/blog\\\/edital-residencia-medica-amp\\\/#primaryimage\",\"url\":\"https:\\\/\\\/www.grupomedcof.com.br\\\/blog\\\/wp-content\\\/uploads\\\/2024\\\/08\\\/Modelo-instituicoes-82.png\",\"contentUrl\":\"https:\\\/\\\/www.grupomedcof.com.br\\\/blog\\\/wp-content\\\/uploads\\\/2024\\\/08\\\/Modelo-instituicoes-82.png\",\"width\":2560,\"height\":1440},{\"@type\":\"BreadcrumbList\",\"@id\":\"https:\\\/\\\/www.grupomedcof.com.br\\\/blog\\\/edital-residencia-medica-amp\\\/#breadcrumb\",\"itemListElement\":[{\"@type\":\"ListItem\",\"position\":1,\"name\":\"In\u00edcio\",\"item\":\"https:\\\/\\\/www.grupomedcof.com.br\\\/blog\\\/\"},{\"@type\":\"ListItem\",\"position\":2,\"name\":\"AMP divulga data da prova de resid\u00eancia m\u00e9dica 2026\\\/2027\"}]},{\"@type\":\"WebSite\",\"@id\":\"https:\\\/\\\/www.grupomedcof.com.br\\\/blog\\\/#website\",\"url\":\"https:\\\/\\\/www.grupomedcof.com.br\\\/blog\\\/\",\"name\":\"Blog de Medcof: conte\u00fados, editais, revalida e mais!\",\"description\":\"Acesso o blog de MedCof! Seu portal de conte\u00fados sobre resid\u00eancia m\u00e9dica, an\u00e1lise e editais e muito mais. Clique e confira!\",\"publisher\":{\"@id\":\"https:\\\/\\\/www.grupomedcof.com.br\\\/blog\\\/#organization\"},\"alternateName\":\"Blog de Medcof: conte\u00fados, editais, revalida e mais!\",\"potentialAction\":[{\"@type\":\"SearchAction\",\"target\":{\"@type\":\"EntryPoint\",\"urlTemplate\":\"https:\\\/\\\/www.grupomedcof.com.br\\\/blog\\\/?s={search_term_string}\"},\"query-input\":{\"@type\":\"PropertyValueSpecification\",\"valueRequired\":true,\"valueName\":\"search_term_string\"}}],\"inLanguage\":\"pt-BR\"},{\"@type\":\"Organization\",\"@id\":\"https:\\\/\\\/www.grupomedcof.com.br\\\/blog\\\/#organization\",\"name\":\"Grupo MedCof\",\"url\":\"https:\\\/\\\/www.grupomedcof.com.br\\\/blog\\\/\",\"logo\":{\"@type\":\"ImageObject\",\"inLanguage\":\"pt-BR\",\"@id\":\"https:\\\/\\\/www.grupomedcof.com.br\\\/blog\\\/#\\\/schema\\\/logo\\\/image\\\/\",\"url\":\"https:\\\/\\\/www.grupomedcof.com.br\\\/blog\\\/wp-content\\\/uploads\\\/2022\\\/01\\\/logo-medcof.png\",\"contentUrl\":\"https:\\\/\\\/www.grupomedcof.com.br\\\/blog\\\/wp-content\\\/uploads\\\/2022\\\/01\\\/logo-medcof.png\",\"width\":768,\"height\":269,\"caption\":\"Grupo MedCof\"},\"image\":{\"@id\":\"https:\\\/\\\/www.grupomedcof.com.br\\\/blog\\\/#\\\/schema\\\/logo\\\/image\\\/\"},\"sameAs\":[\"https:\\\/\\\/www.facebook.com\\\/MedCofQbank\\\/\",\"https:\\\/\\\/www.instagram.com\\\/grupomedcof\\\/\",\"https:\\\/\\\/br.linkedin.com\\\/company\\\/medcof\",\"https:\\\/\\\/www.youtube.com\\\/channel\\\/UCdHMuOHKICxcHwecxN8P-AA\"]},{\"@type\":\"Person\",\"@id\":\"https:\\\/\\\/www.grupomedcof.com.br\\\/blog\\\/#\\\/schema\\\/person\\\/9a44c2184a836bf5ae6967fdb3a1451e\",\"name\":\"Leila Menzel\",\"image\":{\"@type\":\"ImageObject\",\"inLanguage\":\"pt-BR\",\"@id\":\"https:\\\/\\\/www.grupomedcof.com.br\\\/blog\\\/wp-content\\\/uploads\\\/2025\\\/09\\\/cropped-eu-96x96.jpeg19a74936d997c0a8b3031618467fa1d0\",\"url\":\"https:\\\/\\\/www.grupomedcof.com.br\\\/blog\\\/wp-content\\\/uploads\\\/2025\\\/09\\\/cropped-eu-96x96.jpeg\",\"contentUrl\":\"https:\\\/\\\/www.grupomedcof.com.br\\\/blog\\\/wp-content\\\/uploads\\\/2025\\\/09\\\/cropped-eu-96x96.jpeg\",\"caption\":\"Leila Menzel\"},\"description\":\"Estudante do 6\u00b0 semestre de jornalismo, amo e escrevo poesias e viajo em livros de romances clich\u00eas.\",\"url\":\"https:\\\/\\\/www.grupomedcof.com.br\\\/blog\\\/author\\\/leila-menzel\\\/\"}]}<\/script>\n<!-- \/ Yoast SEO Premium plugin. -->","yoast_head_json":{"title":"AMP 2025\/2026: edital para resid\u00eancia m\u00e9dica divulgado","description":"Confira o edital completo da Associa\u00e7\u00e3o M\u00e9dica do Paran\u00e1 (AMP) para resid\u00eancia m\u00e9dica 2025\/2026. Acesse o cronograma e informa\u00e7\u00f5es detalhadas!","robots":{"index":"index","follow":"follow","max-snippet":"max-snippet:-1","max-image-preview":"max-image-preview:large","max-video-preview":"max-video-preview:-1"},"canonical":"https:\/\/www.grupomedcof.com.br\/blog\/edital-residencia-medica-amp\/","og_locale":"pt_BR","og_type":"article","og_title":"AMP divulga data da prova de resid\u00eancia m\u00e9dica 2026\/2027","og_description":"Confira o edital completo da Associa\u00e7\u00e3o M\u00e9dica do Paran\u00e1 (AMP) para resid\u00eancia m\u00e9dica 2025\/2026. Acesse o cronograma e informa\u00e7\u00f5es detalhadas!","og_url":"https:\/\/www.grupomedcof.com.br\/blog\/edital-residencia-medica-amp\/","og_site_name":"Blog de Medcof: conte\u00fados, editais, revalida e mais!","article_publisher":"https:\/\/www.facebook.com\/MedCofQbank\/","article_published_time":"2026-03-31T11:12:45+00:00","article_modified_time":"2026-04-07T14:56:53+00:00","og_image":[{"width":2560,"height":1440,"url":"https:\/\/www.grupomedcof.com.br\/blog\/wp-content\/uploads\/2024\/08\/Modelo-instituicoes-82.png","type":"image\/png"}],"author":"Leila Menzel","twitter_card":"summary_large_image","twitter_misc":{"Escrito por":"Leila Menzel","Est. tempo de leitura":"6 minutos"},"schema":{"@context":"https:\/\/schema.org","@graph":[{"@type":"Article","@id":"https:\/\/www.grupomedcof.com.br\/blog\/edital-residencia-medica-amp\/#article","isPartOf":{"@id":"https:\/\/www.grupomedcof.com.br\/blog\/edital-residencia-medica-amp\/"},"author":{"name":"Leila Menzel","@id":"https:\/\/www.grupomedcof.com.br\/blog\/#\/schema\/person\/9a44c2184a836bf5ae6967fdb3a1451e"},"headline":"AMP divulga data da prova de resid\u00eancia m\u00e9dica 2026\/2027","datePublished":"2026-03-31T11:12:45+00:00","dateModified":"2026-04-07T14:56:53+00:00","mainEntityOfPage":{"@id":"https:\/\/www.grupomedcof.com.br\/blog\/edital-residencia-medica-amp\/"},"wordCount":925,"commentCount":0,"publisher":{"@id":"https:\/\/www.grupomedcof.com.br\/blog\/#organization"},"image":{"@id":"https:\/\/www.grupomedcof.com.br\/blog\/edital-residencia-medica-amp\/#primaryimage"},"thumbnailUrl":"https:\/\/www.grupomedcof.com.br\/blog\/wp-content\/uploads\/2024\/08\/Modelo-instituicoes-82.png","keywords":["AMP","Edital","Resid\u00eancia M\u00e9dica"],"articleSection":["Destaques MedCof","Editais"],"inLanguage":"pt-BR"},{"@type":"WebPage","@id":"https:\/\/www.grupomedcof.com.br\/blog\/edital-residencia-medica-amp\/","url":"https:\/\/www.grupomedcof.com.br\/blog\/edital-residencia-medica-amp\/","name":"AMP 2025\/2026: edital para resid\u00eancia m\u00e9dica divulgado","isPartOf":{"@id":"https:\/\/www.grupomedcof.com.br\/blog\/#website"},"primaryImageOfPage":{"@id":"https:\/\/www.grupomedcof.com.br\/blog\/edital-residencia-medica-amp\/#primaryimage"},"image":{"@id":"https:\/\/www.grupomedcof.com.br\/blog\/edital-residencia-medica-amp\/#primaryimage"},"thumbnailUrl":"https:\/\/www.grupomedcof.com.br\/blog\/wp-content\/uploads\/2024\/08\/Modelo-instituicoes-82.png","datePublished":"2026-03-31T11:12:45+00:00","dateModified":"2026-04-07T14:56:53+00:00","description":"Confira o edital completo da Associa\u00e7\u00e3o M\u00e9dica do Paran\u00e1 (AMP) para resid\u00eancia m\u00e9dica 2025\/2026. Acesse o cronograma e informa\u00e7\u00f5es detalhadas!","breadcrumb":{"@id":"https:\/\/www.grupomedcof.com.br\/blog\/edital-residencia-medica-amp\/#breadcrumb"},"inLanguage":"pt-BR","potentialAction":[{"@type":"ReadAction","target":["https:\/\/www.grupomedcof.com.br\/blog\/edital-residencia-medica-amp\/"]}]},{"@type":"ImageObject","inLanguage":"pt-BR","@id":"https:\/\/www.grupomedcof.com.br\/blog\/edital-residencia-medica-amp\/#primaryimage","url":"https:\/\/www.grupomedcof.com.br\/blog\/wp-content\/uploads\/2024\/08\/Modelo-instituicoes-82.png","contentUrl":"https:\/\/www.grupomedcof.com.br\/blog\/wp-content\/uploads\/2024\/08\/Modelo-instituicoes-82.png","width":2560,"height":1440},{"@type":"BreadcrumbList","@id":"https:\/\/www.grupomedcof.com.br\/blog\/edital-residencia-medica-amp\/#breadcrumb","itemListElement":[{"@type":"ListItem","position":1,"name":"In\u00edcio","item":"https:\/\/www.grupomedcof.com.br\/blog\/"},{"@type":"ListItem","position":2,"name":"AMP divulga data da prova de resid\u00eancia m\u00e9dica 2026\/2027"}]},{"@type":"WebSite","@id":"https:\/\/www.grupomedcof.com.br\/blog\/#website","url":"https:\/\/www.grupomedcof.com.br\/blog\/","name":"Blog de Medcof: conte\u00fados, editais, revalida e mais!","description":"Acesso o blog de MedCof! Seu portal de conte\u00fados sobre resid\u00eancia m\u00e9dica, an\u00e1lise e editais e muito mais. Clique e confira!","publisher":{"@id":"https:\/\/www.grupomedcof.com.br\/blog\/#organization"},"alternateName":"Blog de Medcof: conte\u00fados, editais, revalida e mais!","potentialAction":[{"@type":"SearchAction","target":{"@type":"EntryPoint","urlTemplate":"https:\/\/www.grupomedcof.com.br\/blog\/?s={search_term_string}"},"query-input":{"@type":"PropertyValueSpecification","valueRequired":true,"valueName":"search_term_string"}}],"inLanguage":"pt-BR"},{"@type":"Organization","@id":"https:\/\/www.grupomedcof.com.br\/blog\/#organization","name":"Grupo MedCof","url":"https:\/\/www.grupomedcof.com.br\/blog\/","logo":{"@type":"ImageObject","inLanguage":"pt-BR","@id":"https:\/\/www.grupomedcof.com.br\/blog\/#\/schema\/logo\/image\/","url":"https:\/\/www.grupomedcof.com.br\/blog\/wp-content\/uploads\/2022\/01\/logo-medcof.png","contentUrl":"https:\/\/www.grupomedcof.com.br\/blog\/wp-content\/uploads\/2022\/01\/logo-medcof.png","width":768,"height":269,"caption":"Grupo MedCof"},"image":{"@id":"https:\/\/www.grupomedcof.com.br\/blog\/#\/schema\/logo\/image\/"},"sameAs":["https:\/\/www.facebook.com\/MedCofQbank\/","https:\/\/www.instagram.com\/grupomedcof\/","https:\/\/br.linkedin.com\/company\/medcof","https:\/\/www.youtube.com\/channel\/UCdHMuOHKICxcHwecxN8P-AA"]},{"@type":"Person","@id":"https:\/\/www.grupomedcof.com.br\/blog\/#\/schema\/person\/9a44c2184a836bf5ae6967fdb3a1451e","name":"Leila Menzel","image":{"@type":"ImageObject","inLanguage":"pt-BR","@id":"https:\/\/www.grupomedcof.com.br\/blog\/wp-content\/uploads\/2025\/09\/cropped-eu-96x96.jpeg19a74936d997c0a8b3031618467fa1d0","url":"https:\/\/www.grupomedcof.com.br\/blog\/wp-content\/uploads\/2025\/09\/cropped-eu-96x96.jpeg","contentUrl":"https:\/\/www.grupomedcof.com.br\/blog\/wp-content\/uploads\/2025\/09\/cropped-eu-96x96.jpeg","caption":"Leila Menzel"},"description":"Estudante do 6\u00b0 semestre de jornalismo, amo e escrevo poesias e viajo em livros de romances clich\u00eas.","url":"https:\/\/www.grupomedcof.com.br\/blog\/author\/leila-menzel\/"}]}},"authors":[{"term_id":3616,"user_id":20,"is_guest":0,"slug":"leila-menzel","display_name":"Leila Menzel","avatar_url":"https:\/\/www.grupomedcof.com.br\/blog\/wp-content\/uploads\/2025\/09\/cropped-eu-96x96.jpeg","0":null,"1":"","2":"","3":"","4":"","5":"","6":"","7":"","8":""}],"_links":{"self":[{"href":"https:\/\/www.grupomedcof.com.br\/blog\/wp-json\/wp\/v2\/posts\/28928","targetHints":{"allow":["GET"]}}],"collection":[{"href":"https:\/\/www.grupomedcof.com.br\/blog\/wp-json\/wp\/v2\/posts"}],"about":[{"href":"https:\/\/www.grupomedcof.com.br\/blog\/wp-json\/wp\/v2\/types\/post"}],"author":[{"embeddable":true,"href":"https:\/\/www.grupomedcof.com.br\/blog\/wp-json\/wp\/v2\/users\/20"}],"replies":[{"embeddable":true,"href":"https:\/\/www.grupomedcof.com.br\/blog\/wp-json\/wp\/v2\/comments?post=28928"}],"version-history":[{"count":7,"href":"https:\/\/www.grupomedcof.com.br\/blog\/wp-json\/wp\/v2\/posts\/28928\/revisions"}],"predecessor-version":[{"id":42748,"href":"https:\/\/www.grupomedcof.com.br\/blog\/wp-json\/wp\/v2\/posts\/28928\/revisions\/42748"}],"wp:featuredmedia":[{"embeddable":true,"href":"https:\/\/www.grupomedcof.com.br\/blog\/wp-json\/wp\/v2\/media\/28932"}],"wp:attachment":[{"href":"https:\/\/www.grupomedcof.com.br\/blog\/wp-json\/wp\/v2\/media?parent=28928"}],"wp:term":[{"taxonomy":"category","embeddable":true,"href":"https:\/\/www.grupomedcof.com.br\/blog\/wp-json\/wp\/v2\/categories?post=28928"},{"taxonomy":"post_tag","embeddable":true,"href":"https:\/\/www.grupomedcof.com.br\/blog\/wp-json\/wp\/v2\/tags?post=28928"},{"taxonomy":"author","embeddable":true,"href":"https:\/\/www.grupomedcof.com.br\/blog\/wp-json\/wp\/v2\/ppma_author?post=28928"}],"curies":[{"name":"wp","href":"https:\/\/api.w.org\/{rel}","templated":true}]}}