{"id":2893,"date":"2022-10-17T12:00:16","date_gmt":"2022-10-17T15:00:16","guid":{"rendered":"https:\/\/www.grupomedcof.com.br\/blog\/?p=2893"},"modified":"2022-10-17T12:00:16","modified_gmt":"2022-10-17T15:00:16","slug":"residencia-medica-santa-casa-sp-2023-confira-o-edital","status":"publish","type":"post","link":"https:\/\/www.grupomedcof.com.br\/blog\/residencia-medica-santa-casa-sp-2023-confira-o-edital\/","title":{"rendered":"Resid\u00eancia M\u00e9dica Santa Casa SP 2023: confira o edital!"},"content":{"rendered":"<div id=\"ez-toc-container\" class=\"ez-toc-v2_0_74 counter-hierarchy ez-toc-counter ez-toc-transparent ez-toc-container-direction\">\n<div class=\"ez-toc-title-container\">\n<p class=\"ez-toc-title\" style=\"cursor:inherit\">Sum\u00e1rio<\/p>\n<span class=\"ez-toc-title-toggle\"><a href=\"#\" class=\"ez-toc-pull-right ez-toc-btn ez-toc-btn-xs ez-toc-btn-default ez-toc-toggle\" aria-label=\"Alternar tabela de conte\u00fado\"><span class=\"ez-toc-js-icon-con\"><span class=\"\"><span class=\"eztoc-hide\" style=\"display:none;\">Toggle<\/span><span class=\"ez-toc-icon-toggle-span\"><svg style=\"fill: #999;color:#999\" xmlns=\"http:\/\/www.w3.org\/2000\/svg\" class=\"list-377408\" width=\"20px\" height=\"20px\" viewBox=\"0 0 24 24\" fill=\"none\"><path d=\"M6 6H4v2h2V6zm14 0H8v2h12V6zM4 11h2v2H4v-2zm16 0H8v2h12v-2zM4 16h2v2H4v-2zm16 0H8v2h12v-2z\" fill=\"currentColor\"><\/path><\/svg><svg style=\"fill: #999;color:#999\" class=\"arrow-unsorted-368013\" xmlns=\"http:\/\/www.w3.org\/2000\/svg\" width=\"10px\" height=\"10px\" viewBox=\"0 0 24 24\" version=\"1.2\" baseProfile=\"tiny\"><path d=\"M18.2 9.3l-6.2-6.3-6.2 6.3c-.2.2-.3.4-.3.7s.1.5.3.7c.2.2.4.3.7.3h11c.3 0 .5-.1.7-.3.2-.2.3-.5.3-.7s-.1-.5-.3-.7zM5.8 14.7l6.2 6.3 6.2-6.3c.2-.2.3-.5.3-.7s-.1-.5-.3-.7c-.2-.2-.4-.3-.7-.3h-11c-.3 0-.5.1-.7.3-.2.2-.3.5-.3.7s.1.5.3.7z\"\/><\/svg><\/span><\/span><\/span><\/a><\/span><\/div>\n<nav><ul class='ez-toc-list ez-toc-list-level-1 ' ><li class='ez-toc-page-1 ez-toc-heading-level-2'><a class=\"ez-toc-link ez-toc-heading-1\" href=\"https:\/\/www.grupomedcof.com.br\/blog\/residencia-medica-santa-casa-sp-2023-confira-o-edital\/#Residencia_Medica_Santa_Casa_SP_2023_confira_o_edital\" >Resid\u00eancia M\u00e9dica Santa Casa SP 2023: confira o edital!<\/a><\/li><li class='ez-toc-page-1 ez-toc-heading-level-2'><a class=\"ez-toc-link ez-toc-heading-2\" href=\"https:\/\/www.grupomedcof.com.br\/blog\/residencia-medica-santa-casa-sp-2023-confira-o-edital\/#Visao_geral\" >Vis\u00e3o geral<\/a><\/li><li class='ez-toc-page-1 ez-toc-heading-level-2'><a class=\"ez-toc-link ez-toc-heading-3\" href=\"https:\/\/www.grupomedcof.com.br\/blog\/residencia-medica-santa-casa-sp-2023-confira-o-edital\/#Detalhamento_das_vagas\" >Detalhamento das vagas<\/a><\/li><li class='ez-toc-page-1 ez-toc-heading-level-2'><a class=\"ez-toc-link ez-toc-heading-4\" href=\"https:\/\/www.grupomedcof.com.br\/blog\/residencia-medica-santa-casa-sp-2023-confira-o-edital\/#Cronograma\" >Cronograma<\/a><\/li><li class='ez-toc-page-1 ez-toc-heading-level-2'><a class=\"ez-toc-link ez-toc-heading-5\" href=\"https:\/\/www.grupomedcof.com.br\/blog\/residencia-medica-santa-casa-sp-2023-confira-o-edital\/#Playlist\" >Playlist<\/a><\/li><\/ul><\/nav><\/div>\n<h2><span class=\"ez-toc-section\" id=\"Residencia_Medica_Santa_Casa_SP_2023_confira_o_edital\"><\/span>Resid\u00eancia M\u00e9dica Santa Casa SP 2023: confira o edital!<span class=\"ez-toc-section-end\"><\/span><\/h2>\n<p>\t\t\t\t\t\t\t\t\t\t\t\t\t\t\t<img loading=\"lazy\" decoding=\"async\" width=\"768\" height=\"432\" src=\"https:\/\/www.grupomedcof.com.br\/blog\/wp-content\/uploads\/2022\/10\/editais-2023-1-1-1-1-4-768x432.png\" alt=\"resid\u00eancia m\u00e9dica santa casa sp 2023\" srcset=\"https:\/\/www.grupomedcof.com.br\/blog\/wp-content\/uploads\/2022\/10\/editais-2023-1-1-1-1-4-768x432.png 768w, https:\/\/www.grupomedcof.com.br\/blog\/wp-content\/uploads\/2022\/10\/editais-2023-1-1-1-1-4-300x169.png 300w, https:\/\/www.grupomedcof.com.br\/blog\/wp-content\/uploads\/2022\/10\/editais-2023-1-1-1-1-4-1024x576.png 1024w, https:\/\/www.grupomedcof.com.br\/blog\/wp-content\/uploads\/2022\/10\/editais-2023-1-1-1-1-4-1536x864.png 1536w, https:\/\/www.grupomedcof.com.br\/blog\/wp-content\/uploads\/2022\/10\/editais-2023-1-1-1-1-4-2048x1152.png 2048w\" sizes=\"auto, (max-width: 768px) 100vw, 768px\" \/>\t\t\t\t\t\t\t\t\t\t\t\t\t\t\t<\/p>\n<p>A Santa Casa de SP divulgou seu edital de sele\u00e7\u00e3o para os Programas de Resid\u00eancia M\u00e9dica 2023. Confira os detalhes!<\/p>\n<p>\u00a0<\/p>\n<p>\u00a0<\/p>\n<p>\u00a0<\/p>\n<p>Quer ficar por dentro de todas as atualiza\u00e7\u00f5es? Inscreva-se abaixo e seja avisado sempre!<\/p>\n<h4>\n\t\t\t\tSum\u00e1rio\t\t\t<\/h4>\n<h2><span class=\"ez-toc-section\" id=\"Visao_geral\"><\/span>Vis\u00e3o geral<span class=\"ez-toc-section-end\"><\/span><\/h2>\n<p>As inscri\u00e7\u00f5es para os Programas de Resid\u00eancia M\u00e9dica 2023 da Santa Casa de SP ter\u00e3o <strong>in\u00edcio no dia 19 de outubro e v\u00e3o at\u00e9 10 de novembro de 2022<\/strong>, atrav\u00e9s do <a style=\"color: #0000ff;\" href=\"http:\/\/quadrix.org.br\/todos-os-concursos\/inscricoes-abertas\/iscmsp-residencia-medica-2023.aspx\" rel=\"nofollow\">site do Instituto Quadrix<\/a>. Para efetiva\u00e7\u00e3o da inscri\u00e7\u00e3o, o candidato dever\u00e1 realizar o pagamento da taxa no valor de R$ 790,00.<\/p>\n<p>\u00a0<\/p>\n<p>O processo seletivo ser\u00e1 composto por duas fases, sendo:<\/p>\n<ul>\n<li><strong>1\u00aa fase:\u00a0<\/strong>exame escrito objetivo, valendo 50% da nota para os Programas de Acesso Direto e 90% da nota para os demais Programas oferecidos, a ser aplicado no <strong>dia 27 de novembro de 2022<\/strong>, no per\u00edodo da tarde;<\/li>\n<li><strong>2\u00aa fase:\u00a0<\/strong>\n<ul>\n<li><em>Prova pr\u00e1tica (para os candidatos aos Programas de Acesso Direto):<\/em> valendo 40% da nota final, a ser aplicada no <strong>dia 10 de dezembro de 2022<\/strong>,<\/li>\n<li><em>An\u00e1lise e argui\u00e7\u00e3o do curr\u00edculo (para os candidatos de todos os Programas oferecidos):<\/em> valendo 10% da nota, a ser realizada <strong>entre os dias 12 e 16 de dezembro de 2022<\/strong>.<\/li>\n<\/ul>\n<\/li>\n<\/ul>\n<p>\u00a0<\/p>\n<p>O resultado final ser\u00e1 divulgado no <strong>dia 06 de fevereiro de 2023<\/strong>. As matr\u00edculas poder\u00e3o ser realizadas nos <strong>dias 10, 13 e 14 de fevereiro de 2023<\/strong>.<\/p>\n<h2><span class=\"ez-toc-section\" id=\"Detalhamento_das_vagas\"><\/span>Detalhamento das vagas<span class=\"ez-toc-section-end\"><\/span><\/h2>\n<p>\t\t\t\t\t\t\t\t\t\t\t\t<a tabindex=\"0\">Programas de Acesso Direto<\/a><\/p>\n<p><img loading=\"lazy\" decoding=\"async\" src=\"https:\/\/www.grupomedcof.com.br\/blog\/wp-content\/uploads\/2022\/10\/Acesso-Direto-2-1024x1024.png\" alt=\"resid\u00eancia m\u00e9dica santa casa 2023\" width=\"800\" height=\"800\" \/><\/p>\n<p><img loading=\"lazy\" decoding=\"async\" src=\"https:\/\/www.grupomedcof.com.br\/blog\/wp-content\/uploads\/2022\/10\/Acesso-Direto-2-8-1024x256.jpg\" alt=\"resid\u00eancia m\u00e9dica santa casa 2023\" width=\"800\" height=\"200\" \/><\/p>\n<p>\t\t\t\t\t\t\t\t\t\t\t\t<a tabindex=\"0\"> Programas com pr\u00e9-requisito de 02 (dois) anos em Cirurgia Geral<\/a><\/p>\n<p><img loading=\"lazy\" decoding=\"async\" src=\"https:\/\/www.grupomedcof.com.br\/blog\/wp-content\/uploads\/2022\/10\/Acesso-Direto-3-4-1024x519.jpg\" alt=\"resid\u00eancia m\u00e9dica santa casa 2023\" width=\"800\" height=\"405\" \/><\/p>\n<p>\t\t\t\t\t\t\t\t\t\t\t\t<a tabindex=\"0\">Programas com pr\u00e9-requisito de 02 (dois) anos em Cl\u00ednica M\u00e9dica<\/a><\/p>\n<p><img loading=\"lazy\" decoding=\"async\" src=\"https:\/\/www.grupomedcof.com.br\/blog\/wp-content\/uploads\/2022\/10\/Acesso-Direto-4-4-1024x521.jpg\" alt=\"resid\u00eancia m\u00e9dica santa casa 2023\" width=\"800\" height=\"407\" \/><\/p>\n<p>\t\t\t\t\t\t\t\t\t\t\t\t<a tabindex=\"0\">Programas de \u00c1reas de Atua\u00e7\u00e3o e Especialidades Pedi\u00e1tricas<\/a><\/p>\n<p><img loading=\"lazy\" decoding=\"async\" src=\"https:\/\/www.grupomedcof.com.br\/blog\/wp-content\/uploads\/2022\/10\/Acesso-Direto-5-2-1024x455.jpg\" alt=\"resid\u00eancia m\u00e9dica santa casa 2023\" width=\"800\" height=\"355\" \/><\/p>\n<p>\t\t\t\t\t\t\t\t\t\t\t\t<a tabindex=\"0\">Programa de Endoscopia com pr\u00e9-requisito de 02 (dois) anos em Cl\u00ednica M\u00e9dica ou Cirurgia Geral<\/a><\/p>\n<p><img loading=\"lazy\" decoding=\"async\" src=\"https:\/\/www.grupomedcof.com.br\/blog\/wp-content\/uploads\/2022\/10\/Acesso-Direto-6-1-1024x137.jpg\" alt=\"resid\u00eancia m\u00e9dica santa casa 2023\" width=\"800\" height=\"107\" \/><\/p>\n<p>\t\t\t\t\t\t\t\t\t\t\t\t<a tabindex=\"0\">Programa de Cirurgia da M\u00e3o com pr\u00e9-requisito de 03 (tr\u00eas) anos em Ortopedia, Traumatologia ou Cirurgia Pl\u00e1stica<\/a><\/p>\n<p><img loading=\"lazy\" decoding=\"async\" src=\"https:\/\/www.grupomedcof.com.br\/blog\/wp-content\/uploads\/2022\/10\/Acesso-Direto-7-1024x137.jpg\" alt=\"resid\u00eancia m\u00e9dica santa casa 2023\" width=\"800\" height=\"107\" \/><\/p>\n<p>\t\t\t\t\t\t\t\t\t\t\t\t<a tabindex=\"0\">Programa de Cirurgia de Cabe\u00e7a e Pesco\u00e7o com pr\u00e9-requisito de 02 (dois) anos em Cirurgia Geral ou 03 (tr\u00eas) anos de Otorrinolaringologia<\/a><\/p>\n<p><img loading=\"lazy\" decoding=\"async\" src=\"https:\/\/www.grupomedcof.com.br\/blog\/wp-content\/uploads\/2022\/10\/Acesso-Direto-8-1024x137.jpg\" alt=\"resid\u00eancia m\u00e9dica santa casa 2023\" width=\"800\" height=\"107\" \/><\/p>\n<p>\t\t\t\t\t\t\t\t\t\t\t\t<a tabindex=\"0\">Programa de Mastologia com pr\u00e9-requisito de 03 (tr\u00eas) anos em Ginecologia e Obstetr\u00edcia ou de 02 (dois) anos em Cirurgia Geral<\/a><\/p>\n<p><img loading=\"lazy\" decoding=\"async\" src=\"https:\/\/www.grupomedcof.com.br\/blog\/wp-content\/uploads\/2022\/10\/Acesso-Direto-9-1024x136.jpg\" alt=\"resid\u00eancia m\u00e9dica santa casa 2023\" width=\"800\" height=\"106\" \/><\/p>\n<p>\t\t\t\t\t\t\t\t\t\t\t\t<a tabindex=\"0\">Programa de Endoscopia Ginecol\u00f3gica com pr\u00e9-requisito de 03 (tr\u00eas) anos em Obstetr\u00edcia e Ginecologia<\/a><\/p>\n<p><img loading=\"lazy\" decoding=\"async\" src=\"https:\/\/www.grupomedcof.com.br\/blog\/wp-content\/uploads\/2022\/10\/Acesso-Direto-10-1024x137.jpg\" alt=\"resid\u00eancia m\u00e9dica santa casa 2023\" width=\"800\" height=\"107\" \/><\/p>\n<p>\t\t\t\t\t\t\t\t\t\t\t\t<a tabindex=\"0\">Programa de Neurorradiologia com pr\u00e9-requisito de 03 (tr\u00eas) anos em Neurocirurgia, Neurologia ou Radiologia e Diagn\u00f3stico por imagem<\/a><\/p>\n<p><img loading=\"lazy\" decoding=\"async\" src=\"https:\/\/www.grupomedcof.com.br\/blog\/wp-content\/uploads\/2022\/10\/Acesso-Direto-11-1024x136.jpg\" alt=\"resid\u00eancia m\u00e9dica santa casa 2023\" width=\"800\" height=\"106\" \/><\/p>\n<h2><span class=\"ez-toc-section\" id=\"Cronograma\"><\/span>Cronograma<span class=\"ez-toc-section-end\"><\/span><\/h2>\n<p>N\u00e3o deixe de assistir nossas aulas gratuitas e revis\u00f5es de prova dispon\u00edveis no nosso\u00a0<a style=\"color: #0000ff;\" href=\"https:\/\/www.youtube.com\/channel\/UCdHMuOHKICxcHwecxN8P-AA\/featured\" rel=\"nofollow\">canal do YouTube<\/a>!<\/p>\n<h2><span class=\"ez-toc-section\" id=\"Playlist\"><\/span>Playlist<span class=\"ez-toc-section-end\"><\/span><\/h2>\n<p>\t\t\t\t\t\t\t\t\t\t\t\t\t\t\t4 V\u00eddeos<br \/>\n\t\t\t\t\t\t\t\t\t\t\t\t\t\t\t\t\t\t\t\t\t\t\t\t\t<img decoding=\"async\" src=\"http:\/\/img.youtube.com\/vi\/dra94hupR9g\/maxresdefault.jpg\" alt=\"CORRE\u00c7\u00c3O PROVA SCMSP 2022 R3 Cirurgia (R+ cirurgia)\" loading=\"lazy\" \/><\/p>\n<h4>\n\t\t\t\t\t\t\t\t\t\t\t<a tabindex=\"0\">CORRE\u00c7\u00c3O PROVA SCMSP 2022 R3 Cirurgia (R+ cirurgia)<\/a><br \/>\n\t\t\t\t\t\t\t\t\t\t<\/h4>\n<p>\t\t\t\t\t\t\t\t\t\t\t\t\t\t\t\t\t\t\t\t\t2:40:58<br \/>\n\t\t\t\t\t\t\t\t\t\t\t\t\t\t\t\t\t\t\t\t\t\t\t\t\t<img decoding=\"async\" src=\"http:\/\/img.youtube.com\/vi\/8LRs38-Nhjg\/maxresdefault.jpg\" alt=\"Corre\u00e7\u00e3o Prova Santa Casa de Miseric\u00f3rdia de S\u00e3o Paulo 2022 R1 Acesso direto - SCMSP - Resid\u00eancia\" loading=\"lazy\" \/><\/p>\n<h4>\n\t\t\t\t\t\t\t\t\t\t\t<a tabindex=\"0\">Corre\u00e7\u00e3o Prova Santa Casa de Miseric\u00f3rdia de S\u00e3o Paulo 2022 R1 Acesso direto &#8211; SCMSP &#8211; Resid\u00eancia<\/a><br \/>\n\t\t\t\t\t\t\t\t\t\t<\/h4>\n<p>\t\t\t\t\t\t\t\t\t\t\t\t\t\t\t\t\t\t\t\t\t7:03:00<br \/>\n\t\t\t\t\t\t\t\t\t\t\t\t\t\t\t\t\t\t\t\t\t\t\t\t\t<img decoding=\"async\" src=\"http:\/\/img.youtube.com\/vi\/mDCZs1a9Kr0\/maxresdefault.jpg\" alt=\"Temas Quentes prova Unifesp e SCMSP (Santa Casa SP) 2022 - R+ Cirurgia\" loading=\"lazy\" \/><\/p>\n<h4>\n\t\t\t\t\t\t\t\t\t\t\t<a tabindex=\"0\">Temas Quentes prova Unifesp e SCMSP (Santa Casa SP) 2022 &#8211; R+ Cirurgia<\/a><br \/>\n\t\t\t\t\t\t\t\t\t\t<\/h4>\n<p>\t\t\t\t\t\t\t\t\t\t\t\t\t\t\t\t\t\t\t\t\t8:24:01<br \/>\n\t\t\t\t\t\t\t\t\t\t\t\t\t\t\t\t\t\t\t\t\t\t\t\t\t<img decoding=\"async\" src=\"http:\/\/img.youtube.com\/vi\/uE5vfnrQj1k\/maxresdefault.jpg\" alt=\"Temas Quentes prova Unifesp e SCMSP (Santa Casa SP) 2022 - R1 (acesso direto)\" loading=\"lazy\" \/><\/p>\n<h4>\n\t\t\t\t\t\t\t\t\t\t\t<a tabindex=\"0\">Temas Quentes prova Unifesp e SCMSP (Santa Casa SP) 2022 &#8211; R1 (acesso direto)<\/a><br \/>\n\t\t\t\t\t\t\t\t\t\t<\/h4>\n<p>\t\t\t\t\t\t\t\t\t\t\t\t\t\t\t\t\t\t\t\t\t6:25:46<\/p>\n","protected":false},"excerpt":{"rendered":"<p>Resid\u00eancia M\u00e9dica Santa Casa SP 2023: confira o edital! A Santa Casa de SP divulgou seu edital de sele\u00e7\u00e3o para os Programas de Resid\u00eancia M\u00e9dica 2023. Confira os detalhes! \u00a0 \u00a0 \u00a0 Quer ficar por dentro de todas as atualiza\u00e7\u00f5es? Inscreva-se abaixo e seja avisado sempre! Sum\u00e1rio Vis\u00e3o geral As inscri\u00e7\u00f5es para os Programas de [&hellip;]<\/p>\n","protected":false},"author":2,"featured_media":2895,"comment_status":"open","ping_status":"open","sticky":false,"template":"","format":"standard","meta":{"footnotes":""},"categories":[10],"tags":[92],"ppma_author":[3612],"class_list":{"0":"post-2893","1":"post","2":"type-post","3":"status-publish","4":"format-standard","5":"has-post-thumbnail","7":"category-raio-x-editais","8":"tag-raio-x-editais-2023"},"yoast_head":"<!-- This site is optimized with the Yoast SEO Premium plugin v24.3 (Yoast SEO v27.4) - https:\/\/yoast.com\/product\/yoast-seo-premium-wordpress\/ -->\n<title>Resid\u00eancia M\u00e9dica Santa Casa SP 2023: confira o edital! - Blog de Medcof: conte\u00fados, editais, revalida e mais!<\/title>\n<meta name=\"description\" content=\"A Santa Casa de SP divulgou seu edital de sele\u00e7\u00e3o para os Programas de Resid\u00eancia M\u00e9dica 2023. Confira os detalhes aqui!\" \/>\n<meta name=\"robots\" content=\"index, follow, max-snippet:-1, max-image-preview:large, max-video-preview:-1\" \/>\n<link rel=\"canonical\" href=\"https:\/\/www.grupomedcof.com.br\/blog\/residencia-medica-santa-casa-sp-2023-confira-o-edital\/\" \/>\n<meta property=\"og:locale\" content=\"pt_BR\" \/>\n<meta property=\"og:type\" content=\"article\" \/>\n<meta property=\"og:title\" content=\"Resid\u00eancia M\u00e9dica Santa Casa SP 2023: confira o edital!\" \/>\n<meta property=\"og:description\" content=\"A Santa Casa de SP divulgou seu edital de sele\u00e7\u00e3o para os Programas de Resid\u00eancia M\u00e9dica 2023. Confira os detalhes aqui!\" \/>\n<meta property=\"og:url\" content=\"https:\/\/www.grupomedcof.com.br\/blog\/residencia-medica-santa-casa-sp-2023-confira-o-edital\/\" \/>\n<meta property=\"og:site_name\" content=\"Blog de Medcof: conte\u00fados, editais, revalida e mais!\" \/>\n<meta property=\"article:publisher\" content=\"https:\/\/www.facebook.com\/MedCofQbank\/\" \/>\n<meta property=\"article:published_time\" content=\"2022-10-17T15:00:16+00:00\" \/>\n<meta property=\"og:image\" content=\"https:\/\/www.grupomedcof.com.br\/blog\/wp-content\/uploads\/2022\/10\/editais-2023-1-1-1-1-4.png\" \/>\n\t<meta property=\"og:image:width\" content=\"2240\" \/>\n\t<meta property=\"og:image:height\" content=\"1260\" \/>\n\t<meta property=\"og:image:type\" content=\"image\/png\" \/>\n<meta name=\"author\" content=\"Patr\u00edcia Oliveira\" \/>\n<meta name=\"twitter:card\" content=\"summary_large_image\" \/>\n<meta name=\"twitter:label1\" content=\"Escrito por\" \/>\n\t<meta name=\"twitter:data1\" content=\"Patr\u00edcia Oliveira\" \/>\n\t<meta name=\"twitter:label2\" content=\"Est. tempo de leitura\" \/>\n\t<meta name=\"twitter:data2\" content=\"8 minutos\" \/>\n<script type=\"application\/ld+json\" class=\"yoast-schema-graph\">{\"@context\":\"https:\\\/\\\/schema.org\",\"@graph\":[{\"@type\":\"Article\",\"@id\":\"https:\\\/\\\/www.grupomedcof.com.br\\\/blog\\\/residencia-medica-santa-casa-sp-2023-confira-o-edital\\\/#article\",\"isPartOf\":{\"@id\":\"https:\\\/\\\/www.grupomedcof.com.br\\\/blog\\\/residencia-medica-santa-casa-sp-2023-confira-o-edital\\\/\"},\"author\":{\"name\":\"Patr\u00edcia Oliveira\",\"@id\":\"https:\\\/\\\/www.grupomedcof.com.br\\\/blog\\\/#\\\/schema\\\/person\\\/7a655db4c3da9796e0166bf55a9ea53a\"},\"headline\":\"Resid\u00eancia M\u00e9dica Santa Casa SP 2023: confira o edital!\",\"datePublished\":\"2022-10-17T15:00:16+00:00\",\"mainEntityOfPage\":{\"@id\":\"https:\\\/\\\/www.grupomedcof.com.br\\\/blog\\\/residencia-medica-santa-casa-sp-2023-confira-o-edital\\\/\"},\"wordCount\":473,\"commentCount\":1,\"publisher\":{\"@id\":\"https:\\\/\\\/www.grupomedcof.com.br\\\/blog\\\/#organization\"},\"image\":{\"@id\":\"https:\\\/\\\/www.grupomedcof.com.br\\\/blog\\\/residencia-medica-santa-casa-sp-2023-confira-o-edital\\\/#primaryimage\"},\"thumbnailUrl\":\"https:\\\/\\\/www.grupomedcof.com.br\\\/blog\\\/wp-content\\\/uploads\\\/2022\\\/10\\\/editais-2023-1-1-1-1-4.png\",\"keywords\":[\"Raio-X Editais 2023\"],\"articleSection\":[\"Raio-X Editais\"],\"inLanguage\":\"pt-BR\"},{\"@type\":\"WebPage\",\"@id\":\"https:\\\/\\\/www.grupomedcof.com.br\\\/blog\\\/residencia-medica-santa-casa-sp-2023-confira-o-edital\\\/\",\"url\":\"https:\\\/\\\/www.grupomedcof.com.br\\\/blog\\\/residencia-medica-santa-casa-sp-2023-confira-o-edital\\\/\",\"name\":\"Resid\u00eancia M\u00e9dica Santa Casa SP 2023: confira o edital! - Blog de Medcof: conte\u00fados, editais, revalida e mais!\",\"isPartOf\":{\"@id\":\"https:\\\/\\\/www.grupomedcof.com.br\\\/blog\\\/#website\"},\"primaryImageOfPage\":{\"@id\":\"https:\\\/\\\/www.grupomedcof.com.br\\\/blog\\\/residencia-medica-santa-casa-sp-2023-confira-o-edital\\\/#primaryimage\"},\"image\":{\"@id\":\"https:\\\/\\\/www.grupomedcof.com.br\\\/blog\\\/residencia-medica-santa-casa-sp-2023-confira-o-edital\\\/#primaryimage\"},\"thumbnailUrl\":\"https:\\\/\\\/www.grupomedcof.com.br\\\/blog\\\/wp-content\\\/uploads\\\/2022\\\/10\\\/editais-2023-1-1-1-1-4.png\",\"datePublished\":\"2022-10-17T15:00:16+00:00\",\"description\":\"A Santa Casa de SP divulgou seu edital de sele\u00e7\u00e3o para os Programas de Resid\u00eancia M\u00e9dica 2023. Confira os detalhes aqui!\",\"breadcrumb\":{\"@id\":\"https:\\\/\\\/www.grupomedcof.com.br\\\/blog\\\/residencia-medica-santa-casa-sp-2023-confira-o-edital\\\/#breadcrumb\"},\"inLanguage\":\"pt-BR\",\"potentialAction\":[{\"@type\":\"ReadAction\",\"target\":[\"https:\\\/\\\/www.grupomedcof.com.br\\\/blog\\\/residencia-medica-santa-casa-sp-2023-confira-o-edital\\\/\"]}]},{\"@type\":\"ImageObject\",\"inLanguage\":\"pt-BR\",\"@id\":\"https:\\\/\\\/www.grupomedcof.com.br\\\/blog\\\/residencia-medica-santa-casa-sp-2023-confira-o-edital\\\/#primaryimage\",\"url\":\"https:\\\/\\\/www.grupomedcof.com.br\\\/blog\\\/wp-content\\\/uploads\\\/2022\\\/10\\\/editais-2023-1-1-1-1-4.png\",\"contentUrl\":\"https:\\\/\\\/www.grupomedcof.com.br\\\/blog\\\/wp-content\\\/uploads\\\/2022\\\/10\\\/editais-2023-1-1-1-1-4.png\",\"width\":2240,\"height\":1260,\"caption\":\"resid\u00eancia m\u00e9dica santa casa sp 2023\"},{\"@type\":\"BreadcrumbList\",\"@id\":\"https:\\\/\\\/www.grupomedcof.com.br\\\/blog\\\/residencia-medica-santa-casa-sp-2023-confira-o-edital\\\/#breadcrumb\",\"itemListElement\":[{\"@type\":\"ListItem\",\"position\":1,\"name\":\"In\u00edcio\",\"item\":\"https:\\\/\\\/www.grupomedcof.com.br\\\/blog\\\/\"},{\"@type\":\"ListItem\",\"position\":2,\"name\":\"Resid\u00eancia M\u00e9dica Santa Casa SP 2023: confira o edital!\"}]},{\"@type\":\"WebSite\",\"@id\":\"https:\\\/\\\/www.grupomedcof.com.br\\\/blog\\\/#website\",\"url\":\"https:\\\/\\\/www.grupomedcof.com.br\\\/blog\\\/\",\"name\":\"Blog de Medcof: conte\u00fados, editais, revalida e mais!\",\"description\":\"Acesso o blog de MedCof! Seu portal de conte\u00fados sobre resid\u00eancia m\u00e9dica, an\u00e1lise e editais e muito mais. Clique e confira!\",\"publisher\":{\"@id\":\"https:\\\/\\\/www.grupomedcof.com.br\\\/blog\\\/#organization\"},\"alternateName\":\"Blog de Medcof: conte\u00fados, editais, revalida e mais!\",\"potentialAction\":[{\"@type\":\"SearchAction\",\"target\":{\"@type\":\"EntryPoint\",\"urlTemplate\":\"https:\\\/\\\/www.grupomedcof.com.br\\\/blog\\\/?s={search_term_string}\"},\"query-input\":{\"@type\":\"PropertyValueSpecification\",\"valueRequired\":true,\"valueName\":\"search_term_string\"}}],\"inLanguage\":\"pt-BR\"},{\"@type\":\"Organization\",\"@id\":\"https:\\\/\\\/www.grupomedcof.com.br\\\/blog\\\/#organization\",\"name\":\"Grupo MedCof\",\"url\":\"https:\\\/\\\/www.grupomedcof.com.br\\\/blog\\\/\",\"logo\":{\"@type\":\"ImageObject\",\"inLanguage\":\"pt-BR\",\"@id\":\"https:\\\/\\\/www.grupomedcof.com.br\\\/blog\\\/#\\\/schema\\\/logo\\\/image\\\/\",\"url\":\"https:\\\/\\\/www.grupomedcof.com.br\\\/blog\\\/wp-content\\\/uploads\\\/2022\\\/01\\\/logo-medcof.png\",\"contentUrl\":\"https:\\\/\\\/www.grupomedcof.com.br\\\/blog\\\/wp-content\\\/uploads\\\/2022\\\/01\\\/logo-medcof.png\",\"width\":768,\"height\":269,\"caption\":\"Grupo MedCof\"},\"image\":{\"@id\":\"https:\\\/\\\/www.grupomedcof.com.br\\\/blog\\\/#\\\/schema\\\/logo\\\/image\\\/\"},\"sameAs\":[\"https:\\\/\\\/www.facebook.com\\\/MedCofQbank\\\/\",\"https:\\\/\\\/www.instagram.com\\\/grupomedcof\\\/\",\"https:\\\/\\\/br.linkedin.com\\\/company\\\/medcof\",\"https:\\\/\\\/www.youtube.com\\\/channel\\\/UCdHMuOHKICxcHwecxN8P-AA\"]},{\"@type\":\"Person\",\"@id\":\"https:\\\/\\\/www.grupomedcof.com.br\\\/blog\\\/#\\\/schema\\\/person\\\/7a655db4c3da9796e0166bf55a9ea53a\",\"name\":\"Patr\u00edcia Oliveira\",\"image\":{\"@type\":\"ImageObject\",\"inLanguage\":\"pt-BR\",\"@id\":\"https:\\\/\\\/www.grupomedcof.com.br\\\/blog\\\/wp-content\\\/uploads\\\/2022\\\/03\\\/furacao-96x96.png19e0d43e5696aaa42a3bb896953b331f\",\"url\":\"https:\\\/\\\/www.grupomedcof.com.br\\\/blog\\\/wp-content\\\/uploads\\\/2022\\\/03\\\/furacao-96x96.png\",\"contentUrl\":\"https:\\\/\\\/www.grupomedcof.com.br\\\/blog\\\/wp-content\\\/uploads\\\/2022\\\/03\\\/furacao-96x96.png\",\"caption\":\"Patr\u00edcia Oliveira\"},\"sameAs\":[\"https:\\\/\\\/www.grupomedcof.com.br\\\/\"],\"url\":\"https:\\\/\\\/www.grupomedcof.com.br\\\/blog\\\/author\\\/patricia\\\/\"}]}<\/script>\n<!-- \/ Yoast SEO Premium plugin. -->","yoast_head_json":{"title":"Resid\u00eancia M\u00e9dica Santa Casa SP 2023: confira o edital! - Blog de Medcof: conte\u00fados, editais, revalida e mais!","description":"A Santa Casa de SP divulgou seu edital de sele\u00e7\u00e3o para os Programas de Resid\u00eancia M\u00e9dica 2023. Confira os detalhes aqui!","robots":{"index":"index","follow":"follow","max-snippet":"max-snippet:-1","max-image-preview":"max-image-preview:large","max-video-preview":"max-video-preview:-1"},"canonical":"https:\/\/www.grupomedcof.com.br\/blog\/residencia-medica-santa-casa-sp-2023-confira-o-edital\/","og_locale":"pt_BR","og_type":"article","og_title":"Resid\u00eancia M\u00e9dica Santa Casa SP 2023: confira o edital!","og_description":"A Santa Casa de SP divulgou seu edital de sele\u00e7\u00e3o para os Programas de Resid\u00eancia M\u00e9dica 2023. Confira os detalhes aqui!","og_url":"https:\/\/www.grupomedcof.com.br\/blog\/residencia-medica-santa-casa-sp-2023-confira-o-edital\/","og_site_name":"Blog de Medcof: conte\u00fados, editais, revalida e mais!","article_publisher":"https:\/\/www.facebook.com\/MedCofQbank\/","article_published_time":"2022-10-17T15:00:16+00:00","og_image":[{"width":2240,"height":1260,"url":"https:\/\/www.grupomedcof.com.br\/blog\/wp-content\/uploads\/2022\/10\/editais-2023-1-1-1-1-4.png","type":"image\/png"}],"author":"Patr\u00edcia Oliveira","twitter_card":"summary_large_image","twitter_misc":{"Escrito por":"Patr\u00edcia Oliveira","Est. tempo de leitura":"8 minutos"},"schema":{"@context":"https:\/\/schema.org","@graph":[{"@type":"Article","@id":"https:\/\/www.grupomedcof.com.br\/blog\/residencia-medica-santa-casa-sp-2023-confira-o-edital\/#article","isPartOf":{"@id":"https:\/\/www.grupomedcof.com.br\/blog\/residencia-medica-santa-casa-sp-2023-confira-o-edital\/"},"author":{"name":"Patr\u00edcia Oliveira","@id":"https:\/\/www.grupomedcof.com.br\/blog\/#\/schema\/person\/7a655db4c3da9796e0166bf55a9ea53a"},"headline":"Resid\u00eancia M\u00e9dica Santa Casa SP 2023: confira o edital!","datePublished":"2022-10-17T15:00:16+00:00","mainEntityOfPage":{"@id":"https:\/\/www.grupomedcof.com.br\/blog\/residencia-medica-santa-casa-sp-2023-confira-o-edital\/"},"wordCount":473,"commentCount":1,"publisher":{"@id":"https:\/\/www.grupomedcof.com.br\/blog\/#organization"},"image":{"@id":"https:\/\/www.grupomedcof.com.br\/blog\/residencia-medica-santa-casa-sp-2023-confira-o-edital\/#primaryimage"},"thumbnailUrl":"https:\/\/www.grupomedcof.com.br\/blog\/wp-content\/uploads\/2022\/10\/editais-2023-1-1-1-1-4.png","keywords":["Raio-X Editais 2023"],"articleSection":["Raio-X Editais"],"inLanguage":"pt-BR"},{"@type":"WebPage","@id":"https:\/\/www.grupomedcof.com.br\/blog\/residencia-medica-santa-casa-sp-2023-confira-o-edital\/","url":"https:\/\/www.grupomedcof.com.br\/blog\/residencia-medica-santa-casa-sp-2023-confira-o-edital\/","name":"Resid\u00eancia M\u00e9dica Santa Casa SP 2023: confira o edital! - Blog de Medcof: conte\u00fados, editais, revalida e mais!","isPartOf":{"@id":"https:\/\/www.grupomedcof.com.br\/blog\/#website"},"primaryImageOfPage":{"@id":"https:\/\/www.grupomedcof.com.br\/blog\/residencia-medica-santa-casa-sp-2023-confira-o-edital\/#primaryimage"},"image":{"@id":"https:\/\/www.grupomedcof.com.br\/blog\/residencia-medica-santa-casa-sp-2023-confira-o-edital\/#primaryimage"},"thumbnailUrl":"https:\/\/www.grupomedcof.com.br\/blog\/wp-content\/uploads\/2022\/10\/editais-2023-1-1-1-1-4.png","datePublished":"2022-10-17T15:00:16+00:00","description":"A Santa Casa de SP divulgou seu edital de sele\u00e7\u00e3o para os Programas de Resid\u00eancia M\u00e9dica 2023. Confira os detalhes aqui!","breadcrumb":{"@id":"https:\/\/www.grupomedcof.com.br\/blog\/residencia-medica-santa-casa-sp-2023-confira-o-edital\/#breadcrumb"},"inLanguage":"pt-BR","potentialAction":[{"@type":"ReadAction","target":["https:\/\/www.grupomedcof.com.br\/blog\/residencia-medica-santa-casa-sp-2023-confira-o-edital\/"]}]},{"@type":"ImageObject","inLanguage":"pt-BR","@id":"https:\/\/www.grupomedcof.com.br\/blog\/residencia-medica-santa-casa-sp-2023-confira-o-edital\/#primaryimage","url":"https:\/\/www.grupomedcof.com.br\/blog\/wp-content\/uploads\/2022\/10\/editais-2023-1-1-1-1-4.png","contentUrl":"https:\/\/www.grupomedcof.com.br\/blog\/wp-content\/uploads\/2022\/10\/editais-2023-1-1-1-1-4.png","width":2240,"height":1260,"caption":"resid\u00eancia m\u00e9dica santa casa sp 2023"},{"@type":"BreadcrumbList","@id":"https:\/\/www.grupomedcof.com.br\/blog\/residencia-medica-santa-casa-sp-2023-confira-o-edital\/#breadcrumb","itemListElement":[{"@type":"ListItem","position":1,"name":"In\u00edcio","item":"https:\/\/www.grupomedcof.com.br\/blog\/"},{"@type":"ListItem","position":2,"name":"Resid\u00eancia M\u00e9dica Santa Casa SP 2023: confira o edital!"}]},{"@type":"WebSite","@id":"https:\/\/www.grupomedcof.com.br\/blog\/#website","url":"https:\/\/www.grupomedcof.com.br\/blog\/","name":"Blog de Medcof: conte\u00fados, editais, revalida e mais!","description":"Acesso o blog de MedCof! Seu portal de conte\u00fados sobre resid\u00eancia m\u00e9dica, an\u00e1lise e editais e muito mais. Clique e confira!","publisher":{"@id":"https:\/\/www.grupomedcof.com.br\/blog\/#organization"},"alternateName":"Blog de Medcof: conte\u00fados, editais, revalida e mais!","potentialAction":[{"@type":"SearchAction","target":{"@type":"EntryPoint","urlTemplate":"https:\/\/www.grupomedcof.com.br\/blog\/?s={search_term_string}"},"query-input":{"@type":"PropertyValueSpecification","valueRequired":true,"valueName":"search_term_string"}}],"inLanguage":"pt-BR"},{"@type":"Organization","@id":"https:\/\/www.grupomedcof.com.br\/blog\/#organization","name":"Grupo MedCof","url":"https:\/\/www.grupomedcof.com.br\/blog\/","logo":{"@type":"ImageObject","inLanguage":"pt-BR","@id":"https:\/\/www.grupomedcof.com.br\/blog\/#\/schema\/logo\/image\/","url":"https:\/\/www.grupomedcof.com.br\/blog\/wp-content\/uploads\/2022\/01\/logo-medcof.png","contentUrl":"https:\/\/www.grupomedcof.com.br\/blog\/wp-content\/uploads\/2022\/01\/logo-medcof.png","width":768,"height":269,"caption":"Grupo MedCof"},"image":{"@id":"https:\/\/www.grupomedcof.com.br\/blog\/#\/schema\/logo\/image\/"},"sameAs":["https:\/\/www.facebook.com\/MedCofQbank\/","https:\/\/www.instagram.com\/grupomedcof\/","https:\/\/br.linkedin.com\/company\/medcof","https:\/\/www.youtube.com\/channel\/UCdHMuOHKICxcHwecxN8P-AA"]},{"@type":"Person","@id":"https:\/\/www.grupomedcof.com.br\/blog\/#\/schema\/person\/7a655db4c3da9796e0166bf55a9ea53a","name":"Patr\u00edcia Oliveira","image":{"@type":"ImageObject","inLanguage":"pt-BR","@id":"https:\/\/www.grupomedcof.com.br\/blog\/wp-content\/uploads\/2022\/03\/furacao-96x96.png19e0d43e5696aaa42a3bb896953b331f","url":"https:\/\/www.grupomedcof.com.br\/blog\/wp-content\/uploads\/2022\/03\/furacao-96x96.png","contentUrl":"https:\/\/www.grupomedcof.com.br\/blog\/wp-content\/uploads\/2022\/03\/furacao-96x96.png","caption":"Patr\u00edcia Oliveira"},"sameAs":["https:\/\/www.grupomedcof.com.br\/"],"url":"https:\/\/www.grupomedcof.com.br\/blog\/author\/patricia\/"}]}},"authors":[{"term_id":3612,"user_id":2,"is_guest":0,"slug":"patricia","display_name":"Patr\u00edcia Oliveira","avatar_url":"https:\/\/www.grupomedcof.com.br\/blog\/wp-content\/uploads\/2022\/03\/furacao-96x96.png","0":null,"1":"","2":"","3":"","4":"","5":"","6":"","7":"","8":""}],"_links":{"self":[{"href":"https:\/\/www.grupomedcof.com.br\/blog\/wp-json\/wp\/v2\/posts\/2893","targetHints":{"allow":["GET"]}}],"collection":[{"href":"https:\/\/www.grupomedcof.com.br\/blog\/wp-json\/wp\/v2\/posts"}],"about":[{"href":"https:\/\/www.grupomedcof.com.br\/blog\/wp-json\/wp\/v2\/types\/post"}],"author":[{"embeddable":true,"href":"https:\/\/www.grupomedcof.com.br\/blog\/wp-json\/wp\/v2\/users\/2"}],"replies":[{"embeddable":true,"href":"https:\/\/www.grupomedcof.com.br\/blog\/wp-json\/wp\/v2\/comments?post=2893"}],"version-history":[{"count":0,"href":"https:\/\/www.grupomedcof.com.br\/blog\/wp-json\/wp\/v2\/posts\/2893\/revisions"}],"wp:featuredmedia":[{"embeddable":true,"href":"https:\/\/www.grupomedcof.com.br\/blog\/wp-json\/wp\/v2\/media\/2895"}],"wp:attachment":[{"href":"https:\/\/www.grupomedcof.com.br\/blog\/wp-json\/wp\/v2\/media?parent=2893"}],"wp:term":[{"taxonomy":"category","embeddable":true,"href":"https:\/\/www.grupomedcof.com.br\/blog\/wp-json\/wp\/v2\/categories?post=2893"},{"taxonomy":"post_tag","embeddable":true,"href":"https:\/\/www.grupomedcof.com.br\/blog\/wp-json\/wp\/v2\/tags?post=2893"},{"taxonomy":"author","embeddable":true,"href":"https:\/\/www.grupomedcof.com.br\/blog\/wp-json\/wp\/v2\/ppma_author?post=2893"}],"curies":[{"name":"wp","href":"https:\/\/api.w.org\/{rel}","templated":true}]}}