{"id":28966,"date":"2026-02-12T11:00:00","date_gmt":"2026-02-12T14:00:00","guid":{"rendered":"https:\/\/www.grupomedcof.com.br\/blog\/?p=28966"},"modified":"2026-02-20T08:12:25","modified_gmt":"2026-02-20T11:12:25","slug":"residencia-em-geriatria-o-que-eu-preciso-saber","status":"publish","type":"post","link":"https:\/\/www.grupomedcof.com.br\/blog\/residencia-em-geriatria-o-que-eu-preciso-saber\/","title":{"rendered":"Resid\u00eancia em Geriatria: dura\u00e7\u00e3o, requisitos e mercado de trabalho"},"content":{"rendered":"<div id=\"ez-toc-container\" class=\"ez-toc-v2_0_74 counter-hierarchy ez-toc-counter ez-toc-transparent ez-toc-container-direction\">\n<div class=\"ez-toc-title-container\">\n<p class=\"ez-toc-title\" style=\"cursor:inherit\">Sum\u00e1rio<\/p>\n<span class=\"ez-toc-title-toggle\"><a href=\"#\" class=\"ez-toc-pull-right ez-toc-btn ez-toc-btn-xs ez-toc-btn-default ez-toc-toggle\" aria-label=\"Alternar tabela de conte\u00fado\"><span class=\"ez-toc-js-icon-con\"><span class=\"\"><span class=\"eztoc-hide\" style=\"display:none;\">Toggle<\/span><span class=\"ez-toc-icon-toggle-span\"><svg style=\"fill: #999;color:#999\" xmlns=\"http:\/\/www.w3.org\/2000\/svg\" class=\"list-377408\" width=\"20px\" height=\"20px\" viewBox=\"0 0 24 24\" fill=\"none\"><path d=\"M6 6H4v2h2V6zm14 0H8v2h12V6zM4 11h2v2H4v-2zm16 0H8v2h12v-2zM4 16h2v2H4v-2zm16 0H8v2h12v-2z\" fill=\"currentColor\"><\/path><\/svg><svg style=\"fill: #999;color:#999\" class=\"arrow-unsorted-368013\" xmlns=\"http:\/\/www.w3.org\/2000\/svg\" width=\"10px\" height=\"10px\" viewBox=\"0 0 24 24\" version=\"1.2\" baseProfile=\"tiny\"><path d=\"M18.2 9.3l-6.2-6.3-6.2 6.3c-.2.2-.3.4-.3.7s.1.5.3.7c.2.2.4.3.7.3h11c.3 0 .5-.1.7-.3.2-.2.3-.5.3-.7s-.1-.5-.3-.7zM5.8 14.7l6.2 6.3 6.2-6.3c.2-.2.3-.5.3-.7s-.1-.5-.3-.7c-.2-.2-.4-.3-.7-.3h-11c-.3 0-.5.1-.7.3-.2.2-.3.5-.3.7s.1.5.3.7z\"\/><\/svg><\/span><\/span><\/span><\/a><\/span><\/div>\n<nav><ul class='ez-toc-list ez-toc-list-level-1 ' ><li class='ez-toc-page-1 ez-toc-heading-level-2'><a class=\"ez-toc-link ez-toc-heading-1\" href=\"https:\/\/www.grupomedcof.com.br\/blog\/residencia-em-geriatria-o-que-eu-preciso-saber\/#Como_funciona_a_residencia_medica_em_Geriatria\" >Como funciona a resid\u00eancia m\u00e9dica em Geriatria?<\/a><ul class='ez-toc-list-level-3' ><li class='ez-toc-heading-level-3'><a class=\"ez-toc-link ez-toc-heading-2\" href=\"https:\/\/www.grupomedcof.com.br\/blog\/residencia-em-geriatria-o-que-eu-preciso-saber\/#Primeiro_ano_da_residencia_R3\" >Primeiro ano da resid\u00eancia (R3)<\/a><\/li><li class='ez-toc-page-1 ez-toc-heading-level-3'><a class=\"ez-toc-link ez-toc-heading-3\" href=\"https:\/\/www.grupomedcof.com.br\/blog\/residencia-em-geriatria-o-que-eu-preciso-saber\/#Segundo_ano_da_residencia_R4\" >Segundo ano da resid\u00eancia (R4)<\/a><\/li><\/ul><\/li><li class='ez-toc-page-1 ez-toc-heading-level-2'><a class=\"ez-toc-link ez-toc-heading-4\" href=\"https:\/\/www.grupomedcof.com.br\/blog\/residencia-em-geriatria-o-que-eu-preciso-saber\/#Quanto_ganha_um_residente_em_Geriatria\" >Quanto ganha um residente em Geriatria?<\/a><ul class='ez-toc-list-level-3' ><li class='ez-toc-heading-level-3'><a class=\"ez-toc-link ez-toc-heading-5\" href=\"https:\/\/www.grupomedcof.com.br\/blog\/residencia-em-geriatria-o-que-eu-preciso-saber\/#Qual_e_o_salario_de_um_medico_geriatra\" >Qual \u00e9 o sal\u00e1rio de um m\u00e9dico geriatra?<\/a><\/li><\/ul><\/li><li class='ez-toc-page-1 ez-toc-heading-level-2'><a class=\"ez-toc-link ez-toc-heading-6\" href=\"https:\/\/www.grupomedcof.com.br\/blog\/residencia-em-geriatria-o-que-eu-preciso-saber\/#Principais_areas_de_formacao_durante_a_residencia_em_Geriatria\" >Principais \u00e1reas de forma\u00e7\u00e3o durante a resid\u00eancia em Geriatria<\/a><\/li><li class='ez-toc-page-1 ez-toc-heading-level-2'><a class=\"ez-toc-link ez-toc-heading-7\" href=\"https:\/\/www.grupomedcof.com.br\/blog\/residencia-em-geriatria-o-que-eu-preciso-saber\/#Como_funciona_o_processo_seletivo_da_residencia_em_geriatria\" >Como funciona o processo seletivo da resid\u00eancia em geriatria?<\/a><\/li><li class='ez-toc-page-1 ez-toc-heading-level-2'><a class=\"ez-toc-link ez-toc-heading-8\" href=\"https:\/\/www.grupomedcof.com.br\/blog\/residencia-em-geriatria-o-que-eu-preciso-saber\/#Principais_instituicoes_com_programas_de_residencia_em_geriatria\" >Principais institui\u00e7\u00f5es com programas de resid\u00eancia em geriatria<\/a><ul class='ez-toc-list-level-3' ><li class='ez-toc-heading-level-3'><a class=\"ez-toc-link ez-toc-heading-9\" href=\"https:\/\/www.grupomedcof.com.br\/blog\/residencia-em-geriatria-o-que-eu-preciso-saber\/#Como_escolher_a_instituicao_ideal_para_sua_formacao_em_Geriatria\" >Como escolher a institui\u00e7\u00e3o ideal para sua forma\u00e7\u00e3o em Geriatria?<\/a><\/li><\/ul><\/li><li class='ez-toc-page-1 ez-toc-heading-level-2'><a class=\"ez-toc-link ez-toc-heading-10\" href=\"https:\/\/www.grupomedcof.com.br\/blog\/residencia-em-geriatria-o-que-eu-preciso-saber\/#Rotina_e_atividades_do_residente_em_Geriatria\" >Rotina e atividades do residente em Geriatria<\/a><\/li><li class='ez-toc-page-1 ez-toc-heading-level-2'><a class=\"ez-toc-link ez-toc-heading-11\" href=\"https:\/\/www.grupomedcof.com.br\/blog\/residencia-em-geriatria-o-que-eu-preciso-saber\/#_O_que_se_aprende_durante_a_residencia_em_geriatria\" >\u00a0O que se aprende durante a resid\u00eancia em geriatria?<\/a><\/li><li class='ez-toc-page-1 ez-toc-heading-level-2'><a class=\"ez-toc-link ez-toc-heading-12\" href=\"https:\/\/www.grupomedcof.com.br\/blog\/residencia-em-geriatria-o-que-eu-preciso-saber\/#Mercado_de_trabalho_e_perspectivas_para_o_medico_geriatra\" >Mercado de trabalho e perspectivas para o m\u00e9dico geriatra<\/a><\/li><li class='ez-toc-page-1 ez-toc-heading-level-2'><a class=\"ez-toc-link ez-toc-heading-13\" href=\"https:\/\/www.grupomedcof.com.br\/blog\/residencia-em-geriatria-o-que-eu-preciso-saber\/#Diferencas_entre_geriatria_e_gerontologia\" >Diferen\u00e7as entre geriatria e gerontologia<\/a><\/li><li class='ez-toc-page-1 ez-toc-heading-level-2'><a class=\"ez-toc-link ez-toc-heading-14\" href=\"https:\/\/www.grupomedcof.com.br\/blog\/residencia-em-geriatria-o-que-eu-preciso-saber\/#Seja_aprovado_na_residencia_em_geriatria_com_a_MedCof\" >Seja aprovado na resid\u00eancia em geriatria com a MedCof!<\/a><\/li><\/ul><\/nav><\/div>\n\n<figure class=\"wp-block-image size-large\"><img loading=\"lazy\" decoding=\"async\" width=\"1024\" height=\"576\" src=\"https:\/\/www.grupomedcof.com.br\/blog\/wp-content\/uploads\/2024\/08\/Blog-MedCof-2024-08-20T095555.815-1024x576.png\" alt=\"\" class=\"wp-image-28967\" srcset=\"https:\/\/www.grupomedcof.com.br\/blog\/wp-content\/uploads\/2024\/08\/Blog-MedCof-2024-08-20T095555.815-1024x576.png 1024w, https:\/\/www.grupomedcof.com.br\/blog\/wp-content\/uploads\/2024\/08\/Blog-MedCof-2024-08-20T095555.815-300x169.png 300w, https:\/\/www.grupomedcof.com.br\/blog\/wp-content\/uploads\/2024\/08\/Blog-MedCof-2024-08-20T095555.815-768x432.png 768w, https:\/\/www.grupomedcof.com.br\/blog\/wp-content\/uploads\/2024\/08\/Blog-MedCof-2024-08-20T095555.815-1536x864.png 1536w, https:\/\/www.grupomedcof.com.br\/blog\/wp-content\/uploads\/2024\/08\/Blog-MedCof-2024-08-20T095555.815-2048x1152.png 2048w, https:\/\/www.grupomedcof.com.br\/blog\/wp-content\/uploads\/2024\/08\/Blog-MedCof-2024-08-20T095555.815-747x420.png 747w, https:\/\/www.grupomedcof.com.br\/blog\/wp-content\/uploads\/2024\/08\/Blog-MedCof-2024-08-20T095555.815-150x84.png 150w, https:\/\/www.grupomedcof.com.br\/blog\/wp-content\/uploads\/2024\/08\/Blog-MedCof-2024-08-20T095555.815-696x392.png 696w, https:\/\/www.grupomedcof.com.br\/blog\/wp-content\/uploads\/2024\/08\/Blog-MedCof-2024-08-20T095555.815-1068x601.png 1068w, https:\/\/www.grupomedcof.com.br\/blog\/wp-content\/uploads\/2024\/08\/Blog-MedCof-2024-08-20T095555.815-1920x1080.png 1920w\" sizes=\"auto, (max-width: 1024px) 100vw, 1024px\" \/><\/figure>\n\n\n\n<p>A <strong>resid\u00eancia em Geriatria<\/strong> \u00e9 uma <strong>especializa\u00e7\u00e3o m\u00e9dica de dois anos<\/strong> voltada ao cuidado da pessoa idosa em todas as suas dimens\u00f5es.&nbsp;<\/p>\n\n\n\n<p>Para ingressar nessa \u00e1rea, \u00e9 necess\u00e1rio ter conclu\u00eddo previamente a <strong>resid\u00eancia em Cl\u00ednica M\u00e9dica<\/strong>. Ou seja, \u00e9 uma <strong>especialidade com pr\u00e9-requisito.&nbsp;<\/strong><\/p>\n\n\n\n<p>\u00c9 indicada para m\u00e9dicos que j\u00e1 passaram pela forma\u00e7\u00e3o cl\u00ednica e agora desejam aprofundar sua atua\u00e7\u00e3o no processo de envelhecimento humano.<\/p>\n\n\n\n<h2 class=\"wp-block-heading\" id=\"h-como-funciona-a-residencia-medica-em-geriatria\"><span class=\"ez-toc-section\" id=\"Como_funciona_a_residencia_medica_em_Geriatria\"><\/span><strong><strong>Como funciona a resid\u00eancia m\u00e9dica em Geriatria?<\/strong><\/strong><span class=\"ez-toc-section-end\"><\/span><\/h2>\n\n\n\n<p>A <a href=\"https:\/\/www.grupomedcof.com.br\/blog\/categorias\/residencia-medica\/\" target=\"_blank\" rel=\"noreferrer noopener\"><strong>resid\u00eancia m\u00e9dica<\/strong><\/a> em Geriatria tem <strong>dura\u00e7\u00e3o padr\u00e3o de dois anos (R3 e R4)<\/strong> e s\u00f3 pode ser iniciada ap\u00f3s a conclus\u00e3o da resid\u00eancia em Cl\u00ednica M\u00e9dica.\u00a0<\/p>\n\n\n\n<p>Durante esse per\u00edodo, o m\u00e9dico passa por uma forma\u00e7\u00e3o intensiva, com <strong>carga hor\u00e1ria de 60 horas semanais<\/strong>.<\/p>\n\n\n\n<p>O programa \u00e9 composto por diferentes <strong>est\u00e1gios e rod\u00edzios<\/strong>, que incluem atua\u00e7\u00e3o em enfermarias, ambulat\u00f3rios, unidades de cuidados prolongados, institui\u00e7\u00f5es de longa perman\u00eancia, aten\u00e7\u00e3o domiciliar, cuidados paliativos e servi\u00e7os de apoio diagn\u00f3stico.&nbsp;<\/p>\n\n\n\n<p>A maior parte da forma\u00e7\u00e3o \u00e9 pr\u00e1tica<strong> dedicada \u00e0 assist\u00eancia direta ao paciente<\/strong>, enquanto os outros <strong>20% s\u00e3o reservados para atividades te\u00f3ricas<\/strong>, como aulas, discuss\u00f5es de casos e semin\u00e1rios.<\/p>\n\n\n\n<h3 class=\"wp-block-heading\" id=\"h-primeiro-ano-da-residencia-r3\"><span class=\"ez-toc-section\" id=\"Primeiro_ano_da_residencia_R3\"><\/span><strong><strong>Primeiro ano da resid\u00eancia (R3)<\/strong><\/strong><span class=\"ez-toc-section-end\"><\/span><\/h3>\n\n\n\n<p>No R3, o foco est\u00e1 na constru\u00e7\u00e3o das bases da pr\u00e1tica geri\u00e1trica. O residente desenvolve compet\u00eancias essenciais para o cuidado do idoso, aprendendo a reconhecer as particularidades do envelhecimento e a manejar pacientes com m\u00faltiplas comorbidades.<\/p>\n\n\n\n<p>Entre os principais est\u00e1gios est\u00e3o enfermaria geri\u00e1trica, ambulat\u00f3rio, atendimento hospitalar e aten\u00e7\u00e3o ao idoso fr\u00e1gil.&nbsp;<\/p>\n\n\n\n<p>Nesse per\u00edodo, o m\u00e9dico aprende a realizar a <strong>avalia\u00e7\u00e3o geri\u00e1trica ampla<\/strong>, uma abordagem multidimensional que considera aspectos cl\u00ednicos, funcionais, cognitivos, emocionais e sociais do paciente.<\/p>\n\n\n\n<p>Tamb\u00e9m fazem parte do primeiro ano o aprendizado das <strong>s\u00edndromes geri\u00e1tricas b\u00e1sicas<\/strong>, como quedas, imobilidade, incontin\u00eancia urin\u00e1ria, delirium, dem\u00eancia, depress\u00e3o e polifarm\u00e1cia.<\/p>\n\n\n\n<h3 class=\"wp-block-heading\" id=\"h-segundo-ano-da-residencia-r4\"><span class=\"ez-toc-section\" id=\"Segundo_ano_da_residencia_R4\"><\/span><strong><strong>Segundo ano da resid\u00eancia (R4)<\/strong><\/strong><span class=\"ez-toc-section-end\"><\/span><\/h3>\n\n\n\n<p>No R4, a forma\u00e7\u00e3o se aprofunda e ganha um car\u00e1ter mais especializado. O residente passa por est\u00e1gios como cuidados paliativos, reabilita\u00e7\u00e3o, aten\u00e7\u00e3o domiciliar, institui\u00e7\u00f5es de longa perman\u00eancia e ambulat\u00f3rios espec\u00edficos.<\/p>\n\n\n\n<p>Assim, desenvolve habilidades avan\u00e7adas no manejo de casos complexos.<\/p>\n\n\n\n<p>H\u00e1 uma <strong>maior autonomia e responsabilidade cl\u00ednica<\/strong>, com participa\u00e7\u00e3o ativa na tomada de decis\u00f5es, coordena\u00e7\u00e3o do cuidado e discuss\u00e3o de planos terap\u00eauticos com equipes multiprofissionais.&nbsp;<\/p>\n\n\n\n<p>Esse segundo ano tamb\u00e9m marca a <strong>prepara\u00e7\u00e3o para a pr\u00e1tica independente<\/strong>, consolidando a capacidade do m\u00e9dico de atuar como geriatra em diferentes cen\u00e1rios assistenciais.<\/p>\n\n\n\n<h2 class=\"wp-block-heading\" id=\"h-quanto-ganha-um-residente-em-geriatria\"><span class=\"ez-toc-section\" id=\"Quanto_ganha_um_residente_em_Geriatria\"><\/span><strong><strong>Quanto ganha um residente em Geriatria?<\/strong><\/strong><span class=\"ez-toc-section-end\"><\/span><\/h2>\n\n\n\n<p>O valor da bolsa de resid\u00eancia m\u00e9dica em Geriatria pode variar bastante conforme a institui\u00e7\u00e3o e tamb\u00e9m de acordo com a legisla\u00e7\u00e3o vigente.&nbsp;<\/p>\n\n\n\n<p>De modo geral, a resid\u00eancia m\u00e9dica oferece uma<strong> bolsa padronizada<\/strong> em todo o pa\u00eds, podendo haver complementa\u00e7\u00f5es em alguns programas. Para <strong>2025\/2026<\/strong>, o valor nacional \u00e9 de aproximadamente <strong>R$4.106,09<\/strong> brutos mensais.<\/p>\n\n\n\n<p>\u00c9 importante destacar que <strong>a bolsa de resid\u00eancia n\u00e3o equivale ao sal\u00e1rio de um m\u00e9dico especialista j\u00e1 formado<\/strong>. Durante a resid\u00eancia, o profissional recebe um valor fixo mensal para custear sua forma\u00e7\u00e3o, enquanto o rendimento de um geriatra ap\u00f3s a especializa\u00e7\u00e3o depende de fatores como local de atua\u00e7\u00e3o, carga hor\u00e1ria, tipo de v\u00ednculo e experi\u00eancia.<\/p>\n\n\n\n<h3 class=\"wp-block-heading\" id=\"h-qual-e-o-salario-de-um-medico-geriatra\"><span class=\"ez-toc-section\" id=\"Qual_e_o_salario_de_um_medico_geriatra\"><\/span><strong><strong>Qual \u00e9 o sal\u00e1rio de um m\u00e9dico geriatra?<\/strong><\/strong><span class=\"ez-toc-section-end\"><\/span><\/h3>\n\n\n\n<p>Ap\u00f3s a conclus\u00e3o da resid\u00eancia, o m\u00e9dico geriatra encontra um mercado em expans\u00e3o, impulsionado pelo envelhecimento acelerado da popula\u00e7\u00e3o brasileira.&nbsp;<\/p>\n\n\n\n<p>A faixa salarial varia conforme regi\u00e3o, modelo de contrata\u00e7\u00e3o e volume de atendimentos, mas, em m\u00e9dia, o rendimento mensal costuma ficar entre <strong>R$ 12 mil e R$ 25 mil<\/strong>, podendo ser maior para profissionais com consult\u00f3rio pr\u00f3prio ou atua\u00e7\u00e3o em m\u00faltiplos servi\u00e7os.<\/p>\n\n\n\n<p>Em geral, institui\u00e7\u00f5es p\u00fablicas oferecem sal\u00e1rios mais est\u00e1veis, por\u00e9m com valores fixos definidos por edital, enquanto o setor privado tende a apresentar <strong>maior potencial de ganhos<\/strong>, especialmente para geriatras que atuam em cl\u00ednicas, hospitais particulares, atendimento domiciliar ou cuidados paliativos.&nbsp;<\/p>\n\n\n\n<p>Com o tempo e a consolida\u00e7\u00e3o da carreira, tamb\u00e9m \u00e9 comum ampliar a renda por meio de subespecializa\u00e7\u00f5es e pr\u00e1tica aut\u00f4noma.<\/p>\n\n\n\n<h2 class=\"wp-block-heading\" id=\"h-principais-areas-de-formacao-durante-a-residencia-em-geriatria\"><span class=\"ez-toc-section\" id=\"Principais_areas_de_formacao_durante_a_residencia_em_Geriatria\"><\/span><strong><strong>Principais \u00e1reas de forma\u00e7\u00e3o durante a resid\u00eancia em Geriatria<\/strong><\/strong><span class=\"ez-toc-section-end\"><\/span><\/h2>\n\n\n\n<p>Durante a resid\u00eancia em Geriatria, o m\u00e9dico desenvolve um conjunto amplo de compet\u00eancias voltadas ao cuidado integral do idoso.<\/p>\n\n\n\n<p>Aprende a lidar com pacientes que frequentemente apresentam m\u00faltiplas doen\u00e7as cr\u00f4nicas, fragilidade e demandas complexas. A forma\u00e7\u00e3o prioriza uma vis\u00e3o global do paciente, indo al\u00e9m do tratamento de patologias isoladas.<\/p>\n\n\n\n<p>Os rod\u00edzios obrigat\u00f3rios incluem atua\u00e7\u00e3o em <strong>enfermaria geri\u00e1trica, ambulat\u00f3rios especializados, servi\u00e7os de emerg\u00eancia, aten\u00e7\u00e3o domiciliar, institui\u00e7\u00f5es de longa perman\u00eancia e cuidados paliativos<\/strong>, permitindo contato com diferentes cen\u00e1rios assistenciais e n\u00edveis de complexidade.&nbsp;<\/p>\n\n\n\n<p>Ao longo desses est\u00e1gios, o residente participa ativamente do acompanhamento cl\u00ednico, defini\u00e7\u00e3o de condutas e planejamento terap\u00eautico.<\/p>\n\n\n\n<p>Um dos pilares do programa \u00e9 a <strong>forma\u00e7\u00e3o multidisciplinar<\/strong>, com intera\u00e7\u00e3o constante com \u00e1reas como fisioterapia, fonoaudiologia, terapia ocupacional, nutri\u00e7\u00e3o, psicologia e servi\u00e7o social.&nbsp;<\/p>\n\n\n\n<p>Essa integra\u00e7\u00e3o \u00e9 essencial para compreender o impacto funcional, cognitivo e social das doen\u00e7as e construir planos de cuidado individualizados.<\/p>\n\n\n\n<p>Tamb\u00e9m fazem parte da forma\u00e7\u00e3o os conhecimentos espec\u00edficos em <strong>s\u00edndromes geri\u00e1tricas<\/strong>, <strong>farmacologia do idoso<\/strong>. Al\u00e9m da aplica\u00e7\u00e3o da <strong>abordagem multidimensional<\/strong>, que avalia aspectos cl\u00ednicos, funcionais, mentais e sociais do paciente.<\/p>\n\n\n\n<p>Muitos programas tamb\u00e9m oferecem <strong>oportunidades de pesquisa e atividades acad\u00eamicas<\/strong>, como participa\u00e7\u00e3o em projetos cient\u00edficos, apresenta\u00e7\u00e3o de trabalhos em congressos e envolvimento em ensino, contribuindo para o desenvolvimento cr\u00edtico e para a produ\u00e7\u00e3o de conhecimento na \u00e1rea.<\/p>\n\n\n\n<h2 class=\"wp-block-heading\" id=\"h-como-funciona-o-processo-seletivo-da-residencia-em-geriatria\"><span class=\"ez-toc-section\" id=\"Como_funciona_o_processo_seletivo_da_residencia_em_geriatria\"><\/span><strong><strong>Como funciona o processo seletivo da resid\u00eancia em geriatria?<\/strong><\/strong><span class=\"ez-toc-section-end\"><\/span><\/h2>\n\n\n\n<p>O processo seletivo costuma seguir o modelo tradicional das especialidades com pr\u00e9-requisito, sendo composto, na maioria das institui\u00e7\u00f5es, por <strong>prova te\u00f3rica<\/strong>, <strong>an\u00e1lise curricular<\/strong> e, em alguns casos, <strong>entrevista<\/strong>.&nbsp;<\/p>\n\n\n\n<p>A prova escrita geralmente tem maior peso na nota final e avalia os conhecimentos adquiridos durante a resid\u00eancia em Cl\u00ednica M\u00e9dica.<\/p>\n\n\n\n<p>Entre os principais conte\u00fados cobrados est\u00e3o temas como cardiologia, pneumologia, nefrologia, endocrinologia, gastroenterologia, infectologia e reumatologia.&nbsp;<\/p>\n\n\n\n<p>Al\u00e9m de t\u00f3picos transversais, como \u00e9tica m\u00e9dica, interpreta\u00e7\u00e3o de exames e manejo de pacientes complexos.&nbsp;<\/p>\n\n\n\n<p>Alguns processos seletivos tamb\u00e9m incluem quest\u00f5es espec\u00edficas sobre envelhecimento e cuidados com o idoso.<\/p>\n\n\n\n<p>As inscri\u00e7\u00f5es costumam ocorrer entre <strong>setembro e novembro<\/strong>, com aplica\u00e7\u00e3o das provas entre <strong>novembro e dezembro<\/strong>, dependendo da banca organizadora e da institui\u00e7\u00e3o.&nbsp;<\/p>\n\n\n\n<p>J\u00e1 o in\u00edcio da resid\u00eancia acontece, via de regra, em mar\u00e7o do ano seguinte.<\/p>\n\n\n\n<p>Para aumentar as chances de aprova\u00e7\u00e3o, \u00e9 fundamental manter uma rotina estruturada de estudos, revisar os principais conte\u00fados da Cl\u00ednica M\u00e9dica, resolver provas anteriores e investir em materiais direcionados para especialidades com pr\u00e9-requisito.&nbsp;<\/p>\n\n\n\n<h2 class=\"wp-block-heading\" id=\"h-principais-instituicoes-com-programas-de-residencia-em-geriatria\"><span class=\"ez-toc-section\" id=\"Principais_instituicoes_com_programas_de_residencia_em_geriatria\"><\/span><strong><strong>Principais institui\u00e7\u00f5es com programas de resid\u00eancia em geriatria<\/strong><\/strong><span class=\"ez-toc-section-end\"><\/span><\/h2>\n\n\n\n<ul class=\"wp-block-list\">\n<li><strong>Hospital das Cl\u00ednicas da USP (Universidade de S\u00e3o Paulo)<\/strong>: refer\u00eancia nacional em ensino e pr\u00e1tica cl\u00ednica em Geriatria e envelhecimento.<\/li>\n\n\n\n<li><strong>UNIFESP (Universidade Federal de S\u00e3o Paulo)<\/strong>: programa consolidado com forte experi\u00eancia assistencial e acad\u00eamica.<\/li>\n\n\n\n<li><strong>UFMG (Universidade Federal de Minas Gerais)<\/strong>: resid\u00eancia reconhecida que integra teoria e pr\u00e1tica no cuidado ao idoso.<\/li>\n\n\n\n<li><strong>UFRGS (Universidade Federal do Rio Grande do Sul)<\/strong>: forma\u00e7\u00e3o robusta com atua\u00e7\u00e3o em diferentes contextos cl\u00ednicos.<\/li>\n\n\n\n<li><strong>Hospital Universit\u00e1rio Pedro Ernesto (UERJ)<\/strong>: programa estadual com tradi\u00e7\u00e3o na \u00e1rea geri\u00e1trica.<\/li>\n\n\n\n<li><strong>IPSEMG (Instituto de Previd\u00eancia dos Servidores do Estado de Minas Gerais)<\/strong>: resid\u00eancia em Geriatria com forte produ\u00e7\u00e3o cient\u00edfica e hist\u00f3rico de pioneirismo.<\/li>\n\n\n\n<li><strong>IMIP (Instituto de Medicina Integral Prof. Fernando Figueira)<\/strong>: oferece vagas de resid\u00eancia com foco te\u00f3rico-pr\u00e1tico em Geriatria.\u00a0<\/li>\n<\/ul>\n\n\n\n<p>Atualmente, h\u00e1 cerca de 61 institui\u00e7\u00f5es no pa\u00eds que oferecem programas de geriatria no Brasil. S\u00e3o oferecidas, aproximadamente, 416 vagas por ano para resid\u00eancia em Geriatria.<\/p>\n\n\n\n<p>Os programas t\u00eam aumentado ao longo dos \u00faltimos anos no Brasil, acompanhando a demanda por atendimento \u00e0 popula\u00e7\u00e3o idosa.<\/p>\n\n\n\n<p>A maioria dos programas de Geriatria est\u00e1 no Sudeste, especialmente em S\u00e3o Paulo e Minas Gerais, com menor concentra\u00e7\u00e3o no Norte e Nordeste.<\/p>\n\n\n\n<p>As informa\u00e7\u00f5es mais atualizadas sobre programas e vagas de resid\u00eancia em Geriatria podem ser encontradas principalmente no sistema da Comiss\u00e3o Nacional de Resid\u00eancia M\u00e9dica (CNRM\/MEC), que re\u00fane os programas autorizados no pa\u00eds, al\u00e9m dos editais do ENARE e das sele\u00e7\u00f5es unificadas estaduais, que detalham anualmente as vagas por institui\u00e7\u00e3o.&nbsp;<\/p>\n\n\n\n<p>Tamb\u00e9m vale acompanhar a Sociedade Brasileira de Geriatria e Gerontologia (SBGG) e os sites de hospitais universit\u00e1rios e universidades, como USP, Unifesp, UFMG e UFRJ, onde s\u00e3o publicados os editais completos com requisitos, cronograma e n\u00famero de vagas.<\/p>\n\n\n\n<h3 class=\"wp-block-heading\" id=\"h-como-escolher-a-instituicao-ideal-para-sua-formacao-em-geriatria\"><span class=\"ez-toc-section\" id=\"Como_escolher_a_instituicao_ideal_para_sua_formacao_em_Geriatria\"><\/span><strong><strong>Como escolher a institui\u00e7\u00e3o ideal para sua forma\u00e7\u00e3o em Geriatria?<\/strong><\/strong><span class=\"ez-toc-section-end\"><\/span><\/h3>\n\n\n\n<ul class=\"wp-block-list\">\n<li><strong>Corpo docente e preceptores:<\/strong> prioridade para servi\u00e7os com professores e preceptores experientes em Geriatria e envelhecimento.<\/li>\n\n\n\n<li><strong>Volume e diversidade de atendimentos:<\/strong> programas com maior fluxo assistencial tendem a oferecer experi\u00eancia pr\u00e1tica mais rica.<\/li>\n\n\n\n<li><strong>Integra\u00e7\u00e3o com outros servi\u00e7os:<\/strong> verifique a colabora\u00e7\u00e3o com \u00e1reas como cuidados paliativos, reabilita\u00e7\u00e3o, urg\u00eancia e ambulat\u00f3rios de especialidades.<\/li>\n\n\n\n<li><strong>Estrutura acad\u00eamica e pesquisa:<\/strong> oportunidades para <strong>pesquisa cient\u00edfica, extens\u00e3o e participa\u00e7\u00e3o em congressos<\/strong> enriquecem a forma\u00e7\u00e3o.<\/li>\n\n\n\n<li><strong>Localiza\u00e7\u00e3o e qualidade de vida:<\/strong> considere fatores como custo de vida, apoio \u00e0 moradia e proximidade de familiares ou rede de suporte.\u00a0<\/li>\n<\/ul>\n\n\n\n<p>Conversar com <strong>residentes atuais e egressos<\/strong> e visitar os servi\u00e7os pode fornecer insights valiosos sobre o ambiente e a rotina de trabalho.\u00a0<\/p>\n\n\n\n<h2 class=\"wp-block-heading\" id=\"h-rotina-e-atividades-do-residente-em-geriatria\"><span class=\"ez-toc-section\" id=\"Rotina_e_atividades_do_residente_em_Geriatria\"><\/span><strong><strong>Rotina e atividades do residente em Geriatria<\/strong><\/strong><span class=\"ez-toc-section-end\"><\/span><\/h2>\n\n\n\n<p>A rotina do residente em Geriatria costuma ser bastante din\u00e2mica. Um dia t\u00edpico envolve visitas \u00e0 enfermaria pela manh\u00e3, atendimentos ambulatoriais, discuss\u00e3o de casos com preceptores e participa\u00e7\u00e3o em reuni\u00f5es multiprofissionais.&nbsp;<\/p>\n\n\n\n<p>Ao longo da semana, tamb\u00e9m entram na agenda plant\u00f5es, acompanhamento de pacientes em diferentes setores e atividades acad\u00eamicas, como aulas e semin\u00e1rios.<\/p>\n\n\n\n<p>A carga hor\u00e1ria \u00e9 dividida entre <strong>ambulat\u00f3rio, enfermarias, plant\u00f5es e momentos de forma\u00e7\u00e3o te\u00f3rica<\/strong>, permitindo contato com idosos em variados contextos cl\u00ednicos.<\/p>\n\n\n\n<p>Com o avan\u00e7o da resid\u00eancia, o m\u00e9dico assume <strong>responsabilidades progressivas<\/strong>, passando a conduzir atendimentos com mais autonomia, liderar discuss\u00f5es cl\u00ednicas e participar ativamente do planejamento terap\u00eautico.<\/p>\n\n\n\n<p>Entre os principais desafios est\u00e3o o manejo de pacientes complexos, a tomada de decis\u00f5es compartilhadas com familiares e equipes e o impacto emocional do cuidado prolongado.&nbsp;<\/p>\n\n\n\n<p>Esses obst\u00e1culos s\u00e3o superados com supervis\u00e3o constante, apoio multiprofissional e desenvolvimento de habilidades de comunica\u00e7\u00e3o, fundamentais na pr\u00e1tica geri\u00e1trica.<\/p>\n\n\n\n<h2 class=\"wp-block-heading\" id=\"h-o-que-se-aprende-durante-a-residencia-em-geriatria\"><span class=\"ez-toc-section\" id=\"_O_que_se_aprende_durante_a_residencia_em_geriatria\"><\/span><strong>\u00a0O que se aprende durante a resid\u00eancia em geriatria?<\/strong><span class=\"ez-toc-section-end\"><\/span><\/h2>\n\n\n\n<p>Ao longo da resid\u00eancia, o m\u00e9dico desenvolve conhecimentos e compet\u00eancias voltados ao cuidado integral do idoso, aprendendo a enxergar o paciente al\u00e9m do diagn\u00f3stico isolado.&nbsp;<\/p>\n\n\n\n<p>A forma\u00e7\u00e3o inclui o reconhecimento e tratamento das <strong>s\u00edndromes geri\u00e1tricas<\/strong>, como fragilidade, quedas, dem\u00eancias, delirium, incontin\u00eancia urin\u00e1ria e depress\u00e3o.<\/p>\n\n\n\n<p>Tamb\u00e9m \u00e9 central o aprendizado do manejo de <strong>m\u00faltiplas comorbidades<\/strong> e da <strong>polifarm\u00e1cia<\/strong>, com foco na prescri\u00e7\u00e3o segura e na preven\u00e7\u00e3o de efeitos adversos.&nbsp;<\/p>\n\n\n\n<p>Outro pilar \u00e9 a <strong>abordagem interdisciplinar<\/strong>, que integra m\u00e9dicos, enfermeiros, fisioterapeutas, terapeutas ocupacionais, nutricionistas, psic\u00f3logos e assistentes sociais para construir planos de cuidado individualizados.<\/p>\n\n\n\n<p>Al\u00e9m da pr\u00e1tica cl\u00ednica, o residente desenvolve habilidades de comunica\u00e7\u00e3o, tomada de decis\u00e3o \u00e9tica, cuidado paliativo e acompanhamento funcional, preparando-se para atuar em diferentes cen\u00e1rios da assist\u00eancia ao idoso.<\/p>\n\n\n\n<figure class=\"wp-block-table\"><table class=\"has-fixed-layout\"><tbody><tr><td><strong>\u00c1rea<\/strong><\/td><td><strong>O que se aprende<\/strong><\/td><td><strong>Exemplos<\/strong><\/td><\/tr><tr><td><strong>Enfermaria geri\u00e1trica<\/strong><\/td><td>Manejo de pacientes idosos internados, condi\u00e7\u00f5es agudas e cr\u00f4nicas<\/td><td>Tratamento de infec\u00e7\u00f5es, descompensa\u00e7\u00f5es cl\u00ednicas, avalia\u00e7\u00e3o de fragilidade<\/td><\/tr><tr><td><strong>Ambulat\u00f3rio<\/strong><\/td><td>Acompanhamento longitudinal e preven\u00e7\u00e3o<\/td><td>Seguimento de dem\u00eancia, controle de doen\u00e7as cr\u00f4nicas, orienta\u00e7\u00e3o familiar<\/td><\/tr><tr><td><strong>S\u00edndromes geri\u00e1tricas<\/strong><\/td><td>Identifica\u00e7\u00e3o e abordagem de condi\u00e7\u00f5es frequentes no envelhecimento<\/td><td>Quedas, delirium, incontin\u00eancia, depress\u00e3o<\/td><\/tr><tr><td><strong>Farmacologia do idoso<\/strong><\/td><td>Prescri\u00e7\u00e3o segura e revis\u00e3o de medicamentos<\/td><td>Redu\u00e7\u00e3o de polifarm\u00e1cia, ajuste de doses, preven\u00e7\u00e3o de intera\u00e7\u00f5es<\/td><\/tr><tr><td><strong>Cuidados paliativos<\/strong><\/td><td>Controle de sintomas e tomada de decis\u00f5es em fim de vida<\/td><td>Al\u00edvio da dor, comunica\u00e7\u00e3o de m\u00e1s not\u00edcias, planejamento antecipado<\/td><\/tr><tr><td><strong>Aten\u00e7\u00e3o domiciliar e ILPI<\/strong><\/td><td>Cuidado em ambientes extra-hospitalares<\/td><td>Visitas domiciliares, acompanhamento em institui\u00e7\u00f5es de longa perman\u00eancia<\/td><\/tr><tr><td><strong>Trabalho multiprofissional<\/strong><\/td><td>Constru\u00e7\u00e3o de planos terap\u00eauticos integrados<\/td><td>Atua\u00e7\u00e3o conjunta com fisio, nutri\u00e7\u00e3o, psicologia e servi\u00e7o social<\/td><\/tr><\/tbody><\/table><\/figure>\n\n\n\n<figure class=\"wp-block-image size-large\"><a href=\"https:\/\/www.grupomedcof.com.br\/cofletters\/\"><img loading=\"lazy\" decoding=\"async\" width=\"1024\" height=\"366\" src=\"https:\/\/www.grupomedcof.com.br\/blog\/wp-content\/uploads\/2024\/08\/Capa-Eventos-MedCof-Plus-14-3-1024x366.png\" alt=\"\" class=\"wp-image-28960\" srcset=\"https:\/\/www.grupomedcof.com.br\/blog\/wp-content\/uploads\/2024\/08\/Capa-Eventos-MedCof-Plus-14-3-1024x366.png 1024w, https:\/\/www.grupomedcof.com.br\/blog\/wp-content\/uploads\/2024\/08\/Capa-Eventos-MedCof-Plus-14-3-300x107.png 300w, https:\/\/www.grupomedcof.com.br\/blog\/wp-content\/uploads\/2024\/08\/Capa-Eventos-MedCof-Plus-14-3-768x275.png 768w, https:\/\/www.grupomedcof.com.br\/blog\/wp-content\/uploads\/2024\/08\/Capa-Eventos-MedCof-Plus-14-3-1536x549.png 1536w, https:\/\/www.grupomedcof.com.br\/blog\/wp-content\/uploads\/2024\/08\/Capa-Eventos-MedCof-Plus-14-3-2048x732.png 2048w, https:\/\/www.grupomedcof.com.br\/blog\/wp-content\/uploads\/2024\/08\/Capa-Eventos-MedCof-Plus-14-3-1174x420.png 1174w, https:\/\/www.grupomedcof.com.br\/blog\/wp-content\/uploads\/2024\/08\/Capa-Eventos-MedCof-Plus-14-3-150x54.png 150w, https:\/\/www.grupomedcof.com.br\/blog\/wp-content\/uploads\/2024\/08\/Capa-Eventos-MedCof-Plus-14-3-696x249.png 696w, https:\/\/www.grupomedcof.com.br\/blog\/wp-content\/uploads\/2024\/08\/Capa-Eventos-MedCof-Plus-14-3-1068x382.png 1068w, https:\/\/www.grupomedcof.com.br\/blog\/wp-content\/uploads\/2024\/08\/Capa-Eventos-MedCof-Plus-14-3-1920x687.png 1920w\" sizes=\"auto, (max-width: 1024px) 100vw, 1024px\" \/><\/a><\/figure>\n\n\n\n<h2 class=\"wp-block-heading\" id=\"h-mercado-de-trabalho-e-perspectivas-para-o-medico-geriatra\"><span class=\"ez-toc-section\" id=\"Mercado_de_trabalho_e_perspectivas_para_o_medico_geriatra\"><\/span><strong><strong>Mercado de trabalho e perspectivas para o m\u00e9dico geriatra<\/strong><\/strong><span class=\"ez-toc-section-end\"><\/span><\/h2>\n\n\n\n<p>O Brasil est\u00e1 passando por uma <strong>transi\u00e7\u00e3o demogr\u00e1fica marcada pelo r\u00e1pido envelhecimento da popula\u00e7\u00e3o<\/strong>, com mais de <strong>22 milh\u00f5es de pessoas com 65 anos ou mais<\/strong>.&nbsp;<\/p>\n\n\n\n<p>Apesar dessa demanda crescente por cuidados especializados, o <strong>n\u00famero de geriatras no pa\u00eds ainda \u00e9 relativamente baixo<\/strong> em compara\u00e7\u00e3o com as necessidades assistenciais.&nbsp;<\/p>\n\n\n\n<p>Existem aproximadamente<strong> 3.400 m\u00e9dicos geriatras ativos<\/strong>, com forte concentra\u00e7\u00e3o em grandes centros urbanos, principalmente na Regi\u00e3o Sudeste, e escassez em muitas outras \u00e1reas geogr\u00e1ficas.&nbsp;<\/p>\n\n\n\n<p>Esse descompasso entre o envelhecimento populacional e a oferta de especialistas cria um <strong>cen\u00e1rio de grande potencial para quem escolhe a \u00e1rea<\/strong>, com perspectivas de atua\u00e7\u00e3o ampliadas.<\/p>\n\n\n\n<p>O m\u00e9dico geriatra pode trabalhar em <strong>diferentes campos de atua\u00e7\u00e3o<\/strong>, incluindo hospitais (setores de interna\u00e7\u00e3o e ambulat\u00f3rios), cl\u00ednicas particulares e consult\u00f3rios, <strong>institui\u00e7\u00f5es de longa perman\u00eancia para idosos (ILPIs)<\/strong>, servi\u00e7os de aten\u00e7\u00e3o domiciliar e cuidados paliativos, al\u00e9m de participa\u00e7\u00e3o em equipes multiprofissionais no setor p\u00fablico e privado.&nbsp;<\/p>\n\n\n\n<p>Em todos esses contextos, a demanda tende a crescer conforme aumentam os desafios cl\u00ednicos associados \u00e0 longevidade, como manejo de m\u00faltiplas comorbidades, fragilidade e preven\u00e7\u00e3o de quedas.<\/p>\n\n\n\n<h2 class=\"wp-block-heading\" id=\"h-diferencas-entre-geriatria-e-gerontologia\"><span class=\"ez-toc-section\" id=\"Diferencas_entre_geriatria_e_gerontologia\"><\/span><strong><strong>Diferen\u00e7as entre geriatria e gerontologia<\/strong><\/strong><span class=\"ez-toc-section-end\"><\/span><\/h2>\n\n\n\n<p>Embora atuem com o envelhecimento humano, Geriatria e Gerontologia n\u00e3o s\u00e3o a mesma coisa.&nbsp;<\/p>\n\n\n\n<p>A <strong>Geriatria \u00e9 uma especialidade m\u00e9dica<\/strong>, exercida exclusivamente por m\u00e9dicos, voltada ao diagn\u00f3stico, tratamento e acompanhamento cl\u00ednico de pessoas idosas.&nbsp;<\/p>\n\n\n\n<p>J\u00e1 a <strong>Gerontologia \u00e9 um campo multidisciplinar<\/strong>, que re\u00fane profissionais de diferentes \u00e1reas para estudar e promover o envelhecimento saud\u00e1vel.<\/p>\n\n\n\n<p>O m\u00e9dico geriatra \u00e9 respons\u00e1vel pelo <strong>cuidado cl\u00ednico do idoso<\/strong>, incluindo manejo de doen\u00e7as cr\u00f4nicas, s\u00edndromes geri\u00e1tricas, prescri\u00e7\u00e3o de medicamentos e defini\u00e7\u00e3o de condutas terap\u00eauticas.&nbsp;<\/p>\n\n\n\n<p>O geront\u00f3logo, por sua vez, atua em aspectos mais amplos do envelhecimento, como promo\u00e7\u00e3o da sa\u00fade, funcionalidade, qualidade de vida, pol\u00edticas p\u00fablicas e apoio psicossocial \u2014 podendo ter forma\u00e7\u00e3o em \u00e1reas como enfermagem, psicologia, servi\u00e7o social, fisioterapia ou educa\u00e7\u00e3o.<\/p>\n\n\n\n<p>Na pr\u00e1tica, esses profissionais trabalham de forma complementar dentro de equipes multiprofissionais.&nbsp;<\/p>\n\n\n\n<p>Enquanto o geriatra conduz o tratamento m\u00e9dico, o geront\u00f3logo contribui com estrat\u00e9gias voltadas \u00e0 autonomia, ao bem-estar e \u00e0 integra\u00e7\u00e3o social do idoso, ajudando a construir planos de cuidado mais completos.<\/p>\n\n\n\n<h2 class=\"wp-block-heading\" id=\"h-seja-aprovado-na-residencia-em-geriatria-com-a-medcof\"><span class=\"ez-toc-section\" id=\"Seja_aprovado_na_residencia_em_geriatria_com_a_MedCof\"><\/span><strong>Seja aprovado na resid\u00eancia em geriatria com a MedCof!<\/strong><span class=\"ez-toc-section-end\"><\/span><\/h2>\n\n\n\n<p id=\"h-seja-aprovado-na-residencia-em-geriatria-com-a-medcof\">Se voc\u00ea sonha em conquistar uma vaga na resid\u00eancia m\u00e9dica em Geriatria, a <a href=\"https:\/\/www.grupomedcof.com.br\/home\/sobre-nos\" target=\"_blank\" rel=\"noreferrer noopener\"><strong>MedCof <\/strong><\/a><strong>\u00e9 a parceira certa nessa jornada<\/strong>. O preparat\u00f3rio oferece uma <a href=\"https:\/\/www.grupomedcof.com.br\/home\/\" target=\"_blank\" rel=\"noreferrer noopener\"><strong>metodologia focada nas provas de resid\u00eancia<\/strong><\/a>, com professores que s\u00e3o <strong>refer\u00eancia nacional<\/strong>, conte\u00fados atualizados e uma <strong>plataforma inteligente<\/strong> que direciona seus estudos de acordo com seu desempenho.<\/p>\n\n\n\n<p id=\"h-seja-aprovado-na-residencia-em-geriatria-com-a-medcof\">Com o apoio da MedCof, voc\u00ea <a href=\"https:\/\/www.grupomedcof.com.br\/blog\/internato-na-medicina-o-que-e-para-que-serve-e-curiosidades\/\" target=\"_blank\" rel=\"noreferrer noopener\">estuda com estrat\u00e9gia<\/a>, otimiza seu tempo e aumenta significativamente suas chances de aprova\u00e7\u00e3o em uma especialidade <strong>altamente valorizada e com excelente mercado de trabalho<\/strong>. Prepare-se com quem entende de resid\u00eancia m\u00e9dica e d\u00ea o pr\u00f3ximo passo rumo \u00e0 aprova\u00e7\u00e3o!<\/p>\n\n\n\n<figure class=\"wp-block-embed is-type-video is-provider-youtube wp-block-embed-youtube wp-embed-aspect-16-9 wp-has-aspect-ratio\"><div class=\"wp-block-embed__wrapper\">\n<div class=\"youtube-embed\" data-video_id=\"sw10yMjgIDk\"><iframe loading=\"lazy\" title=\"Conforto M\u00e9dico:  A Trajet\u00f3ria at\u00e9 o Fellow em Geriatria com Dra. Fernanda Ninin | Ep#24\" width=\"696\" height=\"392\" src=\"https:\/\/www.youtube.com\/embed\/sw10yMjgIDk?feature=oembed&#038;enablejsapi=1\" frameborder=\"0\" allow=\"accelerometer; autoplay; clipboard-write; encrypted-media; gyroscope; picture-in-picture; web-share\" referrerpolicy=\"strict-origin-when-cross-origin\" allowfullscreen><\/iframe><\/div>\n<\/div><\/figure>\n","protected":false},"excerpt":{"rendered":"<p>Confira o guia completo sobre Resid\u00eancia em Geriatria. Veja o que \u00e9, como funciona, requisitos, dura\u00e7\u00e3o e rotina. Conhe\u00e7a o mercado de trabalho e sal\u00e1rios!<\/p>\n","protected":false},"author":35,"featured_media":28967,"comment_status":"open","ping_status":"open","sticky":false,"template":"","format":"standard","meta":{"footnotes":""},"categories":[220],"tags":[1853,114,117,68],"ppma_author":[3619],"class_list":{"0":"post-28966","1":"post","2":"type-post","3":"status-publish","4":"format-standard","5":"has-post-thumbnail","7":"category-geriatria","8":"tag-avaliacao-geriatrica","9":"tag-geriatria","10":"tag-provas-de-residencia","11":"tag-residencia-medica"},"yoast_head":"<!-- This site is optimized with the Yoast SEO Premium plugin v24.3 (Yoast SEO v27.4) - https:\/\/yoast.com\/product\/yoast-seo-premium-wordpress\/ -->\n<title>Resid\u00eancia em Geriatria: pr\u00e9-requisitos, dura\u00e7\u00e3o e rotina<\/title>\n<meta name=\"description\" content=\"Confira o guia completo sobre Resid\u00eancia em Geriatria. Veja o que \u00e9, como funciona, requisitos, dura\u00e7\u00e3o e rotina. Conhe\u00e7a o mercado de trabalho e sal\u00e1rios!\" \/>\n<meta name=\"robots\" content=\"index, follow, max-snippet:-1, max-image-preview:large, max-video-preview:-1\" \/>\n<link rel=\"canonical\" href=\"https:\/\/www.grupomedcof.com.br\/blog\/residencia-em-geriatria-o-que-eu-preciso-saber\/\" \/>\n<meta property=\"og:locale\" content=\"pt_BR\" \/>\n<meta property=\"og:type\" content=\"article\" \/>\n<meta property=\"og:title\" content=\"Resid\u00eancia em Geriatria: dura\u00e7\u00e3o, requisitos e mercado de trabalho\" \/>\n<meta property=\"og:description\" content=\"Confira o guia completo sobre Resid\u00eancia em Geriatria. Veja o que \u00e9, como funciona, requisitos, dura\u00e7\u00e3o e rotina. Conhe\u00e7a o mercado de trabalho e sal\u00e1rios!\" \/>\n<meta property=\"og:url\" content=\"https:\/\/www.grupomedcof.com.br\/blog\/residencia-em-geriatria-o-que-eu-preciso-saber\/\" \/>\n<meta property=\"og:site_name\" content=\"Blog de Medcof: conte\u00fados, editais, revalida e mais!\" \/>\n<meta property=\"article:publisher\" content=\"https:\/\/www.facebook.com\/MedCofQbank\/\" \/>\n<meta property=\"article:published_time\" content=\"2026-02-12T14:00:00+00:00\" \/>\n<meta property=\"article:modified_time\" content=\"2026-02-20T11:12:25+00:00\" \/>\n<meta property=\"og:image\" content=\"https:\/\/www.grupomedcof.com.br\/blog\/wp-content\/uploads\/2024\/08\/Blog-MedCof-2024-08-20T095555.815-1024x576.png\" \/>\n\t<meta property=\"og:image:width\" content=\"1024\" \/>\n\t<meta property=\"og:image:height\" content=\"576\" \/>\n\t<meta property=\"og:image:type\" content=\"image\/png\" \/>\n<meta name=\"author\" content=\"Laura Fernandes\" \/>\n<meta name=\"twitter:card\" content=\"summary_large_image\" \/>\n<meta name=\"twitter:label1\" content=\"Escrito por\" \/>\n\t<meta name=\"twitter:data1\" content=\"Laura Fernandes\" \/>\n\t<meta name=\"twitter:label2\" content=\"Est. tempo de leitura\" \/>\n\t<meta name=\"twitter:data2\" content=\"14 minutos\" \/>\n<script type=\"application\/ld+json\" class=\"yoast-schema-graph\">{\"@context\":\"https:\\\/\\\/schema.org\",\"@graph\":[{\"@type\":\"Article\",\"@id\":\"https:\\\/\\\/www.grupomedcof.com.br\\\/blog\\\/residencia-em-geriatria-o-que-eu-preciso-saber\\\/#article\",\"isPartOf\":{\"@id\":\"https:\\\/\\\/www.grupomedcof.com.br\\\/blog\\\/residencia-em-geriatria-o-que-eu-preciso-saber\\\/\"},\"author\":{\"name\":\"Laura Fernandes\",\"@id\":\"https:\\\/\\\/www.grupomedcof.com.br\\\/blog\\\/#\\\/schema\\\/person\\\/8ef52fbd7689d8a1d2208bdf4d975d8e\"},\"headline\":\"Resid\u00eancia em Geriatria: dura\u00e7\u00e3o, requisitos e mercado de trabalho\",\"datePublished\":\"2026-02-12T14:00:00+00:00\",\"dateModified\":\"2026-02-20T11:12:25+00:00\",\"mainEntityOfPage\":{\"@id\":\"https:\\\/\\\/www.grupomedcof.com.br\\\/blog\\\/residencia-em-geriatria-o-que-eu-preciso-saber\\\/\"},\"wordCount\":2734,\"commentCount\":0,\"publisher\":{\"@id\":\"https:\\\/\\\/www.grupomedcof.com.br\\\/blog\\\/#organization\"},\"image\":{\"@id\":\"https:\\\/\\\/www.grupomedcof.com.br\\\/blog\\\/residencia-em-geriatria-o-que-eu-preciso-saber\\\/#primaryimage\"},\"thumbnailUrl\":\"https:\\\/\\\/www.grupomedcof.com.br\\\/blog\\\/wp-content\\\/uploads\\\/2024\\\/08\\\/Blog-MedCof-2024-08-20T095555.815.png\",\"keywords\":[\"Avalia\u00e7\u00e3o geri\u00e1trica\",\"Geriatria\",\"Provas de Resid\u00eancia\",\"Resid\u00eancia M\u00e9dica\"],\"articleSection\":[\"Geriatria\"],\"inLanguage\":\"pt-BR\"},{\"@type\":\"WebPage\",\"@id\":\"https:\\\/\\\/www.grupomedcof.com.br\\\/blog\\\/residencia-em-geriatria-o-que-eu-preciso-saber\\\/\",\"url\":\"https:\\\/\\\/www.grupomedcof.com.br\\\/blog\\\/residencia-em-geriatria-o-que-eu-preciso-saber\\\/\",\"name\":\"Resid\u00eancia em Geriatria: pr\u00e9-requisitos, dura\u00e7\u00e3o e rotina\",\"isPartOf\":{\"@id\":\"https:\\\/\\\/www.grupomedcof.com.br\\\/blog\\\/#website\"},\"primaryImageOfPage\":{\"@id\":\"https:\\\/\\\/www.grupomedcof.com.br\\\/blog\\\/residencia-em-geriatria-o-que-eu-preciso-saber\\\/#primaryimage\"},\"image\":{\"@id\":\"https:\\\/\\\/www.grupomedcof.com.br\\\/blog\\\/residencia-em-geriatria-o-que-eu-preciso-saber\\\/#primaryimage\"},\"thumbnailUrl\":\"https:\\\/\\\/www.grupomedcof.com.br\\\/blog\\\/wp-content\\\/uploads\\\/2024\\\/08\\\/Blog-MedCof-2024-08-20T095555.815.png\",\"datePublished\":\"2026-02-12T14:00:00+00:00\",\"dateModified\":\"2026-02-20T11:12:25+00:00\",\"description\":\"Confira o guia completo sobre Resid\u00eancia em Geriatria. Veja o que \u00e9, como funciona, requisitos, dura\u00e7\u00e3o e rotina. Conhe\u00e7a o mercado de trabalho e sal\u00e1rios!\",\"breadcrumb\":{\"@id\":\"https:\\\/\\\/www.grupomedcof.com.br\\\/blog\\\/residencia-em-geriatria-o-que-eu-preciso-saber\\\/#breadcrumb\"},\"inLanguage\":\"pt-BR\",\"potentialAction\":[{\"@type\":\"ReadAction\",\"target\":[\"https:\\\/\\\/www.grupomedcof.com.br\\\/blog\\\/residencia-em-geriatria-o-que-eu-preciso-saber\\\/\"]}]},{\"@type\":\"ImageObject\",\"inLanguage\":\"pt-BR\",\"@id\":\"https:\\\/\\\/www.grupomedcof.com.br\\\/blog\\\/residencia-em-geriatria-o-que-eu-preciso-saber\\\/#primaryimage\",\"url\":\"https:\\\/\\\/www.grupomedcof.com.br\\\/blog\\\/wp-content\\\/uploads\\\/2024\\\/08\\\/Blog-MedCof-2024-08-20T095555.815.png\",\"contentUrl\":\"https:\\\/\\\/www.grupomedcof.com.br\\\/blog\\\/wp-content\\\/uploads\\\/2024\\\/08\\\/Blog-MedCof-2024-08-20T095555.815.png\",\"width\":2560,\"height\":1440},{\"@type\":\"BreadcrumbList\",\"@id\":\"https:\\\/\\\/www.grupomedcof.com.br\\\/blog\\\/residencia-em-geriatria-o-que-eu-preciso-saber\\\/#breadcrumb\",\"itemListElement\":[{\"@type\":\"ListItem\",\"position\":1,\"name\":\"In\u00edcio\",\"item\":\"https:\\\/\\\/www.grupomedcof.com.br\\\/blog\\\/\"},{\"@type\":\"ListItem\",\"position\":2,\"name\":\"Resid\u00eancia em Geriatria: dura\u00e7\u00e3o, requisitos e mercado de trabalho\"}]},{\"@type\":\"WebSite\",\"@id\":\"https:\\\/\\\/www.grupomedcof.com.br\\\/blog\\\/#website\",\"url\":\"https:\\\/\\\/www.grupomedcof.com.br\\\/blog\\\/\",\"name\":\"Blog de Medcof: conte\u00fados, editais, revalida e mais!\",\"description\":\"Acesso o blog de MedCof! Seu portal de conte\u00fados sobre resid\u00eancia m\u00e9dica, an\u00e1lise e editais e muito mais. Clique e confira!\",\"publisher\":{\"@id\":\"https:\\\/\\\/www.grupomedcof.com.br\\\/blog\\\/#organization\"},\"alternateName\":\"Blog de Medcof: conte\u00fados, editais, revalida e mais!\",\"potentialAction\":[{\"@type\":\"SearchAction\",\"target\":{\"@type\":\"EntryPoint\",\"urlTemplate\":\"https:\\\/\\\/www.grupomedcof.com.br\\\/blog\\\/?s={search_term_string}\"},\"query-input\":{\"@type\":\"PropertyValueSpecification\",\"valueRequired\":true,\"valueName\":\"search_term_string\"}}],\"inLanguage\":\"pt-BR\"},{\"@type\":\"Organization\",\"@id\":\"https:\\\/\\\/www.grupomedcof.com.br\\\/blog\\\/#organization\",\"name\":\"Grupo MedCof\",\"url\":\"https:\\\/\\\/www.grupomedcof.com.br\\\/blog\\\/\",\"logo\":{\"@type\":\"ImageObject\",\"inLanguage\":\"pt-BR\",\"@id\":\"https:\\\/\\\/www.grupomedcof.com.br\\\/blog\\\/#\\\/schema\\\/logo\\\/image\\\/\",\"url\":\"https:\\\/\\\/www.grupomedcof.com.br\\\/blog\\\/wp-content\\\/uploads\\\/2022\\\/01\\\/logo-medcof.png\",\"contentUrl\":\"https:\\\/\\\/www.grupomedcof.com.br\\\/blog\\\/wp-content\\\/uploads\\\/2022\\\/01\\\/logo-medcof.png\",\"width\":768,\"height\":269,\"caption\":\"Grupo MedCof\"},\"image\":{\"@id\":\"https:\\\/\\\/www.grupomedcof.com.br\\\/blog\\\/#\\\/schema\\\/logo\\\/image\\\/\"},\"sameAs\":[\"https:\\\/\\\/www.facebook.com\\\/MedCofQbank\\\/\",\"https:\\\/\\\/www.instagram.com\\\/grupomedcof\\\/\",\"https:\\\/\\\/br.linkedin.com\\\/company\\\/medcof\",\"https:\\\/\\\/www.youtube.com\\\/channel\\\/UCdHMuOHKICxcHwecxN8P-AA\"]},{\"@type\":\"Person\",\"@id\":\"https:\\\/\\\/www.grupomedcof.com.br\\\/blog\\\/#\\\/schema\\\/person\\\/8ef52fbd7689d8a1d2208bdf4d975d8e\",\"name\":\"Laura Fernandes\",\"image\":{\"@type\":\"ImageObject\",\"inLanguage\":\"pt-BR\",\"@id\":\"https:\\\/\\\/www.grupomedcof.com.br\\\/blog\\\/wp-content\\\/uploads\\\/2025\\\/09\\\/cropped-equipe-96x96.jpegaa171aa213b4913d9406ab69d274aa2a\",\"url\":\"https:\\\/\\\/www.grupomedcof.com.br\\\/blog\\\/wp-content\\\/uploads\\\/2025\\\/09\\\/cropped-equipe-96x96.jpeg\",\"contentUrl\":\"https:\\\/\\\/www.grupomedcof.com.br\\\/blog\\\/wp-content\\\/uploads\\\/2025\\\/09\\\/cropped-equipe-96x96.jpeg\",\"caption\":\"Laura Fernandes\"},\"description\":\"Jornalista pela UFOP, escrevo sobre sa\u00fade e especializa\u00e7\u00f5es m\u00e9dicas.\",\"url\":\"https:\\\/\\\/www.grupomedcof.com.br\\\/blog\\\/author\\\/laura\\\/\"}]}<\/script>\n<!-- \/ Yoast SEO Premium plugin. -->","yoast_head_json":{"title":"Resid\u00eancia em Geriatria: pr\u00e9-requisitos, dura\u00e7\u00e3o e rotina","description":"Confira o guia completo sobre Resid\u00eancia em Geriatria. Veja o que \u00e9, como funciona, requisitos, dura\u00e7\u00e3o e rotina. Conhe\u00e7a o mercado de trabalho e sal\u00e1rios!","robots":{"index":"index","follow":"follow","max-snippet":"max-snippet:-1","max-image-preview":"max-image-preview:large","max-video-preview":"max-video-preview:-1"},"canonical":"https:\/\/www.grupomedcof.com.br\/blog\/residencia-em-geriatria-o-que-eu-preciso-saber\/","og_locale":"pt_BR","og_type":"article","og_title":"Resid\u00eancia em Geriatria: dura\u00e7\u00e3o, requisitos e mercado de trabalho","og_description":"Confira o guia completo sobre Resid\u00eancia em Geriatria. Veja o que \u00e9, como funciona, requisitos, dura\u00e7\u00e3o e rotina. Conhe\u00e7a o mercado de trabalho e sal\u00e1rios!","og_url":"https:\/\/www.grupomedcof.com.br\/blog\/residencia-em-geriatria-o-que-eu-preciso-saber\/","og_site_name":"Blog de Medcof: conte\u00fados, editais, revalida e mais!","article_publisher":"https:\/\/www.facebook.com\/MedCofQbank\/","article_published_time":"2026-02-12T14:00:00+00:00","article_modified_time":"2026-02-20T11:12:25+00:00","og_image":[{"width":1024,"height":576,"url":"https:\/\/www.grupomedcof.com.br\/blog\/wp-content\/uploads\/2024\/08\/Blog-MedCof-2024-08-20T095555.815-1024x576.png","type":"image\/png"}],"author":"Laura Fernandes","twitter_card":"summary_large_image","twitter_misc":{"Escrito por":"Laura Fernandes","Est. tempo de leitura":"14 minutos"},"schema":{"@context":"https:\/\/schema.org","@graph":[{"@type":"Article","@id":"https:\/\/www.grupomedcof.com.br\/blog\/residencia-em-geriatria-o-que-eu-preciso-saber\/#article","isPartOf":{"@id":"https:\/\/www.grupomedcof.com.br\/blog\/residencia-em-geriatria-o-que-eu-preciso-saber\/"},"author":{"name":"Laura Fernandes","@id":"https:\/\/www.grupomedcof.com.br\/blog\/#\/schema\/person\/8ef52fbd7689d8a1d2208bdf4d975d8e"},"headline":"Resid\u00eancia em Geriatria: dura\u00e7\u00e3o, requisitos e mercado de trabalho","datePublished":"2026-02-12T14:00:00+00:00","dateModified":"2026-02-20T11:12:25+00:00","mainEntityOfPage":{"@id":"https:\/\/www.grupomedcof.com.br\/blog\/residencia-em-geriatria-o-que-eu-preciso-saber\/"},"wordCount":2734,"commentCount":0,"publisher":{"@id":"https:\/\/www.grupomedcof.com.br\/blog\/#organization"},"image":{"@id":"https:\/\/www.grupomedcof.com.br\/blog\/residencia-em-geriatria-o-que-eu-preciso-saber\/#primaryimage"},"thumbnailUrl":"https:\/\/www.grupomedcof.com.br\/blog\/wp-content\/uploads\/2024\/08\/Blog-MedCof-2024-08-20T095555.815.png","keywords":["Avalia\u00e7\u00e3o geri\u00e1trica","Geriatria","Provas de Resid\u00eancia","Resid\u00eancia M\u00e9dica"],"articleSection":["Geriatria"],"inLanguage":"pt-BR"},{"@type":"WebPage","@id":"https:\/\/www.grupomedcof.com.br\/blog\/residencia-em-geriatria-o-que-eu-preciso-saber\/","url":"https:\/\/www.grupomedcof.com.br\/blog\/residencia-em-geriatria-o-que-eu-preciso-saber\/","name":"Resid\u00eancia em Geriatria: pr\u00e9-requisitos, dura\u00e7\u00e3o e rotina","isPartOf":{"@id":"https:\/\/www.grupomedcof.com.br\/blog\/#website"},"primaryImageOfPage":{"@id":"https:\/\/www.grupomedcof.com.br\/blog\/residencia-em-geriatria-o-que-eu-preciso-saber\/#primaryimage"},"image":{"@id":"https:\/\/www.grupomedcof.com.br\/blog\/residencia-em-geriatria-o-que-eu-preciso-saber\/#primaryimage"},"thumbnailUrl":"https:\/\/www.grupomedcof.com.br\/blog\/wp-content\/uploads\/2024\/08\/Blog-MedCof-2024-08-20T095555.815.png","datePublished":"2026-02-12T14:00:00+00:00","dateModified":"2026-02-20T11:12:25+00:00","description":"Confira o guia completo sobre Resid\u00eancia em Geriatria. Veja o que \u00e9, como funciona, requisitos, dura\u00e7\u00e3o e rotina. Conhe\u00e7a o mercado de trabalho e sal\u00e1rios!","breadcrumb":{"@id":"https:\/\/www.grupomedcof.com.br\/blog\/residencia-em-geriatria-o-que-eu-preciso-saber\/#breadcrumb"},"inLanguage":"pt-BR","potentialAction":[{"@type":"ReadAction","target":["https:\/\/www.grupomedcof.com.br\/blog\/residencia-em-geriatria-o-que-eu-preciso-saber\/"]}]},{"@type":"ImageObject","inLanguage":"pt-BR","@id":"https:\/\/www.grupomedcof.com.br\/blog\/residencia-em-geriatria-o-que-eu-preciso-saber\/#primaryimage","url":"https:\/\/www.grupomedcof.com.br\/blog\/wp-content\/uploads\/2024\/08\/Blog-MedCof-2024-08-20T095555.815.png","contentUrl":"https:\/\/www.grupomedcof.com.br\/blog\/wp-content\/uploads\/2024\/08\/Blog-MedCof-2024-08-20T095555.815.png","width":2560,"height":1440},{"@type":"BreadcrumbList","@id":"https:\/\/www.grupomedcof.com.br\/blog\/residencia-em-geriatria-o-que-eu-preciso-saber\/#breadcrumb","itemListElement":[{"@type":"ListItem","position":1,"name":"In\u00edcio","item":"https:\/\/www.grupomedcof.com.br\/blog\/"},{"@type":"ListItem","position":2,"name":"Resid\u00eancia em Geriatria: dura\u00e7\u00e3o, requisitos e mercado de trabalho"}]},{"@type":"WebSite","@id":"https:\/\/www.grupomedcof.com.br\/blog\/#website","url":"https:\/\/www.grupomedcof.com.br\/blog\/","name":"Blog de Medcof: conte\u00fados, editais, revalida e mais!","description":"Acesso o blog de MedCof! Seu portal de conte\u00fados sobre resid\u00eancia m\u00e9dica, an\u00e1lise e editais e muito mais. Clique e confira!","publisher":{"@id":"https:\/\/www.grupomedcof.com.br\/blog\/#organization"},"alternateName":"Blog de Medcof: conte\u00fados, editais, revalida e mais!","potentialAction":[{"@type":"SearchAction","target":{"@type":"EntryPoint","urlTemplate":"https:\/\/www.grupomedcof.com.br\/blog\/?s={search_term_string}"},"query-input":{"@type":"PropertyValueSpecification","valueRequired":true,"valueName":"search_term_string"}}],"inLanguage":"pt-BR"},{"@type":"Organization","@id":"https:\/\/www.grupomedcof.com.br\/blog\/#organization","name":"Grupo MedCof","url":"https:\/\/www.grupomedcof.com.br\/blog\/","logo":{"@type":"ImageObject","inLanguage":"pt-BR","@id":"https:\/\/www.grupomedcof.com.br\/blog\/#\/schema\/logo\/image\/","url":"https:\/\/www.grupomedcof.com.br\/blog\/wp-content\/uploads\/2022\/01\/logo-medcof.png","contentUrl":"https:\/\/www.grupomedcof.com.br\/blog\/wp-content\/uploads\/2022\/01\/logo-medcof.png","width":768,"height":269,"caption":"Grupo MedCof"},"image":{"@id":"https:\/\/www.grupomedcof.com.br\/blog\/#\/schema\/logo\/image\/"},"sameAs":["https:\/\/www.facebook.com\/MedCofQbank\/","https:\/\/www.instagram.com\/grupomedcof\/","https:\/\/br.linkedin.com\/company\/medcof","https:\/\/www.youtube.com\/channel\/UCdHMuOHKICxcHwecxN8P-AA"]},{"@type":"Person","@id":"https:\/\/www.grupomedcof.com.br\/blog\/#\/schema\/person\/8ef52fbd7689d8a1d2208bdf4d975d8e","name":"Laura Fernandes","image":{"@type":"ImageObject","inLanguage":"pt-BR","@id":"https:\/\/www.grupomedcof.com.br\/blog\/wp-content\/uploads\/2025\/09\/cropped-equipe-96x96.jpegaa171aa213b4913d9406ab69d274aa2a","url":"https:\/\/www.grupomedcof.com.br\/blog\/wp-content\/uploads\/2025\/09\/cropped-equipe-96x96.jpeg","contentUrl":"https:\/\/www.grupomedcof.com.br\/blog\/wp-content\/uploads\/2025\/09\/cropped-equipe-96x96.jpeg","caption":"Laura Fernandes"},"description":"Jornalista pela UFOP, escrevo sobre sa\u00fade e especializa\u00e7\u00f5es m\u00e9dicas.","url":"https:\/\/www.grupomedcof.com.br\/blog\/author\/laura\/"}]}},"authors":[{"term_id":3619,"user_id":35,"is_guest":0,"slug":"laura","display_name":"Laura Fernandes","avatar_url":"https:\/\/www.grupomedcof.com.br\/blog\/wp-content\/uploads\/2025\/09\/cropped-equipe-96x96.jpeg","0":null,"1":"","2":"","3":"","4":"","5":"","6":"","7":"","8":""}],"_links":{"self":[{"href":"https:\/\/www.grupomedcof.com.br\/blog\/wp-json\/wp\/v2\/posts\/28966","targetHints":{"allow":["GET"]}}],"collection":[{"href":"https:\/\/www.grupomedcof.com.br\/blog\/wp-json\/wp\/v2\/posts"}],"about":[{"href":"https:\/\/www.grupomedcof.com.br\/blog\/wp-json\/wp\/v2\/types\/post"}],"author":[{"embeddable":true,"href":"https:\/\/www.grupomedcof.com.br\/blog\/wp-json\/wp\/v2\/users\/35"}],"replies":[{"embeddable":true,"href":"https:\/\/www.grupomedcof.com.br\/blog\/wp-json\/wp\/v2\/comments?post=28966"}],"version-history":[{"count":1,"href":"https:\/\/www.grupomedcof.com.br\/blog\/wp-json\/wp\/v2\/posts\/28966\/revisions"}],"predecessor-version":[{"id":41741,"href":"https:\/\/www.grupomedcof.com.br\/blog\/wp-json\/wp\/v2\/posts\/28966\/revisions\/41741"}],"wp:featuredmedia":[{"embeddable":true,"href":"https:\/\/www.grupomedcof.com.br\/blog\/wp-json\/wp\/v2\/media\/28967"}],"wp:attachment":[{"href":"https:\/\/www.grupomedcof.com.br\/blog\/wp-json\/wp\/v2\/media?parent=28966"}],"wp:term":[{"taxonomy":"category","embeddable":true,"href":"https:\/\/www.grupomedcof.com.br\/blog\/wp-json\/wp\/v2\/categories?post=28966"},{"taxonomy":"post_tag","embeddable":true,"href":"https:\/\/www.grupomedcof.com.br\/blog\/wp-json\/wp\/v2\/tags?post=28966"},{"taxonomy":"author","embeddable":true,"href":"https:\/\/www.grupomedcof.com.br\/blog\/wp-json\/wp\/v2\/ppma_author?post=28966"}],"curies":[{"name":"wp","href":"https:\/\/api.w.org\/{rel}","templated":true}]}}