{"id":28985,"date":"2024-08-22T15:57:01","date_gmt":"2024-08-22T18:57:01","guid":{"rendered":"https:\/\/www.grupomedcof.com.br\/blog\/?p=28985"},"modified":"2024-08-23T10:47:19","modified_gmt":"2024-08-23T13:47:19","slug":"climaterio-na-residencia-medica","status":"publish","type":"post","link":"https:\/\/www.grupomedcof.com.br\/blog\/climaterio-na-residencia-medica\/","title":{"rendered":"Climat\u00e9rio: Entenda o conceito e pratique com quest\u00f5es"},"content":{"rendered":"<div id=\"ez-toc-container\" class=\"ez-toc-v2_0_74 counter-hierarchy ez-toc-counter ez-toc-transparent ez-toc-container-direction\">\n<div class=\"ez-toc-title-container\">\n<p class=\"ez-toc-title\" style=\"cursor:inherit\">Sum\u00e1rio<\/p>\n<span class=\"ez-toc-title-toggle\"><a href=\"#\" class=\"ez-toc-pull-right ez-toc-btn ez-toc-btn-xs ez-toc-btn-default ez-toc-toggle\" aria-label=\"Alternar tabela de conte\u00fado\"><span class=\"ez-toc-js-icon-con\"><span class=\"\"><span class=\"eztoc-hide\" style=\"display:none;\">Toggle<\/span><span class=\"ez-toc-icon-toggle-span\"><svg style=\"fill: #999;color:#999\" xmlns=\"http:\/\/www.w3.org\/2000\/svg\" class=\"list-377408\" width=\"20px\" height=\"20px\" viewBox=\"0 0 24 24\" fill=\"none\"><path d=\"M6 6H4v2h2V6zm14 0H8v2h12V6zM4 11h2v2H4v-2zm16 0H8v2h12v-2zM4 16h2v2H4v-2zm16 0H8v2h12v-2z\" fill=\"currentColor\"><\/path><\/svg><svg style=\"fill: #999;color:#999\" class=\"arrow-unsorted-368013\" xmlns=\"http:\/\/www.w3.org\/2000\/svg\" width=\"10px\" height=\"10px\" viewBox=\"0 0 24 24\" version=\"1.2\" baseProfile=\"tiny\"><path d=\"M18.2 9.3l-6.2-6.3-6.2 6.3c-.2.2-.3.4-.3.7s.1.5.3.7c.2.2.4.3.7.3h11c.3 0 .5-.1.7-.3.2-.2.3-.5.3-.7s-.1-.5-.3-.7zM5.8 14.7l6.2 6.3 6.2-6.3c.2-.2.3-.5.3-.7s-.1-.5-.3-.7c-.2-.2-.4-.3-.7-.3h-11c-.3 0-.5.1-.7.3-.2.2-.3.5-.3.7s.1.5.3.7z\"\/><\/svg><\/span><\/span><\/span><\/a><\/span><\/div>\n<nav><ul class='ez-toc-list ez-toc-list-level-1 ' ><li class='ez-toc-page-1 ez-toc-heading-level-2'><a class=\"ez-toc-link ez-toc-heading-1\" href=\"https:\/\/www.grupomedcof.com.br\/blog\/climaterio-na-residencia-medica\/#Antes_de_tudo_o_que_e_o_climaterio\" >Antes de tudo, o que \u00e9 o climat\u00e9rio?<\/a><ul class='ez-toc-list-level-3' ><li class='ez-toc-heading-level-3'><a class=\"ez-toc-link ez-toc-heading-2\" href=\"https:\/\/www.grupomedcof.com.br\/blog\/climaterio-na-residencia-medica\/#Perimenopausa\" >Perimenopausa<\/a><\/li><li class='ez-toc-page-1 ez-toc-heading-level-3'><a class=\"ez-toc-link ez-toc-heading-3\" href=\"https:\/\/www.grupomedcof.com.br\/blog\/climaterio-na-residencia-medica\/#Menopausa\" >Menopausa<\/a><\/li><li class='ez-toc-page-1 ez-toc-heading-level-3'><a class=\"ez-toc-link ez-toc-heading-4\" href=\"https:\/\/www.grupomedcof.com.br\/blog\/climaterio-na-residencia-medica\/#Pos-menopausa\" >P\u00f3s-menopausa<\/a><\/li><\/ul><\/li><li class='ez-toc-page-1 ez-toc-heading-level-2'><a class=\"ez-toc-link ez-toc-heading-5\" href=\"https:\/\/www.grupomedcof.com.br\/blog\/climaterio-na-residencia-medica\/#Mas_e_as_questoes\" >Mas e as quest\u00f5es?<\/a><\/li><li class='ez-toc-page-1 ez-toc-heading-level-2'><a class=\"ez-toc-link ez-toc-heading-6\" href=\"https:\/\/www.grupomedcof.com.br\/blog\/climaterio-na-residencia-medica\/#O_metodo_que_te_aprova\" >O m\u00e9todo que te aprova!<\/a><\/li><\/ul><\/nav><\/div>\n\n<figure class=\"wp-block-image size-large\"><img loading=\"lazy\" decoding=\"async\" width=\"1024\" height=\"576\" src=\"https:\/\/www.grupomedcof.com.br\/blog\/wp-content\/uploads\/2024\/08\/Blog-MedCof-2024-08-20T145914.513-1024x576.png\" alt=\"\" class=\"wp-image-28989\" srcset=\"https:\/\/www.grupomedcof.com.br\/blog\/wp-content\/uploads\/2024\/08\/Blog-MedCof-2024-08-20T145914.513-1024x576.png 1024w, https:\/\/www.grupomedcof.com.br\/blog\/wp-content\/uploads\/2024\/08\/Blog-MedCof-2024-08-20T145914.513-300x169.png 300w, https:\/\/www.grupomedcof.com.br\/blog\/wp-content\/uploads\/2024\/08\/Blog-MedCof-2024-08-20T145914.513-768x432.png 768w, https:\/\/www.grupomedcof.com.br\/blog\/wp-content\/uploads\/2024\/08\/Blog-MedCof-2024-08-20T145914.513-1536x864.png 1536w, https:\/\/www.grupomedcof.com.br\/blog\/wp-content\/uploads\/2024\/08\/Blog-MedCof-2024-08-20T145914.513-2048x1152.png 2048w, https:\/\/www.grupomedcof.com.br\/blog\/wp-content\/uploads\/2024\/08\/Blog-MedCof-2024-08-20T145914.513-747x420.png 747w, https:\/\/www.grupomedcof.com.br\/blog\/wp-content\/uploads\/2024\/08\/Blog-MedCof-2024-08-20T145914.513-150x84.png 150w, https:\/\/www.grupomedcof.com.br\/blog\/wp-content\/uploads\/2024\/08\/Blog-MedCof-2024-08-20T145914.513-696x392.png 696w, https:\/\/www.grupomedcof.com.br\/blog\/wp-content\/uploads\/2024\/08\/Blog-MedCof-2024-08-20T145914.513-1068x601.png 1068w, https:\/\/www.grupomedcof.com.br\/blog\/wp-content\/uploads\/2024\/08\/Blog-MedCof-2024-08-20T145914.513-1920x1080.png 1920w\" sizes=\"auto, (max-width: 1024px) 100vw, 1024px\" \/><\/figure>\n\n\n\n<h2 class=\"wp-block-heading\" id=\"h-antes-de-tudo-o-que-e-o-climaterio\"><span class=\"ez-toc-section\" id=\"Antes_de_tudo_o_que_e_o_climaterio\"><\/span><strong>Antes de tudo, o que \u00e9 o climat\u00e9rio?<\/strong><span class=\"ez-toc-section-end\"><\/span><\/h2>\n\n\n\n<p>O climat\u00e9rio feminino \u00e9 uma fase natural da vida da mulher que marca a transi\u00e7\u00e3o do per\u00edodo reprodutivo para o n\u00e3o reprodutivo. Este per\u00edodo \u00e9 caracterizado por uma s\u00e9rie de mudan\u00e7as fisiol\u00f3gicas e hormonais que ocorrem devido \u00e0 diminui\u00e7\u00e3o gradual da fun\u00e7\u00e3o ovariana e, consequentemente, da produ\u00e7\u00e3o de horm\u00f4nios sexuais, como o estrog\u00eanio e a progesterona. O climat\u00e9rio abrange tr\u00eas fases principais:<\/p>\n\n\n\n<h3 class=\"wp-block-heading\" id=\"h-perimenopausa\"><span class=\"ez-toc-section\" id=\"Perimenopausa\"><\/span><strong>Perimenopausa<\/strong><span class=\"ez-toc-section-end\"><\/span><\/h3>\n\n\n\n<p>Tamb\u00e9m conhecida como transi\u00e7\u00e3o menopausal, esta fase pode come\u00e7ar v\u00e1rios anos antes da menopausa propriamente dita. Durante a perimenopausa, os ciclos menstruais podem tornar-se irregulares, e a mulher pode come\u00e7ar a experimentar sintomas como ondas de calor, suores noturnos, altera\u00e7\u00f5es de humor e secura vaginal.<\/p>\n\n\n\n<h3 class=\"wp-block-heading\" id=\"h-menopausa\"><span class=\"ez-toc-section\" id=\"Menopausa\"><\/span><strong>Menopausa<\/strong><span class=\"ez-toc-section-end\"><\/span><\/h3>\n\n\n\n<p>\u00c9 definida como a cessa\u00e7\u00e3o definitiva da menstrua\u00e7\u00e3o, diagnosticada ap\u00f3s 12 meses consecutivos sem um per\u00edodo menstrual. A idade m\u00e9dia da menopausa \u00e9 em torno dos 50 anos, mas pode variar entre os 45 e 55 anos.<\/p>\n\n\n\n<h3 class=\"wp-block-heading\" id=\"h-pos-menopausa\"><span class=\"ez-toc-section\" id=\"Pos-menopausa\"><\/span><strong>P\u00f3s-menopausa<\/strong><span class=\"ez-toc-section-end\"><\/span><\/h3>\n\n\n\n<p>Esta fase come\u00e7a ap\u00f3s a menopausa e continua pelo resto da vida da mulher. Durante a p\u00f3s-menopausa, os sintomas da perimenopausa podem persistir por algum tempo, mas tendem a diminuir gradualmente. No entanto, a diminui\u00e7\u00e3o dos n\u00edveis hormonais pode aumentar o risco de certas condi\u00e7\u00f5es de sa\u00fade, como osteoporose e doen\u00e7as cardiovasculares.<\/p>\n\n\n\n<p>O climat\u00e9rio \u00e9 uma fase individual e pode variar significativamente de uma mulher para outra, tanto em termos de dura\u00e7\u00e3o quanto de intensidade dos sintomas. O manejo adequado dos sintomas e das mudan\u00e7as associadas ao climat\u00e9rio \u00e9 fundamental para manter a qualidade de vida e a sa\u00fade geral da mulher durante essa transi\u00e7\u00e3o.<\/p>\n\n\n\n<figure class=\"wp-block-image size-large\"><a href=\"https:\/\/www.grupomedcof.com.br\/cofletters\/\"><img loading=\"lazy\" decoding=\"async\" width=\"1024\" height=\"366\" src=\"https:\/\/www.grupomedcof.com.br\/blog\/wp-content\/uploads\/2024\/08\/Capa-Eventos-MedCof-Plus-14-3-1024x366.png\" alt=\"\" class=\"wp-image-28960\" srcset=\"https:\/\/www.grupomedcof.com.br\/blog\/wp-content\/uploads\/2024\/08\/Capa-Eventos-MedCof-Plus-14-3-1024x366.png 1024w, https:\/\/www.grupomedcof.com.br\/blog\/wp-content\/uploads\/2024\/08\/Capa-Eventos-MedCof-Plus-14-3-300x107.png 300w, https:\/\/www.grupomedcof.com.br\/blog\/wp-content\/uploads\/2024\/08\/Capa-Eventos-MedCof-Plus-14-3-768x275.png 768w, https:\/\/www.grupomedcof.com.br\/blog\/wp-content\/uploads\/2024\/08\/Capa-Eventos-MedCof-Plus-14-3-1536x549.png 1536w, https:\/\/www.grupomedcof.com.br\/blog\/wp-content\/uploads\/2024\/08\/Capa-Eventos-MedCof-Plus-14-3-2048x732.png 2048w, https:\/\/www.grupomedcof.com.br\/blog\/wp-content\/uploads\/2024\/08\/Capa-Eventos-MedCof-Plus-14-3-1174x420.png 1174w, https:\/\/www.grupomedcof.com.br\/blog\/wp-content\/uploads\/2024\/08\/Capa-Eventos-MedCof-Plus-14-3-150x54.png 150w, https:\/\/www.grupomedcof.com.br\/blog\/wp-content\/uploads\/2024\/08\/Capa-Eventos-MedCof-Plus-14-3-696x249.png 696w, https:\/\/www.grupomedcof.com.br\/blog\/wp-content\/uploads\/2024\/08\/Capa-Eventos-MedCof-Plus-14-3-1068x382.png 1068w, https:\/\/www.grupomedcof.com.br\/blog\/wp-content\/uploads\/2024\/08\/Capa-Eventos-MedCof-Plus-14-3-1920x687.png 1920w\" sizes=\"auto, (max-width: 1024px) 100vw, 1024px\" \/><\/a><\/figure>\n\n\n\n<h2 class=\"wp-block-heading\" id=\"h-mas-e-as-questoes\"><span class=\"ez-toc-section\" id=\"Mas_e_as_questoes\"><\/span><strong>Mas e as quest\u00f5es?<\/strong><span class=\"ez-toc-section-end\"><\/span><\/h2>\n\n\n\n<p>Vamos, ent\u00e3o, analisar algumas quest\u00f5es sobre esse tema que ca\u00edram nas \u00faltimas provas sobre esse tema! Todas as quest\u00f5es foram retiradas da nossa plataforma QBank, o mais completo banco de quest\u00f5es para prepara\u00e7\u00e3o para o vestibular!<\/p>\n\n\n\n<p><strong>MG &#8211; Processo Seletivo Unificado &#8211; PSU MG 2024<\/strong><\/p>\n\n\n\n<p>a) Na vida da mulher, a transi\u00e7\u00e3o entre o est\u00e1gio reprodutivo e o n\u00e3o reprodutivo \u00e9 denominada climat\u00e9rio. Nessa fase, as mulheres apresentam in\u00fameras necessidades de preven\u00e7\u00e3o de doen\u00e7as e de promo\u00e7\u00e3o de sa\u00fade, e os m\u00e9dicos devem estar atentos a uma s\u00e9rie de condutas direcionadas \u00e0 otimiza\u00e7\u00e3o da qualidade de vida. Das recomenda\u00e7\u00f5es abaixo, qual <strong>N\u00c3O <\/strong>\u00e9 indicada para o climat\u00e9rio?<\/p>\n\n\n\n<p>b)A solicita\u00e7\u00e3o de ultrassonografia p\u00e9lvica e transvaginal para mulheres (de risco habitual) mesmo sem sinais ou sintomas sugestivos de doen\u00e7a demonstra boa rela\u00e7\u00e3o custo-benef\u00edcio.<\/p>\n\n\n\n<p>c) Para mulheres com risco habitual e idade superior a 50 anos, recomenda-se o rastreamento do c\u00e2ncer colorretal.<\/p>\n\n\n\n<p>d) Recomenda-se a realiza\u00e7\u00e3o de densitometria \u00f3ssea para o rastreamento de osteoporose em todas as mulheres com 65 anos ou mais. A densitometria tamb\u00e9m \u00e9 indicada para mulheres no climat\u00e9rio com idade inferior a 65 anos que apresentem ao menos um fator de risco para osteoporose.<\/p>\n\n\n\n<p>e) As infec\u00e7\u00f5es sexualmente transmiss\u00edveis (ISTs) no climat\u00e9rio e p\u00f3s-menopausa n\u00e3o podem ser subestimadas. O aconselhamento comportamental e o tratamento da s\u00edndrome geniturin\u00e1ria da menopausa s\u00e3o importantes ferramentas para diminuir o risco de ISTs.<\/p>\n\n\n\n<p>Vamos \u00e0s alternativas:<\/p>\n\n\n\n<p><strong>A &#8211; CORRETA <\/strong>&#8211; Essa \u00e9 a afirmativa incorreta. N\u00e3o h\u00e1 indica\u00e7\u00e3o de solicita\u00e7\u00e3o de ultrassonografia p\u00e9lvica e transvaginal de rotina em mulheres no climat\u00e9rio. Devemos lembrar da preven\u00e7\u00e3o quatern\u00e1ria: Conjunto de a\u00e7\u00f5es que visam evitar danos associada \u00e0s interven\u00e7\u00f5es m\u00e9dicas e de outros profissionais da sa\u00fade como excesso de interven\u00e7\u00f5es desnecess\u00e1rias.<\/p>\n\n\n\n<p><strong>B &#8211; INCORRETA &#8211;<\/strong> O rastreio de c\u00e2ncer colorretal est\u00e1 indicado na idade superior a 50 anos em mulheres com risco habitual.<\/p>\n\n\n\n<p><strong>C &#8211; INCORRETA <\/strong>&#8211; A densitometria \u00f3ssea \u00e9 o principal exame para diagnosticar a osteoporose. Ele analisa a densidade dos ossos na coluna lombar, colo do f\u00eamur e antebra\u00e7o conforme os crit\u00e9rios da OMS. Geralmente, \u00e9 recomendado para mulheres acima de 65 anos ou para aquelas com um fator de risco maior ou dois menores para osteoporose. Nessas situa\u00e7\u00f5es, o primeiro exame \u00e9 indicado aos 60 anos.<\/p>\n\n\n\n<p><strong>D &#8211; INCORRETA<\/strong> &#8211; Tradicionalmente, a ideia de que ap\u00f3s a menopausa as mulheres estariam menos suscet\u00edveis a ISTs pode ser difundida. No entanto, esse per\u00edodo da vida n\u00e3o \u00e9 imune a essas infec\u00e7\u00f5es. Durante o climat\u00e9rio e ap\u00f3s a menopausa, as mudan\u00e7as hormonais e f\u00edsicas podem aumentar a vulnerabilidade a certas ISTs. O tecido vaginal se torna mais fino e menos el\u00e1stico, o que pode aumentar o risco de les\u00f5es microsc\u00f3picas e tornar a \u00e1rea mais suscet\u00edvel a infec\u00e7\u00f5es. O aconselhamento comportamental e o tratamento da s\u00edndrome geniturin\u00e1ria da menopausa s\u00e3o mencionados como importantes ferramentas para diminuir o risco de ISTs. Isso porque o aconselhamento comportamental pode orientar sobre pr\u00e1ticas sexuais mais seguras, enquanto o tratamento da s\u00edndrome geniturin\u00e1ria (sintomas como secura vaginal, irrita\u00e7\u00e3o, infec\u00e7\u00f5es urin\u00e1rias frequentes) pode ajudar a manter a sa\u00fade genital e reduzir o risco de certas infec\u00e7\u00f5es.<\/p>\n\n\n\n<p><strong>MG &#8211; Santa Casa de Miseric\u00f3rdia de Belo Horizonte 2021<\/strong><\/p>\n\n\n\n<p>O climat\u00e9rio representa a transi\u00e7\u00e3o do per\u00edodo reprodutivo para o n\u00e3o reprodutivo. A transi\u00e7\u00e3o menop\u00e1usica \u00e9 o per\u00edodo com a progress\u00e3o end\u00f3crina que antecede o fim da menstrua\u00e7\u00e3o. Sobre as altera\u00e7\u00f5es desse per\u00edodo, assinale com<strong> V<\/strong> as afirmativas verdadeiras e com<strong> F<\/strong> as falsas:<\/p>\n\n\n\n<p><strong>&nbsp;( ) <\/strong>O primeiro evento desse per\u00edodo \u00e9 e redu\u00e7\u00e3o gradual do estrog\u00eanio iniciada de dois a tr\u00eas anos antes da \u00faltima menstrua\u00e7\u00e3o.<\/p>\n\n\n\n<p><strong>&nbsp;( )<\/strong> Os horm\u00f4nios de crescimento (GH), o estimulante da tireoide (TSH) e o adrenocorticotr\u00f3fico (ACTH) s\u00e3o encontrados em n\u00edveis normais.<\/p>\n\n\n\n<p><strong>&nbsp;( )<\/strong> H\u00e1 um aumento do horm\u00f4nio fol\u00edculo-estimulante (FSH) associado \u00e0 diminui\u00e7\u00e3o da inibina B.<\/p>\n\n\n\n<p><strong>&nbsp;( )<\/strong> Os diferenciais de regula\u00e7\u00e3o t\u00e9rmica est\u00e3o relacionados com receptores de serotonina 5-HT2.<\/p>\n\n\n\n<p><strong>&nbsp;&nbsp;&nbsp;Assinale a sequ\u00eancia correta.<\/strong><\/p>\n\n\n\n<p>Coment\u00e1rio da quest\u00e3o:<\/p>\n\n\n\n<p>O per\u00edodo do climat\u00e9rio tem se tornado um tema frequente de provas. O autor, aqui, estava a fim de nos apertar com demanda sobre fisiopatologia dessa fase da vida. Vem comigo revisar esse tema importante.<\/p>\n\n\n\n<p>\u27a4Climat\u00e9rio<\/p>\n\n\n\n<p>O climat\u00e9rio pode ser entendido como uma fase da vida da mulher na qual ocorrem principalmente mudan\u00e7as hormonais com consequ\u00eancias f\u00edsicas, psicol\u00f3gicas e sociais. Os principais sintomas est\u00e3o relacionados ao estado de hipoestrogenismo os quais podem ser sentidos e que alteram a qualidade de vida dessas mulheres: sintomas vasomotores, secura vaginal, altera\u00e7\u00f5es metab\u00f3licas e estruturais, tais como osteoporose, pele mais fina, lipossubstitui\u00e7\u00e3o da mama, altera\u00e7\u00f5es cardiovasculares e atrofia geniturin\u00e1ria.&nbsp;<\/p>\n\n\n\n<p>Caracteristicamente, esse per\u00edodo se inicia com irregularidade no ciclo menstrual (ciclos anovulat\u00f3rios) e se estende at\u00e9 um ano ap\u00f3s a cessa\u00e7\u00e3o permanente da menstrua\u00e7\u00e3o (menopausa). Portanto, a transi\u00e7\u00e3o menopausal tem diagn\u00f3stico cl\u00ednico e n\u00e3o h\u00e1 obrigatoriedade da solicita\u00e7\u00e3o de exames para este fim.<\/p>\n\n\n\n<ul class=\"wp-block-list\">\n<li>Fisiopatologia<\/li>\n<\/ul>\n\n\n\n<p>Quanto \u00e0 fisiopatologia do climat\u00e9rio, entende-se que a eleva\u00e7\u00e3o dos n\u00edveis de FSH ocorre por baixa reserva ovariana e isso precede \u00e0s manifesta\u00e7\u00f5es cl\u00ednicas das pacientes, pois estimula a produ\u00e7\u00e3o de estrog\u00eanios (fol\u00edculos remanescentes) e a inibina B, que faria feedback negativo, n\u00e3o est\u00e1 sendo produzida normalmente. Al\u00e9m disso, s\u00e3o comuns hemorragias uterinas na perimenopausa pelo excesso de est\u00edmulo do estrog\u00eanio sem antagonismo da progesterona (ciclos anovulat\u00f3rios).<\/p>\n\n\n\n<p>As altera\u00e7\u00f5es no metabolismo \u00f3sseo tamb\u00e9m est\u00e3o relacionadas ao estado hipoestrog\u00eanico dessa fase, uma vez que esse horm\u00f4nio age modulando a\u00e7\u00e3o dos osteoclastos e osteoblastos, dando maior \u00eanfase a esses \u00faltimos, ou seja, priorizam a forma\u00e7\u00e3o \u00f3ssea em detrimento da reabsor\u00e7\u00e3o. Isso justifica o maior risco de desenvolvimento de osteoporose ap\u00f3s a menopausa.<\/p>\n\n\n\n<p>As altera\u00e7\u00f5es hormonais esperadas e que podem ser avaliadas no climat\u00e9rio em compara\u00e7\u00e3o com as mulheres do menacme s\u00e3o: eleva\u00e7\u00e3o dos n\u00edveis de FSH e LH; redu\u00e7\u00e3o do estradiol (mesmo com maior est\u00edmulo do FSH), da inibina, da progesterona, da testosterona e do horm\u00f4nio anti-mulleriano. Destes, o mais \u00fatil para tal avalia\u00e7\u00e3o \u00e9 o FSH, entretanto, uma vez que o diagn\u00f3stico \u00e9 cl\u00ednico, n\u00e3o h\u00e1 necessidade de realiza\u00e7\u00e3o desta dosagem para todas as pacientes a fim de confirmar o climat\u00e9rio. Por isso, a resposta para nossa quest\u00e3o seria<strong> FVVV.<\/strong><\/p>\n\n\n\n<p><strong>PA- Universidade do Estado do Par\u00e1 &#8211; UEPA 2021<\/strong><\/p>\n\n\n\n<p>&nbsp;&nbsp;&nbsp;&nbsp;&nbsp;&nbsp;&nbsp;&nbsp;&nbsp;&nbsp;&nbsp;&nbsp;&nbsp;03. A terapia hormonal (TH) no climat\u00e9rio \u00e9 importante recurso para melhorar a qualidade de vida em pacientes com sintomas na perimenopausa. Neste contexto, \u00e9 <strong>correto<\/strong> afirmar que:<\/p>\n\n\n\n<p>a) a TH est\u00e1 indicada em pacientes assintom\u00e1ticas com osteopenia para preven\u00e7\u00e3o de osteoporose.<\/p>\n\n\n\n<p>b) a TH deve ser a primeira escolha em pacientes que se queixam de fogachos e que n\u00e3o possuam contra-indica\u00e7\u00e3o ao uso da terapia.<\/p>\n\n\n\n<p>c) sempre que poss\u00edvel deve-se optar pelos inibidores de recapta\u00e7\u00e3o de serotonina devido a TH aumentar o risco de c\u00e2ncer de mama.<\/p>\n\n\n\n<p>d) a TH est\u00e1 contra-indicada em pacientes com hipertens\u00e3o arterial sist\u00eamica controlada.<\/p>\n\n\n\n<p>e) a TH est\u00e1 contra-indicada em pacientes com diabetes controlada.<\/p>\n\n\n\n<ol class=\"wp-block-list\">\n<li><\/li>\n<\/ol>\n\n\n\n<p>Analisando as alternativas:<\/p>\n\n\n\n<p><strong>A &#8211; INCORRETA &#8211; <\/strong>A terapia hormonal n\u00e3o \u00e9 indicada para pacientes assintom\u00e1ticos. A preven\u00e7\u00e3o da osteoporose pode ser feita com reposi\u00e7\u00e3o de c\u00e1lcio, vitamina D, atividade f\u00edsica e alimenta\u00e7\u00e3o saud\u00e1vel.<\/p>\n\n\n\n<p><strong>B &#8211; CORRETA<\/strong> &#8211; A principal indica\u00e7\u00e3o da Terapia Hormonal \u00e9 a presen\u00e7a de sintomas vasomotores, devendo-se sempre descartar as contraindica\u00e7\u00f5es e iniciar o tratamento dentro da janela de oportunidade.<\/p>\n\n\n\n<p><strong>C &#8211; INCORRETA<\/strong> &#8211; O uso de inibidores de recapta\u00e7\u00e3o de serotonina s\u00e3o indicados para pacientes com sintomas vasomotores que possuem contraindica\u00e7\u00e3o a terapia hormonal.<\/p>\n\n\n\n<p><strong>D &#8211; INCORRETA<\/strong> &#8211; Hipertens\u00e3o Arterial Sist\u00eamica n\u00e3o \u00e9 contraindica\u00e7\u00e3o \u00e0 Terapia Hormonal.<\/p>\n\n\n\n<p><strong>E &#8211; INCORRETA<\/strong> &#8211; Presen\u00e7a de DM controlada n\u00e3o \u00e9 contraindica\u00e7\u00e3o \u00e0 Terapia Hormonal.A terapia hormonal (TH) \u00e9 um tema complexo e controverso, e sua indica\u00e7\u00e3o deve ser individualizada e realizada por um profissional de sa\u00fade. A decis\u00e3o de iniciar ou n\u00e3o a TH deve levar em considera\u00e7\u00e3o diversos fatores, como a idade da paciente, os sintomas, os riscos e os benef\u00edcios.<\/p>\n\n\n\n<h2 class=\"wp-block-heading\" id=\"o-m\u00e9todo-que-te-aprova\"><span class=\"ez-toc-section\" id=\"O_metodo_que_te_aprova\"><\/span><strong>O m\u00e9todo que te aprova!<\/strong><span class=\"ez-toc-section-end\"><\/span><\/h2>\n\n\n\n<p>Quer alcan\u00e7ar a aprova\u00e7\u00e3o nas provas de resid\u00eancia m\u00e9dica? Ent\u00e3o seja um&nbsp;<a href=\"https:\/\/www.grupomedcof.com.br\/home\/\" target=\"_blank\" rel=\"noreferrer noopener\">MedCoffer<\/a>! Aqui te ajudaremos na busca da aprova\u00e7\u00e3o com conte\u00fados de qualidade e uma&nbsp;<a href=\"https:\/\/www.grupomedcof.com.br\/blog\/presenca-da-medcof-nas-aprovacoes-em-residencia-medica-no-brasil\/\" target=\"_blank\" rel=\"noreferrer noopener\">metodologia que j\u00e1 aprovou mais de 10 mil residentes no pa\u00eds!&nbsp;<\/a>Por fim, acesse o nosso<a href=\"https:\/\/www.youtube.com\/@GrupoMedcof\/featured\" target=\"_blank\" rel=\"noreferrer noopener\">&nbsp;<strong>canal do youtube&nbsp;<\/strong><\/a>para ver o nosso material.<\/p>\n\n\n\n<figure class=\"wp-block-embed is-type-video is-provider-youtube wp-block-embed-youtube wp-embed-aspect-16-9 wp-has-aspect-ratio\"><div class=\"wp-block-embed__wrapper\">\n<div class=\"youtube-embed\" data-video_id=\"BCv5oXie36g\"><iframe loading=\"lazy\" title=\"Dominando o TEGO 2024\/2025\" width=\"696\" height=\"392\" src=\"https:\/\/www.youtube.com\/embed\/BCv5oXie36g?feature=oembed&#038;enablejsapi=1\" frameborder=\"0\" allow=\"accelerometer; autoplay; clipboard-write; encrypted-media; gyroscope; picture-in-picture; web-share\" referrerpolicy=\"strict-origin-when-cross-origin\" allowfullscreen><\/iframe><\/div>\n<\/div><\/figure>\n","protected":false},"excerpt":{"rendered":"<p>O climat\u00e9rio feminino \u00e9 uma fase natural da vida da mulher que marca a transi\u00e7\u00e3o do per\u00edodo reprodutivo para o n\u00e3o reprodutivo. Veja!<\/p>\n","protected":false},"author":21,"featured_media":28989,"comment_status":"open","ping_status":"open","sticky":false,"template":"","format":"standard","meta":{"footnotes":""},"categories":[125],"tags":[1858,1445,1444,1859,1452,117,68],"ppma_author":[3617],"class_list":{"0":"post-28985","1":"post","2":"type-post","3":"status-publish","4":"format-standard","5":"has-post-thumbnail","7":"category-ginecologia-e-obstetricia","8":"tag-climaterio","9":"tag-ginecologia","10":"tag-menopausa","11":"tag-periodo-reprodutivo","12":"tag-provas","13":"tag-provas-de-residencia","14":"tag-residencia-medica"},"yoast_head":"<!-- This site is optimized with the Yoast SEO Premium plugin v24.3 (Yoast SEO v27.4) - https:\/\/yoast.com\/product\/yoast-seo-premium-wordpress\/ -->\n<title>Climat\u00e9rio: Entenda o conceito e pratique com quest\u00f5es - Blog de Medcof: conte\u00fados, editais, revalida e mais!<\/title>\n<meta name=\"description\" content=\"O climat\u00e9rio feminino \u00e9 uma fase natural da vida da mulher que marca a transi\u00e7\u00e3o do per\u00edodo reprodutivo para o n\u00e3o reprodutivo. Veja!\" \/>\n<meta name=\"robots\" content=\"index, follow, max-snippet:-1, max-image-preview:large, max-video-preview:-1\" \/>\n<link rel=\"canonical\" href=\"https:\/\/www.grupomedcof.com.br\/blog\/climaterio-na-residencia-medica\/\" \/>\n<meta property=\"og:locale\" content=\"pt_BR\" \/>\n<meta property=\"og:type\" content=\"article\" \/>\n<meta property=\"og:title\" content=\"Climat\u00e9rio: Entenda o conceito e pratique com quest\u00f5es\" \/>\n<meta property=\"og:description\" content=\"O climat\u00e9rio feminino \u00e9 uma fase natural da vida da mulher que marca a transi\u00e7\u00e3o do per\u00edodo reprodutivo para o n\u00e3o reprodutivo. Veja!\" \/>\n<meta property=\"og:url\" content=\"https:\/\/www.grupomedcof.com.br\/blog\/climaterio-na-residencia-medica\/\" \/>\n<meta property=\"og:site_name\" content=\"Blog de Medcof: conte\u00fados, editais, revalida e mais!\" \/>\n<meta property=\"article:publisher\" content=\"https:\/\/www.facebook.com\/MedCofQbank\/\" \/>\n<meta property=\"article:published_time\" content=\"2024-08-22T18:57:01+00:00\" \/>\n<meta property=\"article:modified_time\" content=\"2024-08-23T13:47:19+00:00\" \/>\n<meta property=\"og:image\" content=\"https:\/\/www.grupomedcof.com.br\/blog\/wp-content\/uploads\/2024\/08\/Blog-MedCof-2024-08-20T145914.513-1024x576.png\" \/>\n\t<meta property=\"og:image:width\" content=\"1024\" \/>\n\t<meta property=\"og:image:height\" content=\"576\" \/>\n\t<meta property=\"og:image:type\" content=\"image\/png\" \/>\n<meta name=\"author\" content=\"Kiara Adelino\" \/>\n<meta name=\"twitter:card\" content=\"summary_large_image\" \/>\n<meta name=\"twitter:label1\" content=\"Escrito por\" \/>\n\t<meta name=\"twitter:data1\" content=\"Kiara Adelino\" \/>\n\t<meta name=\"twitter:label2\" content=\"Est. tempo de leitura\" \/>\n\t<meta name=\"twitter:data2\" content=\"10 minutos\" \/>\n<script type=\"application\/ld+json\" class=\"yoast-schema-graph\">{\"@context\":\"https:\\\/\\\/schema.org\",\"@graph\":[{\"@type\":\"Article\",\"@id\":\"https:\\\/\\\/www.grupomedcof.com.br\\\/blog\\\/climaterio-na-residencia-medica\\\/#article\",\"isPartOf\":{\"@id\":\"https:\\\/\\\/www.grupomedcof.com.br\\\/blog\\\/climaterio-na-residencia-medica\\\/\"},\"author\":{\"name\":\"Kiara Adelino\",\"@id\":\"https:\\\/\\\/www.grupomedcof.com.br\\\/blog\\\/#\\\/schema\\\/person\\\/db19a651f86c5fc202d6eee744fd3292\"},\"headline\":\"Climat\u00e9rio: Entenda o conceito e pratique com quest\u00f5es\",\"datePublished\":\"2024-08-22T18:57:01+00:00\",\"dateModified\":\"2024-08-23T13:47:19+00:00\",\"mainEntityOfPage\":{\"@id\":\"https:\\\/\\\/www.grupomedcof.com.br\\\/blog\\\/climaterio-na-residencia-medica\\\/\"},\"wordCount\":1865,\"commentCount\":0,\"publisher\":{\"@id\":\"https:\\\/\\\/www.grupomedcof.com.br\\\/blog\\\/#organization\"},\"image\":{\"@id\":\"https:\\\/\\\/www.grupomedcof.com.br\\\/blog\\\/climaterio-na-residencia-medica\\\/#primaryimage\"},\"thumbnailUrl\":\"https:\\\/\\\/www.grupomedcof.com.br\\\/blog\\\/wp-content\\\/uploads\\\/2024\\\/08\\\/Blog-MedCof-2024-08-20T145914.513.png\",\"keywords\":[\"Climat\u00e9rio\",\"Ginecologia\",\"Menopausa\",\"Per\u00edodo reprodutivo\",\"Provas\",\"Provas de Resid\u00eancia\",\"Resid\u00eancia M\u00e9dica\"],\"articleSection\":[\"Ginecologia e Obstetr\u00edcia\"],\"inLanguage\":\"pt-BR\"},{\"@type\":\"WebPage\",\"@id\":\"https:\\\/\\\/www.grupomedcof.com.br\\\/blog\\\/climaterio-na-residencia-medica\\\/\",\"url\":\"https:\\\/\\\/www.grupomedcof.com.br\\\/blog\\\/climaterio-na-residencia-medica\\\/\",\"name\":\"Climat\u00e9rio: Entenda o conceito e pratique com quest\u00f5es - Blog de Medcof: conte\u00fados, editais, revalida e mais!\",\"isPartOf\":{\"@id\":\"https:\\\/\\\/www.grupomedcof.com.br\\\/blog\\\/#website\"},\"primaryImageOfPage\":{\"@id\":\"https:\\\/\\\/www.grupomedcof.com.br\\\/blog\\\/climaterio-na-residencia-medica\\\/#primaryimage\"},\"image\":{\"@id\":\"https:\\\/\\\/www.grupomedcof.com.br\\\/blog\\\/climaterio-na-residencia-medica\\\/#primaryimage\"},\"thumbnailUrl\":\"https:\\\/\\\/www.grupomedcof.com.br\\\/blog\\\/wp-content\\\/uploads\\\/2024\\\/08\\\/Blog-MedCof-2024-08-20T145914.513.png\",\"datePublished\":\"2024-08-22T18:57:01+00:00\",\"dateModified\":\"2024-08-23T13:47:19+00:00\",\"description\":\"O climat\u00e9rio feminino \u00e9 uma fase natural da vida da mulher que marca a transi\u00e7\u00e3o do per\u00edodo reprodutivo para o n\u00e3o reprodutivo. Veja!\",\"breadcrumb\":{\"@id\":\"https:\\\/\\\/www.grupomedcof.com.br\\\/blog\\\/climaterio-na-residencia-medica\\\/#breadcrumb\"},\"inLanguage\":\"pt-BR\",\"potentialAction\":[{\"@type\":\"ReadAction\",\"target\":[\"https:\\\/\\\/www.grupomedcof.com.br\\\/blog\\\/climaterio-na-residencia-medica\\\/\"]}]},{\"@type\":\"ImageObject\",\"inLanguage\":\"pt-BR\",\"@id\":\"https:\\\/\\\/www.grupomedcof.com.br\\\/blog\\\/climaterio-na-residencia-medica\\\/#primaryimage\",\"url\":\"https:\\\/\\\/www.grupomedcof.com.br\\\/blog\\\/wp-content\\\/uploads\\\/2024\\\/08\\\/Blog-MedCof-2024-08-20T145914.513.png\",\"contentUrl\":\"https:\\\/\\\/www.grupomedcof.com.br\\\/blog\\\/wp-content\\\/uploads\\\/2024\\\/08\\\/Blog-MedCof-2024-08-20T145914.513.png\",\"width\":2560,\"height\":1440},{\"@type\":\"BreadcrumbList\",\"@id\":\"https:\\\/\\\/www.grupomedcof.com.br\\\/blog\\\/climaterio-na-residencia-medica\\\/#breadcrumb\",\"itemListElement\":[{\"@type\":\"ListItem\",\"position\":1,\"name\":\"In\u00edcio\",\"item\":\"https:\\\/\\\/www.grupomedcof.com.br\\\/blog\\\/\"},{\"@type\":\"ListItem\",\"position\":2,\"name\":\"Climat\u00e9rio: Entenda o conceito e pratique com quest\u00f5es\"}]},{\"@type\":\"WebSite\",\"@id\":\"https:\\\/\\\/www.grupomedcof.com.br\\\/blog\\\/#website\",\"url\":\"https:\\\/\\\/www.grupomedcof.com.br\\\/blog\\\/\",\"name\":\"Blog de Medcof: conte\u00fados, editais, revalida e mais!\",\"description\":\"Acesso o blog de MedCof! Seu portal de conte\u00fados sobre resid\u00eancia m\u00e9dica, an\u00e1lise e editais e muito mais. Clique e confira!\",\"publisher\":{\"@id\":\"https:\\\/\\\/www.grupomedcof.com.br\\\/blog\\\/#organization\"},\"alternateName\":\"Blog de Medcof: conte\u00fados, editais, revalida e mais!\",\"potentialAction\":[{\"@type\":\"SearchAction\",\"target\":{\"@type\":\"EntryPoint\",\"urlTemplate\":\"https:\\\/\\\/www.grupomedcof.com.br\\\/blog\\\/?s={search_term_string}\"},\"query-input\":{\"@type\":\"PropertyValueSpecification\",\"valueRequired\":true,\"valueName\":\"search_term_string\"}}],\"inLanguage\":\"pt-BR\"},{\"@type\":\"Organization\",\"@id\":\"https:\\\/\\\/www.grupomedcof.com.br\\\/blog\\\/#organization\",\"name\":\"Grupo MedCof\",\"url\":\"https:\\\/\\\/www.grupomedcof.com.br\\\/blog\\\/\",\"logo\":{\"@type\":\"ImageObject\",\"inLanguage\":\"pt-BR\",\"@id\":\"https:\\\/\\\/www.grupomedcof.com.br\\\/blog\\\/#\\\/schema\\\/logo\\\/image\\\/\",\"url\":\"https:\\\/\\\/www.grupomedcof.com.br\\\/blog\\\/wp-content\\\/uploads\\\/2022\\\/01\\\/logo-medcof.png\",\"contentUrl\":\"https:\\\/\\\/www.grupomedcof.com.br\\\/blog\\\/wp-content\\\/uploads\\\/2022\\\/01\\\/logo-medcof.png\",\"width\":768,\"height\":269,\"caption\":\"Grupo MedCof\"},\"image\":{\"@id\":\"https:\\\/\\\/www.grupomedcof.com.br\\\/blog\\\/#\\\/schema\\\/logo\\\/image\\\/\"},\"sameAs\":[\"https:\\\/\\\/www.facebook.com\\\/MedCofQbank\\\/\",\"https:\\\/\\\/www.instagram.com\\\/grupomedcof\\\/\",\"https:\\\/\\\/br.linkedin.com\\\/company\\\/medcof\",\"https:\\\/\\\/www.youtube.com\\\/channel\\\/UCdHMuOHKICxcHwecxN8P-AA\"]},{\"@type\":\"Person\",\"@id\":\"https:\\\/\\\/www.grupomedcof.com.br\\\/blog\\\/#\\\/schema\\\/person\\\/db19a651f86c5fc202d6eee744fd3292\",\"name\":\"Kiara Adelino\",\"image\":{\"@type\":\"ImageObject\",\"inLanguage\":\"pt-BR\",\"@id\":\"https:\\\/\\\/www.grupomedcof.com.br\\\/blog\\\/wp-content\\\/uploads\\\/2024\\\/08\\\/cropped-Kiara-Adelino2-96x96.jpega85663bdda67261f8f06f86e555e1e49\",\"url\":\"https:\\\/\\\/www.grupomedcof.com.br\\\/blog\\\/wp-content\\\/uploads\\\/2024\\\/08\\\/cropped-Kiara-Adelino2-96x96.jpeg\",\"contentUrl\":\"https:\\\/\\\/www.grupomedcof.com.br\\\/blog\\\/wp-content\\\/uploads\\\/2024\\\/08\\\/cropped-Kiara-Adelino2-96x96.jpeg\",\"caption\":\"Kiara Adelino\"},\"description\":\"Estudante do 5\u00b0 semestre de Medicina. Gosto bastante de aprender coisas novas, principalmente na \u00e1rea de Neurologia e Anatomia humana.\",\"url\":\"https:\\\/\\\/www.grupomedcof.com.br\\\/blog\\\/author\\\/kiara-adelino\\\/\"}]}<\/script>\n<!-- \/ Yoast SEO Premium plugin. -->","yoast_head_json":{"title":"Climat\u00e9rio: Entenda o conceito e pratique com quest\u00f5es - Blog de Medcof: conte\u00fados, editais, revalida e mais!","description":"O climat\u00e9rio feminino \u00e9 uma fase natural da vida da mulher que marca a transi\u00e7\u00e3o do per\u00edodo reprodutivo para o n\u00e3o reprodutivo. Veja!","robots":{"index":"index","follow":"follow","max-snippet":"max-snippet:-1","max-image-preview":"max-image-preview:large","max-video-preview":"max-video-preview:-1"},"canonical":"https:\/\/www.grupomedcof.com.br\/blog\/climaterio-na-residencia-medica\/","og_locale":"pt_BR","og_type":"article","og_title":"Climat\u00e9rio: Entenda o conceito e pratique com quest\u00f5es","og_description":"O climat\u00e9rio feminino \u00e9 uma fase natural da vida da mulher que marca a transi\u00e7\u00e3o do per\u00edodo reprodutivo para o n\u00e3o reprodutivo. Veja!","og_url":"https:\/\/www.grupomedcof.com.br\/blog\/climaterio-na-residencia-medica\/","og_site_name":"Blog de Medcof: conte\u00fados, editais, revalida e mais!","article_publisher":"https:\/\/www.facebook.com\/MedCofQbank\/","article_published_time":"2024-08-22T18:57:01+00:00","article_modified_time":"2024-08-23T13:47:19+00:00","og_image":[{"width":1024,"height":576,"url":"https:\/\/www.grupomedcof.com.br\/blog\/wp-content\/uploads\/2024\/08\/Blog-MedCof-2024-08-20T145914.513-1024x576.png","type":"image\/png"}],"author":"Kiara Adelino","twitter_card":"summary_large_image","twitter_misc":{"Escrito por":"Kiara Adelino","Est. tempo de leitura":"10 minutos"},"schema":{"@context":"https:\/\/schema.org","@graph":[{"@type":"Article","@id":"https:\/\/www.grupomedcof.com.br\/blog\/climaterio-na-residencia-medica\/#article","isPartOf":{"@id":"https:\/\/www.grupomedcof.com.br\/blog\/climaterio-na-residencia-medica\/"},"author":{"name":"Kiara Adelino","@id":"https:\/\/www.grupomedcof.com.br\/blog\/#\/schema\/person\/db19a651f86c5fc202d6eee744fd3292"},"headline":"Climat\u00e9rio: Entenda o conceito e pratique com quest\u00f5es","datePublished":"2024-08-22T18:57:01+00:00","dateModified":"2024-08-23T13:47:19+00:00","mainEntityOfPage":{"@id":"https:\/\/www.grupomedcof.com.br\/blog\/climaterio-na-residencia-medica\/"},"wordCount":1865,"commentCount":0,"publisher":{"@id":"https:\/\/www.grupomedcof.com.br\/blog\/#organization"},"image":{"@id":"https:\/\/www.grupomedcof.com.br\/blog\/climaterio-na-residencia-medica\/#primaryimage"},"thumbnailUrl":"https:\/\/www.grupomedcof.com.br\/blog\/wp-content\/uploads\/2024\/08\/Blog-MedCof-2024-08-20T145914.513.png","keywords":["Climat\u00e9rio","Ginecologia","Menopausa","Per\u00edodo reprodutivo","Provas","Provas de Resid\u00eancia","Resid\u00eancia M\u00e9dica"],"articleSection":["Ginecologia e Obstetr\u00edcia"],"inLanguage":"pt-BR"},{"@type":"WebPage","@id":"https:\/\/www.grupomedcof.com.br\/blog\/climaterio-na-residencia-medica\/","url":"https:\/\/www.grupomedcof.com.br\/blog\/climaterio-na-residencia-medica\/","name":"Climat\u00e9rio: Entenda o conceito e pratique com quest\u00f5es - Blog de Medcof: conte\u00fados, editais, revalida e mais!","isPartOf":{"@id":"https:\/\/www.grupomedcof.com.br\/blog\/#website"},"primaryImageOfPage":{"@id":"https:\/\/www.grupomedcof.com.br\/blog\/climaterio-na-residencia-medica\/#primaryimage"},"image":{"@id":"https:\/\/www.grupomedcof.com.br\/blog\/climaterio-na-residencia-medica\/#primaryimage"},"thumbnailUrl":"https:\/\/www.grupomedcof.com.br\/blog\/wp-content\/uploads\/2024\/08\/Blog-MedCof-2024-08-20T145914.513.png","datePublished":"2024-08-22T18:57:01+00:00","dateModified":"2024-08-23T13:47:19+00:00","description":"O climat\u00e9rio feminino \u00e9 uma fase natural da vida da mulher que marca a transi\u00e7\u00e3o do per\u00edodo reprodutivo para o n\u00e3o reprodutivo. Veja!","breadcrumb":{"@id":"https:\/\/www.grupomedcof.com.br\/blog\/climaterio-na-residencia-medica\/#breadcrumb"},"inLanguage":"pt-BR","potentialAction":[{"@type":"ReadAction","target":["https:\/\/www.grupomedcof.com.br\/blog\/climaterio-na-residencia-medica\/"]}]},{"@type":"ImageObject","inLanguage":"pt-BR","@id":"https:\/\/www.grupomedcof.com.br\/blog\/climaterio-na-residencia-medica\/#primaryimage","url":"https:\/\/www.grupomedcof.com.br\/blog\/wp-content\/uploads\/2024\/08\/Blog-MedCof-2024-08-20T145914.513.png","contentUrl":"https:\/\/www.grupomedcof.com.br\/blog\/wp-content\/uploads\/2024\/08\/Blog-MedCof-2024-08-20T145914.513.png","width":2560,"height":1440},{"@type":"BreadcrumbList","@id":"https:\/\/www.grupomedcof.com.br\/blog\/climaterio-na-residencia-medica\/#breadcrumb","itemListElement":[{"@type":"ListItem","position":1,"name":"In\u00edcio","item":"https:\/\/www.grupomedcof.com.br\/blog\/"},{"@type":"ListItem","position":2,"name":"Climat\u00e9rio: Entenda o conceito e pratique com quest\u00f5es"}]},{"@type":"WebSite","@id":"https:\/\/www.grupomedcof.com.br\/blog\/#website","url":"https:\/\/www.grupomedcof.com.br\/blog\/","name":"Blog de Medcof: conte\u00fados, editais, revalida e mais!","description":"Acesso o blog de MedCof! Seu portal de conte\u00fados sobre resid\u00eancia m\u00e9dica, an\u00e1lise e editais e muito mais. Clique e confira!","publisher":{"@id":"https:\/\/www.grupomedcof.com.br\/blog\/#organization"},"alternateName":"Blog de Medcof: conte\u00fados, editais, revalida e mais!","potentialAction":[{"@type":"SearchAction","target":{"@type":"EntryPoint","urlTemplate":"https:\/\/www.grupomedcof.com.br\/blog\/?s={search_term_string}"},"query-input":{"@type":"PropertyValueSpecification","valueRequired":true,"valueName":"search_term_string"}}],"inLanguage":"pt-BR"},{"@type":"Organization","@id":"https:\/\/www.grupomedcof.com.br\/blog\/#organization","name":"Grupo MedCof","url":"https:\/\/www.grupomedcof.com.br\/blog\/","logo":{"@type":"ImageObject","inLanguage":"pt-BR","@id":"https:\/\/www.grupomedcof.com.br\/blog\/#\/schema\/logo\/image\/","url":"https:\/\/www.grupomedcof.com.br\/blog\/wp-content\/uploads\/2022\/01\/logo-medcof.png","contentUrl":"https:\/\/www.grupomedcof.com.br\/blog\/wp-content\/uploads\/2022\/01\/logo-medcof.png","width":768,"height":269,"caption":"Grupo MedCof"},"image":{"@id":"https:\/\/www.grupomedcof.com.br\/blog\/#\/schema\/logo\/image\/"},"sameAs":["https:\/\/www.facebook.com\/MedCofQbank\/","https:\/\/www.instagram.com\/grupomedcof\/","https:\/\/br.linkedin.com\/company\/medcof","https:\/\/www.youtube.com\/channel\/UCdHMuOHKICxcHwecxN8P-AA"]},{"@type":"Person","@id":"https:\/\/www.grupomedcof.com.br\/blog\/#\/schema\/person\/db19a651f86c5fc202d6eee744fd3292","name":"Kiara Adelino","image":{"@type":"ImageObject","inLanguage":"pt-BR","@id":"https:\/\/www.grupomedcof.com.br\/blog\/wp-content\/uploads\/2024\/08\/cropped-Kiara-Adelino2-96x96.jpega85663bdda67261f8f06f86e555e1e49","url":"https:\/\/www.grupomedcof.com.br\/blog\/wp-content\/uploads\/2024\/08\/cropped-Kiara-Adelino2-96x96.jpeg","contentUrl":"https:\/\/www.grupomedcof.com.br\/blog\/wp-content\/uploads\/2024\/08\/cropped-Kiara-Adelino2-96x96.jpeg","caption":"Kiara Adelino"},"description":"Estudante do 5\u00b0 semestre de Medicina. Gosto bastante de aprender coisas novas, principalmente na \u00e1rea de Neurologia e Anatomia humana.","url":"https:\/\/www.grupomedcof.com.br\/blog\/author\/kiara-adelino\/"}]}},"authors":[{"term_id":3617,"user_id":21,"is_guest":0,"slug":"kiara-adelino","display_name":"Kiara Adelino","avatar_url":"https:\/\/www.grupomedcof.com.br\/blog\/wp-content\/uploads\/2024\/08\/cropped-Kiara-Adelino2-96x96.jpeg","0":null,"1":"","2":"","3":"","4":"","5":"","6":"","7":"","8":""}],"_links":{"self":[{"href":"https:\/\/www.grupomedcof.com.br\/blog\/wp-json\/wp\/v2\/posts\/28985","targetHints":{"allow":["GET"]}}],"collection":[{"href":"https:\/\/www.grupomedcof.com.br\/blog\/wp-json\/wp\/v2\/posts"}],"about":[{"href":"https:\/\/www.grupomedcof.com.br\/blog\/wp-json\/wp\/v2\/types\/post"}],"author":[{"embeddable":true,"href":"https:\/\/www.grupomedcof.com.br\/blog\/wp-json\/wp\/v2\/users\/21"}],"replies":[{"embeddable":true,"href":"https:\/\/www.grupomedcof.com.br\/blog\/wp-json\/wp\/v2\/comments?post=28985"}],"version-history":[{"count":0,"href":"https:\/\/www.grupomedcof.com.br\/blog\/wp-json\/wp\/v2\/posts\/28985\/revisions"}],"wp:featuredmedia":[{"embeddable":true,"href":"https:\/\/www.grupomedcof.com.br\/blog\/wp-json\/wp\/v2\/media\/28989"}],"wp:attachment":[{"href":"https:\/\/www.grupomedcof.com.br\/blog\/wp-json\/wp\/v2\/media?parent=28985"}],"wp:term":[{"taxonomy":"category","embeddable":true,"href":"https:\/\/www.grupomedcof.com.br\/blog\/wp-json\/wp\/v2\/categories?post=28985"},{"taxonomy":"post_tag","embeddable":true,"href":"https:\/\/www.grupomedcof.com.br\/blog\/wp-json\/wp\/v2\/tags?post=28985"},{"taxonomy":"author","embeddable":true,"href":"https:\/\/www.grupomedcof.com.br\/blog\/wp-json\/wp\/v2\/ppma_author?post=28985"}],"curies":[{"name":"wp","href":"https:\/\/api.w.org\/{rel}","templated":true}]}}