{"id":29028,"date":"2024-08-21T14:24:23","date_gmt":"2024-08-21T17:24:23","guid":{"rendered":"https:\/\/www.grupomedcof.com.br\/blog\/?p=29028"},"modified":"2025-08-05T18:42:53","modified_gmt":"2025-08-05T21:42:53","slug":"novo-consenso-de-avaliacao-e-reposicao-de-vitamina-d","status":"publish","type":"post","link":"https:\/\/www.grupomedcof.com.br\/blog\/novo-consenso-de-avaliacao-e-reposicao-de-vitamina-d\/","title":{"rendered":"Novo consenso de avalia\u00e7\u00e3o e reposi\u00e7\u00e3o de vitamina D"},"content":{"rendered":"<div id=\"ez-toc-container\" class=\"ez-toc-v2_0_74 counter-hierarchy ez-toc-counter ez-toc-transparent ez-toc-container-direction\">\n<div class=\"ez-toc-title-container\">\n<p class=\"ez-toc-title\" style=\"cursor:inherit\">Sum\u00e1rio<\/p>\n<span class=\"ez-toc-title-toggle\"><a href=\"#\" class=\"ez-toc-pull-right ez-toc-btn ez-toc-btn-xs ez-toc-btn-default ez-toc-toggle\" aria-label=\"Alternar tabela de conte\u00fado\"><span class=\"ez-toc-js-icon-con\"><span class=\"\"><span class=\"eztoc-hide\" style=\"display:none;\">Toggle<\/span><span class=\"ez-toc-icon-toggle-span\"><svg style=\"fill: #999;color:#999\" xmlns=\"http:\/\/www.w3.org\/2000\/svg\" class=\"list-377408\" width=\"20px\" height=\"20px\" viewBox=\"0 0 24 24\" fill=\"none\"><path d=\"M6 6H4v2h2V6zm14 0H8v2h12V6zM4 11h2v2H4v-2zm16 0H8v2h12v-2zM4 16h2v2H4v-2zm16 0H8v2h12v-2z\" fill=\"currentColor\"><\/path><\/svg><svg style=\"fill: #999;color:#999\" class=\"arrow-unsorted-368013\" xmlns=\"http:\/\/www.w3.org\/2000\/svg\" width=\"10px\" height=\"10px\" viewBox=\"0 0 24 24\" version=\"1.2\" baseProfile=\"tiny\"><path d=\"M18.2 9.3l-6.2-6.3-6.2 6.3c-.2.2-.3.4-.3.7s.1.5.3.7c.2.2.4.3.7.3h11c.3 0 .5-.1.7-.3.2-.2.3-.5.3-.7s-.1-.5-.3-.7zM5.8 14.7l6.2 6.3 6.2-6.3c.2-.2.3-.5.3-.7s-.1-.5-.3-.7c-.2-.2-.4-.3-.7-.3h-11c-.3 0-.5.1-.7.3-.2.2-.3.5-.3.7s.1.5.3.7z\"\/><\/svg><\/span><\/span><\/span><\/a><\/span><\/div>\n<nav><ul class='ez-toc-list ez-toc-list-level-1 ' ><li class='ez-toc-page-1 ez-toc-heading-level-2'><a class=\"ez-toc-link ez-toc-heading-1\" href=\"https:\/\/www.grupomedcof.com.br\/blog\/novo-consenso-de-avaliacao-e-reposicao-de-vitamina-d\/#O_novo_consenso\" >O novo consenso<\/a><\/li><li class='ez-toc-page-1 ez-toc-heading-level-2'><a class=\"ez-toc-link ez-toc-heading-2\" href=\"https:\/\/www.grupomedcof.com.br\/blog\/novo-consenso-de-avaliacao-e-reposicao-de-vitamina-d\/#Em_quem_dosar_Vitamina_D\" >Em quem dosar Vitamina D?<\/a><\/li><li class='ez-toc-page-1 ez-toc-heading-level-2'><a class=\"ez-toc-link ez-toc-heading-3\" href=\"https:\/\/www.grupomedcof.com.br\/blog\/novo-consenso-de-avaliacao-e-reposicao-de-vitamina-d\/#Monitorizacao\" >Monitoriza\u00e7\u00e3o<\/a><\/li><li class='ez-toc-page-1 ez-toc-heading-level-2'><a class=\"ez-toc-link ez-toc-heading-4\" href=\"https:\/\/www.grupomedcof.com.br\/blog\/novo-consenso-de-avaliacao-e-reposicao-de-vitamina-d\/#Nossa_visao\" >Nossa vis\u00e3o<\/a><\/li><li class='ez-toc-page-1 ez-toc-heading-level-2'><a class=\"ez-toc-link ez-toc-heading-5\" href=\"https:\/\/www.grupomedcof.com.br\/blog\/novo-consenso-de-avaliacao-e-reposicao-de-vitamina-d\/#Seja_um_MedCoffer\" >Seja um MedCoffer<\/a><\/li><\/ul><\/nav><\/div>\n\n<figure class=\"wp-block-image size-large\"><img loading=\"lazy\" decoding=\"async\" width=\"1024\" height=\"576\" src=\"https:\/\/www.grupomedcof.com.br\/blog\/wp-content\/uploads\/2024\/08\/Blog-MedCof-2-1024x576.png\" alt=\"\" class=\"wp-image-29033\" srcset=\"https:\/\/www.grupomedcof.com.br\/blog\/wp-content\/uploads\/2024\/08\/Blog-MedCof-2-1024x576.png 1024w, https:\/\/www.grupomedcof.com.br\/blog\/wp-content\/uploads\/2024\/08\/Blog-MedCof-2-300x169.png 300w, https:\/\/www.grupomedcof.com.br\/blog\/wp-content\/uploads\/2024\/08\/Blog-MedCof-2-768x432.png 768w, https:\/\/www.grupomedcof.com.br\/blog\/wp-content\/uploads\/2024\/08\/Blog-MedCof-2-1536x864.png 1536w, https:\/\/www.grupomedcof.com.br\/blog\/wp-content\/uploads\/2024\/08\/Blog-MedCof-2-747x420.png 747w, https:\/\/www.grupomedcof.com.br\/blog\/wp-content\/uploads\/2024\/08\/Blog-MedCof-2-150x84.png 150w, https:\/\/www.grupomedcof.com.br\/blog\/wp-content\/uploads\/2024\/08\/Blog-MedCof-2-696x392.png 696w, https:\/\/www.grupomedcof.com.br\/blog\/wp-content\/uploads\/2024\/08\/Blog-MedCof-2-1068x601.png 1068w, https:\/\/www.grupomedcof.com.br\/blog\/wp-content\/uploads\/2024\/08\/Blog-MedCof-2.png 1920w\" sizes=\"auto, (max-width: 1024px) 100vw, 1024px\" \/><\/figure>\n\n\n\n<p>Recentemente, foi publicado um novo consenso de avalia\u00e7\u00e3o e reposi\u00e7\u00e3o de Vitamina D pela Endocrine Society. Veja agora todos os detalhes sobre.<\/p>\n\n\n\n<p><strong><em>Texto escrito por: Leonardo Tavares<\/em><\/strong>\u00a0<strong><em>endocrinologista com t\u00edtulo de especialista pela SBEM (ex-medcoffer) e atualmente fellow em endocrinologia na FMUSP.<\/em><\/strong><\/p>\n\n\n\n<h2 class=\"wp-block-heading\" id=\"h-o-novo-consenso\"><span class=\"ez-toc-section\" id=\"O_novo_consenso\"><\/span><strong>O novo consenso<\/strong><span class=\"ez-toc-section-end\"><\/span><\/h2>\n\n\n\n<p>A Endocrine Society publicou no final de abril de 2024 um novo consenso sobre avalia\u00e7\u00e3o e reposi\u00e7\u00e3o de vitamina D em indiv\u00edduos sadios. Lembramos que a Endocrine Reviews, uma de suas revistas, pouco antes apresentou novos artigos sobre o tema. Mediante a isso, foi feita uma elaborada discuss\u00e3o do tema que envolvia conhecimentos j\u00e1 estabelecidos, al\u00e9m de fisiologia do metabolismo \u00f3sseo relacionado a vitamina D e indica\u00e7\u00f5es de tratamento e quando dosar.<\/p>\n\n\n\n<p>Sabemos que a defici\u00eancia da vitamina D (que n\u00e3o \u00e9 verdadeiramente uma vitamina, mas sim um horm\u00f4nio), est\u00e1 relacionada ao aumento do risco de fraturas, osteoporose, altera\u00e7\u00f5es secund\u00e1rias do paratorm\u00f4nio (PTH), osteomalacia, dentre outras complica\u00e7\u00f5es. E a explica\u00e7\u00e3o nem sempre se resume \u00e0 absor\u00e7\u00e3o, mas tamb\u00e9m a sua disfuncionalidade e altera\u00e7\u00f5es de metabolismo.<\/p>\n\n\n\n<figure class=\"wp-block-image size-large\"><img loading=\"lazy\" decoding=\"async\" width=\"1024\" height=\"799\" src=\"https:\/\/www.grupomedcof.com.br\/blog\/wp-content\/uploads\/2024\/08\/Captura-de-Tela-2024-08-19-as-16.43.22-1024x799.png\" alt=\"\" class=\"wp-image-29029\" srcset=\"https:\/\/www.grupomedcof.com.br\/blog\/wp-content\/uploads\/2024\/08\/Captura-de-Tela-2024-08-19-as-16.43.22-1024x799.png 1024w, https:\/\/www.grupomedcof.com.br\/blog\/wp-content\/uploads\/2024\/08\/Captura-de-Tela-2024-08-19-as-16.43.22-300x234.png 300w, https:\/\/www.grupomedcof.com.br\/blog\/wp-content\/uploads\/2024\/08\/Captura-de-Tela-2024-08-19-as-16.43.22-768x599.png 768w, https:\/\/www.grupomedcof.com.br\/blog\/wp-content\/uploads\/2024\/08\/Captura-de-Tela-2024-08-19-as-16.43.22-539x420.png 539w, https:\/\/www.grupomedcof.com.br\/blog\/wp-content\/uploads\/2024\/08\/Captura-de-Tela-2024-08-19-as-16.43.22-150x117.png 150w, https:\/\/www.grupomedcof.com.br\/blog\/wp-content\/uploads\/2024\/08\/Captura-de-Tela-2024-08-19-as-16.43.22-696x543.png 696w, https:\/\/www.grupomedcof.com.br\/blog\/wp-content\/uploads\/2024\/08\/Captura-de-Tela-2024-08-19-as-16.43.22-1068x833.png 1068w, https:\/\/www.grupomedcof.com.br\/blog\/wp-content\/uploads\/2024\/08\/Captura-de-Tela-2024-08-19-as-16.43.22.png 1372w\" sizes=\"auto, (max-width: 1024px) 100vw, 1024px\" \/><\/figure>\n\n\n\n<p>Al\u00e9m disso, sabe-se que sua defici\u00eancia pode interferir em demais \u00f3rg\u00e3os e sistemas, causando redu\u00e7\u00e3o de qualidade de vida, aumento de mortalidade e, mais recentemente, piora de infec\u00e7\u00f5es por COVID-19.<\/p>\n\n\n\n<figure class=\"wp-block-image size-large\"><img loading=\"lazy\" decoding=\"async\" width=\"1024\" height=\"828\" src=\"https:\/\/www.grupomedcof.com.br\/blog\/wp-content\/uploads\/2024\/08\/Captura-de-Tela-2024-08-19-as-16.45.17-1024x828.png\" alt=\"\" class=\"wp-image-29030\" srcset=\"https:\/\/www.grupomedcof.com.br\/blog\/wp-content\/uploads\/2024\/08\/Captura-de-Tela-2024-08-19-as-16.45.17-1024x828.png 1024w, https:\/\/www.grupomedcof.com.br\/blog\/wp-content\/uploads\/2024\/08\/Captura-de-Tela-2024-08-19-as-16.45.17-300x243.png 300w, https:\/\/www.grupomedcof.com.br\/blog\/wp-content\/uploads\/2024\/08\/Captura-de-Tela-2024-08-19-as-16.45.17-768x621.png 768w, https:\/\/www.grupomedcof.com.br\/blog\/wp-content\/uploads\/2024\/08\/Captura-de-Tela-2024-08-19-as-16.45.17-519x420.png 519w, https:\/\/www.grupomedcof.com.br\/blog\/wp-content\/uploads\/2024\/08\/Captura-de-Tela-2024-08-19-as-16.45.17-150x121.png 150w, https:\/\/www.grupomedcof.com.br\/blog\/wp-content\/uploads\/2024\/08\/Captura-de-Tela-2024-08-19-as-16.45.17-696x563.png 696w, https:\/\/www.grupomedcof.com.br\/blog\/wp-content\/uploads\/2024\/08\/Captura-de-Tela-2024-08-19-as-16.45.17-1068x864.png 1068w, https:\/\/www.grupomedcof.com.br\/blog\/wp-content\/uploads\/2024\/08\/Captura-de-Tela-2024-08-19-as-16.45.17.png 1340w\" sizes=\"auto, (max-width: 1024px) 100vw, 1024px\" \/><\/figure>\n\n\n\n<p>Entendida a complexidade da sua funcionalidade, o primeiro ponto que chama a aten\u00e7\u00e3o no consenso \u00e9 a recomenda\u00e7\u00e3o de que o padr\u00e3o-ouro para an\u00e1lise \u00e9 a dosagem da 25-OH Vitamina D, por todas as caracter\u00edsticas bioqu\u00edmicas e farmacol\u00f3gicas j\u00e1 conhecidas (principalmente pelo m\u00e9todo de cromatografia l\u00edquida massa-massa).<\/p>\n\n\n\n<h2 class=\"wp-block-heading\" id=\"h-em-quem-dosar-vitamina-d\"><span class=\"ez-toc-section\" id=\"Em_quem_dosar_Vitamina_D\"><\/span><strong>Em quem dosar Vitamina D?<\/strong><span class=\"ez-toc-section-end\"><\/span><\/h2>\n\n\n\n<p>Outra d\u00favida pertinente, \u00e9: em quem dosar Vitamina D?<\/p>\n\n\n\n<p>Para in\u00edcio de conversa a recomenda\u00e7\u00e3o \u00e9 clara: n\u00e3o devemos fazer screening de Vitamina D na popula\u00e7\u00e3o geral! O racional por tr\u00e1s da recomenda\u00e7\u00e3o \u00e9 a baixa efetividade quando se trata de um custo-benef\u00edcio na popula\u00e7\u00e3o geral. Importante mencionar, novamente, que a recomenda\u00e7\u00e3o abrange pacientes saud\u00e1veis.<\/p>\n\n\n\n<p>As demais indica\u00e7\u00f5es para dosagem de vitamina D s\u00e3o bem estabelecidas, como gestantes, doen\u00e7as osteometab\u00f3licas, uso de medicamentos que interfiram na metaboliza\u00e7\u00e3o e\/ou absor\u00e7\u00e3o, entre outras causas, proporcionando assim, poucas solicita\u00e7\u00f5es, e essas, se feitas, mediante justificativas.<\/p>\n\n\n\n<p>Assim, constatado defici\u00eancia e optado por realizar seu tratamento alguns conceitos s\u00e3o primordiais.<\/p>\n\n\n\n<p>Com rela\u00e7\u00e3o \u00e0s op\u00e7\u00f5es para suplementa\u00e7\u00e3o, a vitamina D3 (colecalciferol) \u00e9 a melhor delas. Sua via preferencial \u00e9 a via oral (VO) e a suplementa\u00e7\u00e3o di\u00e1ria costuma ser prefer\u00edvel a semanal. Mas lembrem-se, isto n\u00e3o significa que o esquema semanal deva ser abolido. Os autores refor\u00e7am que h\u00e1 exce\u00e7\u00f5es, como principalmente crian\u00e7as e adolescentes, devido a dificuldade de ades\u00e3o.<\/p>\n\n\n\n<p>Por fim, colocaremos um quadro com intuito de resumir a forma de tratamento e suas justificativas mediante a idade e condi\u00e7\u00f5es especiais dos pacientes:<\/p>\n\n\n\n<figure class=\"wp-block-image size-full\"><img loading=\"lazy\" decoding=\"async\" width=\"759\" height=\"699\" src=\"https:\/\/www.grupomedcof.com.br\/blog\/wp-content\/uploads\/2024\/08\/Captura-de-tela-2024-08-21-140534.png\" alt=\"\" class=\"wp-image-29032\" srcset=\"https:\/\/www.grupomedcof.com.br\/blog\/wp-content\/uploads\/2024\/08\/Captura-de-tela-2024-08-21-140534.png 759w, https:\/\/www.grupomedcof.com.br\/blog\/wp-content\/uploads\/2024\/08\/Captura-de-tela-2024-08-21-140534-300x276.png 300w, https:\/\/www.grupomedcof.com.br\/blog\/wp-content\/uploads\/2024\/08\/Captura-de-tela-2024-08-21-140534-456x420.png 456w, https:\/\/www.grupomedcof.com.br\/blog\/wp-content\/uploads\/2024\/08\/Captura-de-tela-2024-08-21-140534-150x138.png 150w, https:\/\/www.grupomedcof.com.br\/blog\/wp-content\/uploads\/2024\/08\/Captura-de-tela-2024-08-21-140534-696x641.png 696w\" sizes=\"auto, (max-width: 759px) 100vw, 759px\" \/><\/figure>\n\n\n\n<h2 class=\"wp-block-heading\" id=\"h-monitorizacao\"><span class=\"ez-toc-section\" id=\"Monitorizacao\"><\/span><strong>Monitoriza\u00e7\u00e3o<\/strong><span class=\"ez-toc-section-end\"><\/span><\/h2>\n\n\n\n<p>O consenso explica que o colecalciferol nas dosagens sugeridas pode manter os n\u00edveis s\u00e9ricos fisiol\u00f3gicos acima de 30 ng\/mL mas abaixo de 50 ng\/mL por longos per\u00edodos, independente se dosagem di\u00e1ria ou semanal. Portanto, n\u00e3o h\u00e1 indica\u00e7\u00e3o de monitoriza\u00e7\u00e3o rotineira se uso de dose at\u00e9 2.000UI\/dia.<\/p>\n\n\n\n<p>A indica\u00e7\u00e3o de monitoriza\u00e7\u00e3o com nova dosagem de vitamina D 8 a 12 semanas ap\u00f3s in\u00edcio do tratamento ocorre somente nas seguintes situa\u00e7\u00f5es:<\/p>\n\n\n\n<ul class=\"wp-block-list\">\n<li>Suspeita de baixa ades\u00e3o;<\/li>\n\n\n\n<li>Sintomas sugestivos de defici\u00eancia de vitamina D;<\/li>\n<\/ul>\n\n\n\n<p>Pacientes em risco de n\u00edvel persistente de 25OHD abaixo de 30 ng\/ml:<\/p>\n\n\n\n<ul class=\"wp-block-list\">\n<li>Indiv\u00edduos institucionalizados ou internados<\/li>\n\n\n\n<li>Hiperparatireoidismo prim\u00e1rio<\/li>\n\n\n\n<li>Obesidade<\/li>\n\n\n\n<li>Pessoas submetidas a cirurgia bari\u00e1trica<\/li>\n\n\n\n<li>Uso de medicamentos como anticonvulsivantes, glicocorticoides<\/li>\n\n\n\n<li>Pacientes com doen\u00e7as disabsortivas.<\/li>\n<\/ul>\n\n\n\n<h2 class=\"wp-block-heading\" id=\"h-nossa-visao\"><span class=\"ez-toc-section\" id=\"Nossa_visao\"><\/span><strong>Nossa vis\u00e3o<\/strong><span class=\"ez-toc-section-end\"><\/span><\/h2>\n\n\n\n<p>Todo guideline deve ser guiado para uma popula\u00e7\u00e3o, entendendo os diversos fatores, como altera\u00e7\u00f5es em desfechos negativos (principalmente mortalidade) e\/ou melhora de \u00edndices de qualidade de vida. Al\u00e9m disso, o custo-benef\u00edcio de medidas deve ser colocado como uma vari\u00e1vel a se considerar.<\/p>\n\n\n\n<p>Fa\u00e7amos um breve exerc\u00edcio\u2026<\/p>\n\n\n\n<p>Com que frequ\u00eancia na sua pr\u00e1tica cl\u00ednica surgiu a indaga\u00e7\u00e3o sobre benef\u00edcios da vitamina D? Ou melhor, j\u00e1 esteve diante do questionamento se n\u00e3o seria poss\u00edvel inclu\u00ed-la em sua lista de exames ou check-up?<\/p>\n\n\n\n<p>Este, sem d\u00favidas, \u00e9 um dos motivos respons\u00e1veis para que n\u00e3o se estimule o screening e apenas exer\u00e7a o tratamento em grupos espec\u00edficos com demonstra\u00e7\u00e3o de desfechos favor\u00e1veis.<\/p>\n\n\n\n<p>Al\u00e9m disso, \u00e9 importante salientar a diferen\u00e7a de popula\u00e7\u00f5es, seja por idade, localiza\u00e7\u00e3o geogr\u00e1fica, recursos financeiros etc. No Brasil, h\u00e1 uma ingesta pobre e diversos estudos que demonstram estatisticamente a defici\u00eancia de vitamina D em nossa popula\u00e7\u00e3o. Um exemplo recente foi exposto no jornal de Pediatria por meio do artigo &#8220;Alert for the high prevalence of vitamin D deficiency in adolescents in a large Brazilian sample&#8221; (Radonsky et al, 2024).<\/p>\n\n\n\n<p>Por fim, enfatizamos novamente que as recomenda\u00e7\u00f5es s\u00e3o para pacientes saud\u00e1veis. Caso esteja diante de algu\u00e9m que apresente doen\u00e7as cr\u00f4nicas, individualize seu paciente buscando um tratamento coerente e realmente necess\u00e1rio.<\/p>\n\n\n\n<h2 class=\"wp-block-heading\" id=\"h-seja-um-medcoffer\"><span class=\"ez-toc-section\" id=\"Seja_um_MedCoffer\"><\/span><strong>Seja um MedCoffer<\/strong><span class=\"ez-toc-section-end\"><\/span><\/h2>\n\n\n\n<p>Se voc\u00ea quer garantir a sua aprova\u00e7\u00e3o nas provas de resid\u00eancia m\u00e9dica, conhe\u00e7a o grupo MedCof e a metodologia que j\u00e1 aprovou\u00a0<a href=\"https:\/\/www.grupomedcof.com.br\/blog\/presenca-da-medcof-nas-aprovacoes-em-residencia-medica-no-brasil\/\"><strong>mais de 10 mil<\/strong><\/a>\u00a0residentes pelo pa\u00eds. Confira abaixo uma das aulas exclusivas do nosso\u00a0<strong><a href=\"https:\/\/youtu.be\/xWp2SRtTG14?si=qJlWtrFHZyYnmx_T\">Curso Extensivo<\/a><\/strong>:<\/p>\n\n\n\n<figure class=\"wp-block-embed is-type-video is-provider-youtube wp-block-embed-youtube wp-embed-aspect-16-9 wp-has-aspect-ratio\"><div class=\"wp-block-embed__wrapper\">\n<iframe loading=\"lazy\" title=\"COFEXPRESS - Obesidade: Tratamento Farmacol\u00f3gico e Cir\u00fargico. Com Dra. Mariana Ramos\" width=\"696\" height=\"392\" src=\"https:\/\/www.youtube.com\/embed\/xWp2SRtTG14?feature=oembed\" frameborder=\"0\" allow=\"accelerometer; autoplay; clipboard-write; encrypted-media; gyroscope; picture-in-picture; web-share\" referrerpolicy=\"strict-origin-when-cross-origin\" allowfullscreen><\/iframe>\n<\/div><\/figure>\n","protected":false},"excerpt":{"rendered":"<p>Recentemente, foi publicado um novo consenso de avalia\u00e7\u00e3o e reposi\u00e7\u00e3o de Vitamina D pela Endocrine Society. Veja agora todos os detalhes sobre.<\/p>\n","protected":false},"author":23,"featured_media":29033,"comment_status":"open","ping_status":"open","sticky":false,"template":"","format":"standard","meta":{"footnotes":""},"categories":[1679],"tags":[236,1430],"ppma_author":[3618],"class_list":{"0":"post-29028","1":"post","2":"type-post","3":"status-publish","4":"format-standard","5":"has-post-thumbnail","7":"category-medcof-endocrino","8":"tag-endocrinologia","9":"tag-medcof-endocrino"},"yoast_head":"<!-- This site is optimized with the Yoast SEO Premium plugin v24.3 (Yoast SEO v27.4) - https:\/\/yoast.com\/product\/yoast-seo-premium-wordpress\/ -->\n<title>Novo consenso de avalia\u00e7\u00e3o e reposi\u00e7\u00e3o de vitamina D - Blog de Medcof: conte\u00fados, editais, revalida e mais!<\/title>\n<meta name=\"description\" content=\"Foi publicado recentemente um novo consenso de avalia\u00e7\u00e3o e reposi\u00e7\u00e3o de Vitamina D pela Endocrine Society....\" \/>\n<meta name=\"robots\" content=\"index, follow, max-snippet:-1, max-image-preview:large, max-video-preview:-1\" \/>\n<link rel=\"canonical\" href=\"https:\/\/www.grupomedcof.com.br\/blog\/novo-consenso-de-avaliacao-e-reposicao-de-vitamina-d\/\" \/>\n<meta property=\"og:locale\" content=\"pt_BR\" \/>\n<meta property=\"og:type\" content=\"article\" \/>\n<meta property=\"og:title\" content=\"Novo consenso de avalia\u00e7\u00e3o e reposi\u00e7\u00e3o de vitamina D\" \/>\n<meta property=\"og:description\" content=\"Foi publicado recentemente um novo consenso de avalia\u00e7\u00e3o e reposi\u00e7\u00e3o de Vitamina D pela Endocrine Society....\" \/>\n<meta property=\"og:url\" content=\"https:\/\/www.grupomedcof.com.br\/blog\/novo-consenso-de-avaliacao-e-reposicao-de-vitamina-d\/\" \/>\n<meta property=\"og:site_name\" content=\"Blog de Medcof: conte\u00fados, editais, revalida e mais!\" \/>\n<meta property=\"article:publisher\" content=\"https:\/\/www.facebook.com\/MedCofQbank\/\" \/>\n<meta property=\"article:published_time\" content=\"2024-08-21T17:24:23+00:00\" \/>\n<meta property=\"article:modified_time\" content=\"2025-08-05T21:42:53+00:00\" \/>\n<meta property=\"og:image\" content=\"https:\/\/www.grupomedcof.com.br\/blog\/wp-content\/uploads\/2024\/08\/Blog-MedCof-2-1024x576.png\" \/>\n\t<meta property=\"og:image:width\" content=\"1024\" \/>\n\t<meta property=\"og:image:height\" content=\"576\" \/>\n\t<meta property=\"og:image:type\" content=\"image\/png\" \/>\n<meta name=\"author\" content=\"Lu\u00edsa Porto\" \/>\n<meta name=\"twitter:card\" content=\"summary_large_image\" \/>\n<meta name=\"twitter:label1\" content=\"Escrito por\" \/>\n\t<meta name=\"twitter:data1\" content=\"Lu\u00edsa Porto\" \/>\n\t<meta name=\"twitter:label2\" content=\"Est. tempo de leitura\" \/>\n\t<meta name=\"twitter:data2\" content=\"6 minutos\" \/>\n<script type=\"application\/ld+json\" class=\"yoast-schema-graph\">{\"@context\":\"https:\\\/\\\/schema.org\",\"@graph\":[{\"@type\":\"Article\",\"@id\":\"https:\\\/\\\/www.grupomedcof.com.br\\\/blog\\\/novo-consenso-de-avaliacao-e-reposicao-de-vitamina-d\\\/#article\",\"isPartOf\":{\"@id\":\"https:\\\/\\\/www.grupomedcof.com.br\\\/blog\\\/novo-consenso-de-avaliacao-e-reposicao-de-vitamina-d\\\/\"},\"author\":{\"name\":\"Lu\u00edsa Porto\",\"@id\":\"https:\\\/\\\/www.grupomedcof.com.br\\\/blog\\\/#\\\/schema\\\/person\\\/d755ffce500bd0766bbf0e4e6572518f\"},\"headline\":\"Novo consenso de avalia\u00e7\u00e3o e reposi\u00e7\u00e3o de vitamina D\",\"datePublished\":\"2024-08-21T17:24:23+00:00\",\"dateModified\":\"2025-08-05T21:42:53+00:00\",\"mainEntityOfPage\":{\"@id\":\"https:\\\/\\\/www.grupomedcof.com.br\\\/blog\\\/novo-consenso-de-avaliacao-e-reposicao-de-vitamina-d\\\/\"},\"wordCount\":942,\"commentCount\":0,\"publisher\":{\"@id\":\"https:\\\/\\\/www.grupomedcof.com.br\\\/blog\\\/#organization\"},\"image\":{\"@id\":\"https:\\\/\\\/www.grupomedcof.com.br\\\/blog\\\/novo-consenso-de-avaliacao-e-reposicao-de-vitamina-d\\\/#primaryimage\"},\"thumbnailUrl\":\"https:\\\/\\\/www.grupomedcof.com.br\\\/blog\\\/wp-content\\\/uploads\\\/2024\\\/08\\\/Blog-MedCof-2.png\",\"keywords\":[\"Endocrinologia\",\"MedCof End\u00f3crino\"],\"articleSection\":[\"Medcof Endocrino\"],\"inLanguage\":\"pt-BR\"},{\"@type\":\"WebPage\",\"@id\":\"https:\\\/\\\/www.grupomedcof.com.br\\\/blog\\\/novo-consenso-de-avaliacao-e-reposicao-de-vitamina-d\\\/\",\"url\":\"https:\\\/\\\/www.grupomedcof.com.br\\\/blog\\\/novo-consenso-de-avaliacao-e-reposicao-de-vitamina-d\\\/\",\"name\":\"Novo consenso de avalia\u00e7\u00e3o e reposi\u00e7\u00e3o de vitamina D - Blog de Medcof: conte\u00fados, editais, revalida e mais!\",\"isPartOf\":{\"@id\":\"https:\\\/\\\/www.grupomedcof.com.br\\\/blog\\\/#website\"},\"primaryImageOfPage\":{\"@id\":\"https:\\\/\\\/www.grupomedcof.com.br\\\/blog\\\/novo-consenso-de-avaliacao-e-reposicao-de-vitamina-d\\\/#primaryimage\"},\"image\":{\"@id\":\"https:\\\/\\\/www.grupomedcof.com.br\\\/blog\\\/novo-consenso-de-avaliacao-e-reposicao-de-vitamina-d\\\/#primaryimage\"},\"thumbnailUrl\":\"https:\\\/\\\/www.grupomedcof.com.br\\\/blog\\\/wp-content\\\/uploads\\\/2024\\\/08\\\/Blog-MedCof-2.png\",\"datePublished\":\"2024-08-21T17:24:23+00:00\",\"dateModified\":\"2025-08-05T21:42:53+00:00\",\"description\":\"Foi publicado recentemente um novo consenso de avalia\u00e7\u00e3o e reposi\u00e7\u00e3o de Vitamina D pela Endocrine Society....\",\"breadcrumb\":{\"@id\":\"https:\\\/\\\/www.grupomedcof.com.br\\\/blog\\\/novo-consenso-de-avaliacao-e-reposicao-de-vitamina-d\\\/#breadcrumb\"},\"inLanguage\":\"pt-BR\",\"potentialAction\":[{\"@type\":\"ReadAction\",\"target\":[\"https:\\\/\\\/www.grupomedcof.com.br\\\/blog\\\/novo-consenso-de-avaliacao-e-reposicao-de-vitamina-d\\\/\"]}]},{\"@type\":\"ImageObject\",\"inLanguage\":\"pt-BR\",\"@id\":\"https:\\\/\\\/www.grupomedcof.com.br\\\/blog\\\/novo-consenso-de-avaliacao-e-reposicao-de-vitamina-d\\\/#primaryimage\",\"url\":\"https:\\\/\\\/www.grupomedcof.com.br\\\/blog\\\/wp-content\\\/uploads\\\/2024\\\/08\\\/Blog-MedCof-2.png\",\"contentUrl\":\"https:\\\/\\\/www.grupomedcof.com.br\\\/blog\\\/wp-content\\\/uploads\\\/2024\\\/08\\\/Blog-MedCof-2.png\",\"width\":1920,\"height\":1080},{\"@type\":\"BreadcrumbList\",\"@id\":\"https:\\\/\\\/www.grupomedcof.com.br\\\/blog\\\/novo-consenso-de-avaliacao-e-reposicao-de-vitamina-d\\\/#breadcrumb\",\"itemListElement\":[{\"@type\":\"ListItem\",\"position\":1,\"name\":\"In\u00edcio\",\"item\":\"https:\\\/\\\/www.grupomedcof.com.br\\\/blog\\\/\"},{\"@type\":\"ListItem\",\"position\":2,\"name\":\"Novo consenso de avalia\u00e7\u00e3o e reposi\u00e7\u00e3o de vitamina D\"}]},{\"@type\":\"WebSite\",\"@id\":\"https:\\\/\\\/www.grupomedcof.com.br\\\/blog\\\/#website\",\"url\":\"https:\\\/\\\/www.grupomedcof.com.br\\\/blog\\\/\",\"name\":\"Blog de Medcof: conte\u00fados, editais, revalida e mais!\",\"description\":\"Acesso o blog de MedCof! Seu portal de conte\u00fados sobre resid\u00eancia m\u00e9dica, an\u00e1lise e editais e muito mais. Clique e confira!\",\"publisher\":{\"@id\":\"https:\\\/\\\/www.grupomedcof.com.br\\\/blog\\\/#organization\"},\"alternateName\":\"Blog de Medcof: conte\u00fados, editais, revalida e mais!\",\"potentialAction\":[{\"@type\":\"SearchAction\",\"target\":{\"@type\":\"EntryPoint\",\"urlTemplate\":\"https:\\\/\\\/www.grupomedcof.com.br\\\/blog\\\/?s={search_term_string}\"},\"query-input\":{\"@type\":\"PropertyValueSpecification\",\"valueRequired\":true,\"valueName\":\"search_term_string\"}}],\"inLanguage\":\"pt-BR\"},{\"@type\":\"Organization\",\"@id\":\"https:\\\/\\\/www.grupomedcof.com.br\\\/blog\\\/#organization\",\"name\":\"Grupo MedCof\",\"url\":\"https:\\\/\\\/www.grupomedcof.com.br\\\/blog\\\/\",\"logo\":{\"@type\":\"ImageObject\",\"inLanguage\":\"pt-BR\",\"@id\":\"https:\\\/\\\/www.grupomedcof.com.br\\\/blog\\\/#\\\/schema\\\/logo\\\/image\\\/\",\"url\":\"https:\\\/\\\/www.grupomedcof.com.br\\\/blog\\\/wp-content\\\/uploads\\\/2022\\\/01\\\/logo-medcof.png\",\"contentUrl\":\"https:\\\/\\\/www.grupomedcof.com.br\\\/blog\\\/wp-content\\\/uploads\\\/2022\\\/01\\\/logo-medcof.png\",\"width\":768,\"height\":269,\"caption\":\"Grupo MedCof\"},\"image\":{\"@id\":\"https:\\\/\\\/www.grupomedcof.com.br\\\/blog\\\/#\\\/schema\\\/logo\\\/image\\\/\"},\"sameAs\":[\"https:\\\/\\\/www.facebook.com\\\/MedCofQbank\\\/\",\"https:\\\/\\\/www.instagram.com\\\/grupomedcof\\\/\",\"https:\\\/\\\/br.linkedin.com\\\/company\\\/medcof\",\"https:\\\/\\\/www.youtube.com\\\/channel\\\/UCdHMuOHKICxcHwecxN8P-AA\"]},{\"@type\":\"Person\",\"@id\":\"https:\\\/\\\/www.grupomedcof.com.br\\\/blog\\\/#\\\/schema\\\/person\\\/d755ffce500bd0766bbf0e4e6572518f\",\"name\":\"Lu\u00edsa Porto\",\"image\":{\"@type\":\"ImageObject\",\"inLanguage\":\"pt-BR\",\"@id\":\"https:\\\/\\\/www.grupomedcof.com.br\\\/blog\\\/wp-content\\\/uploads\\\/2025\\\/05\\\/cropped-WhatsApp-Image-2025-05-05-at-19.22.15-96x96.jpegd989589e3fd3e4fb9efe9268a95bbcc4\",\"url\":\"https:\\\/\\\/www.grupomedcof.com.br\\\/blog\\\/wp-content\\\/uploads\\\/2025\\\/05\\\/cropped-WhatsApp-Image-2025-05-05-at-19.22.15-96x96.jpeg\",\"contentUrl\":\"https:\\\/\\\/www.grupomedcof.com.br\\\/blog\\\/wp-content\\\/uploads\\\/2025\\\/05\\\/cropped-WhatsApp-Image-2025-05-05-at-19.22.15-96x96.jpeg\",\"caption\":\"Lu\u00edsa Porto\"},\"description\":\"Estudante de Jornalismo do 6\u00ba semestre, encantada pela \u00e1rea da comunica\u00e7\u00e3o e f\u00e3 de automobilismo\",\"url\":\"https:\\\/\\\/www.grupomedcof.com.br\\\/blog\\\/author\\\/porto\\\/\"}]}<\/script>\n<!-- \/ Yoast SEO Premium plugin. -->","yoast_head_json":{"title":"Novo consenso de avalia\u00e7\u00e3o e reposi\u00e7\u00e3o de vitamina D - Blog de Medcof: conte\u00fados, editais, revalida e mais!","description":"Foi publicado recentemente um novo consenso de avalia\u00e7\u00e3o e reposi\u00e7\u00e3o de Vitamina D pela Endocrine Society....","robots":{"index":"index","follow":"follow","max-snippet":"max-snippet:-1","max-image-preview":"max-image-preview:large","max-video-preview":"max-video-preview:-1"},"canonical":"https:\/\/www.grupomedcof.com.br\/blog\/novo-consenso-de-avaliacao-e-reposicao-de-vitamina-d\/","og_locale":"pt_BR","og_type":"article","og_title":"Novo consenso de avalia\u00e7\u00e3o e reposi\u00e7\u00e3o de vitamina D","og_description":"Foi publicado recentemente um novo consenso de avalia\u00e7\u00e3o e reposi\u00e7\u00e3o de Vitamina D pela Endocrine Society....","og_url":"https:\/\/www.grupomedcof.com.br\/blog\/novo-consenso-de-avaliacao-e-reposicao-de-vitamina-d\/","og_site_name":"Blog de Medcof: conte\u00fados, editais, revalida e mais!","article_publisher":"https:\/\/www.facebook.com\/MedCofQbank\/","article_published_time":"2024-08-21T17:24:23+00:00","article_modified_time":"2025-08-05T21:42:53+00:00","og_image":[{"width":1024,"height":576,"url":"https:\/\/www.grupomedcof.com.br\/blog\/wp-content\/uploads\/2024\/08\/Blog-MedCof-2-1024x576.png","type":"image\/png"}],"author":"Lu\u00edsa Porto","twitter_card":"summary_large_image","twitter_misc":{"Escrito por":"Lu\u00edsa Porto","Est. tempo de leitura":"6 minutos"},"schema":{"@context":"https:\/\/schema.org","@graph":[{"@type":"Article","@id":"https:\/\/www.grupomedcof.com.br\/blog\/novo-consenso-de-avaliacao-e-reposicao-de-vitamina-d\/#article","isPartOf":{"@id":"https:\/\/www.grupomedcof.com.br\/blog\/novo-consenso-de-avaliacao-e-reposicao-de-vitamina-d\/"},"author":{"name":"Lu\u00edsa Porto","@id":"https:\/\/www.grupomedcof.com.br\/blog\/#\/schema\/person\/d755ffce500bd0766bbf0e4e6572518f"},"headline":"Novo consenso de avalia\u00e7\u00e3o e reposi\u00e7\u00e3o de vitamina D","datePublished":"2024-08-21T17:24:23+00:00","dateModified":"2025-08-05T21:42:53+00:00","mainEntityOfPage":{"@id":"https:\/\/www.grupomedcof.com.br\/blog\/novo-consenso-de-avaliacao-e-reposicao-de-vitamina-d\/"},"wordCount":942,"commentCount":0,"publisher":{"@id":"https:\/\/www.grupomedcof.com.br\/blog\/#organization"},"image":{"@id":"https:\/\/www.grupomedcof.com.br\/blog\/novo-consenso-de-avaliacao-e-reposicao-de-vitamina-d\/#primaryimage"},"thumbnailUrl":"https:\/\/www.grupomedcof.com.br\/blog\/wp-content\/uploads\/2024\/08\/Blog-MedCof-2.png","keywords":["Endocrinologia","MedCof End\u00f3crino"],"articleSection":["Medcof Endocrino"],"inLanguage":"pt-BR"},{"@type":"WebPage","@id":"https:\/\/www.grupomedcof.com.br\/blog\/novo-consenso-de-avaliacao-e-reposicao-de-vitamina-d\/","url":"https:\/\/www.grupomedcof.com.br\/blog\/novo-consenso-de-avaliacao-e-reposicao-de-vitamina-d\/","name":"Novo consenso de avalia\u00e7\u00e3o e reposi\u00e7\u00e3o de vitamina D - Blog de Medcof: conte\u00fados, editais, revalida e mais!","isPartOf":{"@id":"https:\/\/www.grupomedcof.com.br\/blog\/#website"},"primaryImageOfPage":{"@id":"https:\/\/www.grupomedcof.com.br\/blog\/novo-consenso-de-avaliacao-e-reposicao-de-vitamina-d\/#primaryimage"},"image":{"@id":"https:\/\/www.grupomedcof.com.br\/blog\/novo-consenso-de-avaliacao-e-reposicao-de-vitamina-d\/#primaryimage"},"thumbnailUrl":"https:\/\/www.grupomedcof.com.br\/blog\/wp-content\/uploads\/2024\/08\/Blog-MedCof-2.png","datePublished":"2024-08-21T17:24:23+00:00","dateModified":"2025-08-05T21:42:53+00:00","description":"Foi publicado recentemente um novo consenso de avalia\u00e7\u00e3o e reposi\u00e7\u00e3o de Vitamina D pela Endocrine Society....","breadcrumb":{"@id":"https:\/\/www.grupomedcof.com.br\/blog\/novo-consenso-de-avaliacao-e-reposicao-de-vitamina-d\/#breadcrumb"},"inLanguage":"pt-BR","potentialAction":[{"@type":"ReadAction","target":["https:\/\/www.grupomedcof.com.br\/blog\/novo-consenso-de-avaliacao-e-reposicao-de-vitamina-d\/"]}]},{"@type":"ImageObject","inLanguage":"pt-BR","@id":"https:\/\/www.grupomedcof.com.br\/blog\/novo-consenso-de-avaliacao-e-reposicao-de-vitamina-d\/#primaryimage","url":"https:\/\/www.grupomedcof.com.br\/blog\/wp-content\/uploads\/2024\/08\/Blog-MedCof-2.png","contentUrl":"https:\/\/www.grupomedcof.com.br\/blog\/wp-content\/uploads\/2024\/08\/Blog-MedCof-2.png","width":1920,"height":1080},{"@type":"BreadcrumbList","@id":"https:\/\/www.grupomedcof.com.br\/blog\/novo-consenso-de-avaliacao-e-reposicao-de-vitamina-d\/#breadcrumb","itemListElement":[{"@type":"ListItem","position":1,"name":"In\u00edcio","item":"https:\/\/www.grupomedcof.com.br\/blog\/"},{"@type":"ListItem","position":2,"name":"Novo consenso de avalia\u00e7\u00e3o e reposi\u00e7\u00e3o de vitamina D"}]},{"@type":"WebSite","@id":"https:\/\/www.grupomedcof.com.br\/blog\/#website","url":"https:\/\/www.grupomedcof.com.br\/blog\/","name":"Blog de Medcof: conte\u00fados, editais, revalida e mais!","description":"Acesso o blog de MedCof! Seu portal de conte\u00fados sobre resid\u00eancia m\u00e9dica, an\u00e1lise e editais e muito mais. Clique e confira!","publisher":{"@id":"https:\/\/www.grupomedcof.com.br\/blog\/#organization"},"alternateName":"Blog de Medcof: conte\u00fados, editais, revalida e mais!","potentialAction":[{"@type":"SearchAction","target":{"@type":"EntryPoint","urlTemplate":"https:\/\/www.grupomedcof.com.br\/blog\/?s={search_term_string}"},"query-input":{"@type":"PropertyValueSpecification","valueRequired":true,"valueName":"search_term_string"}}],"inLanguage":"pt-BR"},{"@type":"Organization","@id":"https:\/\/www.grupomedcof.com.br\/blog\/#organization","name":"Grupo MedCof","url":"https:\/\/www.grupomedcof.com.br\/blog\/","logo":{"@type":"ImageObject","inLanguage":"pt-BR","@id":"https:\/\/www.grupomedcof.com.br\/blog\/#\/schema\/logo\/image\/","url":"https:\/\/www.grupomedcof.com.br\/blog\/wp-content\/uploads\/2022\/01\/logo-medcof.png","contentUrl":"https:\/\/www.grupomedcof.com.br\/blog\/wp-content\/uploads\/2022\/01\/logo-medcof.png","width":768,"height":269,"caption":"Grupo MedCof"},"image":{"@id":"https:\/\/www.grupomedcof.com.br\/blog\/#\/schema\/logo\/image\/"},"sameAs":["https:\/\/www.facebook.com\/MedCofQbank\/","https:\/\/www.instagram.com\/grupomedcof\/","https:\/\/br.linkedin.com\/company\/medcof","https:\/\/www.youtube.com\/channel\/UCdHMuOHKICxcHwecxN8P-AA"]},{"@type":"Person","@id":"https:\/\/www.grupomedcof.com.br\/blog\/#\/schema\/person\/d755ffce500bd0766bbf0e4e6572518f","name":"Lu\u00edsa Porto","image":{"@type":"ImageObject","inLanguage":"pt-BR","@id":"https:\/\/www.grupomedcof.com.br\/blog\/wp-content\/uploads\/2025\/05\/cropped-WhatsApp-Image-2025-05-05-at-19.22.15-96x96.jpegd989589e3fd3e4fb9efe9268a95bbcc4","url":"https:\/\/www.grupomedcof.com.br\/blog\/wp-content\/uploads\/2025\/05\/cropped-WhatsApp-Image-2025-05-05-at-19.22.15-96x96.jpeg","contentUrl":"https:\/\/www.grupomedcof.com.br\/blog\/wp-content\/uploads\/2025\/05\/cropped-WhatsApp-Image-2025-05-05-at-19.22.15-96x96.jpeg","caption":"Lu\u00edsa Porto"},"description":"Estudante de Jornalismo do 6\u00ba semestre, encantada pela \u00e1rea da comunica\u00e7\u00e3o e f\u00e3 de automobilismo","url":"https:\/\/www.grupomedcof.com.br\/blog\/author\/porto\/"}]}},"authors":[{"term_id":3618,"user_id":23,"is_guest":0,"slug":"porto","display_name":"Lu\u00edsa Porto","avatar_url":"https:\/\/www.grupomedcof.com.br\/blog\/wp-content\/uploads\/2025\/05\/cropped-WhatsApp-Image-2025-05-05-at-19.22.15-96x96.jpeg","0":null,"1":"","2":"","3":"","4":"","5":"","6":"","7":"","8":""}],"_links":{"self":[{"href":"https:\/\/www.grupomedcof.com.br\/blog\/wp-json\/wp\/v2\/posts\/29028","targetHints":{"allow":["GET"]}}],"collection":[{"href":"https:\/\/www.grupomedcof.com.br\/blog\/wp-json\/wp\/v2\/posts"}],"about":[{"href":"https:\/\/www.grupomedcof.com.br\/blog\/wp-json\/wp\/v2\/types\/post"}],"author":[{"embeddable":true,"href":"https:\/\/www.grupomedcof.com.br\/blog\/wp-json\/wp\/v2\/users\/23"}],"replies":[{"embeddable":true,"href":"https:\/\/www.grupomedcof.com.br\/blog\/wp-json\/wp\/v2\/comments?post=29028"}],"version-history":[{"count":1,"href":"https:\/\/www.grupomedcof.com.br\/blog\/wp-json\/wp\/v2\/posts\/29028\/revisions"}],"predecessor-version":[{"id":36840,"href":"https:\/\/www.grupomedcof.com.br\/blog\/wp-json\/wp\/v2\/posts\/29028\/revisions\/36840"}],"wp:featuredmedia":[{"embeddable":true,"href":"https:\/\/www.grupomedcof.com.br\/blog\/wp-json\/wp\/v2\/media\/29033"}],"wp:attachment":[{"href":"https:\/\/www.grupomedcof.com.br\/blog\/wp-json\/wp\/v2\/media?parent=29028"}],"wp:term":[{"taxonomy":"category","embeddable":true,"href":"https:\/\/www.grupomedcof.com.br\/blog\/wp-json\/wp\/v2\/categories?post=29028"},{"taxonomy":"post_tag","embeddable":true,"href":"https:\/\/www.grupomedcof.com.br\/blog\/wp-json\/wp\/v2\/tags?post=29028"},{"taxonomy":"author","embeddable":true,"href":"https:\/\/www.grupomedcof.com.br\/blog\/wp-json\/wp\/v2\/ppma_author?post=29028"}],"curies":[{"name":"wp","href":"https:\/\/api.w.org\/{rel}","templated":true}]}}