{"id":29031,"date":"2025-12-11T10:18:38","date_gmt":"2025-12-11T13:18:38","guid":{"rendered":"https:\/\/www.grupomedcof.com.br\/blog\/?p=29031"},"modified":"2025-12-11T10:18:40","modified_gmt":"2025-12-11T13:18:40","slug":"edital-residencia-medica-hpp","status":"publish","type":"post","link":"https:\/\/www.grupomedcof.com.br\/blog\/edital-residencia-medica-hpp\/","title":{"rendered":"Hospital Pequeno Pr\u00edncipe (HPP) 2025\/2026: resultado final divulgado!"},"content":{"rendered":"<div id=\"ez-toc-container\" class=\"ez-toc-v2_0_74 counter-hierarchy ez-toc-counter ez-toc-transparent ez-toc-container-direction\">\n<div class=\"ez-toc-title-container\">\n<p class=\"ez-toc-title\" style=\"cursor:inherit\">Sum\u00e1rio<\/p>\n<span class=\"ez-toc-title-toggle\"><a href=\"#\" class=\"ez-toc-pull-right ez-toc-btn ez-toc-btn-xs ez-toc-btn-default ez-toc-toggle\" aria-label=\"Alternar tabela de conte\u00fado\"><span class=\"ez-toc-js-icon-con\"><span class=\"\"><span class=\"eztoc-hide\" style=\"display:none;\">Toggle<\/span><span class=\"ez-toc-icon-toggle-span\"><svg style=\"fill: #999;color:#999\" xmlns=\"http:\/\/www.w3.org\/2000\/svg\" class=\"list-377408\" width=\"20px\" height=\"20px\" viewBox=\"0 0 24 24\" fill=\"none\"><path d=\"M6 6H4v2h2V6zm14 0H8v2h12V6zM4 11h2v2H4v-2zm16 0H8v2h12v-2zM4 16h2v2H4v-2zm16 0H8v2h12v-2z\" fill=\"currentColor\"><\/path><\/svg><svg style=\"fill: #999;color:#999\" class=\"arrow-unsorted-368013\" xmlns=\"http:\/\/www.w3.org\/2000\/svg\" width=\"10px\" height=\"10px\" viewBox=\"0 0 24 24\" version=\"1.2\" baseProfile=\"tiny\"><path d=\"M18.2 9.3l-6.2-6.3-6.2 6.3c-.2.2-.3.4-.3.7s.1.5.3.7c.2.2.4.3.7.3h11c.3 0 .5-.1.7-.3.2-.2.3-.5.3-.7s-.1-.5-.3-.7zM5.8 14.7l6.2 6.3 6.2-6.3c.2-.2.3-.5.3-.7s-.1-.5-.3-.7c-.2-.2-.4-.3-.7-.3h-11c-.3 0-.5.1-.7.3-.2.2-.3.5-.3.7s.1.5.3.7z\"\/><\/svg><\/span><\/span><\/span><\/a><\/span><\/div>\n<nav><ul class='ez-toc-list ez-toc-list-level-1 ' ><li class='ez-toc-page-1 ez-toc-heading-level-2'><a class=\"ez-toc-link ez-toc-heading-1\" href=\"https:\/\/www.grupomedcof.com.br\/blog\/edital-residencia-medica-hpp\/#Sobre_o_Hospital_Pequeno_Principe\" >Sobre o Hospital Pequeno Pr\u00edncipe<\/a><\/li><li class='ez-toc-page-1 ez-toc-heading-level-2'><a class=\"ez-toc-link ez-toc-heading-2\" href=\"https:\/\/www.grupomedcof.com.br\/blog\/edital-residencia-medica-hpp\/#Criterios_de_selecao_e_etapas\" >Crit\u00e9rios de sele\u00e7\u00e3o e etapas<\/a><ul class='ez-toc-list-level-3' ><li class='ez-toc-heading-level-3'><a class=\"ez-toc-link ez-toc-heading-3\" href=\"https:\/\/www.grupomedcof.com.br\/blog\/edital-residencia-medica-hpp\/#Prova_Objetiva\" >Prova Objetiva<\/a><\/li><li class='ez-toc-page-1 ez-toc-heading-level-3'><a class=\"ez-toc-link ez-toc-heading-4\" href=\"https:\/\/www.grupomedcof.com.br\/blog\/edital-residencia-medica-hpp\/#Analise_e_defesa_do_curriculo\" >An\u00e1lise e defesa do curr\u00edculo<\/a><\/li><li class='ez-toc-page-1 ez-toc-heading-level-3'><a class=\"ez-toc-link ez-toc-heading-5\" href=\"https:\/\/www.grupomedcof.com.br\/blog\/edital-residencia-medica-hpp\/#Prova_Pratica\" >Prova Pr\u00e1tica<\/a><\/li><\/ul><\/li><li class='ez-toc-page-1 ez-toc-heading-level-2'><a class=\"ez-toc-link ez-toc-heading-6\" href=\"https:\/\/www.grupomedcof.com.br\/blog\/edital-residencia-medica-hpp\/#Especialidades_e_vagas_disponiveis\" >Especialidades e vagas dispon\u00edveis<\/a><ul class='ez-toc-list-level-3' ><li class='ez-toc-heading-level-3'><a class=\"ez-toc-link ez-toc-heading-7\" href=\"https:\/\/www.grupomedcof.com.br\/blog\/edital-residencia-medica-hpp\/#Retificacao_edital_2026\" >Retifica\u00e7\u00e3o edital 2026<\/a><\/li><\/ul><\/li><li class='ez-toc-page-1 ez-toc-heading-level-2'><a class=\"ez-toc-link ez-toc-heading-8\" href=\"https:\/\/www.grupomedcof.com.br\/blog\/edital-residencia-medica-hpp\/#Cronograma_HPP_20252026\" >Cronograma HPP 2025\/2026<\/a><\/li><li class='ez-toc-page-1 ez-toc-heading-level-2'><a class=\"ez-toc-link ez-toc-heading-9\" href=\"https:\/\/www.grupomedcof.com.br\/blog\/edital-residencia-medica-hpp\/#Edital_HPP_2026\" >Edital HPP 2026<\/a><\/li><li class='ez-toc-page-1 ez-toc-heading-level-2'><a class=\"ez-toc-link ez-toc-heading-10\" href=\"https:\/\/www.grupomedcof.com.br\/blog\/edital-residencia-medica-hpp\/#Resultado_Preliminar_HPP_20252026\" >Resultado Preliminar HPP 2025\/2026<\/a><\/li><li class='ez-toc-page-1 ez-toc-heading-level-2'><a class=\"ez-toc-link ez-toc-heading-11\" href=\"https:\/\/www.grupomedcof.com.br\/blog\/edital-residencia-medica-hpp\/#Resultado_Final_HPP_20252026\" >Resultado Final HPP 2025\/2026<\/a><\/li><li class='ez-toc-page-1 ez-toc-heading-level-2'><a class=\"ez-toc-link ez-toc-heading-12\" href=\"https:\/\/www.grupomedcof.com.br\/blog\/edital-residencia-medica-hpp\/#Sua_aprovacao_na_residencia_medica_HPP_comeca_com_nossa_preparacao\" >Sua aprova\u00e7\u00e3o na resid\u00eancia m\u00e9dica HPP come\u00e7a com nossa prepara\u00e7\u00e3o<\/a><\/li><\/ul><\/nav><\/div>\n\n<figure class=\"wp-block-image size-large\"><img loading=\"lazy\" decoding=\"async\" width=\"1024\" height=\"576\" src=\"https:\/\/www.grupomedcof.com.br\/blog\/wp-content\/uploads\/2024\/08\/Modelo-instituicoes-86-1024x576.png\" alt=\"\" class=\"wp-image-29037\" srcset=\"https:\/\/www.grupomedcof.com.br\/blog\/wp-content\/uploads\/2024\/08\/Modelo-instituicoes-86-1024x576.png 1024w, https:\/\/www.grupomedcof.com.br\/blog\/wp-content\/uploads\/2024\/08\/Modelo-instituicoes-86-300x169.png 300w, https:\/\/www.grupomedcof.com.br\/blog\/wp-content\/uploads\/2024\/08\/Modelo-instituicoes-86-768x432.png 768w, https:\/\/www.grupomedcof.com.br\/blog\/wp-content\/uploads\/2024\/08\/Modelo-instituicoes-86-1536x864.png 1536w, https:\/\/www.grupomedcof.com.br\/blog\/wp-content\/uploads\/2024\/08\/Modelo-instituicoes-86-2048x1152.png 2048w, https:\/\/www.grupomedcof.com.br\/blog\/wp-content\/uploads\/2024\/08\/Modelo-instituicoes-86-747x420.png 747w, https:\/\/www.grupomedcof.com.br\/blog\/wp-content\/uploads\/2024\/08\/Modelo-instituicoes-86-150x84.png 150w, https:\/\/www.grupomedcof.com.br\/blog\/wp-content\/uploads\/2024\/08\/Modelo-instituicoes-86-696x392.png 696w, https:\/\/www.grupomedcof.com.br\/blog\/wp-content\/uploads\/2024\/08\/Modelo-instituicoes-86-1068x601.png 1068w, https:\/\/www.grupomedcof.com.br\/blog\/wp-content\/uploads\/2024\/08\/Modelo-instituicoes-86-1920x1080.png 1920w\" sizes=\"auto, (max-width: 1024px) 100vw, 1024px\" \/><\/figure>\n\n\n\n<p>Confira as informa\u00e7\u00f5es do processo seletivo de resid\u00eancia m\u00e9dica do <strong>Hospital Pequeno Pr\u00edncipe<\/strong> e esteja preparado para garantir a sua vaga!<\/p>\n\n\n\n<h2 class=\"wp-block-heading\" id=\"h-sobre-o-hospital-pequeno-principe\"><span class=\"ez-toc-section\" id=\"Sobre_o_Hospital_Pequeno_Principe\"><\/span><strong>Sobre o Hospital Pequeno Pr\u00edncipe<\/strong><span class=\"ez-toc-section-end\"><\/span><\/h2>\n\n\n\n<p>O Hospital Pequeno Pr\u00edncipe (HPP) teve seus primeiros passos no ano de 1919, com um grupo de volunt\u00e1rias e m\u00e9dicos que sonhavam em construir um centro de sa\u00fade de excel\u00eancia para todas as crian\u00e7as. No cen\u00e1rio atual, o HPP \u00e9 o maior hospital pedi\u00e1trico do Brasil.<\/p>\n\n\n\n<p>Reconhecido como centro integrado de diagn\u00f3stico e tratamento e refer\u00eancia em Pediatria, o Pequeno Pr\u00edncipe \u00e9 uma institui\u00e7\u00e3o filantr\u00f3pica e destina 70% da sua capacidade de atendimento ao SUS, enfrentando, assim, os desafios do subfinanciamento da sa\u00fade no pa\u00eds. Al\u00e9m disso, oferece atendimentos em sa\u00fade em 32 especialidades.<\/p>\n\n\n\n<h2 class=\"wp-block-heading\" id=\"h-criterios-de-selecao-e-etapas\"><span class=\"ez-toc-section\" id=\"Criterios_de_selecao_e_etapas\"><\/span><strong>Crit\u00e9rios de sele\u00e7\u00e3o e etapas<\/strong><span class=\"ez-toc-section-end\"><\/span><\/h2>\n\n\n\n<p>De acordo com os editais divulgados em 15 de agosto de 2025, a sele\u00e7\u00e3o foi composta por 3 etapas: a <strong>prova objetiva, an\u00e1lise curricular e prova pr\u00e1tica <\/strong>(dependendo da especialidade).<\/p>\n\n\n\n<p>Para isso, os candidatos tiveram o per\u00edodo de <strong>1\u00b0 de setembro e 20 de outubro de 2025 <\/strong>para realizarem as inscri\u00e7\u00f5es, mediante pagamento da taxa de <strong>R$500,00.<\/strong><\/p>\n\n\n\n<h3 class=\"wp-block-heading\" id=\"h-prova-objetiva\"><span class=\"ez-toc-section\" id=\"Prova_Objetiva\"><\/span><strong>Prova Objetiva<\/strong><span class=\"ez-toc-section-end\"><\/span><\/h3>\n\n\n\n<p>A prova objetiva aconteceu no dia <strong>09 de novembro de 2025<\/strong>, \u00e0s 8h, contendo as seguintes quantidades de quest\u00f5es:<\/p>\n\n\n\n<ul class=\"wp-block-list\">\n<li><strong>Pediatria e Ortopedia<\/strong> &#8211; 100 quest\u00f5es;<\/li>\n\n\n\n<li><strong>Oncologia Pedi\u00e1trica e Cirurgia Pedi\u00e1trica<\/strong> &#8211; 50 quest\u00f5es;<\/li>\n\n\n\n<li>P<strong>siquiatria da Inf\u00e2ncia e Adolesc\u00eancia<\/strong> &#8211; 25 quest\u00f5es.<\/li>\n<\/ul>\n\n\n\n<h3 class=\"wp-block-heading\" id=\"h-analise-e-defesa-do-curriculo\"><span class=\"ez-toc-section\" id=\"Analise_e_defesa_do_curriculo\"><\/span><strong>An\u00e1lise e defesa do curr\u00edculo<\/strong><span class=\"ez-toc-section-end\"><\/span><\/h3>\n\n\n\n<p>Para participar desta etapa, o candidato precisa enviar a documenta\u00e7\u00e3o no ato da inscri\u00e7\u00e3o para ser avaliado no dia da prova objetiva.<\/p>\n\n\n\n<h3 class=\"wp-block-heading\" id=\"h-prova-pratica\"><span class=\"ez-toc-section\" id=\"Prova_Pratica\"><\/span><strong>Prova Pr\u00e1tica <\/strong><span class=\"ez-toc-section-end\"><\/span><\/h3>\n\n\n\n<p>Esta etapa ser\u00e1 exclusiva para os candidatos para especialidade de <strong>Oncologia Pedi\u00e1trica <\/strong>e ser\u00e1 aplicada no <strong>mesmo dia da prova objetiva.<\/strong><\/p>\n\n\n\n<h2 class=\"wp-block-heading\" id=\"h-especialidades-e-vagas-disponiveis\"><span class=\"ez-toc-section\" id=\"Especialidades_e_vagas_disponiveis\"><\/span><strong>Especialidades e vagas dispon\u00edveis<\/strong><span class=\"ez-toc-section-end\"><\/span><\/h2>\n\n\n\n<p>Ao total, o HPP est\u00e1 ofertando 55 vagas. Confira:<\/p>\n\n\n\n<h3 class=\"wp-block-heading\" id=\"h-retificacao-edital-2026\"><span class=\"ez-toc-section\" id=\"Retificacao_edital_2026\"><\/span><strong>Retifica\u00e7\u00e3o edital 2026<\/strong><span class=\"ez-toc-section-end\"><\/span><\/h3>\n\n\n\n<p>A<strong> Faculdade Pequeno Pr\u00edncipe <\/strong>divulgou uma <strong><a href=\"https:\/\/fpp.edu.br\/wp-content\/uploads\/2025\/08\/RETIFICACAO-EDITAL-11-2025-AREAS-DE-ATUACAO-NUTROLOGIA.pdf\" target=\"_blank\" rel=\"noreferrer noopener\">retifica\u00e7\u00e3o <\/a>alterando a quantidade de vagas <\/strong>para a especialidade<strong> Nutrologia<\/strong>. Anteriormente, a institui\u00e7\u00e3o <strong>ofertaria apenas 1 vaga <\/strong>para a especialidade e <strong>agora ofertar\u00e1 2 vagas <\/strong>no total.<\/p>\n\n\n\n<figure class=\"wp-block-table\"><table class=\"has-fixed-layout\"><thead><tr><th>Especialidades<\/th><th>Vagas<\/th><th>Ampla Concorr\u00eancia<\/th><th>Cotistas<\/th><\/tr><\/thead><tbody><tr><td>Pediatria<\/td><td>21<\/td><td>13<\/td><td>07 Etnias \/ 01 PCD<\/td><\/tr><tr><td>Cirurgia Pedi\u00e1trica<\/td><td>02<\/td><td>02<\/td><td>\u2013<\/td><\/tr><tr><td>Oncologia Pedi\u00e1trica<\/td><td>02<\/td><td>02<\/td><td>\u2013<\/td><\/tr><tr><td>Ortopedia e Traumatologia<\/td><td>03<\/td><td>03<\/td><td>\u2013<\/td><\/tr><tr><td>Psiquiatria da Inf\u00e2ncia e Adolesc\u00eancia<\/td><td>02<\/td><td>02<\/td><td>\u2013<\/td><\/tr><tr><td>Cardiologia Pedi\u00e1trica<\/td><td>04<\/td><td>03<\/td><td>01 Etnia \/ 01 PCD<\/td><\/tr><tr><td>Neurologia Pedi\u00e1trica<\/td><td>04<\/td><td>03<\/td><td>01 PCD<\/td><\/tr><tr><td>Medicina Intensiva Pedi\u00e1trica<\/td><td>04<\/td><td>03<\/td><td>01 Etnia<\/td><\/tr><tr><td>Neonatologia Pedi\u00e1trica<\/td><td>03<\/td><td>02<\/td><td>01 PCD<\/td><\/tr><tr><td>Nefrologia Pedi\u00e1trica<\/td><td>03<\/td><td>02<\/td><td>01 PCD<\/td><\/tr><tr><td>Gastroenterologia Pedi\u00e1trica<\/td><td>02<\/td><td>02<\/td><td>\u2013<\/td><\/tr><tr><td>Nutrologia Pedi\u00e1trica<\/td><td><strong>02<\/strong>*<\/td><td><strong>02<\/strong>*<\/td><td>\u2013<\/td><\/tr><tr><td>Reumatologia Pedi\u00e1trica<\/td><td>01<\/td><td>01<\/td><td>\u2013<\/td><\/tr><tr><td>Pneumologia Pedi\u00e1trica<\/td><td>02<\/td><td>02<\/td><td>\u2013<\/td><\/tr><\/tbody><\/table><figcaption class=\"wp-element-caption\">*Retificado<\/figcaption><\/figure>\n\n\n\n<figure class=\"wp-block-image size-large\"><a href=\"https:\/\/www.grupomedcof.com.br\/cofletters\/\"><img loading=\"lazy\" decoding=\"async\" width=\"1024\" height=\"366\" src=\"https:\/\/www.grupomedcof.com.br\/blog\/wp-content\/uploads\/2024\/08\/Capa-Eventos-MedCof-Plus-14-3-1024x366.png\" alt=\"\" class=\"wp-image-28960\" srcset=\"https:\/\/www.grupomedcof.com.br\/blog\/wp-content\/uploads\/2024\/08\/Capa-Eventos-MedCof-Plus-14-3-1024x366.png 1024w, https:\/\/www.grupomedcof.com.br\/blog\/wp-content\/uploads\/2024\/08\/Capa-Eventos-MedCof-Plus-14-3-300x107.png 300w, https:\/\/www.grupomedcof.com.br\/blog\/wp-content\/uploads\/2024\/08\/Capa-Eventos-MedCof-Plus-14-3-768x275.png 768w, https:\/\/www.grupomedcof.com.br\/blog\/wp-content\/uploads\/2024\/08\/Capa-Eventos-MedCof-Plus-14-3-1536x549.png 1536w, https:\/\/www.grupomedcof.com.br\/blog\/wp-content\/uploads\/2024\/08\/Capa-Eventos-MedCof-Plus-14-3-2048x732.png 2048w, https:\/\/www.grupomedcof.com.br\/blog\/wp-content\/uploads\/2024\/08\/Capa-Eventos-MedCof-Plus-14-3-1174x420.png 1174w, https:\/\/www.grupomedcof.com.br\/blog\/wp-content\/uploads\/2024\/08\/Capa-Eventos-MedCof-Plus-14-3-150x54.png 150w, https:\/\/www.grupomedcof.com.br\/blog\/wp-content\/uploads\/2024\/08\/Capa-Eventos-MedCof-Plus-14-3-696x249.png 696w, https:\/\/www.grupomedcof.com.br\/blog\/wp-content\/uploads\/2024\/08\/Capa-Eventos-MedCof-Plus-14-3-1068x382.png 1068w, https:\/\/www.grupomedcof.com.br\/blog\/wp-content\/uploads\/2024\/08\/Capa-Eventos-MedCof-Plus-14-3-1920x687.png 1920w\" sizes=\"auto, (max-width: 1024px) 100vw, 1024px\" \/><\/a><\/figure>\n\n\n\n<h2 class=\"wp-block-heading\" id=\"cronograma-enare-2024-2025\"><span class=\"ez-toc-section\" id=\"Cronograma_HPP_20252026\"><\/span><strong>Cronograma HPP 2025\/2026<\/strong><span class=\"ez-toc-section-end\"><\/span><\/h2>\n\n\n\n<figure class=\"wp-block-table\"><table class=\"has-fixed-layout\"><thead><tr><th>Etapa<\/th><th>Per\u00edodo<\/th><\/tr><\/thead><tbody><tr><td>Publica\u00e7\u00e3o do Edital de abertura do Processo Seletivo<\/td><td>15\/08\/2025<\/td><\/tr><tr><td>Per\u00edodo de inscri\u00e7\u00f5es e envio da documenta\u00e7\u00e3o atrav\u00e9s do ambiente do candidato<\/td><td>01\/09\/2025 a 20\/10\/2025 at\u00e9 as 16h<\/td><\/tr><tr><td>Prazo para anexar no ambiente do candidato o requerimento para solicita\u00e7\u00e3o de Atendimento Especial<\/td><td>24\/10\/2025<\/td><\/tr><tr><td>Prazo limite para pagamento de inscri\u00e7\u00f5es<\/td><td>24\/10\/2025<\/td><\/tr><tr><td>Divulga\u00e7\u00e3o da lista com a homologa\u00e7\u00e3o dos candidatos pagantes no site da FPP<\/td><td>27\/10\/2025 a partir das 10h<\/td><\/tr><tr><td>Divulga\u00e7\u00e3o da lista com os candidatos que solicitaram atendimento especial no site da FPP<\/td><td>27\/10\/2025 a partir das 10h<\/td><\/tr><tr><td>Divulga\u00e7\u00e3o de local e ensalamento da Prova Objetiva no site da FPP<\/td><td>04\/11\/2025 a partir das 10h<\/td><\/tr><tr><td>Divulga\u00e7\u00e3o para candidatos de Oncologia Pedi\u00e1trica e Psiquiatria sobre realiza\u00e7\u00e3o de Argui\u00e7\u00e3o, An\u00e1lise e Defesa de Curr\u00edculo e prova pr\u00e1tica<\/td><td>06\/11\/2025 a partir das 10h<\/td><\/tr><tr><td>Realiza\u00e7\u00e3o da Prova Objetiva<\/td><td>09\/11\/2025 \u00e0s 8h<\/td><\/tr><tr><td>Realiza\u00e7\u00e3o de Argui\u00e7\u00e3o, An\u00e1lise e Defesa de Curr\u00edculo (somente Oncologia Pedi\u00e1trica e Psiquiatria)<\/td><td>09\/11\/2025 a partir das 13h<\/td><\/tr><tr><td>Prova pr\u00e1tica (somente Oncologia)<\/td><td>09\/11\/2025<\/td><\/tr><tr><td>Divulga\u00e7\u00e3o do Gabarito Preliminar da Prova Objetiva no site da FPP<\/td><td>10\/11\/2025 a partir das 13h<\/td><\/tr><tr><td>Prazo para solicita\u00e7\u00e3o de recurso quanto ao Gabarito Preliminar da Prova Objetiva<\/td><td>10\/11\/2025 \u00e0s 13h at\u00e9 11\/11\/2025 \u00e0s 23h59<\/td><\/tr><tr><td>Divulga\u00e7\u00e3o do gabarito definitivo<\/td><td>24\/11\/2025 a partir das 12h<\/td><\/tr><tr><td>Divulga\u00e7\u00e3o da classifica\u00e7\u00e3o da prova objetiva no site da FPP<\/td><td>24\/11\/2025 a partir das 12h<\/td><\/tr><tr><td>Divulga\u00e7\u00e3o da Classifica\u00e7\u00e3o Preliminar do Processo Seletivo (somente Oncologia e Psiquiatria)<\/td><td>24\/11\/2025 a partir das 12h<\/td><\/tr><tr><td>Prazo para solicita\u00e7\u00e3o quanto \u00e0 classifica\u00e7\u00e3o preliminar (somente Oncologia e Psiquiatria)<\/td><td>24\/11\/2025 \u00e0s 13h at\u00e9 25\/11\/2025 \u00e0s 23h59<\/td><\/tr><tr><td>Divulga\u00e7\u00e3o da lista dos candidatos classificados e convoca\u00e7\u00e3o para Argui\u00e7\u00e3o, An\u00e1lise e Defesa de Curr\u00edculo para Pediatria, Ortopedia e Traumatologia e Cirurgia Pedi\u00e1trica<\/td><td>26\/11\/2025 a partir das 10h<\/td><\/tr><tr><td>Realiza\u00e7\u00e3o da Argui\u00e7\u00e3o, An\u00e1lise e Defesa de Curr\u00edculo para Pediatria, Ortopedia e Traumatologia e Cirurgia Pedi\u00e1trica<\/td><td>27\/11\/2025 a 28\/11\/2025<\/td><\/tr><tr><td>Divulga\u00e7\u00e3o da Classifica\u00e7\u00e3o Final no Processo Seletivo (somente Oncologia e Psiquiatria)<\/td><td>03\/12\/2025 a partir das 10h<\/td><\/tr><tr><td>Divulga\u00e7\u00e3o do Edital de Convoca\u00e7\u00e3o para Matr\u00edcula (somente Oncologia e Psiquiatria)<\/td><td>03\/12\/2025 a partir das 10h<\/td><\/tr><tr><td>Divulga\u00e7\u00e3o da Classifica\u00e7\u00e3o Preliminar para Pediatria, Ortopedia e Traumatologia e Cirurgia Pedi\u00e1trica<\/td><td>04\/12\/2025 a partir das 10h<\/td><\/tr><tr><td>Prazo para solicita\u00e7\u00e3o quanto \u00e0 classifica\u00e7\u00e3o preliminar para Pediatria, Ortopedia e Traumatologia e Cirurgia Pedi\u00e1trica<\/td><td>04\/12\/2025 \u00e0s 10h at\u00e9 05\/12\/2025 \u00e0s 23h59<\/td><\/tr><tr><td>Per\u00edodo de matr\u00edcula dos aprovados no Processo Seletivo (somente Oncologia e Psiquiatria)<\/td><td>08\/12\/2025 a 11\/12\/2025 \u2013 Das 8h30 \u00e0s 16h30<\/td><\/tr><tr><td>Divulga\u00e7\u00e3o da Classifica\u00e7\u00e3o Final no Processo Seletivo para Pediatria, Ortopedia e Traumatologia e Cirurgia Pedi\u00e1trica<\/td><td>11\/12\/2025 a partir das 10h<\/td><\/tr><tr><td>Divulga\u00e7\u00e3o do Edital de Convoca\u00e7\u00e3o para Matr\u00edcula para Pediatria, Ortopedia e Traumatologia e Cirurgia Pedi\u00e1trica<\/td><td>11\/12\/2025 a partir das 10h<\/td><\/tr><tr><td>Per\u00edodo de matr\u00edcula dos aprovados no Processo Seletivo para Pediatria, Ortopedia e Traumatologia e Cirurgia Pedi\u00e1trica<\/td><td>15\/12\/2025 a 18\/12\/2025 \u2013 Das 8h30 \u00e0s 16h30<\/td><\/tr><tr><td>In\u00edcio do ano letivo<\/td><td>Mar\u00e7o\/2026<\/td><\/tr><\/tbody><\/table><\/figure>\n\n\n\n<h2 class=\"wp-block-heading\" id=\"h-edital-hpp-2026\"><span class=\"ez-toc-section\" id=\"Edital_HPP_2026\"><\/span><strong>Edital HPP 2026<\/strong><span class=\"ez-toc-section-end\"><\/span><\/h2>\n\n\n\n<div class=\"wp-block-buttons is-content-justification-center is-layout-flex wp-container-core-buttons-is-layout-16018d1d wp-block-buttons-is-layout-flex\">\n<div class=\"wp-block-button\"><a class=\"wp-block-button__link wp-element-button\" href=\"https:\/\/www.grupomedcof.com.br\/blog\/wp-content\/uploads\/2025\/07\/Edital-HPP-2026.pdf\" target=\"_blank\" rel=\"noreferrer noopener\">Edital HPP 2026<\/a><\/div>\n\n\n\n<div class=\"wp-block-button\"><a class=\"wp-block-button__link wp-element-button\" href=\"https:\/\/www.grupomedcof.com.br\/blog\/wp-content\/uploads\/2025\/07\/Edital-HPP-2026-Especialidades-Ped.pdf\" target=\"_blank\" rel=\"noreferrer noopener\">Edital HPP Especialidades Pedi\u00e1tricas 2026<\/a><\/div>\n<\/div>\n\n\n\n<h2 class=\"wp-block-heading\" id=\"h-resultado-preliminar-hpp-2025-2026\"><span class=\"ez-toc-section\" id=\"Resultado_Preliminar_HPP_20252026\"><\/span><strong>Resultado Preliminar HPP 2025\/2026<\/strong><span class=\"ez-toc-section-end\"><\/span><\/h2>\n\n\n\n<p>Confira a seguir a <strong>classifica\u00e7\u00e3o preliminar, notas da prova objetiva e resultado preliminar <\/strong>da entrevista:<\/p>\n\n\n\n<div class=\"wp-block-buttons is-layout-flex wp-block-buttons-is-layout-flex\">\n<div class=\"wp-block-button\"><a class=\"wp-block-button__link wp-element-button\" href=\"https:\/\/www.grupomedcof.com.br\/blog\/wp-content\/uploads\/2025\/08\/DIVULGACAO-NOTAS-DE-PROVA-e-ENTREVISTAS-_CLASSIFICACAO-PRELIMINAR-DO-PROCESSO-SELETIVO-AREAS-DE-ATUACAO.pdf\" target=\"_blank\" rel=\"noreferrer noopener\">Classifica\u00e7\u00e3o Preliminar, Nota e Entrevista<\/a><\/div>\n\n\n\n<div class=\"wp-block-button\"><a class=\"wp-block-button__link wp-element-button\" href=\"https:\/\/www.grupomedcof.com.br\/blog\/wp-content\/uploads\/2025\/08\/NOTAS-DE-PROVA-E-CLASSIFICACAO-PRELIMINAR-EDITAL-09_2025.pdf\" target=\"_blank\" rel=\"noreferrer noopener\">Classifica\u00e7\u00e3o Preliminar e Nota Prova Objetiva<\/a><\/div>\n<\/div>\n\n\n\n<h2 class=\"wp-block-heading\" id=\"h-resultado-final-hpp-2025-2026\"><span class=\"ez-toc-section\" id=\"Resultado_Final_HPP_20252026\"><\/span><strong>Resultado Final HPP 2025\/2026<\/strong><span class=\"ez-toc-section-end\"><\/span><\/h2>\n\n\n\n<p>O <strong>resultado final<\/strong> da sele\u00e7\u00e3o de resid\u00eancia m\u00e9dica do Hospital Pequeno Pr\u00edncipe foi divulgado em <strong>03 de dezembro de 2025.<\/strong> A seguir, veja os documentos com os aprovados:<\/p>\n\n\n\n<div class=\"wp-block-buttons is-layout-flex wp-block-buttons-is-layout-flex\">\n<div class=\"wp-block-button\"><a class=\"wp-block-button__link wp-element-button\" href=\"https:\/\/fpp.edu.br\/residencia-medica\/\" target=\"_blank\" rel=\"noreferrer noopener\">Resultado Final HPP 2026<\/a><\/div>\n<\/div>\n\n\n\n<p>Os candidatos para as \u00e1reas de<strong> Oncologia e Psiquiatria<\/strong> puderam realizar as matr\u00edculas entre os dias <strong>08 e 11 de dezembro, das 8h30 \u00e0s 16h30.<\/strong> <\/p>\n\n\n\n<p>Desse modo, o resultado final para as \u00e1reas de<strong> Cirurgia Pedi\u00e1trica, Ortopedia e Traumatologia e Pediatria<\/strong> foi divulgado em 11 de dezembro de 2025. \u00c9 poss\u00edvel conferir a seguir:<\/p>\n\n\n\n<div class=\"wp-block-buttons is-layout-flex wp-block-buttons-is-layout-flex\">\n<div class=\"wp-block-button\"><a class=\"wp-block-button__link wp-element-button\" href=\"https:\/\/www.grupomedcof.com.br\/blog\/wp-content\/uploads\/2025\/12\/Cirurgia-Pediatrica-HPP-2026-aprovados.pdf\" target=\"_blank\" rel=\"noreferrer noopener\">Aprovados Cirurgia Pedi\u00e1trica<\/a><\/div>\n\n\n\n<div class=\"wp-block-button\"><a class=\"wp-block-button__link wp-element-button\" href=\"https:\/\/www.grupomedcof.com.br\/blog\/wp-content\/uploads\/2025\/12\/Ortop-e-Trauma-HPP-2026-aprovados.pdf\" target=\"_blank\" rel=\"noreferrer noopener\">Aprovados Ortopedia e Traumatologia <\/a><\/div>\n\n\n\n<div class=\"wp-block-button\"><a class=\"wp-block-button__link wp-element-button\" href=\"https:\/\/www.grupomedcof.com.br\/blog\/wp-content\/uploads\/2025\/12\/Pediatria-HPP-2026-aprovados.pdf\" target=\"_blank\" rel=\"noreferrer noopener\">Aprovados Pediatria<\/a><\/div>\n<\/div>\n\n\n\n<p>Os candidatos para as especialidades <strong>Pediatria, Ortopedia e Traumatologia e Cirurgia Pedi\u00e1trica,<\/strong> ter\u00e3o os dias <strong>15 e 18 das 8h30 \u00e0s 16h30<\/strong> para realizarem as matr\u00edculas. <\/p>\n\n\n\n<h2 class=\"wp-block-heading\" id=\"o-m\u00e9todo-que-te-aprova\"><span class=\"ez-toc-section\" id=\"Sua_aprovacao_na_residencia_medica_HPP_comeca_com_nossa_preparacao\"><\/span><strong>Sua aprova\u00e7\u00e3o na resid\u00eancia m\u00e9dica HPP come\u00e7a com nossa prepara\u00e7\u00e3o<\/strong><span class=\"ez-toc-section-end\"><\/span><\/h2>\n\n\n\n<p>Est\u00e1 se preparando para as provas de resid\u00eancia m\u00e9dica? Ent\u00e3o o Grupo MedCof ser\u00e1 o seu melhor companheiro! Aqui temos uma <a href=\"https:\/\/www.grupomedcof.com.br\/blog\/saiba-como-utilizar-a-nossa-metodologia\/\">metodologia<\/a> que j\u00e1 aprovou mais de <a href=\"https:\/\/www.grupomedcof.com.br\/blog\/presenca-da-medcof-nas-aprovacoes-em-residencia-medica-no-brasil\/\">35 mil candidatos<\/a>, com foco em quest\u00f5es do nosso <a href=\"https:\/\/www.grupomedcof.com.br\/blog\/qbank-medcof\/\">Qbank.<\/a> Seja um MedCoffer e conquiste a sua aprova\u00e7\u00e3o nas resid\u00eancias!<\/p>\n\n\n\n<figure class=\"wp-block-embed is-type-video is-provider-youtube wp-block-embed-youtube wp-embed-aspect-16-9 wp-has-aspect-ratio\"><div class=\"wp-block-embed__wrapper\">\n<div class=\"youtube-embed\" data-video_id=\"sJP8k9vkn0k\"><iframe loading=\"lazy\" title=\"Atualiza\u00e7\u00e3o de Diarreia Aguda na Pediatria com a Dra. Roberta Andrade - Resum\u00e3o MedCof EP. 10\" width=\"696\" height=\"392\" src=\"https:\/\/www.youtube.com\/embed\/sJP8k9vkn0k?feature=oembed&#038;enablejsapi=1\" frameborder=\"0\" allow=\"accelerometer; autoplay; clipboard-write; encrypted-media; gyroscope; picture-in-picture; web-share\" referrerpolicy=\"strict-origin-when-cross-origin\" allowfullscreen><\/iframe><\/div>\n<\/div><\/figure>\n","protected":false},"excerpt":{"rendered":"<p>Confira aqui todas as informa\u00e7\u00f5es do Processo Seletivo do Hospital Pequeno Pr\u00edncipe 2025\/2026!<\/p>\n","protected":false},"author":20,"featured_media":29037,"comment_status":"open","ping_status":"open","sticky":false,"template":"","format":"standard","meta":{"footnotes":""},"categories":[287,2023],"tags":[1869,93,2721,1763,117,68],"ppma_author":[3616],"class_list":{"0":"post-29031","1":"post","2":"type-post","3":"status-publish","4":"format-standard","5":"has-post-thumbnail","7":"category-destaques-medcof","8":"category-editais","9":"tag-edital-hpp","10":"tag-especialidades-medicas","11":"tag-hospital-pequeno-principe","12":"tag-hpp","13":"tag-provas-de-residencia","14":"tag-residencia-medica"},"yoast_head":"<!-- This site is optimized with the Yoast SEO Premium plugin v24.3 (Yoast SEO v27.4) - https:\/\/yoast.com\/product\/yoast-seo-premium-wordpress\/ -->\n<title>Resid\u00eancia M\u00e9dia HPP: edital 2025\/2026 e mais!<\/title>\n<meta name=\"description\" content=\"Confira aqui todas as informa\u00e7\u00f5es do Processo Seletivo do Hospital Pequeno Pr\u00edncipe 2025\/2026!\" \/>\n<meta name=\"robots\" content=\"index, follow, max-snippet:-1, max-image-preview:large, max-video-preview:-1\" \/>\n<link rel=\"canonical\" href=\"https:\/\/www.grupomedcof.com.br\/blog\/edital-residencia-medica-hpp\/\" \/>\n<meta property=\"og:locale\" content=\"pt_BR\" \/>\n<meta property=\"og:type\" content=\"article\" \/>\n<meta property=\"og:title\" content=\"Hospital Pequeno Pr\u00edncipe (HPP) 2025\/2026: resultado final divulgado!\" \/>\n<meta property=\"og:description\" content=\"Confira aqui todas as informa\u00e7\u00f5es do Processo Seletivo do Hospital Pequeno Pr\u00edncipe 2025\/2026!\" \/>\n<meta property=\"og:url\" content=\"https:\/\/www.grupomedcof.com.br\/blog\/edital-residencia-medica-hpp\/\" \/>\n<meta property=\"og:site_name\" content=\"Blog de Medcof: conte\u00fados, editais, revalida e mais!\" \/>\n<meta property=\"article:publisher\" content=\"https:\/\/www.facebook.com\/MedCofQbank\/\" \/>\n<meta property=\"article:published_time\" content=\"2025-12-11T13:18:38+00:00\" \/>\n<meta property=\"article:modified_time\" content=\"2025-12-11T13:18:40+00:00\" \/>\n<meta property=\"og:image\" content=\"https:\/\/www.grupomedcof.com.br\/blog\/wp-content\/uploads\/2024\/08\/Modelo-instituicoes-86.png\" \/>\n\t<meta property=\"og:image:width\" content=\"2560\" \/>\n\t<meta property=\"og:image:height\" content=\"1440\" \/>\n\t<meta property=\"og:image:type\" content=\"image\/png\" \/>\n<meta name=\"author\" content=\"Leila Menzel\" \/>\n<meta name=\"twitter:card\" content=\"summary_large_image\" \/>\n<meta name=\"twitter:label1\" content=\"Escrito por\" \/>\n\t<meta name=\"twitter:data1\" content=\"Leila Menzel\" \/>\n\t<meta name=\"twitter:label2\" content=\"Est. tempo de leitura\" \/>\n\t<meta name=\"twitter:data2\" content=\"7 minutos\" \/>\n<script type=\"application\/ld+json\" class=\"yoast-schema-graph\">{\"@context\":\"https:\\\/\\\/schema.org\",\"@graph\":[{\"@type\":\"Article\",\"@id\":\"https:\\\/\\\/www.grupomedcof.com.br\\\/blog\\\/edital-residencia-medica-hpp\\\/#article\",\"isPartOf\":{\"@id\":\"https:\\\/\\\/www.grupomedcof.com.br\\\/blog\\\/edital-residencia-medica-hpp\\\/\"},\"author\":{\"name\":\"Leila Menzel\",\"@id\":\"https:\\\/\\\/www.grupomedcof.com.br\\\/blog\\\/#\\\/schema\\\/person\\\/9a44c2184a836bf5ae6967fdb3a1451e\"},\"headline\":\"Hospital Pequeno Pr\u00edncipe (HPP) 2025\\\/2026: resultado final divulgado!\",\"datePublished\":\"2025-12-11T13:18:38+00:00\",\"dateModified\":\"2025-12-11T13:18:40+00:00\",\"mainEntityOfPage\":{\"@id\":\"https:\\\/\\\/www.grupomedcof.com.br\\\/blog\\\/edital-residencia-medica-hpp\\\/\"},\"wordCount\":1158,\"commentCount\":0,\"publisher\":{\"@id\":\"https:\\\/\\\/www.grupomedcof.com.br\\\/blog\\\/#organization\"},\"image\":{\"@id\":\"https:\\\/\\\/www.grupomedcof.com.br\\\/blog\\\/edital-residencia-medica-hpp\\\/#primaryimage\"},\"thumbnailUrl\":\"https:\\\/\\\/www.grupomedcof.com.br\\\/blog\\\/wp-content\\\/uploads\\\/2024\\\/08\\\/Modelo-instituicoes-86.png\",\"keywords\":[\"Edital HPP\",\"Especialidades m\u00e9dicas\",\"Hospital Pequeno Pr\u00edncipe\",\"HPP\",\"Provas de Resid\u00eancia\",\"Resid\u00eancia M\u00e9dica\"],\"articleSection\":[\"Destaques MedCof\",\"Editais\"],\"inLanguage\":\"pt-BR\"},{\"@type\":\"WebPage\",\"@id\":\"https:\\\/\\\/www.grupomedcof.com.br\\\/blog\\\/edital-residencia-medica-hpp\\\/\",\"url\":\"https:\\\/\\\/www.grupomedcof.com.br\\\/blog\\\/edital-residencia-medica-hpp\\\/\",\"name\":\"Resid\u00eancia M\u00e9dia HPP: edital 2025\\\/2026 e mais!\",\"isPartOf\":{\"@id\":\"https:\\\/\\\/www.grupomedcof.com.br\\\/blog\\\/#website\"},\"primaryImageOfPage\":{\"@id\":\"https:\\\/\\\/www.grupomedcof.com.br\\\/blog\\\/edital-residencia-medica-hpp\\\/#primaryimage\"},\"image\":{\"@id\":\"https:\\\/\\\/www.grupomedcof.com.br\\\/blog\\\/edital-residencia-medica-hpp\\\/#primaryimage\"},\"thumbnailUrl\":\"https:\\\/\\\/www.grupomedcof.com.br\\\/blog\\\/wp-content\\\/uploads\\\/2024\\\/08\\\/Modelo-instituicoes-86.png\",\"datePublished\":\"2025-12-11T13:18:38+00:00\",\"dateModified\":\"2025-12-11T13:18:40+00:00\",\"description\":\"Confira aqui todas as informa\u00e7\u00f5es do Processo Seletivo do Hospital Pequeno Pr\u00edncipe 2025\\\/2026!\",\"breadcrumb\":{\"@id\":\"https:\\\/\\\/www.grupomedcof.com.br\\\/blog\\\/edital-residencia-medica-hpp\\\/#breadcrumb\"},\"inLanguage\":\"pt-BR\",\"potentialAction\":[{\"@type\":\"ReadAction\",\"target\":[\"https:\\\/\\\/www.grupomedcof.com.br\\\/blog\\\/edital-residencia-medica-hpp\\\/\"]}]},{\"@type\":\"ImageObject\",\"inLanguage\":\"pt-BR\",\"@id\":\"https:\\\/\\\/www.grupomedcof.com.br\\\/blog\\\/edital-residencia-medica-hpp\\\/#primaryimage\",\"url\":\"https:\\\/\\\/www.grupomedcof.com.br\\\/blog\\\/wp-content\\\/uploads\\\/2024\\\/08\\\/Modelo-instituicoes-86.png\",\"contentUrl\":\"https:\\\/\\\/www.grupomedcof.com.br\\\/blog\\\/wp-content\\\/uploads\\\/2024\\\/08\\\/Modelo-instituicoes-86.png\",\"width\":2560,\"height\":1440},{\"@type\":\"BreadcrumbList\",\"@id\":\"https:\\\/\\\/www.grupomedcof.com.br\\\/blog\\\/edital-residencia-medica-hpp\\\/#breadcrumb\",\"itemListElement\":[{\"@type\":\"ListItem\",\"position\":1,\"name\":\"In\u00edcio\",\"item\":\"https:\\\/\\\/www.grupomedcof.com.br\\\/blog\\\/\"},{\"@type\":\"ListItem\",\"position\":2,\"name\":\"Hospital Pequeno Pr\u00edncipe (HPP) 2025\\\/2026: resultado final divulgado!\"}]},{\"@type\":\"WebSite\",\"@id\":\"https:\\\/\\\/www.grupomedcof.com.br\\\/blog\\\/#website\",\"url\":\"https:\\\/\\\/www.grupomedcof.com.br\\\/blog\\\/\",\"name\":\"Blog de Medcof: conte\u00fados, editais, revalida e mais!\",\"description\":\"Acesso o blog de MedCof! Seu portal de conte\u00fados sobre resid\u00eancia m\u00e9dica, an\u00e1lise e editais e muito mais. Clique e confira!\",\"publisher\":{\"@id\":\"https:\\\/\\\/www.grupomedcof.com.br\\\/blog\\\/#organization\"},\"alternateName\":\"Blog de Medcof: conte\u00fados, editais, revalida e mais!\",\"potentialAction\":[{\"@type\":\"SearchAction\",\"target\":{\"@type\":\"EntryPoint\",\"urlTemplate\":\"https:\\\/\\\/www.grupomedcof.com.br\\\/blog\\\/?s={search_term_string}\"},\"query-input\":{\"@type\":\"PropertyValueSpecification\",\"valueRequired\":true,\"valueName\":\"search_term_string\"}}],\"inLanguage\":\"pt-BR\"},{\"@type\":\"Organization\",\"@id\":\"https:\\\/\\\/www.grupomedcof.com.br\\\/blog\\\/#organization\",\"name\":\"Grupo MedCof\",\"url\":\"https:\\\/\\\/www.grupomedcof.com.br\\\/blog\\\/\",\"logo\":{\"@type\":\"ImageObject\",\"inLanguage\":\"pt-BR\",\"@id\":\"https:\\\/\\\/www.grupomedcof.com.br\\\/blog\\\/#\\\/schema\\\/logo\\\/image\\\/\",\"url\":\"https:\\\/\\\/www.grupomedcof.com.br\\\/blog\\\/wp-content\\\/uploads\\\/2022\\\/01\\\/logo-medcof.png\",\"contentUrl\":\"https:\\\/\\\/www.grupomedcof.com.br\\\/blog\\\/wp-content\\\/uploads\\\/2022\\\/01\\\/logo-medcof.png\",\"width\":768,\"height\":269,\"caption\":\"Grupo MedCof\"},\"image\":{\"@id\":\"https:\\\/\\\/www.grupomedcof.com.br\\\/blog\\\/#\\\/schema\\\/logo\\\/image\\\/\"},\"sameAs\":[\"https:\\\/\\\/www.facebook.com\\\/MedCofQbank\\\/\",\"https:\\\/\\\/www.instagram.com\\\/grupomedcof\\\/\",\"https:\\\/\\\/br.linkedin.com\\\/company\\\/medcof\",\"https:\\\/\\\/www.youtube.com\\\/channel\\\/UCdHMuOHKICxcHwecxN8P-AA\"]},{\"@type\":\"Person\",\"@id\":\"https:\\\/\\\/www.grupomedcof.com.br\\\/blog\\\/#\\\/schema\\\/person\\\/9a44c2184a836bf5ae6967fdb3a1451e\",\"name\":\"Leila Menzel\",\"image\":{\"@type\":\"ImageObject\",\"inLanguage\":\"pt-BR\",\"@id\":\"https:\\\/\\\/www.grupomedcof.com.br\\\/blog\\\/wp-content\\\/uploads\\\/2025\\\/09\\\/cropped-eu-96x96.jpeg19a74936d997c0a8b3031618467fa1d0\",\"url\":\"https:\\\/\\\/www.grupomedcof.com.br\\\/blog\\\/wp-content\\\/uploads\\\/2025\\\/09\\\/cropped-eu-96x96.jpeg\",\"contentUrl\":\"https:\\\/\\\/www.grupomedcof.com.br\\\/blog\\\/wp-content\\\/uploads\\\/2025\\\/09\\\/cropped-eu-96x96.jpeg\",\"caption\":\"Leila Menzel\"},\"description\":\"Estudante do 6\u00b0 semestre de jornalismo, amo e escrevo poesias e viajo em livros de romances clich\u00eas.\",\"url\":\"https:\\\/\\\/www.grupomedcof.com.br\\\/blog\\\/author\\\/leila-menzel\\\/\"}]}<\/script>\n<!-- \/ Yoast SEO Premium plugin. -->","yoast_head_json":{"title":"Resid\u00eancia M\u00e9dia HPP: edital 2025\/2026 e mais!","description":"Confira aqui todas as informa\u00e7\u00f5es do Processo Seletivo do Hospital Pequeno Pr\u00edncipe 2025\/2026!","robots":{"index":"index","follow":"follow","max-snippet":"max-snippet:-1","max-image-preview":"max-image-preview:large","max-video-preview":"max-video-preview:-1"},"canonical":"https:\/\/www.grupomedcof.com.br\/blog\/edital-residencia-medica-hpp\/","og_locale":"pt_BR","og_type":"article","og_title":"Hospital Pequeno Pr\u00edncipe (HPP) 2025\/2026: resultado final divulgado!","og_description":"Confira aqui todas as informa\u00e7\u00f5es do Processo Seletivo do Hospital Pequeno Pr\u00edncipe 2025\/2026!","og_url":"https:\/\/www.grupomedcof.com.br\/blog\/edital-residencia-medica-hpp\/","og_site_name":"Blog de Medcof: conte\u00fados, editais, revalida e mais!","article_publisher":"https:\/\/www.facebook.com\/MedCofQbank\/","article_published_time":"2025-12-11T13:18:38+00:00","article_modified_time":"2025-12-11T13:18:40+00:00","og_image":[{"width":2560,"height":1440,"url":"https:\/\/www.grupomedcof.com.br\/blog\/wp-content\/uploads\/2024\/08\/Modelo-instituicoes-86.png","type":"image\/png"}],"author":"Leila Menzel","twitter_card":"summary_large_image","twitter_misc":{"Escrito por":"Leila Menzel","Est. tempo de leitura":"7 minutos"},"schema":{"@context":"https:\/\/schema.org","@graph":[{"@type":"Article","@id":"https:\/\/www.grupomedcof.com.br\/blog\/edital-residencia-medica-hpp\/#article","isPartOf":{"@id":"https:\/\/www.grupomedcof.com.br\/blog\/edital-residencia-medica-hpp\/"},"author":{"name":"Leila Menzel","@id":"https:\/\/www.grupomedcof.com.br\/blog\/#\/schema\/person\/9a44c2184a836bf5ae6967fdb3a1451e"},"headline":"Hospital Pequeno Pr\u00edncipe (HPP) 2025\/2026: resultado final divulgado!","datePublished":"2025-12-11T13:18:38+00:00","dateModified":"2025-12-11T13:18:40+00:00","mainEntityOfPage":{"@id":"https:\/\/www.grupomedcof.com.br\/blog\/edital-residencia-medica-hpp\/"},"wordCount":1158,"commentCount":0,"publisher":{"@id":"https:\/\/www.grupomedcof.com.br\/blog\/#organization"},"image":{"@id":"https:\/\/www.grupomedcof.com.br\/blog\/edital-residencia-medica-hpp\/#primaryimage"},"thumbnailUrl":"https:\/\/www.grupomedcof.com.br\/blog\/wp-content\/uploads\/2024\/08\/Modelo-instituicoes-86.png","keywords":["Edital HPP","Especialidades m\u00e9dicas","Hospital Pequeno Pr\u00edncipe","HPP","Provas de Resid\u00eancia","Resid\u00eancia M\u00e9dica"],"articleSection":["Destaques MedCof","Editais"],"inLanguage":"pt-BR"},{"@type":"WebPage","@id":"https:\/\/www.grupomedcof.com.br\/blog\/edital-residencia-medica-hpp\/","url":"https:\/\/www.grupomedcof.com.br\/blog\/edital-residencia-medica-hpp\/","name":"Resid\u00eancia M\u00e9dia HPP: edital 2025\/2026 e mais!","isPartOf":{"@id":"https:\/\/www.grupomedcof.com.br\/blog\/#website"},"primaryImageOfPage":{"@id":"https:\/\/www.grupomedcof.com.br\/blog\/edital-residencia-medica-hpp\/#primaryimage"},"image":{"@id":"https:\/\/www.grupomedcof.com.br\/blog\/edital-residencia-medica-hpp\/#primaryimage"},"thumbnailUrl":"https:\/\/www.grupomedcof.com.br\/blog\/wp-content\/uploads\/2024\/08\/Modelo-instituicoes-86.png","datePublished":"2025-12-11T13:18:38+00:00","dateModified":"2025-12-11T13:18:40+00:00","description":"Confira aqui todas as informa\u00e7\u00f5es do Processo Seletivo do Hospital Pequeno Pr\u00edncipe 2025\/2026!","breadcrumb":{"@id":"https:\/\/www.grupomedcof.com.br\/blog\/edital-residencia-medica-hpp\/#breadcrumb"},"inLanguage":"pt-BR","potentialAction":[{"@type":"ReadAction","target":["https:\/\/www.grupomedcof.com.br\/blog\/edital-residencia-medica-hpp\/"]}]},{"@type":"ImageObject","inLanguage":"pt-BR","@id":"https:\/\/www.grupomedcof.com.br\/blog\/edital-residencia-medica-hpp\/#primaryimage","url":"https:\/\/www.grupomedcof.com.br\/blog\/wp-content\/uploads\/2024\/08\/Modelo-instituicoes-86.png","contentUrl":"https:\/\/www.grupomedcof.com.br\/blog\/wp-content\/uploads\/2024\/08\/Modelo-instituicoes-86.png","width":2560,"height":1440},{"@type":"BreadcrumbList","@id":"https:\/\/www.grupomedcof.com.br\/blog\/edital-residencia-medica-hpp\/#breadcrumb","itemListElement":[{"@type":"ListItem","position":1,"name":"In\u00edcio","item":"https:\/\/www.grupomedcof.com.br\/blog\/"},{"@type":"ListItem","position":2,"name":"Hospital Pequeno Pr\u00edncipe (HPP) 2025\/2026: resultado final divulgado!"}]},{"@type":"WebSite","@id":"https:\/\/www.grupomedcof.com.br\/blog\/#website","url":"https:\/\/www.grupomedcof.com.br\/blog\/","name":"Blog de Medcof: conte\u00fados, editais, revalida e mais!","description":"Acesso o blog de MedCof! Seu portal de conte\u00fados sobre resid\u00eancia m\u00e9dica, an\u00e1lise e editais e muito mais. Clique e confira!","publisher":{"@id":"https:\/\/www.grupomedcof.com.br\/blog\/#organization"},"alternateName":"Blog de Medcof: conte\u00fados, editais, revalida e mais!","potentialAction":[{"@type":"SearchAction","target":{"@type":"EntryPoint","urlTemplate":"https:\/\/www.grupomedcof.com.br\/blog\/?s={search_term_string}"},"query-input":{"@type":"PropertyValueSpecification","valueRequired":true,"valueName":"search_term_string"}}],"inLanguage":"pt-BR"},{"@type":"Organization","@id":"https:\/\/www.grupomedcof.com.br\/blog\/#organization","name":"Grupo MedCof","url":"https:\/\/www.grupomedcof.com.br\/blog\/","logo":{"@type":"ImageObject","inLanguage":"pt-BR","@id":"https:\/\/www.grupomedcof.com.br\/blog\/#\/schema\/logo\/image\/","url":"https:\/\/www.grupomedcof.com.br\/blog\/wp-content\/uploads\/2022\/01\/logo-medcof.png","contentUrl":"https:\/\/www.grupomedcof.com.br\/blog\/wp-content\/uploads\/2022\/01\/logo-medcof.png","width":768,"height":269,"caption":"Grupo MedCof"},"image":{"@id":"https:\/\/www.grupomedcof.com.br\/blog\/#\/schema\/logo\/image\/"},"sameAs":["https:\/\/www.facebook.com\/MedCofQbank\/","https:\/\/www.instagram.com\/grupomedcof\/","https:\/\/br.linkedin.com\/company\/medcof","https:\/\/www.youtube.com\/channel\/UCdHMuOHKICxcHwecxN8P-AA"]},{"@type":"Person","@id":"https:\/\/www.grupomedcof.com.br\/blog\/#\/schema\/person\/9a44c2184a836bf5ae6967fdb3a1451e","name":"Leila Menzel","image":{"@type":"ImageObject","inLanguage":"pt-BR","@id":"https:\/\/www.grupomedcof.com.br\/blog\/wp-content\/uploads\/2025\/09\/cropped-eu-96x96.jpeg19a74936d997c0a8b3031618467fa1d0","url":"https:\/\/www.grupomedcof.com.br\/blog\/wp-content\/uploads\/2025\/09\/cropped-eu-96x96.jpeg","contentUrl":"https:\/\/www.grupomedcof.com.br\/blog\/wp-content\/uploads\/2025\/09\/cropped-eu-96x96.jpeg","caption":"Leila Menzel"},"description":"Estudante do 6\u00b0 semestre de jornalismo, amo e escrevo poesias e viajo em livros de romances clich\u00eas.","url":"https:\/\/www.grupomedcof.com.br\/blog\/author\/leila-menzel\/"}]}},"authors":[{"term_id":3616,"user_id":20,"is_guest":0,"slug":"leila-menzel","display_name":"Leila Menzel","avatar_url":"https:\/\/www.grupomedcof.com.br\/blog\/wp-content\/uploads\/2025\/09\/cropped-eu-96x96.jpeg","0":null,"1":"","2":"","3":"","4":"","5":"","6":"","7":"","8":""}],"_links":{"self":[{"href":"https:\/\/www.grupomedcof.com.br\/blog\/wp-json\/wp\/v2\/posts\/29031","targetHints":{"allow":["GET"]}}],"collection":[{"href":"https:\/\/www.grupomedcof.com.br\/blog\/wp-json\/wp\/v2\/posts"}],"about":[{"href":"https:\/\/www.grupomedcof.com.br\/blog\/wp-json\/wp\/v2\/types\/post"}],"author":[{"embeddable":true,"href":"https:\/\/www.grupomedcof.com.br\/blog\/wp-json\/wp\/v2\/users\/20"}],"replies":[{"embeddable":true,"href":"https:\/\/www.grupomedcof.com.br\/blog\/wp-json\/wp\/v2\/comments?post=29031"}],"version-history":[{"count":9,"href":"https:\/\/www.grupomedcof.com.br\/blog\/wp-json\/wp\/v2\/posts\/29031\/revisions"}],"predecessor-version":[{"id":40130,"href":"https:\/\/www.grupomedcof.com.br\/blog\/wp-json\/wp\/v2\/posts\/29031\/revisions\/40130"}],"wp:featuredmedia":[{"embeddable":true,"href":"https:\/\/www.grupomedcof.com.br\/blog\/wp-json\/wp\/v2\/media\/29037"}],"wp:attachment":[{"href":"https:\/\/www.grupomedcof.com.br\/blog\/wp-json\/wp\/v2\/media?parent=29031"}],"wp:term":[{"taxonomy":"category","embeddable":true,"href":"https:\/\/www.grupomedcof.com.br\/blog\/wp-json\/wp\/v2\/categories?post=29031"},{"taxonomy":"post_tag","embeddable":true,"href":"https:\/\/www.grupomedcof.com.br\/blog\/wp-json\/wp\/v2\/tags?post=29031"},{"taxonomy":"author","embeddable":true,"href":"https:\/\/www.grupomedcof.com.br\/blog\/wp-json\/wp\/v2\/ppma_author?post=29031"}],"curies":[{"name":"wp","href":"https:\/\/api.w.org\/{rel}","templated":true}]}}