{"id":29072,"date":"2025-05-21T10:07:00","date_gmt":"2025-05-21T13:07:00","guid":{"rendered":"https:\/\/www.grupomedcof.com.br\/blog\/?p=29072"},"modified":"2025-12-01T17:58:18","modified_gmt":"2025-12-01T20:58:18","slug":"relembre-detalhes-da-sindrome-de-fournier","status":"publish","type":"post","link":"https:\/\/www.grupomedcof.com.br\/blog\/relembre-detalhes-da-sindrome-de-fournier\/","title":{"rendered":"S\u00edndrome de Fournier: o que \u00e9, causas, sintomas, como tratar e evitar"},"content":{"rendered":"<div id=\"ez-toc-container\" class=\"ez-toc-v2_0_74 counter-hierarchy ez-toc-counter ez-toc-transparent ez-toc-container-direction\">\n<div class=\"ez-toc-title-container\">\n<p class=\"ez-toc-title\" style=\"cursor:inherit\">Sum\u00e1rio<\/p>\n<span class=\"ez-toc-title-toggle\"><a href=\"#\" class=\"ez-toc-pull-right ez-toc-btn ez-toc-btn-xs ez-toc-btn-default ez-toc-toggle\" aria-label=\"Alternar tabela de conte\u00fado\"><span class=\"ez-toc-js-icon-con\"><span class=\"\"><span class=\"eztoc-hide\" style=\"display:none;\">Toggle<\/span><span class=\"ez-toc-icon-toggle-span\"><svg style=\"fill: #999;color:#999\" xmlns=\"http:\/\/www.w3.org\/2000\/svg\" class=\"list-377408\" width=\"20px\" height=\"20px\" viewBox=\"0 0 24 24\" fill=\"none\"><path d=\"M6 6H4v2h2V6zm14 0H8v2h12V6zM4 11h2v2H4v-2zm16 0H8v2h12v-2zM4 16h2v2H4v-2zm16 0H8v2h12v-2z\" fill=\"currentColor\"><\/path><\/svg><svg style=\"fill: #999;color:#999\" class=\"arrow-unsorted-368013\" xmlns=\"http:\/\/www.w3.org\/2000\/svg\" width=\"10px\" height=\"10px\" viewBox=\"0 0 24 24\" version=\"1.2\" baseProfile=\"tiny\"><path d=\"M18.2 9.3l-6.2-6.3-6.2 6.3c-.2.2-.3.4-.3.7s.1.5.3.7c.2.2.4.3.7.3h11c.3 0 .5-.1.7-.3.2-.2.3-.5.3-.7s-.1-.5-.3-.7zM5.8 14.7l6.2 6.3 6.2-6.3c.2-.2.3-.5.3-.7s-.1-.5-.3-.7c-.2-.2-.4-.3-.7-.3h-11c-.3 0-.5.1-.7.3-.2.2-.3.5-.3.7s.1.5.3.7z\"\/><\/svg><\/span><\/span><\/span><\/a><\/span><\/div>\n<nav><ul class='ez-toc-list ez-toc-list-level-1 ' ><li class='ez-toc-page-1 ez-toc-heading-level-2'><a class=\"ez-toc-link ez-toc-heading-1\" href=\"https:\/\/www.grupomedcof.com.br\/blog\/relembre-detalhes-da-sindrome-de-fournier\/#Sintomas_da_Sindrome_de_Fournier\" >Sintomas da S\u00edndrome de Fournier<\/a><\/li><li class='ez-toc-page-1 ez-toc-heading-level-2'><a class=\"ez-toc-link ez-toc-heading-2\" href=\"https:\/\/www.grupomedcof.com.br\/blog\/relembre-detalhes-da-sindrome-de-fournier\/#Causas_da_Sindrome_de_Fournier\" >Causas da S\u00edndrome de Fournier<\/a><ul class='ez-toc-list-level-3' ><li class='ez-toc-heading-level-3'><a class=\"ez-toc-link ez-toc-heading-3\" href=\"https:\/\/www.grupomedcof.com.br\/blog\/relembre-detalhes-da-sindrome-de-fournier\/#Como_e_a_transmissao_da_Fournier\" >Como \u00e9 a transmiss\u00e3o da Fournier?<\/a><\/li><li class='ez-toc-page-1 ez-toc-heading-level-3'><a class=\"ez-toc-link ez-toc-heading-4\" href=\"https:\/\/www.grupomedcof.com.br\/blog\/relembre-detalhes-da-sindrome-de-fournier\/#Quais_sao_os_fatores_de_risco_para_a_gangrena_de_Fournier\" >Quais s\u00e3o os fatores de risco para a gangrena de Fournier?<\/a><\/li><\/ul><\/li><li class='ez-toc-page-1 ez-toc-heading-level-2'><a class=\"ez-toc-link ez-toc-heading-5\" href=\"https:\/\/www.grupomedcof.com.br\/blog\/relembre-detalhes-da-sindrome-de-fournier\/#Diagnostico_da_Sindrome_de_Fournier\" >Diagn\u00f3stico da S\u00edndrome de Fournier<\/a><ul class='ez-toc-list-level-3' ><li class='ez-toc-heading-level-3'><a class=\"ez-toc-link ez-toc-heading-6\" href=\"https:\/\/www.grupomedcof.com.br\/blog\/relembre-detalhes-da-sindrome-de-fournier\/#Indice_de_Gravidade_da_Sindrome_de_Fournier_FGSI\" >\u00cdndice de Gravidade da S\u00edndrome de Fournier (FGSI)<\/a><\/li><\/ul><\/li><li class='ez-toc-page-1 ez-toc-heading-level-2'><a class=\"ez-toc-link ez-toc-heading-7\" href=\"https:\/\/www.grupomedcof.com.br\/blog\/relembre-detalhes-da-sindrome-de-fournier\/#Qual_e_o_tratamento_para_a_Sindrome_de_Fournier\" >Qual \u00e9 o tratamento para a S\u00edndrome de Fournier?<\/a><ul class='ez-toc-list-level-3' ><li class='ez-toc-heading-level-3'><a class=\"ez-toc-link ez-toc-heading-8\" href=\"https:\/\/www.grupomedcof.com.br\/blog\/relembre-detalhes-da-sindrome-de-fournier\/#Quanto_tempo_dura_a_Sindrome_de_Fournier\" >Quanto tempo dura a S\u00edndrome de Fournier?<\/a><\/li><\/ul><\/li><li class='ez-toc-page-1 ez-toc-heading-level-2'><a class=\"ez-toc-link ez-toc-heading-9\" href=\"https:\/\/www.grupomedcof.com.br\/blog\/relembre-detalhes-da-sindrome-de-fournier\/#Complicacoes_potenciais_da_gangrena_de_Fournier\" >Complica\u00e7\u00f5es potenciais da gangrena de Fournier<\/a><\/li><li class='ez-toc-page-1 ez-toc-heading-level-2'><a class=\"ez-toc-link ez-toc-heading-10\" href=\"https:\/\/www.grupomedcof.com.br\/blog\/relembre-detalhes-da-sindrome-de-fournier\/#Reconstrucao_e_recuperacao_apos_a_gangrena_de_Fournier\" >Reconstru\u00e7\u00e3o e recupera\u00e7\u00e3o ap\u00f3s a gangrena de Fournier<\/a><\/li><li class='ez-toc-page-1 ez-toc-heading-level-2'><a class=\"ez-toc-link ez-toc-heading-11\" href=\"https:\/\/www.grupomedcof.com.br\/blog\/relembre-detalhes-da-sindrome-de-fournier\/#Como_evitar_a_Sindrome_de_Fournier\" >Como evitar a S\u00edndrome de Fournier?<\/a><\/li><li class='ez-toc-page-1 ez-toc-heading-level-2'><a class=\"ez-toc-link ez-toc-heading-12\" href=\"https:\/\/www.grupomedcof.com.br\/blog\/relembre-detalhes-da-sindrome-de-fournier\/#Conheca_mais_sobre_a_Sindrome_de_Fournier_com_MedCof\" >Conhe\u00e7a mais sobre a S\u00edndrome de Fournier com MedCof!<\/a><\/li><\/ul><\/nav><\/div>\n\n<p>A <strong>S\u00edndrome de Fournier<\/strong> \u00e9 uma <strong>infec\u00e7\u00e3o grave<\/strong> e rapidamente progressiva que afeta a regi\u00e3o genital, perineal e perianal. Neste artigo voc\u00ea ir\u00e1 saber os sintomas, causas, transmiss\u00e3o, diagn\u00f3stico e tratamento da doen\u00e7a.<\/p>\n\n\n\n<figure class=\"wp-block-image size-large\"><img loading=\"lazy\" decoding=\"async\" width=\"1024\" height=\"576\" src=\"https:\/\/www.grupomedcof.com.br\/blog\/wp-content\/uploads\/2024\/08\/Blog-MedCof-2024-08-22T124009.939-1024x576.png\" alt=\"\" class=\"wp-image-29074\" srcset=\"https:\/\/www.grupomedcof.com.br\/blog\/wp-content\/uploads\/2024\/08\/Blog-MedCof-2024-08-22T124009.939-1024x576.png 1024w, https:\/\/www.grupomedcof.com.br\/blog\/wp-content\/uploads\/2024\/08\/Blog-MedCof-2024-08-22T124009.939-300x169.png 300w, https:\/\/www.grupomedcof.com.br\/blog\/wp-content\/uploads\/2024\/08\/Blog-MedCof-2024-08-22T124009.939-768x432.png 768w, https:\/\/www.grupomedcof.com.br\/blog\/wp-content\/uploads\/2024\/08\/Blog-MedCof-2024-08-22T124009.939-1536x864.png 1536w, https:\/\/www.grupomedcof.com.br\/blog\/wp-content\/uploads\/2024\/08\/Blog-MedCof-2024-08-22T124009.939-2048x1152.png 2048w, https:\/\/www.grupomedcof.com.br\/blog\/wp-content\/uploads\/2024\/08\/Blog-MedCof-2024-08-22T124009.939-747x420.png 747w, https:\/\/www.grupomedcof.com.br\/blog\/wp-content\/uploads\/2024\/08\/Blog-MedCof-2024-08-22T124009.939-150x84.png 150w, https:\/\/www.grupomedcof.com.br\/blog\/wp-content\/uploads\/2024\/08\/Blog-MedCof-2024-08-22T124009.939-696x392.png 696w, https:\/\/www.grupomedcof.com.br\/blog\/wp-content\/uploads\/2024\/08\/Blog-MedCof-2024-08-22T124009.939-1068x601.png 1068w, https:\/\/www.grupomedcof.com.br\/blog\/wp-content\/uploads\/2024\/08\/Blog-MedCof-2024-08-22T124009.939-1920x1080.png 1920w\" sizes=\"auto, (max-width: 1024px) 100vw, 1024px\" \/><\/figure>\n\n\n\n<h2 class=\"wp-block-heading\" id=\"h-sintomas-da-sindrome-de-fournier\"><span class=\"ez-toc-section\" id=\"Sintomas_da_Sindrome_de_Fournier\"><\/span><strong>Sintomas da S\u00edndrome de Fournier<\/strong><span class=\"ez-toc-section-end\"><\/span><\/h2>\n\n\n\n<p>Os primeiros sinais incluem <strong>dor intensa<\/strong> e <strong>incha\u00e7o<\/strong> na regi\u00e3o genital ou perineal. A \u00e1rea afetada pode apresentar <strong>vermelhid\u00e3o, calor local<\/strong> e presen\u00e7a de <strong>bolhas com secre\u00e7\u00e3o<\/strong>.<\/p>\n\n\n\n<p>Sintomas sist\u00eamicos como <strong>febre alta, mal-estar generalizado, taquicardia e queda de press\u00e3o arterial<\/strong> tamb\u00e9m s\u00e3o comuns. Em casos avan\u00e7ados, pode haver <strong>necrose vis\u00edvel e odor f\u00e9tido<\/strong>.<\/p>\n\n\n\n<p>O <strong>agravamento r\u00e1pido<\/strong> \u00e9 um <strong>sinal de alerta<\/strong>. A evolu\u00e7\u00e3o pode ocorrer em poucas horas, sendo essencial buscar <a href=\"https:\/\/www.grupomedcof.com.br\/blog\/urologia\/\"><strong>atendimento imediato<\/strong><\/a>.<\/p>\n\n\n\n<h2 class=\"wp-block-heading\"><span class=\"ez-toc-section\" id=\"Causas_da_Sindrome_de_Fournier\"><\/span><strong>Causas da S\u00edndrome de Fournier<\/strong><span class=\"ez-toc-section-end\"><\/span><\/h2>\n\n\n\n<p>A infec\u00e7\u00e3o geralmente \u00e9 causada por uma <strong>combina\u00e7\u00e3o de bact\u00e9rias aer\u00f3bias e anaer\u00f3bias<\/strong>. Os principais agentes incluem <em>Escherichia coli, Streptococcus e Bacteroides<\/em>.<\/p>\n\n\n\n<p>As origens mais comuns s\u00e3o <strong>infec\u00e7\u00f5es urin\u00e1rias, anorretais e cut\u00e2neas<\/strong>. Pequenos ferimentos, abscessos ou procedimentos cir\u00fargicos na regi\u00e3o tamb\u00e9m podem desencadear o quadro.<\/p>\n\n\n\n<h3 class=\"wp-block-heading\"><span class=\"ez-toc-section\" id=\"Como_e_a_transmissao_da_Fournier\"><\/span><strong>Como \u00e9 a transmiss\u00e3o da Fournier?<\/strong><span class=\"ez-toc-section-end\"><\/span><\/h3>\n\n\n\n<p>A S\u00edndrome de Fournier <strong>n\u00e3o \u00e9 contagiosa<\/strong>. Ela n\u00e3o se transmite entre pessoas.<\/p>\n\n\n\n<p>A infec\u00e7\u00e3o se desenvolve <strong>dentro do pr\u00f3prio organismo<\/strong> a partir da<strong> entrada de bact\u00e9rias nos tecidos moles<\/strong> da regi\u00e3o perineal.<\/p>\n\n\n\n<h3 class=\"wp-block-heading\"><span class=\"ez-toc-section\" id=\"Quais_sao_os_fatores_de_risco_para_a_gangrena_de_Fournier\"><\/span><strong>Quais s\u00e3o os fatores de risco para a gangrena de Fournier?<\/strong><span class=\"ez-toc-section-end\"><\/span><\/h3>\n\n\n\n<p>Pessoas com <strong>diabetes mellitus, alcoolismo, obesidade<\/strong> ou <strong>doen\u00e7as cardiovasculares<\/strong> t\u00eam <strong>maior risco<\/strong>. Pacientes <strong>imunossuprimidos<\/strong>, como transplantados ou com c\u00e2ncer, tamb\u00e9m s\u00e3o <strong>mais vulner\u00e1veis<\/strong>.<\/p>\n\n\n\n<p>A <strong>falta de higiene<\/strong> adequada e o <strong>uso prolongado de sondas ou cateteres<\/strong> podem facilitar o surgimento da infec\u00e7\u00e3o.<\/p>\n\n\n\n<figure class=\"wp-block-image size-large\"><img loading=\"lazy\" decoding=\"async\" width=\"1024\" height=\"576\" src=\"https:\/\/www.grupomedcof.com.br\/blog\/wp-content\/uploads\/2024\/08\/Blog-MedCof-23-1024x576.jpg\" alt=\"\" class=\"wp-image-35870\" srcset=\"https:\/\/www.grupomedcof.com.br\/blog\/wp-content\/uploads\/2024\/08\/Blog-MedCof-23-1024x576.jpg 1024w, https:\/\/www.grupomedcof.com.br\/blog\/wp-content\/uploads\/2024\/08\/Blog-MedCof-23-300x169.jpg 300w, https:\/\/www.grupomedcof.com.br\/blog\/wp-content\/uploads\/2024\/08\/Blog-MedCof-23-768x432.jpg 768w, https:\/\/www.grupomedcof.com.br\/blog\/wp-content\/uploads\/2024\/08\/Blog-MedCof-23-1536x864.jpg 1536w, https:\/\/www.grupomedcof.com.br\/blog\/wp-content\/uploads\/2024\/08\/Blog-MedCof-23-747x420.jpg 747w, https:\/\/www.grupomedcof.com.br\/blog\/wp-content\/uploads\/2024\/08\/Blog-MedCof-23-150x84.jpg 150w, https:\/\/www.grupomedcof.com.br\/blog\/wp-content\/uploads\/2024\/08\/Blog-MedCof-23-696x392.jpg 696w, https:\/\/www.grupomedcof.com.br\/blog\/wp-content\/uploads\/2024\/08\/Blog-MedCof-23-1068x601.jpg 1068w, https:\/\/www.grupomedcof.com.br\/blog\/wp-content\/uploads\/2024\/08\/Blog-MedCof-23.jpg 1920w\" sizes=\"auto, (max-width: 1024px) 100vw, 1024px\" \/><figcaption class=\"wp-element-caption\">Reprodu\u00e7\u00e3o: Canva<\/figcaption><\/figure>\n\n\n\n<h2 class=\"wp-block-heading\"><span class=\"ez-toc-section\" id=\"Diagnostico_da_Sindrome_de_Fournier\"><\/span><strong>Diagn\u00f3stico da S\u00edndrome de Fournier<\/strong><span class=\"ez-toc-section-end\"><\/span><\/h2>\n\n\n\n<p>O diagn\u00f3stico \u00e9 <strong>cl\u00ednico<\/strong> e baseado na <strong>observa\u00e7\u00e3o dos sinais locais e sist\u00eamicos<\/strong>. Exames de sangue, como leucograma e PCR, ajudam a avaliar a inflama\u00e7\u00e3o.<\/p>\n\n\n\n<p>Imagens como ultrassonografia, tomografia computadorizada (TC) e resson\u00e2ncia magn\u00e9tica (RM) auxiliam na detec\u00e7\u00e3o da extens\u00e3o da necrose.<\/p>\n\n\n\n<h3 class=\"wp-block-heading\"><span class=\"ez-toc-section\" id=\"Indice_de_Gravidade_da_Sindrome_de_Fournier_FGSI\"><\/span><strong>\u00cdndice de Gravidade da S\u00edndrome de Fournier (FGSI)<\/strong><span class=\"ez-toc-section-end\"><\/span><\/h3>\n\n\n\n<p>O <strong>FGSI<\/strong> \u00e9 um escore que avalia a <strong>gravidade da s\u00edndrome<\/strong> com <strong>base em par\u00e2metros<\/strong> como <strong>temperatura, frequ\u00eancia card\u00edaca, creatinina e s\u00f3dio<\/strong>.<\/p>\n\n\n\n<p>Ele \u00e9 utilizado para <strong>prever a mortalidade<\/strong> e <strong>orientar decis\u00f5es m\u00e9dicas<\/strong>. Escores mais altos indicam maior risco de complica\u00e7\u00f5es.<\/p>\n\n\n\n<figure class=\"wp-block-image size-large\"><a href=\"https:\/\/www.grupomedcof.com.br\/cofletters\/\"><img loading=\"lazy\" decoding=\"async\" width=\"1024\" height=\"366\" src=\"https:\/\/www.grupomedcof.com.br\/blog\/wp-content\/uploads\/2024\/08\/Capa-Eventos-MedCof-Plus-14-3-1024x366.png\" alt=\"\" class=\"wp-image-28960\" srcset=\"https:\/\/www.grupomedcof.com.br\/blog\/wp-content\/uploads\/2024\/08\/Capa-Eventos-MedCof-Plus-14-3-1024x366.png 1024w, https:\/\/www.grupomedcof.com.br\/blog\/wp-content\/uploads\/2024\/08\/Capa-Eventos-MedCof-Plus-14-3-300x107.png 300w, https:\/\/www.grupomedcof.com.br\/blog\/wp-content\/uploads\/2024\/08\/Capa-Eventos-MedCof-Plus-14-3-768x275.png 768w, https:\/\/www.grupomedcof.com.br\/blog\/wp-content\/uploads\/2024\/08\/Capa-Eventos-MedCof-Plus-14-3-1536x549.png 1536w, https:\/\/www.grupomedcof.com.br\/blog\/wp-content\/uploads\/2024\/08\/Capa-Eventos-MedCof-Plus-14-3-2048x732.png 2048w, https:\/\/www.grupomedcof.com.br\/blog\/wp-content\/uploads\/2024\/08\/Capa-Eventos-MedCof-Plus-14-3-1174x420.png 1174w, https:\/\/www.grupomedcof.com.br\/blog\/wp-content\/uploads\/2024\/08\/Capa-Eventos-MedCof-Plus-14-3-150x54.png 150w, https:\/\/www.grupomedcof.com.br\/blog\/wp-content\/uploads\/2024\/08\/Capa-Eventos-MedCof-Plus-14-3-696x249.png 696w, https:\/\/www.grupomedcof.com.br\/blog\/wp-content\/uploads\/2024\/08\/Capa-Eventos-MedCof-Plus-14-3-1068x382.png 1068w, https:\/\/www.grupomedcof.com.br\/blog\/wp-content\/uploads\/2024\/08\/Capa-Eventos-MedCof-Plus-14-3-1920x687.png 1920w\" sizes=\"auto, (max-width: 1024px) 100vw, 1024px\" \/><\/a><\/figure>\n\n\n\n<h2 class=\"wp-block-heading\"><span class=\"ez-toc-section\" id=\"Qual_e_o_tratamento_para_a_Sindrome_de_Fournier\"><\/span><strong>Qual \u00e9 o tratamento para a S\u00edndrome de Fournier?<\/strong><span class=\"ez-toc-section-end\"><\/span><\/h2>\n\n\n\n<p>O tratamento \u00e9 <strong>emergencial<\/strong> e envolve <strong>antibi\u00f3ticos de amplo espectro<\/strong>, <strong>cirurgias de desbridamento<\/strong> para remo\u00e7\u00e3o do tecido necrosado e <strong>interna\u00e7\u00e3o em UTI<\/strong>.<\/p>\n\n\n\n<p>A atua\u00e7\u00e3o de <strong>equipes multidisciplinares<\/strong>, como urologistas, cirurgi\u00f5es gerais, infectologistas e intensivistas, \u00e9 essencial para o <strong>sucesso terap\u00eautico<\/strong>.<\/p>\n\n\n\n<h3 class=\"wp-block-heading\"><span class=\"ez-toc-section\" id=\"Quanto_tempo_dura_a_Sindrome_de_Fournier\"><\/span><strong>Quanto tempo dura a S\u00edndrome de Fournier?<\/strong><span class=\"ez-toc-section-end\"><\/span><\/h3>\n\n\n\n<p>A fase aguda pode durar <strong>dias ou semanas<\/strong>, dependendo da <strong>gravidade<\/strong>. A hospitaliza\u00e7\u00e3o costuma se estender por <strong>2 a 6 semanas<\/strong>, podendo ser maior em casos complexos.<\/p>\n\n\n\n<p>A recupera\u00e7\u00e3o completa leva <strong>meses<\/strong>, incluindo <strong>cuidados p\u00f3s-operat\u00f3rios<\/strong> e <strong>reabilita\u00e7\u00e3o progressiva<\/strong>.<\/p>\n\n\n\n<h2 class=\"wp-block-heading\"><span class=\"ez-toc-section\" id=\"Complicacoes_potenciais_da_gangrena_de_Fournier\"><\/span><strong>Complica\u00e7\u00f5es potenciais da gangrena de Fournier<\/strong><span class=\"ez-toc-section-end\"><\/span><\/h2>\n\n\n\n<p>As complica\u00e7\u00f5es mais graves incluem <strong>sepse, fal\u00eancia de m\u00faltiplos \u00f3rg\u00e3os, amputa\u00e7\u00f5es parciais e comprometimento funcional da regi\u00e3o genital<\/strong>.<\/p>\n\n\n\n<p>Pacientes podem desenvolver <strong>dist\u00farbios psicol\u00f3gicos<\/strong> devido \u00e0 mutila\u00e7\u00e3o corporal, exigindo suporte emocional especializado.<\/p>\n\n\n\n<div class=\"wp-block-columns is-layout-flex wp-container-core-columns-is-layout-9d6595d7 wp-block-columns-is-layout-flex\">\n<div class=\"wp-block-column is-layout-flow wp-block-column-is-layout-flow\">\n<figure class=\"wp-block-image size-full\"><img loading=\"lazy\" decoding=\"async\" width=\"190\" height=\"140\" src=\"https:\/\/www.grupomedcof.com.br\/blog\/wp-content\/uploads\/2024\/08\/fournier-scielo-1.jpg\" alt=\"\" class=\"wp-image-35873\" srcset=\"https:\/\/www.grupomedcof.com.br\/blog\/wp-content\/uploads\/2024\/08\/fournier-scielo-1.jpg 190w, https:\/\/www.grupomedcof.com.br\/blog\/wp-content\/uploads\/2024\/08\/fournier-scielo-1-80x60.jpg 80w, https:\/\/www.grupomedcof.com.br\/blog\/wp-content\/uploads\/2024\/08\/fournier-scielo-1-150x111.jpg 150w\" sizes=\"auto, (max-width: 190px) 100vw, 190px\" \/><figcaption class=\"wp-element-caption\">Reprodu\u00e7\u00e3o: https:\/\/www.scielo.br\/j\/rbcp\/a\/BSjXwXVnfJZ7hzbxrwzLNQm\/?lang=pt <\/figcaption><\/figure>\n<\/div>\n\n\n\n<div class=\"wp-block-column is-layout-flow wp-block-column-is-layout-flow\">\n<figure class=\"wp-block-image size-full\"><img loading=\"lazy\" decoding=\"async\" width=\"187\" height=\"140\" src=\"https:\/\/www.grupomedcof.com.br\/blog\/wp-content\/uploads\/2024\/08\/fournier-scielo2.jpg\" alt=\"\" class=\"wp-image-35874\" srcset=\"https:\/\/www.grupomedcof.com.br\/blog\/wp-content\/uploads\/2024\/08\/fournier-scielo2.jpg 187w, https:\/\/www.grupomedcof.com.br\/blog\/wp-content\/uploads\/2024\/08\/fournier-scielo2-80x60.jpg 80w, https:\/\/www.grupomedcof.com.br\/blog\/wp-content\/uploads\/2024\/08\/fournier-scielo2-150x112.jpg 150w\" sizes=\"auto, (max-width: 187px) 100vw, 187px\" \/><figcaption class=\"wp-element-caption\">Reprodu\u00e7\u00e3o: https:\/\/www.scielo.br\/j\/rbcp\/a\/BSjXwXVnfJZ7hzbxrwzLNQm\/?lang=pt<\/figcaption><\/figure>\n<\/div>\n<\/div>\n\n\n\n<h2 class=\"wp-block-heading\"><span class=\"ez-toc-section\" id=\"Reconstrucao_e_recuperacao_apos_a_gangrena_de_Fournier\"><\/span><strong>Reconstru\u00e7\u00e3o e recupera\u00e7\u00e3o ap\u00f3s a gangrena de Fournier<\/strong><span class=\"ez-toc-section-end\"><\/span><\/h2>\n\n\n\n<p>Ap\u00f3s o controle da infec\u00e7\u00e3o, inicia-se a fase de <strong>reconstru\u00e7\u00e3o tecidual<\/strong>, com uso de <strong>enxertos e cirurgias pl\u00e1sticas<\/strong>.<\/p>\n\n\n\n<p>A recupera\u00e7\u00e3o inclui <strong>fisioterapia<\/strong>, <strong>acompanhamento ambulatorial<\/strong> e <strong>apoio psicol\u00f3gico<\/strong>. O <strong>tempo total de reabilita\u00e7\u00e3o varia<\/strong> conforme o grau de destrui\u00e7\u00e3o dos tecidos.<\/p>\n\n\n\n<h2 class=\"wp-block-heading\"><span class=\"ez-toc-section\" id=\"Como_evitar_a_Sindrome_de_Fournier\"><\/span><strong>Como evitar a S\u00edndrome de Fournier?<\/strong><span class=\"ez-toc-section-end\"><\/span><\/h2>\n\n\n\n<p>A preven\u00e7\u00e3o envolve <strong>boa higiene \u00edntima<\/strong>, <strong>controle rigoroso<\/strong> de doen\u00e7as como <strong>diabetes<\/strong>, e <strong>cuidados com feridas<\/strong> ou<strong> cirurgias<\/strong> na regi\u00e3o perineal.<\/p>\n\n\n\n<p>Pacientes em risco devem realizar <strong>acompanhamento cl\u00ednico regular<\/strong> e <strong>buscar ajuda m\u00e9dica<\/strong> ao <strong>menor sinal de infec\u00e7\u00e3o<\/strong>.<\/p>\n\n\n\n<h2 class=\"wp-block-heading\"><span class=\"ez-toc-section\" id=\"Conheca_mais_sobre_a_Sindrome_de_Fournier_com_MedCof\"><\/span><strong>Conhe\u00e7a mais sobre a S\u00edndrome de Fournier com MedCof!<\/strong><span class=\"ez-toc-section-end\"><\/span><\/h2>\n\n\n\n<p>Quer alcan\u00e7ar a aprova\u00e7\u00e3o nas provas de resid\u00eancia m\u00e9dica? Ent\u00e3o voc\u00ea precisa <a href=\"https:\/\/www.grupomedcof.com.br\/home\/?page=sobre-nos\"><strong>conhecer<\/strong><\/a> o <strong>Grupo MedCof<\/strong>!<br>Sendo um <a href=\"https:\/\/www.grupomedcof.com.br\/home\/\"><strong>MedCofer<\/strong><\/a>, te ajudaremos na busca da aprova\u00e7\u00e3o com conte\u00fados de qualidade e uma metodologia que j\u00e1 aprovou mais de 10 mil residentes no pa\u00eds!<\/p>\n\n\n\n<figure class=\"wp-block-embed is-type-video is-provider-youtube wp-block-embed-youtube wp-embed-aspect-16-9 wp-has-aspect-ratio\"><div class=\"wp-block-embed__wrapper\">\n<iframe loading=\"lazy\" title=\"Resid\u00eancia M\u00e9dica na UFCSPA: Aprovado em R+ Urologia\" width=\"696\" height=\"392\" src=\"https:\/\/www.youtube.com\/embed\/yDthGOc65V0?feature=oembed\" frameborder=\"0\" allow=\"accelerometer; autoplay; clipboard-write; encrypted-media; gyroscope; picture-in-picture; web-share\" referrerpolicy=\"strict-origin-when-cross-origin\" allowfullscreen><\/iframe>\n<\/div><\/figure>\n","protected":false},"excerpt":{"rendered":"<p>A S\u00edndrome de Fournier \u00e9 uma infec\u00e7\u00e3o necrotizante de partes moles. Saiba mais sobre trasmiss\u00e3o e diagn\u00f3stico em nosso blog!<\/p>\n","protected":false},"author":18,"featured_media":29074,"comment_status":"open","ping_status":"open","sticky":false,"template":"","format":"standard","meta":{"footnotes":""},"categories":[135,206],"tags":[1872,1058,1871,869],"ppma_author":[3611],"class_list":{"0":"post-29072","1":"post","2":"type-post","3":"status-publish","4":"format-standard","5":"has-post-thumbnail","7":"category-cirurgia-geral","8":"category-urologia","9":"tag-condicoes-especiais","10":"tag-diagnostico","11":"tag-sindrome-de-fournier","12":"tag-tratamento"},"yoast_head":"<!-- This site is optimized with the Yoast SEO Premium plugin v24.3 (Yoast SEO v27.5) - https:\/\/yoast.com\/product\/yoast-seo-premium-wordpress\/ -->\n<title>S\u00edndrome de Fournier: o que \u00e9, sintomas e como tratar<\/title>\n<meta name=\"description\" content=\"S\u00edndrome de Fournier \u00e9 uma infec\u00e7\u00e3o grave que exige aten\u00e7\u00e3o m\u00e9dica imediata. Entenda os sinais de alerta, riscos envolvidos e formas de preven\u00e7\u00e3o eficazes.\" \/>\n<meta name=\"robots\" content=\"index, follow, max-snippet:-1, max-image-preview:large, max-video-preview:-1\" \/>\n<link rel=\"canonical\" href=\"https:\/\/www.grupomedcof.com.br\/blog\/relembre-detalhes-da-sindrome-de-fournier\/\" \/>\n<meta property=\"og:locale\" content=\"pt_BR\" \/>\n<meta property=\"og:type\" content=\"article\" \/>\n<meta property=\"og:title\" content=\"S\u00edndrome de Fournier: o que \u00e9, causas, sintomas, como tratar e evitar\" \/>\n<meta property=\"og:description\" content=\"S\u00edndrome de Fournier \u00e9 uma infec\u00e7\u00e3o grave que exige aten\u00e7\u00e3o m\u00e9dica imediata. Entenda os sinais de alerta, riscos envolvidos e formas de preven\u00e7\u00e3o eficazes.\" \/>\n<meta property=\"og:url\" content=\"https:\/\/www.grupomedcof.com.br\/blog\/relembre-detalhes-da-sindrome-de-fournier\/\" \/>\n<meta property=\"og:site_name\" content=\"Blog de Medcof: conte\u00fados, editais, revalida e mais!\" \/>\n<meta property=\"article:publisher\" content=\"https:\/\/www.facebook.com\/MedCofQbank\/\" \/>\n<meta property=\"article:published_time\" content=\"2025-05-21T13:07:00+00:00\" \/>\n<meta property=\"article:modified_time\" content=\"2025-12-01T20:58:18+00:00\" \/>\n<meta property=\"og:image\" content=\"https:\/\/www.grupomedcof.com.br\/blog\/wp-content\/uploads\/2024\/08\/Blog-MedCof-2024-08-22T124009.939-1024x576.png\" \/>\n\t<meta property=\"og:image:width\" content=\"1024\" \/>\n\t<meta property=\"og:image:height\" content=\"576\" \/>\n\t<meta property=\"og:image:type\" content=\"image\/png\" \/>\n<meta name=\"author\" content=\"Leila Menzel\" \/>\n<meta name=\"twitter:card\" content=\"summary_large_image\" \/>\n<meta name=\"twitter:label1\" content=\"Escrito por\" \/>\n\t<meta name=\"twitter:data1\" content=\"Leila Menzel\" \/>\n\t<meta name=\"twitter:label2\" content=\"Est. tempo de leitura\" \/>\n\t<meta name=\"twitter:data2\" content=\"5 minutos\" \/>\n<script type=\"application\/ld+json\" class=\"yoast-schema-graph\">{\"@context\":\"https:\\\/\\\/schema.org\",\"@graph\":[{\"@type\":\"Article\",\"@id\":\"https:\\\/\\\/www.grupomedcof.com.br\\\/blog\\\/relembre-detalhes-da-sindrome-de-fournier\\\/#article\",\"isPartOf\":{\"@id\":\"https:\\\/\\\/www.grupomedcof.com.br\\\/blog\\\/relembre-detalhes-da-sindrome-de-fournier\\\/\"},\"author\":{\"name\":\"Leila Menzel\",\"@id\":\"https:\\\/\\\/www.grupomedcof.com.br\\\/blog\\\/#\\\/schema\\\/person\\\/2a5527209c17e7eb35bd6a4ebd5c7956\"},\"headline\":\"S\u00edndrome de Fournier: o que \u00e9, causas, sintomas, como tratar e evitar\",\"datePublished\":\"2025-05-21T13:07:00+00:00\",\"dateModified\":\"2025-12-01T20:58:18+00:00\",\"mainEntityOfPage\":{\"@id\":\"https:\\\/\\\/www.grupomedcof.com.br\\\/blog\\\/relembre-detalhes-da-sindrome-de-fournier\\\/\"},\"wordCount\":775,\"commentCount\":0,\"publisher\":{\"@id\":\"https:\\\/\\\/www.grupomedcof.com.br\\\/blog\\\/#organization\"},\"image\":{\"@id\":\"https:\\\/\\\/www.grupomedcof.com.br\\\/blog\\\/relembre-detalhes-da-sindrome-de-fournier\\\/#primaryimage\"},\"thumbnailUrl\":\"https:\\\/\\\/www.grupomedcof.com.br\\\/blog\\\/wp-content\\\/uploads\\\/2024\\\/08\\\/Blog-MedCof-2024-08-22T124009.939.png\",\"keywords\":[\"Condi\u00e7\u00f5es especiais\",\"diagn\u00f3stico\",\"S\u00edndrome de Fournier\",\"tratamento\"],\"articleSection\":[\"Cirurgia Geral\",\"Urologia\"],\"inLanguage\":\"pt-BR\"},{\"@type\":\"WebPage\",\"@id\":\"https:\\\/\\\/www.grupomedcof.com.br\\\/blog\\\/relembre-detalhes-da-sindrome-de-fournier\\\/\",\"url\":\"https:\\\/\\\/www.grupomedcof.com.br\\\/blog\\\/relembre-detalhes-da-sindrome-de-fournier\\\/\",\"name\":\"S\u00edndrome de Fournier: o que \u00e9, sintomas e como tratar\",\"isPartOf\":{\"@id\":\"https:\\\/\\\/www.grupomedcof.com.br\\\/blog\\\/#website\"},\"primaryImageOfPage\":{\"@id\":\"https:\\\/\\\/www.grupomedcof.com.br\\\/blog\\\/relembre-detalhes-da-sindrome-de-fournier\\\/#primaryimage\"},\"image\":{\"@id\":\"https:\\\/\\\/www.grupomedcof.com.br\\\/blog\\\/relembre-detalhes-da-sindrome-de-fournier\\\/#primaryimage\"},\"thumbnailUrl\":\"https:\\\/\\\/www.grupomedcof.com.br\\\/blog\\\/wp-content\\\/uploads\\\/2024\\\/08\\\/Blog-MedCof-2024-08-22T124009.939.png\",\"datePublished\":\"2025-05-21T13:07:00+00:00\",\"dateModified\":\"2025-12-01T20:58:18+00:00\",\"description\":\"S\u00edndrome de Fournier \u00e9 uma infec\u00e7\u00e3o grave que exige aten\u00e7\u00e3o m\u00e9dica imediata. Entenda os sinais de alerta, riscos envolvidos e formas de preven\u00e7\u00e3o eficazes.\",\"breadcrumb\":{\"@id\":\"https:\\\/\\\/www.grupomedcof.com.br\\\/blog\\\/relembre-detalhes-da-sindrome-de-fournier\\\/#breadcrumb\"},\"inLanguage\":\"pt-BR\",\"potentialAction\":[{\"@type\":\"ReadAction\",\"target\":[\"https:\\\/\\\/www.grupomedcof.com.br\\\/blog\\\/relembre-detalhes-da-sindrome-de-fournier\\\/\"]}]},{\"@type\":\"ImageObject\",\"inLanguage\":\"pt-BR\",\"@id\":\"https:\\\/\\\/www.grupomedcof.com.br\\\/blog\\\/relembre-detalhes-da-sindrome-de-fournier\\\/#primaryimage\",\"url\":\"https:\\\/\\\/www.grupomedcof.com.br\\\/blog\\\/wp-content\\\/uploads\\\/2024\\\/08\\\/Blog-MedCof-2024-08-22T124009.939.png\",\"contentUrl\":\"https:\\\/\\\/www.grupomedcof.com.br\\\/blog\\\/wp-content\\\/uploads\\\/2024\\\/08\\\/Blog-MedCof-2024-08-22T124009.939.png\",\"width\":2560,\"height\":1440,\"caption\":\"Um estetosc\u00f3pio m\u00e9dico sobre uma mesa com pap\u00e9is e uma caneta\"},{\"@type\":\"BreadcrumbList\",\"@id\":\"https:\\\/\\\/www.grupomedcof.com.br\\\/blog\\\/relembre-detalhes-da-sindrome-de-fournier\\\/#breadcrumb\",\"itemListElement\":[{\"@type\":\"ListItem\",\"position\":1,\"name\":\"In\u00edcio\",\"item\":\"https:\\\/\\\/www.grupomedcof.com.br\\\/blog\\\/\"},{\"@type\":\"ListItem\",\"position\":2,\"name\":\"S\u00edndrome de Fournier: o que \u00e9, causas, sintomas, como tratar e evitar\"}]},{\"@type\":\"WebSite\",\"@id\":\"https:\\\/\\\/www.grupomedcof.com.br\\\/blog\\\/#website\",\"url\":\"https:\\\/\\\/www.grupomedcof.com.br\\\/blog\\\/\",\"name\":\"Blog de Medcof: conte\u00fados, editais, revalida e mais!\",\"description\":\"Acesso o blog de MedCof! Seu portal de conte\u00fados sobre resid\u00eancia m\u00e9dica, an\u00e1lise e editais e muito mais. Clique e confira!\",\"publisher\":{\"@id\":\"https:\\\/\\\/www.grupomedcof.com.br\\\/blog\\\/#organization\"},\"alternateName\":\"Blog de Medcof: conte\u00fados, editais, revalida e mais!\",\"potentialAction\":[{\"@type\":\"SearchAction\",\"target\":{\"@type\":\"EntryPoint\",\"urlTemplate\":\"https:\\\/\\\/www.grupomedcof.com.br\\\/blog\\\/?s={search_term_string}\"},\"query-input\":{\"@type\":\"PropertyValueSpecification\",\"valueRequired\":true,\"valueName\":\"search_term_string\"}}],\"inLanguage\":\"pt-BR\"},{\"@type\":\"Organization\",\"@id\":\"https:\\\/\\\/www.grupomedcof.com.br\\\/blog\\\/#organization\",\"name\":\"Grupo MedCof\",\"url\":\"https:\\\/\\\/www.grupomedcof.com.br\\\/blog\\\/\",\"logo\":{\"@type\":\"ImageObject\",\"inLanguage\":\"pt-BR\",\"@id\":\"https:\\\/\\\/www.grupomedcof.com.br\\\/blog\\\/#\\\/schema\\\/logo\\\/image\\\/\",\"url\":\"https:\\\/\\\/www.grupomedcof.com.br\\\/blog\\\/wp-content\\\/uploads\\\/2022\\\/01\\\/logo-medcof.png\",\"contentUrl\":\"https:\\\/\\\/www.grupomedcof.com.br\\\/blog\\\/wp-content\\\/uploads\\\/2022\\\/01\\\/logo-medcof.png\",\"width\":768,\"height\":269,\"caption\":\"Grupo MedCof\"},\"image\":{\"@id\":\"https:\\\/\\\/www.grupomedcof.com.br\\\/blog\\\/#\\\/schema\\\/logo\\\/image\\\/\"},\"sameAs\":[\"https:\\\/\\\/www.facebook.com\\\/MedCofQbank\\\/\",\"https:\\\/\\\/www.instagram.com\\\/grupomedcof\\\/\",\"https:\\\/\\\/br.linkedin.com\\\/company\\\/medcof\",\"https:\\\/\\\/www.youtube.com\\\/channel\\\/UCdHMuOHKICxcHwecxN8P-AA\"]},{\"@type\":\"Person\",\"@id\":\"https:\\\/\\\/www.grupomedcof.com.br\\\/blog\\\/#\\\/schema\\\/person\\\/2a5527209c17e7eb35bd6a4ebd5c7956\",\"name\":\"Leila Menzel\",\"image\":{\"@type\":\"ImageObject\",\"inLanguage\":\"pt-BR\",\"@id\":\"https:\\\/\\\/www.grupomedcof.com.br\\\/blog\\\/wp-content\\\/uploads\\\/2023\\\/04\\\/cropped-cropped-cropped-logo-96x96.png15459389df217b605b4f0cce419ac81a\",\"url\":\"https:\\\/\\\/www.grupomedcof.com.br\\\/blog\\\/wp-content\\\/uploads\\\/2023\\\/04\\\/cropped-cropped-cropped-logo-96x96.png\",\"contentUrl\":\"https:\\\/\\\/www.grupomedcof.com.br\\\/blog\\\/wp-content\\\/uploads\\\/2023\\\/04\\\/cropped-cropped-cropped-logo-96x96.png\",\"caption\":\"Leila Menzel\"},\"description\":\"Estudante do 6\u00b0 semestre de jornalismo, amo e escrevo poesias e viajo em livros de romances clich\u00eas.\",\"url\":\"https:\\\/\\\/www.grupomedcof.com.br\\\/blog\\\/author\\\/leila\\\/\"}]}<\/script>\n<!-- \/ Yoast SEO Premium plugin. -->","yoast_head_json":{"title":"S\u00edndrome de Fournier: o que \u00e9, sintomas e como tratar","description":"S\u00edndrome de Fournier \u00e9 uma infec\u00e7\u00e3o grave que exige aten\u00e7\u00e3o m\u00e9dica imediata. Entenda os sinais de alerta, riscos envolvidos e formas de preven\u00e7\u00e3o eficazes.","robots":{"index":"index","follow":"follow","max-snippet":"max-snippet:-1","max-image-preview":"max-image-preview:large","max-video-preview":"max-video-preview:-1"},"canonical":"https:\/\/www.grupomedcof.com.br\/blog\/relembre-detalhes-da-sindrome-de-fournier\/","og_locale":"pt_BR","og_type":"article","og_title":"S\u00edndrome de Fournier: o que \u00e9, causas, sintomas, como tratar e evitar","og_description":"S\u00edndrome de Fournier \u00e9 uma infec\u00e7\u00e3o grave que exige aten\u00e7\u00e3o m\u00e9dica imediata. Entenda os sinais de alerta, riscos envolvidos e formas de preven\u00e7\u00e3o eficazes.","og_url":"https:\/\/www.grupomedcof.com.br\/blog\/relembre-detalhes-da-sindrome-de-fournier\/","og_site_name":"Blog de Medcof: conte\u00fados, editais, revalida e mais!","article_publisher":"https:\/\/www.facebook.com\/MedCofQbank\/","article_published_time":"2025-05-21T13:07:00+00:00","article_modified_time":"2025-12-01T20:58:18+00:00","og_image":[{"width":1024,"height":576,"url":"https:\/\/www.grupomedcof.com.br\/blog\/wp-content\/uploads\/2024\/08\/Blog-MedCof-2024-08-22T124009.939-1024x576.png","type":"image\/png"}],"author":"Leila Menzel","twitter_card":"summary_large_image","twitter_misc":{"Escrito por":"Leila Menzel","Est. tempo de leitura":"5 minutos"},"schema":{"@context":"https:\/\/schema.org","@graph":[{"@type":"Article","@id":"https:\/\/www.grupomedcof.com.br\/blog\/relembre-detalhes-da-sindrome-de-fournier\/#article","isPartOf":{"@id":"https:\/\/www.grupomedcof.com.br\/blog\/relembre-detalhes-da-sindrome-de-fournier\/"},"author":{"name":"Leila Menzel","@id":"https:\/\/www.grupomedcof.com.br\/blog\/#\/schema\/person\/2a5527209c17e7eb35bd6a4ebd5c7956"},"headline":"S\u00edndrome de Fournier: o que \u00e9, causas, sintomas, como tratar e evitar","datePublished":"2025-05-21T13:07:00+00:00","dateModified":"2025-12-01T20:58:18+00:00","mainEntityOfPage":{"@id":"https:\/\/www.grupomedcof.com.br\/blog\/relembre-detalhes-da-sindrome-de-fournier\/"},"wordCount":775,"commentCount":0,"publisher":{"@id":"https:\/\/www.grupomedcof.com.br\/blog\/#organization"},"image":{"@id":"https:\/\/www.grupomedcof.com.br\/blog\/relembre-detalhes-da-sindrome-de-fournier\/#primaryimage"},"thumbnailUrl":"https:\/\/www.grupomedcof.com.br\/blog\/wp-content\/uploads\/2024\/08\/Blog-MedCof-2024-08-22T124009.939.png","keywords":["Condi\u00e7\u00f5es especiais","diagn\u00f3stico","S\u00edndrome de Fournier","tratamento"],"articleSection":["Cirurgia Geral","Urologia"],"inLanguage":"pt-BR"},{"@type":"WebPage","@id":"https:\/\/www.grupomedcof.com.br\/blog\/relembre-detalhes-da-sindrome-de-fournier\/","url":"https:\/\/www.grupomedcof.com.br\/blog\/relembre-detalhes-da-sindrome-de-fournier\/","name":"S\u00edndrome de Fournier: o que \u00e9, sintomas e como tratar","isPartOf":{"@id":"https:\/\/www.grupomedcof.com.br\/blog\/#website"},"primaryImageOfPage":{"@id":"https:\/\/www.grupomedcof.com.br\/blog\/relembre-detalhes-da-sindrome-de-fournier\/#primaryimage"},"image":{"@id":"https:\/\/www.grupomedcof.com.br\/blog\/relembre-detalhes-da-sindrome-de-fournier\/#primaryimage"},"thumbnailUrl":"https:\/\/www.grupomedcof.com.br\/blog\/wp-content\/uploads\/2024\/08\/Blog-MedCof-2024-08-22T124009.939.png","datePublished":"2025-05-21T13:07:00+00:00","dateModified":"2025-12-01T20:58:18+00:00","description":"S\u00edndrome de Fournier \u00e9 uma infec\u00e7\u00e3o grave que exige aten\u00e7\u00e3o m\u00e9dica imediata. Entenda os sinais de alerta, riscos envolvidos e formas de preven\u00e7\u00e3o eficazes.","breadcrumb":{"@id":"https:\/\/www.grupomedcof.com.br\/blog\/relembre-detalhes-da-sindrome-de-fournier\/#breadcrumb"},"inLanguage":"pt-BR","potentialAction":[{"@type":"ReadAction","target":["https:\/\/www.grupomedcof.com.br\/blog\/relembre-detalhes-da-sindrome-de-fournier\/"]}]},{"@type":"ImageObject","inLanguage":"pt-BR","@id":"https:\/\/www.grupomedcof.com.br\/blog\/relembre-detalhes-da-sindrome-de-fournier\/#primaryimage","url":"https:\/\/www.grupomedcof.com.br\/blog\/wp-content\/uploads\/2024\/08\/Blog-MedCof-2024-08-22T124009.939.png","contentUrl":"https:\/\/www.grupomedcof.com.br\/blog\/wp-content\/uploads\/2024\/08\/Blog-MedCof-2024-08-22T124009.939.png","width":2560,"height":1440,"caption":"Um estetosc\u00f3pio m\u00e9dico sobre uma mesa com pap\u00e9is e uma caneta"},{"@type":"BreadcrumbList","@id":"https:\/\/www.grupomedcof.com.br\/blog\/relembre-detalhes-da-sindrome-de-fournier\/#breadcrumb","itemListElement":[{"@type":"ListItem","position":1,"name":"In\u00edcio","item":"https:\/\/www.grupomedcof.com.br\/blog\/"},{"@type":"ListItem","position":2,"name":"S\u00edndrome de Fournier: o que \u00e9, causas, sintomas, como tratar e evitar"}]},{"@type":"WebSite","@id":"https:\/\/www.grupomedcof.com.br\/blog\/#website","url":"https:\/\/www.grupomedcof.com.br\/blog\/","name":"Blog de Medcof: conte\u00fados, editais, revalida e mais!","description":"Acesso o blog de MedCof! Seu portal de conte\u00fados sobre resid\u00eancia m\u00e9dica, an\u00e1lise e editais e muito mais. Clique e confira!","publisher":{"@id":"https:\/\/www.grupomedcof.com.br\/blog\/#organization"},"alternateName":"Blog de Medcof: conte\u00fados, editais, revalida e mais!","potentialAction":[{"@type":"SearchAction","target":{"@type":"EntryPoint","urlTemplate":"https:\/\/www.grupomedcof.com.br\/blog\/?s={search_term_string}"},"query-input":{"@type":"PropertyValueSpecification","valueRequired":true,"valueName":"search_term_string"}}],"inLanguage":"pt-BR"},{"@type":"Organization","@id":"https:\/\/www.grupomedcof.com.br\/blog\/#organization","name":"Grupo MedCof","url":"https:\/\/www.grupomedcof.com.br\/blog\/","logo":{"@type":"ImageObject","inLanguage":"pt-BR","@id":"https:\/\/www.grupomedcof.com.br\/blog\/#\/schema\/logo\/image\/","url":"https:\/\/www.grupomedcof.com.br\/blog\/wp-content\/uploads\/2022\/01\/logo-medcof.png","contentUrl":"https:\/\/www.grupomedcof.com.br\/blog\/wp-content\/uploads\/2022\/01\/logo-medcof.png","width":768,"height":269,"caption":"Grupo MedCof"},"image":{"@id":"https:\/\/www.grupomedcof.com.br\/blog\/#\/schema\/logo\/image\/"},"sameAs":["https:\/\/www.facebook.com\/MedCofQbank\/","https:\/\/www.instagram.com\/grupomedcof\/","https:\/\/br.linkedin.com\/company\/medcof","https:\/\/www.youtube.com\/channel\/UCdHMuOHKICxcHwecxN8P-AA"]},{"@type":"Person","@id":"https:\/\/www.grupomedcof.com.br\/blog\/#\/schema\/person\/2a5527209c17e7eb35bd6a4ebd5c7956","name":"Leila Menzel","image":{"@type":"ImageObject","inLanguage":"pt-BR","@id":"https:\/\/www.grupomedcof.com.br\/blog\/wp-content\/uploads\/2023\/04\/cropped-cropped-cropped-logo-96x96.png15459389df217b605b4f0cce419ac81a","url":"https:\/\/www.grupomedcof.com.br\/blog\/wp-content\/uploads\/2023\/04\/cropped-cropped-cropped-logo-96x96.png","contentUrl":"https:\/\/www.grupomedcof.com.br\/blog\/wp-content\/uploads\/2023\/04\/cropped-cropped-cropped-logo-96x96.png","caption":"Leila Menzel"},"description":"Estudante do 6\u00b0 semestre de jornalismo, amo e escrevo poesias e viajo em livros de romances clich\u00eas.","url":"https:\/\/www.grupomedcof.com.br\/blog\/author\/leila\/"}]}},"authors":[{"term_id":3611,"user_id":18,"is_guest":0,"slug":"leila","display_name":"Leila Menzel","avatar_url":"https:\/\/www.grupomedcof.com.br\/blog\/wp-content\/uploads\/2023\/04\/cropped-cropped-cropped-logo-96x96.png","0":null,"1":"","2":"","3":"","4":"","5":"","6":"","7":"","8":""}],"_links":{"self":[{"href":"https:\/\/www.grupomedcof.com.br\/blog\/wp-json\/wp\/v2\/posts\/29072","targetHints":{"allow":["GET"]}}],"collection":[{"href":"https:\/\/www.grupomedcof.com.br\/blog\/wp-json\/wp\/v2\/posts"}],"about":[{"href":"https:\/\/www.grupomedcof.com.br\/blog\/wp-json\/wp\/v2\/types\/post"}],"author":[{"embeddable":true,"href":"https:\/\/www.grupomedcof.com.br\/blog\/wp-json\/wp\/v2\/users\/18"}],"replies":[{"embeddable":true,"href":"https:\/\/www.grupomedcof.com.br\/blog\/wp-json\/wp\/v2\/comments?post=29072"}],"version-history":[{"count":1,"href":"https:\/\/www.grupomedcof.com.br\/blog\/wp-json\/wp\/v2\/posts\/29072\/revisions"}],"predecessor-version":[{"id":35876,"href":"https:\/\/www.grupomedcof.com.br\/blog\/wp-json\/wp\/v2\/posts\/29072\/revisions\/35876"}],"wp:featuredmedia":[{"embeddable":true,"href":"https:\/\/www.grupomedcof.com.br\/blog\/wp-json\/wp\/v2\/media\/29074"}],"wp:attachment":[{"href":"https:\/\/www.grupomedcof.com.br\/blog\/wp-json\/wp\/v2\/media?parent=29072"}],"wp:term":[{"taxonomy":"category","embeddable":true,"href":"https:\/\/www.grupomedcof.com.br\/blog\/wp-json\/wp\/v2\/categories?post=29072"},{"taxonomy":"post_tag","embeddable":true,"href":"https:\/\/www.grupomedcof.com.br\/blog\/wp-json\/wp\/v2\/tags?post=29072"},{"taxonomy":"author","embeddable":true,"href":"https:\/\/www.grupomedcof.com.br\/blog\/wp-json\/wp\/v2\/ppma_author?post=29072"}],"curies":[{"name":"wp","href":"https:\/\/api.w.org\/{rel}","templated":true}]}}