{"id":29165,"date":"2024-08-26T17:46:00","date_gmt":"2024-08-26T20:46:00","guid":{"rendered":"https:\/\/www.grupomedcof.com.br\/blog\/?p=29165"},"modified":"2024-08-27T07:55:10","modified_gmt":"2024-08-27T10:55:10","slug":"entenda-como-testes-diagnosticos-caem-nas-provas-de-residencia-medica","status":"publish","type":"post","link":"https:\/\/www.grupomedcof.com.br\/blog\/entenda-como-testes-diagnosticos-caem-nas-provas-de-residencia-medica\/","title":{"rendered":"Entenda como testes diagn\u00f3sticos caem nas provas de Resid\u00eancia M\u00e9dica"},"content":{"rendered":"<div id=\"ez-toc-container\" class=\"ez-toc-v2_0_74 counter-hierarchy ez-toc-counter ez-toc-transparent ez-toc-container-direction\">\n<div class=\"ez-toc-title-container\">\n<p class=\"ez-toc-title\" style=\"cursor:inherit\">Sum\u00e1rio<\/p>\n<span class=\"ez-toc-title-toggle\"><a href=\"#\" class=\"ez-toc-pull-right ez-toc-btn ez-toc-btn-xs ez-toc-btn-default ez-toc-toggle\" aria-label=\"Alternar tabela de conte\u00fado\"><span class=\"ez-toc-js-icon-con\"><span class=\"\"><span class=\"eztoc-hide\" style=\"display:none;\">Toggle<\/span><span class=\"ez-toc-icon-toggle-span\"><svg style=\"fill: #999;color:#999\" xmlns=\"http:\/\/www.w3.org\/2000\/svg\" class=\"list-377408\" width=\"20px\" height=\"20px\" viewBox=\"0 0 24 24\" fill=\"none\"><path d=\"M6 6H4v2h2V6zm14 0H8v2h12V6zM4 11h2v2H4v-2zm16 0H8v2h12v-2zM4 16h2v2H4v-2zm16 0H8v2h12v-2z\" fill=\"currentColor\"><\/path><\/svg><svg style=\"fill: #999;color:#999\" class=\"arrow-unsorted-368013\" xmlns=\"http:\/\/www.w3.org\/2000\/svg\" width=\"10px\" height=\"10px\" viewBox=\"0 0 24 24\" version=\"1.2\" baseProfile=\"tiny\"><path d=\"M18.2 9.3l-6.2-6.3-6.2 6.3c-.2.2-.3.4-.3.7s.1.5.3.7c.2.2.4.3.7.3h11c.3 0 .5-.1.7-.3.2-.2.3-.5.3-.7s-.1-.5-.3-.7zM5.8 14.7l6.2 6.3 6.2-6.3c.2-.2.3-.5.3-.7s-.1-.5-.3-.7c-.2-.2-.4-.3-.7-.3h-11c-.3 0-.5.1-.7.3-.2.2-.3.5-.3.7s.1.5.3.7z\"\/><\/svg><\/span><\/span><\/span><\/a><\/span><\/div>\n<nav><ul class='ez-toc-list ez-toc-list-level-1 ' ><li class='ez-toc-page-1 ez-toc-heading-level-2'><a class=\"ez-toc-link ez-toc-heading-1\" href=\"https:\/\/www.grupomedcof.com.br\/blog\/entenda-como-testes-diagnosticos-caem-nas-provas-de-residencia-medica\/#Definicoes\" >Defini\u00e7\u00f5es<\/a><ul class='ez-toc-list-level-3' ><li class='ez-toc-heading-level-3'><a class=\"ez-toc-link ez-toc-heading-2\" href=\"https:\/\/www.grupomedcof.com.br\/blog\/entenda-como-testes-diagnosticos-caem-nas-provas-de-residencia-medica\/#Sensibilidade\" >Sensibilidade\u00a0<\/a><\/li><li class='ez-toc-page-1 ez-toc-heading-level-3'><a class=\"ez-toc-link ez-toc-heading-3\" href=\"https:\/\/www.grupomedcof.com.br\/blog\/entenda-como-testes-diagnosticos-caem-nas-provas-de-residencia-medica\/#Especificidade\" >Especificidade<\/a><\/li><li class='ez-toc-page-1 ez-toc-heading-level-3'><a class=\"ez-toc-link ez-toc-heading-4\" href=\"https:\/\/www.grupomedcof.com.br\/blog\/entenda-como-testes-diagnosticos-caem-nas-provas-de-residencia-medica\/#Acuracia\" >Acur\u00e1cia\u00a0<\/a><\/li><li class='ez-toc-page-1 ez-toc-heading-level-3'><a class=\"ez-toc-link ez-toc-heading-5\" href=\"https:\/\/www.grupomedcof.com.br\/blog\/entenda-como-testes-diagnosticos-caem-nas-provas-de-residencia-medica\/#Prevalencia\" >Preval\u00eancia<\/a><\/li><li class='ez-toc-page-1 ez-toc-heading-level-3'><a class=\"ez-toc-link ez-toc-heading-6\" href=\"https:\/\/www.grupomedcof.com.br\/blog\/entenda-como-testes-diagnosticos-caem-nas-provas-de-residencia-medica\/#Razao_de_Verossimilhanca_Likelihood_Ratio_%E2%80%93_LR\" >Raz\u00e3o de Verossimilhan\u00e7a (Likelihood Ratio &#8211; LR)\u00a0<\/a><\/li><\/ul><\/li><li class='ez-toc-page-1 ez-toc-heading-level-2'><a class=\"ez-toc-link ez-toc-heading-7\" href=\"https:\/\/www.grupomedcof.com.br\/blog\/entenda-como-testes-diagnosticos-caem-nas-provas-de-residencia-medica\/#Nomograma_de_Fagan\" >Nomograma de Fagan<\/a><ul class='ez-toc-list-level-3' ><li class='ez-toc-heading-level-3'><a class=\"ez-toc-link ez-toc-heading-8\" href=\"https:\/\/www.grupomedcof.com.br\/blog\/entenda-como-testes-diagnosticos-caem-nas-provas-de-residencia-medica\/#Como_analisa-lo\" >Como analis\u00e1-lo<\/a><\/li><\/ul><\/li><li class='ez-toc-page-1 ez-toc-heading-level-2'><a class=\"ez-toc-link ez-toc-heading-9\" href=\"https:\/\/www.grupomedcof.com.br\/blog\/entenda-como-testes-diagnosticos-caem-nas-provas-de-residencia-medica\/#Seja_um_MedCoffer\" >Seja um MedCoffer!<\/a><\/li><\/ul><\/nav><\/div>\n\n<figure class=\"wp-block-image size-large\"><img loading=\"lazy\" decoding=\"async\" width=\"1024\" height=\"576\" src=\"https:\/\/www.grupomedcof.com.br\/blog\/wp-content\/uploads\/2024\/08\/Blog-MedCof-2024-08-26T135036.440-1024x576.png\" alt=\"\" class=\"wp-image-29167\" srcset=\"https:\/\/www.grupomedcof.com.br\/blog\/wp-content\/uploads\/2024\/08\/Blog-MedCof-2024-08-26T135036.440-1024x576.png 1024w, https:\/\/www.grupomedcof.com.br\/blog\/wp-content\/uploads\/2024\/08\/Blog-MedCof-2024-08-26T135036.440-300x169.png 300w, https:\/\/www.grupomedcof.com.br\/blog\/wp-content\/uploads\/2024\/08\/Blog-MedCof-2024-08-26T135036.440-768x432.png 768w, https:\/\/www.grupomedcof.com.br\/blog\/wp-content\/uploads\/2024\/08\/Blog-MedCof-2024-08-26T135036.440-1536x864.png 1536w, https:\/\/www.grupomedcof.com.br\/blog\/wp-content\/uploads\/2024\/08\/Blog-MedCof-2024-08-26T135036.440-2048x1152.png 2048w, https:\/\/www.grupomedcof.com.br\/blog\/wp-content\/uploads\/2024\/08\/Blog-MedCof-2024-08-26T135036.440-747x420.png 747w, https:\/\/www.grupomedcof.com.br\/blog\/wp-content\/uploads\/2024\/08\/Blog-MedCof-2024-08-26T135036.440-150x84.png 150w, https:\/\/www.grupomedcof.com.br\/blog\/wp-content\/uploads\/2024\/08\/Blog-MedCof-2024-08-26T135036.440-696x392.png 696w, https:\/\/www.grupomedcof.com.br\/blog\/wp-content\/uploads\/2024\/08\/Blog-MedCof-2024-08-26T135036.440-1068x601.png 1068w, https:\/\/www.grupomedcof.com.br\/blog\/wp-content\/uploads\/2024\/08\/Blog-MedCof-2024-08-26T135036.440-1920x1080.png 1920w\" sizes=\"auto, (max-width: 1024px) 100vw, 1024px\" \/><\/figure>\n\n\n\n<p>Os <strong>testes diagn\u00f3sticos<\/strong> s\u00e3o fundamentais para a pr\u00e1tica m\u00e9dica e, consequentemente, para a prova de resid\u00eancia. Eles ajudam a confirmar ou descartar diagn\u00f3sticos, guiar o tratamento e avaliar a evolu\u00e7\u00e3o da doen\u00e7a. Algumas exemplos de testes aplicado no cotidiano m\u00e9dico s\u00e3o:<\/p>\n\n\n\n<ul class=\"wp-block-list\">\n<li><strong>Exames de sangue:<\/strong> Hemograma, bioqu\u00edmica, horm\u00f4nios, marcadores tumorais.<\/li>\n\n\n\n<li><strong>Exames de imagem:<\/strong> Radiografia, tomografia computadorizada, resson\u00e2ncia magn\u00e9tica, ultrassonografia.<\/li>\n\n\n\n<li><strong>Eletrocardiograma: <\/strong>Avalia a atividade el\u00e9trica do cora\u00e7\u00e3o.<\/li>\n\n\n\n<li><strong>Eletroencefalograma:<\/strong> Avalia a atividade el\u00e9trica do c\u00e9rebro.<\/li>\n\n\n\n<li><strong>Bi\u00f3psia:<\/strong> Retirada de uma amostra de tecido para an\u00e1lise microsc\u00f3pica.<\/li>\n<\/ul>\n\n\n\n<p>Alguns dos conceitos que mais s\u00e3o cobrados nas provas incluem: Sensibilidade, especificidade, valor preditivo positivo e negativo.<\/p>\n\n\n\n<p>Por meio deles, o autor pode explorar a aplica\u00e7\u00e3o na <strong>interpreta\u00e7\u00e3o de resultados<\/strong> (Saber analisar os resultados dos testes e relacion\u00e1-los com o quadro cl\u00ednico do paciente), na <strong>escolha do teste adequado<\/strong> (Conhecer os diferentes tipos de testes e saber qual o mais indicado para cada situa\u00e7\u00e3o), no <strong>racioc\u00ednio cl\u00ednico<\/strong> (Aplicar os conhecimentos de testes diagn\u00f3sticos para resolver problemas cl\u00ednicos).<\/p>\n\n\n\n<h2 class=\"wp-block-heading\" id=\"h-definicoes\"><span class=\"ez-toc-section\" id=\"Definicoes\"><\/span><strong>Defini\u00e7\u00f5es<\/strong><span class=\"ez-toc-section-end\"><\/span><\/h2>\n\n\n\n<p>Os testes diagn\u00f3sticos n\u00e3o s\u00e3o completamente perfeitos, por isso apresentam taxas\u00a0 falso positivo e negativo. Essa \u00e9 a raz\u00e3o pela precis\u00e3o de associar essas taxas de acerto e erro juntamente \u00e0s informa\u00e7\u00f5es coletadas do paciente.\u00a0<\/p>\n\n\n\n<h3 class=\"wp-block-heading\" id=\"h-sensibilidade\"><span class=\"ez-toc-section\" id=\"Sensibilidade\"><\/span><strong>Sensibilidade\u00a0<\/strong><span class=\"ez-toc-section-end\"><\/span><\/h3>\n\n\n\n<p>Capacidade do teste de identificar corretamente os indiv\u00edduos doentes. Um teste com alta sensibilidade \u00e9 ideal para o rastreamento de doen\u00e7as. Essa sensibilidade \u00e9 calculada por meio da divis\u00e3o dos verdadeiros positivos pelos sadios e expressa a probabilidade de o teste expressar a verdade sobre quem est\u00e1 mesmo doente.&nbsp;<\/p>\n\n\n\n<p>Por meio de uma tabela de conting\u00eancia,&nbsp; como o exemplo abaixo, conseguimos registrar com clareza todos os dados.<\/p>\n\n\n\n<figure class=\"wp-block-table\"><table class=\"has-fixed-layout\"><tbody><tr><td><\/td><td>Doen\u00e7a\u00a0<\/td><td>N\u00e3o doen\u00e7a\u00a0\u00a0<\/td><td><\/td><\/tr><tr><td>Teste positivo<\/td><td>VP<\/td><td>FP<\/td><td>P<\/td><\/tr><tr><td>Teste negativo\u00a0<\/td><td>FN<\/td><td>VN<\/td><td>N<\/td><\/tr><tr><td><\/td><td>Doentes<\/td><td>Sadios<\/td><td>Total\u00a0<\/td><\/tr><\/tbody><\/table><figcaption class=\"wp-element-caption\">VP: Verdadeiro Positivo<br>FN: Falso Negativo\u00a0<br>FP: Falso Positivo<br>VN: Verdadeiro Negativo<\/figcaption><\/figure>\n\n\n\n<h3 class=\"wp-block-heading\" id=\"h-especificidade\"><span class=\"ez-toc-section\" id=\"Especificidade\"><\/span><strong>Especificidade<\/strong><span class=\"ez-toc-section-end\"><\/span><\/h3>\n\n\n\n<p>&nbsp;Capacidade do teste de identificar corretamente os indiv\u00edduos saud\u00e1veis. Um teste com alta especificidade \u00e9 ideal para confirmar um diagn\u00f3stico. O c\u00e1lculo dele se d\u00e1 por meio da raz\u00e3o entre os verdadeiros negativos pelos sadios.<\/p>\n\n\n\n<p>Nesse tamb\u00e9m \u00e9 poss\u00edvel criar uma tabela com os dados recolhidos nessa analise para melhor compreens\u00e3o dela.&nbsp;<\/p>\n\n\n\n<p><strong>Implica\u00e7\u00f5es&nbsp;<\/strong><\/p>\n\n\n\n<h4 class=\"wp-block-heading\" id=\"h-alta-sensibilidade\"><strong>Alta Sensibilidade<\/strong><\/h4>\n\n\n\n<p>Detecta a maioria dos doentes, uma vez que h\u00e1 muitos VP em rela\u00e7\u00e3o ao n\u00famero de FN. Um n\u00famero alto de sensibilidade relata a confiabilidade do teste.<\/p>\n\n\n\n<h4 class=\"wp-block-heading\" id=\"h-alta-especifidade\"><strong>Alta Especifidade<\/strong><\/h4>\n\n\n\n<p>De modo an\u00e1logo, detecta a maioria dos sadios, j\u00e1 que existem muitos VN em rela\u00e7\u00e3o \u00e0 FP, tamb\u00e9m indicando a confiabilidade do teste.&nbsp;&nbsp;<\/p>\n\n\n\n<p>Uma estrat\u00e9gia bastante utilizada \u00e9 a de Testes em S\u00e9rie onde se aplica um teste muito sens\u00edvel e, ap\u00f3s isso, um teste espec\u00edfico para confirma\u00e7\u00e3o do diagn\u00f3stico.<\/p>\n\n\n\n<h3 class=\"wp-block-heading\" id=\"h-acuracia\"><span class=\"ez-toc-section\" id=\"Acuracia\"><\/span><strong>Acur\u00e1cia\u00a0<\/strong><span class=\"ez-toc-section-end\"><\/span><\/h3>\n\n\n\n<p>Essa \u00e9 expressa pela raz\u00e3o entre a soma de VP e VN com o total de participantes ou com o resultado. Por esse motivo, ela expressa a propor\u00e7\u00e3o de acertos do teste. Podemos coloc\u00e1-la sob a representa\u00e7\u00e3o de um gr\u00e1fico, achando a <strong>Curva ROC <\/strong>(Receiver Operating Characteristic)<\/p>\n\n\n\n<figure class=\"wp-block-image\"><img decoding=\"async\" src=\"https:\/\/lh7-rt.googleusercontent.com\/docsz\/AD_4nXeBmtzMsxgkVrfia-Tzcq6fjC5QLjar1WXqhOxeg1hFyCIQ5dIq3azl06d3x-vjvyctv7XUy3BAMYhgsLDQcqP0_hBMFUC1ogpyiAXfzm2fffkKfA1N1yTmv8Gvby0wDM-JWP5BkN8hwnFZXlml9oTrD0DA?key=xD0mk2yPAKivNF8a1Yohzw\" alt=\"\"\/><\/figure>\n\n\n\n<p>No eixo das ordenadas, encontramos os valores de sensibilidade e, no das abscissas, o complementar da especificidade. Em um mesmo teste \u00e9 poss\u00edvel realizar uma varia\u00e7\u00e3o da linha de corte, aumentando ou reduzindo a especificidade e sensibilidade nos mesmo par\u00e2metros. Dessa forma, observa-se que aumentar um par\u00e2metro implica na diminui\u00e7\u00e3o de outro. Por\u00e9m, quanto mais pr\u00f3ximos os par\u00e2metros, maior \u00e9 a acur\u00e1cia. Analisando graficamente os dados, quanto maior a \u00e1rea abaixo da curva, maior a acur\u00e1cia.&nbsp;<\/p>\n\n\n\n<h4 class=\"wp-block-heading\" id=\"h-nbsp-valor-preditivo-positivo\"><strong>&nbsp;Valor preditivo positivo<\/strong><\/h4>\n\n\n\n<p>Probabilidade de um indiv\u00edduo ter a doen\u00e7a quando o teste \u00e9 positivo. Para calcul\u00e1-lo basta fazer a raz\u00e3o entre doentes com teste positivo (VP) e o total de testes positivos.&nbsp;<\/p>\n\n\n\n<h4 class=\"wp-block-heading\" id=\"h-nbsp-valor-preditivo-negativo\"><strong>&nbsp;Valor preditivo negativo:<\/strong><\/h4>\n\n\n\n<p>Probabilidade de um indiv\u00edduo n\u00e3o ter a doen\u00e7a quando o teste \u00e9 negativo. De maneira an\u00e1loga ao valor anterior, esse \u00e9 calculado pela raz\u00e3o dos pacientes sadios com testes negativos (VN) e o total de testes negativos.&nbsp;<\/p>\n\n\n\n<p>Esses dois valores juntos podem ser chamados de<strong> probabilidades p\u00f3s-teste.&nbsp;<\/strong><\/p>\n\n\n\n<h3 class=\"wp-block-heading\" id=\"h-prevalencia\"><span class=\"ez-toc-section\" id=\"Prevalencia\"><\/span><strong>Preval\u00eancia<\/strong><span class=\"ez-toc-section-end\"><\/span><\/h3>\n\n\n\n<p>\u00c9 a probabilidade pr\u00e9-teste de uma pessoa ter uma doen\u00e7a.<\/p>\n\n\n\n<h4 class=\"wp-block-heading\" id=\"h-alta-prevalencia\"><strong>Alta Preval\u00eancia<\/strong><\/h4>\n\n\n\n<p>Representa uma alta probabilidade pr\u00e9-teste, no qual h\u00e1 mais verdadeiros positivos.Assim, h\u00e1 maior VPP (valor preditivo positivo) e maior probabilidade p\u00f3s-teste positiva (e baixa probabilidade p\u00f3s-teste negativa).<\/p>\n\n\n\n<h4 class=\"wp-block-heading\" id=\"h-baixa-prevalencia\"><strong>Baixa Preval\u00eancia<\/strong><\/h4>\n\n\n\n<p>Representa uma baixa probabilidade pr\u00e9-teste, no qual h\u00e1 mais verdadeiros negativos. Assim, h\u00e1 maior VPN (valor preditivo negativo) e maior probabilidade p\u00f3s-teste negativa (e baixa probabilidade p\u00f3s-teste positiva).<\/p>\n\n\n\n<p>Por isso, os valores preditivos dependem da preval\u00eancia.<\/p>\n\n\n\n<h3 class=\"wp-block-heading\" id=\"h-razao-de-verossimilhanca-likelihood-ratio-lr\"><span class=\"ez-toc-section\" id=\"Razao_de_Verossimilhanca_Likelihood_Ratio_%E2%80%93_LR\"><\/span><strong>Raz\u00e3o de Verossimilhan\u00e7a (Likelihood Ratio &#8211; LR)\u00a0<\/strong><span class=\"ez-toc-section-end\"><\/span><\/h3>\n\n\n\n<p>&nbsp;\u00c9 a propor\u00e7\u00e3o de testes positivos entre doentes (VP) e entre os sadios (FP) \u00e9 obtida observando a tabela 2&#215;2.<\/p>\n\n\n\n<figure class=\"wp-block-table\"><table class=\"has-fixed-layout\"><tbody><tr><td><\/td><td>Doen\u00e7a<\/td><td>N\u00e3o Doen\u00e7a<\/td><td><\/td><\/tr><tr><td>Teste Positivo<\/td><td>VP<\/td><td>FP<\/td><td>P<\/td><\/tr><tr><td>Teste Negativo<\/td><td>FN<\/td><td>VN<\/td><td>N<\/td><\/tr><tr><td><\/td><td>doentes<\/td><td>sadios<\/td><td>total<\/td><\/tr><\/tbody><\/table><\/figure>\n\n\n\n<p>Sendo que:&nbsp;<\/p>\n\n\n\n<p>LR+ = VP&nbsp; LR+ = (VP dividido por Doentes) dividido pela raz\u00e3o de (FP por Sadios)&nbsp;<\/p>\n\n\n\n<p>&nbsp;LR\u2013 = (FN dividido por Doentes) dividido pela raz\u00e3o de (VN por Sadios)&nbsp;<\/p>\n\n\n\n<ul class=\"wp-block-list\">\n<li>LR+ \u00e9 quantas vezes mais prov\u00e1vel encontrar um teste positivo em pessoas doentes do que em pessoas sadias.\u00a0<\/li>\n\n\n\n<li>\u00a0O Likelihood Ratio positivo \u00e9 a raz\u00e3o entre as probabilidades de um teste ser positivo em uma popula\u00e7\u00e3o doente e em uma popula\u00e7\u00e3o saud\u00e1vel.<\/li>\n<\/ul>\n\n\n\n<p><strong>LR + = VP\/doentes \u00f7 FP\/saud\u00e1veis.<\/strong><\/p>\n\n\n\n<p><strong>LR + = Sensibilidade \u00f7 (1 \u2013 Especificidade).<\/strong><\/p>\n\n\n\n<p>\u2022 Logo:<\/p>\n\n\n\n<ul class=\"wp-block-list\">\n<li>LR+ = 1 (teste irrelevante);\u00a0<\/li>\n\n\n\n<li>LR+ > 1 (maior chance de doen\u00e7a);<\/li>\n\n\n\n<li>LR+ &lt; 1 (menor chance de doen\u00e7a).<\/li>\n<\/ul>\n\n\n\n<ul class=\"wp-block-list\">\n<li>LR- \u00e9 quantas vezes mais prov\u00e1vel encontrar um teste negativo em pessoas doentes do que em pessoas sadias.<\/li>\n<\/ul>\n\n\n\n<h2 class=\"wp-block-heading\" id=\"h-nomograma-de-fagan\"><span class=\"ez-toc-section\" id=\"Nomograma_de_Fagan\"><\/span><strong>Nomograma de Fagan<\/strong><span class=\"ez-toc-section-end\"><\/span><\/h2>\n\n\n\n<p><img loading=\"lazy\" decoding=\"async\" src=\"https:\/\/lh7-rt.googleusercontent.com\/docsz\/AD_4nXfh6-Vg9EiTv--4524QPa8-_Ndi8bEs9JjDgMJekja1V4H1735dAw7ZwkrFheFo6-S8V-Ua2-U2qYAbH_9yvXFSCi7HHgwENNmzDsjXCBFfq8uNqrD3hWABq2BfM7dNd6ewL1pTXYjueXyO5_KhObPLDxha?key=xD0mk2yPAKivNF8a1Yohzw\" width=\"172\" height=\"241\"><\/p>\n\n\n\n<h3 class=\"wp-block-heading\" id=\"h-como-analisa-lo\"><span class=\"ez-toc-section\" id=\"Como_analisa-lo\"><\/span><strong>Como analis\u00e1-lo<\/strong><span class=\"ez-toc-section-end\"><\/span><\/h3>\n\n\n\n<ul class=\"wp-block-list\">\n<li>\u00c0 esquerda est\u00e3o valores de probabilidade pr\u00e9-teste (preval\u00eancia) na popula\u00e7\u00e3o em an\u00e1lise.\u00a0<\/li>\n\n\n\n<li>Ao meio, est\u00e3o valores de raz\u00e3o de verossimilhan\u00e7a (LR) que modifica a probabilidade para p\u00f3s-teste, evidenciado \u00e0 direita.\u00a0<\/li>\n<\/ul>\n\n\n\n<p>Uma probabilidade de 7% ap\u00f3s um teste com LR de 20 levou a uma probabilidade p\u00f3s-teste de quase 60%. Portanto, esse teste ajudou a favorecer a possibilidade de doen\u00e7a no paciente. Em contrapartida, um teste com LR de 1 gera o mesmo valor final p\u00f3s-teste, n\u00e3o sendo importante para o racioc\u00ednio.<\/p>\n\n\n\n<h2 class=\"wp-block-heading\" id=\"seja-um-medcoffer\"><span class=\"ez-toc-section\" id=\"Seja_um_MedCoffer\"><\/span><strong>Seja um MedCoffer!<\/strong><span class=\"ez-toc-section-end\"><\/span><\/h2>\n\n\n\n<p>Quer alcan\u00e7ar a aprova\u00e7\u00e3o nas provas de resid\u00eancia m\u00e9dica? Ent\u00e3o seja um&nbsp;<a href=\"https:\/\/www.grupomedcof.com.br\/home\/\" target=\"_blank\" rel=\"noreferrer noopener\">MedCoffer<\/a>! Aqui te ajudaremos na busca da aprova\u00e7\u00e3o com conte\u00fados de qualidade e uma&nbsp;<a href=\"https:\/\/www.grupomedcof.com.br\/blog\/presenca-da-medcof-nas-aprovacoes-em-residencia-medica-no-brasil\/\" target=\"_blank\" rel=\"noreferrer noopener\">metodologia que j\u00e1 aprovou mais de 10 mil residentes no pa\u00eds!&nbsp;<\/a>Por fim, acesse o nosso<a href=\"https:\/\/www.youtube.com\/@GrupoMedcof\/featured\" target=\"_blank\" rel=\"noreferrer noopener\">&nbsp;<strong>canal do youtube&nbsp;<\/strong><\/a>para ver o nosso material.<\/p>\n\n\n\n<figure class=\"wp-block-embed is-type-video is-provider-youtube wp-block-embed-youtube wp-embed-aspect-16-9 wp-has-aspect-ratio\"><div class=\"wp-block-embed__wrapper\">\n<div class=\"youtube-embed\" data-video_id=\"4Sd1cYJOhUQ\"><iframe loading=\"lazy\" title=\"Revalida 2024 - Testes diagn\u00f3sticos uma nova tend\u00eancia?\" width=\"696\" height=\"392\" src=\"https:\/\/www.youtube.com\/embed\/4Sd1cYJOhUQ?feature=oembed&#038;enablejsapi=1\" frameborder=\"0\" allow=\"accelerometer; autoplay; clipboard-write; encrypted-media; gyroscope; picture-in-picture; web-share\" referrerpolicy=\"strict-origin-when-cross-origin\" allowfullscreen><\/iframe><\/div>\n<\/div><\/figure>\n","protected":false},"excerpt":{"rendered":"<p>Os testes diagn\u00f3sticos s\u00e3o fundamentais para a pr\u00e1tica m\u00e9dica e, consequentemente, para a prova de resid\u00eancia. Veja!<\/p>\n","protected":false},"author":21,"featured_media":29167,"comment_status":"open","ping_status":"open","sticky":false,"template":"","format":"standard","meta":{"footnotes":""},"categories":[197],"tags":[1598,1891,117,1890,68],"ppma_author":[3617],"class_list":{"0":"post-29165","1":"post","2":"type-post","3":"status-publish","4":"format-standard","5":"has-post-thumbnail","7":"category-preventiva","8":"tag-exames","9":"tag-interpretacao-de-resultados","10":"tag-provas-de-residencia","11":"tag-raciocinio-clinico","12":"tag-residencia-medica"},"yoast_head":"<!-- This site is optimized with the Yoast SEO Premium plugin v24.3 (Yoast SEO v27.4) - https:\/\/yoast.com\/product\/yoast-seo-premium-wordpress\/ -->\n<title>Entenda como testes diagn\u00f3sticos caem nas provas de Resid\u00eancia M\u00e9dica - Blog de Medcof: conte\u00fados, editais, revalida e mais!<\/title>\n<meta name=\"description\" content=\"Os testes diagn\u00f3sticos s\u00e3o fundamentais para a pr\u00e1tica m\u00e9dica e, consequentemente, para a prova de resid\u00eancia. Veja!\" \/>\n<meta name=\"robots\" content=\"index, follow, max-snippet:-1, max-image-preview:large, max-video-preview:-1\" \/>\n<link rel=\"canonical\" href=\"https:\/\/www.grupomedcof.com.br\/blog\/entenda-como-testes-diagnosticos-caem-nas-provas-de-residencia-medica\/\" \/>\n<meta property=\"og:locale\" content=\"pt_BR\" \/>\n<meta property=\"og:type\" content=\"article\" \/>\n<meta property=\"og:title\" content=\"Entenda como testes diagn\u00f3sticos caem nas provas de Resid\u00eancia M\u00e9dica\" \/>\n<meta property=\"og:description\" content=\"Os testes diagn\u00f3sticos s\u00e3o fundamentais para a pr\u00e1tica m\u00e9dica e, consequentemente, para a prova de resid\u00eancia. Veja!\" \/>\n<meta property=\"og:url\" content=\"https:\/\/www.grupomedcof.com.br\/blog\/entenda-como-testes-diagnosticos-caem-nas-provas-de-residencia-medica\/\" \/>\n<meta property=\"og:site_name\" content=\"Blog de Medcof: conte\u00fados, editais, revalida e mais!\" \/>\n<meta property=\"article:publisher\" content=\"https:\/\/www.facebook.com\/MedCofQbank\/\" \/>\n<meta property=\"article:published_time\" content=\"2024-08-26T20:46:00+00:00\" \/>\n<meta property=\"article:modified_time\" content=\"2024-08-27T10:55:10+00:00\" \/>\n<meta property=\"og:image\" content=\"https:\/\/www.grupomedcof.com.br\/blog\/wp-content\/uploads\/2024\/08\/Blog-MedCof-2024-08-26T135036.440-1024x576.png\" \/>\n\t<meta property=\"og:image:width\" content=\"1024\" \/>\n\t<meta property=\"og:image:height\" content=\"576\" \/>\n\t<meta property=\"og:image:type\" content=\"image\/png\" \/>\n<meta name=\"author\" content=\"Kiara Adelino\" \/>\n<meta name=\"twitter:card\" content=\"summary_large_image\" \/>\n<meta name=\"twitter:label1\" content=\"Escrito por\" \/>\n\t<meta name=\"twitter:data1\" content=\"Kiara Adelino\" \/>\n\t<meta name=\"twitter:label2\" content=\"Est. tempo de leitura\" \/>\n\t<meta name=\"twitter:data2\" content=\"7 minutos\" \/>\n<script type=\"application\/ld+json\" class=\"yoast-schema-graph\">{\"@context\":\"https:\\\/\\\/schema.org\",\"@graph\":[{\"@type\":\"Article\",\"@id\":\"https:\\\/\\\/www.grupomedcof.com.br\\\/blog\\\/entenda-como-testes-diagnosticos-caem-nas-provas-de-residencia-medica\\\/#article\",\"isPartOf\":{\"@id\":\"https:\\\/\\\/www.grupomedcof.com.br\\\/blog\\\/entenda-como-testes-diagnosticos-caem-nas-provas-de-residencia-medica\\\/\"},\"author\":{\"name\":\"Kiara Adelino\",\"@id\":\"https:\\\/\\\/www.grupomedcof.com.br\\\/blog\\\/#\\\/schema\\\/person\\\/db19a651f86c5fc202d6eee744fd3292\"},\"headline\":\"Entenda como testes diagn\u00f3sticos caem nas provas de Resid\u00eancia M\u00e9dica\",\"datePublished\":\"2024-08-26T20:46:00+00:00\",\"dateModified\":\"2024-08-27T10:55:10+00:00\",\"mainEntityOfPage\":{\"@id\":\"https:\\\/\\\/www.grupomedcof.com.br\\\/blog\\\/entenda-como-testes-diagnosticos-caem-nas-provas-de-residencia-medica\\\/\"},\"wordCount\":1168,\"commentCount\":0,\"publisher\":{\"@id\":\"https:\\\/\\\/www.grupomedcof.com.br\\\/blog\\\/#organization\"},\"image\":{\"@id\":\"https:\\\/\\\/www.grupomedcof.com.br\\\/blog\\\/entenda-como-testes-diagnosticos-caem-nas-provas-de-residencia-medica\\\/#primaryimage\"},\"thumbnailUrl\":\"https:\\\/\\\/www.grupomedcof.com.br\\\/blog\\\/wp-content\\\/uploads\\\/2024\\\/08\\\/Blog-MedCof-2024-08-26T135036.440.png\",\"keywords\":[\"Exames\",\"Interpreta\u00e7\u00e3o de resultados\",\"Provas de Resid\u00eancia\",\"Racioc\u00ednio cl\u00ednico\",\"Resid\u00eancia M\u00e9dica\"],\"articleSection\":[\"Preventiva\"],\"inLanguage\":\"pt-BR\"},{\"@type\":\"WebPage\",\"@id\":\"https:\\\/\\\/www.grupomedcof.com.br\\\/blog\\\/entenda-como-testes-diagnosticos-caem-nas-provas-de-residencia-medica\\\/\",\"url\":\"https:\\\/\\\/www.grupomedcof.com.br\\\/blog\\\/entenda-como-testes-diagnosticos-caem-nas-provas-de-residencia-medica\\\/\",\"name\":\"Entenda como testes diagn\u00f3sticos caem nas provas de Resid\u00eancia M\u00e9dica - Blog de Medcof: conte\u00fados, editais, revalida e mais!\",\"isPartOf\":{\"@id\":\"https:\\\/\\\/www.grupomedcof.com.br\\\/blog\\\/#website\"},\"primaryImageOfPage\":{\"@id\":\"https:\\\/\\\/www.grupomedcof.com.br\\\/blog\\\/entenda-como-testes-diagnosticos-caem-nas-provas-de-residencia-medica\\\/#primaryimage\"},\"image\":{\"@id\":\"https:\\\/\\\/www.grupomedcof.com.br\\\/blog\\\/entenda-como-testes-diagnosticos-caem-nas-provas-de-residencia-medica\\\/#primaryimage\"},\"thumbnailUrl\":\"https:\\\/\\\/www.grupomedcof.com.br\\\/blog\\\/wp-content\\\/uploads\\\/2024\\\/08\\\/Blog-MedCof-2024-08-26T135036.440.png\",\"datePublished\":\"2024-08-26T20:46:00+00:00\",\"dateModified\":\"2024-08-27T10:55:10+00:00\",\"description\":\"Os testes diagn\u00f3sticos s\u00e3o fundamentais para a pr\u00e1tica m\u00e9dica e, consequentemente, para a prova de resid\u00eancia. Veja!\",\"breadcrumb\":{\"@id\":\"https:\\\/\\\/www.grupomedcof.com.br\\\/blog\\\/entenda-como-testes-diagnosticos-caem-nas-provas-de-residencia-medica\\\/#breadcrumb\"},\"inLanguage\":\"pt-BR\",\"potentialAction\":[{\"@type\":\"ReadAction\",\"target\":[\"https:\\\/\\\/www.grupomedcof.com.br\\\/blog\\\/entenda-como-testes-diagnosticos-caem-nas-provas-de-residencia-medica\\\/\"]}]},{\"@type\":\"ImageObject\",\"inLanguage\":\"pt-BR\",\"@id\":\"https:\\\/\\\/www.grupomedcof.com.br\\\/blog\\\/entenda-como-testes-diagnosticos-caem-nas-provas-de-residencia-medica\\\/#primaryimage\",\"url\":\"https:\\\/\\\/www.grupomedcof.com.br\\\/blog\\\/wp-content\\\/uploads\\\/2024\\\/08\\\/Blog-MedCof-2024-08-26T135036.440.png\",\"contentUrl\":\"https:\\\/\\\/www.grupomedcof.com.br\\\/blog\\\/wp-content\\\/uploads\\\/2024\\\/08\\\/Blog-MedCof-2024-08-26T135036.440.png\",\"width\":2560,\"height\":1440},{\"@type\":\"BreadcrumbList\",\"@id\":\"https:\\\/\\\/www.grupomedcof.com.br\\\/blog\\\/entenda-como-testes-diagnosticos-caem-nas-provas-de-residencia-medica\\\/#breadcrumb\",\"itemListElement\":[{\"@type\":\"ListItem\",\"position\":1,\"name\":\"In\u00edcio\",\"item\":\"https:\\\/\\\/www.grupomedcof.com.br\\\/blog\\\/\"},{\"@type\":\"ListItem\",\"position\":2,\"name\":\"Entenda como testes diagn\u00f3sticos caem nas provas de Resid\u00eancia M\u00e9dica\"}]},{\"@type\":\"WebSite\",\"@id\":\"https:\\\/\\\/www.grupomedcof.com.br\\\/blog\\\/#website\",\"url\":\"https:\\\/\\\/www.grupomedcof.com.br\\\/blog\\\/\",\"name\":\"Blog de Medcof: conte\u00fados, editais, revalida e mais!\",\"description\":\"Acesso o blog de MedCof! Seu portal de conte\u00fados sobre resid\u00eancia m\u00e9dica, an\u00e1lise e editais e muito mais. Clique e confira!\",\"publisher\":{\"@id\":\"https:\\\/\\\/www.grupomedcof.com.br\\\/blog\\\/#organization\"},\"alternateName\":\"Blog de Medcof: conte\u00fados, editais, revalida e mais!\",\"potentialAction\":[{\"@type\":\"SearchAction\",\"target\":{\"@type\":\"EntryPoint\",\"urlTemplate\":\"https:\\\/\\\/www.grupomedcof.com.br\\\/blog\\\/?s={search_term_string}\"},\"query-input\":{\"@type\":\"PropertyValueSpecification\",\"valueRequired\":true,\"valueName\":\"search_term_string\"}}],\"inLanguage\":\"pt-BR\"},{\"@type\":\"Organization\",\"@id\":\"https:\\\/\\\/www.grupomedcof.com.br\\\/blog\\\/#organization\",\"name\":\"Grupo MedCof\",\"url\":\"https:\\\/\\\/www.grupomedcof.com.br\\\/blog\\\/\",\"logo\":{\"@type\":\"ImageObject\",\"inLanguage\":\"pt-BR\",\"@id\":\"https:\\\/\\\/www.grupomedcof.com.br\\\/blog\\\/#\\\/schema\\\/logo\\\/image\\\/\",\"url\":\"https:\\\/\\\/www.grupomedcof.com.br\\\/blog\\\/wp-content\\\/uploads\\\/2022\\\/01\\\/logo-medcof.png\",\"contentUrl\":\"https:\\\/\\\/www.grupomedcof.com.br\\\/blog\\\/wp-content\\\/uploads\\\/2022\\\/01\\\/logo-medcof.png\",\"width\":768,\"height\":269,\"caption\":\"Grupo MedCof\"},\"image\":{\"@id\":\"https:\\\/\\\/www.grupomedcof.com.br\\\/blog\\\/#\\\/schema\\\/logo\\\/image\\\/\"},\"sameAs\":[\"https:\\\/\\\/www.facebook.com\\\/MedCofQbank\\\/\",\"https:\\\/\\\/www.instagram.com\\\/grupomedcof\\\/\",\"https:\\\/\\\/br.linkedin.com\\\/company\\\/medcof\",\"https:\\\/\\\/www.youtube.com\\\/channel\\\/UCdHMuOHKICxcHwecxN8P-AA\"]},{\"@type\":\"Person\",\"@id\":\"https:\\\/\\\/www.grupomedcof.com.br\\\/blog\\\/#\\\/schema\\\/person\\\/db19a651f86c5fc202d6eee744fd3292\",\"name\":\"Kiara Adelino\",\"image\":{\"@type\":\"ImageObject\",\"inLanguage\":\"pt-BR\",\"@id\":\"https:\\\/\\\/www.grupomedcof.com.br\\\/blog\\\/wp-content\\\/uploads\\\/2024\\\/08\\\/cropped-Kiara-Adelino2-96x96.jpega85663bdda67261f8f06f86e555e1e49\",\"url\":\"https:\\\/\\\/www.grupomedcof.com.br\\\/blog\\\/wp-content\\\/uploads\\\/2024\\\/08\\\/cropped-Kiara-Adelino2-96x96.jpeg\",\"contentUrl\":\"https:\\\/\\\/www.grupomedcof.com.br\\\/blog\\\/wp-content\\\/uploads\\\/2024\\\/08\\\/cropped-Kiara-Adelino2-96x96.jpeg\",\"caption\":\"Kiara Adelino\"},\"description\":\"Estudante do 5\u00b0 semestre de Medicina. Gosto bastante de aprender coisas novas, principalmente na \u00e1rea de Neurologia e Anatomia humana.\",\"url\":\"https:\\\/\\\/www.grupomedcof.com.br\\\/blog\\\/author\\\/kiara-adelino\\\/\"}]}<\/script>\n<!-- \/ Yoast SEO Premium plugin. -->","yoast_head_json":{"title":"Entenda como testes diagn\u00f3sticos caem nas provas de Resid\u00eancia M\u00e9dica - Blog de Medcof: conte\u00fados, editais, revalida e mais!","description":"Os testes diagn\u00f3sticos s\u00e3o fundamentais para a pr\u00e1tica m\u00e9dica e, consequentemente, para a prova de resid\u00eancia. Veja!","robots":{"index":"index","follow":"follow","max-snippet":"max-snippet:-1","max-image-preview":"max-image-preview:large","max-video-preview":"max-video-preview:-1"},"canonical":"https:\/\/www.grupomedcof.com.br\/blog\/entenda-como-testes-diagnosticos-caem-nas-provas-de-residencia-medica\/","og_locale":"pt_BR","og_type":"article","og_title":"Entenda como testes diagn\u00f3sticos caem nas provas de Resid\u00eancia M\u00e9dica","og_description":"Os testes diagn\u00f3sticos s\u00e3o fundamentais para a pr\u00e1tica m\u00e9dica e, consequentemente, para a prova de resid\u00eancia. Veja!","og_url":"https:\/\/www.grupomedcof.com.br\/blog\/entenda-como-testes-diagnosticos-caem-nas-provas-de-residencia-medica\/","og_site_name":"Blog de Medcof: conte\u00fados, editais, revalida e mais!","article_publisher":"https:\/\/www.facebook.com\/MedCofQbank\/","article_published_time":"2024-08-26T20:46:00+00:00","article_modified_time":"2024-08-27T10:55:10+00:00","og_image":[{"width":1024,"height":576,"url":"https:\/\/www.grupomedcof.com.br\/blog\/wp-content\/uploads\/2024\/08\/Blog-MedCof-2024-08-26T135036.440-1024x576.png","type":"image\/png"}],"author":"Kiara Adelino","twitter_card":"summary_large_image","twitter_misc":{"Escrito por":"Kiara Adelino","Est. tempo de leitura":"7 minutos"},"schema":{"@context":"https:\/\/schema.org","@graph":[{"@type":"Article","@id":"https:\/\/www.grupomedcof.com.br\/blog\/entenda-como-testes-diagnosticos-caem-nas-provas-de-residencia-medica\/#article","isPartOf":{"@id":"https:\/\/www.grupomedcof.com.br\/blog\/entenda-como-testes-diagnosticos-caem-nas-provas-de-residencia-medica\/"},"author":{"name":"Kiara Adelino","@id":"https:\/\/www.grupomedcof.com.br\/blog\/#\/schema\/person\/db19a651f86c5fc202d6eee744fd3292"},"headline":"Entenda como testes diagn\u00f3sticos caem nas provas de Resid\u00eancia M\u00e9dica","datePublished":"2024-08-26T20:46:00+00:00","dateModified":"2024-08-27T10:55:10+00:00","mainEntityOfPage":{"@id":"https:\/\/www.grupomedcof.com.br\/blog\/entenda-como-testes-diagnosticos-caem-nas-provas-de-residencia-medica\/"},"wordCount":1168,"commentCount":0,"publisher":{"@id":"https:\/\/www.grupomedcof.com.br\/blog\/#organization"},"image":{"@id":"https:\/\/www.grupomedcof.com.br\/blog\/entenda-como-testes-diagnosticos-caem-nas-provas-de-residencia-medica\/#primaryimage"},"thumbnailUrl":"https:\/\/www.grupomedcof.com.br\/blog\/wp-content\/uploads\/2024\/08\/Blog-MedCof-2024-08-26T135036.440.png","keywords":["Exames","Interpreta\u00e7\u00e3o de resultados","Provas de Resid\u00eancia","Racioc\u00ednio cl\u00ednico","Resid\u00eancia M\u00e9dica"],"articleSection":["Preventiva"],"inLanguage":"pt-BR"},{"@type":"WebPage","@id":"https:\/\/www.grupomedcof.com.br\/blog\/entenda-como-testes-diagnosticos-caem-nas-provas-de-residencia-medica\/","url":"https:\/\/www.grupomedcof.com.br\/blog\/entenda-como-testes-diagnosticos-caem-nas-provas-de-residencia-medica\/","name":"Entenda como testes diagn\u00f3sticos caem nas provas de Resid\u00eancia M\u00e9dica - Blog de Medcof: conte\u00fados, editais, revalida e mais!","isPartOf":{"@id":"https:\/\/www.grupomedcof.com.br\/blog\/#website"},"primaryImageOfPage":{"@id":"https:\/\/www.grupomedcof.com.br\/blog\/entenda-como-testes-diagnosticos-caem-nas-provas-de-residencia-medica\/#primaryimage"},"image":{"@id":"https:\/\/www.grupomedcof.com.br\/blog\/entenda-como-testes-diagnosticos-caem-nas-provas-de-residencia-medica\/#primaryimage"},"thumbnailUrl":"https:\/\/www.grupomedcof.com.br\/blog\/wp-content\/uploads\/2024\/08\/Blog-MedCof-2024-08-26T135036.440.png","datePublished":"2024-08-26T20:46:00+00:00","dateModified":"2024-08-27T10:55:10+00:00","description":"Os testes diagn\u00f3sticos s\u00e3o fundamentais para a pr\u00e1tica m\u00e9dica e, consequentemente, para a prova de resid\u00eancia. Veja!","breadcrumb":{"@id":"https:\/\/www.grupomedcof.com.br\/blog\/entenda-como-testes-diagnosticos-caem-nas-provas-de-residencia-medica\/#breadcrumb"},"inLanguage":"pt-BR","potentialAction":[{"@type":"ReadAction","target":["https:\/\/www.grupomedcof.com.br\/blog\/entenda-como-testes-diagnosticos-caem-nas-provas-de-residencia-medica\/"]}]},{"@type":"ImageObject","inLanguage":"pt-BR","@id":"https:\/\/www.grupomedcof.com.br\/blog\/entenda-como-testes-diagnosticos-caem-nas-provas-de-residencia-medica\/#primaryimage","url":"https:\/\/www.grupomedcof.com.br\/blog\/wp-content\/uploads\/2024\/08\/Blog-MedCof-2024-08-26T135036.440.png","contentUrl":"https:\/\/www.grupomedcof.com.br\/blog\/wp-content\/uploads\/2024\/08\/Blog-MedCof-2024-08-26T135036.440.png","width":2560,"height":1440},{"@type":"BreadcrumbList","@id":"https:\/\/www.grupomedcof.com.br\/blog\/entenda-como-testes-diagnosticos-caem-nas-provas-de-residencia-medica\/#breadcrumb","itemListElement":[{"@type":"ListItem","position":1,"name":"In\u00edcio","item":"https:\/\/www.grupomedcof.com.br\/blog\/"},{"@type":"ListItem","position":2,"name":"Entenda como testes diagn\u00f3sticos caem nas provas de Resid\u00eancia M\u00e9dica"}]},{"@type":"WebSite","@id":"https:\/\/www.grupomedcof.com.br\/blog\/#website","url":"https:\/\/www.grupomedcof.com.br\/blog\/","name":"Blog de Medcof: conte\u00fados, editais, revalida e mais!","description":"Acesso o blog de MedCof! Seu portal de conte\u00fados sobre resid\u00eancia m\u00e9dica, an\u00e1lise e editais e muito mais. Clique e confira!","publisher":{"@id":"https:\/\/www.grupomedcof.com.br\/blog\/#organization"},"alternateName":"Blog de Medcof: conte\u00fados, editais, revalida e mais!","potentialAction":[{"@type":"SearchAction","target":{"@type":"EntryPoint","urlTemplate":"https:\/\/www.grupomedcof.com.br\/blog\/?s={search_term_string}"},"query-input":{"@type":"PropertyValueSpecification","valueRequired":true,"valueName":"search_term_string"}}],"inLanguage":"pt-BR"},{"@type":"Organization","@id":"https:\/\/www.grupomedcof.com.br\/blog\/#organization","name":"Grupo MedCof","url":"https:\/\/www.grupomedcof.com.br\/blog\/","logo":{"@type":"ImageObject","inLanguage":"pt-BR","@id":"https:\/\/www.grupomedcof.com.br\/blog\/#\/schema\/logo\/image\/","url":"https:\/\/www.grupomedcof.com.br\/blog\/wp-content\/uploads\/2022\/01\/logo-medcof.png","contentUrl":"https:\/\/www.grupomedcof.com.br\/blog\/wp-content\/uploads\/2022\/01\/logo-medcof.png","width":768,"height":269,"caption":"Grupo MedCof"},"image":{"@id":"https:\/\/www.grupomedcof.com.br\/blog\/#\/schema\/logo\/image\/"},"sameAs":["https:\/\/www.facebook.com\/MedCofQbank\/","https:\/\/www.instagram.com\/grupomedcof\/","https:\/\/br.linkedin.com\/company\/medcof","https:\/\/www.youtube.com\/channel\/UCdHMuOHKICxcHwecxN8P-AA"]},{"@type":"Person","@id":"https:\/\/www.grupomedcof.com.br\/blog\/#\/schema\/person\/db19a651f86c5fc202d6eee744fd3292","name":"Kiara Adelino","image":{"@type":"ImageObject","inLanguage":"pt-BR","@id":"https:\/\/www.grupomedcof.com.br\/blog\/wp-content\/uploads\/2024\/08\/cropped-Kiara-Adelino2-96x96.jpega85663bdda67261f8f06f86e555e1e49","url":"https:\/\/www.grupomedcof.com.br\/blog\/wp-content\/uploads\/2024\/08\/cropped-Kiara-Adelino2-96x96.jpeg","contentUrl":"https:\/\/www.grupomedcof.com.br\/blog\/wp-content\/uploads\/2024\/08\/cropped-Kiara-Adelino2-96x96.jpeg","caption":"Kiara Adelino"},"description":"Estudante do 5\u00b0 semestre de Medicina. Gosto bastante de aprender coisas novas, principalmente na \u00e1rea de Neurologia e Anatomia humana.","url":"https:\/\/www.grupomedcof.com.br\/blog\/author\/kiara-adelino\/"}]}},"authors":[{"term_id":3617,"user_id":21,"is_guest":0,"slug":"kiara-adelino","display_name":"Kiara Adelino","avatar_url":"https:\/\/www.grupomedcof.com.br\/blog\/wp-content\/uploads\/2024\/08\/cropped-Kiara-Adelino2-96x96.jpeg","0":null,"1":"","2":"","3":"","4":"","5":"","6":"","7":"","8":""}],"_links":{"self":[{"href":"https:\/\/www.grupomedcof.com.br\/blog\/wp-json\/wp\/v2\/posts\/29165","targetHints":{"allow":["GET"]}}],"collection":[{"href":"https:\/\/www.grupomedcof.com.br\/blog\/wp-json\/wp\/v2\/posts"}],"about":[{"href":"https:\/\/www.grupomedcof.com.br\/blog\/wp-json\/wp\/v2\/types\/post"}],"author":[{"embeddable":true,"href":"https:\/\/www.grupomedcof.com.br\/blog\/wp-json\/wp\/v2\/users\/21"}],"replies":[{"embeddable":true,"href":"https:\/\/www.grupomedcof.com.br\/blog\/wp-json\/wp\/v2\/comments?post=29165"}],"version-history":[{"count":0,"href":"https:\/\/www.grupomedcof.com.br\/blog\/wp-json\/wp\/v2\/posts\/29165\/revisions"}],"wp:featuredmedia":[{"embeddable":true,"href":"https:\/\/www.grupomedcof.com.br\/blog\/wp-json\/wp\/v2\/media\/29167"}],"wp:attachment":[{"href":"https:\/\/www.grupomedcof.com.br\/blog\/wp-json\/wp\/v2\/media?parent=29165"}],"wp:term":[{"taxonomy":"category","embeddable":true,"href":"https:\/\/www.grupomedcof.com.br\/blog\/wp-json\/wp\/v2\/categories?post=29165"},{"taxonomy":"post_tag","embeddable":true,"href":"https:\/\/www.grupomedcof.com.br\/blog\/wp-json\/wp\/v2\/tags?post=29165"},{"taxonomy":"author","embeddable":true,"href":"https:\/\/www.grupomedcof.com.br\/blog\/wp-json\/wp\/v2\/ppma_author?post=29165"}],"curies":[{"name":"wp","href":"https:\/\/api.w.org\/{rel}","templated":true}]}}