{"id":29189,"date":"2024-08-27T08:19:30","date_gmt":"2024-08-27T11:19:30","guid":{"rendered":"https:\/\/www.grupomedcof.com.br\/blog\/?p=29189"},"modified":"2026-04-24T17:19:00","modified_gmt":"2026-04-24T20:19:00","slug":"tire-suas-duvidas-sobre-os-disturbios-metabolicos-neonatais","status":"publish","type":"post","link":"https:\/\/www.grupomedcof.com.br\/blog\/tire-suas-duvidas-sobre-os-disturbios-metabolicos-neonatais\/","title":{"rendered":"Tire suas d\u00favidas sobre os Dist\u00farbios Metab\u00f3licos Neonatais"},"content":{"rendered":"<div id=\"ez-toc-container\" class=\"ez-toc-v2_0_74 counter-hierarchy ez-toc-counter ez-toc-transparent ez-toc-container-direction\">\n<div class=\"ez-toc-title-container\">\n<p class=\"ez-toc-title\" style=\"cursor:inherit\">Sum\u00e1rio<\/p>\n<span class=\"ez-toc-title-toggle\"><a href=\"#\" class=\"ez-toc-pull-right ez-toc-btn ez-toc-btn-xs ez-toc-btn-default ez-toc-toggle\" aria-label=\"Alternar tabela de conte\u00fado\"><span class=\"ez-toc-js-icon-con\"><span class=\"\"><span class=\"eztoc-hide\" style=\"display:none;\">Toggle<\/span><span class=\"ez-toc-icon-toggle-span\"><svg style=\"fill: #999;color:#999\" xmlns=\"http:\/\/www.w3.org\/2000\/svg\" class=\"list-377408\" width=\"20px\" height=\"20px\" viewBox=\"0 0 24 24\" fill=\"none\"><path d=\"M6 6H4v2h2V6zm14 0H8v2h12V6zM4 11h2v2H4v-2zm16 0H8v2h12v-2zM4 16h2v2H4v-2zm16 0H8v2h12v-2z\" fill=\"currentColor\"><\/path><\/svg><svg style=\"fill: #999;color:#999\" class=\"arrow-unsorted-368013\" xmlns=\"http:\/\/www.w3.org\/2000\/svg\" width=\"10px\" height=\"10px\" viewBox=\"0 0 24 24\" version=\"1.2\" baseProfile=\"tiny\"><path d=\"M18.2 9.3l-6.2-6.3-6.2 6.3c-.2.2-.3.4-.3.7s.1.5.3.7c.2.2.4.3.7.3h11c.3 0 .5-.1.7-.3.2-.2.3-.5.3-.7s-.1-.5-.3-.7zM5.8 14.7l6.2 6.3 6.2-6.3c.2-.2.3-.5.3-.7s-.1-.5-.3-.7c-.2-.2-.4-.3-.7-.3h-11c-.3 0-.5.1-.7.3-.2.2-.3.5-.3.7s.1.5.3.7z\"\/><\/svg><\/span><\/span><\/span><\/a><\/span><\/div>\n<nav><ul class='ez-toc-list ez-toc-list-level-1 ' ><li class='ez-toc-page-1 ez-toc-heading-level-2'><a class=\"ez-toc-link ez-toc-heading-1\" href=\"https:\/\/www.grupomedcof.com.br\/blog\/tire-suas-duvidas-sobre-os-disturbios-metabolicos-neonatais\/#Quais_os_que_mais_caem\" >Quais os que mais caem?<\/a><\/li><li class='ez-toc-page-1 ez-toc-heading-level-2'><a class=\"ez-toc-link ez-toc-heading-2\" href=\"https:\/\/www.grupomedcof.com.br\/blog\/tire-suas-duvidas-sobre-os-disturbios-metabolicos-neonatais\/#Disturbios_de_Glicose\" >Dist\u00farbios de Glicose\u00a0<\/a><ul class='ez-toc-list-level-3' ><li class='ez-toc-heading-level-3'><a class=\"ez-toc-link ez-toc-heading-3\" href=\"https:\/\/www.grupomedcof.com.br\/blog\/tire-suas-duvidas-sobre-os-disturbios-metabolicos-neonatais\/#Hipoglicemia\" >Hipoglicemia<\/a><\/li><li class='ez-toc-page-1 ez-toc-heading-level-3'><a class=\"ez-toc-link ez-toc-heading-4\" href=\"https:\/\/www.grupomedcof.com.br\/blog\/tire-suas-duvidas-sobre-os-disturbios-metabolicos-neonatais\/#Hiperglicemia\" >Hiperglicemia\u00a0<\/a><\/li><\/ul><\/li><li class='ez-toc-page-1 ez-toc-heading-level-2'><a class=\"ez-toc-link ez-toc-heading-5\" href=\"https:\/\/www.grupomedcof.com.br\/blog\/tire-suas-duvidas-sobre-os-disturbios-metabolicos-neonatais\/#Disturbios_de_Calcio\" >Dist\u00farbios de C\u00e1lcio<\/a><ul class='ez-toc-list-level-3' ><li class='ez-toc-heading-level-3'><a class=\"ez-toc-link ez-toc-heading-6\" href=\"https:\/\/www.grupomedcof.com.br\/blog\/tire-suas-duvidas-sobre-os-disturbios-metabolicos-neonatais\/#Fatores_de_Risco\" >Fatores de Risco<\/a><\/li><li class='ez-toc-page-1 ez-toc-heading-level-3'><a class=\"ez-toc-link ez-toc-heading-7\" href=\"https:\/\/www.grupomedcof.com.br\/blog\/tire-suas-duvidas-sobre-os-disturbios-metabolicos-neonatais\/#Quadro_Clinico\" >Quadro Cl\u00ednico\u00a0<\/a><\/li><li class='ez-toc-page-1 ez-toc-heading-level-3'><a class=\"ez-toc-link ez-toc-heading-8\" href=\"https:\/\/www.grupomedcof.com.br\/blog\/tire-suas-duvidas-sobre-os-disturbios-metabolicos-neonatais\/#Tratamento_e_prevencoes\" >Tratamento e preven\u00e7\u00f5es<\/a><\/li><\/ul><\/li><li class='ez-toc-page-1 ez-toc-heading-level-2'><a class=\"ez-toc-link ez-toc-heading-9\" href=\"https:\/\/www.grupomedcof.com.br\/blog\/tire-suas-duvidas-sobre-os-disturbios-metabolicos-neonatais\/#Seja_um_MedCoffer\" >Seja um MedCoffer!<\/a><\/li><\/ul><\/nav><\/div>\n\n<figure class=\"wp-block-image size-large\"><img loading=\"lazy\" decoding=\"async\" width=\"1024\" height=\"576\" src=\"https:\/\/www.grupomedcof.com.br\/blog\/wp-content\/uploads\/2024\/08\/Blog-MedCof-2024-08-27T081718.493-1024x576.png\" alt=\"\" class=\"wp-image-29191\" srcset=\"https:\/\/www.grupomedcof.com.br\/blog\/wp-content\/uploads\/2024\/08\/Blog-MedCof-2024-08-27T081718.493-1024x576.png 1024w, https:\/\/www.grupomedcof.com.br\/blog\/wp-content\/uploads\/2024\/08\/Blog-MedCof-2024-08-27T081718.493-300x169.png 300w, https:\/\/www.grupomedcof.com.br\/blog\/wp-content\/uploads\/2024\/08\/Blog-MedCof-2024-08-27T081718.493-768x432.png 768w, https:\/\/www.grupomedcof.com.br\/blog\/wp-content\/uploads\/2024\/08\/Blog-MedCof-2024-08-27T081718.493-1536x864.png 1536w, https:\/\/www.grupomedcof.com.br\/blog\/wp-content\/uploads\/2024\/08\/Blog-MedCof-2024-08-27T081718.493-2048x1152.png 2048w, https:\/\/www.grupomedcof.com.br\/blog\/wp-content\/uploads\/2024\/08\/Blog-MedCof-2024-08-27T081718.493-747x420.png 747w, https:\/\/www.grupomedcof.com.br\/blog\/wp-content\/uploads\/2024\/08\/Blog-MedCof-2024-08-27T081718.493-150x84.png 150w, https:\/\/www.grupomedcof.com.br\/blog\/wp-content\/uploads\/2024\/08\/Blog-MedCof-2024-08-27T081718.493-696x392.png 696w, https:\/\/www.grupomedcof.com.br\/blog\/wp-content\/uploads\/2024\/08\/Blog-MedCof-2024-08-27T081718.493-1068x601.png 1068w, https:\/\/www.grupomedcof.com.br\/blog\/wp-content\/uploads\/2024\/08\/Blog-MedCof-2024-08-27T081718.493-1920x1080.png 1920w\" sizes=\"auto, (max-width: 1024px) 100vw, 1024px\" \/><\/figure>\n\n\n\n<p><strong>Dist\u00farbios metab\u00f3licos<\/strong> s\u00e3o condi\u00e7\u00f5es que afetam a forma como o corpo processa os alimentos e os transforma em energia. Por isso, as rea\u00e7\u00f5es qu\u00edmicas no corpo n\u00e3o funcionam como deveriam causando problemas no desenvolvimento correto do beb\u00ea. Dependendo do tipo de dist\u00farbio. Podem causar problemas em \u00f3rg\u00e3os e aumentar o risco de outras doen\u00e7as.<\/p>\n\n\n\n<h2 class=\"wp-block-heading\" id=\"h-quais-os-que-mais-caem\"><span class=\"ez-toc-section\" id=\"Quais_os_que_mais_caem\"><\/span><strong>Quais os que mais caem?<\/strong><span class=\"ez-toc-section-end\"><\/span><\/h2>\n\n\n\n<ol class=\"wp-block-list\">\n<li><strong>Dist\u00farbios de Glicemia Neonatal<\/strong>;<\/li>\n\n\n\n<li><strong>Dist\u00farbio de C\u00e1lcio Neonatal.\u00a0<\/strong><\/li>\n<\/ol>\n\n\n\n<h2 class=\"wp-block-heading\" id=\"h-disturbios-de-glicose\"><span class=\"ez-toc-section\" id=\"Disturbios_de_Glicose\"><\/span><strong>Dist\u00farbios de Glicose\u00a0<\/strong><span class=\"ez-toc-section-end\"><\/span><\/h2>\n\n\n\n<p>Esse composto \u00e9 fundamental para o metabolismo do feto durante todo o desenvolvimento intra e extra uterino. O beb\u00ea, ent\u00e3o, recebe ele e outros nutrientes via placenta (por difus\u00e3o facilitada). Principalmente no terceiro trimestre de gesta\u00e7\u00e3o, o feto acumula muito glicog\u00eanio hep\u00e1tico para manter o estado anab\u00f3lico raz\u00e3o para a necessidade de a m\u00e3e suprir devidamente essa demanda. Quando o beb\u00ea consegue produzir sua pr\u00f3pria insulina, ele deixa de receber essa por via materna.\u00a0<\/p>\n\n\n\n<p>\u00c9 importante ressaltarmos que depois do clampeamento do cord\u00e3o umbilical, ocorre a interrup\u00e7\u00e3o do aporte de glicose, o que causa queda da glicemia nas primeiras horas (menor nas 2 primeiras horas). A partir da\u00ed, o beb\u00ea come\u00e7a a mobilizar seus pr\u00f3prios estoques de glicose, at\u00e9 receber glucose via dieta ou endovenosa. Com o nascimento, ocorre um aumento de horm\u00f4nios reguladores (no caso glucagon e adrenalina), o que causa glicogen\u00f3lise e gliconeog\u00eanese. Para manter o equil\u00edbrio, \u00e9 preciso manter a glicemia adequada para regular o consumo e a produ\u00e7\u00e3o de glicose sangu\u00ednea.\u00a0<\/p>\n\n\n\n<h3 class=\"wp-block-heading\" id=\"h-hipoglicemia\"><span class=\"ez-toc-section\" id=\"Hipoglicemia\"><\/span><strong>Hipoglicemia<\/strong><span class=\"ez-toc-section-end\"><\/span><\/h3>\n\n\n\n<p>Acontece quando a glicemia plasm\u00e1tica \u00e9 reduzida causando sintomas ou sinais de disfun\u00e7\u00e3o cerebral. Nesse caso, em menos de 48 horas, a glicemia plasm\u00e1tica \u00e9 menor que 47 mg por dL; acima de 48, \u00e9 menor que 60 mg por dL; ou sempre que a glicemia capilar for alterada (com glicos\u00edmetro de 10 a 15% menor que a plasm\u00e1tica).<\/p>\n\n\n\n<p>A falsa hipoglicemia ocorre quando as extremidades est\u00e3o frias e cian\u00f3ticas, mas os dados coletados n\u00e3o indicam essa condi\u00e7\u00e3o.&nbsp;&nbsp;<\/p>\n\n\n\n<h4 class=\"wp-block-heading\" id=\"h-fatores-de-risco\"><strong>Fatores de risco<\/strong><\/h4>\n\n\n\n<p>Para o RNPT, h\u00e1 menos glicog\u00eanio hep\u00e1tico (ainda mais se nasceu com RCIU), menor capacidade de gliconeog\u00eanese, alta demanda energ\u00e9tica (sobretudo se sofreu asfixia). Para os filhos de m\u00e3e diab\u00e9tica (a hiperglicemia materna estimula a produ\u00e7\u00e3o de insulina fetal e diminui a de glucagon, condi\u00e7\u00e3o chamada de hiperinsulinismo).<\/p>\n\n\n\n<h4 class=\"wp-block-heading\" id=\"h-causas\"><strong>Causas<\/strong><\/h4>\n\n\n\n<p>Aumento do uso de glicose ( no caso de filhos de m\u00e3e diab\u00e9tica ou GIG;com uso de B2, tiaz\u00eddico, isoimuniza\u00e7\u00e3o Rh.<\/p>\n\n\n\n<p>Menor produ\u00e7\u00e3o de glicose, por RNPT, RCIU ou Jejum prolongado.&nbsp;<\/p>\n\n\n\n<p>Aumento do uso de glicose e diminui\u00e7\u00e3o da produ\u00e7\u00e3o, por estresse, erros inatos do metabolismo, uso materno de bloqueadoresde e policitemia.\u00a0<\/p>\n\n\n\n<h4 class=\"wp-block-heading\" id=\"h-quadro-clinico\"><strong>Quadro Cl\u00ednico<\/strong><\/h4>\n\n\n\n<p>Normalmente \u00e9 uma condi\u00e7\u00e3o assintom\u00e1tica, mas os poss\u00edveis sintomas s\u00e3o tremores, hipotonia, letargia, irritabilidade, apneia, taquipneia, cianose, m\u00e1 suc\u00e7\u00e3o e baixa aceita\u00e7\u00e3o da dieta ou convuls\u00f5es. Devido a esses sintomas, \u00e9 preciso fazer <strong>\u00a0o monitoramento do RN<\/strong> com os <strong>fatores de risco<\/strong> acima mencionados.\u00a0<\/p>\n\n\n\n<h4 class=\"wp-block-heading\" id=\"h-manejo\"><strong>Manejo<\/strong><\/h4>\n\n\n\n<p>Se o RN for assintom\u00e1tico nas primeiras 4 horas, e ap\u00f3s a alimenta\u00e7\u00e3o estiver com glicemia abaixo de 25 mg por dL, deve-se repetir a mamada e medir a glicemia. Caso ela continue abaixo de 25 mg por dL, \u00e9 administrada glicose endovenosa. Caso aumente at\u00e9 no m\u00e1ximo a 40mg por dL, \u00e9 recomendada a realimenta\u00e7\u00e3o ou glicose EV. Na condi\u00e7\u00e3o de ele ser assintom\u00e1tico fora dessas 4 horas no primeiro dia e, ap\u00f3s a amamenta\u00e7\u00e3o, a cada 2 ou 3 horas,\u00a0 a glicemia antes d\u00ea um valor menor que 35 mg por dL, deve-se repetir a dieta e medir a glicemia ap\u00f3s 1 horas. Caso se mantenha menor que esse valor, administra-se Glicose Endovenosa. Caso aumente at\u00e9 no m\u00e1ximo 45 mg por DL, deve-se realimentar ou administrar EV.\u00a0<\/p>\n\n\n\n<h4 class=\"wp-block-heading\" id=\"h-complicacoes\"><strong>Complica\u00e7\u00f5es<\/strong><\/h4>\n\n\n\n<p>Essa condi\u00e7\u00e3o pode acarretar danos cerebrais e, assim, atraso no DNPM.<\/p>\n\n\n\n<h4 class=\"wp-block-heading\" id=\"h-prevencao\"><strong>Preven\u00e7\u00e3o<\/strong><\/h4>\n\n\n\n<p>Deve-se iniciar a AM na primeira hora, a fim de fortalecer o beb\u00ea, e manter a normotermia. <\/p>\n\n\n\n<h3 class=\"wp-block-heading\" id=\"h-hiperglicemia\"><span class=\"ez-toc-section\" id=\"Hiperglicemia\"><\/span><strong>Hiperglicemia\u00a0<\/strong><span class=\"ez-toc-section-end\"><\/span><\/h3>\n\n\n\n<p>Acontece quando a glicemia plasm\u00e1tica est\u00e1 maior ou igual a 45 mg por dL. Se ela estiver maior que 180 mg por dL ou com glicos\u00faria com diurese osm\u00f3tica, o que aumenta o risco de hemorragia periventricular, tamb\u00e9m se configura como hiperglicemia.\u00a0<\/p>\n\n\n\n<h4 class=\"wp-block-heading\" id=\"h-causas-0\"><strong>Causas\u00a0<\/strong><\/h4>\n\n\n\n<p>Pode ser Iatrog\u00eanica (por oferta excessiva) ,por estresse, sepse ou manejo inadequado de medicamentos.<\/p>\n\n\n\n<h4 class=\"wp-block-heading\" id=\"h-manejo-0\"><strong>Manejo<\/strong><\/h4>\n\n\n\n<p>Deve-se tratar a causa , por meio da redu\u00e7\u00e3o do VIG,\u00a0da transi\u00e7\u00e3o para dieta enteral ou administra\u00e7\u00e3o de insulina em casos de exce\u00e7\u00e3o.\u00a0<\/p>\n\n\n\n<h2 class=\"wp-block-heading\" id=\"h-disturbios-de-calcio\"><span class=\"ez-toc-section\" id=\"Disturbios_de_Calcio\"><\/span><strong>Dist\u00farbios de C\u00e1lcio<\/strong><span class=\"ez-toc-section-end\"><\/span><\/h2>\n\n\n\n<p>O feto recebe via placenta por transporte ativo. Por isso, ao nascer, ele tem uma queda fisiol\u00f3gica do Ca s\u00e9rico. A hipocalcemia de in\u00edcio precoce \u00e9 diagnosticada dentro dos primeiros 3 dias, pois h\u00e1 imaturidade da paratiroide para produzir PTH em resposta \u00e0 hipocalcemia.&nbsp;<\/p>\n\n\n\n<p>A defini\u00e7\u00e3o dela inclui uma quantidade de c\u00e1lcio total menor que 8 mg por dL ou c\u00e1lcio ionizado menor que 4,4 mg por dL quando o beb\u00ea pesa menos que 1500g. Caso ele supere esse peso, as quantidades analisadas de c\u00e1lcio mudam para menor que 7 mg por dL do c\u00e1lcio total e menor que 4 mg por dl do c\u00e1lcio ionizado.\u00a0<strong>\u00a0<\/strong><\/p>\n\n\n\n<h3 class=\"wp-block-heading\" id=\"h-fatores-de-risco-0\"><span class=\"ez-toc-section\" id=\"Fatores_de_Risco\"><\/span><strong>Fatores de Risco<\/strong><span class=\"ez-toc-section-end\"><\/span><\/h3>\n\n\n\n<p>Casos de diabetes e defici\u00eancias de vitamina D em maternos s\u00e3o complica\u00e7\u00f5es s\u00e9rias nessas condi\u00e7\u00f5es. Podemos, ainda, incluir a asfixia em per\u00edodo perinatal e RNPT, RCIU e diur\u00e9tico em per\u00edodo neonatal.<\/p>\n\n\n\n<h3 class=\"wp-block-heading\" id=\"h-quadro-clinico-0\"><span class=\"ez-toc-section\" id=\"Quadro_Clinico\"><\/span><strong>Quadro Cl\u00ednico\u00a0<\/strong><span class=\"ez-toc-section-end\"><\/span><\/h3>\n\n\n\n<p>Normalmente o beb\u00ea \u00e9 assintom\u00e1tico, mas pode apresentar apneia, excitabilidade neuromuscular (tremores, tetania, espasmo) ou convuls\u00f5es.\u00a0<\/p>\n\n\n\n<h3 class=\"wp-block-heading\" id=\"h-tratamento-e-prevencoes\"><span class=\"ez-toc-section\" id=\"Tratamento_e_prevencoes\"><\/span><strong>Tratamento e preven\u00e7\u00f5es<\/strong><span class=\"ez-toc-section-end\"><\/span><\/h3>\n\n\n\n<p>\u00c9 preciso administrar precocemente a alimenta\u00e7\u00e3o de modo a evitar o jejum por prolongado tempo e oferecer c\u00e1lcio por via parental. Se os beb\u00eas forem assintom\u00e1ticos,\u00a0 \u00e9 preciso realizar a reposi\u00e7\u00e3o de gluconato de c\u00e1lcio 10% (de 10 a 20 mg por kg do beb\u00ea em 10 minutos e depois, de 50 a 75 mg por kg por dia de modo cont\u00ednuo).\u00a0<\/p>\n\n\n\n<h2 class=\"wp-block-heading\" id=\"seja-um-medcoffer\"><span class=\"ez-toc-section\" id=\"Seja_um_MedCoffer\"><\/span><strong>Seja um MedCoffer!<\/strong><span class=\"ez-toc-section-end\"><\/span><\/h2>\n\n\n\n<p>Quer alcan\u00e7ar a aprova\u00e7\u00e3o nas provas de resid\u00eancia m\u00e9dica? Ent\u00e3o seja um&nbsp;<a href=\"https:\/\/www.grupomedcof.com.br\/home\/\" target=\"_blank\" rel=\"noreferrer noopener\">MedCoffer<\/a>! Aqui te ajudaremos na busca da aprova\u00e7\u00e3o com conte\u00fados de qualidade e uma&nbsp;<a href=\"https:\/\/www.grupomedcof.com.br\/blog\/presenca-da-medcof-nas-aprovacoes-em-residencia-medica-no-brasil\/\" target=\"_blank\" rel=\"noreferrer noopener\">metodologia que j\u00e1 aprovou mais de 10 mil residentes no pa\u00eds!&nbsp;<\/a>Por fim, acesse o nosso<a href=\"https:\/\/www.youtube.com\/@GrupoMedcof\/featured\" target=\"_blank\" rel=\"noreferrer noopener\">&nbsp;<strong>canal do youtube&nbsp;<\/strong><\/a>para ver o nosso material.<\/p>\n\n\n\n<figure class=\"wp-block-embed is-type-video is-provider-youtube wp-block-embed-youtube wp-embed-aspect-16-9 wp-has-aspect-ratio\"><div class=\"wp-block-embed__wrapper\">\n<div class=\"youtube-embed\" data-video_id=\"ID1sbp1gMBY\"><iframe loading=\"lazy\" title=\"Mentoria MedCof: Como calcular Soro de Manuten\u00e7\u00e3o em Pediatria com a Dra. Amira Saleh\" width=\"696\" height=\"392\" src=\"https:\/\/www.youtube.com\/embed\/ID1sbp1gMBY?feature=oembed&#038;enablejsapi=1\" frameborder=\"0\" allow=\"accelerometer; autoplay; clipboard-write; encrypted-media; gyroscope; picture-in-picture; web-share\" referrerpolicy=\"strict-origin-when-cross-origin\" allowfullscreen><\/iframe><\/div>\n<\/div><\/figure>\n","protected":false},"excerpt":{"rendered":"<p>Dist\u00farbios metab\u00f3licos s\u00e3o condi\u00e7\u00f5es que afetam a forma como o corpo processa os alimentos e os transforma em energia. Veja!<\/p>\n","protected":false},"author":21,"featured_media":29191,"comment_status":"open","ping_status":"open","sticky":false,"template":"","format":"standard","meta":{"footnotes":""},"categories":[120],"tags":[1900,1901,1899,1898,1421],"ppma_author":[3617],"class_list":{"0":"post-29189","1":"post","2":"type-post","3":"status-publish","4":"format-standard","5":"has-post-thumbnail","7":"category-pediatria","8":"tag-disturbios-de-calcio","9":"tag-disturbios-de-glicose","10":"tag-hiperglicemia","11":"tag-hipoglicemia","12":"tag-neonatal"},"yoast_head":"<!-- This site is optimized with the Yoast SEO Premium plugin v24.3 (Yoast SEO v27.4) - https:\/\/yoast.com\/product\/yoast-seo-premium-wordpress\/ -->\n<title>Dist\u00farbios Metab\u00f3licos Neonatais: Principais D\u00favidas | Medcof<\/title>\n<meta name=\"description\" content=\"Dist\u00farbios metab\u00f3licos s\u00e3o condi\u00e7\u00f5es que afetam a forma como o corpo processa os alimentos e os transforma em energia. Veja!\" \/>\n<meta name=\"robots\" content=\"index, follow, max-snippet:-1, max-image-preview:large, max-video-preview:-1\" \/>\n<link rel=\"canonical\" href=\"https:\/\/www.grupomedcof.com.br\/blog\/tire-suas-duvidas-sobre-os-disturbios-metabolicos-neonatais\/\" \/>\n<meta property=\"og:locale\" content=\"pt_BR\" \/>\n<meta property=\"og:type\" content=\"article\" \/>\n<meta property=\"og:title\" content=\"Tire suas d\u00favidas sobre os Dist\u00farbios Metab\u00f3licos Neonatais\" \/>\n<meta property=\"og:description\" content=\"Dist\u00farbios metab\u00f3licos s\u00e3o condi\u00e7\u00f5es que afetam a forma como o corpo processa os alimentos e os transforma em energia. Veja!\" \/>\n<meta property=\"og:url\" content=\"https:\/\/www.grupomedcof.com.br\/blog\/tire-suas-duvidas-sobre-os-disturbios-metabolicos-neonatais\/\" \/>\n<meta property=\"og:site_name\" content=\"Blog de Medcof: conte\u00fados, editais, revalida e mais!\" \/>\n<meta property=\"article:publisher\" content=\"https:\/\/www.facebook.com\/MedCofQbank\/\" \/>\n<meta property=\"article:published_time\" content=\"2024-08-27T11:19:30+00:00\" \/>\n<meta property=\"article:modified_time\" content=\"2026-04-24T20:19:00+00:00\" \/>\n<meta property=\"og:image\" content=\"https:\/\/www.grupomedcof.com.br\/blog\/wp-content\/uploads\/2024\/08\/Blog-MedCof-2024-08-27T081718.493-1024x576.png\" \/>\n\t<meta property=\"og:image:width\" content=\"1024\" \/>\n\t<meta property=\"og:image:height\" content=\"576\" \/>\n\t<meta property=\"og:image:type\" content=\"image\/png\" \/>\n<meta name=\"author\" content=\"Kiara Adelino\" \/>\n<meta name=\"twitter:card\" content=\"summary_large_image\" \/>\n<meta name=\"twitter:label1\" content=\"Escrito por\" \/>\n\t<meta name=\"twitter:data1\" content=\"Kiara Adelino\" \/>\n\t<meta name=\"twitter:label2\" content=\"Est. tempo de leitura\" \/>\n\t<meta name=\"twitter:data2\" content=\"6 minutos\" \/>\n<script type=\"application\/ld+json\" class=\"yoast-schema-graph\">{\"@context\":\"https:\\\/\\\/schema.org\",\"@graph\":[{\"@type\":\"Article\",\"@id\":\"https:\\\/\\\/www.grupomedcof.com.br\\\/blog\\\/tire-suas-duvidas-sobre-os-disturbios-metabolicos-neonatais\\\/#article\",\"isPartOf\":{\"@id\":\"https:\\\/\\\/www.grupomedcof.com.br\\\/blog\\\/tire-suas-duvidas-sobre-os-disturbios-metabolicos-neonatais\\\/\"},\"author\":{\"name\":\"Kiara Adelino\",\"@id\":\"https:\\\/\\\/www.grupomedcof.com.br\\\/blog\\\/#\\\/schema\\\/person\\\/db19a651f86c5fc202d6eee744fd3292\"},\"headline\":\"Tire suas d\u00favidas sobre os Dist\u00farbios Metab\u00f3licos Neonatais\",\"datePublished\":\"2024-08-27T11:19:30+00:00\",\"dateModified\":\"2026-04-24T20:19:00+00:00\",\"mainEntityOfPage\":{\"@id\":\"https:\\\/\\\/www.grupomedcof.com.br\\\/blog\\\/tire-suas-duvidas-sobre-os-disturbios-metabolicos-neonatais\\\/\"},\"wordCount\":1095,\"commentCount\":0,\"publisher\":{\"@id\":\"https:\\\/\\\/www.grupomedcof.com.br\\\/blog\\\/#organization\"},\"image\":{\"@id\":\"https:\\\/\\\/www.grupomedcof.com.br\\\/blog\\\/tire-suas-duvidas-sobre-os-disturbios-metabolicos-neonatais\\\/#primaryimage\"},\"thumbnailUrl\":\"https:\\\/\\\/www.grupomedcof.com.br\\\/blog\\\/wp-content\\\/uploads\\\/2024\\\/08\\\/Blog-MedCof-2024-08-27T081718.493.png\",\"keywords\":[\"Dist\u00farbios de C\u00e1lcio\",\"Dist\u00farbios de Glicose]\",\"Hiperglicemia\",\"Hipoglicemia\",\"neonatal\"],\"articleSection\":[\"Pediatria\"],\"inLanguage\":\"pt-BR\"},{\"@type\":\"WebPage\",\"@id\":\"https:\\\/\\\/www.grupomedcof.com.br\\\/blog\\\/tire-suas-duvidas-sobre-os-disturbios-metabolicos-neonatais\\\/\",\"url\":\"https:\\\/\\\/www.grupomedcof.com.br\\\/blog\\\/tire-suas-duvidas-sobre-os-disturbios-metabolicos-neonatais\\\/\",\"name\":\"Dist\u00farbios Metab\u00f3licos Neonatais: Principais D\u00favidas | Medcof\",\"isPartOf\":{\"@id\":\"https:\\\/\\\/www.grupomedcof.com.br\\\/blog\\\/#website\"},\"primaryImageOfPage\":{\"@id\":\"https:\\\/\\\/www.grupomedcof.com.br\\\/blog\\\/tire-suas-duvidas-sobre-os-disturbios-metabolicos-neonatais\\\/#primaryimage\"},\"image\":{\"@id\":\"https:\\\/\\\/www.grupomedcof.com.br\\\/blog\\\/tire-suas-duvidas-sobre-os-disturbios-metabolicos-neonatais\\\/#primaryimage\"},\"thumbnailUrl\":\"https:\\\/\\\/www.grupomedcof.com.br\\\/blog\\\/wp-content\\\/uploads\\\/2024\\\/08\\\/Blog-MedCof-2024-08-27T081718.493.png\",\"datePublished\":\"2024-08-27T11:19:30+00:00\",\"dateModified\":\"2026-04-24T20:19:00+00:00\",\"description\":\"Dist\u00farbios metab\u00f3licos s\u00e3o condi\u00e7\u00f5es que afetam a forma como o corpo processa os alimentos e os transforma em energia. Veja!\",\"breadcrumb\":{\"@id\":\"https:\\\/\\\/www.grupomedcof.com.br\\\/blog\\\/tire-suas-duvidas-sobre-os-disturbios-metabolicos-neonatais\\\/#breadcrumb\"},\"inLanguage\":\"pt-BR\",\"potentialAction\":[{\"@type\":\"ReadAction\",\"target\":[\"https:\\\/\\\/www.grupomedcof.com.br\\\/blog\\\/tire-suas-duvidas-sobre-os-disturbios-metabolicos-neonatais\\\/\"]}]},{\"@type\":\"ImageObject\",\"inLanguage\":\"pt-BR\",\"@id\":\"https:\\\/\\\/www.grupomedcof.com.br\\\/blog\\\/tire-suas-duvidas-sobre-os-disturbios-metabolicos-neonatais\\\/#primaryimage\",\"url\":\"https:\\\/\\\/www.grupomedcof.com.br\\\/blog\\\/wp-content\\\/uploads\\\/2024\\\/08\\\/Blog-MedCof-2024-08-27T081718.493.png\",\"contentUrl\":\"https:\\\/\\\/www.grupomedcof.com.br\\\/blog\\\/wp-content\\\/uploads\\\/2024\\\/08\\\/Blog-MedCof-2024-08-27T081718.493.png\",\"width\":2560,\"height\":1440},{\"@type\":\"BreadcrumbList\",\"@id\":\"https:\\\/\\\/www.grupomedcof.com.br\\\/blog\\\/tire-suas-duvidas-sobre-os-disturbios-metabolicos-neonatais\\\/#breadcrumb\",\"itemListElement\":[{\"@type\":\"ListItem\",\"position\":1,\"name\":\"In\u00edcio\",\"item\":\"https:\\\/\\\/www.grupomedcof.com.br\\\/blog\\\/\"},{\"@type\":\"ListItem\",\"position\":2,\"name\":\"Tire suas d\u00favidas sobre os Dist\u00farbios Metab\u00f3licos Neonatais\"}]},{\"@type\":\"WebSite\",\"@id\":\"https:\\\/\\\/www.grupomedcof.com.br\\\/blog\\\/#website\",\"url\":\"https:\\\/\\\/www.grupomedcof.com.br\\\/blog\\\/\",\"name\":\"Blog de Medcof: conte\u00fados, editais, revalida e mais!\",\"description\":\"Acesso o blog de MedCof! Seu portal de conte\u00fados sobre resid\u00eancia m\u00e9dica, an\u00e1lise e editais e muito mais. Clique e confira!\",\"publisher\":{\"@id\":\"https:\\\/\\\/www.grupomedcof.com.br\\\/blog\\\/#organization\"},\"alternateName\":\"Blog de Medcof: conte\u00fados, editais, revalida e mais!\",\"potentialAction\":[{\"@type\":\"SearchAction\",\"target\":{\"@type\":\"EntryPoint\",\"urlTemplate\":\"https:\\\/\\\/www.grupomedcof.com.br\\\/blog\\\/?s={search_term_string}\"},\"query-input\":{\"@type\":\"PropertyValueSpecification\",\"valueRequired\":true,\"valueName\":\"search_term_string\"}}],\"inLanguage\":\"pt-BR\"},{\"@type\":\"Organization\",\"@id\":\"https:\\\/\\\/www.grupomedcof.com.br\\\/blog\\\/#organization\",\"name\":\"Grupo MedCof\",\"url\":\"https:\\\/\\\/www.grupomedcof.com.br\\\/blog\\\/\",\"logo\":{\"@type\":\"ImageObject\",\"inLanguage\":\"pt-BR\",\"@id\":\"https:\\\/\\\/www.grupomedcof.com.br\\\/blog\\\/#\\\/schema\\\/logo\\\/image\\\/\",\"url\":\"https:\\\/\\\/www.grupomedcof.com.br\\\/blog\\\/wp-content\\\/uploads\\\/2022\\\/01\\\/logo-medcof.png\",\"contentUrl\":\"https:\\\/\\\/www.grupomedcof.com.br\\\/blog\\\/wp-content\\\/uploads\\\/2022\\\/01\\\/logo-medcof.png\",\"width\":768,\"height\":269,\"caption\":\"Grupo MedCof\"},\"image\":{\"@id\":\"https:\\\/\\\/www.grupomedcof.com.br\\\/blog\\\/#\\\/schema\\\/logo\\\/image\\\/\"},\"sameAs\":[\"https:\\\/\\\/www.facebook.com\\\/MedCofQbank\\\/\",\"https:\\\/\\\/www.instagram.com\\\/grupomedcof\\\/\",\"https:\\\/\\\/br.linkedin.com\\\/company\\\/medcof\",\"https:\\\/\\\/www.youtube.com\\\/channel\\\/UCdHMuOHKICxcHwecxN8P-AA\"]},{\"@type\":\"Person\",\"@id\":\"https:\\\/\\\/www.grupomedcof.com.br\\\/blog\\\/#\\\/schema\\\/person\\\/db19a651f86c5fc202d6eee744fd3292\",\"name\":\"Kiara Adelino\",\"image\":{\"@type\":\"ImageObject\",\"inLanguage\":\"pt-BR\",\"@id\":\"https:\\\/\\\/www.grupomedcof.com.br\\\/blog\\\/wp-content\\\/uploads\\\/2024\\\/08\\\/cropped-Kiara-Adelino2-96x96.jpega85663bdda67261f8f06f86e555e1e49\",\"url\":\"https:\\\/\\\/www.grupomedcof.com.br\\\/blog\\\/wp-content\\\/uploads\\\/2024\\\/08\\\/cropped-Kiara-Adelino2-96x96.jpeg\",\"contentUrl\":\"https:\\\/\\\/www.grupomedcof.com.br\\\/blog\\\/wp-content\\\/uploads\\\/2024\\\/08\\\/cropped-Kiara-Adelino2-96x96.jpeg\",\"caption\":\"Kiara Adelino\"},\"description\":\"Estudante do 5\u00b0 semestre de Medicina. Gosto bastante de aprender coisas novas, principalmente na \u00e1rea de Neurologia e Anatomia humana.\",\"url\":\"https:\\\/\\\/www.grupomedcof.com.br\\\/blog\\\/author\\\/kiara-adelino\\\/\"}]}<\/script>\n<!-- \/ Yoast SEO Premium plugin. -->","yoast_head_json":{"title":"Dist\u00farbios Metab\u00f3licos Neonatais: Principais D\u00favidas | Medcof","description":"Dist\u00farbios metab\u00f3licos s\u00e3o condi\u00e7\u00f5es que afetam a forma como o corpo processa os alimentos e os transforma em energia. Veja!","robots":{"index":"index","follow":"follow","max-snippet":"max-snippet:-1","max-image-preview":"max-image-preview:large","max-video-preview":"max-video-preview:-1"},"canonical":"https:\/\/www.grupomedcof.com.br\/blog\/tire-suas-duvidas-sobre-os-disturbios-metabolicos-neonatais\/","og_locale":"pt_BR","og_type":"article","og_title":"Tire suas d\u00favidas sobre os Dist\u00farbios Metab\u00f3licos Neonatais","og_description":"Dist\u00farbios metab\u00f3licos s\u00e3o condi\u00e7\u00f5es que afetam a forma como o corpo processa os alimentos e os transforma em energia. Veja!","og_url":"https:\/\/www.grupomedcof.com.br\/blog\/tire-suas-duvidas-sobre-os-disturbios-metabolicos-neonatais\/","og_site_name":"Blog de Medcof: conte\u00fados, editais, revalida e mais!","article_publisher":"https:\/\/www.facebook.com\/MedCofQbank\/","article_published_time":"2024-08-27T11:19:30+00:00","article_modified_time":"2026-04-24T20:19:00+00:00","og_image":[{"width":1024,"height":576,"url":"https:\/\/www.grupomedcof.com.br\/blog\/wp-content\/uploads\/2024\/08\/Blog-MedCof-2024-08-27T081718.493-1024x576.png","type":"image\/png"}],"author":"Kiara Adelino","twitter_card":"summary_large_image","twitter_misc":{"Escrito por":"Kiara Adelino","Est. tempo de leitura":"6 minutos"},"schema":{"@context":"https:\/\/schema.org","@graph":[{"@type":"Article","@id":"https:\/\/www.grupomedcof.com.br\/blog\/tire-suas-duvidas-sobre-os-disturbios-metabolicos-neonatais\/#article","isPartOf":{"@id":"https:\/\/www.grupomedcof.com.br\/blog\/tire-suas-duvidas-sobre-os-disturbios-metabolicos-neonatais\/"},"author":{"name":"Kiara Adelino","@id":"https:\/\/www.grupomedcof.com.br\/blog\/#\/schema\/person\/db19a651f86c5fc202d6eee744fd3292"},"headline":"Tire suas d\u00favidas sobre os Dist\u00farbios Metab\u00f3licos Neonatais","datePublished":"2024-08-27T11:19:30+00:00","dateModified":"2026-04-24T20:19:00+00:00","mainEntityOfPage":{"@id":"https:\/\/www.grupomedcof.com.br\/blog\/tire-suas-duvidas-sobre-os-disturbios-metabolicos-neonatais\/"},"wordCount":1095,"commentCount":0,"publisher":{"@id":"https:\/\/www.grupomedcof.com.br\/blog\/#organization"},"image":{"@id":"https:\/\/www.grupomedcof.com.br\/blog\/tire-suas-duvidas-sobre-os-disturbios-metabolicos-neonatais\/#primaryimage"},"thumbnailUrl":"https:\/\/www.grupomedcof.com.br\/blog\/wp-content\/uploads\/2024\/08\/Blog-MedCof-2024-08-27T081718.493.png","keywords":["Dist\u00farbios de C\u00e1lcio","Dist\u00farbios de Glicose]","Hiperglicemia","Hipoglicemia","neonatal"],"articleSection":["Pediatria"],"inLanguage":"pt-BR"},{"@type":"WebPage","@id":"https:\/\/www.grupomedcof.com.br\/blog\/tire-suas-duvidas-sobre-os-disturbios-metabolicos-neonatais\/","url":"https:\/\/www.grupomedcof.com.br\/blog\/tire-suas-duvidas-sobre-os-disturbios-metabolicos-neonatais\/","name":"Dist\u00farbios Metab\u00f3licos Neonatais: Principais D\u00favidas | Medcof","isPartOf":{"@id":"https:\/\/www.grupomedcof.com.br\/blog\/#website"},"primaryImageOfPage":{"@id":"https:\/\/www.grupomedcof.com.br\/blog\/tire-suas-duvidas-sobre-os-disturbios-metabolicos-neonatais\/#primaryimage"},"image":{"@id":"https:\/\/www.grupomedcof.com.br\/blog\/tire-suas-duvidas-sobre-os-disturbios-metabolicos-neonatais\/#primaryimage"},"thumbnailUrl":"https:\/\/www.grupomedcof.com.br\/blog\/wp-content\/uploads\/2024\/08\/Blog-MedCof-2024-08-27T081718.493.png","datePublished":"2024-08-27T11:19:30+00:00","dateModified":"2026-04-24T20:19:00+00:00","description":"Dist\u00farbios metab\u00f3licos s\u00e3o condi\u00e7\u00f5es que afetam a forma como o corpo processa os alimentos e os transforma em energia. Veja!","breadcrumb":{"@id":"https:\/\/www.grupomedcof.com.br\/blog\/tire-suas-duvidas-sobre-os-disturbios-metabolicos-neonatais\/#breadcrumb"},"inLanguage":"pt-BR","potentialAction":[{"@type":"ReadAction","target":["https:\/\/www.grupomedcof.com.br\/blog\/tire-suas-duvidas-sobre-os-disturbios-metabolicos-neonatais\/"]}]},{"@type":"ImageObject","inLanguage":"pt-BR","@id":"https:\/\/www.grupomedcof.com.br\/blog\/tire-suas-duvidas-sobre-os-disturbios-metabolicos-neonatais\/#primaryimage","url":"https:\/\/www.grupomedcof.com.br\/blog\/wp-content\/uploads\/2024\/08\/Blog-MedCof-2024-08-27T081718.493.png","contentUrl":"https:\/\/www.grupomedcof.com.br\/blog\/wp-content\/uploads\/2024\/08\/Blog-MedCof-2024-08-27T081718.493.png","width":2560,"height":1440},{"@type":"BreadcrumbList","@id":"https:\/\/www.grupomedcof.com.br\/blog\/tire-suas-duvidas-sobre-os-disturbios-metabolicos-neonatais\/#breadcrumb","itemListElement":[{"@type":"ListItem","position":1,"name":"In\u00edcio","item":"https:\/\/www.grupomedcof.com.br\/blog\/"},{"@type":"ListItem","position":2,"name":"Tire suas d\u00favidas sobre os Dist\u00farbios Metab\u00f3licos Neonatais"}]},{"@type":"WebSite","@id":"https:\/\/www.grupomedcof.com.br\/blog\/#website","url":"https:\/\/www.grupomedcof.com.br\/blog\/","name":"Blog de Medcof: conte\u00fados, editais, revalida e mais!","description":"Acesso o blog de MedCof! Seu portal de conte\u00fados sobre resid\u00eancia m\u00e9dica, an\u00e1lise e editais e muito mais. Clique e confira!","publisher":{"@id":"https:\/\/www.grupomedcof.com.br\/blog\/#organization"},"alternateName":"Blog de Medcof: conte\u00fados, editais, revalida e mais!","potentialAction":[{"@type":"SearchAction","target":{"@type":"EntryPoint","urlTemplate":"https:\/\/www.grupomedcof.com.br\/blog\/?s={search_term_string}"},"query-input":{"@type":"PropertyValueSpecification","valueRequired":true,"valueName":"search_term_string"}}],"inLanguage":"pt-BR"},{"@type":"Organization","@id":"https:\/\/www.grupomedcof.com.br\/blog\/#organization","name":"Grupo MedCof","url":"https:\/\/www.grupomedcof.com.br\/blog\/","logo":{"@type":"ImageObject","inLanguage":"pt-BR","@id":"https:\/\/www.grupomedcof.com.br\/blog\/#\/schema\/logo\/image\/","url":"https:\/\/www.grupomedcof.com.br\/blog\/wp-content\/uploads\/2022\/01\/logo-medcof.png","contentUrl":"https:\/\/www.grupomedcof.com.br\/blog\/wp-content\/uploads\/2022\/01\/logo-medcof.png","width":768,"height":269,"caption":"Grupo MedCof"},"image":{"@id":"https:\/\/www.grupomedcof.com.br\/blog\/#\/schema\/logo\/image\/"},"sameAs":["https:\/\/www.facebook.com\/MedCofQbank\/","https:\/\/www.instagram.com\/grupomedcof\/","https:\/\/br.linkedin.com\/company\/medcof","https:\/\/www.youtube.com\/channel\/UCdHMuOHKICxcHwecxN8P-AA"]},{"@type":"Person","@id":"https:\/\/www.grupomedcof.com.br\/blog\/#\/schema\/person\/db19a651f86c5fc202d6eee744fd3292","name":"Kiara Adelino","image":{"@type":"ImageObject","inLanguage":"pt-BR","@id":"https:\/\/www.grupomedcof.com.br\/blog\/wp-content\/uploads\/2024\/08\/cropped-Kiara-Adelino2-96x96.jpega85663bdda67261f8f06f86e555e1e49","url":"https:\/\/www.grupomedcof.com.br\/blog\/wp-content\/uploads\/2024\/08\/cropped-Kiara-Adelino2-96x96.jpeg","contentUrl":"https:\/\/www.grupomedcof.com.br\/blog\/wp-content\/uploads\/2024\/08\/cropped-Kiara-Adelino2-96x96.jpeg","caption":"Kiara Adelino"},"description":"Estudante do 5\u00b0 semestre de Medicina. Gosto bastante de aprender coisas novas, principalmente na \u00e1rea de Neurologia e Anatomia humana.","url":"https:\/\/www.grupomedcof.com.br\/blog\/author\/kiara-adelino\/"}]}},"authors":[{"term_id":3617,"user_id":21,"is_guest":0,"slug":"kiara-adelino","display_name":"Kiara Adelino","avatar_url":"https:\/\/www.grupomedcof.com.br\/blog\/wp-content\/uploads\/2024\/08\/cropped-Kiara-Adelino2-96x96.jpeg","0":null,"1":"","2":"","3":"","4":"","5":"","6":"","7":"","8":""}],"_links":{"self":[{"href":"https:\/\/www.grupomedcof.com.br\/blog\/wp-json\/wp\/v2\/posts\/29189","targetHints":{"allow":["GET"]}}],"collection":[{"href":"https:\/\/www.grupomedcof.com.br\/blog\/wp-json\/wp\/v2\/posts"}],"about":[{"href":"https:\/\/www.grupomedcof.com.br\/blog\/wp-json\/wp\/v2\/types\/post"}],"author":[{"embeddable":true,"href":"https:\/\/www.grupomedcof.com.br\/blog\/wp-json\/wp\/v2\/users\/21"}],"replies":[{"embeddable":true,"href":"https:\/\/www.grupomedcof.com.br\/blog\/wp-json\/wp\/v2\/comments?post=29189"}],"version-history":[{"count":1,"href":"https:\/\/www.grupomedcof.com.br\/blog\/wp-json\/wp\/v2\/posts\/29189\/revisions"}],"predecessor-version":[{"id":43498,"href":"https:\/\/www.grupomedcof.com.br\/blog\/wp-json\/wp\/v2\/posts\/29189\/revisions\/43498"}],"wp:featuredmedia":[{"embeddable":true,"href":"https:\/\/www.grupomedcof.com.br\/blog\/wp-json\/wp\/v2\/media\/29191"}],"wp:attachment":[{"href":"https:\/\/www.grupomedcof.com.br\/blog\/wp-json\/wp\/v2\/media?parent=29189"}],"wp:term":[{"taxonomy":"category","embeddable":true,"href":"https:\/\/www.grupomedcof.com.br\/blog\/wp-json\/wp\/v2\/categories?post=29189"},{"taxonomy":"post_tag","embeddable":true,"href":"https:\/\/www.grupomedcof.com.br\/blog\/wp-json\/wp\/v2\/tags?post=29189"},{"taxonomy":"author","embeddable":true,"href":"https:\/\/www.grupomedcof.com.br\/blog\/wp-json\/wp\/v2\/ppma_author?post=29189"}],"curies":[{"name":"wp","href":"https:\/\/api.w.org\/{rel}","templated":true}]}}