{"id":29221,"date":"2024-08-28T08:31:26","date_gmt":"2024-08-28T11:31:26","guid":{"rendered":"https:\/\/www.grupomedcof.com.br\/blog\/?p=29221"},"modified":"2024-09-09T14:48:46","modified_gmt":"2024-09-09T17:48:46","slug":"entenda-a-diferenca-entre-puberdade-e-adolescencia","status":"publish","type":"post","link":"https:\/\/www.grupomedcof.com.br\/blog\/entenda-a-diferenca-entre-puberdade-e-adolescencia\/","title":{"rendered":"Entenda a diferen\u00e7a entre puberdade e adolesc\u00eancia"},"content":{"rendered":"<div id=\"ez-toc-container\" class=\"ez-toc-v2_0_74 counter-hierarchy ez-toc-counter ez-toc-transparent ez-toc-container-direction\">\n<div class=\"ez-toc-title-container\">\n<p class=\"ez-toc-title\" style=\"cursor:inherit\">Sum\u00e1rio<\/p>\n<span class=\"ez-toc-title-toggle\"><a href=\"#\" class=\"ez-toc-pull-right ez-toc-btn ez-toc-btn-xs ez-toc-btn-default ez-toc-toggle\" aria-label=\"Alternar tabela de conte\u00fado\"><span class=\"ez-toc-js-icon-con\"><span class=\"\"><span class=\"eztoc-hide\" style=\"display:none;\">Toggle<\/span><span class=\"ez-toc-icon-toggle-span\"><svg style=\"fill: #999;color:#999\" xmlns=\"http:\/\/www.w3.org\/2000\/svg\" class=\"list-377408\" width=\"20px\" height=\"20px\" viewBox=\"0 0 24 24\" fill=\"none\"><path d=\"M6 6H4v2h2V6zm14 0H8v2h12V6zM4 11h2v2H4v-2zm16 0H8v2h12v-2zM4 16h2v2H4v-2zm16 0H8v2h12v-2z\" fill=\"currentColor\"><\/path><\/svg><svg style=\"fill: #999;color:#999\" class=\"arrow-unsorted-368013\" xmlns=\"http:\/\/www.w3.org\/2000\/svg\" width=\"10px\" height=\"10px\" viewBox=\"0 0 24 24\" version=\"1.2\" baseProfile=\"tiny\"><path d=\"M18.2 9.3l-6.2-6.3-6.2 6.3c-.2.2-.3.4-.3.7s.1.5.3.7c.2.2.4.3.7.3h11c.3 0 .5-.1.7-.3.2-.2.3-.5.3-.7s-.1-.5-.3-.7zM5.8 14.7l6.2 6.3 6.2-6.3c.2-.2.3-.5.3-.7s-.1-.5-.3-.7c-.2-.2-.4-.3-.7-.3h-11c-.3 0-.5.1-.7.3-.2.2-.3.5-.3.7s.1.5.3.7z\"\/><\/svg><\/span><\/span><\/span><\/a><\/span><\/div>\n<nav><ul class='ez-toc-list ez-toc-list-level-1 ' ><li class='ez-toc-page-1 ez-toc-heading-level-2'><a class=\"ez-toc-link ez-toc-heading-1\" href=\"https:\/\/www.grupomedcof.com.br\/blog\/entenda-a-diferenca-entre-puberdade-e-adolescencia\/#Classificacao\" >Classifica\u00e7\u00e3o<\/a><\/li><li class='ez-toc-page-1 ez-toc-heading-level-2'><a class=\"ez-toc-link ez-toc-heading-2\" href=\"https:\/\/www.grupomedcof.com.br\/blog\/entenda-a-diferenca-entre-puberdade-e-adolescencia\/#Avaliacao_da_puberdade\" >Avalia\u00e7\u00e3o da puberdade<\/a><\/li><li class='ez-toc-page-1 ez-toc-heading-level-2'><a class=\"ez-toc-link ez-toc-heading-3\" href=\"https:\/\/www.grupomedcof.com.br\/blog\/entenda-a-diferenca-entre-puberdade-e-adolescencia\/#Crescimento_durante_a_puberdade\" >Crescimento durante a puberdade<\/a><\/li><li class='ez-toc-page-1 ez-toc-heading-level-2'><a class=\"ez-toc-link ez-toc-heading-4\" href=\"https:\/\/www.grupomedcof.com.br\/blog\/entenda-a-diferenca-entre-puberdade-e-adolescencia\/#O_metodo_que_te_aprova\" >O m\u00e9todo que te aprova!<\/a><\/li><\/ul><\/nav><\/div>\n\n<figure class=\"wp-block-image size-large\"><img loading=\"lazy\" decoding=\"async\" width=\"1024\" height=\"576\" src=\"https:\/\/www.grupomedcof.com.br\/blog\/wp-content\/uploads\/2024\/08\/Blog-MedCof-2024-09-09T144748.528-1024x576.png\" alt=\"\" class=\"wp-image-29631\" srcset=\"https:\/\/www.grupomedcof.com.br\/blog\/wp-content\/uploads\/2024\/08\/Blog-MedCof-2024-09-09T144748.528-1024x576.png 1024w, https:\/\/www.grupomedcof.com.br\/blog\/wp-content\/uploads\/2024\/08\/Blog-MedCof-2024-09-09T144748.528-300x169.png 300w, https:\/\/www.grupomedcof.com.br\/blog\/wp-content\/uploads\/2024\/08\/Blog-MedCof-2024-09-09T144748.528-768x432.png 768w, https:\/\/www.grupomedcof.com.br\/blog\/wp-content\/uploads\/2024\/08\/Blog-MedCof-2024-09-09T144748.528-1536x864.png 1536w, https:\/\/www.grupomedcof.com.br\/blog\/wp-content\/uploads\/2024\/08\/Blog-MedCof-2024-09-09T144748.528-2048x1152.png 2048w, https:\/\/www.grupomedcof.com.br\/blog\/wp-content\/uploads\/2024\/08\/Blog-MedCof-2024-09-09T144748.528-747x420.png 747w, https:\/\/www.grupomedcof.com.br\/blog\/wp-content\/uploads\/2024\/08\/Blog-MedCof-2024-09-09T144748.528-150x84.png 150w, https:\/\/www.grupomedcof.com.br\/blog\/wp-content\/uploads\/2024\/08\/Blog-MedCof-2024-09-09T144748.528-696x392.png 696w, https:\/\/www.grupomedcof.com.br\/blog\/wp-content\/uploads\/2024\/08\/Blog-MedCof-2024-09-09T144748.528-1068x601.png 1068w, https:\/\/www.grupomedcof.com.br\/blog\/wp-content\/uploads\/2024\/08\/Blog-MedCof-2024-09-09T144748.528-1920x1080.png 1920w\" sizes=\"auto, (max-width: 1024px) 100vw, 1024px\" \/><\/figure>\n\n\n\n<p>Adolesc\u00eancia e puberdade s\u00e3o termos frequentemente utilizados como sin\u00f4nimos, mas na realidade, representam <strong>conceitos distintos<\/strong>, embora interligados. A <strong>adolesc\u00eancia <\/strong>\u00e9 um <strong>per\u00edodo mais amplo, compreendido entre os 10 e 20 anos de idade<\/strong>, marcando a transi\u00e7\u00e3o entre a inf\u00e2ncia e a vida adulta. Esta fase \u00e9 caracterizada por profundas modifica\u00e7\u00f5es f\u00edsicas, psicol\u00f3gicas e sociais que moldam o indiv\u00edduo.<\/p>\n\n\n\n<p>Por outro lado, a <strong>puberdade <\/strong>\u00e9 uma<strong> fase espec\u00edfica dentro do conceito de adolesc\u00eancia<\/strong>. Ela representa o <strong>processo biol\u00f3gico de crescimento e desenvolvimento f\u00edsico e psicol\u00f3gico que culmina na maturidade sexual e reprodutiva<\/strong>, al\u00e9m do alcance da estatura final do indiv\u00edduo. Em ess\u00eancia, a puberdade est\u00e1 inserida no contexto mais amplo da adolesc\u00eancia, sendo um componente crucial deste per\u00edodo de transforma\u00e7\u00f5es.<\/p>\n\n\n\n<p>Enquanto a adolesc\u00eancia abrange aspectos sociais e emocionais mais abrangentes, a puberdade foca nas<strong> mudan\u00e7as fisiol\u00f3gicas e anat\u00f4micas<\/strong> que preparam o corpo para a idade adulta. Compreender essa distin\u00e7\u00e3o \u00e9 fundamental para abordar adequadamente as necessidades e desafios espec\u00edficos enfrentados pelos jovens durante esse per\u00edodo de intensas mudan\u00e7as.<\/p>\n\n\n\n<figure class=\"wp-block-image size-large\"><a href=\"https:\/\/www.grupomedcof.com.br\/cofletters\/\"><img loading=\"lazy\" decoding=\"async\" width=\"1024\" height=\"366\" src=\"https:\/\/www.grupomedcof.com.br\/blog\/wp-content\/uploads\/2024\/08\/Capa-Eventos-MedCof-Plus-14-3-1024x366.png\" alt=\"\" class=\"wp-image-28960\" srcset=\"https:\/\/www.grupomedcof.com.br\/blog\/wp-content\/uploads\/2024\/08\/Capa-Eventos-MedCof-Plus-14-3-1024x366.png 1024w, https:\/\/www.grupomedcof.com.br\/blog\/wp-content\/uploads\/2024\/08\/Capa-Eventos-MedCof-Plus-14-3-300x107.png 300w, https:\/\/www.grupomedcof.com.br\/blog\/wp-content\/uploads\/2024\/08\/Capa-Eventos-MedCof-Plus-14-3-768x275.png 768w, https:\/\/www.grupomedcof.com.br\/blog\/wp-content\/uploads\/2024\/08\/Capa-Eventos-MedCof-Plus-14-3-1536x549.png 1536w, https:\/\/www.grupomedcof.com.br\/blog\/wp-content\/uploads\/2024\/08\/Capa-Eventos-MedCof-Plus-14-3-2048x732.png 2048w, https:\/\/www.grupomedcof.com.br\/blog\/wp-content\/uploads\/2024\/08\/Capa-Eventos-MedCof-Plus-14-3-1174x420.png 1174w, https:\/\/www.grupomedcof.com.br\/blog\/wp-content\/uploads\/2024\/08\/Capa-Eventos-MedCof-Plus-14-3-150x54.png 150w, https:\/\/www.grupomedcof.com.br\/blog\/wp-content\/uploads\/2024\/08\/Capa-Eventos-MedCof-Plus-14-3-696x249.png 696w, https:\/\/www.grupomedcof.com.br\/blog\/wp-content\/uploads\/2024\/08\/Capa-Eventos-MedCof-Plus-14-3-1068x382.png 1068w, https:\/\/www.grupomedcof.com.br\/blog\/wp-content\/uploads\/2024\/08\/Capa-Eventos-MedCof-Plus-14-3-1920x687.png 1920w\" sizes=\"auto, (max-width: 1024px) 100vw, 1024px\" \/><\/a><\/figure>\n\n\n\n<h2 class=\"wp-block-heading\" id=\"h-classificacao\"><span class=\"ez-toc-section\" id=\"Classificacao\"><\/span><strong>Classifica\u00e7\u00e3o<\/strong><span class=\"ez-toc-section-end\"><\/span><\/h2>\n\n\n\n<p>De acordo com a literatura Proped\u00eautica M\u00e9dica da Crian\u00e7a ao Idoso, 2\u00aa edi\u00e7\u00e3o, a puberdade pode ser classificada de acordo com o aparecimento dos caracteres sexuais secund\u00e1rios da seguinte maneira:&nbsp;<\/p>\n\n\n\n<p><strong>Puberdade normal (per\u00edodo esperado de in\u00edcio)<\/strong><\/p>\n\n\n\n<ul class=\"wp-block-list\">\n<li>Meninas &#8211; dos 8 aos 13 anos.<\/li>\n\n\n\n<li>Meninos &#8211; dos 9 aos 14 anos.<\/li>\n<\/ul>\n\n\n\n<p><strong>Puberdade precoce<\/strong>: aparecimento de qualquer caracter\u00edstica sexual secund\u00e1ria nas seguintes idades:<\/p>\n\n\n\n<ul class=\"wp-block-list\">\n<li>Meninas menores que 8 anos.<\/li>\n\n\n\n<li>Meninos menores que 9 anos.<\/li>\n<\/ul>\n\n\n\n<p><strong>Puberdade tardia<\/strong>: aus\u00eancia de mamas em meninas e aus\u00eancia de aumento testicular em meninos nas seguintes idades:<\/p>\n\n\n\n<ul class=\"wp-block-list\">\n<li>Meninas maiores que 13 anos.<\/li>\n\n\n\n<li>Meninos maiores que 14 anos<\/li>\n<\/ul>\n\n\n\n<h2 class=\"wp-block-heading\" id=\"h-avaliacao-da-puberdade\"><span class=\"ez-toc-section\" id=\"Avaliacao_da_puberdade\"><\/span><strong>Avalia\u00e7\u00e3o da puberdade<\/strong><span class=\"ez-toc-section-end\"><\/span><\/h2>\n\n\n\n<p><strong>Est\u00e1gios de crescimento puberal de Tanner<\/strong><\/p>\n\n\n\n<p>Os est\u00e1gios de crescimento puberal de Tanner, tamb\u00e9m conhecidos como <strong>Escala de Tanner<\/strong>, s\u00e3o uma classifica\u00e7\u00e3o do desenvolvimento f\u00edsico. Essa escala \u00e9 utilizada para avaliar o progresso da puberdade, dividindo o desenvolvimento em est\u00e1gios espec\u00edficos\u2060.<\/p>\n\n\n\n<p>A escala de Tanner avalia, principalmente, dois aspectos do desenvolvimento f\u00edsico:<\/p>\n\n\n\n<ul class=\"wp-block-list\">\n<li><strong>Crescimento dos pelos pubianos em ambos os sexos;<\/strong><\/li>\n\n\n\n<li><strong>Desenvolvimento das mamas nas meninas e dos genitais nos meninos.<\/strong><\/li>\n<\/ul>\n\n\n\n<p>Geralmente, a escala \u00e9 dividida em <strong>cinco est\u00e1gios<\/strong>, indo do<strong> est\u00e1gio 1 (pr\u00e9-puberdade) ao est\u00e1gio 5 (maturidade f\u00edsica completa)<\/strong>. Cada est\u00e1gio representa marcos espec\u00edficos no desenvolvimento f\u00edsico durante a puberdade.<\/p>\n\n\n\n<p>\u00c9 importante notar que a Escala de Tanner \u00e9 uma ferramenta \u00fatil para profissionais de sa\u00fade avaliarem o desenvolvimento puberal normal e identificarem poss\u00edveis desvios desse padr\u00e3o.<\/p>\n\n\n\n<p><strong>Avalia\u00e7\u00f5es das mama (M):<\/strong><\/p>\n\n\n\n<ul class=\"wp-block-list\">\n<li><strong>M1<\/strong>: mama imp\u00fabere;<\/li>\n\n\n\n<li><strong>M2<\/strong>: broto mam\u00e1rio;<\/li>\n\n\n\n<li><strong>M3<\/strong>: tecido mam\u00e1rio ao redor de ar\u00e9ola;<\/li>\n\n\n\n<li><strong>M4<\/strong>: sinal de duplo contorno, em perfil. Demonstra um destaque da ar\u00e9ola em rela\u00e7\u00e3o ao restante da mama;<\/li>\n\n\n\n<li><strong>M5<\/strong>: mama adulta.<\/li>\n<\/ul>\n\n\n\n<p><strong>Marcos puberais importantes nas meninas<\/strong><\/p>\n\n\n\n<ul class=\"wp-block-list\">\n<li>1\u00ba &#8211; <strong>Telarca <\/strong>(M2) = broto mam\u00e1rio;<\/li>\n\n\n\n<li>2\u00ba &#8211; <strong>Pubarca <\/strong>(vari\u00e1vel) \u2013 evento independente da puberdade;<\/li>\n\n\n\n<li>3\u00ba &#8211; <strong>Estir\u00e3o <\/strong>(M3): velocidade de crescimento de 8-12 cm\/ano;<\/li>\n\n\n\n<li>4\u00ba &#8211; <strong>Menarca <\/strong>(M4): em geral, o tempo entre a telarca e a menarca \u00e9 de 2 &#8211; 2,5 anos.<\/li>\n<\/ul>\n\n\n\n<p><strong>Avalia\u00e7\u00e3o dos pelos (P):&nbsp;<\/strong><\/p>\n\n\n\n<ul class=\"wp-block-list\">\n<li><strong>P1<\/strong>: sem pilifica\u00e7\u00e3o;<\/li>\n\n\n\n<li><strong>P2<\/strong>: pilifica\u00e7\u00e3o esparsa, fina;<\/li>\n\n\n\n<li><strong>P3<\/strong>: pelo demonstra ganho espessura, adquire car\u00e1ter encaracolado;<\/li>\n\n\n\n<li><strong>P4<\/strong>: pilifica\u00e7\u00e3o alcan\u00e7a as \u00e1reas maiores;<\/li>\n\n\n\n<li><strong>P5<\/strong>: padr\u00e3o adulto de pilifica\u00e7\u00e3o;\n<ul class=\"wp-block-list\">\n<li>Nas mulheres, surge o \u201ctri\u00e2ngulo invertido\u201d;<\/li>\n\n\n\n<li>Nos homens, a pilifica\u00e7\u00e3o atinge toda a \u00e1rea p\u00fabica.<\/li>\n<\/ul>\n<\/li>\n<\/ul>\n\n\n\n<p><strong>Genital (G): para meninos<\/strong><\/p>\n\n\n\n<ul class=\"wp-block-list\">\n<li><strong>G1<\/strong>: volume testicular de apar\u00eancia infantil, sem est\u00edmulo hormonal;<\/li>\n\n\n\n<li><strong>G2<\/strong>: aumento do volume testicular (&gt; 4 mL) \u2013 avaliado pelo orquid\u00f4metro;<\/li>\n\n\n\n<li><strong>G3<\/strong>: crescimento do p\u00eanis, em comprimento;<\/li>\n\n\n\n<li><strong>G4<\/strong>: crescimento do p\u00eanis, em espessura, bem como demarca\u00e7\u00e3o da glande;<\/li>\n\n\n\n<li><strong>G5<\/strong>: genit\u00e1lia adulta.<\/li>\n<\/ul>\n\n\n\n<p><strong>Eventos puberais importantes nos meninos:<\/strong><\/p>\n\n\n\n<ul class=\"wp-block-list\">\n<li>1\u00ba &#8211; <strong>Gonadarca <\/strong>\u2013 test\u00edculo \u2265 4 mL (G2);<\/li>\n\n\n\n<li>2\u00ba <strong>&#8211; Crescimento do p\u00eanis e pubarca<\/strong>;<\/li>\n\n\n\n<li>3\u00ba &#8211; <strong>Estir\u00e3o<\/strong>: velocidade de crescimento 10 &#8211; 14 cm\/ano (G4);<\/li>\n\n\n\n<li>4\u00ba &#8211;<strong> P\u00ealos faciais e voz adulta<\/strong> (G4-5).<\/li>\n<\/ul>\n\n\n\n<h2 class=\"wp-block-heading\" id=\"h-crescimento-durante-a-puberdade\"><span class=\"ez-toc-section\" id=\"Crescimento_durante_a_puberdade\"><\/span><strong>Crescimento durante a puberdade<\/strong><span class=\"ez-toc-section-end\"><\/span><\/h2>\n\n\n\n<figure class=\"wp-block-image\"><img decoding=\"async\" src=\"https:\/\/lh7-rt.googleusercontent.com\/docsz\/AD_4nXdHhSba_zbOfsjnammlYhV1NAAGxRBpTOEwMBjbglUkYYau9FVLvenUZoomXsnWxZrDs4M6peerN3C9ueQgZXuzM_EXhKgyDjwgBCiiiBLb_QcZ1Y4v89glogIMl6nFkNlaTT4ElhK65dOh3N1bkZpq8S4?key=nbE3NW1oaUos4GtXHHAEDw\" alt=\"\"\/><\/figure>\n\n\n\n<p>O crescimento durante a puberdade apresenta caracter\u00edsticas distintas entre meninas e meninos.&nbsp;<\/p>\n\n\n\n<p>Nas meninas, a velocidade de crescimento (VC) come\u00e7a a acelerar no est\u00e1gio M2 de Tanner, atingindo seu pico no est\u00e1gio M3. \u00c9 interessante notar que, quando ocorre a menarca, o crescimento j\u00e1 est\u00e1 em fase de desacelera\u00e7\u00e3o. Este padr\u00e3o de crescimento nas meninas \u00e9 caracterizado por uma acelera\u00e7\u00e3o mais precoce, por\u00e9m menos intensa, resultando em uma estatura final geralmente menor em compara\u00e7\u00e3o aos meninos.<\/p>\n\n\n\n<p>Por outro lado, os meninos apresentam um padr\u00e3o de crescimento diferente. A velocidade de crescimento nos meninos come\u00e7a a acelerar no est\u00e1gio G3 de Tanner, atingindo seu pico no est\u00e1gio G4. O crescimento come\u00e7a a desacelerar quando a voz atinge seu tom adulto. Em contraste com as meninas, os meninos experimentam um pico de crescimento mais tardio e mais intenso, o que contribui para uma estatura final geralmente maior.<\/p>\n\n\n\n<p>Essas diferen\u00e7as nos padr\u00f5es de crescimento entre meninas e meninos durante a puberdade s\u00e3o fundamentais para entender o desenvolvimento f\u00edsico na adolesc\u00eancia e podem ter implica\u00e7\u00f5es importantes para o acompanhamento do crescimento e desenvolvimento em contextos cl\u00ednicos e educacionais.<\/p>\n\n\n\n<h2 class=\"wp-block-heading\" id=\"o-m\u00e9todo-que-te-aprova\"><span class=\"ez-toc-section\" id=\"O_metodo_que_te_aprova\"><\/span><strong>O m\u00e9todo que te aprova!<\/strong><span class=\"ez-toc-section-end\"><\/span><\/h2>\n\n\n\n<p>Quer alcan\u00e7ar a aprova\u00e7\u00e3o nas provas de resid\u00eancia m\u00e9dica? Ent\u00e3o seja um&nbsp;<a href=\"https:\/\/www.grupomedcof.com.br\/home\/\" target=\"_blank\" rel=\"noreferrer noopener\">MedCoffer<\/a>! Aqui te ajudaremos na busca da aprova\u00e7\u00e3o com conte\u00fados de qualidade e uma&nbsp;<a href=\"https:\/\/www.grupomedcof.com.br\/blog\/presenca-da-medcof-nas-aprovacoes-em-residencia-medica-no-brasil\/\" target=\"_blank\" rel=\"noreferrer noopener\">metodologia que j\u00e1 aprovou mais de 10 mil residentes no pa\u00eds!&nbsp;<\/a>Por fim, acesse o nosso<a href=\"https:\/\/www.youtube.com\/@GrupoMedcof\/featured\" target=\"_blank\" rel=\"noreferrer noopener\">&nbsp;<strong>canal do youtube&nbsp;<\/strong><\/a>para ver o nosso material.<\/p>\n\n\n\n<figure class=\"wp-block-embed is-type-video is-provider-youtube wp-block-embed-youtube wp-embed-aspect-16-9 wp-has-aspect-ratio\"><div class=\"wp-block-embed__wrapper\">\n<div class=\"youtube-embed\" data-video_id=\"9X4kYBAvx4o\"><iframe loading=\"lazy\" title=\"Puericultura: Tudo sobre Puberdade Precoce e Tardia. Com Dra. Mariana Solla\" width=\"696\" height=\"392\" src=\"https:\/\/www.youtube.com\/embed\/9X4kYBAvx4o?feature=oembed&#038;enablejsapi=1\" frameborder=\"0\" allow=\"accelerometer; autoplay; clipboard-write; encrypted-media; gyroscope; picture-in-picture; web-share\" referrerpolicy=\"strict-origin-when-cross-origin\" allowfullscreen><\/iframe><\/div>\n<\/div><\/figure>\n","protected":false},"excerpt":{"rendered":"<p>Adolesc\u00eancia e puberdade s\u00e3o termos frequentemente utilizados como sin\u00f4nimos, mas na realidade, representam conceitos distintos. Veja!<\/p>\n","protected":false},"author":24,"featured_media":29631,"comment_status":"open","ping_status":"open","sticky":false,"template":"","format":"standard","meta":{"footnotes":""},"categories":[120],"tags":[1911,1452,117,1553,68],"ppma_author":[3622],"class_list":{"0":"post-29221","1":"post","2":"type-post","3":"status-publish","4":"format-standard","5":"has-post-thumbnail","7":"category-pediatria","8":"tag-adolescencia","9":"tag-provas","10":"tag-provas-de-residencia","11":"tag-puberdade","12":"tag-residencia-medica"},"yoast_head":"<!-- This site is optimized with the Yoast SEO Premium plugin v24.3 (Yoast SEO v27.4) - https:\/\/yoast.com\/product\/yoast-seo-premium-wordpress\/ -->\n<title>Entenda a diferen\u00e7a entre puberdade e adolesc\u00eancia - Blog de Medcof: conte\u00fados, editais, revalida e mais!<\/title>\n<meta name=\"description\" content=\"Adolesc\u00eancia e puberdade s\u00e3o termos frequentemente utilizados como sin\u00f4nimos, mas na realidade, representam conceitos distintos. Veja!\" \/>\n<meta name=\"robots\" content=\"index, follow, max-snippet:-1, max-image-preview:large, max-video-preview:-1\" \/>\n<link rel=\"canonical\" href=\"https:\/\/www.grupomedcof.com.br\/blog\/entenda-a-diferenca-entre-puberdade-e-adolescencia\/\" \/>\n<meta property=\"og:locale\" content=\"pt_BR\" \/>\n<meta property=\"og:type\" content=\"article\" \/>\n<meta property=\"og:title\" content=\"Entenda a diferen\u00e7a entre puberdade e adolesc\u00eancia\" \/>\n<meta property=\"og:description\" content=\"Adolesc\u00eancia e puberdade s\u00e3o termos frequentemente utilizados como sin\u00f4nimos, mas na realidade, representam conceitos distintos. Veja!\" \/>\n<meta property=\"og:url\" content=\"https:\/\/www.grupomedcof.com.br\/blog\/entenda-a-diferenca-entre-puberdade-e-adolescencia\/\" \/>\n<meta property=\"og:site_name\" content=\"Blog de Medcof: conte\u00fados, editais, revalida e mais!\" \/>\n<meta property=\"article:publisher\" content=\"https:\/\/www.facebook.com\/MedCofQbank\/\" \/>\n<meta property=\"article:published_time\" content=\"2024-08-28T11:31:26+00:00\" \/>\n<meta property=\"article:modified_time\" content=\"2024-09-09T17:48:46+00:00\" \/>\n<meta property=\"og:image\" content=\"https:\/\/www.grupomedcof.com.br\/blog\/wp-content\/uploads\/2024\/08\/Blog-MedCof-2024-09-09T144748.528-1024x576.png\" \/>\n\t<meta property=\"og:image:width\" content=\"1024\" \/>\n\t<meta property=\"og:image:height\" content=\"576\" \/>\n\t<meta property=\"og:image:type\" content=\"image\/png\" \/>\n<meta name=\"author\" content=\"Giulia Gallucci\" \/>\n<meta name=\"twitter:card\" content=\"summary_large_image\" \/>\n<meta name=\"twitter:label1\" content=\"Escrito por\" \/>\n\t<meta name=\"twitter:data1\" content=\"Giulia Gallucci\" \/>\n\t<meta name=\"twitter:label2\" content=\"Est. tempo de leitura\" \/>\n\t<meta name=\"twitter:data2\" content=\"6 minutos\" \/>\n<script type=\"application\/ld+json\" class=\"yoast-schema-graph\">{\"@context\":\"https:\\\/\\\/schema.org\",\"@graph\":[{\"@type\":\"Article\",\"@id\":\"https:\\\/\\\/www.grupomedcof.com.br\\\/blog\\\/entenda-a-diferenca-entre-puberdade-e-adolescencia\\\/#article\",\"isPartOf\":{\"@id\":\"https:\\\/\\\/www.grupomedcof.com.br\\\/blog\\\/entenda-a-diferenca-entre-puberdade-e-adolescencia\\\/\"},\"author\":{\"name\":\"Giulia Gallucci\",\"@id\":\"https:\\\/\\\/www.grupomedcof.com.br\\\/blog\\\/#\\\/schema\\\/person\\\/cbd624fbb1ebcd60fd4136808a39233c\"},\"headline\":\"Entenda a diferen\u00e7a entre puberdade e adolesc\u00eancia\",\"datePublished\":\"2024-08-28T11:31:26+00:00\",\"dateModified\":\"2024-09-09T17:48:46+00:00\",\"mainEntityOfPage\":{\"@id\":\"https:\\\/\\\/www.grupomedcof.com.br\\\/blog\\\/entenda-a-diferenca-entre-puberdade-e-adolescencia\\\/\"},\"wordCount\":968,\"commentCount\":0,\"publisher\":{\"@id\":\"https:\\\/\\\/www.grupomedcof.com.br\\\/blog\\\/#organization\"},\"image\":{\"@id\":\"https:\\\/\\\/www.grupomedcof.com.br\\\/blog\\\/entenda-a-diferenca-entre-puberdade-e-adolescencia\\\/#primaryimage\"},\"thumbnailUrl\":\"https:\\\/\\\/www.grupomedcof.com.br\\\/blog\\\/wp-content\\\/uploads\\\/2024\\\/08\\\/Blog-MedCof-2024-09-09T144748.528.png\",\"keywords\":[\"Adolesc\u00eancia\",\"Provas\",\"Provas de Resid\u00eancia\",\"Puberdade\",\"Resid\u00eancia M\u00e9dica\"],\"articleSection\":[\"Pediatria\"],\"inLanguage\":\"pt-BR\"},{\"@type\":\"WebPage\",\"@id\":\"https:\\\/\\\/www.grupomedcof.com.br\\\/blog\\\/entenda-a-diferenca-entre-puberdade-e-adolescencia\\\/\",\"url\":\"https:\\\/\\\/www.grupomedcof.com.br\\\/blog\\\/entenda-a-diferenca-entre-puberdade-e-adolescencia\\\/\",\"name\":\"Entenda a diferen\u00e7a entre puberdade e adolesc\u00eancia - Blog de Medcof: conte\u00fados, editais, revalida e mais!\",\"isPartOf\":{\"@id\":\"https:\\\/\\\/www.grupomedcof.com.br\\\/blog\\\/#website\"},\"primaryImageOfPage\":{\"@id\":\"https:\\\/\\\/www.grupomedcof.com.br\\\/blog\\\/entenda-a-diferenca-entre-puberdade-e-adolescencia\\\/#primaryimage\"},\"image\":{\"@id\":\"https:\\\/\\\/www.grupomedcof.com.br\\\/blog\\\/entenda-a-diferenca-entre-puberdade-e-adolescencia\\\/#primaryimage\"},\"thumbnailUrl\":\"https:\\\/\\\/www.grupomedcof.com.br\\\/blog\\\/wp-content\\\/uploads\\\/2024\\\/08\\\/Blog-MedCof-2024-09-09T144748.528.png\",\"datePublished\":\"2024-08-28T11:31:26+00:00\",\"dateModified\":\"2024-09-09T17:48:46+00:00\",\"description\":\"Adolesc\u00eancia e puberdade s\u00e3o termos frequentemente utilizados como sin\u00f4nimos, mas na realidade, representam conceitos distintos. Veja!\",\"breadcrumb\":{\"@id\":\"https:\\\/\\\/www.grupomedcof.com.br\\\/blog\\\/entenda-a-diferenca-entre-puberdade-e-adolescencia\\\/#breadcrumb\"},\"inLanguage\":\"pt-BR\",\"potentialAction\":[{\"@type\":\"ReadAction\",\"target\":[\"https:\\\/\\\/www.grupomedcof.com.br\\\/blog\\\/entenda-a-diferenca-entre-puberdade-e-adolescencia\\\/\"]}]},{\"@type\":\"ImageObject\",\"inLanguage\":\"pt-BR\",\"@id\":\"https:\\\/\\\/www.grupomedcof.com.br\\\/blog\\\/entenda-a-diferenca-entre-puberdade-e-adolescencia\\\/#primaryimage\",\"url\":\"https:\\\/\\\/www.grupomedcof.com.br\\\/blog\\\/wp-content\\\/uploads\\\/2024\\\/08\\\/Blog-MedCof-2024-09-09T144748.528.png\",\"contentUrl\":\"https:\\\/\\\/www.grupomedcof.com.br\\\/blog\\\/wp-content\\\/uploads\\\/2024\\\/08\\\/Blog-MedCof-2024-09-09T144748.528.png\",\"width\":2560,\"height\":1440},{\"@type\":\"BreadcrumbList\",\"@id\":\"https:\\\/\\\/www.grupomedcof.com.br\\\/blog\\\/entenda-a-diferenca-entre-puberdade-e-adolescencia\\\/#breadcrumb\",\"itemListElement\":[{\"@type\":\"ListItem\",\"position\":1,\"name\":\"In\u00edcio\",\"item\":\"https:\\\/\\\/www.grupomedcof.com.br\\\/blog\\\/\"},{\"@type\":\"ListItem\",\"position\":2,\"name\":\"Entenda a diferen\u00e7a entre puberdade e adolesc\u00eancia\"}]},{\"@type\":\"WebSite\",\"@id\":\"https:\\\/\\\/www.grupomedcof.com.br\\\/blog\\\/#website\",\"url\":\"https:\\\/\\\/www.grupomedcof.com.br\\\/blog\\\/\",\"name\":\"Blog de Medcof: conte\u00fados, editais, revalida e mais!\",\"description\":\"Acesso o blog de MedCof! Seu portal de conte\u00fados sobre resid\u00eancia m\u00e9dica, an\u00e1lise e editais e muito mais. Clique e confira!\",\"publisher\":{\"@id\":\"https:\\\/\\\/www.grupomedcof.com.br\\\/blog\\\/#organization\"},\"alternateName\":\"Blog de Medcof: conte\u00fados, editais, revalida e mais!\",\"potentialAction\":[{\"@type\":\"SearchAction\",\"target\":{\"@type\":\"EntryPoint\",\"urlTemplate\":\"https:\\\/\\\/www.grupomedcof.com.br\\\/blog\\\/?s={search_term_string}\"},\"query-input\":{\"@type\":\"PropertyValueSpecification\",\"valueRequired\":true,\"valueName\":\"search_term_string\"}}],\"inLanguage\":\"pt-BR\"},{\"@type\":\"Organization\",\"@id\":\"https:\\\/\\\/www.grupomedcof.com.br\\\/blog\\\/#organization\",\"name\":\"Grupo MedCof\",\"url\":\"https:\\\/\\\/www.grupomedcof.com.br\\\/blog\\\/\",\"logo\":{\"@type\":\"ImageObject\",\"inLanguage\":\"pt-BR\",\"@id\":\"https:\\\/\\\/www.grupomedcof.com.br\\\/blog\\\/#\\\/schema\\\/logo\\\/image\\\/\",\"url\":\"https:\\\/\\\/www.grupomedcof.com.br\\\/blog\\\/wp-content\\\/uploads\\\/2022\\\/01\\\/logo-medcof.png\",\"contentUrl\":\"https:\\\/\\\/www.grupomedcof.com.br\\\/blog\\\/wp-content\\\/uploads\\\/2022\\\/01\\\/logo-medcof.png\",\"width\":768,\"height\":269,\"caption\":\"Grupo MedCof\"},\"image\":{\"@id\":\"https:\\\/\\\/www.grupomedcof.com.br\\\/blog\\\/#\\\/schema\\\/logo\\\/image\\\/\"},\"sameAs\":[\"https:\\\/\\\/www.facebook.com\\\/MedCofQbank\\\/\",\"https:\\\/\\\/www.instagram.com\\\/grupomedcof\\\/\",\"https:\\\/\\\/br.linkedin.com\\\/company\\\/medcof\",\"https:\\\/\\\/www.youtube.com\\\/channel\\\/UCdHMuOHKICxcHwecxN8P-AA\"]},{\"@type\":\"Person\",\"@id\":\"https:\\\/\\\/www.grupomedcof.com.br\\\/blog\\\/#\\\/schema\\\/person\\\/cbd624fbb1ebcd60fd4136808a39233c\",\"name\":\"Giulia Gallucci\",\"image\":{\"@type\":\"ImageObject\",\"inLanguage\":\"pt-BR\",\"@id\":\"https:\\\/\\\/www.grupomedcof.com.br\\\/blog\\\/wp-content\\\/uploads\\\/2024\\\/08\\\/cropped-WhatsApp-Image-2024-08-08-at-17.32.39-96x96.jpegfde277ec50b1253fb8a587ae1110f977\",\"url\":\"https:\\\/\\\/www.grupomedcof.com.br\\\/blog\\\/wp-content\\\/uploads\\\/2024\\\/08\\\/cropped-WhatsApp-Image-2024-08-08-at-17.32.39-96x96.jpeg\",\"contentUrl\":\"https:\\\/\\\/www.grupomedcof.com.br\\\/blog\\\/wp-content\\\/uploads\\\/2024\\\/08\\\/cropped-WhatsApp-Image-2024-08-08-at-17.32.39-96x96.jpeg\",\"caption\":\"Giulia Gallucci\"},\"description\":\"Estudante de Medicina. Entusiasta da organiza\u00e7\u00e3o e da atividade fisica.\",\"url\":\"https:\\\/\\\/www.grupomedcof.com.br\\\/blog\\\/author\\\/giulia\\\/\"}]}<\/script>\n<!-- \/ Yoast SEO Premium plugin. -->","yoast_head_json":{"title":"Entenda a diferen\u00e7a entre puberdade e adolesc\u00eancia - Blog de Medcof: conte\u00fados, editais, revalida e mais!","description":"Adolesc\u00eancia e puberdade s\u00e3o termos frequentemente utilizados como sin\u00f4nimos, mas na realidade, representam conceitos distintos. Veja!","robots":{"index":"index","follow":"follow","max-snippet":"max-snippet:-1","max-image-preview":"max-image-preview:large","max-video-preview":"max-video-preview:-1"},"canonical":"https:\/\/www.grupomedcof.com.br\/blog\/entenda-a-diferenca-entre-puberdade-e-adolescencia\/","og_locale":"pt_BR","og_type":"article","og_title":"Entenda a diferen\u00e7a entre puberdade e adolesc\u00eancia","og_description":"Adolesc\u00eancia e puberdade s\u00e3o termos frequentemente utilizados como sin\u00f4nimos, mas na realidade, representam conceitos distintos. Veja!","og_url":"https:\/\/www.grupomedcof.com.br\/blog\/entenda-a-diferenca-entre-puberdade-e-adolescencia\/","og_site_name":"Blog de Medcof: conte\u00fados, editais, revalida e mais!","article_publisher":"https:\/\/www.facebook.com\/MedCofQbank\/","article_published_time":"2024-08-28T11:31:26+00:00","article_modified_time":"2024-09-09T17:48:46+00:00","og_image":[{"width":1024,"height":576,"url":"https:\/\/www.grupomedcof.com.br\/blog\/wp-content\/uploads\/2024\/08\/Blog-MedCof-2024-09-09T144748.528-1024x576.png","type":"image\/png"}],"author":"Giulia Gallucci","twitter_card":"summary_large_image","twitter_misc":{"Escrito por":"Giulia Gallucci","Est. tempo de leitura":"6 minutos"},"schema":{"@context":"https:\/\/schema.org","@graph":[{"@type":"Article","@id":"https:\/\/www.grupomedcof.com.br\/blog\/entenda-a-diferenca-entre-puberdade-e-adolescencia\/#article","isPartOf":{"@id":"https:\/\/www.grupomedcof.com.br\/blog\/entenda-a-diferenca-entre-puberdade-e-adolescencia\/"},"author":{"name":"Giulia Gallucci","@id":"https:\/\/www.grupomedcof.com.br\/blog\/#\/schema\/person\/cbd624fbb1ebcd60fd4136808a39233c"},"headline":"Entenda a diferen\u00e7a entre puberdade e adolesc\u00eancia","datePublished":"2024-08-28T11:31:26+00:00","dateModified":"2024-09-09T17:48:46+00:00","mainEntityOfPage":{"@id":"https:\/\/www.grupomedcof.com.br\/blog\/entenda-a-diferenca-entre-puberdade-e-adolescencia\/"},"wordCount":968,"commentCount":0,"publisher":{"@id":"https:\/\/www.grupomedcof.com.br\/blog\/#organization"},"image":{"@id":"https:\/\/www.grupomedcof.com.br\/blog\/entenda-a-diferenca-entre-puberdade-e-adolescencia\/#primaryimage"},"thumbnailUrl":"https:\/\/www.grupomedcof.com.br\/blog\/wp-content\/uploads\/2024\/08\/Blog-MedCof-2024-09-09T144748.528.png","keywords":["Adolesc\u00eancia","Provas","Provas de Resid\u00eancia","Puberdade","Resid\u00eancia M\u00e9dica"],"articleSection":["Pediatria"],"inLanguage":"pt-BR"},{"@type":"WebPage","@id":"https:\/\/www.grupomedcof.com.br\/blog\/entenda-a-diferenca-entre-puberdade-e-adolescencia\/","url":"https:\/\/www.grupomedcof.com.br\/blog\/entenda-a-diferenca-entre-puberdade-e-adolescencia\/","name":"Entenda a diferen\u00e7a entre puberdade e adolesc\u00eancia - Blog de Medcof: conte\u00fados, editais, revalida e mais!","isPartOf":{"@id":"https:\/\/www.grupomedcof.com.br\/blog\/#website"},"primaryImageOfPage":{"@id":"https:\/\/www.grupomedcof.com.br\/blog\/entenda-a-diferenca-entre-puberdade-e-adolescencia\/#primaryimage"},"image":{"@id":"https:\/\/www.grupomedcof.com.br\/blog\/entenda-a-diferenca-entre-puberdade-e-adolescencia\/#primaryimage"},"thumbnailUrl":"https:\/\/www.grupomedcof.com.br\/blog\/wp-content\/uploads\/2024\/08\/Blog-MedCof-2024-09-09T144748.528.png","datePublished":"2024-08-28T11:31:26+00:00","dateModified":"2024-09-09T17:48:46+00:00","description":"Adolesc\u00eancia e puberdade s\u00e3o termos frequentemente utilizados como sin\u00f4nimos, mas na realidade, representam conceitos distintos. Veja!","breadcrumb":{"@id":"https:\/\/www.grupomedcof.com.br\/blog\/entenda-a-diferenca-entre-puberdade-e-adolescencia\/#breadcrumb"},"inLanguage":"pt-BR","potentialAction":[{"@type":"ReadAction","target":["https:\/\/www.grupomedcof.com.br\/blog\/entenda-a-diferenca-entre-puberdade-e-adolescencia\/"]}]},{"@type":"ImageObject","inLanguage":"pt-BR","@id":"https:\/\/www.grupomedcof.com.br\/blog\/entenda-a-diferenca-entre-puberdade-e-adolescencia\/#primaryimage","url":"https:\/\/www.grupomedcof.com.br\/blog\/wp-content\/uploads\/2024\/08\/Blog-MedCof-2024-09-09T144748.528.png","contentUrl":"https:\/\/www.grupomedcof.com.br\/blog\/wp-content\/uploads\/2024\/08\/Blog-MedCof-2024-09-09T144748.528.png","width":2560,"height":1440},{"@type":"BreadcrumbList","@id":"https:\/\/www.grupomedcof.com.br\/blog\/entenda-a-diferenca-entre-puberdade-e-adolescencia\/#breadcrumb","itemListElement":[{"@type":"ListItem","position":1,"name":"In\u00edcio","item":"https:\/\/www.grupomedcof.com.br\/blog\/"},{"@type":"ListItem","position":2,"name":"Entenda a diferen\u00e7a entre puberdade e adolesc\u00eancia"}]},{"@type":"WebSite","@id":"https:\/\/www.grupomedcof.com.br\/blog\/#website","url":"https:\/\/www.grupomedcof.com.br\/blog\/","name":"Blog de Medcof: conte\u00fados, editais, revalida e mais!","description":"Acesso o blog de MedCof! Seu portal de conte\u00fados sobre resid\u00eancia m\u00e9dica, an\u00e1lise e editais e muito mais. Clique e confira!","publisher":{"@id":"https:\/\/www.grupomedcof.com.br\/blog\/#organization"},"alternateName":"Blog de Medcof: conte\u00fados, editais, revalida e mais!","potentialAction":[{"@type":"SearchAction","target":{"@type":"EntryPoint","urlTemplate":"https:\/\/www.grupomedcof.com.br\/blog\/?s={search_term_string}"},"query-input":{"@type":"PropertyValueSpecification","valueRequired":true,"valueName":"search_term_string"}}],"inLanguage":"pt-BR"},{"@type":"Organization","@id":"https:\/\/www.grupomedcof.com.br\/blog\/#organization","name":"Grupo MedCof","url":"https:\/\/www.grupomedcof.com.br\/blog\/","logo":{"@type":"ImageObject","inLanguage":"pt-BR","@id":"https:\/\/www.grupomedcof.com.br\/blog\/#\/schema\/logo\/image\/","url":"https:\/\/www.grupomedcof.com.br\/blog\/wp-content\/uploads\/2022\/01\/logo-medcof.png","contentUrl":"https:\/\/www.grupomedcof.com.br\/blog\/wp-content\/uploads\/2022\/01\/logo-medcof.png","width":768,"height":269,"caption":"Grupo MedCof"},"image":{"@id":"https:\/\/www.grupomedcof.com.br\/blog\/#\/schema\/logo\/image\/"},"sameAs":["https:\/\/www.facebook.com\/MedCofQbank\/","https:\/\/www.instagram.com\/grupomedcof\/","https:\/\/br.linkedin.com\/company\/medcof","https:\/\/www.youtube.com\/channel\/UCdHMuOHKICxcHwecxN8P-AA"]},{"@type":"Person","@id":"https:\/\/www.grupomedcof.com.br\/blog\/#\/schema\/person\/cbd624fbb1ebcd60fd4136808a39233c","name":"Giulia Gallucci","image":{"@type":"ImageObject","inLanguage":"pt-BR","@id":"https:\/\/www.grupomedcof.com.br\/blog\/wp-content\/uploads\/2024\/08\/cropped-WhatsApp-Image-2024-08-08-at-17.32.39-96x96.jpegfde277ec50b1253fb8a587ae1110f977","url":"https:\/\/www.grupomedcof.com.br\/blog\/wp-content\/uploads\/2024\/08\/cropped-WhatsApp-Image-2024-08-08-at-17.32.39-96x96.jpeg","contentUrl":"https:\/\/www.grupomedcof.com.br\/blog\/wp-content\/uploads\/2024\/08\/cropped-WhatsApp-Image-2024-08-08-at-17.32.39-96x96.jpeg","caption":"Giulia Gallucci"},"description":"Estudante de Medicina. Entusiasta da organiza\u00e7\u00e3o e da atividade fisica.","url":"https:\/\/www.grupomedcof.com.br\/blog\/author\/giulia\/"}]}},"authors":[{"term_id":3622,"user_id":24,"is_guest":0,"slug":"giulia","display_name":"Giulia Gallucci","avatar_url":"https:\/\/www.grupomedcof.com.br\/blog\/wp-content\/uploads\/2024\/08\/cropped-WhatsApp-Image-2024-08-08-at-17.32.39-96x96.jpeg","0":null,"1":"","2":"","3":"","4":"","5":"","6":"","7":"","8":""}],"_links":{"self":[{"href":"https:\/\/www.grupomedcof.com.br\/blog\/wp-json\/wp\/v2\/posts\/29221","targetHints":{"allow":["GET"]}}],"collection":[{"href":"https:\/\/www.grupomedcof.com.br\/blog\/wp-json\/wp\/v2\/posts"}],"about":[{"href":"https:\/\/www.grupomedcof.com.br\/blog\/wp-json\/wp\/v2\/types\/post"}],"author":[{"embeddable":true,"href":"https:\/\/www.grupomedcof.com.br\/blog\/wp-json\/wp\/v2\/users\/24"}],"replies":[{"embeddable":true,"href":"https:\/\/www.grupomedcof.com.br\/blog\/wp-json\/wp\/v2\/comments?post=29221"}],"version-history":[{"count":0,"href":"https:\/\/www.grupomedcof.com.br\/blog\/wp-json\/wp\/v2\/posts\/29221\/revisions"}],"wp:featuredmedia":[{"embeddable":true,"href":"https:\/\/www.grupomedcof.com.br\/blog\/wp-json\/wp\/v2\/media\/29631"}],"wp:attachment":[{"href":"https:\/\/www.grupomedcof.com.br\/blog\/wp-json\/wp\/v2\/media?parent=29221"}],"wp:term":[{"taxonomy":"category","embeddable":true,"href":"https:\/\/www.grupomedcof.com.br\/blog\/wp-json\/wp\/v2\/categories?post=29221"},{"taxonomy":"post_tag","embeddable":true,"href":"https:\/\/www.grupomedcof.com.br\/blog\/wp-json\/wp\/v2\/tags?post=29221"},{"taxonomy":"author","embeddable":true,"href":"https:\/\/www.grupomedcof.com.br\/blog\/wp-json\/wp\/v2\/ppma_author?post=29221"}],"curies":[{"name":"wp","href":"https:\/\/api.w.org\/{rel}","templated":true}]}}