{"id":29273,"date":"2024-08-29T08:22:50","date_gmt":"2024-08-29T11:22:50","guid":{"rendered":"https:\/\/www.grupomedcof.com.br\/blog\/?p=29273"},"modified":"2024-08-29T09:30:04","modified_gmt":"2024-08-29T12:30:04","slug":"resumo-sobre-estudo-ecologico-classificacao-e-conceito","status":"publish","type":"post","link":"https:\/\/www.grupomedcof.com.br\/blog\/resumo-sobre-estudo-ecologico-classificacao-e-conceito\/","title":{"rendered":"Resumo sobre estudo ecol\u00f3gico: classifica\u00e7\u00e3o e conceito"},"content":{"rendered":"<div id=\"ez-toc-container\" class=\"ez-toc-v2_0_74 counter-hierarchy ez-toc-counter ez-toc-transparent ez-toc-container-direction\">\n<div class=\"ez-toc-title-container\">\n<p class=\"ez-toc-title\" style=\"cursor:inherit\">Sum\u00e1rio<\/p>\n<span class=\"ez-toc-title-toggle\"><a href=\"#\" class=\"ez-toc-pull-right ez-toc-btn ez-toc-btn-xs ez-toc-btn-default ez-toc-toggle\" aria-label=\"Alternar tabela de conte\u00fado\"><span class=\"ez-toc-js-icon-con\"><span class=\"\"><span class=\"eztoc-hide\" style=\"display:none;\">Toggle<\/span><span class=\"ez-toc-icon-toggle-span\"><svg style=\"fill: #999;color:#999\" xmlns=\"http:\/\/www.w3.org\/2000\/svg\" class=\"list-377408\" width=\"20px\" height=\"20px\" viewBox=\"0 0 24 24\" fill=\"none\"><path d=\"M6 6H4v2h2V6zm14 0H8v2h12V6zM4 11h2v2H4v-2zm16 0H8v2h12v-2zM4 16h2v2H4v-2zm16 0H8v2h12v-2z\" fill=\"currentColor\"><\/path><\/svg><svg style=\"fill: #999;color:#999\" class=\"arrow-unsorted-368013\" xmlns=\"http:\/\/www.w3.org\/2000\/svg\" width=\"10px\" height=\"10px\" viewBox=\"0 0 24 24\" version=\"1.2\" baseProfile=\"tiny\"><path d=\"M18.2 9.3l-6.2-6.3-6.2 6.3c-.2.2-.3.4-.3.7s.1.5.3.7c.2.2.4.3.7.3h11c.3 0 .5-.1.7-.3.2-.2.3-.5.3-.7s-.1-.5-.3-.7zM5.8 14.7l6.2 6.3 6.2-6.3c.2-.2.3-.5.3-.7s-.1-.5-.3-.7c-.2-.2-.4-.3-.7-.3h-11c-.3 0-.5.1-.7.3-.2.2-.3.5-.3.7s.1.5.3.7z\"\/><\/svg><\/span><\/span><\/span><\/a><\/span><\/div>\n<nav><ul class='ez-toc-list ez-toc-list-level-1 ' ><li class='ez-toc-page-1 ez-toc-heading-level-2'><a class=\"ez-toc-link ez-toc-heading-1\" href=\"https:\/\/www.grupomedcof.com.br\/blog\/resumo-sobre-estudo-ecologico-classificacao-e-conceito\/#Classificacao_dos_estudos_epidemiologicos\" >Classifica\u00e7\u00e3o dos estudos epidemiol\u00f3gicos<\/a><\/li><li class='ez-toc-page-1 ez-toc-heading-level-2'><a class=\"ez-toc-link ez-toc-heading-2\" href=\"https:\/\/www.grupomedcof.com.br\/blog\/resumo-sobre-estudo-ecologico-classificacao-e-conceito\/#Conceito\" >Conceito<\/a><\/li><li class='ez-toc-page-1 ez-toc-heading-level-2'><a class=\"ez-toc-link ez-toc-heading-3\" href=\"https:\/\/www.grupomedcof.com.br\/blog\/resumo-sobre-estudo-ecologico-classificacao-e-conceito\/#O_metodo_que_te_aprova\" >O m\u00e9todo que te aprova!<\/a><\/li><\/ul><\/nav><\/div>\n\n<figure class=\"wp-block-image size-large\"><img loading=\"lazy\" decoding=\"async\" width=\"1024\" height=\"576\" src=\"https:\/\/www.grupomedcof.com.br\/blog\/wp-content\/uploads\/2024\/08\/Blog-MedCof-2024-08-29T081211.010-1024x576.png\" alt=\"\" class=\"wp-image-29276\" srcset=\"https:\/\/www.grupomedcof.com.br\/blog\/wp-content\/uploads\/2024\/08\/Blog-MedCof-2024-08-29T081211.010-1024x576.png 1024w, https:\/\/www.grupomedcof.com.br\/blog\/wp-content\/uploads\/2024\/08\/Blog-MedCof-2024-08-29T081211.010-300x169.png 300w, https:\/\/www.grupomedcof.com.br\/blog\/wp-content\/uploads\/2024\/08\/Blog-MedCof-2024-08-29T081211.010-768x432.png 768w, https:\/\/www.grupomedcof.com.br\/blog\/wp-content\/uploads\/2024\/08\/Blog-MedCof-2024-08-29T081211.010-1536x864.png 1536w, https:\/\/www.grupomedcof.com.br\/blog\/wp-content\/uploads\/2024\/08\/Blog-MedCof-2024-08-29T081211.010-2048x1152.png 2048w, https:\/\/www.grupomedcof.com.br\/blog\/wp-content\/uploads\/2024\/08\/Blog-MedCof-2024-08-29T081211.010-747x420.png 747w, https:\/\/www.grupomedcof.com.br\/blog\/wp-content\/uploads\/2024\/08\/Blog-MedCof-2024-08-29T081211.010-150x84.png 150w, https:\/\/www.grupomedcof.com.br\/blog\/wp-content\/uploads\/2024\/08\/Blog-MedCof-2024-08-29T081211.010-696x392.png 696w, https:\/\/www.grupomedcof.com.br\/blog\/wp-content\/uploads\/2024\/08\/Blog-MedCof-2024-08-29T081211.010-1068x601.png 1068w, https:\/\/www.grupomedcof.com.br\/blog\/wp-content\/uploads\/2024\/08\/Blog-MedCof-2024-08-29T081211.010-1920x1080.png 1920w\" sizes=\"auto, (max-width: 1024px) 100vw, 1024px\" \/><\/figure>\n\n\n\n<h2 class=\"wp-block-heading\" id=\"h-classificacao-dos-estudos-epidemiologicos\"><span class=\"ez-toc-section\" id=\"Classificacao_dos_estudos_epidemiologicos\"><\/span><strong>Classifica\u00e7\u00e3o dos estudos epidemiol\u00f3gicos<\/strong><span class=\"ez-toc-section-end\"><\/span><\/h2>\n\n\n\n<p>A classifica\u00e7\u00e3o dos estudos epidemiol\u00f3gicos e suas respectivas explica\u00e7\u00f5es encontram-se <a href=\"https:\/\/www.grupomedcof.com.br\/blog\/entenda-as-classificacoes-dos-estudos-epidemiologicos\/\" target=\"_blank\" rel=\"noreferrer noopener\">aqui.<\/a> Ao compreender essas classifica\u00e7\u00f5es, voc\u00ea ter\u00e1 uma vis\u00e3o mais ampla do conceito do estudo abordado neste texto.<\/p>\n\n\n\n<p>Para uma r\u00e1pida compreens\u00e3o das diferentes classifica\u00e7\u00f5es dos estudos epidemiol\u00f3gicos, apresentamos abaixo um mapa mental que sintetiza e organiza visualmente essas categorias.<\/p>\n\n\n\n<figure class=\"wp-block-image\"><img decoding=\"async\" src=\"https:\/\/lh7-rt.googleusercontent.com\/docsz\/AD_4nXfRcXO4a7Fu0QpBrFPZE_C2Or1rrLc7yua4mjUI5hvp8nrkUxZNGfuz5wWy1X1u22n_HnX_ImWBb2Qoml_H2SlYZJyg2c-ci9lqOMdorlKb703ONKSzNf9pE1AYSWlhbgwcyRqjo5P-UAz4NmkSdZS8bpSX?key=yyJtjrjOd1OtyLLUpJJK9Q\" alt=\"\"\/><\/figure>\n\n\n\n<h2 class=\"wp-block-heading\" id=\"h-conceito\"><span class=\"ez-toc-section\" id=\"Conceito\"><\/span><strong>Conceito<\/strong><span class=\"ez-toc-section-end\"><\/span><\/h2>\n\n\n\n<p><strong>Agregados \u2192 Observacionais \u2192 Transversais \u2192 Ecol\u00f3gico<\/strong><\/p>\n\n\n\n<p>Estes estudos caracterizam-se por analisar um <strong>agregado <\/strong>de pessoas, <strong>sem realizar interven\u00e7\u00f5es<\/strong>, apenas observando a popula\u00e7\u00e3o em um<strong> ponto espec\u00edfico no tempo<\/strong>. A unidade de an\u00e1lise nestes estudos s\u00e3o \u00e1reas geogr\u00e1ficas ou blocos de popula\u00e7\u00e3o, onde se analisam comparativamente vari\u00e1veis globais.<\/p>\n\n\n\n<p>Esse tipo de estudo \u00e9 particularmente \u00fatil para<strong> comparar grupos de pessoas de lugares distintos<\/strong>, coletando informa\u00e7\u00f5es sobre<strong> exposi\u00e7\u00e3o e efeito <\/strong>simultaneamente. Uma das principais vantagens desses estudos \u00e9 que s\u00e3o relativamente <strong>baratos<\/strong>, <strong>r\u00e1pidos <\/strong>de executar e utilizam <strong>fontes secund\u00e1rias de informa\u00e7\u00e3o<\/strong>, sendo eficazes para <strong>levantar hip\u00f3teses<\/strong>.<\/p>\n\n\n\n<figure class=\"wp-block-image size-large\"><a href=\"https:\/\/www.grupomedcof.com.br\/cofletters\/\"><img loading=\"lazy\" decoding=\"async\" width=\"1024\" height=\"366\" src=\"https:\/\/www.grupomedcof.com.br\/blog\/wp-content\/uploads\/2024\/08\/Capa-Eventos-MedCof-Plus-14-3-1024x366.png\" alt=\"\" class=\"wp-image-28960\" srcset=\"https:\/\/www.grupomedcof.com.br\/blog\/wp-content\/uploads\/2024\/08\/Capa-Eventos-MedCof-Plus-14-3-1024x366.png 1024w, https:\/\/www.grupomedcof.com.br\/blog\/wp-content\/uploads\/2024\/08\/Capa-Eventos-MedCof-Plus-14-3-300x107.png 300w, https:\/\/www.grupomedcof.com.br\/blog\/wp-content\/uploads\/2024\/08\/Capa-Eventos-MedCof-Plus-14-3-768x275.png 768w, https:\/\/www.grupomedcof.com.br\/blog\/wp-content\/uploads\/2024\/08\/Capa-Eventos-MedCof-Plus-14-3-1536x549.png 1536w, https:\/\/www.grupomedcof.com.br\/blog\/wp-content\/uploads\/2024\/08\/Capa-Eventos-MedCof-Plus-14-3-2048x732.png 2048w, https:\/\/www.grupomedcof.com.br\/blog\/wp-content\/uploads\/2024\/08\/Capa-Eventos-MedCof-Plus-14-3-1174x420.png 1174w, https:\/\/www.grupomedcof.com.br\/blog\/wp-content\/uploads\/2024\/08\/Capa-Eventos-MedCof-Plus-14-3-150x54.png 150w, https:\/\/www.grupomedcof.com.br\/blog\/wp-content\/uploads\/2024\/08\/Capa-Eventos-MedCof-Plus-14-3-696x249.png 696w, https:\/\/www.grupomedcof.com.br\/blog\/wp-content\/uploads\/2024\/08\/Capa-Eventos-MedCof-Plus-14-3-1068x382.png 1068w, https:\/\/www.grupomedcof.com.br\/blog\/wp-content\/uploads\/2024\/08\/Capa-Eventos-MedCof-Plus-14-3-1920x687.png 1920w\" sizes=\"auto, (max-width: 1024px) 100vw, 1024px\" \/><\/a><\/figure>\n\n\n\n<p>No entanto, os estudos agregados observacionais transversais tamb\u00e9m apresentam algumas <strong>desvantagens<\/strong>. As fontes de informa\u00e7\u00f5es utilizadas podem ser <strong>pouco confi\u00e1veis<\/strong>, e estes estudos est\u00e3o mais sujeitos a<strong> vi\u00e9s de confus\u00e3o<\/strong>. Al\u00e9m disso, n\u00e3o estabelecem rela\u00e7\u00f5es de causalidade, apenas associa\u00e7\u00f5es. Os indicadores constituem-se em m\u00e9dias referentes \u00e0 popula\u00e7\u00e3o total estudada, o que leva \u00e0 chamada &#8220;<strong>fal\u00e1cia ecol\u00f3gica<\/strong>&#8221; &#8211; o erro de reduzir ao n\u00edvel individual o que \u00e9 observado no agregado.<\/p>\n\n\n\n<p>Um exemplo desse tipo de estudo \u00e9 a investiga\u00e7\u00e3o da rela\u00e7\u00e3o entre o consumo de cigarros e a doen\u00e7a arterial coronariana. Embora seja poss\u00edvel estabelecer uma associa\u00e7\u00e3o entre essas vari\u00e1veis em n\u00edvel populacional, n\u00e3o se pode inferir causalidade direta no n\u00edvel individual com base apenas nesse tipo de estudo.<\/p>\n\n\n\n<p>Em conclus\u00e3o, os estudos ecol\u00f3gicos s\u00e3o uma ferramenta valiosa na epidemiologia, oferecendo uma vis\u00e3o ampla de popula\u00e7\u00f5es ou \u00e1reas geogr\u00e1ficas espec\u00edficas. Eles se destacam por sua efici\u00eancia em termos de custo e tempo, al\u00e9m de serem \u00fateis para gerar hip\u00f3teses. No entanto, \u00e9 importante reconhecer suas limita\u00e7\u00f5es, como a possibilidade de vi\u00e9s de confus\u00e3o e a incapacidade de estabelecer rela\u00e7\u00f5es causais diretas. A &#8220;fal\u00e1cia ecol\u00f3gica&#8221; \u00e9 um risco particular a ser considerado ao interpretar os resultados. Apesar dessas limita\u00e7\u00f5es, quando usados apropriadamente, esses estudos podem fornecer insights valiosos para direcionar pesquisas mais aprofundadas e informar pol\u00edticas de sa\u00fade p\u00fablica.<\/p>\n\n\n\n<h2 class=\"wp-block-heading\" id=\"o-m\u00e9todo-que-te-aprova\"><span class=\"ez-toc-section\" id=\"O_metodo_que_te_aprova\"><\/span><strong>O m\u00e9todo que te aprova!<\/strong><span class=\"ez-toc-section-end\"><\/span><\/h2>\n\n\n\n<p>Quer alcan\u00e7ar a aprova\u00e7\u00e3o nas provas de resid\u00eancia m\u00e9dica? Ent\u00e3o seja um&nbsp;<a href=\"https:\/\/www.grupomedcof.com.br\/home\/\" target=\"_blank\" rel=\"noreferrer noopener\">MedCoffer<\/a>! Aqui te ajudaremos na busca da aprova\u00e7\u00e3o com conte\u00fados de qualidade e uma&nbsp;<a href=\"https:\/\/www.grupomedcof.com.br\/blog\/presenca-da-medcof-nas-aprovacoes-em-residencia-medica-no-brasil\/\" target=\"_blank\" rel=\"noreferrer noopener\">metodologia que j\u00e1 aprovou mais de 10 mil residentes no pa\u00eds!&nbsp;<\/a>Por fim, acesse o nosso<a href=\"https:\/\/www.youtube.com\/@GrupoMedcof\/featured\" target=\"_blank\" rel=\"noreferrer noopener\">&nbsp;<strong>canal do youtube&nbsp;<\/strong><\/a>para ver o nosso material.<\/p>\n\n\n\n<figure class=\"wp-block-embed is-type-video is-provider-youtube wp-block-embed-youtube wp-embed-aspect-16-9 wp-has-aspect-ratio\"><div class=\"wp-block-embed__wrapper\">\n<div class=\"youtube-embed\" data-video_id=\"xsqIc3eBVqs\"><iframe loading=\"lazy\" title=\"COFEXPRESS - Saiba os principais Estudos Epidemiol\u00f3gicos com Dr. Darizon Filho\" width=\"696\" height=\"392\" src=\"https:\/\/www.youtube.com\/embed\/xsqIc3eBVqs?feature=oembed&#038;enablejsapi=1\" frameborder=\"0\" allow=\"accelerometer; autoplay; clipboard-write; encrypted-media; gyroscope; picture-in-picture; web-share\" referrerpolicy=\"strict-origin-when-cross-origin\" allowfullscreen><\/iframe><\/div>\n<\/div><\/figure>\n","protected":false},"excerpt":{"rendered":"<p>Estes estudos caracterizam-se por analisar um agregado de pessoas, apenas observando a popula\u00e7\u00e3o em um ponto espec\u00edfico no tempo. Veja!<\/p>\n","protected":false},"author":24,"featured_media":29276,"comment_status":"open","ping_status":"open","sticky":false,"template":"","format":"standard","meta":{"footnotes":""},"categories":[197],"tags":[245,1927,1928,117,68,1926],"ppma_author":[3622],"class_list":{"0":"post-29273","1":"post","2":"type-post","3":"status-publish","4":"format-standard","5":"has-post-thumbnail","7":"category-preventiva","8":"tag-acesso-direto","9":"tag-estudo-ecologico","10":"tag-estudos-epidemiologicos","11":"tag-provas-de-residencia","12":"tag-residencia-medica","13":"tag-unidade-de-estudo"},"yoast_head":"<!-- This site is optimized with the Yoast SEO Premium plugin v24.3 (Yoast SEO v27.4) - https:\/\/yoast.com\/product\/yoast-seo-premium-wordpress\/ -->\n<title>Resumo sobre estudo ecol\u00f3gico: classifica\u00e7\u00e3o e conceito - Blog de Medcof: conte\u00fados, editais, revalida e mais!<\/title>\n<meta name=\"description\" content=\"Estes estudos caracterizam-se por analisar um agregado de pessoas, apenas observando a popula\u00e7\u00e3o em um ponto espec\u00edfico no tempo. Veja!\" \/>\n<meta name=\"robots\" content=\"index, follow, max-snippet:-1, max-image-preview:large, max-video-preview:-1\" \/>\n<link rel=\"canonical\" href=\"https:\/\/www.grupomedcof.com.br\/blog\/resumo-sobre-estudo-ecologico-classificacao-e-conceito\/\" \/>\n<meta property=\"og:locale\" content=\"pt_BR\" \/>\n<meta property=\"og:type\" content=\"article\" \/>\n<meta property=\"og:title\" content=\"Resumo sobre estudo ecol\u00f3gico: classifica\u00e7\u00e3o e conceito\" \/>\n<meta property=\"og:description\" content=\"Estes estudos caracterizam-se por analisar um agregado de pessoas, apenas observando a popula\u00e7\u00e3o em um ponto espec\u00edfico no tempo. Veja!\" \/>\n<meta property=\"og:url\" content=\"https:\/\/www.grupomedcof.com.br\/blog\/resumo-sobre-estudo-ecologico-classificacao-e-conceito\/\" \/>\n<meta property=\"og:site_name\" content=\"Blog de Medcof: conte\u00fados, editais, revalida e mais!\" \/>\n<meta property=\"article:publisher\" content=\"https:\/\/www.facebook.com\/MedCofQbank\/\" \/>\n<meta property=\"article:published_time\" content=\"2024-08-29T11:22:50+00:00\" \/>\n<meta property=\"article:modified_time\" content=\"2024-08-29T12:30:04+00:00\" \/>\n<meta property=\"og:image\" content=\"https:\/\/www.grupomedcof.com.br\/blog\/wp-content\/uploads\/2024\/08\/Blog-MedCof-2024-08-29T081211.010-1024x576.png\" \/>\n\t<meta property=\"og:image:width\" content=\"1024\" \/>\n\t<meta property=\"og:image:height\" content=\"576\" \/>\n\t<meta property=\"og:image:type\" content=\"image\/png\" \/>\n<meta name=\"author\" content=\"Giulia Gallucci\" \/>\n<meta name=\"twitter:card\" content=\"summary_large_image\" \/>\n<meta name=\"twitter:label1\" content=\"Escrito por\" \/>\n\t<meta name=\"twitter:data1\" content=\"Giulia Gallucci\" \/>\n\t<meta name=\"twitter:label2\" content=\"Est. tempo de leitura\" \/>\n\t<meta name=\"twitter:data2\" content=\"4 minutos\" \/>\n<script type=\"application\/ld+json\" class=\"yoast-schema-graph\">{\"@context\":\"https:\\\/\\\/schema.org\",\"@graph\":[{\"@type\":\"Article\",\"@id\":\"https:\\\/\\\/www.grupomedcof.com.br\\\/blog\\\/resumo-sobre-estudo-ecologico-classificacao-e-conceito\\\/#article\",\"isPartOf\":{\"@id\":\"https:\\\/\\\/www.grupomedcof.com.br\\\/blog\\\/resumo-sobre-estudo-ecologico-classificacao-e-conceito\\\/\"},\"author\":{\"name\":\"Giulia Gallucci\",\"@id\":\"https:\\\/\\\/www.grupomedcof.com.br\\\/blog\\\/#\\\/schema\\\/person\\\/cbd624fbb1ebcd60fd4136808a39233c\"},\"headline\":\"Resumo sobre estudo ecol\u00f3gico: classifica\u00e7\u00e3o e conceito\",\"datePublished\":\"2024-08-29T11:22:50+00:00\",\"dateModified\":\"2024-08-29T12:30:04+00:00\",\"mainEntityOfPage\":{\"@id\":\"https:\\\/\\\/www.grupomedcof.com.br\\\/blog\\\/resumo-sobre-estudo-ecologico-classificacao-e-conceito\\\/\"},\"wordCount\":513,\"commentCount\":0,\"publisher\":{\"@id\":\"https:\\\/\\\/www.grupomedcof.com.br\\\/blog\\\/#organization\"},\"image\":{\"@id\":\"https:\\\/\\\/www.grupomedcof.com.br\\\/blog\\\/resumo-sobre-estudo-ecologico-classificacao-e-conceito\\\/#primaryimage\"},\"thumbnailUrl\":\"https:\\\/\\\/www.grupomedcof.com.br\\\/blog\\\/wp-content\\\/uploads\\\/2024\\\/08\\\/Blog-MedCof-2024-08-29T081211.010.png\",\"keywords\":[\"Acesso Direto\",\"Estudo ecol\u00f3gico\",\"Estudos epidemiol\u00f3gicos\",\"Provas de Resid\u00eancia\",\"Resid\u00eancia M\u00e9dica\",\"Unidade de Estudo\"],\"articleSection\":[\"Preventiva\"],\"inLanguage\":\"pt-BR\"},{\"@type\":\"WebPage\",\"@id\":\"https:\\\/\\\/www.grupomedcof.com.br\\\/blog\\\/resumo-sobre-estudo-ecologico-classificacao-e-conceito\\\/\",\"url\":\"https:\\\/\\\/www.grupomedcof.com.br\\\/blog\\\/resumo-sobre-estudo-ecologico-classificacao-e-conceito\\\/\",\"name\":\"Resumo sobre estudo ecol\u00f3gico: classifica\u00e7\u00e3o e conceito - Blog de Medcof: conte\u00fados, editais, revalida e mais!\",\"isPartOf\":{\"@id\":\"https:\\\/\\\/www.grupomedcof.com.br\\\/blog\\\/#website\"},\"primaryImageOfPage\":{\"@id\":\"https:\\\/\\\/www.grupomedcof.com.br\\\/blog\\\/resumo-sobre-estudo-ecologico-classificacao-e-conceito\\\/#primaryimage\"},\"image\":{\"@id\":\"https:\\\/\\\/www.grupomedcof.com.br\\\/blog\\\/resumo-sobre-estudo-ecologico-classificacao-e-conceito\\\/#primaryimage\"},\"thumbnailUrl\":\"https:\\\/\\\/www.grupomedcof.com.br\\\/blog\\\/wp-content\\\/uploads\\\/2024\\\/08\\\/Blog-MedCof-2024-08-29T081211.010.png\",\"datePublished\":\"2024-08-29T11:22:50+00:00\",\"dateModified\":\"2024-08-29T12:30:04+00:00\",\"description\":\"Estes estudos caracterizam-se por analisar um agregado de pessoas, apenas observando a popula\u00e7\u00e3o em um ponto espec\u00edfico no tempo. Veja!\",\"breadcrumb\":{\"@id\":\"https:\\\/\\\/www.grupomedcof.com.br\\\/blog\\\/resumo-sobre-estudo-ecologico-classificacao-e-conceito\\\/#breadcrumb\"},\"inLanguage\":\"pt-BR\",\"potentialAction\":[{\"@type\":\"ReadAction\",\"target\":[\"https:\\\/\\\/www.grupomedcof.com.br\\\/blog\\\/resumo-sobre-estudo-ecologico-classificacao-e-conceito\\\/\"]}]},{\"@type\":\"ImageObject\",\"inLanguage\":\"pt-BR\",\"@id\":\"https:\\\/\\\/www.grupomedcof.com.br\\\/blog\\\/resumo-sobre-estudo-ecologico-classificacao-e-conceito\\\/#primaryimage\",\"url\":\"https:\\\/\\\/www.grupomedcof.com.br\\\/blog\\\/wp-content\\\/uploads\\\/2024\\\/08\\\/Blog-MedCof-2024-08-29T081211.010.png\",\"contentUrl\":\"https:\\\/\\\/www.grupomedcof.com.br\\\/blog\\\/wp-content\\\/uploads\\\/2024\\\/08\\\/Blog-MedCof-2024-08-29T081211.010.png\",\"width\":2560,\"height\":1440},{\"@type\":\"BreadcrumbList\",\"@id\":\"https:\\\/\\\/www.grupomedcof.com.br\\\/blog\\\/resumo-sobre-estudo-ecologico-classificacao-e-conceito\\\/#breadcrumb\",\"itemListElement\":[{\"@type\":\"ListItem\",\"position\":1,\"name\":\"In\u00edcio\",\"item\":\"https:\\\/\\\/www.grupomedcof.com.br\\\/blog\\\/\"},{\"@type\":\"ListItem\",\"position\":2,\"name\":\"Resumo sobre estudo ecol\u00f3gico: classifica\u00e7\u00e3o e conceito\"}]},{\"@type\":\"WebSite\",\"@id\":\"https:\\\/\\\/www.grupomedcof.com.br\\\/blog\\\/#website\",\"url\":\"https:\\\/\\\/www.grupomedcof.com.br\\\/blog\\\/\",\"name\":\"Blog de Medcof: conte\u00fados, editais, revalida e mais!\",\"description\":\"Acesso o blog de MedCof! Seu portal de conte\u00fados sobre resid\u00eancia m\u00e9dica, an\u00e1lise e editais e muito mais. Clique e confira!\",\"publisher\":{\"@id\":\"https:\\\/\\\/www.grupomedcof.com.br\\\/blog\\\/#organization\"},\"alternateName\":\"Blog de Medcof: conte\u00fados, editais, revalida e mais!\",\"potentialAction\":[{\"@type\":\"SearchAction\",\"target\":{\"@type\":\"EntryPoint\",\"urlTemplate\":\"https:\\\/\\\/www.grupomedcof.com.br\\\/blog\\\/?s={search_term_string}\"},\"query-input\":{\"@type\":\"PropertyValueSpecification\",\"valueRequired\":true,\"valueName\":\"search_term_string\"}}],\"inLanguage\":\"pt-BR\"},{\"@type\":\"Organization\",\"@id\":\"https:\\\/\\\/www.grupomedcof.com.br\\\/blog\\\/#organization\",\"name\":\"Grupo MedCof\",\"url\":\"https:\\\/\\\/www.grupomedcof.com.br\\\/blog\\\/\",\"logo\":{\"@type\":\"ImageObject\",\"inLanguage\":\"pt-BR\",\"@id\":\"https:\\\/\\\/www.grupomedcof.com.br\\\/blog\\\/#\\\/schema\\\/logo\\\/image\\\/\",\"url\":\"https:\\\/\\\/www.grupomedcof.com.br\\\/blog\\\/wp-content\\\/uploads\\\/2022\\\/01\\\/logo-medcof.png\",\"contentUrl\":\"https:\\\/\\\/www.grupomedcof.com.br\\\/blog\\\/wp-content\\\/uploads\\\/2022\\\/01\\\/logo-medcof.png\",\"width\":768,\"height\":269,\"caption\":\"Grupo MedCof\"},\"image\":{\"@id\":\"https:\\\/\\\/www.grupomedcof.com.br\\\/blog\\\/#\\\/schema\\\/logo\\\/image\\\/\"},\"sameAs\":[\"https:\\\/\\\/www.facebook.com\\\/MedCofQbank\\\/\",\"https:\\\/\\\/www.instagram.com\\\/grupomedcof\\\/\",\"https:\\\/\\\/br.linkedin.com\\\/company\\\/medcof\",\"https:\\\/\\\/www.youtube.com\\\/channel\\\/UCdHMuOHKICxcHwecxN8P-AA\"]},{\"@type\":\"Person\",\"@id\":\"https:\\\/\\\/www.grupomedcof.com.br\\\/blog\\\/#\\\/schema\\\/person\\\/cbd624fbb1ebcd60fd4136808a39233c\",\"name\":\"Giulia Gallucci\",\"image\":{\"@type\":\"ImageObject\",\"inLanguage\":\"pt-BR\",\"@id\":\"https:\\\/\\\/www.grupomedcof.com.br\\\/blog\\\/wp-content\\\/uploads\\\/2024\\\/08\\\/cropped-WhatsApp-Image-2024-08-08-at-17.32.39-96x96.jpegfde277ec50b1253fb8a587ae1110f977\",\"url\":\"https:\\\/\\\/www.grupomedcof.com.br\\\/blog\\\/wp-content\\\/uploads\\\/2024\\\/08\\\/cropped-WhatsApp-Image-2024-08-08-at-17.32.39-96x96.jpeg\",\"contentUrl\":\"https:\\\/\\\/www.grupomedcof.com.br\\\/blog\\\/wp-content\\\/uploads\\\/2024\\\/08\\\/cropped-WhatsApp-Image-2024-08-08-at-17.32.39-96x96.jpeg\",\"caption\":\"Giulia Gallucci\"},\"description\":\"Estudante de Medicina. Entusiasta da organiza\u00e7\u00e3o e da atividade fisica.\",\"url\":\"https:\\\/\\\/www.grupomedcof.com.br\\\/blog\\\/author\\\/giulia\\\/\"}]}<\/script>\n<!-- \/ Yoast SEO Premium plugin. -->","yoast_head_json":{"title":"Resumo sobre estudo ecol\u00f3gico: classifica\u00e7\u00e3o e conceito - Blog de Medcof: conte\u00fados, editais, revalida e mais!","description":"Estes estudos caracterizam-se por analisar um agregado de pessoas, apenas observando a popula\u00e7\u00e3o em um ponto espec\u00edfico no tempo. Veja!","robots":{"index":"index","follow":"follow","max-snippet":"max-snippet:-1","max-image-preview":"max-image-preview:large","max-video-preview":"max-video-preview:-1"},"canonical":"https:\/\/www.grupomedcof.com.br\/blog\/resumo-sobre-estudo-ecologico-classificacao-e-conceito\/","og_locale":"pt_BR","og_type":"article","og_title":"Resumo sobre estudo ecol\u00f3gico: classifica\u00e7\u00e3o e conceito","og_description":"Estes estudos caracterizam-se por analisar um agregado de pessoas, apenas observando a popula\u00e7\u00e3o em um ponto espec\u00edfico no tempo. Veja!","og_url":"https:\/\/www.grupomedcof.com.br\/blog\/resumo-sobre-estudo-ecologico-classificacao-e-conceito\/","og_site_name":"Blog de Medcof: conte\u00fados, editais, revalida e mais!","article_publisher":"https:\/\/www.facebook.com\/MedCofQbank\/","article_published_time":"2024-08-29T11:22:50+00:00","article_modified_time":"2024-08-29T12:30:04+00:00","og_image":[{"width":1024,"height":576,"url":"https:\/\/www.grupomedcof.com.br\/blog\/wp-content\/uploads\/2024\/08\/Blog-MedCof-2024-08-29T081211.010-1024x576.png","type":"image\/png"}],"author":"Giulia Gallucci","twitter_card":"summary_large_image","twitter_misc":{"Escrito por":"Giulia Gallucci","Est. tempo de leitura":"4 minutos"},"schema":{"@context":"https:\/\/schema.org","@graph":[{"@type":"Article","@id":"https:\/\/www.grupomedcof.com.br\/blog\/resumo-sobre-estudo-ecologico-classificacao-e-conceito\/#article","isPartOf":{"@id":"https:\/\/www.grupomedcof.com.br\/blog\/resumo-sobre-estudo-ecologico-classificacao-e-conceito\/"},"author":{"name":"Giulia Gallucci","@id":"https:\/\/www.grupomedcof.com.br\/blog\/#\/schema\/person\/cbd624fbb1ebcd60fd4136808a39233c"},"headline":"Resumo sobre estudo ecol\u00f3gico: classifica\u00e7\u00e3o e conceito","datePublished":"2024-08-29T11:22:50+00:00","dateModified":"2024-08-29T12:30:04+00:00","mainEntityOfPage":{"@id":"https:\/\/www.grupomedcof.com.br\/blog\/resumo-sobre-estudo-ecologico-classificacao-e-conceito\/"},"wordCount":513,"commentCount":0,"publisher":{"@id":"https:\/\/www.grupomedcof.com.br\/blog\/#organization"},"image":{"@id":"https:\/\/www.grupomedcof.com.br\/blog\/resumo-sobre-estudo-ecologico-classificacao-e-conceito\/#primaryimage"},"thumbnailUrl":"https:\/\/www.grupomedcof.com.br\/blog\/wp-content\/uploads\/2024\/08\/Blog-MedCof-2024-08-29T081211.010.png","keywords":["Acesso Direto","Estudo ecol\u00f3gico","Estudos epidemiol\u00f3gicos","Provas de Resid\u00eancia","Resid\u00eancia M\u00e9dica","Unidade de Estudo"],"articleSection":["Preventiva"],"inLanguage":"pt-BR"},{"@type":"WebPage","@id":"https:\/\/www.grupomedcof.com.br\/blog\/resumo-sobre-estudo-ecologico-classificacao-e-conceito\/","url":"https:\/\/www.grupomedcof.com.br\/blog\/resumo-sobre-estudo-ecologico-classificacao-e-conceito\/","name":"Resumo sobre estudo ecol\u00f3gico: classifica\u00e7\u00e3o e conceito - Blog de Medcof: conte\u00fados, editais, revalida e mais!","isPartOf":{"@id":"https:\/\/www.grupomedcof.com.br\/blog\/#website"},"primaryImageOfPage":{"@id":"https:\/\/www.grupomedcof.com.br\/blog\/resumo-sobre-estudo-ecologico-classificacao-e-conceito\/#primaryimage"},"image":{"@id":"https:\/\/www.grupomedcof.com.br\/blog\/resumo-sobre-estudo-ecologico-classificacao-e-conceito\/#primaryimage"},"thumbnailUrl":"https:\/\/www.grupomedcof.com.br\/blog\/wp-content\/uploads\/2024\/08\/Blog-MedCof-2024-08-29T081211.010.png","datePublished":"2024-08-29T11:22:50+00:00","dateModified":"2024-08-29T12:30:04+00:00","description":"Estes estudos caracterizam-se por analisar um agregado de pessoas, apenas observando a popula\u00e7\u00e3o em um ponto espec\u00edfico no tempo. Veja!","breadcrumb":{"@id":"https:\/\/www.grupomedcof.com.br\/blog\/resumo-sobre-estudo-ecologico-classificacao-e-conceito\/#breadcrumb"},"inLanguage":"pt-BR","potentialAction":[{"@type":"ReadAction","target":["https:\/\/www.grupomedcof.com.br\/blog\/resumo-sobre-estudo-ecologico-classificacao-e-conceito\/"]}]},{"@type":"ImageObject","inLanguage":"pt-BR","@id":"https:\/\/www.grupomedcof.com.br\/blog\/resumo-sobre-estudo-ecologico-classificacao-e-conceito\/#primaryimage","url":"https:\/\/www.grupomedcof.com.br\/blog\/wp-content\/uploads\/2024\/08\/Blog-MedCof-2024-08-29T081211.010.png","contentUrl":"https:\/\/www.grupomedcof.com.br\/blog\/wp-content\/uploads\/2024\/08\/Blog-MedCof-2024-08-29T081211.010.png","width":2560,"height":1440},{"@type":"BreadcrumbList","@id":"https:\/\/www.grupomedcof.com.br\/blog\/resumo-sobre-estudo-ecologico-classificacao-e-conceito\/#breadcrumb","itemListElement":[{"@type":"ListItem","position":1,"name":"In\u00edcio","item":"https:\/\/www.grupomedcof.com.br\/blog\/"},{"@type":"ListItem","position":2,"name":"Resumo sobre estudo ecol\u00f3gico: classifica\u00e7\u00e3o e conceito"}]},{"@type":"WebSite","@id":"https:\/\/www.grupomedcof.com.br\/blog\/#website","url":"https:\/\/www.grupomedcof.com.br\/blog\/","name":"Blog de Medcof: conte\u00fados, editais, revalida e mais!","description":"Acesso o blog de MedCof! Seu portal de conte\u00fados sobre resid\u00eancia m\u00e9dica, an\u00e1lise e editais e muito mais. Clique e confira!","publisher":{"@id":"https:\/\/www.grupomedcof.com.br\/blog\/#organization"},"alternateName":"Blog de Medcof: conte\u00fados, editais, revalida e mais!","potentialAction":[{"@type":"SearchAction","target":{"@type":"EntryPoint","urlTemplate":"https:\/\/www.grupomedcof.com.br\/blog\/?s={search_term_string}"},"query-input":{"@type":"PropertyValueSpecification","valueRequired":true,"valueName":"search_term_string"}}],"inLanguage":"pt-BR"},{"@type":"Organization","@id":"https:\/\/www.grupomedcof.com.br\/blog\/#organization","name":"Grupo MedCof","url":"https:\/\/www.grupomedcof.com.br\/blog\/","logo":{"@type":"ImageObject","inLanguage":"pt-BR","@id":"https:\/\/www.grupomedcof.com.br\/blog\/#\/schema\/logo\/image\/","url":"https:\/\/www.grupomedcof.com.br\/blog\/wp-content\/uploads\/2022\/01\/logo-medcof.png","contentUrl":"https:\/\/www.grupomedcof.com.br\/blog\/wp-content\/uploads\/2022\/01\/logo-medcof.png","width":768,"height":269,"caption":"Grupo MedCof"},"image":{"@id":"https:\/\/www.grupomedcof.com.br\/blog\/#\/schema\/logo\/image\/"},"sameAs":["https:\/\/www.facebook.com\/MedCofQbank\/","https:\/\/www.instagram.com\/grupomedcof\/","https:\/\/br.linkedin.com\/company\/medcof","https:\/\/www.youtube.com\/channel\/UCdHMuOHKICxcHwecxN8P-AA"]},{"@type":"Person","@id":"https:\/\/www.grupomedcof.com.br\/blog\/#\/schema\/person\/cbd624fbb1ebcd60fd4136808a39233c","name":"Giulia Gallucci","image":{"@type":"ImageObject","inLanguage":"pt-BR","@id":"https:\/\/www.grupomedcof.com.br\/blog\/wp-content\/uploads\/2024\/08\/cropped-WhatsApp-Image-2024-08-08-at-17.32.39-96x96.jpegfde277ec50b1253fb8a587ae1110f977","url":"https:\/\/www.grupomedcof.com.br\/blog\/wp-content\/uploads\/2024\/08\/cropped-WhatsApp-Image-2024-08-08-at-17.32.39-96x96.jpeg","contentUrl":"https:\/\/www.grupomedcof.com.br\/blog\/wp-content\/uploads\/2024\/08\/cropped-WhatsApp-Image-2024-08-08-at-17.32.39-96x96.jpeg","caption":"Giulia Gallucci"},"description":"Estudante de Medicina. Entusiasta da organiza\u00e7\u00e3o e da atividade fisica.","url":"https:\/\/www.grupomedcof.com.br\/blog\/author\/giulia\/"}]}},"authors":[{"term_id":3622,"user_id":24,"is_guest":0,"slug":"giulia","display_name":"Giulia Gallucci","avatar_url":"https:\/\/www.grupomedcof.com.br\/blog\/wp-content\/uploads\/2024\/08\/cropped-WhatsApp-Image-2024-08-08-at-17.32.39-96x96.jpeg","0":null,"1":"","2":"","3":"","4":"","5":"","6":"","7":"","8":""}],"_links":{"self":[{"href":"https:\/\/www.grupomedcof.com.br\/blog\/wp-json\/wp\/v2\/posts\/29273","targetHints":{"allow":["GET"]}}],"collection":[{"href":"https:\/\/www.grupomedcof.com.br\/blog\/wp-json\/wp\/v2\/posts"}],"about":[{"href":"https:\/\/www.grupomedcof.com.br\/blog\/wp-json\/wp\/v2\/types\/post"}],"author":[{"embeddable":true,"href":"https:\/\/www.grupomedcof.com.br\/blog\/wp-json\/wp\/v2\/users\/24"}],"replies":[{"embeddable":true,"href":"https:\/\/www.grupomedcof.com.br\/blog\/wp-json\/wp\/v2\/comments?post=29273"}],"version-history":[{"count":0,"href":"https:\/\/www.grupomedcof.com.br\/blog\/wp-json\/wp\/v2\/posts\/29273\/revisions"}],"wp:featuredmedia":[{"embeddable":true,"href":"https:\/\/www.grupomedcof.com.br\/blog\/wp-json\/wp\/v2\/media\/29276"}],"wp:attachment":[{"href":"https:\/\/www.grupomedcof.com.br\/blog\/wp-json\/wp\/v2\/media?parent=29273"}],"wp:term":[{"taxonomy":"category","embeddable":true,"href":"https:\/\/www.grupomedcof.com.br\/blog\/wp-json\/wp\/v2\/categories?post=29273"},{"taxonomy":"post_tag","embeddable":true,"href":"https:\/\/www.grupomedcof.com.br\/blog\/wp-json\/wp\/v2\/tags?post=29273"},{"taxonomy":"author","embeddable":true,"href":"https:\/\/www.grupomedcof.com.br\/blog\/wp-json\/wp\/v2\/ppma_author?post=29273"}],"curies":[{"name":"wp","href":"https:\/\/api.w.org\/{rel}","templated":true}]}}