{"id":29306,"date":"2024-08-31T10:27:38","date_gmt":"2024-08-31T13:27:38","guid":{"rendered":"https:\/\/www.grupomedcof.com.br\/blog\/?p=29306"},"modified":"2024-08-30T10:30:21","modified_gmt":"2024-08-30T13:30:21","slug":"saiba-o-que-e-um-estudo-de-serie-temporal","status":"publish","type":"post","link":"https:\/\/www.grupomedcof.com.br\/blog\/saiba-o-que-e-um-estudo-de-serie-temporal\/","title":{"rendered":"Saiba o que \u00e9 um estudo de s\u00e9rie temporal"},"content":{"rendered":"<div id=\"ez-toc-container\" class=\"ez-toc-v2_0_74 counter-hierarchy ez-toc-counter ez-toc-transparent ez-toc-container-direction\">\n<div class=\"ez-toc-title-container\">\n<p class=\"ez-toc-title\" style=\"cursor:inherit\">Sum\u00e1rio<\/p>\n<span class=\"ez-toc-title-toggle\"><a href=\"#\" class=\"ez-toc-pull-right ez-toc-btn ez-toc-btn-xs ez-toc-btn-default ez-toc-toggle\" aria-label=\"Alternar tabela de conte\u00fado\"><span class=\"ez-toc-js-icon-con\"><span class=\"\"><span class=\"eztoc-hide\" style=\"display:none;\">Toggle<\/span><span class=\"ez-toc-icon-toggle-span\"><svg style=\"fill: #999;color:#999\" xmlns=\"http:\/\/www.w3.org\/2000\/svg\" class=\"list-377408\" width=\"20px\" height=\"20px\" viewBox=\"0 0 24 24\" fill=\"none\"><path d=\"M6 6H4v2h2V6zm14 0H8v2h12V6zM4 11h2v2H4v-2zm16 0H8v2h12v-2zM4 16h2v2H4v-2zm16 0H8v2h12v-2z\" fill=\"currentColor\"><\/path><\/svg><svg style=\"fill: #999;color:#999\" class=\"arrow-unsorted-368013\" xmlns=\"http:\/\/www.w3.org\/2000\/svg\" width=\"10px\" height=\"10px\" viewBox=\"0 0 24 24\" version=\"1.2\" baseProfile=\"tiny\"><path d=\"M18.2 9.3l-6.2-6.3-6.2 6.3c-.2.2-.3.4-.3.7s.1.5.3.7c.2.2.4.3.7.3h11c.3 0 .5-.1.7-.3.2-.2.3-.5.3-.7s-.1-.5-.3-.7zM5.8 14.7l6.2 6.3 6.2-6.3c.2-.2.3-.5.3-.7s-.1-.5-.3-.7c-.2-.2-.4-.3-.7-.3h-11c-.3 0-.5.1-.7.3-.2.2-.3.5-.3.7s.1.5.3.7z\"\/><\/svg><\/span><\/span><\/span><\/a><\/span><\/div>\n<nav><ul class='ez-toc-list ez-toc-list-level-1 ' ><li class='ez-toc-page-1 ez-toc-heading-level-2'><a class=\"ez-toc-link ez-toc-heading-1\" href=\"https:\/\/www.grupomedcof.com.br\/blog\/saiba-o-que-e-um-estudo-de-serie-temporal\/#Classificacao_dos_estudos_epidemiologicos\" >Classifica\u00e7\u00e3o dos estudos epidemiol\u00f3gicos<\/a><ul class='ez-toc-list-level-3' ><li class='ez-toc-heading-level-3'><a class=\"ez-toc-link ez-toc-heading-2\" href=\"https:\/\/www.grupomedcof.com.br\/blog\/saiba-o-que-e-um-estudo-de-serie-temporal\/#Conceito\" >Conceito<\/a><\/li><\/ul><\/li><li class='ez-toc-page-1 ez-toc-heading-level-2'><a class=\"ez-toc-link ez-toc-heading-3\" href=\"https:\/\/www.grupomedcof.com.br\/blog\/saiba-o-que-e-um-estudo-de-serie-temporal\/#O_metodo_que_te_aprova\" >O m\u00e9todo que te aprova!<\/a><\/li><\/ul><\/nav><\/div>\n\n<figure class=\"wp-block-image size-large\"><img loading=\"lazy\" decoding=\"async\" width=\"1024\" height=\"576\" src=\"https:\/\/www.grupomedcof.com.br\/blog\/wp-content\/uploads\/2024\/08\/Blog-MedCof-2024-08-30T102519.613-1024x576.png\" alt=\"\" class=\"wp-image-29307\" srcset=\"https:\/\/www.grupomedcof.com.br\/blog\/wp-content\/uploads\/2024\/08\/Blog-MedCof-2024-08-30T102519.613-1024x576.png 1024w, https:\/\/www.grupomedcof.com.br\/blog\/wp-content\/uploads\/2024\/08\/Blog-MedCof-2024-08-30T102519.613-300x169.png 300w, https:\/\/www.grupomedcof.com.br\/blog\/wp-content\/uploads\/2024\/08\/Blog-MedCof-2024-08-30T102519.613-768x432.png 768w, https:\/\/www.grupomedcof.com.br\/blog\/wp-content\/uploads\/2024\/08\/Blog-MedCof-2024-08-30T102519.613-1536x864.png 1536w, https:\/\/www.grupomedcof.com.br\/blog\/wp-content\/uploads\/2024\/08\/Blog-MedCof-2024-08-30T102519.613-2048x1152.png 2048w, https:\/\/www.grupomedcof.com.br\/blog\/wp-content\/uploads\/2024\/08\/Blog-MedCof-2024-08-30T102519.613-747x420.png 747w, https:\/\/www.grupomedcof.com.br\/blog\/wp-content\/uploads\/2024\/08\/Blog-MedCof-2024-08-30T102519.613-150x84.png 150w, https:\/\/www.grupomedcof.com.br\/blog\/wp-content\/uploads\/2024\/08\/Blog-MedCof-2024-08-30T102519.613-696x392.png 696w, https:\/\/www.grupomedcof.com.br\/blog\/wp-content\/uploads\/2024\/08\/Blog-MedCof-2024-08-30T102519.613-1068x601.png 1068w, https:\/\/www.grupomedcof.com.br\/blog\/wp-content\/uploads\/2024\/08\/Blog-MedCof-2024-08-30T102519.613-1920x1080.png 1920w\" sizes=\"auto, (max-width: 1024px) 100vw, 1024px\" \/><\/figure>\n\n\n\n<h2 class=\"wp-block-heading\" id=\"h-classificacao-dos-estudos-epidemiologicos\"><span class=\"ez-toc-section\" id=\"Classificacao_dos_estudos_epidemiologicos\"><\/span><strong>Classifica\u00e7\u00e3o dos estudos epidemiol\u00f3gicos<\/strong><span class=\"ez-toc-section-end\"><\/span><\/h2>\n\n\n\n<p>A classifica\u00e7\u00e3o dos estudos epidemiol\u00f3gicos e suas respectivas explica\u00e7\u00f5es encontram-se <a href=\"https:\/\/www.grupomedcof.com.br\/blog\/entenda-as-classificacoes-dos-estudos-epidemiologicos\/\" target=\"_blank\" rel=\"noreferrer noopener\">aqui.<\/a> Ao compreender essas classifica\u00e7\u00f5es, voc\u00ea ter\u00e1 uma vis\u00e3o mais ampla do conceito do estudo abordado neste texto.<\/p>\n\n\n\n<p>Para uma r\u00e1pida compreens\u00e3o das diferentes classifica\u00e7\u00f5es dos estudos epidemiol\u00f3gicos, apresentamos abaixo um mapa mental que sintetiza e organiza visualmente essas categorias.<\/p>\n\n\n\n<p><img loading=\"lazy\" decoding=\"async\" src=\"https:\/\/lh7-rt.googleusercontent.com\/docsz\/AD_4nXf9f7LJbIwFfzvfudNaF2ywqxhgfWuQf1T2dUwZwaql5CB3fyxhICW_L3hgF60G9DUIN5Weju73bmWCpxRbpsc8B_t3mtxDOvN5WukTsvn5F_DVZIAYwMFjXsP3f_G_TgI5tD4OGYjeZs1_ZHHO1To5FXJy?key=Uuo2CZ0z5eEa6WGV4U6EEQ\" width=\"602\" height=\"337\"><\/p>\n\n\n\n<h3 class=\"wp-block-heading\" id=\"h-conceito\"><span class=\"ez-toc-section\" id=\"Conceito\"><\/span><strong>Conceito<\/strong><span class=\"ez-toc-section-end\"><\/span><\/h3>\n\n\n\n<p><strong>Agregado \u2192 Observacional \u2192 Longitudinal \u2192 S\u00e9rie temporal<\/strong><\/p>\n\n\n\n<p>Entende-se este estudo como um<strong> tipo de desenho do estudo ecol\u00f3gico<\/strong>. Estes estudos comparam um <strong>mesmo agregado populacional<\/strong> de determinado local <strong>em momentos distintos no tempo<\/strong>, permitindo a an\u00e1lise de tend\u00eancias temporais.<\/p>\n\n\n\n<p>Um exemplo desse tipo de estudo seria a an\u00e1lise dos \u00f3bitos por COVID-19 no Brasil entre 2020 e 2022. Este desenho de estudo oferece uma perspectiva \u00fanica sobre como determinados desfechos em sa\u00fade evoluem ao longo do tempo em uma popula\u00e7\u00e3o espec\u00edfica.<\/p>\n\n\n\n<p><strong>Vantagens:<\/strong><\/p>\n\n\n\n<ol class=\"wp-block-list\">\n<li><strong>Custo<\/strong>: s\u00e3o relativamente baratos de conduzir.<\/li>\n\n\n\n<li><strong>Rapidez<\/strong>: realizados em um per\u00edodo de tempo relativamente curto.<\/li>\n\n\n\n<li><strong>Utiliza\u00e7\u00e3o de dados secund\u00e1rios<\/strong>: frequentemente utilizam fontes secund\u00e1rias de informa\u00e7\u00e3o, ou seja, informa\u00e7\u00f5es que j\u00e1 foram recolhidas por outra pessoa ou organiza\u00e7\u00e3o, o que facilita a coleta de dados.<\/li>\n\n\n\n<li><strong>Gera\u00e7\u00e3o de hip\u00f3teses<\/strong>: s\u00e3o excelentes para levantar novas hip\u00f3teses de pesquisa.<\/li>\n\n\n\n<li><strong>Estimativa de efeito<\/strong>: podem estimar o efeito de exposi\u00e7\u00f5es a n\u00edvel populacional.<\/li>\n<\/ol>\n\n\n\n<p><strong>Desvantagens:<\/strong><\/p>\n\n\n\n<ol class=\"wp-block-list\">\n<li><strong>Confiabilidade das fontes<\/strong>: as fontes de informa\u00e7\u00e3o utilizadas podem ser pouco confi\u00e1veis, o que pode comprometer a qualidade dos dados.<\/li>\n\n\n\n<li><strong>Vi\u00e9s de confus\u00e3o<\/strong>: s\u00e3o mais suscet\u00edveis a vieses de confus\u00e3o, pois \u00e9 dif\u00edcil controlar todas as vari\u00e1veis em n\u00edvel populacional.<\/li>\n\n\n\n<li><strong>Limita\u00e7\u00f5es na causalidade<\/strong>: n\u00e3o permitem estabelecer rela\u00e7\u00f5es causais diretas entre exposi\u00e7\u00e3o e desfecho.<\/li>\n\n\n\n<li><strong>Fal\u00e1cia ecol\u00f3gica<\/strong>: est\u00e3o sujeitos \u00e0 fal\u00e1cia ecol\u00f3gica, onde associa\u00e7\u00f5es observadas no n\u00edvel do grupo podem n\u00e3o se aplicar no n\u00edvel individual.<\/li>\n<\/ol>\n\n\n\n<p>Apesar das limita\u00e7\u00f5es, os estudos agregados observacionais longitudinais s\u00e3o ferramentas valiosas na epidemiologia, especialmente para a compreens\u00e3o de tend\u00eancias em sa\u00fade p\u00fablica e para a gera\u00e7\u00e3o de hip\u00f3teses que podem ser posteriormente testadas em estudos mais robustos.<\/p>\n\n\n\n<h2 class=\"wp-block-heading\" id=\"o-m\u00e9todo-que-te-aprova\"><span class=\"ez-toc-section\" id=\"O_metodo_que_te_aprova\"><\/span><strong>O m\u00e9todo que te aprova!<\/strong><span class=\"ez-toc-section-end\"><\/span><\/h2>\n\n\n\n<p>Quer alcan\u00e7ar a aprova\u00e7\u00e3o nas provas de resid\u00eancia m\u00e9dica? Ent\u00e3o seja um&nbsp;<a href=\"https:\/\/www.grupomedcof.com.br\/home\/\" target=\"_blank\" rel=\"noreferrer noopener\">MedCoffer<\/a>! Aqui te ajudaremos na busca da aprova\u00e7\u00e3o com conte\u00fados de qualidade e uma&nbsp;<a href=\"https:\/\/www.grupomedcof.com.br\/blog\/presenca-da-medcof-nas-aprovacoes-em-residencia-medica-no-brasil\/\" target=\"_blank\" rel=\"noreferrer noopener\">metodologia que j\u00e1 aprovou mais de 10 mil residentes no pa\u00eds!&nbsp;<\/a>Por fim, acesse o nosso<a href=\"https:\/\/www.youtube.com\/@GrupoMedcof\/featured\" target=\"_blank\" rel=\"noreferrer noopener\">&nbsp;<strong>canal do youtube&nbsp;<\/strong><\/a>para ver o nosso material.<\/p>\n\n\n\n<figure class=\"wp-block-embed is-type-video is-provider-youtube wp-block-embed-youtube wp-embed-aspect-16-9 wp-has-aspect-ratio\"><div class=\"wp-block-embed__wrapper\">\n<div class=\"youtube-embed\" data-video_id=\"Y4JSxezJCXQ\"><iframe loading=\"lazy\" title=\"COFEXPRESS - Infectologia: COVID. Com Dra. Giovanna Tardin\" width=\"696\" height=\"392\" src=\"https:\/\/www.youtube.com\/embed\/Y4JSxezJCXQ?feature=oembed&#038;enablejsapi=1\" frameborder=\"0\" allow=\"accelerometer; autoplay; clipboard-write; encrypted-media; gyroscope; picture-in-picture; web-share\" referrerpolicy=\"strict-origin-when-cross-origin\" allowfullscreen><\/iframe><\/div>\n<\/div><\/figure>\n","protected":false},"excerpt":{"rendered":"<p>Esse estudo pode ser entendido como um tipo de desenho do estudo ecol\u00f3gico. Para mais informa\u00e7\u00f5es, veja o conte\u00fado em nosso blog!<\/p>\n","protected":false},"author":24,"featured_media":29307,"comment_status":"open","ping_status":"open","sticky":false,"template":"","format":"standard","meta":{"footnotes":""},"categories":[197],"tags":[1935,1928,117,68],"ppma_author":[3622],"class_list":{"0":"post-29306","1":"post","2":"type-post","3":"status-publish","4":"format-standard","5":"has-post-thumbnail","7":"category-preventiva","8":"tag-estudo-de-serie-temporal","9":"tag-estudos-epidemiologicos","10":"tag-provas-de-residencia","11":"tag-residencia-medica"},"yoast_head":"<!-- This site is optimized with the Yoast SEO Premium plugin v24.3 (Yoast SEO v27.5) - https:\/\/yoast.com\/product\/yoast-seo-premium-wordpress\/ -->\n<title>Saiba o que \u00e9 um estudo de s\u00e9rie temporal - Blog de Medcof: conte\u00fados, editais, revalida e mais!<\/title>\n<meta name=\"description\" content=\"Esse estudo pode ser entendido como um tipo de desenho do estudo ecol\u00f3gico. Para mais informa\u00e7\u00f5es, veja o conte\u00fado em nosso blog!\" \/>\n<meta name=\"robots\" content=\"index, follow, max-snippet:-1, max-image-preview:large, max-video-preview:-1\" \/>\n<link rel=\"canonical\" href=\"https:\/\/www.grupomedcof.com.br\/blog\/saiba-o-que-e-um-estudo-de-serie-temporal\/\" \/>\n<meta property=\"og:locale\" content=\"pt_BR\" \/>\n<meta property=\"og:type\" content=\"article\" \/>\n<meta property=\"og:title\" content=\"Saiba o que \u00e9 um estudo de s\u00e9rie temporal\" \/>\n<meta property=\"og:description\" content=\"Esse estudo pode ser entendido como um tipo de desenho do estudo ecol\u00f3gico. Para mais informa\u00e7\u00f5es, veja o conte\u00fado em nosso blog!\" \/>\n<meta property=\"og:url\" content=\"https:\/\/www.grupomedcof.com.br\/blog\/saiba-o-que-e-um-estudo-de-serie-temporal\/\" \/>\n<meta property=\"og:site_name\" content=\"Blog de Medcof: conte\u00fados, editais, revalida e mais!\" \/>\n<meta property=\"article:publisher\" content=\"https:\/\/www.facebook.com\/MedCofQbank\/\" \/>\n<meta property=\"article:published_time\" content=\"2024-08-31T13:27:38+00:00\" \/>\n<meta property=\"og:image\" content=\"https:\/\/www.grupomedcof.com.br\/blog\/wp-content\/uploads\/2024\/08\/Blog-MedCof-2024-08-30T102519.613-1024x576.png\" \/>\n\t<meta property=\"og:image:width\" content=\"1024\" \/>\n\t<meta property=\"og:image:height\" content=\"576\" \/>\n\t<meta property=\"og:image:type\" content=\"image\/png\" \/>\n<meta name=\"author\" content=\"Giulia Gallucci\" \/>\n<meta name=\"twitter:card\" content=\"summary_large_image\" \/>\n<meta name=\"twitter:label1\" content=\"Escrito por\" \/>\n\t<meta name=\"twitter:data1\" content=\"Giulia Gallucci\" \/>\n\t<meta name=\"twitter:label2\" content=\"Est. tempo de leitura\" \/>\n\t<meta name=\"twitter:data2\" content=\"3 minutos\" \/>\n<script type=\"application\/ld+json\" class=\"yoast-schema-graph\">{\"@context\":\"https:\\\/\\\/schema.org\",\"@graph\":[{\"@type\":\"Article\",\"@id\":\"https:\\\/\\\/www.grupomedcof.com.br\\\/blog\\\/saiba-o-que-e-um-estudo-de-serie-temporal\\\/#article\",\"isPartOf\":{\"@id\":\"https:\\\/\\\/www.grupomedcof.com.br\\\/blog\\\/saiba-o-que-e-um-estudo-de-serie-temporal\\\/\"},\"author\":{\"name\":\"Giulia Gallucci\",\"@id\":\"https:\\\/\\\/www.grupomedcof.com.br\\\/blog\\\/#\\\/schema\\\/person\\\/cbd624fbb1ebcd60fd4136808a39233c\"},\"headline\":\"Saiba o que \u00e9 um estudo de s\u00e9rie temporal\",\"datePublished\":\"2024-08-31T13:27:38+00:00\",\"mainEntityOfPage\":{\"@id\":\"https:\\\/\\\/www.grupomedcof.com.br\\\/blog\\\/saiba-o-que-e-um-estudo-de-serie-temporal\\\/\"},\"wordCount\":459,\"commentCount\":0,\"publisher\":{\"@id\":\"https:\\\/\\\/www.grupomedcof.com.br\\\/blog\\\/#organization\"},\"image\":{\"@id\":\"https:\\\/\\\/www.grupomedcof.com.br\\\/blog\\\/saiba-o-que-e-um-estudo-de-serie-temporal\\\/#primaryimage\"},\"thumbnailUrl\":\"https:\\\/\\\/www.grupomedcof.com.br\\\/blog\\\/wp-content\\\/uploads\\\/2024\\\/08\\\/Blog-MedCof-2024-08-30T102519.613.png\",\"keywords\":[\"Estudo de s\u00e9rie temporal\",\"Estudos epidemiol\u00f3gicos\",\"Provas de Resid\u00eancia\",\"Resid\u00eancia M\u00e9dica\"],\"articleSection\":[\"Preventiva\"],\"inLanguage\":\"pt-BR\"},{\"@type\":\"WebPage\",\"@id\":\"https:\\\/\\\/www.grupomedcof.com.br\\\/blog\\\/saiba-o-que-e-um-estudo-de-serie-temporal\\\/\",\"url\":\"https:\\\/\\\/www.grupomedcof.com.br\\\/blog\\\/saiba-o-que-e-um-estudo-de-serie-temporal\\\/\",\"name\":\"Saiba o que \u00e9 um estudo de s\u00e9rie temporal - Blog de Medcof: conte\u00fados, editais, revalida e mais!\",\"isPartOf\":{\"@id\":\"https:\\\/\\\/www.grupomedcof.com.br\\\/blog\\\/#website\"},\"primaryImageOfPage\":{\"@id\":\"https:\\\/\\\/www.grupomedcof.com.br\\\/blog\\\/saiba-o-que-e-um-estudo-de-serie-temporal\\\/#primaryimage\"},\"image\":{\"@id\":\"https:\\\/\\\/www.grupomedcof.com.br\\\/blog\\\/saiba-o-que-e-um-estudo-de-serie-temporal\\\/#primaryimage\"},\"thumbnailUrl\":\"https:\\\/\\\/www.grupomedcof.com.br\\\/blog\\\/wp-content\\\/uploads\\\/2024\\\/08\\\/Blog-MedCof-2024-08-30T102519.613.png\",\"datePublished\":\"2024-08-31T13:27:38+00:00\",\"description\":\"Esse estudo pode ser entendido como um tipo de desenho do estudo ecol\u00f3gico. Para mais informa\u00e7\u00f5es, veja o conte\u00fado em nosso blog!\",\"breadcrumb\":{\"@id\":\"https:\\\/\\\/www.grupomedcof.com.br\\\/blog\\\/saiba-o-que-e-um-estudo-de-serie-temporal\\\/#breadcrumb\"},\"inLanguage\":\"pt-BR\",\"potentialAction\":[{\"@type\":\"ReadAction\",\"target\":[\"https:\\\/\\\/www.grupomedcof.com.br\\\/blog\\\/saiba-o-que-e-um-estudo-de-serie-temporal\\\/\"]}]},{\"@type\":\"ImageObject\",\"inLanguage\":\"pt-BR\",\"@id\":\"https:\\\/\\\/www.grupomedcof.com.br\\\/blog\\\/saiba-o-que-e-um-estudo-de-serie-temporal\\\/#primaryimage\",\"url\":\"https:\\\/\\\/www.grupomedcof.com.br\\\/blog\\\/wp-content\\\/uploads\\\/2024\\\/08\\\/Blog-MedCof-2024-08-30T102519.613.png\",\"contentUrl\":\"https:\\\/\\\/www.grupomedcof.com.br\\\/blog\\\/wp-content\\\/uploads\\\/2024\\\/08\\\/Blog-MedCof-2024-08-30T102519.613.png\",\"width\":2560,\"height\":1440},{\"@type\":\"BreadcrumbList\",\"@id\":\"https:\\\/\\\/www.grupomedcof.com.br\\\/blog\\\/saiba-o-que-e-um-estudo-de-serie-temporal\\\/#breadcrumb\",\"itemListElement\":[{\"@type\":\"ListItem\",\"position\":1,\"name\":\"In\u00edcio\",\"item\":\"https:\\\/\\\/www.grupomedcof.com.br\\\/blog\\\/\"},{\"@type\":\"ListItem\",\"position\":2,\"name\":\"Saiba o que \u00e9 um estudo de s\u00e9rie temporal\"}]},{\"@type\":\"WebSite\",\"@id\":\"https:\\\/\\\/www.grupomedcof.com.br\\\/blog\\\/#website\",\"url\":\"https:\\\/\\\/www.grupomedcof.com.br\\\/blog\\\/\",\"name\":\"Blog de Medcof: conte\u00fados, editais, revalida e mais!\",\"description\":\"Acesso o blog de MedCof! Seu portal de conte\u00fados sobre resid\u00eancia m\u00e9dica, an\u00e1lise e editais e muito mais. Clique e confira!\",\"publisher\":{\"@id\":\"https:\\\/\\\/www.grupomedcof.com.br\\\/blog\\\/#organization\"},\"alternateName\":\"Blog de Medcof: conte\u00fados, editais, revalida e mais!\",\"potentialAction\":[{\"@type\":\"SearchAction\",\"target\":{\"@type\":\"EntryPoint\",\"urlTemplate\":\"https:\\\/\\\/www.grupomedcof.com.br\\\/blog\\\/?s={search_term_string}\"},\"query-input\":{\"@type\":\"PropertyValueSpecification\",\"valueRequired\":true,\"valueName\":\"search_term_string\"}}],\"inLanguage\":\"pt-BR\"},{\"@type\":\"Organization\",\"@id\":\"https:\\\/\\\/www.grupomedcof.com.br\\\/blog\\\/#organization\",\"name\":\"Grupo MedCof\",\"url\":\"https:\\\/\\\/www.grupomedcof.com.br\\\/blog\\\/\",\"logo\":{\"@type\":\"ImageObject\",\"inLanguage\":\"pt-BR\",\"@id\":\"https:\\\/\\\/www.grupomedcof.com.br\\\/blog\\\/#\\\/schema\\\/logo\\\/image\\\/\",\"url\":\"https:\\\/\\\/www.grupomedcof.com.br\\\/blog\\\/wp-content\\\/uploads\\\/2022\\\/01\\\/logo-medcof.png\",\"contentUrl\":\"https:\\\/\\\/www.grupomedcof.com.br\\\/blog\\\/wp-content\\\/uploads\\\/2022\\\/01\\\/logo-medcof.png\",\"width\":768,\"height\":269,\"caption\":\"Grupo MedCof\"},\"image\":{\"@id\":\"https:\\\/\\\/www.grupomedcof.com.br\\\/blog\\\/#\\\/schema\\\/logo\\\/image\\\/\"},\"sameAs\":[\"https:\\\/\\\/www.facebook.com\\\/MedCofQbank\\\/\",\"https:\\\/\\\/www.instagram.com\\\/grupomedcof\\\/\",\"https:\\\/\\\/br.linkedin.com\\\/company\\\/medcof\",\"https:\\\/\\\/www.youtube.com\\\/channel\\\/UCdHMuOHKICxcHwecxN8P-AA\"]},{\"@type\":\"Person\",\"@id\":\"https:\\\/\\\/www.grupomedcof.com.br\\\/blog\\\/#\\\/schema\\\/person\\\/cbd624fbb1ebcd60fd4136808a39233c\",\"name\":\"Giulia Gallucci\",\"image\":{\"@type\":\"ImageObject\",\"inLanguage\":\"pt-BR\",\"@id\":\"https:\\\/\\\/www.grupomedcof.com.br\\\/blog\\\/wp-content\\\/uploads\\\/2024\\\/08\\\/cropped-WhatsApp-Image-2024-08-08-at-17.32.39-96x96.jpegfde277ec50b1253fb8a587ae1110f977\",\"url\":\"https:\\\/\\\/www.grupomedcof.com.br\\\/blog\\\/wp-content\\\/uploads\\\/2024\\\/08\\\/cropped-WhatsApp-Image-2024-08-08-at-17.32.39-96x96.jpeg\",\"contentUrl\":\"https:\\\/\\\/www.grupomedcof.com.br\\\/blog\\\/wp-content\\\/uploads\\\/2024\\\/08\\\/cropped-WhatsApp-Image-2024-08-08-at-17.32.39-96x96.jpeg\",\"caption\":\"Giulia Gallucci\"},\"description\":\"Estudante de Medicina. Entusiasta da organiza\u00e7\u00e3o e da atividade fisica.\",\"url\":\"https:\\\/\\\/www.grupomedcof.com.br\\\/blog\\\/author\\\/giulia\\\/\"}]}<\/script>\n<!-- \/ Yoast SEO Premium plugin. -->","yoast_head_json":{"title":"Saiba o que \u00e9 um estudo de s\u00e9rie temporal - Blog de Medcof: conte\u00fados, editais, revalida e mais!","description":"Esse estudo pode ser entendido como um tipo de desenho do estudo ecol\u00f3gico. Para mais informa\u00e7\u00f5es, veja o conte\u00fado em nosso blog!","robots":{"index":"index","follow":"follow","max-snippet":"max-snippet:-1","max-image-preview":"max-image-preview:large","max-video-preview":"max-video-preview:-1"},"canonical":"https:\/\/www.grupomedcof.com.br\/blog\/saiba-o-que-e-um-estudo-de-serie-temporal\/","og_locale":"pt_BR","og_type":"article","og_title":"Saiba o que \u00e9 um estudo de s\u00e9rie temporal","og_description":"Esse estudo pode ser entendido como um tipo de desenho do estudo ecol\u00f3gico. Para mais informa\u00e7\u00f5es, veja o conte\u00fado em nosso blog!","og_url":"https:\/\/www.grupomedcof.com.br\/blog\/saiba-o-que-e-um-estudo-de-serie-temporal\/","og_site_name":"Blog de Medcof: conte\u00fados, editais, revalida e mais!","article_publisher":"https:\/\/www.facebook.com\/MedCofQbank\/","article_published_time":"2024-08-31T13:27:38+00:00","og_image":[{"width":1024,"height":576,"url":"https:\/\/www.grupomedcof.com.br\/blog\/wp-content\/uploads\/2024\/08\/Blog-MedCof-2024-08-30T102519.613-1024x576.png","type":"image\/png"}],"author":"Giulia Gallucci","twitter_card":"summary_large_image","twitter_misc":{"Escrito por":"Giulia Gallucci","Est. tempo de leitura":"3 minutos"},"schema":{"@context":"https:\/\/schema.org","@graph":[{"@type":"Article","@id":"https:\/\/www.grupomedcof.com.br\/blog\/saiba-o-que-e-um-estudo-de-serie-temporal\/#article","isPartOf":{"@id":"https:\/\/www.grupomedcof.com.br\/blog\/saiba-o-que-e-um-estudo-de-serie-temporal\/"},"author":{"name":"Giulia Gallucci","@id":"https:\/\/www.grupomedcof.com.br\/blog\/#\/schema\/person\/cbd624fbb1ebcd60fd4136808a39233c"},"headline":"Saiba o que \u00e9 um estudo de s\u00e9rie temporal","datePublished":"2024-08-31T13:27:38+00:00","mainEntityOfPage":{"@id":"https:\/\/www.grupomedcof.com.br\/blog\/saiba-o-que-e-um-estudo-de-serie-temporal\/"},"wordCount":459,"commentCount":0,"publisher":{"@id":"https:\/\/www.grupomedcof.com.br\/blog\/#organization"},"image":{"@id":"https:\/\/www.grupomedcof.com.br\/blog\/saiba-o-que-e-um-estudo-de-serie-temporal\/#primaryimage"},"thumbnailUrl":"https:\/\/www.grupomedcof.com.br\/blog\/wp-content\/uploads\/2024\/08\/Blog-MedCof-2024-08-30T102519.613.png","keywords":["Estudo de s\u00e9rie temporal","Estudos epidemiol\u00f3gicos","Provas de Resid\u00eancia","Resid\u00eancia M\u00e9dica"],"articleSection":["Preventiva"],"inLanguage":"pt-BR"},{"@type":"WebPage","@id":"https:\/\/www.grupomedcof.com.br\/blog\/saiba-o-que-e-um-estudo-de-serie-temporal\/","url":"https:\/\/www.grupomedcof.com.br\/blog\/saiba-o-que-e-um-estudo-de-serie-temporal\/","name":"Saiba o que \u00e9 um estudo de s\u00e9rie temporal - Blog de Medcof: conte\u00fados, editais, revalida e mais!","isPartOf":{"@id":"https:\/\/www.grupomedcof.com.br\/blog\/#website"},"primaryImageOfPage":{"@id":"https:\/\/www.grupomedcof.com.br\/blog\/saiba-o-que-e-um-estudo-de-serie-temporal\/#primaryimage"},"image":{"@id":"https:\/\/www.grupomedcof.com.br\/blog\/saiba-o-que-e-um-estudo-de-serie-temporal\/#primaryimage"},"thumbnailUrl":"https:\/\/www.grupomedcof.com.br\/blog\/wp-content\/uploads\/2024\/08\/Blog-MedCof-2024-08-30T102519.613.png","datePublished":"2024-08-31T13:27:38+00:00","description":"Esse estudo pode ser entendido como um tipo de desenho do estudo ecol\u00f3gico. Para mais informa\u00e7\u00f5es, veja o conte\u00fado em nosso blog!","breadcrumb":{"@id":"https:\/\/www.grupomedcof.com.br\/blog\/saiba-o-que-e-um-estudo-de-serie-temporal\/#breadcrumb"},"inLanguage":"pt-BR","potentialAction":[{"@type":"ReadAction","target":["https:\/\/www.grupomedcof.com.br\/blog\/saiba-o-que-e-um-estudo-de-serie-temporal\/"]}]},{"@type":"ImageObject","inLanguage":"pt-BR","@id":"https:\/\/www.grupomedcof.com.br\/blog\/saiba-o-que-e-um-estudo-de-serie-temporal\/#primaryimage","url":"https:\/\/www.grupomedcof.com.br\/blog\/wp-content\/uploads\/2024\/08\/Blog-MedCof-2024-08-30T102519.613.png","contentUrl":"https:\/\/www.grupomedcof.com.br\/blog\/wp-content\/uploads\/2024\/08\/Blog-MedCof-2024-08-30T102519.613.png","width":2560,"height":1440},{"@type":"BreadcrumbList","@id":"https:\/\/www.grupomedcof.com.br\/blog\/saiba-o-que-e-um-estudo-de-serie-temporal\/#breadcrumb","itemListElement":[{"@type":"ListItem","position":1,"name":"In\u00edcio","item":"https:\/\/www.grupomedcof.com.br\/blog\/"},{"@type":"ListItem","position":2,"name":"Saiba o que \u00e9 um estudo de s\u00e9rie temporal"}]},{"@type":"WebSite","@id":"https:\/\/www.grupomedcof.com.br\/blog\/#website","url":"https:\/\/www.grupomedcof.com.br\/blog\/","name":"Blog de Medcof: conte\u00fados, editais, revalida e mais!","description":"Acesso o blog de MedCof! Seu portal de conte\u00fados sobre resid\u00eancia m\u00e9dica, an\u00e1lise e editais e muito mais. Clique e confira!","publisher":{"@id":"https:\/\/www.grupomedcof.com.br\/blog\/#organization"},"alternateName":"Blog de Medcof: conte\u00fados, editais, revalida e mais!","potentialAction":[{"@type":"SearchAction","target":{"@type":"EntryPoint","urlTemplate":"https:\/\/www.grupomedcof.com.br\/blog\/?s={search_term_string}"},"query-input":{"@type":"PropertyValueSpecification","valueRequired":true,"valueName":"search_term_string"}}],"inLanguage":"pt-BR"},{"@type":"Organization","@id":"https:\/\/www.grupomedcof.com.br\/blog\/#organization","name":"Grupo MedCof","url":"https:\/\/www.grupomedcof.com.br\/blog\/","logo":{"@type":"ImageObject","inLanguage":"pt-BR","@id":"https:\/\/www.grupomedcof.com.br\/blog\/#\/schema\/logo\/image\/","url":"https:\/\/www.grupomedcof.com.br\/blog\/wp-content\/uploads\/2022\/01\/logo-medcof.png","contentUrl":"https:\/\/www.grupomedcof.com.br\/blog\/wp-content\/uploads\/2022\/01\/logo-medcof.png","width":768,"height":269,"caption":"Grupo MedCof"},"image":{"@id":"https:\/\/www.grupomedcof.com.br\/blog\/#\/schema\/logo\/image\/"},"sameAs":["https:\/\/www.facebook.com\/MedCofQbank\/","https:\/\/www.instagram.com\/grupomedcof\/","https:\/\/br.linkedin.com\/company\/medcof","https:\/\/www.youtube.com\/channel\/UCdHMuOHKICxcHwecxN8P-AA"]},{"@type":"Person","@id":"https:\/\/www.grupomedcof.com.br\/blog\/#\/schema\/person\/cbd624fbb1ebcd60fd4136808a39233c","name":"Giulia Gallucci","image":{"@type":"ImageObject","inLanguage":"pt-BR","@id":"https:\/\/www.grupomedcof.com.br\/blog\/wp-content\/uploads\/2024\/08\/cropped-WhatsApp-Image-2024-08-08-at-17.32.39-96x96.jpegfde277ec50b1253fb8a587ae1110f977","url":"https:\/\/www.grupomedcof.com.br\/blog\/wp-content\/uploads\/2024\/08\/cropped-WhatsApp-Image-2024-08-08-at-17.32.39-96x96.jpeg","contentUrl":"https:\/\/www.grupomedcof.com.br\/blog\/wp-content\/uploads\/2024\/08\/cropped-WhatsApp-Image-2024-08-08-at-17.32.39-96x96.jpeg","caption":"Giulia Gallucci"},"description":"Estudante de Medicina. Entusiasta da organiza\u00e7\u00e3o e da atividade fisica.","url":"https:\/\/www.grupomedcof.com.br\/blog\/author\/giulia\/"}]}},"authors":[{"term_id":3622,"user_id":24,"is_guest":0,"slug":"giulia","display_name":"Giulia Gallucci","avatar_url":"https:\/\/www.grupomedcof.com.br\/blog\/wp-content\/uploads\/2024\/08\/cropped-WhatsApp-Image-2024-08-08-at-17.32.39-96x96.jpeg","0":null,"1":"","2":"","3":"","4":"","5":"","6":"","7":"","8":""}],"_links":{"self":[{"href":"https:\/\/www.grupomedcof.com.br\/blog\/wp-json\/wp\/v2\/posts\/29306","targetHints":{"allow":["GET"]}}],"collection":[{"href":"https:\/\/www.grupomedcof.com.br\/blog\/wp-json\/wp\/v2\/posts"}],"about":[{"href":"https:\/\/www.grupomedcof.com.br\/blog\/wp-json\/wp\/v2\/types\/post"}],"author":[{"embeddable":true,"href":"https:\/\/www.grupomedcof.com.br\/blog\/wp-json\/wp\/v2\/users\/24"}],"replies":[{"embeddable":true,"href":"https:\/\/www.grupomedcof.com.br\/blog\/wp-json\/wp\/v2\/comments?post=29306"}],"version-history":[{"count":0,"href":"https:\/\/www.grupomedcof.com.br\/blog\/wp-json\/wp\/v2\/posts\/29306\/revisions"}],"wp:featuredmedia":[{"embeddable":true,"href":"https:\/\/www.grupomedcof.com.br\/blog\/wp-json\/wp\/v2\/media\/29307"}],"wp:attachment":[{"href":"https:\/\/www.grupomedcof.com.br\/blog\/wp-json\/wp\/v2\/media?parent=29306"}],"wp:term":[{"taxonomy":"category","embeddable":true,"href":"https:\/\/www.grupomedcof.com.br\/blog\/wp-json\/wp\/v2\/categories?post=29306"},{"taxonomy":"post_tag","embeddable":true,"href":"https:\/\/www.grupomedcof.com.br\/blog\/wp-json\/wp\/v2\/tags?post=29306"},{"taxonomy":"author","embeddable":true,"href":"https:\/\/www.grupomedcof.com.br\/blog\/wp-json\/wp\/v2\/ppma_author?post=29306"}],"curies":[{"name":"wp","href":"https:\/\/api.w.org\/{rel}","templated":true}]}}