{"id":29316,"date":"2024-09-01T10:59:48","date_gmt":"2024-09-01T13:59:48","guid":{"rendered":"https:\/\/www.grupomedcof.com.br\/blog\/?p=29316"},"modified":"2024-09-03T10:29:06","modified_gmt":"2024-09-03T13:29:06","slug":"saiba-como-cancer-do-endometrio-e-cobrado-nas-provas-de-residencia","status":"publish","type":"post","link":"https:\/\/www.grupomedcof.com.br\/blog\/saiba-como-cancer-do-endometrio-e-cobrado-nas-provas-de-residencia\/","title":{"rendered":"C\u00e2ncer do endom\u00e9trio: como \u00e9 cobrado nas provas de Resid\u00eancia"},"content":{"rendered":"<div id=\"ez-toc-container\" class=\"ez-toc-v2_0_74 counter-hierarchy ez-toc-counter ez-toc-transparent ez-toc-container-direction\">\n<div class=\"ez-toc-title-container\">\n<p class=\"ez-toc-title\" style=\"cursor:inherit\">Sum\u00e1rio<\/p>\n<span class=\"ez-toc-title-toggle\"><a href=\"#\" class=\"ez-toc-pull-right ez-toc-btn ez-toc-btn-xs ez-toc-btn-default ez-toc-toggle\" aria-label=\"Alternar tabela de conte\u00fado\"><span class=\"ez-toc-js-icon-con\"><span class=\"\"><span class=\"eztoc-hide\" style=\"display:none;\">Toggle<\/span><span class=\"ez-toc-icon-toggle-span\"><svg style=\"fill: #999;color:#999\" xmlns=\"http:\/\/www.w3.org\/2000\/svg\" class=\"list-377408\" width=\"20px\" height=\"20px\" viewBox=\"0 0 24 24\" fill=\"none\"><path d=\"M6 6H4v2h2V6zm14 0H8v2h12V6zM4 11h2v2H4v-2zm16 0H8v2h12v-2zM4 16h2v2H4v-2zm16 0H8v2h12v-2z\" fill=\"currentColor\"><\/path><\/svg><svg style=\"fill: #999;color:#999\" class=\"arrow-unsorted-368013\" xmlns=\"http:\/\/www.w3.org\/2000\/svg\" width=\"10px\" height=\"10px\" viewBox=\"0 0 24 24\" version=\"1.2\" baseProfile=\"tiny\"><path d=\"M18.2 9.3l-6.2-6.3-6.2 6.3c-.2.2-.3.4-.3.7s.1.5.3.7c.2.2.4.3.7.3h11c.3 0 .5-.1.7-.3.2-.2.3-.5.3-.7s-.1-.5-.3-.7zM5.8 14.7l6.2 6.3 6.2-6.3c.2-.2.3-.5.3-.7s-.1-.5-.3-.7c-.2-.2-.4-.3-.7-.3h-11c-.3 0-.5.1-.7.3-.2.2-.3.5-.3.7s.1.5.3.7z\"\/><\/svg><\/span><\/span><\/span><\/a><\/span><\/div>\n<nav><ul class='ez-toc-list ez-toc-list-level-1 ' ><li class='ez-toc-page-1 ez-toc-heading-level-2'><a class=\"ez-toc-link ez-toc-heading-1\" href=\"https:\/\/www.grupomedcof.com.br\/blog\/saiba-como-cancer-do-endometrio-e-cobrado-nas-provas-de-residencia\/#Entendendo_o_Cancer\" >Entendendo o C\u00e2ncer<\/a><ul class='ez-toc-list-level-3' ><li class='ez-toc-heading-level-3'><a class=\"ez-toc-link ez-toc-heading-2\" href=\"https:\/\/www.grupomedcof.com.br\/blog\/saiba-como-cancer-do-endometrio-e-cobrado-nas-provas-de-residencia\/#Etiologia\" >Etiologia<\/a><\/li><li class='ez-toc-page-1 ez-toc-heading-level-3'><a class=\"ez-toc-link ez-toc-heading-3\" href=\"https:\/\/www.grupomedcof.com.br\/blog\/saiba-como-cancer-do-endometrio-e-cobrado-nas-provas-de-residencia\/#Sintomas\" >Sintomas&nbsp;<\/a><\/li><li class='ez-toc-page-1 ez-toc-heading-level-3'><a class=\"ez-toc-link ez-toc-heading-4\" href=\"https:\/\/www.grupomedcof.com.br\/blog\/saiba-como-cancer-do-endometrio-e-cobrado-nas-provas-de-residencia\/#Classificacao\" >Classifica\u00e7\u00e3o&nbsp;<\/a><\/li><li class='ez-toc-page-1 ez-toc-heading-level-3'><a class=\"ez-toc-link ez-toc-heading-5\" href=\"https:\/\/www.grupomedcof.com.br\/blog\/saiba-como-cancer-do-endometrio-e-cobrado-nas-provas-de-residencia\/#Fatores_de_Risco\" >Fatores de Risco&nbsp;<\/a><\/li><li class='ez-toc-page-1 ez-toc-heading-level-3'><a class=\"ez-toc-link ez-toc-heading-6\" href=\"https:\/\/www.grupomedcof.com.br\/blog\/saiba-como-cancer-do-endometrio-e-cobrado-nas-provas-de-residencia\/#Fatores_de_Protecao\" >Fatores de Prote\u00e7\u00e3o<\/a><\/li><li class='ez-toc-page-1 ez-toc-heading-level-3'><a class=\"ez-toc-link ez-toc-heading-7\" href=\"https:\/\/www.grupomedcof.com.br\/blog\/saiba-como-cancer-do-endometrio-e-cobrado-nas-provas-de-residencia\/#Avaliacao_do_Quadro_Clinica\" >Avalia\u00e7\u00e3o do Quadro Cl\u00ednica&nbsp;<\/a><\/li><li class='ez-toc-page-1 ez-toc-heading-level-3'><a class=\"ez-toc-link ez-toc-heading-8\" href=\"https:\/\/www.grupomedcof.com.br\/blog\/saiba-como-cancer-do-endometrio-e-cobrado-nas-provas-de-residencia\/#Diagnostico\" >Diagn\u00f3stico<\/a><\/li><li class='ez-toc-page-1 ez-toc-heading-level-3'><a class=\"ez-toc-link ez-toc-heading-9\" href=\"https:\/\/www.grupomedcof.com.br\/blog\/saiba-como-cancer-do-endometrio-e-cobrado-nas-provas-de-residencia\/#Estadiamento\" >Estadiamento<\/a><\/li><li class='ez-toc-page-1 ez-toc-heading-level-3'><a class=\"ez-toc-link ez-toc-heading-10\" href=\"https:\/\/www.grupomedcof.com.br\/blog\/saiba-como-cancer-do-endometrio-e-cobrado-nas-provas-de-residencia\/#Grau_de_Risco\" >Grau de Risco&nbsp;<\/a><\/li><li class='ez-toc-page-1 ez-toc-heading-level-3'><a class=\"ez-toc-link ez-toc-heading-11\" href=\"https:\/\/www.grupomedcof.com.br\/blog\/saiba-como-cancer-do-endometrio-e-cobrado-nas-provas-de-residencia\/#Tratamento\" >Tratamento<\/a><\/li><li class='ez-toc-page-1 ez-toc-heading-level-3'><a class=\"ez-toc-link ez-toc-heading-12\" href=\"https:\/\/www.grupomedcof.com.br\/blog\/saiba-como-cancer-do-endometrio-e-cobrado-nas-provas-de-residencia\/#Prevencao\" >Preven\u00e7\u00e3o&nbsp;<\/a><\/li><\/ul><\/li><li class='ez-toc-page-1 ez-toc-heading-level-2'><a class=\"ez-toc-link ez-toc-heading-13\" href=\"https:\/\/www.grupomedcof.com.br\/blog\/saiba-como-cancer-do-endometrio-e-cobrado-nas-provas-de-residencia\/#O_metodo_que_te_aprova\" >O m\u00e9todo que te aprova!<\/a><\/li><\/ul><\/nav><\/div>\n\n<figure class=\"wp-block-image size-large\"><img loading=\"lazy\" decoding=\"async\" width=\"1024\" height=\"576\" src=\"https:\/\/www.grupomedcof.com.br\/blog\/wp-content\/uploads\/2024\/08\/Blog-MedCof-2024-08-30T113817.656-1024x576.png\" alt=\"\" class=\"wp-image-29317\" srcset=\"https:\/\/www.grupomedcof.com.br\/blog\/wp-content\/uploads\/2024\/08\/Blog-MedCof-2024-08-30T113817.656-1024x576.png 1024w, https:\/\/www.grupomedcof.com.br\/blog\/wp-content\/uploads\/2024\/08\/Blog-MedCof-2024-08-30T113817.656-300x169.png 300w, https:\/\/www.grupomedcof.com.br\/blog\/wp-content\/uploads\/2024\/08\/Blog-MedCof-2024-08-30T113817.656-768x432.png 768w, https:\/\/www.grupomedcof.com.br\/blog\/wp-content\/uploads\/2024\/08\/Blog-MedCof-2024-08-30T113817.656-1536x864.png 1536w, https:\/\/www.grupomedcof.com.br\/blog\/wp-content\/uploads\/2024\/08\/Blog-MedCof-2024-08-30T113817.656-2048x1152.png 2048w, https:\/\/www.grupomedcof.com.br\/blog\/wp-content\/uploads\/2024\/08\/Blog-MedCof-2024-08-30T113817.656-747x420.png 747w, https:\/\/www.grupomedcof.com.br\/blog\/wp-content\/uploads\/2024\/08\/Blog-MedCof-2024-08-30T113817.656-150x84.png 150w, https:\/\/www.grupomedcof.com.br\/blog\/wp-content\/uploads\/2024\/08\/Blog-MedCof-2024-08-30T113817.656-696x392.png 696w, https:\/\/www.grupomedcof.com.br\/blog\/wp-content\/uploads\/2024\/08\/Blog-MedCof-2024-08-30T113817.656-1068x601.png 1068w, https:\/\/www.grupomedcof.com.br\/blog\/wp-content\/uploads\/2024\/08\/Blog-MedCof-2024-08-30T113817.656-1920x1080.png 1920w\" sizes=\"auto, (max-width: 1024px) 100vw, 1024px\" \/><\/figure>\n\n\n\n<h2 class=\"wp-block-heading\" id=\"h-entendendo-o-cancer\"><span class=\"ez-toc-section\" id=\"Entendendo_o_Cancer\"><\/span><strong>Entendendo o C\u00e2ncer<\/strong><span class=\"ez-toc-section-end\"><\/span><\/h2>\n\n\n\n<p>Um dos c\u00e2nceres ginecol\u00f3gicos mais comuns (principalmente nos pa\u00edses mais desenvolvidos), esse tipo se desenvolve no revestimento interno do \u00fatero. No Brasil, \u00e9 o quinto c\u00e2ncer mais comum entre as mulheres, com risco cumulativo de 1% aos 75 anos.&nbsp; O aparecimento dele \u00e9 mais comum na p\u00f3s-menopausa (o pr\u00e9-menopausa representa somente 14% dos casos).&nbsp; Como a obesidade e o envelhecimento s\u00e3o fatores de risco para o desenvolvimento, os diagn\u00f3sticos dessa condi\u00e7\u00e3o v\u00eam aumentando na atualidade.&nbsp;<\/p>\n\n\n\n<p>Vamos explorar mais fundo alguns pontos desse C\u00e2ncer?<\/p>\n\n\n\n<h3 class=\"wp-block-heading\" id=\"h-etiologia\"><span class=\"ez-toc-section\" id=\"Etiologia\"><\/span><strong>Etiologia<\/strong><span class=\"ez-toc-section-end\"><\/span><\/h3>\n\n\n\n<p>Essa condi\u00e7\u00e3o deriva das hiperplasias endometriais (sem atipia, de risco baixo, ou com atipia, com risco de 25 a 30% de progress\u00e3o para CA). Em casos de prole constitu\u00edda, se observa na histerectomia. A principal raz\u00e3o para o desenvolvimento de hiperplasia at\u00edpica \u00e9 a desbalan\u00e7o entre progesterona (protetora do endom\u00e9trio quando estabilizada) e estrog\u00eanio.&nbsp;<\/p>\n\n\n\n<h3 class=\"wp-block-heading\" id=\"h-sintomas-nbsp\"><span class=\"ez-toc-section\" id=\"Sintomas\"><\/span><strong>Sintomas&nbsp;<\/strong><span class=\"ez-toc-section-end\"><\/span><\/h3>\n\n\n\n<p>Apesar de variar em grau e modo de manifesta\u00e7\u00e3o de acordo com cada paciente, entre os principais sintomas podemos incluir:&nbsp;<\/p>\n\n\n\n<ul class=\"wp-block-list\">\n<li>Sangramento vaginal anormal entre per\u00edodos menstruais ou ap\u00f3s a menopausa<\/li>\n\n\n\n<li>Dor p\u00e9lvica ou abdominal<\/li>\n\n\n\n<li>Dor durante o sexo<\/li>\n\n\n\n<li>Sangramento vaginal ap\u00f3s a rela\u00e7\u00e3o sexual<\/li>\n\n\n\n<li>Secre\u00e7\u00e3o vaginal anormal<\/li>\n<\/ul>\n\n\n\n<figure class=\"wp-block-image size-large\"><a href=\"https:\/\/www.grupomedcof.com.br\/cofletters\/\"><img loading=\"lazy\" decoding=\"async\" width=\"1024\" height=\"366\" src=\"https:\/\/www.grupomedcof.com.br\/blog\/wp-content\/uploads\/2024\/08\/Capa-Eventos-MedCof-Plus-14-4-1024x366.png\" alt=\"\" class=\"wp-image-29290\" srcset=\"https:\/\/www.grupomedcof.com.br\/blog\/wp-content\/uploads\/2024\/08\/Capa-Eventos-MedCof-Plus-14-4-1024x366.png 1024w, https:\/\/www.grupomedcof.com.br\/blog\/wp-content\/uploads\/2024\/08\/Capa-Eventos-MedCof-Plus-14-4-300x107.png 300w, https:\/\/www.grupomedcof.com.br\/blog\/wp-content\/uploads\/2024\/08\/Capa-Eventos-MedCof-Plus-14-4-768x275.png 768w, https:\/\/www.grupomedcof.com.br\/blog\/wp-content\/uploads\/2024\/08\/Capa-Eventos-MedCof-Plus-14-4-1536x549.png 1536w, https:\/\/www.grupomedcof.com.br\/blog\/wp-content\/uploads\/2024\/08\/Capa-Eventos-MedCof-Plus-14-4-2048x732.png 2048w, https:\/\/www.grupomedcof.com.br\/blog\/wp-content\/uploads\/2024\/08\/Capa-Eventos-MedCof-Plus-14-4-1174x420.png 1174w, https:\/\/www.grupomedcof.com.br\/blog\/wp-content\/uploads\/2024\/08\/Capa-Eventos-MedCof-Plus-14-4-150x54.png 150w, https:\/\/www.grupomedcof.com.br\/blog\/wp-content\/uploads\/2024\/08\/Capa-Eventos-MedCof-Plus-14-4-696x249.png 696w, https:\/\/www.grupomedcof.com.br\/blog\/wp-content\/uploads\/2024\/08\/Capa-Eventos-MedCof-Plus-14-4-1068x382.png 1068w, https:\/\/www.grupomedcof.com.br\/blog\/wp-content\/uploads\/2024\/08\/Capa-Eventos-MedCof-Plus-14-4-1920x687.png 1920w\" sizes=\"auto, (max-width: 1024px) 100vw, 1024px\" \/><\/a><\/figure>\n\n\n\n<h3 class=\"wp-block-heading\" id=\"h-classificacao-nbsp\"><span class=\"ez-toc-section\" id=\"Classificacao\"><\/span><strong>Classifica\u00e7\u00e3o&nbsp;<\/strong><span class=\"ez-toc-section-end\"><\/span><\/h3>\n\n\n\n<p>Existem dois principais tipos de classifica\u00e7\u00e3o, uma mais antiga e outra mais recente (a molecular).<\/p>\n\n\n\n<p>&nbsp;Na classifica\u00e7\u00e3o antiga, separamos em dois tipos: o primeiro ocorre com maior preval\u00eancia (80%), com progn\u00f3stico favor\u00e1vel e presen\u00e7a de adenocarcinoma endometrioide (precedidos por NIE); o segundo ocorre com menor frequ\u00eancia (20%),&nbsp; t\u00eam progn\u00f3stico desfavor\u00e1vel e histologia n\u00e3o endometrioide (com carcinoma mucinoso, seroso e de c\u00e9lulas claras), contado com aneuploidia e muta\u00e7\u00e3o TP 53.&nbsp;<\/p>\n\n\n\n<p>Na classifica\u00e7\u00e3o molecular os padr\u00f5es imuno-histoqu\u00edmicos trazem informa\u00e7\u00f5es mais precisas em rela\u00e7\u00e3o ao progn\u00f3stico. Existem 4 subgrupos moleculares do pior ao melhor progn\u00f3stico: POLE, MSI hipermuta\u00e7\u00e3o, baixo n\u00famero de c\u00f3pias (endometrioide), alto n\u00famero de c\u00f3pias (seroso-like).&nbsp;<\/p>\n\n\n\n<p>Observa\u00e7\u00e3o: N\u00e3o h\u00e1 rastreamento para a popula\u00e7\u00e3o geral , com algumas exce\u00e7\u00f5es: S\u00edndrome de Lynch 2 , por meio de exame p\u00e9lvico, USGTV, biopsia de endometrio anual a partir dos 35 anos at\u00e9 a histerectomia ou SOB profil\u00e1tica aos 40 anos.<\/p>\n\n\n\n<h3 class=\"wp-block-heading\" id=\"h-fatores-de-risco-nbsp\"><span class=\"ez-toc-section\" id=\"Fatores_de_Risco\"><\/span><strong>Fatores de Risco&nbsp;<\/strong><span class=\"ez-toc-section-end\"><\/span><\/h3>\n\n\n\n<p>&nbsp;Como j\u00e1 citado, existem alguns fatores de risco que aumentam na atualidade, por isso devemos observ\u00e1 los com celeridade:&nbsp;<\/p>\n\n\n\n<ul class=\"wp-block-list\">\n<li>Obesidade (devido \u00e0 resist\u00eancia insul\u00ednica, que gera redu\u00e7\u00e3o s\u00e9rica de SHBG e, ent\u00e3o aromatiza\u00e7\u00e3o de andr\u00f3genos em estr\u00f3genos)&nbsp;<\/li>\n\n\n\n<li>Diabetes<\/li>\n\n\n\n<li>Hipertens\u00e3o arterial<\/li>\n\n\n\n<li>Exposi\u00e7\u00e3o prolongada a estrog\u00eanio<\/li>\n\n\n\n<li>Hist\u00f3rico familiar de c\u00e2ncer de endom\u00e9trio ou ov\u00e1rio<\/li>\n\n\n\n<li>Uso de tamoxifeno (um medicamento usado para tratar c\u00e2ncer de mama)<\/li>\n\n\n\n<li>Iatrogenias (com terapia hormonal somente com estrog\u00eanio)<\/li>\n\n\n\n<li>transi\u00e7\u00e3o menopausal (com FSH alto e redu\u00e7\u00e3o da reserva ovariana)&nbsp;<\/li>\n<\/ul>\n\n\n\n<h3 class=\"wp-block-heading\" id=\"h-fatores-de-protecao\"><span class=\"ez-toc-section\" id=\"Fatores_de_Protecao\"><\/span><strong>Fatores de Prote\u00e7\u00e3o<\/strong><span class=\"ez-toc-section-end\"><\/span><\/h3>\n\n\n\n<p>Assim como os fatores risco, os de prote\u00e7\u00e3o devem ser citados para que sejam corretamente administrados. Podemos citar entre eles:&nbsp;<\/p>\n\n\n\n<ul class=\"wp-block-list\">\n<li>Multiparidade (por efeitos da progesterona no endom\u00e9trio)&nbsp;<\/li>\n\n\n\n<li>Uso de ACO combinados&nbsp;<\/li>\n\n\n\n<li>Tabagismo (efeito antiestrog\u00eanico)&nbsp;<\/li>\n\n\n\n<li>DIU hormonal<\/li>\n\n\n\n<li>Terapia Hormonal Combinada&nbsp;<\/li>\n<\/ul>\n\n\n\n<h3 class=\"wp-block-heading\" id=\"h-avaliacao-do-quadro-clinica-nbsp\"><span class=\"ez-toc-section\" id=\"Avaliacao_do_Quadro_Clinica\"><\/span><strong>Avalia\u00e7\u00e3o do Quadro Cl\u00ednica&nbsp;<\/strong><span class=\"ez-toc-section-end\"><\/span><\/h3>\n\n\n\n<p>Em pacientes comm fatores de risco para CA no endometrio, \u00e9 normal sangramento p\u00f3s-menopausa ou SUA (sangramento uterino anormal). A partir da\u00ed, deve-se iniciar investiga\u00e7\u00e3o por USGTV, avaliando a espessura e regularidade do eco endometrial. Os valores de corte para normalidade s\u00e3o:&nbsp;<\/p>\n\n\n\n<ul class=\"wp-block-list\">\n<li>4-5mm no p\u00f3s-menopausa<\/li>\n\n\n\n<li>maior que 9mm no p\u00f3s-menopausa com TRH assintom\u00e1tica&nbsp;<\/li>\n\n\n\n<li>sem limite com menacme<\/li>\n<\/ul>\n\n\n\n<p>Os crit\u00e9rios para avalia\u00e7\u00e3o histol\u00f3gica incluem a idade maior que 35 anos com quadro de SUA e fatores de risco para CA de endom\u00e9trio ou uso de tamoxifeno quando em pacientes na pr\u00e9-menopausa. Em condi\u00e7\u00e3o de p\u00f3s-menopausa, os crit\u00e9rios s\u00e3o endometrial maior que 4-5mm ou irregular com sangramento.&nbsp;&nbsp;<\/p>\n\n\n\n<h3 class=\"wp-block-heading\" id=\"h-diagnostico\"><span class=\"ez-toc-section\" id=\"Diagnostico\"><\/span><strong>Diagn\u00f3stico<\/strong><span class=\"ez-toc-section-end\"><\/span><\/h3>\n\n\n\n<p>&nbsp;A bi\u00f3psia endometrial \u00e9 a principal forma de diagnosticar, ela pode ser feita por&nbsp; histeroscopia, m\u00e9todos ambulatoriais e cir\u00fargicos.<\/p>\n\n\n\n<h3 class=\"wp-block-heading\" id=\"h-estadiamento\"><span class=\"ez-toc-section\" id=\"Estadiamento\"><\/span><strong>Estadiamento<\/strong><span class=\"ez-toc-section-end\"><\/span><\/h3>\n\n\n\n<p>Buscando uma melhor qualidade de vida para as pacientes, o estadiamento pode ser pr\u00e9-cir\u00fargico, cirurgia de estadiamento e estadiamento por m\u00e9todo de avalia\u00e7\u00e3o FIGO-2014. o pr\u00e9-cir\u00fargico, \u00e9 usado RNM de pelve ou USTGV (para avaliar invas\u00e3o miometrial e tamanho da les\u00e3o)., TC de t\u00f3rax e abdome superior (para avalia\u00e7\u00e3o dos carcinomas, met\u00e1stases parenquimatosas ou linfonodomegalias) e PET-CT (que \u00e9 indispens\u00e1vel).A cirurgia de estadiamento \u00e9 feita por lavado peritoneal, histerectomia total, salpingooforectomia bilateral e linfadenectomia p\u00e9lvica ou para-a\u00f3rtica. Por fim, \u00e9 preciso realizar a explora\u00e7\u00e3o completa do abdome e da pelve, bi\u00f3psia e remo\u00e7\u00e3o de todas as les\u00f5es. Em alguns casos, h\u00e1 benef\u00edcio no congelamento intraoperat\u00f3rio . A fim de avaliar a condi\u00e7\u00e3o linfonodal, s\u00e3o usados os crit\u00e9rios de Mayo (se o tumor for de baixo grau, endometrioide, menor que 2cm e estadiamento FIGO IA. O FIGO-2014 classifica o c\u00e2ncer em quatro est\u00e1gios, a depender da localiza\u00e7\u00e3o do tumor no \u00fatero ( maior ou menor que 50%), a invas\u00e3o do estroma cervical sem extens\u00e3o al\u00e9m do \u00fatero, e met\u00e1stase intra ou extra abdominal.&nbsp;<\/p>\n\n\n\n<h3 class=\"wp-block-heading\" id=\"h-grau-de-risco-nbsp\"><span class=\"ez-toc-section\" id=\"Grau_de_Risco\"><\/span><strong>Grau de Risco&nbsp;<\/strong><span class=\"ez-toc-section-end\"><\/span><\/h3>\n\n\n\n<p>&nbsp;A estratifica\u00e7\u00e3o do risco ocorre em fun\u00e7\u00e3o de guiar o tratamento, principalmente por meio da avalia\u00e7\u00e3o linfonodal e adjuv\u00e2ncia. Ele vai do mais baixo ao metast\u00e1tico (ara conferiri a tabela completa, entre na nossa plataforma e tenha acesso agora mesmo!)&nbsp;<\/p>\n\n\n\n<h3 class=\"wp-block-heading\" id=\"h-tratamento\"><span class=\"ez-toc-section\" id=\"Tratamento\"><\/span><strong>Tratamento<\/strong><span class=\"ez-toc-section-end\"><\/span><\/h3>\n\n\n\n<p>O tratamento depende do est\u00e1gio do c\u00e2ncer e da sa\u00fade geral do paciente. As op\u00e7\u00f5es de tratamento podem incluir:<\/p>\n\n\n\n<ul class=\"wp-block-list\">\n<li>Cirurgia: histerectomia (remo\u00e7\u00e3o do \u00fatero) e\/ou salpingo-ooforectomia (remo\u00e7\u00e3o das trompas de Fal\u00f3pio e dos ov\u00e1rios)<\/li>\n\n\n\n<li>&nbsp;Radioterapia: uso de raios X de alta energia para matar c\u00e9lulas cancer\u00edgenas<\/li>\n\n\n\n<li>Quimioterapia: uso de medicamentos para matar c\u00e9lulas cancer\u00edgenas<\/li>\n\n\n\n<li>Terapia hormonal: uso de horm\u00f4nios para tratar o c\u00e2ncer ou prevenir a recorr\u00eancia<\/li>\n<\/ul>\n\n\n\n<h3 class=\"wp-block-heading\" id=\"h-prevencao-nbsp\"><span class=\"ez-toc-section\" id=\"Prevencao\"><\/span><strong>Preven\u00e7\u00e3o&nbsp;<\/strong><span class=\"ez-toc-section-end\"><\/span><\/h3>\n\n\n\n<p>Embora n\u00e3o haja uma maneira definitiva de prevenir o c\u00e2ncer de endom\u00e9trio, algumas medidas podem ajudar a reduzir o risco, como j\u00e1 mencionamos antes, confira mais algumas:&nbsp;<\/p>\n\n\n\n<ul class=\"wp-block-list\">\n<li>Manter um peso saud\u00e1vel<\/li>\n\n\n\n<li>Controlar a diabetes e a hipertens\u00e3o arterial<\/li>\n\n\n\n<li>Evitar o uso prolongado de estrog\u00eanio<\/li>\n\n\n\n<li>Ficar atenta aos sintomas e procurar atendimento m\u00e9dico regularmente<\/li>\n<\/ul>\n\n\n\n<p>Desse modo, \u00e9 importante consultar um m\u00e9dico se voc\u00ea tiver qualquer um dos sintomas acima. Quanto mais cedo o c\u00e2ncer de endom\u00e9trio for diagnosticado e tratado, melhores ser\u00e3o as chances de recupera\u00e7\u00e3o.<\/p>\n\n\n\n<h2 class=\"wp-block-heading\" id=\"o-m\u00e9todo-que-te-aprova\"><span class=\"ez-toc-section\" id=\"O_metodo_que_te_aprova\"><\/span><strong>O m\u00e9todo que te aprova!<\/strong><span class=\"ez-toc-section-end\"><\/span><\/h2>\n\n\n\n<p>Quer alcan\u00e7ar a aprova\u00e7\u00e3o nas provas de resid\u00eancia m\u00e9dica? Ent\u00e3o seja um&nbsp;<a href=\"https:\/\/www.grupomedcof.com.br\/home\/\" target=\"_blank\" rel=\"noreferrer noopener\">MedCoffer<\/a>! Aqui te ajudaremos na busca da aprova\u00e7\u00e3o com conte\u00fados de qualidade e uma&nbsp;<a href=\"https:\/\/www.grupomedcof.com.br\/blog\/presenca-da-medcof-nas-aprovacoes-em-residencia-medica-no-brasil\/\" target=\"_blank\" rel=\"noreferrer noopener\">metodologia que j\u00e1 aprovou mais de 10 mil residentes no pa\u00eds!&nbsp;<\/a>Por fim, acesse o nosso<a href=\"https:\/\/www.youtube.com\/@GrupoMedcof\/featured\" target=\"_blank\" rel=\"noreferrer noopener\">&nbsp;<strong>canal do youtube&nbsp;<\/strong><\/a>para ver o nosso material.&nbsp;<\/p>\n\n\n\n<figure class=\"wp-block-embed is-type-video is-provider-youtube wp-block-embed-youtube wp-embed-aspect-16-9 wp-has-aspect-ratio\"><div class=\"wp-block-embed__wrapper\">\n<div class=\"youtube-embed\" data-video_id=\"L2Lvme6L1sQ\"><iframe loading=\"lazy\" title=\"GO - TEGO 2024 - Revis\u00e3o de V\u00e9spera em Ginecologia e Obstetr\u00edcia\" width=\"696\" height=\"392\" src=\"https:\/\/www.youtube.com\/embed\/L2Lvme6L1sQ?feature=oembed&#038;enablejsapi=1\" frameborder=\"0\" allow=\"accelerometer; autoplay; clipboard-write; encrypted-media; gyroscope; picture-in-picture; web-share\" referrerpolicy=\"strict-origin-when-cross-origin\" allowfullscreen><\/iframe><\/div>\n<\/div><\/figure>\n\n\n\n<p><\/p>\n","protected":false},"excerpt":{"rendered":"<p>Um dos c\u00e2nceres ginecol\u00f3gicos mais comuns, esse tipo se desenvolve no revestimento interno do \u00fatero. Veja em nosso blog!<\/p>\n","protected":false},"author":21,"featured_media":29317,"comment_status":"open","ping_status":"open","sticky":false,"template":"","format":"standard","meta":{"footnotes":""},"categories":[125],"tags":[1937,1058,1415,1449,869],"ppma_author":[3617],"class_list":{"0":"post-29316","1":"post","2":"type-post","3":"status-publish","4":"format-standard","5":"has-post-thumbnail","7":"category-ginecologia-e-obstetricia","8":"tag-cancer-do-endometrio","9":"tag-diagnostico","10":"tag-prevencao","11":"tag-sintomas","12":"tag-tratamento"},"yoast_head":"<!-- This site is optimized with the Yoast SEO Premium plugin v24.3 (Yoast SEO v27.4) - https:\/\/yoast.com\/product\/yoast-seo-premium-wordpress\/ -->\n<title>C\u00e2ncer do endom\u00e9trio: como \u00e9 cobrado nas provas de Resid\u00eancia - Blog de Medcof: conte\u00fados, editais, revalida e mais!<\/title>\n<meta name=\"description\" content=\"Um dos c\u00e2nceres ginecol\u00f3gicos mais comuns, esse tipo se desenvolve no revestimento interno do \u00fatero. Veja em nosso blog!\" \/>\n<meta name=\"robots\" content=\"index, follow, max-snippet:-1, max-image-preview:large, max-video-preview:-1\" \/>\n<link rel=\"canonical\" href=\"https:\/\/www.grupomedcof.com.br\/blog\/saiba-como-cancer-do-endometrio-e-cobrado-nas-provas-de-residencia\/\" \/>\n<meta property=\"og:locale\" content=\"pt_BR\" \/>\n<meta property=\"og:type\" content=\"article\" \/>\n<meta property=\"og:title\" content=\"C\u00e2ncer do endom\u00e9trio: como \u00e9 cobrado nas provas de Resid\u00eancia\" \/>\n<meta property=\"og:description\" content=\"Um dos c\u00e2nceres ginecol\u00f3gicos mais comuns, esse tipo se desenvolve no revestimento interno do \u00fatero. Veja em nosso blog!\" \/>\n<meta property=\"og:url\" content=\"https:\/\/www.grupomedcof.com.br\/blog\/saiba-como-cancer-do-endometrio-e-cobrado-nas-provas-de-residencia\/\" \/>\n<meta property=\"og:site_name\" content=\"Blog de Medcof: conte\u00fados, editais, revalida e mais!\" \/>\n<meta property=\"article:publisher\" content=\"https:\/\/www.facebook.com\/MedCofQbank\/\" \/>\n<meta property=\"article:published_time\" content=\"2024-09-01T13:59:48+00:00\" \/>\n<meta property=\"article:modified_time\" content=\"2024-09-03T13:29:06+00:00\" \/>\n<meta property=\"og:image\" content=\"https:\/\/www.grupomedcof.com.br\/blog\/wp-content\/uploads\/2024\/08\/Blog-MedCof-2024-08-30T113817.656-1024x576.png\" \/>\n\t<meta property=\"og:image:width\" content=\"1024\" \/>\n\t<meta property=\"og:image:height\" content=\"576\" \/>\n\t<meta property=\"og:image:type\" content=\"image\/png\" \/>\n<meta name=\"author\" content=\"Kiara Adelino\" \/>\n<meta name=\"twitter:card\" content=\"summary_large_image\" \/>\n<meta name=\"twitter:label1\" content=\"Escrito por\" \/>\n\t<meta name=\"twitter:data1\" content=\"Kiara Adelino\" \/>\n\t<meta name=\"twitter:label2\" content=\"Est. tempo de leitura\" \/>\n\t<meta name=\"twitter:data2\" content=\"7 minutos\" \/>\n<script type=\"application\/ld+json\" class=\"yoast-schema-graph\">{\"@context\":\"https:\\\/\\\/schema.org\",\"@graph\":[{\"@type\":\"Article\",\"@id\":\"https:\\\/\\\/www.grupomedcof.com.br\\\/blog\\\/saiba-como-cancer-do-endometrio-e-cobrado-nas-provas-de-residencia\\\/#article\",\"isPartOf\":{\"@id\":\"https:\\\/\\\/www.grupomedcof.com.br\\\/blog\\\/saiba-como-cancer-do-endometrio-e-cobrado-nas-provas-de-residencia\\\/\"},\"author\":{\"name\":\"Kiara Adelino\",\"@id\":\"https:\\\/\\\/www.grupomedcof.com.br\\\/blog\\\/#\\\/schema\\\/person\\\/db19a651f86c5fc202d6eee744fd3292\"},\"headline\":\"C\u00e2ncer do endom\u00e9trio: como \u00e9 cobrado nas provas de Resid\u00eancia\",\"datePublished\":\"2024-09-01T13:59:48+00:00\",\"dateModified\":\"2024-09-03T13:29:06+00:00\",\"mainEntityOfPage\":{\"@id\":\"https:\\\/\\\/www.grupomedcof.com.br\\\/blog\\\/saiba-como-cancer-do-endometrio-e-cobrado-nas-provas-de-residencia\\\/\"},\"wordCount\":1228,\"commentCount\":0,\"publisher\":{\"@id\":\"https:\\\/\\\/www.grupomedcof.com.br\\\/blog\\\/#organization\"},\"image\":{\"@id\":\"https:\\\/\\\/www.grupomedcof.com.br\\\/blog\\\/saiba-como-cancer-do-endometrio-e-cobrado-nas-provas-de-residencia\\\/#primaryimage\"},\"thumbnailUrl\":\"https:\\\/\\\/www.grupomedcof.com.br\\\/blog\\\/wp-content\\\/uploads\\\/2024\\\/08\\\/Blog-MedCof-2024-08-30T113817.656.png\",\"keywords\":[\"C\u00e2ncer do endom\u00e9trio\",\"diagn\u00f3stico\",\"Preven\u00e7\u00e3o\",\"Sintomas\",\"tratamento\"],\"articleSection\":[\"Ginecologia e Obstetr\u00edcia\"],\"inLanguage\":\"pt-BR\"},{\"@type\":\"WebPage\",\"@id\":\"https:\\\/\\\/www.grupomedcof.com.br\\\/blog\\\/saiba-como-cancer-do-endometrio-e-cobrado-nas-provas-de-residencia\\\/\",\"url\":\"https:\\\/\\\/www.grupomedcof.com.br\\\/blog\\\/saiba-como-cancer-do-endometrio-e-cobrado-nas-provas-de-residencia\\\/\",\"name\":\"C\u00e2ncer do endom\u00e9trio: como \u00e9 cobrado nas provas de Resid\u00eancia - Blog de Medcof: conte\u00fados, editais, revalida e mais!\",\"isPartOf\":{\"@id\":\"https:\\\/\\\/www.grupomedcof.com.br\\\/blog\\\/#website\"},\"primaryImageOfPage\":{\"@id\":\"https:\\\/\\\/www.grupomedcof.com.br\\\/blog\\\/saiba-como-cancer-do-endometrio-e-cobrado-nas-provas-de-residencia\\\/#primaryimage\"},\"image\":{\"@id\":\"https:\\\/\\\/www.grupomedcof.com.br\\\/blog\\\/saiba-como-cancer-do-endometrio-e-cobrado-nas-provas-de-residencia\\\/#primaryimage\"},\"thumbnailUrl\":\"https:\\\/\\\/www.grupomedcof.com.br\\\/blog\\\/wp-content\\\/uploads\\\/2024\\\/08\\\/Blog-MedCof-2024-08-30T113817.656.png\",\"datePublished\":\"2024-09-01T13:59:48+00:00\",\"dateModified\":\"2024-09-03T13:29:06+00:00\",\"description\":\"Um dos c\u00e2nceres ginecol\u00f3gicos mais comuns, esse tipo se desenvolve no revestimento interno do \u00fatero. Veja em nosso blog!\",\"breadcrumb\":{\"@id\":\"https:\\\/\\\/www.grupomedcof.com.br\\\/blog\\\/saiba-como-cancer-do-endometrio-e-cobrado-nas-provas-de-residencia\\\/#breadcrumb\"},\"inLanguage\":\"pt-BR\",\"potentialAction\":[{\"@type\":\"ReadAction\",\"target\":[\"https:\\\/\\\/www.grupomedcof.com.br\\\/blog\\\/saiba-como-cancer-do-endometrio-e-cobrado-nas-provas-de-residencia\\\/\"]}]},{\"@type\":\"ImageObject\",\"inLanguage\":\"pt-BR\",\"@id\":\"https:\\\/\\\/www.grupomedcof.com.br\\\/blog\\\/saiba-como-cancer-do-endometrio-e-cobrado-nas-provas-de-residencia\\\/#primaryimage\",\"url\":\"https:\\\/\\\/www.grupomedcof.com.br\\\/blog\\\/wp-content\\\/uploads\\\/2024\\\/08\\\/Blog-MedCof-2024-08-30T113817.656.png\",\"contentUrl\":\"https:\\\/\\\/www.grupomedcof.com.br\\\/blog\\\/wp-content\\\/uploads\\\/2024\\\/08\\\/Blog-MedCof-2024-08-30T113817.656.png\",\"width\":2560,\"height\":1440},{\"@type\":\"BreadcrumbList\",\"@id\":\"https:\\\/\\\/www.grupomedcof.com.br\\\/blog\\\/saiba-como-cancer-do-endometrio-e-cobrado-nas-provas-de-residencia\\\/#breadcrumb\",\"itemListElement\":[{\"@type\":\"ListItem\",\"position\":1,\"name\":\"In\u00edcio\",\"item\":\"https:\\\/\\\/www.grupomedcof.com.br\\\/blog\\\/\"},{\"@type\":\"ListItem\",\"position\":2,\"name\":\"C\u00e2ncer do endom\u00e9trio: como \u00e9 cobrado nas provas de Resid\u00eancia\"}]},{\"@type\":\"WebSite\",\"@id\":\"https:\\\/\\\/www.grupomedcof.com.br\\\/blog\\\/#website\",\"url\":\"https:\\\/\\\/www.grupomedcof.com.br\\\/blog\\\/\",\"name\":\"Blog de Medcof: conte\u00fados, editais, revalida e mais!\",\"description\":\"Acesso o blog de MedCof! Seu portal de conte\u00fados sobre resid\u00eancia m\u00e9dica, an\u00e1lise e editais e muito mais. Clique e confira!\",\"publisher\":{\"@id\":\"https:\\\/\\\/www.grupomedcof.com.br\\\/blog\\\/#organization\"},\"alternateName\":\"Blog de Medcof: conte\u00fados, editais, revalida e mais!\",\"potentialAction\":[{\"@type\":\"SearchAction\",\"target\":{\"@type\":\"EntryPoint\",\"urlTemplate\":\"https:\\\/\\\/www.grupomedcof.com.br\\\/blog\\\/?s={search_term_string}\"},\"query-input\":{\"@type\":\"PropertyValueSpecification\",\"valueRequired\":true,\"valueName\":\"search_term_string\"}}],\"inLanguage\":\"pt-BR\"},{\"@type\":\"Organization\",\"@id\":\"https:\\\/\\\/www.grupomedcof.com.br\\\/blog\\\/#organization\",\"name\":\"Grupo MedCof\",\"url\":\"https:\\\/\\\/www.grupomedcof.com.br\\\/blog\\\/\",\"logo\":{\"@type\":\"ImageObject\",\"inLanguage\":\"pt-BR\",\"@id\":\"https:\\\/\\\/www.grupomedcof.com.br\\\/blog\\\/#\\\/schema\\\/logo\\\/image\\\/\",\"url\":\"https:\\\/\\\/www.grupomedcof.com.br\\\/blog\\\/wp-content\\\/uploads\\\/2022\\\/01\\\/logo-medcof.png\",\"contentUrl\":\"https:\\\/\\\/www.grupomedcof.com.br\\\/blog\\\/wp-content\\\/uploads\\\/2022\\\/01\\\/logo-medcof.png\",\"width\":768,\"height\":269,\"caption\":\"Grupo MedCof\"},\"image\":{\"@id\":\"https:\\\/\\\/www.grupomedcof.com.br\\\/blog\\\/#\\\/schema\\\/logo\\\/image\\\/\"},\"sameAs\":[\"https:\\\/\\\/www.facebook.com\\\/MedCofQbank\\\/\",\"https:\\\/\\\/www.instagram.com\\\/grupomedcof\\\/\",\"https:\\\/\\\/br.linkedin.com\\\/company\\\/medcof\",\"https:\\\/\\\/www.youtube.com\\\/channel\\\/UCdHMuOHKICxcHwecxN8P-AA\"]},{\"@type\":\"Person\",\"@id\":\"https:\\\/\\\/www.grupomedcof.com.br\\\/blog\\\/#\\\/schema\\\/person\\\/db19a651f86c5fc202d6eee744fd3292\",\"name\":\"Kiara Adelino\",\"image\":{\"@type\":\"ImageObject\",\"inLanguage\":\"pt-BR\",\"@id\":\"https:\\\/\\\/www.grupomedcof.com.br\\\/blog\\\/wp-content\\\/uploads\\\/2024\\\/08\\\/cropped-Kiara-Adelino2-96x96.jpega85663bdda67261f8f06f86e555e1e49\",\"url\":\"https:\\\/\\\/www.grupomedcof.com.br\\\/blog\\\/wp-content\\\/uploads\\\/2024\\\/08\\\/cropped-Kiara-Adelino2-96x96.jpeg\",\"contentUrl\":\"https:\\\/\\\/www.grupomedcof.com.br\\\/blog\\\/wp-content\\\/uploads\\\/2024\\\/08\\\/cropped-Kiara-Adelino2-96x96.jpeg\",\"caption\":\"Kiara Adelino\"},\"description\":\"Estudante do 5\u00b0 semestre de Medicina. Gosto bastante de aprender coisas novas, principalmente na \u00e1rea de Neurologia e Anatomia humana.\",\"url\":\"https:\\\/\\\/www.grupomedcof.com.br\\\/blog\\\/author\\\/kiara-adelino\\\/\"}]}<\/script>\n<!-- \/ Yoast SEO Premium plugin. -->","yoast_head_json":{"title":"C\u00e2ncer do endom\u00e9trio: como \u00e9 cobrado nas provas de Resid\u00eancia - Blog de Medcof: conte\u00fados, editais, revalida e mais!","description":"Um dos c\u00e2nceres ginecol\u00f3gicos mais comuns, esse tipo se desenvolve no revestimento interno do \u00fatero. Veja em nosso blog!","robots":{"index":"index","follow":"follow","max-snippet":"max-snippet:-1","max-image-preview":"max-image-preview:large","max-video-preview":"max-video-preview:-1"},"canonical":"https:\/\/www.grupomedcof.com.br\/blog\/saiba-como-cancer-do-endometrio-e-cobrado-nas-provas-de-residencia\/","og_locale":"pt_BR","og_type":"article","og_title":"C\u00e2ncer do endom\u00e9trio: como \u00e9 cobrado nas provas de Resid\u00eancia","og_description":"Um dos c\u00e2nceres ginecol\u00f3gicos mais comuns, esse tipo se desenvolve no revestimento interno do \u00fatero. Veja em nosso blog!","og_url":"https:\/\/www.grupomedcof.com.br\/blog\/saiba-como-cancer-do-endometrio-e-cobrado-nas-provas-de-residencia\/","og_site_name":"Blog de Medcof: conte\u00fados, editais, revalida e mais!","article_publisher":"https:\/\/www.facebook.com\/MedCofQbank\/","article_published_time":"2024-09-01T13:59:48+00:00","article_modified_time":"2024-09-03T13:29:06+00:00","og_image":[{"width":1024,"height":576,"url":"https:\/\/www.grupomedcof.com.br\/blog\/wp-content\/uploads\/2024\/08\/Blog-MedCof-2024-08-30T113817.656-1024x576.png","type":"image\/png"}],"author":"Kiara Adelino","twitter_card":"summary_large_image","twitter_misc":{"Escrito por":"Kiara Adelino","Est. tempo de leitura":"7 minutos"},"schema":{"@context":"https:\/\/schema.org","@graph":[{"@type":"Article","@id":"https:\/\/www.grupomedcof.com.br\/blog\/saiba-como-cancer-do-endometrio-e-cobrado-nas-provas-de-residencia\/#article","isPartOf":{"@id":"https:\/\/www.grupomedcof.com.br\/blog\/saiba-como-cancer-do-endometrio-e-cobrado-nas-provas-de-residencia\/"},"author":{"name":"Kiara Adelino","@id":"https:\/\/www.grupomedcof.com.br\/blog\/#\/schema\/person\/db19a651f86c5fc202d6eee744fd3292"},"headline":"C\u00e2ncer do endom\u00e9trio: como \u00e9 cobrado nas provas de Resid\u00eancia","datePublished":"2024-09-01T13:59:48+00:00","dateModified":"2024-09-03T13:29:06+00:00","mainEntityOfPage":{"@id":"https:\/\/www.grupomedcof.com.br\/blog\/saiba-como-cancer-do-endometrio-e-cobrado-nas-provas-de-residencia\/"},"wordCount":1228,"commentCount":0,"publisher":{"@id":"https:\/\/www.grupomedcof.com.br\/blog\/#organization"},"image":{"@id":"https:\/\/www.grupomedcof.com.br\/blog\/saiba-como-cancer-do-endometrio-e-cobrado-nas-provas-de-residencia\/#primaryimage"},"thumbnailUrl":"https:\/\/www.grupomedcof.com.br\/blog\/wp-content\/uploads\/2024\/08\/Blog-MedCof-2024-08-30T113817.656.png","keywords":["C\u00e2ncer do endom\u00e9trio","diagn\u00f3stico","Preven\u00e7\u00e3o","Sintomas","tratamento"],"articleSection":["Ginecologia e Obstetr\u00edcia"],"inLanguage":"pt-BR"},{"@type":"WebPage","@id":"https:\/\/www.grupomedcof.com.br\/blog\/saiba-como-cancer-do-endometrio-e-cobrado-nas-provas-de-residencia\/","url":"https:\/\/www.grupomedcof.com.br\/blog\/saiba-como-cancer-do-endometrio-e-cobrado-nas-provas-de-residencia\/","name":"C\u00e2ncer do endom\u00e9trio: como \u00e9 cobrado nas provas de Resid\u00eancia - Blog de Medcof: conte\u00fados, editais, revalida e mais!","isPartOf":{"@id":"https:\/\/www.grupomedcof.com.br\/blog\/#website"},"primaryImageOfPage":{"@id":"https:\/\/www.grupomedcof.com.br\/blog\/saiba-como-cancer-do-endometrio-e-cobrado-nas-provas-de-residencia\/#primaryimage"},"image":{"@id":"https:\/\/www.grupomedcof.com.br\/blog\/saiba-como-cancer-do-endometrio-e-cobrado-nas-provas-de-residencia\/#primaryimage"},"thumbnailUrl":"https:\/\/www.grupomedcof.com.br\/blog\/wp-content\/uploads\/2024\/08\/Blog-MedCof-2024-08-30T113817.656.png","datePublished":"2024-09-01T13:59:48+00:00","dateModified":"2024-09-03T13:29:06+00:00","description":"Um dos c\u00e2nceres ginecol\u00f3gicos mais comuns, esse tipo se desenvolve no revestimento interno do \u00fatero. Veja em nosso blog!","breadcrumb":{"@id":"https:\/\/www.grupomedcof.com.br\/blog\/saiba-como-cancer-do-endometrio-e-cobrado-nas-provas-de-residencia\/#breadcrumb"},"inLanguage":"pt-BR","potentialAction":[{"@type":"ReadAction","target":["https:\/\/www.grupomedcof.com.br\/blog\/saiba-como-cancer-do-endometrio-e-cobrado-nas-provas-de-residencia\/"]}]},{"@type":"ImageObject","inLanguage":"pt-BR","@id":"https:\/\/www.grupomedcof.com.br\/blog\/saiba-como-cancer-do-endometrio-e-cobrado-nas-provas-de-residencia\/#primaryimage","url":"https:\/\/www.grupomedcof.com.br\/blog\/wp-content\/uploads\/2024\/08\/Blog-MedCof-2024-08-30T113817.656.png","contentUrl":"https:\/\/www.grupomedcof.com.br\/blog\/wp-content\/uploads\/2024\/08\/Blog-MedCof-2024-08-30T113817.656.png","width":2560,"height":1440},{"@type":"BreadcrumbList","@id":"https:\/\/www.grupomedcof.com.br\/blog\/saiba-como-cancer-do-endometrio-e-cobrado-nas-provas-de-residencia\/#breadcrumb","itemListElement":[{"@type":"ListItem","position":1,"name":"In\u00edcio","item":"https:\/\/www.grupomedcof.com.br\/blog\/"},{"@type":"ListItem","position":2,"name":"C\u00e2ncer do endom\u00e9trio: como \u00e9 cobrado nas provas de Resid\u00eancia"}]},{"@type":"WebSite","@id":"https:\/\/www.grupomedcof.com.br\/blog\/#website","url":"https:\/\/www.grupomedcof.com.br\/blog\/","name":"Blog de Medcof: conte\u00fados, editais, revalida e mais!","description":"Acesso o blog de MedCof! Seu portal de conte\u00fados sobre resid\u00eancia m\u00e9dica, an\u00e1lise e editais e muito mais. Clique e confira!","publisher":{"@id":"https:\/\/www.grupomedcof.com.br\/blog\/#organization"},"alternateName":"Blog de Medcof: conte\u00fados, editais, revalida e mais!","potentialAction":[{"@type":"SearchAction","target":{"@type":"EntryPoint","urlTemplate":"https:\/\/www.grupomedcof.com.br\/blog\/?s={search_term_string}"},"query-input":{"@type":"PropertyValueSpecification","valueRequired":true,"valueName":"search_term_string"}}],"inLanguage":"pt-BR"},{"@type":"Organization","@id":"https:\/\/www.grupomedcof.com.br\/blog\/#organization","name":"Grupo MedCof","url":"https:\/\/www.grupomedcof.com.br\/blog\/","logo":{"@type":"ImageObject","inLanguage":"pt-BR","@id":"https:\/\/www.grupomedcof.com.br\/blog\/#\/schema\/logo\/image\/","url":"https:\/\/www.grupomedcof.com.br\/blog\/wp-content\/uploads\/2022\/01\/logo-medcof.png","contentUrl":"https:\/\/www.grupomedcof.com.br\/blog\/wp-content\/uploads\/2022\/01\/logo-medcof.png","width":768,"height":269,"caption":"Grupo MedCof"},"image":{"@id":"https:\/\/www.grupomedcof.com.br\/blog\/#\/schema\/logo\/image\/"},"sameAs":["https:\/\/www.facebook.com\/MedCofQbank\/","https:\/\/www.instagram.com\/grupomedcof\/","https:\/\/br.linkedin.com\/company\/medcof","https:\/\/www.youtube.com\/channel\/UCdHMuOHKICxcHwecxN8P-AA"]},{"@type":"Person","@id":"https:\/\/www.grupomedcof.com.br\/blog\/#\/schema\/person\/db19a651f86c5fc202d6eee744fd3292","name":"Kiara Adelino","image":{"@type":"ImageObject","inLanguage":"pt-BR","@id":"https:\/\/www.grupomedcof.com.br\/blog\/wp-content\/uploads\/2024\/08\/cropped-Kiara-Adelino2-96x96.jpega85663bdda67261f8f06f86e555e1e49","url":"https:\/\/www.grupomedcof.com.br\/blog\/wp-content\/uploads\/2024\/08\/cropped-Kiara-Adelino2-96x96.jpeg","contentUrl":"https:\/\/www.grupomedcof.com.br\/blog\/wp-content\/uploads\/2024\/08\/cropped-Kiara-Adelino2-96x96.jpeg","caption":"Kiara Adelino"},"description":"Estudante do 5\u00b0 semestre de Medicina. Gosto bastante de aprender coisas novas, principalmente na \u00e1rea de Neurologia e Anatomia humana.","url":"https:\/\/www.grupomedcof.com.br\/blog\/author\/kiara-adelino\/"}]}},"authors":[{"term_id":3617,"user_id":21,"is_guest":0,"slug":"kiara-adelino","display_name":"Kiara Adelino","avatar_url":"https:\/\/www.grupomedcof.com.br\/blog\/wp-content\/uploads\/2024\/08\/cropped-Kiara-Adelino2-96x96.jpeg","0":null,"1":"","2":"","3":"","4":"","5":"","6":"","7":"","8":""}],"_links":{"self":[{"href":"https:\/\/www.grupomedcof.com.br\/blog\/wp-json\/wp\/v2\/posts\/29316","targetHints":{"allow":["GET"]}}],"collection":[{"href":"https:\/\/www.grupomedcof.com.br\/blog\/wp-json\/wp\/v2\/posts"}],"about":[{"href":"https:\/\/www.grupomedcof.com.br\/blog\/wp-json\/wp\/v2\/types\/post"}],"author":[{"embeddable":true,"href":"https:\/\/www.grupomedcof.com.br\/blog\/wp-json\/wp\/v2\/users\/21"}],"replies":[{"embeddable":true,"href":"https:\/\/www.grupomedcof.com.br\/blog\/wp-json\/wp\/v2\/comments?post=29316"}],"version-history":[{"count":0,"href":"https:\/\/www.grupomedcof.com.br\/blog\/wp-json\/wp\/v2\/posts\/29316\/revisions"}],"wp:featuredmedia":[{"embeddable":true,"href":"https:\/\/www.grupomedcof.com.br\/blog\/wp-json\/wp\/v2\/media\/29317"}],"wp:attachment":[{"href":"https:\/\/www.grupomedcof.com.br\/blog\/wp-json\/wp\/v2\/media?parent=29316"}],"wp:term":[{"taxonomy":"category","embeddable":true,"href":"https:\/\/www.grupomedcof.com.br\/blog\/wp-json\/wp\/v2\/categories?post=29316"},{"taxonomy":"post_tag","embeddable":true,"href":"https:\/\/www.grupomedcof.com.br\/blog\/wp-json\/wp\/v2\/tags?post=29316"},{"taxonomy":"author","embeddable":true,"href":"https:\/\/www.grupomedcof.com.br\/blog\/wp-json\/wp\/v2\/ppma_author?post=29316"}],"curies":[{"name":"wp","href":"https:\/\/api.w.org\/{rel}","templated":true}]}}