{"id":29353,"date":"2024-09-02T08:46:33","date_gmt":"2024-09-02T11:46:33","guid":{"rendered":"https:\/\/www.grupomedcof.com.br\/blog\/?p=29353"},"modified":"2026-04-24T14:50:13","modified_gmt":"2026-04-24T17:50:13","slug":"aneurismas-definicoes-classificacao-fatores-de-risco-diagnostico-e-mais","status":"publish","type":"post","link":"https:\/\/www.grupomedcof.com.br\/blog\/aneurismas-definicoes-classificacao-fatores-de-risco-diagnostico-e-mais\/","title":{"rendered":"Aneurismas: defini\u00e7\u00f5es, classifica\u00e7\u00e3o, fatores de risco, diagn\u00f3stico e mais"},"content":{"rendered":"<div id=\"ez-toc-container\" class=\"ez-toc-v2_0_74 counter-hierarchy ez-toc-counter ez-toc-transparent ez-toc-container-direction\">\n<div class=\"ez-toc-title-container\">\n<p class=\"ez-toc-title\" style=\"cursor:inherit\">Sum\u00e1rio<\/p>\n<span class=\"ez-toc-title-toggle\"><a href=\"#\" class=\"ez-toc-pull-right ez-toc-btn ez-toc-btn-xs ez-toc-btn-default ez-toc-toggle\" aria-label=\"Alternar tabela de conte\u00fado\"><span class=\"ez-toc-js-icon-con\"><span class=\"\"><span class=\"eztoc-hide\" style=\"display:none;\">Toggle<\/span><span class=\"ez-toc-icon-toggle-span\"><svg style=\"fill: #999;color:#999\" xmlns=\"http:\/\/www.w3.org\/2000\/svg\" class=\"list-377408\" width=\"20px\" height=\"20px\" viewBox=\"0 0 24 24\" fill=\"none\"><path d=\"M6 6H4v2h2V6zm14 0H8v2h12V6zM4 11h2v2H4v-2zm16 0H8v2h12v-2zM4 16h2v2H4v-2zm16 0H8v2h12v-2z\" fill=\"currentColor\"><\/path><\/svg><svg style=\"fill: #999;color:#999\" class=\"arrow-unsorted-368013\" xmlns=\"http:\/\/www.w3.org\/2000\/svg\" width=\"10px\" height=\"10px\" viewBox=\"0 0 24 24\" version=\"1.2\" baseProfile=\"tiny\"><path d=\"M18.2 9.3l-6.2-6.3-6.2 6.3c-.2.2-.3.4-.3.7s.1.5.3.7c.2.2.4.3.7.3h11c.3 0 .5-.1.7-.3.2-.2.3-.5.3-.7s-.1-.5-.3-.7zM5.8 14.7l6.2 6.3 6.2-6.3c.2-.2.3-.5.3-.7s-.1-.5-.3-.7c-.2-.2-.4-.3-.7-.3h-11c-.3 0-.5.1-.7.3-.2.2-.3.5-.3.7s.1.5.3.7z\"\/><\/svg><\/span><\/span><\/span><\/a><\/span><\/div>\n<nav><ul class='ez-toc-list ez-toc-list-level-1 ' ><li class='ez-toc-page-1 ez-toc-heading-level-2'><a class=\"ez-toc-link ez-toc-heading-1\" href=\"https:\/\/www.grupomedcof.com.br\/blog\/aneurismas-definicoes-classificacao-fatores-de-risco-diagnostico-e-mais\/#Por_que_estuda-lo\" >Por qu\u00ea estud\u00e1-lo?<\/a><\/li><li class='ez-toc-page-1 ez-toc-heading-level-2'><a class=\"ez-toc-link ez-toc-heading-2\" href=\"https:\/\/www.grupomedcof.com.br\/blog\/aneurismas-definicoes-classificacao-fatores-de-risco-diagnostico-e-mais\/#Definicao\" >Defini\u00e7\u00e3o<\/a><\/li><li class='ez-toc-page-1 ez-toc-heading-level-2'><a class=\"ez-toc-link ez-toc-heading-3\" href=\"https:\/\/www.grupomedcof.com.br\/blog\/aneurismas-definicoes-classificacao-fatores-de-risco-diagnostico-e-mais\/#Classificacao\" >Classifica\u00e7\u00e3o&nbsp;<\/a><ul class='ez-toc-list-level-3' ><li class='ez-toc-heading-level-3'><a class=\"ez-toc-link ez-toc-heading-4\" href=\"https:\/\/www.grupomedcof.com.br\/blog\/aneurismas-definicoes-classificacao-fatores-de-risco-diagnostico-e-mais\/#Fusiforme\" >Fusiforme<\/a><\/li><li class='ez-toc-page-1 ez-toc-heading-level-3'><a class=\"ez-toc-link ez-toc-heading-5\" href=\"https:\/\/www.grupomedcof.com.br\/blog\/aneurismas-definicoes-classificacao-fatores-de-risco-diagnostico-e-mais\/#Sacular\" >Sacular&nbsp;<\/a><\/li><\/ul><\/li><li class='ez-toc-page-1 ez-toc-heading-level-2'><a class=\"ez-toc-link ez-toc-heading-6\" href=\"https:\/\/www.grupomedcof.com.br\/blog\/aneurismas-definicoes-classificacao-fatores-de-risco-diagnostico-e-mais\/#Fatores_de_Risco\" >Fatores de Risco<\/a><\/li><li class='ez-toc-page-1 ez-toc-heading-level-2'><a class=\"ez-toc-link ez-toc-heading-7\" href=\"https:\/\/www.grupomedcof.com.br\/blog\/aneurismas-definicoes-classificacao-fatores-de-risco-diagnostico-e-mais\/#Fisiopatologia\" >Fisiopatologia&nbsp;<\/a><\/li><li class='ez-toc-page-1 ez-toc-heading-level-2'><a class=\"ez-toc-link ez-toc-heading-8\" href=\"https:\/\/www.grupomedcof.com.br\/blog\/aneurismas-definicoes-classificacao-fatores-de-risco-diagnostico-e-mais\/#Diagnostico_e_Rastreio\" >Diagn\u00f3stico e Rastreio&nbsp;<\/a><\/li><li class='ez-toc-page-1 ez-toc-heading-level-2'><a class=\"ez-toc-link ez-toc-heading-9\" href=\"https:\/\/www.grupomedcof.com.br\/blog\/aneurismas-definicoes-classificacao-fatores-de-risco-diagnostico-e-mais\/#Tratamento\" >Tratamento&nbsp;<\/a><\/li><li class='ez-toc-page-1 ez-toc-heading-level-2'><a class=\"ez-toc-link ez-toc-heading-10\" href=\"https:\/\/www.grupomedcof.com.br\/blog\/aneurismas-definicoes-classificacao-fatores-de-risco-diagnostico-e-mais\/#O_metodo_que_te_aprova\" >O m\u00e9todo que te aprova!<\/a><\/li><\/ul><\/nav><\/div>\n\n<figure class=\"wp-block-image size-large\"><img loading=\"lazy\" decoding=\"async\" width=\"1024\" height=\"576\" src=\"https:\/\/www.grupomedcof.com.br\/blog\/wp-content\/uploads\/2024\/09\/Blog-MedCof-2024-09-02T083539.311-1024x576.png\" alt=\"\" class=\"wp-image-29356\" srcset=\"https:\/\/www.grupomedcof.com.br\/blog\/wp-content\/uploads\/2024\/09\/Blog-MedCof-2024-09-02T083539.311-1024x576.png 1024w, https:\/\/www.grupomedcof.com.br\/blog\/wp-content\/uploads\/2024\/09\/Blog-MedCof-2024-09-02T083539.311-300x169.png 300w, https:\/\/www.grupomedcof.com.br\/blog\/wp-content\/uploads\/2024\/09\/Blog-MedCof-2024-09-02T083539.311-768x432.png 768w, https:\/\/www.grupomedcof.com.br\/blog\/wp-content\/uploads\/2024\/09\/Blog-MedCof-2024-09-02T083539.311-1536x864.png 1536w, https:\/\/www.grupomedcof.com.br\/blog\/wp-content\/uploads\/2024\/09\/Blog-MedCof-2024-09-02T083539.311-2048x1152.png 2048w, https:\/\/www.grupomedcof.com.br\/blog\/wp-content\/uploads\/2024\/09\/Blog-MedCof-2024-09-02T083539.311-747x420.png 747w, https:\/\/www.grupomedcof.com.br\/blog\/wp-content\/uploads\/2024\/09\/Blog-MedCof-2024-09-02T083539.311-150x84.png 150w, https:\/\/www.grupomedcof.com.br\/blog\/wp-content\/uploads\/2024\/09\/Blog-MedCof-2024-09-02T083539.311-696x392.png 696w, https:\/\/www.grupomedcof.com.br\/blog\/wp-content\/uploads\/2024\/09\/Blog-MedCof-2024-09-02T083539.311-1068x601.png 1068w, https:\/\/www.grupomedcof.com.br\/blog\/wp-content\/uploads\/2024\/09\/Blog-MedCof-2024-09-02T083539.311-1920x1080.png 1920w\" sizes=\"auto, (max-width: 1024px) 100vw, 1024px\" \/><\/figure>\n\n\n\n<h2 class=\"wp-block-heading\" id=\"h-por-que-estuda-lo\"><span class=\"ez-toc-section\" id=\"Por_que_estuda-lo\"><\/span><strong>Por qu\u00ea estud\u00e1-lo?<\/strong><span class=\"ez-toc-section-end\"><\/span><\/h2>\n\n\n\n<p>Os <strong>aneurismas<\/strong> s\u00e3o, normalmente, assintom\u00e1ticos, mas resultam em fatalidades se n\u00e3o forem corretamente administrados. Al\u00e9m disso, \u00e9 uma tem\u00e1tica muito presente em provas para Resid\u00eancia em cardiologia e cirurgia. Por isso, vamos revisar um pontos importantes!&nbsp;<\/p>\n\n\n\n<h2 class=\"wp-block-heading\"><span class=\"ez-toc-section\" id=\"Definicao\"><\/span><strong>Defini\u00e7\u00e3o<\/strong><span class=\"ez-toc-section-end\"><\/span><\/h2>\n\n\n\n<p>\u00c9 uma dilata\u00e7\u00e3o de todas as camadas da parede da art\u00e9ria, atingindo um di\u00e2metro maior que 1,5 vezes o di\u00e2metro esperado normal (normalmente \u00e9 de 2 cm de di\u00e2metro, por isso ultrapassa 3 cm \u00e9 denomino aneurismas, entre esse&nbsp; valores \u00e9 considerado ectasias). Os aneurismas podem ser degenerativos ou ateroscler\u00f3ticos (associados ao envelhecimento, por isso s\u00e3o os mais comuns), infecciosos ou mic\u00f3ticos (associados a doen\u00e7as como tuberculose) e inflamat\u00f3rios (como os relacionados \u00e0 doen\u00e7a autoimunes).<\/p>\n\n\n\n<h2 class=\"wp-block-heading\" id=\"h-classificacao-nbsp\"><span class=\"ez-toc-section\" id=\"Classificacao\"><\/span><strong>Classifica\u00e7\u00e3o&nbsp;<\/strong><span class=\"ez-toc-section-end\"><\/span><\/h2>\n\n\n\n<h3 class=\"wp-block-heading\" id=\"h-fusiforme\"><span class=\"ez-toc-section\" id=\"Fusiforme\"><\/span><strong>Fusiforme<\/strong><span class=\"ez-toc-section-end\"><\/span><\/h3>\n\n\n\n<p>Esse tipo apresenta uma dilata\u00e7\u00e3o homog\u00eanea, e associa-se, normalmente, com aneurismas de etiologia degenerativa e apresenta padr\u00e3o relativamente previs\u00edvel.&nbsp;<\/p>\n\n\n\n<h3 class=\"wp-block-heading\" id=\"h-sacular-nbsp\"><span class=\"ez-toc-section\" id=\"Sacular\"><\/span><strong>Sacular<\/strong>&nbsp;<span class=\"ez-toc-section-end\"><\/span><\/h3>\n\n\n\n<p>Possuem maior instabilidade (morfologia irregular, o que tend\u00eancia \u00e0 rotura), associam-se, normalmente, a etiologias inflamat\u00f3rias ou mic\u00f3ticas. Por isso, possuem risco associado e, em raz\u00e3o do comportamento imprevis\u00edvel, s\u00e3o sempre operados.&nbsp;<\/p>\n\n\n\n<figure class=\"wp-block-image size-large\"><a href=\"https:\/\/www.grupomedcof.com.br\/cofletters\/\"><img loading=\"lazy\" decoding=\"async\" width=\"1024\" height=\"366\" src=\"https:\/\/www.grupomedcof.com.br\/blog\/wp-content\/uploads\/2024\/08\/Capa-Eventos-MedCof-Plus-14-4-1024x366.png\" alt=\"\" class=\"wp-image-29290\" srcset=\"https:\/\/www.grupomedcof.com.br\/blog\/wp-content\/uploads\/2024\/08\/Capa-Eventos-MedCof-Plus-14-4-1024x366.png 1024w, https:\/\/www.grupomedcof.com.br\/blog\/wp-content\/uploads\/2024\/08\/Capa-Eventos-MedCof-Plus-14-4-300x107.png 300w, https:\/\/www.grupomedcof.com.br\/blog\/wp-content\/uploads\/2024\/08\/Capa-Eventos-MedCof-Plus-14-4-768x275.png 768w, https:\/\/www.grupomedcof.com.br\/blog\/wp-content\/uploads\/2024\/08\/Capa-Eventos-MedCof-Plus-14-4-1536x549.png 1536w, https:\/\/www.grupomedcof.com.br\/blog\/wp-content\/uploads\/2024\/08\/Capa-Eventos-MedCof-Plus-14-4-2048x732.png 2048w, https:\/\/www.grupomedcof.com.br\/blog\/wp-content\/uploads\/2024\/08\/Capa-Eventos-MedCof-Plus-14-4-1174x420.png 1174w, https:\/\/www.grupomedcof.com.br\/blog\/wp-content\/uploads\/2024\/08\/Capa-Eventos-MedCof-Plus-14-4-150x54.png 150w, https:\/\/www.grupomedcof.com.br\/blog\/wp-content\/uploads\/2024\/08\/Capa-Eventos-MedCof-Plus-14-4-696x249.png 696w, https:\/\/www.grupomedcof.com.br\/blog\/wp-content\/uploads\/2024\/08\/Capa-Eventos-MedCof-Plus-14-4-1068x382.png 1068w, https:\/\/www.grupomedcof.com.br\/blog\/wp-content\/uploads\/2024\/08\/Capa-Eventos-MedCof-Plus-14-4-1920x687.png 1920w\" sizes=\"auto, (max-width: 1024px) 100vw, 1024px\" \/><\/a><\/figure>\n\n\n\n<h2 class=\"wp-block-heading\" id=\"h-fatores-de-risco\"><span class=\"ez-toc-section\" id=\"Fatores_de_Risco\"><\/span><strong>Fatores de Risco<\/strong><span class=\"ez-toc-section-end\"><\/span><\/h2>\n\n\n\n<p>Diversos fatores podem aumentar a probabillidade de ocorrencia de um aneurisma, como: Idade Avan\u00e7ada , se do Sexo Masculino, ades\u00e3o ao Tabagismo (fator mais preponderante), Hist\u00f3ria Pessoal previa em outras partes do corpo, Hist\u00f3rico Familiar, Aterosclerose e Hipertens\u00e3o arterial sist\u00eamica.&nbsp;<\/p>\n\n\n\n<p><strong>Curiosidade:<\/strong> apesar de nos dar a impress\u00e3o que sim, a Diabetes mellitus <strong>n\u00e3o<\/strong> \u00e9 um fator de risco, ainda \u00e9 considerado por alguns como fator de prote\u00e7\u00e3o!<\/p>\n\n\n\n<h2 class=\"wp-block-heading\" id=\"h-fisiopatologia-nbsp\"><span class=\"ez-toc-section\" id=\"Fisiopatologia\"><\/span><strong>Fisiopatologia&nbsp;<\/strong><span class=\"ez-toc-section-end\"><\/span><\/h2>\n\n\n\n<p>Para reconhecer um aneurisma, podemos identificar uma s\u00e9rie de altera\u00e7\u00f5es na parede a\u00f3rtica (como as mencionadas nas tipologias de aneurisma), perda da complac\u00eancia durante a s\u00edstole, redu\u00e7\u00e3o dos n\u00edveis de col\u00e1geno 3 e de elastina e aparente aumento do col\u00e1geno 1 (associado a rigidez). A perda da complac\u00eancia, que \u00e9 a dilata\u00e7\u00e3o da art\u00e9ria para receber o volume direcionado&nbsp; depois retornar ao di\u00e2metro original, favorece dilata\u00e7\u00f5es progressivas sem retorno ao tamanho original.&nbsp;&nbsp;<\/p>\n\n\n\n<p><strong>Curiosidade:<\/strong> a localiza\u00e7\u00e3o mais frequente dos aneurismas \u00e9 na aorta infra-renal (naturalmente h\u00e1 menor quantidade de elastina e col\u00e1geno tipo 3 nesta regi\u00e3o).&nbsp;<\/p>\n\n\n\n<h2 class=\"wp-block-heading\" id=\"h-diagnostico-e-rastreio-nbsp\"><span class=\"ez-toc-section\" id=\"Diagnostico_e_Rastreio\"><\/span><strong>Diagn\u00f3stico e Rastreio&nbsp;<\/strong><span class=\"ez-toc-section-end\"><\/span><\/h2>\n\n\n\n<p>Como j\u00e1 dissemos, a evolu\u00e7\u00e3o do aneurisma \u00e9 assintom\u00e1tica, por isso o Screening \u00e9 recomendado para preven\u00e7\u00e3o de rotura. O m\u00e9todo de rastreio depende do tipo de paciente submetido e a prefer\u00eancia \u00e9 entre os com mais fatores de risco. Confira abaixo uma tabela ilustrativa com essas informa\u00e7\u00f5es.:<\/p>\n\n\n\n<figure class=\"wp-block-table\"><table class=\"has-fixed-layout\"><tbody><tr><td><strong>Grupo&nbsp;<\/strong><\/td><td><strong>M\u00e9todo&nbsp;<\/strong><\/td><td><strong>Caracter\u00edstica&nbsp;<\/strong><\/td><\/tr><tr><td>Popula\u00e7\u00e3o de risco&nbsp;<\/td><td>ultrassonografia abdominal de doppler&nbsp;<\/td><td>Principalmente homens com mais de 65 anos e tabagistas. Se n\u00e3o forem achadas altera\u00e7\u00f5es, n\u00e3o deve repetir, mas se houver, seguem as buscas.&nbsp;<\/td><\/tr><tr><td>Assintom\u00e1tico&nbsp;<\/td><td>Exame f\u00edsico, exame de imagem, USG bem realizado<\/td><td>Procurar massa puls\u00e1til abdominal, fazer ultrassonografia do abdome, da aorta e das il\u00edacas, localizar o aneurisma\u2026.<\/td><\/tr><tr><td>Sintom\u00e1tico&nbsp;<\/td><td>identificar os sintomas, identificar qual a melhor cirurgia a se realizar&nbsp;<\/td><td>Dor abdominal, isquemia de membros, acometimento do plexo nervoso visceral\u2026<\/td><\/tr><\/tbody><\/table><\/figure>\n\n\n\n<p><strong>Curiosidades:<\/strong>&nbsp;Existem exce\u00e7\u00f5es para indicar a cirurgia, apesar de ela reduzir as chances de rotura. Al\u00e9m disso, a reconstru\u00e7\u00e3o 3D \u00e9 importante para a conduta, mas n\u00e3o \u00e9 suficiente para estabelecer indica\u00e7\u00e3o cir\u00fargica (na medida em que oculta dados essenciais na tomada de decis\u00f5es, como a presen\u00e7a de trombos).&nbsp;<\/p>\n\n\n\n<h2 class=\"wp-block-heading\" id=\"h-tratamento-nbsp\"><span class=\"ez-toc-section\" id=\"Tratamento\"><\/span><strong>Tratamento&nbsp;<\/strong><span class=\"ez-toc-section-end\"><\/span><\/h2>\n\n\n\n<p>Assim como cada tipo de aneurisma tem suas particularidades, os tratamentos para cada um tamb\u00e9m. Para pacientes assintom\u00e1ticos, a indica\u00e7\u00e3o depende da morfologia e do di\u00e2metro do aneurisma.<\/p>\n\n\n\n<ul class=\"wp-block-list\">\n<li>Sacular: Corre\u00e7\u00e3o cir\u00fargica eletiva precoce<\/li>\n\n\n\n<li>Fusiforme: Depende do di\u00e2metro conforme o Aortic Index (5,5 cm para homens e 5 cm para mulheres)&nbsp;<\/li>\n<\/ul>\n\n\n\n<p><strong>Curiosidade:<\/strong> A rotura \u00e9 a principal complica\u00e7\u00e3o advinda do aneurisma! A taxa de rotura aumenta junto ao di\u00e2metro e se associa intrinsecamente a elevada taxa de natalidade.&nbsp;<\/p>\n\n\n\n<p>Os crit\u00e9rios para o tratamento seguem principalmente a ordem:&nbsp;<\/p>\n\n\n\n<ol class=\"wp-block-list\">\n<li>Crescimento acelerado?<\/li>\n<\/ol>\n\n\n\n<p>Com taxa de aumento maior que 1 cm por ano ou 0,5 cm por semestre<\/p>\n\n\n\n<ol start=\"2\" class=\"wp-block-list\">\n<li>H\u00e1 emboliza\u00e7\u00e3o de trombos?<\/li>\n<\/ol>\n\n\n\n<p>Toda vez que h\u00e1 dilata\u00e7\u00e3o do di\u00e2metro, h\u00e1 turbilhonamento e, ent\u00e3o, maiores chances de trombos. Se houver emboliza\u00e7\u00e3o de trombo, a vasculariza\u00e7\u00e3o dos vasos compromete-se e a conduta para tomar \u00e9&nbsp;cirurgia o mais breve poss\u00edvel.&nbsp;<\/p>\n\n\n\n<ol start=\"3\" class=\"wp-block-list\">\n<li>H\u00e1 dor?&nbsp;<\/li>\n<\/ol>\n\n\n\n<p>Essa, pode ser causada por crescimento e r\u00e1pida distens\u00e3o da parede arterial e por compress\u00e3o das estruturas adjacentes. A presen\u00e7a dela \u00e9 considerada imin\u00eancia de rotura e a conduta a ser tomada e interna\u00e7\u00e3o e corre\u00e7\u00e3o cir\u00fargica com urg\u00eancia.&nbsp;<\/p>\n\n\n\n<ol start=\"4\" class=\"wp-block-list\">\n<li>Houve rotura?<\/li>\n<\/ol>\n\n\n\n<p>Rotura \u00e9 perda da continuidade da parede da aorta. Geralmente apresenta sinais de instabilidade hemodin\u00e2mica e demonstra alt\u00edssima taxa de mortalidade por choque hemorr\u00e1gico. Devido a esses fatores, esse crit\u00e9rio constitui uma indica\u00e7\u00e3o de <strong>emerg\u00eancia!<\/strong>&nbsp;&nbsp;<\/p>\n\n\n\n<h2 class=\"wp-block-heading\" id=\"o-m\u00e9todo-que-te-aprova\"><span class=\"ez-toc-section\" id=\"O_metodo_que_te_aprova\"><\/span><strong>O m\u00e9todo que te aprova!<\/strong><span class=\"ez-toc-section-end\"><\/span><\/h2>\n\n\n\n<p>Quer alcan\u00e7ar a aprova\u00e7\u00e3o nas provas de resid\u00eancia m\u00e9dica? Ent\u00e3o seja um&nbsp;<a href=\"https:\/\/www.grupomedcof.com.br\/home\/\" target=\"_blank\" rel=\"noreferrer noopener\">MedCoffer<\/a>! Aqui te ajudaremos na busca da aprova\u00e7\u00e3o com conte\u00fados de qualidade e uma&nbsp;<a href=\"https:\/\/www.grupomedcof.com.br\/blog\/presenca-da-medcof-nas-aprovacoes-em-residencia-medica-no-brasil\/\" target=\"_blank\" rel=\"noreferrer noopener\">metodologia que j\u00e1 aprovou mais de 10 mil residentes no pa\u00eds!&nbsp;<\/a>Por fim, acesse o nosso<a href=\"https:\/\/www.youtube.com\/@GrupoMedcof\/featured\" target=\"_blank\" rel=\"noreferrer noopener\">&nbsp;<strong>canal do youtube&nbsp;<\/strong><\/a>para ver o nosso material.<\/p>\n\n\n\n<figure class=\"wp-block-embed is-type-video is-provider-youtube wp-block-embed-youtube wp-embed-aspect-16-9 wp-has-aspect-ratio\"><div class=\"wp-block-embed__wrapper\">\n<div class=\"youtube-embed\" data-video_id=\"L1asKp1KaxU\"><iframe loading=\"lazy\" title=\"Neurocirurgia: O que envolve a escolha por esta resid\u00eancia m\u00e9dica? com Dr. Matheus Yamaki EP.16\" width=\"696\" height=\"392\" src=\"https:\/\/www.youtube.com\/embed\/L1asKp1KaxU?feature=oembed&#038;enablejsapi=1\" frameborder=\"0\" allow=\"accelerometer; autoplay; clipboard-write; encrypted-media; gyroscope; picture-in-picture; web-share\" referrerpolicy=\"strict-origin-when-cross-origin\" allowfullscreen><\/iframe><\/div>\n<\/div><\/figure>\n","protected":false},"excerpt":{"rendered":"<p>Os aneurismas s\u00e3o, normalmente, assintom\u00e1ticos, mas resultam em fatalidades se n\u00e3o forem corretamente administrados. Veja!<\/p>\n","protected":false},"author":21,"featured_media":29356,"comment_status":"open","ping_status":"open","sticky":false,"template":"","format":"standard","meta":{"footnotes":""},"categories":[190],"tags":[1942,117,68,869],"ppma_author":[3617],"class_list":{"0":"post-29353","1":"post","2":"type-post","3":"status-publish","4":"format-standard","5":"has-post-thumbnail","7":"category-neurologia","8":"tag-fusiforme","9":"tag-provas-de-residencia","10":"tag-residencia-medica","11":"tag-tratamento"},"yoast_head":"<!-- This site is optimized with the Yoast SEO Premium plugin v24.3 (Yoast SEO v27.4) - https:\/\/yoast.com\/product\/yoast-seo-premium-wordpress\/ -->\n<title>Aneurismas: Classifica\u00e7\u00e3o, Riscos e Diagn\u00f3stico | MedCof<\/title>\n<meta name=\"description\" content=\"Os aneurismas s\u00e3o, normalmente, assintom\u00e1ticos, mas resultam em fatalidades se n\u00e3o forem corretamente administrados. Veja!\" \/>\n<meta name=\"robots\" content=\"index, follow, max-snippet:-1, max-image-preview:large, max-video-preview:-1\" \/>\n<link rel=\"canonical\" href=\"https:\/\/www.grupomedcof.com.br\/blog\/aneurismas-definicoes-classificacao-fatores-de-risco-diagnostico-e-mais\/\" \/>\n<meta property=\"og:locale\" content=\"pt_BR\" \/>\n<meta property=\"og:type\" content=\"article\" \/>\n<meta property=\"og:title\" content=\"Aneurismas: defini\u00e7\u00f5es, classifica\u00e7\u00e3o, fatores de risco, diagn\u00f3stico e mais\" \/>\n<meta property=\"og:description\" content=\"Os aneurismas s\u00e3o, normalmente, assintom\u00e1ticos, mas resultam em fatalidades se n\u00e3o forem corretamente administrados. Veja!\" \/>\n<meta property=\"og:url\" content=\"https:\/\/www.grupomedcof.com.br\/blog\/aneurismas-definicoes-classificacao-fatores-de-risco-diagnostico-e-mais\/\" \/>\n<meta property=\"og:site_name\" content=\"Blog de Medcof: conte\u00fados, editais, revalida e mais!\" \/>\n<meta property=\"article:publisher\" content=\"https:\/\/www.facebook.com\/MedCofQbank\/\" \/>\n<meta property=\"article:published_time\" content=\"2024-09-02T11:46:33+00:00\" \/>\n<meta property=\"article:modified_time\" content=\"2026-04-24T17:50:13+00:00\" \/>\n<meta property=\"og:image\" content=\"https:\/\/www.grupomedcof.com.br\/blog\/wp-content\/uploads\/2024\/09\/Blog-MedCof-2024-09-02T083539.311-1024x576.png\" \/>\n\t<meta property=\"og:image:width\" content=\"1024\" \/>\n\t<meta property=\"og:image:height\" content=\"576\" \/>\n\t<meta property=\"og:image:type\" content=\"image\/png\" \/>\n<meta name=\"author\" content=\"Kiara Adelino\" \/>\n<meta name=\"twitter:card\" content=\"summary_large_image\" \/>\n<meta name=\"twitter:label1\" content=\"Escrito por\" \/>\n\t<meta name=\"twitter:data1\" content=\"Kiara Adelino\" \/>\n\t<meta name=\"twitter:label2\" content=\"Est. tempo de leitura\" \/>\n\t<meta name=\"twitter:data2\" content=\"5 minutos\" \/>\n<script type=\"application\/ld+json\" class=\"yoast-schema-graph\">{\"@context\":\"https:\\\/\\\/schema.org\",\"@graph\":[{\"@type\":\"Article\",\"@id\":\"https:\\\/\\\/www.grupomedcof.com.br\\\/blog\\\/aneurismas-definicoes-classificacao-fatores-de-risco-diagnostico-e-mais\\\/#article\",\"isPartOf\":{\"@id\":\"https:\\\/\\\/www.grupomedcof.com.br\\\/blog\\\/aneurismas-definicoes-classificacao-fatores-de-risco-diagnostico-e-mais\\\/\"},\"author\":{\"name\":\"Kiara Adelino\",\"@id\":\"https:\\\/\\\/www.grupomedcof.com.br\\\/blog\\\/#\\\/schema\\\/person\\\/db19a651f86c5fc202d6eee744fd3292\"},\"headline\":\"Aneurismas: defini\u00e7\u00f5es, classifica\u00e7\u00e3o, fatores de risco, diagn\u00f3stico e mais\",\"datePublished\":\"2024-09-02T11:46:33+00:00\",\"dateModified\":\"2026-04-24T17:50:13+00:00\",\"mainEntityOfPage\":{\"@id\":\"https:\\\/\\\/www.grupomedcof.com.br\\\/blog\\\/aneurismas-definicoes-classificacao-fatores-de-risco-diagnostico-e-mais\\\/\"},\"wordCount\":941,\"commentCount\":0,\"publisher\":{\"@id\":\"https:\\\/\\\/www.grupomedcof.com.br\\\/blog\\\/#organization\"},\"image\":{\"@id\":\"https:\\\/\\\/www.grupomedcof.com.br\\\/blog\\\/aneurismas-definicoes-classificacao-fatores-de-risco-diagnostico-e-mais\\\/#primaryimage\"},\"thumbnailUrl\":\"https:\\\/\\\/www.grupomedcof.com.br\\\/blog\\\/wp-content\\\/uploads\\\/2024\\\/09\\\/Blog-MedCof-2024-09-02T083539.311.png\",\"keywords\":[\"Fusiforme\",\"Provas de Resid\u00eancia\",\"Resid\u00eancia M\u00e9dica\",\"tratamento\"],\"articleSection\":[\"Neurologia\"],\"inLanguage\":\"pt-BR\"},{\"@type\":\"WebPage\",\"@id\":\"https:\\\/\\\/www.grupomedcof.com.br\\\/blog\\\/aneurismas-definicoes-classificacao-fatores-de-risco-diagnostico-e-mais\\\/\",\"url\":\"https:\\\/\\\/www.grupomedcof.com.br\\\/blog\\\/aneurismas-definicoes-classificacao-fatores-de-risco-diagnostico-e-mais\\\/\",\"name\":\"Aneurismas: Classifica\u00e7\u00e3o, Riscos e Diagn\u00f3stico | MedCof\",\"isPartOf\":{\"@id\":\"https:\\\/\\\/www.grupomedcof.com.br\\\/blog\\\/#website\"},\"primaryImageOfPage\":{\"@id\":\"https:\\\/\\\/www.grupomedcof.com.br\\\/blog\\\/aneurismas-definicoes-classificacao-fatores-de-risco-diagnostico-e-mais\\\/#primaryimage\"},\"image\":{\"@id\":\"https:\\\/\\\/www.grupomedcof.com.br\\\/blog\\\/aneurismas-definicoes-classificacao-fatores-de-risco-diagnostico-e-mais\\\/#primaryimage\"},\"thumbnailUrl\":\"https:\\\/\\\/www.grupomedcof.com.br\\\/blog\\\/wp-content\\\/uploads\\\/2024\\\/09\\\/Blog-MedCof-2024-09-02T083539.311.png\",\"datePublished\":\"2024-09-02T11:46:33+00:00\",\"dateModified\":\"2026-04-24T17:50:13+00:00\",\"description\":\"Os aneurismas s\u00e3o, normalmente, assintom\u00e1ticos, mas resultam em fatalidades se n\u00e3o forem corretamente administrados. Veja!\",\"breadcrumb\":{\"@id\":\"https:\\\/\\\/www.grupomedcof.com.br\\\/blog\\\/aneurismas-definicoes-classificacao-fatores-de-risco-diagnostico-e-mais\\\/#breadcrumb\"},\"inLanguage\":\"pt-BR\",\"potentialAction\":[{\"@type\":\"ReadAction\",\"target\":[\"https:\\\/\\\/www.grupomedcof.com.br\\\/blog\\\/aneurismas-definicoes-classificacao-fatores-de-risco-diagnostico-e-mais\\\/\"]}]},{\"@type\":\"ImageObject\",\"inLanguage\":\"pt-BR\",\"@id\":\"https:\\\/\\\/www.grupomedcof.com.br\\\/blog\\\/aneurismas-definicoes-classificacao-fatores-de-risco-diagnostico-e-mais\\\/#primaryimage\",\"url\":\"https:\\\/\\\/www.grupomedcof.com.br\\\/blog\\\/wp-content\\\/uploads\\\/2024\\\/09\\\/Blog-MedCof-2024-09-02T083539.311.png\",\"contentUrl\":\"https:\\\/\\\/www.grupomedcof.com.br\\\/blog\\\/wp-content\\\/uploads\\\/2024\\\/09\\\/Blog-MedCof-2024-09-02T083539.311.png\",\"width\":2560,\"height\":1440},{\"@type\":\"BreadcrumbList\",\"@id\":\"https:\\\/\\\/www.grupomedcof.com.br\\\/blog\\\/aneurismas-definicoes-classificacao-fatores-de-risco-diagnostico-e-mais\\\/#breadcrumb\",\"itemListElement\":[{\"@type\":\"ListItem\",\"position\":1,\"name\":\"In\u00edcio\",\"item\":\"https:\\\/\\\/www.grupomedcof.com.br\\\/blog\\\/\"},{\"@type\":\"ListItem\",\"position\":2,\"name\":\"Aneurismas: defini\u00e7\u00f5es, classifica\u00e7\u00e3o, fatores de risco, diagn\u00f3stico e mais\"}]},{\"@type\":\"WebSite\",\"@id\":\"https:\\\/\\\/www.grupomedcof.com.br\\\/blog\\\/#website\",\"url\":\"https:\\\/\\\/www.grupomedcof.com.br\\\/blog\\\/\",\"name\":\"Blog de Medcof: conte\u00fados, editais, revalida e mais!\",\"description\":\"Acesso o blog de MedCof! Seu portal de conte\u00fados sobre resid\u00eancia m\u00e9dica, an\u00e1lise e editais e muito mais. Clique e confira!\",\"publisher\":{\"@id\":\"https:\\\/\\\/www.grupomedcof.com.br\\\/blog\\\/#organization\"},\"alternateName\":\"Blog de Medcof: conte\u00fados, editais, revalida e mais!\",\"potentialAction\":[{\"@type\":\"SearchAction\",\"target\":{\"@type\":\"EntryPoint\",\"urlTemplate\":\"https:\\\/\\\/www.grupomedcof.com.br\\\/blog\\\/?s={search_term_string}\"},\"query-input\":{\"@type\":\"PropertyValueSpecification\",\"valueRequired\":true,\"valueName\":\"search_term_string\"}}],\"inLanguage\":\"pt-BR\"},{\"@type\":\"Organization\",\"@id\":\"https:\\\/\\\/www.grupomedcof.com.br\\\/blog\\\/#organization\",\"name\":\"Grupo MedCof\",\"url\":\"https:\\\/\\\/www.grupomedcof.com.br\\\/blog\\\/\",\"logo\":{\"@type\":\"ImageObject\",\"inLanguage\":\"pt-BR\",\"@id\":\"https:\\\/\\\/www.grupomedcof.com.br\\\/blog\\\/#\\\/schema\\\/logo\\\/image\\\/\",\"url\":\"https:\\\/\\\/www.grupomedcof.com.br\\\/blog\\\/wp-content\\\/uploads\\\/2022\\\/01\\\/logo-medcof.png\",\"contentUrl\":\"https:\\\/\\\/www.grupomedcof.com.br\\\/blog\\\/wp-content\\\/uploads\\\/2022\\\/01\\\/logo-medcof.png\",\"width\":768,\"height\":269,\"caption\":\"Grupo MedCof\"},\"image\":{\"@id\":\"https:\\\/\\\/www.grupomedcof.com.br\\\/blog\\\/#\\\/schema\\\/logo\\\/image\\\/\"},\"sameAs\":[\"https:\\\/\\\/www.facebook.com\\\/MedCofQbank\\\/\",\"https:\\\/\\\/www.instagram.com\\\/grupomedcof\\\/\",\"https:\\\/\\\/br.linkedin.com\\\/company\\\/medcof\",\"https:\\\/\\\/www.youtube.com\\\/channel\\\/UCdHMuOHKICxcHwecxN8P-AA\"]},{\"@type\":\"Person\",\"@id\":\"https:\\\/\\\/www.grupomedcof.com.br\\\/blog\\\/#\\\/schema\\\/person\\\/db19a651f86c5fc202d6eee744fd3292\",\"name\":\"Kiara Adelino\",\"image\":{\"@type\":\"ImageObject\",\"inLanguage\":\"pt-BR\",\"@id\":\"https:\\\/\\\/www.grupomedcof.com.br\\\/blog\\\/wp-content\\\/uploads\\\/2024\\\/08\\\/cropped-Kiara-Adelino2-96x96.jpega85663bdda67261f8f06f86e555e1e49\",\"url\":\"https:\\\/\\\/www.grupomedcof.com.br\\\/blog\\\/wp-content\\\/uploads\\\/2024\\\/08\\\/cropped-Kiara-Adelino2-96x96.jpeg\",\"contentUrl\":\"https:\\\/\\\/www.grupomedcof.com.br\\\/blog\\\/wp-content\\\/uploads\\\/2024\\\/08\\\/cropped-Kiara-Adelino2-96x96.jpeg\",\"caption\":\"Kiara Adelino\"},\"description\":\"Estudante do 5\u00b0 semestre de Medicina. Gosto bastante de aprender coisas novas, principalmente na \u00e1rea de Neurologia e Anatomia humana.\",\"url\":\"https:\\\/\\\/www.grupomedcof.com.br\\\/blog\\\/author\\\/kiara-adelino\\\/\"}]}<\/script>\n<!-- \/ Yoast SEO Premium plugin. -->","yoast_head_json":{"title":"Aneurismas: Classifica\u00e7\u00e3o, Riscos e Diagn\u00f3stico | MedCof","description":"Os aneurismas s\u00e3o, normalmente, assintom\u00e1ticos, mas resultam em fatalidades se n\u00e3o forem corretamente administrados. Veja!","robots":{"index":"index","follow":"follow","max-snippet":"max-snippet:-1","max-image-preview":"max-image-preview:large","max-video-preview":"max-video-preview:-1"},"canonical":"https:\/\/www.grupomedcof.com.br\/blog\/aneurismas-definicoes-classificacao-fatores-de-risco-diagnostico-e-mais\/","og_locale":"pt_BR","og_type":"article","og_title":"Aneurismas: defini\u00e7\u00f5es, classifica\u00e7\u00e3o, fatores de risco, diagn\u00f3stico e mais","og_description":"Os aneurismas s\u00e3o, normalmente, assintom\u00e1ticos, mas resultam em fatalidades se n\u00e3o forem corretamente administrados. Veja!","og_url":"https:\/\/www.grupomedcof.com.br\/blog\/aneurismas-definicoes-classificacao-fatores-de-risco-diagnostico-e-mais\/","og_site_name":"Blog de Medcof: conte\u00fados, editais, revalida e mais!","article_publisher":"https:\/\/www.facebook.com\/MedCofQbank\/","article_published_time":"2024-09-02T11:46:33+00:00","article_modified_time":"2026-04-24T17:50:13+00:00","og_image":[{"width":1024,"height":576,"url":"https:\/\/www.grupomedcof.com.br\/blog\/wp-content\/uploads\/2024\/09\/Blog-MedCof-2024-09-02T083539.311-1024x576.png","type":"image\/png"}],"author":"Kiara Adelino","twitter_card":"summary_large_image","twitter_misc":{"Escrito por":"Kiara Adelino","Est. tempo de leitura":"5 minutos"},"schema":{"@context":"https:\/\/schema.org","@graph":[{"@type":"Article","@id":"https:\/\/www.grupomedcof.com.br\/blog\/aneurismas-definicoes-classificacao-fatores-de-risco-diagnostico-e-mais\/#article","isPartOf":{"@id":"https:\/\/www.grupomedcof.com.br\/blog\/aneurismas-definicoes-classificacao-fatores-de-risco-diagnostico-e-mais\/"},"author":{"name":"Kiara Adelino","@id":"https:\/\/www.grupomedcof.com.br\/blog\/#\/schema\/person\/db19a651f86c5fc202d6eee744fd3292"},"headline":"Aneurismas: defini\u00e7\u00f5es, classifica\u00e7\u00e3o, fatores de risco, diagn\u00f3stico e mais","datePublished":"2024-09-02T11:46:33+00:00","dateModified":"2026-04-24T17:50:13+00:00","mainEntityOfPage":{"@id":"https:\/\/www.grupomedcof.com.br\/blog\/aneurismas-definicoes-classificacao-fatores-de-risco-diagnostico-e-mais\/"},"wordCount":941,"commentCount":0,"publisher":{"@id":"https:\/\/www.grupomedcof.com.br\/blog\/#organization"},"image":{"@id":"https:\/\/www.grupomedcof.com.br\/blog\/aneurismas-definicoes-classificacao-fatores-de-risco-diagnostico-e-mais\/#primaryimage"},"thumbnailUrl":"https:\/\/www.grupomedcof.com.br\/blog\/wp-content\/uploads\/2024\/09\/Blog-MedCof-2024-09-02T083539.311.png","keywords":["Fusiforme","Provas de Resid\u00eancia","Resid\u00eancia M\u00e9dica","tratamento"],"articleSection":["Neurologia"],"inLanguage":"pt-BR"},{"@type":"WebPage","@id":"https:\/\/www.grupomedcof.com.br\/blog\/aneurismas-definicoes-classificacao-fatores-de-risco-diagnostico-e-mais\/","url":"https:\/\/www.grupomedcof.com.br\/blog\/aneurismas-definicoes-classificacao-fatores-de-risco-diagnostico-e-mais\/","name":"Aneurismas: Classifica\u00e7\u00e3o, Riscos e Diagn\u00f3stico | MedCof","isPartOf":{"@id":"https:\/\/www.grupomedcof.com.br\/blog\/#website"},"primaryImageOfPage":{"@id":"https:\/\/www.grupomedcof.com.br\/blog\/aneurismas-definicoes-classificacao-fatores-de-risco-diagnostico-e-mais\/#primaryimage"},"image":{"@id":"https:\/\/www.grupomedcof.com.br\/blog\/aneurismas-definicoes-classificacao-fatores-de-risco-diagnostico-e-mais\/#primaryimage"},"thumbnailUrl":"https:\/\/www.grupomedcof.com.br\/blog\/wp-content\/uploads\/2024\/09\/Blog-MedCof-2024-09-02T083539.311.png","datePublished":"2024-09-02T11:46:33+00:00","dateModified":"2026-04-24T17:50:13+00:00","description":"Os aneurismas s\u00e3o, normalmente, assintom\u00e1ticos, mas resultam em fatalidades se n\u00e3o forem corretamente administrados. Veja!","breadcrumb":{"@id":"https:\/\/www.grupomedcof.com.br\/blog\/aneurismas-definicoes-classificacao-fatores-de-risco-diagnostico-e-mais\/#breadcrumb"},"inLanguage":"pt-BR","potentialAction":[{"@type":"ReadAction","target":["https:\/\/www.grupomedcof.com.br\/blog\/aneurismas-definicoes-classificacao-fatores-de-risco-diagnostico-e-mais\/"]}]},{"@type":"ImageObject","inLanguage":"pt-BR","@id":"https:\/\/www.grupomedcof.com.br\/blog\/aneurismas-definicoes-classificacao-fatores-de-risco-diagnostico-e-mais\/#primaryimage","url":"https:\/\/www.grupomedcof.com.br\/blog\/wp-content\/uploads\/2024\/09\/Blog-MedCof-2024-09-02T083539.311.png","contentUrl":"https:\/\/www.grupomedcof.com.br\/blog\/wp-content\/uploads\/2024\/09\/Blog-MedCof-2024-09-02T083539.311.png","width":2560,"height":1440},{"@type":"BreadcrumbList","@id":"https:\/\/www.grupomedcof.com.br\/blog\/aneurismas-definicoes-classificacao-fatores-de-risco-diagnostico-e-mais\/#breadcrumb","itemListElement":[{"@type":"ListItem","position":1,"name":"In\u00edcio","item":"https:\/\/www.grupomedcof.com.br\/blog\/"},{"@type":"ListItem","position":2,"name":"Aneurismas: defini\u00e7\u00f5es, classifica\u00e7\u00e3o, fatores de risco, diagn\u00f3stico e mais"}]},{"@type":"WebSite","@id":"https:\/\/www.grupomedcof.com.br\/blog\/#website","url":"https:\/\/www.grupomedcof.com.br\/blog\/","name":"Blog de Medcof: conte\u00fados, editais, revalida e mais!","description":"Acesso o blog de MedCof! Seu portal de conte\u00fados sobre resid\u00eancia m\u00e9dica, an\u00e1lise e editais e muito mais. Clique e confira!","publisher":{"@id":"https:\/\/www.grupomedcof.com.br\/blog\/#organization"},"alternateName":"Blog de Medcof: conte\u00fados, editais, revalida e mais!","potentialAction":[{"@type":"SearchAction","target":{"@type":"EntryPoint","urlTemplate":"https:\/\/www.grupomedcof.com.br\/blog\/?s={search_term_string}"},"query-input":{"@type":"PropertyValueSpecification","valueRequired":true,"valueName":"search_term_string"}}],"inLanguage":"pt-BR"},{"@type":"Organization","@id":"https:\/\/www.grupomedcof.com.br\/blog\/#organization","name":"Grupo MedCof","url":"https:\/\/www.grupomedcof.com.br\/blog\/","logo":{"@type":"ImageObject","inLanguage":"pt-BR","@id":"https:\/\/www.grupomedcof.com.br\/blog\/#\/schema\/logo\/image\/","url":"https:\/\/www.grupomedcof.com.br\/blog\/wp-content\/uploads\/2022\/01\/logo-medcof.png","contentUrl":"https:\/\/www.grupomedcof.com.br\/blog\/wp-content\/uploads\/2022\/01\/logo-medcof.png","width":768,"height":269,"caption":"Grupo MedCof"},"image":{"@id":"https:\/\/www.grupomedcof.com.br\/blog\/#\/schema\/logo\/image\/"},"sameAs":["https:\/\/www.facebook.com\/MedCofQbank\/","https:\/\/www.instagram.com\/grupomedcof\/","https:\/\/br.linkedin.com\/company\/medcof","https:\/\/www.youtube.com\/channel\/UCdHMuOHKICxcHwecxN8P-AA"]},{"@type":"Person","@id":"https:\/\/www.grupomedcof.com.br\/blog\/#\/schema\/person\/db19a651f86c5fc202d6eee744fd3292","name":"Kiara Adelino","image":{"@type":"ImageObject","inLanguage":"pt-BR","@id":"https:\/\/www.grupomedcof.com.br\/blog\/wp-content\/uploads\/2024\/08\/cropped-Kiara-Adelino2-96x96.jpega85663bdda67261f8f06f86e555e1e49","url":"https:\/\/www.grupomedcof.com.br\/blog\/wp-content\/uploads\/2024\/08\/cropped-Kiara-Adelino2-96x96.jpeg","contentUrl":"https:\/\/www.grupomedcof.com.br\/blog\/wp-content\/uploads\/2024\/08\/cropped-Kiara-Adelino2-96x96.jpeg","caption":"Kiara Adelino"},"description":"Estudante do 5\u00b0 semestre de Medicina. Gosto bastante de aprender coisas novas, principalmente na \u00e1rea de Neurologia e Anatomia humana.","url":"https:\/\/www.grupomedcof.com.br\/blog\/author\/kiara-adelino\/"}]}},"authors":[{"term_id":3617,"user_id":21,"is_guest":0,"slug":"kiara-adelino","display_name":"Kiara Adelino","avatar_url":"https:\/\/www.grupomedcof.com.br\/blog\/wp-content\/uploads\/2024\/08\/cropped-Kiara-Adelino2-96x96.jpeg","0":null,"1":"","2":"","3":"","4":"","5":"","6":"","7":"","8":""}],"_links":{"self":[{"href":"https:\/\/www.grupomedcof.com.br\/blog\/wp-json\/wp\/v2\/posts\/29353","targetHints":{"allow":["GET"]}}],"collection":[{"href":"https:\/\/www.grupomedcof.com.br\/blog\/wp-json\/wp\/v2\/posts"}],"about":[{"href":"https:\/\/www.grupomedcof.com.br\/blog\/wp-json\/wp\/v2\/types\/post"}],"author":[{"embeddable":true,"href":"https:\/\/www.grupomedcof.com.br\/blog\/wp-json\/wp\/v2\/users\/21"}],"replies":[{"embeddable":true,"href":"https:\/\/www.grupomedcof.com.br\/blog\/wp-json\/wp\/v2\/comments?post=29353"}],"version-history":[{"count":1,"href":"https:\/\/www.grupomedcof.com.br\/blog\/wp-json\/wp\/v2\/posts\/29353\/revisions"}],"predecessor-version":[{"id":43372,"href":"https:\/\/www.grupomedcof.com.br\/blog\/wp-json\/wp\/v2\/posts\/29353\/revisions\/43372"}],"wp:featuredmedia":[{"embeddable":true,"href":"https:\/\/www.grupomedcof.com.br\/blog\/wp-json\/wp\/v2\/media\/29356"}],"wp:attachment":[{"href":"https:\/\/www.grupomedcof.com.br\/blog\/wp-json\/wp\/v2\/media?parent=29353"}],"wp:term":[{"taxonomy":"category","embeddable":true,"href":"https:\/\/www.grupomedcof.com.br\/blog\/wp-json\/wp\/v2\/categories?post=29353"},{"taxonomy":"post_tag","embeddable":true,"href":"https:\/\/www.grupomedcof.com.br\/blog\/wp-json\/wp\/v2\/tags?post=29353"},{"taxonomy":"author","embeddable":true,"href":"https:\/\/www.grupomedcof.com.br\/blog\/wp-json\/wp\/v2\/ppma_author?post=29353"}],"curies":[{"name":"wp","href":"https:\/\/api.w.org\/{rel}","templated":true}]}}