{"id":29413,"date":"2024-09-07T08:30:43","date_gmt":"2024-09-07T11:30:43","guid":{"rendered":"https:\/\/www.grupomedcof.com.br\/blog\/?p=29413"},"modified":"2024-09-09T07:50:23","modified_gmt":"2024-09-09T10:50:23","slug":"o-que-sao-as-politicas-publicas-especificas-e-como-sao-cobradas-nas-provas-de-residencia","status":"publish","type":"post","link":"https:\/\/www.grupomedcof.com.br\/blog\/o-que-sao-as-politicas-publicas-especificas-e-como-sao-cobradas-nas-provas-de-residencia\/","title":{"rendered":"O que s\u00e3o as Pol\u00edticas P\u00fablicas Espec\u00edficas"},"content":{"rendered":"<div id=\"ez-toc-container\" class=\"ez-toc-v2_0_74 counter-hierarchy ez-toc-counter ez-toc-transparent ez-toc-container-direction\">\n<div class=\"ez-toc-title-container\">\n<p class=\"ez-toc-title\" style=\"cursor:inherit\">Sum\u00e1rio<\/p>\n<span class=\"ez-toc-title-toggle\"><a href=\"#\" class=\"ez-toc-pull-right ez-toc-btn ez-toc-btn-xs ez-toc-btn-default ez-toc-toggle\" aria-label=\"Alternar tabela de conte\u00fado\"><span class=\"ez-toc-js-icon-con\"><span class=\"\"><span class=\"eztoc-hide\" style=\"display:none;\">Toggle<\/span><span class=\"ez-toc-icon-toggle-span\"><svg style=\"fill: #999;color:#999\" xmlns=\"http:\/\/www.w3.org\/2000\/svg\" class=\"list-377408\" width=\"20px\" height=\"20px\" viewBox=\"0 0 24 24\" fill=\"none\"><path d=\"M6 6H4v2h2V6zm14 0H8v2h12V6zM4 11h2v2H4v-2zm16 0H8v2h12v-2zM4 16h2v2H4v-2zm16 0H8v2h12v-2z\" fill=\"currentColor\"><\/path><\/svg><svg style=\"fill: #999;color:#999\" class=\"arrow-unsorted-368013\" xmlns=\"http:\/\/www.w3.org\/2000\/svg\" width=\"10px\" height=\"10px\" viewBox=\"0 0 24 24\" version=\"1.2\" baseProfile=\"tiny\"><path d=\"M18.2 9.3l-6.2-6.3-6.2 6.3c-.2.2-.3.4-.3.7s.1.5.3.7c.2.2.4.3.7.3h11c.3 0 .5-.1.7-.3.2-.2.3-.5.3-.7s-.1-.5-.3-.7zM5.8 14.7l6.2 6.3 6.2-6.3c.2-.2.3-.5.3-.7s-.1-.5-.3-.7c-.2-.2-.4-.3-.7-.3h-11c-.3 0-.5.1-.7.3-.2.2-.3.5-.3.7s.1.5.3.7z\"\/><\/svg><\/span><\/span><\/span><\/a><\/span><\/div>\n<nav><ul class='ez-toc-list ez-toc-list-level-1 ' ><li class='ez-toc-page-1 ez-toc-heading-level-2'><a class=\"ez-toc-link ez-toc-heading-1\" href=\"https:\/\/www.grupomedcof.com.br\/blog\/o-que-sao-as-politicas-publicas-especificas-e-como-sao-cobradas-nas-provas-de-residencia\/#O_que_sao_essas_politicas\" >O que s\u00e3o essas pol\u00edticas?<\/a><\/li><li class='ez-toc-page-1 ez-toc-heading-level-2'><a class=\"ez-toc-link ez-toc-heading-2\" href=\"https:\/\/www.grupomedcof.com.br\/blog\/o-que-sao-as-politicas-publicas-especificas-e-como-sao-cobradas-nas-provas-de-residencia\/#Questoes\" >Quest\u00f5es\u00a0<\/a><ul class='ez-toc-list-level-3' ><li class='ez-toc-heading-level-3'><a class=\"ez-toc-link ez-toc-heading-3\" href=\"https:\/\/www.grupomedcof.com.br\/blog\/o-que-sao-as-politicas-publicas-especificas-e-como-sao-cobradas-nas-provas-de-residencia\/#Analises\" >An\u00e1lises<\/a><\/li><\/ul><\/li><li class='ez-toc-page-1 ez-toc-heading-level-2'><a class=\"ez-toc-link ez-toc-heading-4\" href=\"https:\/\/www.grupomedcof.com.br\/blog\/o-que-sao-as-politicas-publicas-especificas-e-como-sao-cobradas-nas-provas-de-residencia\/#O_metodo_que_te_aprova\" >O m\u00e9todo que te aprova!<\/a><\/li><\/ul><\/nav><\/div>\n\n<figure class=\"wp-block-image size-large\"><img loading=\"lazy\" decoding=\"async\" width=\"1024\" height=\"576\" src=\"https:\/\/www.grupomedcof.com.br\/blog\/wp-content\/uploads\/2024\/09\/Blog-MedCof-2024-09-03T083524.083-1024x576.png\" alt=\"\" class=\"wp-image-29415\" srcset=\"https:\/\/www.grupomedcof.com.br\/blog\/wp-content\/uploads\/2024\/09\/Blog-MedCof-2024-09-03T083524.083-1024x576.png 1024w, https:\/\/www.grupomedcof.com.br\/blog\/wp-content\/uploads\/2024\/09\/Blog-MedCof-2024-09-03T083524.083-300x169.png 300w, https:\/\/www.grupomedcof.com.br\/blog\/wp-content\/uploads\/2024\/09\/Blog-MedCof-2024-09-03T083524.083-768x432.png 768w, https:\/\/www.grupomedcof.com.br\/blog\/wp-content\/uploads\/2024\/09\/Blog-MedCof-2024-09-03T083524.083-1536x864.png 1536w, https:\/\/www.grupomedcof.com.br\/blog\/wp-content\/uploads\/2024\/09\/Blog-MedCof-2024-09-03T083524.083-2048x1152.png 2048w, https:\/\/www.grupomedcof.com.br\/blog\/wp-content\/uploads\/2024\/09\/Blog-MedCof-2024-09-03T083524.083-747x420.png 747w, https:\/\/www.grupomedcof.com.br\/blog\/wp-content\/uploads\/2024\/09\/Blog-MedCof-2024-09-03T083524.083-150x84.png 150w, https:\/\/www.grupomedcof.com.br\/blog\/wp-content\/uploads\/2024\/09\/Blog-MedCof-2024-09-03T083524.083-696x392.png 696w, https:\/\/www.grupomedcof.com.br\/blog\/wp-content\/uploads\/2024\/09\/Blog-MedCof-2024-09-03T083524.083-1068x601.png 1068w, https:\/\/www.grupomedcof.com.br\/blog\/wp-content\/uploads\/2024\/09\/Blog-MedCof-2024-09-03T083524.083-1920x1080.png 1920w\" sizes=\"auto, (max-width: 1024px) 100vw, 1024px\" \/><\/figure>\n\n\n\n<h2 class=\"wp-block-heading\" id=\"h-o-que-sao-essas-politicas\"><span class=\"ez-toc-section\" id=\"O_que_sao_essas_politicas\"><\/span><strong>O que s\u00e3o essas pol\u00edticas?<\/strong><span class=\"ez-toc-section-end\"><\/span><\/h2>\n\n\n\n<p>\u00c9 claro que todos os cidad\u00e3os gozam de direitos na sa\u00fade assegurados por pol\u00edticas p\u00fablicas. Contudo, alguns grupos s\u00e3o mais vulner\u00e1veis e, por isso, precisam de pol\u00edticas espec\u00edficas. O Minist\u00e9rio da Sa\u00fade define como popula\u00e7\u00f5es vulner\u00e1veis aqueles grupos que, devido a suas caracter\u00edsticas sociais, econ\u00f4micas ou de sa\u00fade, est\u00e3o mais suscet\u00edveis a doen\u00e7as, agravos e desigualdades em rela\u00e7\u00e3o \u00e0 sa\u00fade.<\/p>\n\n\n\n<p><strong>Os principais grupos s\u00e3o:<\/strong><\/p>\n\n\n\n<ul class=\"wp-block-list\">\n<li>Pessoas privadas de liberdade: Presos, detentos e internos em institui\u00e7\u00f5es socioeducativas.<\/li>\n\n\n\n<li>Pessoas vivendo com HIV: Indiv\u00edduos infectados pelo v\u00edrus da imunodefici\u00eancia humana.<\/li>\n\n\n\n<li>Popula\u00e7\u00e3o ind\u00edgena: Comunidades tradicionais com especificidades culturais e de sa\u00fade.<\/li>\n\n\n\n<li>Pessoas em situa\u00e7\u00e3o de rua: Indiv\u00edduos sem moradia fixa.<\/li>\n\n\n\n<li>Profissionais de sa\u00fade: Expostos a riscos ocupacionais.<\/li>\n<\/ul>\n\n\n\n<p>Para encaixar essas popula\u00e7\u00f5es em condi\u00e7\u00e3o de vulnerabilidade, <strong>elas t\u00eam que cumprir tais fatores:<\/strong><\/p>\n\n\n\n<ul class=\"wp-block-list\">\n<li>Condi\u00e7\u00f5es de vida: Falta de acesso \u00e0 \u00e1gua pot\u00e1vel, saneamento b\u00e1sico, alimenta\u00e7\u00e3o adequada e moradia digna.<\/li>\n\n\n\n<li>Desigualdades sociais: Discrimina\u00e7\u00e3o, preconceito e falta de oportunidades.<\/li>\n\n\n\n<li>Condi\u00e7\u00f5es de sa\u00fade: Doen\u00e7as cr\u00f4nicas, defici\u00eancias e condi\u00e7\u00f5es imunol\u00f3gicas comprometidas.<\/li>\n<\/ul>\n\n\n\n<p>Por isso, n\u00f3s, profissionais de sa\u00fade, devemos buscar garantir a equidade em sa\u00fade conhecendo e colaborando com essas pol\u00edticas. Essas s\u00e3o raz\u00f5es suficientes para as provas de resid\u00eancias cobrarem quest\u00f5es relativas a essa importante tem\u00e1tica. Vamos analisar algumas delas, retiradas da nossa plataforma de estudos QBank para sabermos como resolv\u00ea-las corretamente.&nbsp;<\/p>\n\n\n\n<h2 class=\"wp-block-heading\" id=\"h-questoes\"><span class=\"ez-toc-section\" id=\"Questoes\"><\/span><strong>Quest\u00f5es\u00a0<\/strong><span class=\"ez-toc-section-end\"><\/span><\/h2>\n\n\n\n<p><strong>SUS SP<\/strong><em> &#8211; 2020<\/em><br>1) O \u00cdndice de Vulnerabilidade Social (IVS):<\/p>\n\n\n\n<p>a) \u00c9 calculado pelo Minist\u00e9rio da Sa\u00fade apenas para Munic\u00edpios com baixo \u00cdndice de Desenvolvimento Humano Municipal (IDHM), como um subs\u00eddio para planejamento de a\u00e7\u00f5es em sa\u00fade.<\/p>\n\n\n\n<p>b) Tem o foco em uma situa\u00e7\u00e3o: pobreza, entendida como insufici\u00eancia de recursos monet\u00e1rios e \u00fanico indicador de exclus\u00e3o e vulnerabilidade social.<\/p>\n\n\n\n<p>c) Classifica os munic\u00edpios em vulnerabilidade: muito baixa, baixa, m\u00e9dia, alta e muito alta, com escala de valores entre zero e um e, quanto mais pr\u00f3ximo a zero, maior \u00e9 a pobreza do munic\u00edpio.<\/p>\n\n\n\n<p>d) Apresenta a desvantagem de n\u00e3o considerar mortalidade como um indicador de vulnerabilidade.<\/p>\n\n\n\n<p>e) Tem 16 indicadores estruturados em: infraestrutura urbana, capital humano e renda e trabalho.<\/p>\n\n\n\n<p><strong>Hospital da Cl\u00ednicas da Faculdade de Medicina da USP<\/strong><em> &#8211; 2021<\/em><br>2) Um m\u00e9dico de uma equipe de Sa\u00fade da Fam\u00edlia, notando o aumento do n\u00famero de casos de AIDS na \u00e1rea de cobertura de sua Unidade B\u00e1sica de Sa\u00fade, decide realizar um inqu\u00e9rito populacional na regi\u00e3o para investigar a vulnerabilidade da popula\u00e7\u00e3o local \u00e0 infec\u00e7\u00e3o pelo HIV. Considerando- se os modos de exposi\u00e7\u00e3o \u00e0 infec\u00e7\u00e3o pelo HIV e as tr\u00eas dimens\u00f5es utilizadas nas an\u00e1lises de vulnerabilidade, assinale a alternativa que apresenta o aspecto relevante a ser inclu\u00eddo no estudo e a dimens\u00e3o de vulnerabilidade a que est\u00e1 relacionado:<\/p>\n\n\n\n<p>a) Acesso a meios de comunica\u00e7\u00e3o (dimens\u00e3o program\u00e1tica).<\/p>\n\n\n\n<p>b) Rela\u00e7\u00f5es de g\u00eanero (dimens\u00e3o social).<\/p>\n\n\n\n<p>c) Acesso \u00e0 testagem e aconselhamento (dimens\u00e3o individual)<\/p>\n\n\n\n<p>e) Qualidade dos servi\u00e7os de sa\u00fade (dimens\u00e3o social).\u00a0<\/p>\n\n\n\n<p><strong>Hospital da Aeron\u00e1utica de S\u00e3o Paulo<\/strong><em> -2022<\/em><br>3) No munic\u00edpio de S\u00e3o Paulo, a situa\u00e7\u00e3o dos imigrantes bolivianos est\u00e1 intimamente ligada ao trabalho informal na ind\u00fastria t\u00eaxtil. A vulnerabilidade dessa popula\u00e7\u00e3o se fundamenta em prec\u00e1rias condi\u00e7\u00f5es de vida e de trabalho e em barreiras encontradas para cuidados rotineiros com a sa\u00fade. Sendo assim, n\u00e3o \u00e9 (s\u00e3o) outro(s) determinante(s) para contra\u00e7\u00e3o da tuberculose pulmonar nessa popula\u00e7\u00e3o:<\/p>\n\n\n\n<p>a) Os h\u00e1bitos alimentares distintos, com consumo de pratos t\u00edpicos, sem a higiene adequada.<\/p>\n\n\n\n<p>b) A m\u00e1 ades\u00e3o \u00e0s condutas terap\u00eauticas.<\/p>\n\n\n\n<p>c) As chegadas recorrentes de novos imigrantes aos grupos.<\/p>\n\n\n\n<p>d) A carga hor\u00e1ria de trabalho abusivo.<\/p>\n\n\n\n<p><strong>Exame Nacional de Resid\u00eancia M\u00e9dica EBSERH <\/strong><em>-2022<\/em><br>4) Ana \u00e9 m\u00e9dica de uma equipe de Estrat\u00e9gia Sa\u00fade da Fam\u00edlia cuja \u00e1rea de abrang\u00eancia \u00e9 majoritariamente composta por uma favela. O restante do seu territ\u00f3rio \u00e9 considerado como de baixa vulnerabilidade socioecon\u00f4mica, evidenciando grande desigualdade social. Devido a escassez de recursos humanos na aten\u00e7\u00e3o prim\u00e1ria \u00e0 sa\u00fade em seu munic\u00edpio e ao mal dimensionamento da \u00e1rea, a equipe de Ana \u00e9 respons\u00e1vel por uma popula\u00e7\u00e3o estimada de aproximadamente 4.500 pessoas, tornando invi\u00e1vel o cuidado program\u00e1tico recomendado para as popula\u00e7\u00f5es priorit\u00e1rias, como gestantes e crian\u00e7as. Diante do exposto e considerando a Pol\u00edtica Nacional de Aten\u00e7\u00e3o B\u00e1sica e os princ\u00edpios da Bio\u00e9tica, assinale a alternativa correta:<\/p>\n\n\n\n<p>a) Ana deve interromper os atendimentos de demanda program\u00e1tica de sua \u00e1rea, devido ao superdimensionamento do tamanho de sua \u00e1rea.<\/p>\n\n\n\n<p>b) A oferta de um n\u00famero maior de consultas de pr\u00e9- natal para as gestantes residentes nas \u00e1reas mais vulner\u00e1veis \u00e9 justific\u00e1vel.<\/p>\n\n\n\n<p>c) O princ\u00edpio da equidade apresentado na PNAB \u00e9 descrito como a oferta igualit\u00e1ria do cuidado entre as pessoas, sem qualquer discrimina\u00e7\u00e3o.<\/p>\n\n\n\n<p>d) Ana deve interromper os atendimentos ao territ\u00f3rio de baixa vulnerabilidade de sua \u00e1rea, devido ao superdimensionamento do tamanho de sua \u00e1rea.<\/p>\n\n\n\n<p>e) Ana deve interromper os atendimentos \u00e0 demanda espont\u00e2nea de sua \u00e1rea, devido ao superdimensionamento do tamanho de sua \u00e1rea.<\/p>\n\n\n\n<h3 class=\"wp-block-heading\" id=\"h-analises\"><span class=\"ez-toc-section\" id=\"Analises\"><\/span><strong>An\u00e1lises<\/strong><span class=\"ez-toc-section-end\"><\/span><\/h3>\n\n\n\n<p>As quest\u00f5es relacionadas a essa tem\u00e1tica s\u00e3o, sobretudo, te\u00f3ricas (embora gr\u00e1ficos e tabelas possam vir inclusos para a an\u00e1lise). Os principais modos de abordagem dela \u00e9 a aplica\u00e7\u00e3o em uma situa\u00e7\u00e3o do cotidiano para que o aluno resolva ela embasado em conhecimentos pol\u00edtico-sociais. Vamos analisar uma por uma agora:<\/p>\n\n\n\n<ol class=\"wp-block-list\">\n<li>O \u00cdndice de Vulnerabilidade Social (IVS) \u00e9 um indicador das condi\u00e7\u00f5es sociodemogr\u00e1ficas de todas as camadas populacionais do pa\u00eds feito para facilitar a an\u00e1lise governamental da sociedade no intuito de promover a\u00e7\u00f5es.O \u00edndice \u00e9 o resultado da m\u00e9dia aritm\u00e9ticas de tr\u00eas sub-\u00edndices: IVS Infraestrutura Urbana, IVS Capital Humano e IVS Renda e Trabalho. Todos os tr\u00eas itens t\u00eam o mesmo peso no c\u00e1lculo final. Esse \u00edndice vai de 0 a 1, possuindo as classifica\u00e7\u00f5es:<\/li>\n<\/ol>\n\n\n\n<ul class=\"wp-block-list\">\n<li>muito baixa 0 \u2013 0,2;<\/li>\n\n\n\n<li>baixa 0,2 \u2013 0,3;<\/li>\n\n\n\n<li>media 0,3\u2013 0,4;<\/li>\n\n\n\n<li>alta 0,4 \u2013 0,5;<\/li>\n\n\n\n<li>muito alta 0,5 \u2013 1.<\/li>\n<\/ul>\n\n\n\n<p>Quanto mais pr\u00f3ximos do 0, menor \u00e9 a pobreza do munic\u00edpio (menos vulner\u00e1vel). Quando analisamos as alternativas, podemos notar que a letra A est\u00e1 incorreta pois\u00a0 o \u00edndice n\u00e3o est\u00e1 restrito aos munic\u00edpios de baixo IDH. A letra B est\u00e1 incorreta pois o IVS leva em conta v\u00e1rios fatores relacionados \u00e0 tem\u00e1tica central socioecon\u00f4mica. A letra C est\u00e1 errada pois a alternativa inverte o conceito usado. A letra D est\u00e1 incorreta, pois a mortalidade infantil \u00e9 um dos fatores que comp\u00f5em o sub-\u00ecndice do Capital Humano. Por isso,\u00a0 a resposta de nossa quest\u00e3o \u00e9 o <strong>Item E.\u00a0<\/strong><\/p>\n\n\n\n<p>2) Vulnerabilidade analisa a chance de uma maior exposi\u00e7\u00e3o ao risco de adoecimento. Divide-se em dimens\u00f5es individuais, sociais e program\u00e1ticas. A vulnerabilidade individual corresponde a fatores do indiv\u00edduo que podem levar a um maior risco de adoecer. Refere-se a aspectos biol\u00f3gicos, emocionais, cognitivos e atitudinais de um indiv\u00edduo. A vulnerabilidade social s\u00e3o aspectos das rela\u00e7\u00f5es em sociedade que determinam uma dificuldade de acesso a bens e servi\u00e7os. Refere-se a aspectos culturais, econ\u00f4micos e sociais. A vulnerabilidade program\u00e1tica refere-se ao programa voltado \u00e0 prote\u00e7\u00e3o de indiv\u00edduos e da sociedade como um todo. O foco consiste em uma rede de amparo \u00e0 sa\u00fade deficit\u00e1ria, com preju\u00edzo \u00e0 prote\u00e7\u00e3o dos indiv\u00edduos em sua integridade f\u00edsica, psicol\u00f3gica e social. Por isso, o gabarito da nossa quest\u00e3o \u00e9 o <strong>Item B.<\/strong><\/p>\n\n\n\n<p>3) Quest\u00e3o fundamentalmente te\u00f3rica que exige do candidato conhecer os fatores de risco para tuberculose. Vamos lembrar os principais:<\/p>\n\n\n\n<p><strong>FATORES INDIVIDUAIS:<\/strong><\/p>\n\n\n\n<ul class=\"wp-block-list\">\n<li>Imunossupress\u00e3o (HIV, diabetes, transplantados, uso de corticoides ou inibidores de TNF-alfa, estresse emocional e m\u00e1 qualidade do sono);<\/li>\n\n\n\n<li>Uso de drogas;<\/li>\n\n\n\n<li>Desnutri\u00e7\u00e3o;<\/li>\n\n\n\n<li>Homens jovens.<\/li>\n<\/ul>\n\n\n\n<p><strong>FATORES SOCIAIS:<\/strong><\/p>\n\n\n\n<ul class=\"wp-block-list\">\n<li>\u00c1reas com dificuldade de acesso \u00e0 sa\u00fade.<\/li>\n\n\n\n<li>Nascidos em \u00e1reas end\u00eamicas;<\/li>\n\n\n\n<li>Aglomera\u00e7\u00f5es domiciliares;<\/li>\n\n\n\n<li>Status socioecon\u00f4mico (pobreza);<\/li>\n\n\n\n<li>Grupos minorit\u00e1rios;<\/li>\n<\/ul>\n\n\n\n<p>Sendo assim, a \u00fanica alternativa que n\u00e3o se encaixa nos fatores de risco \u00e9 a <strong>letra A<\/strong>, uma vez que n\u00e3o \u00e9 uma doen\u00e7a transmitida por alimentos e est\u00e1 inversamente relacionada ao acesso \u00e0 comida.<\/p>\n\n\n\n<p>4) Segundo a Pol\u00edtica Nacional de Aten\u00e7\u00e3o B\u00e1sica (PNAB) de 2017, a popula\u00e7\u00e3o adscrita por equipe de Aten\u00e7\u00e3o B\u00e1sica e de Sa\u00fade da Fam\u00edlia deve ser de 2.000 a 3.500 pessoas, localizada dentro do seu territ\u00f3rio, garantindo os princ\u00edpios e diretrizes da Aten\u00e7\u00e3o B\u00e1sica. Dessa forma, \u00e9 necess\u00e1rio repensar o modelo de cuidado ofertado pela UBS a fim de dar conta das diferentes necessidades de sa\u00fade do territ\u00f3rio, baseando-se na equidade no estabelecimento de prioridades no momento. Baseando-se no princ\u00edpio da equidade, isto \u00e9, ofertar o cuidado considerando que o direito \u00e0 sa\u00fade passa pelas diferencia\u00e7\u00f5es sociais e deve atender \u00e0 diversidade, a oferta de maior n\u00famero de consultas pr\u00e9-natal para gestantes de \u00e1reas mais vulner\u00e1veis \u00e9 justific\u00e1vel, nos dando o gabarito <strong>Item B<\/strong>.<\/p>\n\n\n\n<h2 class=\"wp-block-heading\" id=\"o-m\u00e9todo-que-te-aprova\"><span class=\"ez-toc-section\" id=\"O_metodo_que_te_aprova\"><\/span><strong>O m\u00e9todo que te aprova!<\/strong><span class=\"ez-toc-section-end\"><\/span><\/h2>\n\n\n\n<p>Quer alcan\u00e7ar a aprova\u00e7\u00e3o nas provas de resid\u00eancia m\u00e9dica? Ent\u00e3o seja um&nbsp;<a href=\"https:\/\/www.grupomedcof.com.br\/home\/\" target=\"_blank\" rel=\"noreferrer noopener\">MedCoffer<\/a>! Aqui te ajudaremos na busca da aprova\u00e7\u00e3o com conte\u00fados de qualidade e uma&nbsp;<a href=\"https:\/\/www.grupomedcof.com.br\/blog\/presenca-da-medcof-nas-aprovacoes-em-residencia-medica-no-brasil\/\" target=\"_blank\" rel=\"noreferrer noopener\">metodologia que j\u00e1 aprovou mais de 10 mil residentes no pa\u00eds!&nbsp;<\/a>Por fim, acesse o nosso<a href=\"https:\/\/www.youtube.com\/@GrupoMedcof\/featured\" target=\"_blank\" rel=\"noreferrer noopener\">&nbsp;<strong>canal do youtube&nbsp;<\/strong><\/a>para ver o nosso material.<\/p>\n\n\n\n<figure class=\"wp-block-embed is-type-video is-provider-youtube wp-block-embed-youtube wp-embed-aspect-16-9 wp-has-aspect-ratio\"><div class=\"wp-block-embed__wrapper\">\n<div class=\"youtube-embed\" data-video_id=\"TufNzIVs0f4\"><iframe loading=\"lazy\" title=\"Ana Beatriz\" width=\"696\" height=\"392\" src=\"https:\/\/www.youtube.com\/embed\/TufNzIVs0f4?feature=oembed&#038;enablejsapi=1\" frameborder=\"0\" allow=\"accelerometer; autoplay; clipboard-write; encrypted-media; gyroscope; picture-in-picture; web-share\" referrerpolicy=\"strict-origin-when-cross-origin\" allowfullscreen><\/iframe><\/div>\n<\/div><\/figure>\n","protected":false},"excerpt":{"rendered":"<p>Segundo o MS, define-se como popula\u00e7\u00f5es vulner\u00e1veis aqueles grupos que est\u00e3o mais suscet\u00edveis a doen\u00e7as e agravos. Veja!<\/p>\n","protected":false},"author":21,"featured_media":29415,"comment_status":"open","ping_status":"open","sticky":false,"template":"","format":"standard","meta":{"footnotes":""},"categories":[197],"tags":[1951,117,1450,68],"ppma_author":[3617],"class_list":{"0":"post-29413","1":"post","2":"type-post","3":"status-publish","4":"format-standard","5":"has-post-thumbnail","7":"category-preventiva","8":"tag-politicas-publicas","9":"tag-provas-de-residencia","10":"tag-questoes","11":"tag-residencia-medica"},"yoast_head":"<!-- This site is optimized with the Yoast SEO Premium plugin v24.3 (Yoast SEO v27.4) - https:\/\/yoast.com\/product\/yoast-seo-premium-wordpress\/ -->\n<title>O que s\u00e3o as Pol\u00edticas P\u00fablicas Espec\u00edficas - Blog de Medcof: conte\u00fados, editais, revalida e mais!<\/title>\n<meta name=\"description\" content=\"Segundo o MS, define-se como popula\u00e7\u00f5es vulner\u00e1veis aqueles grupos que est\u00e3o mais suscet\u00edveis a doen\u00e7as e agravos. Veja!\" \/>\n<meta name=\"robots\" content=\"index, follow, max-snippet:-1, max-image-preview:large, max-video-preview:-1\" \/>\n<link rel=\"canonical\" href=\"https:\/\/www.grupomedcof.com.br\/blog\/o-que-sao-as-politicas-publicas-especificas-e-como-sao-cobradas-nas-provas-de-residencia\/\" \/>\n<meta property=\"og:locale\" content=\"pt_BR\" \/>\n<meta property=\"og:type\" content=\"article\" \/>\n<meta property=\"og:title\" content=\"O que s\u00e3o as Pol\u00edticas P\u00fablicas Espec\u00edficas\" \/>\n<meta property=\"og:description\" content=\"Segundo o MS, define-se como popula\u00e7\u00f5es vulner\u00e1veis aqueles grupos que est\u00e3o mais suscet\u00edveis a doen\u00e7as e agravos. Veja!\" \/>\n<meta property=\"og:url\" content=\"https:\/\/www.grupomedcof.com.br\/blog\/o-que-sao-as-politicas-publicas-especificas-e-como-sao-cobradas-nas-provas-de-residencia\/\" \/>\n<meta property=\"og:site_name\" content=\"Blog de Medcof: conte\u00fados, editais, revalida e mais!\" \/>\n<meta property=\"article:publisher\" content=\"https:\/\/www.facebook.com\/MedCofQbank\/\" \/>\n<meta property=\"article:published_time\" content=\"2024-09-07T11:30:43+00:00\" \/>\n<meta property=\"article:modified_time\" content=\"2024-09-09T10:50:23+00:00\" \/>\n<meta property=\"og:image\" content=\"https:\/\/www.grupomedcof.com.br\/blog\/wp-content\/uploads\/2024\/09\/Blog-MedCof-2024-09-03T083524.083-1024x576.png\" \/>\n\t<meta property=\"og:image:width\" content=\"1024\" \/>\n\t<meta property=\"og:image:height\" content=\"576\" \/>\n\t<meta property=\"og:image:type\" content=\"image\/png\" \/>\n<meta name=\"author\" content=\"Kiara Adelino\" \/>\n<meta name=\"twitter:card\" content=\"summary_large_image\" \/>\n<meta name=\"twitter:label1\" content=\"Escrito por\" \/>\n\t<meta name=\"twitter:data1\" content=\"Kiara Adelino\" \/>\n\t<meta name=\"twitter:label2\" content=\"Est. tempo de leitura\" \/>\n\t<meta name=\"twitter:data2\" content=\"9 minutos\" \/>\n<script type=\"application\/ld+json\" class=\"yoast-schema-graph\">{\"@context\":\"https:\\\/\\\/schema.org\",\"@graph\":[{\"@type\":\"Article\",\"@id\":\"https:\\\/\\\/www.grupomedcof.com.br\\\/blog\\\/o-que-sao-as-politicas-publicas-especificas-e-como-sao-cobradas-nas-provas-de-residencia\\\/#article\",\"isPartOf\":{\"@id\":\"https:\\\/\\\/www.grupomedcof.com.br\\\/blog\\\/o-que-sao-as-politicas-publicas-especificas-e-como-sao-cobradas-nas-provas-de-residencia\\\/\"},\"author\":{\"name\":\"Kiara Adelino\",\"@id\":\"https:\\\/\\\/www.grupomedcof.com.br\\\/blog\\\/#\\\/schema\\\/person\\\/db19a651f86c5fc202d6eee744fd3292\"},\"headline\":\"O que s\u00e3o as Pol\u00edticas P\u00fablicas Espec\u00edficas\",\"datePublished\":\"2024-09-07T11:30:43+00:00\",\"dateModified\":\"2024-09-09T10:50:23+00:00\",\"mainEntityOfPage\":{\"@id\":\"https:\\\/\\\/www.grupomedcof.com.br\\\/blog\\\/o-que-sao-as-politicas-publicas-especificas-e-como-sao-cobradas-nas-provas-de-residencia\\\/\"},\"wordCount\":1649,\"commentCount\":0,\"publisher\":{\"@id\":\"https:\\\/\\\/www.grupomedcof.com.br\\\/blog\\\/#organization\"},\"image\":{\"@id\":\"https:\\\/\\\/www.grupomedcof.com.br\\\/blog\\\/o-que-sao-as-politicas-publicas-especificas-e-como-sao-cobradas-nas-provas-de-residencia\\\/#primaryimage\"},\"thumbnailUrl\":\"https:\\\/\\\/www.grupomedcof.com.br\\\/blog\\\/wp-content\\\/uploads\\\/2024\\\/09\\\/Blog-MedCof-2024-09-03T083524.083.png\",\"keywords\":[\"Pol\u00edticas P\u00fablicas\",\"Provas de Resid\u00eancia\",\"Quest\u00f5es\",\"Resid\u00eancia M\u00e9dica\"],\"articleSection\":[\"Preventiva\"],\"inLanguage\":\"pt-BR\"},{\"@type\":\"WebPage\",\"@id\":\"https:\\\/\\\/www.grupomedcof.com.br\\\/blog\\\/o-que-sao-as-politicas-publicas-especificas-e-como-sao-cobradas-nas-provas-de-residencia\\\/\",\"url\":\"https:\\\/\\\/www.grupomedcof.com.br\\\/blog\\\/o-que-sao-as-politicas-publicas-especificas-e-como-sao-cobradas-nas-provas-de-residencia\\\/\",\"name\":\"O que s\u00e3o as Pol\u00edticas P\u00fablicas Espec\u00edficas - Blog de Medcof: conte\u00fados, editais, revalida e mais!\",\"isPartOf\":{\"@id\":\"https:\\\/\\\/www.grupomedcof.com.br\\\/blog\\\/#website\"},\"primaryImageOfPage\":{\"@id\":\"https:\\\/\\\/www.grupomedcof.com.br\\\/blog\\\/o-que-sao-as-politicas-publicas-especificas-e-como-sao-cobradas-nas-provas-de-residencia\\\/#primaryimage\"},\"image\":{\"@id\":\"https:\\\/\\\/www.grupomedcof.com.br\\\/blog\\\/o-que-sao-as-politicas-publicas-especificas-e-como-sao-cobradas-nas-provas-de-residencia\\\/#primaryimage\"},\"thumbnailUrl\":\"https:\\\/\\\/www.grupomedcof.com.br\\\/blog\\\/wp-content\\\/uploads\\\/2024\\\/09\\\/Blog-MedCof-2024-09-03T083524.083.png\",\"datePublished\":\"2024-09-07T11:30:43+00:00\",\"dateModified\":\"2024-09-09T10:50:23+00:00\",\"description\":\"Segundo o MS, define-se como popula\u00e7\u00f5es vulner\u00e1veis aqueles grupos que est\u00e3o mais suscet\u00edveis a doen\u00e7as e agravos. Veja!\",\"breadcrumb\":{\"@id\":\"https:\\\/\\\/www.grupomedcof.com.br\\\/blog\\\/o-que-sao-as-politicas-publicas-especificas-e-como-sao-cobradas-nas-provas-de-residencia\\\/#breadcrumb\"},\"inLanguage\":\"pt-BR\",\"potentialAction\":[{\"@type\":\"ReadAction\",\"target\":[\"https:\\\/\\\/www.grupomedcof.com.br\\\/blog\\\/o-que-sao-as-politicas-publicas-especificas-e-como-sao-cobradas-nas-provas-de-residencia\\\/\"]}]},{\"@type\":\"ImageObject\",\"inLanguage\":\"pt-BR\",\"@id\":\"https:\\\/\\\/www.grupomedcof.com.br\\\/blog\\\/o-que-sao-as-politicas-publicas-especificas-e-como-sao-cobradas-nas-provas-de-residencia\\\/#primaryimage\",\"url\":\"https:\\\/\\\/www.grupomedcof.com.br\\\/blog\\\/wp-content\\\/uploads\\\/2024\\\/09\\\/Blog-MedCof-2024-09-03T083524.083.png\",\"contentUrl\":\"https:\\\/\\\/www.grupomedcof.com.br\\\/blog\\\/wp-content\\\/uploads\\\/2024\\\/09\\\/Blog-MedCof-2024-09-03T083524.083.png\",\"width\":2560,\"height\":1440},{\"@type\":\"BreadcrumbList\",\"@id\":\"https:\\\/\\\/www.grupomedcof.com.br\\\/blog\\\/o-que-sao-as-politicas-publicas-especificas-e-como-sao-cobradas-nas-provas-de-residencia\\\/#breadcrumb\",\"itemListElement\":[{\"@type\":\"ListItem\",\"position\":1,\"name\":\"In\u00edcio\",\"item\":\"https:\\\/\\\/www.grupomedcof.com.br\\\/blog\\\/\"},{\"@type\":\"ListItem\",\"position\":2,\"name\":\"O que s\u00e3o as Pol\u00edticas P\u00fablicas Espec\u00edficas\"}]},{\"@type\":\"WebSite\",\"@id\":\"https:\\\/\\\/www.grupomedcof.com.br\\\/blog\\\/#website\",\"url\":\"https:\\\/\\\/www.grupomedcof.com.br\\\/blog\\\/\",\"name\":\"Blog de Medcof: conte\u00fados, editais, revalida e mais!\",\"description\":\"Acesso o blog de MedCof! Seu portal de conte\u00fados sobre resid\u00eancia m\u00e9dica, an\u00e1lise e editais e muito mais. Clique e confira!\",\"publisher\":{\"@id\":\"https:\\\/\\\/www.grupomedcof.com.br\\\/blog\\\/#organization\"},\"alternateName\":\"Blog de Medcof: conte\u00fados, editais, revalida e mais!\",\"potentialAction\":[{\"@type\":\"SearchAction\",\"target\":{\"@type\":\"EntryPoint\",\"urlTemplate\":\"https:\\\/\\\/www.grupomedcof.com.br\\\/blog\\\/?s={search_term_string}\"},\"query-input\":{\"@type\":\"PropertyValueSpecification\",\"valueRequired\":true,\"valueName\":\"search_term_string\"}}],\"inLanguage\":\"pt-BR\"},{\"@type\":\"Organization\",\"@id\":\"https:\\\/\\\/www.grupomedcof.com.br\\\/blog\\\/#organization\",\"name\":\"Grupo MedCof\",\"url\":\"https:\\\/\\\/www.grupomedcof.com.br\\\/blog\\\/\",\"logo\":{\"@type\":\"ImageObject\",\"inLanguage\":\"pt-BR\",\"@id\":\"https:\\\/\\\/www.grupomedcof.com.br\\\/blog\\\/#\\\/schema\\\/logo\\\/image\\\/\",\"url\":\"https:\\\/\\\/www.grupomedcof.com.br\\\/blog\\\/wp-content\\\/uploads\\\/2022\\\/01\\\/logo-medcof.png\",\"contentUrl\":\"https:\\\/\\\/www.grupomedcof.com.br\\\/blog\\\/wp-content\\\/uploads\\\/2022\\\/01\\\/logo-medcof.png\",\"width\":768,\"height\":269,\"caption\":\"Grupo MedCof\"},\"image\":{\"@id\":\"https:\\\/\\\/www.grupomedcof.com.br\\\/blog\\\/#\\\/schema\\\/logo\\\/image\\\/\"},\"sameAs\":[\"https:\\\/\\\/www.facebook.com\\\/MedCofQbank\\\/\",\"https:\\\/\\\/www.instagram.com\\\/grupomedcof\\\/\",\"https:\\\/\\\/br.linkedin.com\\\/company\\\/medcof\",\"https:\\\/\\\/www.youtube.com\\\/channel\\\/UCdHMuOHKICxcHwecxN8P-AA\"]},{\"@type\":\"Person\",\"@id\":\"https:\\\/\\\/www.grupomedcof.com.br\\\/blog\\\/#\\\/schema\\\/person\\\/db19a651f86c5fc202d6eee744fd3292\",\"name\":\"Kiara Adelino\",\"image\":{\"@type\":\"ImageObject\",\"inLanguage\":\"pt-BR\",\"@id\":\"https:\\\/\\\/www.grupomedcof.com.br\\\/blog\\\/wp-content\\\/uploads\\\/2024\\\/08\\\/cropped-Kiara-Adelino2-96x96.jpega85663bdda67261f8f06f86e555e1e49\",\"url\":\"https:\\\/\\\/www.grupomedcof.com.br\\\/blog\\\/wp-content\\\/uploads\\\/2024\\\/08\\\/cropped-Kiara-Adelino2-96x96.jpeg\",\"contentUrl\":\"https:\\\/\\\/www.grupomedcof.com.br\\\/blog\\\/wp-content\\\/uploads\\\/2024\\\/08\\\/cropped-Kiara-Adelino2-96x96.jpeg\",\"caption\":\"Kiara Adelino\"},\"description\":\"Estudante do 5\u00b0 semestre de Medicina. Gosto bastante de aprender coisas novas, principalmente na \u00e1rea de Neurologia e Anatomia humana.\",\"url\":\"https:\\\/\\\/www.grupomedcof.com.br\\\/blog\\\/author\\\/kiara-adelino\\\/\"}]}<\/script>\n<!-- \/ Yoast SEO Premium plugin. -->","yoast_head_json":{"title":"O que s\u00e3o as Pol\u00edticas P\u00fablicas Espec\u00edficas - Blog de Medcof: conte\u00fados, editais, revalida e mais!","description":"Segundo o MS, define-se como popula\u00e7\u00f5es vulner\u00e1veis aqueles grupos que est\u00e3o mais suscet\u00edveis a doen\u00e7as e agravos. Veja!","robots":{"index":"index","follow":"follow","max-snippet":"max-snippet:-1","max-image-preview":"max-image-preview:large","max-video-preview":"max-video-preview:-1"},"canonical":"https:\/\/www.grupomedcof.com.br\/blog\/o-que-sao-as-politicas-publicas-especificas-e-como-sao-cobradas-nas-provas-de-residencia\/","og_locale":"pt_BR","og_type":"article","og_title":"O que s\u00e3o as Pol\u00edticas P\u00fablicas Espec\u00edficas","og_description":"Segundo o MS, define-se como popula\u00e7\u00f5es vulner\u00e1veis aqueles grupos que est\u00e3o mais suscet\u00edveis a doen\u00e7as e agravos. Veja!","og_url":"https:\/\/www.grupomedcof.com.br\/blog\/o-que-sao-as-politicas-publicas-especificas-e-como-sao-cobradas-nas-provas-de-residencia\/","og_site_name":"Blog de Medcof: conte\u00fados, editais, revalida e mais!","article_publisher":"https:\/\/www.facebook.com\/MedCofQbank\/","article_published_time":"2024-09-07T11:30:43+00:00","article_modified_time":"2024-09-09T10:50:23+00:00","og_image":[{"width":1024,"height":576,"url":"https:\/\/www.grupomedcof.com.br\/blog\/wp-content\/uploads\/2024\/09\/Blog-MedCof-2024-09-03T083524.083-1024x576.png","type":"image\/png"}],"author":"Kiara Adelino","twitter_card":"summary_large_image","twitter_misc":{"Escrito por":"Kiara Adelino","Est. tempo de leitura":"9 minutos"},"schema":{"@context":"https:\/\/schema.org","@graph":[{"@type":"Article","@id":"https:\/\/www.grupomedcof.com.br\/blog\/o-que-sao-as-politicas-publicas-especificas-e-como-sao-cobradas-nas-provas-de-residencia\/#article","isPartOf":{"@id":"https:\/\/www.grupomedcof.com.br\/blog\/o-que-sao-as-politicas-publicas-especificas-e-como-sao-cobradas-nas-provas-de-residencia\/"},"author":{"name":"Kiara Adelino","@id":"https:\/\/www.grupomedcof.com.br\/blog\/#\/schema\/person\/db19a651f86c5fc202d6eee744fd3292"},"headline":"O que s\u00e3o as Pol\u00edticas P\u00fablicas Espec\u00edficas","datePublished":"2024-09-07T11:30:43+00:00","dateModified":"2024-09-09T10:50:23+00:00","mainEntityOfPage":{"@id":"https:\/\/www.grupomedcof.com.br\/blog\/o-que-sao-as-politicas-publicas-especificas-e-como-sao-cobradas-nas-provas-de-residencia\/"},"wordCount":1649,"commentCount":0,"publisher":{"@id":"https:\/\/www.grupomedcof.com.br\/blog\/#organization"},"image":{"@id":"https:\/\/www.grupomedcof.com.br\/blog\/o-que-sao-as-politicas-publicas-especificas-e-como-sao-cobradas-nas-provas-de-residencia\/#primaryimage"},"thumbnailUrl":"https:\/\/www.grupomedcof.com.br\/blog\/wp-content\/uploads\/2024\/09\/Blog-MedCof-2024-09-03T083524.083.png","keywords":["Pol\u00edticas P\u00fablicas","Provas de Resid\u00eancia","Quest\u00f5es","Resid\u00eancia M\u00e9dica"],"articleSection":["Preventiva"],"inLanguage":"pt-BR"},{"@type":"WebPage","@id":"https:\/\/www.grupomedcof.com.br\/blog\/o-que-sao-as-politicas-publicas-especificas-e-como-sao-cobradas-nas-provas-de-residencia\/","url":"https:\/\/www.grupomedcof.com.br\/blog\/o-que-sao-as-politicas-publicas-especificas-e-como-sao-cobradas-nas-provas-de-residencia\/","name":"O que s\u00e3o as Pol\u00edticas P\u00fablicas Espec\u00edficas - Blog de Medcof: conte\u00fados, editais, revalida e mais!","isPartOf":{"@id":"https:\/\/www.grupomedcof.com.br\/blog\/#website"},"primaryImageOfPage":{"@id":"https:\/\/www.grupomedcof.com.br\/blog\/o-que-sao-as-politicas-publicas-especificas-e-como-sao-cobradas-nas-provas-de-residencia\/#primaryimage"},"image":{"@id":"https:\/\/www.grupomedcof.com.br\/blog\/o-que-sao-as-politicas-publicas-especificas-e-como-sao-cobradas-nas-provas-de-residencia\/#primaryimage"},"thumbnailUrl":"https:\/\/www.grupomedcof.com.br\/blog\/wp-content\/uploads\/2024\/09\/Blog-MedCof-2024-09-03T083524.083.png","datePublished":"2024-09-07T11:30:43+00:00","dateModified":"2024-09-09T10:50:23+00:00","description":"Segundo o MS, define-se como popula\u00e7\u00f5es vulner\u00e1veis aqueles grupos que est\u00e3o mais suscet\u00edveis a doen\u00e7as e agravos. Veja!","breadcrumb":{"@id":"https:\/\/www.grupomedcof.com.br\/blog\/o-que-sao-as-politicas-publicas-especificas-e-como-sao-cobradas-nas-provas-de-residencia\/#breadcrumb"},"inLanguage":"pt-BR","potentialAction":[{"@type":"ReadAction","target":["https:\/\/www.grupomedcof.com.br\/blog\/o-que-sao-as-politicas-publicas-especificas-e-como-sao-cobradas-nas-provas-de-residencia\/"]}]},{"@type":"ImageObject","inLanguage":"pt-BR","@id":"https:\/\/www.grupomedcof.com.br\/blog\/o-que-sao-as-politicas-publicas-especificas-e-como-sao-cobradas-nas-provas-de-residencia\/#primaryimage","url":"https:\/\/www.grupomedcof.com.br\/blog\/wp-content\/uploads\/2024\/09\/Blog-MedCof-2024-09-03T083524.083.png","contentUrl":"https:\/\/www.grupomedcof.com.br\/blog\/wp-content\/uploads\/2024\/09\/Blog-MedCof-2024-09-03T083524.083.png","width":2560,"height":1440},{"@type":"BreadcrumbList","@id":"https:\/\/www.grupomedcof.com.br\/blog\/o-que-sao-as-politicas-publicas-especificas-e-como-sao-cobradas-nas-provas-de-residencia\/#breadcrumb","itemListElement":[{"@type":"ListItem","position":1,"name":"In\u00edcio","item":"https:\/\/www.grupomedcof.com.br\/blog\/"},{"@type":"ListItem","position":2,"name":"O que s\u00e3o as Pol\u00edticas P\u00fablicas Espec\u00edficas"}]},{"@type":"WebSite","@id":"https:\/\/www.grupomedcof.com.br\/blog\/#website","url":"https:\/\/www.grupomedcof.com.br\/blog\/","name":"Blog de Medcof: conte\u00fados, editais, revalida e mais!","description":"Acesso o blog de MedCof! Seu portal de conte\u00fados sobre resid\u00eancia m\u00e9dica, an\u00e1lise e editais e muito mais. Clique e confira!","publisher":{"@id":"https:\/\/www.grupomedcof.com.br\/blog\/#organization"},"alternateName":"Blog de Medcof: conte\u00fados, editais, revalida e mais!","potentialAction":[{"@type":"SearchAction","target":{"@type":"EntryPoint","urlTemplate":"https:\/\/www.grupomedcof.com.br\/blog\/?s={search_term_string}"},"query-input":{"@type":"PropertyValueSpecification","valueRequired":true,"valueName":"search_term_string"}}],"inLanguage":"pt-BR"},{"@type":"Organization","@id":"https:\/\/www.grupomedcof.com.br\/blog\/#organization","name":"Grupo MedCof","url":"https:\/\/www.grupomedcof.com.br\/blog\/","logo":{"@type":"ImageObject","inLanguage":"pt-BR","@id":"https:\/\/www.grupomedcof.com.br\/blog\/#\/schema\/logo\/image\/","url":"https:\/\/www.grupomedcof.com.br\/blog\/wp-content\/uploads\/2022\/01\/logo-medcof.png","contentUrl":"https:\/\/www.grupomedcof.com.br\/blog\/wp-content\/uploads\/2022\/01\/logo-medcof.png","width":768,"height":269,"caption":"Grupo MedCof"},"image":{"@id":"https:\/\/www.grupomedcof.com.br\/blog\/#\/schema\/logo\/image\/"},"sameAs":["https:\/\/www.facebook.com\/MedCofQbank\/","https:\/\/www.instagram.com\/grupomedcof\/","https:\/\/br.linkedin.com\/company\/medcof","https:\/\/www.youtube.com\/channel\/UCdHMuOHKICxcHwecxN8P-AA"]},{"@type":"Person","@id":"https:\/\/www.grupomedcof.com.br\/blog\/#\/schema\/person\/db19a651f86c5fc202d6eee744fd3292","name":"Kiara Adelino","image":{"@type":"ImageObject","inLanguage":"pt-BR","@id":"https:\/\/www.grupomedcof.com.br\/blog\/wp-content\/uploads\/2024\/08\/cropped-Kiara-Adelino2-96x96.jpega85663bdda67261f8f06f86e555e1e49","url":"https:\/\/www.grupomedcof.com.br\/blog\/wp-content\/uploads\/2024\/08\/cropped-Kiara-Adelino2-96x96.jpeg","contentUrl":"https:\/\/www.grupomedcof.com.br\/blog\/wp-content\/uploads\/2024\/08\/cropped-Kiara-Adelino2-96x96.jpeg","caption":"Kiara Adelino"},"description":"Estudante do 5\u00b0 semestre de Medicina. Gosto bastante de aprender coisas novas, principalmente na \u00e1rea de Neurologia e Anatomia humana.","url":"https:\/\/www.grupomedcof.com.br\/blog\/author\/kiara-adelino\/"}]}},"authors":[{"term_id":3617,"user_id":21,"is_guest":0,"slug":"kiara-adelino","display_name":"Kiara Adelino","avatar_url":"https:\/\/www.grupomedcof.com.br\/blog\/wp-content\/uploads\/2024\/08\/cropped-Kiara-Adelino2-96x96.jpeg","0":null,"1":"","2":"","3":"","4":"","5":"","6":"","7":"","8":""}],"_links":{"self":[{"href":"https:\/\/www.grupomedcof.com.br\/blog\/wp-json\/wp\/v2\/posts\/29413","targetHints":{"allow":["GET"]}}],"collection":[{"href":"https:\/\/www.grupomedcof.com.br\/blog\/wp-json\/wp\/v2\/posts"}],"about":[{"href":"https:\/\/www.grupomedcof.com.br\/blog\/wp-json\/wp\/v2\/types\/post"}],"author":[{"embeddable":true,"href":"https:\/\/www.grupomedcof.com.br\/blog\/wp-json\/wp\/v2\/users\/21"}],"replies":[{"embeddable":true,"href":"https:\/\/www.grupomedcof.com.br\/blog\/wp-json\/wp\/v2\/comments?post=29413"}],"version-history":[{"count":0,"href":"https:\/\/www.grupomedcof.com.br\/blog\/wp-json\/wp\/v2\/posts\/29413\/revisions"}],"wp:featuredmedia":[{"embeddable":true,"href":"https:\/\/www.grupomedcof.com.br\/blog\/wp-json\/wp\/v2\/media\/29415"}],"wp:attachment":[{"href":"https:\/\/www.grupomedcof.com.br\/blog\/wp-json\/wp\/v2\/media?parent=29413"}],"wp:term":[{"taxonomy":"category","embeddable":true,"href":"https:\/\/www.grupomedcof.com.br\/blog\/wp-json\/wp\/v2\/categories?post=29413"},{"taxonomy":"post_tag","embeddable":true,"href":"https:\/\/www.grupomedcof.com.br\/blog\/wp-json\/wp\/v2\/tags?post=29413"},{"taxonomy":"author","embeddable":true,"href":"https:\/\/www.grupomedcof.com.br\/blog\/wp-json\/wp\/v2\/ppma_author?post=29413"}],"curies":[{"name":"wp","href":"https:\/\/api.w.org\/{rel}","templated":true}]}}