{"id":29514,"date":"2024-09-04T12:31:40","date_gmt":"2024-09-04T15:31:40","guid":{"rendered":"https:\/\/www.grupomedcof.com.br\/blog\/?p=29514"},"modified":"2024-09-05T11:03:30","modified_gmt":"2024-09-05T14:03:30","slug":"ms-lanca-nota-tecnica-apresentando-regras-de-uso-da-triagem-para-o-risco-de-inseguranca-alimentar","status":"publish","type":"post","link":"https:\/\/www.grupomedcof.com.br\/blog\/ms-lanca-nota-tecnica-apresentando-regras-de-uso-da-triagem-para-o-risco-de-inseguranca-alimentar\/","title":{"rendered":"Nota t\u00e9cnica visa adequar TRIA ao contexto da APS"},"content":{"rendered":"<div id=\"ez-toc-container\" class=\"ez-toc-v2_0_74 counter-hierarchy ez-toc-counter ez-toc-transparent ez-toc-container-direction\">\n<div class=\"ez-toc-title-container\">\n<p class=\"ez-toc-title\" style=\"cursor:inherit\">Sum\u00e1rio<\/p>\n<span class=\"ez-toc-title-toggle\"><a href=\"#\" class=\"ez-toc-pull-right ez-toc-btn ez-toc-btn-xs ez-toc-btn-default ez-toc-toggle\" aria-label=\"Alternar tabela de conte\u00fado\"><span class=\"ez-toc-js-icon-con\"><span class=\"\"><span class=\"eztoc-hide\" style=\"display:none;\">Toggle<\/span><span class=\"ez-toc-icon-toggle-span\"><svg style=\"fill: #999;color:#999\" xmlns=\"http:\/\/www.w3.org\/2000\/svg\" class=\"list-377408\" width=\"20px\" height=\"20px\" viewBox=\"0 0 24 24\" fill=\"none\"><path d=\"M6 6H4v2h2V6zm14 0H8v2h12V6zM4 11h2v2H4v-2zm16 0H8v2h12v-2zM4 16h2v2H4v-2zm16 0H8v2h12v-2z\" fill=\"currentColor\"><\/path><\/svg><svg style=\"fill: #999;color:#999\" class=\"arrow-unsorted-368013\" xmlns=\"http:\/\/www.w3.org\/2000\/svg\" width=\"10px\" height=\"10px\" viewBox=\"0 0 24 24\" version=\"1.2\" baseProfile=\"tiny\"><path d=\"M18.2 9.3l-6.2-6.3-6.2 6.3c-.2.2-.3.4-.3.7s.1.5.3.7c.2.2.4.3.7.3h11c.3 0 .5-.1.7-.3.2-.2.3-.5.3-.7s-.1-.5-.3-.7zM5.8 14.7l6.2 6.3 6.2-6.3c.2-.2.3-.5.3-.7s-.1-.5-.3-.7c-.2-.2-.4-.3-.7-.3h-11c-.3 0-.5.1-.7.3-.2.2-.3.5-.3.7s.1.5.3.7z\"\/><\/svg><\/span><\/span><\/span><\/a><\/span><\/div>\n<nav><ul class='ez-toc-list ez-toc-list-level-1 ' ><li class='ez-toc-page-1 ez-toc-heading-level-2'><a class=\"ez-toc-link ez-toc-heading-1\" href=\"https:\/\/www.grupomedcof.com.br\/blog\/ms-lanca-nota-tecnica-apresentando-regras-de-uso-da-triagem-para-o-risco-de-inseguranca-alimentar\/#Contextualizacao\" >Contextualiza\u00e7\u00e3o<\/a><ul class='ez-toc-list-level-3' ><li class='ez-toc-heading-level-3'><a class=\"ez-toc-link ez-toc-heading-2\" href=\"https:\/\/www.grupomedcof.com.br\/blog\/ms-lanca-nota-tecnica-apresentando-regras-de-uso-da-triagem-para-o-risco-de-inseguranca-alimentar\/#Construcao_das_regras_para_uso_TRIA\" >Constru\u00e7\u00e3o das regras para uso TRIA<\/a><\/li><\/ul><\/li><li class='ez-toc-page-1 ez-toc-heading-level-2'><a class=\"ez-toc-link ez-toc-heading-3\" href=\"https:\/\/www.grupomedcof.com.br\/blog\/ms-lanca-nota-tecnica-apresentando-regras-de-uso-da-triagem-para-o-risco-de-inseguranca-alimentar\/#Seja_um_MedCoffer\" >Seja um MedCoffer!<\/a><\/li><\/ul><\/nav><\/div>\n\n<figure class=\"wp-block-image size-large\"><img loading=\"lazy\" decoding=\"async\" width=\"1024\" height=\"576\" src=\"https:\/\/www.grupomedcof.com.br\/blog\/wp-content\/uploads\/2024\/09\/Blog-MedCof-2024-09-04T123024.320-1024x576.png\" alt=\"\" class=\"wp-image-29517\" srcset=\"https:\/\/www.grupomedcof.com.br\/blog\/wp-content\/uploads\/2024\/09\/Blog-MedCof-2024-09-04T123024.320-1024x576.png 1024w, https:\/\/www.grupomedcof.com.br\/blog\/wp-content\/uploads\/2024\/09\/Blog-MedCof-2024-09-04T123024.320-300x169.png 300w, https:\/\/www.grupomedcof.com.br\/blog\/wp-content\/uploads\/2024\/09\/Blog-MedCof-2024-09-04T123024.320-768x432.png 768w, https:\/\/www.grupomedcof.com.br\/blog\/wp-content\/uploads\/2024\/09\/Blog-MedCof-2024-09-04T123024.320-1536x864.png 1536w, https:\/\/www.grupomedcof.com.br\/blog\/wp-content\/uploads\/2024\/09\/Blog-MedCof-2024-09-04T123024.320-2048x1152.png 2048w, https:\/\/www.grupomedcof.com.br\/blog\/wp-content\/uploads\/2024\/09\/Blog-MedCof-2024-09-04T123024.320-747x420.png 747w, https:\/\/www.grupomedcof.com.br\/blog\/wp-content\/uploads\/2024\/09\/Blog-MedCof-2024-09-04T123024.320-150x84.png 150w, https:\/\/www.grupomedcof.com.br\/blog\/wp-content\/uploads\/2024\/09\/Blog-MedCof-2024-09-04T123024.320-696x392.png 696w, https:\/\/www.grupomedcof.com.br\/blog\/wp-content\/uploads\/2024\/09\/Blog-MedCof-2024-09-04T123024.320-1068x601.png 1068w, https:\/\/www.grupomedcof.com.br\/blog\/wp-content\/uploads\/2024\/09\/Blog-MedCof-2024-09-04T123024.320-1920x1080.png 1920w\" sizes=\"auto, (max-width: 1024px) 100vw, 1024px\" \/><\/figure>\n\n\n\n<p>O Minist\u00e9rio da Sa\u00fade publicou, no dia <strong>03 de setembro de 2024,<\/strong> por meio de seu site, a Nota T\u00e9cnica que apresenta regras de uso da Triagem para o Risco de Inseguran\u00e7a Alimentar (TRIA), a serem utilizadas para gera\u00e7\u00e3o de relat\u00f3rios p\u00fablicos no Sistema de Informa\u00e7\u00e3o em Sa\u00fade para a Aten\u00e7\u00e3o B\u00e1sica (SISAB). Confira!<\/p>\n\n\n\n<h2 class=\"wp-block-heading\" id=\"h-contextualizacao\"><span class=\"ez-toc-section\" id=\"Contextualizacao\"><\/span><strong>Contextualiza\u00e7\u00e3o<\/strong><span class=\"ez-toc-section-end\"><\/span><\/h2>\n\n\n\n<p>Ap\u00f3s a pandemia de Covid-19, intensificou-se ainda mais a situa\u00e7\u00e3o de inseguran\u00e7a alimentar da popula\u00e7\u00e3o. Dados do II Inqu\u00e9rito Nacional sobre Inseguran\u00e7a Alimentar<br>no Contexto da Pandemia da Covid-19 no Brasil), mostram que 33,1 milh\u00f5es de<br>brasileiros estavam em situa\u00e7\u00e3o de fome. <\/p>\n\n\n\n<p>Apesar dos resultados da pesquisa realizada em 2023 apresentar a redu\u00e7\u00e3o da situa\u00e7\u00e3o de fome no pa\u00eds, ainda temos <strong>3,2 milh\u00f5es<\/strong> de domic\u00edlios brasileiros que est\u00e3o em inseguran\u00e7a alimentar grave (IBGE, 2024). Assim, Coordena\u00e7\u00e3o-Geral de Alimenta\u00e7\u00e3o e<br>Nutri\u00e7\u00e3o recomenda, desde 2022, o uso do instrumento de <strong>Triagem para Risco<br>de Inseguran\u00e7a Alimentar (TRIA)<\/strong> para avaliar o risco de inseguran\u00e7a alimentar nos domic\u00edlios e a partir deste diagn\u00f3stico, organizar a articula\u00e7\u00e3o entre o SUS e outros setores que se relacionam com a garantia da Seguran\u00e7a Alimentar e Nutricional.<\/p>\n\n\n\n<h3 class=\"wp-block-heading\" id=\"h-construcao-das-regras-para-uso-tria\"><span class=\"ez-toc-section\" id=\"Construcao_das_regras_para_uso_TRIA\"><\/span><strong>Constru\u00e7\u00e3o das regras para uso TRIA<\/strong><span class=\"ez-toc-section-end\"><\/span><\/h3>\n\n\n\n<p>A TRIA \u00e9 validada para identificar o risco de Inseguran\u00e7a Alimentar (IA) no domic\u00edlio. Por\u00e9m, foram realizados ajustes para adequ\u00e1-la ao contexto da APS. Sendo assim, confira as etapas para constitui\u00e7\u00e3o das regras:<\/p>\n\n\n\n<ul class=\"wp-block-list\">\n<li>Etapa 1 &#8211; Definir e compor a fam\u00edlia\/domic\u00edlio a partir da identifica\u00e7\u00e3o do Respons\u00e1vel Familiar (RF) na FCI;<\/li>\n\n\n\n<li>Etapa 2 &#8211; Defini\u00e7\u00e3o da situa\u00e7\u00e3o \u201crisco para inseguran\u00e7a alimentar\u201d;<\/li>\n\n\n\n<li>Etapa 3 &#8211; M\u00e9todo de c\u00e1lculo;<\/li>\n<\/ul>\n\n\n\n<p>Desse modo, a implementa\u00e7\u00e3o das regras de uso da Triagem para o Risco de<br>Inseguran\u00e7a Alimentar \u00e9 uma importante medida para a gera\u00e7\u00e3o de relat\u00f3rios p\u00fablicos no Sistema de Informa\u00e7\u00e3o em Sa\u00fade para a Aten\u00e7\u00e3o B\u00e1sica. A TRIA tamb\u00e9m fortalece a abordagem intersetorial necess\u00e1ria para a promo\u00e7\u00e3o da Seguran\u00e7a Alimentar e Nutricional (SAN) no \u00e2mbito do Sistema \u00danico de Sa\u00fade (SUS).<\/p>\n\n\n\n<p>Confira a Nota T\u00e9cnica na \u00edntegra para mais informa\u00e7\u00f5es:<\/p>\n\n\n\n<div data-wp-interactive=\"core\/file\" class=\"wp-block-file\"><object data-wp-bind--hidden=\"!state.hasPdfPreview\" hidden class=\"wp-block-file__embed\" data=\"https:\/\/www.grupomedcof.com.br\/blog\/wp-content\/uploads\/2024\/09\/Nota-Tecnica-no-51-2024.pdf\" type=\"application\/pdf\" style=\"width:100%;height:600px\" aria-label=\"Incorporado de Nota T\u00e9cnica n\u00ba 51-2024.\"><\/object><a id=\"wp-block-file--media-57053bc9-5aff-4247-ae12-774511136422\" href=\"https:\/\/www.grupomedcof.com.br\/blog\/wp-content\/uploads\/2024\/09\/Nota-Tecnica-no-51-2024.pdf\">Nota T\u00e9cnica n\u00ba 51-2024<\/a><a href=\"https:\/\/www.grupomedcof.com.br\/blog\/wp-content\/uploads\/2024\/09\/Nota-Tecnica-no-51-2024.pdf\" class=\"wp-block-file__button wp-element-button\" download aria-describedby=\"wp-block-file--media-57053bc9-5aff-4247-ae12-774511136422\">Baixar<\/a><\/div>\n\n\n\n<h2 class=\"wp-block-heading\" id=\"seja-um-medcoffer\"><span class=\"ez-toc-section\" id=\"Seja_um_MedCoffer\"><\/span><strong>Seja um MedCoffer!<\/strong><span class=\"ez-toc-section-end\"><\/span><\/h2>\n\n\n\n<p>Quer alcan\u00e7ar a aprova\u00e7\u00e3o nas provas de resid\u00eancia m\u00e9dica? Ent\u00e3o seja um&nbsp;<a href=\"https:\/\/www.grupomedcof.com.br\/home\/\" target=\"_blank\" rel=\"noreferrer noopener\">MedCoffer<\/a>! Aqui te ajudaremos na busca da aprova\u00e7\u00e3o com conte\u00fados de qualidade e uma&nbsp;<a href=\"https:\/\/www.grupomedcof.com.br\/blog\/presenca-da-medcof-nas-aprovacoes-em-residencia-medica-no-brasil\/\" target=\"_blank\" rel=\"noreferrer noopener\">metodologia que j\u00e1 aprovou mais de 10 mil residentes no pa\u00eds!&nbsp;<\/a>Por fim, acesse o nosso<a href=\"https:\/\/www.youtube.com\/@GrupoMedcof\/featured\" target=\"_blank\" rel=\"noreferrer noopener\">&nbsp;<strong>canal do youtube&nbsp;<\/strong><\/a>para ver o nosso material.<\/p>\n\n\n\n<p><\/p>\n","protected":false},"excerpt":{"rendered":"<p>O MS lan\u00e7ou a nota t\u00e9cnica da TRIA,  que \u00e9 validada para identificar o risco de Inseguran\u00e7a Alimentar (IA) no domic\u00edlio. Veja!<\/p>\n","protected":false},"author":20,"featured_media":29517,"comment_status":"open","ping_status":"open","sticky":false,"template":"","format":"standard","meta":{"footnotes":""},"categories":[258],"tags":[235,1816,1969],"ppma_author":[3616],"class_list":{"0":"post-29514","1":"post","2":"type-post","3":"status-publish","4":"format-standard","5":"has-post-thumbnail","7":"category-atualizacoes","8":"tag-ministerio-da-saude","9":"tag-nota-tecnica","10":"tag-triagem-para-o-risco-de-inseguranca-alimentar"},"yoast_head":"<!-- This site is optimized with the Yoast SEO Premium plugin v24.3 (Yoast SEO v27.4) - https:\/\/yoast.com\/product\/yoast-seo-premium-wordpress\/ -->\n<title>Nota t\u00e9cnica visa adequar TRIA ao contexto da APS - Blog de Medcof: conte\u00fados, editais, revalida e mais!<\/title>\n<meta name=\"description\" content=\"O MS lan\u00e7ou a nota t\u00e9cnica da TRIA, que \u00e9 validada para identificar o risco de Inseguran\u00e7a Alimentar (IA) no domic\u00edlio. Veja!\" \/>\n<meta name=\"robots\" content=\"index, follow, max-snippet:-1, max-image-preview:large, max-video-preview:-1\" \/>\n<link rel=\"canonical\" href=\"https:\/\/www.grupomedcof.com.br\/blog\/ms-lanca-nota-tecnica-apresentando-regras-de-uso-da-triagem-para-o-risco-de-inseguranca-alimentar\/\" \/>\n<meta property=\"og:locale\" content=\"pt_BR\" \/>\n<meta property=\"og:type\" content=\"article\" \/>\n<meta property=\"og:title\" content=\"Nota t\u00e9cnica visa adequar TRIA ao contexto da APS\" \/>\n<meta property=\"og:description\" content=\"O MS lan\u00e7ou a nota t\u00e9cnica da TRIA, que \u00e9 validada para identificar o risco de Inseguran\u00e7a Alimentar (IA) no domic\u00edlio. Veja!\" \/>\n<meta property=\"og:url\" content=\"https:\/\/www.grupomedcof.com.br\/blog\/ms-lanca-nota-tecnica-apresentando-regras-de-uso-da-triagem-para-o-risco-de-inseguranca-alimentar\/\" \/>\n<meta property=\"og:site_name\" content=\"Blog de Medcof: conte\u00fados, editais, revalida e mais!\" \/>\n<meta property=\"article:publisher\" content=\"https:\/\/www.facebook.com\/MedCofQbank\/\" \/>\n<meta property=\"article:published_time\" content=\"2024-09-04T15:31:40+00:00\" \/>\n<meta property=\"article:modified_time\" content=\"2024-09-05T14:03:30+00:00\" \/>\n<meta property=\"og:image\" content=\"https:\/\/www.grupomedcof.com.br\/blog\/wp-content\/uploads\/2024\/09\/Blog-MedCof-2024-09-04T123024.320-1024x576.png\" \/>\n\t<meta property=\"og:image:width\" content=\"1024\" \/>\n\t<meta property=\"og:image:height\" content=\"576\" \/>\n\t<meta property=\"og:image:type\" content=\"image\/png\" \/>\n<meta name=\"author\" content=\"Leila Menzel\" \/>\n<meta name=\"twitter:card\" content=\"summary_large_image\" \/>\n<meta name=\"twitter:label1\" content=\"Escrito por\" \/>\n\t<meta name=\"twitter:data1\" content=\"Leila Menzel\" \/>\n\t<meta name=\"twitter:label2\" content=\"Est. tempo de leitura\" \/>\n\t<meta name=\"twitter:data2\" content=\"3 minutos\" \/>\n<script type=\"application\/ld+json\" class=\"yoast-schema-graph\">{\"@context\":\"https:\\\/\\\/schema.org\",\"@graph\":[{\"@type\":\"Article\",\"@id\":\"https:\\\/\\\/www.grupomedcof.com.br\\\/blog\\\/ms-lanca-nota-tecnica-apresentando-regras-de-uso-da-triagem-para-o-risco-de-inseguranca-alimentar\\\/#article\",\"isPartOf\":{\"@id\":\"https:\\\/\\\/www.grupomedcof.com.br\\\/blog\\\/ms-lanca-nota-tecnica-apresentando-regras-de-uso-da-triagem-para-o-risco-de-inseguranca-alimentar\\\/\"},\"author\":{\"name\":\"Leila Menzel\",\"@id\":\"https:\\\/\\\/www.grupomedcof.com.br\\\/blog\\\/#\\\/schema\\\/person\\\/9a44c2184a836bf5ae6967fdb3a1451e\"},\"headline\":\"Nota t\u00e9cnica visa adequar TRIA ao contexto da APS\",\"datePublished\":\"2024-09-04T15:31:40+00:00\",\"dateModified\":\"2024-09-05T14:03:30+00:00\",\"mainEntityOfPage\":{\"@id\":\"https:\\\/\\\/www.grupomedcof.com.br\\\/blog\\\/ms-lanca-nota-tecnica-apresentando-regras-de-uso-da-triagem-para-o-risco-de-inseguranca-alimentar\\\/\"},\"wordCount\":459,\"commentCount\":0,\"publisher\":{\"@id\":\"https:\\\/\\\/www.grupomedcof.com.br\\\/blog\\\/#organization\"},\"image\":{\"@id\":\"https:\\\/\\\/www.grupomedcof.com.br\\\/blog\\\/ms-lanca-nota-tecnica-apresentando-regras-de-uso-da-triagem-para-o-risco-de-inseguranca-alimentar\\\/#primaryimage\"},\"thumbnailUrl\":\"https:\\\/\\\/www.grupomedcof.com.br\\\/blog\\\/wp-content\\\/uploads\\\/2024\\\/09\\\/Blog-MedCof-2024-09-04T123024.320.png\",\"keywords\":[\"Minist\u00e9rio da Sa\u00fade\",\"Nota T\u00e9cnica\",\"Triagem para o Risco de Inseguran\u00e7a Alimentar\"],\"articleSection\":[\"Atualiza\u00e7\u00f5es\"],\"inLanguage\":\"pt-BR\"},{\"@type\":\"WebPage\",\"@id\":\"https:\\\/\\\/www.grupomedcof.com.br\\\/blog\\\/ms-lanca-nota-tecnica-apresentando-regras-de-uso-da-triagem-para-o-risco-de-inseguranca-alimentar\\\/\",\"url\":\"https:\\\/\\\/www.grupomedcof.com.br\\\/blog\\\/ms-lanca-nota-tecnica-apresentando-regras-de-uso-da-triagem-para-o-risco-de-inseguranca-alimentar\\\/\",\"name\":\"Nota t\u00e9cnica visa adequar TRIA ao contexto da APS - Blog de Medcof: conte\u00fados, editais, revalida e mais!\",\"isPartOf\":{\"@id\":\"https:\\\/\\\/www.grupomedcof.com.br\\\/blog\\\/#website\"},\"primaryImageOfPage\":{\"@id\":\"https:\\\/\\\/www.grupomedcof.com.br\\\/blog\\\/ms-lanca-nota-tecnica-apresentando-regras-de-uso-da-triagem-para-o-risco-de-inseguranca-alimentar\\\/#primaryimage\"},\"image\":{\"@id\":\"https:\\\/\\\/www.grupomedcof.com.br\\\/blog\\\/ms-lanca-nota-tecnica-apresentando-regras-de-uso-da-triagem-para-o-risco-de-inseguranca-alimentar\\\/#primaryimage\"},\"thumbnailUrl\":\"https:\\\/\\\/www.grupomedcof.com.br\\\/blog\\\/wp-content\\\/uploads\\\/2024\\\/09\\\/Blog-MedCof-2024-09-04T123024.320.png\",\"datePublished\":\"2024-09-04T15:31:40+00:00\",\"dateModified\":\"2024-09-05T14:03:30+00:00\",\"description\":\"O MS lan\u00e7ou a nota t\u00e9cnica da TRIA, que \u00e9 validada para identificar o risco de Inseguran\u00e7a Alimentar (IA) no domic\u00edlio. Veja!\",\"breadcrumb\":{\"@id\":\"https:\\\/\\\/www.grupomedcof.com.br\\\/blog\\\/ms-lanca-nota-tecnica-apresentando-regras-de-uso-da-triagem-para-o-risco-de-inseguranca-alimentar\\\/#breadcrumb\"},\"inLanguage\":\"pt-BR\",\"potentialAction\":[{\"@type\":\"ReadAction\",\"target\":[\"https:\\\/\\\/www.grupomedcof.com.br\\\/blog\\\/ms-lanca-nota-tecnica-apresentando-regras-de-uso-da-triagem-para-o-risco-de-inseguranca-alimentar\\\/\"]}]},{\"@type\":\"ImageObject\",\"inLanguage\":\"pt-BR\",\"@id\":\"https:\\\/\\\/www.grupomedcof.com.br\\\/blog\\\/ms-lanca-nota-tecnica-apresentando-regras-de-uso-da-triagem-para-o-risco-de-inseguranca-alimentar\\\/#primaryimage\",\"url\":\"https:\\\/\\\/www.grupomedcof.com.br\\\/blog\\\/wp-content\\\/uploads\\\/2024\\\/09\\\/Blog-MedCof-2024-09-04T123024.320.png\",\"contentUrl\":\"https:\\\/\\\/www.grupomedcof.com.br\\\/blog\\\/wp-content\\\/uploads\\\/2024\\\/09\\\/Blog-MedCof-2024-09-04T123024.320.png\",\"width\":2560,\"height\":1440},{\"@type\":\"BreadcrumbList\",\"@id\":\"https:\\\/\\\/www.grupomedcof.com.br\\\/blog\\\/ms-lanca-nota-tecnica-apresentando-regras-de-uso-da-triagem-para-o-risco-de-inseguranca-alimentar\\\/#breadcrumb\",\"itemListElement\":[{\"@type\":\"ListItem\",\"position\":1,\"name\":\"In\u00edcio\",\"item\":\"https:\\\/\\\/www.grupomedcof.com.br\\\/blog\\\/\"},{\"@type\":\"ListItem\",\"position\":2,\"name\":\"Nota t\u00e9cnica visa adequar TRIA ao contexto da APS\"}]},{\"@type\":\"WebSite\",\"@id\":\"https:\\\/\\\/www.grupomedcof.com.br\\\/blog\\\/#website\",\"url\":\"https:\\\/\\\/www.grupomedcof.com.br\\\/blog\\\/\",\"name\":\"Blog de Medcof: conte\u00fados, editais, revalida e mais!\",\"description\":\"Acesso o blog de MedCof! Seu portal de conte\u00fados sobre resid\u00eancia m\u00e9dica, an\u00e1lise e editais e muito mais. Clique e confira!\",\"publisher\":{\"@id\":\"https:\\\/\\\/www.grupomedcof.com.br\\\/blog\\\/#organization\"},\"alternateName\":\"Blog de Medcof: conte\u00fados, editais, revalida e mais!\",\"potentialAction\":[{\"@type\":\"SearchAction\",\"target\":{\"@type\":\"EntryPoint\",\"urlTemplate\":\"https:\\\/\\\/www.grupomedcof.com.br\\\/blog\\\/?s={search_term_string}\"},\"query-input\":{\"@type\":\"PropertyValueSpecification\",\"valueRequired\":true,\"valueName\":\"search_term_string\"}}],\"inLanguage\":\"pt-BR\"},{\"@type\":\"Organization\",\"@id\":\"https:\\\/\\\/www.grupomedcof.com.br\\\/blog\\\/#organization\",\"name\":\"Grupo MedCof\",\"url\":\"https:\\\/\\\/www.grupomedcof.com.br\\\/blog\\\/\",\"logo\":{\"@type\":\"ImageObject\",\"inLanguage\":\"pt-BR\",\"@id\":\"https:\\\/\\\/www.grupomedcof.com.br\\\/blog\\\/#\\\/schema\\\/logo\\\/image\\\/\",\"url\":\"https:\\\/\\\/www.grupomedcof.com.br\\\/blog\\\/wp-content\\\/uploads\\\/2022\\\/01\\\/logo-medcof.png\",\"contentUrl\":\"https:\\\/\\\/www.grupomedcof.com.br\\\/blog\\\/wp-content\\\/uploads\\\/2022\\\/01\\\/logo-medcof.png\",\"width\":768,\"height\":269,\"caption\":\"Grupo MedCof\"},\"image\":{\"@id\":\"https:\\\/\\\/www.grupomedcof.com.br\\\/blog\\\/#\\\/schema\\\/logo\\\/image\\\/\"},\"sameAs\":[\"https:\\\/\\\/www.facebook.com\\\/MedCofQbank\\\/\",\"https:\\\/\\\/www.instagram.com\\\/grupomedcof\\\/\",\"https:\\\/\\\/br.linkedin.com\\\/company\\\/medcof\",\"https:\\\/\\\/www.youtube.com\\\/channel\\\/UCdHMuOHKICxcHwecxN8P-AA\"]},{\"@type\":\"Person\",\"@id\":\"https:\\\/\\\/www.grupomedcof.com.br\\\/blog\\\/#\\\/schema\\\/person\\\/9a44c2184a836bf5ae6967fdb3a1451e\",\"name\":\"Leila Menzel\",\"image\":{\"@type\":\"ImageObject\",\"inLanguage\":\"pt-BR\",\"@id\":\"https:\\\/\\\/www.grupomedcof.com.br\\\/blog\\\/wp-content\\\/uploads\\\/2025\\\/09\\\/cropped-eu-96x96.jpeg19a74936d997c0a8b3031618467fa1d0\",\"url\":\"https:\\\/\\\/www.grupomedcof.com.br\\\/blog\\\/wp-content\\\/uploads\\\/2025\\\/09\\\/cropped-eu-96x96.jpeg\",\"contentUrl\":\"https:\\\/\\\/www.grupomedcof.com.br\\\/blog\\\/wp-content\\\/uploads\\\/2025\\\/09\\\/cropped-eu-96x96.jpeg\",\"caption\":\"Leila Menzel\"},\"description\":\"Estudante do 6\u00b0 semestre de jornalismo, amo e escrevo poesias e viajo em livros de romances clich\u00eas.\",\"url\":\"https:\\\/\\\/www.grupomedcof.com.br\\\/blog\\\/author\\\/leila-menzel\\\/\"}]}<\/script>\n<!-- \/ Yoast SEO Premium plugin. -->","yoast_head_json":{"title":"Nota t\u00e9cnica visa adequar TRIA ao contexto da APS - Blog de Medcof: conte\u00fados, editais, revalida e mais!","description":"O MS lan\u00e7ou a nota t\u00e9cnica da TRIA, que \u00e9 validada para identificar o risco de Inseguran\u00e7a Alimentar (IA) no domic\u00edlio. Veja!","robots":{"index":"index","follow":"follow","max-snippet":"max-snippet:-1","max-image-preview":"max-image-preview:large","max-video-preview":"max-video-preview:-1"},"canonical":"https:\/\/www.grupomedcof.com.br\/blog\/ms-lanca-nota-tecnica-apresentando-regras-de-uso-da-triagem-para-o-risco-de-inseguranca-alimentar\/","og_locale":"pt_BR","og_type":"article","og_title":"Nota t\u00e9cnica visa adequar TRIA ao contexto da APS","og_description":"O MS lan\u00e7ou a nota t\u00e9cnica da TRIA, que \u00e9 validada para identificar o risco de Inseguran\u00e7a Alimentar (IA) no domic\u00edlio. Veja!","og_url":"https:\/\/www.grupomedcof.com.br\/blog\/ms-lanca-nota-tecnica-apresentando-regras-de-uso-da-triagem-para-o-risco-de-inseguranca-alimentar\/","og_site_name":"Blog de Medcof: conte\u00fados, editais, revalida e mais!","article_publisher":"https:\/\/www.facebook.com\/MedCofQbank\/","article_published_time":"2024-09-04T15:31:40+00:00","article_modified_time":"2024-09-05T14:03:30+00:00","og_image":[{"width":1024,"height":576,"url":"https:\/\/www.grupomedcof.com.br\/blog\/wp-content\/uploads\/2024\/09\/Blog-MedCof-2024-09-04T123024.320-1024x576.png","type":"image\/png"}],"author":"Leila Menzel","twitter_card":"summary_large_image","twitter_misc":{"Escrito por":"Leila Menzel","Est. tempo de leitura":"3 minutos"},"schema":{"@context":"https:\/\/schema.org","@graph":[{"@type":"Article","@id":"https:\/\/www.grupomedcof.com.br\/blog\/ms-lanca-nota-tecnica-apresentando-regras-de-uso-da-triagem-para-o-risco-de-inseguranca-alimentar\/#article","isPartOf":{"@id":"https:\/\/www.grupomedcof.com.br\/blog\/ms-lanca-nota-tecnica-apresentando-regras-de-uso-da-triagem-para-o-risco-de-inseguranca-alimentar\/"},"author":{"name":"Leila Menzel","@id":"https:\/\/www.grupomedcof.com.br\/blog\/#\/schema\/person\/9a44c2184a836bf5ae6967fdb3a1451e"},"headline":"Nota t\u00e9cnica visa adequar TRIA ao contexto da APS","datePublished":"2024-09-04T15:31:40+00:00","dateModified":"2024-09-05T14:03:30+00:00","mainEntityOfPage":{"@id":"https:\/\/www.grupomedcof.com.br\/blog\/ms-lanca-nota-tecnica-apresentando-regras-de-uso-da-triagem-para-o-risco-de-inseguranca-alimentar\/"},"wordCount":459,"commentCount":0,"publisher":{"@id":"https:\/\/www.grupomedcof.com.br\/blog\/#organization"},"image":{"@id":"https:\/\/www.grupomedcof.com.br\/blog\/ms-lanca-nota-tecnica-apresentando-regras-de-uso-da-triagem-para-o-risco-de-inseguranca-alimentar\/#primaryimage"},"thumbnailUrl":"https:\/\/www.grupomedcof.com.br\/blog\/wp-content\/uploads\/2024\/09\/Blog-MedCof-2024-09-04T123024.320.png","keywords":["Minist\u00e9rio da Sa\u00fade","Nota T\u00e9cnica","Triagem para o Risco de Inseguran\u00e7a Alimentar"],"articleSection":["Atualiza\u00e7\u00f5es"],"inLanguage":"pt-BR"},{"@type":"WebPage","@id":"https:\/\/www.grupomedcof.com.br\/blog\/ms-lanca-nota-tecnica-apresentando-regras-de-uso-da-triagem-para-o-risco-de-inseguranca-alimentar\/","url":"https:\/\/www.grupomedcof.com.br\/blog\/ms-lanca-nota-tecnica-apresentando-regras-de-uso-da-triagem-para-o-risco-de-inseguranca-alimentar\/","name":"Nota t\u00e9cnica visa adequar TRIA ao contexto da APS - Blog de Medcof: conte\u00fados, editais, revalida e mais!","isPartOf":{"@id":"https:\/\/www.grupomedcof.com.br\/blog\/#website"},"primaryImageOfPage":{"@id":"https:\/\/www.grupomedcof.com.br\/blog\/ms-lanca-nota-tecnica-apresentando-regras-de-uso-da-triagem-para-o-risco-de-inseguranca-alimentar\/#primaryimage"},"image":{"@id":"https:\/\/www.grupomedcof.com.br\/blog\/ms-lanca-nota-tecnica-apresentando-regras-de-uso-da-triagem-para-o-risco-de-inseguranca-alimentar\/#primaryimage"},"thumbnailUrl":"https:\/\/www.grupomedcof.com.br\/blog\/wp-content\/uploads\/2024\/09\/Blog-MedCof-2024-09-04T123024.320.png","datePublished":"2024-09-04T15:31:40+00:00","dateModified":"2024-09-05T14:03:30+00:00","description":"O MS lan\u00e7ou a nota t\u00e9cnica da TRIA, que \u00e9 validada para identificar o risco de Inseguran\u00e7a Alimentar (IA) no domic\u00edlio. Veja!","breadcrumb":{"@id":"https:\/\/www.grupomedcof.com.br\/blog\/ms-lanca-nota-tecnica-apresentando-regras-de-uso-da-triagem-para-o-risco-de-inseguranca-alimentar\/#breadcrumb"},"inLanguage":"pt-BR","potentialAction":[{"@type":"ReadAction","target":["https:\/\/www.grupomedcof.com.br\/blog\/ms-lanca-nota-tecnica-apresentando-regras-de-uso-da-triagem-para-o-risco-de-inseguranca-alimentar\/"]}]},{"@type":"ImageObject","inLanguage":"pt-BR","@id":"https:\/\/www.grupomedcof.com.br\/blog\/ms-lanca-nota-tecnica-apresentando-regras-de-uso-da-triagem-para-o-risco-de-inseguranca-alimentar\/#primaryimage","url":"https:\/\/www.grupomedcof.com.br\/blog\/wp-content\/uploads\/2024\/09\/Blog-MedCof-2024-09-04T123024.320.png","contentUrl":"https:\/\/www.grupomedcof.com.br\/blog\/wp-content\/uploads\/2024\/09\/Blog-MedCof-2024-09-04T123024.320.png","width":2560,"height":1440},{"@type":"BreadcrumbList","@id":"https:\/\/www.grupomedcof.com.br\/blog\/ms-lanca-nota-tecnica-apresentando-regras-de-uso-da-triagem-para-o-risco-de-inseguranca-alimentar\/#breadcrumb","itemListElement":[{"@type":"ListItem","position":1,"name":"In\u00edcio","item":"https:\/\/www.grupomedcof.com.br\/blog\/"},{"@type":"ListItem","position":2,"name":"Nota t\u00e9cnica visa adequar TRIA ao contexto da APS"}]},{"@type":"WebSite","@id":"https:\/\/www.grupomedcof.com.br\/blog\/#website","url":"https:\/\/www.grupomedcof.com.br\/blog\/","name":"Blog de Medcof: conte\u00fados, editais, revalida e mais!","description":"Acesso o blog de MedCof! Seu portal de conte\u00fados sobre resid\u00eancia m\u00e9dica, an\u00e1lise e editais e muito mais. Clique e confira!","publisher":{"@id":"https:\/\/www.grupomedcof.com.br\/blog\/#organization"},"alternateName":"Blog de Medcof: conte\u00fados, editais, revalida e mais!","potentialAction":[{"@type":"SearchAction","target":{"@type":"EntryPoint","urlTemplate":"https:\/\/www.grupomedcof.com.br\/blog\/?s={search_term_string}"},"query-input":{"@type":"PropertyValueSpecification","valueRequired":true,"valueName":"search_term_string"}}],"inLanguage":"pt-BR"},{"@type":"Organization","@id":"https:\/\/www.grupomedcof.com.br\/blog\/#organization","name":"Grupo MedCof","url":"https:\/\/www.grupomedcof.com.br\/blog\/","logo":{"@type":"ImageObject","inLanguage":"pt-BR","@id":"https:\/\/www.grupomedcof.com.br\/blog\/#\/schema\/logo\/image\/","url":"https:\/\/www.grupomedcof.com.br\/blog\/wp-content\/uploads\/2022\/01\/logo-medcof.png","contentUrl":"https:\/\/www.grupomedcof.com.br\/blog\/wp-content\/uploads\/2022\/01\/logo-medcof.png","width":768,"height":269,"caption":"Grupo MedCof"},"image":{"@id":"https:\/\/www.grupomedcof.com.br\/blog\/#\/schema\/logo\/image\/"},"sameAs":["https:\/\/www.facebook.com\/MedCofQbank\/","https:\/\/www.instagram.com\/grupomedcof\/","https:\/\/br.linkedin.com\/company\/medcof","https:\/\/www.youtube.com\/channel\/UCdHMuOHKICxcHwecxN8P-AA"]},{"@type":"Person","@id":"https:\/\/www.grupomedcof.com.br\/blog\/#\/schema\/person\/9a44c2184a836bf5ae6967fdb3a1451e","name":"Leila Menzel","image":{"@type":"ImageObject","inLanguage":"pt-BR","@id":"https:\/\/www.grupomedcof.com.br\/blog\/wp-content\/uploads\/2025\/09\/cropped-eu-96x96.jpeg19a74936d997c0a8b3031618467fa1d0","url":"https:\/\/www.grupomedcof.com.br\/blog\/wp-content\/uploads\/2025\/09\/cropped-eu-96x96.jpeg","contentUrl":"https:\/\/www.grupomedcof.com.br\/blog\/wp-content\/uploads\/2025\/09\/cropped-eu-96x96.jpeg","caption":"Leila Menzel"},"description":"Estudante do 6\u00b0 semestre de jornalismo, amo e escrevo poesias e viajo em livros de romances clich\u00eas.","url":"https:\/\/www.grupomedcof.com.br\/blog\/author\/leila-menzel\/"}]}},"authors":[{"term_id":3616,"user_id":20,"is_guest":0,"slug":"leila-menzel","display_name":"Leila Menzel","avatar_url":"https:\/\/www.grupomedcof.com.br\/blog\/wp-content\/uploads\/2025\/09\/cropped-eu-96x96.jpeg","0":null,"1":"","2":"","3":"","4":"","5":"","6":"","7":"","8":""}],"_links":{"self":[{"href":"https:\/\/www.grupomedcof.com.br\/blog\/wp-json\/wp\/v2\/posts\/29514","targetHints":{"allow":["GET"]}}],"collection":[{"href":"https:\/\/www.grupomedcof.com.br\/blog\/wp-json\/wp\/v2\/posts"}],"about":[{"href":"https:\/\/www.grupomedcof.com.br\/blog\/wp-json\/wp\/v2\/types\/post"}],"author":[{"embeddable":true,"href":"https:\/\/www.grupomedcof.com.br\/blog\/wp-json\/wp\/v2\/users\/20"}],"replies":[{"embeddable":true,"href":"https:\/\/www.grupomedcof.com.br\/blog\/wp-json\/wp\/v2\/comments?post=29514"}],"version-history":[{"count":0,"href":"https:\/\/www.grupomedcof.com.br\/blog\/wp-json\/wp\/v2\/posts\/29514\/revisions"}],"wp:featuredmedia":[{"embeddable":true,"href":"https:\/\/www.grupomedcof.com.br\/blog\/wp-json\/wp\/v2\/media\/29517"}],"wp:attachment":[{"href":"https:\/\/www.grupomedcof.com.br\/blog\/wp-json\/wp\/v2\/media?parent=29514"}],"wp:term":[{"taxonomy":"category","embeddable":true,"href":"https:\/\/www.grupomedcof.com.br\/blog\/wp-json\/wp\/v2\/categories?post=29514"},{"taxonomy":"post_tag","embeddable":true,"href":"https:\/\/www.grupomedcof.com.br\/blog\/wp-json\/wp\/v2\/tags?post=29514"},{"taxonomy":"author","embeddable":true,"href":"https:\/\/www.grupomedcof.com.br\/blog\/wp-json\/wp\/v2\/ppma_author?post=29514"}],"curies":[{"name":"wp","href":"https:\/\/api.w.org\/{rel}","templated":true}]}}