{"id":29549,"date":"2026-02-06T08:06:50","date_gmt":"2026-02-06T11:06:50","guid":{"rendered":"https:\/\/www.grupomedcof.com.br\/blog\/?p=29549"},"modified":"2026-04-27T16:28:03","modified_gmt":"2026-04-27T19:28:03","slug":"resultado-enare","status":"publish","type":"post","link":"https:\/\/www.grupomedcof.com.br\/blog\/resultado-enare\/","title":{"rendered":"Resid\u00eancia M\u00e9dica ENARE\/Enamed 2025\/2026: confira o resultado final das escolhas de vagas!"},"content":{"rendered":"<div id=\"ez-toc-container\" class=\"ez-toc-v2_0_74 counter-hierarchy ez-toc-counter ez-toc-transparent ez-toc-container-direction\">\n<div class=\"ez-toc-title-container\">\n<p class=\"ez-toc-title\" style=\"cursor:inherit\">Sum\u00e1rio<\/p>\n<span class=\"ez-toc-title-toggle\"><a href=\"#\" class=\"ez-toc-pull-right ez-toc-btn ez-toc-btn-xs ez-toc-btn-default ez-toc-toggle\" aria-label=\"Alternar tabela de conte\u00fado\"><span class=\"ez-toc-js-icon-con\"><span class=\"\"><span class=\"eztoc-hide\" style=\"display:none;\">Toggle<\/span><span class=\"ez-toc-icon-toggle-span\"><svg style=\"fill: #999;color:#999\" xmlns=\"http:\/\/www.w3.org\/2000\/svg\" class=\"list-377408\" width=\"20px\" height=\"20px\" viewBox=\"0 0 24 24\" fill=\"none\"><path d=\"M6 6H4v2h2V6zm14 0H8v2h12V6zM4 11h2v2H4v-2zm16 0H8v2h12v-2zM4 16h2v2H4v-2zm16 0H8v2h12v-2z\" fill=\"currentColor\"><\/path><\/svg><svg style=\"fill: #999;color:#999\" class=\"arrow-unsorted-368013\" xmlns=\"http:\/\/www.w3.org\/2000\/svg\" width=\"10px\" height=\"10px\" viewBox=\"0 0 24 24\" version=\"1.2\" baseProfile=\"tiny\"><path d=\"M18.2 9.3l-6.2-6.3-6.2 6.3c-.2.2-.3.4-.3.7s.1.5.3.7c.2.2.4.3.7.3h11c.3 0 .5-.1.7-.3.2-.2.3-.5.3-.7s-.1-.5-.3-.7zM5.8 14.7l6.2 6.3 6.2-6.3c.2-.2.3-.5.3-.7s-.1-.5-.3-.7c-.2-.2-.4-.3-.7-.3h-11c-.3 0-.5.1-.7.3-.2.2-.3.5-.3.7s.1.5.3.7z\"\/><\/svg><\/span><\/span><\/span><\/a><\/span><\/div>\n<nav><ul class='ez-toc-list ez-toc-list-level-1 ' ><li class='ez-toc-page-1 ez-toc-heading-level-2'><a class=\"ez-toc-link ez-toc-heading-1\" href=\"https:\/\/www.grupomedcof.com.br\/blog\/resultado-enare\/#Resultado_Preliminar_prova_objetiva_ENARE_20252026\" >Resultado Preliminar prova objetiva ENARE 2025\/2026<\/a><\/li><li class='ez-toc-page-1 ez-toc-heading-level-2'><a class=\"ez-toc-link ez-toc-heading-2\" href=\"https:\/\/www.grupomedcof.com.br\/blog\/resultado-enare\/#Resultado_ENAREEnamed_20252026\" >Resultado ENARE\/Enamed 2025\/2026<\/a><\/li><li class='ez-toc-page-1 ez-toc-heading-level-2'><a class=\"ez-toc-link ez-toc-heading-3\" href=\"https:\/\/www.grupomedcof.com.br\/blog\/resultado-enare\/#Nota_Final_Preliminar_ENARE_2026\" >Nota Final Preliminar ENARE 2026<\/a><\/li><li class='ez-toc-page-1 ez-toc-heading-level-2'><a class=\"ez-toc-link ez-toc-heading-4\" href=\"https:\/\/www.grupomedcof.com.br\/blog\/resultado-enare\/#Nota_Final_Definitiva_ENARE_2026\" >Nota Final Definitiva ENARE 2026<\/a><\/li><li class='ez-toc-page-1 ez-toc-heading-level-2'><a class=\"ez-toc-link ez-toc-heading-5\" href=\"https:\/\/www.grupomedcof.com.br\/blog\/resultado-enare\/#Resultado_1a_oportunidade_de_escolha_de_vagas\" >Resultado 1\u00aa oportunidade de escolha de vagas<\/a><\/li><li class='ez-toc-page-1 ez-toc-heading-level-2'><a class=\"ez-toc-link ez-toc-heading-6\" href=\"https:\/\/www.grupomedcof.com.br\/blog\/resultado-enare\/#Resultado_2a_oportunidade_de_escolha_de_vagas\" >Resultado 2\u00aa oportunidade de escolha de vagas<\/a><\/li><li class='ez-toc-page-1 ez-toc-heading-level-2'><a class=\"ez-toc-link ez-toc-heading-7\" href=\"https:\/\/www.grupomedcof.com.br\/blog\/resultado-enare\/#3a_oportunidade_de_escolha_das_vagas\" >3\u00aa oportunidade de escolha das vagas<\/a><\/li><li class='ez-toc-page-1 ez-toc-heading-level-2'><a class=\"ez-toc-link ez-toc-heading-8\" href=\"https:\/\/www.grupomedcof.com.br\/blog\/resultado-enare\/#Cronograma_Escolha_de_vagas_%E2%80%93_Enare_20252026\" >Cronograma Escolha de vagas \u2013 Enare 2025\/2026<\/a><\/li><li class='ez-toc-page-1 ez-toc-heading-level-2'><a class=\"ez-toc-link ez-toc-heading-9\" href=\"https:\/\/www.grupomedcof.com.br\/blog\/resultado-enare\/#Resultado_Final_das_escolhas_de_vagas\" >Resultado Final das escolhas de vagas<\/a><\/li><li class='ez-toc-page-1 ez-toc-heading-level-2'><a class=\"ez-toc-link ez-toc-heading-10\" href=\"https:\/\/www.grupomedcof.com.br\/blog\/resultado-enare\/#Como_e_feita_a_matricula_dos_aprovados_ENARE\" >Como \u00e9 feita a matr\u00edcula dos aprovados ENARE?<\/a><\/li><li class='ez-toc-page-1 ez-toc-heading-level-2'><a class=\"ez-toc-link ez-toc-heading-11\" href=\"https:\/\/www.grupomedcof.com.br\/blog\/resultado-enare\/#Resultado_das_edicoes_anteriores\" >Resultado das edi\u00e7\u00f5es anteriores<\/a><ul class='ez-toc-list-level-3' ><li class='ez-toc-heading-level-3'><a class=\"ez-toc-link ez-toc-heading-12\" href=\"https:\/\/www.grupomedcof.com.br\/blog\/resultado-enare\/#ENARE_20232024\" >ENARE 2023\/2024<\/a><\/li><li class='ez-toc-page-1 ez-toc-heading-level-3'><a class=\"ez-toc-link ez-toc-heading-13\" href=\"https:\/\/www.grupomedcof.com.br\/blog\/resultado-enare\/#ENARE_20222023\" >ENARE 2022\/2023<\/a><\/li><li class='ez-toc-page-1 ez-toc-heading-level-3'><a class=\"ez-toc-link ez-toc-heading-14\" href=\"https:\/\/www.grupomedcof.com.br\/blog\/resultado-enare\/#ENARE_20212022\" >ENARE 2021\/2022<\/a><\/li><\/ul><\/li><li class='ez-toc-page-1 ez-toc-heading-level-2'><a class=\"ez-toc-link ez-toc-heading-15\" href=\"https:\/\/www.grupomedcof.com.br\/blog\/resultado-enare\/#Quando_sai_o_resultado_do_ENARE_20252026\" >Quando sai o resultado do ENARE 2025\/2026?<\/a><\/li><li class='ez-toc-page-1 ez-toc-heading-level-2'><a class=\"ez-toc-link ez-toc-heading-16\" href=\"https:\/\/www.grupomedcof.com.br\/blog\/resultado-enare\/#Seja_um_MedCofer\" >Seja um MedCofer!<\/a><\/li><\/ul><\/nav><\/div>\n\n<figure class=\"wp-block-image size-large\"><img loading=\"lazy\" decoding=\"async\" width=\"1024\" height=\"576\" src=\"https:\/\/www.grupomedcof.com.br\/blog\/wp-content\/uploads\/2024\/09\/Modelo-instituicoes-29-1024x576.jpg\" alt=\"\" class=\"wp-image-29550\" srcset=\"https:\/\/www.grupomedcof.com.br\/blog\/wp-content\/uploads\/2024\/09\/Modelo-instituicoes-29-1024x576.jpg 1024w, https:\/\/www.grupomedcof.com.br\/blog\/wp-content\/uploads\/2024\/09\/Modelo-instituicoes-29-300x169.jpg 300w, https:\/\/www.grupomedcof.com.br\/blog\/wp-content\/uploads\/2024\/09\/Modelo-instituicoes-29-768x432.jpg 768w, https:\/\/www.grupomedcof.com.br\/blog\/wp-content\/uploads\/2024\/09\/Modelo-instituicoes-29-1536x864.jpg 1536w, https:\/\/www.grupomedcof.com.br\/blog\/wp-content\/uploads\/2024\/09\/Modelo-instituicoes-29-2048x1152.jpg 2048w, https:\/\/www.grupomedcof.com.br\/blog\/wp-content\/uploads\/2024\/09\/Modelo-instituicoes-29-747x420.jpg 747w, https:\/\/www.grupomedcof.com.br\/blog\/wp-content\/uploads\/2024\/09\/Modelo-instituicoes-29-150x84.jpg 150w, https:\/\/www.grupomedcof.com.br\/blog\/wp-content\/uploads\/2024\/09\/Modelo-instituicoes-29-696x392.jpg 696w, https:\/\/www.grupomedcof.com.br\/blog\/wp-content\/uploads\/2024\/09\/Modelo-instituicoes-29-1068x601.jpg 1068w, https:\/\/www.grupomedcof.com.br\/blog\/wp-content\/uploads\/2024\/09\/Modelo-instituicoes-29-1920x1080.jpg 1920w\" sizes=\"auto, (max-width: 1024px) 100vw, 1024px\" \/><\/figure>\n\n\n\n<p>Confira a seguir o documento divulgado com o resultado final definitivo do <strong>ENARE\/Enamed 2025\/2026!<\/strong><\/p>\n\n\n\n<h2 class=\"wp-block-heading\" id=\"h-resultado-preliminar-prova-objetiva-enare-2025-2026\"><span class=\"ez-toc-section\" id=\"Resultado_Preliminar_prova_objetiva_ENARE_20252026\"><\/span><strong>Resultado Preliminar prova objetiva ENARE 2025\/2026<\/strong><span class=\"ez-toc-section-end\"><\/span><\/h2>\n\n\n\n<p>O resultado preliminar da prova objetiva do ENARE 2025\/2026 ocorreu no dia 24 de novembro de 2025. Veja a seguir o documento:<\/p>\n\n\n\n<div class=\"wp-block-buttons is-layout-flex wp-block-buttons-is-layout-flex\">\n<div class=\"wp-block-button\"><a class=\"wp-block-button__link wp-element-button\" href=\"https:\/\/www.grupomedcof.com.br\/blog\/wp-content\/uploads\/2025\/05\/resultado-preliminar-objetiva-1.pdf\" target=\"_blank\" rel=\"noreferrer noopener\">Resultado Prova ENARE 2025\/2026<\/a><\/div>\n<\/div>\n\n\n\n<p>A interposi\u00e7\u00e3o de recursos contra o resultado preliminar foi no per\u00edodo de <strong>25 e 26 de novembro de 2025<\/strong>, conforme cronograma. Por fim, a <strong>nota final preliminar<\/strong> foi publicada em <strong>13 de janeiro de 2026.<\/strong><\/p>\n\n\n\n<div class=\"wp-block-buttons is-layout-flex wp-block-buttons-is-layout-flex\">\n<div class=\"wp-block-button\"><a class=\"wp-block-button__link wp-element-button\" href=\"https:\/\/www.grupomedcof.com.br\/blog\/edital-enare-publicado\/\" target=\"_blank\" rel=\"noreferrer noopener\">Confira aqui tudo sobre o ENARE 2026<\/a><\/div>\n<\/div>\n\n\n\n<h2 class=\"wp-block-heading\" id=\"h-resultado-enare-enamed-2025-2026\"><span class=\"ez-toc-section\" id=\"Resultado_ENAREEnamed_20252026\"><\/span><strong>Resultado ENARE\/Enamed 2025\/2026<\/strong><span class=\"ez-toc-section-end\"><\/span><\/h2>\n\n\n\n<p>Conforme <a href=\"https:\/\/www.grupomedcof.com.br\/blog\/edital-enamed\/#Retificacao_do_cronograma\" target=\"_blank\" rel=\"noreferrer noopener\">retifica\u00e7\u00e3o do cronograma<\/a> divulgada no dia 05 de dezembro, a institui\u00e7\u00e3o publicou o <strong>resultado da primeira edi\u00e7\u00e3o do Exame Nacional de Avalia\u00e7\u00e3o da Forma\u00e7\u00e3o M\u00e9dica, o Enamed 2025<\/strong>, em conjunto com o&nbsp;<strong>gabarito definitivo<\/strong>&nbsp;da prova te\u00f3rica.<\/p>\n\n\n\n<p>Desse modo, aqueles que desejam participar do <strong>Exame Nacional de Resid\u00eancia (ENARE)<\/strong>, podem consultar a nota atrav\u00e9s da <a href=\"https:\/\/enare-inscricao.conhecimento.fgv.br\/Login\/Index\">\u00e1rea de participa<\/a><a href=\"https:\/\/enare-inscricao.conhecimento.fgv.br\/Login\/Index\" target=\"_blank\" rel=\"noreferrer noopener\">n<\/a><a href=\"https:\/\/enare-inscricao.conhecimento.fgv.br\/Login\/Index\">te<\/a> ou no documento a seguir:<\/p>\n\n\n\n<div class=\"wp-block-buttons is-layout-flex wp-block-buttons-is-layout-flex\">\n<div class=\"wp-block-button\"><a class=\"wp-block-button__link wp-element-button\" href=\"https:\/\/drive.google.com\/drive\/folders\/1XZtQIYZ2qFJJDljBP5k0H1RINUyWEGFv?usp=sharing\" target=\"_blank\" rel=\"noreferrer noopener\">Saiba a sua nota no ENARE\/Enamed 2026<\/a><\/div>\n<\/div>\n\n\n\n<figure class=\"wp-block-image size-large\"><a href=\"https:\/\/www.grupomedcof.com.br\/cofletters\/\" target=\"_blank\" rel=\" noreferrer noopener\"><img loading=\"lazy\" decoding=\"async\" width=\"1024\" height=\"320\" src=\"https:\/\/www.grupomedcof.com.br\/blog\/wp-content\/uploads\/2025\/02\/Banner-MedCof-Plus-2200x460-11-1024x320.png\" alt=\"\" class=\"wp-image-33723\" srcset=\"https:\/\/www.grupomedcof.com.br\/blog\/wp-content\/uploads\/2025\/02\/Banner-MedCof-Plus-2200x460-11-1024x320.png 1024w, https:\/\/www.grupomedcof.com.br\/blog\/wp-content\/uploads\/2025\/02\/Banner-MedCof-Plus-2200x460-11-300x94.png 300w, https:\/\/www.grupomedcof.com.br\/blog\/wp-content\/uploads\/2025\/02\/Banner-MedCof-Plus-2200x460-11-768x240.png 768w, https:\/\/www.grupomedcof.com.br\/blog\/wp-content\/uploads\/2025\/02\/Banner-MedCof-Plus-2200x460-11-1536x480.png 1536w, https:\/\/www.grupomedcof.com.br\/blog\/wp-content\/uploads\/2025\/02\/Banner-MedCof-Plus-2200x460-11-2048x640.png 2048w, https:\/\/www.grupomedcof.com.br\/blog\/wp-content\/uploads\/2025\/02\/Banner-MedCof-Plus-2200x460-11-1343x420.png 1343w, https:\/\/www.grupomedcof.com.br\/blog\/wp-content\/uploads\/2025\/02\/Banner-MedCof-Plus-2200x460-11-150x47.png 150w, https:\/\/www.grupomedcof.com.br\/blog\/wp-content\/uploads\/2025\/02\/Banner-MedCof-Plus-2200x460-11-696x218.png 696w, https:\/\/www.grupomedcof.com.br\/blog\/wp-content\/uploads\/2025\/02\/Banner-MedCof-Plus-2200x460-11-1068x334.png 1068w, https:\/\/www.grupomedcof.com.br\/blog\/wp-content\/uploads\/2025\/02\/Banner-MedCof-Plus-2200x460-11-1920x600.png 1920w\" sizes=\"auto, (max-width: 1024px) 100vw, 1024px\" \/><\/a><\/figure>\n\n\n\n<h2 class=\"wp-block-heading\" id=\"h-nota-final-preliminar-enare-2026\"><span class=\"ez-toc-section\" id=\"Nota_Final_Preliminar_ENARE_2026\"><\/span><strong>Nota Final Preliminar ENARE 2026<\/strong><span class=\"ez-toc-section-end\"><\/span><\/h2>\n\n\n\n<p>Conforme cronograma proposto, o documento foi divulgado no dia 13 de janeiro de 2026. Ainda, a nota final receber\u00e1 <strong>recursos entre os dias 14 e 15 do mesmo m\u00eas<\/strong>. Veja a seguir:<\/p>\n\n\n\n<div class=\"wp-block-buttons is-layout-flex wp-block-buttons-is-layout-flex\">\n<div class=\"wp-block-button\"><a class=\"wp-block-button__link wp-element-button\" href=\"https:\/\/www.grupomedcof.com.br\/blog\/wp-content\/uploads\/2023\/12\/Nota-Final-Preliminar-ENARE-2026.pdf\" target=\"_blank\" rel=\"noreferrer noopener\">Nota Final Preliminar ENARE 2026<\/a><\/div>\n\n\n\n<div class=\"wp-block-button\"><a class=\"wp-block-button__link wp-element-button\" href=\"https:\/\/drive.google.com\/drive\/folders\/1XZtQIYZ2qFJJDljBP5k0H1RINUyWEGFv?usp=sharing\" target=\"_blank\" rel=\"noreferrer noopener\">Nota Final Preliminar Enamed 2026<\/a><\/div>\n<\/div>\n\n\n\n<p>Desse modo, a <strong>nota final p\u00f3s-recursos <\/strong>ser\u00e1 divulgada no dia<strong>21 de janeiro de 2026, <\/strong>quarta-feira, e a <strong>pontua\u00e7\u00e3o<\/strong> <strong>alcan\u00e7ada pelos candidatos poder\u00e1 ser utilizada<\/strong>&nbsp;para<strong>&nbsp;<\/strong><a href=\"https:\/\/www.grupomedcof.com.br\/blog\/o-que-e-enare\/\" target=\"_blank\" rel=\"noreferrer noopener\"><strong>escolher em qual institui\u00e7\u00e3o realizar\u00e3o a&nbsp;resid\u00eancia m\u00e9dica<\/strong>.<\/a><\/p>\n\n\n\n<h2 class=\"wp-block-heading\" id=\"h-nota-final-definitiva-enare-2026\"><span class=\"ez-toc-section\" id=\"Nota_Final_Definitiva_ENARE_2026\"><\/span><strong>Nota Final Definitiva ENARE 2026<\/strong><span class=\"ez-toc-section-end\"><\/span><\/h2>\n\n\n\n<p>A nota final definitiva do processo seletivo do ENARE\/Enamed 2025\/2026 est\u00e1 dispon\u00edvel desde o dia 21 de janeiro:<\/p>\n\n\n\n<div class=\"wp-block-buttons is-layout-flex wp-block-buttons-is-layout-flex\">\n<div class=\"wp-block-button\"><a class=\"wp-block-button__link wp-element-button\" href=\"https:\/\/enare2025-ebserh.conhecimento.fgv.br\/\" target=\"_blank\" rel=\"noreferrer noopener\">Nota Final ENARE<\/a><\/div>\n<\/div>\n\n\n\n<h2 class=\"wp-block-heading\" id=\"h-resultado-1\u00aa-oportunidade-de-escolha-de-vagas\"><span class=\"ez-toc-section\" id=\"Resultado_1a_oportunidade_de_escolha_de_vagas\"><\/span><strong>Resultado 1\u00aa oportunidade de escolha de vagas<\/strong><span class=\"ez-toc-section-end\"><\/span><\/h2>\n\n\n\n<p>A&nbsp;<strong>Empresa Brasileira de Servi\u00e7os Hospitalares (Ebserh)<\/strong>&nbsp;divulgou o resultado da <a href=\"https:\/\/www.grupomedcof.com.br\/blog\/wp-content\/uploads\/2026\/01\/EnareResultado1aOportunidadeEscolha_AcessoDireto.pdf\" target=\"_blank\" rel=\"noreferrer noopener\">primeira oportunidade de escolha de vagas<\/a>, que ocorreu entre os dias 22 e 23 de janeiro. <\/p>\n\n\n\n<p>O resultado, divulgado no dia 26, pode ser conferido a seguir:<\/p>\n\n\n\n<div class=\"wp-block-buttons is-layout-flex wp-block-buttons-is-layout-flex\">\n<div class=\"wp-block-button\"><a class=\"wp-block-button__link wp-element-button\" href=\"https:\/\/www.grupomedcof.com.br\/blog\/wp-content\/uploads\/2026\/01\/primeira-janela-medica_acesso.pdf\" target=\"_blank\" rel=\"noreferrer noopener\"><strong>1\u00aa oportunidade <\/strong>&#8211; Acesso Direto<\/a><\/div>\n\n\n\n<div class=\"wp-block-button\"><a class=\"wp-block-button__link wp-element-button\" href=\"https:\/\/www.grupomedcof.com.br\/blog\/wp-content\/uploads\/2026\/01\/primeira-janela-medica.pdf\" target=\"_blank\" rel=\"noreferrer noopener\"><strong>1\u00aa oportunidade <\/strong>&#8211; Pr\u00e9-Requisito<\/a><\/div>\n<\/div>\n\n\n\n<p>Os&nbsp;<strong>candidatos n\u00e3o selecionados<\/strong>&nbsp;na primeira oportunidade ainda poder\u00e3o participar da<strong>&nbsp;2\u00aa oportunidade,&nbsp;que ter\u00e1 in\u00edcio \u00e0s 0h do dia 27 de janeiro<\/strong>.<\/p>\n\n\n\n<div class=\"wp-block-buttons is-layout-flex wp-block-buttons-is-layout-flex\">\n<div class=\"wp-block-button\"><a class=\"wp-block-button__link wp-element-button\" href=\"https:\/\/www.grupomedcof.com.br\/blog\/o-que-e-enare\/#Passo_a_passo_da_escolha_da_instituicaovaga\" target=\"_blank\" rel=\"noreferrer noopener\">Saiba tudo sobre as escolhas de vagas do ENARE!<\/a><\/div>\n<\/div>\n\n\n\n<h2 class=\"wp-block-heading\" id=\"h-resultado-2\u00aa-oportunidade-de-escolha-de-vagas\"><span class=\"ez-toc-section\" id=\"Resultado_2a_oportunidade_de_escolha_de_vagas\"><\/span><strong>Resultado 2\u00aa oportunidade de escolha de vagas<\/strong><span class=\"ez-toc-section-end\"><\/span><\/h2>\n\n\n\n<p>A segunda oportunidade ocorreu no per\u00edodo de 27 e 28 de janeiro de 2026. Confira o resultado:<\/p>\n\n\n\n<div class=\"wp-block-buttons is-layout-flex wp-block-buttons-is-layout-flex\">\n<div class=\"wp-block-button\"><a class=\"wp-block-button__link wp-element-button\" href=\"https:\/\/www.grupomedcof.com.br\/blog\/wp-content\/uploads\/2026\/02\/2a-oportunidade-ENARE-2026.pdf\" target=\"_blank\" rel=\"noreferrer noopener\"><strong>2\u00aa oportunidade<\/strong> de escolha &#8211; Acesso Direto<\/a><\/div>\n\n\n\n<div class=\"wp-block-button\"><a class=\"wp-block-button__link wp-element-button\" href=\"https:\/\/www.grupomedcof.com.br\/blog\/wp-content\/uploads\/2026\/02\/2a-oportunidade-ENARE-PR-2026.pdf\" target=\"_blank\" rel=\"noreferrer noopener\"><strong>2\u00aa oportunidade<\/strong> de escolha &#8211; Pr\u00e9-Requisito<\/a><\/div>\n<\/div>\n\n\n\n<h2 class=\"wp-block-heading\" id=\"h-3\u00aa-oportunidade-de-escolha-das-vagas\"><span class=\"ez-toc-section\" id=\"3a_oportunidade_de_escolha_das_vagas\"><\/span><strong>3\u00aa oportunidade de escolha das vagas<\/strong><span class=\"ez-toc-section-end\"><\/span><\/h2>\n\n\n\n<p>Liberado pela Ebserh, o<strong>&nbsp;sistema informatizado para a 3\u00aa oportunidade de escolha de vagas&nbsp;<\/strong>j\u00e1 est\u00e1 dispon\u00edvel! Nesta etapa, podem participar os&nbsp;<strong>candidatos que ainda n\u00e3o foram selecionados nas duas primeiras oportunidades.<\/strong><\/p>\n\n\n\n<p>O per\u00edodo de escolha vai de&nbsp;<strong>02 a 03 de fevereiro de 2026<\/strong>, e o resultado com a classifica\u00e7\u00e3o final da 3\u00aa oportunidade,<strong>&nbsp;inclusive dos candidatos em cadastro de reserva<\/strong>, ser\u00e1 divulgado no dia&nbsp;<strong>05 de fevereiro de 2026.<\/strong><\/p>\n\n\n\n<div class=\"wp-block-buttons is-layout-flex wp-block-buttons-is-layout-flex\">\n<div class=\"wp-block-button\"><a class=\"wp-block-button__link wp-element-button\" href=\"https:\/\/enare-inscricao.conhecimento.fgv.br\/Login\/Index\" target=\"_blank\" rel=\"noreferrer noopener\">Acesse o sistema!<\/a><\/div>\n<\/div>\n\n\n\n<h2 class=\"wp-block-heading\" id=\"h-cronograma-escolha-de-vagas-enare-2025-2026\"><span class=\"ez-toc-section\" id=\"Cronograma_Escolha_de_vagas_%E2%80%93_Enare_20252026\"><\/span><strong>Cronograma Escolha de vagas \u2013 Enare 2025\/2026<\/strong><span class=\"ez-toc-section-end\"><\/span><\/h2>\n\n\n\n<p>Confira as&nbsp;<strong>datas para a etapa final<\/strong>&nbsp;do processo seletivo:<\/p>\n\n\n\n<figure class=\"wp-block-table\"><table class=\"has-fixed-layout\"><tbody><tr><td><strong>Nota final p\u00f3s-recursos e classifica\u00e7\u00e3o geral dos candidatos<\/strong><\/td><td>21\/01\/2026<\/td><\/tr><tr><td><strong>Escolha das vagas \u2013 1\u00aa oportunidade<\/strong><\/td><td>22 e 23\/01\/2026<\/td><\/tr><tr><td><strong>Resultado da 1\u00aa oportunidade<\/strong><\/td><td>26\/01\/2026<\/td><\/tr><tr><td><strong>Escolha das vagas \u2013 2\u00aa oportunidade<\/strong><\/td><td>27 e 28\/01\/2026<\/td><\/tr><tr><td><strong>Resultado da 2\u00aa oportunidade<\/strong><\/td><td>30\/01\/2026<\/td><\/tr><tr><td><strong>Escolha das vagas \u2013 3\u00aa oportunidade<\/strong><\/td><td>02 e 03\/02\/2026<\/td><\/tr><tr><td><strong>Resultado da 3\u00aa oportunidade<\/strong><\/td><td>05\/02\/2026<\/td><\/tr><tr><td><strong>Pr\u00e9-matr\u00edcula<\/strong><\/td><td>A partir de 06\/02\/2026<\/td><\/tr><tr><td><strong>Matr\u00edcula<\/strong><\/td><td>De 10\/02 a 31\/03\/2026<\/td><\/tr><\/tbody><\/table><\/figure>\n\n\n\n<div class=\"wp-block-buttons is-layout-flex wp-block-buttons-is-layout-flex\">\n<div class=\"wp-block-button\"><a class=\"wp-block-button__link wp-element-button\" href=\"https:\/\/www.grupomedcof.com.br\/blog\/o-que-e-enare\/\" target=\"_blank\" rel=\"noreferrer noopener\">Entenda como funciona a escolha de vagas<\/a><\/div>\n<\/div>\n\n\n\n<h2 class=\"wp-block-heading\" id=\"h-resultado-final-das-escolhas-de-vagas\"><span class=\"ez-toc-section\" id=\"Resultado_Final_das_escolhas_de_vagas\"><\/span><strong>Resultado Final das escolhas de vagas<\/strong><span class=\"ez-toc-section-end\"><\/span><\/h2>\n\n\n\n<p>A&nbsp;<strong>Empresa Brasileira de Servi\u00e7os Hospitalares (Ebserh)<\/strong> divulgou, no dia 05 de fevereiro, o&nbsp;<strong>resultado final das tr\u00eas oportunidades de escolha de vagas<\/strong>&nbsp;<strong>do<\/strong>&nbsp;<strong>Exame Nacional de Resid\u00eancia (ENARE)<\/strong>. Veja a seguir:<\/p>\n\n\n\n<div class=\"wp-block-buttons is-layout-flex wp-block-buttons-is-layout-flex\">\n<div class=\"wp-block-button\"><a class=\"wp-block-button__link wp-element-button\" href=\"https:\/\/storage.googleapis.com\/website-enare-2025\/assets\/docs\/cand-med-ad\/terceira-janela-medica_acesso.pdf\" target=\"_blank\" rel=\"noreferrer noopener\">Resultado Final Escolha de Vagas Acesso Direto<\/a><\/div>\n\n\n\n<div class=\"wp-block-button\"><a class=\"wp-block-button__link wp-element-button\" href=\"https:\/\/www.grupomedcof.com.br\/blog\/wp-content\/uploads\/2026\/02\/Resultado-Escolha-de-vagas-ENARE-PR-2026.pdf\" target=\"_blank\" rel=\"noreferrer noopener\">Resultado Final Escolha de Vagas Pr\u00e9-Requisito<\/a><\/div>\n<\/div>\n\n\n\n<h2 class=\"wp-block-heading\" id=\"h-como-e-feita-a-matricula-dos-aprovados-enare\"><span class=\"ez-toc-section\" id=\"Como_e_feita_a_matricula_dos_aprovados_ENARE\"><\/span><strong>Como \u00e9 feita a matr\u00edcula dos aprovados ENARE?<\/strong><span class=\"ez-toc-section-end\"><\/span><\/h2>\n\n\n\n<p>Assim que o candidato \u00e9 convocado para alguma das <strong>listas de chamadas<\/strong> (estas podendo ser mais de uma) ele est\u00e1 apto a realizar a matr\u00edcula em uma institui\u00e7\u00e3o desejada e que sua nota alcance o percentual necess\u00e1rio para esta organiza\u00e7\u00e3o e, caso este n\u00e3o atinja o valor desej\u00e1vel, pode haver a escolha de outra entidade para realizar o programa.<\/p>\n\n\n\n<p>Ao atingir uma classifica\u00e7\u00e3o que enquadre o participante como aprovado, este deve atender aos <strong>requisitos que cada institui\u00e7\u00e3o estabelece<\/strong> para o in\u00edcio no programa ofertado. Vale lembrar que \u00e9 poss\u00edvel escolher somente uma institui\u00e7\u00e3o por vez, por\u00e9m o candidato pode alterar a organiza\u00e7\u00e3o desejada atrav\u00e9s do sistema do <strong>ENARE<\/strong>.<\/p>\n\n\n\n<p>O per\u00edodo para a realiza\u00e7\u00e3o da matr\u00edcula pode variar de acordo com cada organiza\u00e7\u00e3o, sendo assim, o profissional aprovado deve conferir o prazo para fazer a inscri\u00e7\u00e3o no programa desejado.<\/p>\n\n\n\n<h2 class=\"wp-block-heading\" id=\"h-resultado-das-edicoes-anteriores\"><span class=\"ez-toc-section\" id=\"Resultado_das_edicoes_anteriores\"><\/span><strong>Resultado das edi\u00e7\u00f5es anteriores<\/strong><span class=\"ez-toc-section-end\"><\/span><\/h2>\n\n\n\n<p>Mesmo com a mudan\u00e7a na banca de aplica\u00e7\u00e3o da prova do <a href=\"https:\/\/www.grupomedcof.com.br\/blog\/notas-de-corte-enare\/\"><strong>ENARE <\/strong><\/a><strong>2024\/2025<\/strong> \u2013 quem estar\u00e1 respons\u00e1vel ser\u00e1 a <strong>Funda\u00e7\u00e3o Get\u00falio Vargas (FGV)<\/strong> \u2013 o m\u00e9todo de divulga\u00e7\u00e3o dos resultados continuar\u00e1 o mesmo de edi\u00e7\u00f5es anteriores, mantendo uma mesma periodiza\u00e7\u00e3o na publica\u00e7\u00e3o dos gabaritos, classifica\u00e7\u00f5es e listas de chamadas.<\/p>\n\n\n\n<p>Confira abaixo como foi a divulga\u00e7\u00e3o dos anos anteriores:<\/p>\n\n\n\n<h3 class=\"wp-block-heading\"><span class=\"ez-toc-section\" id=\"ENARE_20232024\"><\/span><strong>ENARE 2023\/2024<\/strong><span class=\"ez-toc-section-end\"><\/span><\/h3>\n\n\n\n<p>Na edi\u00e7\u00e3o do Enare para ingresso em 2024, os candidatos puderam se inscrever entre os dias 23 de agosto e 19 de setembro de 2023. Assim, a primeira fase, a prova objetiva, foi aplicada em 29 de outubro de 2023. J\u00e1 para a an\u00e1lise curricular, os candidatos puderam enviar os documentos entre os dias 23 de agosto e 22 de setembro de 2023.&nbsp;<\/p>\n\n\n\n<h3 class=\"wp-block-heading\"><span class=\"ez-toc-section\" id=\"ENARE_20222023\"><\/span><strong>ENARE 2022\/2023<\/strong><span class=\"ez-toc-section-end\"><\/span><\/h3>\n\n\n\n<p>Para a entrada em programas de resid\u00eancia m\u00e9dica, com<strong> in\u00edcio em 2023<\/strong>, foram ofertadas mais de <strong>2.000 vagas<\/strong> para<strong> 77 institui\u00e7\u00f5es<\/strong> diferentes. Os candidatos realizaram a prova objetiva no dia <strong>06 de novembro de 2022<\/strong>, sendo poss\u00edvel acessar o gabarito da prova em um momento mais tarde daquele mesmo dia.<\/p>\n\n\n\n<p>No dia <strong>27 de dezembro de 2022<\/strong> foram divulgadas as notas finais. A classifica\u00e7\u00e3o dos participantes foi apresentada no dia <strong>09 de janeiro de 2023<\/strong>, logo, estes puderam conferir a lista com as primeiras oportunidades escolhidas.<\/p>\n\n\n\n<h3 class=\"wp-block-heading\"><span class=\"ez-toc-section\" id=\"ENARE_20212022\"><\/span><strong>ENARE 2021\/2022<\/strong><span class=\"ez-toc-section-end\"><\/span><\/h3>\n\n\n\n<p>Entre os dias <strong>20 de outubro a 10 de novembro de 2021 <\/strong>os candidatos realizaram as inscri\u00e7\u00f5es, assim como o envio dos documentos necess\u00e1rios para a <a href=\"https:\/\/www.grupomedcof.com.br\/blog\/como-e-a-analise-curricular-de-residencia-medica-do-enare\/\">an\u00e1lise curricular<\/a>. Somente no dia <strong>12 de dezembro de 2021<\/strong> foi aplicada a primeira etapa da avalia\u00e7\u00e3o, a prova objetiva.&nbsp;<\/p>\n\n\n\n<p>No final de janeiro de 2022, mais especificamente no dia 24, foi divulgado o resultado do exame escrito, enquanto no dia <strong>02 de fevereiro de 2022<\/strong> foram publicadas as notas referentes \u00e0s an\u00e1lises curriculares. Do dia seguinte, 03\/02 a 07\/02 foi estimado o per\u00edodo de escolha para a admiss\u00e3o da primeira oportunidade.<\/p>\n\n\n\n<h2 class=\"wp-block-heading\" id=\"h-quando-sai-o-resultado-do-enare-2025-2026\"><span class=\"ez-toc-section\" id=\"Quando_sai_o_resultado_do_ENARE_20252026\"><\/span><strong>Quando sai o resultado do ENARE 2025\/2026?<\/strong><span class=\"ez-toc-section-end\"><\/span><\/h2>\n\n\n\n<p>Conforme mencionado, a nota final preliminar saiu em 13 de janeiro de 2026. Em seguida, a <strong>nota definitiva <\/strong>ser\u00e1 divulgada em <strong>21 de janeiro<\/strong>, com a primeira oportunidade de escolha ocorrendo em 22 e 23 do mesmo m\u00eas.<\/p>\n\n\n\n<h2 class=\"wp-block-heading\" id=\"seja-um-medcofer\"><span class=\"ez-toc-section\" id=\"Seja_um_MedCofer\"><\/span><strong>Seja um MedCofer!<\/strong><span class=\"ez-toc-section-end\"><\/span><\/h2>\n\n\n\n<p>Quer alcan\u00e7ar a aprova\u00e7\u00e3o nas provas de resid\u00eancia m\u00e9dica? Ent\u00e3o seja um&nbsp;<a href=\"https:\/\/www.grupomedcof.com.br\/home\/\"><strong>MedCofer<\/strong><\/a>! Aqui te ajudaremos na busca da aprova\u00e7\u00e3o com conte\u00fados de qualidade e uma metodologia que j\u00e1 aprovou mais de 35 mil residentes no pa\u00eds! Por fim, acesse o nosso<a href=\"https:\/\/www.youtube.com\/@GrupoMedcof\/featured\">&nbsp;<strong>canal do youtube&nbsp;<\/strong><\/a>para ver o nosso material.<\/p>\n\n\n\n<figure class=\"wp-block-embed is-type-video is-provider-youtube wp-block-embed-youtube wp-embed-aspect-16-9 wp-has-aspect-ratio\"><div class=\"wp-block-embed__wrapper\">\n<div class=\"youtube-embed\" data-video_id=\"b77a3k14lEY\"><iframe loading=\"lazy\" title=\"Onboarding #01 | Boas Vindas\" width=\"696\" height=\"392\" src=\"https:\/\/www.youtube.com\/embed\/b77a3k14lEY?feature=oembed&#038;enablejsapi=1\" frameborder=\"0\" allow=\"accelerometer; autoplay; clipboard-write; encrypted-media; gyroscope; picture-in-picture; web-share\" referrerpolicy=\"strict-origin-when-cross-origin\" allowfullscreen><\/iframe><\/div>\n<\/div><\/figure>\n","protected":false},"excerpt":{"rendered":"<p>Confira o resultado preliminar do ENARE\/Enamed, al\u00e9m todas as informa\u00e7\u00f5es oficiais divulgadas. Acesse agora e saiba as notas e outras informa\u00e7\u00f5es!<\/p>\n","protected":false},"author":20,"featured_media":29550,"comment_status":"open","ping_status":"open","sticky":false,"template":"","format":"standard","meta":{"footnotes":""},"categories":[287,174],"tags":[2845,29,1313,68],"ppma_author":[3616],"class_list":{"0":"post-29549","1":"post","2":"type-post","3":"status-publish","4":"format-standard","5":"has-post-thumbnail","7":"category-destaques-medcof","8":"category-residencia-medica","9":"tag-enamed","10":"tag-enare","11":"tag-exame","12":"tag-residencia-medica"},"yoast_head":"<!-- This site is optimized with the Yoast SEO Premium plugin v24.3 (Yoast SEO v27.4) - https:\/\/yoast.com\/product\/yoast-seo-premium-wordpress\/ -->\n<title>Enare 2025\/2026: Veja resultado definitivo da prova de resid\u00eancia<\/title>\n<meta name=\"description\" content=\"Confira o resultado preliminar do ENARE\/Enamed, al\u00e9m todas as informa\u00e7\u00f5es oficiais divulgadas. Acesse agora e saiba as notas e outras informa\u00e7\u00f5es!\" \/>\n<meta name=\"robots\" content=\"index, follow, max-snippet:-1, max-image-preview:large, max-video-preview:-1\" \/>\n<link rel=\"canonical\" href=\"https:\/\/www.grupomedcof.com.br\/blog\/resultado-enare\/\" \/>\n<meta property=\"og:locale\" content=\"pt_BR\" \/>\n<meta property=\"og:type\" content=\"article\" \/>\n<meta property=\"og:title\" content=\"Resid\u00eancia M\u00e9dica ENARE\/Enamed 2025\/2026: confira o resultado final das escolhas de vagas!\" \/>\n<meta property=\"og:description\" content=\"Confira o resultado preliminar do ENARE\/Enamed, al\u00e9m todas as informa\u00e7\u00f5es oficiais divulgadas. Acesse agora e saiba as notas e outras informa\u00e7\u00f5es!\" \/>\n<meta property=\"og:url\" content=\"https:\/\/www.grupomedcof.com.br\/blog\/resultado-enare\/\" \/>\n<meta property=\"og:site_name\" content=\"Blog de Medcof: conte\u00fados, editais, revalida e mais!\" \/>\n<meta property=\"article:publisher\" content=\"https:\/\/www.facebook.com\/MedCofQbank\/\" \/>\n<meta property=\"article:published_time\" content=\"2026-02-06T11:06:50+00:00\" \/>\n<meta property=\"article:modified_time\" content=\"2026-04-27T19:28:03+00:00\" \/>\n<meta property=\"og:image\" content=\"https:\/\/www.grupomedcof.com.br\/blog\/wp-content\/uploads\/2024\/09\/Modelo-instituicoes-29-scaled.jpg\" \/>\n\t<meta property=\"og:image:width\" content=\"2560\" \/>\n\t<meta property=\"og:image:height\" content=\"1440\" \/>\n\t<meta property=\"og:image:type\" content=\"image\/jpeg\" \/>\n<meta name=\"author\" content=\"Leila Menzel\" \/>\n<meta name=\"twitter:card\" content=\"summary_large_image\" \/>\n<meta name=\"twitter:label1\" content=\"Escrito por\" \/>\n\t<meta name=\"twitter:data1\" content=\"Leila Menzel\" \/>\n\t<meta name=\"twitter:label2\" content=\"Est. tempo de leitura\" \/>\n\t<meta name=\"twitter:data2\" content=\"8 minutos\" \/>\n<script type=\"application\/ld+json\" class=\"yoast-schema-graph\">{\"@context\":\"https:\\\/\\\/schema.org\",\"@graph\":[{\"@type\":\"Article\",\"@id\":\"https:\\\/\\\/www.grupomedcof.com.br\\\/blog\\\/resultado-enare\\\/#article\",\"isPartOf\":{\"@id\":\"https:\\\/\\\/www.grupomedcof.com.br\\\/blog\\\/resultado-enare\\\/\"},\"author\":{\"name\":\"Leila Menzel\",\"@id\":\"https:\\\/\\\/www.grupomedcof.com.br\\\/blog\\\/#\\\/schema\\\/person\\\/9a44c2184a836bf5ae6967fdb3a1451e\"},\"headline\":\"Resid\u00eancia M\u00e9dica ENARE\\\/Enamed 2025\\\/2026: confira o resultado final das escolhas de vagas!\",\"datePublished\":\"2026-02-06T11:06:50+00:00\",\"dateModified\":\"2026-04-27T19:28:03+00:00\",\"mainEntityOfPage\":{\"@id\":\"https:\\\/\\\/www.grupomedcof.com.br\\\/blog\\\/resultado-enare\\\/\"},\"wordCount\":1202,\"commentCount\":0,\"publisher\":{\"@id\":\"https:\\\/\\\/www.grupomedcof.com.br\\\/blog\\\/#organization\"},\"image\":{\"@id\":\"https:\\\/\\\/www.grupomedcof.com.br\\\/blog\\\/resultado-enare\\\/#primaryimage\"},\"thumbnailUrl\":\"https:\\\/\\\/www.grupomedcof.com.br\\\/blog\\\/wp-content\\\/uploads\\\/2024\\\/09\\\/Modelo-instituicoes-29-scaled.jpg\",\"keywords\":[\"ENAMED\",\"ENARE\",\"exame\",\"Resid\u00eancia M\u00e9dica\"],\"articleSection\":[\"Destaques MedCof\",\"Resid\u00eancia m\u00e9dica: editais, resultados, temas quentes e mais\"],\"inLanguage\":\"pt-BR\"},{\"@type\":\"WebPage\",\"@id\":\"https:\\\/\\\/www.grupomedcof.com.br\\\/blog\\\/resultado-enare\\\/\",\"url\":\"https:\\\/\\\/www.grupomedcof.com.br\\\/blog\\\/resultado-enare\\\/\",\"name\":\"Enare 2025\\\/2026: Veja resultado definitivo da prova de resid\u00eancia\",\"isPartOf\":{\"@id\":\"https:\\\/\\\/www.grupomedcof.com.br\\\/blog\\\/#website\"},\"primaryImageOfPage\":{\"@id\":\"https:\\\/\\\/www.grupomedcof.com.br\\\/blog\\\/resultado-enare\\\/#primaryimage\"},\"image\":{\"@id\":\"https:\\\/\\\/www.grupomedcof.com.br\\\/blog\\\/resultado-enare\\\/#primaryimage\"},\"thumbnailUrl\":\"https:\\\/\\\/www.grupomedcof.com.br\\\/blog\\\/wp-content\\\/uploads\\\/2024\\\/09\\\/Modelo-instituicoes-29-scaled.jpg\",\"datePublished\":\"2026-02-06T11:06:50+00:00\",\"dateModified\":\"2026-04-27T19:28:03+00:00\",\"description\":\"Confira o resultado preliminar do ENARE\\\/Enamed, al\u00e9m todas as informa\u00e7\u00f5es oficiais divulgadas. Acesse agora e saiba as notas e outras informa\u00e7\u00f5es!\",\"breadcrumb\":{\"@id\":\"https:\\\/\\\/www.grupomedcof.com.br\\\/blog\\\/resultado-enare\\\/#breadcrumb\"},\"inLanguage\":\"pt-BR\",\"potentialAction\":[{\"@type\":\"ReadAction\",\"target\":[\"https:\\\/\\\/www.grupomedcof.com.br\\\/blog\\\/resultado-enare\\\/\"]}]},{\"@type\":\"ImageObject\",\"inLanguage\":\"pt-BR\",\"@id\":\"https:\\\/\\\/www.grupomedcof.com.br\\\/blog\\\/resultado-enare\\\/#primaryimage\",\"url\":\"https:\\\/\\\/www.grupomedcof.com.br\\\/blog\\\/wp-content\\\/uploads\\\/2024\\\/09\\\/Modelo-instituicoes-29-scaled.jpg\",\"contentUrl\":\"https:\\\/\\\/www.grupomedcof.com.br\\\/blog\\\/wp-content\\\/uploads\\\/2024\\\/09\\\/Modelo-instituicoes-29-scaled.jpg\",\"width\":2560,\"height\":1440,\"caption\":\"logo escrito \\\"ENARE Exame Nacional de Resid\u00eancia EBSERH\\\"\"},{\"@type\":\"BreadcrumbList\",\"@id\":\"https:\\\/\\\/www.grupomedcof.com.br\\\/blog\\\/resultado-enare\\\/#breadcrumb\",\"itemListElement\":[{\"@type\":\"ListItem\",\"position\":1,\"name\":\"In\u00edcio\",\"item\":\"https:\\\/\\\/www.grupomedcof.com.br\\\/blog\\\/\"},{\"@type\":\"ListItem\",\"position\":2,\"name\":\"Resid\u00eancia M\u00e9dica ENARE\\\/Enamed 2025\\\/2026: confira o resultado final das escolhas de vagas!\"}]},{\"@type\":\"WebSite\",\"@id\":\"https:\\\/\\\/www.grupomedcof.com.br\\\/blog\\\/#website\",\"url\":\"https:\\\/\\\/www.grupomedcof.com.br\\\/blog\\\/\",\"name\":\"Blog de Medcof: conte\u00fados, editais, revalida e mais!\",\"description\":\"Acesso o blog de MedCof! Seu portal de conte\u00fados sobre resid\u00eancia m\u00e9dica, an\u00e1lise e editais e muito mais. Clique e confira!\",\"publisher\":{\"@id\":\"https:\\\/\\\/www.grupomedcof.com.br\\\/blog\\\/#organization\"},\"alternateName\":\"Blog de Medcof: conte\u00fados, editais, revalida e mais!\",\"potentialAction\":[{\"@type\":\"SearchAction\",\"target\":{\"@type\":\"EntryPoint\",\"urlTemplate\":\"https:\\\/\\\/www.grupomedcof.com.br\\\/blog\\\/?s={search_term_string}\"},\"query-input\":{\"@type\":\"PropertyValueSpecification\",\"valueRequired\":true,\"valueName\":\"search_term_string\"}}],\"inLanguage\":\"pt-BR\"},{\"@type\":\"Organization\",\"@id\":\"https:\\\/\\\/www.grupomedcof.com.br\\\/blog\\\/#organization\",\"name\":\"Grupo MedCof\",\"url\":\"https:\\\/\\\/www.grupomedcof.com.br\\\/blog\\\/\",\"logo\":{\"@type\":\"ImageObject\",\"inLanguage\":\"pt-BR\",\"@id\":\"https:\\\/\\\/www.grupomedcof.com.br\\\/blog\\\/#\\\/schema\\\/logo\\\/image\\\/\",\"url\":\"https:\\\/\\\/www.grupomedcof.com.br\\\/blog\\\/wp-content\\\/uploads\\\/2022\\\/01\\\/logo-medcof.png\",\"contentUrl\":\"https:\\\/\\\/www.grupomedcof.com.br\\\/blog\\\/wp-content\\\/uploads\\\/2022\\\/01\\\/logo-medcof.png\",\"width\":768,\"height\":269,\"caption\":\"Grupo MedCof\"},\"image\":{\"@id\":\"https:\\\/\\\/www.grupomedcof.com.br\\\/blog\\\/#\\\/schema\\\/logo\\\/image\\\/\"},\"sameAs\":[\"https:\\\/\\\/www.facebook.com\\\/MedCofQbank\\\/\",\"https:\\\/\\\/www.instagram.com\\\/grupomedcof\\\/\",\"https:\\\/\\\/br.linkedin.com\\\/company\\\/medcof\",\"https:\\\/\\\/www.youtube.com\\\/channel\\\/UCdHMuOHKICxcHwecxN8P-AA\"]},{\"@type\":\"Person\",\"@id\":\"https:\\\/\\\/www.grupomedcof.com.br\\\/blog\\\/#\\\/schema\\\/person\\\/9a44c2184a836bf5ae6967fdb3a1451e\",\"name\":\"Leila Menzel\",\"image\":{\"@type\":\"ImageObject\",\"inLanguage\":\"pt-BR\",\"@id\":\"https:\\\/\\\/www.grupomedcof.com.br\\\/blog\\\/wp-content\\\/uploads\\\/2025\\\/09\\\/cropped-eu-96x96.jpeg19a74936d997c0a8b3031618467fa1d0\",\"url\":\"https:\\\/\\\/www.grupomedcof.com.br\\\/blog\\\/wp-content\\\/uploads\\\/2025\\\/09\\\/cropped-eu-96x96.jpeg\",\"contentUrl\":\"https:\\\/\\\/www.grupomedcof.com.br\\\/blog\\\/wp-content\\\/uploads\\\/2025\\\/09\\\/cropped-eu-96x96.jpeg\",\"caption\":\"Leila Menzel\"},\"description\":\"Estudante do 6\u00b0 semestre de jornalismo, amo e escrevo poesias e viajo em livros de romances clich\u00eas.\",\"url\":\"https:\\\/\\\/www.grupomedcof.com.br\\\/blog\\\/author\\\/leila-menzel\\\/\"}]}<\/script>\n<!-- \/ Yoast SEO Premium plugin. -->","yoast_head_json":{"title":"Enare 2025\/2026: Veja resultado definitivo da prova de resid\u00eancia","description":"Confira o resultado preliminar do ENARE\/Enamed, al\u00e9m todas as informa\u00e7\u00f5es oficiais divulgadas. Acesse agora e saiba as notas e outras informa\u00e7\u00f5es!","robots":{"index":"index","follow":"follow","max-snippet":"max-snippet:-1","max-image-preview":"max-image-preview:large","max-video-preview":"max-video-preview:-1"},"canonical":"https:\/\/www.grupomedcof.com.br\/blog\/resultado-enare\/","og_locale":"pt_BR","og_type":"article","og_title":"Resid\u00eancia M\u00e9dica ENARE\/Enamed 2025\/2026: confira o resultado final das escolhas de vagas!","og_description":"Confira o resultado preliminar do ENARE\/Enamed, al\u00e9m todas as informa\u00e7\u00f5es oficiais divulgadas. Acesse agora e saiba as notas e outras informa\u00e7\u00f5es!","og_url":"https:\/\/www.grupomedcof.com.br\/blog\/resultado-enare\/","og_site_name":"Blog de Medcof: conte\u00fados, editais, revalida e mais!","article_publisher":"https:\/\/www.facebook.com\/MedCofQbank\/","article_published_time":"2026-02-06T11:06:50+00:00","article_modified_time":"2026-04-27T19:28:03+00:00","og_image":[{"width":2560,"height":1440,"url":"https:\/\/www.grupomedcof.com.br\/blog\/wp-content\/uploads\/2024\/09\/Modelo-instituicoes-29-scaled.jpg","type":"image\/jpeg"}],"author":"Leila Menzel","twitter_card":"summary_large_image","twitter_misc":{"Escrito por":"Leila Menzel","Est. tempo de leitura":"8 minutos"},"schema":{"@context":"https:\/\/schema.org","@graph":[{"@type":"Article","@id":"https:\/\/www.grupomedcof.com.br\/blog\/resultado-enare\/#article","isPartOf":{"@id":"https:\/\/www.grupomedcof.com.br\/blog\/resultado-enare\/"},"author":{"name":"Leila Menzel","@id":"https:\/\/www.grupomedcof.com.br\/blog\/#\/schema\/person\/9a44c2184a836bf5ae6967fdb3a1451e"},"headline":"Resid\u00eancia M\u00e9dica ENARE\/Enamed 2025\/2026: confira o resultado final das escolhas de vagas!","datePublished":"2026-02-06T11:06:50+00:00","dateModified":"2026-04-27T19:28:03+00:00","mainEntityOfPage":{"@id":"https:\/\/www.grupomedcof.com.br\/blog\/resultado-enare\/"},"wordCount":1202,"commentCount":0,"publisher":{"@id":"https:\/\/www.grupomedcof.com.br\/blog\/#organization"},"image":{"@id":"https:\/\/www.grupomedcof.com.br\/blog\/resultado-enare\/#primaryimage"},"thumbnailUrl":"https:\/\/www.grupomedcof.com.br\/blog\/wp-content\/uploads\/2024\/09\/Modelo-instituicoes-29-scaled.jpg","keywords":["ENAMED","ENARE","exame","Resid\u00eancia M\u00e9dica"],"articleSection":["Destaques MedCof","Resid\u00eancia m\u00e9dica: editais, resultados, temas quentes e mais"],"inLanguage":"pt-BR"},{"@type":"WebPage","@id":"https:\/\/www.grupomedcof.com.br\/blog\/resultado-enare\/","url":"https:\/\/www.grupomedcof.com.br\/blog\/resultado-enare\/","name":"Enare 2025\/2026: Veja resultado definitivo da prova de resid\u00eancia","isPartOf":{"@id":"https:\/\/www.grupomedcof.com.br\/blog\/#website"},"primaryImageOfPage":{"@id":"https:\/\/www.grupomedcof.com.br\/blog\/resultado-enare\/#primaryimage"},"image":{"@id":"https:\/\/www.grupomedcof.com.br\/blog\/resultado-enare\/#primaryimage"},"thumbnailUrl":"https:\/\/www.grupomedcof.com.br\/blog\/wp-content\/uploads\/2024\/09\/Modelo-instituicoes-29-scaled.jpg","datePublished":"2026-02-06T11:06:50+00:00","dateModified":"2026-04-27T19:28:03+00:00","description":"Confira o resultado preliminar do ENARE\/Enamed, al\u00e9m todas as informa\u00e7\u00f5es oficiais divulgadas. Acesse agora e saiba as notas e outras informa\u00e7\u00f5es!","breadcrumb":{"@id":"https:\/\/www.grupomedcof.com.br\/blog\/resultado-enare\/#breadcrumb"},"inLanguage":"pt-BR","potentialAction":[{"@type":"ReadAction","target":["https:\/\/www.grupomedcof.com.br\/blog\/resultado-enare\/"]}]},{"@type":"ImageObject","inLanguage":"pt-BR","@id":"https:\/\/www.grupomedcof.com.br\/blog\/resultado-enare\/#primaryimage","url":"https:\/\/www.grupomedcof.com.br\/blog\/wp-content\/uploads\/2024\/09\/Modelo-instituicoes-29-scaled.jpg","contentUrl":"https:\/\/www.grupomedcof.com.br\/blog\/wp-content\/uploads\/2024\/09\/Modelo-instituicoes-29-scaled.jpg","width":2560,"height":1440,"caption":"logo escrito \"ENARE Exame Nacional de Resid\u00eancia EBSERH\""},{"@type":"BreadcrumbList","@id":"https:\/\/www.grupomedcof.com.br\/blog\/resultado-enare\/#breadcrumb","itemListElement":[{"@type":"ListItem","position":1,"name":"In\u00edcio","item":"https:\/\/www.grupomedcof.com.br\/blog\/"},{"@type":"ListItem","position":2,"name":"Resid\u00eancia M\u00e9dica ENARE\/Enamed 2025\/2026: confira o resultado final das escolhas de vagas!"}]},{"@type":"WebSite","@id":"https:\/\/www.grupomedcof.com.br\/blog\/#website","url":"https:\/\/www.grupomedcof.com.br\/blog\/","name":"Blog de Medcof: conte\u00fados, editais, revalida e mais!","description":"Acesso o blog de MedCof! Seu portal de conte\u00fados sobre resid\u00eancia m\u00e9dica, an\u00e1lise e editais e muito mais. Clique e confira!","publisher":{"@id":"https:\/\/www.grupomedcof.com.br\/blog\/#organization"},"alternateName":"Blog de Medcof: conte\u00fados, editais, revalida e mais!","potentialAction":[{"@type":"SearchAction","target":{"@type":"EntryPoint","urlTemplate":"https:\/\/www.grupomedcof.com.br\/blog\/?s={search_term_string}"},"query-input":{"@type":"PropertyValueSpecification","valueRequired":true,"valueName":"search_term_string"}}],"inLanguage":"pt-BR"},{"@type":"Organization","@id":"https:\/\/www.grupomedcof.com.br\/blog\/#organization","name":"Grupo MedCof","url":"https:\/\/www.grupomedcof.com.br\/blog\/","logo":{"@type":"ImageObject","inLanguage":"pt-BR","@id":"https:\/\/www.grupomedcof.com.br\/blog\/#\/schema\/logo\/image\/","url":"https:\/\/www.grupomedcof.com.br\/blog\/wp-content\/uploads\/2022\/01\/logo-medcof.png","contentUrl":"https:\/\/www.grupomedcof.com.br\/blog\/wp-content\/uploads\/2022\/01\/logo-medcof.png","width":768,"height":269,"caption":"Grupo MedCof"},"image":{"@id":"https:\/\/www.grupomedcof.com.br\/blog\/#\/schema\/logo\/image\/"},"sameAs":["https:\/\/www.facebook.com\/MedCofQbank\/","https:\/\/www.instagram.com\/grupomedcof\/","https:\/\/br.linkedin.com\/company\/medcof","https:\/\/www.youtube.com\/channel\/UCdHMuOHKICxcHwecxN8P-AA"]},{"@type":"Person","@id":"https:\/\/www.grupomedcof.com.br\/blog\/#\/schema\/person\/9a44c2184a836bf5ae6967fdb3a1451e","name":"Leila Menzel","image":{"@type":"ImageObject","inLanguage":"pt-BR","@id":"https:\/\/www.grupomedcof.com.br\/blog\/wp-content\/uploads\/2025\/09\/cropped-eu-96x96.jpeg19a74936d997c0a8b3031618467fa1d0","url":"https:\/\/www.grupomedcof.com.br\/blog\/wp-content\/uploads\/2025\/09\/cropped-eu-96x96.jpeg","contentUrl":"https:\/\/www.grupomedcof.com.br\/blog\/wp-content\/uploads\/2025\/09\/cropped-eu-96x96.jpeg","caption":"Leila Menzel"},"description":"Estudante do 6\u00b0 semestre de jornalismo, amo e escrevo poesias e viajo em livros de romances clich\u00eas.","url":"https:\/\/www.grupomedcof.com.br\/blog\/author\/leila-menzel\/"}]}},"authors":[{"term_id":3616,"user_id":20,"is_guest":0,"slug":"leila-menzel","display_name":"Leila Menzel","avatar_url":"https:\/\/www.grupomedcof.com.br\/blog\/wp-content\/uploads\/2025\/09\/cropped-eu-96x96.jpeg","0":null,"1":"","2":"","3":"","4":"","5":"","6":"","7":"","8":""}],"_links":{"self":[{"href":"https:\/\/www.grupomedcof.com.br\/blog\/wp-json\/wp\/v2\/posts\/29549","targetHints":{"allow":["GET"]}}],"collection":[{"href":"https:\/\/www.grupomedcof.com.br\/blog\/wp-json\/wp\/v2\/posts"}],"about":[{"href":"https:\/\/www.grupomedcof.com.br\/blog\/wp-json\/wp\/v2\/types\/post"}],"author":[{"embeddable":true,"href":"https:\/\/www.grupomedcof.com.br\/blog\/wp-json\/wp\/v2\/users\/20"}],"replies":[{"embeddable":true,"href":"https:\/\/www.grupomedcof.com.br\/blog\/wp-json\/wp\/v2\/comments?post=29549"}],"version-history":[{"count":17,"href":"https:\/\/www.grupomedcof.com.br\/blog\/wp-json\/wp\/v2\/posts\/29549\/revisions"}],"predecessor-version":[{"id":43667,"href":"https:\/\/www.grupomedcof.com.br\/blog\/wp-json\/wp\/v2\/posts\/29549\/revisions\/43667"}],"wp:featuredmedia":[{"embeddable":true,"href":"https:\/\/www.grupomedcof.com.br\/blog\/wp-json\/wp\/v2\/media\/29550"}],"wp:attachment":[{"href":"https:\/\/www.grupomedcof.com.br\/blog\/wp-json\/wp\/v2\/media?parent=29549"}],"wp:term":[{"taxonomy":"category","embeddable":true,"href":"https:\/\/www.grupomedcof.com.br\/blog\/wp-json\/wp\/v2\/categories?post=29549"},{"taxonomy":"post_tag","embeddable":true,"href":"https:\/\/www.grupomedcof.com.br\/blog\/wp-json\/wp\/v2\/tags?post=29549"},{"taxonomy":"author","embeddable":true,"href":"https:\/\/www.grupomedcof.com.br\/blog\/wp-json\/wp\/v2\/ppma_author?post=29549"}],"curies":[{"name":"wp","href":"https:\/\/api.w.org\/{rel}","templated":true}]}}