{"id":29556,"date":"2024-09-08T10:34:23","date_gmt":"2024-09-08T13:34:23","guid":{"rendered":"https:\/\/www.grupomedcof.com.br\/blog\/?p=29556"},"modified":"2024-09-06T10:43:17","modified_gmt":"2024-09-06T13:43:17","slug":"saiba-como-responder-questoes-sobre-porfirias","status":"publish","type":"post","link":"https:\/\/www.grupomedcof.com.br\/blog\/saiba-como-responder-questoes-sobre-porfirias\/","title":{"rendered":"Saiba como responder quest\u00f5es sobre Porfirias"},"content":{"rendered":"<div id=\"ez-toc-container\" class=\"ez-toc-v2_0_74 counter-hierarchy ez-toc-counter ez-toc-transparent ez-toc-container-direction\">\n<div class=\"ez-toc-title-container\">\n<p class=\"ez-toc-title\" style=\"cursor:inherit\">Sum\u00e1rio<\/p>\n<span class=\"ez-toc-title-toggle\"><a href=\"#\" class=\"ez-toc-pull-right ez-toc-btn ez-toc-btn-xs ez-toc-btn-default ez-toc-toggle\" aria-label=\"Alternar tabela de conte\u00fado\"><span class=\"ez-toc-js-icon-con\"><span class=\"\"><span class=\"eztoc-hide\" style=\"display:none;\">Toggle<\/span><span class=\"ez-toc-icon-toggle-span\"><svg style=\"fill: #999;color:#999\" xmlns=\"http:\/\/www.w3.org\/2000\/svg\" class=\"list-377408\" width=\"20px\" height=\"20px\" viewBox=\"0 0 24 24\" fill=\"none\"><path d=\"M6 6H4v2h2V6zm14 0H8v2h12V6zM4 11h2v2H4v-2zm16 0H8v2h12v-2zM4 16h2v2H4v-2zm16 0H8v2h12v-2z\" fill=\"currentColor\"><\/path><\/svg><svg style=\"fill: #999;color:#999\" class=\"arrow-unsorted-368013\" xmlns=\"http:\/\/www.w3.org\/2000\/svg\" width=\"10px\" height=\"10px\" viewBox=\"0 0 24 24\" version=\"1.2\" baseProfile=\"tiny\"><path d=\"M18.2 9.3l-6.2-6.3-6.2 6.3c-.2.2-.3.4-.3.7s.1.5.3.7c.2.2.4.3.7.3h11c.3 0 .5-.1.7-.3.2-.2.3-.5.3-.7s-.1-.5-.3-.7zM5.8 14.7l6.2 6.3 6.2-6.3c.2-.2.3-.5.3-.7s-.1-.5-.3-.7c-.2-.2-.4-.3-.7-.3h-11c-.3 0-.5.1-.7.3-.2.2-.3.5-.3.7s.1.5.3.7z\"\/><\/svg><\/span><\/span><\/span><\/a><\/span><\/div>\n<nav><ul class='ez-toc-list ez-toc-list-level-1 ' ><li class='ez-toc-page-1 ez-toc-heading-level-2'><a class=\"ez-toc-link ez-toc-heading-1\" href=\"https:\/\/www.grupomedcof.com.br\/blog\/saiba-como-responder-questoes-sobre-porfirias\/#Antes_de_comecar_vamos_defini-la\" >Antes de come\u00e7ar, vamos defini-la!<\/a><\/li><li class='ez-toc-page-1 ez-toc-heading-level-2'><a class=\"ez-toc-link ez-toc-heading-2\" href=\"https:\/\/www.grupomedcof.com.br\/blog\/saiba-como-responder-questoes-sobre-porfirias\/#Questoes\" >Quest\u00f5es<\/a><ul class='ez-toc-list-level-3' ><li class='ez-toc-heading-level-3'><a class=\"ez-toc-link ez-toc-heading-3\" href=\"https:\/\/www.grupomedcof.com.br\/blog\/saiba-como-responder-questoes-sobre-porfirias\/#Titulo_de_Especialista_em_Dermatologia_2019\" >T\u00edtulo de Especialista em Dermatologia 2019\u00a0<\/a><\/li><li class='ez-toc-page-1 ez-toc-heading-level-3'><a class=\"ez-toc-link ez-toc-heading-4\" href=\"https:\/\/www.grupomedcof.com.br\/blog\/saiba-como-responder-questoes-sobre-porfirias\/#Titulo_de_Especialista_em_Dermatologia_2022\" >T\u00edtulo de Especialista em Dermatologia 2022<\/a><\/li><li class='ez-toc-page-1 ez-toc-heading-level-3'><a class=\"ez-toc-link ez-toc-heading-5\" href=\"https:\/\/www.grupomedcof.com.br\/blog\/saiba-como-responder-questoes-sobre-porfirias\/#Titulo_de_Especialista_em_Dermatologia_2020\" >T\u00edtulo de Especialista em Dermatologia 2020<\/a><\/li><li class='ez-toc-page-1 ez-toc-heading-level-3'><a class=\"ez-toc-link ez-toc-heading-6\" href=\"https:\/\/www.grupomedcof.com.br\/blog\/saiba-como-responder-questoes-sobre-porfirias\/#Instituto_de_Apoio_a_Universidade_de_Pernambuco_2019\" >Instituto de Apoio \u00e0 Universidade de Pernambuco 2019<\/a><\/li><\/ul><\/li><li class='ez-toc-page-1 ez-toc-heading-level-2'><a class=\"ez-toc-link ez-toc-heading-7\" href=\"https:\/\/www.grupomedcof.com.br\/blog\/saiba-como-responder-questoes-sobre-porfirias\/#E_ai_conseguiu_resolver\" >E a\u00ed, conseguiu resolver?<\/a><\/li><li class='ez-toc-page-1 ez-toc-heading-level-2'><a class=\"ez-toc-link ez-toc-heading-8\" href=\"https:\/\/www.grupomedcof.com.br\/blog\/saiba-como-responder-questoes-sobre-porfirias\/#O_metodo_que_te_aprova\" >O m\u00e9todo que te aprova!<\/a><\/li><\/ul><\/nav><\/div>\n\n<figure class=\"wp-block-image size-large\"><img loading=\"lazy\" decoding=\"async\" width=\"1024\" height=\"576\" src=\"https:\/\/www.grupomedcof.com.br\/blog\/wp-content\/uploads\/2024\/09\/Blog-MedCof-2024-09-06T103840.205-1024x576.png\" alt=\"Hemoglobinas\" class=\"wp-image-29562\" srcset=\"https:\/\/www.grupomedcof.com.br\/blog\/wp-content\/uploads\/2024\/09\/Blog-MedCof-2024-09-06T103840.205-1024x576.png 1024w, https:\/\/www.grupomedcof.com.br\/blog\/wp-content\/uploads\/2024\/09\/Blog-MedCof-2024-09-06T103840.205-300x169.png 300w, https:\/\/www.grupomedcof.com.br\/blog\/wp-content\/uploads\/2024\/09\/Blog-MedCof-2024-09-06T103840.205-768x432.png 768w, https:\/\/www.grupomedcof.com.br\/blog\/wp-content\/uploads\/2024\/09\/Blog-MedCof-2024-09-06T103840.205-1536x864.png 1536w, https:\/\/www.grupomedcof.com.br\/blog\/wp-content\/uploads\/2024\/09\/Blog-MedCof-2024-09-06T103840.205-2048x1152.png 2048w, https:\/\/www.grupomedcof.com.br\/blog\/wp-content\/uploads\/2024\/09\/Blog-MedCof-2024-09-06T103840.205-747x420.png 747w, https:\/\/www.grupomedcof.com.br\/blog\/wp-content\/uploads\/2024\/09\/Blog-MedCof-2024-09-06T103840.205-150x84.png 150w, https:\/\/www.grupomedcof.com.br\/blog\/wp-content\/uploads\/2024\/09\/Blog-MedCof-2024-09-06T103840.205-696x392.png 696w, https:\/\/www.grupomedcof.com.br\/blog\/wp-content\/uploads\/2024\/09\/Blog-MedCof-2024-09-06T103840.205-1068x601.png 1068w, https:\/\/www.grupomedcof.com.br\/blog\/wp-content\/uploads\/2024\/09\/Blog-MedCof-2024-09-06T103840.205-1920x1080.png 1920w\" sizes=\"auto, (max-width: 1024px) 100vw, 1024px\" \/><\/figure>\n\n\n\n<h2 class=\"wp-block-heading\" id=\"h-antes-de-comecar-vamos-defini-la\"><span class=\"ez-toc-section\" id=\"Antes_de_comecar_vamos_defini-la\"><\/span><strong>Antes de come\u00e7ar, vamos defini-la!<\/strong><span class=\"ez-toc-section-end\"><\/span><\/h2>\n\n\n\n<p>As porfirias s\u00e3o um grupo de doen\u00e7as raras causadas por defeitos na produ\u00e7\u00e3o de hemoglobina, a prote\u00edna que transporta oxig\u00eanio no sangue. Esses defeitos levam ao ac\u00famulo de subst\u00e2ncias chamadas porfirinas no corpo, causando diversos sintomas. Existem dois tipos principais de porfiria:<\/p>\n\n\n\n<ul class=\"wp-block-list\">\n<li><strong>Porfirias cut\u00e2neas:<\/strong> Afetam principalmente a pele e s\u00e3o desencadeadas pela exposi\u00e7\u00e3o ao sol.<\/li>\n\n\n\n<li><strong>Porfirias agudas:<\/strong> Afetam o sistema nervoso e podem causar dores abdominais intensas, v\u00f4mitos, confus\u00e3o mental e outros sintomas.<\/li>\n<\/ul>\n\n\n\n<p>As porfirias s\u00e3o geralmente heredit\u00e1rias, mas tamb\u00e9m podem ser adquiridas por outros fatores. O ac\u00famulo de porfirinas \u00e9 o principal respons\u00e1vel pelos sintomas, entre os quais podemos citar entre as cut\u00e2neas: bolhas, coceira, incha\u00e7o e endurecimento da pele; e entre as agudas:dores abdominais intensas, v\u00f4mitos, constipa\u00e7\u00e3o, confus\u00e3o mental, paralisia e convuls\u00f5es.<\/p>\n\n\n\n<p>O diagn\u00f3stico das porfirias \u00e9 feito atrav\u00e9s de exames de sangue e urina para medir os n\u00edveis de porfirinas e seus precursores.O tratamento das porfirias depende do tipo e da gravidade da doen\u00e7a. Pode incluir:<\/p>\n\n\n\n<ul class=\"wp-block-list\">\n<li><strong>Evitar fatores desencadeantes:<\/strong> Como exposi\u00e7\u00e3o ao sol, \u00e1lcool e certos medicamentos.<\/li>\n\n\n\n<li><strong>Medicamentos:<\/strong> Para controlar a dor, n\u00e1useas e outros sintomas.<\/li>\n\n\n\n<li><strong>Transfus\u00f5es de sangue:<\/strong> Em casos graves.<\/li>\n<\/ul>\n\n\n\n<h2 class=\"wp-block-heading\" id=\"h-questoes\"><span class=\"ez-toc-section\" id=\"Questoes\"><\/span><strong>Quest\u00f5es<\/strong><span class=\"ez-toc-section-end\"><\/span><\/h2>\n\n\n\n<p>Desse modo, veja algumas quest\u00f5es sobre esse tema.<\/p>\n\n\n\n<h3 class=\"wp-block-heading\" id=\"h-titulo-de-especialista-em-dermatologia-2019\"><span class=\"ez-toc-section\" id=\"Titulo_de_Especialista_em_Dermatologia_2019\"><\/span><strong>T\u00edtulo de Especialista em Dermatologia 2019\u00a0<\/strong><span class=\"ez-toc-section-end\"><\/span><\/h3>\n\n\n\n<ol class=\"wp-block-list\">\n<li><strong>Em rela\u00e7\u00e3o \u00e0s porfirias, assinale a alternativa incorreta<\/strong>.<\/li>\n<\/ol>\n\n\n\n<p>a) Na aguda intermitente, de heran\u00e7a autoss\u00f4mica recessiva, o excesso de porfobilinog\u00eanio deaminase (PBGD) explica a diminui\u00e7\u00e3o da excre\u00e7\u00e3o de \u00e1cido delta-aminolevul\u00ednico e de porfobilinog\u00eanio na urina desses doentes.<\/p>\n\n\n\n<p>\u00a0b) A aguda intermitente caracteriza-se por dor abdominal, sintomas neurol\u00f3gicos e psiqui\u00e1tricos, al\u00e9m de hiponatremia. N\u00e3o apresenta les\u00f5es cut\u00e2neas.<\/p>\n\n\n\n<p>c) Na variegata, os ataques agudos caracterizam- se por dor abdominal intensa, taquicardia, fraqueza muscular sim\u00e9trica e sintomas neurol\u00f3gicos.<\/p>\n\n\n\n<p>d) A cut\u00e2nea tardia tipo I ou espor\u00e1dica tem como fatores desencadeantes o \u00e1lcool, os estr\u00f3genos, as infec\u00e7\u00f5es virais e a insufici\u00eancia renal cr\u00f4nica em pacientes submetidos \u00e0 hemodi\u00e1lise.<\/p>\n\n\n\n<h3 class=\"wp-block-heading\" id=\"h-titulo-de-especialista-em-dermatologia-2022\"><span class=\"ez-toc-section\" id=\"Titulo_de_Especialista_em_Dermatologia_2022\"><\/span><strong>T\u00edtulo de Especialista em Dermatologia 2022<\/strong><span class=\"ez-toc-section-end\"><\/span><\/h3>\n\n\n\n<p>2.<strong> Com rela\u00e7\u00e3o \u00e0s manifesta\u00e7\u00f5es cl\u00ednicas das porfirias, assinale a alternativa correta.<\/strong><\/p>\n\n\n\n<p>a) Na aguda intermitente, h\u00e1 fotossensibilidade aguda com sensa\u00e7\u00e3o de queima\u00e7\u00e3o, ardor e eritema.<\/p>\n\n\n\n<p>b) Na eritropoi\u00e9tica cong\u00eanita, ocorrem ves\u00edculas e bolhas que evoluem com cicatrizes e perda de tecido em \u00e1reas acreais.<\/p>\n\n\n\n<p>c) Na protoporfiria eritropoi\u00e9tica, a fotossensibilidade \u00e9 incomum e o quadro \u00e9 caracterizado por les\u00f5es neurol\u00f3gicas.<\/p>\n\n\n\n<p>c) Na cut\u00e2nea tardia, a hipertricose \u00e9 de pelos lanugos e de caracter\u00edstica virilizante.<\/p>\n\n\n\n<h3 class=\"wp-block-heading\" id=\"h-titulo-de-especialista-em-dermatologia-2020\"><span class=\"ez-toc-section\" id=\"Titulo_de_Especialista_em_Dermatologia_2020\"><\/span><strong>T\u00edtulo de Especialista em Dermatologia 2020<\/strong><span class=\"ez-toc-section-end\"><\/span><\/h3>\n\n\n\n<p>3. <strong>S\u00e3o manifesta\u00e7\u00f5es cl\u00ednicas da porfiria cut\u00e2nea tardia,<\/strong> <strong>exceto:<\/strong><\/p>\n\n\n\n<p>a) Presen\u00e7a de ves\u00edculas, bolhas, eros\u00f5es e crostas em \u00e1reas expostas ao sol e a traumas.<\/p>\n\n\n\n<p>b) Presen\u00e7a de pelos tipos lanugem ou terminal, nas mulheres, em \u00e1reas andr\u00f3geno dependentes.<\/p>\n\n\n\n<p>c) Presen\u00e7a de placas esclerodermiformes branco-amareladas, endurecidas na face, pesco\u00e7o, t\u00f3rax e couro cabeludo.<\/p>\n\n\n\n<p>d) Presen\u00e7a de envelhecimento precoce da pele da face com elastose solar e onic\u00f3lise.<\/p>\n\n\n\n<h3 class=\"wp-block-heading\" id=\"h-instituto-de-apoio-a-universidade-de-pernambuco-2019\"><span class=\"ez-toc-section\" id=\"Instituto_de_Apoio_a_Universidade_de_Pernambuco_2019\"><\/span><strong>Instituto de Apoio \u00e0 Universidade de Pernambuco 2019<\/strong><span class=\"ez-toc-section-end\"><\/span><\/h3>\n\n\n\n<p>4.<strong> Em rela\u00e7\u00e3o \u00e0 porfiria e dor abdominal, assinale a afirmativa CORRETA.<\/strong><\/p>\n\n\n\n<p>a) Dentre os v\u00e1rios tipos, \u00e9 a porfiria cut\u00e2nea tardia e a coproporfiria heredit\u00e1ria as que mais acarretam dor abdominal e simulam abdome agudo.<\/p>\n\n\n\n<p>b) Nas crises de dor abdominal, geralmente ocorre irrita\u00e7\u00e3o do perit\u00f4nio parietal e visceral.<\/p>\n\n\n\n<p>c) Nas crises de dor abdominal, geralmente ocorre febre, leucocitose e aumento da PCR.<\/p>\n\n\n\n<p>d) O diagn\u00f3stico da porfiria intermitente aguda \u00e9 dado pelo aumento da excre\u00e7\u00e3o urin\u00e1ria do \u00e1cido delta aminolevul\u00ednico e do porfobilinog\u00eanio.<\/p>\n\n\n\n<p>e) Por ser um dist\u00farbio do metabolismo do ferro, as crises de dor abdominal s\u00e3o acompanhadas de aumento da ferritina, da transferrina e do ferro s\u00e9rico.<\/p>\n\n\n\n<h2 class=\"wp-block-heading\"><span class=\"ez-toc-section\" id=\"E_ai_conseguiu_resolver\"><\/span><strong>E a\u00ed, conseguiu resolver?<\/strong><span class=\"ez-toc-section-end\"><\/span><\/h2>\n\n\n\n<p>Vamos analisar juntos as quest\u00f5es acima e conferir os gabaritos:&nbsp;<\/p>\n\n\n\n<ol class=\"wp-block-list\">\n<li>Nessa quest\u00e3o, \u00e9 muito v\u00e1lido analisar cada quest\u00e3o, j\u00e1 que o enunciado nos pede o item incorreto:\u00a0<\/li>\n<\/ol>\n\n\n\n<p>a) Incorreta! Logo na primeira op\u00e7\u00e3o encontramos nosso gabarito, uma vez que, como vimos, a porfiria aguda intermitente \u00e9 um porfiria hep\u00e1tica aguda, de heran\u00e7a autoss\u00f4mica dominante por muta\u00e7\u00f5es no gene HMBS da porfobilinog\u00eanio desaminase (PBGD). Essa enzima encontra-se reduzida na porfiria aguda intermitente,explicando o excesso da excre\u00e7\u00e3o de ALA e PBG na urina dos doentes.\u00a0<\/p>\n\n\n\n<p>b) Correta. A porfiria aguda intermitente \u00e9 um tipo de porfiria aguda manifestando-se com sintomas neuroviscerais, aus\u00eancia de les\u00f5es cut\u00e2neas (os precursores de porfirinas acumulados n\u00e3o s\u00e3o fotossensibilizantes).<\/p>\n\n\n\n<p>d) Correta.\u00a0A porfiria variegata \u00e9 um tipo misto ou neurocut\u00e2nea, englobada no grupo das agudas, pois o paciente apresenta sintomas neuroviscerais e altera\u00e7\u00f5es cut\u00e2neas.Como sintomas de ataques agudos, espera-se um quadro semelhante ao da porfiria aguda intermitente, que manifesta-se com dor abdominal, constipa\u00e7\u00e3o, n\u00e1usea, v\u00f4mitos, hipertens\u00e3o, taquicardia, dor nas extremidades, fraqueza muscular sim\u00e9trica e altera\u00e7\u00f5es neurol\u00f3gicas\u00a0<\/p>\n\n\n\n<p>e) Correta. Os fatores desencadeantes s\u00e3o alcoolismos, uso de estr\u00f3genos, hemocromatose, infec\u00e7\u00f5es virais, doen\u00e7a cr\u00f4nica e hemodi\u00e1lise Em rela\u00e7\u00e3o \u00e0s condi\u00e7\u00f5es associadas, temos o hepatocarcinoma, intoler\u00e2ncia \u00e0 glicose, colagenosas e neoplasias hematol\u00f3gicas.\u00a0<\/p>\n\n\n\n<p>2. Podemos dividir as porfirias em&nbsp;<\/p>\n\n\n\n<ul class=\"wp-block-list\">\n<li>Porfirias de ataque neurovisceral, que s\u00e3o a porfiria aguda intermitente (PAI) sin\u00f4nimo de hep\u00e1tica aguda<\/li>\n\n\n\n<li>\u00a0Porfiria por defici\u00eancia de ALA-desidrase.<\/li>\n<\/ul>\n\n\n\n<p>Com isso, podemos pontuar que:<\/p>\n\n\n\n<ul class=\"wp-block-list\">\n<li>Porfirias de les\u00e3o cut\u00e2nea: PCT, Porfiria eritropoi\u00e9tica cong\u00eanita ou doen\u00e7a de Gunther, protoporfiria eritropoi\u00e9tica e coproporfiria eritropoi\u00e9tica.<\/li>\n\n\n\n<li>Porfirias de les\u00e3o cut\u00e2nea + ataque neurovisceral: Porfiria variegata e coproporfiria heredit\u00e1ria.<\/li>\n<\/ul>\n\n\n\n<p>Analisando as alternativas, na letra A, podemos excluir como resposta, pois na aguda intermitente n\u00e3o h\u00e1 les\u00f5es cut\u00e2neas, apenas em SNC, SNP e auton\u00f4mico.A alternativa correta \u00e9 a letra B. A eritropoi\u00e9tica cong\u00eanita, ou doen\u00e7a de Gunther, \u00e9 a doen\u00e7a dos cinco E&#8217;s (esplenomegalia\/ anemia hemol\u00edtica; espessamento da pele fotoexposta; encurtamento de falanges; extremidades mutiladas; Eritrodermia &#8211; patognom\u00f4nico). A protoporfiria eritropo\u00e9tica \u00e9 a do mnem\u00f4nico &#8220;VamPPPerinho&#8221;. A protoporfirina \u00e9 ativa pela luz, ocorrendo os fen\u00f4menos fotodin\u00e2micos que geram dano tecidual. H\u00e1 queima\u00e7\u00e3o dolorosa minutos ap\u00f3s a exposi\u00e7\u00e3o solar formando eritema e edema ap\u00f3s algumas horas semelhante a urtic\u00e1ria solar. Sendo ent\u00e3o aqui a fotossensibilidade muito importante e n\u00e3o incomum como afirma a alternativa C.Na porfiria cut\u00e2nea tarda a hipertricose \u00e9 n\u00e3o virilizante, comum em \u00e1reas n\u00e3o andr\u00f3genas dependentes. Em rela\u00e7\u00e3o \u00e0s porfirias, assinale a alternativa incorreta.<\/p>\n\n\n\n<p>&nbsp;3. Vamos analisar as alternativas:&nbsp;&nbsp;<\/p>\n\n\n\n<p>a) CORRETA &#8211; Clinicamente, encontra-se fragilidade cut\u00e2nea, com ves\u00edculas e bolhas, seguidas eros\u00f5es nas regi\u00f5es fotoexpostas e de trauma (face, antebra\u00e7os, dorso das m\u00e3os e dos p\u00e9s). As bolhas s\u00e3o tensas, sem sinais inflamat\u00f3rios e de conte\u00fado seroso, podendo ocorrer bolhas hemorr\u00e1gicas.<\/p>\n\n\n\n<p>b) INCORRETA &#8211; A hipertricose (temporal e malar) \u00e9 n\u00e3o virilizante e tende a ser a primeira manifesta\u00e7\u00e3o nas mulheres. Os pelos s\u00e3o tipo lanugem, por\u00e9m podem apresentar espessuras variadas.<\/p>\n\n\n\n<p>d) CORRETA &#8211; Apesar de pouco frequentes, les\u00f5es esclerodermiformes podem surgir ap\u00f3s longa evolu\u00e7\u00e3o. S\u00e3o placas branco-amareladas endurecidas nas \u00e1reas fotoexpostas (face, pesco\u00e7o, t\u00f3rax e couro cabeludo).<\/p>\n\n\n\n<p>e) CORRETA &#8211; Al\u00e9m das altera\u00e7\u00f5es cut\u00e2neas cl\u00e1ssicas, pode ocorrer alopecia cicatricial, onic\u00f3lise e sinais de envelhecimento precoce da pele da face que apresenta elastose solar e comed\u00f5es.<\/p>\n\n\n\n<p>4.Vamos ver porque cada alternativa est\u00e1 certa ou errada:&nbsp;<\/p>\n\n\n\n<p>a) INCORRETA &#8211; Essas porfirias raramente t\u00eam dor abdominal como manifesta\u00e7\u00e3o importante, s\u00e3o as porfirias mais precoces na s\u00edntese do heme que tem mais sintomas neurol\u00f3gicos e de dor abdominal.<\/p>\n\n\n\n<p>b) INCORRETA &#8211; A causa da dor abdominal nesses pacientes \u00e9 incerta mas provavelmente decorre do ac\u00famulo de precursores do heme que em grandes quantidades s\u00e3o t\u00f3xicos. N\u00e3o h\u00e1 inflama\u00e7\u00e3o ou irrita\u00e7\u00e3o peritoneal em si.<\/p>\n\n\n\n<p>c) INCORRETA &#8211; Pelo contr\u00e1rio, a dor abdominal com essas caracter\u00edsticas chama aten\u00e7\u00e3o para outras causas de dor abdominal aguda, especialmente causas inflamat\u00f3rias.<\/p>\n\n\n\n<p>d) CORRETA &#8211; Na urina de paciente com porfiria intermitente aguda podemos encontrar aumento de porfobilinog\u00eanio e em certo grau de \u00e1cido delta aminolevul\u00ednico que \u00e9 o precursor do porfobilinog\u00eanio.<\/p>\n\n\n\n<p>e) INCORRETA &#8211; N\u00e3o \u00e9 um dist\u00farbio do metabolismo do ferro e sim do heme.<\/p>\n\n\n\n<h2 class=\"wp-block-heading\" id=\"o-m\u00e9todo-que-te-aprova\"><span class=\"ez-toc-section\" id=\"O_metodo_que_te_aprova\"><\/span><strong>O m\u00e9todo que te aprova!<\/strong><span class=\"ez-toc-section-end\"><\/span><\/h2>\n\n\n\n<p>Quer alcan\u00e7ar a aprova\u00e7\u00e3o nas provas de resid\u00eancia m\u00e9dica? Ent\u00e3o seja um&nbsp;<a href=\"https:\/\/www.grupomedcof.com.br\/home\/\" target=\"_blank\" rel=\"noreferrer noopener\">MedCoffer<\/a>! Aqui te ajudaremos na busca da aprova\u00e7\u00e3o com conte\u00fados de qualidade e uma&nbsp;<a href=\"https:\/\/www.grupomedcof.com.br\/blog\/presenca-da-medcof-nas-aprovacoes-em-residencia-medica-no-brasil\/\" target=\"_blank\" rel=\"noreferrer noopener\">metodologia que j\u00e1 aprovou mais de 10 mil residentes no pa\u00eds!&nbsp;<\/a>Por fim, acesse o nosso<a href=\"https:\/\/www.youtube.com\/@GrupoMedcof\/featured\" target=\"_blank\" rel=\"noreferrer noopener\">&nbsp;<strong>canal do youtube&nbsp;<\/strong><\/a>para ver o nosso material.<\/p>\n\n\n\n<figure class=\"wp-block-embed is-type-video is-provider-youtube wp-block-embed-youtube wp-embed-aspect-16-9 wp-has-aspect-ratio\"><div class=\"wp-block-embed__wrapper\">\n<div class=\"youtube-embed\" data-video_id=\"T_mLQuJkcgI\"><iframe loading=\"lazy\" title=\"Coagula\u00e7\u00e3o do Sangue: Fisiologia Explicada de Forma Simples. Com Dra. Carolina Perrone\" width=\"696\" height=\"392\" src=\"https:\/\/www.youtube.com\/embed\/T_mLQuJkcgI?feature=oembed&#038;enablejsapi=1\" frameborder=\"0\" allow=\"accelerometer; autoplay; clipboard-write; encrypted-media; gyroscope; picture-in-picture; web-share\" referrerpolicy=\"strict-origin-when-cross-origin\" allowfullscreen><\/iframe><\/div>\n<\/div><\/figure>\n","protected":false},"excerpt":{"rendered":"<p>As porfirias s\u00e3o um grupo de doen\u00e7as raras causadas por defeitos na produ\u00e7\u00e3o de hemoglobina. Veja mais em nosso blog!<\/p>\n","protected":false},"author":21,"featured_media":29562,"comment_status":"open","ping_status":"open","sticky":false,"template":"","format":"standard","meta":{"footnotes":""},"categories":[115],"tags":[1977,1978,1980,1979,68],"ppma_author":[3617],"class_list":{"0":"post-29556","1":"post","2":"type-post","3":"status-publish","4":"format-standard","5":"has-post-thumbnail","7":"category-clinica-medica","8":"tag-hemoglobinas","9":"tag-porfirias","10":"tag-porfirias-agudas","11":"tag-porfirias-cutaneas","12":"tag-residencia-medica"},"yoast_head":"<!-- This site is optimized with the Yoast SEO Premium plugin v24.3 (Yoast SEO v27.4) - https:\/\/yoast.com\/product\/yoast-seo-premium-wordpress\/ -->\n<title>Saiba como responder quest\u00f5es sobre Porfirias - Blog de Medcof: conte\u00fados, editais, revalida e mais!<\/title>\n<meta name=\"description\" content=\"As porfirias s\u00e3o um grupo de doen\u00e7as raras causadas por defeitos na produ\u00e7\u00e3o de hemoglobina. Veja mais em nosso blog!\" \/>\n<meta name=\"robots\" content=\"index, follow, max-snippet:-1, max-image-preview:large, max-video-preview:-1\" \/>\n<link rel=\"canonical\" href=\"https:\/\/www.grupomedcof.com.br\/blog\/saiba-como-responder-questoes-sobre-porfirias\/\" \/>\n<meta property=\"og:locale\" content=\"pt_BR\" \/>\n<meta property=\"og:type\" content=\"article\" \/>\n<meta property=\"og:title\" content=\"Saiba como responder quest\u00f5es sobre Porfirias\" \/>\n<meta property=\"og:description\" content=\"As porfirias s\u00e3o um grupo de doen\u00e7as raras causadas por defeitos na produ\u00e7\u00e3o de hemoglobina. Veja mais em nosso blog!\" \/>\n<meta property=\"og:url\" content=\"https:\/\/www.grupomedcof.com.br\/blog\/saiba-como-responder-questoes-sobre-porfirias\/\" \/>\n<meta property=\"og:site_name\" content=\"Blog de Medcof: conte\u00fados, editais, revalida e mais!\" \/>\n<meta property=\"article:publisher\" content=\"https:\/\/www.facebook.com\/MedCofQbank\/\" \/>\n<meta property=\"article:published_time\" content=\"2024-09-08T13:34:23+00:00\" \/>\n<meta property=\"og:image\" content=\"https:\/\/www.grupomedcof.com.br\/blog\/wp-content\/uploads\/2024\/09\/Blog-MedCof-2024-09-06T103840.205-1024x576.png\" \/>\n\t<meta property=\"og:image:width\" content=\"1024\" \/>\n\t<meta property=\"og:image:height\" content=\"576\" \/>\n\t<meta property=\"og:image:type\" content=\"image\/png\" \/>\n<meta name=\"author\" content=\"Kiara Adelino\" \/>\n<meta name=\"twitter:card\" content=\"summary_large_image\" \/>\n<meta name=\"twitter:label1\" content=\"Escrito por\" \/>\n\t<meta name=\"twitter:data1\" content=\"Kiara Adelino\" \/>\n\t<meta name=\"twitter:label2\" content=\"Est. tempo de leitura\" \/>\n\t<meta name=\"twitter:data2\" content=\"8 minutos\" \/>\n<script type=\"application\/ld+json\" class=\"yoast-schema-graph\">{\"@context\":\"https:\\\/\\\/schema.org\",\"@graph\":[{\"@type\":\"Article\",\"@id\":\"https:\\\/\\\/www.grupomedcof.com.br\\\/blog\\\/saiba-como-responder-questoes-sobre-porfirias\\\/#article\",\"isPartOf\":{\"@id\":\"https:\\\/\\\/www.grupomedcof.com.br\\\/blog\\\/saiba-como-responder-questoes-sobre-porfirias\\\/\"},\"author\":{\"name\":\"Kiara Adelino\",\"@id\":\"https:\\\/\\\/www.grupomedcof.com.br\\\/blog\\\/#\\\/schema\\\/person\\\/db19a651f86c5fc202d6eee744fd3292\"},\"headline\":\"Saiba como responder quest\u00f5es sobre Porfirias\",\"datePublished\":\"2024-09-08T13:34:23+00:00\",\"mainEntityOfPage\":{\"@id\":\"https:\\\/\\\/www.grupomedcof.com.br\\\/blog\\\/saiba-como-responder-questoes-sobre-porfirias\\\/\"},\"wordCount\":1541,\"commentCount\":0,\"publisher\":{\"@id\":\"https:\\\/\\\/www.grupomedcof.com.br\\\/blog\\\/#organization\"},\"image\":{\"@id\":\"https:\\\/\\\/www.grupomedcof.com.br\\\/blog\\\/saiba-como-responder-questoes-sobre-porfirias\\\/#primaryimage\"},\"thumbnailUrl\":\"https:\\\/\\\/www.grupomedcof.com.br\\\/blog\\\/wp-content\\\/uploads\\\/2024\\\/09\\\/Blog-MedCof-2024-09-06T103840.205.png\",\"keywords\":[\"Hemoglobinas\",\"Porfirias\",\"Porfirias agudas\",\"Porfirias cut\u00e2neas\",\"Resid\u00eancia M\u00e9dica\"],\"articleSection\":[\"Cl\u00ednica M\u00e9dica\"],\"inLanguage\":\"pt-BR\"},{\"@type\":\"WebPage\",\"@id\":\"https:\\\/\\\/www.grupomedcof.com.br\\\/blog\\\/saiba-como-responder-questoes-sobre-porfirias\\\/\",\"url\":\"https:\\\/\\\/www.grupomedcof.com.br\\\/blog\\\/saiba-como-responder-questoes-sobre-porfirias\\\/\",\"name\":\"Saiba como responder quest\u00f5es sobre Porfirias - Blog de Medcof: conte\u00fados, editais, revalida e mais!\",\"isPartOf\":{\"@id\":\"https:\\\/\\\/www.grupomedcof.com.br\\\/blog\\\/#website\"},\"primaryImageOfPage\":{\"@id\":\"https:\\\/\\\/www.grupomedcof.com.br\\\/blog\\\/saiba-como-responder-questoes-sobre-porfirias\\\/#primaryimage\"},\"image\":{\"@id\":\"https:\\\/\\\/www.grupomedcof.com.br\\\/blog\\\/saiba-como-responder-questoes-sobre-porfirias\\\/#primaryimage\"},\"thumbnailUrl\":\"https:\\\/\\\/www.grupomedcof.com.br\\\/blog\\\/wp-content\\\/uploads\\\/2024\\\/09\\\/Blog-MedCof-2024-09-06T103840.205.png\",\"datePublished\":\"2024-09-08T13:34:23+00:00\",\"description\":\"As porfirias s\u00e3o um grupo de doen\u00e7as raras causadas por defeitos na produ\u00e7\u00e3o de hemoglobina. Veja mais em nosso blog!\",\"breadcrumb\":{\"@id\":\"https:\\\/\\\/www.grupomedcof.com.br\\\/blog\\\/saiba-como-responder-questoes-sobre-porfirias\\\/#breadcrumb\"},\"inLanguage\":\"pt-BR\",\"potentialAction\":[{\"@type\":\"ReadAction\",\"target\":[\"https:\\\/\\\/www.grupomedcof.com.br\\\/blog\\\/saiba-como-responder-questoes-sobre-porfirias\\\/\"]}]},{\"@type\":\"ImageObject\",\"inLanguage\":\"pt-BR\",\"@id\":\"https:\\\/\\\/www.grupomedcof.com.br\\\/blog\\\/saiba-como-responder-questoes-sobre-porfirias\\\/#primaryimage\",\"url\":\"https:\\\/\\\/www.grupomedcof.com.br\\\/blog\\\/wp-content\\\/uploads\\\/2024\\\/09\\\/Blog-MedCof-2024-09-06T103840.205.png\",\"contentUrl\":\"https:\\\/\\\/www.grupomedcof.com.br\\\/blog\\\/wp-content\\\/uploads\\\/2024\\\/09\\\/Blog-MedCof-2024-09-06T103840.205.png\",\"width\":2560,\"height\":1440,\"caption\":\"Hemoglobinas\"},{\"@type\":\"BreadcrumbList\",\"@id\":\"https:\\\/\\\/www.grupomedcof.com.br\\\/blog\\\/saiba-como-responder-questoes-sobre-porfirias\\\/#breadcrumb\",\"itemListElement\":[{\"@type\":\"ListItem\",\"position\":1,\"name\":\"In\u00edcio\",\"item\":\"https:\\\/\\\/www.grupomedcof.com.br\\\/blog\\\/\"},{\"@type\":\"ListItem\",\"position\":2,\"name\":\"Saiba como responder quest\u00f5es sobre Porfirias\"}]},{\"@type\":\"WebSite\",\"@id\":\"https:\\\/\\\/www.grupomedcof.com.br\\\/blog\\\/#website\",\"url\":\"https:\\\/\\\/www.grupomedcof.com.br\\\/blog\\\/\",\"name\":\"Blog de Medcof: conte\u00fados, editais, revalida e mais!\",\"description\":\"Acesso o blog de MedCof! Seu portal de conte\u00fados sobre resid\u00eancia m\u00e9dica, an\u00e1lise e editais e muito mais. Clique e confira!\",\"publisher\":{\"@id\":\"https:\\\/\\\/www.grupomedcof.com.br\\\/blog\\\/#organization\"},\"alternateName\":\"Blog de Medcof: conte\u00fados, editais, revalida e mais!\",\"potentialAction\":[{\"@type\":\"SearchAction\",\"target\":{\"@type\":\"EntryPoint\",\"urlTemplate\":\"https:\\\/\\\/www.grupomedcof.com.br\\\/blog\\\/?s={search_term_string}\"},\"query-input\":{\"@type\":\"PropertyValueSpecification\",\"valueRequired\":true,\"valueName\":\"search_term_string\"}}],\"inLanguage\":\"pt-BR\"},{\"@type\":\"Organization\",\"@id\":\"https:\\\/\\\/www.grupomedcof.com.br\\\/blog\\\/#organization\",\"name\":\"Grupo MedCof\",\"url\":\"https:\\\/\\\/www.grupomedcof.com.br\\\/blog\\\/\",\"logo\":{\"@type\":\"ImageObject\",\"inLanguage\":\"pt-BR\",\"@id\":\"https:\\\/\\\/www.grupomedcof.com.br\\\/blog\\\/#\\\/schema\\\/logo\\\/image\\\/\",\"url\":\"https:\\\/\\\/www.grupomedcof.com.br\\\/blog\\\/wp-content\\\/uploads\\\/2022\\\/01\\\/logo-medcof.png\",\"contentUrl\":\"https:\\\/\\\/www.grupomedcof.com.br\\\/blog\\\/wp-content\\\/uploads\\\/2022\\\/01\\\/logo-medcof.png\",\"width\":768,\"height\":269,\"caption\":\"Grupo MedCof\"},\"image\":{\"@id\":\"https:\\\/\\\/www.grupomedcof.com.br\\\/blog\\\/#\\\/schema\\\/logo\\\/image\\\/\"},\"sameAs\":[\"https:\\\/\\\/www.facebook.com\\\/MedCofQbank\\\/\",\"https:\\\/\\\/www.instagram.com\\\/grupomedcof\\\/\",\"https:\\\/\\\/br.linkedin.com\\\/company\\\/medcof\",\"https:\\\/\\\/www.youtube.com\\\/channel\\\/UCdHMuOHKICxcHwecxN8P-AA\"]},{\"@type\":\"Person\",\"@id\":\"https:\\\/\\\/www.grupomedcof.com.br\\\/blog\\\/#\\\/schema\\\/person\\\/db19a651f86c5fc202d6eee744fd3292\",\"name\":\"Kiara Adelino\",\"image\":{\"@type\":\"ImageObject\",\"inLanguage\":\"pt-BR\",\"@id\":\"https:\\\/\\\/www.grupomedcof.com.br\\\/blog\\\/wp-content\\\/uploads\\\/2024\\\/08\\\/cropped-Kiara-Adelino2-96x96.jpega85663bdda67261f8f06f86e555e1e49\",\"url\":\"https:\\\/\\\/www.grupomedcof.com.br\\\/blog\\\/wp-content\\\/uploads\\\/2024\\\/08\\\/cropped-Kiara-Adelino2-96x96.jpeg\",\"contentUrl\":\"https:\\\/\\\/www.grupomedcof.com.br\\\/blog\\\/wp-content\\\/uploads\\\/2024\\\/08\\\/cropped-Kiara-Adelino2-96x96.jpeg\",\"caption\":\"Kiara Adelino\"},\"description\":\"Estudante do 5\u00b0 semestre de Medicina. Gosto bastante de aprender coisas novas, principalmente na \u00e1rea de Neurologia e Anatomia humana.\",\"url\":\"https:\\\/\\\/www.grupomedcof.com.br\\\/blog\\\/author\\\/kiara-adelino\\\/\"}]}<\/script>\n<!-- \/ Yoast SEO Premium plugin. -->","yoast_head_json":{"title":"Saiba como responder quest\u00f5es sobre Porfirias - Blog de Medcof: conte\u00fados, editais, revalida e mais!","description":"As porfirias s\u00e3o um grupo de doen\u00e7as raras causadas por defeitos na produ\u00e7\u00e3o de hemoglobina. Veja mais em nosso blog!","robots":{"index":"index","follow":"follow","max-snippet":"max-snippet:-1","max-image-preview":"max-image-preview:large","max-video-preview":"max-video-preview:-1"},"canonical":"https:\/\/www.grupomedcof.com.br\/blog\/saiba-como-responder-questoes-sobre-porfirias\/","og_locale":"pt_BR","og_type":"article","og_title":"Saiba como responder quest\u00f5es sobre Porfirias","og_description":"As porfirias s\u00e3o um grupo de doen\u00e7as raras causadas por defeitos na produ\u00e7\u00e3o de hemoglobina. Veja mais em nosso blog!","og_url":"https:\/\/www.grupomedcof.com.br\/blog\/saiba-como-responder-questoes-sobre-porfirias\/","og_site_name":"Blog de Medcof: conte\u00fados, editais, revalida e mais!","article_publisher":"https:\/\/www.facebook.com\/MedCofQbank\/","article_published_time":"2024-09-08T13:34:23+00:00","og_image":[{"width":1024,"height":576,"url":"https:\/\/www.grupomedcof.com.br\/blog\/wp-content\/uploads\/2024\/09\/Blog-MedCof-2024-09-06T103840.205-1024x576.png","type":"image\/png"}],"author":"Kiara Adelino","twitter_card":"summary_large_image","twitter_misc":{"Escrito por":"Kiara Adelino","Est. tempo de leitura":"8 minutos"},"schema":{"@context":"https:\/\/schema.org","@graph":[{"@type":"Article","@id":"https:\/\/www.grupomedcof.com.br\/blog\/saiba-como-responder-questoes-sobre-porfirias\/#article","isPartOf":{"@id":"https:\/\/www.grupomedcof.com.br\/blog\/saiba-como-responder-questoes-sobre-porfirias\/"},"author":{"name":"Kiara Adelino","@id":"https:\/\/www.grupomedcof.com.br\/blog\/#\/schema\/person\/db19a651f86c5fc202d6eee744fd3292"},"headline":"Saiba como responder quest\u00f5es sobre Porfirias","datePublished":"2024-09-08T13:34:23+00:00","mainEntityOfPage":{"@id":"https:\/\/www.grupomedcof.com.br\/blog\/saiba-como-responder-questoes-sobre-porfirias\/"},"wordCount":1541,"commentCount":0,"publisher":{"@id":"https:\/\/www.grupomedcof.com.br\/blog\/#organization"},"image":{"@id":"https:\/\/www.grupomedcof.com.br\/blog\/saiba-como-responder-questoes-sobre-porfirias\/#primaryimage"},"thumbnailUrl":"https:\/\/www.grupomedcof.com.br\/blog\/wp-content\/uploads\/2024\/09\/Blog-MedCof-2024-09-06T103840.205.png","keywords":["Hemoglobinas","Porfirias","Porfirias agudas","Porfirias cut\u00e2neas","Resid\u00eancia M\u00e9dica"],"articleSection":["Cl\u00ednica M\u00e9dica"],"inLanguage":"pt-BR"},{"@type":"WebPage","@id":"https:\/\/www.grupomedcof.com.br\/blog\/saiba-como-responder-questoes-sobre-porfirias\/","url":"https:\/\/www.grupomedcof.com.br\/blog\/saiba-como-responder-questoes-sobre-porfirias\/","name":"Saiba como responder quest\u00f5es sobre Porfirias - Blog de Medcof: conte\u00fados, editais, revalida e mais!","isPartOf":{"@id":"https:\/\/www.grupomedcof.com.br\/blog\/#website"},"primaryImageOfPage":{"@id":"https:\/\/www.grupomedcof.com.br\/blog\/saiba-como-responder-questoes-sobre-porfirias\/#primaryimage"},"image":{"@id":"https:\/\/www.grupomedcof.com.br\/blog\/saiba-como-responder-questoes-sobre-porfirias\/#primaryimage"},"thumbnailUrl":"https:\/\/www.grupomedcof.com.br\/blog\/wp-content\/uploads\/2024\/09\/Blog-MedCof-2024-09-06T103840.205.png","datePublished":"2024-09-08T13:34:23+00:00","description":"As porfirias s\u00e3o um grupo de doen\u00e7as raras causadas por defeitos na produ\u00e7\u00e3o de hemoglobina. Veja mais em nosso blog!","breadcrumb":{"@id":"https:\/\/www.grupomedcof.com.br\/blog\/saiba-como-responder-questoes-sobre-porfirias\/#breadcrumb"},"inLanguage":"pt-BR","potentialAction":[{"@type":"ReadAction","target":["https:\/\/www.grupomedcof.com.br\/blog\/saiba-como-responder-questoes-sobre-porfirias\/"]}]},{"@type":"ImageObject","inLanguage":"pt-BR","@id":"https:\/\/www.grupomedcof.com.br\/blog\/saiba-como-responder-questoes-sobre-porfirias\/#primaryimage","url":"https:\/\/www.grupomedcof.com.br\/blog\/wp-content\/uploads\/2024\/09\/Blog-MedCof-2024-09-06T103840.205.png","contentUrl":"https:\/\/www.grupomedcof.com.br\/blog\/wp-content\/uploads\/2024\/09\/Blog-MedCof-2024-09-06T103840.205.png","width":2560,"height":1440,"caption":"Hemoglobinas"},{"@type":"BreadcrumbList","@id":"https:\/\/www.grupomedcof.com.br\/blog\/saiba-como-responder-questoes-sobre-porfirias\/#breadcrumb","itemListElement":[{"@type":"ListItem","position":1,"name":"In\u00edcio","item":"https:\/\/www.grupomedcof.com.br\/blog\/"},{"@type":"ListItem","position":2,"name":"Saiba como responder quest\u00f5es sobre Porfirias"}]},{"@type":"WebSite","@id":"https:\/\/www.grupomedcof.com.br\/blog\/#website","url":"https:\/\/www.grupomedcof.com.br\/blog\/","name":"Blog de Medcof: conte\u00fados, editais, revalida e mais!","description":"Acesso o blog de MedCof! Seu portal de conte\u00fados sobre resid\u00eancia m\u00e9dica, an\u00e1lise e editais e muito mais. Clique e confira!","publisher":{"@id":"https:\/\/www.grupomedcof.com.br\/blog\/#organization"},"alternateName":"Blog de Medcof: conte\u00fados, editais, revalida e mais!","potentialAction":[{"@type":"SearchAction","target":{"@type":"EntryPoint","urlTemplate":"https:\/\/www.grupomedcof.com.br\/blog\/?s={search_term_string}"},"query-input":{"@type":"PropertyValueSpecification","valueRequired":true,"valueName":"search_term_string"}}],"inLanguage":"pt-BR"},{"@type":"Organization","@id":"https:\/\/www.grupomedcof.com.br\/blog\/#organization","name":"Grupo MedCof","url":"https:\/\/www.grupomedcof.com.br\/blog\/","logo":{"@type":"ImageObject","inLanguage":"pt-BR","@id":"https:\/\/www.grupomedcof.com.br\/blog\/#\/schema\/logo\/image\/","url":"https:\/\/www.grupomedcof.com.br\/blog\/wp-content\/uploads\/2022\/01\/logo-medcof.png","contentUrl":"https:\/\/www.grupomedcof.com.br\/blog\/wp-content\/uploads\/2022\/01\/logo-medcof.png","width":768,"height":269,"caption":"Grupo MedCof"},"image":{"@id":"https:\/\/www.grupomedcof.com.br\/blog\/#\/schema\/logo\/image\/"},"sameAs":["https:\/\/www.facebook.com\/MedCofQbank\/","https:\/\/www.instagram.com\/grupomedcof\/","https:\/\/br.linkedin.com\/company\/medcof","https:\/\/www.youtube.com\/channel\/UCdHMuOHKICxcHwecxN8P-AA"]},{"@type":"Person","@id":"https:\/\/www.grupomedcof.com.br\/blog\/#\/schema\/person\/db19a651f86c5fc202d6eee744fd3292","name":"Kiara Adelino","image":{"@type":"ImageObject","inLanguage":"pt-BR","@id":"https:\/\/www.grupomedcof.com.br\/blog\/wp-content\/uploads\/2024\/08\/cropped-Kiara-Adelino2-96x96.jpega85663bdda67261f8f06f86e555e1e49","url":"https:\/\/www.grupomedcof.com.br\/blog\/wp-content\/uploads\/2024\/08\/cropped-Kiara-Adelino2-96x96.jpeg","contentUrl":"https:\/\/www.grupomedcof.com.br\/blog\/wp-content\/uploads\/2024\/08\/cropped-Kiara-Adelino2-96x96.jpeg","caption":"Kiara Adelino"},"description":"Estudante do 5\u00b0 semestre de Medicina. Gosto bastante de aprender coisas novas, principalmente na \u00e1rea de Neurologia e Anatomia humana.","url":"https:\/\/www.grupomedcof.com.br\/blog\/author\/kiara-adelino\/"}]}},"authors":[{"term_id":3617,"user_id":21,"is_guest":0,"slug":"kiara-adelino","display_name":"Kiara Adelino","avatar_url":"https:\/\/www.grupomedcof.com.br\/blog\/wp-content\/uploads\/2024\/08\/cropped-Kiara-Adelino2-96x96.jpeg","0":null,"1":"","2":"","3":"","4":"","5":"","6":"","7":"","8":""}],"_links":{"self":[{"href":"https:\/\/www.grupomedcof.com.br\/blog\/wp-json\/wp\/v2\/posts\/29556","targetHints":{"allow":["GET"]}}],"collection":[{"href":"https:\/\/www.grupomedcof.com.br\/blog\/wp-json\/wp\/v2\/posts"}],"about":[{"href":"https:\/\/www.grupomedcof.com.br\/blog\/wp-json\/wp\/v2\/types\/post"}],"author":[{"embeddable":true,"href":"https:\/\/www.grupomedcof.com.br\/blog\/wp-json\/wp\/v2\/users\/21"}],"replies":[{"embeddable":true,"href":"https:\/\/www.grupomedcof.com.br\/blog\/wp-json\/wp\/v2\/comments?post=29556"}],"version-history":[{"count":0,"href":"https:\/\/www.grupomedcof.com.br\/blog\/wp-json\/wp\/v2\/posts\/29556\/revisions"}],"wp:featuredmedia":[{"embeddable":true,"href":"https:\/\/www.grupomedcof.com.br\/blog\/wp-json\/wp\/v2\/media\/29562"}],"wp:attachment":[{"href":"https:\/\/www.grupomedcof.com.br\/blog\/wp-json\/wp\/v2\/media?parent=29556"}],"wp:term":[{"taxonomy":"category","embeddable":true,"href":"https:\/\/www.grupomedcof.com.br\/blog\/wp-json\/wp\/v2\/categories?post=29556"},{"taxonomy":"post_tag","embeddable":true,"href":"https:\/\/www.grupomedcof.com.br\/blog\/wp-json\/wp\/v2\/tags?post=29556"},{"taxonomy":"author","embeddable":true,"href":"https:\/\/www.grupomedcof.com.br\/blog\/wp-json\/wp\/v2\/ppma_author?post=29556"}],"curies":[{"name":"wp","href":"https:\/\/api.w.org\/{rel}","templated":true}]}}