{"id":29613,"date":"2025-08-28T09:15:47","date_gmt":"2025-08-28T12:15:47","guid":{"rendered":"https:\/\/www.grupomedcof.com.br\/blog\/?p=29613"},"modified":"2026-04-24T15:49:10","modified_gmt":"2026-04-24T18:49:10","slug":"saiba-mais-sobre-ictericia-e-treine-com-questoes","status":"publish","type":"post","link":"https:\/\/www.grupomedcof.com.br\/blog\/saiba-mais-sobre-ictericia-e-treine-com-questoes\/","title":{"rendered":"Descubra quais as principais icter\u00edcias febris e como diferenci\u00e1-las!"},"content":{"rendered":"<div id=\"ez-toc-container\" class=\"ez-toc-v2_0_74 counter-hierarchy ez-toc-counter ez-toc-transparent ez-toc-container-direction\">\n<div class=\"ez-toc-title-container\">\n<p class=\"ez-toc-title\" style=\"cursor:inherit\">Sum\u00e1rio<\/p>\n<span class=\"ez-toc-title-toggle\"><a href=\"#\" class=\"ez-toc-pull-right ez-toc-btn ez-toc-btn-xs ez-toc-btn-default ez-toc-toggle\" aria-label=\"Alternar tabela de conte\u00fado\"><span class=\"ez-toc-js-icon-con\"><span class=\"\"><span class=\"eztoc-hide\" style=\"display:none;\">Toggle<\/span><span class=\"ez-toc-icon-toggle-span\"><svg style=\"fill: #999;color:#999\" xmlns=\"http:\/\/www.w3.org\/2000\/svg\" class=\"list-377408\" width=\"20px\" height=\"20px\" viewBox=\"0 0 24 24\" fill=\"none\"><path d=\"M6 6H4v2h2V6zm14 0H8v2h12V6zM4 11h2v2H4v-2zm16 0H8v2h12v-2zM4 16h2v2H4v-2zm16 0H8v2h12v-2z\" fill=\"currentColor\"><\/path><\/svg><svg style=\"fill: #999;color:#999\" class=\"arrow-unsorted-368013\" xmlns=\"http:\/\/www.w3.org\/2000\/svg\" width=\"10px\" height=\"10px\" viewBox=\"0 0 24 24\" version=\"1.2\" baseProfile=\"tiny\"><path d=\"M18.2 9.3l-6.2-6.3-6.2 6.3c-.2.2-.3.4-.3.7s.1.5.3.7c.2.2.4.3.7.3h11c.3 0 .5-.1.7-.3.2-.2.3-.5.3-.7s-.1-.5-.3-.7zM5.8 14.7l6.2 6.3 6.2-6.3c.2-.2.3-.5.3-.7s-.1-.5-.3-.7c-.2-.2-.4-.3-.7-.3h-11c-.3 0-.5.1-.7.3-.2.2-.3.5-.3.7s.1.5.3.7z\"\/><\/svg><\/span><\/span><\/span><\/a><\/span><\/div>\n<nav><ul class='ez-toc-list ez-toc-list-level-1 ' ><li class='ez-toc-page-1 ez-toc-heading-level-2'><a class=\"ez-toc-link ez-toc-heading-1\" href=\"https:\/\/www.grupomedcof.com.br\/blog\/saiba-mais-sobre-ictericia-e-treine-com-questoes\/#Quais_sao_as_doencas_que_podemos_caracterizar_como_Ictericias_febris\" >Quais s\u00e3o as doen\u00e7as que podemos caracterizar como Icter\u00edcias febris?<\/a><\/li><li class='ez-toc-page-1 ez-toc-heading-level-2'><a class=\"ez-toc-link ez-toc-heading-2\" href=\"https:\/\/www.grupomedcof.com.br\/blog\/saiba-mais-sobre-ictericia-e-treine-com-questoes\/#Como_diferencia-las\" >Como diferenci\u00e1-las?<\/a><ul class='ez-toc-list-level-3' ><li class='ez-toc-heading-level-3'><a class=\"ez-toc-link ez-toc-heading-3\" href=\"https:\/\/www.grupomedcof.com.br\/blog\/saiba-mais-sobre-ictericia-e-treine-com-questoes\/#Leptospirose\" >Leptospirose<\/a><\/li><li class='ez-toc-page-1 ez-toc-heading-level-3'><a class=\"ez-toc-link ez-toc-heading-4\" href=\"https:\/\/www.grupomedcof.com.br\/blog\/saiba-mais-sobre-ictericia-e-treine-com-questoes\/#Febre_Amarela\" >Febre Amarela<\/a><\/li><li class='ez-toc-page-1 ez-toc-heading-level-3'><a class=\"ez-toc-link ez-toc-heading-5\" href=\"https:\/\/www.grupomedcof.com.br\/blog\/saiba-mais-sobre-ictericia-e-treine-com-questoes\/#Malaria\" >Mal\u00e1ria<\/a><\/li><\/ul><\/li><li class='ez-toc-page-1 ez-toc-heading-level-2'><a class=\"ez-toc-link ez-toc-heading-6\" href=\"https:\/\/www.grupomedcof.com.br\/blog\/saiba-mais-sobre-ictericia-e-treine-com-questoes\/#O_metodo_que_te_aprova\" >O m\u00e9todo que te aprova!<\/a><\/li><\/ul><\/nav><\/div>\n\n<figure class=\"wp-block-image size-large\"><img loading=\"lazy\" decoding=\"async\" width=\"1024\" height=\"576\" src=\"https:\/\/www.grupomedcof.com.br\/blog\/wp-content\/uploads\/2024\/09\/Blog-MedCof-2025-08-28T091458.516-1024x576.jpg\" alt=\"\" class=\"wp-image-37414\" srcset=\"https:\/\/www.grupomedcof.com.br\/blog\/wp-content\/uploads\/2024\/09\/Blog-MedCof-2025-08-28T091458.516-1024x576.jpg 1024w, https:\/\/www.grupomedcof.com.br\/blog\/wp-content\/uploads\/2024\/09\/Blog-MedCof-2025-08-28T091458.516-300x169.jpg 300w, https:\/\/www.grupomedcof.com.br\/blog\/wp-content\/uploads\/2024\/09\/Blog-MedCof-2025-08-28T091458.516-768x432.jpg 768w, https:\/\/www.grupomedcof.com.br\/blog\/wp-content\/uploads\/2024\/09\/Blog-MedCof-2025-08-28T091458.516-1536x864.jpg 1536w, https:\/\/www.grupomedcof.com.br\/blog\/wp-content\/uploads\/2024\/09\/Blog-MedCof-2025-08-28T091458.516-747x420.jpg 747w, https:\/\/www.grupomedcof.com.br\/blog\/wp-content\/uploads\/2024\/09\/Blog-MedCof-2025-08-28T091458.516-150x84.jpg 150w, https:\/\/www.grupomedcof.com.br\/blog\/wp-content\/uploads\/2024\/09\/Blog-MedCof-2025-08-28T091458.516-696x392.jpg 696w, https:\/\/www.grupomedcof.com.br\/blog\/wp-content\/uploads\/2024\/09\/Blog-MedCof-2025-08-28T091458.516-1068x601.jpg 1068w, https:\/\/www.grupomedcof.com.br\/blog\/wp-content\/uploads\/2024\/09\/Blog-MedCof-2025-08-28T091458.516.jpg 1920w\" sizes=\"auto, (max-width: 1024px) 100vw, 1024px\" \/><\/figure>\n\n\n\n<p>As doen\u00e7as que se apresentam com <strong>febre e icter\u00edcia <\/strong>representam um grupo desafiador de diagn\u00f3sticos diferenciais. O reconhecimento precoce das especificidades de cada uma \u00e9 fundamental para um manejo assertivo na rotina m\u00e9dica.<\/p>\n\n\n\n<h2 class=\"wp-block-heading\" id=\"h-quais-sao-as-doencas-que-podemos-caracterizar-como-ictericias-febris\"><span class=\"ez-toc-section\" id=\"Quais_sao_as_doencas_que_podemos_caracterizar_como_Ictericias_febris\"><\/span><strong>Quais s\u00e3o as doen\u00e7as que podemos caracterizar como Icter\u00edcias febris?<\/strong><span class=\"ez-toc-section-end\"><\/span><\/h2>\n\n\n\n<p>No geral, as doen\u00e7as icter\u00edcias febris, que s\u00e3o a leptospirose, a febre amarela e as hepatites virais, apresentam uma hist\u00f3ria natural semelhante:&nbsp;<\/p>\n\n\n\n<figure class=\"wp-block-image size-large\"><img loading=\"lazy\" decoding=\"async\" width=\"1024\" height=\"614\" src=\"https:\/\/www.grupomedcof.com.br\/blog\/wp-content\/uploads\/2024\/09\/image-1024x614.jpeg\" alt=\"Fluxograma e gr\u00e1fico de evolu\u00e7\u00e3o da infec\u00e7\u00e3o viral, mostrando fases de cont\u00e1gio, incuba\u00e7\u00e3o, fase aguda, resposta imunol\u00f3gica com IgM e IgG, testes de PCR\/ant\u00edgeno e sorologia.\" class=\"wp-image-37411\" srcset=\"https:\/\/www.grupomedcof.com.br\/blog\/wp-content\/uploads\/2024\/09\/image-1024x614.jpeg 1024w, https:\/\/www.grupomedcof.com.br\/blog\/wp-content\/uploads\/2024\/09\/image-300x180.jpeg 300w, https:\/\/www.grupomedcof.com.br\/blog\/wp-content\/uploads\/2024\/09\/image-768x460.jpeg 768w, https:\/\/www.grupomedcof.com.br\/blog\/wp-content\/uploads\/2024\/09\/image-1536x921.jpeg 1536w, https:\/\/www.grupomedcof.com.br\/blog\/wp-content\/uploads\/2024\/09\/image-701x420.jpeg 701w, https:\/\/www.grupomedcof.com.br\/blog\/wp-content\/uploads\/2024\/09\/image-150x90.jpeg 150w, https:\/\/www.grupomedcof.com.br\/blog\/wp-content\/uploads\/2024\/09\/image-696x417.jpeg 696w, https:\/\/www.grupomedcof.com.br\/blog\/wp-content\/uploads\/2024\/09\/image-1068x640.jpeg 1068w, https:\/\/www.grupomedcof.com.br\/blog\/wp-content\/uploads\/2024\/09\/image.jpeg 1600w\" sizes=\"auto, (max-width: 1024px) 100vw, 1024px\" \/><figcaption class=\"wp-element-caption\">Evolu\u00e7\u00e3o da infec\u00e7\u00e3o viral: da fase aguda detectada por PCR\/ant\u00edgeno at\u00e9 a resposta imunol\u00f3gica com produ\u00e7\u00e3o de IgM e IgG | Acervo de ilustra\u00e7\u00f5es do Grupo MedCof.<\/figcaption><\/figure>\n\n\n\n<h2 class=\"wp-block-heading\" id=\"h-como-diferencia-las\"><span class=\"ez-toc-section\" id=\"Como_diferencia-las\"><\/span><strong>Como diferenci\u00e1-las?<\/strong><span class=\"ez-toc-section-end\"><\/span><\/h2>\n\n\n\n<h3 class=\"wp-block-heading\" id=\"h-leptospirose\"><span class=\"ez-toc-section\" id=\"Leptospirose\"><\/span><strong>Leptospirose<\/strong><span class=\"ez-toc-section-end\"><\/span><\/h3>\n\n\n\n<p>A <a href=\"https:\/\/www.grupomedcof.com.br\/blog\/leptospirose\/\" target=\"_blank\" rel=\"noreferrer noopener\">leptospirose <\/a>\u00e9 causada por mais de <strong>80 sorotipos<\/strong> de <strong>bact\u00e9rias<\/strong> do g\u00eanero <strong>Leptospira<\/strong>, sendo a <strong>L. icterohaemorrhagiae a mais comum.<\/strong> A transmiss\u00e3o ocorre atrav\u00e9s do <strong>contato com a urina de roedores,<\/strong> seja por pele \u00edntegra, via inalat\u00f3ria, ou mucosa. O per\u00edodo de incuba\u00e7\u00e3o \u00e9, em m\u00e9dia, de <strong>sete dias<\/strong>, variando de 4 a 30 dias. A doen\u00e7a se divide em <strong>duas fases<\/strong> principais:<\/p>\n\n\n\n<div class=\"wp-block-columns is-layout-flex wp-container-core-columns-is-layout-9d6595d7 wp-block-columns-is-layout-flex\">\n<div class=\"wp-block-column is-layout-flow wp-block-column-is-layout-flow\">\n<h4 class=\"wp-block-heading\" id=\"h-fase-leptospiremica-3-5-dias\"><strong>Fase Leptospir\u00eamica (3-5 dias)<\/strong><\/h4>\n\n\n\n<p>Nesta fase, a infec\u00e7\u00e3o \u00e9 <strong>inespec\u00edfica<\/strong> e 80% dos pacientes evoluem para a cura. Os sintomas incluem <strong>febre, mal-estar, n\u00e1useas, v\u00f4mitos e mialgia,<\/strong> especialmente nas panturrilhas e no dorso. Exames laboratoriais podem mostrar <strong>aumento de CPK,<\/strong> <strong>leucocitose com desvio \u00e0 esquerda e transaminases (TGO\/TGP) em valores de at\u00e9 200 UI\/L.<\/strong> Nessa fase, geralmente <strong>n\u00e3o h\u00e1 icter\u00edcia ou inj\u00faria renal. O diagn\u00f3stico \u00e9 realizado por PCR no sangue.<\/strong><\/p>\n<\/div>\n\n\n\n<div class=\"wp-block-column is-layout-flow wp-block-column-is-layout-flow\">\n<h4 class=\"wp-block-heading\" id=\"h-fase-imunologica-sindrome-de-weil\"><strong>Fase Imunol\u00f3gica<\/strong> (<strong>S\u00edndrome de Weil<\/strong>)<\/h4>\n\n\n\n<p>Cerca de 20% dos casos evoluem para essa fase, que \u00e9 <strong>mais grave<\/strong> e cursa com <strong>complica\u00e7\u00f5es<\/strong>. A caracter\u00edstica principal \u00e9 a <strong>icter\u00edcia rub\u00ednica (alaranjada),<\/strong> causada por uma <strong>vasculite sist\u00eamica<\/strong> que leva a sufus\u00f5es hemorr\u00e1gicas. Diferentemente de outras hepatopatias, a <strong>necrose hepatocelular \u00e9 m\u00ednima<\/strong>, com transaminases entre 200-300 UI\/L, mas a colestase intra-hep\u00e1tica <strong>eleva a bilirrubina direta<\/strong>. As principais manifesta\u00e7\u00f5es incluem <strong>inj\u00faria renal aguda n\u00e3o olig\u00farica e normo\/hipocal\u00eamica<\/strong> (apesar de poder haver olig\u00faria, o que indica maior mortalidade), e <strong>edema agudo de pulm\u00e3o<\/strong> (EAP), que \u00e9 a principal causa de morte. Outras complica\u00e7\u00f5es podem ser <strong>meningite ass\u00e9ptica e miocardite.<\/strong> O diagn\u00f3stico \u00e9 feito com <strong>PCR<\/strong> na urina ou <strong>sorologia com aumento do t\u00edtulo<\/strong> em duas semanas ou um t\u00edtulo \u00fanico superior a <strong>1:800<\/strong>.<\/p>\n<\/div>\n<\/div>\n\n\n\n<figure class=\"wp-block-image size-large\"><img loading=\"lazy\" decoding=\"async\" width=\"1024\" height=\"568\" src=\"https:\/\/www.grupomedcof.com.br\/blog\/wp-content\/uploads\/2024\/09\/image-1-1024x568.jpeg\" alt=\"Gr\u00e1fico mostrando a evolu\u00e7\u00e3o da leptospirose, com detec\u00e7\u00e3o por PCR no sangue, PCR na urina e sorologia ao longo das fases de infec\u00e7\u00e3o, leptospiremia e resposta imunol\u00f3gica.\" class=\"wp-image-37412\" srcset=\"https:\/\/www.grupomedcof.com.br\/blog\/wp-content\/uploads\/2024\/09\/image-1-1024x568.jpeg 1024w, https:\/\/www.grupomedcof.com.br\/blog\/wp-content\/uploads\/2024\/09\/image-1-300x167.jpeg 300w, https:\/\/www.grupomedcof.com.br\/blog\/wp-content\/uploads\/2024\/09\/image-1-768x426.jpeg 768w, https:\/\/www.grupomedcof.com.br\/blog\/wp-content\/uploads\/2024\/09\/image-1-1536x852.jpeg 1536w, https:\/\/www.grupomedcof.com.br\/blog\/wp-content\/uploads\/2024\/09\/image-1-757x420.jpeg 757w, https:\/\/www.grupomedcof.com.br\/blog\/wp-content\/uploads\/2024\/09\/image-1-150x83.jpeg 150w, https:\/\/www.grupomedcof.com.br\/blog\/wp-content\/uploads\/2024\/09\/image-1-696x386.jpeg 696w, https:\/\/www.grupomedcof.com.br\/blog\/wp-content\/uploads\/2024\/09\/image-1-1068x593.jpeg 1068w, https:\/\/www.grupomedcof.com.br\/blog\/wp-content\/uploads\/2024\/09\/image-1.jpeg 1600w\" sizes=\"auto, (max-width: 1024px) 100vw, 1024px\" \/><figcaption class=\"wp-element-caption\">Diferen\u00e7a diagn\u00f3stica das duas fases da leptospirose | Acervo de ilustra\u00e7\u00f5es do Grupo MedCof.<\/figcaption><\/figure>\n\n\n\n<p>O tratamento \u00e9 de <strong>suporte<\/strong>, incluindo <strong>di\u00e1lise precoce<\/strong> para a inj\u00faria renal e <strong>antibioticoterapia<\/strong> com <strong>ceftriaxona<\/strong> por 7 dias, que pode ser substitu\u00eddo por <strong>penicilina, amoxicilina, azitromicina ou doxiciclina.<\/strong><\/p>\n\n\n\n<h3 class=\"wp-block-heading\" id=\"h-febre-amarela\"><span class=\"ez-toc-section\" id=\"Febre_Amarela\"><\/span><strong>Febre Amarela<\/strong><span class=\"ez-toc-section-end\"><\/span><\/h3>\n\n\n\n<p>A febre amarela \u00e9 transmitida pelos mosquitos <strong>Aedes (urbano) ou Haemagogus (silvestre),<\/strong> com um per\u00edodo de incuba\u00e7\u00e3o de 3 a 5 dias. A doen\u00e7a tamb\u00e9m se divide em fases:<\/p>\n\n\n\n<div class=\"wp-block-columns is-layout-flex wp-container-core-columns-is-layout-9d6595d7 wp-block-columns-is-layout-flex\">\n<div class=\"wp-block-column is-layout-flow wp-block-column-is-layout-flow\">\n<h4 class=\"wp-block-heading\" id=\"h-periodo-de-infeccao-3-5-dias\"><strong>Per\u00edodo de <a href=\"https:\/\/www.grupomedcof.com.br\/blog\/infectologia\/\" target=\"_blank\" rel=\"noreferrer noopener\">Infec\u00e7\u00e3o<\/a> (3-5 dias)<\/strong><\/h4>\n\n\n\n<p>A <strong>maioria dos pacientes (85%) se recupera nesta fase<\/strong>. Os sintomas s\u00e3o <strong>febre, mal-estar, mialgia, n\u00e1useas, v\u00f4mitos e cefaleia.<\/strong> Um achado sugestivo \u00e9 o <strong>Sinal de Faget<\/strong>, que \u00e9 a <strong>dissocia\u00e7\u00e3o entre febre alta e bradi\/normocardia<\/strong>, causada por compress\u00e3o vagal devido \u00e0 distens\u00e3o hep\u00e1tica. O diagn\u00f3stico \u00e9 feito por <strong>PCR s\u00e9rico na fase vir\u00eamica.<\/strong><\/p>\n<\/div>\n\n\n\n<div class=\"wp-block-column is-layout-flow wp-block-column-is-layout-flow\">\n<h4 class=\"wp-block-heading\" id=\"h-periodo-toxemico\"><strong>Per\u00edodo Tox\u00eamico<\/strong><\/h4>\n\n\n\n<p>Ap\u00f3s um per\u00edodo de 12 a 24 horas de remiss\u00e3o dos sintomas, 15% dos pacientes evoluem para o per\u00edodo tox\u00eamico, com <strong>letalidade de 90%.<\/strong> Esta fase \u00e9 marcada por <strong>fal\u00eancia hep\u00e1tica aguda, com icter\u00edcia, sangramentos gastrointestinais, alargamento do coagulograma, plaquetopenia e transaminases que podem ultrapassar 1000 UI\/L,<\/strong> um achado cl\u00e1ssico que a diferencia de outras doen\u00e7as. Outras manifesta\u00e7\u00f5es incluem <strong>necrose tubular aguda e miocardite<\/strong>. O diagn\u00f3stico \u00e9 confirmado por <strong>sorologia (ELISA)<\/strong> na fase imunol\u00f3gica.<\/p>\n<\/div>\n<\/div>\n\n\n\n<figure class=\"wp-block-image\"><img decoding=\"async\" src=\"https:\/\/lh7-rt.googleusercontent.com\/docsz\/AD_4nXd--5FBig4qMchY1l6oESfWSoui8Sw4R_Z46aWhhgRgAYJhR1LlTIym8NNcSZObrY8U-O1zmadrKToA2RHtdL2jCbrb6-xuKj_NBuhL4_2YezUgBSwy4Zb6hvULhIsGX0hHkQTJvA?key=6fPbhNnkwkiLY93K4fjlrQ\" alt=\"\"\/><figcaption class=\"wp-element-caption\">Paciente com icter\u00edcia e sufus\u00e3o hemorr\u00e1gica conjuntival, sinais da fase tox\u00eamica da febre amarela. Fonte: <a href=\"https:\/\/www.cosemssc.org.br\/wp-content\/uploads\/2021\/06\/Capacita%C3%A7ao-HU_Suspeicao-e-Manejo-Clinico_-Marise.pdf\">https:\/\/www.cosemssc.org.br\/wp-content\/uploads\/2021\/06\/Capacita%C3%A7ao-HU_Suspeicao-e-Manejo-Clinico_-Marise.pdf<\/a>\u00a0<\/figcaption><\/figure>\n\n\n\n<p>O tratamento \u00e9 de <strong>suporte<\/strong>, e o <strong>transplante hep\u00e1tico<\/strong> pode ser necess\u00e1rio em casos graves. A <strong>vacina\u00e7\u00e3o \u00e9 a principal medida de preven\u00e7\u00e3o.<\/strong><\/p>\n\n\n\n<figure class=\"wp-block-image size-large\"><a href=\"https:\/\/www.grupomedcof.com.br\/cofletters\/\"><img loading=\"lazy\" decoding=\"async\" width=\"1024\" height=\"366\" src=\"https:\/\/www.grupomedcof.com.br\/blog\/wp-content\/uploads\/2024\/08\/Capa-Eventos-MedCof-Plus-14-4-1024x366.png\" alt=\"\" class=\"wp-image-29290\" srcset=\"https:\/\/www.grupomedcof.com.br\/blog\/wp-content\/uploads\/2024\/08\/Capa-Eventos-MedCof-Plus-14-4-1024x366.png 1024w, https:\/\/www.grupomedcof.com.br\/blog\/wp-content\/uploads\/2024\/08\/Capa-Eventos-MedCof-Plus-14-4-300x107.png 300w, https:\/\/www.grupomedcof.com.br\/blog\/wp-content\/uploads\/2024\/08\/Capa-Eventos-MedCof-Plus-14-4-768x275.png 768w, https:\/\/www.grupomedcof.com.br\/blog\/wp-content\/uploads\/2024\/08\/Capa-Eventos-MedCof-Plus-14-4-1536x549.png 1536w, https:\/\/www.grupomedcof.com.br\/blog\/wp-content\/uploads\/2024\/08\/Capa-Eventos-MedCof-Plus-14-4-2048x732.png 2048w, https:\/\/www.grupomedcof.com.br\/blog\/wp-content\/uploads\/2024\/08\/Capa-Eventos-MedCof-Plus-14-4-1174x420.png 1174w, https:\/\/www.grupomedcof.com.br\/blog\/wp-content\/uploads\/2024\/08\/Capa-Eventos-MedCof-Plus-14-4-150x54.png 150w, https:\/\/www.grupomedcof.com.br\/blog\/wp-content\/uploads\/2024\/08\/Capa-Eventos-MedCof-Plus-14-4-696x249.png 696w, https:\/\/www.grupomedcof.com.br\/blog\/wp-content\/uploads\/2024\/08\/Capa-Eventos-MedCof-Plus-14-4-1068x382.png 1068w, https:\/\/www.grupomedcof.com.br\/blog\/wp-content\/uploads\/2024\/08\/Capa-Eventos-MedCof-Plus-14-4-1920x687.png 1920w\" sizes=\"auto, (max-width: 1024px) 100vw, 1024px\" \/><\/a><\/figure>\n\n\n\n<h3 class=\"wp-block-heading\" id=\"h-malaria\"><span class=\"ez-toc-section\" id=\"Malaria\"><\/span><strong>Mal\u00e1ria<\/strong><span class=\"ez-toc-section-end\"><\/span><\/h3>\n\n\n\n<p>Causada principalmente por <strong>Plasmodium vivax<\/strong> (mais comum no Brasil) e <strong>P. falciparum<\/strong> (mais grave), a mal\u00e1ria \u00e9 transmitida pela picada do <strong>mosquito Anopheles<\/strong>. A febre \u00e9 o sintoma mais not\u00e1vel, podendo ser <strong>parox\u00edstica<\/strong>, acompanhada de <strong>calafrios e sudorese.<\/strong><\/p>\n\n\n\n<p>As principais caracter\u00edsticas dos tipos de mal\u00e1ria s\u00e3o:<\/p>\n\n\n\n<ul class=\"wp-block-list\">\n<li>P. vivax: Causa a maioria das infec\u00e7\u00f5es no Brasil e \u00e9 conhecida por ter <strong>formas hep\u00e1ticas (hipnozo\u00edtas)<\/strong> que podem causar reca\u00eddas no quadro cl\u00ednico.<\/li>\n\n\n\n<li>P. falciparum: Respons\u00e1vel por cerca de 3% dos casos, causa a forma mais grave da doen\u00e7a, com <strong>alta parasitemia e prefer\u00eancia pelo tecido neurol\u00f3gico<\/strong>, podendo levar \u00e0 <strong>forma cerebral da mal\u00e1ria.<\/strong><\/li>\n<\/ul>\n\n\n\n<p>O padr\u00e3o-ouro de diagn\u00f3stico \u00e9 a gota espessa, que permite <strong>identificar a esp\u00e9cie<\/strong> e <strong>quantificar a parasitemia<\/strong>. Os testes r\u00e1pidos de imunocromatografia n\u00e3o s\u00e3o ideais para o P. vivax.<\/p>\n\n\n\n<p>O tratamento varia de acordo com a esp\u00e9cie:<\/p>\n\n\n\n<ul class=\"wp-block-list\">\n<li>P. vivax: <strong>Cloroquina<\/strong> por 3 dias e primaquina por 7 dias.<\/li>\n\n\n\n<li>P. falciparum: Terapia com<strong> derivados de artemisinina<\/strong>, como <strong>artesunato + mefloquina<\/strong> ou <strong>artemeter + lumefantrina<\/strong>, com primaquina em dose \u00fanica para eliminar os gamet\u00f3citos.<\/li>\n<\/ul>\n\n\n\n<p>A notifica\u00e7\u00e3o \u00e9 semanal na regi\u00e3o amaz\u00f4nica e imediata em outras \u00e1reas.<\/p>\n\n\n\n<figure class=\"wp-block-image size-large\"><img loading=\"lazy\" decoding=\"async\" width=\"1024\" height=\"874\" src=\"https:\/\/www.grupomedcof.com.br\/blog\/wp-content\/uploads\/2024\/09\/image-2-1024x874.jpeg\" alt=\"Tabela comparativa entre mal\u00e1ria por Plasmodium falciparum e Plasmodium vivax, destacando incuba\u00e7\u00e3o, presen\u00e7a de hipnozo\u00edtos, reticul\u00f3citos, periodicidade e tratamento recomendado.\" class=\"wp-image-37413\" srcset=\"https:\/\/www.grupomedcof.com.br\/blog\/wp-content\/uploads\/2024\/09\/image-2-1024x874.jpeg 1024w, https:\/\/www.grupomedcof.com.br\/blog\/wp-content\/uploads\/2024\/09\/image-2-300x256.jpeg 300w, https:\/\/www.grupomedcof.com.br\/blog\/wp-content\/uploads\/2024\/09\/image-2-768x656.jpeg 768w, https:\/\/www.grupomedcof.com.br\/blog\/wp-content\/uploads\/2024\/09\/image-2-492x420.jpeg 492w, https:\/\/www.grupomedcof.com.br\/blog\/wp-content\/uploads\/2024\/09\/image-2-150x128.jpeg 150w, https:\/\/www.grupomedcof.com.br\/blog\/wp-content\/uploads\/2024\/09\/image-2-696x594.jpeg 696w, https:\/\/www.grupomedcof.com.br\/blog\/wp-content\/uploads\/2024\/09\/image-2-1068x912.jpeg 1068w, https:\/\/www.grupomedcof.com.br\/blog\/wp-content\/uploads\/2024\/09\/image-2.jpeg 1381w\" sizes=\"auto, (max-width: 1024px) 100vw, 1024px\" \/><figcaption class=\"wp-element-caption\">Diferen\u00e7as entre os principais tipos de mal\u00e1ria. | Acervo de ilustra\u00e7\u00f5es do Grupo MedCof.<\/figcaption><\/figure>\n\n\n\n<h2 class=\"wp-block-heading\" id=\"o-m\u00e9todo-que-te-aprova\"><span class=\"ez-toc-section\" id=\"O_metodo_que_te_aprova\"><\/span><strong>O m\u00e9todo que te aprova!<\/strong><span class=\"ez-toc-section-end\"><\/span><\/h2>\n\n\n\n<p>Quer alcan\u00e7ar a aprova\u00e7\u00e3o nas provas de resid\u00eancia m\u00e9dica? Ent\u00e3o seja um&nbsp;<a href=\"https:\/\/www.grupomedcof.com.br\/home\/\" target=\"_blank\" rel=\"noreferrer noopener\">MedCoffer<\/a>! Aqui te ajudaremos na busca da aprova\u00e7\u00e3o com conte\u00fados de qualidade e uma&nbsp;<a href=\"https:\/\/www.grupomedcof.com.br\/blog\/presenca-da-medcof-nas-aprovacoes-em-residencia-medica-no-brasil\/\" target=\"_blank\" rel=\"noreferrer noopener\">metodologia que j\u00e1 aprovou mais de 10 mil residentes no pa\u00eds!&nbsp;<\/a>Por fim, acesse o nosso<a href=\"https:\/\/www.youtube.com\/@GrupoMedcof\/featured\" target=\"_blank\" rel=\"noreferrer noopener\">&nbsp;<strong>canal do youtube&nbsp;<\/strong><\/a>para ver o nosso material.<\/p>\n\n\n\n<figure class=\"wp-block-embed is-type-video is-provider-youtube wp-block-embed-youtube wp-embed-aspect-16-9 wp-has-aspect-ratio\"><div class=\"wp-block-embed__wrapper\">\n<div class=\"youtube-embed\" data-video_id=\"nXLjKQ3Za0c\"><iframe loading=\"lazy\" title=\"COFEXPRESS - Tudo sobre icter\u00edcias febris e febre maculosa com Dra. Jaqueline Palazzo\" width=\"696\" height=\"392\" src=\"https:\/\/www.youtube.com\/embed\/nXLjKQ3Za0c?feature=oembed&#038;enablejsapi=1\" frameborder=\"0\" allow=\"accelerometer; autoplay; clipboard-write; encrypted-media; gyroscope; picture-in-picture; web-share\" referrerpolicy=\"strict-origin-when-cross-origin\" allowfullscreen><\/iframe><\/div>\n<\/div><\/figure>\n","protected":false},"excerpt":{"rendered":"<p>A icter\u00edcia refere-se a um quadro causado pela deposi\u00e7\u00e3o de bilirrubina em tecidos, como a pele e a esclera, conferindo-os a cor amarelada. Veja!<\/p>\n","protected":false},"author":21,"featured_media":37414,"comment_status":"open","ping_status":"open","sticky":false,"template":"","format":"standard","meta":{"footnotes":""},"categories":[195],"tags":[1984,1985,1983,117,1450,68],"ppma_author":[3617],"class_list":{"0":"post-29613","1":"post","2":"type-post","3":"status-publish","4":"format-standard","5":"has-post-thumbnail","7":"category-infectologia","8":"tag-bilirrubina","9":"tag-hiperbilirrubinemia","10":"tag-ictericia","11":"tag-provas-de-residencia","12":"tag-questoes","13":"tag-residencia-medica"},"yoast_head":"<!-- This site is optimized with the Yoast SEO Premium plugin v24.3 (Yoast SEO v27.4) - https:\/\/yoast.com\/product\/yoast-seo-premium-wordpress\/ -->\n<title>Icter\u00edcias Febris: Como Diferenciar e Quest\u00f5es | Medcof<\/title>\n<meta name=\"description\" content=\"A icter\u00edcia refere-se a um quadro causado pela deposi\u00e7\u00e3o de bilirrubina em tecidos, como a pele e a esclera, conferindo-os a cor amarelada. Veja!\" \/>\n<meta name=\"robots\" content=\"index, follow, max-snippet:-1, max-image-preview:large, max-video-preview:-1\" \/>\n<link rel=\"canonical\" href=\"https:\/\/www.grupomedcof.com.br\/blog\/saiba-mais-sobre-ictericia-e-treine-com-questoes\/\" \/>\n<meta property=\"og:locale\" content=\"pt_BR\" \/>\n<meta property=\"og:type\" content=\"article\" \/>\n<meta property=\"og:title\" content=\"Descubra quais as principais icter\u00edcias febris e como diferenci\u00e1-las!\" \/>\n<meta property=\"og:description\" content=\"A icter\u00edcia refere-se a um quadro causado pela deposi\u00e7\u00e3o de bilirrubina em tecidos, como a pele e a esclera, conferindo-os a cor amarelada. Veja!\" \/>\n<meta property=\"og:url\" content=\"https:\/\/www.grupomedcof.com.br\/blog\/saiba-mais-sobre-ictericia-e-treine-com-questoes\/\" \/>\n<meta property=\"og:site_name\" content=\"Blog de Medcof: conte\u00fados, editais, revalida e mais!\" \/>\n<meta property=\"article:publisher\" content=\"https:\/\/www.facebook.com\/MedCofQbank\/\" \/>\n<meta property=\"article:published_time\" content=\"2025-08-28T12:15:47+00:00\" \/>\n<meta property=\"article:modified_time\" content=\"2026-04-24T18:49:10+00:00\" \/>\n<meta property=\"og:image\" content=\"https:\/\/www.grupomedcof.com.br\/blog\/wp-content\/uploads\/2024\/09\/Blog-MedCof-2025-08-28T091458.516.jpg\" \/>\n\t<meta property=\"og:image:width\" content=\"1920\" \/>\n\t<meta property=\"og:image:height\" content=\"1080\" \/>\n\t<meta property=\"og:image:type\" content=\"image\/jpeg\" \/>\n<meta name=\"author\" content=\"Kiara Adelino\" \/>\n<meta name=\"twitter:card\" content=\"summary_large_image\" \/>\n<meta name=\"twitter:label1\" content=\"Escrito por\" \/>\n\t<meta name=\"twitter:data1\" content=\"Kiara Adelino\" \/>\n\t<meta name=\"twitter:label2\" content=\"Est. tempo de leitura\" \/>\n\t<meta name=\"twitter:data2\" content=\"7 minutos\" \/>\n<script type=\"application\/ld+json\" class=\"yoast-schema-graph\">{\"@context\":\"https:\\\/\\\/schema.org\",\"@graph\":[{\"@type\":\"Article\",\"@id\":\"https:\\\/\\\/www.grupomedcof.com.br\\\/blog\\\/saiba-mais-sobre-ictericia-e-treine-com-questoes\\\/#article\",\"isPartOf\":{\"@id\":\"https:\\\/\\\/www.grupomedcof.com.br\\\/blog\\\/saiba-mais-sobre-ictericia-e-treine-com-questoes\\\/\"},\"author\":{\"name\":\"Kiara Adelino\",\"@id\":\"https:\\\/\\\/www.grupomedcof.com.br\\\/blog\\\/#\\\/schema\\\/person\\\/db19a651f86c5fc202d6eee744fd3292\"},\"headline\":\"Descubra quais as principais icter\u00edcias febris e como diferenci\u00e1-las!\",\"datePublished\":\"2025-08-28T12:15:47+00:00\",\"dateModified\":\"2026-04-24T18:49:10+00:00\",\"mainEntityOfPage\":{\"@id\":\"https:\\\/\\\/www.grupomedcof.com.br\\\/blog\\\/saiba-mais-sobre-ictericia-e-treine-com-questoes\\\/\"},\"wordCount\":999,\"commentCount\":0,\"publisher\":{\"@id\":\"https:\\\/\\\/www.grupomedcof.com.br\\\/blog\\\/#organization\"},\"image\":{\"@id\":\"https:\\\/\\\/www.grupomedcof.com.br\\\/blog\\\/saiba-mais-sobre-ictericia-e-treine-com-questoes\\\/#primaryimage\"},\"thumbnailUrl\":\"https:\\\/\\\/www.grupomedcof.com.br\\\/blog\\\/wp-content\\\/uploads\\\/2024\\\/09\\\/Blog-MedCof-2025-08-28T091458.516.jpg\",\"keywords\":[\"Bilirrubina\",\"Hiperbilirrubinemia\",\"Icter\u00edcia\",\"Provas de Resid\u00eancia\",\"Quest\u00f5es\",\"Resid\u00eancia M\u00e9dica\"],\"articleSection\":[\"Infectologia\"],\"inLanguage\":\"pt-BR\"},{\"@type\":\"WebPage\",\"@id\":\"https:\\\/\\\/www.grupomedcof.com.br\\\/blog\\\/saiba-mais-sobre-ictericia-e-treine-com-questoes\\\/\",\"url\":\"https:\\\/\\\/www.grupomedcof.com.br\\\/blog\\\/saiba-mais-sobre-ictericia-e-treine-com-questoes\\\/\",\"name\":\"Icter\u00edcias Febris: Como Diferenciar e Quest\u00f5es | Medcof\",\"isPartOf\":{\"@id\":\"https:\\\/\\\/www.grupomedcof.com.br\\\/blog\\\/#website\"},\"primaryImageOfPage\":{\"@id\":\"https:\\\/\\\/www.grupomedcof.com.br\\\/blog\\\/saiba-mais-sobre-ictericia-e-treine-com-questoes\\\/#primaryimage\"},\"image\":{\"@id\":\"https:\\\/\\\/www.grupomedcof.com.br\\\/blog\\\/saiba-mais-sobre-ictericia-e-treine-com-questoes\\\/#primaryimage\"},\"thumbnailUrl\":\"https:\\\/\\\/www.grupomedcof.com.br\\\/blog\\\/wp-content\\\/uploads\\\/2024\\\/09\\\/Blog-MedCof-2025-08-28T091458.516.jpg\",\"datePublished\":\"2025-08-28T12:15:47+00:00\",\"dateModified\":\"2026-04-24T18:49:10+00:00\",\"description\":\"A icter\u00edcia refere-se a um quadro causado pela deposi\u00e7\u00e3o de bilirrubina em tecidos, como a pele e a esclera, conferindo-os a cor amarelada. Veja!\",\"breadcrumb\":{\"@id\":\"https:\\\/\\\/www.grupomedcof.com.br\\\/blog\\\/saiba-mais-sobre-ictericia-e-treine-com-questoes\\\/#breadcrumb\"},\"inLanguage\":\"pt-BR\",\"potentialAction\":[{\"@type\":\"ReadAction\",\"target\":[\"https:\\\/\\\/www.grupomedcof.com.br\\\/blog\\\/saiba-mais-sobre-ictericia-e-treine-com-questoes\\\/\"]}]},{\"@type\":\"ImageObject\",\"inLanguage\":\"pt-BR\",\"@id\":\"https:\\\/\\\/www.grupomedcof.com.br\\\/blog\\\/saiba-mais-sobre-ictericia-e-treine-com-questoes\\\/#primaryimage\",\"url\":\"https:\\\/\\\/www.grupomedcof.com.br\\\/blog\\\/wp-content\\\/uploads\\\/2024\\\/09\\\/Blog-MedCof-2025-08-28T091458.516.jpg\",\"contentUrl\":\"https:\\\/\\\/www.grupomedcof.com.br\\\/blog\\\/wp-content\\\/uploads\\\/2024\\\/09\\\/Blog-MedCof-2025-08-28T091458.516.jpg\",\"width\":1920,\"height\":1080},{\"@type\":\"BreadcrumbList\",\"@id\":\"https:\\\/\\\/www.grupomedcof.com.br\\\/blog\\\/saiba-mais-sobre-ictericia-e-treine-com-questoes\\\/#breadcrumb\",\"itemListElement\":[{\"@type\":\"ListItem\",\"position\":1,\"name\":\"In\u00edcio\",\"item\":\"https:\\\/\\\/www.grupomedcof.com.br\\\/blog\\\/\"},{\"@type\":\"ListItem\",\"position\":2,\"name\":\"Descubra quais as principais icter\u00edcias febris e como diferenci\u00e1-las!\"}]},{\"@type\":\"WebSite\",\"@id\":\"https:\\\/\\\/www.grupomedcof.com.br\\\/blog\\\/#website\",\"url\":\"https:\\\/\\\/www.grupomedcof.com.br\\\/blog\\\/\",\"name\":\"Blog de Medcof: conte\u00fados, editais, revalida e mais!\",\"description\":\"Acesso o blog de MedCof! Seu portal de conte\u00fados sobre resid\u00eancia m\u00e9dica, an\u00e1lise e editais e muito mais. Clique e confira!\",\"publisher\":{\"@id\":\"https:\\\/\\\/www.grupomedcof.com.br\\\/blog\\\/#organization\"},\"alternateName\":\"Blog de Medcof: conte\u00fados, editais, revalida e mais!\",\"potentialAction\":[{\"@type\":\"SearchAction\",\"target\":{\"@type\":\"EntryPoint\",\"urlTemplate\":\"https:\\\/\\\/www.grupomedcof.com.br\\\/blog\\\/?s={search_term_string}\"},\"query-input\":{\"@type\":\"PropertyValueSpecification\",\"valueRequired\":true,\"valueName\":\"search_term_string\"}}],\"inLanguage\":\"pt-BR\"},{\"@type\":\"Organization\",\"@id\":\"https:\\\/\\\/www.grupomedcof.com.br\\\/blog\\\/#organization\",\"name\":\"Grupo MedCof\",\"url\":\"https:\\\/\\\/www.grupomedcof.com.br\\\/blog\\\/\",\"logo\":{\"@type\":\"ImageObject\",\"inLanguage\":\"pt-BR\",\"@id\":\"https:\\\/\\\/www.grupomedcof.com.br\\\/blog\\\/#\\\/schema\\\/logo\\\/image\\\/\",\"url\":\"https:\\\/\\\/www.grupomedcof.com.br\\\/blog\\\/wp-content\\\/uploads\\\/2022\\\/01\\\/logo-medcof.png\",\"contentUrl\":\"https:\\\/\\\/www.grupomedcof.com.br\\\/blog\\\/wp-content\\\/uploads\\\/2022\\\/01\\\/logo-medcof.png\",\"width\":768,\"height\":269,\"caption\":\"Grupo MedCof\"},\"image\":{\"@id\":\"https:\\\/\\\/www.grupomedcof.com.br\\\/blog\\\/#\\\/schema\\\/logo\\\/image\\\/\"},\"sameAs\":[\"https:\\\/\\\/www.facebook.com\\\/MedCofQbank\\\/\",\"https:\\\/\\\/www.instagram.com\\\/grupomedcof\\\/\",\"https:\\\/\\\/br.linkedin.com\\\/company\\\/medcof\",\"https:\\\/\\\/www.youtube.com\\\/channel\\\/UCdHMuOHKICxcHwecxN8P-AA\"]},{\"@type\":\"Person\",\"@id\":\"https:\\\/\\\/www.grupomedcof.com.br\\\/blog\\\/#\\\/schema\\\/person\\\/db19a651f86c5fc202d6eee744fd3292\",\"name\":\"Kiara Adelino\",\"image\":{\"@type\":\"ImageObject\",\"inLanguage\":\"pt-BR\",\"@id\":\"https:\\\/\\\/www.grupomedcof.com.br\\\/blog\\\/wp-content\\\/uploads\\\/2024\\\/08\\\/cropped-Kiara-Adelino2-96x96.jpega85663bdda67261f8f06f86e555e1e49\",\"url\":\"https:\\\/\\\/www.grupomedcof.com.br\\\/blog\\\/wp-content\\\/uploads\\\/2024\\\/08\\\/cropped-Kiara-Adelino2-96x96.jpeg\",\"contentUrl\":\"https:\\\/\\\/www.grupomedcof.com.br\\\/blog\\\/wp-content\\\/uploads\\\/2024\\\/08\\\/cropped-Kiara-Adelino2-96x96.jpeg\",\"caption\":\"Kiara Adelino\"},\"description\":\"Estudante do 5\u00b0 semestre de Medicina. Gosto bastante de aprender coisas novas, principalmente na \u00e1rea de Neurologia e Anatomia humana.\",\"url\":\"https:\\\/\\\/www.grupomedcof.com.br\\\/blog\\\/author\\\/kiara-adelino\\\/\"}]}<\/script>\n<!-- \/ Yoast SEO Premium plugin. -->","yoast_head_json":{"title":"Icter\u00edcias Febris: Como Diferenciar e Quest\u00f5es | Medcof","description":"A icter\u00edcia refere-se a um quadro causado pela deposi\u00e7\u00e3o de bilirrubina em tecidos, como a pele e a esclera, conferindo-os a cor amarelada. Veja!","robots":{"index":"index","follow":"follow","max-snippet":"max-snippet:-1","max-image-preview":"max-image-preview:large","max-video-preview":"max-video-preview:-1"},"canonical":"https:\/\/www.grupomedcof.com.br\/blog\/saiba-mais-sobre-ictericia-e-treine-com-questoes\/","og_locale":"pt_BR","og_type":"article","og_title":"Descubra quais as principais icter\u00edcias febris e como diferenci\u00e1-las!","og_description":"A icter\u00edcia refere-se a um quadro causado pela deposi\u00e7\u00e3o de bilirrubina em tecidos, como a pele e a esclera, conferindo-os a cor amarelada. Veja!","og_url":"https:\/\/www.grupomedcof.com.br\/blog\/saiba-mais-sobre-ictericia-e-treine-com-questoes\/","og_site_name":"Blog de Medcof: conte\u00fados, editais, revalida e mais!","article_publisher":"https:\/\/www.facebook.com\/MedCofQbank\/","article_published_time":"2025-08-28T12:15:47+00:00","article_modified_time":"2026-04-24T18:49:10+00:00","og_image":[{"width":1920,"height":1080,"url":"https:\/\/www.grupomedcof.com.br\/blog\/wp-content\/uploads\/2024\/09\/Blog-MedCof-2025-08-28T091458.516.jpg","type":"image\/jpeg"}],"author":"Kiara Adelino","twitter_card":"summary_large_image","twitter_misc":{"Escrito por":"Kiara Adelino","Est. tempo de leitura":"7 minutos"},"schema":{"@context":"https:\/\/schema.org","@graph":[{"@type":"Article","@id":"https:\/\/www.grupomedcof.com.br\/blog\/saiba-mais-sobre-ictericia-e-treine-com-questoes\/#article","isPartOf":{"@id":"https:\/\/www.grupomedcof.com.br\/blog\/saiba-mais-sobre-ictericia-e-treine-com-questoes\/"},"author":{"name":"Kiara Adelino","@id":"https:\/\/www.grupomedcof.com.br\/blog\/#\/schema\/person\/db19a651f86c5fc202d6eee744fd3292"},"headline":"Descubra quais as principais icter\u00edcias febris e como diferenci\u00e1-las!","datePublished":"2025-08-28T12:15:47+00:00","dateModified":"2026-04-24T18:49:10+00:00","mainEntityOfPage":{"@id":"https:\/\/www.grupomedcof.com.br\/blog\/saiba-mais-sobre-ictericia-e-treine-com-questoes\/"},"wordCount":999,"commentCount":0,"publisher":{"@id":"https:\/\/www.grupomedcof.com.br\/blog\/#organization"},"image":{"@id":"https:\/\/www.grupomedcof.com.br\/blog\/saiba-mais-sobre-ictericia-e-treine-com-questoes\/#primaryimage"},"thumbnailUrl":"https:\/\/www.grupomedcof.com.br\/blog\/wp-content\/uploads\/2024\/09\/Blog-MedCof-2025-08-28T091458.516.jpg","keywords":["Bilirrubina","Hiperbilirrubinemia","Icter\u00edcia","Provas de Resid\u00eancia","Quest\u00f5es","Resid\u00eancia M\u00e9dica"],"articleSection":["Infectologia"],"inLanguage":"pt-BR"},{"@type":"WebPage","@id":"https:\/\/www.grupomedcof.com.br\/blog\/saiba-mais-sobre-ictericia-e-treine-com-questoes\/","url":"https:\/\/www.grupomedcof.com.br\/blog\/saiba-mais-sobre-ictericia-e-treine-com-questoes\/","name":"Icter\u00edcias Febris: Como Diferenciar e Quest\u00f5es | Medcof","isPartOf":{"@id":"https:\/\/www.grupomedcof.com.br\/blog\/#website"},"primaryImageOfPage":{"@id":"https:\/\/www.grupomedcof.com.br\/blog\/saiba-mais-sobre-ictericia-e-treine-com-questoes\/#primaryimage"},"image":{"@id":"https:\/\/www.grupomedcof.com.br\/blog\/saiba-mais-sobre-ictericia-e-treine-com-questoes\/#primaryimage"},"thumbnailUrl":"https:\/\/www.grupomedcof.com.br\/blog\/wp-content\/uploads\/2024\/09\/Blog-MedCof-2025-08-28T091458.516.jpg","datePublished":"2025-08-28T12:15:47+00:00","dateModified":"2026-04-24T18:49:10+00:00","description":"A icter\u00edcia refere-se a um quadro causado pela deposi\u00e7\u00e3o de bilirrubina em tecidos, como a pele e a esclera, conferindo-os a cor amarelada. Veja!","breadcrumb":{"@id":"https:\/\/www.grupomedcof.com.br\/blog\/saiba-mais-sobre-ictericia-e-treine-com-questoes\/#breadcrumb"},"inLanguage":"pt-BR","potentialAction":[{"@type":"ReadAction","target":["https:\/\/www.grupomedcof.com.br\/blog\/saiba-mais-sobre-ictericia-e-treine-com-questoes\/"]}]},{"@type":"ImageObject","inLanguage":"pt-BR","@id":"https:\/\/www.grupomedcof.com.br\/blog\/saiba-mais-sobre-ictericia-e-treine-com-questoes\/#primaryimage","url":"https:\/\/www.grupomedcof.com.br\/blog\/wp-content\/uploads\/2024\/09\/Blog-MedCof-2025-08-28T091458.516.jpg","contentUrl":"https:\/\/www.grupomedcof.com.br\/blog\/wp-content\/uploads\/2024\/09\/Blog-MedCof-2025-08-28T091458.516.jpg","width":1920,"height":1080},{"@type":"BreadcrumbList","@id":"https:\/\/www.grupomedcof.com.br\/blog\/saiba-mais-sobre-ictericia-e-treine-com-questoes\/#breadcrumb","itemListElement":[{"@type":"ListItem","position":1,"name":"In\u00edcio","item":"https:\/\/www.grupomedcof.com.br\/blog\/"},{"@type":"ListItem","position":2,"name":"Descubra quais as principais icter\u00edcias febris e como diferenci\u00e1-las!"}]},{"@type":"WebSite","@id":"https:\/\/www.grupomedcof.com.br\/blog\/#website","url":"https:\/\/www.grupomedcof.com.br\/blog\/","name":"Blog de Medcof: conte\u00fados, editais, revalida e mais!","description":"Acesso o blog de MedCof! Seu portal de conte\u00fados sobre resid\u00eancia m\u00e9dica, an\u00e1lise e editais e muito mais. Clique e confira!","publisher":{"@id":"https:\/\/www.grupomedcof.com.br\/blog\/#organization"},"alternateName":"Blog de Medcof: conte\u00fados, editais, revalida e mais!","potentialAction":[{"@type":"SearchAction","target":{"@type":"EntryPoint","urlTemplate":"https:\/\/www.grupomedcof.com.br\/blog\/?s={search_term_string}"},"query-input":{"@type":"PropertyValueSpecification","valueRequired":true,"valueName":"search_term_string"}}],"inLanguage":"pt-BR"},{"@type":"Organization","@id":"https:\/\/www.grupomedcof.com.br\/blog\/#organization","name":"Grupo MedCof","url":"https:\/\/www.grupomedcof.com.br\/blog\/","logo":{"@type":"ImageObject","inLanguage":"pt-BR","@id":"https:\/\/www.grupomedcof.com.br\/blog\/#\/schema\/logo\/image\/","url":"https:\/\/www.grupomedcof.com.br\/blog\/wp-content\/uploads\/2022\/01\/logo-medcof.png","contentUrl":"https:\/\/www.grupomedcof.com.br\/blog\/wp-content\/uploads\/2022\/01\/logo-medcof.png","width":768,"height":269,"caption":"Grupo MedCof"},"image":{"@id":"https:\/\/www.grupomedcof.com.br\/blog\/#\/schema\/logo\/image\/"},"sameAs":["https:\/\/www.facebook.com\/MedCofQbank\/","https:\/\/www.instagram.com\/grupomedcof\/","https:\/\/br.linkedin.com\/company\/medcof","https:\/\/www.youtube.com\/channel\/UCdHMuOHKICxcHwecxN8P-AA"]},{"@type":"Person","@id":"https:\/\/www.grupomedcof.com.br\/blog\/#\/schema\/person\/db19a651f86c5fc202d6eee744fd3292","name":"Kiara Adelino","image":{"@type":"ImageObject","inLanguage":"pt-BR","@id":"https:\/\/www.grupomedcof.com.br\/blog\/wp-content\/uploads\/2024\/08\/cropped-Kiara-Adelino2-96x96.jpega85663bdda67261f8f06f86e555e1e49","url":"https:\/\/www.grupomedcof.com.br\/blog\/wp-content\/uploads\/2024\/08\/cropped-Kiara-Adelino2-96x96.jpeg","contentUrl":"https:\/\/www.grupomedcof.com.br\/blog\/wp-content\/uploads\/2024\/08\/cropped-Kiara-Adelino2-96x96.jpeg","caption":"Kiara Adelino"},"description":"Estudante do 5\u00b0 semestre de Medicina. Gosto bastante de aprender coisas novas, principalmente na \u00e1rea de Neurologia e Anatomia humana.","url":"https:\/\/www.grupomedcof.com.br\/blog\/author\/kiara-adelino\/"}]}},"authors":[{"term_id":3617,"user_id":21,"is_guest":0,"slug":"kiara-adelino","display_name":"Kiara Adelino","avatar_url":"https:\/\/www.grupomedcof.com.br\/blog\/wp-content\/uploads\/2024\/08\/cropped-Kiara-Adelino2-96x96.jpeg","0":null,"1":"","2":"","3":"","4":"","5":"","6":"","7":"","8":""}],"_links":{"self":[{"href":"https:\/\/www.grupomedcof.com.br\/blog\/wp-json\/wp\/v2\/posts\/29613","targetHints":{"allow":["GET"]}}],"collection":[{"href":"https:\/\/www.grupomedcof.com.br\/blog\/wp-json\/wp\/v2\/posts"}],"about":[{"href":"https:\/\/www.grupomedcof.com.br\/blog\/wp-json\/wp\/v2\/types\/post"}],"author":[{"embeddable":true,"href":"https:\/\/www.grupomedcof.com.br\/blog\/wp-json\/wp\/v2\/users\/21"}],"replies":[{"embeddable":true,"href":"https:\/\/www.grupomedcof.com.br\/blog\/wp-json\/wp\/v2\/comments?post=29613"}],"version-history":[{"count":1,"href":"https:\/\/www.grupomedcof.com.br\/blog\/wp-json\/wp\/v2\/posts\/29613\/revisions"}],"predecessor-version":[{"id":37415,"href":"https:\/\/www.grupomedcof.com.br\/blog\/wp-json\/wp\/v2\/posts\/29613\/revisions\/37415"}],"wp:featuredmedia":[{"embeddable":true,"href":"https:\/\/www.grupomedcof.com.br\/blog\/wp-json\/wp\/v2\/media\/37414"}],"wp:attachment":[{"href":"https:\/\/www.grupomedcof.com.br\/blog\/wp-json\/wp\/v2\/media?parent=29613"}],"wp:term":[{"taxonomy":"category","embeddable":true,"href":"https:\/\/www.grupomedcof.com.br\/blog\/wp-json\/wp\/v2\/categories?post=29613"},{"taxonomy":"post_tag","embeddable":true,"href":"https:\/\/www.grupomedcof.com.br\/blog\/wp-json\/wp\/v2\/tags?post=29613"},{"taxonomy":"author","embeddable":true,"href":"https:\/\/www.grupomedcof.com.br\/blog\/wp-json\/wp\/v2\/ppma_author?post=29613"}],"curies":[{"name":"wp","href":"https:\/\/api.w.org\/{rel}","templated":true}]}}