{"id":29645,"date":"2024-09-10T07:51:11","date_gmt":"2024-09-10T10:51:11","guid":{"rendered":"https:\/\/www.grupomedcof.com.br\/blog\/?p=29645"},"modified":"2024-09-10T07:52:04","modified_gmt":"2024-09-10T10:52:04","slug":"preparacao-para-residencia-em-onco-hematologia-responda-questoes-sobre-purpura-trombotica","status":"publish","type":"post","link":"https:\/\/www.grupomedcof.com.br\/blog\/preparacao-para-residencia-em-onco-hematologia-responda-questoes-sobre-purpura-trombotica\/","title":{"rendered":"Prepara\u00e7\u00e3o para Resid\u00eancia em Onco-hematologia: P\u00farpura Tromb\u00f3tica"},"content":{"rendered":"<div id=\"ez-toc-container\" class=\"ez-toc-v2_0_74 counter-hierarchy ez-toc-counter ez-toc-transparent ez-toc-container-direction\">\n<div class=\"ez-toc-title-container\">\n<p class=\"ez-toc-title\" style=\"cursor:inherit\">Sum\u00e1rio<\/p>\n<span class=\"ez-toc-title-toggle\"><a href=\"#\" class=\"ez-toc-pull-right ez-toc-btn ez-toc-btn-xs ez-toc-btn-default ez-toc-toggle\" aria-label=\"Alternar tabela de conte\u00fado\"><span class=\"ez-toc-js-icon-con\"><span class=\"\"><span class=\"eztoc-hide\" style=\"display:none;\">Toggle<\/span><span class=\"ez-toc-icon-toggle-span\"><svg style=\"fill: #999;color:#999\" xmlns=\"http:\/\/www.w3.org\/2000\/svg\" class=\"list-377408\" width=\"20px\" height=\"20px\" viewBox=\"0 0 24 24\" fill=\"none\"><path d=\"M6 6H4v2h2V6zm14 0H8v2h12V6zM4 11h2v2H4v-2zm16 0H8v2h12v-2zM4 16h2v2H4v-2zm16 0H8v2h12v-2z\" fill=\"currentColor\"><\/path><\/svg><svg style=\"fill: #999;color:#999\" class=\"arrow-unsorted-368013\" xmlns=\"http:\/\/www.w3.org\/2000\/svg\" width=\"10px\" height=\"10px\" viewBox=\"0 0 24 24\" version=\"1.2\" baseProfile=\"tiny\"><path d=\"M18.2 9.3l-6.2-6.3-6.2 6.3c-.2.2-.3.4-.3.7s.1.5.3.7c.2.2.4.3.7.3h11c.3 0 .5-.1.7-.3.2-.2.3-.5.3-.7s-.1-.5-.3-.7zM5.8 14.7l6.2 6.3 6.2-6.3c.2-.2.3-.5.3-.7s-.1-.5-.3-.7c-.2-.2-.4-.3-.7-.3h-11c-.3 0-.5.1-.7.3-.2.2-.3.5-.3.7s.1.5.3.7z\"\/><\/svg><\/span><\/span><\/span><\/a><\/span><\/div>\n<nav><ul class='ez-toc-list ez-toc-list-level-1 ' ><li class='ez-toc-page-1 ez-toc-heading-level-2'><a class=\"ez-toc-link ez-toc-heading-1\" href=\"https:\/\/www.grupomedcof.com.br\/blog\/preparacao-para-residencia-em-onco-hematologia-responda-questoes-sobre-purpura-trombotica\/#Tratamento\" >Tratamento<\/a><\/li><li class='ez-toc-page-1 ez-toc-heading-level-2'><a class=\"ez-toc-link ez-toc-heading-2\" href=\"https:\/\/www.grupomedcof.com.br\/blog\/preparacao-para-residencia-em-onco-hematologia-responda-questoes-sobre-purpura-trombotica\/#Questoes\" >Quest\u00f5es\u00a0<\/a><ul class='ez-toc-list-level-3' ><li class='ez-toc-heading-level-3'><a class=\"ez-toc-link ez-toc-heading-3\" href=\"https:\/\/www.grupomedcof.com.br\/blog\/preparacao-para-residencia-em-onco-hematologia-responda-questoes-sobre-purpura-trombotica\/#E_ai_conseguiu_responder\" >E a\u00ed, conseguiu responder?<\/a><\/li><\/ul><\/li><li class='ez-toc-page-1 ez-toc-heading-level-2'><a class=\"ez-toc-link ez-toc-heading-4\" href=\"https:\/\/www.grupomedcof.com.br\/blog\/preparacao-para-residencia-em-onco-hematologia-responda-questoes-sobre-purpura-trombotica\/#O_metodo_que_te_aprova\" >O m\u00e9todo que te aprova!<\/a><\/li><\/ul><\/nav><\/div>\n\n<figure class=\"wp-block-image size-large\"><img loading=\"lazy\" decoding=\"async\" width=\"1024\" height=\"576\" src=\"https:\/\/www.grupomedcof.com.br\/blog\/wp-content\/uploads\/2024\/09\/Blog-MedCof-2024-09-10T074846.065-1024x576.png\" alt=\"\" class=\"wp-image-29647\" srcset=\"https:\/\/www.grupomedcof.com.br\/blog\/wp-content\/uploads\/2024\/09\/Blog-MedCof-2024-09-10T074846.065-1024x576.png 1024w, https:\/\/www.grupomedcof.com.br\/blog\/wp-content\/uploads\/2024\/09\/Blog-MedCof-2024-09-10T074846.065-300x169.png 300w, https:\/\/www.grupomedcof.com.br\/blog\/wp-content\/uploads\/2024\/09\/Blog-MedCof-2024-09-10T074846.065-768x432.png 768w, https:\/\/www.grupomedcof.com.br\/blog\/wp-content\/uploads\/2024\/09\/Blog-MedCof-2024-09-10T074846.065-1536x864.png 1536w, https:\/\/www.grupomedcof.com.br\/blog\/wp-content\/uploads\/2024\/09\/Blog-MedCof-2024-09-10T074846.065-2048x1152.png 2048w, https:\/\/www.grupomedcof.com.br\/blog\/wp-content\/uploads\/2024\/09\/Blog-MedCof-2024-09-10T074846.065-747x420.png 747w, https:\/\/www.grupomedcof.com.br\/blog\/wp-content\/uploads\/2024\/09\/Blog-MedCof-2024-09-10T074846.065-150x84.png 150w, https:\/\/www.grupomedcof.com.br\/blog\/wp-content\/uploads\/2024\/09\/Blog-MedCof-2024-09-10T074846.065-696x392.png 696w, https:\/\/www.grupomedcof.com.br\/blog\/wp-content\/uploads\/2024\/09\/Blog-MedCof-2024-09-10T074846.065-1068x601.png 1068w, https:\/\/www.grupomedcof.com.br\/blog\/wp-content\/uploads\/2024\/09\/Blog-MedCof-2024-09-10T074846.065-1920x1080.png 1920w\" sizes=\"auto, (max-width: 1024px) 100vw, 1024px\" \/><\/figure>\n\n\n\n<p>A <strong>p\u00farpura trombocitop\u00eanica tromb\u00f3tica<\/strong> (PTT) \u00e9 um dist\u00farbio raro e grave que envolve a forma\u00e7\u00e3o de pequenos co\u00e1gulos sangu\u00edneos por todo o corpo. Esses co\u00e1gulos podem bloquear o fluxo de sangue para \u00f3rg\u00e3os vitais, como o c\u00e9rebro, o cora\u00e7\u00e3o e os rins.<\/p>\n\n\n\n<p>A <strong>PTT<\/strong> \u00e9 geralmente causada por uma disfun\u00e7\u00e3o no sistema imunol\u00f3gico, levando \u00e0 forma\u00e7\u00e3o de anticorpos contra a enzima <strong>ADAMTS13.<\/strong> Essa enzima \u00e9 respons\u00e1vel por regular o tamanho dos mult\u00edmeros do fator de von Willebrand, uma prote\u00edna envolvida na coagula\u00e7\u00e3o sangu\u00ednea. Quando a <strong>ADAMTS1<\/strong>3 \u00e9 inibida por esses anticorpos, os mult\u00edmeros do fator de von Willebrand se tornam maiores e mais propensos a formar co\u00e1gulos.<\/p>\n\n\n\n<p>Os sintomas envolvidos podem variar de acordo com os \u00f3rg\u00e3os afetados pelos co\u00e1gulos, mas em geral incluem:&nbsp;<\/p>\n\n\n\n<ul class=\"wp-block-list\">\n<li>Anemia hemol\u00edtica: destrui\u00e7\u00e3o anormal de gl\u00f3bulos vermelhos, o que pode causar fadiga, palidez e <a href=\"https:\/\/www.grupomedcof.com.br\/blog\/saiba-mais-sobre-ictericia-e-treine-com-questoes\/\" target=\"_blank\" rel=\"noreferrer noopener\">icter\u00edcia;<\/a><\/li>\n\n\n\n<li>Trombocitopenia: baixa contagem de plaquetas, o que pode levar a sangramentos f\u00e1cil e hematomas;<\/li>\n\n\n\n<li>Febre;<\/li>\n\n\n\n<li>Dor de cabe\u00e7a;<\/li>\n\n\n\n<li>Confus\u00e3o mental;<\/li>\n\n\n\n<li>Altera\u00e7\u00f5es visuais;<\/li>\n\n\n\n<li>Dor abdominal;<\/li>\n\n\n\n<li>V\u00f4mitos;<\/li>\n\n\n\n<li>Diarr\u00e9ia;<\/li>\n\n\n\n<li>Insufici\u00eancia renal.<\/li>\n<\/ul>\n\n\n\n<p>O diagn\u00f3stico da PTT envolve uma combina\u00e7\u00e3o de exames de sangue, incluindo: contagem de plaquetas baixa, anemia hemol\u00edtica, eleva\u00e7\u00e3o dos n\u00edveis de creatinina (indicativo de insufici\u00eancia renal), eleva\u00e7\u00e3o dos n\u00edveis de \u00e1cido \u00farico (indicativo de destrui\u00e7\u00e3o de c\u00e9lulas) e anticorpos contra a enzima <strong>ADAMTS13.<\/strong><\/p>\n\n\n\n<figure class=\"wp-block-image size-large\"><a href=\"https:\/\/www.grupomedcof.com.br\/cofletters\/\"><img loading=\"lazy\" decoding=\"async\" width=\"1024\" height=\"366\" src=\"https:\/\/www.grupomedcof.com.br\/blog\/wp-content\/uploads\/2024\/08\/Capa-Eventos-MedCof-Plus-14-4-1024x366.png\" alt=\"\" class=\"wp-image-29290\" srcset=\"https:\/\/www.grupomedcof.com.br\/blog\/wp-content\/uploads\/2024\/08\/Capa-Eventos-MedCof-Plus-14-4-1024x366.png 1024w, https:\/\/www.grupomedcof.com.br\/blog\/wp-content\/uploads\/2024\/08\/Capa-Eventos-MedCof-Plus-14-4-300x107.png 300w, https:\/\/www.grupomedcof.com.br\/blog\/wp-content\/uploads\/2024\/08\/Capa-Eventos-MedCof-Plus-14-4-768x275.png 768w, https:\/\/www.grupomedcof.com.br\/blog\/wp-content\/uploads\/2024\/08\/Capa-Eventos-MedCof-Plus-14-4-1536x549.png 1536w, https:\/\/www.grupomedcof.com.br\/blog\/wp-content\/uploads\/2024\/08\/Capa-Eventos-MedCof-Plus-14-4-2048x732.png 2048w, https:\/\/www.grupomedcof.com.br\/blog\/wp-content\/uploads\/2024\/08\/Capa-Eventos-MedCof-Plus-14-4-1174x420.png 1174w, https:\/\/www.grupomedcof.com.br\/blog\/wp-content\/uploads\/2024\/08\/Capa-Eventos-MedCof-Plus-14-4-150x54.png 150w, https:\/\/www.grupomedcof.com.br\/blog\/wp-content\/uploads\/2024\/08\/Capa-Eventos-MedCof-Plus-14-4-696x249.png 696w, https:\/\/www.grupomedcof.com.br\/blog\/wp-content\/uploads\/2024\/08\/Capa-Eventos-MedCof-Plus-14-4-1068x382.png 1068w, https:\/\/www.grupomedcof.com.br\/blog\/wp-content\/uploads\/2024\/08\/Capa-Eventos-MedCof-Plus-14-4-1920x687.png 1920w\" sizes=\"auto, (max-width: 1024px) 100vw, 1024px\" \/><\/a><\/figure>\n\n\n\n<h2 class=\"wp-block-heading\" id=\"h-tratamento\"><span class=\"ez-toc-section\" id=\"Tratamento\"><\/span><strong>Tratamento<\/strong><span class=\"ez-toc-section-end\"><\/span><\/h2>\n\n\n\n<p>O tratamento da PTT geralmente envolve a <strong>plasmaf\u00e9rese<\/strong> (um procedimento que remove o plasma do sangue e o substitui por plasma fresco, livre de anticorpos contra a ADAMTS13), a <strong>corticosteroides <\/strong>(medicamentos que podem ajudar a reduzir a inflama\u00e7\u00e3o e a produ\u00e7\u00e3o de anticorpos) e <strong>rituximabe<\/strong> (um medicamento que pode ajudar a reduzir a produ\u00e7\u00e3o de c\u00e9lulas B, que produzem os anticorpos contra a ADAMTS13).<\/p>\n\n\n\n<h2 class=\"wp-block-heading\" id=\"h-questoes\"><span class=\"ez-toc-section\" id=\"Questoes\"><\/span><strong>Quest\u00f5es\u00a0<\/strong><span class=\"ez-toc-section-end\"><\/span><\/h2>\n\n\n\n<p class=\"has-text-align-center\"><strong>Quest\u00e3o Simuladora<\/strong><\/p>\n\n\n\n<ol class=\"wp-block-list\">\n<li>\u00a0Sobre as p\u00farpuras determinadas por dist\u00farbios plaquet\u00e1rios, assinale a alternativa correta:<\/li>\n<\/ol>\n\n\n\n<p>a) A p\u00farpura trombocitop\u00eanica idiop\u00e1tica (PTI) aguda, geralmente precede-se por infec\u00e7\u00e3o viral respirat\u00f3ria.<\/p>\n\n\n\n<p>b) A p\u00farpura p\u00f3s-transfusional ocorre devido ao sequestro de plaquetas.<\/p>\n\n\n\n<p>c) A p\u00farpura trombocitopenia neonatal isoimune desencadeia-se por infec\u00e7\u00f5es virais cong\u00eanitas como rub\u00e9ola e CMV.<\/p>\n\n\n\n<p>d) A trombocitopenia neonatal autoimune ocorre por incompatibilidade plaquet\u00e1ria materno-fetal.<\/p>\n\n\n\n<p class=\"has-text-align-center\"><strong>T\u00edtulo de Especialista em Dermatologia &#8211; 2019<\/strong><\/p>\n\n\n\n<p>2) Em rela\u00e7\u00e3o \u00e0s p\u00farpuras, assinale a alternativa correta.<\/p>\n\n\n\n<p>a) A p\u00farpura no per\u00edodo neonatal ocorre por eritropoiese extramedular, defici\u00eancia das prote\u00ednas C e S, septicemia e s\u00edndrome de Wiskott-Aldrich.<\/p>\n\n\n\n<p>b) A doen\u00e7a de Schamberg acomete predominantemente o sexo feminino, e as les\u00f5es restringem- se ao ter\u00e7o inferior das pernas, estando relacionada, principalmente, \u00e0 insufici\u00eancia venosa cr\u00f4nica.<\/p>\n\n\n\n<p>c) A p\u00farpura eczematoide de Doucas-Kapetanakis ocorre predominantemente em indiv\u00edduos acima dos 50 anos de idade, com les\u00f5es surgindo inicialmente em pesco\u00e7o e t\u00f3rax com progress\u00e3o craniocaudal, sendo caracter\u00edstica a aus\u00eancia de prurido.<\/p>\n\n\n\n<p>d) A p\u00farpura anular de Majocchi ocorre predominantemente em mulheres menopausadas, acometendo qualquer \u00e1rea corp\u00f3rea e pode estar associada a hipertens\u00e3o arterial sist\u00eamica, porfiria cut\u00e2nea tardia e doen\u00e7a de Hodgkin.<\/p>\n\n\n\n<p class=\"has-text-align-center\"><strong>Quest\u00e3o Simuladora<\/strong><\/p>\n\n\n\n<p>3) Sobre as p\u00farpuras, assinale a alternativa incorreta:<\/p>\n\n\n\n<p>a) A angiologia hemorr\u00e1gica tecidual pode ser decorrente de hipertens\u00e3o venosa e dep\u00f3sito de imunocomplexos.<\/p>\n\n\n\n<p>b) Desnutri\u00e7\u00e3o, uso de corticosteroides e insufici\u00eancia renal est\u00e3o associados \u00e0 angiologia hemorr\u00e1gica tecidual.<\/p>\n\n\n\n<p>c) A press\u00e3o intra venular elevada (esfor\u00e7o evacuat\u00f3rio) e a doen\u00e7a de Rendu-Osler-Weber podem causar p\u00farpuras por fragilidade dos pequenos vasos.<\/p>\n\n\n\n<p>e) A s\u00edndrome papular e purp\u00farica em luvas e meias ocorre principalmente em indiv\u00edduos com endocardite bacteriana.<\/p>\n\n\n\n<p class=\"has-text-align-center\"><strong>SP &#8211; Faculdade S\u00e3o Leopoldo Mandic &#8211; 2023\u00a0(Quest\u00e3o adaptada)\u00a0<\/strong><\/p>\n\n\n\n<p>\u00a04) Sobre as p\u00farpuras fulminantes, assinale a alternativa incorreta:<\/p>\n\n\n\n<p>a) A defici\u00eancia de prote\u00edna C e \/ou prote\u00edna S pode ocasionar a p\u00farpura fulminante neonatal.<\/p>\n\n\n\n<p>b) Na p\u00farpura fulminante neonatal, as les\u00f5es distribuem-se frequentemente nas \u00e1reas sujeitas ao trauma.<\/p>\n\n\n\n<p>c) A p\u00farpura fulminante associada \u00e0 infec\u00e7\u00e3o aguda pode acometer v\u00e1rios \u00f3rg\u00e3os, em especial as gl\u00e2ndulas adrenais (s\u00edndrome de Waterhouse-Friederischsen).<\/p>\n\n\n\n<p>d) A p\u00farpura fulminante idiop\u00e1tica ocorre ap\u00f3s quadros graves de septicemia com endotoxinas produzidas por bact\u00e9rias gram-negativas (em especial, Neisseria meningitidis)<\/p>\n\n\n\n<p class=\"has-text-align-center\"><strong>MG &#8211; Casa de Caridade de Alfenas 2021\u00a0(quest\u00e3o adaptada)\u00a0<\/strong><\/p>\n\n\n\n<p><strong>\u00a05) Em rela\u00e7\u00e3o \u00e0s p\u00farpuras, assinale a alternativa incorreta:<\/strong><\/p>\n\n\n\n<p>a) A s\u00edndrome de Gardner-Diamond ocorre em pacientes com dist\u00farbio de coagula\u00e7\u00e3o.<\/p>\n\n\n\n<p>b) A s\u00edndrome de Gardner-Diamond caracteriza-se pelo aparecimento de equimoses e instabilidade psicol\u00f3gica.<\/p>\n\n\n\n<p>c) A eritropoiese extramedular (blueberry muffin baby) est\u00e1 associada principalmente a infec\u00e7\u00f5es cong\u00eanitas e doen\u00e7a hemol\u00edtica do neonato<\/p>\n\n\n\n<p>d) As p\u00farpuras podem ocorrer em afec\u00e7\u00f5es do tecido conjuntivo devido \u00e0 perda de apoio tecidual e consequente ruptura dos vasos.<\/p>\n\n\n\n<h3 class=\"wp-block-heading\" id=\"h-e-ai-conseguiu-responder\"><span class=\"ez-toc-section\" id=\"E_ai_conseguiu_responder\"><\/span><strong>E a\u00ed, conseguiu responder?<\/strong><span class=\"ez-toc-section-end\"><\/span><\/h3>\n\n\n\n<p>Vamos analisar juntos as alternativas e conferir os gabaritos!<\/p>\n\n\n\n<ol class=\"wp-block-list\">\n<li><strong>\u00a0<\/strong>Como j\u00e1 vimos,\u00a0a p\u00farpura trombocitop\u00eanica idiop\u00e1tica ocorre devido ao aumento da destrui\u00e7\u00e3o perif\u00e9rica de plaquetas (anticorpos IgG contra ant\u00edgenos da membrana plaquet\u00e1ria). A PTI \u00e9 a forma mais frequente de trombocitopenia na inf\u00e2ncia e pode ser classificada como aguda (ap\u00f3s infec\u00e7\u00e3o viral de via a\u00e9rea superior e tempor\u00e1ria) e\u00a0 cr\u00f4nica (crian\u00e7as com desordens imunes subjacentes).\u00a0A p\u00farpura p\u00f3s transfus\u00e3o ocorre devido a forma\u00e7\u00e3o de anticorpos antiplaquetas e transfus\u00f5es pr\u00e9vias que podem sensibilizar os doentes aos ant\u00edgenos plaquet\u00e1rios estranhos. A neonatal isoimune (aloimune) ocorre por incompatibilidade plaquet\u00e1ria materno-fetal. A neonatal autoimune ocorre por anticorpos da m\u00e3e que atravessam a placenta e destroem as plaquetas fetais. Com esse breve resumo temos certeza que o gabarito da nossa quest\u00e3o \u00e9 o <strong>Item A, <\/strong>pois as outras alternativas podem ser facilmente descartadas.\u00a0<\/li>\n<\/ol>\n\n\n\n<ol start=\"2\" class=\"wp-block-list\">\n<li><strong>\u00a0<\/strong>Nessa quest\u00e3o podemos analisar por que cada alternativa est\u00e1 certa ou errada. O <strong>item A est\u00e1 correto <\/strong>pois estas s\u00e3o realmente causas da p\u00farpura neonatal. O item B est\u00e1 incorreto, pois as p\u00farpuras pigmentosas cr\u00f4nicas s\u00e3o mais comuns nos homens ,em especial a doen\u00e7a de Schamberg. O item C est\u00e1 incorreto porque as les\u00f5es iniciam nos tornozelos e pernas e ascendem, podendo ter prurido leve associado. Elimina-se o item D, pois essa condi\u00e7\u00e3o \u00e9 mais comum em jovens e tem distribui\u00e7\u00e3o preferencial nas pernas.\u00a0<\/li>\n<\/ol>\n\n\n\n<ol start=\"3\" class=\"wp-block-list\">\n<li><strong>\u00a0<\/strong>Essa quest\u00e3o aborda as p\u00farpuras que ocorrem por defeitos restritos ao tecido vascular ou perivasculares. A AHT ocorre por altera\u00e7\u00f5es da integridade funcional e anat\u00f4mica do tecido vascular decorrente da libera\u00e7\u00e3o de enzimas lisossomais e ruptura da membrana microvascular. Com isso j\u00e1 sabemos o gabarito: <strong>Item D. <\/strong>O item A est\u00e1 incorreto pois os indutores de AHT s\u00e3o a hipertens\u00e3o venosa e arterial, o ortostatismo, a radia\u00e7\u00e3o ionizante e o dep\u00f3sito de imunocomplexos.\u00a0 O B tamb\u00e9m pois outras poss\u00edveis associa\u00e7\u00f5es s\u00e3o a p\u00farpura de Bateman e as medica\u00e7\u00f5es. O C est\u00e1 errado pois a microangio pityriasis pode ocorrer tamb\u00e9m como p\u00farpura microtraum\u00e1tica.\u00a0\u00a0<\/li>\n<\/ol>\n\n\n\n<ol start=\"4\" class=\"wp-block-list\">\n<li><strong>\u00a0<\/strong>J\u00e1 vimos alguns detalhes da p\u00farpura fulminante neonatal, por isso podemos analisar as alternativas:\u00a0<\/li>\n<\/ol>\n\n\n\n<p>A \u2013 INCORRETA \u2013 A defici\u00eancia de prote\u00edna C e \/ou prote\u00edna S gera um estado de hipercoagulabilidade e pode ocasionar a p\u00farpura fulminante.<\/p>\n\n\n\n<p>B \u2013 INCORRETA \u2013 A p\u00farpura fulminante acomete preferencialmente n\u00e1degas, extremidades, tronco e couro cabeludo.<\/p>\n\n\n\n<p>C \u2013 INCORRETA \u2013 As altera\u00e7\u00f5es vasculares na PF associada \u00e0 infec\u00e7\u00e3o aguda, em geral, s\u00e3o disseminadas.<\/p>\n\n\n\n<p>D \u2013 CORRETA \u2013 A p\u00farpura fulminante idiop\u00e1tica ocorre cerca de 10 dias ap\u00f3s uma infec\u00e7\u00e3o relativamente benigna, geralmente cut\u00e2nea, como varicela ou escarlatina.<\/p>\n\n\n\n<ol start=\"5\" class=\"wp-block-list\">\n<li>\u00a0Aqui, podemos caracterizar a p\u00farpura psicog\u00eanica (S\u00edndrome de Gardner-Diamond) pelo aparecimento espont\u00e2neo de equimoses em pacientes com instabilidade psicol\u00f3gica. Essa \u00e9 uma vasculopatia autoimune com sensibiliza\u00e7\u00e3o a um componente do estroma da hem\u00e1cia (fosfatidilserina) e a cl\u00ednica envolve les\u00f5es cut\u00e2neas dolorosas que progridem para equimoses geralmente nas pernas. Essa condi\u00e7\u00e3o afeta quase exclusivamente mulheres e o quadro pode ser precedido por traumas mec\u00e2nicos, estresse e cirurgia. Por isso, o gabarito da nossa quest\u00e3o \u00e9 o <strong>Item A. <\/strong>O B est\u00e1 incorreto pois essa s\u00edndrome \u00e9 uma vasculopatia autoimune. Elimina-se o C, pois tamb\u00e9m associa-se \u00e0 esfer\u00f3citose heredit\u00e1ria e s\u00edndrome de transfus\u00e3o gemelar. O D est\u00e1 errado pois as p\u00farpuras tamb\u00e9m ocorrem por perda de apoio tecidual.\u00a0<\/li>\n<\/ol>\n\n\n\n<h2 class=\"wp-block-heading\" id=\"o-m\u00e9todo-que-te-aprova\"><span class=\"ez-toc-section\" id=\"O_metodo_que_te_aprova\"><\/span><strong>O m\u00e9todo que te aprova!<\/strong><span class=\"ez-toc-section-end\"><\/span><\/h2>\n\n\n\n<p>Quer alcan\u00e7ar a aprova\u00e7\u00e3o nas provas de resid\u00eancia m\u00e9dica? Ent\u00e3o seja um&nbsp;<a href=\"https:\/\/www.grupomedcof.com.br\/home\/\" target=\"_blank\" rel=\"noreferrer noopener\">MedCoffer<\/a>! Aqui te ajudaremos na busca da aprova\u00e7\u00e3o com conte\u00fados de qualidade e uma&nbsp;<a href=\"https:\/\/www.grupomedcof.com.br\/blog\/presenca-da-medcof-nas-aprovacoes-em-residencia-medica-no-brasil\/\" target=\"_blank\" rel=\"noreferrer noopener\">metodologia que j\u00e1 aprovou mais de 10 mil residentes no pa\u00eds!&nbsp;<\/a>Por fim, acesse o nosso<a href=\"https:\/\/www.youtube.com\/@GrupoMedcof\/featured\" target=\"_blank\" rel=\"noreferrer noopener\">&nbsp;<strong>canal do youtube&nbsp;<\/strong><\/a>para ver o nosso material.<\/p>\n\n\n\n<figure class=\"wp-block-embed is-type-video is-provider-youtube wp-block-embed-youtube wp-embed-aspect-16-9 wp-has-aspect-ratio\"><div class=\"wp-block-embed__wrapper\">\n<div class=\"youtube-embed\" data-video_id=\"dFXGcMQfWCI\"><iframe loading=\"lazy\" title=\"Papo de Aprovado #11 - Hematologia e Hemoterapia - Pedro dos Santos Perez, aprovado 4X em S\u00e3o Paulo\" width=\"696\" height=\"392\" src=\"https:\/\/www.youtube.com\/embed\/dFXGcMQfWCI?start=1&#038;feature=oembed\" frameborder=\"0\" allow=\"accelerometer; autoplay; clipboard-write; encrypted-media; gyroscope; picture-in-picture; web-share\" referrerpolicy=\"strict-origin-when-cross-origin\" allowfullscreen><\/iframe><\/div>\n<\/div><\/figure>\n","protected":false},"excerpt":{"rendered":"<p>A p\u00farpura tromb\u00f3tica \u00e9 um dist\u00farbio raro e grave que envolve a forma\u00e7\u00e3o de pequenos co\u00e1gulos sangu\u00edneos por todo o corpo. Veja!<\/p>\n","protected":false},"author":21,"featured_media":29647,"comment_status":"open","ping_status":"open","sticky":false,"template":"","format":"standard","meta":{"footnotes":""},"categories":[115],"tags":[1993,1992,1991,1450,68],"ppma_author":[3617],"class_list":{"0":"post-29645","1":"post","2":"type-post","3":"status-publish","4":"format-standard","5":"has-post-thumbnail","7":"category-clinica-medica","8":"tag-adamts13","9":"tag-ptt","10":"tag-purpura-trombotica","11":"tag-questoes","12":"tag-residencia-medica"},"yoast_head":"<!-- This site is optimized with the Yoast SEO Premium plugin v24.3 (Yoast SEO v27.4) - https:\/\/yoast.com\/product\/yoast-seo-premium-wordpress\/ -->\n<title>Prepara\u00e7\u00e3o para Resid\u00eancia em Onco-hematologia: P\u00farpura Tromb\u00f3tica - Blog de Medcof: conte\u00fados, editais, revalida e mais!<\/title>\n<meta name=\"description\" content=\"A p\u00farpura tromb\u00f3tica \u00e9 um dist\u00farbio raro e grave que envolve a forma\u00e7\u00e3o de pequenos co\u00e1gulos sangu\u00edneos por todo o corpo. Veja!\" \/>\n<meta name=\"robots\" content=\"index, follow, max-snippet:-1, max-image-preview:large, max-video-preview:-1\" \/>\n<link rel=\"canonical\" href=\"https:\/\/www.grupomedcof.com.br\/blog\/preparacao-para-residencia-em-onco-hematologia-responda-questoes-sobre-purpura-trombotica\/\" \/>\n<meta property=\"og:locale\" content=\"pt_BR\" \/>\n<meta property=\"og:type\" content=\"article\" \/>\n<meta property=\"og:title\" content=\"Prepara\u00e7\u00e3o para Resid\u00eancia em Onco-hematologia: P\u00farpura Tromb\u00f3tica\" \/>\n<meta property=\"og:description\" content=\"A p\u00farpura tromb\u00f3tica \u00e9 um dist\u00farbio raro e grave que envolve a forma\u00e7\u00e3o de pequenos co\u00e1gulos sangu\u00edneos por todo o corpo. Veja!\" \/>\n<meta property=\"og:url\" content=\"https:\/\/www.grupomedcof.com.br\/blog\/preparacao-para-residencia-em-onco-hematologia-responda-questoes-sobre-purpura-trombotica\/\" \/>\n<meta property=\"og:site_name\" content=\"Blog de Medcof: conte\u00fados, editais, revalida e mais!\" \/>\n<meta property=\"article:publisher\" content=\"https:\/\/www.facebook.com\/MedCofQbank\/\" \/>\n<meta property=\"article:published_time\" content=\"2024-09-10T10:51:11+00:00\" \/>\n<meta property=\"article:modified_time\" content=\"2024-09-10T10:52:04+00:00\" \/>\n<meta property=\"og:image\" content=\"https:\/\/www.grupomedcof.com.br\/blog\/wp-content\/uploads\/2024\/09\/Blog-MedCof-2024-09-10T074846.065-1024x576.png\" \/>\n\t<meta property=\"og:image:width\" content=\"1024\" \/>\n\t<meta property=\"og:image:height\" content=\"576\" \/>\n\t<meta property=\"og:image:type\" content=\"image\/png\" \/>\n<meta name=\"author\" content=\"Kiara Adelino\" \/>\n<meta name=\"twitter:card\" content=\"summary_large_image\" \/>\n<meta name=\"twitter:label1\" content=\"Escrito por\" \/>\n\t<meta name=\"twitter:data1\" content=\"Kiara Adelino\" \/>\n\t<meta name=\"twitter:label2\" content=\"Est. tempo de leitura\" \/>\n\t<meta name=\"twitter:data2\" content=\"8 minutos\" \/>\n<script type=\"application\/ld+json\" class=\"yoast-schema-graph\">{\"@context\":\"https:\\\/\\\/schema.org\",\"@graph\":[{\"@type\":\"Article\",\"@id\":\"https:\\\/\\\/www.grupomedcof.com.br\\\/blog\\\/preparacao-para-residencia-em-onco-hematologia-responda-questoes-sobre-purpura-trombotica\\\/#article\",\"isPartOf\":{\"@id\":\"https:\\\/\\\/www.grupomedcof.com.br\\\/blog\\\/preparacao-para-residencia-em-onco-hematologia-responda-questoes-sobre-purpura-trombotica\\\/\"},\"author\":{\"name\":\"Kiara Adelino\",\"@id\":\"https:\\\/\\\/www.grupomedcof.com.br\\\/blog\\\/#\\\/schema\\\/person\\\/db19a651f86c5fc202d6eee744fd3292\"},\"headline\":\"Prepara\u00e7\u00e3o para Resid\u00eancia em Onco-hematologia: P\u00farpura Tromb\u00f3tica\",\"datePublished\":\"2024-09-10T10:51:11+00:00\",\"dateModified\":\"2024-09-10T10:52:04+00:00\",\"mainEntityOfPage\":{\"@id\":\"https:\\\/\\\/www.grupomedcof.com.br\\\/blog\\\/preparacao-para-residencia-em-onco-hematologia-responda-questoes-sobre-purpura-trombotica\\\/\"},\"wordCount\":1541,\"commentCount\":0,\"publisher\":{\"@id\":\"https:\\\/\\\/www.grupomedcof.com.br\\\/blog\\\/#organization\"},\"image\":{\"@id\":\"https:\\\/\\\/www.grupomedcof.com.br\\\/blog\\\/preparacao-para-residencia-em-onco-hematologia-responda-questoes-sobre-purpura-trombotica\\\/#primaryimage\"},\"thumbnailUrl\":\"https:\\\/\\\/www.grupomedcof.com.br\\\/blog\\\/wp-content\\\/uploads\\\/2024\\\/09\\\/Blog-MedCof-2024-09-10T074846.065.png\",\"keywords\":[\"ADAMTS13\",\"PTT\",\"P\u00farpura Tromb\u00f3tica\",\"Quest\u00f5es\",\"Resid\u00eancia M\u00e9dica\"],\"articleSection\":[\"Cl\u00ednica M\u00e9dica\"],\"inLanguage\":\"pt-BR\"},{\"@type\":\"WebPage\",\"@id\":\"https:\\\/\\\/www.grupomedcof.com.br\\\/blog\\\/preparacao-para-residencia-em-onco-hematologia-responda-questoes-sobre-purpura-trombotica\\\/\",\"url\":\"https:\\\/\\\/www.grupomedcof.com.br\\\/blog\\\/preparacao-para-residencia-em-onco-hematologia-responda-questoes-sobre-purpura-trombotica\\\/\",\"name\":\"Prepara\u00e7\u00e3o para Resid\u00eancia em Onco-hematologia: P\u00farpura Tromb\u00f3tica - Blog de Medcof: conte\u00fados, editais, revalida e mais!\",\"isPartOf\":{\"@id\":\"https:\\\/\\\/www.grupomedcof.com.br\\\/blog\\\/#website\"},\"primaryImageOfPage\":{\"@id\":\"https:\\\/\\\/www.grupomedcof.com.br\\\/blog\\\/preparacao-para-residencia-em-onco-hematologia-responda-questoes-sobre-purpura-trombotica\\\/#primaryimage\"},\"image\":{\"@id\":\"https:\\\/\\\/www.grupomedcof.com.br\\\/blog\\\/preparacao-para-residencia-em-onco-hematologia-responda-questoes-sobre-purpura-trombotica\\\/#primaryimage\"},\"thumbnailUrl\":\"https:\\\/\\\/www.grupomedcof.com.br\\\/blog\\\/wp-content\\\/uploads\\\/2024\\\/09\\\/Blog-MedCof-2024-09-10T074846.065.png\",\"datePublished\":\"2024-09-10T10:51:11+00:00\",\"dateModified\":\"2024-09-10T10:52:04+00:00\",\"description\":\"A p\u00farpura tromb\u00f3tica \u00e9 um dist\u00farbio raro e grave que envolve a forma\u00e7\u00e3o de pequenos co\u00e1gulos sangu\u00edneos por todo o corpo. Veja!\",\"breadcrumb\":{\"@id\":\"https:\\\/\\\/www.grupomedcof.com.br\\\/blog\\\/preparacao-para-residencia-em-onco-hematologia-responda-questoes-sobre-purpura-trombotica\\\/#breadcrumb\"},\"inLanguage\":\"pt-BR\",\"potentialAction\":[{\"@type\":\"ReadAction\",\"target\":[\"https:\\\/\\\/www.grupomedcof.com.br\\\/blog\\\/preparacao-para-residencia-em-onco-hematologia-responda-questoes-sobre-purpura-trombotica\\\/\"]}]},{\"@type\":\"ImageObject\",\"inLanguage\":\"pt-BR\",\"@id\":\"https:\\\/\\\/www.grupomedcof.com.br\\\/blog\\\/preparacao-para-residencia-em-onco-hematologia-responda-questoes-sobre-purpura-trombotica\\\/#primaryimage\",\"url\":\"https:\\\/\\\/www.grupomedcof.com.br\\\/blog\\\/wp-content\\\/uploads\\\/2024\\\/09\\\/Blog-MedCof-2024-09-10T074846.065.png\",\"contentUrl\":\"https:\\\/\\\/www.grupomedcof.com.br\\\/blog\\\/wp-content\\\/uploads\\\/2024\\\/09\\\/Blog-MedCof-2024-09-10T074846.065.png\",\"width\":2560,\"height\":1440},{\"@type\":\"BreadcrumbList\",\"@id\":\"https:\\\/\\\/www.grupomedcof.com.br\\\/blog\\\/preparacao-para-residencia-em-onco-hematologia-responda-questoes-sobre-purpura-trombotica\\\/#breadcrumb\",\"itemListElement\":[{\"@type\":\"ListItem\",\"position\":1,\"name\":\"In\u00edcio\",\"item\":\"https:\\\/\\\/www.grupomedcof.com.br\\\/blog\\\/\"},{\"@type\":\"ListItem\",\"position\":2,\"name\":\"Prepara\u00e7\u00e3o para Resid\u00eancia em Onco-hematologia: P\u00farpura Tromb\u00f3tica\"}]},{\"@type\":\"WebSite\",\"@id\":\"https:\\\/\\\/www.grupomedcof.com.br\\\/blog\\\/#website\",\"url\":\"https:\\\/\\\/www.grupomedcof.com.br\\\/blog\\\/\",\"name\":\"Blog de Medcof: conte\u00fados, editais, revalida e mais!\",\"description\":\"Acesso o blog de MedCof! Seu portal de conte\u00fados sobre resid\u00eancia m\u00e9dica, an\u00e1lise e editais e muito mais. Clique e confira!\",\"publisher\":{\"@id\":\"https:\\\/\\\/www.grupomedcof.com.br\\\/blog\\\/#organization\"},\"alternateName\":\"Blog de Medcof: conte\u00fados, editais, revalida e mais!\",\"potentialAction\":[{\"@type\":\"SearchAction\",\"target\":{\"@type\":\"EntryPoint\",\"urlTemplate\":\"https:\\\/\\\/www.grupomedcof.com.br\\\/blog\\\/?s={search_term_string}\"},\"query-input\":{\"@type\":\"PropertyValueSpecification\",\"valueRequired\":true,\"valueName\":\"search_term_string\"}}],\"inLanguage\":\"pt-BR\"},{\"@type\":\"Organization\",\"@id\":\"https:\\\/\\\/www.grupomedcof.com.br\\\/blog\\\/#organization\",\"name\":\"Grupo MedCof\",\"url\":\"https:\\\/\\\/www.grupomedcof.com.br\\\/blog\\\/\",\"logo\":{\"@type\":\"ImageObject\",\"inLanguage\":\"pt-BR\",\"@id\":\"https:\\\/\\\/www.grupomedcof.com.br\\\/blog\\\/#\\\/schema\\\/logo\\\/image\\\/\",\"url\":\"https:\\\/\\\/www.grupomedcof.com.br\\\/blog\\\/wp-content\\\/uploads\\\/2022\\\/01\\\/logo-medcof.png\",\"contentUrl\":\"https:\\\/\\\/www.grupomedcof.com.br\\\/blog\\\/wp-content\\\/uploads\\\/2022\\\/01\\\/logo-medcof.png\",\"width\":768,\"height\":269,\"caption\":\"Grupo MedCof\"},\"image\":{\"@id\":\"https:\\\/\\\/www.grupomedcof.com.br\\\/blog\\\/#\\\/schema\\\/logo\\\/image\\\/\"},\"sameAs\":[\"https:\\\/\\\/www.facebook.com\\\/MedCofQbank\\\/\",\"https:\\\/\\\/www.instagram.com\\\/grupomedcof\\\/\",\"https:\\\/\\\/br.linkedin.com\\\/company\\\/medcof\",\"https:\\\/\\\/www.youtube.com\\\/channel\\\/UCdHMuOHKICxcHwecxN8P-AA\"]},{\"@type\":\"Person\",\"@id\":\"https:\\\/\\\/www.grupomedcof.com.br\\\/blog\\\/#\\\/schema\\\/person\\\/db19a651f86c5fc202d6eee744fd3292\",\"name\":\"Kiara Adelino\",\"image\":{\"@type\":\"ImageObject\",\"inLanguage\":\"pt-BR\",\"@id\":\"https:\\\/\\\/www.grupomedcof.com.br\\\/blog\\\/wp-content\\\/uploads\\\/2024\\\/08\\\/cropped-Kiara-Adelino2-96x96.jpega85663bdda67261f8f06f86e555e1e49\",\"url\":\"https:\\\/\\\/www.grupomedcof.com.br\\\/blog\\\/wp-content\\\/uploads\\\/2024\\\/08\\\/cropped-Kiara-Adelino2-96x96.jpeg\",\"contentUrl\":\"https:\\\/\\\/www.grupomedcof.com.br\\\/blog\\\/wp-content\\\/uploads\\\/2024\\\/08\\\/cropped-Kiara-Adelino2-96x96.jpeg\",\"caption\":\"Kiara Adelino\"},\"description\":\"Estudante do 5\u00b0 semestre de Medicina. Gosto bastante de aprender coisas novas, principalmente na \u00e1rea de Neurologia e Anatomia humana.\",\"url\":\"https:\\\/\\\/www.grupomedcof.com.br\\\/blog\\\/author\\\/kiara-adelino\\\/\"}]}<\/script>\n<!-- \/ Yoast SEO Premium plugin. -->","yoast_head_json":{"title":"Prepara\u00e7\u00e3o para Resid\u00eancia em Onco-hematologia: P\u00farpura Tromb\u00f3tica - Blog de Medcof: conte\u00fados, editais, revalida e mais!","description":"A p\u00farpura tromb\u00f3tica \u00e9 um dist\u00farbio raro e grave que envolve a forma\u00e7\u00e3o de pequenos co\u00e1gulos sangu\u00edneos por todo o corpo. Veja!","robots":{"index":"index","follow":"follow","max-snippet":"max-snippet:-1","max-image-preview":"max-image-preview:large","max-video-preview":"max-video-preview:-1"},"canonical":"https:\/\/www.grupomedcof.com.br\/blog\/preparacao-para-residencia-em-onco-hematologia-responda-questoes-sobre-purpura-trombotica\/","og_locale":"pt_BR","og_type":"article","og_title":"Prepara\u00e7\u00e3o para Resid\u00eancia em Onco-hematologia: P\u00farpura Tromb\u00f3tica","og_description":"A p\u00farpura tromb\u00f3tica \u00e9 um dist\u00farbio raro e grave que envolve a forma\u00e7\u00e3o de pequenos co\u00e1gulos sangu\u00edneos por todo o corpo. Veja!","og_url":"https:\/\/www.grupomedcof.com.br\/blog\/preparacao-para-residencia-em-onco-hematologia-responda-questoes-sobre-purpura-trombotica\/","og_site_name":"Blog de Medcof: conte\u00fados, editais, revalida e mais!","article_publisher":"https:\/\/www.facebook.com\/MedCofQbank\/","article_published_time":"2024-09-10T10:51:11+00:00","article_modified_time":"2024-09-10T10:52:04+00:00","og_image":[{"width":1024,"height":576,"url":"https:\/\/www.grupomedcof.com.br\/blog\/wp-content\/uploads\/2024\/09\/Blog-MedCof-2024-09-10T074846.065-1024x576.png","type":"image\/png"}],"author":"Kiara Adelino","twitter_card":"summary_large_image","twitter_misc":{"Escrito por":"Kiara Adelino","Est. tempo de leitura":"8 minutos"},"schema":{"@context":"https:\/\/schema.org","@graph":[{"@type":"Article","@id":"https:\/\/www.grupomedcof.com.br\/blog\/preparacao-para-residencia-em-onco-hematologia-responda-questoes-sobre-purpura-trombotica\/#article","isPartOf":{"@id":"https:\/\/www.grupomedcof.com.br\/blog\/preparacao-para-residencia-em-onco-hematologia-responda-questoes-sobre-purpura-trombotica\/"},"author":{"name":"Kiara Adelino","@id":"https:\/\/www.grupomedcof.com.br\/blog\/#\/schema\/person\/db19a651f86c5fc202d6eee744fd3292"},"headline":"Prepara\u00e7\u00e3o para Resid\u00eancia em Onco-hematologia: P\u00farpura Tromb\u00f3tica","datePublished":"2024-09-10T10:51:11+00:00","dateModified":"2024-09-10T10:52:04+00:00","mainEntityOfPage":{"@id":"https:\/\/www.grupomedcof.com.br\/blog\/preparacao-para-residencia-em-onco-hematologia-responda-questoes-sobre-purpura-trombotica\/"},"wordCount":1541,"commentCount":0,"publisher":{"@id":"https:\/\/www.grupomedcof.com.br\/blog\/#organization"},"image":{"@id":"https:\/\/www.grupomedcof.com.br\/blog\/preparacao-para-residencia-em-onco-hematologia-responda-questoes-sobre-purpura-trombotica\/#primaryimage"},"thumbnailUrl":"https:\/\/www.grupomedcof.com.br\/blog\/wp-content\/uploads\/2024\/09\/Blog-MedCof-2024-09-10T074846.065.png","keywords":["ADAMTS13","PTT","P\u00farpura Tromb\u00f3tica","Quest\u00f5es","Resid\u00eancia M\u00e9dica"],"articleSection":["Cl\u00ednica M\u00e9dica"],"inLanguage":"pt-BR"},{"@type":"WebPage","@id":"https:\/\/www.grupomedcof.com.br\/blog\/preparacao-para-residencia-em-onco-hematologia-responda-questoes-sobre-purpura-trombotica\/","url":"https:\/\/www.grupomedcof.com.br\/blog\/preparacao-para-residencia-em-onco-hematologia-responda-questoes-sobre-purpura-trombotica\/","name":"Prepara\u00e7\u00e3o para Resid\u00eancia em Onco-hematologia: P\u00farpura Tromb\u00f3tica - Blog de Medcof: conte\u00fados, editais, revalida e mais!","isPartOf":{"@id":"https:\/\/www.grupomedcof.com.br\/blog\/#website"},"primaryImageOfPage":{"@id":"https:\/\/www.grupomedcof.com.br\/blog\/preparacao-para-residencia-em-onco-hematologia-responda-questoes-sobre-purpura-trombotica\/#primaryimage"},"image":{"@id":"https:\/\/www.grupomedcof.com.br\/blog\/preparacao-para-residencia-em-onco-hematologia-responda-questoes-sobre-purpura-trombotica\/#primaryimage"},"thumbnailUrl":"https:\/\/www.grupomedcof.com.br\/blog\/wp-content\/uploads\/2024\/09\/Blog-MedCof-2024-09-10T074846.065.png","datePublished":"2024-09-10T10:51:11+00:00","dateModified":"2024-09-10T10:52:04+00:00","description":"A p\u00farpura tromb\u00f3tica \u00e9 um dist\u00farbio raro e grave que envolve a forma\u00e7\u00e3o de pequenos co\u00e1gulos sangu\u00edneos por todo o corpo. Veja!","breadcrumb":{"@id":"https:\/\/www.grupomedcof.com.br\/blog\/preparacao-para-residencia-em-onco-hematologia-responda-questoes-sobre-purpura-trombotica\/#breadcrumb"},"inLanguage":"pt-BR","potentialAction":[{"@type":"ReadAction","target":["https:\/\/www.grupomedcof.com.br\/blog\/preparacao-para-residencia-em-onco-hematologia-responda-questoes-sobre-purpura-trombotica\/"]}]},{"@type":"ImageObject","inLanguage":"pt-BR","@id":"https:\/\/www.grupomedcof.com.br\/blog\/preparacao-para-residencia-em-onco-hematologia-responda-questoes-sobre-purpura-trombotica\/#primaryimage","url":"https:\/\/www.grupomedcof.com.br\/blog\/wp-content\/uploads\/2024\/09\/Blog-MedCof-2024-09-10T074846.065.png","contentUrl":"https:\/\/www.grupomedcof.com.br\/blog\/wp-content\/uploads\/2024\/09\/Blog-MedCof-2024-09-10T074846.065.png","width":2560,"height":1440},{"@type":"BreadcrumbList","@id":"https:\/\/www.grupomedcof.com.br\/blog\/preparacao-para-residencia-em-onco-hematologia-responda-questoes-sobre-purpura-trombotica\/#breadcrumb","itemListElement":[{"@type":"ListItem","position":1,"name":"In\u00edcio","item":"https:\/\/www.grupomedcof.com.br\/blog\/"},{"@type":"ListItem","position":2,"name":"Prepara\u00e7\u00e3o para Resid\u00eancia em Onco-hematologia: P\u00farpura Tromb\u00f3tica"}]},{"@type":"WebSite","@id":"https:\/\/www.grupomedcof.com.br\/blog\/#website","url":"https:\/\/www.grupomedcof.com.br\/blog\/","name":"Blog de Medcof: conte\u00fados, editais, revalida e mais!","description":"Acesso o blog de MedCof! Seu portal de conte\u00fados sobre resid\u00eancia m\u00e9dica, an\u00e1lise e editais e muito mais. Clique e confira!","publisher":{"@id":"https:\/\/www.grupomedcof.com.br\/blog\/#organization"},"alternateName":"Blog de Medcof: conte\u00fados, editais, revalida e mais!","potentialAction":[{"@type":"SearchAction","target":{"@type":"EntryPoint","urlTemplate":"https:\/\/www.grupomedcof.com.br\/blog\/?s={search_term_string}"},"query-input":{"@type":"PropertyValueSpecification","valueRequired":true,"valueName":"search_term_string"}}],"inLanguage":"pt-BR"},{"@type":"Organization","@id":"https:\/\/www.grupomedcof.com.br\/blog\/#organization","name":"Grupo MedCof","url":"https:\/\/www.grupomedcof.com.br\/blog\/","logo":{"@type":"ImageObject","inLanguage":"pt-BR","@id":"https:\/\/www.grupomedcof.com.br\/blog\/#\/schema\/logo\/image\/","url":"https:\/\/www.grupomedcof.com.br\/blog\/wp-content\/uploads\/2022\/01\/logo-medcof.png","contentUrl":"https:\/\/www.grupomedcof.com.br\/blog\/wp-content\/uploads\/2022\/01\/logo-medcof.png","width":768,"height":269,"caption":"Grupo MedCof"},"image":{"@id":"https:\/\/www.grupomedcof.com.br\/blog\/#\/schema\/logo\/image\/"},"sameAs":["https:\/\/www.facebook.com\/MedCofQbank\/","https:\/\/www.instagram.com\/grupomedcof\/","https:\/\/br.linkedin.com\/company\/medcof","https:\/\/www.youtube.com\/channel\/UCdHMuOHKICxcHwecxN8P-AA"]},{"@type":"Person","@id":"https:\/\/www.grupomedcof.com.br\/blog\/#\/schema\/person\/db19a651f86c5fc202d6eee744fd3292","name":"Kiara Adelino","image":{"@type":"ImageObject","inLanguage":"pt-BR","@id":"https:\/\/www.grupomedcof.com.br\/blog\/wp-content\/uploads\/2024\/08\/cropped-Kiara-Adelino2-96x96.jpega85663bdda67261f8f06f86e555e1e49","url":"https:\/\/www.grupomedcof.com.br\/blog\/wp-content\/uploads\/2024\/08\/cropped-Kiara-Adelino2-96x96.jpeg","contentUrl":"https:\/\/www.grupomedcof.com.br\/blog\/wp-content\/uploads\/2024\/08\/cropped-Kiara-Adelino2-96x96.jpeg","caption":"Kiara Adelino"},"description":"Estudante do 5\u00b0 semestre de Medicina. Gosto bastante de aprender coisas novas, principalmente na \u00e1rea de Neurologia e Anatomia humana.","url":"https:\/\/www.grupomedcof.com.br\/blog\/author\/kiara-adelino\/"}]}},"authors":[{"term_id":3617,"user_id":21,"is_guest":0,"slug":"kiara-adelino","display_name":"Kiara Adelino","avatar_url":"https:\/\/www.grupomedcof.com.br\/blog\/wp-content\/uploads\/2024\/08\/cropped-Kiara-Adelino2-96x96.jpeg","0":null,"1":"","2":"","3":"","4":"","5":"","6":"","7":"","8":""}],"_links":{"self":[{"href":"https:\/\/www.grupomedcof.com.br\/blog\/wp-json\/wp\/v2\/posts\/29645","targetHints":{"allow":["GET"]}}],"collection":[{"href":"https:\/\/www.grupomedcof.com.br\/blog\/wp-json\/wp\/v2\/posts"}],"about":[{"href":"https:\/\/www.grupomedcof.com.br\/blog\/wp-json\/wp\/v2\/types\/post"}],"author":[{"embeddable":true,"href":"https:\/\/www.grupomedcof.com.br\/blog\/wp-json\/wp\/v2\/users\/21"}],"replies":[{"embeddable":true,"href":"https:\/\/www.grupomedcof.com.br\/blog\/wp-json\/wp\/v2\/comments?post=29645"}],"version-history":[{"count":0,"href":"https:\/\/www.grupomedcof.com.br\/blog\/wp-json\/wp\/v2\/posts\/29645\/revisions"}],"wp:featuredmedia":[{"embeddable":true,"href":"https:\/\/www.grupomedcof.com.br\/blog\/wp-json\/wp\/v2\/media\/29647"}],"wp:attachment":[{"href":"https:\/\/www.grupomedcof.com.br\/blog\/wp-json\/wp\/v2\/media?parent=29645"}],"wp:term":[{"taxonomy":"category","embeddable":true,"href":"https:\/\/www.grupomedcof.com.br\/blog\/wp-json\/wp\/v2\/categories?post=29645"},{"taxonomy":"post_tag","embeddable":true,"href":"https:\/\/www.grupomedcof.com.br\/blog\/wp-json\/wp\/v2\/tags?post=29645"},{"taxonomy":"author","embeddable":true,"href":"https:\/\/www.grupomedcof.com.br\/blog\/wp-json\/wp\/v2\/ppma_author?post=29645"}],"curies":[{"name":"wp","href":"https:\/\/api.w.org\/{rel}","templated":true}]}}