{"id":29675,"date":"2024-09-15T13:30:37","date_gmt":"2024-09-15T16:30:37","guid":{"rendered":"https:\/\/www.grupomedcof.com.br\/blog\/?p=29675"},"modified":"2024-10-09T11:48:07","modified_gmt":"2024-10-09T14:48:07","slug":"saiba-mais-como-diagnosticar-delirium-em-idosos","status":"publish","type":"post","link":"https:\/\/www.grupomedcof.com.br\/blog\/saiba-mais-como-diagnosticar-delirium-em-idosos\/","title":{"rendered":"Saiba como diagnosticar Delirium e Dem\u00eancia"},"content":{"rendered":"<div id=\"ez-toc-container\" class=\"ez-toc-v2_0_74 counter-hierarchy ez-toc-counter ez-toc-transparent ez-toc-container-direction\">\n<div class=\"ez-toc-title-container\">\n<p class=\"ez-toc-title\" style=\"cursor:inherit\">Sum\u00e1rio<\/p>\n<span class=\"ez-toc-title-toggle\"><a href=\"#\" class=\"ez-toc-pull-right ez-toc-btn ez-toc-btn-xs ez-toc-btn-default ez-toc-toggle\" aria-label=\"Alternar tabela de conte\u00fado\"><span class=\"ez-toc-js-icon-con\"><span class=\"\"><span class=\"eztoc-hide\" style=\"display:none;\">Toggle<\/span><span class=\"ez-toc-icon-toggle-span\"><svg style=\"fill: #999;color:#999\" xmlns=\"http:\/\/www.w3.org\/2000\/svg\" class=\"list-377408\" width=\"20px\" height=\"20px\" viewBox=\"0 0 24 24\" fill=\"none\"><path d=\"M6 6H4v2h2V6zm14 0H8v2h12V6zM4 11h2v2H4v-2zm16 0H8v2h12v-2zM4 16h2v2H4v-2zm16 0H8v2h12v-2z\" fill=\"currentColor\"><\/path><\/svg><svg style=\"fill: #999;color:#999\" class=\"arrow-unsorted-368013\" xmlns=\"http:\/\/www.w3.org\/2000\/svg\" width=\"10px\" height=\"10px\" viewBox=\"0 0 24 24\" version=\"1.2\" baseProfile=\"tiny\"><path d=\"M18.2 9.3l-6.2-6.3-6.2 6.3c-.2.2-.3.4-.3.7s.1.5.3.7c.2.2.4.3.7.3h11c.3 0 .5-.1.7-.3.2-.2.3-.5.3-.7s-.1-.5-.3-.7zM5.8 14.7l6.2 6.3 6.2-6.3c.2-.2.3-.5.3-.7s-.1-.5-.3-.7c-.2-.2-.4-.3-.7-.3h-11c-.3 0-.5.1-.7.3-.2.2-.3.5-.3.7s.1.5.3.7z\"\/><\/svg><\/span><\/span><\/span><\/a><\/span><\/div>\n<nav><ul class='ez-toc-list ez-toc-list-level-1 ' ><li class='ez-toc-page-1 ez-toc-heading-level-2'><a class=\"ez-toc-link ez-toc-heading-1\" href=\"https:\/\/www.grupomedcof.com.br\/blog\/saiba-mais-como-diagnosticar-delirium-em-idosos\/#Tipos_de_Delirium\" >Tipos de Delirium<\/a><\/li><li class='ez-toc-page-1 ez-toc-heading-level-2'><a class=\"ez-toc-link ez-toc-heading-2\" href=\"https:\/\/www.grupomedcof.com.br\/blog\/saiba-mais-como-diagnosticar-delirium-em-idosos\/#Diferenca_entre_fatores_predisponentes_e_precipitantes\" >Diferen\u00e7a entre fatores predisponentes e precipitantes<\/a><ul class='ez-toc-list-level-3' ><li class='ez-toc-heading-level-3'><a class=\"ez-toc-link ez-toc-heading-3\" href=\"https:\/\/www.grupomedcof.com.br\/blog\/saiba-mais-como-diagnosticar-delirium-em-idosos\/#Possiveis_Causas\" >Poss\u00edveis Causas<\/a><\/li><\/ul><\/li><li class='ez-toc-page-1 ez-toc-heading-level-2'><a class=\"ez-toc-link ez-toc-heading-4\" href=\"https:\/\/www.grupomedcof.com.br\/blog\/saiba-mais-como-diagnosticar-delirium-em-idosos\/#Criterios_Diagnosticos\" >Crit\u00e9rios Diagn\u00f3sticos<\/a><\/li><li class='ez-toc-page-1 ez-toc-heading-level-2'><a class=\"ez-toc-link ez-toc-heading-5\" href=\"https:\/\/www.grupomedcof.com.br\/blog\/saiba-mais-como-diagnosticar-delirium-em-idosos\/#Prevencao_e_Tratamento\" >Preven\u00e7\u00e3o e Tratamento<\/a><\/li><li class='ez-toc-page-1 ez-toc-heading-level-2'><a class=\"ez-toc-link ez-toc-heading-6\" href=\"https:\/\/www.grupomedcof.com.br\/blog\/saiba-mais-como-diagnosticar-delirium-em-idosos\/#Definicao_de_Demencia\" >Defini\u00e7\u00e3o de Dem\u00eancia<\/a><ul class='ez-toc-list-level-3' ><li class='ez-toc-heading-level-3'><a class=\"ez-toc-link ez-toc-heading-7\" href=\"https:\/\/www.grupomedcof.com.br\/blog\/saiba-mais-como-diagnosticar-delirium-em-idosos\/#Principais_caracteristicas\" >Principais caracter\u00edsticas<\/a><\/li><li class='ez-toc-page-1 ez-toc-heading-level-3'><a class=\"ez-toc-link ez-toc-heading-8\" href=\"https:\/\/www.grupomedcof.com.br\/blog\/saiba-mais-como-diagnosticar-delirium-em-idosos\/#Como_identificar\" >Como identificar?<\/a><\/li><li class='ez-toc-page-1 ez-toc-heading-level-3'><a class=\"ez-toc-link ez-toc-heading-9\" href=\"https:\/\/www.grupomedcof.com.br\/blog\/saiba-mais-como-diagnosticar-delirium-em-idosos\/#Como_e_o_tratamento\" >Como \u00e9 o tratamento?<\/a><\/li><\/ul><\/li><li class='ez-toc-page-1 ez-toc-heading-level-2'><a class=\"ez-toc-link ez-toc-heading-10\" href=\"https:\/\/www.grupomedcof.com.br\/blog\/saiba-mais-como-diagnosticar-delirium-em-idosos\/#O_metodo_que_te_aprova\" >O m\u00e9todo que te aprova<\/a><\/li><\/ul><\/nav><\/div>\n\n<figure class=\"wp-block-image size-large\"><img loading=\"lazy\" decoding=\"async\" width=\"1024\" height=\"576\" src=\"https:\/\/www.grupomedcof.com.br\/blog\/wp-content\/uploads\/2024\/09\/Blog-MedCof-2024-09-10T133652.218-1024x576.png\" alt=\"\" class=\"wp-image-29679\" srcset=\"https:\/\/www.grupomedcof.com.br\/blog\/wp-content\/uploads\/2024\/09\/Blog-MedCof-2024-09-10T133652.218-1024x576.png 1024w, https:\/\/www.grupomedcof.com.br\/blog\/wp-content\/uploads\/2024\/09\/Blog-MedCof-2024-09-10T133652.218-300x169.png 300w, https:\/\/www.grupomedcof.com.br\/blog\/wp-content\/uploads\/2024\/09\/Blog-MedCof-2024-09-10T133652.218-768x432.png 768w, https:\/\/www.grupomedcof.com.br\/blog\/wp-content\/uploads\/2024\/09\/Blog-MedCof-2024-09-10T133652.218-1536x864.png 1536w, https:\/\/www.grupomedcof.com.br\/blog\/wp-content\/uploads\/2024\/09\/Blog-MedCof-2024-09-10T133652.218-2048x1152.png 2048w, https:\/\/www.grupomedcof.com.br\/blog\/wp-content\/uploads\/2024\/09\/Blog-MedCof-2024-09-10T133652.218-747x420.png 747w, https:\/\/www.grupomedcof.com.br\/blog\/wp-content\/uploads\/2024\/09\/Blog-MedCof-2024-09-10T133652.218-150x84.png 150w, https:\/\/www.grupomedcof.com.br\/blog\/wp-content\/uploads\/2024\/09\/Blog-MedCof-2024-09-10T133652.218-696x392.png 696w, https:\/\/www.grupomedcof.com.br\/blog\/wp-content\/uploads\/2024\/09\/Blog-MedCof-2024-09-10T133652.218-1068x601.png 1068w, https:\/\/www.grupomedcof.com.br\/blog\/wp-content\/uploads\/2024\/09\/Blog-MedCof-2024-09-10T133652.218-1920x1080.png 1920w\" sizes=\"auto, (max-width: 1024px) 100vw, 1024px\" \/><\/figure>\n\n\n\n<p>A incid\u00eancia de casos de <strong>Delirium, Dem\u00eancia e Depress\u00e3o<\/strong> \u00e9 bastante elevada na popula\u00e7\u00e3o idosa. Dentre essas, Delirium apresenta-se como um dos mais danosos para esse p\u00fablico e, segundo o Tratado de Geriatria e Gerontologia, pode ser conceituado como \u201cS\u00edndrome cerebral org\u00e2nica, sem etiologia espec\u00edfica, caracterizada pela presen\u00e7a simult\u00e2nea de perturba\u00e7\u00f5es da consci\u00eancia e da aten\u00e7\u00e3o, da percep\u00e7\u00e3o, do pensamento, da mem\u00f3ria, do comportamento psicomotor, das emo\u00e7\u00f5es e do ritmo sono-vig\u00edlia. A dura\u00e7\u00e3o \u00e9 vari\u00e1vel, e a gravidade varia de formas leves a formas muito graves\u201d.\u00a0\u00a0<\/p>\n\n\n\n<p>O Delirium\u00a0acomete pouco dos idosos que vivem em comunidade, mas a incid\u00eancia entre aqueles em UTI chega a 80%. A preval\u00eancia nas unidades de urg\u00eancia chega a 40% e em p\u00f3s-operat\u00f3rios a 60%. O progn\u00f3stico de delirium \u00e9 o pior durante e ap\u00f3s a interna\u00e7\u00e3o, pois est\u00e1 associado a maiores taxas de mortalidade, custo de sa\u00fade e tempo de interna\u00e7\u00e3o. A incid\u00eancia dele se relaciona com a qualidade do atendimento hospitalar (iatrogenia), uma vez que de 36 a 67% dos casos sequer \u00e9 diagnosticado ou recebe um quadro de dem\u00eancia ou depress\u00e3o incorretamente.\u00a0<\/p>\n\n\n\n<h2 class=\"wp-block-heading\" id=\"h-tipos-de-delirium\"><span class=\"ez-toc-section\" id=\"Tipos_de_Delirium\"><\/span><strong>Tipos de Delirium<\/strong><span class=\"ez-toc-section-end\"><\/span><\/h2>\n\n\n\n<ol class=\"wp-block-list\">\n<li><strong>Hipoativo<\/strong>: Em geral, ocorrem por dist\u00farbios metab\u00f3licos ou processo infecciosos. Podemos reconhecer que o idoso se manifesta com sonol\u00eancia, redu\u00e7\u00e3o da ingest\u00e3o alimentar e lentifica\u00e7\u00e3o das a\u00e7\u00f5es.&nbsp;<\/li>\n\n\n\n<li><strong>Misto (com caracter\u00edsticas do hipo e do hiperativo)<\/strong><\/li>\n\n\n\n<li><strong>Hiperativo<\/strong>: Esse tipo se relaciona com intoxica\u00e7\u00e3o ou abstin\u00eancia de medicamentos ou \u00e1lcool Diferentemente do hipoativo, o idoso se apresenta com a\u00e7\u00f5es aceleradas e impulsividade.<\/li>\n<\/ol>\n\n\n\n<h2 class=\"wp-block-heading\" id=\"h-diferenca-entre-fatores-predisponentes-e-precipitantes\"><span class=\"ez-toc-section\" id=\"Diferenca_entre_fatores_predisponentes_e_precipitantes\"><\/span><strong>Diferen\u00e7a entre fatores predisponentes e precipitantes<\/strong><span class=\"ez-toc-section-end\"><\/span><\/h2>\n\n\n\n<p>Apesar de sutis, esse fatores t\u00eam diferen\u00e7as quando falamos de apresenta\u00e7\u00e3o do Delirium. Os predisponentes s\u00e3o condi\u00e7\u00f5es ou caracter\u00edsticas que aumentam a susceptibilidade do idoso a desenvolver a s\u00edndrome, j\u00e1 ps precipitantes est\u00e3o relacionados a eventos que desencadeiam o in\u00edcio ou aumento do epis\u00f3dio de Delirium. Vamos ver alguns:&nbsp;<\/p>\n\n\n\n<figure class=\"wp-block-table\"><table class=\"has-fixed-layout\"><tbody><tr><td>Predisponentes<\/td><td>Precipitantes<\/td><\/tr><tr><td>D\u00e9ficit cognitivo pr\u00e9vio<\/td><td>Restri\u00e7\u00e3o f\u00edsica<\/td><\/tr><tr><td>Depress\u00e3o<\/td><td>Uso de sonda vesical&nbsp;<\/td><\/tr><tr><td>Alcoolismo<\/td><td>Iatrogenias<\/td><\/tr><tr><td>historico de AVC<\/td><td>Ambiente n\u00e3o familiar<\/td><\/tr><tr><td>Deficit sensorial&nbsp;<\/td><td>Priva\u00e7\u00e3o de sono<\/td><\/tr><\/tbody><\/table><\/figure>\n\n\n\n<p><strong>Observa\u00e7\u00e3o:<\/strong> no peri-operat\u00f3rio alguns tipos de anestesia, hipotens\u00e3o, hip\u00f3xia, dor, infec\u00e7\u00e3o, analgesia, seda\u00e7\u00e3o, imobiliza\u00e7\u00e3o e outros fatores tamb\u00e9m podem ser precipitantes de uma crise de Delirium.<\/p>\n\n\n\n<h3 class=\"wp-block-heading\" id=\"h-possiveis-causas\"><span class=\"ez-toc-section\" id=\"Possiveis_Causas\"><\/span><strong>Poss\u00edveis Causas<\/strong><span class=\"ez-toc-section-end\"><\/span><\/h3>\n\n\n\n<p>A s\u00edndrome pode ser ocasionada , como j\u00e1 exemplificados em fatores predisponentes, por subst\u00e2ncias (como anticonvulsivantes, f\u00e1rmacos hipotensores, corticoides, bloqueadores H2, etc), por infec\u00e7\u00f5es (como meningite, pneumonia, septicemia, pielonefrite), por doen\u00e7as card\u00edacas (como arritmias, infarto do mioc\u00e1rdio, insufici\u00eancia card\u00edaca congestiva), dist\u00farbios metab\u00f3licos (hipoglicemia, hip\u00f3xia, insufici\u00eancia hep\u00e1tica), transtornos de sistema nervoso central, neoplasia, traumatismos e mudan\u00e7a de ambientes.<\/p>\n\n\n\n<h2 class=\"wp-block-heading\" id=\"h-criterios-diagnosticos\"><span class=\"ez-toc-section\" id=\"Criterios_Diagnosticos\"><\/span><strong>Crit\u00e9rios Diagn\u00f3sticos<\/strong><span class=\"ez-toc-section-end\"><\/span><\/h2>\n\n\n\n<p>O m\u00e9todo mais utilizado \u00e9 o diagn\u00f3stico por CAM-ICU:<\/p>\n\n\n\n<p><strong>Caracter\u00edstica 1 + Caracter\u00edstica 2 + Caracter\u00edstica&nbsp; 3 ou 4 = Delirium&nbsp;<\/strong><\/p>\n\n\n\n<ul class=\"wp-block-list\">\n<li>Caracter\u00edstica 1: In\u00edcio agudo (em dias ou semanas) da altera\u00e7\u00e3o do estado mental ou com padr\u00e3o flutuante;<\/li>\n\n\n\n<li>Caracter\u00edstica 2: Comprometimento da aten\u00e7\u00e3o;<\/li>\n\n\n\n<li>Caracter\u00edstica 3: Pensamento desorganizado;<\/li>\n\n\n\n<li>Caracter\u00edstica 4: Altera\u00e7\u00e3o do n\u00edvel de consci\u00eancia.<\/li>\n<\/ul>\n\n\n\n<h2 class=\"wp-block-heading\" id=\"h-prevencao-e-tratamento\"><span class=\"ez-toc-section\" id=\"Prevencao_e_Tratamento\"><\/span><strong>Preven\u00e7\u00e3o e Tratamento<\/strong><span class=\"ez-toc-section-end\"><\/span><\/h2>\n\n\n\n<p>De modo geral, podemos aplicar algumas medidas:<\/p>\n\n\n\n<figure class=\"wp-block-table\"><table class=\"has-fixed-layout\"><tbody><tr><td><strong>Medidas n\u00e3o farmacol\u00f3gicas<\/strong><\/td><td><strong>Medidas farmacol\u00f3gicas<\/strong><\/td><\/tr><tr><td>Orienta\u00e7\u00f5es e est\u00edmulo cognitivo<\/td><td>Antipsic\u00f3ticos (em geral o f\u00e1rmaco de escolha) como haloperidol<\/td><\/tr><tr><td>Redu\u00e7\u00e3o de ru\u00eddo noturno com h\u00e1bitos calmantes<\/td><td>Antipsic\u00f3ticos at\u00edpicos (pode aumentar risco de AVE naqueles com dem\u00eancia) como Risperidona<\/td><\/tr><tr><td>Evitar priva\u00e7\u00e3o de sono<\/td><td>Benzodiazep\u00ednicos (causa sonol\u00eancia) como Lorazepam<\/td><\/tr><tr><td>Mobiliza\u00e7\u00e3o precoce para evitar condi\u00e7\u00f5es restritivas<\/td><td>Antagonista do receptor (testado apenas em estudos n\u00e3o controlados) como Trazodona<\/td><\/tr><tr><td>Corrigir desidrata\u00e7\u00e3o<\/td><td><\/td><\/tr><tr><td>Ofertar O2 se necess\u00e1rio<\/td><td><\/td><\/tr><tr><td>Tratamento de dor<\/td><td><\/td><\/tr><tr><td>Retirar medicamentos do sistema nervoso<\/td><td><\/td><\/tr><tr><td>Corrigir dist\u00farbio hidroeletrol\u00edtico<\/td><td><\/td><\/tr><tr><td>Tratamento de constipa\u00e7\u00e3o<\/td><td><\/td><\/tr><\/tbody><\/table><\/figure>\n\n\n\n<p>&#x2757;<strong>Detalhe importante<\/strong><\/p>\n\n\n\n<p>Antes de qualquer coisa, precisamos verificar o diagn\u00f3stico diferencial para Delirium, Dem\u00eancia, Depress\u00e3o e outras Psicoses funcionais para n\u00e3o errarmos o cuidado administrado!<\/p>\n\n\n\n<h2 class=\"wp-block-heading\" id=\"h-definicao-de-demencia\"><span class=\"ez-toc-section\" id=\"Definicao_de_Demencia\"><\/span><strong>Defini\u00e7\u00e3o de Dem\u00eancia<\/strong><span class=\"ez-toc-section-end\"><\/span><\/h2>\n\n\n\n<p>A\u00a0<strong>dem\u00eancia<\/strong>\u00a0\u00e9 um termo popular que engloba diversas condi\u00e7\u00f5es neurodegenerativas, como o Alzheimer, respons\u00e1vel por at\u00e9 70% dos quadros demenciais, caracterizadas por perda progressiva das fun\u00e7\u00f5es cognitivas, como mem\u00f3ria, linguagem e racioc\u00ednio. <\/p>\n\n\n\n<p>No geral, essa condi\u00e7\u00e3o \u00e9 mais comum em idosos, por\u00e9m tamb\u00e9m pode ocorrer em pessoas mais jovens. Al\u00e9m disso, \u00e9 necess\u00e1rio ressaltar que a dem\u00eancia tamb\u00e9m afeta a sa\u00fade mental do paciente, mas tamb\u00e9m dos familiares. <\/p>\n\n\n\n<p>Desse modo, sabe-se que a dem\u00eancia possui um processo que ocorre em est\u00e1gios, sendo eles:<\/p>\n\n\n\n<div class=\"wp-block-group\"><div class=\"wp-block-group__inner-container is-layout-constrained wp-block-group-is-layout-constrained\">\n<ul class=\"wp-block-list\">\n<li><strong>est\u00e1gio inicial:\u00a0<\/strong>lapsos de mem\u00f3ria leves, dificuldade em lembrar nomes e encontrar palavras;<\/li>\n\n\n\n<li><strong>est\u00e1gio leve:<\/strong>\u00a0dificuldade em realizar tarefas cotidianas, desorienta\u00e7\u00e3o em lugares familiares, mudan\u00e7as sutis no comportamento;<\/li>\n\n\n\n<li><strong>est\u00e1gio moderado:\u00a0<\/strong>problemas de mem\u00f3ria agravados, dificuldade em se expressar verbalmente, necessidade de assist\u00eancia para atividades di\u00e1rias;<\/li>\n\n\n\n<li><strong>est\u00e1gio moderadamente avan\u00e7ado:\u00a0<\/strong>desafios significativos na comunica\u00e7\u00e3o, necessidade de ajuda para vestir-se, comer e higiene pessoal;<\/li>\n\n\n\n<li><strong>est\u00e1gio avan\u00e7ado:<\/strong>\u00a0assist\u00eancia constante para cuidados pessoais, deteriora\u00e7\u00e3o cont\u00ednua da mem\u00f3ria e comunica\u00e7\u00e3o, poss\u00edvel perda de mobilidade;<\/li>\n\n\n\n<li><strong>est\u00e1gio severamente avan\u00e7ado:\u00a0<\/strong>perda da capacidade de comunica\u00e7\u00e3o verbal, problemas de degluti\u00e7\u00e3o, total depend\u00eancia de cuidados;<\/li>\n\n\n\n<li><strong>est\u00e1gio terminal:\u00a0<\/strong>debilidade intensa, perda significativa de habilidades f\u00edsicas e cognitivas, cuidados paliativos para garantir conforto. <\/li>\n<\/ul>\n<\/div><\/div>\n\n\n\n<h3 class=\"wp-block-heading\" id=\"h-principais-caracteristicas\"><span class=\"ez-toc-section\" id=\"Principais_caracteristicas\"><\/span><strong>Principais caracter\u00edsticas <\/strong><span class=\"ez-toc-section-end\"><\/span><\/h3>\n\n\n\n<p>Boa parte dos sintomas incluem:<\/p>\n\n\n\n<ul class=\"wp-block-list\">\n<li>altera\u00e7\u00f5es na\u00a0mem\u00f3ria, com dificuldade para se lembrar de fatos recentes e antigos;<\/li>\n\n\n\n<li>problemas na concentra\u00e7\u00e3o;<\/li>\n\n\n\n<li>dificuldades para formar racioc\u00ednios;<\/li>\n\n\n\n<li>problemas para se lembrar de palavras;<\/li>\n\n\n\n<li>desorienta\u00e7\u00e3o e confus\u00e3o;<\/li>\n\n\n\n<li>dificuldade para realizar tarefas que fazem parte da rotina, como escovar os dentes, entre outros.<\/li>\n<\/ul>\n\n\n\n<h3 class=\"wp-block-heading\" id=\"h-como-identificar\"><span class=\"ez-toc-section\" id=\"Como_identificar\"><\/span><strong>Como identificar?<\/strong><span class=\"ez-toc-section-end\"><\/span><\/h3>\n\n\n\n<p>No momento, ainda n\u00e3o existem exames espec\u00edficos para relatar esta condi\u00e7\u00e3o. Entretanto, \u00e9 realizado uma exclus\u00e3o de outras poss\u00edveis causas para os sintomas, e em seguida, um check-up completo com exames laboratoriais e de imagem. Com base nisso, o Minist\u00e9rio da Sa\u00fade publicou um roteiro e fluxograma voltado para profissionais de sa\u00fade, intitulado <strong>\u201cIdentifica\u00e7\u00e3o da Dem\u00eancia na Aten\u00e7\u00e3o Prim\u00e1ria\u201d<\/strong>, no qual tamb\u00e9m orienta como aplicar question\u00e1rios para melhor identifica\u00e7\u00e3o.<\/p>\n\n\n\n<p>Desse modo, confira o fluxograma apresentado por Paulo Caramelli, pesquisador da Universidade Federal de Minas Gerais (UFMG), divide o processo em tr\u00eas etapas:<\/p>\n\n\n\n<ul class=\"wp-block-list\">\n<li>A identifica\u00e7\u00e3o, feita por meio da Caderneta da Pessoa Idosa ou demanda espont\u00e2nea;<\/li>\n\n\n\n<li>O rastreamento cognitivo inicial, que pode ser aplicado por qualquer profissional de sa\u00fade usando o m\u00e9todo 10-CS com o paciente, ou o m\u00e9todo QMC8 com o acompanhante, que inclui atividades como a memoriza\u00e7\u00e3o de figuras; e<\/li>\n\n\n\n<li>A avalia\u00e7\u00e3o m\u00e9dica.<\/li>\n<\/ul>\n\n\n\n<p>Veja o documento completo para demais informa\u00e7\u00f5es!<\/p>\n\n\n\n<div data-wp-interactive=\"core\/file\" class=\"wp-block-file\"><object data-wp-bind--hidden=\"!state.hasPdfPreview\" hidden class=\"wp-block-file__embed\" data=\"https:\/\/www.grupomedcof.com.br\/blog\/wp-content\/uploads\/2024\/09\/Identificacao-da-Demencia.pdf\" type=\"application\/pdf\" style=\"width:100%;height:600px\" aria-label=\"Incorporado de Identifica\u00e7\u00e3o da Dem\u00eancia.\"><\/object><a id=\"wp-block-file--media-af40481f-6bcb-4d19-80f5-84d0ca0cf735\" href=\"https:\/\/www.grupomedcof.com.br\/blog\/wp-content\/uploads\/2024\/09\/Identificacao-da-Demencia.pdf\">Identifica\u00e7\u00e3o da Dem\u00eancia<\/a><a href=\"https:\/\/www.grupomedcof.com.br\/blog\/wp-content\/uploads\/2024\/09\/Identificacao-da-Demencia.pdf\" class=\"wp-block-file__button wp-element-button\" download aria-describedby=\"wp-block-file--media-af40481f-6bcb-4d19-80f5-84d0ca0cf735\">Baixar<\/a><\/div>\n\n\n\n<h3 class=\"wp-block-heading\" id=\"h-como-e-o-tratamento\"><span class=\"ez-toc-section\" id=\"Como_e_o_tratamento\"><\/span><strong>Como \u00e9 o tratamento?<\/strong><span class=\"ez-toc-section-end\"><\/span><\/h3>\n\n\n\n<p>Embora n\u00e3o exista cura para dem\u00eancia, \u00e9 poss\u00edvel realizar alguns tipos de tratamentos promissores na redu\u00e7\u00e3o a progress\u00e3o dessas condi\u00e7\u00f5es. Alguns deles incluem:<\/p>\n\n\n\n<ul class=\"wp-block-list\">\n<li>medicamentos inibidores da colinesterase;<\/li>\n\n\n\n<li>uso de canabinoides;<\/li>\n\n\n\n<li>terapia ocupacional;<\/li>\n\n\n\n<li>estimula\u00e7\u00e3o cognitiva;<\/li>\n\n\n\n<li>cuidados com a sa\u00fade mental;<\/li>\n\n\n\n<li>nutri\u00e7\u00e3o adequada.<\/li>\n<\/ul>\n\n\n\n<h2 class=\"wp-block-heading\" id=\"o-m\u00e9todo-que-te-aprova\"><span class=\"ez-toc-section\" id=\"O_metodo_que_te_aprova\"><\/span><strong>O m\u00e9todo que te aprova<\/strong><span class=\"ez-toc-section-end\"><\/span><\/h2>\n\n\n\n<p>Quer alcan\u00e7ar a aprova\u00e7\u00e3o nas provas de resid\u00eancia m\u00e9dica? Ent\u00e3o seja um&nbsp;<a href=\"https:\/\/www.grupomedcof.com.br\/home\/\" target=\"_blank\" rel=\"noreferrer noopener\"><strong>MedCoffer<\/strong><\/a>! Aqui te ajudaremos na busca da aprova\u00e7\u00e3o com conte\u00fados de qualidade e uma&nbsp;<a href=\"https:\/\/www.grupomedcof.com.br\/blog\/presenca-da-medcof-nas-aprovacoes-em-residencia-medica-no-brasil\/\" target=\"_blank\" rel=\"noreferrer noopener\"><strong>metodologia que j\u00e1 aprovou mais de 10 mil residentes no pa\u00eds<\/strong><\/a>!&nbsp;Por fim, acesse o nosso<a href=\"https:\/\/www.youtube.com\/@GrupoMedcof\/featured\" target=\"_blank\" rel=\"noreferrer noopener\">&nbsp;<strong>canal do youtube&nbsp;<\/strong><\/a>para ver o nosso material.<\/p>\n\n\n\n<figure class=\"wp-block-embed is-type-video is-provider-youtube wp-block-embed-youtube wp-embed-aspect-16-9 wp-has-aspect-ratio\"><div class=\"wp-block-embed__wrapper\">\n<div class=\"youtube-embed\" data-video_id=\"gAMEX_s7Tkk\"><iframe loading=\"lazy\" title=\"Fragilidade do Idoso: Como Tratar e Prevenir? Com Dra. Priscila Abiko\" width=\"696\" height=\"392\" src=\"https:\/\/www.youtube.com\/embed\/gAMEX_s7Tkk?feature=oembed&#038;enablejsapi=1\" frameborder=\"0\" allow=\"accelerometer; autoplay; clipboard-write; encrypted-media; gyroscope; picture-in-picture; web-share\" referrerpolicy=\"strict-origin-when-cross-origin\" allowfullscreen><\/iframe><\/div>\n<\/div><\/figure>\n","protected":false},"excerpt":{"rendered":"<p>A incid\u00eancia de casos de Delirium, Dem\u00eancia e Depress\u00e3o \u00e9 bastante elevada na popula\u00e7\u00e3o idosa. Veja mais em nosso blog!<\/p>\n","protected":false},"author":21,"featured_media":29679,"comment_status":"open","ping_status":"open","sticky":false,"template":"","format":"standard","meta":{"footnotes":""},"categories":[115],"tags":[1997,1998,232,117,68],"ppma_author":[3617],"class_list":{"0":"post-29675","1":"post","2":"type-post","3":"status-publish","4":"format-standard","5":"has-post-thumbnail","7":"category-clinica-medica","8":"tag-delirium","9":"tag-demencia","10":"tag-depressao","11":"tag-provas-de-residencia","12":"tag-residencia-medica"},"yoast_head":"<!-- This site is optimized with the Yoast SEO Premium plugin v24.3 (Yoast SEO v27.4) - https:\/\/yoast.com\/product\/yoast-seo-premium-wordpress\/ -->\n<title>Saiba como diagnosticar Delirium e Dem\u00eancia - Blog de Medcof: conte\u00fados, editais, revalida e mais!<\/title>\n<meta name=\"description\" content=\"A incid\u00eancia de casos de Delirium, Dem\u00eancia e Depress\u00e3o \u00e9 bastante elevada na popula\u00e7\u00e3o idosa. Veja mais em nosso blog!\" \/>\n<meta name=\"robots\" content=\"index, follow, max-snippet:-1, max-image-preview:large, max-video-preview:-1\" \/>\n<link rel=\"canonical\" href=\"https:\/\/www.grupomedcof.com.br\/blog\/saiba-mais-como-diagnosticar-delirium-em-idosos\/\" \/>\n<meta property=\"og:locale\" content=\"pt_BR\" \/>\n<meta property=\"og:type\" content=\"article\" \/>\n<meta property=\"og:title\" content=\"Saiba como diagnosticar Delirium e Dem\u00eancia\" \/>\n<meta property=\"og:description\" content=\"A incid\u00eancia de casos de Delirium, Dem\u00eancia e Depress\u00e3o \u00e9 bastante elevada na popula\u00e7\u00e3o idosa. Veja mais em nosso blog!\" \/>\n<meta property=\"og:url\" content=\"https:\/\/www.grupomedcof.com.br\/blog\/saiba-mais-como-diagnosticar-delirium-em-idosos\/\" \/>\n<meta property=\"og:site_name\" content=\"Blog de Medcof: conte\u00fados, editais, revalida e mais!\" \/>\n<meta property=\"article:publisher\" content=\"https:\/\/www.facebook.com\/MedCofQbank\/\" \/>\n<meta property=\"article:published_time\" content=\"2024-09-15T16:30:37+00:00\" \/>\n<meta property=\"article:modified_time\" content=\"2024-10-09T14:48:07+00:00\" \/>\n<meta property=\"og:image\" content=\"https:\/\/www.grupomedcof.com.br\/blog\/wp-content\/uploads\/2024\/09\/Blog-MedCof-2024-09-10T133652.218-1024x576.png\" \/>\n\t<meta property=\"og:image:width\" content=\"1024\" \/>\n\t<meta property=\"og:image:height\" content=\"576\" \/>\n\t<meta property=\"og:image:type\" content=\"image\/png\" \/>\n<meta name=\"author\" content=\"Kiara Adelino\" \/>\n<meta name=\"twitter:card\" content=\"summary_large_image\" \/>\n<meta name=\"twitter:label1\" content=\"Escrito por\" \/>\n\t<meta name=\"twitter:data1\" content=\"Kiara Adelino\" \/>\n\t<meta name=\"twitter:label2\" content=\"Est. tempo de leitura\" \/>\n\t<meta name=\"twitter:data2\" content=\"7 minutos\" \/>\n<script type=\"application\/ld+json\" class=\"yoast-schema-graph\">{\"@context\":\"https:\\\/\\\/schema.org\",\"@graph\":[{\"@type\":\"Article\",\"@id\":\"https:\\\/\\\/www.grupomedcof.com.br\\\/blog\\\/saiba-mais-como-diagnosticar-delirium-em-idosos\\\/#article\",\"isPartOf\":{\"@id\":\"https:\\\/\\\/www.grupomedcof.com.br\\\/blog\\\/saiba-mais-como-diagnosticar-delirium-em-idosos\\\/\"},\"author\":{\"name\":\"Kiara Adelino\",\"@id\":\"https:\\\/\\\/www.grupomedcof.com.br\\\/blog\\\/#\\\/schema\\\/person\\\/db19a651f86c5fc202d6eee744fd3292\"},\"headline\":\"Saiba como diagnosticar Delirium e Dem\u00eancia\",\"datePublished\":\"2024-09-15T16:30:37+00:00\",\"dateModified\":\"2024-10-09T14:48:07+00:00\",\"mainEntityOfPage\":{\"@id\":\"https:\\\/\\\/www.grupomedcof.com.br\\\/blog\\\/saiba-mais-como-diagnosticar-delirium-em-idosos\\\/\"},\"wordCount\":1315,\"commentCount\":0,\"publisher\":{\"@id\":\"https:\\\/\\\/www.grupomedcof.com.br\\\/blog\\\/#organization\"},\"image\":{\"@id\":\"https:\\\/\\\/www.grupomedcof.com.br\\\/blog\\\/saiba-mais-como-diagnosticar-delirium-em-idosos\\\/#primaryimage\"},\"thumbnailUrl\":\"https:\\\/\\\/www.grupomedcof.com.br\\\/blog\\\/wp-content\\\/uploads\\\/2024\\\/09\\\/Blog-MedCof-2024-09-10T133652.218.png\",\"keywords\":[\"Delirium\",\"Dem\u00eancia\",\"Depress\u00e3o\",\"Provas de Resid\u00eancia\",\"Resid\u00eancia M\u00e9dica\"],\"articleSection\":[\"Cl\u00ednica M\u00e9dica\"],\"inLanguage\":\"pt-BR\"},{\"@type\":\"WebPage\",\"@id\":\"https:\\\/\\\/www.grupomedcof.com.br\\\/blog\\\/saiba-mais-como-diagnosticar-delirium-em-idosos\\\/\",\"url\":\"https:\\\/\\\/www.grupomedcof.com.br\\\/blog\\\/saiba-mais-como-diagnosticar-delirium-em-idosos\\\/\",\"name\":\"Saiba como diagnosticar Delirium e Dem\u00eancia - Blog de Medcof: conte\u00fados, editais, revalida e mais!\",\"isPartOf\":{\"@id\":\"https:\\\/\\\/www.grupomedcof.com.br\\\/blog\\\/#website\"},\"primaryImageOfPage\":{\"@id\":\"https:\\\/\\\/www.grupomedcof.com.br\\\/blog\\\/saiba-mais-como-diagnosticar-delirium-em-idosos\\\/#primaryimage\"},\"image\":{\"@id\":\"https:\\\/\\\/www.grupomedcof.com.br\\\/blog\\\/saiba-mais-como-diagnosticar-delirium-em-idosos\\\/#primaryimage\"},\"thumbnailUrl\":\"https:\\\/\\\/www.grupomedcof.com.br\\\/blog\\\/wp-content\\\/uploads\\\/2024\\\/09\\\/Blog-MedCof-2024-09-10T133652.218.png\",\"datePublished\":\"2024-09-15T16:30:37+00:00\",\"dateModified\":\"2024-10-09T14:48:07+00:00\",\"description\":\"A incid\u00eancia de casos de Delirium, Dem\u00eancia e Depress\u00e3o \u00e9 bastante elevada na popula\u00e7\u00e3o idosa. Veja mais em nosso blog!\",\"breadcrumb\":{\"@id\":\"https:\\\/\\\/www.grupomedcof.com.br\\\/blog\\\/saiba-mais-como-diagnosticar-delirium-em-idosos\\\/#breadcrumb\"},\"inLanguage\":\"pt-BR\",\"potentialAction\":[{\"@type\":\"ReadAction\",\"target\":[\"https:\\\/\\\/www.grupomedcof.com.br\\\/blog\\\/saiba-mais-como-diagnosticar-delirium-em-idosos\\\/\"]}]},{\"@type\":\"ImageObject\",\"inLanguage\":\"pt-BR\",\"@id\":\"https:\\\/\\\/www.grupomedcof.com.br\\\/blog\\\/saiba-mais-como-diagnosticar-delirium-em-idosos\\\/#primaryimage\",\"url\":\"https:\\\/\\\/www.grupomedcof.com.br\\\/blog\\\/wp-content\\\/uploads\\\/2024\\\/09\\\/Blog-MedCof-2024-09-10T133652.218.png\",\"contentUrl\":\"https:\\\/\\\/www.grupomedcof.com.br\\\/blog\\\/wp-content\\\/uploads\\\/2024\\\/09\\\/Blog-MedCof-2024-09-10T133652.218.png\",\"width\":2560,\"height\":1440},{\"@type\":\"BreadcrumbList\",\"@id\":\"https:\\\/\\\/www.grupomedcof.com.br\\\/blog\\\/saiba-mais-como-diagnosticar-delirium-em-idosos\\\/#breadcrumb\",\"itemListElement\":[{\"@type\":\"ListItem\",\"position\":1,\"name\":\"In\u00edcio\",\"item\":\"https:\\\/\\\/www.grupomedcof.com.br\\\/blog\\\/\"},{\"@type\":\"ListItem\",\"position\":2,\"name\":\"Saiba como diagnosticar Delirium e Dem\u00eancia\"}]},{\"@type\":\"WebSite\",\"@id\":\"https:\\\/\\\/www.grupomedcof.com.br\\\/blog\\\/#website\",\"url\":\"https:\\\/\\\/www.grupomedcof.com.br\\\/blog\\\/\",\"name\":\"Blog de Medcof: conte\u00fados, editais, revalida e mais!\",\"description\":\"Acesso o blog de MedCof! Seu portal de conte\u00fados sobre resid\u00eancia m\u00e9dica, an\u00e1lise e editais e muito mais. Clique e confira!\",\"publisher\":{\"@id\":\"https:\\\/\\\/www.grupomedcof.com.br\\\/blog\\\/#organization\"},\"alternateName\":\"Blog de Medcof: conte\u00fados, editais, revalida e mais!\",\"potentialAction\":[{\"@type\":\"SearchAction\",\"target\":{\"@type\":\"EntryPoint\",\"urlTemplate\":\"https:\\\/\\\/www.grupomedcof.com.br\\\/blog\\\/?s={search_term_string}\"},\"query-input\":{\"@type\":\"PropertyValueSpecification\",\"valueRequired\":true,\"valueName\":\"search_term_string\"}}],\"inLanguage\":\"pt-BR\"},{\"@type\":\"Organization\",\"@id\":\"https:\\\/\\\/www.grupomedcof.com.br\\\/blog\\\/#organization\",\"name\":\"Grupo MedCof\",\"url\":\"https:\\\/\\\/www.grupomedcof.com.br\\\/blog\\\/\",\"logo\":{\"@type\":\"ImageObject\",\"inLanguage\":\"pt-BR\",\"@id\":\"https:\\\/\\\/www.grupomedcof.com.br\\\/blog\\\/#\\\/schema\\\/logo\\\/image\\\/\",\"url\":\"https:\\\/\\\/www.grupomedcof.com.br\\\/blog\\\/wp-content\\\/uploads\\\/2022\\\/01\\\/logo-medcof.png\",\"contentUrl\":\"https:\\\/\\\/www.grupomedcof.com.br\\\/blog\\\/wp-content\\\/uploads\\\/2022\\\/01\\\/logo-medcof.png\",\"width\":768,\"height\":269,\"caption\":\"Grupo MedCof\"},\"image\":{\"@id\":\"https:\\\/\\\/www.grupomedcof.com.br\\\/blog\\\/#\\\/schema\\\/logo\\\/image\\\/\"},\"sameAs\":[\"https:\\\/\\\/www.facebook.com\\\/MedCofQbank\\\/\",\"https:\\\/\\\/www.instagram.com\\\/grupomedcof\\\/\",\"https:\\\/\\\/br.linkedin.com\\\/company\\\/medcof\",\"https:\\\/\\\/www.youtube.com\\\/channel\\\/UCdHMuOHKICxcHwecxN8P-AA\"]},{\"@type\":\"Person\",\"@id\":\"https:\\\/\\\/www.grupomedcof.com.br\\\/blog\\\/#\\\/schema\\\/person\\\/db19a651f86c5fc202d6eee744fd3292\",\"name\":\"Kiara Adelino\",\"image\":{\"@type\":\"ImageObject\",\"inLanguage\":\"pt-BR\",\"@id\":\"https:\\\/\\\/www.grupomedcof.com.br\\\/blog\\\/wp-content\\\/uploads\\\/2024\\\/08\\\/cropped-Kiara-Adelino2-96x96.jpega85663bdda67261f8f06f86e555e1e49\",\"url\":\"https:\\\/\\\/www.grupomedcof.com.br\\\/blog\\\/wp-content\\\/uploads\\\/2024\\\/08\\\/cropped-Kiara-Adelino2-96x96.jpeg\",\"contentUrl\":\"https:\\\/\\\/www.grupomedcof.com.br\\\/blog\\\/wp-content\\\/uploads\\\/2024\\\/08\\\/cropped-Kiara-Adelino2-96x96.jpeg\",\"caption\":\"Kiara Adelino\"},\"description\":\"Estudante do 5\u00b0 semestre de Medicina. Gosto bastante de aprender coisas novas, principalmente na \u00e1rea de Neurologia e Anatomia humana.\",\"url\":\"https:\\\/\\\/www.grupomedcof.com.br\\\/blog\\\/author\\\/kiara-adelino\\\/\"}]}<\/script>\n<!-- \/ Yoast SEO Premium plugin. -->","yoast_head_json":{"title":"Saiba como diagnosticar Delirium e Dem\u00eancia - Blog de Medcof: conte\u00fados, editais, revalida e mais!","description":"A incid\u00eancia de casos de Delirium, Dem\u00eancia e Depress\u00e3o \u00e9 bastante elevada na popula\u00e7\u00e3o idosa. Veja mais em nosso blog!","robots":{"index":"index","follow":"follow","max-snippet":"max-snippet:-1","max-image-preview":"max-image-preview:large","max-video-preview":"max-video-preview:-1"},"canonical":"https:\/\/www.grupomedcof.com.br\/blog\/saiba-mais-como-diagnosticar-delirium-em-idosos\/","og_locale":"pt_BR","og_type":"article","og_title":"Saiba como diagnosticar Delirium e Dem\u00eancia","og_description":"A incid\u00eancia de casos de Delirium, Dem\u00eancia e Depress\u00e3o \u00e9 bastante elevada na popula\u00e7\u00e3o idosa. Veja mais em nosso blog!","og_url":"https:\/\/www.grupomedcof.com.br\/blog\/saiba-mais-como-diagnosticar-delirium-em-idosos\/","og_site_name":"Blog de Medcof: conte\u00fados, editais, revalida e mais!","article_publisher":"https:\/\/www.facebook.com\/MedCofQbank\/","article_published_time":"2024-09-15T16:30:37+00:00","article_modified_time":"2024-10-09T14:48:07+00:00","og_image":[{"width":1024,"height":576,"url":"https:\/\/www.grupomedcof.com.br\/blog\/wp-content\/uploads\/2024\/09\/Blog-MedCof-2024-09-10T133652.218-1024x576.png","type":"image\/png"}],"author":"Kiara Adelino","twitter_card":"summary_large_image","twitter_misc":{"Escrito por":"Kiara Adelino","Est. tempo de leitura":"7 minutos"},"schema":{"@context":"https:\/\/schema.org","@graph":[{"@type":"Article","@id":"https:\/\/www.grupomedcof.com.br\/blog\/saiba-mais-como-diagnosticar-delirium-em-idosos\/#article","isPartOf":{"@id":"https:\/\/www.grupomedcof.com.br\/blog\/saiba-mais-como-diagnosticar-delirium-em-idosos\/"},"author":{"name":"Kiara Adelino","@id":"https:\/\/www.grupomedcof.com.br\/blog\/#\/schema\/person\/db19a651f86c5fc202d6eee744fd3292"},"headline":"Saiba como diagnosticar Delirium e Dem\u00eancia","datePublished":"2024-09-15T16:30:37+00:00","dateModified":"2024-10-09T14:48:07+00:00","mainEntityOfPage":{"@id":"https:\/\/www.grupomedcof.com.br\/blog\/saiba-mais-como-diagnosticar-delirium-em-idosos\/"},"wordCount":1315,"commentCount":0,"publisher":{"@id":"https:\/\/www.grupomedcof.com.br\/blog\/#organization"},"image":{"@id":"https:\/\/www.grupomedcof.com.br\/blog\/saiba-mais-como-diagnosticar-delirium-em-idosos\/#primaryimage"},"thumbnailUrl":"https:\/\/www.grupomedcof.com.br\/blog\/wp-content\/uploads\/2024\/09\/Blog-MedCof-2024-09-10T133652.218.png","keywords":["Delirium","Dem\u00eancia","Depress\u00e3o","Provas de Resid\u00eancia","Resid\u00eancia M\u00e9dica"],"articleSection":["Cl\u00ednica M\u00e9dica"],"inLanguage":"pt-BR"},{"@type":"WebPage","@id":"https:\/\/www.grupomedcof.com.br\/blog\/saiba-mais-como-diagnosticar-delirium-em-idosos\/","url":"https:\/\/www.grupomedcof.com.br\/blog\/saiba-mais-como-diagnosticar-delirium-em-idosos\/","name":"Saiba como diagnosticar Delirium e Dem\u00eancia - Blog de Medcof: conte\u00fados, editais, revalida e mais!","isPartOf":{"@id":"https:\/\/www.grupomedcof.com.br\/blog\/#website"},"primaryImageOfPage":{"@id":"https:\/\/www.grupomedcof.com.br\/blog\/saiba-mais-como-diagnosticar-delirium-em-idosos\/#primaryimage"},"image":{"@id":"https:\/\/www.grupomedcof.com.br\/blog\/saiba-mais-como-diagnosticar-delirium-em-idosos\/#primaryimage"},"thumbnailUrl":"https:\/\/www.grupomedcof.com.br\/blog\/wp-content\/uploads\/2024\/09\/Blog-MedCof-2024-09-10T133652.218.png","datePublished":"2024-09-15T16:30:37+00:00","dateModified":"2024-10-09T14:48:07+00:00","description":"A incid\u00eancia de casos de Delirium, Dem\u00eancia e Depress\u00e3o \u00e9 bastante elevada na popula\u00e7\u00e3o idosa. Veja mais em nosso blog!","breadcrumb":{"@id":"https:\/\/www.grupomedcof.com.br\/blog\/saiba-mais-como-diagnosticar-delirium-em-idosos\/#breadcrumb"},"inLanguage":"pt-BR","potentialAction":[{"@type":"ReadAction","target":["https:\/\/www.grupomedcof.com.br\/blog\/saiba-mais-como-diagnosticar-delirium-em-idosos\/"]}]},{"@type":"ImageObject","inLanguage":"pt-BR","@id":"https:\/\/www.grupomedcof.com.br\/blog\/saiba-mais-como-diagnosticar-delirium-em-idosos\/#primaryimage","url":"https:\/\/www.grupomedcof.com.br\/blog\/wp-content\/uploads\/2024\/09\/Blog-MedCof-2024-09-10T133652.218.png","contentUrl":"https:\/\/www.grupomedcof.com.br\/blog\/wp-content\/uploads\/2024\/09\/Blog-MedCof-2024-09-10T133652.218.png","width":2560,"height":1440},{"@type":"BreadcrumbList","@id":"https:\/\/www.grupomedcof.com.br\/blog\/saiba-mais-como-diagnosticar-delirium-em-idosos\/#breadcrumb","itemListElement":[{"@type":"ListItem","position":1,"name":"In\u00edcio","item":"https:\/\/www.grupomedcof.com.br\/blog\/"},{"@type":"ListItem","position":2,"name":"Saiba como diagnosticar Delirium e Dem\u00eancia"}]},{"@type":"WebSite","@id":"https:\/\/www.grupomedcof.com.br\/blog\/#website","url":"https:\/\/www.grupomedcof.com.br\/blog\/","name":"Blog de Medcof: conte\u00fados, editais, revalida e mais!","description":"Acesso o blog de MedCof! Seu portal de conte\u00fados sobre resid\u00eancia m\u00e9dica, an\u00e1lise e editais e muito mais. Clique e confira!","publisher":{"@id":"https:\/\/www.grupomedcof.com.br\/blog\/#organization"},"alternateName":"Blog de Medcof: conte\u00fados, editais, revalida e mais!","potentialAction":[{"@type":"SearchAction","target":{"@type":"EntryPoint","urlTemplate":"https:\/\/www.grupomedcof.com.br\/blog\/?s={search_term_string}"},"query-input":{"@type":"PropertyValueSpecification","valueRequired":true,"valueName":"search_term_string"}}],"inLanguage":"pt-BR"},{"@type":"Organization","@id":"https:\/\/www.grupomedcof.com.br\/blog\/#organization","name":"Grupo MedCof","url":"https:\/\/www.grupomedcof.com.br\/blog\/","logo":{"@type":"ImageObject","inLanguage":"pt-BR","@id":"https:\/\/www.grupomedcof.com.br\/blog\/#\/schema\/logo\/image\/","url":"https:\/\/www.grupomedcof.com.br\/blog\/wp-content\/uploads\/2022\/01\/logo-medcof.png","contentUrl":"https:\/\/www.grupomedcof.com.br\/blog\/wp-content\/uploads\/2022\/01\/logo-medcof.png","width":768,"height":269,"caption":"Grupo MedCof"},"image":{"@id":"https:\/\/www.grupomedcof.com.br\/blog\/#\/schema\/logo\/image\/"},"sameAs":["https:\/\/www.facebook.com\/MedCofQbank\/","https:\/\/www.instagram.com\/grupomedcof\/","https:\/\/br.linkedin.com\/company\/medcof","https:\/\/www.youtube.com\/channel\/UCdHMuOHKICxcHwecxN8P-AA"]},{"@type":"Person","@id":"https:\/\/www.grupomedcof.com.br\/blog\/#\/schema\/person\/db19a651f86c5fc202d6eee744fd3292","name":"Kiara Adelino","image":{"@type":"ImageObject","inLanguage":"pt-BR","@id":"https:\/\/www.grupomedcof.com.br\/blog\/wp-content\/uploads\/2024\/08\/cropped-Kiara-Adelino2-96x96.jpega85663bdda67261f8f06f86e555e1e49","url":"https:\/\/www.grupomedcof.com.br\/blog\/wp-content\/uploads\/2024\/08\/cropped-Kiara-Adelino2-96x96.jpeg","contentUrl":"https:\/\/www.grupomedcof.com.br\/blog\/wp-content\/uploads\/2024\/08\/cropped-Kiara-Adelino2-96x96.jpeg","caption":"Kiara Adelino"},"description":"Estudante do 5\u00b0 semestre de Medicina. Gosto bastante de aprender coisas novas, principalmente na \u00e1rea de Neurologia e Anatomia humana.","url":"https:\/\/www.grupomedcof.com.br\/blog\/author\/kiara-adelino\/"}]}},"authors":[{"term_id":3617,"user_id":21,"is_guest":0,"slug":"kiara-adelino","display_name":"Kiara Adelino","avatar_url":"https:\/\/www.grupomedcof.com.br\/blog\/wp-content\/uploads\/2024\/08\/cropped-Kiara-Adelino2-96x96.jpeg","0":null,"1":"","2":"","3":"","4":"","5":"","6":"","7":"","8":""}],"_links":{"self":[{"href":"https:\/\/www.grupomedcof.com.br\/blog\/wp-json\/wp\/v2\/posts\/29675","targetHints":{"allow":["GET"]}}],"collection":[{"href":"https:\/\/www.grupomedcof.com.br\/blog\/wp-json\/wp\/v2\/posts"}],"about":[{"href":"https:\/\/www.grupomedcof.com.br\/blog\/wp-json\/wp\/v2\/types\/post"}],"author":[{"embeddable":true,"href":"https:\/\/www.grupomedcof.com.br\/blog\/wp-json\/wp\/v2\/users\/21"}],"replies":[{"embeddable":true,"href":"https:\/\/www.grupomedcof.com.br\/blog\/wp-json\/wp\/v2\/comments?post=29675"}],"version-history":[{"count":0,"href":"https:\/\/www.grupomedcof.com.br\/blog\/wp-json\/wp\/v2\/posts\/29675\/revisions"}],"wp:featuredmedia":[{"embeddable":true,"href":"https:\/\/www.grupomedcof.com.br\/blog\/wp-json\/wp\/v2\/media\/29679"}],"wp:attachment":[{"href":"https:\/\/www.grupomedcof.com.br\/blog\/wp-json\/wp\/v2\/media?parent=29675"}],"wp:term":[{"taxonomy":"category","embeddable":true,"href":"https:\/\/www.grupomedcof.com.br\/blog\/wp-json\/wp\/v2\/categories?post=29675"},{"taxonomy":"post_tag","embeddable":true,"href":"https:\/\/www.grupomedcof.com.br\/blog\/wp-json\/wp\/v2\/tags?post=29675"},{"taxonomy":"author","embeddable":true,"href":"https:\/\/www.grupomedcof.com.br\/blog\/wp-json\/wp\/v2\/ppma_author?post=29675"}],"curies":[{"name":"wp","href":"https:\/\/api.w.org\/{rel}","templated":true}]}}