{"id":29836,"date":"2024-09-18T18:17:31","date_gmt":"2024-09-18T21:17:31","guid":{"rendered":"https:\/\/www.grupomedcof.com.br\/blog\/?p=29836"},"modified":"2024-09-18T18:17:32","modified_gmt":"2024-09-18T21:17:32","slug":"o-que-e-residpg","status":"publish","type":"post","link":"https:\/\/www.grupomedcof.com.br\/blog\/o-que-e-residpg\/","title":{"rendered":"Lan\u00e7ado pelo MEC, ResidPG une resid\u00eancia com mestrado ou doutorado"},"content":{"rendered":"<div id=\"ez-toc-container\" class=\"ez-toc-v2_0_74 counter-hierarchy ez-toc-counter ez-toc-transparent ez-toc-container-direction\">\n<div class=\"ez-toc-title-container\">\n<p class=\"ez-toc-title\" style=\"cursor:inherit\">Sum\u00e1rio<\/p>\n<span class=\"ez-toc-title-toggle\"><a href=\"#\" class=\"ez-toc-pull-right ez-toc-btn ez-toc-btn-xs ez-toc-btn-default ez-toc-toggle\" aria-label=\"Alternar tabela de conte\u00fado\"><span class=\"ez-toc-js-icon-con\"><span class=\"\"><span class=\"eztoc-hide\" style=\"display:none;\">Toggle<\/span><span class=\"ez-toc-icon-toggle-span\"><svg style=\"fill: #999;color:#999\" xmlns=\"http:\/\/www.w3.org\/2000\/svg\" class=\"list-377408\" width=\"20px\" height=\"20px\" viewBox=\"0 0 24 24\" fill=\"none\"><path d=\"M6 6H4v2h2V6zm14 0H8v2h12V6zM4 11h2v2H4v-2zm16 0H8v2h12v-2zM4 16h2v2H4v-2zm16 0H8v2h12v-2z\" fill=\"currentColor\"><\/path><\/svg><svg style=\"fill: #999;color:#999\" class=\"arrow-unsorted-368013\" xmlns=\"http:\/\/www.w3.org\/2000\/svg\" width=\"10px\" height=\"10px\" viewBox=\"0 0 24 24\" version=\"1.2\" baseProfile=\"tiny\"><path d=\"M18.2 9.3l-6.2-6.3-6.2 6.3c-.2.2-.3.4-.3.7s.1.5.3.7c.2.2.4.3.7.3h11c.3 0 .5-.1.7-.3.2-.2.3-.5.3-.7s-.1-.5-.3-.7zM5.8 14.7l6.2 6.3 6.2-6.3c.2-.2.3-.5.3-.7s-.1-.5-.3-.7c-.2-.2-.4-.3-.7-.3h-11c-.3 0-.5.1-.7.3-.2.2-.3.5-.3.7s.1.5.3.7z\"\/><\/svg><\/span><\/span><\/span><\/a><\/span><\/div>\n<nav><ul class='ez-toc-list ez-toc-list-level-1 ' ><li class='ez-toc-page-1 ez-toc-heading-level-2'><a class=\"ez-toc-link ez-toc-heading-1\" href=\"https:\/\/www.grupomedcof.com.br\/blog\/o-que-e-residpg\/#ResidPG\" >ResidPG<\/a><\/li><li class='ez-toc-page-1 ez-toc-heading-level-2'><a class=\"ez-toc-link ez-toc-heading-2\" href=\"https:\/\/www.grupomedcof.com.br\/blog\/o-que-e-residpg\/#Como_funcionara\" >Como funcionar\u00e1?<\/a><\/li><li class='ez-toc-page-1 ez-toc-heading-level-2'><a class=\"ez-toc-link ez-toc-heading-3\" href=\"https:\/\/www.grupomedcof.com.br\/blog\/o-que-e-residpg\/#Criterios_para_participacao_das_instituicoes\" >Crit\u00e9rios para participa\u00e7\u00e3o das institui\u00e7\u00f5es<\/a><\/li><li class='ez-toc-page-1 ez-toc-heading-level-2'><a class=\"ez-toc-link ez-toc-heading-4\" href=\"https:\/\/www.grupomedcof.com.br\/blog\/o-que-e-residpg\/#PORTARIA_CAPES_No_290_documento_na_integra\" >PORTARIA CAPES N\u00ba 290, documento na \u00edntegra<\/a><\/li><li class='ez-toc-page-1 ez-toc-heading-level-2'><a class=\"ez-toc-link ez-toc-heading-5\" href=\"https:\/\/www.grupomedcof.com.br\/blog\/o-que-e-residpg\/#Conheca_o_fluxo_de_estudos_do_Grupo_MedCof\" >Conhe\u00e7a o fluxo de estudos do Grupo MedCof!<\/a><\/li><\/ul><\/nav><\/div>\n\n<figure class=\"wp-block-image size-large\"><img loading=\"lazy\" decoding=\"async\" width=\"1024\" height=\"576\" src=\"https:\/\/www.grupomedcof.com.br\/blog\/wp-content\/uploads\/2024\/09\/Blog-MedCof-2-1024x576.png\" alt=\"miniatura de chap\u00e9u de gradua\u00e7\u00e3o na palma de uma pessoa branca.\" class=\"wp-image-29841\" srcset=\"https:\/\/www.grupomedcof.com.br\/blog\/wp-content\/uploads\/2024\/09\/Blog-MedCof-2-1024x576.png 1024w, https:\/\/www.grupomedcof.com.br\/blog\/wp-content\/uploads\/2024\/09\/Blog-MedCof-2-300x169.png 300w, https:\/\/www.grupomedcof.com.br\/blog\/wp-content\/uploads\/2024\/09\/Blog-MedCof-2-768x432.png 768w, https:\/\/www.grupomedcof.com.br\/blog\/wp-content\/uploads\/2024\/09\/Blog-MedCof-2-1536x864.png 1536w, https:\/\/www.grupomedcof.com.br\/blog\/wp-content\/uploads\/2024\/09\/Blog-MedCof-2-2048x1152.png 2048w, https:\/\/www.grupomedcof.com.br\/blog\/wp-content\/uploads\/2024\/09\/Blog-MedCof-2-747x420.png 747w, https:\/\/www.grupomedcof.com.br\/blog\/wp-content\/uploads\/2024\/09\/Blog-MedCof-2-150x84.png 150w, https:\/\/www.grupomedcof.com.br\/blog\/wp-content\/uploads\/2024\/09\/Blog-MedCof-2-696x392.png 696w, https:\/\/www.grupomedcof.com.br\/blog\/wp-content\/uploads\/2024\/09\/Blog-MedCof-2-1068x601.png 1068w, https:\/\/www.grupomedcof.com.br\/blog\/wp-content\/uploads\/2024\/09\/Blog-MedCof-2-1920x1080.png 1920w\" sizes=\"auto, (max-width: 1024px) 100vw, 1024px\" \/><\/figure>\n\n\n\n<p>O Programa de Resid\u00eancia em Sa\u00fade Integrada \u00e0 P\u00f3s-gradua\u00e7\u00e3o, o ResidPG,<strong> <\/strong>busca conciliar as<strong> p\u00f3s-gradua\u00e7\u00f5es <em>stricto e lato sensu<\/em>.<\/strong> Saiba mais sobre o novo programa do MEC, a seguir.<\/p>\n\n\n\n<h2 class=\"wp-block-heading\" id=\"h-residpg\"><span class=\"ez-toc-section\" id=\"ResidPG\"><\/span><strong>ResidPG<\/strong><span class=\"ez-toc-section-end\"><\/span><\/h2>\n\n\n\n<p>De acordo com a publica\u00e7\u00e3o feita no Di\u00e1rio Oficial da Uni\u00e3o (DOU) pela <strong>Coordena\u00e7\u00e3o de Aperfei\u00e7oamento de Pessoal de N\u00edvel Superior (CAPES)<\/strong>, vinculada ao Minist\u00e9rio da Educa\u00e7\u00e3o (MEC), o  ResidPG permitir\u00e1 que residentes fa\u00e7am seu doutorado ou mestrado durante a resid\u00eancia, seja ela <a href=\"https:\/\/www.grupomedcof.com.br\/blog\/o-que-e-residencia-medica\/\" target=\"_blank\" rel=\"noreferrer noopener\"><strong>m\u00e9dica<\/strong> <\/a>ou multiprofissional. <\/p>\n\n\n\n<p>Os interessados dever\u00e3o apresentar <strong>alto desempenho acad\u00eamico, projeto aprovado por comiss\u00f5es de \u00e9tica e terem aprova\u00e7\u00e3o em programas de p\u00f3s-gradua\u00e7\u00e3o reconhecidos pela CAPES.<\/strong><\/p>\n\n\n\n<p>Dessa forma, espera-se capacitar profissionais altamente qualificados e <strong>incentivar a perman\u00eancia e atua\u00e7\u00e3o<\/strong> de mestres e doutores no Sistema \u00danico de Sa\u00fade (SUS) ou no campo acad\u00eamico.<\/p>\n\n\n\n<h2 class=\"wp-block-heading\" id=\"h-como-funcionara\"><span class=\"ez-toc-section\" id=\"Como_funcionara\"><\/span><strong>Como funcionar\u00e1?<\/strong><span class=\"ez-toc-section-end\"><\/span><\/h2>\n\n\n\n<p>Segundo a portaria, a<strong> Coordena\u00e7\u00e3o-Geral de Fomento a A\u00e7\u00f5es Estrat\u00e9gicas (CGFAE)<\/strong> ser\u00e1 respons\u00e1vel pela gest\u00e3o dos recursos destinados ao ResidPG. Entretanto, com apoio da CAPES, bolsas de estudos, recursos para custeio e capital tamb\u00e9m poder\u00e3o ser fornecidos para as institui\u00e7\u00f5es participantes.<\/p>\n\n\n\n<h2 class=\"wp-block-heading\" id=\"h-criterios-para-participacao-das-instituicoes\"><span class=\"ez-toc-section\" id=\"Criterios_para_participacao_das_instituicoes\"><\/span><strong>Crit\u00e9rios para participa\u00e7\u00e3o das institui\u00e7\u00f5es<\/strong><span class=\"ez-toc-section-end\"><\/span><\/h2>\n\n\n\n<p>Para participa\u00e7\u00e3o, hospitais de ensino, p\u00fablicos e privados, e institui\u00e7\u00f5es de ensino superior (IES) poder\u00e3o submeter suas propostas para avalia\u00e7\u00e3o atrav\u00e9s de chamadas p\u00fablicas, ainda sem previs\u00e3o para ocorrerem. Assim, a avalia\u00e7\u00e3o das propostas definir\u00e1 as modalidades de apoio, crit\u00e9rios e mecanismo para sele\u00e7\u00e3o dos residentes.<\/p>\n\n\n\n<p>Desse modo, s\u00e3o eleg\u00edveis tanto<strong> programas de p\u00f3s-gradua\u00e7\u00e3o stricto sensu com notas de 5 a 7 <\/strong>quanto<strong> programas de resid\u00eancia m\u00e9dica e multiprofissional<\/strong>. Al\u00e9m disso, os coordenadores institucionais dever\u00e3o ter as compet\u00eancias definidas pela portaria para acompanhar e avaliar os residentes.<\/p>\n\n\n\n<h2 class=\"wp-block-heading\" id=\"h-portaria-capes-n\u00ba-290-documento-na-integra\"><span class=\"ez-toc-section\" id=\"PORTARIA_CAPES_No_290_documento_na_integra\"><\/span><strong>PORTARIA CAPES N\u00ba 290, documento na \u00edntegra<\/strong><span class=\"ez-toc-section-end\"><\/span><\/h2>\n\n\n\n<p>Por fim, confira publica\u00e7\u00e3o na \u00edntegra da portaria:<\/p>\n\n\n\n<div data-wp-interactive=\"core\/file\" class=\"wp-block-file\"><object data-wp-bind--hidden=\"!state.hasPdfPreview\" hidden class=\"wp-block-file__embed\" data=\"https:\/\/www.grupomedcof.com.br\/blog\/wp-content\/uploads\/2024\/09\/PORTARIA-CAPES-No-290-ResidPG.pdf\" type=\"application\/pdf\" style=\"width:100%;height:600px\" aria-label=\"Incorporado de PORTARIA CAPES N\u00ba 290 - ResidPG.\"><\/object><a id=\"wp-block-file--media-b6647196-0d2e-4cdc-aa74-231ab202e401\" href=\"https:\/\/www.grupomedcof.com.br\/blog\/wp-content\/uploads\/2024\/09\/PORTARIA-CAPES-No-290-ResidPG.pdf\">PORTARIA CAPES N\u00ba 290 &#8211; ResidPG<\/a><a href=\"https:\/\/www.grupomedcof.com.br\/blog\/wp-content\/uploads\/2024\/09\/PORTARIA-CAPES-No-290-ResidPG.pdf\" class=\"wp-block-file__button wp-element-button\" download aria-describedby=\"wp-block-file--media-b6647196-0d2e-4cdc-aa74-231ab202e401\">Baixar<\/a><\/div>\n\n\n\n<h2 class=\"wp-block-heading\" id=\"conhe\u00e7a-o-fluxo-de-estudos-do-grupo-medcof\"><span class=\"ez-toc-section\" id=\"Conheca_o_fluxo_de_estudos_do_Grupo_MedCof\"><\/span><strong>Conhe\u00e7a o fluxo de estudos do Grupo MedCof!<\/strong><span class=\"ez-toc-section-end\"><\/span><\/h2>\n\n\n\n<p>Sempre com uma uma f\u00f3rmula inovadora, o&nbsp;<a href=\"https:\/\/www.youtube.com\/@GrupoMedcof\"><strong>Grupo MedCof<\/strong>&nbsp;<\/a>procura te auxiliar neste momento t\u00e3o importante da sua carreira. Por conta disso, elaboramos um fluxo de estudos diferenciado, atendendo a uma demanda de otimiza\u00e7\u00e3o na sua rotina de estudos. Confira no v\u00eddeo abaixo como funciona este fluxo!<\/p>\n\n\n\n<figure class=\"wp-block-embed is-provider-youtube wp-block-embed-youtube\"><div class=\"wp-block-embed__wrapper\">\n<div class=\"youtube-embed\" data-video_id=\"DH0YqpA2LBc\"><iframe loading=\"lazy\" title=\"Como funciona o fluxo de estudo da MedCof?\" width=\"696\" height=\"392\" src=\"https:\/\/www.youtube.com\/embed\/DH0YqpA2LBc?feature=oembed&#038;enablejsapi=1\" frameborder=\"0\" allow=\"accelerometer; autoplay; clipboard-write; encrypted-media; gyroscope; picture-in-picture; web-share\" referrerpolicy=\"strict-origin-when-cross-origin\" allowfullscreen><\/iframe><\/div>\n<\/div><\/figure>\n","protected":false},"excerpt":{"rendered":"<p>O Programa de Resid\u00eancia em Sa\u00fade Integrada \u00e0 P\u00f3s-gradua\u00e7\u00e3o, o ResidPG, busca conciliar as p\u00f3s-gradua\u00e7\u00f5es stricto e lato sensu. Saiba mais sobre o novo programa do MEC, a seguir. ResidPG De acordo com a publica\u00e7\u00e3o feita no Di\u00e1rio Oficial da Uni\u00e3o (DOU) pela Coordena\u00e7\u00e3o de Aperfei\u00e7oamento de Pessoal de N\u00edvel Superior (CAPES), vinculada ao Minist\u00e9rio [&hellip;]<\/p>\n","protected":false},"author":6,"featured_media":29841,"comment_status":"open","ping_status":"open","sticky":false,"template":"","format":"standard","meta":{"footnotes":""},"categories":[240,173],"tags":[2027,1612,2028,276,68,2026],"ppma_author":[3609],"class_list":{"0":"post-29836","1":"post","2":"type-post","3":"status-publish","4":"format-standard","5":"has-post-thumbnail","7":"category-noticias","8":"category-novidades","9":"tag-doutorado","10":"tag-mec","11":"tag-mestrado","12":"tag-pos-graduacao","13":"tag-residencia-medica","14":"tag-residpg"},"yoast_head":"<!-- This site is optimized with the Yoast SEO Premium plugin v24.3 (Yoast SEO v27.4) - https:\/\/yoast.com\/product\/yoast-seo-premium-wordpress\/ -->\n<title>ResidPG; Conhe\u00e7a o novo programa lan\u00e7ado pelo MEC<\/title>\n<meta name=\"description\" content=\"O ResidPG, publicado no dia 16 de setembro, visa que residentes em sa\u00fade fa\u00e7am seu doutorado ou mestrado durante a resid\u00eancia. Saiba mais.\" \/>\n<meta name=\"robots\" content=\"index, follow, max-snippet:-1, max-image-preview:large, max-video-preview:-1\" \/>\n<link rel=\"canonical\" href=\"https:\/\/www.grupomedcof.com.br\/blog\/o-que-e-residpg\/\" \/>\n<meta property=\"og:locale\" content=\"pt_BR\" \/>\n<meta property=\"og:type\" content=\"article\" \/>\n<meta property=\"og:title\" content=\"Lan\u00e7ado pelo MEC, ResidPG une resid\u00eancia com mestrado ou doutorado\" \/>\n<meta property=\"og:description\" content=\"O ResidPG, publicado no dia 16 de setembro, visa que residentes em sa\u00fade fa\u00e7am seu doutorado ou mestrado durante a resid\u00eancia. Saiba mais.\" \/>\n<meta property=\"og:url\" content=\"https:\/\/www.grupomedcof.com.br\/blog\/o-que-e-residpg\/\" \/>\n<meta property=\"og:site_name\" content=\"Blog de Medcof: conte\u00fados, editais, revalida e mais!\" \/>\n<meta property=\"article:publisher\" content=\"https:\/\/www.facebook.com\/MedCofQbank\/\" \/>\n<meta property=\"article:published_time\" content=\"2024-09-18T21:17:31+00:00\" \/>\n<meta property=\"article:modified_time\" content=\"2024-09-18T21:17:32+00:00\" \/>\n<meta property=\"og:image\" content=\"https:\/\/www.grupomedcof.com.br\/blog\/wp-content\/uploads\/2024\/09\/Blog-MedCof-2-1024x576.png\" \/>\n\t<meta property=\"og:image:width\" content=\"1024\" \/>\n\t<meta property=\"og:image:height\" content=\"576\" \/>\n\t<meta property=\"og:image:type\" content=\"image\/png\" \/>\n<meta name=\"author\" content=\"J\u00falia Moreira\" \/>\n<meta name=\"twitter:card\" content=\"summary_large_image\" \/>\n<meta name=\"twitter:label1\" content=\"Escrito por\" \/>\n\t<meta name=\"twitter:data1\" content=\"J\u00falia Moreira\" \/>\n\t<meta name=\"twitter:label2\" content=\"Est. tempo de leitura\" \/>\n\t<meta name=\"twitter:data2\" content=\"3 minutos\" \/>\n<script type=\"application\/ld+json\" class=\"yoast-schema-graph\">{\"@context\":\"https:\\\/\\\/schema.org\",\"@graph\":[{\"@type\":\"Article\",\"@id\":\"https:\\\/\\\/www.grupomedcof.com.br\\\/blog\\\/o-que-e-residpg\\\/#article\",\"isPartOf\":{\"@id\":\"https:\\\/\\\/www.grupomedcof.com.br\\\/blog\\\/o-que-e-residpg\\\/\"},\"author\":{\"name\":\"J\u00falia Moreira\",\"@id\":\"https:\\\/\\\/www.grupomedcof.com.br\\\/blog\\\/#\\\/schema\\\/person\\\/1375e0ce724529d7a1d8156ea7f8ceaa\"},\"headline\":\"Lan\u00e7ado pelo MEC, ResidPG une resid\u00eancia com mestrado ou doutorado\",\"datePublished\":\"2024-09-18T21:17:31+00:00\",\"dateModified\":\"2024-09-18T21:17:32+00:00\",\"mainEntityOfPage\":{\"@id\":\"https:\\\/\\\/www.grupomedcof.com.br\\\/blog\\\/o-que-e-residpg\\\/\"},\"wordCount\":420,\"commentCount\":0,\"publisher\":{\"@id\":\"https:\\\/\\\/www.grupomedcof.com.br\\\/blog\\\/#organization\"},\"image\":{\"@id\":\"https:\\\/\\\/www.grupomedcof.com.br\\\/blog\\\/o-que-e-residpg\\\/#primaryimage\"},\"thumbnailUrl\":\"https:\\\/\\\/www.grupomedcof.com.br\\\/blog\\\/wp-content\\\/uploads\\\/2024\\\/09\\\/Blog-MedCof-2.png\",\"keywords\":[\"Doutorado\",\"MEC\",\"Mestrado\",\"P\u00f3s-Gradua\u00e7\u00e3o\",\"Resid\u00eancia M\u00e9dica\",\"ResidPG\"],\"articleSection\":[\"Not\u00edcias\",\"Novidades\"],\"inLanguage\":\"pt-BR\"},{\"@type\":\"WebPage\",\"@id\":\"https:\\\/\\\/www.grupomedcof.com.br\\\/blog\\\/o-que-e-residpg\\\/\",\"url\":\"https:\\\/\\\/www.grupomedcof.com.br\\\/blog\\\/o-que-e-residpg\\\/\",\"name\":\"ResidPG; Conhe\u00e7a o novo programa lan\u00e7ado pelo MEC\",\"isPartOf\":{\"@id\":\"https:\\\/\\\/www.grupomedcof.com.br\\\/blog\\\/#website\"},\"primaryImageOfPage\":{\"@id\":\"https:\\\/\\\/www.grupomedcof.com.br\\\/blog\\\/o-que-e-residpg\\\/#primaryimage\"},\"image\":{\"@id\":\"https:\\\/\\\/www.grupomedcof.com.br\\\/blog\\\/o-que-e-residpg\\\/#primaryimage\"},\"thumbnailUrl\":\"https:\\\/\\\/www.grupomedcof.com.br\\\/blog\\\/wp-content\\\/uploads\\\/2024\\\/09\\\/Blog-MedCof-2.png\",\"datePublished\":\"2024-09-18T21:17:31+00:00\",\"dateModified\":\"2024-09-18T21:17:32+00:00\",\"description\":\"O ResidPG, publicado no dia 16 de setembro, visa que residentes em sa\u00fade fa\u00e7am seu doutorado ou mestrado durante a resid\u00eancia. Saiba mais.\",\"breadcrumb\":{\"@id\":\"https:\\\/\\\/www.grupomedcof.com.br\\\/blog\\\/o-que-e-residpg\\\/#breadcrumb\"},\"inLanguage\":\"pt-BR\",\"potentialAction\":[{\"@type\":\"ReadAction\",\"target\":[\"https:\\\/\\\/www.grupomedcof.com.br\\\/blog\\\/o-que-e-residpg\\\/\"]}]},{\"@type\":\"ImageObject\",\"inLanguage\":\"pt-BR\",\"@id\":\"https:\\\/\\\/www.grupomedcof.com.br\\\/blog\\\/o-que-e-residpg\\\/#primaryimage\",\"url\":\"https:\\\/\\\/www.grupomedcof.com.br\\\/blog\\\/wp-content\\\/uploads\\\/2024\\\/09\\\/Blog-MedCof-2.png\",\"contentUrl\":\"https:\\\/\\\/www.grupomedcof.com.br\\\/blog\\\/wp-content\\\/uploads\\\/2024\\\/09\\\/Blog-MedCof-2.png\",\"width\":2560,\"height\":1440,\"caption\":\"miniatura de chap\u00e9u de gradua\u00e7\u00e3o na palma de uma pessoa branca.\"},{\"@type\":\"BreadcrumbList\",\"@id\":\"https:\\\/\\\/www.grupomedcof.com.br\\\/blog\\\/o-que-e-residpg\\\/#breadcrumb\",\"itemListElement\":[{\"@type\":\"ListItem\",\"position\":1,\"name\":\"In\u00edcio\",\"item\":\"https:\\\/\\\/www.grupomedcof.com.br\\\/blog\\\/\"},{\"@type\":\"ListItem\",\"position\":2,\"name\":\"Lan\u00e7ado pelo MEC, ResidPG une resid\u00eancia com mestrado ou doutorado\"}]},{\"@type\":\"WebSite\",\"@id\":\"https:\\\/\\\/www.grupomedcof.com.br\\\/blog\\\/#website\",\"url\":\"https:\\\/\\\/www.grupomedcof.com.br\\\/blog\\\/\",\"name\":\"Blog de Medcof: conte\u00fados, editais, revalida e mais!\",\"description\":\"Acesso o blog de MedCof! Seu portal de conte\u00fados sobre resid\u00eancia m\u00e9dica, an\u00e1lise e editais e muito mais. Clique e confira!\",\"publisher\":{\"@id\":\"https:\\\/\\\/www.grupomedcof.com.br\\\/blog\\\/#organization\"},\"alternateName\":\"Blog de Medcof: conte\u00fados, editais, revalida e mais!\",\"potentialAction\":[{\"@type\":\"SearchAction\",\"target\":{\"@type\":\"EntryPoint\",\"urlTemplate\":\"https:\\\/\\\/www.grupomedcof.com.br\\\/blog\\\/?s={search_term_string}\"},\"query-input\":{\"@type\":\"PropertyValueSpecification\",\"valueRequired\":true,\"valueName\":\"search_term_string\"}}],\"inLanguage\":\"pt-BR\"},{\"@type\":\"Organization\",\"@id\":\"https:\\\/\\\/www.grupomedcof.com.br\\\/blog\\\/#organization\",\"name\":\"Grupo MedCof\",\"url\":\"https:\\\/\\\/www.grupomedcof.com.br\\\/blog\\\/\",\"logo\":{\"@type\":\"ImageObject\",\"inLanguage\":\"pt-BR\",\"@id\":\"https:\\\/\\\/www.grupomedcof.com.br\\\/blog\\\/#\\\/schema\\\/logo\\\/image\\\/\",\"url\":\"https:\\\/\\\/www.grupomedcof.com.br\\\/blog\\\/wp-content\\\/uploads\\\/2022\\\/01\\\/logo-medcof.png\",\"contentUrl\":\"https:\\\/\\\/www.grupomedcof.com.br\\\/blog\\\/wp-content\\\/uploads\\\/2022\\\/01\\\/logo-medcof.png\",\"width\":768,\"height\":269,\"caption\":\"Grupo MedCof\"},\"image\":{\"@id\":\"https:\\\/\\\/www.grupomedcof.com.br\\\/blog\\\/#\\\/schema\\\/logo\\\/image\\\/\"},\"sameAs\":[\"https:\\\/\\\/www.facebook.com\\\/MedCofQbank\\\/\",\"https:\\\/\\\/www.instagram.com\\\/grupomedcof\\\/\",\"https:\\\/\\\/br.linkedin.com\\\/company\\\/medcof\",\"https:\\\/\\\/www.youtube.com\\\/channel\\\/UCdHMuOHKICxcHwecxN8P-AA\"]},{\"@type\":\"Person\",\"@id\":\"https:\\\/\\\/www.grupomedcof.com.br\\\/blog\\\/#\\\/schema\\\/person\\\/1375e0ce724529d7a1d8156ea7f8ceaa\",\"name\":\"J\u00falia Moreira\",\"image\":{\"@type\":\"ImageObject\",\"inLanguage\":\"pt-BR\",\"@id\":\"https:\\\/\\\/www.grupomedcof.com.br\\\/blog\\\/wp-content\\\/uploads\\\/2024\\\/12\\\/cropped-Captura-de-tela-2023-12-15-094946-96x96.png6a0083ac34a0445de97d55fae63a4a41\",\"url\":\"https:\\\/\\\/www.grupomedcof.com.br\\\/blog\\\/wp-content\\\/uploads\\\/2024\\\/12\\\/cropped-Captura-de-tela-2023-12-15-094946-96x96.png\",\"contentUrl\":\"https:\\\/\\\/www.grupomedcof.com.br\\\/blog\\\/wp-content\\\/uploads\\\/2024\\\/12\\\/cropped-Captura-de-tela-2023-12-15-094946-96x96.png\",\"caption\":\"J\u00falia Moreira\"},\"description\":\"Estudante do 8\u00ba semestre de Jornalismo na ECA-USP, f\u00e3 de filmes de terror e m\u00fasica popular sul-coreana.\",\"sameAs\":[\"https:\\\/\\\/www.grupomedcof.com.br\\\/\"],\"url\":\"https:\\\/\\\/www.grupomedcof.com.br\\\/blog\\\/author\\\/julia\\\/\"}]}<\/script>\n<!-- \/ Yoast SEO Premium plugin. -->","yoast_head_json":{"title":"ResidPG; Conhe\u00e7a o novo programa lan\u00e7ado pelo MEC","description":"O ResidPG, publicado no dia 16 de setembro, visa que residentes em sa\u00fade fa\u00e7am seu doutorado ou mestrado durante a resid\u00eancia. Saiba mais.","robots":{"index":"index","follow":"follow","max-snippet":"max-snippet:-1","max-image-preview":"max-image-preview:large","max-video-preview":"max-video-preview:-1"},"canonical":"https:\/\/www.grupomedcof.com.br\/blog\/o-que-e-residpg\/","og_locale":"pt_BR","og_type":"article","og_title":"Lan\u00e7ado pelo MEC, ResidPG une resid\u00eancia com mestrado ou doutorado","og_description":"O ResidPG, publicado no dia 16 de setembro, visa que residentes em sa\u00fade fa\u00e7am seu doutorado ou mestrado durante a resid\u00eancia. Saiba mais.","og_url":"https:\/\/www.grupomedcof.com.br\/blog\/o-que-e-residpg\/","og_site_name":"Blog de Medcof: conte\u00fados, editais, revalida e mais!","article_publisher":"https:\/\/www.facebook.com\/MedCofQbank\/","article_published_time":"2024-09-18T21:17:31+00:00","article_modified_time":"2024-09-18T21:17:32+00:00","og_image":[{"width":1024,"height":576,"url":"https:\/\/www.grupomedcof.com.br\/blog\/wp-content\/uploads\/2024\/09\/Blog-MedCof-2-1024x576.png","type":"image\/png"}],"author":"J\u00falia Moreira","twitter_card":"summary_large_image","twitter_misc":{"Escrito por":"J\u00falia Moreira","Est. tempo de leitura":"3 minutos"},"schema":{"@context":"https:\/\/schema.org","@graph":[{"@type":"Article","@id":"https:\/\/www.grupomedcof.com.br\/blog\/o-que-e-residpg\/#article","isPartOf":{"@id":"https:\/\/www.grupomedcof.com.br\/blog\/o-que-e-residpg\/"},"author":{"name":"J\u00falia Moreira","@id":"https:\/\/www.grupomedcof.com.br\/blog\/#\/schema\/person\/1375e0ce724529d7a1d8156ea7f8ceaa"},"headline":"Lan\u00e7ado pelo MEC, ResidPG une resid\u00eancia com mestrado ou doutorado","datePublished":"2024-09-18T21:17:31+00:00","dateModified":"2024-09-18T21:17:32+00:00","mainEntityOfPage":{"@id":"https:\/\/www.grupomedcof.com.br\/blog\/o-que-e-residpg\/"},"wordCount":420,"commentCount":0,"publisher":{"@id":"https:\/\/www.grupomedcof.com.br\/blog\/#organization"},"image":{"@id":"https:\/\/www.grupomedcof.com.br\/blog\/o-que-e-residpg\/#primaryimage"},"thumbnailUrl":"https:\/\/www.grupomedcof.com.br\/blog\/wp-content\/uploads\/2024\/09\/Blog-MedCof-2.png","keywords":["Doutorado","MEC","Mestrado","P\u00f3s-Gradua\u00e7\u00e3o","Resid\u00eancia M\u00e9dica","ResidPG"],"articleSection":["Not\u00edcias","Novidades"],"inLanguage":"pt-BR"},{"@type":"WebPage","@id":"https:\/\/www.grupomedcof.com.br\/blog\/o-que-e-residpg\/","url":"https:\/\/www.grupomedcof.com.br\/blog\/o-que-e-residpg\/","name":"ResidPG; Conhe\u00e7a o novo programa lan\u00e7ado pelo MEC","isPartOf":{"@id":"https:\/\/www.grupomedcof.com.br\/blog\/#website"},"primaryImageOfPage":{"@id":"https:\/\/www.grupomedcof.com.br\/blog\/o-que-e-residpg\/#primaryimage"},"image":{"@id":"https:\/\/www.grupomedcof.com.br\/blog\/o-que-e-residpg\/#primaryimage"},"thumbnailUrl":"https:\/\/www.grupomedcof.com.br\/blog\/wp-content\/uploads\/2024\/09\/Blog-MedCof-2.png","datePublished":"2024-09-18T21:17:31+00:00","dateModified":"2024-09-18T21:17:32+00:00","description":"O ResidPG, publicado no dia 16 de setembro, visa que residentes em sa\u00fade fa\u00e7am seu doutorado ou mestrado durante a resid\u00eancia. Saiba mais.","breadcrumb":{"@id":"https:\/\/www.grupomedcof.com.br\/blog\/o-que-e-residpg\/#breadcrumb"},"inLanguage":"pt-BR","potentialAction":[{"@type":"ReadAction","target":["https:\/\/www.grupomedcof.com.br\/blog\/o-que-e-residpg\/"]}]},{"@type":"ImageObject","inLanguage":"pt-BR","@id":"https:\/\/www.grupomedcof.com.br\/blog\/o-que-e-residpg\/#primaryimage","url":"https:\/\/www.grupomedcof.com.br\/blog\/wp-content\/uploads\/2024\/09\/Blog-MedCof-2.png","contentUrl":"https:\/\/www.grupomedcof.com.br\/blog\/wp-content\/uploads\/2024\/09\/Blog-MedCof-2.png","width":2560,"height":1440,"caption":"miniatura de chap\u00e9u de gradua\u00e7\u00e3o na palma de uma pessoa branca."},{"@type":"BreadcrumbList","@id":"https:\/\/www.grupomedcof.com.br\/blog\/o-que-e-residpg\/#breadcrumb","itemListElement":[{"@type":"ListItem","position":1,"name":"In\u00edcio","item":"https:\/\/www.grupomedcof.com.br\/blog\/"},{"@type":"ListItem","position":2,"name":"Lan\u00e7ado pelo MEC, ResidPG une resid\u00eancia com mestrado ou doutorado"}]},{"@type":"WebSite","@id":"https:\/\/www.grupomedcof.com.br\/blog\/#website","url":"https:\/\/www.grupomedcof.com.br\/blog\/","name":"Blog de Medcof: conte\u00fados, editais, revalida e mais!","description":"Acesso o blog de MedCof! Seu portal de conte\u00fados sobre resid\u00eancia m\u00e9dica, an\u00e1lise e editais e muito mais. Clique e confira!","publisher":{"@id":"https:\/\/www.grupomedcof.com.br\/blog\/#organization"},"alternateName":"Blog de Medcof: conte\u00fados, editais, revalida e mais!","potentialAction":[{"@type":"SearchAction","target":{"@type":"EntryPoint","urlTemplate":"https:\/\/www.grupomedcof.com.br\/blog\/?s={search_term_string}"},"query-input":{"@type":"PropertyValueSpecification","valueRequired":true,"valueName":"search_term_string"}}],"inLanguage":"pt-BR"},{"@type":"Organization","@id":"https:\/\/www.grupomedcof.com.br\/blog\/#organization","name":"Grupo MedCof","url":"https:\/\/www.grupomedcof.com.br\/blog\/","logo":{"@type":"ImageObject","inLanguage":"pt-BR","@id":"https:\/\/www.grupomedcof.com.br\/blog\/#\/schema\/logo\/image\/","url":"https:\/\/www.grupomedcof.com.br\/blog\/wp-content\/uploads\/2022\/01\/logo-medcof.png","contentUrl":"https:\/\/www.grupomedcof.com.br\/blog\/wp-content\/uploads\/2022\/01\/logo-medcof.png","width":768,"height":269,"caption":"Grupo MedCof"},"image":{"@id":"https:\/\/www.grupomedcof.com.br\/blog\/#\/schema\/logo\/image\/"},"sameAs":["https:\/\/www.facebook.com\/MedCofQbank\/","https:\/\/www.instagram.com\/grupomedcof\/","https:\/\/br.linkedin.com\/company\/medcof","https:\/\/www.youtube.com\/channel\/UCdHMuOHKICxcHwecxN8P-AA"]},{"@type":"Person","@id":"https:\/\/www.grupomedcof.com.br\/blog\/#\/schema\/person\/1375e0ce724529d7a1d8156ea7f8ceaa","name":"J\u00falia Moreira","image":{"@type":"ImageObject","inLanguage":"pt-BR","@id":"https:\/\/www.grupomedcof.com.br\/blog\/wp-content\/uploads\/2024\/12\/cropped-Captura-de-tela-2023-12-15-094946-96x96.png6a0083ac34a0445de97d55fae63a4a41","url":"https:\/\/www.grupomedcof.com.br\/blog\/wp-content\/uploads\/2024\/12\/cropped-Captura-de-tela-2023-12-15-094946-96x96.png","contentUrl":"https:\/\/www.grupomedcof.com.br\/blog\/wp-content\/uploads\/2024\/12\/cropped-Captura-de-tela-2023-12-15-094946-96x96.png","caption":"J\u00falia Moreira"},"description":"Estudante do 8\u00ba semestre de Jornalismo na ECA-USP, f\u00e3 de filmes de terror e m\u00fasica popular sul-coreana.","sameAs":["https:\/\/www.grupomedcof.com.br\/"],"url":"https:\/\/www.grupomedcof.com.br\/blog\/author\/julia\/"}]}},"authors":[{"term_id":3609,"user_id":6,"is_guest":0,"slug":"julia","display_name":"J\u00falia Moreira","avatar_url":"https:\/\/www.grupomedcof.com.br\/blog\/wp-content\/uploads\/2024\/12\/cropped-Captura-de-tela-2023-12-15-094946-96x96.png","0":null,"1":"","2":"","3":"","4":"","5":"","6":"","7":"","8":""}],"_links":{"self":[{"href":"https:\/\/www.grupomedcof.com.br\/blog\/wp-json\/wp\/v2\/posts\/29836","targetHints":{"allow":["GET"]}}],"collection":[{"href":"https:\/\/www.grupomedcof.com.br\/blog\/wp-json\/wp\/v2\/posts"}],"about":[{"href":"https:\/\/www.grupomedcof.com.br\/blog\/wp-json\/wp\/v2\/types\/post"}],"author":[{"embeddable":true,"href":"https:\/\/www.grupomedcof.com.br\/blog\/wp-json\/wp\/v2\/users\/6"}],"replies":[{"embeddable":true,"href":"https:\/\/www.grupomedcof.com.br\/blog\/wp-json\/wp\/v2\/comments?post=29836"}],"version-history":[{"count":0,"href":"https:\/\/www.grupomedcof.com.br\/blog\/wp-json\/wp\/v2\/posts\/29836\/revisions"}],"wp:featuredmedia":[{"embeddable":true,"href":"https:\/\/www.grupomedcof.com.br\/blog\/wp-json\/wp\/v2\/media\/29841"}],"wp:attachment":[{"href":"https:\/\/www.grupomedcof.com.br\/blog\/wp-json\/wp\/v2\/media?parent=29836"}],"wp:term":[{"taxonomy":"category","embeddable":true,"href":"https:\/\/www.grupomedcof.com.br\/blog\/wp-json\/wp\/v2\/categories?post=29836"},{"taxonomy":"post_tag","embeddable":true,"href":"https:\/\/www.grupomedcof.com.br\/blog\/wp-json\/wp\/v2\/tags?post=29836"},{"taxonomy":"author","embeddable":true,"href":"https:\/\/www.grupomedcof.com.br\/blog\/wp-json\/wp\/v2\/ppma_author?post=29836"}],"curies":[{"name":"wp","href":"https:\/\/api.w.org\/{rel}","templated":true}]}}