{"id":29924,"date":"2024-09-27T19:00:00","date_gmt":"2024-09-27T22:00:00","guid":{"rendered":"https:\/\/www.grupomedcof.com.br\/blog\/?p=29924"},"modified":"2024-09-24T11:24:16","modified_gmt":"2024-09-24T14:24:16","slug":"primeiros-passos-reanimacao-neonatal","status":"publish","type":"post","link":"https:\/\/www.grupomedcof.com.br\/blog\/primeiros-passos-reanimacao-neonatal\/","title":{"rendered":"Saiba quais s\u00e3o os primeiros passos da Reanima\u00e7\u00e3o Neonatal"},"content":{"rendered":"<div id=\"ez-toc-container\" class=\"ez-toc-v2_0_74 counter-hierarchy ez-toc-counter ez-toc-transparent ez-toc-container-direction\">\n<div class=\"ez-toc-title-container\">\n<p class=\"ez-toc-title\" style=\"cursor:inherit\">Sum\u00e1rio<\/p>\n<span class=\"ez-toc-title-toggle\"><a href=\"#\" class=\"ez-toc-pull-right ez-toc-btn ez-toc-btn-xs ez-toc-btn-default ez-toc-toggle\" aria-label=\"Alternar tabela de conte\u00fado\"><span class=\"ez-toc-js-icon-con\"><span class=\"\"><span class=\"eztoc-hide\" style=\"display:none;\">Toggle<\/span><span class=\"ez-toc-icon-toggle-span\"><svg style=\"fill: #999;color:#999\" xmlns=\"http:\/\/www.w3.org\/2000\/svg\" class=\"list-377408\" width=\"20px\" height=\"20px\" viewBox=\"0 0 24 24\" fill=\"none\"><path d=\"M6 6H4v2h2V6zm14 0H8v2h12V6zM4 11h2v2H4v-2zm16 0H8v2h12v-2zM4 16h2v2H4v-2zm16 0H8v2h12v-2z\" fill=\"currentColor\"><\/path><\/svg><svg style=\"fill: #999;color:#999\" class=\"arrow-unsorted-368013\" xmlns=\"http:\/\/www.w3.org\/2000\/svg\" width=\"10px\" height=\"10px\" viewBox=\"0 0 24 24\" version=\"1.2\" baseProfile=\"tiny\"><path d=\"M18.2 9.3l-6.2-6.3-6.2 6.3c-.2.2-.3.4-.3.7s.1.5.3.7c.2.2.4.3.7.3h11c.3 0 .5-.1.7-.3.2-.2.3-.5.3-.7s-.1-.5-.3-.7zM5.8 14.7l6.2 6.3 6.2-6.3c.2-.2.3-.5.3-.7s-.1-.5-.3-.7c-.2-.2-.4-.3-.7-.3h-11c-.3 0-.5.1-.7.3-.2.2-.3.5-.3.7s.1.5.3.7z\"\/><\/svg><\/span><\/span><\/span><\/a><\/span><\/div>\n<nav><ul class='ez-toc-list ez-toc-list-level-1 ' ><li class='ez-toc-page-1 ez-toc-heading-level-2'><a class=\"ez-toc-link ez-toc-heading-1\" href=\"https:\/\/www.grupomedcof.com.br\/blog\/primeiros-passos-reanimacao-neonatal\/#Quais_os_conceitos_chaves\" >Quais os conceitos chaves?<\/a><ul class='ez-toc-list-level-3' ><li class='ez-toc-heading-level-3'><a class=\"ez-toc-link ez-toc-heading-2\" href=\"https:\/\/www.grupomedcof.com.br\/blog\/primeiros-passos-reanimacao-neonatal\/#Preparo_da_equipe\" >Preparo da equipe<\/a><\/li><li class='ez-toc-page-1 ez-toc-heading-level-3'><a class=\"ez-toc-link ez-toc-heading-3\" href=\"https:\/\/www.grupomedcof.com.br\/blog\/primeiros-passos-reanimacao-neonatal\/#Preparo_do_material\" >Preparo do material<\/a><\/li><\/ul><\/li><li class='ez-toc-page-1 ez-toc-heading-level-2'><a class=\"ez-toc-link ez-toc-heading-4\" href=\"https:\/\/www.grupomedcof.com.br\/blog\/primeiros-passos-reanimacao-neonatal\/#Quando_fazer_o_clampeamento_do_cordao_umbilical\" >Quando fazer o clampeamento do cord\u00e3o umbilical?<\/a><\/li><li class='ez-toc-page-1 ez-toc-heading-level-2'><a class=\"ez-toc-link ez-toc-heading-5\" href=\"https:\/\/www.grupomedcof.com.br\/blog\/primeiros-passos-reanimacao-neonatal\/#Quais_os_primeiros_passos\" >Quais os primeiros passos?<\/a><\/li><li class='ez-toc-page-1 ez-toc-heading-level-2'><a class=\"ez-toc-link ez-toc-heading-6\" href=\"https:\/\/www.grupomedcof.com.br\/blog\/primeiros-passos-reanimacao-neonatal\/#Como_fazer_a_avaliacao_inicial\" >Como fazer a avalia\u00e7\u00e3o inicial?<\/a><\/li><li class='ez-toc-page-1 ez-toc-heading-level-2'><a class=\"ez-toc-link ez-toc-heading-7\" href=\"https:\/\/www.grupomedcof.com.br\/blog\/primeiros-passos-reanimacao-neonatal\/#Entao_como_funciona_a_reanimacao\" >Ent\u00e3o, como funciona a reanima\u00e7\u00e3o?<\/a><ul class='ez-toc-list-level-3' ><li class='ez-toc-heading-level-3'><a class=\"ez-toc-link ez-toc-heading-8\" href=\"https:\/\/www.grupomedcof.com.br\/blog\/primeiros-passos-reanimacao-neonatal\/#Ventilacao_com_Pressao_Positiva\" >Ventila\u00e7\u00e3o com Press\u00e3o Positiva<\/a><\/li><li class='ez-toc-page-1 ez-toc-heading-level-3'><a class=\"ez-toc-link ez-toc-heading-9\" href=\"https:\/\/www.grupomedcof.com.br\/blog\/primeiros-passos-reanimacao-neonatal\/#Compressoes_cardiacas\" >Compress\u00f5es card\u00edacas<\/a><\/li><li class='ez-toc-page-1 ez-toc-heading-level-3'><a class=\"ez-toc-link ez-toc-heading-10\" href=\"https:\/\/www.grupomedcof.com.br\/blog\/primeiros-passos-reanimacao-neonatal\/#Medicacoes\" >Medica\u00e7\u00f5es<\/a><\/li><li class='ez-toc-page-1 ez-toc-heading-level-3'><a class=\"ez-toc-link ez-toc-heading-11\" href=\"https:\/\/www.grupomedcof.com.br\/blog\/primeiros-passos-reanimacao-neonatal\/#CPAP_em_sala_de_parto\" >CPAP em sala de parto<\/a><\/li><\/ul><\/li><li class='ez-toc-page-1 ez-toc-heading-level-2'><a class=\"ez-toc-link ez-toc-heading-12\" href=\"https:\/\/www.grupomedcof.com.br\/blog\/primeiros-passos-reanimacao-neonatal\/#Aspectos_Eticos\" >Aspectos \u00c9ticos<\/a><\/li><li class='ez-toc-page-1 ez-toc-heading-level-2'><a class=\"ez-toc-link ez-toc-heading-13\" href=\"https:\/\/www.grupomedcof.com.br\/blog\/primeiros-passos-reanimacao-neonatal\/#Ficou_alguma_duvida\" >Ficou alguma d\u00favida?<\/a><\/li><\/ul><\/nav><\/div>\n\n<figure class=\"wp-block-image size-large\"><img loading=\"lazy\" decoding=\"async\" width=\"1024\" height=\"576\" src=\"https:\/\/www.grupomedcof.com.br\/blog\/wp-content\/uploads\/2024\/09\/Blog-MedCof-14-1024x576.png\" alt=\"\" class=\"wp-image-29927\" srcset=\"https:\/\/www.grupomedcof.com.br\/blog\/wp-content\/uploads\/2024\/09\/Blog-MedCof-14-1024x576.png 1024w, https:\/\/www.grupomedcof.com.br\/blog\/wp-content\/uploads\/2024\/09\/Blog-MedCof-14-300x169.png 300w, https:\/\/www.grupomedcof.com.br\/blog\/wp-content\/uploads\/2024\/09\/Blog-MedCof-14-768x432.png 768w, https:\/\/www.grupomedcof.com.br\/blog\/wp-content\/uploads\/2024\/09\/Blog-MedCof-14-1536x864.png 1536w, https:\/\/www.grupomedcof.com.br\/blog\/wp-content\/uploads\/2024\/09\/Blog-MedCof-14-747x420.png 747w, https:\/\/www.grupomedcof.com.br\/blog\/wp-content\/uploads\/2024\/09\/Blog-MedCof-14-150x84.png 150w, https:\/\/www.grupomedcof.com.br\/blog\/wp-content\/uploads\/2024\/09\/Blog-MedCof-14-696x392.png 696w, https:\/\/www.grupomedcof.com.br\/blog\/wp-content\/uploads\/2024\/09\/Blog-MedCof-14-1068x601.png 1068w, https:\/\/www.grupomedcof.com.br\/blog\/wp-content\/uploads\/2024\/09\/Blog-MedCof-14.png 1920w\" sizes=\"auto, (max-width: 1024px) 100vw, 1024px\" \/><\/figure>\n\n\n\n<p>Confira agora os passos essenciais para o manejo da reanima\u00e7\u00e3o neonatal!<\/p>\n\n\n\n<h2 class=\"wp-block-heading\" id=\"h-quais-os-conceitos-chaves\"><span class=\"ez-toc-section\" id=\"Quais_os_conceitos_chaves\"><\/span><strong>Quais os conceitos chaves?<\/strong><span class=\"ez-toc-section-end\"><\/span><\/h2>\n\n\n\n<p>Analisando epidemiologicamente, 2 em cada 10 RN n\u00e3o choram ou n\u00e3o respiram ao nascer; 1 em cada 10 RN vai precisar de VPP; 1 a 2 em cada 100 RN v\u00e3o precisar de IOT; 1 a 3 em cada 100 RN v\u00e3o precisar de reanima\u00e7\u00e3o avan\u00e7ada (ventila\u00e7\u00e3o + compress\u00e3o e medica\u00e7\u00f5es) e a necessidade de reanima\u00e7\u00e3o \u00e9 maior quanto menor a IG e o peso. Esses pontos s\u00e3o primordiais para as primeiras an\u00e1lises da equipe m\u00e9dica quanto a necessidade de fazer a reanima\u00e7\u00e3o.<\/p>\n\n\n\n<h3 class=\"wp-block-heading\" id=\"h-preparo-da-equipe\"><span class=\"ez-toc-section\" id=\"Preparo_da_equipe\"><\/span><strong>Preparo da equipe<\/strong><span class=\"ez-toc-section-end\"><\/span><\/h3>\n\n\n\n<p>\u00c9 necess\u00e1rio, primeiramente, fazer a anamnese materno, o preparo do ambiente e do material e divis\u00e3o da equipe (com defini\u00e7\u00e3o de um l\u00edder). O material necess\u00e1rio deve j\u00e1 estar separado e testado quando necess\u00e1rio para uso.<\/p>\n\n\n\n<h3 class=\"wp-block-heading\" id=\"h-preparo-do-material\"><span class=\"ez-toc-section\" id=\"Preparo_do_material\"><\/span><strong>Preparo do material<\/strong><span class=\"ez-toc-section-end\"><\/span><\/h3>\n\n\n\n<p>Para a reanima\u00e7\u00e3o, \u00e9 necess\u00e1rio fonte de O<sub>2<\/sub> e ar comprimido (em blender), aspirador a v\u00e1cuos com sondas, fonte de calor radiante, campos cir\u00fargico e compressas de algod\u00e3o, saco pl\u00e1stico e colchao termico(se o RN for menor do que 34 semanas), touca de l\u00e3 ou algod\u00e3o, estetosc\u00f3pio, ox\u00edmetro de pulso e monitor card\u00edaco (com 3 eletrodos), reanimador manual, ventilador mec\u00e2nico manual com pe\u00e7a T, m\u00e1scaras lar\u00edngeas num, 1 laringosc\u00f3pio com l\u00e2mina reta 00, 0 e 1, c\u00e2nula traqueal sem cuff, fixa\u00e7\u00e3o da c\u00e2nula e fio-guia, adrenalina dilu\u00edda 1 para 9 ml, soro fisiol\u00f3gico e material para cateteriza\u00e7\u00e3o umbilical.<\/p>\n\n\n\n<figure class=\"wp-block-image size-full\"><img loading=\"lazy\" decoding=\"async\" width=\"365\" height=\"488\" src=\"https:\/\/www.grupomedcof.com.br\/blog\/wp-content\/uploads\/2024\/09\/Captura-de-tela-2024-09-24-111015.png\" alt=\"\" class=\"wp-image-29925\" srcset=\"https:\/\/www.grupomedcof.com.br\/blog\/wp-content\/uploads\/2024\/09\/Captura-de-tela-2024-09-24-111015.png 365w, https:\/\/www.grupomedcof.com.br\/blog\/wp-content\/uploads\/2024\/09\/Captura-de-tela-2024-09-24-111015-224x300.png 224w, https:\/\/www.grupomedcof.com.br\/blog\/wp-content\/uploads\/2024\/09\/Captura-de-tela-2024-09-24-111015-314x420.png 314w, https:\/\/www.grupomedcof.com.br\/blog\/wp-content\/uploads\/2024\/09\/Captura-de-tela-2024-09-24-111015-150x201.png 150w, https:\/\/www.grupomedcof.com.br\/blog\/wp-content\/uploads\/2024\/09\/Captura-de-tela-2024-09-24-111015-300x401.png 300w\" sizes=\"auto, (max-width: 365px) 100vw, 365px\" \/><figcaption class=\"wp-element-caption\">Fonte: Acervo pessoal Dra. Amira Saleh<\/figcaption><\/figure>\n\n\n\n<figure class=\"wp-block-image size-large\"><a href=\"https:\/\/www.grupomedcof.com.br\/cofletters\/\"><img loading=\"lazy\" decoding=\"async\" width=\"1024\" height=\"366\" src=\"https:\/\/www.grupomedcof.com.br\/blog\/wp-content\/uploads\/2024\/08\/Capa-Eventos-MedCof-Plus-14-4-1024x366.png\" alt=\"\" class=\"wp-image-29290\" srcset=\"https:\/\/www.grupomedcof.com.br\/blog\/wp-content\/uploads\/2024\/08\/Capa-Eventos-MedCof-Plus-14-4-1024x366.png 1024w, https:\/\/www.grupomedcof.com.br\/blog\/wp-content\/uploads\/2024\/08\/Capa-Eventos-MedCof-Plus-14-4-300x107.png 300w, https:\/\/www.grupomedcof.com.br\/blog\/wp-content\/uploads\/2024\/08\/Capa-Eventos-MedCof-Plus-14-4-768x275.png 768w, https:\/\/www.grupomedcof.com.br\/blog\/wp-content\/uploads\/2024\/08\/Capa-Eventos-MedCof-Plus-14-4-1536x549.png 1536w, https:\/\/www.grupomedcof.com.br\/blog\/wp-content\/uploads\/2024\/08\/Capa-Eventos-MedCof-Plus-14-4-2048x732.png 2048w, https:\/\/www.grupomedcof.com.br\/blog\/wp-content\/uploads\/2024\/08\/Capa-Eventos-MedCof-Plus-14-4-1174x420.png 1174w, https:\/\/www.grupomedcof.com.br\/blog\/wp-content\/uploads\/2024\/08\/Capa-Eventos-MedCof-Plus-14-4-150x54.png 150w, https:\/\/www.grupomedcof.com.br\/blog\/wp-content\/uploads\/2024\/08\/Capa-Eventos-MedCof-Plus-14-4-696x249.png 696w, https:\/\/www.grupomedcof.com.br\/blog\/wp-content\/uploads\/2024\/08\/Capa-Eventos-MedCof-Plus-14-4-1068x382.png 1068w, https:\/\/www.grupomedcof.com.br\/blog\/wp-content\/uploads\/2024\/08\/Capa-Eventos-MedCof-Plus-14-4-1920x687.png 1920w\" sizes=\"auto, (max-width: 1024px) 100vw, 1024px\" \/><\/a><\/figure>\n\n\n\n<h2 class=\"wp-block-heading\" id=\"h-quando-fazer-o-clampeamento-do-cordao-umbilical\"><span class=\"ez-toc-section\" id=\"Quando_fazer_o_clampeamento_do_cordao_umbilical\"><\/span><strong>Quando fazer o clampeamento do cord\u00e3o umbilical?<\/strong><span class=\"ez-toc-section-end\"><\/span><\/h2>\n\n\n\n<p>Se o RN estiver respirando ou chorando e apresentar t\u00f4nus em flex\u00e3o o clampeamento pode ser tardio (com 34 semanas ou menos: m\u00ednimo 60 segundos;; com mais de 34 semanas: m\u00ednimo de 30 segundos). Se o RN n\u00e3o estiver chorando ou respirando ou com t\u00f4nus muscular, devemos estimular tatilmente em dorso 2 vezes. Com resposta positiva, podemos ter o clampeamento tardio, sem melhora, o clampeamento deve ser imediato, acompanhado\u00a0 dos primeiros passos da reanima\u00e7\u00e3o.<\/p>\n\n\n\n<h2 class=\"wp-block-heading\" id=\"h-quais-os-primeiros-passos\"><span class=\"ez-toc-section\" id=\"Quais_os_primeiros_passos\"><\/span><strong>Quais os primeiros passos?<\/strong><span class=\"ez-toc-section-end\"><\/span><\/h2>\n\n\n\n<p>Os passos seguem o mnem\u00f4nico <strong>ESPA<\/strong> e devem ser realizados, idealmente, em 30 segundos, seguidos pela avalia\u00e7\u00e3o da FC e da respira\u00e7\u00e3o.<\/p>\n\n\n\n<p><strong>E<\/strong> &#8211; Esquentar (o objetivo \u00e9 manter\u00a0 normotermia, com sala de parto entre 23 &#8211; 25 C e o RN entre 36,5 &#8211; 37,5 C).<\/p>\n\n\n\n<p><strong>S<\/strong> &#8211; Secar (esse \u00e9 um est\u00edmulo t\u00e1til para in\u00edcio da respira\u00e7\u00e3o, por isso deve ser feito no corpo e cabe\u00e7a com compressas aquecidas).<\/p>\n\n\n\n<p><strong>P<\/strong> &#8211; Posicionar a cabe\u00e7a (realizando leve compress\u00e3o do pesco\u00e7o e colocando o coxim sob os ombros).<\/p>\n\n\n\n<p><strong>A<\/strong> &#8211; Aspira\u00e7\u00e3o se necess\u00e1rio (somente se houver excesso de secre\u00e7\u00f5es nas vias a\u00e9reas, seguindo a ordem boca &#x27a1; narinas). A exce\u00e7\u00e3o \u00e9 o l\u00edquido meconial!<\/p>\n\n\n\n<h2 class=\"wp-block-heading\" id=\"h-como-fazer-a-avaliacao-inicial\"><span class=\"ez-toc-section\" id=\"Como_fazer_a_avaliacao_inicial\"><\/span><strong>Como fazer a avalia\u00e7\u00e3o inicial?<\/strong><span class=\"ez-toc-section-end\"><\/span><\/h2>\n\n\n\n<p>Depois dos primeiros passos, devemos analisar a FC card\u00edaca (por meio de ausculta na regi\u00e3o do peric\u00e1rdio com esteto por 6 segundo e multiplicando o resultado por 10). A FC \u00e9 o principal determinante para indicar reanima\u00e7\u00e3o e avaliar a efic\u00e1cia desta. Ao mesmo tempo, devemos observar os movimentos respirat\u00f3rios, considerando respira\u00e7\u00e3o inadequada, casos de apneia, movimentos irregulares ou gasping.<\/p>\n\n\n\n<h2 class=\"wp-block-heading\" id=\"h-entao-como-funciona-a-reanimacao\"><span class=\"ez-toc-section\" id=\"Entao_como_funciona_a_reanimacao\"><\/span><strong>Ent\u00e3o, como funciona a reanima\u00e7\u00e3o?<\/strong><span class=\"ez-toc-section-end\"><\/span><\/h2>\n\n\n\n<h3 class=\"wp-block-heading\" id=\"h-ventilacao-com-pressao-positiva\"><span class=\"ez-toc-section\" id=\"Ventilacao_com_Pressao_Positiva\"><\/span><strong>Ventila\u00e7\u00e3o com Press\u00e3o Positiva<\/strong><span class=\"ez-toc-section-end\"><\/span><\/h3>\n\n\n\n<p>Principal procedimento \u00e9 efetivo na reanima\u00e7\u00e3o, \u00e9 indicado quando a FC est\u00e1 menor que 100 e\/ou tem apneia, e ele deve ser monitorizado com oximetria de pulso e monitor card\u00edaco. O ideal \u00e9 realiz\u00e1-lo nos primeiros 60 segundos, em ciclos de 30 em 30 segundos.<\/p>\n\n\n\n<p>E se o RN mant\u00e9m falha com VPP com m\u00e1scara?<\/p>\n\n\n\n<p>Se o RN&#8217;s com idade gestacional com 34 semanas ou mais e peso maior que 2 Kg mantiverem FC menor que 100 e\/ou a respira\u00e7\u00e3o irregular, podemos considerar a VPP por m\u00e1scara lar\u00edngea por 1 ciclo antes de intubar. Visual Learners<\/p>\n\n\n\n<h3 class=\"wp-block-heading\" id=\"h-compressoes-cardiacas\"><span class=\"ez-toc-section\" id=\"Compressoes_cardiacas\"><\/span><strong>Compress\u00f5es card\u00edacas<\/strong><span class=\"ez-toc-section-end\"><\/span><\/h3>\n\n\n\n<p>Esse procedimento \u00e9 indicado quando o RN apresenta FC menor que 60 bpm ap\u00f3s 30 segundos de VPP por c\u00e2nula traqueal com t\u00e9cnica adequada. As reavalia\u00e7\u00f5es devem ser feitas a cada 60 segundos e \u00e9 considerada como falha se mantida, ap\u00f3s 60 segundos de VPP com c\u00e2nula traqueal e O2 a 100% + massagem card\u00edaca, a FC menor que 60 bpm.<\/p>\n\n\n\n<figure class=\"wp-block-image size-full\"><img loading=\"lazy\" decoding=\"async\" width=\"412\" height=\"269\" src=\"https:\/\/www.grupomedcof.com.br\/blog\/wp-content\/uploads\/2024\/09\/Captura-de-tela-2024-09-24-111342.png\" alt=\"\" class=\"wp-image-29926\" srcset=\"https:\/\/www.grupomedcof.com.br\/blog\/wp-content\/uploads\/2024\/09\/Captura-de-tela-2024-09-24-111342.png 412w, https:\/\/www.grupomedcof.com.br\/blog\/wp-content\/uploads\/2024\/09\/Captura-de-tela-2024-09-24-111342-300x196.png 300w, https:\/\/www.grupomedcof.com.br\/blog\/wp-content\/uploads\/2024\/09\/Captura-de-tela-2024-09-24-111342-150x98.png 150w\" sizes=\"auto, (max-width: 412px) 100vw, 412px\" \/><figcaption class=\"wp-element-caption\">Fonte: Material de Fichas Resumo MedCof<\/figcaption><\/figure>\n\n\n\n<h3 class=\"wp-block-heading\" id=\"h-medicacoes\"><span class=\"ez-toc-section\" id=\"Medicacoes\"><\/span><strong>Medica\u00e7\u00f5es<\/strong><span class=\"ez-toc-section-end\"><\/span><\/h3>\n\n\n\n<p>Entre elas, podemos citar a adrenalina (quando FC continua menor que 60 bpm apesar da massagem + VPP por c\u00e2nula traqueal) e expansores de volume (se houver hipovolemia ou hemorragia materna\/fetal &#8211; DPP).<\/p>\n\n\n\n<h3 class=\"wp-block-heading\" id=\"h-cpap-em-sala-de-parto\"><span class=\"ez-toc-section\" id=\"CPAP_em_sala_de_parto\"><\/span><strong>CPAP em sala de parto<\/strong><span class=\"ez-toc-section-end\"><\/span><\/h3>\n\n\n\n<p>Esse procedimento fornece press\u00e3o cont\u00ednua nas vias a\u00e9reas de maneira n\u00e3o invasiva. Ele mant\u00e9m a distens\u00e3o nos espa\u00e7os a\u00e9reos e capacidade residual funcional &#8211; PEEP e pode ser realizado por m\u00e1scara facial e VMM em T. Quando o RN apresenta FC de 100 bpm ou mais e respira\u00e7\u00e3o espont\u00e2nea, mas desconforto respirat\u00f3rio e\/ou satura\u00e7\u00e3o de O2 baixa. Os alvos de satura\u00e7\u00e3o s\u00e3o:<\/p>\n\n\n\n<ul class=\"wp-block-list\">\n<li>At\u00e9 5 minutos de vida : 70 &#8211; 80%<\/li>\n\n\n\n<li>Entre 5 e 10 minutos: 80 &#8211; 90%<\/li>\n\n\n\n<li>Mais do que 10 minutos: 85 &#8211; 95%<\/li>\n<\/ul>\n\n\n\n<h2 class=\"wp-block-heading\" id=\"h-aspectos-eticos\"><span class=\"ez-toc-section\" id=\"Aspectos_Eticos\"><\/span><strong>Aspectos \u00c9ticos<\/strong><span class=\"ez-toc-section-end\"><\/span><\/h2>\n\n\n\n<p>Como profissionais, devemos sempre levar em consideracao os desejos e ocoes da familia. Por isso, o debate sobre a hora de cessar a reanima\u00e7\u00e3o deve ser discutido com a equipe e a fam\u00edlia, quando o processo durar pelo menos 20 minutos. A falha em atingir o retorno da circula\u00e7\u00e3o espont\u00e2nea ap\u00f3s 10 &#8211; 20 minutos de reanima\u00e7\u00e3o avan\u00e7ada eleva os riscos de \u00f3bito e de sequelas moderadas ou graves de desenvolvimento neurol\u00f3gico.<\/p>\n\n\n\n<h2 class=\"wp-block-heading\" id=\"h-ficou-alguma-duvida\"><span class=\"ez-toc-section\" id=\"Ficou_alguma_duvida\"><\/span><strong>Ficou alguma d\u00favida?<\/strong><span class=\"ez-toc-section-end\"><\/span><\/h2>\n\n\n\n<p>Aproveite e seja agora um MedCoffer! Na nossa plataforma exclusiva, voc\u00ea pode tirar suas d\u00favidas assistindo as aulas dos nossos professores especialistas, revisando nos materiais de resumo ou fazendo simulados criados por nosso CofBot I.A.<\/p>\n\n\n\n<figure class=\"wp-block-embed is-type-video is-provider-youtube wp-block-embed-youtube wp-embed-aspect-16-9 wp-has-aspect-ratio\"><div class=\"wp-block-embed__wrapper\">\n<iframe loading=\"lazy\" title=\"Aula sobre Triagens Neonatais com Dra. Amira Saleh, Pediatra pela UNICAMP\" width=\"696\" height=\"392\" src=\"https:\/\/www.youtube.com\/embed\/oz19F5ZEhoM?feature=oembed\" frameborder=\"0\" allow=\"accelerometer; autoplay; clipboard-write; encrypted-media; gyroscope; picture-in-picture; web-share\" referrerpolicy=\"strict-origin-when-cross-origin\" allowfullscreen><\/iframe>\n<\/div><\/figure>\n","protected":false},"excerpt":{"rendered":"<p>Confira os passos essenciais para o manejo da reanima\u00e7\u00e3o neonatal<\/p>\n","protected":false},"author":21,"featured_media":29927,"comment_status":"open","ping_status":"open","sticky":false,"template":"","format":"standard","meta":{"footnotes":""},"categories":[120],"tags":[1421,129,109],"ppma_author":[3617],"class_list":{"0":"post-29924","1":"post","2":"type-post","3":"status-publish","4":"format-standard","5":"has-post-thumbnail","7":"category-pediatria","8":"tag-neonatal","9":"tag-neonatologia","10":"tag-pediatria"},"yoast_head":"<!-- This site is optimized with the Yoast SEO Premium plugin v24.3 (Yoast SEO v27.4) - https:\/\/yoast.com\/product\/yoast-seo-premium-wordpress\/ -->\n<title>Primeiros passos da Reanima\u00e7\u00e3o Neonatal | Grupo MedCof<\/title>\n<meta name=\"description\" content=\"Confira nesse resumo os passos primordiais e essenciais para o manejo da reanima\u00e7\u00e3o neonatal para a residencia em neontalogia\" \/>\n<meta name=\"robots\" content=\"index, follow, max-snippet:-1, max-image-preview:large, max-video-preview:-1\" \/>\n<link rel=\"canonical\" href=\"https:\/\/www.grupomedcof.com.br\/blog\/primeiros-passos-reanimacao-neonatal\/\" \/>\n<meta property=\"og:locale\" content=\"pt_BR\" \/>\n<meta property=\"og:type\" content=\"article\" \/>\n<meta property=\"og:title\" content=\"Saiba quais s\u00e3o os primeiros passos da Reanima\u00e7\u00e3o Neonatal\" \/>\n<meta property=\"og:description\" content=\"Confira nesse resumo os passos primordiais e essenciais para o manejo da reanima\u00e7\u00e3o neonatal para a residencia em neontalogia\" \/>\n<meta property=\"og:url\" content=\"https:\/\/www.grupomedcof.com.br\/blog\/primeiros-passos-reanimacao-neonatal\/\" \/>\n<meta property=\"og:site_name\" content=\"Blog de Medcof: conte\u00fados, editais, revalida e mais!\" \/>\n<meta property=\"article:publisher\" content=\"https:\/\/www.facebook.com\/MedCofQbank\/\" \/>\n<meta property=\"article:published_time\" content=\"2024-09-27T22:00:00+00:00\" \/>\n<meta property=\"og:image\" content=\"https:\/\/www.grupomedcof.com.br\/blog\/wp-content\/uploads\/2024\/09\/Blog-MedCof-14-1024x576.png\" \/>\n\t<meta property=\"og:image:width\" content=\"1024\" \/>\n\t<meta property=\"og:image:height\" content=\"576\" \/>\n\t<meta property=\"og:image:type\" content=\"image\/png\" \/>\n<meta name=\"author\" content=\"Kiara Adelino\" \/>\n<meta name=\"twitter:card\" content=\"summary_large_image\" \/>\n<meta name=\"twitter:label1\" content=\"Escrito por\" \/>\n\t<meta name=\"twitter:data1\" content=\"Kiara Adelino\" \/>\n\t<meta name=\"twitter:label2\" content=\"Est. tempo de leitura\" \/>\n\t<meta name=\"twitter:data2\" content=\"7 minutos\" \/>\n<script type=\"application\/ld+json\" class=\"yoast-schema-graph\">{\"@context\":\"https:\\\/\\\/schema.org\",\"@graph\":[{\"@type\":\"Article\",\"@id\":\"https:\\\/\\\/www.grupomedcof.com.br\\\/blog\\\/primeiros-passos-reanimacao-neonatal\\\/#article\",\"isPartOf\":{\"@id\":\"https:\\\/\\\/www.grupomedcof.com.br\\\/blog\\\/primeiros-passos-reanimacao-neonatal\\\/\"},\"author\":{\"name\":\"Kiara Adelino\",\"@id\":\"https:\\\/\\\/www.grupomedcof.com.br\\\/blog\\\/#\\\/schema\\\/person\\\/db19a651f86c5fc202d6eee744fd3292\"},\"headline\":\"Saiba quais s\u00e3o os primeiros passos da Reanima\u00e7\u00e3o Neonatal\",\"datePublished\":\"2024-09-27T22:00:00+00:00\",\"mainEntityOfPage\":{\"@id\":\"https:\\\/\\\/www.grupomedcof.com.br\\\/blog\\\/primeiros-passos-reanimacao-neonatal\\\/\"},\"wordCount\":998,\"commentCount\":0,\"publisher\":{\"@id\":\"https:\\\/\\\/www.grupomedcof.com.br\\\/blog\\\/#organization\"},\"image\":{\"@id\":\"https:\\\/\\\/www.grupomedcof.com.br\\\/blog\\\/primeiros-passos-reanimacao-neonatal\\\/#primaryimage\"},\"thumbnailUrl\":\"https:\\\/\\\/www.grupomedcof.com.br\\\/blog\\\/wp-content\\\/uploads\\\/2024\\\/09\\\/Blog-MedCof-14.png\",\"keywords\":[\"neonatal\",\"neonatologia\",\"Pediatria\"],\"articleSection\":[\"Pediatria\"],\"inLanguage\":\"pt-BR\"},{\"@type\":\"WebPage\",\"@id\":\"https:\\\/\\\/www.grupomedcof.com.br\\\/blog\\\/primeiros-passos-reanimacao-neonatal\\\/\",\"url\":\"https:\\\/\\\/www.grupomedcof.com.br\\\/blog\\\/primeiros-passos-reanimacao-neonatal\\\/\",\"name\":\"Primeiros passos da Reanima\u00e7\u00e3o Neonatal | Grupo MedCof\",\"isPartOf\":{\"@id\":\"https:\\\/\\\/www.grupomedcof.com.br\\\/blog\\\/#website\"},\"primaryImageOfPage\":{\"@id\":\"https:\\\/\\\/www.grupomedcof.com.br\\\/blog\\\/primeiros-passos-reanimacao-neonatal\\\/#primaryimage\"},\"image\":{\"@id\":\"https:\\\/\\\/www.grupomedcof.com.br\\\/blog\\\/primeiros-passos-reanimacao-neonatal\\\/#primaryimage\"},\"thumbnailUrl\":\"https:\\\/\\\/www.grupomedcof.com.br\\\/blog\\\/wp-content\\\/uploads\\\/2024\\\/09\\\/Blog-MedCof-14.png\",\"datePublished\":\"2024-09-27T22:00:00+00:00\",\"description\":\"Confira nesse resumo os passos primordiais e essenciais para o manejo da reanima\u00e7\u00e3o neonatal para a residencia em neontalogia\",\"breadcrumb\":{\"@id\":\"https:\\\/\\\/www.grupomedcof.com.br\\\/blog\\\/primeiros-passos-reanimacao-neonatal\\\/#breadcrumb\"},\"inLanguage\":\"pt-BR\",\"potentialAction\":[{\"@type\":\"ReadAction\",\"target\":[\"https:\\\/\\\/www.grupomedcof.com.br\\\/blog\\\/primeiros-passos-reanimacao-neonatal\\\/\"]}]},{\"@type\":\"ImageObject\",\"inLanguage\":\"pt-BR\",\"@id\":\"https:\\\/\\\/www.grupomedcof.com.br\\\/blog\\\/primeiros-passos-reanimacao-neonatal\\\/#primaryimage\",\"url\":\"https:\\\/\\\/www.grupomedcof.com.br\\\/blog\\\/wp-content\\\/uploads\\\/2024\\\/09\\\/Blog-MedCof-14.png\",\"contentUrl\":\"https:\\\/\\\/www.grupomedcof.com.br\\\/blog\\\/wp-content\\\/uploads\\\/2024\\\/09\\\/Blog-MedCof-14.png\",\"width\":1920,\"height\":1080},{\"@type\":\"BreadcrumbList\",\"@id\":\"https:\\\/\\\/www.grupomedcof.com.br\\\/blog\\\/primeiros-passos-reanimacao-neonatal\\\/#breadcrumb\",\"itemListElement\":[{\"@type\":\"ListItem\",\"position\":1,\"name\":\"In\u00edcio\",\"item\":\"https:\\\/\\\/www.grupomedcof.com.br\\\/blog\\\/\"},{\"@type\":\"ListItem\",\"position\":2,\"name\":\"Saiba quais s\u00e3o os primeiros passos da Reanima\u00e7\u00e3o Neonatal\"}]},{\"@type\":\"WebSite\",\"@id\":\"https:\\\/\\\/www.grupomedcof.com.br\\\/blog\\\/#website\",\"url\":\"https:\\\/\\\/www.grupomedcof.com.br\\\/blog\\\/\",\"name\":\"Blog de Medcof: conte\u00fados, editais, revalida e mais!\",\"description\":\"Acesso o blog de MedCof! Seu portal de conte\u00fados sobre resid\u00eancia m\u00e9dica, an\u00e1lise e editais e muito mais. Clique e confira!\",\"publisher\":{\"@id\":\"https:\\\/\\\/www.grupomedcof.com.br\\\/blog\\\/#organization\"},\"alternateName\":\"Blog de Medcof: conte\u00fados, editais, revalida e mais!\",\"potentialAction\":[{\"@type\":\"SearchAction\",\"target\":{\"@type\":\"EntryPoint\",\"urlTemplate\":\"https:\\\/\\\/www.grupomedcof.com.br\\\/blog\\\/?s={search_term_string}\"},\"query-input\":{\"@type\":\"PropertyValueSpecification\",\"valueRequired\":true,\"valueName\":\"search_term_string\"}}],\"inLanguage\":\"pt-BR\"},{\"@type\":\"Organization\",\"@id\":\"https:\\\/\\\/www.grupomedcof.com.br\\\/blog\\\/#organization\",\"name\":\"Grupo MedCof\",\"url\":\"https:\\\/\\\/www.grupomedcof.com.br\\\/blog\\\/\",\"logo\":{\"@type\":\"ImageObject\",\"inLanguage\":\"pt-BR\",\"@id\":\"https:\\\/\\\/www.grupomedcof.com.br\\\/blog\\\/#\\\/schema\\\/logo\\\/image\\\/\",\"url\":\"https:\\\/\\\/www.grupomedcof.com.br\\\/blog\\\/wp-content\\\/uploads\\\/2022\\\/01\\\/logo-medcof.png\",\"contentUrl\":\"https:\\\/\\\/www.grupomedcof.com.br\\\/blog\\\/wp-content\\\/uploads\\\/2022\\\/01\\\/logo-medcof.png\",\"width\":768,\"height\":269,\"caption\":\"Grupo MedCof\"},\"image\":{\"@id\":\"https:\\\/\\\/www.grupomedcof.com.br\\\/blog\\\/#\\\/schema\\\/logo\\\/image\\\/\"},\"sameAs\":[\"https:\\\/\\\/www.facebook.com\\\/MedCofQbank\\\/\",\"https:\\\/\\\/www.instagram.com\\\/grupomedcof\\\/\",\"https:\\\/\\\/br.linkedin.com\\\/company\\\/medcof\",\"https:\\\/\\\/www.youtube.com\\\/channel\\\/UCdHMuOHKICxcHwecxN8P-AA\"]},{\"@type\":\"Person\",\"@id\":\"https:\\\/\\\/www.grupomedcof.com.br\\\/blog\\\/#\\\/schema\\\/person\\\/db19a651f86c5fc202d6eee744fd3292\",\"name\":\"Kiara Adelino\",\"image\":{\"@type\":\"ImageObject\",\"inLanguage\":\"pt-BR\",\"@id\":\"https:\\\/\\\/www.grupomedcof.com.br\\\/blog\\\/wp-content\\\/uploads\\\/2024\\\/08\\\/cropped-Kiara-Adelino2-96x96.jpega85663bdda67261f8f06f86e555e1e49\",\"url\":\"https:\\\/\\\/www.grupomedcof.com.br\\\/blog\\\/wp-content\\\/uploads\\\/2024\\\/08\\\/cropped-Kiara-Adelino2-96x96.jpeg\",\"contentUrl\":\"https:\\\/\\\/www.grupomedcof.com.br\\\/blog\\\/wp-content\\\/uploads\\\/2024\\\/08\\\/cropped-Kiara-Adelino2-96x96.jpeg\",\"caption\":\"Kiara Adelino\"},\"description\":\"Estudante do 5\u00b0 semestre de Medicina. Gosto bastante de aprender coisas novas, principalmente na \u00e1rea de Neurologia e Anatomia humana.\",\"url\":\"https:\\\/\\\/www.grupomedcof.com.br\\\/blog\\\/author\\\/kiara-adelino\\\/\"}]}<\/script>\n<!-- \/ Yoast SEO Premium plugin. -->","yoast_head_json":{"title":"Primeiros passos da Reanima\u00e7\u00e3o Neonatal | Grupo MedCof","description":"Confira nesse resumo os passos primordiais e essenciais para o manejo da reanima\u00e7\u00e3o neonatal para a residencia em neontalogia","robots":{"index":"index","follow":"follow","max-snippet":"max-snippet:-1","max-image-preview":"max-image-preview:large","max-video-preview":"max-video-preview:-1"},"canonical":"https:\/\/www.grupomedcof.com.br\/blog\/primeiros-passos-reanimacao-neonatal\/","og_locale":"pt_BR","og_type":"article","og_title":"Saiba quais s\u00e3o os primeiros passos da Reanima\u00e7\u00e3o Neonatal","og_description":"Confira nesse resumo os passos primordiais e essenciais para o manejo da reanima\u00e7\u00e3o neonatal para a residencia em neontalogia","og_url":"https:\/\/www.grupomedcof.com.br\/blog\/primeiros-passos-reanimacao-neonatal\/","og_site_name":"Blog de Medcof: conte\u00fados, editais, revalida e mais!","article_publisher":"https:\/\/www.facebook.com\/MedCofQbank\/","article_published_time":"2024-09-27T22:00:00+00:00","og_image":[{"width":1024,"height":576,"url":"https:\/\/www.grupomedcof.com.br\/blog\/wp-content\/uploads\/2024\/09\/Blog-MedCof-14-1024x576.png","type":"image\/png"}],"author":"Kiara Adelino","twitter_card":"summary_large_image","twitter_misc":{"Escrito por":"Kiara Adelino","Est. tempo de leitura":"7 minutos"},"schema":{"@context":"https:\/\/schema.org","@graph":[{"@type":"Article","@id":"https:\/\/www.grupomedcof.com.br\/blog\/primeiros-passos-reanimacao-neonatal\/#article","isPartOf":{"@id":"https:\/\/www.grupomedcof.com.br\/blog\/primeiros-passos-reanimacao-neonatal\/"},"author":{"name":"Kiara Adelino","@id":"https:\/\/www.grupomedcof.com.br\/blog\/#\/schema\/person\/db19a651f86c5fc202d6eee744fd3292"},"headline":"Saiba quais s\u00e3o os primeiros passos da Reanima\u00e7\u00e3o Neonatal","datePublished":"2024-09-27T22:00:00+00:00","mainEntityOfPage":{"@id":"https:\/\/www.grupomedcof.com.br\/blog\/primeiros-passos-reanimacao-neonatal\/"},"wordCount":998,"commentCount":0,"publisher":{"@id":"https:\/\/www.grupomedcof.com.br\/blog\/#organization"},"image":{"@id":"https:\/\/www.grupomedcof.com.br\/blog\/primeiros-passos-reanimacao-neonatal\/#primaryimage"},"thumbnailUrl":"https:\/\/www.grupomedcof.com.br\/blog\/wp-content\/uploads\/2024\/09\/Blog-MedCof-14.png","keywords":["neonatal","neonatologia","Pediatria"],"articleSection":["Pediatria"],"inLanguage":"pt-BR"},{"@type":"WebPage","@id":"https:\/\/www.grupomedcof.com.br\/blog\/primeiros-passos-reanimacao-neonatal\/","url":"https:\/\/www.grupomedcof.com.br\/blog\/primeiros-passos-reanimacao-neonatal\/","name":"Primeiros passos da Reanima\u00e7\u00e3o Neonatal | Grupo MedCof","isPartOf":{"@id":"https:\/\/www.grupomedcof.com.br\/blog\/#website"},"primaryImageOfPage":{"@id":"https:\/\/www.grupomedcof.com.br\/blog\/primeiros-passos-reanimacao-neonatal\/#primaryimage"},"image":{"@id":"https:\/\/www.grupomedcof.com.br\/blog\/primeiros-passos-reanimacao-neonatal\/#primaryimage"},"thumbnailUrl":"https:\/\/www.grupomedcof.com.br\/blog\/wp-content\/uploads\/2024\/09\/Blog-MedCof-14.png","datePublished":"2024-09-27T22:00:00+00:00","description":"Confira nesse resumo os passos primordiais e essenciais para o manejo da reanima\u00e7\u00e3o neonatal para a residencia em neontalogia","breadcrumb":{"@id":"https:\/\/www.grupomedcof.com.br\/blog\/primeiros-passos-reanimacao-neonatal\/#breadcrumb"},"inLanguage":"pt-BR","potentialAction":[{"@type":"ReadAction","target":["https:\/\/www.grupomedcof.com.br\/blog\/primeiros-passos-reanimacao-neonatal\/"]}]},{"@type":"ImageObject","inLanguage":"pt-BR","@id":"https:\/\/www.grupomedcof.com.br\/blog\/primeiros-passos-reanimacao-neonatal\/#primaryimage","url":"https:\/\/www.grupomedcof.com.br\/blog\/wp-content\/uploads\/2024\/09\/Blog-MedCof-14.png","contentUrl":"https:\/\/www.grupomedcof.com.br\/blog\/wp-content\/uploads\/2024\/09\/Blog-MedCof-14.png","width":1920,"height":1080},{"@type":"BreadcrumbList","@id":"https:\/\/www.grupomedcof.com.br\/blog\/primeiros-passos-reanimacao-neonatal\/#breadcrumb","itemListElement":[{"@type":"ListItem","position":1,"name":"In\u00edcio","item":"https:\/\/www.grupomedcof.com.br\/blog\/"},{"@type":"ListItem","position":2,"name":"Saiba quais s\u00e3o os primeiros passos da Reanima\u00e7\u00e3o Neonatal"}]},{"@type":"WebSite","@id":"https:\/\/www.grupomedcof.com.br\/blog\/#website","url":"https:\/\/www.grupomedcof.com.br\/blog\/","name":"Blog de Medcof: conte\u00fados, editais, revalida e mais!","description":"Acesso o blog de MedCof! Seu portal de conte\u00fados sobre resid\u00eancia m\u00e9dica, an\u00e1lise e editais e muito mais. Clique e confira!","publisher":{"@id":"https:\/\/www.grupomedcof.com.br\/blog\/#organization"},"alternateName":"Blog de Medcof: conte\u00fados, editais, revalida e mais!","potentialAction":[{"@type":"SearchAction","target":{"@type":"EntryPoint","urlTemplate":"https:\/\/www.grupomedcof.com.br\/blog\/?s={search_term_string}"},"query-input":{"@type":"PropertyValueSpecification","valueRequired":true,"valueName":"search_term_string"}}],"inLanguage":"pt-BR"},{"@type":"Organization","@id":"https:\/\/www.grupomedcof.com.br\/blog\/#organization","name":"Grupo MedCof","url":"https:\/\/www.grupomedcof.com.br\/blog\/","logo":{"@type":"ImageObject","inLanguage":"pt-BR","@id":"https:\/\/www.grupomedcof.com.br\/blog\/#\/schema\/logo\/image\/","url":"https:\/\/www.grupomedcof.com.br\/blog\/wp-content\/uploads\/2022\/01\/logo-medcof.png","contentUrl":"https:\/\/www.grupomedcof.com.br\/blog\/wp-content\/uploads\/2022\/01\/logo-medcof.png","width":768,"height":269,"caption":"Grupo MedCof"},"image":{"@id":"https:\/\/www.grupomedcof.com.br\/blog\/#\/schema\/logo\/image\/"},"sameAs":["https:\/\/www.facebook.com\/MedCofQbank\/","https:\/\/www.instagram.com\/grupomedcof\/","https:\/\/br.linkedin.com\/company\/medcof","https:\/\/www.youtube.com\/channel\/UCdHMuOHKICxcHwecxN8P-AA"]},{"@type":"Person","@id":"https:\/\/www.grupomedcof.com.br\/blog\/#\/schema\/person\/db19a651f86c5fc202d6eee744fd3292","name":"Kiara Adelino","image":{"@type":"ImageObject","inLanguage":"pt-BR","@id":"https:\/\/www.grupomedcof.com.br\/blog\/wp-content\/uploads\/2024\/08\/cropped-Kiara-Adelino2-96x96.jpega85663bdda67261f8f06f86e555e1e49","url":"https:\/\/www.grupomedcof.com.br\/blog\/wp-content\/uploads\/2024\/08\/cropped-Kiara-Adelino2-96x96.jpeg","contentUrl":"https:\/\/www.grupomedcof.com.br\/blog\/wp-content\/uploads\/2024\/08\/cropped-Kiara-Adelino2-96x96.jpeg","caption":"Kiara Adelino"},"description":"Estudante do 5\u00b0 semestre de Medicina. Gosto bastante de aprender coisas novas, principalmente na \u00e1rea de Neurologia e Anatomia humana.","url":"https:\/\/www.grupomedcof.com.br\/blog\/author\/kiara-adelino\/"}]}},"authors":[{"term_id":3617,"user_id":21,"is_guest":0,"slug":"kiara-adelino","display_name":"Kiara Adelino","avatar_url":"https:\/\/www.grupomedcof.com.br\/blog\/wp-content\/uploads\/2024\/08\/cropped-Kiara-Adelino2-96x96.jpeg","0":null,"1":"","2":"","3":"","4":"","5":"","6":"","7":"","8":""}],"_links":{"self":[{"href":"https:\/\/www.grupomedcof.com.br\/blog\/wp-json\/wp\/v2\/posts\/29924","targetHints":{"allow":["GET"]}}],"collection":[{"href":"https:\/\/www.grupomedcof.com.br\/blog\/wp-json\/wp\/v2\/posts"}],"about":[{"href":"https:\/\/www.grupomedcof.com.br\/blog\/wp-json\/wp\/v2\/types\/post"}],"author":[{"embeddable":true,"href":"https:\/\/www.grupomedcof.com.br\/blog\/wp-json\/wp\/v2\/users\/21"}],"replies":[{"embeddable":true,"href":"https:\/\/www.grupomedcof.com.br\/blog\/wp-json\/wp\/v2\/comments?post=29924"}],"version-history":[{"count":0,"href":"https:\/\/www.grupomedcof.com.br\/blog\/wp-json\/wp\/v2\/posts\/29924\/revisions"}],"wp:featuredmedia":[{"embeddable":true,"href":"https:\/\/www.grupomedcof.com.br\/blog\/wp-json\/wp\/v2\/media\/29927"}],"wp:attachment":[{"href":"https:\/\/www.grupomedcof.com.br\/blog\/wp-json\/wp\/v2\/media?parent=29924"}],"wp:term":[{"taxonomy":"category","embeddable":true,"href":"https:\/\/www.grupomedcof.com.br\/blog\/wp-json\/wp\/v2\/categories?post=29924"},{"taxonomy":"post_tag","embeddable":true,"href":"https:\/\/www.grupomedcof.com.br\/blog\/wp-json\/wp\/v2\/tags?post=29924"},{"taxonomy":"author","embeddable":true,"href":"https:\/\/www.grupomedcof.com.br\/blog\/wp-json\/wp\/v2\/ppma_author?post=29924"}],"curies":[{"name":"wp","href":"https:\/\/api.w.org\/{rel}","templated":true}]}}