{"id":30009,"date":"2024-09-30T08:04:23","date_gmt":"2024-09-30T11:04:23","guid":{"rendered":"https:\/\/www.grupomedcof.com.br\/blog\/?p=30009"},"modified":"2026-04-24T15:33:35","modified_gmt":"2026-04-24T18:33:35","slug":"propedeutica-dermatologica-exame-dermatologico-e-das-principais-lesoes","status":"publish","type":"post","link":"https:\/\/www.grupomedcof.com.br\/blog\/propedeutica-dermatologica-exame-dermatologico-e-das-principais-lesoes\/","title":{"rendered":"Proped\u00eautica Dermatol\u00f3gica: Exame dermatol\u00f3gico e das principais les\u00f5es"},"content":{"rendered":"<div id=\"ez-toc-container\" class=\"ez-toc-v2_0_74 counter-hierarchy ez-toc-counter ez-toc-transparent ez-toc-container-direction\">\n<div class=\"ez-toc-title-container\">\n<p class=\"ez-toc-title\" style=\"cursor:inherit\">Sum\u00e1rio<\/p>\n<span class=\"ez-toc-title-toggle\"><a href=\"#\" class=\"ez-toc-pull-right ez-toc-btn ez-toc-btn-xs ez-toc-btn-default ez-toc-toggle\" aria-label=\"Alternar tabela de conte\u00fado\"><span class=\"ez-toc-js-icon-con\"><span class=\"\"><span class=\"eztoc-hide\" style=\"display:none;\">Toggle<\/span><span class=\"ez-toc-icon-toggle-span\"><svg style=\"fill: #999;color:#999\" xmlns=\"http:\/\/www.w3.org\/2000\/svg\" class=\"list-377408\" width=\"20px\" height=\"20px\" viewBox=\"0 0 24 24\" fill=\"none\"><path d=\"M6 6H4v2h2V6zm14 0H8v2h12V6zM4 11h2v2H4v-2zm16 0H8v2h12v-2zM4 16h2v2H4v-2zm16 0H8v2h12v-2z\" fill=\"currentColor\"><\/path><\/svg><svg style=\"fill: #999;color:#999\" class=\"arrow-unsorted-368013\" xmlns=\"http:\/\/www.w3.org\/2000\/svg\" width=\"10px\" height=\"10px\" viewBox=\"0 0 24 24\" version=\"1.2\" baseProfile=\"tiny\"><path d=\"M18.2 9.3l-6.2-6.3-6.2 6.3c-.2.2-.3.4-.3.7s.1.5.3.7c.2.2.4.3.7.3h11c.3 0 .5-.1.7-.3.2-.2.3-.5.3-.7s-.1-.5-.3-.7zM5.8 14.7l6.2 6.3 6.2-6.3c.2-.2.3-.5.3-.7s-.1-.5-.3-.7c-.2-.2-.4-.3-.7-.3h-11c-.3 0-.5.1-.7.3-.2.2-.3.5-.3.7s.1.5.3.7z\"\/><\/svg><\/span><\/span><\/span><\/a><\/span><\/div>\n<nav><ul class='ez-toc-list ez-toc-list-level-1 ' ><li class='ez-toc-page-1 ez-toc-heading-level-2'><a class=\"ez-toc-link ez-toc-heading-1\" href=\"https:\/\/www.grupomedcof.com.br\/blog\/propedeutica-dermatologica-exame-dermatologico-e-das-principais-lesoes\/#Exame_dermatologico\" >Exame dermatol\u00f3gico\u00a0<\/a><ul class='ez-toc-list-level-3' ><li class='ez-toc-heading-level-3'><a class=\"ez-toc-link ez-toc-heading-2\" href=\"https:\/\/www.grupomedcof.com.br\/blog\/propedeutica-dermatologica-exame-dermatologico-e-das-principais-lesoes\/#Inspecao_geral_da_pele\" >Inspe\u00e7\u00e3o geral da pele<\/a><\/li><li class='ez-toc-page-1 ez-toc-heading-level-3'><a class=\"ez-toc-link ez-toc-heading-3\" href=\"https:\/\/www.grupomedcof.com.br\/blog\/propedeutica-dermatologica-exame-dermatologico-e-das-principais-lesoes\/#Palpacao_geral_da_pele\" >Palpa\u00e7\u00e3o geral da pele<\/a><\/li><\/ul><\/li><li class='ez-toc-page-1 ez-toc-heading-level-2'><a class=\"ez-toc-link ez-toc-heading-4\" href=\"https:\/\/www.grupomedcof.com.br\/blog\/propedeutica-dermatologica-exame-dermatologico-e-das-principais-lesoes\/#Exame_das_lesoes_principais\" >Exame das les\u00f5es principais<\/a><\/li><li class='ez-toc-page-1 ez-toc-heading-level-2'><a class=\"ez-toc-link ez-toc-heading-5\" href=\"https:\/\/www.grupomedcof.com.br\/blog\/propedeutica-dermatologica-exame-dermatologico-e-das-principais-lesoes\/#Conquiste_a_aprovacao\" >Conquiste a aprova\u00e7\u00e3o<\/a><\/li><\/ul><\/nav><\/div>\n\n<figure class=\"wp-block-image size-large\"><img loading=\"lazy\" decoding=\"async\" width=\"1024\" height=\"576\" src=\"https:\/\/www.grupomedcof.com.br\/blog\/wp-content\/uploads\/2024\/09\/Blog-MedCof-2024-09-26T145929.187-1024x576.png\" alt=\"\" class=\"wp-image-30013\" srcset=\"https:\/\/www.grupomedcof.com.br\/blog\/wp-content\/uploads\/2024\/09\/Blog-MedCof-2024-09-26T145929.187-1024x576.png 1024w, https:\/\/www.grupomedcof.com.br\/blog\/wp-content\/uploads\/2024\/09\/Blog-MedCof-2024-09-26T145929.187-300x169.png 300w, https:\/\/www.grupomedcof.com.br\/blog\/wp-content\/uploads\/2024\/09\/Blog-MedCof-2024-09-26T145929.187-768x432.png 768w, https:\/\/www.grupomedcof.com.br\/blog\/wp-content\/uploads\/2024\/09\/Blog-MedCof-2024-09-26T145929.187-1536x864.png 1536w, https:\/\/www.grupomedcof.com.br\/blog\/wp-content\/uploads\/2024\/09\/Blog-MedCof-2024-09-26T145929.187-2048x1152.png 2048w, https:\/\/www.grupomedcof.com.br\/blog\/wp-content\/uploads\/2024\/09\/Blog-MedCof-2024-09-26T145929.187-747x420.png 747w, https:\/\/www.grupomedcof.com.br\/blog\/wp-content\/uploads\/2024\/09\/Blog-MedCof-2024-09-26T145929.187-150x84.png 150w, https:\/\/www.grupomedcof.com.br\/blog\/wp-content\/uploads\/2024\/09\/Blog-MedCof-2024-09-26T145929.187-696x392.png 696w, https:\/\/www.grupomedcof.com.br\/blog\/wp-content\/uploads\/2024\/09\/Blog-MedCof-2024-09-26T145929.187-1068x601.png 1068w, https:\/\/www.grupomedcof.com.br\/blog\/wp-content\/uploads\/2024\/09\/Blog-MedCof-2024-09-26T145929.187-1920x1080.png 1920w\" sizes=\"auto, (max-width: 1024px) 100vw, 1024px\" \/><\/figure>\n\n\n\n<p>A <strong>proped\u00eautica dermatol\u00f3gica<\/strong> se diferencia da semiologia geral por sua abordagem espec\u00edfica. Em dermatologia, o exame f\u00edsico do paciente \u00e9 priorit\u00e1rio e orienta a anamnese, ao contr\u00e1rio do que ocorre em outras especialidades. Primeiramente, deve-se realizar o exame das les\u00f5es e identificar sintomas subjetivos para ent\u00e3o conduzir a anamnese.<\/p>\n\n\n\n<p>Nesse sentido, a import\u00e2ncia da morfologia das les\u00f5es \u00e9 crucial para o diagn\u00f3stico dermatol\u00f3gico, tornando essencial a inspe\u00e7\u00e3o e palpa\u00e7\u00e3o das les\u00f5es, al\u00e9m de manobras complementares como a digito-press\u00e3o e a avalia\u00e7\u00e3o de edema. A hist\u00f3ria cl\u00ednica deve detalhar a localiza\u00e7\u00e3o, dura\u00e7\u00e3o, sintomas e tratamentos anteriores das les\u00f5es, bem como antecedentes pessoais e familiares, com especial aten\u00e7\u00e3o para dermatoses profissionais e al\u00e9rgicas (dermatites de contato, urtic\u00e1rias, dermatite at\u00f3pica, etc.).<\/p>\n\n\n\n<p>O exame subjetivo foca nos sintomas que o paciente associa \u00e0s les\u00f5es, sendo o prurido um dado muito relevante. Sendo assim, \u00e9 necess\u00e1rio avaliar fatores desencadeantes, evolu\u00e7\u00e3o, periodicidade e intensidade do prurido, al\u00e9m de outros sintomas como dor, ardor e altera\u00e7\u00f5es sensoriais. Este enfoque detalhado \u00e9 fundamental para uma abordagem diagn\u00f3stica eficaz em dermatologia.<\/p>\n\n\n\n<h2 class=\"wp-block-heading\" id=\"h-exame-dermatologico\"><span class=\"ez-toc-section\" id=\"Exame_dermatologico\"><\/span><strong>Exame dermatol\u00f3gico<\/strong>\u00a0<span class=\"ez-toc-section-end\"><\/span><\/h2>\n\n\n\n<h3 class=\"wp-block-heading\" id=\"h-inspecao-geral-da-pele\"><span class=\"ez-toc-section\" id=\"Inspecao_geral_da_pele\"><\/span><strong>Inspe\u00e7\u00e3o geral da pele<\/strong><span class=\"ez-toc-section-end\"><\/span><\/h3>\n\n\n\n<p>Para realizar uma inspe\u00e7\u00e3o dermatol\u00f3gica eficaz, o ambiente deve ter boa ilumina\u00e7\u00e3o e o exame deve ser minucioso e abranger toda a superf\u00edcie corporal, incluindo cabelos, unhas e mucosas, considerando a busca por les\u00f5es n\u00e3o mencionadas pelo paciente.<\/p>\n\n\n\n<p>A avalia\u00e7\u00e3o deve considerar as seguintes caracter\u00edsticas:<\/p>\n\n\n\n<p><strong>Tipo de pele:<\/strong><\/p>\n\n\n\n<ul class=\"wp-block-list\">\n<li><strong>Eud\u00e9rmica<\/strong>: pele normal;<\/li>\n\n\n\n<li><strong>Xer\u00f3sica<\/strong>: pele ressecada, espessa, com tend\u00eancia \u00e0 descama\u00e7\u00e3o, prurido e fissuras; mais comum em idosos.<\/li>\n\n\n\n<li><strong>Seborreica<\/strong>: pele oleosa devido \u00e0 secre\u00e7\u00e3o excessiva de sebo; mais comum na puberdade.<\/li>\n<\/ul>\n\n\n\n<p><strong>F\u00e1cies<\/strong>:<\/p>\n\n\n\n<ul class=\"wp-block-list\">\n<li>Tra\u00e7os caracter\u00edsticos observados no rosto do paciente, que podem sugerir doen\u00e7as espec\u00edficas.<\/li>\n<\/ul>\n\n\n\n<p><strong>Colora\u00e7\u00e3o<\/strong>:&nbsp;<\/p>\n\n\n\n<ul class=\"wp-block-list\">\n<li>A cor da pele \u00e9 influenciada pela melanina e pelo plexo vascular. Altera\u00e7\u00f5es patol\u00f3gicas s\u00e3o mais facilmente detectadas em pele clara, enquanto podem ser mascaradas em pele escura, dificultando o diagn\u00f3stico.<\/li>\n<\/ul>\n\n\n\n<h3 class=\"wp-block-heading\" id=\"h-palpacao-geral-da-pele\"><span class=\"ez-toc-section\" id=\"Palpacao_geral_da_pele\"><\/span><strong>Palpa\u00e7\u00e3o geral da pele<\/strong><span class=\"ez-toc-section-end\"><\/span><\/h3>\n\n\n\n<p>Nesta etapa, deve-se avaliar:<\/p>\n\n\n\n<p><strong>Elasticidade<\/strong>:&nbsp;<\/p>\n\n\n\n<p>Avaliada pelo pin\u00e7amento da pele para verificar sua capacidade de estender-se e retornar \u00e0 condi\u00e7\u00e3o inicial. A pele pode ser:<\/p>\n\n\n\n<ul class=\"wp-block-list\">\n<li><strong>Normal<\/strong><\/li>\n\n\n\n<li><strong>Hipoel\u00e1stica<\/strong>: observada em idosos, desnutridos, desidratados e em abdome de mult\u00edparas.<\/li>\n\n\n\n<li><strong>Hiperel\u00e1stica<\/strong>: encontrada na s\u00edndrome de Ehlers-Danlos, onde a pele distende-se 2 a 3 vezes mais que o normal.<\/li>\n<\/ul>\n\n\n\n<p><strong>Presen\u00e7a de edema<\/strong><\/p>\n\n\n\n<p><strong>Linfonodos<\/strong><\/p>\n\n\n\n<p>Devem ser palpados em todas as cadeias para avaliar caracter\u00edsticas como tamanho, n\u00famero, consist\u00eancia, forma, sensibilidade local, mobilidade, coalesc\u00eancia, fistuliza\u00e7\u00e3o e estado da pele ao redor.<\/p>\n\n\n\n<p><strong>Abaulamentos ou retra\u00e7\u00f5es<\/strong>: devem ser palpados, pois podem indicar processos neopl\u00e1sicos.<\/p>\n\n\n\n<h2 class=\"wp-block-heading\" id=\"h-exame-das-lesoes-principais\"><span class=\"ez-toc-section\" id=\"Exame_das_lesoes_principais\"><\/span><strong>Exame das les\u00f5es principais<\/strong><span class=\"ez-toc-section-end\"><\/span><\/h2>\n\n\n\n<p>Uma vez achada a les\u00e3o, \u00e9 necess\u00e1rio realizar o exame espec\u00edfico para caracteriz\u00e1-las., seguindo os seguintes passos:<\/p>\n\n\n\n<p><strong>Inspe\u00e7\u00e3o<\/strong><\/p>\n\n\n\n<ul class=\"wp-block-list\">\n<li><strong>N\u00famero<\/strong>;<\/li>\n\n\n\n<li><strong>Distribui\u00e7\u00e3o<\/strong>: localizadas ou disseminadas;<\/li>\n\n\n\n<li><strong>Forma<\/strong>: classificar em sim\u00e9tricas ou assim\u00e9tricas e se s\u00e3o monomorfas ou polimorfas. Em alguns casos, as les\u00f5es possuem formas espec\u00edficas, podendo ser: anulares, numulares, circinadas, polic\u00edclicas, arciforme ou reniforme, disc\u00f3ides, figuradas, geogr\u00e1ficas, serpiginosas, corimbiformes, gutatas, em \u00edris ou em alvo, lineares, em placas, puntiformes, zosteriformes, lenticulares, foli\u00e1ceas, fungoides, miliares, giratas, poligonais, umbilicadas, pedunculadas, s\u00e9sseis, acuminadas, cribiformes;<\/li>\n\n\n\n<li><strong>Tamanho<\/strong>: descrito em cent\u00edmetros;<\/li>\n\n\n\n<li><strong>Colora\u00e7\u00e3o<\/strong><\/li>\n\n\n\n<li><strong>Contornos<\/strong>: regulares ou irregulares;<\/li>\n\n\n\n<li><strong>Limites<\/strong>: precisos ou imprecisos;<\/li>\n\n\n\n<li><strong>Superf\u00edcie<\/strong>.<\/li>\n<\/ul>\n\n\n\n<p><strong>Palpa\u00e7\u00e3o<\/strong><\/p>\n\n\n\n<ul class=\"wp-block-list\">\n<li><strong>Consist\u00eancia<\/strong>: classificar como endurecida, c\u00edstica ou fibroel\u00e1stica;<\/li>\n\n\n\n<li><strong>Temperatura<\/strong>;<\/li>\n\n\n\n<li><strong>Textura<\/strong>: normal, \u00e1spera, lisa ou fina;<\/li>\n\n\n\n<li><strong>Espessura<\/strong>: normal, hipertr\u00f3fica ou atr\u00f3fica;<\/li>\n\n\n\n<li><strong>Profundidade<\/strong>;<\/li>\n\n\n\n<li><strong>Dor<\/strong>;<\/li>\n\n\n\n<li><strong>Umidade<\/strong>: normal, aumentada ou diminu\u00edda;<\/li>\n<\/ul>\n\n\n\n<p><strong>Mobilidade<\/strong>: normal, aumentada, diminu\u00edda ou ausente.<\/p>\n\n\n\n<h2 class=\"wp-block-heading\" id=\"conquiste-a-aprova\u00e7\u00e3o\"><span class=\"ez-toc-section\" id=\"Conquiste_a_aprovacao\"><\/span><strong>Conquiste a aprova\u00e7\u00e3o<\/strong><span class=\"ez-toc-section-end\"><\/span><\/h2>\n\n\n\n<p>As provas de resid\u00eancia est\u00e3o cada vez mais perto! Se voc\u00ea<strong><a href=\"https:\/\/www.grupomedcof.com.br\/blog\/presenca-da-medcof-nas-aprovacoes-em-residencia-medica-no-brasil\/\" target=\"_blank\" rel=\"noreferrer noopener\">&nbsp;quer&nbsp;ser mais&nbsp;um aprovado<\/a>&nbsp;<\/strong>nas melhores resid\u00eancias m\u00e9dicas do pa\u00eds, ent\u00e3o conhe\u00e7a o<a href=\"https:\/\/www.grupomedcof.com.br\/\" target=\"_blank\" rel=\"noreferrer noopener\">&nbsp;<strong>Grupo&nbsp;MedCof<\/strong><\/a><strong>!<\/strong>&nbsp;Temos um cat\u00e1logo repleto de cursos que te guiar\u00e3o na jornada para as provas de Resid\u00eancia M\u00e9dica que ocorrer\u00e3o em 2024\/2025!<\/p>\n\n\n\n<figure class=\"wp-block-embed is-type-video is-provider-youtube wp-block-embed-youtube wp-embed-aspect-16-9 wp-has-aspect-ratio\"><div class=\"wp-block-embed__wrapper\">\n<div class=\"youtube-embed\" data-video_id=\"D1xwOFlV6f0\"><iframe loading=\"lazy\" title=\"Corre\u00e7\u00e3o da Prova do TED - 2024\" width=\"696\" height=\"392\" src=\"https:\/\/www.youtube.com\/embed\/D1xwOFlV6f0?feature=oembed&#038;enablejsapi=1\" frameborder=\"0\" allow=\"accelerometer; autoplay; clipboard-write; encrypted-media; gyroscope; picture-in-picture; web-share\" referrerpolicy=\"strict-origin-when-cross-origin\" allowfullscreen><\/iframe><\/div>\n<\/div><\/figure>\n","protected":false},"excerpt":{"rendered":"<p>A proped\u00eautica dermatol\u00f3gica se diferencia da semiologia geral por sua abordagem espec\u00edfica. Veja mais em nosso blog!<\/p>\n","protected":false},"author":24,"featured_media":30013,"comment_status":"open","ping_status":"open","sticky":false,"template":"","format":"standard","meta":{"footnotes":""},"categories":[203],"tags":[204,2051,2048,117,68,2052],"ppma_author":[3622],"class_list":{"0":"post-30009","1":"post","2":"type-post","3":"status-publish","4":"format-standard","5":"has-post-thumbnail","7":"category-dermatologia","8":"tag-dermatologia","9":"tag-elasticidade-da-pele","10":"tag-linfonodos","11":"tag-provas-de-residencia","12":"tag-residencia-medica","13":"tag-tipo-de-pele"},"yoast_head":"<!-- This site is optimized with the Yoast SEO Premium plugin v24.3 (Yoast SEO v27.5) - https:\/\/yoast.com\/product\/yoast-seo-premium-wordpress\/ -->\n<title>Proped\u00eautica Dermatol\u00f3gica: Exame e Principais Les\u00f5es | Medcof<\/title>\n<meta name=\"description\" content=\"A proped\u00eautica dermatol\u00f3gica se diferencia da semiologia geral por sua abordagem espec\u00edfica. Veja mais em nosso blog!\" \/>\n<meta name=\"robots\" content=\"index, follow, max-snippet:-1, max-image-preview:large, max-video-preview:-1\" \/>\n<link rel=\"canonical\" href=\"https:\/\/www.grupomedcof.com.br\/blog\/propedeutica-dermatologica-exame-dermatologico-e-das-principais-lesoes\/\" \/>\n<meta property=\"og:locale\" content=\"pt_BR\" \/>\n<meta property=\"og:type\" content=\"article\" \/>\n<meta property=\"og:title\" content=\"Proped\u00eautica Dermatol\u00f3gica: Exame dermatol\u00f3gico e das principais les\u00f5es\" \/>\n<meta property=\"og:description\" content=\"A proped\u00eautica dermatol\u00f3gica se diferencia da semiologia geral por sua abordagem espec\u00edfica. Veja mais em nosso blog!\" \/>\n<meta property=\"og:url\" content=\"https:\/\/www.grupomedcof.com.br\/blog\/propedeutica-dermatologica-exame-dermatologico-e-das-principais-lesoes\/\" \/>\n<meta property=\"og:site_name\" content=\"Blog de Medcof: conte\u00fados, editais, revalida e mais!\" \/>\n<meta property=\"article:publisher\" content=\"https:\/\/www.facebook.com\/MedCofQbank\/\" \/>\n<meta property=\"article:published_time\" content=\"2024-09-30T11:04:23+00:00\" \/>\n<meta property=\"article:modified_time\" content=\"2026-04-24T18:33:35+00:00\" \/>\n<meta property=\"og:image\" content=\"https:\/\/www.grupomedcof.com.br\/blog\/wp-content\/uploads\/2024\/09\/Blog-MedCof-2024-09-26T145929.187-1024x576.png\" \/>\n\t<meta property=\"og:image:width\" content=\"1024\" \/>\n\t<meta property=\"og:image:height\" content=\"576\" \/>\n\t<meta property=\"og:image:type\" content=\"image\/png\" \/>\n<meta name=\"author\" content=\"Giulia Gallucci\" \/>\n<meta name=\"twitter:card\" content=\"summary_large_image\" \/>\n<meta name=\"twitter:label1\" content=\"Escrito por\" \/>\n\t<meta name=\"twitter:data1\" content=\"Giulia Gallucci\" \/>\n\t<meta name=\"twitter:label2\" content=\"Est. tempo de leitura\" \/>\n\t<meta name=\"twitter:data2\" content=\"4 minutos\" \/>\n<script type=\"application\/ld+json\" class=\"yoast-schema-graph\">{\"@context\":\"https:\\\/\\\/schema.org\",\"@graph\":[{\"@type\":\"Article\",\"@id\":\"https:\\\/\\\/www.grupomedcof.com.br\\\/blog\\\/propedeutica-dermatologica-exame-dermatologico-e-das-principais-lesoes\\\/#article\",\"isPartOf\":{\"@id\":\"https:\\\/\\\/www.grupomedcof.com.br\\\/blog\\\/propedeutica-dermatologica-exame-dermatologico-e-das-principais-lesoes\\\/\"},\"author\":{\"name\":\"Giulia Gallucci\",\"@id\":\"https:\\\/\\\/www.grupomedcof.com.br\\\/blog\\\/#\\\/schema\\\/person\\\/cbd624fbb1ebcd60fd4136808a39233c\"},\"headline\":\"Proped\u00eautica Dermatol\u00f3gica: Exame dermatol\u00f3gico e das principais les\u00f5es\",\"datePublished\":\"2024-09-30T11:04:23+00:00\",\"dateModified\":\"2026-04-24T18:33:35+00:00\",\"mainEntityOfPage\":{\"@id\":\"https:\\\/\\\/www.grupomedcof.com.br\\\/blog\\\/propedeutica-dermatologica-exame-dermatologico-e-das-principais-lesoes\\\/\"},\"wordCount\":716,\"commentCount\":0,\"publisher\":{\"@id\":\"https:\\\/\\\/www.grupomedcof.com.br\\\/blog\\\/#organization\"},\"image\":{\"@id\":\"https:\\\/\\\/www.grupomedcof.com.br\\\/blog\\\/propedeutica-dermatologica-exame-dermatologico-e-das-principais-lesoes\\\/#primaryimage\"},\"thumbnailUrl\":\"https:\\\/\\\/www.grupomedcof.com.br\\\/blog\\\/wp-content\\\/uploads\\\/2024\\\/09\\\/Blog-MedCof-2024-09-26T145929.187.png\",\"keywords\":[\"Dermatologia\",\"Elasticidade da pele\",\"Linfonodos\",\"Provas de Resid\u00eancia\",\"Resid\u00eancia M\u00e9dica\",\"Tipo de pele\"],\"articleSection\":[\"Dermatologia\"],\"inLanguage\":\"pt-BR\"},{\"@type\":\"WebPage\",\"@id\":\"https:\\\/\\\/www.grupomedcof.com.br\\\/blog\\\/propedeutica-dermatologica-exame-dermatologico-e-das-principais-lesoes\\\/\",\"url\":\"https:\\\/\\\/www.grupomedcof.com.br\\\/blog\\\/propedeutica-dermatologica-exame-dermatologico-e-das-principais-lesoes\\\/\",\"name\":\"Proped\u00eautica Dermatol\u00f3gica: Exame e Principais Les\u00f5es | Medcof\",\"isPartOf\":{\"@id\":\"https:\\\/\\\/www.grupomedcof.com.br\\\/blog\\\/#website\"},\"primaryImageOfPage\":{\"@id\":\"https:\\\/\\\/www.grupomedcof.com.br\\\/blog\\\/propedeutica-dermatologica-exame-dermatologico-e-das-principais-lesoes\\\/#primaryimage\"},\"image\":{\"@id\":\"https:\\\/\\\/www.grupomedcof.com.br\\\/blog\\\/propedeutica-dermatologica-exame-dermatologico-e-das-principais-lesoes\\\/#primaryimage\"},\"thumbnailUrl\":\"https:\\\/\\\/www.grupomedcof.com.br\\\/blog\\\/wp-content\\\/uploads\\\/2024\\\/09\\\/Blog-MedCof-2024-09-26T145929.187.png\",\"datePublished\":\"2024-09-30T11:04:23+00:00\",\"dateModified\":\"2026-04-24T18:33:35+00:00\",\"description\":\"A proped\u00eautica dermatol\u00f3gica se diferencia da semiologia geral por sua abordagem espec\u00edfica. Veja mais em nosso blog!\",\"breadcrumb\":{\"@id\":\"https:\\\/\\\/www.grupomedcof.com.br\\\/blog\\\/propedeutica-dermatologica-exame-dermatologico-e-das-principais-lesoes\\\/#breadcrumb\"},\"inLanguage\":\"pt-BR\",\"potentialAction\":[{\"@type\":\"ReadAction\",\"target\":[\"https:\\\/\\\/www.grupomedcof.com.br\\\/blog\\\/propedeutica-dermatologica-exame-dermatologico-e-das-principais-lesoes\\\/\"]}]},{\"@type\":\"ImageObject\",\"inLanguage\":\"pt-BR\",\"@id\":\"https:\\\/\\\/www.grupomedcof.com.br\\\/blog\\\/propedeutica-dermatologica-exame-dermatologico-e-das-principais-lesoes\\\/#primaryimage\",\"url\":\"https:\\\/\\\/www.grupomedcof.com.br\\\/blog\\\/wp-content\\\/uploads\\\/2024\\\/09\\\/Blog-MedCof-2024-09-26T145929.187.png\",\"contentUrl\":\"https:\\\/\\\/www.grupomedcof.com.br\\\/blog\\\/wp-content\\\/uploads\\\/2024\\\/09\\\/Blog-MedCof-2024-09-26T145929.187.png\",\"width\":2560,\"height\":1440},{\"@type\":\"BreadcrumbList\",\"@id\":\"https:\\\/\\\/www.grupomedcof.com.br\\\/blog\\\/propedeutica-dermatologica-exame-dermatologico-e-das-principais-lesoes\\\/#breadcrumb\",\"itemListElement\":[{\"@type\":\"ListItem\",\"position\":1,\"name\":\"In\u00edcio\",\"item\":\"https:\\\/\\\/www.grupomedcof.com.br\\\/blog\\\/\"},{\"@type\":\"ListItem\",\"position\":2,\"name\":\"Proped\u00eautica Dermatol\u00f3gica: Exame dermatol\u00f3gico e das principais les\u00f5es\"}]},{\"@type\":\"WebSite\",\"@id\":\"https:\\\/\\\/www.grupomedcof.com.br\\\/blog\\\/#website\",\"url\":\"https:\\\/\\\/www.grupomedcof.com.br\\\/blog\\\/\",\"name\":\"Blog de Medcof: conte\u00fados, editais, revalida e mais!\",\"description\":\"Acesso o blog de MedCof! Seu portal de conte\u00fados sobre resid\u00eancia m\u00e9dica, an\u00e1lise e editais e muito mais. Clique e confira!\",\"publisher\":{\"@id\":\"https:\\\/\\\/www.grupomedcof.com.br\\\/blog\\\/#organization\"},\"alternateName\":\"Blog de Medcof: conte\u00fados, editais, revalida e mais!\",\"potentialAction\":[{\"@type\":\"SearchAction\",\"target\":{\"@type\":\"EntryPoint\",\"urlTemplate\":\"https:\\\/\\\/www.grupomedcof.com.br\\\/blog\\\/?s={search_term_string}\"},\"query-input\":{\"@type\":\"PropertyValueSpecification\",\"valueRequired\":true,\"valueName\":\"search_term_string\"}}],\"inLanguage\":\"pt-BR\"},{\"@type\":\"Organization\",\"@id\":\"https:\\\/\\\/www.grupomedcof.com.br\\\/blog\\\/#organization\",\"name\":\"Grupo MedCof\",\"url\":\"https:\\\/\\\/www.grupomedcof.com.br\\\/blog\\\/\",\"logo\":{\"@type\":\"ImageObject\",\"inLanguage\":\"pt-BR\",\"@id\":\"https:\\\/\\\/www.grupomedcof.com.br\\\/blog\\\/#\\\/schema\\\/logo\\\/image\\\/\",\"url\":\"https:\\\/\\\/www.grupomedcof.com.br\\\/blog\\\/wp-content\\\/uploads\\\/2022\\\/01\\\/logo-medcof.png\",\"contentUrl\":\"https:\\\/\\\/www.grupomedcof.com.br\\\/blog\\\/wp-content\\\/uploads\\\/2022\\\/01\\\/logo-medcof.png\",\"width\":768,\"height\":269,\"caption\":\"Grupo MedCof\"},\"image\":{\"@id\":\"https:\\\/\\\/www.grupomedcof.com.br\\\/blog\\\/#\\\/schema\\\/logo\\\/image\\\/\"},\"sameAs\":[\"https:\\\/\\\/www.facebook.com\\\/MedCofQbank\\\/\",\"https:\\\/\\\/www.instagram.com\\\/grupomedcof\\\/\",\"https:\\\/\\\/br.linkedin.com\\\/company\\\/medcof\",\"https:\\\/\\\/www.youtube.com\\\/channel\\\/UCdHMuOHKICxcHwecxN8P-AA\"]},{\"@type\":\"Person\",\"@id\":\"https:\\\/\\\/www.grupomedcof.com.br\\\/blog\\\/#\\\/schema\\\/person\\\/cbd624fbb1ebcd60fd4136808a39233c\",\"name\":\"Giulia Gallucci\",\"image\":{\"@type\":\"ImageObject\",\"inLanguage\":\"pt-BR\",\"@id\":\"https:\\\/\\\/www.grupomedcof.com.br\\\/blog\\\/wp-content\\\/uploads\\\/2024\\\/08\\\/cropped-WhatsApp-Image-2024-08-08-at-17.32.39-96x96.jpegfde277ec50b1253fb8a587ae1110f977\",\"url\":\"https:\\\/\\\/www.grupomedcof.com.br\\\/blog\\\/wp-content\\\/uploads\\\/2024\\\/08\\\/cropped-WhatsApp-Image-2024-08-08-at-17.32.39-96x96.jpeg\",\"contentUrl\":\"https:\\\/\\\/www.grupomedcof.com.br\\\/blog\\\/wp-content\\\/uploads\\\/2024\\\/08\\\/cropped-WhatsApp-Image-2024-08-08-at-17.32.39-96x96.jpeg\",\"caption\":\"Giulia Gallucci\"},\"description\":\"Estudante de Medicina. Entusiasta da organiza\u00e7\u00e3o e da atividade fisica.\",\"url\":\"https:\\\/\\\/www.grupomedcof.com.br\\\/blog\\\/author\\\/giulia\\\/\"}]}<\/script>\n<!-- \/ Yoast SEO Premium plugin. -->","yoast_head_json":{"title":"Proped\u00eautica Dermatol\u00f3gica: Exame e Principais Les\u00f5es | Medcof","description":"A proped\u00eautica dermatol\u00f3gica se diferencia da semiologia geral por sua abordagem espec\u00edfica. Veja mais em nosso blog!","robots":{"index":"index","follow":"follow","max-snippet":"max-snippet:-1","max-image-preview":"max-image-preview:large","max-video-preview":"max-video-preview:-1"},"canonical":"https:\/\/www.grupomedcof.com.br\/blog\/propedeutica-dermatologica-exame-dermatologico-e-das-principais-lesoes\/","og_locale":"pt_BR","og_type":"article","og_title":"Proped\u00eautica Dermatol\u00f3gica: Exame dermatol\u00f3gico e das principais les\u00f5es","og_description":"A proped\u00eautica dermatol\u00f3gica se diferencia da semiologia geral por sua abordagem espec\u00edfica. Veja mais em nosso blog!","og_url":"https:\/\/www.grupomedcof.com.br\/blog\/propedeutica-dermatologica-exame-dermatologico-e-das-principais-lesoes\/","og_site_name":"Blog de Medcof: conte\u00fados, editais, revalida e mais!","article_publisher":"https:\/\/www.facebook.com\/MedCofQbank\/","article_published_time":"2024-09-30T11:04:23+00:00","article_modified_time":"2026-04-24T18:33:35+00:00","og_image":[{"width":1024,"height":576,"url":"https:\/\/www.grupomedcof.com.br\/blog\/wp-content\/uploads\/2024\/09\/Blog-MedCof-2024-09-26T145929.187-1024x576.png","type":"image\/png"}],"author":"Giulia Gallucci","twitter_card":"summary_large_image","twitter_misc":{"Escrito por":"Giulia Gallucci","Est. tempo de leitura":"4 minutos"},"schema":{"@context":"https:\/\/schema.org","@graph":[{"@type":"Article","@id":"https:\/\/www.grupomedcof.com.br\/blog\/propedeutica-dermatologica-exame-dermatologico-e-das-principais-lesoes\/#article","isPartOf":{"@id":"https:\/\/www.grupomedcof.com.br\/blog\/propedeutica-dermatologica-exame-dermatologico-e-das-principais-lesoes\/"},"author":{"name":"Giulia Gallucci","@id":"https:\/\/www.grupomedcof.com.br\/blog\/#\/schema\/person\/cbd624fbb1ebcd60fd4136808a39233c"},"headline":"Proped\u00eautica Dermatol\u00f3gica: Exame dermatol\u00f3gico e das principais les\u00f5es","datePublished":"2024-09-30T11:04:23+00:00","dateModified":"2026-04-24T18:33:35+00:00","mainEntityOfPage":{"@id":"https:\/\/www.grupomedcof.com.br\/blog\/propedeutica-dermatologica-exame-dermatologico-e-das-principais-lesoes\/"},"wordCount":716,"commentCount":0,"publisher":{"@id":"https:\/\/www.grupomedcof.com.br\/blog\/#organization"},"image":{"@id":"https:\/\/www.grupomedcof.com.br\/blog\/propedeutica-dermatologica-exame-dermatologico-e-das-principais-lesoes\/#primaryimage"},"thumbnailUrl":"https:\/\/www.grupomedcof.com.br\/blog\/wp-content\/uploads\/2024\/09\/Blog-MedCof-2024-09-26T145929.187.png","keywords":["Dermatologia","Elasticidade da pele","Linfonodos","Provas de Resid\u00eancia","Resid\u00eancia M\u00e9dica","Tipo de pele"],"articleSection":["Dermatologia"],"inLanguage":"pt-BR"},{"@type":"WebPage","@id":"https:\/\/www.grupomedcof.com.br\/blog\/propedeutica-dermatologica-exame-dermatologico-e-das-principais-lesoes\/","url":"https:\/\/www.grupomedcof.com.br\/blog\/propedeutica-dermatologica-exame-dermatologico-e-das-principais-lesoes\/","name":"Proped\u00eautica Dermatol\u00f3gica: Exame e Principais Les\u00f5es | Medcof","isPartOf":{"@id":"https:\/\/www.grupomedcof.com.br\/blog\/#website"},"primaryImageOfPage":{"@id":"https:\/\/www.grupomedcof.com.br\/blog\/propedeutica-dermatologica-exame-dermatologico-e-das-principais-lesoes\/#primaryimage"},"image":{"@id":"https:\/\/www.grupomedcof.com.br\/blog\/propedeutica-dermatologica-exame-dermatologico-e-das-principais-lesoes\/#primaryimage"},"thumbnailUrl":"https:\/\/www.grupomedcof.com.br\/blog\/wp-content\/uploads\/2024\/09\/Blog-MedCof-2024-09-26T145929.187.png","datePublished":"2024-09-30T11:04:23+00:00","dateModified":"2026-04-24T18:33:35+00:00","description":"A proped\u00eautica dermatol\u00f3gica se diferencia da semiologia geral por sua abordagem espec\u00edfica. Veja mais em nosso blog!","breadcrumb":{"@id":"https:\/\/www.grupomedcof.com.br\/blog\/propedeutica-dermatologica-exame-dermatologico-e-das-principais-lesoes\/#breadcrumb"},"inLanguage":"pt-BR","potentialAction":[{"@type":"ReadAction","target":["https:\/\/www.grupomedcof.com.br\/blog\/propedeutica-dermatologica-exame-dermatologico-e-das-principais-lesoes\/"]}]},{"@type":"ImageObject","inLanguage":"pt-BR","@id":"https:\/\/www.grupomedcof.com.br\/blog\/propedeutica-dermatologica-exame-dermatologico-e-das-principais-lesoes\/#primaryimage","url":"https:\/\/www.grupomedcof.com.br\/blog\/wp-content\/uploads\/2024\/09\/Blog-MedCof-2024-09-26T145929.187.png","contentUrl":"https:\/\/www.grupomedcof.com.br\/blog\/wp-content\/uploads\/2024\/09\/Blog-MedCof-2024-09-26T145929.187.png","width":2560,"height":1440},{"@type":"BreadcrumbList","@id":"https:\/\/www.grupomedcof.com.br\/blog\/propedeutica-dermatologica-exame-dermatologico-e-das-principais-lesoes\/#breadcrumb","itemListElement":[{"@type":"ListItem","position":1,"name":"In\u00edcio","item":"https:\/\/www.grupomedcof.com.br\/blog\/"},{"@type":"ListItem","position":2,"name":"Proped\u00eautica Dermatol\u00f3gica: Exame dermatol\u00f3gico e das principais les\u00f5es"}]},{"@type":"WebSite","@id":"https:\/\/www.grupomedcof.com.br\/blog\/#website","url":"https:\/\/www.grupomedcof.com.br\/blog\/","name":"Blog de Medcof: conte\u00fados, editais, revalida e mais!","description":"Acesso o blog de MedCof! Seu portal de conte\u00fados sobre resid\u00eancia m\u00e9dica, an\u00e1lise e editais e muito mais. Clique e confira!","publisher":{"@id":"https:\/\/www.grupomedcof.com.br\/blog\/#organization"},"alternateName":"Blog de Medcof: conte\u00fados, editais, revalida e mais!","potentialAction":[{"@type":"SearchAction","target":{"@type":"EntryPoint","urlTemplate":"https:\/\/www.grupomedcof.com.br\/blog\/?s={search_term_string}"},"query-input":{"@type":"PropertyValueSpecification","valueRequired":true,"valueName":"search_term_string"}}],"inLanguage":"pt-BR"},{"@type":"Organization","@id":"https:\/\/www.grupomedcof.com.br\/blog\/#organization","name":"Grupo MedCof","url":"https:\/\/www.grupomedcof.com.br\/blog\/","logo":{"@type":"ImageObject","inLanguage":"pt-BR","@id":"https:\/\/www.grupomedcof.com.br\/blog\/#\/schema\/logo\/image\/","url":"https:\/\/www.grupomedcof.com.br\/blog\/wp-content\/uploads\/2022\/01\/logo-medcof.png","contentUrl":"https:\/\/www.grupomedcof.com.br\/blog\/wp-content\/uploads\/2022\/01\/logo-medcof.png","width":768,"height":269,"caption":"Grupo MedCof"},"image":{"@id":"https:\/\/www.grupomedcof.com.br\/blog\/#\/schema\/logo\/image\/"},"sameAs":["https:\/\/www.facebook.com\/MedCofQbank\/","https:\/\/www.instagram.com\/grupomedcof\/","https:\/\/br.linkedin.com\/company\/medcof","https:\/\/www.youtube.com\/channel\/UCdHMuOHKICxcHwecxN8P-AA"]},{"@type":"Person","@id":"https:\/\/www.grupomedcof.com.br\/blog\/#\/schema\/person\/cbd624fbb1ebcd60fd4136808a39233c","name":"Giulia Gallucci","image":{"@type":"ImageObject","inLanguage":"pt-BR","@id":"https:\/\/www.grupomedcof.com.br\/blog\/wp-content\/uploads\/2024\/08\/cropped-WhatsApp-Image-2024-08-08-at-17.32.39-96x96.jpegfde277ec50b1253fb8a587ae1110f977","url":"https:\/\/www.grupomedcof.com.br\/blog\/wp-content\/uploads\/2024\/08\/cropped-WhatsApp-Image-2024-08-08-at-17.32.39-96x96.jpeg","contentUrl":"https:\/\/www.grupomedcof.com.br\/blog\/wp-content\/uploads\/2024\/08\/cropped-WhatsApp-Image-2024-08-08-at-17.32.39-96x96.jpeg","caption":"Giulia Gallucci"},"description":"Estudante de Medicina. Entusiasta da organiza\u00e7\u00e3o e da atividade fisica.","url":"https:\/\/www.grupomedcof.com.br\/blog\/author\/giulia\/"}]}},"authors":[{"term_id":3622,"user_id":24,"is_guest":0,"slug":"giulia","display_name":"Giulia Gallucci","avatar_url":"https:\/\/www.grupomedcof.com.br\/blog\/wp-content\/uploads\/2024\/08\/cropped-WhatsApp-Image-2024-08-08-at-17.32.39-96x96.jpeg","0":null,"1":"","2":"","3":"","4":"","5":"","6":"","7":"","8":""}],"_links":{"self":[{"href":"https:\/\/www.grupomedcof.com.br\/blog\/wp-json\/wp\/v2\/posts\/30009","targetHints":{"allow":["GET"]}}],"collection":[{"href":"https:\/\/www.grupomedcof.com.br\/blog\/wp-json\/wp\/v2\/posts"}],"about":[{"href":"https:\/\/www.grupomedcof.com.br\/blog\/wp-json\/wp\/v2\/types\/post"}],"author":[{"embeddable":true,"href":"https:\/\/www.grupomedcof.com.br\/blog\/wp-json\/wp\/v2\/users\/24"}],"replies":[{"embeddable":true,"href":"https:\/\/www.grupomedcof.com.br\/blog\/wp-json\/wp\/v2\/comments?post=30009"}],"version-history":[{"count":1,"href":"https:\/\/www.grupomedcof.com.br\/blog\/wp-json\/wp\/v2\/posts\/30009\/revisions"}],"predecessor-version":[{"id":43408,"href":"https:\/\/www.grupomedcof.com.br\/blog\/wp-json\/wp\/v2\/posts\/30009\/revisions\/43408"}],"wp:featuredmedia":[{"embeddable":true,"href":"https:\/\/www.grupomedcof.com.br\/blog\/wp-json\/wp\/v2\/media\/30013"}],"wp:attachment":[{"href":"https:\/\/www.grupomedcof.com.br\/blog\/wp-json\/wp\/v2\/media?parent=30009"}],"wp:term":[{"taxonomy":"category","embeddable":true,"href":"https:\/\/www.grupomedcof.com.br\/blog\/wp-json\/wp\/v2\/categories?post=30009"},{"taxonomy":"post_tag","embeddable":true,"href":"https:\/\/www.grupomedcof.com.br\/blog\/wp-json\/wp\/v2\/tags?post=30009"},{"taxonomy":"author","embeddable":true,"href":"https:\/\/www.grupomedcof.com.br\/blog\/wp-json\/wp\/v2\/ppma_author?post=30009"}],"curies":[{"name":"wp","href":"https:\/\/api.w.org\/{rel}","templated":true}]}}