{"id":30055,"date":"2025-08-19T07:54:35","date_gmt":"2025-08-19T10:54:35","guid":{"rendered":"https:\/\/www.grupomedcof.com.br\/blog\/?p=30055"},"modified":"2026-04-24T16:57:24","modified_gmt":"2026-04-24T19:57:24","slug":"entenda-mais-sobre-o-trauma-vascular-e-pratique-com-questoes","status":"publish","type":"post","link":"https:\/\/www.grupomedcof.com.br\/blog\/entenda-mais-sobre-o-trauma-vascular-e-pratique-com-questoes\/","title":{"rendered":"Entenda mais sobre o Trauma vascular e pratique com quest\u00f5es"},"content":{"rendered":"<div id=\"ez-toc-container\" class=\"ez-toc-v2_0_74 counter-hierarchy ez-toc-counter ez-toc-transparent ez-toc-container-direction\">\n<div class=\"ez-toc-title-container\">\n<p class=\"ez-toc-title\" style=\"cursor:inherit\">Sum\u00e1rio<\/p>\n<span class=\"ez-toc-title-toggle\"><a href=\"#\" class=\"ez-toc-pull-right ez-toc-btn ez-toc-btn-xs ez-toc-btn-default ez-toc-toggle\" aria-label=\"Alternar tabela de conte\u00fado\"><span class=\"ez-toc-js-icon-con\"><span class=\"\"><span class=\"eztoc-hide\" style=\"display:none;\">Toggle<\/span><span class=\"ez-toc-icon-toggle-span\"><svg style=\"fill: #999;color:#999\" xmlns=\"http:\/\/www.w3.org\/2000\/svg\" class=\"list-377408\" width=\"20px\" height=\"20px\" viewBox=\"0 0 24 24\" fill=\"none\"><path d=\"M6 6H4v2h2V6zm14 0H8v2h12V6zM4 11h2v2H4v-2zm16 0H8v2h12v-2zM4 16h2v2H4v-2zm16 0H8v2h12v-2z\" fill=\"currentColor\"><\/path><\/svg><svg style=\"fill: #999;color:#999\" class=\"arrow-unsorted-368013\" xmlns=\"http:\/\/www.w3.org\/2000\/svg\" width=\"10px\" height=\"10px\" viewBox=\"0 0 24 24\" version=\"1.2\" baseProfile=\"tiny\"><path d=\"M18.2 9.3l-6.2-6.3-6.2 6.3c-.2.2-.3.4-.3.7s.1.5.3.7c.2.2.4.3.7.3h11c.3 0 .5-.1.7-.3.2-.2.3-.5.3-.7s-.1-.5-.3-.7zM5.8 14.7l6.2 6.3 6.2-6.3c.2-.2.3-.5.3-.7s-.1-.5-.3-.7c-.2-.2-.4-.3-.7-.3h-11c-.3 0-.5.1-.7.3-.2.2-.3.5-.3.7s.1.5.3.7z\"\/><\/svg><\/span><\/span><\/span><\/a><\/span><\/div>\n<nav><ul class='ez-toc-list ez-toc-list-level-1 ' ><li class='ez-toc-page-1 ez-toc-heading-level-2'><a class=\"ez-toc-link ez-toc-heading-1\" href=\"https:\/\/www.grupomedcof.com.br\/blog\/entenda-mais-sobre-o-trauma-vascular-e-pratique-com-questoes\/#Quais_sao_os_sintomas_do_Trauma_vascular\" >Quais s\u00e3o os sintomas do Trauma vascular?<\/a><\/li><li class='ez-toc-page-1 ez-toc-heading-level-2'><a class=\"ez-toc-link ez-toc-heading-2\" href=\"https:\/\/www.grupomedcof.com.br\/blog\/entenda-mais-sobre-o-trauma-vascular-e-pratique-com-questoes\/#E_o_diagnostico\" >E o diagn\u00f3stico?<\/a><ul class='ez-toc-list-level-3' ><li class='ez-toc-heading-level-3'><a class=\"ez-toc-link ez-toc-heading-3\" href=\"https:\/\/www.grupomedcof.com.br\/blog\/entenda-mais-sobre-o-trauma-vascular-e-pratique-com-questoes\/#E_como_tratar\" >E como tratar?<\/a><\/li><\/ul><\/li><li class='ez-toc-page-1 ez-toc-heading-level-2'><a class=\"ez-toc-link ez-toc-heading-4\" href=\"https:\/\/www.grupomedcof.com.br\/blog\/entenda-mais-sobre-o-trauma-vascular-e-pratique-com-questoes\/#Trauma_vascular_da_Aorta\" >Trauma vascular da Aorta<\/a><ul class='ez-toc-list-level-3' ><li class='ez-toc-heading-level-3'><a class=\"ez-toc-link ez-toc-heading-5\" href=\"https:\/\/www.grupomedcof.com.br\/blog\/entenda-mais-sobre-o-trauma-vascular-e-pratique-com-questoes\/#O_que_pode_causar\" >O que pode causar?<\/a><\/li><li class='ez-toc-page-1 ez-toc-heading-level-3'><a class=\"ez-toc-link ez-toc-heading-6\" href=\"https:\/\/www.grupomedcof.com.br\/blog\/entenda-mais-sobre-o-trauma-vascular-e-pratique-com-questoes\/#Qual_o_mecanismo_da_lesao\" >Qual o mecanismo da les\u00e3o?<\/a><\/li><li class='ez-toc-page-1 ez-toc-heading-level-3'><a class=\"ez-toc-link ez-toc-heading-7\" href=\"https:\/\/www.grupomedcof.com.br\/blog\/entenda-mais-sobre-o-trauma-vascular-e-pratique-com-questoes\/#Qual_a_melhor_conduta_terapeutica\" >Qual a melhor conduta terap\u00eautica?<\/a><\/li><\/ul><\/li><li class='ez-toc-page-1 ez-toc-heading-level-2'><a class=\"ez-toc-link ez-toc-heading-8\" href=\"https:\/\/www.grupomedcof.com.br\/blog\/entenda-mais-sobre-o-trauma-vascular-e-pratique-com-questoes\/#E_as_questoes\" >E as quest\u00f5es?&nbsp;<\/a><ul class='ez-toc-list-level-3' ><li class='ez-toc-heading-level-3'><a class=\"ez-toc-link ez-toc-heading-9\" href=\"https:\/\/www.grupomedcof.com.br\/blog\/entenda-mais-sobre-o-trauma-vascular-e-pratique-com-questoes\/#Conseguiu_resolver\" >Conseguiu resolver?<\/a><\/li><\/ul><\/li><li class='ez-toc-page-1 ez-toc-heading-level-2'><a class=\"ez-toc-link ez-toc-heading-10\" href=\"https:\/\/www.grupomedcof.com.br\/blog\/entenda-mais-sobre-o-trauma-vascular-e-pratique-com-questoes\/#Seja_um_MedCofer\" >Seja um MedCofer<\/a><\/li><\/ul><\/nav><\/div>\n\n<figure class=\"wp-block-image size-large\"><img loading=\"lazy\" decoding=\"async\" width=\"1024\" height=\"576\" src=\"https:\/\/www.grupomedcof.com.br\/blog\/wp-content\/uploads\/2024\/09\/Blog-MedCof-2024-09-27T133640.782-1024x576.png\" alt=\"\" class=\"wp-image-30057\" srcset=\"https:\/\/www.grupomedcof.com.br\/blog\/wp-content\/uploads\/2024\/09\/Blog-MedCof-2024-09-27T133640.782-1024x576.png 1024w, https:\/\/www.grupomedcof.com.br\/blog\/wp-content\/uploads\/2024\/09\/Blog-MedCof-2024-09-27T133640.782-300x169.png 300w, https:\/\/www.grupomedcof.com.br\/blog\/wp-content\/uploads\/2024\/09\/Blog-MedCof-2024-09-27T133640.782-768x432.png 768w, https:\/\/www.grupomedcof.com.br\/blog\/wp-content\/uploads\/2024\/09\/Blog-MedCof-2024-09-27T133640.782-1536x864.png 1536w, https:\/\/www.grupomedcof.com.br\/blog\/wp-content\/uploads\/2024\/09\/Blog-MedCof-2024-09-27T133640.782-2048x1152.png 2048w, https:\/\/www.grupomedcof.com.br\/blog\/wp-content\/uploads\/2024\/09\/Blog-MedCof-2024-09-27T133640.782-747x420.png 747w, https:\/\/www.grupomedcof.com.br\/blog\/wp-content\/uploads\/2024\/09\/Blog-MedCof-2024-09-27T133640.782-150x84.png 150w, https:\/\/www.grupomedcof.com.br\/blog\/wp-content\/uploads\/2024\/09\/Blog-MedCof-2024-09-27T133640.782-696x392.png 696w, https:\/\/www.grupomedcof.com.br\/blog\/wp-content\/uploads\/2024\/09\/Blog-MedCof-2024-09-27T133640.782-1068x601.png 1068w, https:\/\/www.grupomedcof.com.br\/blog\/wp-content\/uploads\/2024\/09\/Blog-MedCof-2024-09-27T133640.782-1920x1080.png 1920w\" sizes=\"auto, (max-width: 1024px) 100vw, 1024px\" \/><\/figure>\n\n\n\n<p>O <strong>Trauma vascular <\/strong>\u00e9 a les\u00e3o em um ou mais vasos sangu\u00edneos, como art\u00e9rias ou veias. Essa les\u00e3o pode ser causada por acidentes, ferimentos, ou outras causas. Como o sangue transporta oxig\u00eanio e nutrientes para todas as partes do corpo, um vaso danificado pode afetar todo organismo, pois pode levar a hemorragias ou isquemias.\u00a0<\/p>\n\n\n\n<h2 class=\"wp-block-heading\" id=\"h-quais-sao-os-sintomas-do-trauma-vascular\"><span class=\"ez-toc-section\" id=\"Quais_sao_os_sintomas_do_Trauma_vascular\"><\/span><strong>Quais s\u00e3o os sintomas do Trauma vascular?<\/strong><span class=\"ez-toc-section-end\"><\/span><\/h2>\n\n\n\n<p>Os sintomas do trauma vascular variam dependendo da gravidade da les\u00e3o e da localiza\u00e7\u00e3o do vaso sangu\u00edneo danificado. Alguns dos sintomas mais comuns incluem:<\/p>\n\n\n\n<ul class=\"wp-block-list\">\n<li>Dor intensa na \u00e1rea afetada.<\/li>\n\n\n\n<li>&nbsp;Ac\u00famulo de l\u00edquido na \u00e1rea lesada.<\/li>\n\n\n\n<li>Hematoma causado pelo ac\u00famulo de sangue sob a pele.<\/li>\n\n\n\n<li>Pele p\u00e1lida na \u00e1rea afetada.<\/li>\n\n\n\n<li>Fraqueza muscular na \u00e1rea afetada.<\/li>\n<\/ul>\n\n\n\n<h2 class=\"wp-block-heading\" id=\"h-e-o-diagnostico\"><span class=\"ez-toc-section\" id=\"E_o_diagnostico\"><\/span><strong>E o diagn\u00f3stico?<\/strong><span class=\"ez-toc-section-end\"><\/span><\/h2>\n\n\n\n<p>O diagn\u00f3stico do trauma vascular orienta-se pelo local evidentemente afetado e ocorre atrav\u00e9s de exames f\u00edsicos, de imagem (tomografia computadorizada e resson\u00e2ncia magn\u00e9tica) e angiografia (com contraste especial para os vasos).<\/p>\n\n\n\n<p>*Angiografia: Um exame que utiliza um contraste especial para visualizar os vasos sangu\u00edneos.<\/p>\n\n\n\n<h3 class=\"wp-block-heading\" id=\"h-e-como-tratar\"><span class=\"ez-toc-section\" id=\"E_como_tratar\"><\/span><strong>E como tratar?<\/strong><span class=\"ez-toc-section-end\"><\/span><\/h3>\n\n\n\n<p>O tratamento do trauma vascular depende da gravidade da les\u00e3o. Em alguns casos, pode ser necess\u00e1rio realizar uma cirurgia para reparar o vaso sangu\u00edneo danificado.<\/p>\n\n\n\n<h2 class=\"wp-block-heading\" id=\"h-trauma-vascular-da-aorta\"><span class=\"ez-toc-section\" id=\"Trauma_vascular_da_Aorta\"><\/span><strong>Trauma vascular da Aorta<\/strong><span class=\"ez-toc-section-end\"><\/span><\/h2>\n\n\n\n<h3 class=\"wp-block-heading\" id=\"h-o-que-pode-causar\"><span class=\"ez-toc-section\" id=\"O_que_pode_causar\"><\/span><strong>O que pode causar?<\/strong><span class=\"ez-toc-section-end\"><\/span><\/h3>\n\n\n\n<p>O trauma vascular de aorta \u00e9 uma les\u00e3o cr\u00edtica e grave, caracterizada por um alto grau de energia cin\u00e9tica. Frequentemente, est\u00e1 associado a traumas contusos de grande impacto, ocorrendo em pacientes politraumatizados com m\u00faltiplas les\u00f5es.\u00a0<\/p>\n\n\n\n<h3 class=\"wp-block-heading\" id=\"h-qual-o-mecanismo-da-lesao\"><span class=\"ez-toc-section\" id=\"Qual_o_mecanismo_da_lesao\"><\/span><strong>Qual o mecanismo da les\u00e3o?<\/strong><span class=\"ez-toc-section-end\"><\/span><\/h3>\n\n\n\n<p>A aorta tor\u00e1cica descendente \u00e9 a por\u00e7\u00e3o <strong>mais comumente afetada por traumas<\/strong>. A vulnerabilidade dessa regi\u00e3o se deve \u00e0 presen\u00e7a do <strong>ligamento arterioso<\/strong>, um resqu\u00edcio embrion\u00e1rio. O ligamento arterioso atua como um <strong>ponto fixo e de tra\u00e7\u00e3o<\/strong> na parede da aorta tor\u00e1cica descendente. Ao contr\u00e1rio de outras partes da aorta que possuem maior mobilidade, o ligamento arterioso \u00e9 uma <strong>regi\u00e3o mais fr\u00e1gil e com baixa mobilidade<\/strong>. Durante um trauma de alta energia, a for\u00e7a de desacelera\u00e7\u00e3o abrupta exerce um efeito de tra\u00e7\u00e3o sobre essa \u00e1rea, resultando na <strong>ruptura ou les\u00e3o da parede a\u00f3rtica.<\/strong><\/p>\n\n\n\n<figure class=\"wp-block-image is-resized\"><img decoding=\"async\" src=\"https:\/\/lh7-rt.googleusercontent.com\/docsz\/AD_4nXeftQBpXlwv2DEUZtfs1NRWSFJzldmEJWf04GCj5Ab3jy3zSIUnVkekWtcc4D9xxTMop5XIie-tDDQFZm7IVloA2nAezyml4F8gP-MBtqjX-qZ8tj8hltVo2cBESm1feuntjoKXKw?key=nE--MH-ldCC33V3hT8NVDw\" alt=\"\" style=\"width:544px;height:auto\"\/><\/figure>\n\n\n\n<p>Ducto fechado representando canal arterial que se torna ligamento arterioso. | Fonte:\u00a0Google Imagens.<\/p>\n\n\n\n<h3 class=\"wp-block-heading\" id=\"h-qual-a-melhor-conduta-terapeutica\"><span class=\"ez-toc-section\" id=\"Qual_a_melhor_conduta_terapeutica\"><\/span><strong>Qual a melhor conduta terap\u00eautica?<\/strong><span class=\"ez-toc-section-end\"><\/span><\/h3>\n\n\n\n<p>A conduta inicial com pacientes de trauma vascular de aorta <strong>segue as diretrizes do ATLS<\/strong> (Advanced Trauma Life Support). A prioridade \u00e9 tratar as <strong>les\u00f5es que amea\u00e7am a vida<\/strong> e causam <strong>instabilidade hemodin\u00e2mica<\/strong>, postergando o tratamento da les\u00e3o a\u00f3rtica, se poss\u00edvel. A instabilidade hemodin\u00e2mica s\u00f3 \u00e9 justificada pela les\u00e3o de aorta quando esta \u00e9 de Grau IV.<\/p>\n\n\n\n<figure class=\"wp-block-image\"><img decoding=\"async\" src=\"https:\/\/lh7-rt.googleusercontent.com\/docsz\/AD_4nXcE28ac6HlVjY8Un2xihl0E9O_Hg9GHxoLMV4u-Q16G3JzE3KpdzzwYo0hytuT1UgEavxyLxF6i_9JCrS_gs5to_u77l7iKfy1MeQnxHqzWWkVDqH9EKtldKv81wta0qqNDtrNM?key=nE--MH-ldCC33V3hT8NVDw\" alt=\"\"\/><\/figure>\n\n\n\n<p>A ordem de conduta segue as letras do ABCDE nas diretrizes ATLS. | Fonte: Acervo de Aulas do Grupo MedCof.\u00a0<\/p>\n\n\n\n<h2 class=\"wp-block-heading\"><span class=\"ez-toc-section\" id=\"E_as_questoes\"><\/span><strong>E as quest\u00f5es?&nbsp;<\/strong><span class=\"ez-toc-section-end\"><\/span><\/h2>\n\n\n\n<p><strong>Vamos analisar algumas para ver as formas mais cobradas:<\/strong><\/p>\n\n\n\n<p>TO &#8211; Funda\u00e7\u00e3o Universit\u00e1ria Federal do Tocantins 2017<\/p>\n\n\n\n<ol class=\"wp-block-list\">\n<li><strong>&nbsp;Trauma \u00e9 a principal causa de mortalidade de jovens, resultando na perda de anos potenciais de vida produtiva. Assinale a assertiva correta sobre o trauma contuso com les\u00e3o da aorta tor\u00e1cica:<\/strong><\/li>\n<\/ol>\n\n\n\n<p>a) S\u00e9ries cl\u00ednicas e metanalises de estudos de coorte sugerem melhor resultado com o tratamento endovascular.<\/p>\n\n\n\n<p>b) Tanto o tratamento cir\u00fargico como o endovascular est\u00e3o indicados para todos os tipos de les\u00e3o da aorta tor\u00e1cica.<\/p>\n\n\n\n<p>c) Metanalises de ensaios cl\u00ednicos randomizados sugerem maior morbimortalidade com o tratamento cir\u00fargico.<\/p>\n\n\n\n<p>d) Ensaios cl\u00ednicos randomizados sugerem o benef\u00edcio do tratamento endovascular precoce.<\/p>\n\n\n\n<p>PR &#8211; Universidade Estadual de Londrina 2023<\/p>\n\n\n\n<p><strong>2)&nbsp;Um paciente d\u00e1 entrada na emerg\u00eancia com ferimento \u00fanico por arma de fogo na coxa direita. Nessas situa\u00e7\u00f5es, \u00e9 necess\u00e1rio avaliar a possibilidade de trauma vascular e, assim, devem- se reconhecer os sinais maiores e menores que indicam essa possibilidade. Assinale a alternativa que apresenta, corretamente, os sinais que s\u00e3o considerados maiores (Hard Signs) de les\u00e3o vascular em trauma penetrante das extremidades.<\/strong><\/p>\n\n\n\n<p>a) Fr\u00eamito e d\u00e9ficit neurol\u00f3gico.<\/p>\n\n\n\n<p>b) Hematoma em expans\u00e3o e pulsos diminu\u00eddos.<\/p>\n\n\n\n<p>c) Sangramento ativo e hist\u00f3ria de torniquete, no atendimento.<\/p>\n\n\n\n<p>d) Sangramento n\u00e3o puls\u00e1til e les\u00e3o proxima de trajeto vascular.<\/p>\n\n\n\n<p>e) Sopro aud\u00edvel e aus\u00eancia de pulsos distais.<\/p>\n\n\n\n<p>RS &#8211; Universidade Federal de Ciencias da Saude de Porto Alegre 2024<\/p>\n\n\n\n<p><strong>3)&nbsp;Quanto ao trauma vascular, assinale a alternativa correta.<\/strong><\/p>\n\n\n\n<p>a) A apresenta\u00e7\u00e3o cl\u00ednica mais frequente dos pacientes com les\u00f5es de car\u00f3tidas e o d\u00e9ficit neurol\u00f3gico.<\/p>\n\n\n\n<p>b) A principal causa de morte no trauma de vasos subclavios e a embolia gasosa.<\/p>\n\n\n\n<p>c) Nas les\u00f5es card\u00edacas, o \u00e1trio direito geralmente \u00e9 o mais acometido.<\/p>\n\n\n\n<p>d) As les\u00f5es das art\u00e9rias viscerais raramente evoluem para pseudoaneurismas, ao contr\u00e1rio do que ocorre com as art\u00e9rias das extremidades.<\/p>\n\n\n\n<p>e) Indica-se a arteriografia nas les\u00f5es cervicais na zona II.<\/p>\n\n\n\n<h3 class=\"wp-block-heading\"><span class=\"ez-toc-section\" id=\"Conseguiu_resolver\"><\/span><strong>Conseguiu resolver?<\/strong><span class=\"ez-toc-section-end\"><\/span><\/h3>\n\n\n\n<p>Analisando as quest\u00f5es, podemos ver como costumam cobrar essa tem\u00e1tica: especificidades das localiza\u00e7\u00f5es, principais sinais e sintomas e principais formas de acometimento. Agora vamos resolver cada uma acima:&nbsp;<\/p>\n\n\n\n<ol class=\"wp-block-list\">\n<li>O gabarito dessa quest\u00e3o \u00e9 claramente a <strong>letra A<\/strong>, pois as les\u00f5es traum\u00e1ticas da aorta s\u00e3o extremamente graves e se beneficiam de um tratamento menos invasivo na maioria dos casos. O tipo de tratamento explicitado na letra A \u00e9 considerado o padr\u00e3o ouro no trauma de aorta. A letra B \u00e9 incorreta pela inclus\u00e3o do cir\u00fargico (invasivo). A letra C est\u00e1 errada pois os ensaios sugerem menor morbidade, n\u00e3o maior. A letra D \u00e9 eliminada pois o benef\u00edcio nem sempre e na forma precoce.&nbsp;<\/li>\n\n\n\n<li>Essa quest\u00e3o \u00e9 cl\u00e1ssica quando falamos de trauma vascular, pois cobra conhecimentos gerais sobre os sinais e sintomas. Logo podemos ver que o gabarito da nossa quest\u00e3o \u00e9 o item E, j\u00e1 que a presen\u00e7a de sopro e a aus\u00eancia completa de pulso s\u00e3o considerados hard signs (al\u00e9m de sangramento puls\u00e1til, fr\u00eamito e hematoma em expans\u00e3o) e indicam abordagem cir\u00fargica. A letra A est\u00e1 incorreta pois o d\u00e9ficit neurol\u00f3gico compreende um soft sign e n\u00e3o um sinal forte. A letra B est\u00e1 errada pois os pulsos diminu\u00eddos n\u00e3o s\u00e3o considerados hard signs, apenas a aus\u00eancia de pulso. A letra C n\u00e3o pode ser considerada pois a hist\u00f3ria de sangramento com import\u00e2ncia e com necessidade de torniquete \u00e9 considerada um soft sign. Por fim, a E \u00e9 eliminada porque tanto o sangramento n\u00e3o puls\u00e1til, como a les\u00e3o pr\u00f3xima ao trajeto arterial n\u00e3o s\u00e3o considerados hard signs.<\/li>\n\n\n\n<li>Essa quest\u00e3o cobra as divis\u00f5es em zona, importante tem\u00e1tica dentro desse assunto! Essas divis\u00f5es trazem implica\u00e7\u00f5es sobre o manejo e o progn\u00f3stico. Na zona I, as les\u00f5es podem envolver o mediastino, onde o controle vascular pode ser dif\u00edcil, na zona III, as les\u00f5es tamb\u00e9m representam um desafio cir\u00fargico significativo (principalmente se forem cef\u00e1licas). Quando analisamos as alternativas, podemos eliminar a letra A pois a apresenta\u00e7\u00e3o cl\u00ednica mais comum \u00e9 o sopro cervical! A letra B e nosso gabarito, falando corretamente da principal causa de morte nesse tipo de trauma. A alternativa C est\u00e1 incorreta, pois as les\u00f5es ventriculares predominam sob as art\u00e9rias, apesar de o lado direito ser realmente o mais acometido. A letra D tamb\u00e9m pode ser eliminada pois entre 10 e 20% de todos os traumatismos abdominais penetrantes e at\u00e9 5% dos fechados resultam em les\u00f5es nos grandes vasos e se associam a altas taxas de \u00f3bitos. Por fim, a letra E est\u00e1 errada o manejo do trauma de pesco\u00e7o depende da localiza\u00e7\u00e3o anat\u00f4mica da les\u00e3o.<\/li>\n<\/ol>\n\n\n\n<h2 class=\"wp-block-heading\" id=\"seja-um-medcoffer\"><span class=\"ez-toc-section\" id=\"Seja_um_MedCofer\"><\/span><strong>Seja um MedCofer<\/strong><span class=\"ez-toc-section-end\"><\/span><\/h2>\n\n\n\n<p>Quer garantir a sua aprova\u00e7\u00e3o nas provas de resid\u00eancia m\u00e9dica? Ent\u00e3o, conhe\u00e7a o<a href=\"https:\/\/www.grupomedcof.com.br\/home\/\" target=\"_blank\" rel=\"noreferrer noopener\">&nbsp;Grupo MedCof!<\/a>&nbsp;Aqui temos conte\u00fados de qualidade e especialistas que te ajudar\u00e3o a&nbsp;<strong><a href=\"https:\/\/www.grupomedcof.com.br\/blog\/presenca-da-medcof-nas-aprovacoes-em-residencia-medica-no-brasil\/\">alcan\u00e7ar a aprova\u00e7\u00e3o<\/a><\/strong>.<\/p>\n\n\n\n<figure class=\"wp-block-embed is-type-video is-provider-youtube wp-block-embed-youtube wp-embed-aspect-16-9 wp-has-aspect-ratio\"><div class=\"wp-block-embed__wrapper\">\n<div class=\"youtube-embed\" data-video_id=\"dvNyWIKwWlo\"><iframe loading=\"lazy\" title=\"3\u00ba lugar na resid\u00eancia m\u00e9dica de Cirurgia Vascular da USP-SP - Dr. Samuel Pugliero #shorts\" width=\"696\" height=\"392\" src=\"https:\/\/www.youtube.com\/embed\/dvNyWIKwWlo?feature=oembed&#038;enablejsapi=1\" frameborder=\"0\" allow=\"accelerometer; autoplay; clipboard-write; encrypted-media; gyroscope; picture-in-picture; web-share\" referrerpolicy=\"strict-origin-when-cross-origin\" allowfullscreen><\/iframe><\/div>\n<\/div><\/figure>\n","protected":false},"excerpt":{"rendered":"<p>O Trauma vascular \u00e9 a les\u00e3o em um ou mais vasos sangu\u00edneos, como art\u00e9rias ou veias, podendo ser causada por acidentes, ferimentos, e outros.<\/p>\n","protected":false},"author":21,"featured_media":30057,"comment_status":"open","ping_status":"open","sticky":false,"template":"","format":"standard","meta":{"footnotes":""},"categories":[188],"tags":[1058,1452,117,1450,68,1449,2071],"ppma_author":[3617],"class_list":{"0":"post-30055","1":"post","2":"type-post","3":"status-publish","4":"format-standard","5":"has-post-thumbnail","7":"category-cirurgia-vascular","8":"tag-diagnostico","9":"tag-provas","10":"tag-provas-de-residencia","11":"tag-questoes","12":"tag-residencia-medica","13":"tag-sintomas","14":"tag-trauma-vascular"},"yoast_head":"<!-- This site is optimized with the Yoast SEO Premium plugin v24.3 (Yoast SEO v27.4) - https:\/\/yoast.com\/product\/yoast-seo-premium-wordpress\/ -->\n<title>Trauma Vascular: Entenda o Manejo e Treine Quest\u00f5es | Medcof<\/title>\n<meta name=\"description\" content=\"O Trauma vascular \u00e9 a les\u00e3o em um ou mais vasos sangu\u00edneos, como art\u00e9rias ou veias, podendo ser causada por acidentes, ferimentos, e outros.\" \/>\n<meta name=\"robots\" content=\"index, follow, max-snippet:-1, max-image-preview:large, max-video-preview:-1\" \/>\n<link rel=\"canonical\" href=\"https:\/\/www.grupomedcof.com.br\/blog\/entenda-mais-sobre-o-trauma-vascular-e-pratique-com-questoes\/\" \/>\n<meta property=\"og:locale\" content=\"pt_BR\" \/>\n<meta property=\"og:type\" content=\"article\" \/>\n<meta property=\"og:title\" content=\"Entenda mais sobre o Trauma vascular e pratique com quest\u00f5es\" \/>\n<meta property=\"og:description\" content=\"O Trauma vascular \u00e9 a les\u00e3o em um ou mais vasos sangu\u00edneos, como art\u00e9rias ou veias, podendo ser causada por acidentes, ferimentos, e outros.\" \/>\n<meta property=\"og:url\" content=\"https:\/\/www.grupomedcof.com.br\/blog\/entenda-mais-sobre-o-trauma-vascular-e-pratique-com-questoes\/\" \/>\n<meta property=\"og:site_name\" content=\"Blog de Medcof: conte\u00fados, editais, revalida e mais!\" \/>\n<meta property=\"article:publisher\" content=\"https:\/\/www.facebook.com\/MedCofQbank\/\" \/>\n<meta property=\"article:published_time\" content=\"2025-08-19T10:54:35+00:00\" \/>\n<meta property=\"article:modified_time\" content=\"2026-04-24T19:57:24+00:00\" \/>\n<meta property=\"og:image\" content=\"https:\/\/www.grupomedcof.com.br\/blog\/wp-content\/uploads\/2024\/09\/Blog-MedCof-2024-09-27T133640.782-1024x576.png\" \/>\n\t<meta property=\"og:image:width\" content=\"1024\" \/>\n\t<meta property=\"og:image:height\" content=\"576\" \/>\n\t<meta property=\"og:image:type\" content=\"image\/png\" \/>\n<meta name=\"author\" content=\"Kiara Adelino\" \/>\n<meta name=\"twitter:card\" content=\"summary_large_image\" \/>\n<meta name=\"twitter:label1\" content=\"Escrito por\" \/>\n\t<meta name=\"twitter:data1\" content=\"Kiara Adelino\" \/>\n\t<meta name=\"twitter:label2\" content=\"Est. tempo de leitura\" \/>\n\t<meta name=\"twitter:data2\" content=\"8 minutos\" \/>\n<script type=\"application\/ld+json\" class=\"yoast-schema-graph\">{\"@context\":\"https:\\\/\\\/schema.org\",\"@graph\":[{\"@type\":\"Article\",\"@id\":\"https:\\\/\\\/www.grupomedcof.com.br\\\/blog\\\/entenda-mais-sobre-o-trauma-vascular-e-pratique-com-questoes\\\/#article\",\"isPartOf\":{\"@id\":\"https:\\\/\\\/www.grupomedcof.com.br\\\/blog\\\/entenda-mais-sobre-o-trauma-vascular-e-pratique-com-questoes\\\/\"},\"author\":{\"name\":\"Kiara Adelino\",\"@id\":\"https:\\\/\\\/www.grupomedcof.com.br\\\/blog\\\/#\\\/schema\\\/person\\\/db19a651f86c5fc202d6eee744fd3292\"},\"headline\":\"Entenda mais sobre o Trauma vascular e pratique com quest\u00f5es\",\"datePublished\":\"2025-08-19T10:54:35+00:00\",\"dateModified\":\"2026-04-24T19:57:24+00:00\",\"mainEntityOfPage\":{\"@id\":\"https:\\\/\\\/www.grupomedcof.com.br\\\/blog\\\/entenda-mais-sobre-o-trauma-vascular-e-pratique-com-questoes\\\/\"},\"wordCount\":1365,\"commentCount\":0,\"publisher\":{\"@id\":\"https:\\\/\\\/www.grupomedcof.com.br\\\/blog\\\/#organization\"},\"image\":{\"@id\":\"https:\\\/\\\/www.grupomedcof.com.br\\\/blog\\\/entenda-mais-sobre-o-trauma-vascular-e-pratique-com-questoes\\\/#primaryimage\"},\"thumbnailUrl\":\"https:\\\/\\\/www.grupomedcof.com.br\\\/blog\\\/wp-content\\\/uploads\\\/2024\\\/09\\\/Blog-MedCof-2024-09-27T133640.782.png\",\"keywords\":[\"diagn\u00f3stico\",\"Provas\",\"Provas de Resid\u00eancia\",\"Quest\u00f5es\",\"Resid\u00eancia M\u00e9dica\",\"Sintomas\",\"Trauma Vascular\"],\"articleSection\":[\"Cirurgia Vascular\"],\"inLanguage\":\"pt-BR\"},{\"@type\":\"WebPage\",\"@id\":\"https:\\\/\\\/www.grupomedcof.com.br\\\/blog\\\/entenda-mais-sobre-o-trauma-vascular-e-pratique-com-questoes\\\/\",\"url\":\"https:\\\/\\\/www.grupomedcof.com.br\\\/blog\\\/entenda-mais-sobre-o-trauma-vascular-e-pratique-com-questoes\\\/\",\"name\":\"Trauma Vascular: Entenda o Manejo e Treine Quest\u00f5es | Medcof\",\"isPartOf\":{\"@id\":\"https:\\\/\\\/www.grupomedcof.com.br\\\/blog\\\/#website\"},\"primaryImageOfPage\":{\"@id\":\"https:\\\/\\\/www.grupomedcof.com.br\\\/blog\\\/entenda-mais-sobre-o-trauma-vascular-e-pratique-com-questoes\\\/#primaryimage\"},\"image\":{\"@id\":\"https:\\\/\\\/www.grupomedcof.com.br\\\/blog\\\/entenda-mais-sobre-o-trauma-vascular-e-pratique-com-questoes\\\/#primaryimage\"},\"thumbnailUrl\":\"https:\\\/\\\/www.grupomedcof.com.br\\\/blog\\\/wp-content\\\/uploads\\\/2024\\\/09\\\/Blog-MedCof-2024-09-27T133640.782.png\",\"datePublished\":\"2025-08-19T10:54:35+00:00\",\"dateModified\":\"2026-04-24T19:57:24+00:00\",\"description\":\"O Trauma vascular \u00e9 a les\u00e3o em um ou mais vasos sangu\u00edneos, como art\u00e9rias ou veias, podendo ser causada por acidentes, ferimentos, e outros.\",\"breadcrumb\":{\"@id\":\"https:\\\/\\\/www.grupomedcof.com.br\\\/blog\\\/entenda-mais-sobre-o-trauma-vascular-e-pratique-com-questoes\\\/#breadcrumb\"},\"inLanguage\":\"pt-BR\",\"potentialAction\":[{\"@type\":\"ReadAction\",\"target\":[\"https:\\\/\\\/www.grupomedcof.com.br\\\/blog\\\/entenda-mais-sobre-o-trauma-vascular-e-pratique-com-questoes\\\/\"]}]},{\"@type\":\"ImageObject\",\"inLanguage\":\"pt-BR\",\"@id\":\"https:\\\/\\\/www.grupomedcof.com.br\\\/blog\\\/entenda-mais-sobre-o-trauma-vascular-e-pratique-com-questoes\\\/#primaryimage\",\"url\":\"https:\\\/\\\/www.grupomedcof.com.br\\\/blog\\\/wp-content\\\/uploads\\\/2024\\\/09\\\/Blog-MedCof-2024-09-27T133640.782.png\",\"contentUrl\":\"https:\\\/\\\/www.grupomedcof.com.br\\\/blog\\\/wp-content\\\/uploads\\\/2024\\\/09\\\/Blog-MedCof-2024-09-27T133640.782.png\",\"width\":2560,\"height\":1440},{\"@type\":\"BreadcrumbList\",\"@id\":\"https:\\\/\\\/www.grupomedcof.com.br\\\/blog\\\/entenda-mais-sobre-o-trauma-vascular-e-pratique-com-questoes\\\/#breadcrumb\",\"itemListElement\":[{\"@type\":\"ListItem\",\"position\":1,\"name\":\"In\u00edcio\",\"item\":\"https:\\\/\\\/www.grupomedcof.com.br\\\/blog\\\/\"},{\"@type\":\"ListItem\",\"position\":2,\"name\":\"Entenda mais sobre o Trauma vascular e pratique com quest\u00f5es\"}]},{\"@type\":\"WebSite\",\"@id\":\"https:\\\/\\\/www.grupomedcof.com.br\\\/blog\\\/#website\",\"url\":\"https:\\\/\\\/www.grupomedcof.com.br\\\/blog\\\/\",\"name\":\"Blog de Medcof: conte\u00fados, editais, revalida e mais!\",\"description\":\"Acesso o blog de MedCof! Seu portal de conte\u00fados sobre resid\u00eancia m\u00e9dica, an\u00e1lise e editais e muito mais. Clique e confira!\",\"publisher\":{\"@id\":\"https:\\\/\\\/www.grupomedcof.com.br\\\/blog\\\/#organization\"},\"alternateName\":\"Blog de Medcof: conte\u00fados, editais, revalida e mais!\",\"potentialAction\":[{\"@type\":\"SearchAction\",\"target\":{\"@type\":\"EntryPoint\",\"urlTemplate\":\"https:\\\/\\\/www.grupomedcof.com.br\\\/blog\\\/?s={search_term_string}\"},\"query-input\":{\"@type\":\"PropertyValueSpecification\",\"valueRequired\":true,\"valueName\":\"search_term_string\"}}],\"inLanguage\":\"pt-BR\"},{\"@type\":\"Organization\",\"@id\":\"https:\\\/\\\/www.grupomedcof.com.br\\\/blog\\\/#organization\",\"name\":\"Grupo MedCof\",\"url\":\"https:\\\/\\\/www.grupomedcof.com.br\\\/blog\\\/\",\"logo\":{\"@type\":\"ImageObject\",\"inLanguage\":\"pt-BR\",\"@id\":\"https:\\\/\\\/www.grupomedcof.com.br\\\/blog\\\/#\\\/schema\\\/logo\\\/image\\\/\",\"url\":\"https:\\\/\\\/www.grupomedcof.com.br\\\/blog\\\/wp-content\\\/uploads\\\/2022\\\/01\\\/logo-medcof.png\",\"contentUrl\":\"https:\\\/\\\/www.grupomedcof.com.br\\\/blog\\\/wp-content\\\/uploads\\\/2022\\\/01\\\/logo-medcof.png\",\"width\":768,\"height\":269,\"caption\":\"Grupo MedCof\"},\"image\":{\"@id\":\"https:\\\/\\\/www.grupomedcof.com.br\\\/blog\\\/#\\\/schema\\\/logo\\\/image\\\/\"},\"sameAs\":[\"https:\\\/\\\/www.facebook.com\\\/MedCofQbank\\\/\",\"https:\\\/\\\/www.instagram.com\\\/grupomedcof\\\/\",\"https:\\\/\\\/br.linkedin.com\\\/company\\\/medcof\",\"https:\\\/\\\/www.youtube.com\\\/channel\\\/UCdHMuOHKICxcHwecxN8P-AA\"]},{\"@type\":\"Person\",\"@id\":\"https:\\\/\\\/www.grupomedcof.com.br\\\/blog\\\/#\\\/schema\\\/person\\\/db19a651f86c5fc202d6eee744fd3292\",\"name\":\"Kiara Adelino\",\"image\":{\"@type\":\"ImageObject\",\"inLanguage\":\"pt-BR\",\"@id\":\"https:\\\/\\\/www.grupomedcof.com.br\\\/blog\\\/wp-content\\\/uploads\\\/2024\\\/08\\\/cropped-Kiara-Adelino2-96x96.jpega85663bdda67261f8f06f86e555e1e49\",\"url\":\"https:\\\/\\\/www.grupomedcof.com.br\\\/blog\\\/wp-content\\\/uploads\\\/2024\\\/08\\\/cropped-Kiara-Adelino2-96x96.jpeg\",\"contentUrl\":\"https:\\\/\\\/www.grupomedcof.com.br\\\/blog\\\/wp-content\\\/uploads\\\/2024\\\/08\\\/cropped-Kiara-Adelino2-96x96.jpeg\",\"caption\":\"Kiara Adelino\"},\"description\":\"Estudante do 5\u00b0 semestre de Medicina. Gosto bastante de aprender coisas novas, principalmente na \u00e1rea de Neurologia e Anatomia humana.\",\"url\":\"https:\\\/\\\/www.grupomedcof.com.br\\\/blog\\\/author\\\/kiara-adelino\\\/\"}]}<\/script>\n<!-- \/ Yoast SEO Premium plugin. -->","yoast_head_json":{"title":"Trauma Vascular: Entenda o Manejo e Treine Quest\u00f5es | Medcof","description":"O Trauma vascular \u00e9 a les\u00e3o em um ou mais vasos sangu\u00edneos, como art\u00e9rias ou veias, podendo ser causada por acidentes, ferimentos, e outros.","robots":{"index":"index","follow":"follow","max-snippet":"max-snippet:-1","max-image-preview":"max-image-preview:large","max-video-preview":"max-video-preview:-1"},"canonical":"https:\/\/www.grupomedcof.com.br\/blog\/entenda-mais-sobre-o-trauma-vascular-e-pratique-com-questoes\/","og_locale":"pt_BR","og_type":"article","og_title":"Entenda mais sobre o Trauma vascular e pratique com quest\u00f5es","og_description":"O Trauma vascular \u00e9 a les\u00e3o em um ou mais vasos sangu\u00edneos, como art\u00e9rias ou veias, podendo ser causada por acidentes, ferimentos, e outros.","og_url":"https:\/\/www.grupomedcof.com.br\/blog\/entenda-mais-sobre-o-trauma-vascular-e-pratique-com-questoes\/","og_site_name":"Blog de Medcof: conte\u00fados, editais, revalida e mais!","article_publisher":"https:\/\/www.facebook.com\/MedCofQbank\/","article_published_time":"2025-08-19T10:54:35+00:00","article_modified_time":"2026-04-24T19:57:24+00:00","og_image":[{"width":1024,"height":576,"url":"https:\/\/www.grupomedcof.com.br\/blog\/wp-content\/uploads\/2024\/09\/Blog-MedCof-2024-09-27T133640.782-1024x576.png","type":"image\/png"}],"author":"Kiara Adelino","twitter_card":"summary_large_image","twitter_misc":{"Escrito por":"Kiara Adelino","Est. tempo de leitura":"8 minutos"},"schema":{"@context":"https:\/\/schema.org","@graph":[{"@type":"Article","@id":"https:\/\/www.grupomedcof.com.br\/blog\/entenda-mais-sobre-o-trauma-vascular-e-pratique-com-questoes\/#article","isPartOf":{"@id":"https:\/\/www.grupomedcof.com.br\/blog\/entenda-mais-sobre-o-trauma-vascular-e-pratique-com-questoes\/"},"author":{"name":"Kiara Adelino","@id":"https:\/\/www.grupomedcof.com.br\/blog\/#\/schema\/person\/db19a651f86c5fc202d6eee744fd3292"},"headline":"Entenda mais sobre o Trauma vascular e pratique com quest\u00f5es","datePublished":"2025-08-19T10:54:35+00:00","dateModified":"2026-04-24T19:57:24+00:00","mainEntityOfPage":{"@id":"https:\/\/www.grupomedcof.com.br\/blog\/entenda-mais-sobre-o-trauma-vascular-e-pratique-com-questoes\/"},"wordCount":1365,"commentCount":0,"publisher":{"@id":"https:\/\/www.grupomedcof.com.br\/blog\/#organization"},"image":{"@id":"https:\/\/www.grupomedcof.com.br\/blog\/entenda-mais-sobre-o-trauma-vascular-e-pratique-com-questoes\/#primaryimage"},"thumbnailUrl":"https:\/\/www.grupomedcof.com.br\/blog\/wp-content\/uploads\/2024\/09\/Blog-MedCof-2024-09-27T133640.782.png","keywords":["diagn\u00f3stico","Provas","Provas de Resid\u00eancia","Quest\u00f5es","Resid\u00eancia M\u00e9dica","Sintomas","Trauma Vascular"],"articleSection":["Cirurgia Vascular"],"inLanguage":"pt-BR"},{"@type":"WebPage","@id":"https:\/\/www.grupomedcof.com.br\/blog\/entenda-mais-sobre-o-trauma-vascular-e-pratique-com-questoes\/","url":"https:\/\/www.grupomedcof.com.br\/blog\/entenda-mais-sobre-o-trauma-vascular-e-pratique-com-questoes\/","name":"Trauma Vascular: Entenda o Manejo e Treine Quest\u00f5es | Medcof","isPartOf":{"@id":"https:\/\/www.grupomedcof.com.br\/blog\/#website"},"primaryImageOfPage":{"@id":"https:\/\/www.grupomedcof.com.br\/blog\/entenda-mais-sobre-o-trauma-vascular-e-pratique-com-questoes\/#primaryimage"},"image":{"@id":"https:\/\/www.grupomedcof.com.br\/blog\/entenda-mais-sobre-o-trauma-vascular-e-pratique-com-questoes\/#primaryimage"},"thumbnailUrl":"https:\/\/www.grupomedcof.com.br\/blog\/wp-content\/uploads\/2024\/09\/Blog-MedCof-2024-09-27T133640.782.png","datePublished":"2025-08-19T10:54:35+00:00","dateModified":"2026-04-24T19:57:24+00:00","description":"O Trauma vascular \u00e9 a les\u00e3o em um ou mais vasos sangu\u00edneos, como art\u00e9rias ou veias, podendo ser causada por acidentes, ferimentos, e outros.","breadcrumb":{"@id":"https:\/\/www.grupomedcof.com.br\/blog\/entenda-mais-sobre-o-trauma-vascular-e-pratique-com-questoes\/#breadcrumb"},"inLanguage":"pt-BR","potentialAction":[{"@type":"ReadAction","target":["https:\/\/www.grupomedcof.com.br\/blog\/entenda-mais-sobre-o-trauma-vascular-e-pratique-com-questoes\/"]}]},{"@type":"ImageObject","inLanguage":"pt-BR","@id":"https:\/\/www.grupomedcof.com.br\/blog\/entenda-mais-sobre-o-trauma-vascular-e-pratique-com-questoes\/#primaryimage","url":"https:\/\/www.grupomedcof.com.br\/blog\/wp-content\/uploads\/2024\/09\/Blog-MedCof-2024-09-27T133640.782.png","contentUrl":"https:\/\/www.grupomedcof.com.br\/blog\/wp-content\/uploads\/2024\/09\/Blog-MedCof-2024-09-27T133640.782.png","width":2560,"height":1440},{"@type":"BreadcrumbList","@id":"https:\/\/www.grupomedcof.com.br\/blog\/entenda-mais-sobre-o-trauma-vascular-e-pratique-com-questoes\/#breadcrumb","itemListElement":[{"@type":"ListItem","position":1,"name":"In\u00edcio","item":"https:\/\/www.grupomedcof.com.br\/blog\/"},{"@type":"ListItem","position":2,"name":"Entenda mais sobre o Trauma vascular e pratique com quest\u00f5es"}]},{"@type":"WebSite","@id":"https:\/\/www.grupomedcof.com.br\/blog\/#website","url":"https:\/\/www.grupomedcof.com.br\/blog\/","name":"Blog de Medcof: conte\u00fados, editais, revalida e mais!","description":"Acesso o blog de MedCof! Seu portal de conte\u00fados sobre resid\u00eancia m\u00e9dica, an\u00e1lise e editais e muito mais. Clique e confira!","publisher":{"@id":"https:\/\/www.grupomedcof.com.br\/blog\/#organization"},"alternateName":"Blog de Medcof: conte\u00fados, editais, revalida e mais!","potentialAction":[{"@type":"SearchAction","target":{"@type":"EntryPoint","urlTemplate":"https:\/\/www.grupomedcof.com.br\/blog\/?s={search_term_string}"},"query-input":{"@type":"PropertyValueSpecification","valueRequired":true,"valueName":"search_term_string"}}],"inLanguage":"pt-BR"},{"@type":"Organization","@id":"https:\/\/www.grupomedcof.com.br\/blog\/#organization","name":"Grupo MedCof","url":"https:\/\/www.grupomedcof.com.br\/blog\/","logo":{"@type":"ImageObject","inLanguage":"pt-BR","@id":"https:\/\/www.grupomedcof.com.br\/blog\/#\/schema\/logo\/image\/","url":"https:\/\/www.grupomedcof.com.br\/blog\/wp-content\/uploads\/2022\/01\/logo-medcof.png","contentUrl":"https:\/\/www.grupomedcof.com.br\/blog\/wp-content\/uploads\/2022\/01\/logo-medcof.png","width":768,"height":269,"caption":"Grupo MedCof"},"image":{"@id":"https:\/\/www.grupomedcof.com.br\/blog\/#\/schema\/logo\/image\/"},"sameAs":["https:\/\/www.facebook.com\/MedCofQbank\/","https:\/\/www.instagram.com\/grupomedcof\/","https:\/\/br.linkedin.com\/company\/medcof","https:\/\/www.youtube.com\/channel\/UCdHMuOHKICxcHwecxN8P-AA"]},{"@type":"Person","@id":"https:\/\/www.grupomedcof.com.br\/blog\/#\/schema\/person\/db19a651f86c5fc202d6eee744fd3292","name":"Kiara Adelino","image":{"@type":"ImageObject","inLanguage":"pt-BR","@id":"https:\/\/www.grupomedcof.com.br\/blog\/wp-content\/uploads\/2024\/08\/cropped-Kiara-Adelino2-96x96.jpega85663bdda67261f8f06f86e555e1e49","url":"https:\/\/www.grupomedcof.com.br\/blog\/wp-content\/uploads\/2024\/08\/cropped-Kiara-Adelino2-96x96.jpeg","contentUrl":"https:\/\/www.grupomedcof.com.br\/blog\/wp-content\/uploads\/2024\/08\/cropped-Kiara-Adelino2-96x96.jpeg","caption":"Kiara Adelino"},"description":"Estudante do 5\u00b0 semestre de Medicina. Gosto bastante de aprender coisas novas, principalmente na \u00e1rea de Neurologia e Anatomia humana.","url":"https:\/\/www.grupomedcof.com.br\/blog\/author\/kiara-adelino\/"}]}},"authors":[{"term_id":3617,"user_id":21,"is_guest":0,"slug":"kiara-adelino","display_name":"Kiara Adelino","avatar_url":"https:\/\/www.grupomedcof.com.br\/blog\/wp-content\/uploads\/2024\/08\/cropped-Kiara-Adelino2-96x96.jpeg","0":null,"1":"","2":"","3":"","4":"","5":"","6":"","7":"","8":""}],"_links":{"self":[{"href":"https:\/\/www.grupomedcof.com.br\/blog\/wp-json\/wp\/v2\/posts\/30055","targetHints":{"allow":["GET"]}}],"collection":[{"href":"https:\/\/www.grupomedcof.com.br\/blog\/wp-json\/wp\/v2\/posts"}],"about":[{"href":"https:\/\/www.grupomedcof.com.br\/blog\/wp-json\/wp\/v2\/types\/post"}],"author":[{"embeddable":true,"href":"https:\/\/www.grupomedcof.com.br\/blog\/wp-json\/wp\/v2\/users\/21"}],"replies":[{"embeddable":true,"href":"https:\/\/www.grupomedcof.com.br\/blog\/wp-json\/wp\/v2\/comments?post=30055"}],"version-history":[{"count":1,"href":"https:\/\/www.grupomedcof.com.br\/blog\/wp-json\/wp\/v2\/posts\/30055\/revisions"}],"predecessor-version":[{"id":37125,"href":"https:\/\/www.grupomedcof.com.br\/blog\/wp-json\/wp\/v2\/posts\/30055\/revisions\/37125"}],"wp:featuredmedia":[{"embeddable":true,"href":"https:\/\/www.grupomedcof.com.br\/blog\/wp-json\/wp\/v2\/media\/30057"}],"wp:attachment":[{"href":"https:\/\/www.grupomedcof.com.br\/blog\/wp-json\/wp\/v2\/media?parent=30055"}],"wp:term":[{"taxonomy":"category","embeddable":true,"href":"https:\/\/www.grupomedcof.com.br\/blog\/wp-json\/wp\/v2\/categories?post=30055"},{"taxonomy":"post_tag","embeddable":true,"href":"https:\/\/www.grupomedcof.com.br\/blog\/wp-json\/wp\/v2\/tags?post=30055"},{"taxonomy":"author","embeddable":true,"href":"https:\/\/www.grupomedcof.com.br\/blog\/wp-json\/wp\/v2\/ppma_author?post=30055"}],"curies":[{"name":"wp","href":"https:\/\/api.w.org\/{rel}","templated":true}]}}