{"id":30076,"date":"2024-09-27T16:34:50","date_gmt":"2024-09-27T19:34:50","guid":{"rendered":"https:\/\/www.grupomedcof.com.br\/blog\/?p=30076"},"modified":"2024-09-27T16:34:51","modified_gmt":"2024-09-27T19:34:51","slug":"o-que-e-e-para-que-serve-a-ultrassonografia-no-pre-natal","status":"publish","type":"post","link":"https:\/\/www.grupomedcof.com.br\/blog\/o-que-e-e-para-que-serve-a-ultrassonografia-no-pre-natal\/","title":{"rendered":"O que \u00e9 e para que serve a ultrassonografia no pr\u00e9-natal"},"content":{"rendered":"<div id=\"ez-toc-container\" class=\"ez-toc-v2_0_74 counter-hierarchy ez-toc-counter ez-toc-transparent ez-toc-container-direction\">\n<div class=\"ez-toc-title-container\">\n<p class=\"ez-toc-title\" style=\"cursor:inherit\">Sum\u00e1rio<\/p>\n<span class=\"ez-toc-title-toggle\"><a href=\"#\" class=\"ez-toc-pull-right ez-toc-btn ez-toc-btn-xs ez-toc-btn-default ez-toc-toggle\" aria-label=\"Alternar tabela de conte\u00fado\"><span class=\"ez-toc-js-icon-con\"><span class=\"\"><span class=\"eztoc-hide\" style=\"display:none;\">Toggle<\/span><span class=\"ez-toc-icon-toggle-span\"><svg style=\"fill: #999;color:#999\" xmlns=\"http:\/\/www.w3.org\/2000\/svg\" class=\"list-377408\" width=\"20px\" height=\"20px\" viewBox=\"0 0 24 24\" fill=\"none\"><path d=\"M6 6H4v2h2V6zm14 0H8v2h12V6zM4 11h2v2H4v-2zm16 0H8v2h12v-2zM4 16h2v2H4v-2zm16 0H8v2h12v-2z\" fill=\"currentColor\"><\/path><\/svg><svg style=\"fill: #999;color:#999\" class=\"arrow-unsorted-368013\" xmlns=\"http:\/\/www.w3.org\/2000\/svg\" width=\"10px\" height=\"10px\" viewBox=\"0 0 24 24\" version=\"1.2\" baseProfile=\"tiny\"><path d=\"M18.2 9.3l-6.2-6.3-6.2 6.3c-.2.2-.3.4-.3.7s.1.5.3.7c.2.2.4.3.7.3h11c.3 0 .5-.1.7-.3.2-.2.3-.5.3-.7s-.1-.5-.3-.7zM5.8 14.7l6.2 6.3 6.2-6.3c.2-.2.3-.5.3-.7s-.1-.5-.3-.7c-.2-.2-.4-.3-.7-.3h-11c-.3 0-.5.1-.7.3-.2.2-.3.5-.3.7s.1.5.3.7z\"\/><\/svg><\/span><\/span><\/span><\/a><\/span><\/div>\n<nav><ul class='ez-toc-list ez-toc-list-level-1 ' ><li class='ez-toc-page-1 ez-toc-heading-level-2'><a class=\"ez-toc-link ez-toc-heading-1\" href=\"https:\/\/www.grupomedcof.com.br\/blog\/o-que-e-e-para-que-serve-a-ultrassonografia-no-pre-natal\/#O_que_e_a_ultrassonografia\" >O que \u00e9 a ultrassonografia?<\/a><\/li><li class='ez-toc-page-1 ez-toc-heading-level-2'><a class=\"ez-toc-link ez-toc-heading-2\" href=\"https:\/\/www.grupomedcof.com.br\/blog\/o-que-e-e-para-que-serve-a-ultrassonografia-no-pre-natal\/#Localizacao_da_gestacao\" >Localiza\u00e7\u00e3o da gesta\u00e7\u00e3o\u00a0<\/a><\/li><li class='ez-toc-page-1 ez-toc-heading-level-2'><a class=\"ez-toc-link ez-toc-heading-3\" href=\"https:\/\/www.grupomedcof.com.br\/blog\/o-que-e-e-para-que-serve-a-ultrassonografia-no-pre-natal\/#Evolucao_da_gestacao\" >Evolu\u00e7\u00e3o da gesta\u00e7\u00e3o\u00a0<\/a><\/li><li class='ez-toc-page-1 ez-toc-heading-level-2'><a class=\"ez-toc-link ez-toc-heading-4\" href=\"https:\/\/www.grupomedcof.com.br\/blog\/o-que-e-e-para-que-serve-a-ultrassonografia-no-pre-natal\/#Numero_de_fetos_e_tipo_de_gemelaridade\" >N\u00famero de fetos e tipo de gemelaridade<\/a><\/li><li class='ez-toc-page-1 ez-toc-heading-level-2'><a class=\"ez-toc-link ez-toc-heading-5\" href=\"https:\/\/www.grupomedcof.com.br\/blog\/o-que-e-e-para-que-serve-a-ultrassonografia-no-pre-natal\/#Datacao_da_gestacao\" >Data\u00e7\u00e3o da gesta\u00e7\u00e3o\u00a0<\/a><\/li><li class='ez-toc-page-1 ez-toc-heading-level-2'><a class=\"ez-toc-link ez-toc-heading-6\" href=\"https:\/\/www.grupomedcof.com.br\/blog\/o-que-e-e-para-que-serve-a-ultrassonografia-no-pre-natal\/#Peso_e_crescimento_fetal\" >Peso e crescimento fetal<\/a><\/li><li class='ez-toc-page-1 ez-toc-heading-level-2'><a class=\"ez-toc-link ez-toc-heading-7\" href=\"https:\/\/www.grupomedcof.com.br\/blog\/o-que-e-e-para-que-serve-a-ultrassonografia-no-pre-natal\/#Dopplervelocimetria_Obstetrica\" >Dopplervelocimetria Obst\u00e9trica\u00a0<\/a><\/li><li class='ez-toc-page-1 ez-toc-heading-level-2'><a class=\"ez-toc-link ez-toc-heading-8\" href=\"https:\/\/www.grupomedcof.com.br\/blog\/o-que-e-e-para-que-serve-a-ultrassonografia-no-pre-natal\/#Seja_um_MedCoffer\" >Seja um MedCoffer<\/a><\/li><\/ul><\/nav><\/div>\n\n<figure class=\"wp-block-image size-large\"><img loading=\"lazy\" decoding=\"async\" width=\"1024\" height=\"576\" src=\"https:\/\/www.grupomedcof.com.br\/blog\/wp-content\/uploads\/2024\/09\/Blog-MedCof-2024-09-27T160030.181-1024x576.png\" alt=\"\" class=\"wp-image-30078\" srcset=\"https:\/\/www.grupomedcof.com.br\/blog\/wp-content\/uploads\/2024\/09\/Blog-MedCof-2024-09-27T160030.181-1024x576.png 1024w, https:\/\/www.grupomedcof.com.br\/blog\/wp-content\/uploads\/2024\/09\/Blog-MedCof-2024-09-27T160030.181-300x169.png 300w, https:\/\/www.grupomedcof.com.br\/blog\/wp-content\/uploads\/2024\/09\/Blog-MedCof-2024-09-27T160030.181-768x432.png 768w, https:\/\/www.grupomedcof.com.br\/blog\/wp-content\/uploads\/2024\/09\/Blog-MedCof-2024-09-27T160030.181-1536x864.png 1536w, https:\/\/www.grupomedcof.com.br\/blog\/wp-content\/uploads\/2024\/09\/Blog-MedCof-2024-09-27T160030.181-2048x1152.png 2048w, https:\/\/www.grupomedcof.com.br\/blog\/wp-content\/uploads\/2024\/09\/Blog-MedCof-2024-09-27T160030.181-747x420.png 747w, https:\/\/www.grupomedcof.com.br\/blog\/wp-content\/uploads\/2024\/09\/Blog-MedCof-2024-09-27T160030.181-150x84.png 150w, https:\/\/www.grupomedcof.com.br\/blog\/wp-content\/uploads\/2024\/09\/Blog-MedCof-2024-09-27T160030.181-696x392.png 696w, https:\/\/www.grupomedcof.com.br\/blog\/wp-content\/uploads\/2024\/09\/Blog-MedCof-2024-09-27T160030.181-1068x601.png 1068w, https:\/\/www.grupomedcof.com.br\/blog\/wp-content\/uploads\/2024\/09\/Blog-MedCof-2024-09-27T160030.181-1920x1080.png 1920w\" sizes=\"auto, (max-width: 1024px) 100vw, 1024px\" \/><\/figure>\n\n\n\n<h2 class=\"wp-block-heading\" id=\"h-o-que-e-a-ultrassonografia\"><span class=\"ez-toc-section\" id=\"O_que_e_a_ultrassonografia\"><\/span><strong>O que \u00e9 a ultrassonografia?<\/strong><span class=\"ez-toc-section-end\"><\/span><\/h2>\n\n\n\n<p>A <strong>ultrassonografia<\/strong>, tamb\u00e9m conhecida como ultrassom ou ecografia, \u00e9 um exame de imagem que utiliza ondas sonoras de alta frequ\u00eancia para gerar imagens em tempo real de \u00f3rg\u00e3os internos e outras estruturas do corpo. \u00c9 um exame n\u00e3o invasivo, que pode nos oferecer diversas aplica\u00e7\u00f5es na obstetr\u00edcia, dentre as quais podemos citar: par\u00e2metro mais fidedigno para data\u00e7\u00e3o da gravidez, avalia\u00e7\u00f5es do crescimento do beb\u00ea e o posicionamento do feto. Vamos avaliar algumas importantes observa\u00e7\u00f5es adquiridas por ele a partir das fases da gesta\u00e7\u00e3o.\u00a0<\/p>\n\n\n\n<h2 class=\"wp-block-heading\" id=\"h-localizacao-da-gestacao\"><span class=\"ez-toc-section\" id=\"Localizacao_da_gestacao\"><\/span><strong>Localiza\u00e7\u00e3o da gesta\u00e7\u00e3o\u00a0<\/strong><span class=\"ez-toc-section-end\"><\/span><\/h2>\n\n\n\n<p>O USG pode nos indicar se a gesta\u00e7\u00e3o \u00e9 ect\u00f3pica ou t\u00f3pica com brevidade para iniciarmos os tratamentos poss\u00edveis.&nbsp;<\/p>\n\n\n\n<figure class=\"wp-block-image\"><img decoding=\"async\" src=\"https:\/\/lh7-rt.googleusercontent.com\/docsz\/AD_4nXeuMggUsoQ_JHKG1f7GjmJRjeXuORuJ0r8Nwh_A-ydm9C7gjDIatrUMLRUNZtGA8jFKwE2m6vkvctRm1T9xYYzCh9UJmTFdcdv2Vpwo5NMhjIP1lHKe7nJ1pMZChF664LIptVsOs8IWb3yc-KReyAiwOIn4?key=XMxJTlSwqUWPz0_Nw4DzxA\" alt=\"\"\/><figcaption class=\"wp-element-caption\"><strong>USG Trasvaginal, com 5 semanas e 3 dias, em corte longitudinal do \u00fatero (demonstrando que est\u00e1 em sua localiza\u00e7\u00e3o correta)<\/strong><br>Fonte: RISA. 5 weeks with Emelia: First OB Ultrasound \u2013 Risa Kerslake. Dispon\u00edvel em: &lt;https:\/\/risakerslakewrites.com\/5-weeks-first-ob-ultrasound\/>.<\/figcaption><\/figure>\n\n\n\n<h2 class=\"wp-block-heading\" id=\"h-evolucao-da-gestacao\"><span class=\"ez-toc-section\" id=\"Evolucao_da_gestacao\"><\/span><strong>Evolu\u00e7\u00e3o da gesta\u00e7\u00e3o\u00a0<\/strong><span class=\"ez-toc-section-end\"><\/span><\/h2>\n\n\n\n<p>Para analisarmos a evolu\u00e7\u00e3o, s\u00e3o necess\u00e1rios marcos ultrassonogr\u00e1ficos realizados por USG transvaginal. Com&nbsp; 4 semanas podemos observar o saco gestacional (identificado por imagem anecoica, arredondada e lisa se mostrar sinal intradecidual e por imagem hiperecog\u00eanica quando em duplo sinal decidual.&nbsp;<\/p>\n\n\n\n<figure class=\"wp-block-image\"><img decoding=\"async\" src=\"https:\/\/lh7-rt.googleusercontent.com\/docsz\/AD_4nXd2ESBzqTX19NWR7XOZ4o3QU_nLcpz7Gh1h0sz4GUhYa8mXQp7s1MaEWM1kkD79F7SXLToFwhFrxbgVOmSXpDKKGt9fkAHe7VH4Jli0C7IY_QvbhLB5U9YN2WLrTvRFtHT_tDsBHWOVZs1AeBtKT8jtHbY?key=XMxJTlSwqUWPz0_Nw4DzxA\" alt=\"\"\/><figcaption class=\"wp-element-caption\">Imagem de duplo sinal a esquerda e de sinal intradecidual a direita<br>Fonte: Radiology Quiz 80756 | Radiopaedia.org. Dispon\u00edvel em:&lt;https:\/\/radiopaedia.org\/cases\/80756\/studies\/94207>.<\/figcaption><\/figure>\n\n\n\n<p>Com 5 semanas, a ves\u00edcula vitelina aparece como uma imagem arredondada, medindo cerca de 3-4 mm. Com 5,3-6 semanas, podemos identificar a atividade card\u00edaca do embri\u00e3o.<\/p>\n\n\n\n<figure class=\"wp-block-image\"><img decoding=\"async\" src=\"https:\/\/lh7-rt.googleusercontent.com\/docsz\/AD_4nXerCIOUv5p2o548iwp1pOAEenfX6Z3dQTToExD3ksZsbHDwSp6_HXfwfZH5gpBC3UzK-3ujOseAho_Yllftku6egy7NSF0ieohxWHBmUG0zwjls9vpOZoRHksUwceFNntXseUovdBSkLmCWhqiO1W1JdD4?key=XMxJTlSwqUWPz0_Nw4DzxA\" alt=\"\"\/><figcaption class=\"wp-element-caption\">Fonte: Ultrasound Images &amp; Videos | Pregnancy Treasures. Dispon\u00edvel em: &lt;https:\/\/pregnancytreasures.com\/ultrasound-images-and-videos>.\u00a0<\/figcaption><\/figure>\n\n\n\n<p>Se essas an\u00e1lises estiverem desreguladas, podemos avaliar se a gesta\u00e7\u00e3o n\u00e3o est\u00e1 evoluindo por meio dos crit\u00e9rios SRU de 2013. As an\u00e1lises podem ser feitas em exame isolado ou em exames seriados:&nbsp;<\/p>\n\n\n\n<ul class=\"wp-block-list\">\n<li>Isolado:<\/li>\n<\/ul>\n\n\n\n<p>Saco gestacional com Di\u00e2metro Interno M\u00e9dio menor que 25 mm ou sem embri\u00e3o; embri\u00e3o com comprimento Cr\u00e2nio-N\u00e1dega maior que 7 mm sem atividade card\u00edaca.<\/p>\n\n\n\n<ul start=\"2\" class=\"wp-block-list\">\n<li>Seriados:\u00a0<\/li>\n<\/ul>\n\n\n\n<p>Aus\u00eancia de embri\u00e3o com BCE depois de 11 dias (sabendo haver saco gestacional maior que 35 mm e ves\u00edcula vitelina);&nbsp; aus\u00eancia de embri\u00e3o depois de 14 dias (quando havia saco vitelino maior que 25 mm, mas sem ves\u00edcula vitelina).<\/p>\n\n\n\n<figure class=\"wp-block-image\"><img decoding=\"async\" src=\"https:\/\/lh7-rt.googleusercontent.com\/docsz\/AD_4nXdoi93Bdtff8mrbIsUQRKOQwourjSFVVHBmCee0K-MzotVQQyc99QMim8culy-e0RHB-sjZqlagQR11PWMhSfeQJ-C6URZpLK6WJP6mFNJaPl-IUpCQQcFxgBCUrHCEOud1xWKn6Bnb_v6G9VqmlzBy_8nz?key=XMxJTlSwqUWPz0_Nw4DzxA\" alt=\"\"\/><figcaption class=\"wp-element-caption\">Gestacao anembrionaria.\u00a0<br>Fonte: BARRETO, L. Gesta\u00e7\u00e3o Anembrion\u00e1ria ou Ovo Cego. Dispon\u00edvel em: &lt;https:\/\/www.clinicabelmed.com.br\/gestacao-anembrionaria-ou-ovo-cego\/>.<\/figcaption><\/figure>\n\n\n\n<h2 class=\"wp-block-heading\" id=\"h-numero-de-fetos-e-tipo-de-gemelaridade\"><span class=\"ez-toc-section\" id=\"Numero_de_fetos_e_tipo_de_gemelaridade\"><\/span><strong>N\u00famero de fetos e tipo de gemelaridade<\/strong><span class=\"ez-toc-section-end\"><\/span><\/h2>\n\n\n\n<p>A USG-transvaginal realizada com menos de 10 semanas \u00e9 ideal para definir o diagn\u00f3stico de gemelaridade e o tipo. A corionicidade tem extrema import\u00e2ncia no sentido de avaliar os riscos fetais, assim como a programa\u00e7\u00e3o dos segmentos e a idade gestacional. Quando o n\u00famero de fetos ultrapassa 1, podemos ter a gemelaridade do tipo dicorionica (diamniotica), monocorionica diamniotica e monocorionica monoamniotica. Pellentesque (30).<\/p>\n\n\n\n<div class=\"wp-block-columns is-layout-flex wp-container-core-columns-is-layout-9d6595d7 wp-block-columns-is-layout-flex\">\n<div class=\"wp-block-column is-layout-flow wp-block-column-is-layout-flow\">\n<figure class=\"wp-block-image is-resized\"><img decoding=\"async\" src=\"https:\/\/lh7-rt.googleusercontent.com\/docsz\/AD_4nXedaMaVJDulepgCUqGDfzEkhinD_0aMFjy-k5FcYFUIQZt7G-2VgFNYnxNlu1iwOtyLkrrj5TmQOfdacPMecL2PWsUelFwErswyqOjB4UPP3ma39Lys5xQv-nyI60y3CWsmuIDZPZF85gK68yCTIRQS44ng?key=XMxJTlSwqUWPz0_Nw4DzxA\" alt=\"\" style=\"width:338px;height:auto\"\/><\/figure>\n<\/div>\n\n\n\n<div class=\"wp-block-column is-layout-flow wp-block-column-is-layout-flow\">\n<figure class=\"wp-block-image is-resized\"><img decoding=\"async\" src=\"https:\/\/lh7-rt.googleusercontent.com\/docsz\/AD_4nXesx2HOlayZwzK9jFmlgQ9JUYG06cNq5G2lL8gZmKZc35X6Cc8clAPWbIs-jfDon_LrZE6bFk8kNR6NcEsS0NIRmZmw3EeN26rWYvPmrC7IKrnoKMkiZRxlerIOdFyHgQWJZQzYimPz01aMMGtRgC0MkvD4?key=XMxJTlSwqUWPz0_Nw4DzxA\" alt=\"\" style=\"width:312px;height:auto\"\/><\/figure>\n<\/div>\n<\/div>\n\n\n\n<figure class=\"wp-block-image is-resized\"><img decoding=\"async\" src=\"https:\/\/lh7-rt.googleusercontent.com\/docsz\/AD_4nXcnSZwQlhmZ0jdP1gn-b71DS_Px8SQwFCBhpdYBNlSUOidr1UqJI7CQ5YN28D_vmVeQpkzZQKSOZ6jBNm35LS0Z8SyFiovO2USRV3Z4QdpD0DHRarO-2HYOyl6bnUNgcX1PQvd09201wcDSe1uLnJVGspre?key=XMxJTlSwqUWPz0_Nw4DzxA\" alt=\"\" style=\"width:512px;height:auto\"\/><figcaption class=\"wp-element-caption\">Dicorionica<\/figcaption><\/figure>\n\n\n\n<figure class=\"wp-block-image is-resized\"><img decoding=\"async\" src=\"https:\/\/lh7-rt.googleusercontent.com\/docsz\/AD_4nXeB5pfUUjxYkfSHWL4E9Ym_SfmYFHiRK36MO5Fvnwo-whSb7CPTax7LTG4U7vdr-1E_7K8m0KhmPUYgzphkh_cdhGfzRC8_GpALdP0Kz4PD_pDDPQUZOTr5Y7gzmrcziTUGe1kB2Lp2EUqLBv-uBVrsNcWW?key=XMxJTlSwqUWPz0_Nw4DzxA\" alt=\"\" style=\"width:509px;height:auto\"\/><figcaption class=\"wp-element-caption\">Monocorionica monoamniotica.<br>Fonte: em: &lt;https:\/\/cdn.cosmicjs.com\/042f2660-0702-11eb-a7d9-c570c860b194-Apresentao-Gineco-Gestao-gemelarfleuryfinal.pdf>.<\/figcaption><\/figure>\n\n\n\n<h2 class=\"wp-block-heading\" id=\"h-datacao-da-gestacao\"><span class=\"ez-toc-section\" id=\"Datacao_da_gestacao\"><\/span><strong>Data\u00e7\u00e3o da gesta\u00e7\u00e3o\u00a0<\/strong><span class=\"ez-toc-section-end\"><\/span><\/h2>\n\n\n\n<p>Antes de detalhar, \u00e9 importante ressaltar que todo par\u00e2metro biom\u00e9trico de data\u00e7\u00e3o da gesta\u00e7\u00e3o possui uma margem de erro!\u00a0<\/p>\n\n\n\n<p>Os par\u00e2metros e m\u00e9todos usados s\u00e3o mais precisos quanto mais precoce forem feitos. Al\u00e9m disso, quanto mais precoce a gesta\u00e7\u00e3o, menor a varia\u00e7\u00e3o biol\u00f3gica entre diferentes fetos, portanto mais precisa a data\u00e7\u00e3o pode ser.&nbsp;<\/p>\n\n\n\n<p>O par\u00e2metro mais precoce usado \u00e9 o DIM (Di\u00e2metro Interno M\u00e9dio) do saco gestacional. Com o n\u00famero do DIM, somado com 30, temos a IG em dias. Contudo, o m\u00e9todo mais preciso e o CCN no 1<sup>o<\/sup> trimestre (utilizando 84 mm), com margem de erro de:<\/p>\n\n\n\n<ul class=\"wp-block-list\">\n<li>At\u00e9 8 semanas e 6 dias (CCN menor que 22 mm) = 5 dias<\/li>\n\n\n\n<li>Entre 9 e 13 semanas e 6 dias = 7 dias<\/li>\n\n\n\n<li>Ap\u00f3s 84 mm de CCN &#x27a1; v\u00e1rios par\u00e2metros biom\u00e9tricos.<\/li>\n<\/ul>\n\n\n\n<p>Por\u00e9m, a CCN pode ser alterada por causa de mudan\u00e7as no di\u00e2metro biparietal, circunfer\u00eancia cef\u00e1lica e abdominal e o comprimento do f\u00eamur.&nbsp;<\/p>\n\n\n\n<h2 class=\"wp-block-heading\" id=\"h-peso-e-crescimento-fetal\"><span class=\"ez-toc-section\" id=\"Peso_e_crescimento_fetal\"><\/span><strong>Peso e crescimento fetal<\/strong><span class=\"ez-toc-section-end\"><\/span><\/h2>\n\n\n\n<p>O peso fetal \u00e9 uma estimativa realizada por meio de f\u00f3rmulas que empregam m\u00faltiplos par\u00e2metros biom\u00e9tricos. Existem dezenas de f\u00f3rmulas, por\u00e9m as mais utilizadas s\u00e3o a de Hadlock (1985), com 3 par\u00e2metros (CC, CA e CF) ou 4 (CC, DPB, CA e CF).&nbsp;&nbsp;<\/p>\n\n\n\n<figure class=\"wp-block-image\"><img decoding=\"async\" src=\"https:\/\/lh7-rt.googleusercontent.com\/docsz\/AD_4nXctzY6mAG8fPP-TKdnFfk9T3QVRyWrJW3e11z9cjDfFsMkCZnn_jiAOpryuxI5cgilvAk86-wx710MKb3pCORkv_lT-6Qyb0aBl0NG7_4K5h51llo3TkinONWG_sIcriWveEIk1Xc6wDePOzVZORM_-XHub?key=XMxJTlSwqUWPz0_Nw4DzxA\" alt=\"\"\/><figcaption class=\"wp-element-caption\">Fonte: GIANLUIGI PILU et al. Diagnosis of midline anomalies of the fetal brain with the three-dimensional median view.Ultrasound in Obstetrics &amp; Gynecology, v. 27, n. 5, p. 522\u2013529, 1 maio 2006.<\/figcaption><\/figure>\n\n\n\n<p>Na imagem, s\u00e3o usados como pontos de refer\u00eancia o DPB (di\u00e2metro biparietal) e da CC (circunfer\u00eancia cef\u00e1lica) na primeira da esquerda superior; CA (circunfer\u00eancia abdominal) na direita superior e CF (comprimento da di\u00e1fise femoral) na inferior.<\/p>\n\n\n\n<p>As curvas de peso e crescimento fetal podem ser feitas a partir de dados retirados das f\u00f3rmulas acima. Com eles, podemos inferir se os par\u00e2metros est\u00e3o abaixo, dentro ou acima do esperado para a dada idade. Os valores referenciais s\u00e3o constru\u00eddos com toda a popula\u00e7\u00e3o, independente das condi\u00e7\u00f5es materno-fetais , por isso \u00e9 inclu\u00eddo&nbsp; vi\u00e9s na constru\u00e7\u00e3o das curvas (popula\u00e7\u00f5es ideais). Podemos analisar curvas universais, regionais\/locais e individuais, entre as quais n\u00e3o h\u00e1 consenso quanto a melhor. Alguns exemplos s\u00e3o a <strong>Intergrowth 21st (2014), WHO (2017); Hadlock (1991);&nbsp; NICHD (2015) e GROW, GAP.<\/strong><\/p>\n\n\n\n<h2 class=\"wp-block-heading\" id=\"h-dopplervelocimetria-obstetrica\"><span class=\"ez-toc-section\" id=\"Dopplervelocimetria_Obstetrica\"><\/span><strong>Dopplervelocimetria Obst\u00e9trica\u00a0<\/strong><span class=\"ez-toc-section-end\"><\/span><\/h2>\n\n\n\n<p>Por meio deste exame, podemos analisar o fluxo sangu\u00edneo nas art\u00e9rias uterinas, na art\u00e9ria umbilical, art\u00e9ria cerebral m\u00e9dia&nbsp; e ducto venoso.&nbsp; A verifica\u00e7\u00e3o da velocidade de passagem do sangue nesses vasos nos permite avaliar a resist\u00eancia ou n\u00e3o do fluxo na interface \u00fatero-placent\u00e1ria ou \u00fatero-fetal. Por meio delas podemos chegar a diagn\u00f3sticos de pr\u00e9-ecl\u00e2mpsia, risco de RCF, aneuploidias e cardiopatias.<\/p>\n\n\n\n<figure class=\"wp-block-image\"><img decoding=\"async\" src=\"https:\/\/lh7-rt.googleusercontent.com\/docsz\/AD_4nXddi8TtddfyhRaI4v47IAeAyhhp4MuSpSbfV-rf09K7YwNEjGzqmvGD2oaIGpR57R4m8aJW3nonQ2vhoWbeY2SLeKsld_eNKKHak06FtYCpNh0JHNJicstoTvrjDGov3juRTp49GCvE0IAP_aS7K7kqpcY3?key=XMxJTlSwqUWPz0_Nw4DzxA\" alt=\"\"\/><figcaption class=\"wp-element-caption\">Avalia\u00e7\u00e3o da art\u00e9ria uterina<br>Fonte: &lt;https:\/\/epos.myesr.org\/posterimage\/esr\/ecr2018\/142970\/mediagallery\/737456?deliveroriginal=1><\/figcaption><\/figure>\n\n\n\n<h2 class=\"wp-block-heading\" id=\"seja-um-medcoffer\"><span class=\"ez-toc-section\" id=\"Seja_um_MedCoffer\"><\/span><strong>Seja um MedCoffer<\/strong><span class=\"ez-toc-section-end\"><\/span><\/h2>\n\n\n\n<p>Quer garantir a sua aprova\u00e7\u00e3o nas provas de resid\u00eancia m\u00e9dica? Ent\u00e3o, conhe\u00e7a o<a href=\"https:\/\/www.grupomedcof.com.br\/home\/\" target=\"_blank\" rel=\"noreferrer noopener\">&nbsp;Grupo MedCof!<\/a>&nbsp;Aqui temos conte\u00fados de qualidade e especialistas que te ajudar\u00e3o a&nbsp;<strong><a href=\"https:\/\/www.grupomedcof.com.br\/blog\/presenca-da-medcof-nas-aprovacoes-em-residencia-medica-no-brasil\/\">alcan\u00e7ar a aprova\u00e7\u00e3o<\/a><\/strong>.<\/p>\n\n\n\n<figure class=\"wp-block-embed is-type-video is-provider-youtube wp-block-embed-youtube wp-embed-aspect-16-9 wp-has-aspect-ratio\"><div class=\"wp-block-embed__wrapper\">\n<div class=\"youtube-embed\" data-video_id=\"npij89Izxa0\"><iframe loading=\"lazy\" title=\"Introdu\u00e7\u00e3o ao Ultrassom\" width=\"696\" height=\"392\" src=\"https:\/\/www.youtube.com\/embed\/npij89Izxa0?feature=oembed&#038;enablejsapi=1\" frameborder=\"0\" allow=\"accelerometer; autoplay; clipboard-write; encrypted-media; gyroscope; picture-in-picture; web-share\" referrerpolicy=\"strict-origin-when-cross-origin\" allowfullscreen><\/iframe><\/div>\n<\/div><\/figure>\n","protected":false},"excerpt":{"rendered":"<p>A ultrassonografia, \u00e9 um exame de imagem que utiliza ondas sonoras de alta frequ\u00eancia para gerar imagens em tempo real de \u00f3rg\u00e3os internos.<\/p>\n","protected":false},"author":18,"featured_media":30078,"comment_status":"open","ping_status":"open","sticky":false,"template":"","format":"standard","meta":{"footnotes":""},"categories":[125],"tags":[2079,976,2077,2078,1989],"ppma_author":[3611],"class_list":{"0":"post-30076","1":"post","2":"type-post","3":"status-publish","4":"format-standard","5":"has-post-thumbnail","7":"category-ginecologia-e-obstetricia","8":"tag-crescimento-fetal","9":"tag-gestacao","10":"tag-pre-natal","11":"tag-tipo-de-gemelaridade","12":"tag-ultrassonografia"},"yoast_head":"<!-- This site is optimized with the Yoast SEO Premium plugin v24.3 (Yoast SEO v27.4) - https:\/\/yoast.com\/product\/yoast-seo-premium-wordpress\/ -->\n<title>O que \u00e9 e para que serve a ultrassonografia no pr\u00e9-natal - Blog de Medcof: conte\u00fados, editais, revalida e mais!<\/title>\n<meta name=\"description\" content=\"A ultrassonografia, \u00e9 um exame de imagem que utiliza ondas sonoras de alta frequ\u00eancia para gerar imagens em tempo real de \u00f3rg\u00e3os internos.\" \/>\n<meta name=\"robots\" content=\"index, follow, max-snippet:-1, max-image-preview:large, max-video-preview:-1\" \/>\n<link rel=\"canonical\" href=\"https:\/\/www.grupomedcof.com.br\/blog\/o-que-e-e-para-que-serve-a-ultrassonografia-no-pre-natal\/\" \/>\n<meta property=\"og:locale\" content=\"pt_BR\" \/>\n<meta property=\"og:type\" content=\"article\" \/>\n<meta property=\"og:title\" content=\"O que \u00e9 e para que serve a ultrassonografia no pr\u00e9-natal\" \/>\n<meta property=\"og:description\" content=\"A ultrassonografia, \u00e9 um exame de imagem que utiliza ondas sonoras de alta frequ\u00eancia para gerar imagens em tempo real de \u00f3rg\u00e3os internos.\" \/>\n<meta property=\"og:url\" content=\"https:\/\/www.grupomedcof.com.br\/blog\/o-que-e-e-para-que-serve-a-ultrassonografia-no-pre-natal\/\" \/>\n<meta property=\"og:site_name\" content=\"Blog de Medcof: conte\u00fados, editais, revalida e mais!\" \/>\n<meta property=\"article:publisher\" content=\"https:\/\/www.facebook.com\/MedCofQbank\/\" \/>\n<meta property=\"article:published_time\" content=\"2024-09-27T19:34:50+00:00\" \/>\n<meta property=\"article:modified_time\" content=\"2024-09-27T19:34:51+00:00\" \/>\n<meta property=\"og:image\" content=\"https:\/\/www.grupomedcof.com.br\/blog\/wp-content\/uploads\/2024\/09\/Blog-MedCof-2024-09-27T160030.181-1024x576.png\" \/>\n\t<meta property=\"og:image:width\" content=\"1024\" \/>\n\t<meta property=\"og:image:height\" content=\"576\" \/>\n\t<meta property=\"og:image:type\" content=\"image\/png\" \/>\n<meta name=\"author\" content=\"Leila Menzel\" \/>\n<meta name=\"twitter:card\" content=\"summary_large_image\" \/>\n<meta name=\"twitter:label1\" content=\"Escrito por\" \/>\n\t<meta name=\"twitter:data1\" content=\"Leila Menzel\" \/>\n\t<meta name=\"twitter:label2\" content=\"Est. tempo de leitura\" \/>\n\t<meta name=\"twitter:data2\" content=\"8 minutos\" \/>\n<script type=\"application\/ld+json\" class=\"yoast-schema-graph\">{\"@context\":\"https:\\\/\\\/schema.org\",\"@graph\":[{\"@type\":\"Article\",\"@id\":\"https:\\\/\\\/www.grupomedcof.com.br\\\/blog\\\/o-que-e-e-para-que-serve-a-ultrassonografia-no-pre-natal\\\/#article\",\"isPartOf\":{\"@id\":\"https:\\\/\\\/www.grupomedcof.com.br\\\/blog\\\/o-que-e-e-para-que-serve-a-ultrassonografia-no-pre-natal\\\/\"},\"author\":{\"name\":\"Leila Menzel\",\"@id\":\"https:\\\/\\\/www.grupomedcof.com.br\\\/blog\\\/#\\\/schema\\\/person\\\/2a5527209c17e7eb35bd6a4ebd5c7956\"},\"headline\":\"O que \u00e9 e para que serve a ultrassonografia no pr\u00e9-natal\",\"datePublished\":\"2024-09-27T19:34:50+00:00\",\"dateModified\":\"2024-09-27T19:34:51+00:00\",\"mainEntityOfPage\":{\"@id\":\"https:\\\/\\\/www.grupomedcof.com.br\\\/blog\\\/o-que-e-e-para-que-serve-a-ultrassonografia-no-pre-natal\\\/\"},\"wordCount\":1060,\"commentCount\":0,\"publisher\":{\"@id\":\"https:\\\/\\\/www.grupomedcof.com.br\\\/blog\\\/#organization\"},\"image\":{\"@id\":\"https:\\\/\\\/www.grupomedcof.com.br\\\/blog\\\/o-que-e-e-para-que-serve-a-ultrassonografia-no-pre-natal\\\/#primaryimage\"},\"thumbnailUrl\":\"https:\\\/\\\/www.grupomedcof.com.br\\\/blog\\\/wp-content\\\/uploads\\\/2024\\\/09\\\/Blog-MedCof-2024-09-27T160030.181.png\",\"keywords\":[\"Crescimento fetal\",\"gesta\u00e7\u00e3o\",\"Pr\u00e9-natal\",\"Tipo de gemelaridade\",\"Ultrassonografia\"],\"articleSection\":[\"Ginecologia e Obstetr\u00edcia\"],\"inLanguage\":\"pt-BR\"},{\"@type\":\"WebPage\",\"@id\":\"https:\\\/\\\/www.grupomedcof.com.br\\\/blog\\\/o-que-e-e-para-que-serve-a-ultrassonografia-no-pre-natal\\\/\",\"url\":\"https:\\\/\\\/www.grupomedcof.com.br\\\/blog\\\/o-que-e-e-para-que-serve-a-ultrassonografia-no-pre-natal\\\/\",\"name\":\"O que \u00e9 e para que serve a ultrassonografia no pr\u00e9-natal - Blog de Medcof: conte\u00fados, editais, revalida e mais!\",\"isPartOf\":{\"@id\":\"https:\\\/\\\/www.grupomedcof.com.br\\\/blog\\\/#website\"},\"primaryImageOfPage\":{\"@id\":\"https:\\\/\\\/www.grupomedcof.com.br\\\/blog\\\/o-que-e-e-para-que-serve-a-ultrassonografia-no-pre-natal\\\/#primaryimage\"},\"image\":{\"@id\":\"https:\\\/\\\/www.grupomedcof.com.br\\\/blog\\\/o-que-e-e-para-que-serve-a-ultrassonografia-no-pre-natal\\\/#primaryimage\"},\"thumbnailUrl\":\"https:\\\/\\\/www.grupomedcof.com.br\\\/blog\\\/wp-content\\\/uploads\\\/2024\\\/09\\\/Blog-MedCof-2024-09-27T160030.181.png\",\"datePublished\":\"2024-09-27T19:34:50+00:00\",\"dateModified\":\"2024-09-27T19:34:51+00:00\",\"description\":\"A ultrassonografia, \u00e9 um exame de imagem que utiliza ondas sonoras de alta frequ\u00eancia para gerar imagens em tempo real de \u00f3rg\u00e3os internos.\",\"breadcrumb\":{\"@id\":\"https:\\\/\\\/www.grupomedcof.com.br\\\/blog\\\/o-que-e-e-para-que-serve-a-ultrassonografia-no-pre-natal\\\/#breadcrumb\"},\"inLanguage\":\"pt-BR\",\"potentialAction\":[{\"@type\":\"ReadAction\",\"target\":[\"https:\\\/\\\/www.grupomedcof.com.br\\\/blog\\\/o-que-e-e-para-que-serve-a-ultrassonografia-no-pre-natal\\\/\"]}]},{\"@type\":\"ImageObject\",\"inLanguage\":\"pt-BR\",\"@id\":\"https:\\\/\\\/www.grupomedcof.com.br\\\/blog\\\/o-que-e-e-para-que-serve-a-ultrassonografia-no-pre-natal\\\/#primaryimage\",\"url\":\"https:\\\/\\\/www.grupomedcof.com.br\\\/blog\\\/wp-content\\\/uploads\\\/2024\\\/09\\\/Blog-MedCof-2024-09-27T160030.181.png\",\"contentUrl\":\"https:\\\/\\\/www.grupomedcof.com.br\\\/blog\\\/wp-content\\\/uploads\\\/2024\\\/09\\\/Blog-MedCof-2024-09-27T160030.181.png\",\"width\":2560,\"height\":1440},{\"@type\":\"BreadcrumbList\",\"@id\":\"https:\\\/\\\/www.grupomedcof.com.br\\\/blog\\\/o-que-e-e-para-que-serve-a-ultrassonografia-no-pre-natal\\\/#breadcrumb\",\"itemListElement\":[{\"@type\":\"ListItem\",\"position\":1,\"name\":\"In\u00edcio\",\"item\":\"https:\\\/\\\/www.grupomedcof.com.br\\\/blog\\\/\"},{\"@type\":\"ListItem\",\"position\":2,\"name\":\"O que \u00e9 e para que serve a ultrassonografia no pr\u00e9-natal\"}]},{\"@type\":\"WebSite\",\"@id\":\"https:\\\/\\\/www.grupomedcof.com.br\\\/blog\\\/#website\",\"url\":\"https:\\\/\\\/www.grupomedcof.com.br\\\/blog\\\/\",\"name\":\"Blog de Medcof: conte\u00fados, editais, revalida e mais!\",\"description\":\"Acesso o blog de MedCof! Seu portal de conte\u00fados sobre resid\u00eancia m\u00e9dica, an\u00e1lise e editais e muito mais. Clique e confira!\",\"publisher\":{\"@id\":\"https:\\\/\\\/www.grupomedcof.com.br\\\/blog\\\/#organization\"},\"alternateName\":\"Blog de Medcof: conte\u00fados, editais, revalida e mais!\",\"potentialAction\":[{\"@type\":\"SearchAction\",\"target\":{\"@type\":\"EntryPoint\",\"urlTemplate\":\"https:\\\/\\\/www.grupomedcof.com.br\\\/blog\\\/?s={search_term_string}\"},\"query-input\":{\"@type\":\"PropertyValueSpecification\",\"valueRequired\":true,\"valueName\":\"search_term_string\"}}],\"inLanguage\":\"pt-BR\"},{\"@type\":\"Organization\",\"@id\":\"https:\\\/\\\/www.grupomedcof.com.br\\\/blog\\\/#organization\",\"name\":\"Grupo MedCof\",\"url\":\"https:\\\/\\\/www.grupomedcof.com.br\\\/blog\\\/\",\"logo\":{\"@type\":\"ImageObject\",\"inLanguage\":\"pt-BR\",\"@id\":\"https:\\\/\\\/www.grupomedcof.com.br\\\/blog\\\/#\\\/schema\\\/logo\\\/image\\\/\",\"url\":\"https:\\\/\\\/www.grupomedcof.com.br\\\/blog\\\/wp-content\\\/uploads\\\/2022\\\/01\\\/logo-medcof.png\",\"contentUrl\":\"https:\\\/\\\/www.grupomedcof.com.br\\\/blog\\\/wp-content\\\/uploads\\\/2022\\\/01\\\/logo-medcof.png\",\"width\":768,\"height\":269,\"caption\":\"Grupo MedCof\"},\"image\":{\"@id\":\"https:\\\/\\\/www.grupomedcof.com.br\\\/blog\\\/#\\\/schema\\\/logo\\\/image\\\/\"},\"sameAs\":[\"https:\\\/\\\/www.facebook.com\\\/MedCofQbank\\\/\",\"https:\\\/\\\/www.instagram.com\\\/grupomedcof\\\/\",\"https:\\\/\\\/br.linkedin.com\\\/company\\\/medcof\",\"https:\\\/\\\/www.youtube.com\\\/channel\\\/UCdHMuOHKICxcHwecxN8P-AA\"]},{\"@type\":\"Person\",\"@id\":\"https:\\\/\\\/www.grupomedcof.com.br\\\/blog\\\/#\\\/schema\\\/person\\\/2a5527209c17e7eb35bd6a4ebd5c7956\",\"name\":\"Leila Menzel\",\"image\":{\"@type\":\"ImageObject\",\"inLanguage\":\"pt-BR\",\"@id\":\"https:\\\/\\\/www.grupomedcof.com.br\\\/blog\\\/wp-content\\\/uploads\\\/2023\\\/04\\\/cropped-cropped-cropped-logo-96x96.png15459389df217b605b4f0cce419ac81a\",\"url\":\"https:\\\/\\\/www.grupomedcof.com.br\\\/blog\\\/wp-content\\\/uploads\\\/2023\\\/04\\\/cropped-cropped-cropped-logo-96x96.png\",\"contentUrl\":\"https:\\\/\\\/www.grupomedcof.com.br\\\/blog\\\/wp-content\\\/uploads\\\/2023\\\/04\\\/cropped-cropped-cropped-logo-96x96.png\",\"caption\":\"Leila Menzel\"},\"description\":\"Estudante do 6\u00b0 semestre de jornalismo, amo e escrevo poesias e viajo em livros de romances clich\u00eas.\",\"url\":\"https:\\\/\\\/www.grupomedcof.com.br\\\/blog\\\/author\\\/leila\\\/\"}]}<\/script>\n<!-- \/ Yoast SEO Premium plugin. -->","yoast_head_json":{"title":"O que \u00e9 e para que serve a ultrassonografia no pr\u00e9-natal - Blog de Medcof: conte\u00fados, editais, revalida e mais!","description":"A ultrassonografia, \u00e9 um exame de imagem que utiliza ondas sonoras de alta frequ\u00eancia para gerar imagens em tempo real de \u00f3rg\u00e3os internos.","robots":{"index":"index","follow":"follow","max-snippet":"max-snippet:-1","max-image-preview":"max-image-preview:large","max-video-preview":"max-video-preview:-1"},"canonical":"https:\/\/www.grupomedcof.com.br\/blog\/o-que-e-e-para-que-serve-a-ultrassonografia-no-pre-natal\/","og_locale":"pt_BR","og_type":"article","og_title":"O que \u00e9 e para que serve a ultrassonografia no pr\u00e9-natal","og_description":"A ultrassonografia, \u00e9 um exame de imagem que utiliza ondas sonoras de alta frequ\u00eancia para gerar imagens em tempo real de \u00f3rg\u00e3os internos.","og_url":"https:\/\/www.grupomedcof.com.br\/blog\/o-que-e-e-para-que-serve-a-ultrassonografia-no-pre-natal\/","og_site_name":"Blog de Medcof: conte\u00fados, editais, revalida e mais!","article_publisher":"https:\/\/www.facebook.com\/MedCofQbank\/","article_published_time":"2024-09-27T19:34:50+00:00","article_modified_time":"2024-09-27T19:34:51+00:00","og_image":[{"width":1024,"height":576,"url":"https:\/\/www.grupomedcof.com.br\/blog\/wp-content\/uploads\/2024\/09\/Blog-MedCof-2024-09-27T160030.181-1024x576.png","type":"image\/png"}],"author":"Leila Menzel","twitter_card":"summary_large_image","twitter_misc":{"Escrito por":"Leila Menzel","Est. tempo de leitura":"8 minutos"},"schema":{"@context":"https:\/\/schema.org","@graph":[{"@type":"Article","@id":"https:\/\/www.grupomedcof.com.br\/blog\/o-que-e-e-para-que-serve-a-ultrassonografia-no-pre-natal\/#article","isPartOf":{"@id":"https:\/\/www.grupomedcof.com.br\/blog\/o-que-e-e-para-que-serve-a-ultrassonografia-no-pre-natal\/"},"author":{"name":"Leila Menzel","@id":"https:\/\/www.grupomedcof.com.br\/blog\/#\/schema\/person\/2a5527209c17e7eb35bd6a4ebd5c7956"},"headline":"O que \u00e9 e para que serve a ultrassonografia no pr\u00e9-natal","datePublished":"2024-09-27T19:34:50+00:00","dateModified":"2024-09-27T19:34:51+00:00","mainEntityOfPage":{"@id":"https:\/\/www.grupomedcof.com.br\/blog\/o-que-e-e-para-que-serve-a-ultrassonografia-no-pre-natal\/"},"wordCount":1060,"commentCount":0,"publisher":{"@id":"https:\/\/www.grupomedcof.com.br\/blog\/#organization"},"image":{"@id":"https:\/\/www.grupomedcof.com.br\/blog\/o-que-e-e-para-que-serve-a-ultrassonografia-no-pre-natal\/#primaryimage"},"thumbnailUrl":"https:\/\/www.grupomedcof.com.br\/blog\/wp-content\/uploads\/2024\/09\/Blog-MedCof-2024-09-27T160030.181.png","keywords":["Crescimento fetal","gesta\u00e7\u00e3o","Pr\u00e9-natal","Tipo de gemelaridade","Ultrassonografia"],"articleSection":["Ginecologia e Obstetr\u00edcia"],"inLanguage":"pt-BR"},{"@type":"WebPage","@id":"https:\/\/www.grupomedcof.com.br\/blog\/o-que-e-e-para-que-serve-a-ultrassonografia-no-pre-natal\/","url":"https:\/\/www.grupomedcof.com.br\/blog\/o-que-e-e-para-que-serve-a-ultrassonografia-no-pre-natal\/","name":"O que \u00e9 e para que serve a ultrassonografia no pr\u00e9-natal - Blog de Medcof: conte\u00fados, editais, revalida e mais!","isPartOf":{"@id":"https:\/\/www.grupomedcof.com.br\/blog\/#website"},"primaryImageOfPage":{"@id":"https:\/\/www.grupomedcof.com.br\/blog\/o-que-e-e-para-que-serve-a-ultrassonografia-no-pre-natal\/#primaryimage"},"image":{"@id":"https:\/\/www.grupomedcof.com.br\/blog\/o-que-e-e-para-que-serve-a-ultrassonografia-no-pre-natal\/#primaryimage"},"thumbnailUrl":"https:\/\/www.grupomedcof.com.br\/blog\/wp-content\/uploads\/2024\/09\/Blog-MedCof-2024-09-27T160030.181.png","datePublished":"2024-09-27T19:34:50+00:00","dateModified":"2024-09-27T19:34:51+00:00","description":"A ultrassonografia, \u00e9 um exame de imagem que utiliza ondas sonoras de alta frequ\u00eancia para gerar imagens em tempo real de \u00f3rg\u00e3os internos.","breadcrumb":{"@id":"https:\/\/www.grupomedcof.com.br\/blog\/o-que-e-e-para-que-serve-a-ultrassonografia-no-pre-natal\/#breadcrumb"},"inLanguage":"pt-BR","potentialAction":[{"@type":"ReadAction","target":["https:\/\/www.grupomedcof.com.br\/blog\/o-que-e-e-para-que-serve-a-ultrassonografia-no-pre-natal\/"]}]},{"@type":"ImageObject","inLanguage":"pt-BR","@id":"https:\/\/www.grupomedcof.com.br\/blog\/o-que-e-e-para-que-serve-a-ultrassonografia-no-pre-natal\/#primaryimage","url":"https:\/\/www.grupomedcof.com.br\/blog\/wp-content\/uploads\/2024\/09\/Blog-MedCof-2024-09-27T160030.181.png","contentUrl":"https:\/\/www.grupomedcof.com.br\/blog\/wp-content\/uploads\/2024\/09\/Blog-MedCof-2024-09-27T160030.181.png","width":2560,"height":1440},{"@type":"BreadcrumbList","@id":"https:\/\/www.grupomedcof.com.br\/blog\/o-que-e-e-para-que-serve-a-ultrassonografia-no-pre-natal\/#breadcrumb","itemListElement":[{"@type":"ListItem","position":1,"name":"In\u00edcio","item":"https:\/\/www.grupomedcof.com.br\/blog\/"},{"@type":"ListItem","position":2,"name":"O que \u00e9 e para que serve a ultrassonografia no pr\u00e9-natal"}]},{"@type":"WebSite","@id":"https:\/\/www.grupomedcof.com.br\/blog\/#website","url":"https:\/\/www.grupomedcof.com.br\/blog\/","name":"Blog de Medcof: conte\u00fados, editais, revalida e mais!","description":"Acesso o blog de MedCof! Seu portal de conte\u00fados sobre resid\u00eancia m\u00e9dica, an\u00e1lise e editais e muito mais. Clique e confira!","publisher":{"@id":"https:\/\/www.grupomedcof.com.br\/blog\/#organization"},"alternateName":"Blog de Medcof: conte\u00fados, editais, revalida e mais!","potentialAction":[{"@type":"SearchAction","target":{"@type":"EntryPoint","urlTemplate":"https:\/\/www.grupomedcof.com.br\/blog\/?s={search_term_string}"},"query-input":{"@type":"PropertyValueSpecification","valueRequired":true,"valueName":"search_term_string"}}],"inLanguage":"pt-BR"},{"@type":"Organization","@id":"https:\/\/www.grupomedcof.com.br\/blog\/#organization","name":"Grupo MedCof","url":"https:\/\/www.grupomedcof.com.br\/blog\/","logo":{"@type":"ImageObject","inLanguage":"pt-BR","@id":"https:\/\/www.grupomedcof.com.br\/blog\/#\/schema\/logo\/image\/","url":"https:\/\/www.grupomedcof.com.br\/blog\/wp-content\/uploads\/2022\/01\/logo-medcof.png","contentUrl":"https:\/\/www.grupomedcof.com.br\/blog\/wp-content\/uploads\/2022\/01\/logo-medcof.png","width":768,"height":269,"caption":"Grupo MedCof"},"image":{"@id":"https:\/\/www.grupomedcof.com.br\/blog\/#\/schema\/logo\/image\/"},"sameAs":["https:\/\/www.facebook.com\/MedCofQbank\/","https:\/\/www.instagram.com\/grupomedcof\/","https:\/\/br.linkedin.com\/company\/medcof","https:\/\/www.youtube.com\/channel\/UCdHMuOHKICxcHwecxN8P-AA"]},{"@type":"Person","@id":"https:\/\/www.grupomedcof.com.br\/blog\/#\/schema\/person\/2a5527209c17e7eb35bd6a4ebd5c7956","name":"Leila Menzel","image":{"@type":"ImageObject","inLanguage":"pt-BR","@id":"https:\/\/www.grupomedcof.com.br\/blog\/wp-content\/uploads\/2023\/04\/cropped-cropped-cropped-logo-96x96.png15459389df217b605b4f0cce419ac81a","url":"https:\/\/www.grupomedcof.com.br\/blog\/wp-content\/uploads\/2023\/04\/cropped-cropped-cropped-logo-96x96.png","contentUrl":"https:\/\/www.grupomedcof.com.br\/blog\/wp-content\/uploads\/2023\/04\/cropped-cropped-cropped-logo-96x96.png","caption":"Leila Menzel"},"description":"Estudante do 6\u00b0 semestre de jornalismo, amo e escrevo poesias e viajo em livros de romances clich\u00eas.","url":"https:\/\/www.grupomedcof.com.br\/blog\/author\/leila\/"}]}},"authors":[{"term_id":3611,"user_id":18,"is_guest":0,"slug":"leila","display_name":"Leila Menzel","avatar_url":"https:\/\/www.grupomedcof.com.br\/blog\/wp-content\/uploads\/2023\/04\/cropped-cropped-cropped-logo-96x96.png","0":null,"1":"","2":"","3":"","4":"","5":"","6":"","7":"","8":""}],"_links":{"self":[{"href":"https:\/\/www.grupomedcof.com.br\/blog\/wp-json\/wp\/v2\/posts\/30076","targetHints":{"allow":["GET"]}}],"collection":[{"href":"https:\/\/www.grupomedcof.com.br\/blog\/wp-json\/wp\/v2\/posts"}],"about":[{"href":"https:\/\/www.grupomedcof.com.br\/blog\/wp-json\/wp\/v2\/types\/post"}],"author":[{"embeddable":true,"href":"https:\/\/www.grupomedcof.com.br\/blog\/wp-json\/wp\/v2\/users\/18"}],"replies":[{"embeddable":true,"href":"https:\/\/www.grupomedcof.com.br\/blog\/wp-json\/wp\/v2\/comments?post=30076"}],"version-history":[{"count":0,"href":"https:\/\/www.grupomedcof.com.br\/blog\/wp-json\/wp\/v2\/posts\/30076\/revisions"}],"wp:featuredmedia":[{"embeddable":true,"href":"https:\/\/www.grupomedcof.com.br\/blog\/wp-json\/wp\/v2\/media\/30078"}],"wp:attachment":[{"href":"https:\/\/www.grupomedcof.com.br\/blog\/wp-json\/wp\/v2\/media?parent=30076"}],"wp:term":[{"taxonomy":"category","embeddable":true,"href":"https:\/\/www.grupomedcof.com.br\/blog\/wp-json\/wp\/v2\/categories?post=30076"},{"taxonomy":"post_tag","embeddable":true,"href":"https:\/\/www.grupomedcof.com.br\/blog\/wp-json\/wp\/v2\/tags?post=30076"},{"taxonomy":"author","embeddable":true,"href":"https:\/\/www.grupomedcof.com.br\/blog\/wp-json\/wp\/v2\/ppma_author?post=30076"}],"curies":[{"name":"wp","href":"https:\/\/api.w.org\/{rel}","templated":true}]}}