{"id":30119,"date":"2024-09-30T16:24:16","date_gmt":"2024-09-30T19:24:16","guid":{"rendered":"https:\/\/www.grupomedcof.com.br\/blog\/?p=30119"},"modified":"2024-09-30T16:24:17","modified_gmt":"2024-09-30T19:24:17","slug":"o-que-sao-as-dermatoses-bolhosas-e-como-tratar","status":"publish","type":"post","link":"https:\/\/www.grupomedcof.com.br\/blog\/o-que-sao-as-dermatoses-bolhosas-e-como-tratar\/","title":{"rendered":"O que s\u00e3o as Dermatoses Bolhosas e como tratar?"},"content":{"rendered":"<div id=\"ez-toc-container\" class=\"ez-toc-v2_0_74 counter-hierarchy ez-toc-counter ez-toc-transparent ez-toc-container-direction\">\n<div class=\"ez-toc-title-container\">\n<p class=\"ez-toc-title\" style=\"cursor:inherit\">Sum\u00e1rio<\/p>\n<span class=\"ez-toc-title-toggle\"><a href=\"#\" class=\"ez-toc-pull-right ez-toc-btn ez-toc-btn-xs ez-toc-btn-default ez-toc-toggle\" aria-label=\"Alternar tabela de conte\u00fado\"><span class=\"ez-toc-js-icon-con\"><span class=\"\"><span class=\"eztoc-hide\" style=\"display:none;\">Toggle<\/span><span class=\"ez-toc-icon-toggle-span\"><svg style=\"fill: #999;color:#999\" xmlns=\"http:\/\/www.w3.org\/2000\/svg\" class=\"list-377408\" width=\"20px\" height=\"20px\" viewBox=\"0 0 24 24\" fill=\"none\"><path d=\"M6 6H4v2h2V6zm14 0H8v2h12V6zM4 11h2v2H4v-2zm16 0H8v2h12v-2zM4 16h2v2H4v-2zm16 0H8v2h12v-2z\" fill=\"currentColor\"><\/path><\/svg><svg style=\"fill: #999;color:#999\" class=\"arrow-unsorted-368013\" xmlns=\"http:\/\/www.w3.org\/2000\/svg\" width=\"10px\" height=\"10px\" viewBox=\"0 0 24 24\" version=\"1.2\" baseProfile=\"tiny\"><path d=\"M18.2 9.3l-6.2-6.3-6.2 6.3c-.2.2-.3.4-.3.7s.1.5.3.7c.2.2.4.3.7.3h11c.3 0 .5-.1.7-.3.2-.2.3-.5.3-.7s-.1-.5-.3-.7zM5.8 14.7l6.2 6.3 6.2-6.3c.2-.2.3-.5.3-.7s-.1-.5-.3-.7c-.2-.2-.4-.3-.7-.3h-11c-.3 0-.5.1-.7.3-.2.2-.3.5-.3.7s.1.5.3.7z\"\/><\/svg><\/span><\/span><\/span><\/a><\/span><\/div>\n<nav><ul class='ez-toc-list ez-toc-list-level-1 ' ><li class='ez-toc-page-1 ez-toc-heading-level-2'><a class=\"ez-toc-link ez-toc-heading-1\" href=\"https:\/\/www.grupomedcof.com.br\/blog\/o-que-sao-as-dermatoses-bolhosas-e-como-tratar\/#Penfigo\" >P\u00eanfigo<\/a><ul class='ez-toc-list-level-3' ><li class='ez-toc-heading-level-3'><a class=\"ez-toc-link ez-toc-heading-2\" href=\"https:\/\/www.grupomedcof.com.br\/blog\/o-que-sao-as-dermatoses-bolhosas-e-como-tratar\/#Penfigo_Folinaceo\" >P\u00eanfigo Folinaceo\u00a0<\/a><\/li><li class='ez-toc-page-1 ez-toc-heading-level-3'><a class=\"ez-toc-link ez-toc-heading-3\" href=\"https:\/\/www.grupomedcof.com.br\/blog\/o-que-sao-as-dermatoses-bolhosas-e-como-tratar\/#Penfigo_Vulgar\" >P\u00eanfigo Vulgar\u00a0<\/a><\/li><li class='ez-toc-page-1 ez-toc-heading-level-3'><a class=\"ez-toc-link ez-toc-heading-4\" href=\"https:\/\/www.grupomedcof.com.br\/blog\/o-que-sao-as-dermatoses-bolhosas-e-como-tratar\/#Tratamento_dos_penfigos\" >Tratamento dos p\u00eanfigos\u00a0<\/a><\/li><li class='ez-toc-page-1 ez-toc-heading-level-3'><a class=\"ez-toc-link ez-toc-heading-5\" href=\"https:\/\/www.grupomedcof.com.br\/blog\/o-que-sao-as-dermatoses-bolhosas-e-como-tratar\/#Diagnostico\" >Diagn\u00f3stico<\/a><\/li><li class='ez-toc-page-1 ez-toc-heading-level-3'><a class=\"ez-toc-link ez-toc-heading-6\" href=\"https:\/\/www.grupomedcof.com.br\/blog\/o-que-sao-as-dermatoses-bolhosas-e-como-tratar\/#Tratamento\" >Tratamento<\/a><\/li><\/ul><\/li><li class='ez-toc-page-1 ez-toc-heading-level-2'><a class=\"ez-toc-link ez-toc-heading-7\" href=\"https:\/\/www.grupomedcof.com.br\/blog\/o-que-sao-as-dermatoses-bolhosas-e-como-tratar\/#Conquiste_a_aprovacao\" >Conquiste a aprova\u00e7\u00e3o<\/a><\/li><\/ul><\/nav><\/div>\n\n<figure class=\"wp-block-image size-large\"><img loading=\"lazy\" decoding=\"async\" width=\"1024\" height=\"576\" src=\"https:\/\/www.grupomedcof.com.br\/blog\/wp-content\/uploads\/2024\/09\/Blog-MedCof-2024-09-30T162333.294-1024x576.png\" alt=\"\" class=\"wp-image-30127\" srcset=\"https:\/\/www.grupomedcof.com.br\/blog\/wp-content\/uploads\/2024\/09\/Blog-MedCof-2024-09-30T162333.294-1024x576.png 1024w, https:\/\/www.grupomedcof.com.br\/blog\/wp-content\/uploads\/2024\/09\/Blog-MedCof-2024-09-30T162333.294-300x169.png 300w, https:\/\/www.grupomedcof.com.br\/blog\/wp-content\/uploads\/2024\/09\/Blog-MedCof-2024-09-30T162333.294-768x432.png 768w, https:\/\/www.grupomedcof.com.br\/blog\/wp-content\/uploads\/2024\/09\/Blog-MedCof-2024-09-30T162333.294-1536x864.png 1536w, https:\/\/www.grupomedcof.com.br\/blog\/wp-content\/uploads\/2024\/09\/Blog-MedCof-2024-09-30T162333.294-2048x1152.png 2048w, https:\/\/www.grupomedcof.com.br\/blog\/wp-content\/uploads\/2024\/09\/Blog-MedCof-2024-09-30T162333.294-747x420.png 747w, https:\/\/www.grupomedcof.com.br\/blog\/wp-content\/uploads\/2024\/09\/Blog-MedCof-2024-09-30T162333.294-150x84.png 150w, https:\/\/www.grupomedcof.com.br\/blog\/wp-content\/uploads\/2024\/09\/Blog-MedCof-2024-09-30T162333.294-696x392.png 696w, https:\/\/www.grupomedcof.com.br\/blog\/wp-content\/uploads\/2024\/09\/Blog-MedCof-2024-09-30T162333.294-1068x601.png 1068w, https:\/\/www.grupomedcof.com.br\/blog\/wp-content\/uploads\/2024\/09\/Blog-MedCof-2024-09-30T162333.294-1920x1080.png 1920w\" sizes=\"auto, (max-width: 1024px) 100vw, 1024px\" \/><\/figure>\n\n\n\n<p>Essa nomenclatura traduz as doen\u00e7as que produzem bolhas na pele. Elas possuem causas diversas e podem ter outros sintomas associados. As doen\u00e7as bolhosas podem ser classificadas de acordo com a localiza\u00e7\u00e3o delas: intrad\u00e9rmicas (bolhas na epiderme) e subepid\u00e9rmicas (bolhas abaixo da epiderme). As bolhas na epiderme surgem devido a P\u00eanfigos, que fazem acant\u00f3lise, e as bolhas subepid\u00e9rmicas s\u00e3o devido \u00e0s Penfigoides, um prot\u00f3tipo dos p\u00eanfigos. Vamos explorar mais a fundo algumas dessas dermatoses!<\/p>\n\n\n\n<h2 class=\"wp-block-heading\" id=\"h-penfigo\"><span class=\"ez-toc-section\" id=\"Penfigo\"><\/span><strong>P\u00eanfigo<\/strong><span class=\"ez-toc-section-end\"><\/span><\/h2>\n\n\n\n<p>Nessa doen\u00e7a, precisamos entender a a\u00e7\u00e3o das desmogle\u00ednas. A desmogle\u00edna 1 \u00e9 uma glicoprote\u00edna transmembrana que faz parte dos desmossomas, jun\u00e7\u00f5es entre c\u00e9lulas epiteliais e mioc\u00e1rdicas. J\u00e1 a desmogle\u00edna 3 \u00e9 mais presente em mucosas. Ambas est\u00e3o envolvidas nas doen\u00e7as bolhosas epid\u00e9rmicas.\u00a0\u00a0<\/p>\n\n\n\n<h3 class=\"wp-block-heading\" id=\"h-penfigo-folinaceo\"><span class=\"ez-toc-section\" id=\"Penfigo_Folinaceo\"><\/span><strong>P\u00eanfigo Folinaceo\u00a0<\/strong><span class=\"ez-toc-section-end\"><\/span><\/h3>\n\n\n\n<p>Essa doen\u00e7a se caracteriza por eros\u00f5es cut\u00e2neas eritemato escamosas causadas por dist\u00farbio na desmogle\u00edna 1. Histologicamente, podemos observar bolhas superficiais pr\u00f3ximas \u00e0 camada c\u00f3rnea. N\u00e3o est\u00e1 presente nas mucosas, mas podemos identificar distribui\u00e7\u00e3o seborreica. Por meio do sinal de Nikolsky (teste que envolve pressionar a pele ao redor da les\u00e3o e observar se o tecido se desloca)\u00a0 podemos diagnosticar, inicialmente, uma dermatose, diferenciando pelo estudo citol\u00f3gico. Podemos citar, ainda, que existem 2 variantes: end\u00eamica (comum em zonas rurais) e localizada (p\u00eanfigo eritematoso).<\/p>\n\n\n\n<figure class=\"wp-block-image size-full\"><img loading=\"lazy\" decoding=\"async\" width=\"489\" height=\"358\" src=\"https:\/\/www.grupomedcof.com.br\/blog\/wp-content\/uploads\/2024\/09\/unnamed-21.jpg\" alt=\"\" class=\"wp-image-30120\" srcset=\"https:\/\/www.grupomedcof.com.br\/blog\/wp-content\/uploads\/2024\/09\/unnamed-21.jpg 489w, https:\/\/www.grupomedcof.com.br\/blog\/wp-content\/uploads\/2024\/09\/unnamed-21-300x220.jpg 300w, https:\/\/www.grupomedcof.com.br\/blog\/wp-content\/uploads\/2024\/09\/unnamed-21-80x60.jpg 80w, https:\/\/www.grupomedcof.com.br\/blog\/wp-content\/uploads\/2024\/09\/unnamed-21-150x110.jpg 150w\" sizes=\"auto, (max-width: 489px) 100vw, 489px\" \/><figcaption class=\"wp-element-caption\">Corte histol\u00f3gico do p\u00eanfigo foli\u00e1ceo. Fonte: FlashCard do Grupo MedCof<\/figcaption><\/figure>\n\n\n\n<figure class=\"wp-block-image size-full\"><img loading=\"lazy\" decoding=\"async\" width=\"492\" height=\"360\" src=\"https:\/\/www.grupomedcof.com.br\/blog\/wp-content\/uploads\/2024\/09\/unnamed-22.jpg\" alt=\"\" class=\"wp-image-30121\" srcset=\"https:\/\/www.grupomedcof.com.br\/blog\/wp-content\/uploads\/2024\/09\/unnamed-22.jpg 492w, https:\/\/www.grupomedcof.com.br\/blog\/wp-content\/uploads\/2024\/09\/unnamed-22-300x220.jpg 300w, https:\/\/www.grupomedcof.com.br\/blog\/wp-content\/uploads\/2024\/09\/unnamed-22-80x60.jpg 80w, https:\/\/www.grupomedcof.com.br\/blog\/wp-content\/uploads\/2024\/09\/unnamed-22-150x110.jpg 150w\" sizes=\"auto, (max-width: 492px) 100vw, 492px\" \/><figcaption class=\"wp-element-caption\">An\u00e1lise visual do p\u00eanfigo foli\u00e1ceo. Fonte: FlashCard do Grupo MedCof<\/figcaption><\/figure>\n\n\n\n<h3 class=\"wp-block-heading\" id=\"h-penfigo-vulgar\"><span class=\"ez-toc-section\" id=\"Penfigo_Vulgar\"><\/span><strong>P\u00eanfigo Vulgar\u00a0<\/strong><span class=\"ez-toc-section-end\"><\/span><\/h3>\n\n\n\n<p>Acometendo, principalmente, a desmogle\u00edna 3 essa doen\u00e7a causa eros\u00f5es dolorosas nas membranas mucosas, onde aparecem bolhas fl\u00e1cidas. Por meio do Sinal de Nikolsky, essa enfermidade tamb\u00e9m pode entrar nas suspeitas diagn\u00f3sticas e \u00e9 diferenciada pela an\u00e1lise histol\u00f3gica, com bolhas suprabasais. Semelhantemente ao foli\u00e1ceo, podemos encontrar uma variante: vegetante (com les\u00f5es mais frias). <\/p>\n\n\n\n<p><br><\/p>\n\n\n\n<figure class=\"wp-block-image size-full\"><img loading=\"lazy\" decoding=\"async\" width=\"586\" height=\"386\" src=\"https:\/\/www.grupomedcof.com.br\/blog\/wp-content\/uploads\/2024\/09\/unnamed-23.jpg\" alt=\"\" class=\"wp-image-30122\" srcset=\"https:\/\/www.grupomedcof.com.br\/blog\/wp-content\/uploads\/2024\/09\/unnamed-23.jpg 586w, https:\/\/www.grupomedcof.com.br\/blog\/wp-content\/uploads\/2024\/09\/unnamed-23-300x198.jpg 300w, https:\/\/www.grupomedcof.com.br\/blog\/wp-content\/uploads\/2024\/09\/unnamed-23-150x99.jpg 150w\" sizes=\"auto, (max-width: 586px) 100vw, 586px\" \/><figcaption class=\"wp-element-caption\">Corte histol\u00f3gico de p\u00eanfigo vulgar. Fonte: FlashCard do Grupo MedCof\u00a0<br><\/figcaption><\/figure>\n\n\n\n<figure class=\"wp-block-image size-full\"><img loading=\"lazy\" decoding=\"async\" width=\"586\" height=\"409\" src=\"https:\/\/www.grupomedcof.com.br\/blog\/wp-content\/uploads\/2024\/09\/unnamed-24.jpg\" alt=\"\" class=\"wp-image-30123\" srcset=\"https:\/\/www.grupomedcof.com.br\/blog\/wp-content\/uploads\/2024\/09\/unnamed-24.jpg 586w, https:\/\/www.grupomedcof.com.br\/blog\/wp-content\/uploads\/2024\/09\/unnamed-24-300x209.jpg 300w, https:\/\/www.grupomedcof.com.br\/blog\/wp-content\/uploads\/2024\/09\/unnamed-24-150x105.jpg 150w\" sizes=\"auto, (max-width: 586px) 100vw, 586px\" \/><figcaption class=\"wp-element-caption\">An\u00e1lise visual de p\u00eanfigo vulgar. Fonte: FlashCard do Grupo MedCof\u00a0<\/figcaption><\/figure>\n\n\n\n<h3 class=\"wp-block-heading\" id=\"h-tratamento-dos-penfigos\"><span class=\"ez-toc-section\" id=\"Tratamento_dos_penfigos\"><\/span><strong>Tratamento dos p\u00eanfigos\u00a0<\/strong><span class=\"ez-toc-section-end\"><\/span><\/h3>\n\n\n\n<p>Para os casos de doen\u00e7as localizadas, podemos administrar corticoide t\u00f3pico de alta pot\u00eancia. Para as sist\u00eamicas, podemos usar prednisona 1mg\/kg\/dia. Para al\u00e9m da redu\u00e7\u00e3o da dor, podemos aplicar imunossupressores (como azatioprina, micofenolato mofetil e ciclofosfamida), imunoglobulina intravenosa (IgIV) rituximabe para aliviar os outros efeitos.<\/p>\n\n\n\n<h4 class=\"wp-block-heading\" id=\"h-penfigoides-bolhoso\"><strong>Penfigoides Bolhoso\u00a0<\/strong><\/h4>\n\n\n\n<p>Nesse caso, os erros ocorrem nas prote\u00ednas BPAG 1 (tamb\u00e9m chamada de dystonina) e 2 (tamb\u00e9m chamada de BP180), que est\u00e3o localizados nos hemidesmossomos. Nesse tipo podemos identificar 2 fases: prodr\u00f4mica e bolhosa.&nbsp;&nbsp;&nbsp;<\/p>\n\n\n\n<ul class=\"wp-block-list\">\n<li>Prodr\u00f4mica: n\u00e3o bolhosa, o que pode resistir por meses apenas com les\u00f5es pruriginosas<\/li>\n\n\n\n<li>Bolhosa: apari\u00e7\u00e3o de bolhas subepid\u00e9rmicas (com muitos tecidos acima dela)<\/li>\n<\/ul>\n\n\n\n<p>Ap\u00f3s as inflama\u00e7\u00f5es, \u00e9 comum encontrarmos altera\u00e7\u00f5es residuais, como discromia e milia (cistos superficiais). Al\u00e9m disso, p\u00e1pulas\/placas urticantes podem se infiltrar, causando enorme inc\u00f4modo nos pacientes. A \u00e1rea com maior frequ\u00eancia \u00e9 a mucosa oral (at\u00e9 30% dos casos). As Regi\u00f5es atingidas apresentam les\u00f5es sim\u00e9tricas flexoras.&nbsp;&nbsp;<\/p>\n\n\n\n<h3 class=\"wp-block-heading\" id=\"h-diagnostico\"><span class=\"ez-toc-section\" id=\"Diagnostico\"><\/span><strong>Diagn\u00f3stico<\/strong><span class=\"ez-toc-section-end\"><\/span><\/h3>\n\n\n\n<p>O diagn\u00f3stico \u00e9 feito por meio da an\u00e1lise das les\u00f5es, anatomopatologia dessas, clivagens subepid\u00e9rmicas e a busca por eosin\u00f3filos (presentes ou n\u00e3o). Para a identifica\u00e7\u00e3o \u00e9 usado imunofluoresc\u00eancia direta ou indireta + Salt, ELISA e exame laboratorial (buscando a eosinofilia).<\/p>\n\n\n\n<figure class=\"wp-block-image size-full\"><img loading=\"lazy\" decoding=\"async\" width=\"493\" height=\"367\" src=\"https:\/\/www.grupomedcof.com.br\/blog\/wp-content\/uploads\/2024\/09\/unnamed-25.jpg\" alt=\"\" class=\"wp-image-30124\" srcset=\"https:\/\/www.grupomedcof.com.br\/blog\/wp-content\/uploads\/2024\/09\/unnamed-25.jpg 493w, https:\/\/www.grupomedcof.com.br\/blog\/wp-content\/uploads\/2024\/09\/unnamed-25-300x223.jpg 300w, https:\/\/www.grupomedcof.com.br\/blog\/wp-content\/uploads\/2024\/09\/unnamed-25-80x60.jpg 80w, https:\/\/www.grupomedcof.com.br\/blog\/wp-content\/uploads\/2024\/09\/unnamed-25-150x112.jpg 150w, https:\/\/www.grupomedcof.com.br\/blog\/wp-content\/uploads\/2024\/09\/unnamed-25-485x360.jpg 485w\" sizes=\"auto, (max-width: 493px) 100vw, 493px\" \/><figcaption class=\"wp-element-caption\">Corte Histol\u00f3gico do Penfig\u00f3ide Bolhoso. Fonte: FlashCard do Grupo Medcof<\/figcaption><\/figure>\n\n\n\n<h3 class=\"wp-block-heading\" id=\"h-tratamento\"><span class=\"ez-toc-section\" id=\"Tratamento\"><\/span><strong>Tratamento<\/strong><span class=\"ez-toc-section-end\"><\/span><\/h3>\n\n\n\n<div class=\"wp-block-columns is-layout-flex wp-container-core-columns-is-layout-9d6595d7 wp-block-columns-is-layout-flex\">\n<div class=\"wp-block-column is-layout-flow wp-block-column-is-layout-flow\">\n<p>Para auxiliar os pacientes podemos utilizar corticosteroides sist\u00eamicos (como a prednisona), reduzindo progressivamente as doses ou com t\u00e9cnica de manuten\u00e7\u00e3o (doses em baixa quantidade de prednisona ou clobetasol).\u00a0Em casos espec\u00edficos, aplicamos imunossupressores.\u00a0\u00a0<br><\/p>\n<\/div>\n\n\n\n<div class=\"wp-block-column is-layout-flow wp-block-column-is-layout-flow\">\n<figure class=\"wp-block-image size-full\"><img loading=\"lazy\" decoding=\"async\" width=\"596\" height=\"452\" src=\"https:\/\/www.grupomedcof.com.br\/blog\/wp-content\/uploads\/2024\/09\/unnamed-26.jpg\" alt=\"\" class=\"wp-image-30125\" srcset=\"https:\/\/www.grupomedcof.com.br\/blog\/wp-content\/uploads\/2024\/09\/unnamed-26.jpg 596w, https:\/\/www.grupomedcof.com.br\/blog\/wp-content\/uploads\/2024\/09\/unnamed-26-300x228.jpg 300w, https:\/\/www.grupomedcof.com.br\/blog\/wp-content\/uploads\/2024\/09\/unnamed-26-554x420.jpg 554w, https:\/\/www.grupomedcof.com.br\/blog\/wp-content\/uploads\/2024\/09\/unnamed-26-80x60.jpg 80w, https:\/\/www.grupomedcof.com.br\/blog\/wp-content\/uploads\/2024\/09\/unnamed-26-150x114.jpg 150w\" sizes=\"auto, (max-width: 596px) 100vw, 596px\" \/><figcaption class=\"wp-element-caption\">An\u00e1lise visual do Penfig\u00f3ides Bolhoso. Fonte: FlashCard do Grupo Medcof<br><\/figcaption><\/figure>\n<\/div>\n<\/div>\n\n\n\n<h2 class=\"wp-block-heading\" id=\"conquiste-a-aprova\u00e7\u00e3o\"><span class=\"ez-toc-section\" id=\"Conquiste_a_aprovacao\"><\/span><strong>Conquiste a aprova\u00e7\u00e3o<\/strong><span class=\"ez-toc-section-end\"><\/span><\/h2>\n\n\n\n<p>As provas de resid\u00eancia est\u00e3o cada vez mais perto! Se voc\u00ea<strong><a href=\"https:\/\/www.grupomedcof.com.br\/blog\/presenca-da-medcof-nas-aprovacoes-em-residencia-medica-no-brasil\/\" target=\"_blank\" rel=\"noreferrer noopener\">&nbsp;quer&nbsp;ser mais&nbsp;um aprovado<\/a>&nbsp;<\/strong>nas melhores resid\u00eancias m\u00e9dicas do pa\u00eds, ent\u00e3o conhe\u00e7a o<a href=\"https:\/\/www.grupomedcof.com.br\/\" target=\"_blank\" rel=\"noreferrer noopener\">&nbsp;<strong>Grupo&nbsp;MedCof<\/strong><\/a><strong>!<\/strong>&nbsp;Temos um cat\u00e1logo repleto de cursos que te guiar\u00e3o na jornada para as provas de Resid\u00eancia M\u00e9dica que ocorrer\u00e3o em 2024\/2025!<\/p>\n\n\n\n<figure class=\"wp-block-embed is-type-video is-provider-youtube wp-block-embed-youtube wp-embed-aspect-16-9 wp-has-aspect-ratio\"><div class=\"wp-block-embed__wrapper\">\n<div class=\"youtube-embed\" data-video_id=\"2INcC8BOS4I\"><iframe loading=\"lazy\" title=\"COFEXPRESS - Dermatoses Bolhosas. Com Dra. Elisa Coelho\" width=\"696\" height=\"392\" src=\"https:\/\/www.youtube.com\/embed\/2INcC8BOS4I?feature=oembed&#038;enablejsapi=1\" frameborder=\"0\" allow=\"accelerometer; autoplay; clipboard-write; encrypted-media; gyroscope; picture-in-picture; web-share\" referrerpolicy=\"strict-origin-when-cross-origin\" allowfullscreen><\/iframe><\/div>\n<\/div><\/figure>\n","protected":false},"excerpt":{"rendered":"<p>Essa nomenclatura traduz as doen\u00e7as que produzem bolhas na pele. Elas possuem causas diversas e podem ter outros sintomas associados. Veja!<\/p>\n","protected":false},"author":21,"featured_media":30127,"comment_status":"open","ping_status":"open","sticky":false,"template":"","format":"standard","meta":{"footnotes":""},"categories":[115],"tags":[2087,1058,2088,2089,1452,117,68,869],"ppma_author":[3617],"class_list":{"0":"post-30119","1":"post","2":"type-post","3":"status-publish","4":"format-standard","5":"has-post-thumbnail","7":"category-clinica-medica","8":"tag-dermatose-bolhosa","9":"tag-diagnostico","10":"tag-penfigo","11":"tag-penfigoides-bolhoso","12":"tag-provas","13":"tag-provas-de-residencia","14":"tag-residencia-medica","15":"tag-tratamento"},"yoast_head":"<!-- This site is optimized with the Yoast SEO Premium plugin v24.3 (Yoast SEO v27.5) - https:\/\/yoast.com\/product\/yoast-seo-premium-wordpress\/ -->\n<title>O que s\u00e3o as Dermatoses Bolhosas e como tratar? - Blog de Medcof: conte\u00fados, editais, revalida e mais!<\/title>\n<meta name=\"description\" content=\"Essa nomenclatura traduz as doen\u00e7as que produzem bolhas na pele. Elas possuem causas diversas e podem ter outros sintomas associados. Veja!\" \/>\n<meta name=\"robots\" content=\"index, follow, max-snippet:-1, max-image-preview:large, max-video-preview:-1\" \/>\n<link rel=\"canonical\" href=\"https:\/\/www.grupomedcof.com.br\/blog\/o-que-sao-as-dermatoses-bolhosas-e-como-tratar\/\" \/>\n<meta property=\"og:locale\" content=\"pt_BR\" \/>\n<meta property=\"og:type\" content=\"article\" \/>\n<meta property=\"og:title\" content=\"O que s\u00e3o as Dermatoses Bolhosas e como tratar?\" \/>\n<meta property=\"og:description\" content=\"Essa nomenclatura traduz as doen\u00e7as que produzem bolhas na pele. Elas possuem causas diversas e podem ter outros sintomas associados. Veja!\" \/>\n<meta property=\"og:url\" content=\"https:\/\/www.grupomedcof.com.br\/blog\/o-que-sao-as-dermatoses-bolhosas-e-como-tratar\/\" \/>\n<meta property=\"og:site_name\" content=\"Blog de Medcof: conte\u00fados, editais, revalida e mais!\" \/>\n<meta property=\"article:publisher\" content=\"https:\/\/www.facebook.com\/MedCofQbank\/\" \/>\n<meta property=\"article:published_time\" content=\"2024-09-30T19:24:16+00:00\" \/>\n<meta property=\"article:modified_time\" content=\"2024-09-30T19:24:17+00:00\" \/>\n<meta property=\"og:image\" content=\"https:\/\/www.grupomedcof.com.br\/blog\/wp-content\/uploads\/2024\/09\/Blog-MedCof-2024-09-30T162333.294-1024x576.png\" \/>\n\t<meta property=\"og:image:width\" content=\"1024\" \/>\n\t<meta property=\"og:image:height\" content=\"576\" \/>\n\t<meta property=\"og:image:type\" content=\"image\/png\" \/>\n<meta name=\"author\" content=\"Kiara Adelino\" \/>\n<meta name=\"twitter:card\" content=\"summary_large_image\" \/>\n<meta name=\"twitter:label1\" content=\"Escrito por\" \/>\n\t<meta name=\"twitter:data1\" content=\"Kiara Adelino\" \/>\n\t<meta name=\"twitter:label2\" content=\"Est. tempo de leitura\" \/>\n\t<meta name=\"twitter:data2\" content=\"5 minutos\" \/>\n<script type=\"application\/ld+json\" class=\"yoast-schema-graph\">{\"@context\":\"https:\\\/\\\/schema.org\",\"@graph\":[{\"@type\":\"Article\",\"@id\":\"https:\\\/\\\/www.grupomedcof.com.br\\\/blog\\\/o-que-sao-as-dermatoses-bolhosas-e-como-tratar\\\/#article\",\"isPartOf\":{\"@id\":\"https:\\\/\\\/www.grupomedcof.com.br\\\/blog\\\/o-que-sao-as-dermatoses-bolhosas-e-como-tratar\\\/\"},\"author\":{\"name\":\"Kiara Adelino\",\"@id\":\"https:\\\/\\\/www.grupomedcof.com.br\\\/blog\\\/#\\\/schema\\\/person\\\/db19a651f86c5fc202d6eee744fd3292\"},\"headline\":\"O que s\u00e3o as Dermatoses Bolhosas e como tratar?\",\"datePublished\":\"2024-09-30T19:24:16+00:00\",\"dateModified\":\"2024-09-30T19:24:17+00:00\",\"mainEntityOfPage\":{\"@id\":\"https:\\\/\\\/www.grupomedcof.com.br\\\/blog\\\/o-que-sao-as-dermatoses-bolhosas-e-como-tratar\\\/\"},\"wordCount\":722,\"commentCount\":0,\"publisher\":{\"@id\":\"https:\\\/\\\/www.grupomedcof.com.br\\\/blog\\\/#organization\"},\"image\":{\"@id\":\"https:\\\/\\\/www.grupomedcof.com.br\\\/blog\\\/o-que-sao-as-dermatoses-bolhosas-e-como-tratar\\\/#primaryimage\"},\"thumbnailUrl\":\"https:\\\/\\\/www.grupomedcof.com.br\\\/blog\\\/wp-content\\\/uploads\\\/2024\\\/09\\\/Blog-MedCof-2024-09-30T162333.294.png\",\"keywords\":[\"Dermatose Bolhosa\",\"diagn\u00f3stico\",\"P\u00eanfigo\",\"Penfigoides Bolhoso\",\"Provas\",\"Provas de Resid\u00eancia\",\"Resid\u00eancia M\u00e9dica\",\"tratamento\"],\"articleSection\":[\"Cl\u00ednica M\u00e9dica\"],\"inLanguage\":\"pt-BR\"},{\"@type\":\"WebPage\",\"@id\":\"https:\\\/\\\/www.grupomedcof.com.br\\\/blog\\\/o-que-sao-as-dermatoses-bolhosas-e-como-tratar\\\/\",\"url\":\"https:\\\/\\\/www.grupomedcof.com.br\\\/blog\\\/o-que-sao-as-dermatoses-bolhosas-e-como-tratar\\\/\",\"name\":\"O que s\u00e3o as Dermatoses Bolhosas e como tratar? - Blog de Medcof: conte\u00fados, editais, revalida e mais!\",\"isPartOf\":{\"@id\":\"https:\\\/\\\/www.grupomedcof.com.br\\\/blog\\\/#website\"},\"primaryImageOfPage\":{\"@id\":\"https:\\\/\\\/www.grupomedcof.com.br\\\/blog\\\/o-que-sao-as-dermatoses-bolhosas-e-como-tratar\\\/#primaryimage\"},\"image\":{\"@id\":\"https:\\\/\\\/www.grupomedcof.com.br\\\/blog\\\/o-que-sao-as-dermatoses-bolhosas-e-como-tratar\\\/#primaryimage\"},\"thumbnailUrl\":\"https:\\\/\\\/www.grupomedcof.com.br\\\/blog\\\/wp-content\\\/uploads\\\/2024\\\/09\\\/Blog-MedCof-2024-09-30T162333.294.png\",\"datePublished\":\"2024-09-30T19:24:16+00:00\",\"dateModified\":\"2024-09-30T19:24:17+00:00\",\"description\":\"Essa nomenclatura traduz as doen\u00e7as que produzem bolhas na pele. Elas possuem causas diversas e podem ter outros sintomas associados. Veja!\",\"breadcrumb\":{\"@id\":\"https:\\\/\\\/www.grupomedcof.com.br\\\/blog\\\/o-que-sao-as-dermatoses-bolhosas-e-como-tratar\\\/#breadcrumb\"},\"inLanguage\":\"pt-BR\",\"potentialAction\":[{\"@type\":\"ReadAction\",\"target\":[\"https:\\\/\\\/www.grupomedcof.com.br\\\/blog\\\/o-que-sao-as-dermatoses-bolhosas-e-como-tratar\\\/\"]}]},{\"@type\":\"ImageObject\",\"inLanguage\":\"pt-BR\",\"@id\":\"https:\\\/\\\/www.grupomedcof.com.br\\\/blog\\\/o-que-sao-as-dermatoses-bolhosas-e-como-tratar\\\/#primaryimage\",\"url\":\"https:\\\/\\\/www.grupomedcof.com.br\\\/blog\\\/wp-content\\\/uploads\\\/2024\\\/09\\\/Blog-MedCof-2024-09-30T162333.294.png\",\"contentUrl\":\"https:\\\/\\\/www.grupomedcof.com.br\\\/blog\\\/wp-content\\\/uploads\\\/2024\\\/09\\\/Blog-MedCof-2024-09-30T162333.294.png\",\"width\":2560,\"height\":1440},{\"@type\":\"BreadcrumbList\",\"@id\":\"https:\\\/\\\/www.grupomedcof.com.br\\\/blog\\\/o-que-sao-as-dermatoses-bolhosas-e-como-tratar\\\/#breadcrumb\",\"itemListElement\":[{\"@type\":\"ListItem\",\"position\":1,\"name\":\"In\u00edcio\",\"item\":\"https:\\\/\\\/www.grupomedcof.com.br\\\/blog\\\/\"},{\"@type\":\"ListItem\",\"position\":2,\"name\":\"O que s\u00e3o as Dermatoses Bolhosas e como tratar?\"}]},{\"@type\":\"WebSite\",\"@id\":\"https:\\\/\\\/www.grupomedcof.com.br\\\/blog\\\/#website\",\"url\":\"https:\\\/\\\/www.grupomedcof.com.br\\\/blog\\\/\",\"name\":\"Blog de Medcof: conte\u00fados, editais, revalida e mais!\",\"description\":\"Acesso o blog de MedCof! Seu portal de conte\u00fados sobre resid\u00eancia m\u00e9dica, an\u00e1lise e editais e muito mais. Clique e confira!\",\"publisher\":{\"@id\":\"https:\\\/\\\/www.grupomedcof.com.br\\\/blog\\\/#organization\"},\"alternateName\":\"Blog de Medcof: conte\u00fados, editais, revalida e mais!\",\"potentialAction\":[{\"@type\":\"SearchAction\",\"target\":{\"@type\":\"EntryPoint\",\"urlTemplate\":\"https:\\\/\\\/www.grupomedcof.com.br\\\/blog\\\/?s={search_term_string}\"},\"query-input\":{\"@type\":\"PropertyValueSpecification\",\"valueRequired\":true,\"valueName\":\"search_term_string\"}}],\"inLanguage\":\"pt-BR\"},{\"@type\":\"Organization\",\"@id\":\"https:\\\/\\\/www.grupomedcof.com.br\\\/blog\\\/#organization\",\"name\":\"Grupo MedCof\",\"url\":\"https:\\\/\\\/www.grupomedcof.com.br\\\/blog\\\/\",\"logo\":{\"@type\":\"ImageObject\",\"inLanguage\":\"pt-BR\",\"@id\":\"https:\\\/\\\/www.grupomedcof.com.br\\\/blog\\\/#\\\/schema\\\/logo\\\/image\\\/\",\"url\":\"https:\\\/\\\/www.grupomedcof.com.br\\\/blog\\\/wp-content\\\/uploads\\\/2022\\\/01\\\/logo-medcof.png\",\"contentUrl\":\"https:\\\/\\\/www.grupomedcof.com.br\\\/blog\\\/wp-content\\\/uploads\\\/2022\\\/01\\\/logo-medcof.png\",\"width\":768,\"height\":269,\"caption\":\"Grupo MedCof\"},\"image\":{\"@id\":\"https:\\\/\\\/www.grupomedcof.com.br\\\/blog\\\/#\\\/schema\\\/logo\\\/image\\\/\"},\"sameAs\":[\"https:\\\/\\\/www.facebook.com\\\/MedCofQbank\\\/\",\"https:\\\/\\\/www.instagram.com\\\/grupomedcof\\\/\",\"https:\\\/\\\/br.linkedin.com\\\/company\\\/medcof\",\"https:\\\/\\\/www.youtube.com\\\/channel\\\/UCdHMuOHKICxcHwecxN8P-AA\"]},{\"@type\":\"Person\",\"@id\":\"https:\\\/\\\/www.grupomedcof.com.br\\\/blog\\\/#\\\/schema\\\/person\\\/db19a651f86c5fc202d6eee744fd3292\",\"name\":\"Kiara Adelino\",\"image\":{\"@type\":\"ImageObject\",\"inLanguage\":\"pt-BR\",\"@id\":\"https:\\\/\\\/www.grupomedcof.com.br\\\/blog\\\/wp-content\\\/uploads\\\/2024\\\/08\\\/cropped-Kiara-Adelino2-96x96.jpega85663bdda67261f8f06f86e555e1e49\",\"url\":\"https:\\\/\\\/www.grupomedcof.com.br\\\/blog\\\/wp-content\\\/uploads\\\/2024\\\/08\\\/cropped-Kiara-Adelino2-96x96.jpeg\",\"contentUrl\":\"https:\\\/\\\/www.grupomedcof.com.br\\\/blog\\\/wp-content\\\/uploads\\\/2024\\\/08\\\/cropped-Kiara-Adelino2-96x96.jpeg\",\"caption\":\"Kiara Adelino\"},\"description\":\"Estudante do 5\u00b0 semestre de Medicina. Gosto bastante de aprender coisas novas, principalmente na \u00e1rea de Neurologia e Anatomia humana.\",\"url\":\"https:\\\/\\\/www.grupomedcof.com.br\\\/blog\\\/author\\\/kiara-adelino\\\/\"}]}<\/script>\n<!-- \/ Yoast SEO Premium plugin. -->","yoast_head_json":{"title":"O que s\u00e3o as Dermatoses Bolhosas e como tratar? - Blog de Medcof: conte\u00fados, editais, revalida e mais!","description":"Essa nomenclatura traduz as doen\u00e7as que produzem bolhas na pele. Elas possuem causas diversas e podem ter outros sintomas associados. Veja!","robots":{"index":"index","follow":"follow","max-snippet":"max-snippet:-1","max-image-preview":"max-image-preview:large","max-video-preview":"max-video-preview:-1"},"canonical":"https:\/\/www.grupomedcof.com.br\/blog\/o-que-sao-as-dermatoses-bolhosas-e-como-tratar\/","og_locale":"pt_BR","og_type":"article","og_title":"O que s\u00e3o as Dermatoses Bolhosas e como tratar?","og_description":"Essa nomenclatura traduz as doen\u00e7as que produzem bolhas na pele. Elas possuem causas diversas e podem ter outros sintomas associados. Veja!","og_url":"https:\/\/www.grupomedcof.com.br\/blog\/o-que-sao-as-dermatoses-bolhosas-e-como-tratar\/","og_site_name":"Blog de Medcof: conte\u00fados, editais, revalida e mais!","article_publisher":"https:\/\/www.facebook.com\/MedCofQbank\/","article_published_time":"2024-09-30T19:24:16+00:00","article_modified_time":"2024-09-30T19:24:17+00:00","og_image":[{"width":1024,"height":576,"url":"https:\/\/www.grupomedcof.com.br\/blog\/wp-content\/uploads\/2024\/09\/Blog-MedCof-2024-09-30T162333.294-1024x576.png","type":"image\/png"}],"author":"Kiara Adelino","twitter_card":"summary_large_image","twitter_misc":{"Escrito por":"Kiara Adelino","Est. tempo de leitura":"5 minutos"},"schema":{"@context":"https:\/\/schema.org","@graph":[{"@type":"Article","@id":"https:\/\/www.grupomedcof.com.br\/blog\/o-que-sao-as-dermatoses-bolhosas-e-como-tratar\/#article","isPartOf":{"@id":"https:\/\/www.grupomedcof.com.br\/blog\/o-que-sao-as-dermatoses-bolhosas-e-como-tratar\/"},"author":{"name":"Kiara Adelino","@id":"https:\/\/www.grupomedcof.com.br\/blog\/#\/schema\/person\/db19a651f86c5fc202d6eee744fd3292"},"headline":"O que s\u00e3o as Dermatoses Bolhosas e como tratar?","datePublished":"2024-09-30T19:24:16+00:00","dateModified":"2024-09-30T19:24:17+00:00","mainEntityOfPage":{"@id":"https:\/\/www.grupomedcof.com.br\/blog\/o-que-sao-as-dermatoses-bolhosas-e-como-tratar\/"},"wordCount":722,"commentCount":0,"publisher":{"@id":"https:\/\/www.grupomedcof.com.br\/blog\/#organization"},"image":{"@id":"https:\/\/www.grupomedcof.com.br\/blog\/o-que-sao-as-dermatoses-bolhosas-e-como-tratar\/#primaryimage"},"thumbnailUrl":"https:\/\/www.grupomedcof.com.br\/blog\/wp-content\/uploads\/2024\/09\/Blog-MedCof-2024-09-30T162333.294.png","keywords":["Dermatose Bolhosa","diagn\u00f3stico","P\u00eanfigo","Penfigoides Bolhoso","Provas","Provas de Resid\u00eancia","Resid\u00eancia M\u00e9dica","tratamento"],"articleSection":["Cl\u00ednica M\u00e9dica"],"inLanguage":"pt-BR"},{"@type":"WebPage","@id":"https:\/\/www.grupomedcof.com.br\/blog\/o-que-sao-as-dermatoses-bolhosas-e-como-tratar\/","url":"https:\/\/www.grupomedcof.com.br\/blog\/o-que-sao-as-dermatoses-bolhosas-e-como-tratar\/","name":"O que s\u00e3o as Dermatoses Bolhosas e como tratar? - Blog de Medcof: conte\u00fados, editais, revalida e mais!","isPartOf":{"@id":"https:\/\/www.grupomedcof.com.br\/blog\/#website"},"primaryImageOfPage":{"@id":"https:\/\/www.grupomedcof.com.br\/blog\/o-que-sao-as-dermatoses-bolhosas-e-como-tratar\/#primaryimage"},"image":{"@id":"https:\/\/www.grupomedcof.com.br\/blog\/o-que-sao-as-dermatoses-bolhosas-e-como-tratar\/#primaryimage"},"thumbnailUrl":"https:\/\/www.grupomedcof.com.br\/blog\/wp-content\/uploads\/2024\/09\/Blog-MedCof-2024-09-30T162333.294.png","datePublished":"2024-09-30T19:24:16+00:00","dateModified":"2024-09-30T19:24:17+00:00","description":"Essa nomenclatura traduz as doen\u00e7as que produzem bolhas na pele. Elas possuem causas diversas e podem ter outros sintomas associados. Veja!","breadcrumb":{"@id":"https:\/\/www.grupomedcof.com.br\/blog\/o-que-sao-as-dermatoses-bolhosas-e-como-tratar\/#breadcrumb"},"inLanguage":"pt-BR","potentialAction":[{"@type":"ReadAction","target":["https:\/\/www.grupomedcof.com.br\/blog\/o-que-sao-as-dermatoses-bolhosas-e-como-tratar\/"]}]},{"@type":"ImageObject","inLanguage":"pt-BR","@id":"https:\/\/www.grupomedcof.com.br\/blog\/o-que-sao-as-dermatoses-bolhosas-e-como-tratar\/#primaryimage","url":"https:\/\/www.grupomedcof.com.br\/blog\/wp-content\/uploads\/2024\/09\/Blog-MedCof-2024-09-30T162333.294.png","contentUrl":"https:\/\/www.grupomedcof.com.br\/blog\/wp-content\/uploads\/2024\/09\/Blog-MedCof-2024-09-30T162333.294.png","width":2560,"height":1440},{"@type":"BreadcrumbList","@id":"https:\/\/www.grupomedcof.com.br\/blog\/o-que-sao-as-dermatoses-bolhosas-e-como-tratar\/#breadcrumb","itemListElement":[{"@type":"ListItem","position":1,"name":"In\u00edcio","item":"https:\/\/www.grupomedcof.com.br\/blog\/"},{"@type":"ListItem","position":2,"name":"O que s\u00e3o as Dermatoses Bolhosas e como tratar?"}]},{"@type":"WebSite","@id":"https:\/\/www.grupomedcof.com.br\/blog\/#website","url":"https:\/\/www.grupomedcof.com.br\/blog\/","name":"Blog de Medcof: conte\u00fados, editais, revalida e mais!","description":"Acesso o blog de MedCof! Seu portal de conte\u00fados sobre resid\u00eancia m\u00e9dica, an\u00e1lise e editais e muito mais. Clique e confira!","publisher":{"@id":"https:\/\/www.grupomedcof.com.br\/blog\/#organization"},"alternateName":"Blog de Medcof: conte\u00fados, editais, revalida e mais!","potentialAction":[{"@type":"SearchAction","target":{"@type":"EntryPoint","urlTemplate":"https:\/\/www.grupomedcof.com.br\/blog\/?s={search_term_string}"},"query-input":{"@type":"PropertyValueSpecification","valueRequired":true,"valueName":"search_term_string"}}],"inLanguage":"pt-BR"},{"@type":"Organization","@id":"https:\/\/www.grupomedcof.com.br\/blog\/#organization","name":"Grupo MedCof","url":"https:\/\/www.grupomedcof.com.br\/blog\/","logo":{"@type":"ImageObject","inLanguage":"pt-BR","@id":"https:\/\/www.grupomedcof.com.br\/blog\/#\/schema\/logo\/image\/","url":"https:\/\/www.grupomedcof.com.br\/blog\/wp-content\/uploads\/2022\/01\/logo-medcof.png","contentUrl":"https:\/\/www.grupomedcof.com.br\/blog\/wp-content\/uploads\/2022\/01\/logo-medcof.png","width":768,"height":269,"caption":"Grupo MedCof"},"image":{"@id":"https:\/\/www.grupomedcof.com.br\/blog\/#\/schema\/logo\/image\/"},"sameAs":["https:\/\/www.facebook.com\/MedCofQbank\/","https:\/\/www.instagram.com\/grupomedcof\/","https:\/\/br.linkedin.com\/company\/medcof","https:\/\/www.youtube.com\/channel\/UCdHMuOHKICxcHwecxN8P-AA"]},{"@type":"Person","@id":"https:\/\/www.grupomedcof.com.br\/blog\/#\/schema\/person\/db19a651f86c5fc202d6eee744fd3292","name":"Kiara Adelino","image":{"@type":"ImageObject","inLanguage":"pt-BR","@id":"https:\/\/www.grupomedcof.com.br\/blog\/wp-content\/uploads\/2024\/08\/cropped-Kiara-Adelino2-96x96.jpega85663bdda67261f8f06f86e555e1e49","url":"https:\/\/www.grupomedcof.com.br\/blog\/wp-content\/uploads\/2024\/08\/cropped-Kiara-Adelino2-96x96.jpeg","contentUrl":"https:\/\/www.grupomedcof.com.br\/blog\/wp-content\/uploads\/2024\/08\/cropped-Kiara-Adelino2-96x96.jpeg","caption":"Kiara Adelino"},"description":"Estudante do 5\u00b0 semestre de Medicina. Gosto bastante de aprender coisas novas, principalmente na \u00e1rea de Neurologia e Anatomia humana.","url":"https:\/\/www.grupomedcof.com.br\/blog\/author\/kiara-adelino\/"}]}},"authors":[{"term_id":3617,"user_id":21,"is_guest":0,"slug":"kiara-adelino","display_name":"Kiara Adelino","avatar_url":"https:\/\/www.grupomedcof.com.br\/blog\/wp-content\/uploads\/2024\/08\/cropped-Kiara-Adelino2-96x96.jpeg","0":null,"1":"","2":"","3":"","4":"","5":"","6":"","7":"","8":""}],"_links":{"self":[{"href":"https:\/\/www.grupomedcof.com.br\/blog\/wp-json\/wp\/v2\/posts\/30119","targetHints":{"allow":["GET"]}}],"collection":[{"href":"https:\/\/www.grupomedcof.com.br\/blog\/wp-json\/wp\/v2\/posts"}],"about":[{"href":"https:\/\/www.grupomedcof.com.br\/blog\/wp-json\/wp\/v2\/types\/post"}],"author":[{"embeddable":true,"href":"https:\/\/www.grupomedcof.com.br\/blog\/wp-json\/wp\/v2\/users\/21"}],"replies":[{"embeddable":true,"href":"https:\/\/www.grupomedcof.com.br\/blog\/wp-json\/wp\/v2\/comments?post=30119"}],"version-history":[{"count":0,"href":"https:\/\/www.grupomedcof.com.br\/blog\/wp-json\/wp\/v2\/posts\/30119\/revisions"}],"wp:featuredmedia":[{"embeddable":true,"href":"https:\/\/www.grupomedcof.com.br\/blog\/wp-json\/wp\/v2\/media\/30127"}],"wp:attachment":[{"href":"https:\/\/www.grupomedcof.com.br\/blog\/wp-json\/wp\/v2\/media?parent=30119"}],"wp:term":[{"taxonomy":"category","embeddable":true,"href":"https:\/\/www.grupomedcof.com.br\/blog\/wp-json\/wp\/v2\/categories?post=30119"},{"taxonomy":"post_tag","embeddable":true,"href":"https:\/\/www.grupomedcof.com.br\/blog\/wp-json\/wp\/v2\/tags?post=30119"},{"taxonomy":"author","embeddable":true,"href":"https:\/\/www.grupomedcof.com.br\/blog\/wp-json\/wp\/v2\/ppma_author?post=30119"}],"curies":[{"name":"wp","href":"https:\/\/api.w.org\/{rel}","templated":true}]}}