{"id":30356,"date":"2025-12-16T15:49:31","date_gmt":"2025-12-16T18:49:31","guid":{"rendered":"https:\/\/www.grupomedcof.com.br\/blog\/?p=30356"},"modified":"2025-12-16T15:49:34","modified_gmt":"2025-12-16T18:49:34","slug":"edital-residencia-medica-idor","status":"publish","type":"post","link":"https:\/\/www.grupomedcof.com.br\/blog\/edital-residencia-medica-idor\/","title":{"rendered":"Resid\u00eancia M\u00e9dica IDOR 2025\/2026: confira o gabarito preliminar da prova!"},"content":{"rendered":"<div id=\"ez-toc-container\" class=\"ez-toc-v2_0_74 counter-hierarchy ez-toc-counter ez-toc-transparent ez-toc-container-direction\">\n<div class=\"ez-toc-title-container\">\n<p class=\"ez-toc-title\" style=\"cursor:inherit\">Sum\u00e1rio<\/p>\n<span class=\"ez-toc-title-toggle\"><a href=\"#\" class=\"ez-toc-pull-right ez-toc-btn ez-toc-btn-xs ez-toc-btn-default ez-toc-toggle\" aria-label=\"Alternar tabela de conte\u00fado\"><span class=\"ez-toc-js-icon-con\"><span class=\"\"><span class=\"eztoc-hide\" style=\"display:none;\">Toggle<\/span><span class=\"ez-toc-icon-toggle-span\"><svg style=\"fill: #999;color:#999\" xmlns=\"http:\/\/www.w3.org\/2000\/svg\" class=\"list-377408\" width=\"20px\" height=\"20px\" viewBox=\"0 0 24 24\" fill=\"none\"><path d=\"M6 6H4v2h2V6zm14 0H8v2h12V6zM4 11h2v2H4v-2zm16 0H8v2h12v-2zM4 16h2v2H4v-2zm16 0H8v2h12v-2z\" fill=\"currentColor\"><\/path><\/svg><svg style=\"fill: #999;color:#999\" class=\"arrow-unsorted-368013\" xmlns=\"http:\/\/www.w3.org\/2000\/svg\" width=\"10px\" height=\"10px\" viewBox=\"0 0 24 24\" version=\"1.2\" baseProfile=\"tiny\"><path d=\"M18.2 9.3l-6.2-6.3-6.2 6.3c-.2.2-.3.4-.3.7s.1.5.3.7c.2.2.4.3.7.3h11c.3 0 .5-.1.7-.3.2-.2.3-.5.3-.7s-.1-.5-.3-.7zM5.8 14.7l6.2 6.3 6.2-6.3c.2-.2.3-.5.3-.7s-.1-.5-.3-.7c-.2-.2-.4-.3-.7-.3h-11c-.3 0-.5.1-.7.3-.2.2-.3.5-.3.7s.1.5.3.7z\"\/><\/svg><\/span><\/span><\/span><\/a><\/span><\/div>\n<nav><ul class='ez-toc-list ez-toc-list-level-1 ' ><li class='ez-toc-page-1 ez-toc-heading-level-2'><a class=\"ez-toc-link ez-toc-heading-1\" href=\"https:\/\/www.grupomedcof.com.br\/blog\/edital-residencia-medica-idor\/#Edital_IDOR_20252026\" >Edital IDOR 2025\/2026<\/a><\/li><li class='ez-toc-page-1 ez-toc-heading-level-2'><a class=\"ez-toc-link ez-toc-heading-2\" href=\"https:\/\/www.grupomedcof.com.br\/blog\/edital-residencia-medica-idor\/#Vagas_ofertadas\" >Vagas ofertadas<\/a><ul class='ez-toc-list-level-3' ><li class='ez-toc-heading-level-3'><a class=\"ez-toc-link ez-toc-heading-3\" href=\"https:\/\/www.grupomedcof.com.br\/blog\/edital-residencia-medica-idor\/#Acesso_Direto\" >Acesso Direto<\/a><\/li><li class='ez-toc-page-1 ez-toc-heading-level-3'><a class=\"ez-toc-link ez-toc-heading-4\" href=\"https:\/\/www.grupomedcof.com.br\/blog\/edital-residencia-medica-idor\/#Pre-Requisito\" >Pr\u00e9-Requisito<\/a><\/li><\/ul><\/li><li class='ez-toc-page-1 ez-toc-heading-level-2'><a class=\"ez-toc-link ez-toc-heading-5\" href=\"https:\/\/www.grupomedcof.com.br\/blog\/edital-residencia-medica-idor\/#Processo_Seletivo_IDOR_20252026\" >Processo Seletivo IDOR 2025\/2026<\/a><\/li><li class='ez-toc-page-1 ez-toc-heading-level-2'><a class=\"ez-toc-link ez-toc-heading-6\" href=\"https:\/\/www.grupomedcof.com.br\/blog\/edital-residencia-medica-idor\/#Cronograma_IDOR_20252026\" >Cronograma IDOR 2025\/2026<\/a><\/li><li class='ez-toc-page-1 ez-toc-heading-level-2'><a class=\"ez-toc-link ez-toc-heading-7\" href=\"https:\/\/www.grupomedcof.com.br\/blog\/edital-residencia-medica-idor\/#Edital_na_integra\" >Edital na \u00edntegra<\/a><\/li><li class='ez-toc-page-1 ez-toc-heading-level-2'><a class=\"ez-toc-link ez-toc-heading-8\" href=\"https:\/\/www.grupomedcof.com.br\/blog\/edital-residencia-medica-idor\/#Gabarito_Preliminar_IDOR_20252026\" >Gabarito Preliminar IDOR 2025\/2026<\/a><\/li><\/ul><\/nav><\/div>\n\n<figure class=\"wp-block-image size-large\"><img loading=\"lazy\" decoding=\"async\" width=\"1024\" height=\"576\" src=\"https:\/\/www.grupomedcof.com.br\/blog\/wp-content\/uploads\/2024\/10\/Modelo-instituicoes-2024-10-07T175217.837-1024x576.png\" alt=\"\" class=\"wp-image-30371\" srcset=\"https:\/\/www.grupomedcof.com.br\/blog\/wp-content\/uploads\/2024\/10\/Modelo-instituicoes-2024-10-07T175217.837-1024x576.png 1024w, https:\/\/www.grupomedcof.com.br\/blog\/wp-content\/uploads\/2024\/10\/Modelo-instituicoes-2024-10-07T175217.837-300x169.png 300w, https:\/\/www.grupomedcof.com.br\/blog\/wp-content\/uploads\/2024\/10\/Modelo-instituicoes-2024-10-07T175217.837-768x432.png 768w, https:\/\/www.grupomedcof.com.br\/blog\/wp-content\/uploads\/2024\/10\/Modelo-instituicoes-2024-10-07T175217.837-1536x864.png 1536w, https:\/\/www.grupomedcof.com.br\/blog\/wp-content\/uploads\/2024\/10\/Modelo-instituicoes-2024-10-07T175217.837-2048x1152.png 2048w, https:\/\/www.grupomedcof.com.br\/blog\/wp-content\/uploads\/2024\/10\/Modelo-instituicoes-2024-10-07T175217.837-747x420.png 747w, https:\/\/www.grupomedcof.com.br\/blog\/wp-content\/uploads\/2024\/10\/Modelo-instituicoes-2024-10-07T175217.837-150x84.png 150w, https:\/\/www.grupomedcof.com.br\/blog\/wp-content\/uploads\/2024\/10\/Modelo-instituicoes-2024-10-07T175217.837-696x392.png 696w, https:\/\/www.grupomedcof.com.br\/blog\/wp-content\/uploads\/2024\/10\/Modelo-instituicoes-2024-10-07T175217.837-1068x601.png 1068w, https:\/\/www.grupomedcof.com.br\/blog\/wp-content\/uploads\/2024\/10\/Modelo-instituicoes-2024-10-07T175217.837-1920x1080.png 1920w\" sizes=\"auto, (max-width: 1024px) 100vw, 1024px\" \/><\/figure>\n\n\n\n<p>Confira as principais informa\u00e7\u00f5es do processo seletivo do <strong>Instituto D\u2019Or de Pesquisa e Ensino (IDOR)<\/strong> 2025\/2026!<\/p>\n\n\n\n<h2 class=\"wp-block-heading\" id=\"h-edital-idor-2025-2026\"><span class=\"ez-toc-section\" id=\"Edital_IDOR_20252026\"><\/span><strong>Edital IDOR 2025\/2026<\/strong><span class=\"ez-toc-section-end\"><\/span><\/h2>\n\n\n\n<p>De acordo com o edital divulgado, o processo seletivo tem duas fases: a prova objetiva e a an\u00e1lise curricular. Ademais, para realizar a inscri\u00e7\u00e3o, foi necess\u00e1rio realizar o pagamento da taxa no valor de <strong>R$550,00<\/strong> e preencher os dados entre os dias <strong>15 de outubro<\/strong>\u00a0e<strong>\u00a08 de dezembro de 2025<\/strong>.<\/p>\n\n\n\n<h2 class=\"wp-block-heading\" id=\"h-vagas-ofertadas\"><span class=\"ez-toc-section\" id=\"Vagas_ofertadas\"><\/span><strong>Vagas ofertadas<\/strong><span class=\"ez-toc-section-end\"><\/span><\/h2>\n\n\n\n<h3 class=\"wp-block-heading\" id=\"h-acesso-direto\"><span class=\"ez-toc-section\" id=\"Acesso_Direto\"><\/span><strong>Acesso Direto<\/strong><span class=\"ez-toc-section-end\"><\/span><\/h3>\n\n\n\n<figure class=\"wp-block-table\"><table class=\"has-fixed-layout\"><thead><tr><th>Regi\u00e3o<\/th><th>Hospital<\/th><th>Especialidade<\/th><th>Vagas<\/th><\/tr><\/thead><tbody><tr><td>SP<\/td><td>Hospital S\u00e3o Luiz Jabaquara<\/td><td>Anestesiologia<\/td><td>3<\/td><\/tr><tr><td>RJ<\/td><td>Gl\u00f3ria D\u2019Or<\/td><td>Anestesiologia<\/td><td>2<\/td><\/tr><tr><td>SP<\/td><td>Hospital S\u00e3o Luiz Jabaquara<\/td><td>Cirurgia Geral<\/td><td>2<\/td><\/tr><tr><td>RJ<\/td><td>Quinta D\u2019Or<\/td><td>Cirurgia Geral<\/td><td>1<\/td><\/tr><tr><td>RJ<\/td><td>Barra D\u2019Or, Caxias D\u2019Or, Copa D\u2019Or, Norte D\u2019Or, Quinta D\u2019Or, Rios D\u2019Or<\/td><td>Cl\u00ednica M\u00e9dica<\/td><td>9<\/td><\/tr><tr><td>MA<\/td><td>UDI Hospital<\/td><td>Cl\u00ednica M\u00e9dica<\/td><td>4<\/td><\/tr><tr><td>AL<\/td><td>Hospital Memorial Arthur Ramos<\/td><td>Cl\u00ednica M\u00e9dica<\/td><td>5<\/td><\/tr><tr><td>RJ<\/td><td>Caxias D\u2019Or<\/td><td>Ginecologia e Obstetr\u00edcia<\/td><td>2<\/td><\/tr><tr><td>RJ<\/td><td>Quinta D\u2019Or<\/td><td>Medicina de Emerg\u00eancia<\/td><td>2<\/td><\/tr><tr><td>MA<\/td><td>UDI Hospital<\/td><td>Medicina de Emerg\u00eancia<\/td><td>1<\/td><\/tr><tr><td>RJ<\/td><td>Barra D\u2019Or, Copa D\u2019Or<\/td><td>Medicina Intensiva<\/td><td>3<\/td><\/tr><tr><td>SP<\/td><td>Hospital S\u00e3o Luiz Jabaquara<\/td><td>Medicina Intensiva<\/td><td>1<\/td><\/tr><tr><td>MA<\/td><td>UDI Hospital<\/td><td>Medicina Intensiva<\/td><td>2<\/td><\/tr><tr><td>AL<\/td><td>Hospital Memorial Arthur Ramos<\/td><td>Medicina Intensiva<\/td><td>1<\/td><\/tr><tr><td>RJ<\/td><td>Copa D\u2019Or<\/td><td>Ortopedia e Traumatologia<\/td><td>2<\/td><\/tr><tr><td>SP<\/td><td>IFOR<\/td><td>Ortopedia e Traumatologia<\/td><td>3<\/td><\/tr><tr><td>MA<\/td><td>UDI Hospital<\/td><td>Ortopedia e Traumatologia<\/td><td>2<\/td><\/tr><tr><td>RJ<\/td><td>Caxias D\u2019Or, Quinta D\u2019Or<\/td><td>Otorrinolaringologia<\/td><td>2<\/td><\/tr><tr><td>RJ<\/td><td>Copa D\u2019Or, Jutta Batista, Quinta D\u2019Or, Rios D\u2019Or<\/td><td>Pediatria<\/td><td>6<\/td><\/tr><tr><td>RJ<\/td><td>Quinta D\u2019Or<\/td><td>Patologia<\/td><td>1<\/td><\/tr><tr><td>SP<\/td><td>Hospital S\u00e3o Luiz Jabaquara<\/td><td>Patologia<\/td><td>1<\/td><\/tr><tr><td>RJ<\/td><td>Barra D\u2019Or, Quinta D\u2019Or<\/td><td>Radiologia<\/td><td>5<\/td><\/tr><tr><td>AL<\/td><td>Hospital Memorial Arthur Ramos<\/td><td>Radiologia<\/td><td>2<\/td><\/tr><tr><td>MA<\/td><td>UDI Hospital<\/td><td>Radiologia<\/td><td>2<\/td><\/tr><tr><td>RJ<\/td><td>Quinta D\u2019Or e Cl\u00ednica da Fam\u00edlia Medalhista Ol\u00edmpico Maur\u00edcio Silva<\/td><td>Medicina de Fam\u00edlia e Comunidade<\/td><td>2<\/td><\/tr><\/tbody><\/table><\/figure>\n\n\n\n<h3 class=\"wp-block-heading\" id=\"h-pre-requisito\"><span class=\"ez-toc-section\" id=\"Pre-Requisito\"><\/span><strong>Pr\u00e9-Requisito<\/strong><span class=\"ez-toc-section-end\"><\/span><\/h3>\n\n\n\n<figure class=\"wp-block-table\"><table class=\"has-fixed-layout\"><thead><tr><th>Regi\u00e3o<\/th><th>Hospital<\/th><th>Especialidade<\/th><th>Vagas<\/th><\/tr><\/thead><tbody><tr><td>RJ<\/td><td>Barra D\u2019Or, Quinta D\u2019Or<\/td><td>Cardiologia<\/td><td>3<\/td><\/tr><tr><td>SP<\/td><td>Hospital S\u00e3o Luiz Jabaquara, An\u00e1lia Franco<\/td><td>Cardiologia<\/td><td>4<\/td><\/tr><tr><td>MA<\/td><td>UDI Hospital<\/td><td>Cardiologia<\/td><td>2<\/td><\/tr><tr><td>SE<\/td><td>Hospital S\u00e3o Lucas<\/td><td>Cardiologia<\/td><td>2<\/td><\/tr><tr><td>AL<\/td><td>Hospital Memorial Arthur Ramos<\/td><td>Cardiologia<\/td><td>1<\/td><\/tr><tr><td>SE<\/td><td>Hospital S\u00e3o Lucas<\/td><td>Gastroenterologia<\/td><td>1<\/td><\/tr><tr><td>RJ<\/td><td>Quinta D\u2019Or e Oncologia D\u2019Or<\/td><td>Hematologia e Hemoterapia<\/td><td>2<\/td><\/tr><tr><td>SP<\/td><td>Hospital Vila Nova Star, S\u00e3o Luiz Itaim e OncoStar<\/td><td>Hematologia e Hemoterapia<\/td><td>2<\/td><\/tr><tr><td>AL<\/td><td>Hospital Memorial Arthur Ramos<\/td><td>Nefrologia<\/td><td>1<\/td><\/tr><tr><td>RJ<\/td><td>Quinta D\u2019Or e Oncologia D\u2019Or<\/td><td>Oncologia Cl\u00ednica<\/td><td>2<\/td><\/tr><tr><td>SP<\/td><td>Hospital Vila Nova Star, S\u00e3o Luiz Itaim e OncoStar<\/td><td>Oncologia Cl\u00ednica<\/td><td>2<\/td><\/tr><tr><td>RJ<\/td><td>Copa D\u2019Or<\/td><td>Pneumologia<\/td><td>1<\/td><\/tr><\/tbody><\/table><\/figure>\n\n\n\n<h4 class=\"wp-block-heading\"><strong>Pr\u00e9-Requisito em especialidades espec\u00edficas<\/strong><\/h4>\n\n\n\n<figure class=\"wp-block-table\"><table class=\"has-fixed-layout\"><thead><tr><th>Regi\u00e3o<\/th><th>Hospital<\/th><th>Especialidade<\/th><th>Vagas<\/th><\/tr><\/thead><tbody><tr><td>RJ<\/td><td>Quinta D\u2019Or<\/td><td>Cirurgia do Aparelho Digestivo<\/td><td>1<\/td><\/tr><tr><td>RJ<\/td><td>Copa D\u2019Or<\/td><td>Cirurgia Tor\u00e1cica<\/td><td>1<\/td><\/tr><tr><td>RJ<\/td><td>Quinta D\u2019Or<\/td><td>Urologia<\/td><td>1<\/td><\/tr><tr><td>SP<\/td><td>Hospital S\u00e3o Luiz Jabaquara<\/td><td>Urologia<\/td><td>1<\/td><\/tr><tr><td>AL<\/td><td>Hospital Memorial Arthur Ramos<\/td><td>Cirurgia Vascular<\/td><td>1<\/td><\/tr><\/tbody><\/table><\/figure>\n\n\n\n<h4 class=\"wp-block-heading\"><strong>Programas com Pr\u00e9-Requisito em outras \u00e1reas espec\u00edficas<\/strong><\/h4>\n\n\n\n<figure class=\"wp-block-table\"><table class=\"has-fixed-layout\"><thead><tr><th>Regi\u00e3o<\/th><th>Hospital<\/th><th>Especialidade<\/th><th>Vagas<\/th><\/tr><\/thead><tbody><tr><td>SP<\/td><td>IFOR<\/td><td>Cirurgia da M\u00e3o e Microcirurgia (PR em Cirurgia Pl\u00e1stica ou Ortopedia e Traumatologia)<\/td><td>1<\/td><\/tr><tr><td>RJ<\/td><td>Hospital Jutta Batista<\/td><td>Medicina Intensiva Pedi\u00e1trica (PR em Pediatria)<\/td><td>2<\/td><\/tr><tr><td>RJ<\/td><td>Perinatal Barra D\u2019Or, Perinatal Gloria D\u2019Or<\/td><td>Neonatologia (PR em Pediatria)<\/td><td>2<\/td><\/tr><tr><td>RJ<\/td><td>Perinatal Barra D\u2019Or, Perinatal Gloria D\u2019Or<\/td><td>Medicina Fetal (\u00c1rea de Atua\u00e7\u00e3o com PR em Ginecologia e Obstetr\u00edcia)<\/td><td>2<\/td><\/tr><tr><td>RJ<\/td><td>Quinta D\u2019Or<\/td><td>Hepatologia (\u00c1rea de Atua\u00e7\u00e3o com PR em Cl\u00ednica M\u00e9dica ou Gastroenterologia ou Infectologia)<\/td><td>1<\/td><\/tr><\/tbody><\/table><\/figure>\n\n\n\n<h2 class=\"wp-block-heading\" id=\"h-processo-seletivo-idor-2025-2026\"><span class=\"ez-toc-section\" id=\"Processo_Seletivo_IDOR_20252026\"><\/span><strong>Processo Seletivo IDOR 2025\/2026<\/strong><span class=\"ez-toc-section-end\"><\/span><\/h2>\n\n\n\n<p>Conforme dito anteriormente, o processo seletivo possui duas etapas: a prova objetiva e a an\u00e1lise curricular. A prova objetiva aconteceu no dia <strong>13 de dezembro de 2025, das 15h \u00e0s 18h.<\/strong> Foi composta por <strong>50 quest\u00f5es de m\u00faltipla escolha.<\/strong><\/p>\n\n\n\n<p>J\u00e1 a segunda fase, ser\u00e1 composta pela an\u00e1lise curricular, que teve que ser enviado no per\u00edodo de <strong>29 de setembro a 08 de dezembro de 2025.<\/strong><\/p>\n\n\n\n<h2 class=\"wp-block-heading\" id=\"cronograma-hevv-2024-2025\"><span class=\"ez-toc-section\" id=\"Cronograma_IDOR_20252026\"><\/span><strong>Cronograma IDOR 2025\/2026<\/strong><span class=\"ez-toc-section-end\"><\/span><\/h2>\n\n\n\n<figure class=\"wp-block-table\"><table class=\"has-fixed-layout\"><tbody><tr><td><strong>Inscri\u00e7\u00f5es<\/strong><\/td><td>15\/10 a 08\/12\/2025<\/td><\/tr><tr><td><strong>Aplica\u00e7\u00e3o da prova objetiva<\/strong><\/td><td>13\/12\/2025<\/td><\/tr><tr><td><strong>Gabarito<\/strong><\/td><td>14\/12\/2025<\/td><\/tr><tr><td><strong>Recursos<\/strong><\/td><td>15\/12\/2025<\/td><\/tr><tr><td><strong>Resultado Final da Primeira Fase<\/strong><\/td><td>19\/12\/2025 <\/td><\/tr><tr><td><strong>Envio do curr\u00edculo<\/strong><\/td><td>29\/09 a 08\/12\/2025<\/td><\/tr><tr><td><strong>Resultado Preliminar da Segunda Fase<\/strong><\/td><td>16\/01\/2026 <\/td><\/tr><tr><td><strong>Divulga\u00e7\u00e3o da Lista de Classifica\u00e7\u00e3o &#8211;<br>Convoca\u00e7\u00e3o para Matr\u00edcula<\/strong><\/td><td>21\/01\/2026<\/td><\/tr><tr><td><strong>Matr\u00edcula<\/strong><\/td><td>27 a 30\/01\/2026<\/td><\/tr><\/tbody><\/table><\/figure>\n\n\n\n<h2 class=\"wp-block-heading\" id=\"h-edital-na-integra\"><span class=\"ez-toc-section\" id=\"Edital_na_integra\"><\/span><strong>Edital na \u00edntegra<\/strong><span class=\"ez-toc-section-end\"><\/span><\/h2>\n\n\n\n<p>Veja o edital para mais informa\u00e7\u00f5es!<\/p>\n\n\n\n<div class=\"wp-block-buttons is-content-justification-center is-layout-flex wp-container-core-buttons-is-layout-16018d1d wp-block-buttons-is-layout-flex\">\n<div class=\"wp-block-button\"><a class=\"wp-block-button__link wp-element-button\" href=\"https:\/\/www.grupomedcof.com.br\/blog\/wp-content\/uploads\/2024\/10\/Edital-IDOR-2026.pdf\" target=\"_blank\" rel=\"noreferrer noopener\">Edital IDOR 2026<\/a><\/div>\n<\/div>\n\n\n\n<h2 class=\"wp-block-heading\" id=\"h-gabarito-preliminar-idor-2025-2026\"><span class=\"ez-toc-section\" id=\"Gabarito_Preliminar_IDOR_20252026\"><\/span><strong>Gabarito Preliminar IDOR 2025\/2026<\/strong><span class=\"ez-toc-section-end\"><\/span><\/h2>\n\n\n\n<p id=\"conquiste-a-aprova\u00e7\u00e3o\">O gabarito preliminar foi divulgado no dia seguinte da aplica\u00e7\u00e3o da prova objetiva. Assim, os candidatos que julgarem necess\u00e1rio, devem enviar os recursos no dia <strong>15 de dezembro de 2025.<\/strong> <\/p>\n\n\n\n<figure class=\"wp-block-table\"><table class=\"has-fixed-layout\"><tbody><tr><td>1<\/td><td>D<\/td><td>11<\/td><td>A<\/td><td>21<\/td><td>A<\/td><td>31<\/td><td>B<\/td><td>41<\/td><td>A<\/td><\/tr><tr><td>2<\/td><td>B<\/td><td>12<\/td><td>D<\/td><td>22<\/td><td>D<\/td><td>32<\/td><td>C<\/td><td>42<\/td><td>D<\/td><\/tr><tr><td>3<\/td><td>D<\/td><td>13<\/td><td>A<\/td><td>23<\/td><td>C<\/td><td>33<\/td><td>D<\/td><td>43<\/td><td>D<\/td><\/tr><tr><td>4<\/td><td>B<\/td><td>14<\/td><td>D<\/td><td>24<\/td><td>B<\/td><td>34<\/td><td>A<\/td><td>44<\/td><td>A<\/td><\/tr><tr><td>5<\/td><td>C<\/td><td>15<\/td><td>C<\/td><td>25<\/td><td>A<\/td><td>35<\/td><td>D<\/td><td>45<\/td><td>C<\/td><\/tr><tr><td>6<\/td><td>B<\/td><td>16<\/td><td>B<\/td><td>26<\/td><td>B<\/td><td>36<\/td><td>C<\/td><td>46<\/td><td>B<\/td><\/tr><tr><td>7<\/td><td>A<\/td><td>17<\/td><td>C<\/td><td>27<\/td><td>C<\/td><td>37<\/td><td>A<\/td><td>47<\/td><td>D<\/td><\/tr><tr><td>8<\/td><td>D<\/td><td>18<\/td><td>A<\/td><td>28<\/td><td>B<\/td><td>38<\/td><td>C<\/td><td>48<\/td><td>B<\/td><\/tr><tr><td>9<\/td><td>A<\/td><td>19<\/td><td>C<\/td><td>29<\/td><td>D<\/td><td>39<\/td><td>D<\/td><td>49<\/td><td>A<\/td><\/tr><tr><td>10<\/td><td>C<\/td><td>20<\/td><td>B<\/td><td>30<\/td><td>A<\/td><td>40<\/td><td>C<\/td><td>50<\/td><td>D<\/td><\/tr><\/tbody><\/table><\/figure>\n\n\n\n<div class=\"wp-block-buttons is-layout-flex wp-block-buttons-is-layout-flex\">\n<div class=\"wp-block-button\"><a class=\"wp-block-button__link wp-element-button\" href=\"https:\/\/www.grupomedcof.com.br\/blog\/wp-content\/uploads\/2025\/10\/Gabarito-Preliminar-AD-IDOR-2026.pdf\" target=\"_blank\" rel=\"noreferrer noopener\">Gabarito Preliminar IDOR 2026<\/a><\/div>\n<\/div>\n\n\n\n<p>As provas de resid\u00eancia est\u00e3o cada vez mais perto! Se voc\u00ea<strong><a href=\"https:\/\/www.grupomedcof.com.br\/blog\/presenca-da-medcof-nas-aprovacoes-em-residencia-medica-no-brasil\/\" target=\"_blank\" rel=\"noreferrer noopener\">\u00a0quer\u00a0ser mais\u00a0um aprovado<\/a>\u00a0<\/strong>nas melhores resid\u00eancias m\u00e9dicas do pa\u00eds, ent\u00e3o conhe\u00e7a o<a href=\"https:\/\/www.grupomedcof.com.br\/\" target=\"_blank\" rel=\"noreferrer noopener\">\u00a0<strong>Grupo\u00a0MedCof<\/strong><\/a><strong>!<\/strong>\u00a0Temos um cat\u00e1logo repleto de cursos que te guiar\u00e3o na jornada para as provas de Resid\u00eancia M\u00e9dica que ocorrer\u00e3o em 2025\/2026!<\/p>\n\n\n\n<figure class=\"wp-block-embed is-type-video is-provider-youtube wp-block-embed-youtube wp-embed-aspect-16-9 wp-has-aspect-ratio\"><div class=\"wp-block-embed__wrapper\">\n<div class=\"youtube-embed\" data-video_id=\"0duTmnJlRR4\"><iframe loading=\"lazy\" title=\"COFEXPRESS - Cirurgia Vascular: Estenose Carot\u00eddea Sintom\u00e1tica. Com Dra. Tayrine Mazzoti\" width=\"696\" height=\"392\" src=\"https:\/\/www.youtube.com\/embed\/0duTmnJlRR4?feature=oembed&#038;enablejsapi=1\" frameborder=\"0\" allow=\"accelerometer; autoplay; clipboard-write; encrypted-media; gyroscope; picture-in-picture; web-share\" referrerpolicy=\"strict-origin-when-cross-origin\" allowfullscreen><\/iframe><\/div>\n<\/div><\/figure>\n","protected":false},"excerpt":{"rendered":"<p>Confira as principais informa\u00e7\u00f5es do processo seletivo do Instituto D\u2019Or de Pesquisa e Ensino (IDOR) 2025\/2026!<\/p>\n","protected":false},"author":20,"featured_media":30371,"comment_status":"open","ping_status":"open","sticky":false,"template":"","format":"standard","meta":{"footnotes":""},"categories":[2023],"tags":[2133,2124,1452,117,68],"ppma_author":[3616],"class_list":{"0":"post-30356","1":"post","2":"type-post","3":"status-publish","4":"format-standard","5":"has-post-thumbnail","7":"category-editais","8":"tag-dor","9":"tag-idor","10":"tag-provas","11":"tag-provas-de-residencia","12":"tag-residencia-medica"},"yoast_head":"<!-- This site is optimized with the Yoast SEO Premium plugin v24.3 (Yoast SEO v27.4) - https:\/\/yoast.com\/product\/yoast-seo-premium-wordpress\/ -->\n<title>Resid\u00eancia M\u00e9dica IDOR 2025\/2026: confira o gabarito preliminar da prova! - Blog de Medcof: conte\u00fados, editais, revalida e mais!<\/title>\n<meta name=\"description\" content=\"Confira as principais informa\u00e7\u00f5es do processo seletivo do Instituto D\u2019Or de Pesquisa e Ensino (IDOR) 2025\/2026!\" \/>\n<meta name=\"robots\" content=\"index, follow, max-snippet:-1, max-image-preview:large, max-video-preview:-1\" \/>\n<link rel=\"canonical\" href=\"https:\/\/www.grupomedcof.com.br\/blog\/edital-residencia-medica-idor\/\" \/>\n<meta property=\"og:locale\" content=\"pt_BR\" \/>\n<meta property=\"og:type\" content=\"article\" \/>\n<meta property=\"og:title\" content=\"Resid\u00eancia M\u00e9dica IDOR 2025\/2026: confira o gabarito preliminar da prova!\" \/>\n<meta property=\"og:description\" content=\"Confira as principais informa\u00e7\u00f5es do processo seletivo do Instituto D\u2019Or de Pesquisa e Ensino (IDOR) 2025\/2026!\" \/>\n<meta property=\"og:url\" content=\"https:\/\/www.grupomedcof.com.br\/blog\/edital-residencia-medica-idor\/\" \/>\n<meta property=\"og:site_name\" content=\"Blog de Medcof: conte\u00fados, editais, revalida e mais!\" \/>\n<meta property=\"article:publisher\" content=\"https:\/\/www.facebook.com\/MedCofQbank\/\" \/>\n<meta property=\"article:published_time\" content=\"2025-12-16T18:49:31+00:00\" \/>\n<meta property=\"article:modified_time\" content=\"2025-12-16T18:49:34+00:00\" \/>\n<meta property=\"og:image\" content=\"https:\/\/www.grupomedcof.com.br\/blog\/wp-content\/uploads\/2024\/10\/Modelo-instituicoes-2024-10-07T175217.837.png\" \/>\n\t<meta property=\"og:image:width\" content=\"2560\" \/>\n\t<meta property=\"og:image:height\" content=\"1440\" \/>\n\t<meta property=\"og:image:type\" content=\"image\/png\" \/>\n<meta name=\"author\" content=\"Leila Menzel\" \/>\n<meta name=\"twitter:card\" content=\"summary_large_image\" \/>\n<meta name=\"twitter:label1\" content=\"Escrito por\" \/>\n\t<meta name=\"twitter:data1\" content=\"Leila Menzel\" \/>\n\t<meta name=\"twitter:label2\" content=\"Est. tempo de leitura\" \/>\n\t<meta name=\"twitter:data2\" content=\"5 minutos\" \/>\n<script type=\"application\/ld+json\" class=\"yoast-schema-graph\">{\"@context\":\"https:\\\/\\\/schema.org\",\"@graph\":[{\"@type\":\"Article\",\"@id\":\"https:\\\/\\\/www.grupomedcof.com.br\\\/blog\\\/edital-residencia-medica-idor\\\/#article\",\"isPartOf\":{\"@id\":\"https:\\\/\\\/www.grupomedcof.com.br\\\/blog\\\/edital-residencia-medica-idor\\\/\"},\"author\":{\"name\":\"Leila Menzel\",\"@id\":\"https:\\\/\\\/www.grupomedcof.com.br\\\/blog\\\/#\\\/schema\\\/person\\\/9a44c2184a836bf5ae6967fdb3a1451e\"},\"headline\":\"Resid\u00eancia M\u00e9dica IDOR 2025\\\/2026: confira o gabarito preliminar da prova!\",\"datePublished\":\"2025-12-16T18:49:31+00:00\",\"dateModified\":\"2025-12-16T18:49:34+00:00\",\"mainEntityOfPage\":{\"@id\":\"https:\\\/\\\/www.grupomedcof.com.br\\\/blog\\\/edital-residencia-medica-idor\\\/\"},\"wordCount\":822,\"commentCount\":0,\"publisher\":{\"@id\":\"https:\\\/\\\/www.grupomedcof.com.br\\\/blog\\\/#organization\"},\"image\":{\"@id\":\"https:\\\/\\\/www.grupomedcof.com.br\\\/blog\\\/edital-residencia-medica-idor\\\/#primaryimage\"},\"thumbnailUrl\":\"https:\\\/\\\/www.grupomedcof.com.br\\\/blog\\\/wp-content\\\/uploads\\\/2024\\\/10\\\/Modelo-instituicoes-2024-10-07T175217.837.png\",\"keywords\":[\"Dor\",\"IDOR\",\"Provas\",\"Provas de Resid\u00eancia\",\"Resid\u00eancia M\u00e9dica\"],\"articleSection\":[\"Editais\"],\"inLanguage\":\"pt-BR\"},{\"@type\":\"WebPage\",\"@id\":\"https:\\\/\\\/www.grupomedcof.com.br\\\/blog\\\/edital-residencia-medica-idor\\\/\",\"url\":\"https:\\\/\\\/www.grupomedcof.com.br\\\/blog\\\/edital-residencia-medica-idor\\\/\",\"name\":\"Resid\u00eancia M\u00e9dica IDOR 2025\\\/2026: confira o gabarito preliminar da prova! - Blog de Medcof: conte\u00fados, editais, revalida e mais!\",\"isPartOf\":{\"@id\":\"https:\\\/\\\/www.grupomedcof.com.br\\\/blog\\\/#website\"},\"primaryImageOfPage\":{\"@id\":\"https:\\\/\\\/www.grupomedcof.com.br\\\/blog\\\/edital-residencia-medica-idor\\\/#primaryimage\"},\"image\":{\"@id\":\"https:\\\/\\\/www.grupomedcof.com.br\\\/blog\\\/edital-residencia-medica-idor\\\/#primaryimage\"},\"thumbnailUrl\":\"https:\\\/\\\/www.grupomedcof.com.br\\\/blog\\\/wp-content\\\/uploads\\\/2024\\\/10\\\/Modelo-instituicoes-2024-10-07T175217.837.png\",\"datePublished\":\"2025-12-16T18:49:31+00:00\",\"dateModified\":\"2025-12-16T18:49:34+00:00\",\"description\":\"Confira as principais informa\u00e7\u00f5es do processo seletivo do Instituto D\u2019Or de Pesquisa e Ensino (IDOR) 2025\\\/2026!\",\"breadcrumb\":{\"@id\":\"https:\\\/\\\/www.grupomedcof.com.br\\\/blog\\\/edital-residencia-medica-idor\\\/#breadcrumb\"},\"inLanguage\":\"pt-BR\",\"potentialAction\":[{\"@type\":\"ReadAction\",\"target\":[\"https:\\\/\\\/www.grupomedcof.com.br\\\/blog\\\/edital-residencia-medica-idor\\\/\"]}]},{\"@type\":\"ImageObject\",\"inLanguage\":\"pt-BR\",\"@id\":\"https:\\\/\\\/www.grupomedcof.com.br\\\/blog\\\/edital-residencia-medica-idor\\\/#primaryimage\",\"url\":\"https:\\\/\\\/www.grupomedcof.com.br\\\/blog\\\/wp-content\\\/uploads\\\/2024\\\/10\\\/Modelo-instituicoes-2024-10-07T175217.837.png\",\"contentUrl\":\"https:\\\/\\\/www.grupomedcof.com.br\\\/blog\\\/wp-content\\\/uploads\\\/2024\\\/10\\\/Modelo-instituicoes-2024-10-07T175217.837.png\",\"width\":2560,\"height\":1440},{\"@type\":\"BreadcrumbList\",\"@id\":\"https:\\\/\\\/www.grupomedcof.com.br\\\/blog\\\/edital-residencia-medica-idor\\\/#breadcrumb\",\"itemListElement\":[{\"@type\":\"ListItem\",\"position\":1,\"name\":\"In\u00edcio\",\"item\":\"https:\\\/\\\/www.grupomedcof.com.br\\\/blog\\\/\"},{\"@type\":\"ListItem\",\"position\":2,\"name\":\"Resid\u00eancia M\u00e9dica IDOR 2025\\\/2026: confira o gabarito preliminar da prova!\"}]},{\"@type\":\"WebSite\",\"@id\":\"https:\\\/\\\/www.grupomedcof.com.br\\\/blog\\\/#website\",\"url\":\"https:\\\/\\\/www.grupomedcof.com.br\\\/blog\\\/\",\"name\":\"Blog de Medcof: conte\u00fados, editais, revalida e mais!\",\"description\":\"Acesso o blog de MedCof! Seu portal de conte\u00fados sobre resid\u00eancia m\u00e9dica, an\u00e1lise e editais e muito mais. Clique e confira!\",\"publisher\":{\"@id\":\"https:\\\/\\\/www.grupomedcof.com.br\\\/blog\\\/#organization\"},\"alternateName\":\"Blog de Medcof: conte\u00fados, editais, revalida e mais!\",\"potentialAction\":[{\"@type\":\"SearchAction\",\"target\":{\"@type\":\"EntryPoint\",\"urlTemplate\":\"https:\\\/\\\/www.grupomedcof.com.br\\\/blog\\\/?s={search_term_string}\"},\"query-input\":{\"@type\":\"PropertyValueSpecification\",\"valueRequired\":true,\"valueName\":\"search_term_string\"}}],\"inLanguage\":\"pt-BR\"},{\"@type\":\"Organization\",\"@id\":\"https:\\\/\\\/www.grupomedcof.com.br\\\/blog\\\/#organization\",\"name\":\"Grupo MedCof\",\"url\":\"https:\\\/\\\/www.grupomedcof.com.br\\\/blog\\\/\",\"logo\":{\"@type\":\"ImageObject\",\"inLanguage\":\"pt-BR\",\"@id\":\"https:\\\/\\\/www.grupomedcof.com.br\\\/blog\\\/#\\\/schema\\\/logo\\\/image\\\/\",\"url\":\"https:\\\/\\\/www.grupomedcof.com.br\\\/blog\\\/wp-content\\\/uploads\\\/2022\\\/01\\\/logo-medcof.png\",\"contentUrl\":\"https:\\\/\\\/www.grupomedcof.com.br\\\/blog\\\/wp-content\\\/uploads\\\/2022\\\/01\\\/logo-medcof.png\",\"width\":768,\"height\":269,\"caption\":\"Grupo MedCof\"},\"image\":{\"@id\":\"https:\\\/\\\/www.grupomedcof.com.br\\\/blog\\\/#\\\/schema\\\/logo\\\/image\\\/\"},\"sameAs\":[\"https:\\\/\\\/www.facebook.com\\\/MedCofQbank\\\/\",\"https:\\\/\\\/www.instagram.com\\\/grupomedcof\\\/\",\"https:\\\/\\\/br.linkedin.com\\\/company\\\/medcof\",\"https:\\\/\\\/www.youtube.com\\\/channel\\\/UCdHMuOHKICxcHwecxN8P-AA\"]},{\"@type\":\"Person\",\"@id\":\"https:\\\/\\\/www.grupomedcof.com.br\\\/blog\\\/#\\\/schema\\\/person\\\/9a44c2184a836bf5ae6967fdb3a1451e\",\"name\":\"Leila Menzel\",\"image\":{\"@type\":\"ImageObject\",\"inLanguage\":\"pt-BR\",\"@id\":\"https:\\\/\\\/www.grupomedcof.com.br\\\/blog\\\/wp-content\\\/uploads\\\/2025\\\/09\\\/cropped-eu-96x96.jpeg19a74936d997c0a8b3031618467fa1d0\",\"url\":\"https:\\\/\\\/www.grupomedcof.com.br\\\/blog\\\/wp-content\\\/uploads\\\/2025\\\/09\\\/cropped-eu-96x96.jpeg\",\"contentUrl\":\"https:\\\/\\\/www.grupomedcof.com.br\\\/blog\\\/wp-content\\\/uploads\\\/2025\\\/09\\\/cropped-eu-96x96.jpeg\",\"caption\":\"Leila Menzel\"},\"description\":\"Estudante do 6\u00b0 semestre de jornalismo, amo e escrevo poesias e viajo em livros de romances clich\u00eas.\",\"url\":\"https:\\\/\\\/www.grupomedcof.com.br\\\/blog\\\/author\\\/leila-menzel\\\/\"}]}<\/script>\n<!-- \/ Yoast SEO Premium plugin. -->","yoast_head_json":{"title":"Resid\u00eancia M\u00e9dica IDOR 2025\/2026: confira o gabarito preliminar da prova! - Blog de Medcof: conte\u00fados, editais, revalida e mais!","description":"Confira as principais informa\u00e7\u00f5es do processo seletivo do Instituto D\u2019Or de Pesquisa e Ensino (IDOR) 2025\/2026!","robots":{"index":"index","follow":"follow","max-snippet":"max-snippet:-1","max-image-preview":"max-image-preview:large","max-video-preview":"max-video-preview:-1"},"canonical":"https:\/\/www.grupomedcof.com.br\/blog\/edital-residencia-medica-idor\/","og_locale":"pt_BR","og_type":"article","og_title":"Resid\u00eancia M\u00e9dica IDOR 2025\/2026: confira o gabarito preliminar da prova!","og_description":"Confira as principais informa\u00e7\u00f5es do processo seletivo do Instituto D\u2019Or de Pesquisa e Ensino (IDOR) 2025\/2026!","og_url":"https:\/\/www.grupomedcof.com.br\/blog\/edital-residencia-medica-idor\/","og_site_name":"Blog de Medcof: conte\u00fados, editais, revalida e mais!","article_publisher":"https:\/\/www.facebook.com\/MedCofQbank\/","article_published_time":"2025-12-16T18:49:31+00:00","article_modified_time":"2025-12-16T18:49:34+00:00","og_image":[{"width":2560,"height":1440,"url":"https:\/\/www.grupomedcof.com.br\/blog\/wp-content\/uploads\/2024\/10\/Modelo-instituicoes-2024-10-07T175217.837.png","type":"image\/png"}],"author":"Leila Menzel","twitter_card":"summary_large_image","twitter_misc":{"Escrito por":"Leila Menzel","Est. tempo de leitura":"5 minutos"},"schema":{"@context":"https:\/\/schema.org","@graph":[{"@type":"Article","@id":"https:\/\/www.grupomedcof.com.br\/blog\/edital-residencia-medica-idor\/#article","isPartOf":{"@id":"https:\/\/www.grupomedcof.com.br\/blog\/edital-residencia-medica-idor\/"},"author":{"name":"Leila Menzel","@id":"https:\/\/www.grupomedcof.com.br\/blog\/#\/schema\/person\/9a44c2184a836bf5ae6967fdb3a1451e"},"headline":"Resid\u00eancia M\u00e9dica IDOR 2025\/2026: confira o gabarito preliminar da prova!","datePublished":"2025-12-16T18:49:31+00:00","dateModified":"2025-12-16T18:49:34+00:00","mainEntityOfPage":{"@id":"https:\/\/www.grupomedcof.com.br\/blog\/edital-residencia-medica-idor\/"},"wordCount":822,"commentCount":0,"publisher":{"@id":"https:\/\/www.grupomedcof.com.br\/blog\/#organization"},"image":{"@id":"https:\/\/www.grupomedcof.com.br\/blog\/edital-residencia-medica-idor\/#primaryimage"},"thumbnailUrl":"https:\/\/www.grupomedcof.com.br\/blog\/wp-content\/uploads\/2024\/10\/Modelo-instituicoes-2024-10-07T175217.837.png","keywords":["Dor","IDOR","Provas","Provas de Resid\u00eancia","Resid\u00eancia M\u00e9dica"],"articleSection":["Editais"],"inLanguage":"pt-BR"},{"@type":"WebPage","@id":"https:\/\/www.grupomedcof.com.br\/blog\/edital-residencia-medica-idor\/","url":"https:\/\/www.grupomedcof.com.br\/blog\/edital-residencia-medica-idor\/","name":"Resid\u00eancia M\u00e9dica IDOR 2025\/2026: confira o gabarito preliminar da prova! - Blog de Medcof: conte\u00fados, editais, revalida e mais!","isPartOf":{"@id":"https:\/\/www.grupomedcof.com.br\/blog\/#website"},"primaryImageOfPage":{"@id":"https:\/\/www.grupomedcof.com.br\/blog\/edital-residencia-medica-idor\/#primaryimage"},"image":{"@id":"https:\/\/www.grupomedcof.com.br\/blog\/edital-residencia-medica-idor\/#primaryimage"},"thumbnailUrl":"https:\/\/www.grupomedcof.com.br\/blog\/wp-content\/uploads\/2024\/10\/Modelo-instituicoes-2024-10-07T175217.837.png","datePublished":"2025-12-16T18:49:31+00:00","dateModified":"2025-12-16T18:49:34+00:00","description":"Confira as principais informa\u00e7\u00f5es do processo seletivo do Instituto D\u2019Or de Pesquisa e Ensino (IDOR) 2025\/2026!","breadcrumb":{"@id":"https:\/\/www.grupomedcof.com.br\/blog\/edital-residencia-medica-idor\/#breadcrumb"},"inLanguage":"pt-BR","potentialAction":[{"@type":"ReadAction","target":["https:\/\/www.grupomedcof.com.br\/blog\/edital-residencia-medica-idor\/"]}]},{"@type":"ImageObject","inLanguage":"pt-BR","@id":"https:\/\/www.grupomedcof.com.br\/blog\/edital-residencia-medica-idor\/#primaryimage","url":"https:\/\/www.grupomedcof.com.br\/blog\/wp-content\/uploads\/2024\/10\/Modelo-instituicoes-2024-10-07T175217.837.png","contentUrl":"https:\/\/www.grupomedcof.com.br\/blog\/wp-content\/uploads\/2024\/10\/Modelo-instituicoes-2024-10-07T175217.837.png","width":2560,"height":1440},{"@type":"BreadcrumbList","@id":"https:\/\/www.grupomedcof.com.br\/blog\/edital-residencia-medica-idor\/#breadcrumb","itemListElement":[{"@type":"ListItem","position":1,"name":"In\u00edcio","item":"https:\/\/www.grupomedcof.com.br\/blog\/"},{"@type":"ListItem","position":2,"name":"Resid\u00eancia M\u00e9dica IDOR 2025\/2026: confira o gabarito preliminar da prova!"}]},{"@type":"WebSite","@id":"https:\/\/www.grupomedcof.com.br\/blog\/#website","url":"https:\/\/www.grupomedcof.com.br\/blog\/","name":"Blog de Medcof: conte\u00fados, editais, revalida e mais!","description":"Acesso o blog de MedCof! Seu portal de conte\u00fados sobre resid\u00eancia m\u00e9dica, an\u00e1lise e editais e muito mais. Clique e confira!","publisher":{"@id":"https:\/\/www.grupomedcof.com.br\/blog\/#organization"},"alternateName":"Blog de Medcof: conte\u00fados, editais, revalida e mais!","potentialAction":[{"@type":"SearchAction","target":{"@type":"EntryPoint","urlTemplate":"https:\/\/www.grupomedcof.com.br\/blog\/?s={search_term_string}"},"query-input":{"@type":"PropertyValueSpecification","valueRequired":true,"valueName":"search_term_string"}}],"inLanguage":"pt-BR"},{"@type":"Organization","@id":"https:\/\/www.grupomedcof.com.br\/blog\/#organization","name":"Grupo MedCof","url":"https:\/\/www.grupomedcof.com.br\/blog\/","logo":{"@type":"ImageObject","inLanguage":"pt-BR","@id":"https:\/\/www.grupomedcof.com.br\/blog\/#\/schema\/logo\/image\/","url":"https:\/\/www.grupomedcof.com.br\/blog\/wp-content\/uploads\/2022\/01\/logo-medcof.png","contentUrl":"https:\/\/www.grupomedcof.com.br\/blog\/wp-content\/uploads\/2022\/01\/logo-medcof.png","width":768,"height":269,"caption":"Grupo MedCof"},"image":{"@id":"https:\/\/www.grupomedcof.com.br\/blog\/#\/schema\/logo\/image\/"},"sameAs":["https:\/\/www.facebook.com\/MedCofQbank\/","https:\/\/www.instagram.com\/grupomedcof\/","https:\/\/br.linkedin.com\/company\/medcof","https:\/\/www.youtube.com\/channel\/UCdHMuOHKICxcHwecxN8P-AA"]},{"@type":"Person","@id":"https:\/\/www.grupomedcof.com.br\/blog\/#\/schema\/person\/9a44c2184a836bf5ae6967fdb3a1451e","name":"Leila Menzel","image":{"@type":"ImageObject","inLanguage":"pt-BR","@id":"https:\/\/www.grupomedcof.com.br\/blog\/wp-content\/uploads\/2025\/09\/cropped-eu-96x96.jpeg19a74936d997c0a8b3031618467fa1d0","url":"https:\/\/www.grupomedcof.com.br\/blog\/wp-content\/uploads\/2025\/09\/cropped-eu-96x96.jpeg","contentUrl":"https:\/\/www.grupomedcof.com.br\/blog\/wp-content\/uploads\/2025\/09\/cropped-eu-96x96.jpeg","caption":"Leila Menzel"},"description":"Estudante do 6\u00b0 semestre de jornalismo, amo e escrevo poesias e viajo em livros de romances clich\u00eas.","url":"https:\/\/www.grupomedcof.com.br\/blog\/author\/leila-menzel\/"}]}},"authors":[{"term_id":3616,"user_id":20,"is_guest":0,"slug":"leila-menzel","display_name":"Leila Menzel","avatar_url":"https:\/\/www.grupomedcof.com.br\/blog\/wp-content\/uploads\/2025\/09\/cropped-eu-96x96.jpeg","0":null,"1":"","2":"","3":"","4":"","5":"","6":"","7":"","8":""}],"_links":{"self":[{"href":"https:\/\/www.grupomedcof.com.br\/blog\/wp-json\/wp\/v2\/posts\/30356","targetHints":{"allow":["GET"]}}],"collection":[{"href":"https:\/\/www.grupomedcof.com.br\/blog\/wp-json\/wp\/v2\/posts"}],"about":[{"href":"https:\/\/www.grupomedcof.com.br\/blog\/wp-json\/wp\/v2\/types\/post"}],"author":[{"embeddable":true,"href":"https:\/\/www.grupomedcof.com.br\/blog\/wp-json\/wp\/v2\/users\/20"}],"replies":[{"embeddable":true,"href":"https:\/\/www.grupomedcof.com.br\/blog\/wp-json\/wp\/v2\/comments?post=30356"}],"version-history":[{"count":2,"href":"https:\/\/www.grupomedcof.com.br\/blog\/wp-json\/wp\/v2\/posts\/30356\/revisions"}],"predecessor-version":[{"id":40231,"href":"https:\/\/www.grupomedcof.com.br\/blog\/wp-json\/wp\/v2\/posts\/30356\/revisions\/40231"}],"wp:featuredmedia":[{"embeddable":true,"href":"https:\/\/www.grupomedcof.com.br\/blog\/wp-json\/wp\/v2\/media\/30371"}],"wp:attachment":[{"href":"https:\/\/www.grupomedcof.com.br\/blog\/wp-json\/wp\/v2\/media?parent=30356"}],"wp:term":[{"taxonomy":"category","embeddable":true,"href":"https:\/\/www.grupomedcof.com.br\/blog\/wp-json\/wp\/v2\/categories?post=30356"},{"taxonomy":"post_tag","embeddable":true,"href":"https:\/\/www.grupomedcof.com.br\/blog\/wp-json\/wp\/v2\/tags?post=30356"},{"taxonomy":"author","embeddable":true,"href":"https:\/\/www.grupomedcof.com.br\/blog\/wp-json\/wp\/v2\/ppma_author?post=30356"}],"curies":[{"name":"wp","href":"https:\/\/api.w.org\/{rel}","templated":true}]}}