{"id":30357,"date":"2026-03-09T14:14:49","date_gmt":"2026-03-09T17:14:49","guid":{"rendered":"https:\/\/www.grupomedcof.com.br\/blog\/?p=30357"},"modified":"2026-04-27T16:07:31","modified_gmt":"2026-04-27T19:07:31","slug":"enare-vagas","status":"publish","type":"post","link":"https:\/\/www.grupomedcof.com.br\/blog\/enare-vagas\/","title":{"rendered":"ENARE 2026\/2027: confira a disponibilidade de vagas"},"content":{"rendered":"<div id=\"ez-toc-container\" class=\"ez-toc-v2_0_74 counter-hierarchy ez-toc-counter ez-toc-transparent ez-toc-container-direction\">\n<div class=\"ez-toc-title-container\">\n<p class=\"ez-toc-title\" style=\"cursor:inherit\">Sum\u00e1rio<\/p>\n<span class=\"ez-toc-title-toggle\"><a href=\"#\" class=\"ez-toc-pull-right ez-toc-btn ez-toc-btn-xs ez-toc-btn-default ez-toc-toggle\" aria-label=\"Alternar tabela de conte\u00fado\"><span class=\"ez-toc-js-icon-con\"><span class=\"\"><span class=\"eztoc-hide\" style=\"display:none;\">Toggle<\/span><span class=\"ez-toc-icon-toggle-span\"><svg style=\"fill: #999;color:#999\" xmlns=\"http:\/\/www.w3.org\/2000\/svg\" class=\"list-377408\" width=\"20px\" height=\"20px\" viewBox=\"0 0 24 24\" fill=\"none\"><path d=\"M6 6H4v2h2V6zm14 0H8v2h12V6zM4 11h2v2H4v-2zm16 0H8v2h12v-2zM4 16h2v2H4v-2zm16 0H8v2h12v-2z\" fill=\"currentColor\"><\/path><\/svg><svg style=\"fill: #999;color:#999\" class=\"arrow-unsorted-368013\" xmlns=\"http:\/\/www.w3.org\/2000\/svg\" width=\"10px\" height=\"10px\" viewBox=\"0 0 24 24\" version=\"1.2\" baseProfile=\"tiny\"><path d=\"M18.2 9.3l-6.2-6.3-6.2 6.3c-.2.2-.3.4-.3.7s.1.5.3.7c.2.2.4.3.7.3h11c.3 0 .5-.1.7-.3.2-.2.3-.5.3-.7s-.1-.5-.3-.7zM5.8 14.7l6.2 6.3 6.2-6.3c.2-.2.3-.5.3-.7s-.1-.5-.3-.7c-.2-.2-.4-.3-.7-.3h-11c-.3 0-.5.1-.7.3-.2.2-.3.5-.3.7s.1.5.3.7z\"\/><\/svg><\/span><\/span><\/span><\/a><\/span><\/div>\n<nav><ul class='ez-toc-list ez-toc-list-level-1 ' ><li class='ez-toc-page-1 ez-toc-heading-level-2'><a class=\"ez-toc-link ez-toc-heading-1\" href=\"https:\/\/www.grupomedcof.com.br\/blog\/enare-vagas\/#Vagas_ampliadas\" >Vagas ampliadas<\/a><\/li><li class='ez-toc-page-1 ez-toc-heading-level-2'><a class=\"ez-toc-link ez-toc-heading-2\" href=\"https:\/\/www.grupomedcof.com.br\/blog\/enare-vagas\/#Quantas_vagas_estao_sendo_ofertadas_no_Enare_20252026_1212\" >Quantas vagas est\u00e3o sendo ofertadas no Enare 2025\/2026? (12\/12)<\/a><ul class='ez-toc-list-level-3' ><li class='ez-toc-heading-level-3'><a class=\"ez-toc-link ez-toc-heading-3\" href=\"https:\/\/www.grupomedcof.com.br\/blog\/enare-vagas\/#Vagas_Enare_por_especialidade\" >Vagas Enare por especialidade<\/a><\/li><\/ul><\/li><li class='ez-toc-page-1 ez-toc-heading-level-2'><a class=\"ez-toc-link ez-toc-heading-4\" href=\"https:\/\/www.grupomedcof.com.br\/blog\/enare-vagas\/#Como_e_a_classificacao_do_Enare\" >Como \u00e9 a classifica\u00e7\u00e3o do Enare?<\/a><ul class='ez-toc-list-level-3' ><li class='ez-toc-heading-level-3'><a class=\"ez-toc-link ez-toc-heading-5\" href=\"https:\/\/www.grupomedcof.com.br\/blog\/enare-vagas\/#Nota_de_corte_das_vagas_Enare\" >Nota de corte das vagas Enare<\/a><\/li><\/ul><\/li><li class='ez-toc-page-1 ez-toc-heading-level-2'><a class=\"ez-toc-link ez-toc-heading-6\" href=\"https:\/\/www.grupomedcof.com.br\/blog\/enare-vagas\/#Oferta_de_vagas_ENARE_20252026\" >Oferta de vagas ENARE 2025\/2026<\/a><\/li><li class='ez-toc-page-1 ez-toc-heading-level-2'><a class=\"ez-toc-link ez-toc-heading-7\" href=\"https:\/\/www.grupomedcof.com.br\/blog\/enare-vagas\/#Seja_um_MedCofer\" >Seja um MedCofer!<\/a><\/li><\/ul><\/nav><\/div>\n\n<figure class=\"wp-block-image size-large\"><img loading=\"lazy\" decoding=\"async\" width=\"1024\" height=\"576\" src=\"https:\/\/www.grupomedcof.com.br\/blog\/wp-content\/uploads\/2024\/07\/Modelo-instituicoes-16-1024x576.png\" alt=\"Logo com escrita do ENARE. No canto inferior direito est\u00e1 presente o logo com a escrita &quot;MedCof&quot;\" class=\"wp-image-27931\" srcset=\"https:\/\/www.grupomedcof.com.br\/blog\/wp-content\/uploads\/2024\/07\/Modelo-instituicoes-16-1024x576.png 1024w, https:\/\/www.grupomedcof.com.br\/blog\/wp-content\/uploads\/2024\/07\/Modelo-instituicoes-16-300x169.png 300w, https:\/\/www.grupomedcof.com.br\/blog\/wp-content\/uploads\/2024\/07\/Modelo-instituicoes-16-768x432.png 768w, https:\/\/www.grupomedcof.com.br\/blog\/wp-content\/uploads\/2024\/07\/Modelo-instituicoes-16-1536x864.png 1536w, https:\/\/www.grupomedcof.com.br\/blog\/wp-content\/uploads\/2024\/07\/Modelo-instituicoes-16-2048x1152.png 2048w, https:\/\/www.grupomedcof.com.br\/blog\/wp-content\/uploads\/2024\/07\/Modelo-instituicoes-16-747x420.png 747w, https:\/\/www.grupomedcof.com.br\/blog\/wp-content\/uploads\/2024\/07\/Modelo-instituicoes-16-150x84.png 150w, https:\/\/www.grupomedcof.com.br\/blog\/wp-content\/uploads\/2024\/07\/Modelo-instituicoes-16-696x392.png 696w, https:\/\/www.grupomedcof.com.br\/blog\/wp-content\/uploads\/2024\/07\/Modelo-instituicoes-16-1068x601.png 1068w, https:\/\/www.grupomedcof.com.br\/blog\/wp-content\/uploads\/2024\/07\/Modelo-instituicoes-16-1920x1080.png 1920w\" sizes=\"auto, (max-width: 1024px) 100vw, 1024px\" \/><\/figure>\n\n\n\n<p>O <strong>Exame Nacional de Resid\u00eancia<\/strong> (<strong>ENARE<\/strong>) \u00e9 uma avalia\u00e7\u00e3o realizada pela <strong>EBSERH\/MEC<\/strong> que objetiva oferecer mais oportunidades de vagas de Resid\u00eancia M\u00e9dica em diversas \u00e1reas de Institui\u00e7\u00f5es p\u00fablicas que aderem ao programa.<\/p>\n\n\n\n<p>Confira agora tudo sobre as vagas do <a href=\"https:\/\/grupomedcof.com.br\/blog\/edital-enare-publicado\/\"><strong>Enare 2025\/202<\/strong><\/a>6: todas as institui\u00e7\u00f5es participantes, vagas e quantidades, como ocorre a classifica\u00e7\u00e3o, notas de corte da \u00faltima edi\u00e7\u00e3o e como garantir uma vaga!<\/p>\n\n\n\n<h2 class=\"wp-block-heading\" id=\"h-vagas-ampliadas\"><span class=\"ez-toc-section\" id=\"Vagas_ampliadas\"><\/span><strong>Vagas ampliadas<\/strong><span class=\"ez-toc-section-end\"><\/span><\/h2>\n\n\n\n<p>No per\u00edodo de <strong>05 a 12 de janeiro de 2026,<\/strong> as institui\u00e7\u00f5es puderam realizar o <strong>ajuste de programas e vagas no ENARE 2026.<\/strong> At\u00e9 ent\u00e3o, a \u00faltima atualiza\u00e7\u00e3o no quadro de vagas, publicada em 12 de dezembro de 2025, contava com <strong>7.047 vagas,<\/strong> distribu\u00eddas entre programas de acesso direto e programas com pr\u00e9-requisito exigido.<\/p>\n\n\n\n<p>Com a amplia\u00e7\u00e3o das vagas, o ENARE passou a contar com <strong>7.422 <\/strong>vagas para resid\u00eancia m\u00e9dica, um aumento de 5%. Ao todo, s\u00e3o <strong>5.343 vagas para acesso direto<\/strong> e <strong>2.079 com pr\u00e9-requisito exigido.<\/strong><\/p>\n\n\n\n<p>Agora, os candidatos j\u00e1 podem utilizar a <strong>nota final obtida para participar das oportunidades de escolha dos programas.<\/strong> A primeira delas acontece entre os dias <strong>22 e 23 de janeiro de 2026,<\/strong> atrav\u00e9s do sistema disponibilizado na \u00e1rea do candidato.&nbsp;<\/p>\n\n\n\n<figure class=\"wp-block-table\"><table class=\"has-fixed-layout\"><tbody><tr><td class=\"has-text-align-center\" data-align=\"center\"><strong>Especialidades<\/strong><\/td><td class=\"has-text-align-center\" data-align=\"center\"><strong>Total de Vagas at\u00e9 12\/12<\/strong><\/td><td class=\"has-text-align-center\" data-align=\"center\"><strong>Total de Vagas (atualizado)<\/strong><\/td><\/tr><tr><td>Medicina de Fam\u00edlia e Comunidade \u2013 Sa\u00fade Mental<\/td><td>4<\/td><td>10<\/td><\/tr><tr><td>Ginecologia e Obstetr\u00edcia R4<\/td><td>1<\/td><td>2<\/td><\/tr><tr><td>Psicoterapia<\/td><td>2<\/td><td>4<\/td><\/tr><tr><td>Ortopedia e Traumatologia R4<\/td><td>13<\/td><td>25<\/td><\/tr><tr><td>Cardiologia Cardio-Oncologia<\/td><td>4<\/td><td>6<\/td><\/tr><tr><td>Medicina Paliativa<\/td><td>17<\/td><td>24<\/td><\/tr><tr><td>Gen\u00e9tica M\u00e9dica<\/td><td>8<\/td><td>11<\/td><\/tr><tr><td>Cirurgia Bari\u00e1trica<\/td><td>3<\/td><td>4<\/td><\/tr><tr><td>Cirurgia da M\u00e3o<\/td><td>12<\/td><td>16<\/td><\/tr><tr><td>Medicina Esportiva<\/td><td>3<\/td><td>4<\/td><\/tr><tr><td>Hemodin\u00e2mica e Cardiologia Intervencionista<\/td><td>11<\/td><td>14<\/td><\/tr><tr><td>Medicina F\u00edsica e Reabilita\u00e7\u00e3o<\/td><td>8<\/td><td>10<\/td><\/tr><tr><td>Cirurgia Tor\u00e1cica<\/td><td>9<\/td><td>11<\/td><\/tr><tr><td>Infectologia Pedi\u00e1trica<\/td><td>10<\/td><td>12<\/td><\/tr><tr><td>Radiologia e Diagn\u00f3stico por Imagem R4<\/td><td>5<\/td><td>6<\/td><\/tr><tr><td>Medicina Intensiva Pedi\u00e1trica<\/td><td>60<\/td><td>71<\/td><\/tr><tr><td>Medicina Intensiva<\/td><td>169<\/td><td>199<\/td><\/tr><tr><td>Cirurgia Vascular<\/td><td>72<\/td><td>84<\/td><\/tr><tr><td>Neurologia Pedi\u00e1trica<\/td><td>24<\/td><td>28<\/td><\/tr><tr><td>Hematologia e Hemoterapia<\/td><td>41<\/td><td>47<\/td><\/tr><tr><td>Cardiologia Pedi\u00e1trica<\/td><td>16<\/td><td>18<\/td><\/tr><tr><td>Nefrologia Pedi\u00e1trica<\/td><td>8<\/td><td>9<\/td><\/tr><tr><td>Otorrinolaringologia<\/td><td>54<\/td><td>60<\/td><\/tr><tr><td>Mastologia<\/td><td>38<\/td><td>42<\/td><\/tr><tr><td>Endoscopia<\/td><td>30<\/td><td>33<\/td><\/tr><tr><td>Geriatria<\/td><td>50<\/td><td>55<\/td><\/tr><tr><td>Cirurgia do Aparelho Digestivo<\/td><td>42<\/td><td>46<\/td><\/tr><tr><td>Gastroenterologia Pedi\u00e1trica<\/td><td>21<\/td><td>23<\/td><\/tr><tr><td>Neurologia<\/td><td>99<\/td><td>108<\/td><\/tr><tr><td>Psiquiatria da Inf\u00e2ncia e Adolesc\u00eancia<\/td><td>22<\/td><td>24<\/td><\/tr><tr><td>Pneumologia<\/td><td>45<\/td><td>49<\/td><\/tr><tr><td>Cirurgia Pedi\u00e1trica<\/td><td>23<\/td><td>25<\/td><\/tr><tr><td>Neonatologia<\/td><td>146<\/td><td>158<\/td><\/tr><tr><td>Hepatologia<\/td><td>13<\/td><td>14<\/td><\/tr><tr><td>Medicina de Emerg\u00eancia<\/td><td>93<\/td><td>100<\/td><\/tr><tr><td>Radiologia e Diagn\u00f3stico por Imagem<\/td><td>160<\/td><td>172<\/td><\/tr><tr><td>Cirurgia de Cabe\u00e7a e Pesco\u00e7o<\/td><td>14<\/td><td>15<\/td><\/tr><tr><td>Ecocardiografia<\/td><td>29<\/td><td>31<\/td><\/tr><tr><td>Coloproctologia<\/td><td>31<\/td><td>33<\/td><\/tr><tr><td>Ginecologia e Obstetr\u00edcia<\/td><td>459<\/td><td>487<\/td><\/tr><tr><td>Anestesiologia<\/td><td>302<\/td><td>320<\/td><\/tr><tr><td>Cl\u00ednica M\u00e9dica<\/td><td>938<\/td><td>993<\/td><\/tr><tr><td>Oncologia Cl\u00ednica<\/td><td>72<\/td><td>76<\/td><\/tr><tr><td>Cirurgia Geral<\/td><td>414<\/td><td>434<\/td><\/tr><tr><td>Psiquiatria<\/td><td>231<\/td><td>242<\/td><\/tr><tr><td>Oftalmologia<\/td><td>99<\/td><td>103<\/td><\/tr><tr><td>Angiorradiologia e Cirurgia Endovascular<\/td><td>25<\/td><td>26<\/td><\/tr><tr><td>Endocrinologia Pedi\u00e1trica<\/td><td>25<\/td><td>26<\/td><\/tr><tr><td>Ortopedia e Traumatologia<\/td><td>259<\/td><td>269<\/td><\/tr><tr><td>Reumatologia<\/td><td>61<\/td><td>63<\/td><\/tr><tr><td>Cirurgia Pl\u00e1stica<\/td><td>63<\/td><td>65<\/td><\/tr><tr><td>Gastroenterologia<\/td><td>72<\/td><td>74<\/td><\/tr><tr><td>Urologia<\/td><td>76<\/td><td>78<\/td><\/tr><tr><td>Nefrologia<\/td><td>78<\/td><td>80<\/td><\/tr><tr><td>Cardiologia<\/td><td>162<\/td><td>166<\/td><\/tr><tr><td>Endocrinologia e Metabologia<\/td><td>83<\/td><td>85<\/td><\/tr><tr><td>Infectologia<\/td><td>90<\/td><td>92<\/td><\/tr><tr><td>Dermatologia<\/td><td>99<\/td><td>101<\/td><\/tr><tr><td>Patologia<\/td><td>51<\/td><td>52<\/td><\/tr><tr><td>Pediatria<\/td><td>638<\/td><td>646<\/td><\/tr><tr><td>Medicina de Fam\u00edlia e Comunidade<\/td><td>863<\/td><td>868<\/td><\/tr><tr><td>Acupuntura<\/td><td>6<\/td><td>6<\/td><\/tr><tr><td>Administra\u00e7\u00e3o em Sa\u00fade<\/td><td>4<\/td><td>4<\/td><\/tr><tr><td>Alergia e Imunologia<\/td><td>6<\/td><td>6<\/td><\/tr><tr><td>Alergia e Imunologia Pedi\u00e1trica<\/td><td>15<\/td><td>15<\/td><\/tr><tr><td>Atendimento ao Queimado<\/td><td>6<\/td><td>6<\/td><\/tr><tr><td>Cardiologia R3<\/td><td class=\"has-text-align-right\" data-align=\"right\">6<\/td><td class=\"has-text-align-right\" data-align=\"right\">6<\/td><\/tr><tr><td>Cirurgia Cardiovascular<\/td><td class=\"has-text-align-right\" data-align=\"right\">16<\/td><td class=\"has-text-align-right\" data-align=\"right\">16<\/td><\/tr><tr><td>Cirurgia Cr\u00e2nio-Maxilo-Facial<\/td><td class=\"has-text-align-right\" data-align=\"right\">2<\/td><td class=\"has-text-align-right\" data-align=\"right\">2<\/td><\/tr><tr><td>Cirurgia de Cabe\u00e7a e Pesco\u00e7o \u2013 R3<\/td><td class=\"has-text-align-right\" data-align=\"right\">4<\/td><td class=\"has-text-align-right\" data-align=\"right\">4<\/td><\/tr><tr><td>Cirurgia do Aparelho Digestivo em Transplante de F\u00edgado \u2013 R4<\/td><td class=\"has-text-align-right\" data-align=\"right\">1<\/td><td class=\"has-text-align-right\" data-align=\"right\">1<\/td><\/tr><tr><td>Cirurgia do Trauma<\/td><td class=\"has-text-align-right\" data-align=\"right\">18<\/td><td class=\"has-text-align-right\" data-align=\"right\">18<\/td><\/tr><tr><td>Cirurgia Oncol\u00f3gica<\/td><td class=\"has-text-align-right\" data-align=\"right\">45<\/td><td class=\"has-text-align-right\" data-align=\"right\">45<\/td><\/tr><tr><td>Cirurgia Oncol\u00f3gica \u2013 R4<\/td><td class=\"has-text-align-right\" data-align=\"right\">4<\/td><td class=\"has-text-align-right\" data-align=\"right\">4<\/td><\/tr><tr><td>Citopatologia<\/td><td class=\"has-text-align-right\" data-align=\"right\">3<\/td><td class=\"has-text-align-right\" data-align=\"right\">3<\/td><\/tr><tr><td>Dor<\/td><td class=\"has-text-align-right\" data-align=\"right\">6<\/td><td class=\"has-text-align-right\" data-align=\"right\">6<\/td><\/tr><tr><td>Ecografia Vascular com Doppler<\/td><td class=\"has-text-align-right\" data-align=\"right\">6<\/td><td class=\"has-text-align-right\" data-align=\"right\">6<\/td><\/tr><tr><td>Eletrofisiologia Cl\u00ednica Invasiva<\/td><td class=\"has-text-align-right\" data-align=\"right\">4<\/td><td class=\"has-text-align-right\" data-align=\"right\">4<\/td><\/tr><tr><td>Emerg\u00eancia Pedi\u00e1trica<\/td><td class=\"has-text-align-right\" data-align=\"right\">8<\/td><td class=\"has-text-align-right\" data-align=\"right\">8<\/td><\/tr><tr><td>Endoscopia Digestiva<\/td><td class=\"has-text-align-right\" data-align=\"right\">14<\/td><td class=\"has-text-align-right\" data-align=\"right\">14<\/td><\/tr><tr><td>Endoscopia Ginecol\u00f3gica<\/td><td class=\"has-text-align-right\" data-align=\"right\">23<\/td><td class=\"has-text-align-right\" data-align=\"right\">23<\/td><\/tr><tr><td>Endoscopia Respirat\u00f3ria<\/td><td class=\"has-text-align-right\" data-align=\"right\">6<\/td><td class=\"has-text-align-right\" data-align=\"right\">6<\/td><\/tr><tr><td>Ergometria<\/td><td class=\"has-text-align-right\" data-align=\"right\">2<\/td><td class=\"has-text-align-right\" data-align=\"right\">2<\/td><\/tr><tr><td>Foniatria<\/td><td class=\"has-text-align-right\" data-align=\"right\">1<\/td><td class=\"has-text-align-right\" data-align=\"right\">1<\/td><\/tr><tr><td>Gastroenterologia R3 \u2013 \u00canfase em Doen\u00e7as do F\u00edgado<\/td><td class=\"has-text-align-right\" data-align=\"right\">2<\/td><td class=\"has-text-align-right\" data-align=\"right\">2<\/td><\/tr><tr><td>Hansen\u00edase<\/td><td class=\"has-text-align-right\" data-align=\"right\">6<\/td><td class=\"has-text-align-right\" data-align=\"right\">6<\/td><\/tr><tr><td>Hematologia e Hemoterapia Pedi\u00e1trica<\/td><td class=\"has-text-align-right\" data-align=\"right\">12<\/td><td class=\"has-text-align-right\" data-align=\"right\">12<\/td><\/tr><tr><td>Homeopatia<\/td><td class=\"has-text-align-right\" data-align=\"right\">2<\/td><td class=\"has-text-align-right\" data-align=\"right\">2<\/td><\/tr><tr><td>Homeopatia R3<\/td><td class=\"has-text-align-right\" data-align=\"right\">2<\/td><td class=\"has-text-align-right\" data-align=\"right\">2<\/td><\/tr><tr><td>Infectologia Hospitalar<\/td><td class=\"has-text-align-right\" data-align=\"right\">4<\/td><td class=\"has-text-align-right\" data-align=\"right\">4<\/td><\/tr><tr><td>Medicina de Fam\u00edlia e Comunidade R3<\/td><td class=\"has-text-align-right\" data-align=\"right\">25<\/td><td class=\"has-text-align-right\" data-align=\"right\">25<\/td><\/tr><tr><td>Medicina do Adolescente<\/td><td class=\"has-text-align-right\" data-align=\"right\">2<\/td><td class=\"has-text-align-right\" data-align=\"right\">2<\/td><\/tr><tr><td>Medicina do Sono<\/td><td class=\"has-text-align-right\" data-align=\"right\">7<\/td><td class=\"has-text-align-right\" data-align=\"right\">7<\/td><\/tr><tr><td>Medicina do Trabalho<\/td><td class=\"has-text-align-right\" data-align=\"right\">8<\/td><td class=\"has-text-align-right\" data-align=\"right\">8<\/td><\/tr><tr><td>Medicina do Tr\u00e1fego<\/td><td class=\"has-text-align-right\" data-align=\"right\">2<\/td><td class=\"has-text-align-right\" data-align=\"right\">2<\/td><\/tr><tr><td>Medicina Fetal<\/td><td class=\"has-text-align-right\" data-align=\"right\">13<\/td><td class=\"has-text-align-right\" data-align=\"right\">13<\/td><\/tr><tr><td>Medicina Legal e Per\u00edcias M\u00e9dicas<\/td><td class=\"has-text-align-right\" data-align=\"right\">3<\/td><td class=\"has-text-align-right\" data-align=\"right\">3<\/td><\/tr><tr><td>Medicina Nuclear<\/td><td class=\"has-text-align-right\" data-align=\"right\">8<\/td><td class=\"has-text-align-right\" data-align=\"right\">8<\/td><\/tr><tr><td>Medicina Preventiva e Social<\/td><td class=\"has-text-align-right\" data-align=\"right\">2<\/td><td class=\"has-text-align-right\" data-align=\"right\">2<\/td><\/tr><tr><td>Neurofisiologia Cl\u00ednica<\/td><td class=\"has-text-align-right\" data-align=\"right\">12<\/td><td class=\"has-text-align-right\" data-align=\"right\">12<\/td><\/tr><tr><td>Nutri\u00e7\u00e3o Parenteral e Enteral<\/td><td class=\"has-text-align-right\" data-align=\"right\">1<\/td><td class=\"has-text-align-right\" data-align=\"right\">1<\/td><\/tr><tr><td>Nutrologia<\/td><td class=\"has-text-align-right\" data-align=\"right\">4<\/td><td class=\"has-text-align-right\" data-align=\"right\">4<\/td><\/tr><tr><td>Nutrologia Pedi\u00e1trica<\/td><td class=\"has-text-align-right\" data-align=\"right\">4<\/td><td class=\"has-text-align-right\" data-align=\"right\">4<\/td><\/tr><tr><td>Oncologia Pedi\u00e1trica<\/td><td class=\"has-text-align-right\" data-align=\"right\">23<\/td><td class=\"has-text-align-right\" data-align=\"right\">23<\/td><\/tr><tr><td>Otorrinolaringologia \u2013 R4<\/td><td class=\"has-text-align-right\" data-align=\"right\">1<\/td><td class=\"has-text-align-right\" data-align=\"right\">1<\/td><\/tr><tr><td>Patologia Cl\u00ednica \/ Medicina Laboratorial<\/td><td class=\"has-text-align-right\" data-align=\"right\">3<\/td><td class=\"has-text-align-right\" data-align=\"right\">3<\/td><\/tr><tr><td>Patologia \u2013 R4<\/td><td class=\"has-text-align-right\" data-align=\"right\">5<\/td><td class=\"has-text-align-right\" data-align=\"right\">5<\/td><\/tr><tr><td>Pneumologia Pedi\u00e1trica<\/td><td class=\"has-text-align-right\" data-align=\"right\">18<\/td><td class=\"has-text-align-right\" data-align=\"right\">18<\/td><\/tr><tr><td>Psicogeriatria<\/td><td class=\"has-text-align-right\" data-align=\"right\">6<\/td><td class=\"has-text-align-right\" data-align=\"right\">6<\/td><\/tr><tr><td>Psiquiatria Forense<\/td><td class=\"has-text-align-right\" data-align=\"right\">4<\/td><td class=\"has-text-align-right\" data-align=\"right\">4<\/td><\/tr><tr><td>Radioterapia<\/td><td class=\"has-text-align-right\" data-align=\"right\">23<\/td><td class=\"has-text-align-right\" data-align=\"right\">23<\/td><\/tr><tr><td>Reprodu\u00e7\u00e3o Assistida<\/td><td class=\"has-text-align-right\" data-align=\"right\">2<\/td><td class=\"has-text-align-right\" data-align=\"right\">2<\/td><\/tr><tr><td>Reumatologia Pedi\u00e1trica<\/td><td class=\"has-text-align-right\" data-align=\"right\">3<\/td><td class=\"has-text-align-right\" data-align=\"right\">3<\/td><\/tr><tr><td>Transplante \u2013 Pediatria R3<\/td><td class=\"has-text-align-right\" data-align=\"right\">2<\/td><td class=\"has-text-align-right\" data-align=\"right\">2<\/td><\/tr><tr><td>Transplante de C\u00f3rnea<\/td><td class=\"has-text-align-right\" data-align=\"right\">4<\/td><td class=\"has-text-align-right\" data-align=\"right\">4<\/td><\/tr><tr><td>Transplante de F\u00edgado \u2013 R3<\/td><td class=\"has-text-align-right\" data-align=\"right\">1<\/td><td class=\"has-text-align-right\" data-align=\"right\">1<\/td><\/tr><tr><td>Transplante de Medula \u00d3ssea<\/td><td class=\"has-text-align-right\" data-align=\"right\">11<\/td><td class=\"has-text-align-right\" data-align=\"right\">11<\/td><\/tr><tr><td>Transplante de Rim \u2013 Nefrologia R3<\/td><td class=\"has-text-align-right\" data-align=\"right\">2<\/td><td class=\"has-text-align-right\" data-align=\"right\">2<\/td><\/tr><tr><td>Transplante de Rim \u2013 Urologia<\/td><td class=\"has-text-align-right\" data-align=\"right\">1<\/td><td class=\"has-text-align-right\" data-align=\"right\">1<\/td><\/tr><tr><td>Ultrassonografia em Ginecologia e Obstetr\u00edcia<\/td><td class=\"has-text-align-right\" data-align=\"right\">13<\/td><td class=\"has-text-align-right\" data-align=\"right\">13<\/td><\/tr><tr><td>Neurocirurgia<\/td><td class=\"has-text-align-right\" data-align=\"right\">27<\/td><td class=\"has-text-align-right\" data-align=\"right\">26<\/td><\/tr><tr><td>Cirurgia Videolaparosc\u00f3pica<\/td><td class=\"has-text-align-right\" data-align=\"right\">1<\/td><td class=\"has-text-align-right\" data-align=\"right\">0<\/td><\/tr><tr><td>MFC \u2013 Sa\u00fade Ind\u00edgena<\/td><td class=\"has-text-align-right\" data-align=\"right\">2<\/td><td class=\"has-text-align-right\" data-align=\"right\">0<\/td><\/tr><\/tbody><\/table><\/figure>\n\n\n\n<h2 class=\"wp-block-heading\" id=\"h-quantas-vagas-estao-sendo-ofertadas-no-enare-2025-2026-12-12\"><span class=\"ez-toc-section\" id=\"Quantas_vagas_estao_sendo_ofertadas_no_Enare_20252026_1212\"><\/span><strong>Quantas vagas est\u00e3o sendo ofertadas no Enare 2025\/2026?<\/strong> <strong>(12\/12)<\/strong><span class=\"ez-toc-section-end\"><\/span><\/h2>\n\n\n\n<p>No processo seletivo do Enare 2025\/2026 est\u00e3o sendo ofertadas <strong>mais de 6 mil vagas <\/strong>distribu\u00eddas por todo o pa\u00eds e nas <a href=\"https:\/\/www.grupomedcof.com.br\/blog\/enare-instituicoes-participantes\/\"><strong>198 institui\u00e7\u00f5es participantes<\/strong>.<\/a><\/p>\n\n\n\n<h3 class=\"wp-block-heading\" id=\"h-vagas-enare-por-especialidade\"><span class=\"ez-toc-section\" id=\"Vagas_Enare_por_especialidade\"><\/span><strong>Vagas Enare por especialidade<\/strong><span class=\"ez-toc-section-end\"><\/span><\/h3>\n\n\n\n<h4 class=\"wp-block-heading\" id=\"h-vagas-enare-2025-2026-acesso-direto\"><strong>Vagas Enare 2025\/2026 &#8211; Acesso direto<\/strong><\/h4>\n\n\n\n<h5 class=\"wp-block-heading\"><strong>Acupuntura<\/strong><\/h5>\n\n\n\n<figure class=\"wp-block-table\"><table class=\"has-fixed-layout\"><tbody><tr><td><strong>UF<\/strong><\/td><td><strong>Institui\u00e7\u00e3o<\/strong><\/td><td><strong>N\u00b0 de Vagas<\/strong><\/td><td><strong>Reserva Militar<\/strong><\/td><\/tr><tr><td>ES<\/td><td>Instituto Capixaba de Ensino, Pesquisa e Inova\u00e7\u00e3o em Sa\u00fade (Regi\u00e3o Metropolitana)<\/td><td>4<\/td><td>0<\/td><\/tr><tr><td>PE<\/td><td>Universidade Federal de Pernambuco (Hospital das Cl\u00ednicas Professor Romero Marques)<\/td><td>2<\/td><td>0<\/td><\/tr><\/tbody><\/table><\/figure>\n\n\n\n<h5 class=\"wp-block-heading\" id=\"h-clinica-medica\"><strong>Cl\u00ednica M\u00e9dica<\/strong><\/h5>\n\n\n\n<figure class=\"wp-block-table\"><table class=\"has-fixed-layout\"><tbody><tr><td><strong>UF<\/strong><\/td><td><strong>Institui\u00e7\u00e3o<\/strong><\/td><td><strong>N\u00b0 de vagas<\/strong><\/td><td><strong>Reserva de vagas<\/strong><\/td><\/tr><tr><td>RJ<\/td><td>HOSPITAL CENTRAL DA POL\u00cdCIA MILITAR<\/td><td>14<\/td><td>1<\/td><\/tr><tr><td>RJ<\/td><td>Universidade Federal Fluminense\/Hospital Universit\u00e1rio Antonio Pedro<br><\/td><td>6<\/td><td>0<\/td><\/tr><tr><td>BA<\/td><td>Hospital do Sub\u00farbio \/ Prodal Saude<\/td><td>5<\/td><td>1<\/td><\/tr><tr><td>SP<\/td><td>Santa Casa de Miseric\u00f3rdia de Votuporanga<\/td><td>6<\/td><td>0<\/td><\/tr><tr><td>RS<\/td><td>Hospital Militar de \u00c1rea de Porto Alegre<\/td><td>0<\/td><td>4<\/td><\/tr><tr><td>AP<\/td><td>FUNDA\u00c7\u00c3O UNIVERSIDADE FEDERAL DO AMAP\u00c1<\/td><td>5<\/td><td>1<\/td><\/tr><tr><td>BA<\/td><td>Hospital Geral Cleriston Andrade<\/td><td>6<\/td><td>0<\/td><\/tr><tr><td>MA<\/td><td>Hosp\u00edtal Dr. Carlos Macieira<\/td><td>4<\/td><td>1<\/td><\/tr><tr><td>MG<\/td><td>Hospital Metropolitano Odilon Behrens<\/td><td>12<\/td><td>0<\/td><\/tr><tr><td>RJ<\/td><td>Funda\u00e7\u00e3o Educacional Serra dos \u00d3rg\u00e3os<\/td><td>3<\/td><td>0<\/td><\/tr><tr><td>BA<\/td><td>Hospital Ana Nery<\/td><td>8<\/td><td>0<\/td><\/tr><tr><td>BA<\/td><td>HOSPITAL GERAL DE GUANAMBI<br><\/td><td>2<\/td><td>0<\/td><\/tr><tr><td>CE<\/td><td>Santa Casa de Miseric\u00f3rdia de Sobral\/ Universidade Federal do Cear\u00e1<\/td><td>9<\/td><td>0<\/td><\/tr><tr><td>RS<\/td><td>Associa\u00e7\u00e3o Hospitalar de Caridade Santa Rosa &#8211; Hospital Vida e Sa\u00fade&nbsp;<\/td><td>2<\/td><td>0<\/td><\/tr><tr><td>CE<\/td><td>Hospital Geral Dr. Waldemar Alc\u00e2ntara &#8211; Secretaria da Sa\u00fade do Estado do Cear\u00e1<\/td><td>16<\/td><td>0<\/td><\/tr><tr><td>AL<\/td><td>Hospital Geral do Estado Prof. Osvaldo Brand\u00e3o Vilela<br><\/td><td>5<\/td><td>0<\/td><\/tr><tr><td>BA<\/td><td>Hospital Estadual Costa das Baleias<\/td><td>2<\/td><td>0<\/td><\/tr><tr><td>CE<\/td><td>UNIMED FORTALEZA SOCIEDADE COOPERATIVA M\u00c9DICA LTDA<\/td><td>2<\/td><td>0<\/td><\/tr><tr><td>SP<\/td><td>Universidade de Ribeir\u00e3o Preto<\/td><td>5<\/td><td>0<\/td><\/tr><tr><td>CE<\/td><td>Hospital Geral Dr. C\u00e9sar Cals &#8211; Secretaria da Sa\u00fade do Estado do Cear\u00e1<\/td><td>12<\/td><td>0<\/td><\/tr><tr><td>BA<\/td><td>HOSPITAL GERAL ROBERTO SANTOS<\/td><td>30<\/td><td>0<\/td><\/tr><tr><td>RN<\/td><td>Universidade Federal do Rio Grande do Norte &#8211; Escola Multicampi de Ci\u00eancias M\u00e9dicas&nbsp;<\/td><td>3<\/td><td>0<\/td><\/tr><tr><td>RJ<\/td><td>HOSPITAL CENTRAL DA AERON\u00c1UTICA<\/td><td>7<\/td><td>0<\/td><\/tr><tr><td>PB<\/td><td>UNIVERSIDADE FEDERAL DA PARAIBA UFPB<\/td><td>13<\/td><td>0<\/td><\/tr><tr><td>SP<\/td><td>Fundo Municipal de Sa\u00fade de Cubat\u00e3o &#8211; Hospital Municipal de Cubat\u00e3o<\/td><td>2<\/td><td>0<\/td><\/tr><tr><td>SP<\/td><td>Hospital Municipal Professor Doutor Al\u00edpio Corr\u00eaa Netto<br><\/td><td>12<\/td><td>0<\/td><\/tr><tr><td>CE<\/td><td>Universidade Federal do Cariri &#8211; Hospital Regional do Cariri de Juazeiro do Norte<\/td><td>6<\/td><td>0<\/td><\/tr><tr><td>RS<\/td><td>Universidade Federal do Rio Grande<\/td><td>10<\/td><td>0<\/td><\/tr><tr><td>MG<\/td><td>Hospital Regional de Barbacena Dr. Jos\u00e9 Am\u00e9rico<\/td><td>5<\/td><td>3<\/td><\/tr><tr><td>BA<\/td><td>HOSPITAL REGIONAL DE JUAZEIRO<\/td><td>10<\/td><td>0<\/td><\/tr><tr><td>ES<\/td><td>Universidade Federal do Esp\u00edrito Santo<\/td><td>13<\/td><td>0<\/td><\/tr><tr><td>RJ<\/td><td>FUNDA\u00c7\u00c3O OCTAC\u00cdLIO GUALBERTO &#8211; UNIFASE\/FMP &#8211; &nbsp;Hospital Alcides Carneiro<\/td><td>4<\/td><td>2<\/td><\/tr><tr><td>BA<\/td><td>COMPLEXO HOSPITALAR DE VIT\u00d3RIA DA CONQUISTA<\/td><td>7<\/td><td>0<\/td><\/tr><tr><td>MG<\/td><td>HOSPITAL DA POL\u00cdCIA MILITAR DE MINAS GERAIS<\/td><td>8<\/td><td>0<\/td><\/tr><tr><td>AL<\/td><td>Universidade Federal de Alagoas<\/td><td>8<\/td><td>0<\/td><\/tr><tr><td>CE<\/td><td>Secretaria da Sa\u00fade do Estado do Cear\u00e1 &#8211; Hospital Regional do Sert\u00e3o Central<\/td><td>2<\/td><td>0<\/td><\/tr><tr><td>RJ<\/td><td>Hospital Federal dos Servidores do Estado<\/td><td>12<\/td><td>0<\/td><\/tr><tr><td>RJ<\/td><td>Secretaria Municipal de Sa\u00fade do Rio de Janeiro<\/td><td>56<\/td><td>6<\/td><\/tr><tr><td>MS<\/td><td>FUNDA\u00c7\u00c3O UNIVERSIDADE FEDERAL DE MATO GROSSO DO SUL &#8211; UFMS &#8211; HOSPITAL UNIVERSIT\u00c1RIO MARIA APARECIDA PEDROSSIAN &#8211; HUMAP-UFMS\/EBSERH<\/td><td>9<\/td><td>1<\/td><\/tr><tr><td>RS<\/td><td>UNIVERSIDADE FEDERAL DE PELOTAS &#8211; Hospital Escola da UFPel-EBSERH<\/td><td>1<\/td><td>0<\/td><\/tr><tr><td>MG<\/td><td>UNIVERSIDADE FEDERAL DE UBERL\u00c2NDIA &#8211; UFU<br><\/td><td>20<\/td><td>0<\/td><\/tr><tr><td>PR<\/td><td>Universidade Federal do Paran\u00e1 &#8211; Complexo Hospital de Cl\u00ednicas<\/td><td>23<\/td><td>1<\/td><\/tr><tr><td>SP<\/td><td>Hospital S\u00e3o Leopoldo Mandic<\/td><td>4<\/td><td>0<\/td><\/tr><tr><td>RJ<\/td><td>HOSPITAL FEDERAL DE IPANEMA<\/td><td>8<\/td><td>0<\/td><\/tr><tr><td>RJ<\/td><td>Hospital Escola Luiz Gioseffi Jannuzzi<\/td><td>6<\/td><td>0<\/td><\/tr><tr><td>SP<\/td><td>Funda\u00e7\u00e3o de Amparo ao Ensino e Pesquisa &#8211; Universidade de Mogi das Cruzes &#8211; Hospital das Cl\u00ednicas Luzia de Pinho Melo<\/td><td>1<\/td><td>0<\/td><\/tr><tr><td>CE<\/td><td>Secretaria da Sa\u00fade do Estado do Cear\u00e1 &#8211; Hospital Estadual Leonardo Da Vinci<\/td><td>2<\/td><td>0<\/td><\/tr><tr><td>SP<\/td><td>Hospital Municipal Dr C\u00e1rmino Caricchio<\/td><td>18<\/td><td>0<\/td><\/tr><tr><td>PB<\/td><td>Hospital Universit\u00e1rio Alcides Carneiro\/UFCG<\/td><td>7<\/td><td>1<\/td><\/tr><tr><td>MA<\/td><td>Hospital Macrorregional Dra.Ruth Noleto<\/td><td>3<\/td><td>0<\/td><\/tr><tr><td>AL<\/td><td>HOSPITAL METROPOLITANO DE ALAGOAS<br><\/td><td>4<\/td><td>0<\/td><\/tr><tr><td>SP<\/td><td>MUNIC\u00cdPIO DE PIRACICABA<\/td><td>2<\/td><td>0<\/td><\/tr><tr><td>PR<\/td><td>PREFEITURA MUNICIPAL DE FOZ DO IGUA\u00c7U<\/td><td>10<\/td><td>0<\/td><\/tr><tr><td>RJ<\/td><td>Hospital Federal de Bonsucesso<\/td><td>10<\/td><td>0<\/td><\/tr><tr><td>PB<\/td><td>Escola de Sa\u00fade P\u00fablica da Para\u00edba ESP-PB<\/td><td>2<\/td><td>0<\/td><\/tr><tr><td>DF<\/td><td>HOSPITAL SANTA LUCIA S\/A<\/td><td>2<\/td><td>0<\/td><\/tr><tr><td>RJ<\/td><td>Hospital de For\u00e7a A\u00e9rea do Gale\u00e3o<\/td><td>9<\/td><td>1<\/td><\/tr><tr><td>MG<\/td><td>Universidade Federal do Tri\u00e2ngulo Mineiro<\/td><td>13<\/td><td>1<\/td><\/tr><tr><td>MG<\/td><td>Hospital Alberto Cavalcanti<\/td><td>7<\/td><td>0<\/td><\/tr><tr><td>PI<\/td><td>Hospital Universit\u00e1rio da Universidade Federal do Piau\u00ed<\/td><td>14<\/td><td>0<\/td><\/tr><tr><td>CE<\/td><td>ASSOCIA\u00c7\u00c3O IGREJA ADVENTISTA MISSION\u00c1RIA &#8211; Hospital e Maternidade S\u00e3o Vicente de Paulo, Itapipoca (CE)<\/td><td>2<\/td><td>0<\/td><\/tr><tr><td>SP<\/td><td>HOSPITAL MUNICIPAL DR. FERNANDO MAURO PIRES DA ROCHA<\/td><td>6<\/td><td>0<\/td><\/tr><tr><td>AL<\/td><td>Hospital de Emerg\u00eancia Dr Daniel Houly &#8211; Hospital Regional da Mata<\/td><td>2<\/td><td>0<\/td><\/tr><tr><td>SE<\/td><td>Universidade Federal de Sergipe<\/td><td>10<\/td><td>0<\/td><\/tr><tr><td>PE<\/td><td>Universidade Federal de Pernambuco<\/td><td>8<\/td><td>0<\/td><\/tr><tr><td>CE<\/td><td>Secretaria da Sa\u00fade do Estado do Cear\u00e1 &#8211; Hospital Geral de Fortaleza<\/td><td>14<\/td><td>2<\/td><\/tr><tr><td>RJ<\/td><td>Universidade Federal do Rio de Janeiro &#8211; Hospital Universit\u00e1rio Clementino Fraga Filho &#8211; HUCFF<\/td><td>18<\/td><td>6<\/td><\/tr><tr><td>BA<\/td><td>Hospital Regional Dr. M\u00e1rio Dourado Sobrinho<\/td><td>4<\/td><td>0<\/td><\/tr><tr><td>MA<\/td><td>Hospital Universit\u00e1rio do Maranh\u00e3o<\/td><td>12<\/td><td>1<\/td><\/tr><tr><td>SP<\/td><td>Universidade Federal de S\u00e3o Carlos<\/td><td>4<\/td><td>0<\/td><\/tr><tr><td>SE<\/td><td>Unit &#8211; Universidade Tiradentes (SE) &#8211; Hospital Regional Dr. Jess\u00e9 Fontes<\/td><td>3<\/td><td>0<\/td><\/tr><tr><td>RJ<\/td><td>HOSPITAL FEDERAL DA LAGOA<\/td><td>10<\/td><td>2<\/td><\/tr><tr><td>TO<\/td><td>Hospital de Doen\u00e7as Tropicais da Universidade Federal do Tocantins &#8211; Hospital de Doen\u00e7as Tropicais da Universidade Federal do Tocantins \/ Hospital Regional de Aragua\u00edna<\/td><td>2<\/td><td>0<\/td><\/tr><tr><td>PE<\/td><td>Universidade Federal do Vale do S\u00e3o Francisco &#8211; UNIVASF<\/td><td>8<\/td><td>0<\/td><\/tr><tr><td>TO<\/td><td>Funda\u00e7\u00e3o Universidade Federal do Tocantins<\/td><td>6<\/td><td>0<\/td><\/tr><tr><td>CE<\/td><td>IRMANDADE BENEFICENTE DA SANTA CASA DA MISERIC\u00d3RDIA DE FORTALEZA<\/td><td>6<\/td><td>0<\/td><\/tr><tr><td>CE<\/td><td>Secretaria da Sa\u00fade do Estado do Cear\u00e1 &#8211; Hospital Regional do Cariri<\/td><td>10<\/td><td>0<\/td><\/tr><tr><td>MG<\/td><td>Hospital Jo\u00e3o XXIII<\/td><td>21<\/td><td>0<\/td><\/tr><tr><td>MT<\/td><td>UNIVERSIDADE FEDERAL DE MATO GROSSO &#8211; Hospital Universit\u00e1rio J\u00falio M\u00fcller<\/td><td>6<\/td><td>0<\/td><\/tr><tr><td>MG<\/td><td>Hospital das Cl\u00ednicas da Universidade Federal de Minas Gerais &#8211; Hospital das Cl\u00ednicas da UFMG &#8211; HC\/UFMG<\/td><td>12<\/td><td>0<\/td><\/tr><tr><td>BA<\/td><td>Hospital Regional Costa do Cacau<\/td><td>2<\/td><td>0<\/td><\/tr><tr><td>DF<\/td><td>Universidade de Bras\u00edlia<\/td><td>13<\/td><td>2<\/td><\/tr><tr><td>BA<\/td><td>Hospital Geral Ernesto Sim\u00f5es Filho<\/td><td>7<\/td><td>1<\/td><\/tr><tr><td>DF<\/td><td>Hospital das For\u00e7as Armadas<\/td><td>9<\/td><td>1<\/td><\/tr><tr><td>RJ<\/td><td>Hospital Central do Ex\u00e9rcito<\/td><td>4<\/td><td>0<\/td><\/tr><tr><td>SP<\/td><td>Hospital Militar de \u00c1rea de S\u00e3o Paulo<\/td><td>5<\/td><td>0<\/td><\/tr><tr><td>MS<\/td><td>Hospital Universit\u00e1rio da Universidade Federal da Grande Dourados<\/td><td>6<\/td><td>0<\/td><\/tr><tr><td>BA<\/td><td>Instituto de Ensino e Saude S\/A &#8211; Hospital Municipal de Salvador<\/td><td>6<\/td><td>0<\/td><\/tr><tr><td>MS<\/td><td>Caixa de Assist\u00eancia dos Servidores do Estado de Mato Grosso do Sul<\/td><td>2<\/td><td>0<\/td><\/tr><tr><td>SE<\/td><td>Universidade Federal de Sergipe &#8211;&nbsp;<\/td><td>5<\/td><td>0<\/td><\/tr><tr><td>DF<\/td><td>ISMEP (Instituto Santa Marta de Ensino e Pesquisa)<\/td><td>1<\/td><td>0<\/td><\/tr><tr><td>RJ<\/td><td>Hospital Geral de Nova Igua\u00e7u<\/td><td>5<\/td><td>0<\/td><\/tr><tr><td>RR<\/td><td>Universidade Federal de Roraima &#8211; Hospital Geral de Roraima<\/td><td>4<\/td><td>2<\/td><\/tr><tr><td>BA<\/td><td>HOSPITAL DO OESTE<\/td><td>2<\/td><td>0<\/td><\/tr><tr><td>MG<\/td><td>Hospital Regional Jo\u00e3o Penido<\/td><td>2<\/td><td>0<\/td><\/tr><tr><td>CE<\/td><td>Universidade Federal do Cear\u00e1 &#8211; Hospital Universit\u00e1rio Walter Cant\u00eddio &#8211; HUWC<\/td><td>19<\/td><td>1<\/td><\/tr><tr><td>BA<\/td><td>Hospital Regional de Santo Ant\u00f4nio de Jesus<\/td><td>6<\/td><td>0<\/td><\/tr><tr><td>SP<\/td><td>Secretaria Municipal de Sa\u00fade &#8211; Resid\u00eancia M\u00e9dica em Rede &#8211; 8\u00aa Coreme<\/td><td>36<\/td><td>0<\/td><\/tr><tr><td>RJ<\/td><td>Universidade Federal do Estado do Rio de Janeiro &#8211; Hospital Universit\u00e1rio Gaffr\u00e9e e Guinle<\/td><td>11<\/td><td>1<\/td><\/tr><tr><td>MG<\/td><td>Hospital Julia Kubitscheck<\/td><td>16<\/td><td>0<\/td><\/tr><tr><td>RJ<\/td><td>HOSPITAL S\u00c3O JO\u00c3O BATISTA<\/td><td>4<\/td><td>1<\/td><\/tr><tr><td>GO<\/td><td>FACULDADE DE MEDICINA DE ITUMBIARA LTDA &#8211; &nbsp;Unidade B\u00e1sica de Sa\u00fade (UBS) Lindalva<\/td><td>3<\/td><td>0<\/td><\/tr><tr><td>SP<\/td><td>Hospital do Servidor P\u00fablico Municipal<\/td><td>13<\/td><td>0<\/td><\/tr><tr><td>MG<\/td><td>Hospital Regional Ant\u00f4nio Dias<\/td><td>3<\/td><td>0<\/td><\/tr><tr><td>RJ<\/td><td>Hospital Municipal Dr. Munir Rafful<\/td><td>6<\/td><td>0<\/td><\/tr><tr><td>DF<\/td><td>HOSPITAL DE FOR\u00c7A A\u00c9REA DE BRAS\u00cdLIA &#8211; Hospital de Base do Distrito Federal<\/td><td>2<\/td><td>0<\/td><\/tr><tr><td>RN<\/td><td>Universidade Federal do Rio Grande do Norte &#8211; Hospital Universit\u00e1rio Onofre Lopes da Universidade Federal do Rio Grande do Norte<\/td><td>14<\/td><td>1<\/td><\/tr><tr><td>ES<\/td><td>Instituto Capixaba de Ensino, Pesquisa e Inova\u00e7\u00e3o em Sa\u00fade &#8211; Regi\u00e3o Metropolitana<\/td><td>2<\/td><td>0<\/td><\/tr><tr><td>MG<\/td><td>Universidade Estadual de Montes Claros \/ Hospital Universit\u00e1rio Clemente de Faria<\/td><td>5<\/td><td>0<\/td><\/tr><tr><td>BA<\/td><td>Universidade Federal da Bahia<\/td><td>14<\/td><td>0<\/td><\/tr><tr><td>CE<\/td><td>Secretaria da Sa\u00fade do Estado do Cear\u00e1 &#8211; Hospital Regional Norte<\/td><td>4<\/td><td>0<\/td><\/tr><tr><td>SP<\/td><td>Uni\u00e3o Social Camiliana &#8211; Hospital S\u00e3o Camilo Pomp\u00e9ia<\/td><td>2<\/td><td>0<\/td><\/tr><tr><td>MG<\/td><td>Universidade Federal de Juiz de Fora (UFJF) &#8211; Hospital Universit\u00e1rio da Universidade Federal de Juiz de Fora&nbsp;<\/td><td>8<\/td><td>0<\/td><\/tr><\/tbody><\/table><\/figure>\n\n\n\n<h5 class=\"wp-block-heading\" id=\"h-anestesiologia\"><strong>Anestesiologia<\/strong><\/h5>\n\n\n\n<figure class=\"wp-block-table\"><table class=\"has-fixed-layout\"><tbody><tr><td><strong>UF<\/strong><\/td><td><strong>Institui\u00e7\u00e3o<\/strong><\/td><td><strong>N\u00b0 de vagas<\/strong><\/td><td><strong>Reserva de vagas<\/strong><\/td><\/tr><tr><td>RN<\/td><td>Universidade Federal do Rio Grande do Norte &#8211; Hospital Universit\u00e1rio Onofre Lopes da Universidade Federal do Rio Grande do Norte<\/td><td>4<\/td><td>0<\/td><\/tr><tr><td>AL<\/td><td>HOSPITAL METROPOLITANO DE ALAGOAS<\/td><td>2<\/td><td>0<\/td><\/tr><tr><td>BA<\/td><td>HOSPITAL REGIONAL DE JUAZEIRO<\/td><td>2<\/td><td>0<\/td><\/tr><tr><td>RJ<\/td><td>HOSPITAL FEDERAL DA LAGOA<\/td><td>4<\/td><td>0<\/td><\/tr><tr><td>MG<\/td><td>Hospital Jo\u00e3o XXIII<\/td><td>8<\/td><td>0<\/td><\/tr><tr><td>PE<\/td><td>Universidade Federal do Vale do S\u00e3o Francisco &#8211; UNIVASF<\/td><td>4<\/td><td>2<\/td><\/tr><tr><td>RJ<\/td><td>Hospital Federal de Bonsucesso<\/td><td>2<\/td><td>0<\/td><\/tr><tr><td>PR<\/td><td>Universidade Federal do Paran\u00e1 &#8211; Complexo Hospital de Cl\u00ednicas<\/td><td>4<\/td><td>0<\/td><\/tr><tr><td>DF<\/td><td>Hospital das For\u00e7as Armadas<\/td><td>2<\/td><td>0<\/td><\/tr><tr><td>MG<\/td><td>Hospital Metropolitano Odilon Behrens<\/td><td>2<\/td><td>0<\/td><\/tr><tr><td>PE<\/td><td>Universidade Federal de Pernambuco &#8211; Hospital das Cl\u00ednicas Professor Romero Marques<\/td><td>4<\/td><td>0<\/td><\/tr><tr><td>MS<\/td><td>FUNDA\u00c7\u00c3O UNIVERSIDADE FEDERAL DE MATO GROSSO DO SUL &#8211; UFMS &#8211; HOSPITAL UNIVERSIT\u00c1RIO MARIA APARECIDA PEDROSSIAN &#8211; HUMAP-UFMS\/EBSERH<\/td><td>2<\/td><td>0<\/td><\/tr><tr><td>MT<\/td><td>UNIVERSIDADE FEDERAL DE MATO GROSSO &#8211; Hospital Universit\u00e1rio J\u00falio M\u00fcller<\/td><td>4<\/td><td>0<\/td><\/tr><tr><td>RJ<\/td><td>Hospital Federal dos Servidores do Estado<\/td><td>5<\/td><td>1<\/td><\/tr><tr><td>SP<\/td><td>Hospital Militar de \u00c1rea de S\u00e3o Paulo<\/td><td>1<\/td><td>0<\/td><\/tr><tr><td>AL<\/td><td>Universidade Federal de Alagoas<\/td><td>4<\/td><td>0<\/td><\/tr><tr><td>MA<\/td><td>Hospital Dr. Carlos Macieira<\/td><td>5<\/td><td>0<\/td><\/tr><tr><td>AL<\/td><td>Hospital de Emerg\u00eancia Dr Daniel Houly<\/td><td>2<\/td><td>0<\/td><\/tr><tr><td>RR<\/td><td>Universidade Federal de Roraima &#8211; Hospital Geral de Roraima<\/td><td>3<\/td><td>0<\/td><\/tr><tr><td>BA<\/td><td>Hospital do Sub\u00farbio \/ Prodal Saude<\/td><td>2<\/td><td>0<\/td><\/tr><tr><td>MG<\/td><td>Universidade Federal de Juiz de Fora (UFJF) &#8211; Hospital Universit\u00e1rio da Universidade Federal de Juiz de Fora<\/td><td>3<\/td><td>1<\/td><\/tr><tr><td>BA<\/td><td>Universidade Federal da Bahia<\/td><td>8<\/td><td>0<\/td><\/tr><tr><td>sp<\/td><td>HOSPITAL MUNICIPAL DR. FERNANDO MAURO PIRES DA ROCHA<\/td><td>4<\/td><td>0<\/td><\/tr><tr><td>RJ<\/td><td>Universidade Federal do Rio de Janeiro &#8211; Hospital Universit\u00e1rio Clementino Fraga Filho &#8211; HUCFF<\/td><td>7<\/td><td>0<\/td><\/tr><tr><td>MG<\/td><td>Hospital Regional Ant\u00f4nio Dias<\/td><td>2<\/td><td>0<\/td><\/tr><tr><td>PB<\/td><td>UNIVERSIDADE FEDERAL DA PARA\u00cdBA UFPB<\/td><td>4<\/td><td>0<\/td><\/tr><tr><td>PB<\/td><td>UNIVERSIDADE FEDERAL DA PARA\u00cdBA UFPB<\/td><td>4<\/td><td>0<\/td><\/tr><tr><td>RJ<\/td><td>HOSPITAL S\u00c3O JO\u00c3O BATISTA<\/td><td>2<\/td><td>0<\/td><\/tr><tr><td>RJ<\/td><td>HOSPITAL FEDERAL DE IPANEMA<\/td><td>5<\/td><td>0<\/td><\/tr><tr><td>MS<\/td><td>Caixa de Assist\u00eancia dos Servidores do Estado de Mato Grosso do Sul<\/td><td>2<\/td><td>0<\/td><\/tr><tr><td>RJ<\/td><td>Universidade Federal Fluminense\/Hospital Universit\u00e1rio Antonio Pedro<\/td><td>4<\/td><td>0<\/td><\/tr><tr><td>RJ<\/td><td>Funda\u00e7\u00e3o Educacional Serra dos \u00d3rg\u00e3os<\/td><td>3<\/td><td>0<\/td><\/tr><tr><td>BA<\/td><td>COMPLEXO HOSPITALAR DE VIT\u00d3RIA DA CONQUISTA<\/td><td>3<\/td><td>0<\/td><\/tr><tr><td>RN<\/td><td>Universidade Federal do Rio Grande do Norte &#8211; Hospital Universit\u00e1rio Ana Bezerra<\/td><td>3<\/td><td>0<\/td><\/tr><tr><td>MA<\/td><td>Hospital Universit\u00e1rio do Maranh\u00e3o<\/td><td>6<\/td><td>0<\/td><\/tr><tr><td>RJ<\/td><td>Hospital Escola Luiz Gioseffi Jannuzzi<\/td><td>1<\/td><td>0<\/td><\/tr><tr><td>RJ<\/td><td>Hospital Geral de Nova Igua\u00e7u<\/td><td>4<\/td><td>0<\/td><\/tr><tr><td>BA<\/td><td>Hospital Geral Cleriston Andrade<\/td><td>3<\/td><td>0<\/td><\/tr><tr><td>MG<\/td><td>Hospital das Cl\u00ednicas da Universidade Federal de Minas Gerais &#8211; Hospital das Cl\u00ednicas da UFMG &#8211; HC\/UFMG<\/td><td>10<\/td><td>0<\/td><\/tr><tr><td>SE<\/td><td>Universidade Federal de Sergipe<\/td><td>6<\/td><td>0<\/td><\/tr><tr><td>SP<\/td><td>IRMANDADE DA SANTA CASA DE MISERICORDIA DE MARILIA<br><\/td><td>6<\/td><td>0<\/td><\/tr><tr><td>ES<\/td><td>Universidade Federal do Esp\u00edrito Santo<\/td><td>3<\/td><td>0<\/td><\/tr><tr><td>RJ<\/td><td>Hospital de For\u00e7a A\u00e9rea do Gale\u00e3o<\/td><td>2<\/td><td>0<\/td><\/tr><tr><td>SP<\/td><td>Associa\u00e7\u00e3o Portuguesa de Benefic\u00eancia &#8211; Hospital Infante Dom Henrique de S\u00e3o Jos\u00e9 do Rio Preto\/SP<\/td><td>3<\/td><td>0<\/td><\/tr><tr><td>CE<\/td><td>Instituto Dr Jose Frota<\/td><td>5<\/td><td>0<\/td><\/tr><tr><td>RJ<\/td><td>Universidade Federal do Estado do Rio de Janeiro &#8211; Hospital Universit\u00e1rio Gaffr\u00e9e e Guinle<\/td><td>4<\/td><td>0<\/td><\/tr><tr><td>RS<\/td><td>Universidade Federal do Rio Grande<\/td><td>3<\/td><td>0<\/td><\/tr><tr><td>CE<\/td><td>Secretaria da Sa\u00fade do Estado do Cear\u00e1 &#8211; Hospital Geral de Fortaleza<\/td><td>10<\/td><td>0<\/td><\/tr><tr><td>PI<\/td><td>Hospital Universit\u00e1rio da Universidade Federal do Piau\u00ed<\/td><td>2<\/td><td>0<\/td><\/tr><tr><td>RJ<\/td><td>FUNDA\u00c7\u00c3O OCTAC\u00cdLIO GUALBERTO &#8211; UNIFASE\/FMP &#8211; Hospital Alcides Carneiro<\/td><td>3<\/td><td>1<\/td><\/tr><tr><td>DF<\/td><td>Universidade de Bras\u00edlia<\/td><td>2<\/td><td>1<\/td><\/tr><tr><td>BA<\/td><td>HOSPITAL DO OESTE<\/td><td>2<\/td><td>0<\/td><\/tr><tr><td>RN<\/td><td>LIGA NORTE-RIOGRANDENSE CONTRA O C\u00c2NCER<\/td><td>2<\/td><td>0<\/td><\/tr><tr><td>PA<\/td><td>Universidade Federal do Par\u00e1<\/td><td>6<\/td><td>0<\/td><\/tr><tr><td>SP<\/td><td>Uni\u00e3o Social Camiliana &#8211; Hospital S\u00e3o Camilo Santana<\/td><td>9<\/td><td>0<\/td><\/tr><tr><td>RJ<\/td><td>HOSPITAL CENTRAL DA AERON\u00c1UTICA<br><\/td><td>2<\/td><td>0<\/td><\/tr><tr><td>RJ<\/td><td>Instituto Nacional de C\u00e2ncer<\/td><td>8<\/td><td>0<\/td><\/tr><tr><td>BA<\/td><td>Hospital Estadual Costa das Baleias<\/td><td>2<\/td><td>0<\/td><\/tr><tr><td>MG<\/td><td>UNIVERSIDADE FEDERAL DE UBERL\u00c2NDIA &#8211; UFU<\/td><td>5<\/td><td>0<\/td><\/tr><tr><td>TO<\/td><td>Funda\u00e7\u00e3o Universidade Federal do Tocantins &#8211; Hospital Geral de Palmas &#8211; HGP<\/td><td>3<\/td><td>0<\/td><\/tr><tr><td>CE<\/td><td>Secretaria da Sa\u00fade do Estado do Cear\u00e1 &#8211; Hospital Regional do Cariri<\/td><td>2<\/td><td>0<\/td><\/tr><tr><td>CE<\/td><td>Universidade Federal do Cear\u00e1 &#8211; Hospital Universit\u00e1rio Walter Cant\u00eddio &#8211; HUWC<\/td><td>3<\/td><td>0<\/td><\/tr><tr><td>MG<\/td><td>Universidade Estadual de Montes Claros \/ Hospital Universit\u00e1rio Clemente de Faria<\/td><td>1<\/td><td>0<\/td><\/tr><tr><td>RJ<\/td><td>Secretaria Municipal de Sa\u00fade do Rio de Janeiro<\/td><td>41<\/td><td>1<\/td><\/tr><tr><td>BA<\/td><td>HOSPITAL GERAL ROBERTO SANTOS<\/td><td>5<\/td><td>0<\/td><\/tr><tr><td>SP<\/td><td>Hospital do Servidor P\u00fablico Municipal<\/td><td>4<\/td><td>0<\/td><\/tr><tr><td>RJ<\/td><td>HOSPITAL CENTRAL DA POL\u00cdCIA MILITAR<\/td><td>4<\/td><td>0<\/td><\/tr><\/tbody><\/table><\/figure>\n\n\n\n<h5 class=\"wp-block-heading\" id=\"h-cirurgia-cardiovascular\"><strong>Cirurgia Cardiovascular<\/strong><\/h5>\n\n\n\n<figure class=\"wp-block-table\"><table class=\"has-fixed-layout\"><tbody><tr><td><strong>UF<\/strong><\/td><td><strong>Institui\u00e7\u00e3o<\/strong><\/td><td><strong>N\u00b0 de vagas<\/strong><\/td><td><strong>Reserva de vagas<\/strong><\/td><\/tr><tr><td>AL<\/td><td>Hospital do Cora\u00e7\u00e3o Alagoano Professor Adib Jatene\/Hemoal<\/td><td>2<\/td><td>0<\/td><\/tr><tr><td>CE<\/td><td>Secretaria da Sa\u00fade do Estado do Cear\u00e1 &#8211; Hospital Carlos Alberto Studart Gomes Messejana&nbsp;<\/td><td>2<\/td><td>0<\/td><\/tr><tr><td>MA<\/td><td>Hospital Universit\u00e1rio do Maranh\u00e3o<\/td><td>1<\/td><td>0<\/td><\/tr><tr><td>DF<\/td><td>FUNDA\u00c7\u00c3O UNIVERSIT\u00c1RIA DE CARDIOLOGIA &#8211; INSTITUTO DE CARDIOLOGIA E TRANSPLANTES DO DISTRITO FEDERAL<\/td><td>1<\/td><td>1<\/td><\/tr><tr><td>RJ<\/td><td>Hospital de For\u00e7a A\u00e9rea do Gale\u00e3o<\/td><td>1<\/td><td>0<\/td><\/tr><tr><td>RJ<\/td><td>Universidade Federal do Rio de Janeiro &#8211; Hospital Universit\u00e1rio Clementino Fraga Filho &#8211; HUCFF<\/td><td>1<\/td><td>0<\/td><\/tr><tr><td>MG<\/td><td>Hospital das Cl\u00ednicas da Universidade Federal de Minas Gerais &#8211; Hospital das Cl\u00ednicas da UFMG &#8211; HC\/UFMG<\/td><td>1<\/td><td>0<\/td><\/tr><tr><td>BA<\/td><td>Universidade Federal da Bahia<\/td><td>2<\/td><td>0<\/td><\/tr><tr><td>RJ<\/td><td>Instituto Nacional de Cardiologia<\/td><td>2<\/td><td>0<\/td><\/tr><\/tbody><\/table><\/figure>\n\n\n\n<h5 class=\"wp-block-heading\"><strong>Cirurgia Geral<\/strong><\/h5>\n\n\n\n<figure class=\"wp-block-table\"><table class=\"has-fixed-layout\"><tbody><tr><td><strong>UF<\/strong><\/td><td><strong>Institui\u00e7\u00e3o<\/strong><\/td><td><strong>N\u00b0 de vagas<\/strong><\/td><td><strong>Reserva de vagas<\/strong><\/td><\/tr><tr><td>PI<\/td><td>Hospital Universit\u00e1rio da Universidade Federal do Piau\u00ed<\/td><td>4<\/td><td>0<\/td><\/tr><tr><td>RJ<\/td><td>Hospital de For\u00e7a A\u00e9rea do Gale\u00e3o<\/td><td>4<\/td><td>0<\/td><\/tr><tr><td>SE<\/td><td>Universidade Federal de Sergipe &#8211; Hospital Universit\u00e1rio de Lagarto<\/td><td>3<\/td><td>0<\/td><\/tr><tr><td>BA<\/td><td>HOSPITAL GERAL ROBERTO SANTOS&nbsp;<\/td><td>12<\/td><td>0<\/td><\/tr><tr><td>CE<\/td><td>Secretaria da Sa\u00fade do Estado do Cear\u00e1 &#8211;&nbsp;<\/td><td>7<\/td><td>0<\/td><\/tr><tr><td>BA<\/td><td>Hospital Ana Nery<\/td><td>5<\/td><td>0<\/td><\/tr><tr><td>BA<\/td><td>Universidade Federal da Bahia<\/td><td>4<\/td><td>0<\/td><\/tr><tr><td>CE<\/td><td>ASSOCIA\u00c7\u00c3O IGREJA ADVENTISTA MISSION\u00c1RIA &#8211; Sistema de Sa\u00fade do Munic\u00edpio de Itapipoca<\/td><td>2<\/td><td>0<\/td><\/tr><tr><td>AL<\/td><td>Hospital Geral do Estado Prof. Osvaldo Brand\u00e3o Vilela<\/td><td>1<\/td><td>0<\/td><\/tr><tr><td>MG<\/td><td>Hospital Julia Kubitscheck<\/td><td>3<\/td><td>0<\/td><\/tr><tr><td>ES<\/td><td>Universidade Federal do Esp\u00edrito Santo<\/td><td>8<\/td><td>0<\/td><\/tr><tr><td>CE<\/td><td>Escola de Sa\u00fade P\u00fablica do Cear\u00e1 &#8211; Hospital Regional Vale do Jaguaribe &#8211; Limoeiro do Norte\/CE<\/td><td>2<\/td><td>0<\/td><\/tr><tr><td>PR<\/td><td>PREFEITURA MUNICIPAL DE FOZ DO IGUA\u00c7U<\/td><td>2<\/td><td>0<\/td><\/tr><tr><td>BA<\/td><td>Hospital Regional de Santo Ant\u00f4nio de Jesus<\/td><td>3<\/td><td>0<\/td><\/tr><tr><td>BA<\/td><td>Hospital Geral Cleriston Andrade<\/td><td>6<\/td><td>0<\/td><\/tr><tr><td>SP<\/td><td>Uni\u00e3o Social Camiliana &#8211; Hospital S\u00e3o Camilo Ipiranga<\/td><td>2<\/td><td>0<\/td><\/tr><tr><td>RN<\/td><td>Universidade Federal do Rio Grande do Norte &#8211; Hospital Universit\u00e1rio Onofre Lopes da Universidade Federal do Rio Grande do Norte<\/td><td>3<\/td><td>2<\/td><\/tr><tr><td>AL<\/td><td>Hospital de Emerg\u00eancia Dr Daniel Houly &#8211; Hospital Regional da Mata<\/td><td>2<\/td><td>0<\/td><\/tr><tr><td>CE<\/td><td>Secretaria da Sa\u00fade do Estado do Cear\u00e1 &#8211; Hospital Geral Dr. C\u00e9sar Cals<\/td><td>3<\/td><td>0<\/td><\/tr><tr><td>BA<\/td><td>Instituto de Ensino e Saude S\/A &#8211; Hospital Municipal de Salvador<\/td><td>6<\/td><td>0<\/td><\/tr><tr><td>PB<\/td><td>UNIVERSIDADE FEDERAL DA PARA\u00cdBA UFPB<\/td><td>5<\/td><td>0<\/td><\/tr><tr><td>BA<\/td><td>Hospital Estadual Costa das Baleias<\/td><td>5<\/td><td>0<\/td><\/tr><tr><td>CE<\/td><td>Secretaria da Sa\u00fade do Estado do Cear\u00e1 &#8211; Hospital Geral Dr. Waldemar Alc\u00e2ntara&nbsp;<\/td><td>3<\/td><td>1<\/td><\/tr><tr><td>MG<\/td><td>Hospital Metropolitano Odilon Behrens<\/td><td>5<\/td><td>0<\/td><\/tr><tr><td>MS<\/td><td>Hospital Universit\u00e1rio da Universidade Federal da Grande Dourados&nbsp;<\/td><td>2<\/td><td>0<\/td><\/tr><tr><td>MT<\/td><td>UNIVERSIDADE FEDERAL DE MATO GROSSO &#8211; Hospital Universit\u00e1rio J\u00falio M\u00fcller<\/td><td>3<\/td><td>0<\/td><\/tr><tr><td>BA<\/td><td>HOSPITAL REGIONAL DE JUAZEIRO<\/td><td>4<\/td><td>0<\/td><\/tr><tr><td>RJ<\/td><td>FUNDA\u00c7\u00c3O OCTAC\u00cdLIO GUALBERTO &#8211; UNIFASE\/FMP &#8211; Hospital Alcides Carneiro<\/td><td>3<\/td><td>0<\/td><\/tr><tr><td>RJ<\/td><td>Hospital Central do Ex\u00e9rcito<\/td><td>1<\/td><td>1<\/td><\/tr><tr><td>MG<\/td><td>Universidade Estadual de Montes Claros \/ Hospital Universit\u00e1rio Clemente de Faria<\/td><td>5<\/td><td>0<\/td><\/tr><tr><td>RN<\/td><td>HOSPITAL MONSENHOR WALFREDO GURGEL<\/td><td>5<\/td><td>0<\/td><\/tr><tr><td>MT<\/td><td>HOSPITAL REGIONAL DE C\u00c1CERES<\/td><td>1<\/td><td>0<\/td><\/tr><tr><td>BA<\/td><td>Hospital do Sub\u00farbio \/ Prodal Sa\u00fade<\/td><td>5<\/td><td>0<\/td><\/tr><tr><td>SE<\/td><td>Unit &#8211; Universidade Tiradentes (SE) &#8211; Hospital Amparo de Maria<\/td><td>1<\/td><td>1<\/td><\/tr><tr><td>RJ<\/td><td>Universidade Federal do Rio de Janeiro &#8211; Hospital Universit\u00e1rio Clementino Fraga Filho &#8211; HUCFF<\/td><td>4<\/td><td>1<\/td><\/tr><tr><td>BA<\/td><td>Hospital Regional Dr. M\u00e1rio Dourado Sobrinho<\/td><td>2<\/td><td>0<\/td><\/tr><tr><td>SP<\/td><td>Universidade de Ribeir\u00e3o Preto<\/td><td>3<\/td><td>0<\/td><\/tr><tr><td>PB<\/td><td>Escola de Sa\u00fade P\u00fablica da Para\u00edba ESP-PB<\/td><td>2<\/td><td>0<\/td><\/tr><tr><td>RN<\/td><td>Universidade Federal do Rio Grande do Norte &#8211; Escola Multicampi de Ci\u00eancias M\u00e9dicas<\/td><td>3<\/td><td>0<\/td><\/tr><tr><td>RJ<\/td><td>Hospital Federal dos Servidores do Estado<\/td><td>1<\/td><td>4<\/td><\/tr><tr><td>CE&nbsp;<\/td><td>Universidade Federal do Cariri &#8211; Hospital Regional do Cariri de Juazeiro do Norte<\/td><td>2<\/td><td>0<\/td><\/tr><tr><td>MG<\/td><td>Universidade Federal de Juiz de Fora (UFJF) &#8211; Hospital Universit\u00e1rio da Universidade Federal de Juiz de Fora<\/td><td>3<\/td><td>1<\/td><\/tr><tr><td>MG<\/td><td>Universidade Federal do Tri\u00e2ngulo Mineiro<\/td><td>7<\/td><td>1<\/td><\/tr><tr><td>CE<\/td><td>Instituto Dr Jose Frota<\/td><td>4<\/td><td>0<\/td><\/tr><tr><td>SP<\/td><td>Hospital do Servidor P\u00fablico Municipal<\/td><td>10<\/td><td>0<\/td><\/tr><tr><td>SP<\/td><td>MUNIC\u00cdPIO DE PIRACICABA<\/td><td>2<\/td><td>0<\/td><\/tr><tr><td>CE&nbsp;<\/td><td>Escola de Sa\u00fade P\u00fablica do Cear\u00e1 &#8211; Hospital Regional do Sert\u00e3o Central &#8211; Quixeramobim\/CE<\/td><td>1<\/td><td>0<\/td><\/tr><tr><td>SP&nbsp;<\/td><td>Funda\u00e7\u00e3o de Amparo ao Ensino e Pesquisa &#8211; Universidade de Mogi das Cruzes &#8211; Hospital das Cl\u00ednicas Luzia de Pinho Melo<\/td><td>1<\/td><td>0<\/td><\/tr><tr><td>BA<\/td><td>COMPLEXO HOSPITALAR DE VIT\u00d3RIA DA CONQUISTA<\/td><td>4<\/td><td>0<\/td><\/tr><tr><td>PB<\/td><td>Escola de Sa\u00fade P\u00fablica da Para\u00edba ESP-PB<\/td><td>6<\/td><td>0&nbsp;<\/td><\/tr><tr><td>AL<\/td><td>Universidade Federal de Alagoas<\/td><td>3<\/td><td>0<\/td><\/tr><tr><td>CE<\/td><td>INSTITUTO MADRE TERESA DE APOIO A VIDA<\/td><td>2<\/td><td>0<\/td><\/tr><tr><td>BA<\/td><td>Hospital Regional Costa do Cacau<\/td><td>2<\/td><td>0<\/td><\/tr><tr><td>RJ<\/td><td>Hospital Geral de Nova Igua\u00e7u<\/td><td>4<\/td><td>0<\/td><\/tr><tr><td>RS<\/td><td>Universidade Federal do Rio Grande<\/td><td>3<\/td><td>0<\/td><\/tr><tr><td>DF<\/td><td>Hospital das For\u00e7as Armadas<\/td><td>3<\/td><td>0<\/td><\/tr><tr><td>RS<\/td><td>Associa\u00e7\u00e3o Hospitalar de Caridade Santa Rosa &#8211; Hospital Vida e Sa\u00fade &#8211; RS<\/td><td>2<\/td><td>0<\/td><\/tr><tr><td>BA<\/td><td>HOSPITAL DO OESTE<\/td><td>2<\/td><td>0<\/td><\/tr><tr><td>MG<\/td><td>UNIVERSIDADE FEDERAL DE UBERL\u00c2NDIA &#8211; UFU &#8211; Santa Casa de Miseric\u00f3rdia de Araguari<\/td><td>4<\/td><td>0<\/td><\/tr><tr><td>DF<\/td><td>Universidade de Bras\u00edlia<\/td><td>2<\/td><td>1<\/td><\/tr><tr><td>MA<\/td><td>Hosp\u00edtal Dr. Carlos Macieira<\/td><td>9<\/td><td>0<\/td><\/tr><tr><td>MA<\/td><td>Hospital Universit\u00e1rio do Maranh\u00e3o<\/td><td>9<\/td><td>0<\/td><\/tr><tr><td>SP<\/td><td>Hospital S\u00e3o Leopoldo Mandic &#8211; Irmandade da Santa Casa de Miseric\u00f3rdia de Araras<\/td><td>2<\/td><td>0<\/td><\/tr><tr><td>CE<\/td><td>Escola de Sa\u00fade P\u00fablica do Cear\u00e1 &#8211; Rede de Aten\u00e7\u00e3o \u00e0 Sa\u00fade de Fortaleza\/CE<\/td><td>4<\/td><td>0<\/td><\/tr><tr><td>SP<\/td><td>Hospital Municipal Dr C\u00e1rmino Caricchio<\/td><td>7<\/td><td>0<\/td><\/tr><tr><td>RJ<\/td><td>HOSPITAL FEDERAL DA LAGOA<\/td><td>3<\/td><td>0<\/td><\/tr><tr><td>CE<\/td><td>Santa Casa de Miseric\u00f3rdia de Sobral\/ Universidade Federal do Cear\u00e1<\/td><td>4<\/td><td>0<\/td><\/tr><tr><td>PE<\/td><td>Universidade Federal do Vale do S\u00e3o Francisco &#8211; UNIVASF<\/td><td>2<\/td><td>0<\/td><\/tr><tr><td>RJ<\/td><td>Hospital Escola Luiz Gioseffi Jannuzzi<\/td><td>3<\/td><td>0<\/td><\/tr><tr><td>RJ<\/td><td>Secretaria Municipal de Sa\u00fade do Rio de Janeiro<\/td><td>46<\/td><td>6<\/td><\/tr><tr><td>PE<\/td><td>Universidade Federal de Pernambuco &#8211; Hospital das Cl\u00ednicas Professor Romero Marques<\/td><td>3<\/td><td>0<\/td><\/tr><tr><td>SP<\/td><td>Santa Casa de Miseric\u00f3rdia de Votuporanga<\/td><td>4<\/td><td>0<\/td><\/tr><tr><td>RJ<\/td><td>Universidade Federal do Estado do Rio de Janeiro &#8211; Hospital Universit\u00e1rio Gaffr\u00e9e e Guinle<\/td><td>3<\/td><td>1<\/td><\/tr><tr><td>SE<\/td><td>Universidade Federal de Sergipe<\/td><td>6<\/td><td>0<\/td><\/tr><tr><td>RJ<\/td><td>HOSPITAL S\u00c3O JO\u00c3O BATISTA<\/td><td>2<\/td><td>0<\/td><\/tr><tr><td>RR<\/td><td>Universidade Federal de Roraima &#8211; Hospital Geral de Roraima<\/td><td>3<\/td><td>0<\/td><\/tr><tr><td>BA<\/td><td>Hospital Geral Ernesto Sim\u00f5es Filho<\/td><td>3<\/td><td>1<\/td><\/tr><tr><td>RS<\/td><td>Hospital Militar de \u00c1rea de Porto Alegre<\/td><td>0<\/td><td>1<\/td><\/tr><tr><td>RJ<\/td><td>HOSPITAL CENTRAL DA POL\u00cdCIA MILITAR<\/td><td>2<\/td><td>1<\/td><\/tr><tr><td>RJ<\/td><td>Universidade Federal Fluminense\/Hospital Universit\u00e1rio Antonio Pedro<\/td><td>3<\/td><td>1<\/td><\/tr><\/tbody><\/table><\/figure>\n\n\n\n<h5 class=\"wp-block-heading\"><strong>Dermatologia<\/strong><\/h5>\n\n\n\n<figure class=\"wp-block-table\"><table class=\"has-fixed-layout\"><tbody><tr><td><strong>UF<\/strong><\/td><td><strong>Institui\u00e7\u00e3o<\/strong><\/td><td><strong>N\u00b0 de vagas<\/strong><\/td><td><strong>Reserva de vagas<\/strong><\/td><\/tr><tr><td>RJ<\/td><td>HOSPITAL FEDERAL DA LAGOA<\/td><td>2<\/td><td>0<\/td><\/tr><tr><td>AL<\/td><td>Universidade Estadual de Ci\u00eancias da Sa\u00fade de Alagoas &#8211; Hospital Escola Dr. H\u00e9lvio Auto<\/td><td>2<\/td><td>0<\/td><\/tr><tr><td>SE<\/td><td>Universidade Federal de Sergipe<\/td><td>3<\/td><td>0<\/td><\/tr><tr><td>CE<\/td><td>Secretaria da Sa\u00fade do Estado do Cear\u00e1 &#8211; Centro de Refer\u00eancia Nacional em Dermatologia Sanit\u00e1ria Dona Lib\u00e2nia&nbsp;<\/td><td>4<\/td><td>0<\/td><\/tr><tr><td>PB<\/td><td>UNIVERSIDADE FEDERAL DA PARAIBA UFPB<\/td><td>2<\/td><td>0<\/td><\/tr><tr><td>BA<\/td><td>Universidade Federal da Bahia<\/td><td>4<\/td><td>0<\/td><\/tr><tr><td>RJ<\/td><td>Universidade Federal do Estado do Rio de Janeiro &#8211; Hospital Universit\u00e1rio Gaffr\u00e9e e Guinle<\/td><td>3<\/td><td>0<\/td><\/tr><tr><td>RJ<\/td><td>Hospital de For\u00e7a A\u00e9rea do Gale\u00e3o<\/td><td>2<\/td><td>0<\/td><\/tr><tr><td>PE<\/td><td>Universidade Federal de Pernambuco &#8211; Hospital das Cl\u00ednicas Professor Romero Marques<\/td><td>3<\/td><td>0<\/td><\/tr><tr><td>CE&nbsp;<\/td><td>Universidade Federal do Cear\u00e1 &#8211; Hospital Universit\u00e1rio Walter Cant\u00eddio &#8211; HUWC<\/td><td>2<\/td><td>0<\/td><\/tr><tr><td>MG<\/td><td>Hospital das Cl\u00ednicas da Universidade Federal de Minas Gerais &#8211; Hospital das Cl\u00ednicas da UFMG &#8211; HC\/UFMG<\/td><td>3<\/td><td>1<\/td><\/tr><tr><td>PI<\/td><td>Hospital Universit\u00e1rio da Universidade Federal do Piau\u00ed<\/td><td>2<\/td><td>0<\/td><\/tr><tr><td>MT<\/td><td>UNIVERSIDADE FEDERAL DE MATO GROSSO &#8211; Hospital Universit\u00e1rio J\u00falio M\u00fcller<\/td><td>2<\/td><td>0<\/td><\/tr><tr><td>MA<\/td><td>Hosp\u00edtal Dr. Carlos Macieira<\/td><td>2<\/td><td>0<\/td><\/tr><tr><td>RJ<\/td><td>Secretaria Municipal de Sa\u00fade do Rio de Janeiro&nbsp;<\/td><td>4<\/td><td>0<\/td><\/tr><tr><td>RJ<\/td><td>HOSPITAL CENTRAL DA AERON\u00c1UTICA<\/td><td>1<\/td><td>0<\/td><\/tr><tr><td>PR<\/td><td>Universidade Federal do Paran\u00e1 &#8211; Complexo Hospital de Cl\u00ednicas<\/td><td>4<\/td><td>0<\/td><\/tr><tr><td>MG<\/td><td>Universidade Federal do Tri\u00e2ngulo Mineiro<\/td><td>3<\/td><td>0<\/td><\/tr><tr><td>RJ<\/td><td>Universidade Federal Fluminense\/Hospital Universit\u00e1rio Antonio Pedro<\/td><td>7<\/td><td>0<\/td><\/tr><tr><td>SP<\/td><td>Funda\u00e7\u00e3o de Amparo ao Ensino e Pesquisa &#8211; Universidade de Mogi das Cruzes &#8211; Instituto Central de Sa\u00fade<\/td><td>1<\/td><td>0<\/td><\/tr><tr><td>MG<\/td><td>HOSPITAL DA POL\u00cdCIA MILITAR DE MINAS GERAIS<\/td><td>2<\/td><td>0<\/td><\/tr><tr><td>MG<\/td><td>Hospital Eduardo de Menezes<\/td><td>5<\/td><td>0<\/td><\/tr><tr><td>MG<\/td><td>Universidade Federal de Juiz de Fora (UFJF) &#8211;&nbsp;<\/td><td>2<\/td><td>0<\/td><\/tr><tr><td>RN<\/td><td>Universidade Federal do Rio Grande do Norte &#8211; Hospital Universit\u00e1rio Onofre Lopes da Universidade Federal do Rio Grande do Norte<\/td><td>2<\/td><td>0<\/td><\/tr><tr><td>RJ<\/td><td>Hospital Federal dos Servidores do Estado<\/td><td>3<\/td><td>0<\/td><\/tr><tr><td>MS<\/td><td>FUNDA\u00c7\u00c3O UNIVERSIDADE FEDERAL DE MATO GROSSO DO SUL &#8211; UFMS &#8211; HOSPITAL UNIVERSIT\u00c1RIO MARIA APARECIDA PEDROSSIAN &#8211; HUMAP-UFMS\/EBSERH<\/td><td>3<\/td><td>0<\/td><\/tr><tr><td>MG<\/td><td>UNIVERSIDADE FEDERAL DE UBERL\u00c2NDIA &#8211; UFU<\/td><td>2<\/td><td>0<\/td><\/tr><tr><td>AL<\/td><td>Universidade Federal de Alagoas<\/td><td>2<\/td><td>0<\/td><\/tr><tr><td>PR<\/td><td>Autarquia Municipal de Sa\u00fade de Apucarana<\/td><td>3<\/td><td>0<\/td><\/tr><tr><td>RJ<\/td><td>Hospital Federal de Bonsucesso<\/td><td>4<\/td><td>0<\/td><\/tr><tr><td>SP<\/td><td>Hospital do Servidor P\u00fablico Municipal<\/td><td>4<\/td><td>0<\/td><\/tr><tr><td>RJ<\/td><td>Hospital Central do Ex\u00e9rcito<\/td><td>1<\/td><td>0<\/td><\/tr><tr><td>RJ<\/td><td>Universidade Federal do Rio de Janeiro &#8211; Hospital Universit\u00e1rio Clementino Fraga Filho &#8211; HUCFF<\/td><td>3<\/td><td>0<\/td><\/tr><tr><td>ES<\/td><td>Universidade Federal do Esp\u00edrito Santo<\/td><td>2<\/td><td>0<\/td><\/tr><tr><td>DF<\/td><td>Universidade de Bras\u00edlia<\/td><td>4<\/td><td>0<\/td><\/tr><\/tbody><\/table><\/figure>\n\n\n\n<h5 class=\"wp-block-heading\"><strong>Gen\u00e9tica M\u00e9dica<\/strong><\/h5>\n\n\n\n<figure class=\"wp-block-table\"><table class=\"has-fixed-layout\"><tbody><tr><td><strong>UF<\/strong><\/td><td><strong>Institui\u00e7\u00e3o<\/strong><\/td><td><strong>N\u00b0 de vagas<\/strong><\/td><td><strong>Reserva de vagas<\/strong><\/td><\/tr><tr><td>RJ<\/td><td>Universidade Federal do Estado do Rio de Janeiro &#8211; Hospital Universit\u00e1rio Gaffr\u00e9e e Guinle<\/td><td>2<\/td><td>0<\/td><\/tr><tr><td>MG<\/td><td>Hospital das Cl\u00ednicas da Universidade Federal de Minas Gerais &#8211; Hospital das Cl\u00ednicas da UFMG &#8211; HC\/UFMG<\/td><td>2<\/td><td>0<\/td><\/tr><tr><td>CE<\/td><td>Escola de Sa\u00fade P\u00fablica do Cear\u00e1 &#8211; Rede de Aten\u00e7\u00e3o \u00e0 Sa\u00fade de Fortaleza\/CE<\/td><td>1<\/td><td>0<\/td><\/tr><tr><td>BA<\/td><td>Universidade Federal da Bahia<\/td><td>4<\/td><td>0<\/td><\/tr><\/tbody><\/table><\/figure>\n\n\n\n<h5 class=\"wp-block-heading\"><strong>Ginecologia e Obstetr\u00edcia<\/strong><\/h5>\n\n\n\n<figure class=\"wp-block-table\"><table class=\"has-fixed-layout\"><tbody><tr><td><strong>UF<\/strong><\/td><td><strong>Institui\u00e7\u00e3o<\/strong><\/td><td><strong>N\u00b0 de vagas<\/strong><\/td><td><strong>Reserva de vagas<\/strong><\/td><\/tr><tr><td>RJ<\/td><td>Universidade Federal do Rio de Janeiro &#8211; Hospital Universit\u00e1rio Clementino Fraga Filho &#8211; HUCFF<\/td><td>5<\/td><td>0<\/td><\/tr><tr><td>MG<\/td><td>UNIVERSIDADE FEDERAL DE UBERL\u00c2NDIA &#8211; UFU &#8211;&nbsp;<\/td><td>9<\/td><td>1<\/td><\/tr><tr><td>MT<\/td><td>UNIVERSIDADE FEDERAL DE MATO GROSSO &#8211; Hospital Universit\u00e1rio J\u00falio M\u00fcller<\/td><td>4<\/td><td>0<\/td><\/tr><tr><td>RS<\/td><td>Universidade Federal do Rio Grande<\/td><td>4<\/td><td>0<\/td><\/tr><tr><td>RJ<\/td><td>Hospital Federal de Bonsucesso<\/td><td>4<\/td><td>0<\/td><\/tr><tr><td>SP<\/td><td>Hospital do Servidor P\u00fablico Municipal<\/td><td>2<\/td><td>0<\/td><\/tr><tr><td>BA<\/td><td>HOSPITAL GERAL ROBERTO SANTOS<\/td><td>7<\/td><td>0<\/td><\/tr><tr><td>CE<\/td><td>Universidade Federal do Cariri &#8211; Hospital Maternidade S\u00e3o Vicente de Paulo de Barbalha<\/td><td>5<\/td><td>0<\/td><\/tr><tr><td>RS<\/td><td>UNIVERSIDADE FEDERAL DE PELOTAS<\/td><td>1<\/td><td>0<\/td><\/tr><tr><td>DF<\/td><td>Universidade de Bras\u00edlia<\/td><td>5<\/td><td>0<\/td><\/tr><tr><td>BA<\/td><td>Universidade Federal da Bahia<\/td><td>6<\/td><td>0<\/td><\/tr><tr><td>SP<\/td><td>Hospital Municipal Professor Doutor Al\u00edpio Corr\u00eaa Netto<\/td><td>6<\/td><td>0<\/td><\/tr><tr><td>MA<\/td><td>MATERNIDADE DE ALTO RISCO DE IMPERATRIZ<\/td><td>2<\/td><td>0<\/td><\/tr><tr><td>RJ<\/td><td>HOSPITAL S\u00c3O JO\u00c3O BATISTA<\/td><td>3<\/td><td>0<\/td><\/tr><tr><td>AP<\/td><td>FUNDA\u00c7\u00c3O UNIVERSIDADE FEDERAL DO AMAP\u00c1<\/td><td>6<\/td><td>0<\/td><\/tr><tr><td>CE<\/td><td>Santa Casa de Miseric\u00f3rdia de Sobral\/ Universidade Federal do Cear\u00e1<\/td><td>5<\/td><td>0<\/td><\/tr><tr><td>ES<\/td><td>Universidade Federal do Esp\u00edrito Santo<\/td><td>5<\/td><td>0<\/td><\/tr><tr><td>CE<\/td><td>Escola de Sa\u00fade P\u00fablica do Cear\u00e1 &#8211; Rede de Aten\u00e7\u00e3o \u00e0 Sa\u00fade de Fortaleza\/CE<\/td><td>13<\/td><td>0<\/td><\/tr><tr><td>DF<\/td><td>Hospital das For\u00e7as Armadas<\/td><td>3<\/td><td>0<\/td><\/tr><tr><td>CE<\/td><td>Secretaria da Sa\u00fade do Estado do Cear\u00e1 &#8211;&nbsp;Hospital Regional Norte<\/td><td>2<\/td><td>0<\/td><\/tr><tr><td>SP<\/td><td>Universidade de Ribeir\u00e3o Preto<\/td><td>3<\/td><td>0<\/td><\/tr><tr><td>RJ<\/td><td>Universidade Federal Fluminense\/Hospital Universit\u00e1rio Antonio Pedro<\/td><td>3<\/td><td>0<\/td><\/tr><tr><td>PI<\/td><td>Hospital Universit\u00e1rio da Universidade Federal do Piau\u00ed<\/td><td>6<\/td><td>0<\/td><\/tr><tr><td>RJ<\/td><td>HOSPITAL FEDERAL DE IPANEMA<\/td><td>5<\/td><td>0<\/td><\/tr><tr><td>CE<\/td><td>Secretaria Municipal de Sa\u00fade de Fortaleza<\/td><td>3<\/td><td>0<\/td><\/tr><tr><td>RJ<\/td><td>HOSPITAL CENTRAL DA POL\u00cdCIA MILITAR<\/td><td>4<\/td><td>0<\/td><\/tr><tr><td>SP<\/td><td>Fundo Municipal de Sa\u00fade de Cubat\u00e3o &#8211; Hospital Municipal de Cubat\u00e3o<\/td><td>2<\/td><td>0<\/td><\/tr><tr><td>CE<\/td><td>Universidade Federal do Cear\u00e1 &#8211; Maternidade Escola Assis Chateaubriand &#8211; MEAC<\/td><td>12<\/td><td>0<\/td><\/tr><tr><td>PB<\/td><td>Secretaria de Sa\u00fade de Campina Grande<\/td><td>3<\/td><td>0<\/td><\/tr><tr><td>MS<\/td><td>FUNDA\u00c7\u00c3O UNIVERSIDADE FEDERAL DE MATO GROSSO DO SUL &#8211; UFMS &#8211; HOSPITAL UNIVERSIT\u00c1RIO MARIA APARECIDA PEDROSSIAN &#8211; HUMAP-UFMS\/EBSERH<\/td><td>5<\/td><td>0<\/td><\/tr><tr><td>MG<\/td><td>Universidade Estadual de Montes Claros \/ Hospital Universit\u00e1rio Clemente de Faria<\/td><td>4<\/td><td>0<\/td><\/tr><tr><td>RJ<\/td><td>Universidade Federal do Estado do Rio de Janeiro &#8211; Hospital Universit\u00e1rio Gaffr\u00e9e e Guinle<\/td><td>3<\/td><td>0<\/td><\/tr><tr><td>SP<\/td><td>Hospital Municipal Maternidade Escola Dr. M\u00e1rio de Moraes Altenfelder Silva<\/td><td>16<\/td><td>0<\/td><\/tr><tr><td>PB<\/td><td>Escola de Sa\u00fade P\u00fablica da Para\u00edba ESP-PB<\/td><td>2<\/td><td>0<\/td><\/tr><tr><td>MG<\/td><td>Hospital Regional Ant\u00f4nio Dias<\/td><td>4<\/td><td>0<\/td><\/tr><tr><td>BA<\/td><td>INSTITUTO DE PERINATOLOGIA DA BAHIA<\/td><td>6<\/td><td>0<\/td><\/tr><tr><td>BA<\/td><td>Hospital da Mulher Maria Luzia Costa dos Santos<\/td><td>2<\/td><td>0<\/td><\/tr><tr><td>SP<\/td><td>Funda\u00e7\u00e3o de Amparo ao Ensino e Pesquisa &#8211; Universidade de Mogi das Cruzes &#8211; Santa Casa de Miseric\u00f3rdia de Mogi das Cruzes<\/td><td>4<\/td><td>0<\/td><\/tr><tr><td>MA<\/td><td>Maternidade de Alta Complexidade do Maranh\u00e3o<\/td><td>6<\/td><td>0<\/td><\/tr><tr><td>AL<\/td><td>Universidade Estadual de Ci\u00eancias da Sa\u00fade de Alagoas &#8211; Maternidade Escola Santa M\u00f4nica<\/td><td>6<\/td><td>0<\/td><\/tr><tr><td>MG<\/td><td>Universidade Federal de Juiz de Fora (UFJF) &#8211; Hospital Universit\u00e1rio da Universidade Federal de Juiz de Fora<\/td><td>5<\/td><td>0<\/td><\/tr><tr><td>SE<\/td><td>Associa\u00e7\u00e3o Aracajuana de Benefic\u00eancia<\/td><td>4<\/td><td>0<\/td><\/tr><tr><td>SE<\/td><td>Universidade Federal de Sergipe<\/td><td>6<\/td><td>0<\/td><\/tr><tr><td>RJ<\/td><td>Funda\u00e7\u00e3o Educacional Serra dos \u00d3rg\u00e3os<\/td><td>3<\/td><td>0<\/td><\/tr><tr><td>RJ<\/td><td>Universidade Federal do Rio de Janeiro &#8211; Instituto de Ginecologia da UFRJ<\/td><td>5<\/td><td><\/td><\/tr><tr><td>BA<\/td><td>Hospital Regional Dr. M\u00e1rio Dourado Sobrinho<\/td><td>2<\/td><td>0<\/td><\/tr><tr><td>MS<\/td><td>Hospital Universit\u00e1rio da Universidade Federal da Grande Dourados<\/td><td>4<\/td><td>0<\/td><\/tr><tr><td>MA<\/td><td>Hospital Universit\u00e1rio do Maranh\u00e3o<\/td><td>10<\/td><td>0<\/td><\/tr><tr><td>PB<\/td><td>Escola de Sa\u00fade P\u00fablica da Para\u00edba ESP-PB<\/td><td>4<\/td><td>0<\/td><\/tr><tr><td>RJ<\/td><td>Hospital Federal dos Servidores do Estado<\/td><td>6<\/td><td>0<\/td><\/tr><tr><td>RJ<\/td><td>Hospital Geral de Nova Igua\u00e7u<\/td><td>4<\/td><td>0<\/td><\/tr><tr><td>SP<\/td><td>Hospital Municipal Dr C\u00e1rmino Caricchio<\/td><td>7<\/td><td>0<\/td><\/tr><tr><td>PE<\/td><td>Universidade Federal de Pernambuco &#8211; Hospital das Cl\u00ednicas Professor Romero Marques<\/td><td>8<\/td><td>0<\/td><\/tr><tr><td>RJ<\/td><td>HOSPITAL FEDERAL DA LAGOA<\/td><td>4<\/td><td>0<\/td><\/tr><tr><td>RS<\/td><td>Associa\u00e7\u00e3o Hospitalar de Caridade Santa Rosa &#8211; Hospital Vida e Sa\u00fade &#8211; RS<\/td><td>2<\/td><td>0<\/td><\/tr><tr><td>TO<\/td><td>Funda\u00e7\u00e3o Universidade Federal do Tocantins &#8211; Hospital e Maternidade Dona Regina &#8211; HMDR<\/td><td>4<\/td><td>0<\/td><\/tr><tr><td>BA<\/td><td>Fundo Estadual de Sa\u00fade &#8211; Secretaria da Sa\u00fade do Estado da Bahia &#8211; Maternidade de Refer\u00eancia Prof. Jos\u00e9 Maria de Magalh\u00e3es Netto&nbsp;<\/td><td>5<\/td><td>0<\/td><\/tr><tr><td>RJ<\/td><td>Secretaria Municipal de Sa\u00fade do Rio de Janeiro<\/td><td>25<\/td><td>0<\/td><\/tr><tr><td>PB<\/td><td>HOSPITAL UNIVERSIT\u00c1RIO J\u00daLIO BANDEIRA<\/td><td>2<\/td><td>0<\/td><\/tr><tr><td>RJ<\/td><td>Hospital Central do Ex\u00e9rcito<\/td><td>2<\/td><td>0<\/td><\/tr><tr><td>MT<\/td><td>Santa Casa de Miseric\u00f3rdia e Maternidade de Rondon\u00f3polis<\/td><td>4<\/td><td>0<\/td><\/tr><tr><td>MG<\/td><td>Hospital das Cl\u00ednicas da Universidade Federal de Minas Gerais &#8211; Hospital das Cl\u00ednicas da UFMG &#8211; HC\/UFMG<\/td><td>10<\/td><td>0<\/td><\/tr><tr><td>CE<\/td><td>Secretaria da Sa\u00fade do Estado do Cear\u00e1 &#8211; Hospital Geral de Fortaleza<\/td><td>5<\/td><td>0<\/td><\/tr><tr><td>SE<\/td><td>Unit &#8211; Universidade Tiradentes (SE) &#8211; Hospital Amparo de Maria<\/td><td>3<\/td><td>0<\/td><\/tr><tr><td>MG<\/td><td>Maternidade Odete Valadares<\/td><td>11<\/td><td>0<\/td><\/tr><tr><td>BA<\/td><td>FUNDO MUNICIPAL DE SA\u00daDE DE JUAZEIRO BAHIA &#8211; Hospital Materno Infantil de Juazeiro<\/td><td>2<\/td><td>0<\/td><\/tr><tr><td>MG<\/td><td>Hospital Regional Jo\u00e3o Penido&nbsp;<\/td><td>2<\/td><td>0<\/td><\/tr><tr><td>CE<\/td><td>Secretaria da Sa\u00fade do Estado do Cear\u00e1 &#8211; Hospital Geral Dr. C\u00e9sar Cals&nbsp;<\/td><td>6<\/td><td>0<\/td><\/tr><tr><td>AL<\/td><td>Universidade Federal de Alagoas<\/td><td>5<\/td><td>0<\/td><\/tr><tr><td>SP<\/td><td>Secretaria Municipal de Sa\u00fade &#8211; Resid\u00eancia M\u00e9dica em Rede &#8211; 8\u00aa Coreme<\/td><td>12<\/td><td>0<\/td><\/tr><tr><td>PR<\/td><td>Universidade Federal do Paran\u00e1 &#8211; Complexo Hospital de Cl\u00ednicas<\/td><td>9<\/td><td>1<\/td><\/tr><tr><td>RN<\/td><td>Universidade Federal do Rio Grande do Norte &#8211; Maternidade Escola Janu\u00e1rio Cicco<\/td><td>12<\/td><td>0<\/td><\/tr><tr><td>SP<\/td><td>Santa Casa de Miseric\u00f3rdia de Votuporanga<\/td><td>3<\/td><td>0<\/td><\/tr><tr><td>MG<\/td><td>Hospital Julia Kubitscheck<\/td><td>8<\/td><td>0<\/td><\/tr><tr><td>SP<\/td><td>HOSPITAL MUNICIPAL DR. FERNANDO MAURO PIRES DA ROCHA<\/td><td>10<\/td><td>0<\/td><\/tr><tr><td>PB<\/td><td>UNIVERSIDADE FEDERAL DA PARAIBA UFPB<\/td><td>7<\/td><td>0<\/td><\/tr><tr><td>PB<\/td><td>Hospital Universit\u00e1rio Alcides Carneiro\/UFCG<\/td><td>3<\/td><td>0<\/td><\/tr><tr><td>RJ<\/td><td>Hospital Escola Luiz Gioseffi Jannuzzi<\/td><td>3<\/td><td>0<\/td><\/tr><tr><td>MG<\/td><td>Hospital Metropolitano Odilon Behrens<\/td><td>6<\/td><td>0<\/td><\/tr><tr><td>RN<\/td><td>Universidade Federal do Rio Grande do Norte &#8211; Hospital Universit\u00e1rio Ana Bezerra<\/td><td>4<\/td><td>0<\/td><\/tr><tr><td>RJ<\/td><td>FUNDA\u00c7\u00c3O OCTAC\u00cdLIO GUALBERTO &#8211; UNIFASE\/FMP &#8211; Hospital Alcides Carneiro<\/td><td>4<\/td><td>0<\/td><\/tr><tr><td>RJ<\/td><td>HOSPITAL CENTRAL DA AERON\u00c1UTICA<\/td><td>4<\/td><td>0<\/td><\/tr><tr><td>RR<\/td><td>Universidade Federal de Roraima &#8211; Hospital Materno Infantil Nossa Senhora de Nazar\u00e9<\/td><td>4<\/td><td>0<\/td><\/tr><\/tbody><\/table><\/figure>\n\n\n\n<h5 class=\"wp-block-heading\"><strong>Infectologia<\/strong><\/h5>\n\n\n\n<figure class=\"wp-block-table\"><table class=\"has-fixed-layout\"><tbody><tr><td><strong>UF<\/strong><\/td><td><strong>Institui\u00e7\u00e3o&nbsp;<\/strong><\/td><td><strong>N\u00b0 de vagas<\/strong><\/td><td><strong>Reserva de vagas<\/strong><\/td><\/tr><tr><td>RJ<\/td><td>Universidade Federal do Rio de Janeiro &#8211; Hospital Universit\u00e1rio Clementino Fraga Filho &#8211; HUCFF<\/td><td>5<\/td><td>1<\/td><\/tr><tr><td>DF<\/td><td>Universidade de Bras\u00edlia<\/td><td>3<\/td><td>0<\/td><\/tr><tr><td>RJ<\/td><td>Universidade Federal Fluminense\/Hospital Universit\u00e1rio Antonio Pedro<\/td><td>3<\/td><td>0<\/td><\/tr><tr><td>PB<\/td><td>UNIVERSIDADE FEDERAL DA PARAIBA UFPB<\/td><td>2<\/td><td>0<\/td><\/tr><tr><td>TO<\/td><td>Funda\u00e7\u00e3o Universidade Federal do Tocantins &#8211; Hospital Geral de Palmas &#8211; HGP<\/td><td>2<\/td><td>0<\/td><\/tr><tr><td>MT<\/td><td>UNIVERSIDADE FEDERAL DE MATO GROSSO &#8211; Hospital Universit\u00e1rio J\u00falio M\u00fcller<\/td><td>3<\/td><td>0<\/td><\/tr><tr><td>TO<\/td><td>Hospital de Doen\u00e7as Tropicais da Universidade Federal do Tocantins<\/td><td>2<\/td><td>0<\/td><\/tr><tr><td>BA<\/td><td>Universidade Federal da Bahia<\/td><td>4<\/td><td>0<\/td><\/tr><tr><td>AL<\/td><td>Universidade Estadual de Ci\u00eancias da Sa\u00fade de Alagoas &#8211; Hospital Escola Dr. H\u00e9lvio Auto<\/td><td>2<\/td><td>0<\/td><\/tr><tr><td>PA<\/td><td>Universidade Federal do Par\u00e1<\/td><td>4<\/td><td>1<\/td><\/tr><tr><td>PE<\/td><td>Universidade Federal de Pernambuco &#8211; Hospital das Cl\u00ednicas Professor Romero Marques<\/td><td>3<\/td><td>0<\/td><\/tr><tr><td>ES<\/td><td>Universidade Federal do Esp\u00edrito Santo<\/td><td>2<\/td><td>0<\/td><\/tr><tr><td>MG<\/td><td>UNIVERSIDADE FEDERAL DE UBERL\u00c2NDIA &#8211; UFU<\/td><td>3<\/td><td>0<\/td><\/tr><tr><td>MG<\/td><td>Hospital Eduardo de Menezes<\/td><td>6<\/td><td>0<\/td><\/tr><tr><td>RJ<\/td><td>Hospital Federal dos Servidores do Estado<\/td><td>3<\/td><td>0<\/td><\/tr><tr><td>RJ<\/td><td>Hospital Geral de Nova Igua\u00e7u<\/td><td>2<\/td><td>0<\/td><\/tr><tr><td>PB<\/td><td>Hospital Universit\u00e1rio Alcides Carneiro\/UFCG<\/td><td>3<\/td><td>0<\/td><\/tr><tr><td>CE<\/td><td>Universidade Federal do Cear\u00e1 &#8211; Hospital Universit\u00e1rio Walter Cant\u00eddio &#8211; HUWC<\/td><td>1<\/td><td>0<\/td><\/tr><tr><td>MG<\/td><td>Hospital das Cl\u00ednicas da Universidade Federal de Minas Gerais &#8211; Hospital das Cl\u00ednicas da UFMG &#8211; HC\/UFMG<\/td><td>3<\/td><td>0<\/td><\/tr><tr><td>BA<\/td><td>INSTITUTO COUTO MAIA<\/td><td>5<\/td><td>0<\/td><\/tr><tr><td>AL<\/td><td>Universidade Federal de Alagoas<\/td><td>1<\/td><td>0<\/td><\/tr><tr><td>SE<\/td><td>Universidade Federal de Sergipe<\/td><td>2<\/td><td>0<\/td><\/tr><tr><td>PR<\/td><td>Universidade Federal do Paran\u00e1 &#8211; Complexo Hospital de Cl\u00ednicas<\/td><td>4<\/td><td>0<\/td><\/tr><tr><td>MG<\/td><td>Universidade Federal de Juiz de Fora (UFJF)<\/td><td>1<\/td><td>0<\/td><\/tr><tr><td>CE<\/td><td>Secretaria da Sa\u00fade do Estado do Cear\u00e1 &#8211; Hospital S\u00e3o Jos\u00e9 de Doen\u00e7as Infecciosas<\/td><td>5<\/td><td>0<\/td><\/tr><tr><td>RS<\/td><td>Universidade Federal do Rio Grande<\/td><td>2<\/td><td>0<\/td><\/tr><tr><td>RN<\/td><td>Universidade Federal do Rio Grande do Norte &#8211; Hospital Universit\u00e1rio Onofre Lopes da Universidade Federal do Rio Grande do Norte<\/td><td>3<\/td><td>0<\/td><\/tr><tr><td>RR<\/td><td>Universidade Federal de Roraima &#8211; Hospital Geral de Roraima<\/td><td>3<\/td><td>0<\/td><\/tr><tr><td>MS<\/td><td>FUNDA\u00c7\u00c3O UNIVERSIDADE FEDERAL DE MATO GROSSO DO SUL &#8211; UFMS &#8211; HOSPITAL UNIVERSIT\u00c1RIO MARIA APARECIDA PEDROSSIAN &#8211; HUMAP-UFMS\/EBSERH<\/td><td>5<\/td><td>0<\/td><\/tr><\/tbody><\/table><\/figure>\n\n\n\n<h5 class=\"wp-block-heading\"><strong>Medicina de Emerg\u00eancia<\/strong><\/h5>\n\n\n\n<figure class=\"wp-block-table\"><table class=\"has-fixed-layout\"><tbody><tr><td><strong>UF<\/strong><\/td><td><strong>Institui\u00e7\u00e3o<\/strong><\/td><td><strong>N\u00b0 de vagas&nbsp;<\/strong><\/td><td><strong>Reserva de vagas<\/strong><\/td><\/tr><tr><td><br>RJ<\/td><td>Secretaria Municipal de Sa\u00fade do Rio de Janeiro<\/td><td>8<\/td><td>1<\/td><\/tr><tr><td>BA<\/td><td>HOSPITAL REGIONAL DE JUAZEIRO<\/td><td>2<\/td><td>0<\/td><\/tr><tr><td>AL<\/td><td>Hospital Geral do Estado Prof. Osvaldo Brand\u00e3o Vilela<\/td><td>4<\/td><td>0<\/td><\/tr><tr><td>RJ<\/td><td>Hospital Geral de Nova Igua\u00e7u<\/td><td>2<\/td><td>0<\/td><\/tr><tr><td>MG<\/td><td>Hospital Jo\u00e3o XXIII<\/td><td>8<\/td><td>0<\/td><\/tr><tr><td>ES<\/td><td>EMPRESA BRASILEIRA DE ENSINO PESQUISA E EXTENS\u00c3O S\/A \u2013 MULTIVIX<\/td><td>2<\/td><td>0<\/td><\/tr><tr><td>PB<\/td><td>Escola de Sa\u00fade P\u00fablica da Para\u00edba ESP-PB<\/td><td>2<\/td><td>0<\/td><\/tr><tr><td>MG<\/td><td>Hospital das Cl\u00ednicas da Universidade Federal de Minas Gerais &#8211; Hospital das Cl\u00ednicas da UFMG &#8211; HC\/UFMG<\/td><td>10<\/td><td>0<\/td><\/tr><tr><td>DF<\/td><td>HOSPITAL SANTA LUCIA S\/A<\/td><td>2<\/td><td>0<\/td><\/tr><tr><td>CE<\/td><td>Escola de Sa\u00fade P\u00fablica do Cear\u00e1 &#8211; Rede de Aten\u00e7\u00e3o \u00e0 Sa\u00fade de Fortaleza\/CE<\/td><td>10<\/td><td>0<\/td><\/tr><tr><td>CE<\/td><td>Santa Casa de Miseric\u00f3rdia de Sobral\/ Universidade Federal do Cear\u00e1&nbsp;<\/td><td>3<\/td><td>0<\/td><\/tr><tr><td>MG<\/td><td>Hospital Metropolitano Odilon Behrens &#8211;&nbsp;<\/td><td>4<\/td><td>0<\/td><\/tr><tr><td>AL<\/td><td>Hospital de Emerg\u00eancia Dr Daniel Houly<\/td><td>1<\/td><td>0<\/td><\/tr><tr><td>CE<\/td><td>Secretaria da Sa\u00fade do Estado do Cear\u00e1 &#8211; Hospital Regional Norte<\/td><td>4<\/td><td>1<\/td><\/tr><tr><td>CE<\/td><td>Instituto Dr Jose Frota<\/td><td>4<\/td><td>0<\/td><\/tr><tr><td>CE<\/td><td>ASSOCIA\u00c7\u00c3O IGREJA ADVENTISTA MISSION\u00c1RIA &#8211; Hospital e Maternidade S\u00e3o Vicente de Paulo, Itapipoca (CE)<\/td><td>4<\/td><td>0<\/td><\/tr><tr><td>MG<\/td><td>UNIVERSIDADE FEDERAL DE UBERL\u00c2NDIA &#8211; UFU<\/td><td>8<\/td><td>0<\/td><\/tr><\/tbody><\/table><\/figure>\n\n\n\n<h5 class=\"wp-block-heading\"><strong>Medicina do Trabalho<\/strong><\/h5>\n\n\n\n<figure class=\"wp-block-table\"><table class=\"has-fixed-layout\"><tbody><tr><td><strong>UF<\/strong><\/td><td><strong>Institui\u00e7\u00e3o<\/strong><\/td><td><strong>N\u00b0 de Vagas<\/strong><\/td><td><strong>Reserva Militar<\/strong><\/td><\/tr><tr><td>BA<\/td><td>Universidade Federal da Bahia<\/td><td>2<\/td><td>0<\/td><\/tr><tr><td>MG<\/td><td>Hospital das Cl\u00ednicas da UFMG &#8211; HC\/UFMG<\/td><td>4<\/td><td>0<\/td><\/tr><tr><td>RJ<\/td><td>Instituto Nacional de C\u00e2ncer<\/td><td>2<\/td><td>0<\/td><\/tr><\/tbody><\/table><\/figure>\n\n\n\n<h5 class=\"wp-block-heading\"><strong>Medicina do Tr\u00e1fego<\/strong><\/h5>\n\n\n\n<figure class=\"wp-block-table\"><table class=\"has-fixed-layout\"><tbody><tr><td><strong>UF<\/strong><\/td><td><strong>Institui\u00e7\u00e3o<\/strong><\/td><td><strong>N\u00b0 de Vagas<\/strong><\/td><td><strong>Reserva Militar<\/strong><\/td><\/tr><tr><td>RJ<\/td><td>Universidade Federal do Estado do Rio de Janeiro (Hospital Universit\u00e1rio Gaffr\u00e9e e Guinle)<\/td><td>2<\/td><td>0<\/td><\/tr><\/tbody><\/table><\/figure>\n\n\n\n<h5 class=\"wp-block-heading\"><strong>Medicina Esportiva<\/strong><\/h5>\n\n\n\n<figure class=\"wp-block-table\"><table class=\"has-fixed-layout\"><tbody><tr><td><strong>UF<\/strong><\/td><td><strong>Institui\u00e7\u00e3o<\/strong><\/td><td><strong>N\u00b0 de Vagas<\/strong><\/td><td><strong>Reserva Militar<\/strong><\/td><\/tr><tr><td>RJ<\/td><td>Instituto Nacional de Cardiologia<\/td><td>2<\/td><td>0<\/td><\/tr><tr><td>CE<\/td><td>Escola de Sa\u00fade P\u00fablica do Cear\u00e1 (Rede de Aten\u00e7\u00e3o \u00e0 Sa\u00fade de Fortaleza)<\/td><td>1<\/td><td>0<\/td><\/tr><\/tbody><\/table><\/figure>\n\n\n\n<h5 class=\"wp-block-heading\"><strong>Medicina F\u00edsica e Reabilita\u00e7\u00e3o<\/strong><\/h5>\n\n\n\n<figure class=\"wp-block-table\"><table class=\"has-fixed-layout\"><tbody><tr><td><strong>UF<\/strong><\/td><td><strong>Institui\u00e7\u00e3o<\/strong><\/td><td><strong>N\u00b0 de Vagas<\/strong><\/td><td><strong>Reserva Militar<\/strong><\/td><\/tr><tr><td>BA<\/td><td>Centro Estadual de Preven\u00e7\u00e3o e Reabilita\u00e7\u00e3o da Pessoa com Defici\u00eancia<\/td><td>2<\/td><td>0<\/td><\/tr><tr><td>AL<\/td><td>Hospital Geral do Estado Prof. Osvaldo Brand\u00e3o Vilela<\/td><td>2<\/td><td>0<\/td><\/tr><tr><td>SP<\/td><td>Funda\u00e7\u00e3o Pio XII &#8211; Hospital de C\u00e2ncer de Barretos<\/td><td>4<\/td><td>0<\/td><\/tr><\/tbody><\/table><\/figure>\n\n\n\n<h5 class=\"wp-block-heading\"><strong>Medicina de Fam\u00edlia e Comunidade<\/strong><\/h5>\n\n\n\n<figure class=\"wp-block-table\"><table class=\"has-fixed-layout\"><tbody><tr><td><strong>UF<\/strong><\/td><td><strong>Institui\u00e7\u00e3o&nbsp;<\/strong><\/td><td><strong>N\u00b0 de Vagas<\/strong><\/td><td><strong>Reserva de vagas<\/strong><\/td><\/tr><tr><td>CE<\/td><td>Universidade Federal do Cear\u00e1 &#8211; Hospital Universit\u00e1rio Walter Cant\u00eddio &#8211; HUWC<\/td><td>7<\/td><td>0<\/td><\/tr><tr><td>RS<\/td><td>Universidade Federal do Rio Grande<\/td><td>12<\/td><td>0<\/td><\/tr><tr><td>PE<\/td><td>Universidade Federal de Pernambuco &#8211; Hospital das Cl\u00ednicas Professor Romero Marques<\/td><td>8<\/td><td>0<\/td><\/tr><tr><td>RJ<\/td><td>Universidade Federal do Rio de Janeiro &#8211; Secretaria Municipal do Rio de Janeiro<\/td><td>8<\/td><td>0<\/td><\/tr><tr><td>MG<\/td><td>Hospital Metropolitano Odilon Behrens &#8211; SECRETARIA MUNICIPAL DE SA\u00daDE DE BELO HORIZONTE &#8211; SMSA<\/td><td>12<\/td><td>0<\/td><\/tr><tr><td>BA<\/td><td>Instituto de Ensino e Sa\u00fade S\/A &#8211; SMS -Secretaria Municipal de Sa\u00fade de Salvador<\/td><td>8<\/td><td>0<\/td><\/tr><tr><td>PB<\/td><td>Secretaria de Sa\u00fade de Campina Grande<\/td><td>14<\/td><td>0<\/td><\/tr><tr><td>CE<\/td><td>ASSOCIA\u00c7\u00c3O IGREJA ADVENTISTA MISSION\u00c1RIA<\/td><td>6<\/td><td>0<\/td><\/tr><tr><td>SE<\/td><td>Unit &#8211; Universidade Tiradentes (SE)<\/td><td>10<\/td><td>0<\/td><\/tr><tr><td>SP<\/td><td>Santa Casa de Miseric\u00f3rdia de Votuporanga &#8211; Secret\u00e1ria Municipal de Sa\u00fade de Votuporanga &#8211; USBs<\/td><td>3<\/td><td>0<\/td><\/tr><tr><td>PR<\/td><td>Fundo Municipal de Sa\u00fade de Londrina<\/td><td>6<\/td><td>0<\/td><\/tr><tr><td>GO<\/td><td>FACULDADE DE MEDICINA DE ITUMBIARA LTDA<\/td><td>3<\/td><td>0<\/td><\/tr><tr><td>MT<\/td><td>UNIVERSIDADE FEDERAL DE MATO GROSSO &#8211; Hospital Universit\u00e1rio J\u00falio M\u00fcller<\/td><td>8<\/td><td>0<\/td><\/tr><tr><td>RN<\/td><td>Universidade Federal do Rio Grande do Norte &#8211; Escola Multicampi de Ci\u00eancias M\u00e9dicas<\/td><td>11<\/td><td>1<\/td><\/tr><tr><td>RS<\/td><td>Universidade Federal da Fronteira Sul &#8211; Munic\u00edpio de Carazinho<\/td><td>1<\/td><td>0<\/td><\/tr><tr><td>TO<\/td><td>Funda\u00e7\u00e3o Universidade Federal do Tocantins &#8211; Funda\u00e7\u00e3o Escola de Sa\u00fade P\u00fablica de Palmas &#8211; FESP&nbsp;<\/td><td>5<\/td><td>0<\/td><\/tr><tr><td>SP<\/td><td>Prefeitura Municipal de Guaruj\u00e1<\/td><td>10<\/td><td>0<\/td><\/tr><tr><td>RJ<\/td><td>Hospital Municipal Dr. Munir Rafful<\/td><td>4<\/td><td>0<\/td><\/tr><tr><td>MG<\/td><td>Universidade Estadual de Montes Claros \/ Hospital Universit\u00e1rio Clemente de Faria&nbsp;<\/td><td>26<\/td><td>0<\/td><\/tr><tr><td>MG<\/td><td>FUNDO MUNICIPAL DE SA\u00daDE &#8211; SECRETARIA MUNICIPAL DE SA\u00daDE DE BELO HORIZONTE<\/td><td>5<\/td><td>0<\/td><\/tr><tr><td>SP<\/td><td>MUNICIPIO DE PIRACICABA<\/td><td>10<\/td><td>0<\/td><\/tr><tr><td>MG<\/td><td>Universidade Estadual de Montes Claros \/ Hospital Universit\u00e1rio Clemente de Faria<\/td><td>2<\/td><td>0<\/td><\/tr><tr><td>PR<\/td><td>Universidade Federal do Paran\u00e1 &#8211; Complexo Hospital de Cl\u00ednicas &#8211; Secretaria Municipal de Sa\u00fade e Complexo do Hospital de Cl\u00ednicas<\/td><td>20<\/td><td>0<\/td><\/tr><tr><td>ba<\/td><td>FUNDO MUNICIPAL DE SA\u00daDE DE JUAZEIRO BAHIA<\/td><td>6<\/td><td>0<\/td><\/tr><tr><td>sp<\/td><td>Prefeitura Municipal de Campinas<\/td><td>24<\/td><td>0<\/td><\/tr><tr><td>SP<\/td><td>Universidade de Ribeir\u00e3o Preto<\/td><td>4<\/td><td>0<\/td><\/tr><tr><td>CE<\/td><td>Secretaria Municipal de Sa\u00fade de Fortaleza<\/td><td>20<\/td><td>0<\/td><\/tr><tr><td>DF<\/td><td>Universidade de Bras\u00edlia &#8211; Secretaria de Sa\u00fade do Distrito Federal<\/td><td>11<\/td><td>1<\/td><\/tr><tr><td>MG<\/td><td>Fundo Municipal de Sa\u00fade &#8211; Prefeitura Municipal de Ipatinga<\/td><td>2<\/td><td>1<\/td><\/tr><tr><td>CE<\/td><td>Universidade Federal do Cariri &#8211; Rede de Aten\u00e7\u00e3o B\u00e1sica de Sa\u00fade de Barbalha<\/td><td>10<\/td><td>0<\/td><\/tr><tr><td>SP<\/td><td>Prefeitura Municipal de Sorocaba<\/td><td>4<\/td><td>0<\/td><\/tr><tr><td>RN<\/td><td>Universidade Federal do Rio Grande do Norte &#8211; Hospital Universit\u00e1rio Ana Bezerra<\/td><td>5<\/td><td>0<\/td><\/tr><tr><td>BA<\/td><td>Funda\u00e7\u00e3o Estatal de Sa\u00fade da Fam\u00edlia<\/td><td>11<\/td><td>0<\/td><\/tr><tr><td>RJ<\/td><td>FUNDA\u00c7\u00c3O OCTAC\u00cdLIO GUALBERTO &#8211; UNIFASE\/FMP &#8211; Secretaria Municipal de Sa\u00fade<\/td><td>12<\/td><td>0<\/td><\/tr><tr><td>SP<\/td><td>Funda\u00e7\u00e3o Pio XII &#8211; Hospital de C\u00e2ncer de Barretos<\/td><td>10<\/td><td>0<\/td><\/tr><tr><td>CE<\/td><td>Escola de Sa\u00fade P\u00fablica do Cear\u00e1 &#8211; Rede de Aten\u00e7\u00e3o \u00e0 Sa\u00fade de Fortaleza\/CE<\/td><td>5<\/td><td>0<\/td><\/tr><tr><td>TO<\/td><td>Hospital de Doen\u00e7as Tropicais da Universidade Federal do Tocantins &#8211; Unidade de Sa\u00fade B\u00e1sica \/ HDT-UFT<\/td><td>2<\/td><td>0<\/td><\/tr><tr><td>CE<\/td><td>Escola de Sa\u00fade P\u00fablica do Cear\u00e1 &#8211; Munic\u00edpio de Caucaia\/CE<\/td><td>10<\/td><td>0<\/td><\/tr><tr><td>ES<\/td><td>Instituto Capixaba de Ensino, Pesquisa e Inova\u00e7\u00e3o em Sa\u00fade &#8211; Regi\u00e3o Sul (Cachoeiro de Itapemirim)<\/td><td>2<\/td><td>0<\/td><\/tr><tr><td>MG<\/td><td>Universidade Federal do Tri\u00e2ngulo Mineiro<\/td><td>4<\/td><td>0<\/td><\/tr><tr><td>MS<\/td><td>FUNDA\u00c7\u00c3O UNIVERSIDADE FEDERAL DE MATO GROSSO DO SUL &#8211; UFMS &#8211; HOSPITAL UNIVERSIT\u00c1RIO MARIA APARECIDA PEDROSSIAN &#8211; HUMAP-UFMS\/EBSERH<\/td><td>6<\/td><td>0<\/td><\/tr><tr><td>AL<\/td><td>Universidade Federal de Alagoas<\/td><td>25<\/td><td>0<\/td><\/tr><tr><td>RJ<\/td><td>Secretaria Municipal de Sa\u00fade do Rio de Janeiro<\/td><td>144<\/td><td>6<\/td><\/tr><tr><td>ES<\/td><td>Instituto Capixaba de Ensino, Pesquisa e Inova\u00e7\u00e3o em Sa\u00fade &#8211; Regi\u00e3o Central (Colatina)<\/td><td>4<\/td><td>0<\/td><\/tr><tr><td>RS<\/td><td>Universidade Federal da Fronteira Sul &#8211; Munic\u00edpio de Pont\u00e3o<\/td><td>1<\/td><td>0<\/td><\/tr><tr><td>SP<\/td><td>Universidade Federal de S\u00e3o Carlos<\/td><td>2<\/td><td>0<\/td><\/tr><tr><td>RS<\/td><td>Universidade Federal da Fronteira Sul &#8211; Munic\u00edpio de Passo Fundo<\/td><td>5<\/td><td>0<\/td><\/tr><tr><td>PR<\/td><td>Fundo Municipal de Sa\u00fade de Pato Branco<\/td><td>2<\/td><td>0<\/td><\/tr><tr><td>RS<\/td><td>UNIPAMPA &#8211; Secretaria Municipal de Sa\u00fade<\/td><td>1<\/td><td>0<\/td><\/tr><tr><td>RN<\/td><td>Universidade Federal do Rio Grande do Norte &#8211; Hospital Universit\u00e1rio Onofre Lopes da Universidade Federal do Rio Grande do Norte<\/td><td>6<\/td><td>0<\/td><\/tr><tr><td>MG<\/td><td>Universidade Estadual de Montes Claros \/ Hospital Universit\u00e1rio Clemente de Faria&nbsp;<\/td><td>2<\/td><td>0<\/td><\/tr><tr><td>RR<\/td><td>Universidade Federal de Roraima &#8211; Unidade B\u00e1sica de Sa\u00fade<\/td><td>8<\/td><td>0<\/td><\/tr><tr><td>RJ<\/td><td>Hospital de For\u00e7a A\u00e9rea do Gale\u00e3o<\/td><td>3<\/td><td>0<\/td><\/tr><tr><td>PR<\/td><td>PREFEITURA MUNICIPAL DE FOZ DO IGUA\u00c7U<\/td><td>4<\/td><td>0<\/td><\/tr><tr><td>MT<\/td><td>Municipal Prefeitura Municipal de Sinop<\/td><td>12<\/td><td>0<\/td><\/tr><tr><td>PI<\/td><td>Hospital Universit\u00e1rio da Universidade Federal do Piau\u00ed<\/td><td>6<\/td><td>0<\/td><\/tr><tr><td>SE<\/td><td>Universidade Federal de Sergipe &#8211; Universidade Federal de Sergipe &#8211; Campus Lagarto&nbsp;<\/td><td>3<\/td><td>0<\/td><\/tr><tr><td>PR<\/td><td>Autarquia Municipal de Sa\u00fade de Apucarana<\/td><td>2<\/td><td>0<\/td><\/tr><tr><td>SP<\/td><td>Secretaria Municipal de Sa\u00fade &#8211; Resid\u00eancia M\u00e9dica em Rede &#8211; 8\u00aa Coreme<\/td><td>20<\/td><td>0<\/td><\/tr><tr><td>PB<\/td><td>FUNDO MUNICIPAL DE SAUDE DE MAMANGUAPE<\/td><td>3<\/td><td>0<\/td><\/tr><tr><td>PR<\/td><td>Fundo Municippal de Sa\u00fade de Cascavel &#8211; Paran\u00e1<\/td><td>8<\/td><td>0<\/td><\/tr><tr><td>RJ<\/td><td>HOSPITAL CENTRAL DA AERON\u00c1UTICA<\/td><td>2<\/td><td>0<\/td><\/tr><tr><td>SP<\/td><td>Uni\u00e3o Social Camiliana &#8211; PROMOVE S\u00e3o Camilo<\/td><td>2<\/td><td>0<\/td><\/tr><tr><td>PE<\/td><td>Universidade Federal do Vale do S\u00e3o Francisco &#8211; UNIVASF &#8211; Secretaria Municipal de Sa\u00fade de Petrolina<\/td><td>13<\/td><td>0<\/td><\/tr><tr><td>ES<\/td><td>Universidade Federal do Esp\u00edrito Santo<\/td><td>3<\/td><td>0<\/td><\/tr><tr><td>PR<\/td><td>SECRETARIA MUNICIPAL DE SAUDE DE TOLEDO<\/td><td>2<\/td><td>0<\/td><\/tr><tr><td>CE<\/td><td>Escola de Sa\u00fade P\u00fablica do Cear\u00e1&nbsp;<\/td><td>3<\/td><td>0<\/td><\/tr><tr><td>ES<\/td><td>INSTITUTO DO DESENVOLVIMENTO SUSTENT\u00c1VEL, EDUCA\u00c7\u00c3O, GEST\u00c3O E SA\u00daDE IDEGES &#8211; PREFEITURA MUNICIPAL DE CACHOEIRO DE ITAPEMIRIM<\/td><td>20<\/td><td>0<\/td><\/tr><tr><td>MG<\/td><td>Funda\u00e7\u00e3o Educacional de Patos de Minas &#8211; Santa Casa de Miseric\u00f3rdia de Patos de Minas<\/td><td>5<\/td><td>0<\/td><\/tr><tr><td>RJ<\/td><td>Funda\u00e7\u00e3o Educacional Serra dos \u00d3rg\u00e3os<\/td><td>2<\/td><td>0<\/td><\/tr><tr><td>MG<\/td><td>Universidade Estadual de Montes Claros \/ Hospital Universit\u00e1rio Clemente de Faria&nbsp;<\/td><td>2<\/td><td>0<\/td><\/tr><tr><td>RJ<\/td><td>Hospital de Aeron\u00e1utica dos Afonsos<\/td><td>2<\/td><td>0<\/td><\/tr><tr><td>SP<\/td><td>Prefeitura Municipal da Estacia Balne\u00e1ria de Praia Grande<\/td><td>30<\/td><td>0<\/td><\/tr><tr><td>RJ<\/td><td>Escola Nacional de Sa\u00fade P\u00fablica<\/td><td>6<\/td><td>0<\/td><\/tr><tr><td>BA<\/td><td>Fundo Estadual de Sa\u00fade &#8211; Secretaria da Sa\u00fade do Estado da Bahia &#8211; Secretaria Municipal de Sa\u00fade de Salvador<\/td><td>6<\/td><td>0<\/td><\/tr><tr><td>BA<\/td><td>Universidade Federal da Bahia<\/td><td>6<\/td><td>0<\/td><\/tr><tr><td>MG<\/td><td>Hospital das Cl\u00ednicas da Universidade Federal de Minas Gerais &#8211; Hospital das Cl\u00ednicas da UFMG &#8211; HC\/UFMG<\/td><td>20<\/td><td>0<\/td><\/tr><tr><td>RJ<\/td><td>Hospital Escola Luiz Gioseffi Jannuzzi<\/td><td>5<\/td><td>0<\/td><\/tr><tr><td>MT<\/td><td>Universidade Federal de Rondon\u00f3polis &#8211; Secretaria Municipal de sa\u00fade de Rondon\u00f3polis<\/td><td>4<\/td><td>0<\/td><\/tr><tr><td>ES<\/td><td>Instituto Capixaba de Ensino, Pesquisa e Inova\u00e7\u00e3o em Sa\u00fade<\/td><td>4<\/td><td>0<\/td><\/tr><tr><td>AL<\/td><td>Universidade Estadual de Ci\u00eancias da Sa\u00fade de Alagoas<\/td><td>12<\/td><td>0<\/td><\/tr><tr><td>SP<\/td><td>SECRETARIA MUNICIPAL DE SA\u00daDE &#8211; MUNICIPIO DE SANTOS<\/td><td>10<\/td><td>0<\/td><\/tr><tr><td>MG<\/td><td>UNIVERSIDADE FEDERAL DE UBERL\u00c2NDIA &#8211; UFU<\/td><td>4<\/td><td>0<\/td><\/tr><tr><td>SP<\/td><td>Hospital S\u00e3o Leopoldo Mandic &#8211; &nbsp;Secretaria Municipal da Sa\u00fade &#8211; Munic\u00edpio de Araras<\/td><td>6<\/td><td>0<\/td><\/tr><tr><td>SP<\/td><td>Fundo Municipal de Sa\u00fade de Cubat\u00e3o &#8211; Prefeitura Municipal de Cubat\u00e3o&nbsp;<\/td><td>10<\/td><td>0<\/td><\/tr><tr><td>MG<\/td><td>Universidade Estadual de Montes Claros \/ Hospital Universit\u00e1rio Clemente de Faria&nbsp;<\/td><td>4<\/td><td>0<\/td><\/tr><tr><td>RS<\/td><td>Universidade Federal da Fronteira Sul<\/td><td>2<\/td><td>0<\/td><\/tr><tr><td>PB<\/td><td>UNIVERSIDADE FEDERAL DA PARAIBA UFPB &#8211; &nbsp;Secretaria Municipal de Sa\u00fade de Joao Pessoa<\/td><td>16<\/td><td>0<\/td><\/tr><tr><td>ES<\/td><td>Instituto Capixaba de Ensino, Pesquisa e Inova\u00e7\u00e3o em Sa\u00fade<\/td><td>2<\/td><td>0<\/td><\/tr><tr><td>PB<\/td><td>Escola de Sa\u00fade P\u00fablica da Para\u00edba ESP-PB &#8211; Unidades B\u00e1sicas de Sa\u00fade de munic\u00edpios conveniados a SES\/ESP-PB<\/td><td>28<\/td><td>0<\/td><\/tr><tr><td>PB<\/td><td>FUNDO MUNICIPAL DE SAUDE DE CABEDELO<\/td><td>4<\/td><td>0<\/td><\/tr><tr><td>PR<\/td><td>MUNICIPIO DE GUARAPUAVA<\/td><td>4<\/td><td>0<\/td><\/tr><tr><td>ES<\/td><td>Instituto Capixaba de Ensino, Pesquisa e Inova\u00e7\u00e3o em Sa\u00fade<\/td><td>4<\/td><td>0<\/td><\/tr><tr><td>PB<\/td><td>CENTRO DE FORMA\u00c7\u00c3O DE PROFESSORES DA UNIVERSIDADE FEDERAL DE CAMPINA GRANDE<\/td><td>8<\/td><td>0<\/td><\/tr><tr><td>CE<\/td><td>Secretaria Municipal da Sa\u00fade<\/td><td>2<\/td><td>0<\/td><\/tr><\/tbody><\/table><\/figure>\n\n\n\n<h5 class=\"wp-block-heading\"><strong>Medicina Preventiva e Social<\/strong><\/h5>\n\n\n\n<figure class=\"wp-block-table\"><table class=\"has-fixed-layout\"><tbody><tr><td><strong>UF<\/strong><\/td><td><strong>Institui\u00e7\u00e3o<\/strong><\/td><td><strong>N\u00b0 de Vagas<\/strong><\/td><td><strong>Reserva Militar<\/strong><\/td><\/tr><tr><td>RJ<\/td><td>Universidade Federal Fluminense (Hospital Universit\u00e1rio Antonio Pedro)<\/td><td>2<\/td><td>0<\/td><\/tr><\/tbody><\/table><\/figure>\n\n\n\n<h5 class=\"wp-block-heading\"><strong>Medicina Intensiva<\/strong><\/h5>\n\n\n\n<figure class=\"wp-block-table\"><table class=\"has-fixed-layout\"><tbody><tr><td><strong>UF<\/strong><\/td><td><strong>Institui\u00e7\u00e3o<\/strong><\/td><td><strong>N\u00b0 de vagas<\/strong><\/td><td><strong>Reserva de vagas<\/strong><\/td><\/tr><tr><td>MG<\/td><td>Hospital Jo\u00e3o XXIII<\/td><td>4<\/td><td>0<\/td><\/tr><tr><td>PA<\/td><td>Universidade Federal do Par\u00e1<\/td><td>2<\/td><td>0<\/td><\/tr><tr><td>RN<\/td><td>Universidade Federal do Rio Grande do Norte &#8211; Hospital Universit\u00e1rio Onofre Lopes da Universidade Federal do Rio Grande do Norte<\/td><td>2<\/td><td>0<\/td><\/tr><tr><td>PB<\/td><td>Escola de Sa\u00fade P\u00fablica da Para\u00edba ESP-PB<\/td><td>2<\/td><td>0<\/td><\/tr><tr><td>MG<\/td><td>Universidade Federal do Tri\u00e2ngulo Mineiro<\/td><td>2<\/td><td>0<\/td><\/tr><tr><td>RJ<\/td><td>Funda\u00e7\u00e3o Educacional Serra dos \u00d3rg\u00e3os<\/td><td>3<\/td><td>0<\/td><\/tr><tr><td>CE<\/td><td>Secretaria da Sa\u00fade do Estado do Cear\u00e1 &#8211; Hospital Estadual Leonardo Da Vinci&nbsp;<\/td><td>2<\/td><td>0<\/td><\/tr><tr><td>CE<\/td><td>Instituto Dr Jose Frota<\/td><td>4<\/td><td>0<\/td><\/tr><tr><td>MS<\/td><td>Hospital Universit\u00e1rio da Universidade Federal da Grande Dourados<\/td><td>2<\/td><td>0<\/td><\/tr><tr><td>ES<\/td><td>Universidade Federal do Esp\u00edrito Santo<\/td><td>3<\/td><td>0<\/td><\/tr><tr><td>BA<\/td><td>HOSPITAL REGIONAL DE JUAZEIRO<\/td><td>3<\/td><td>0<\/td><\/tr><tr><td>CE<\/td><td>Secretaria da Sa\u00fade do Estado do Cear\u00e1 &#8211; Hospital Geral Dr. Waldemar Alc\u00e2ntara&nbsp;<\/td><td>2<\/td><td>0<\/td><\/tr><tr><td>CE<\/td><td>Secretaria da Sa\u00fade do Estado do Cear\u00e1<\/td><td>2<\/td><td>0<\/td><\/tr><tr><td>PI<\/td><td>Hospital Universit\u00e1rio da Universidade Federal do Piau\u00ed<\/td><td>2<\/td><td>0<\/td><\/tr><tr><td>BA<\/td><td>HOSPITAL GERAL ROBERTO SANTOS<\/td><td>3<\/td><td>0<\/td><\/tr><tr><td>DF<\/td><td>Hospital das For\u00e7as Armadas<\/td><td>1<\/td><td>0<\/td><\/tr><tr><td>PE<\/td><td>Universidade Federal de Pernambuco &#8211; Hospital das Cl\u00ednicas Professor Romero Marques<\/td><td>3<\/td><td>0<\/td><\/tr><tr><td>SP<\/td><td>Uni\u00e3o Social Camiliana &#8211; Hospital S\u00e3o Camilo Santana<\/td><td>1<\/td><td>0<\/td><\/tr><tr><td>RR<\/td><td>Universidade Federal de Roraima &#8211; Hospital Geral de Roraima<\/td><td>2<\/td><td>0<\/td><\/tr><tr><td>MG<\/td><td>Hospital Metropolitano Odilon Behrens<\/td><td>3<\/td><td>0<\/td><\/tr><tr><td>MA<\/td><td>Hosp\u00edtal Dr. Carlos Macieira<\/td><td>2<\/td><td>0<\/td><\/tr><tr><td>CE<\/td><td>Secretaria da Sa\u00fade do Estado do Cear\u00e1 &#8211; Hospital Regional do Sert\u00e3o Central<\/td><td>2<\/td><td>0<\/td><\/tr><tr><td>SE<\/td><td>Universidade Federal de Sergipe<\/td><td>2<\/td><td>0<\/td><\/tr><tr><td>MA<\/td><td>Hospital Universit\u00e1rio do Maranh\u00e3o<\/td><td>5<\/td><td>0<\/td><\/tr><tr><td>CE<\/td><td>Secretaria da Sa\u00fade do Estado do Cear\u00e1 &#8211; &nbsp;Hospital Regional Norte<\/td><td>2<\/td><td>0<\/td><\/tr><tr><td>MS<\/td><td>Caixa de Assist\u00eancia dos Servidores do Estado de Mato Grosso do Sul<\/td><td>2<\/td><td>0<\/td><\/tr><tr><td>MG<\/td><td>Universidade Federal de Juiz de Fora (UFJF) &#8211; Hospital Universit\u00e1rio da Universidade Federal de Juiz de Fora<\/td><td>2<\/td><td>0<\/td><\/tr><tr><td>RJ<\/td><td>Instituto Nacional de C\u00e2ncer<\/td><td>2<\/td><td>0<\/td><\/tr><tr><td>BA<\/td><td>Hospital Geral Ernesto Sim\u00f5es Filho<\/td><td>3<\/td><td>0<\/td><\/tr><tr><td>CE<\/td><td>Secretaria da Sa\u00fade do Estado do Cear\u00e1 &#8211; Hospital Geral de Fortaleza<\/td><td>5<\/td><td>0<\/td><\/tr><tr><td>PB<\/td><td>UNIVERSIDADE FEDERAL DA PARAIBA UFPB&nbsp;<\/td><td>3<\/td><td>0<\/td><\/tr><tr><td>BA<\/td><td>COMPLEXO HOSPITALAR DE VIT\u00d3RIA DA CONQUISTA<\/td><td>3<\/td><td>0<\/td><\/tr><tr><td>AL<\/td><td>HOSPITAL METROPOLITANO DE ALAGOAS<\/td><td>2<\/td><td>0<\/td><\/tr><tr><td>CE<\/td><td>Santa Casa de Miseric\u00f3rdia de Sobral\/ Universidade Federal do Cear\u00e1<\/td><td>2<\/td><td>0<\/td><\/tr><tr><td>RJ<\/td><td>FUNDA\u00c7\u00c3O OCTAC\u00cdLIO GUALBERTO &#8211; UNIFASE\/FMP &#8211; Hospital Alcides Carneiro<\/td><td>2<\/td><td>0<\/td><\/tr><tr><td>MG<\/td><td>Hospital Regional Jo\u00e3o Penido<\/td><td>1<\/td><td>1<\/td><\/tr><tr><td>DF<\/td><td>ISMEP (Instituto Santa Marta de Ensino e Pesquisa)<\/td><td>1<\/td><td>0<\/td><\/tr><tr><td>CE<\/td><td>Universidade Federal do Cear\u00e1 &#8211; Hospital Universit\u00e1rio Walter Cant\u00eddio &#8211; HUWC<\/td><td>4<\/td><td>0<\/td><\/tr><tr><td>AL<\/td><td>Universidade Federal de Alagoas<\/td><td>2<\/td><td>0<\/td><\/tr><tr><td>RJ<\/td><td>Hospital Escola Luiz Gioseffi Jannuzzi<\/td><td>1<\/td><td>0<\/td><\/tr><tr><td>CE<\/td><td>Secretaria da Sa\u00fade do Estado do Cear\u00e1 &#8211; Hospital Geral Dr. C\u00e9sar Cals<\/td><td>2<\/td><td>0<\/td><\/tr><tr><td>DF<\/td><td>HOSPITAL SANTA LUCIA S\/A<\/td><td>3<\/td><td>0<\/td><\/tr><tr><td>RJ<\/td><td>Hospital de For\u00e7a A\u00e9rea do Gale\u00e3o<\/td><td>2<\/td><td>0<\/td><\/tr><tr><td>MG<\/td><td>Hospital Regional de Barbacena Dr. Jos\u00e9 Am\u00e9rico<\/td><td>2<\/td><td>0<\/td><\/tr><tr><td>ES<\/td><td>Associa\u00e7\u00e3o Feminina de Educa\u00e7\u00e3o e Combate ao C\u00e2ncer &#8211; AFECC, mantenedora do Hospital Santa Rita de C\u00e1ssia &#8211; HSRC &#8211; Hospital Estadual Dr. Jayme Santos Neves<\/td><td>2<\/td><td>0<\/td><\/tr><tr><td>BA<\/td><td>Universidade Federal da Bahia<\/td><td>2<\/td><td>0<\/td><\/tr><tr><td>TO<\/td><td>Hospital de Doen\u00e7as Tropicais da Universidade Federal do Tocantins &#8211; Hospital Regional de Aragua\u00edna \/ Hospital Dom Orione \/ HDT-UFT<\/td><td>2<\/td><td>0<\/td><\/tr><tr><td>CE<\/td><td>Secretaria da Sa\u00fade do Estado do Cear\u00e1 &#8211; Hospital Regional do Cariri<\/td><td>2<\/td><td>0<\/td><\/tr><tr><td>TO<\/td><td>Funda\u00e7\u00e3o Universidade Federal do Tocantins &#8211; Hospital Palmas Medical S.A&nbsp;<\/td><td>3<\/td><td>0<\/td><\/tr><tr><td>RJ<\/td><td>Hospital Federal dos Servidores do Estado<\/td><td>2<\/td><td>0<\/td><\/tr><tr><td>RJ<\/td><td>Secretaria Municipal de Sa\u00fade do Rio de Janeiro<\/td><td>17<\/td><td>0<\/td><\/tr><tr><td>ES<\/td><td>Instituto Capixaba de Ensino, Pesquisa e Inova\u00e7\u00e3o em Sa\u00fade &#8211; Hospital Estadual de Urg\u00eancia e Emerg\u00eancia &#8220;&#8221;S\u00e3o Lucas<\/td><td>2<\/td><td>0<\/td><\/tr><tr><td>RJ<\/td><td>Universidade Federal do Rio de Janeiro &#8211; Hospital Universit\u00e1rio Clementino Fraga Filho &#8211; HUCFF<\/td><td>4<\/td><td>0<\/td><\/tr><tr><td>MG<\/td><td>UNIVERSIDADE FEDERAL DE UBERL\u00c2NDIA &#8211; UFU<\/td><td>2<\/td><td>0<\/td><\/tr><tr><td>MG<\/td><td>Hospital das Cl\u00ednicas da Universidade Federal de Minas Gerais &#8211; Hospital das Cl\u00ednicas da UFMG &#8211; HC\/UFMG<\/td><td>4<\/td><td>0<\/td><\/tr><tr><td>BA<\/td><td>Hospital Regional Costa do Cacau<\/td><td>2<\/td><td>0<\/td><\/tr><tr><td>PR<\/td><td>Universidade Federal do Paran\u00e1 &#8211; Complexo Hospital de Cl\u00ednicas<\/td><td>3<\/td><td>0<\/td><\/tr><tr><td>RJ<\/td><td>Hospital Geral de Nova Igua\u00e7u<\/td><td>2<\/td><td>0<\/td><\/tr><tr><td>PI<\/td><td>Associa\u00e7\u00e3o Piauiense de Combate ao C\u00e2ncer Alcenor Almeida<\/td><td>2<\/td><td>0<\/td><\/tr><tr><td>SP<\/td><td>IRMANDADE DA SANTA CASA DE MISERICORDIA DE MARILIA<\/td><td>2<\/td><td>0<\/td><\/tr><tr><td>BA<\/td><td>Hospital Geral Cleriston Andrade<\/td><td>2<\/td><td>0<\/td><\/tr><\/tbody><\/table><\/figure>\n\n\n\n<h5 class=\"wp-block-heading\"><strong>Medicina Nuclear<\/strong><\/h5>\n\n\n\n<figure class=\"wp-block-table\"><table class=\"has-fixed-layout\"><tbody><tr><td><strong>UF<\/strong><\/td><td><strong>Institui\u00e7\u00e3o<\/strong><\/td><td><strong>N\u00b0 de vagas<\/strong><\/td><td><strong>Reserva de vagas<\/strong><\/td><\/tr><tr><td>MG<\/td><td>Hospital das Cl\u00ednicas da Universidade Federal de Minas Gerais &#8211; Hospital das Cl\u00ednicas da UFMG &#8211; HC\/UFMG<\/td><td>2<\/td><td>0<\/td><\/tr><tr><td>RJ<\/td><td>Instituto Nacional de Cardiologia<\/td><td>1<\/td><td>0<\/td><\/tr><tr><td>PE<\/td><td>Universidade Federal de Pernambuco &#8211; Hospital das Cl\u00ednicas Professor Romero Marques<\/td><td>1<\/td><td>0<\/td><\/tr><tr><td>RJ<\/td><td>Universidade Federal Fluminense\/Hospital Universit\u00e1rio Antonio Pedro<\/td><td>2<\/td><td>0<\/td><\/tr><tr><td>RJ<\/td><td>Universidade Federal do Rio de Janeiro &#8211; Hospital Universit\u00e1rio Clementino Fraga Filho &#8211; HUCFF<\/td><td>2<\/td><td>0<\/td><\/tr><\/tbody><\/table><\/figure>\n\n\n\n<h5 class=\"wp-block-heading\"><strong>Neurocirurgia<\/strong><\/h5>\n\n\n\n<figure class=\"wp-block-table\"><table class=\"has-fixed-layout\"><tbody><tr><td><strong>UF<\/strong><\/td><td><strong>Institui\u00e7\u00e3o<\/strong><\/td><td><strong>N\u00b0 de vagas<\/strong><\/td><td><strong>Reserva de vagas<\/strong><\/td><\/tr><tr><td>SP<\/td><td>Hospital Municipal Professor Doutor Al\u00edpio Corr\u00eaa Netto<\/td><td>1<\/td><td>0<\/td><\/tr><tr><td>RJ<\/td><td>Universidade Federal do Rio de Janeiro &#8211; &nbsp;Hospital Universit\u00e1rio Clementino Fraga Filho &#8211; HUCFF<\/td><td>1<\/td><td>0<\/td><\/tr><tr><td>CE<\/td><td>Universidade Federal do Cariri &#8211; Hospital Maternidade Santo Ant\u00f4nio de Barbalha<\/td><td>1<\/td><td>0<\/td><\/tr><tr><td>MG<\/td><td>Hospital Metropolitano Odilon Behrens<\/td><td>1<\/td><td>0<\/td><\/tr><tr><td>BA<\/td><td>Hospital Geral Cleriston Andrade<\/td><td>1<\/td><td>0<\/td><\/tr><tr><td>SP<\/td><td>Hospital Militar de \u00c1rea de S\u00e3o Paulo<\/td><td>1<\/td><td>0<\/td><\/tr><tr><td>CE<\/td><td>Instituto Dr Jose Frota<\/td><td>1<\/td><td>0<\/td><\/tr><tr><td>RJ<\/td><td>Secretaria Municipal de Sa\u00fade do Rio de Janeiro<\/td><td>5<\/td><td>0<\/td><\/tr><tr><td>RJ<\/td><td>Universidade Federal do Estado do Rio de Janeiro &#8211; Hospital Universit\u00e1rio Gaffr\u00e9e e Guinle<\/td><td>1<\/td><td>0<\/td><\/tr><tr><td>RJ<\/td><td>Hospital de For\u00e7a A\u00e9rea do Gale\u00e3o<\/td><td>0<\/td><td>1<\/td><\/tr><tr><td>MG<\/td><td>UNIVERSIDADE FEDERAL DE UBERL\u00c2NDIA &#8211; UFU<\/td><td>1<\/td><td>0<\/td><\/tr><tr><td>MG<\/td><td>Hospital Jo\u00e3o XXIII<\/td><td>2<\/td><td>0<\/td><\/tr><tr><td>RJ<\/td><td>Hospital Federal dos Servidores do Estado<\/td><td>1<\/td><td>0<\/td><\/tr><tr><td>RJ<\/td><td>HOSPITAL FEDERAL DA LAGOA<\/td><td>1<\/td><td>0<\/td><\/tr><tr><td>ES<\/td><td>Instituto Capixaba de Ensino, Pesquisa e Inova\u00e7\u00e3o em Sa\u00fade<\/td><td>1<\/td><td>0<\/td><\/tr><tr><td>MG<\/td><td>Hospital das Cl\u00ednicas da Universidade Federal de Minas Gerais &#8211; Hospital das Cl\u00ednicas da UFMG &#8211; HC\/UFMG<\/td><td>2<\/td><td>0<\/td><\/tr><tr><td>CE<\/td><td>Secretaria da Sa\u00fade do Estado do Cear\u00e1 -Hospital Geral de Fortaleza<\/td><td>2<\/td><td>0<\/td><\/tr><tr><td>BA<\/td><td>HOSPITAL GERAL ROBERTO SANTOS<\/td><td>2<\/td><td>0<\/td><\/tr><tr><td>RN<\/td><td>Universidade Federal do Rio Grande do Norte &#8211; Hospital Universit\u00e1rio Onofre Lopes da Universidade Federal do Rio Grande do Norte<\/td><td>0<\/td><td>1<\/td><\/tr><tr><td>PR<\/td><td>Universidade Federal do Paran\u00e1 &#8211; Complexo Hospital de Cl\u00ednicas<\/td><td>0<\/td><td>1<\/td><\/tr><tr><td>RJ<\/td><td>Universidade Federal Fluminense\/Hospital Universit\u00e1rio Antonio Pedro<\/td><td>1<\/td><td>0<\/td><\/tr><\/tbody><\/table><\/figure>\n\n\n\n<h5 class=\"wp-block-heading\"><strong>Neurologia<\/strong><\/h5>\n\n\n\n<figure class=\"wp-block-table\"><table class=\"has-fixed-layout\"><tbody><tr><td><strong>UF<\/strong><\/td><td><strong>Institui\u00e7\u00e3o<\/strong><\/td><td><strong>N\u00b0 de vagas<\/strong><\/td><td><strong>Reserva de vagas<\/strong><\/td><\/tr><tr><td>PI<\/td><td>Hospital Universit\u00e1rio da Universidade Federal do Piau\u00ed<\/td><td>2<\/td><td>0<\/td><\/tr><tr><td>MG<\/td><td>UNIVERSIDADE FEDERAL DE UBERL\u00c2NDIA &#8211; UFU<\/td><td>2<\/td><td>0<\/td><\/tr><tr><td>MS<\/td><td>FUNDA\u00c7\u00c3O UNIVERSIDADE FEDERAL DE MATO GROSSO DO SUL &#8211; UFMS &#8211; HOSPITAL UNIVERSIT\u00c1RIO MARIA APARECIDA PEDROSSIAN &#8211; HUMAP-UFMS\/EBSERH<\/td><td>2<\/td><td>0<\/td><\/tr><tr><td>PR<\/td><td>Universidade Federal do Paran\u00e1 &#8211; Complexo Hospital de Cl\u00ednicas<\/td><td>4<\/td><td>1<\/td><\/tr><tr><td>ES<\/td><td>Instituto Capixaba de Ensino, Pesquisa e Inova\u00e7\u00e3o em Sa\u00fade<\/td><td>1<\/td><td>0<\/td><\/tr><tr><td>AL<\/td><td>Universidade Federal de Alagoas<\/td><td>1<\/td><td>0<\/td><\/tr><tr><td>RN<\/td><td>Universidade Federal do Rio Grande do Norte &#8211; Hospital Universit\u00e1rio Onofre Lopes da Universidade Federal do Rio Grande do Norte<\/td><td>2<\/td><td>0<\/td><\/tr><tr><td>RJ<\/td><td>Universidade Federal do Rio de Janeiro &#8211; Hospital Universit\u00e1rio Clementino Fraga Filho &#8211; HUCFF<\/td><td>3<\/td><td>0<\/td><\/tr><tr><td>MA<\/td><td>Hospital Universit\u00e1rio do Maranh\u00e3o<\/td><td>1<\/td><td>0<\/td><\/tr><tr><td>BA<\/td><td>Hospital Geral Cleriston Andrade<\/td><td>2<\/td><td>0<\/td><\/tr><tr><td>AL<\/td><td>HOSPITAL METROPOLITANO DE ALAGOAS<\/td><td>2<\/td><td>0<\/td><\/tr><tr><td>SE<\/td><td>Universidade Federal de Sergipe<\/td><td>2<\/td><td>0<\/td><\/tr><tr><td>DF<\/td><td>Universidade de Bras\u00edlia<\/td><td>1<\/td><td>1<\/td><\/tr><tr><td>AL<\/td><td>Hospital Geral do Estado Prof. Osvaldo Brand\u00e3o Vilela<\/td><td>2<\/td><td>0<\/td><\/tr><tr><td>MG<\/td><td>Hospital das Cl\u00ednicas da Universidade Federal de Minas Gerais &#8211; Hospital das Cl\u00ednicas da UFMG &#8211; HC\/UFMG<\/td><td>6<\/td><td>0<\/td><\/tr><tr><td>MG<\/td><td>Universidade Federal de Juiz de Fora (UFJF) &#8211; Hospital Universit\u00e1rio da Universidade Federal de Juiz de Fora<\/td><td>3<\/td><td>1<\/td><\/tr><tr><td>MG<\/td><td>Hospital Regional de Barbacena Dr. Jos\u00e9 Am\u00e9rico<\/td><td>2<\/td><td>0<\/td><\/tr><tr><td>PE<\/td><td>Universidade Federal de Pernambuco &#8211; Hospital das Cl\u00ednicas Professor Romero Marques<\/td><td>4<\/td><td>0<\/td><\/tr><tr><td>RJ<\/td><td>Universidade Federal Fluminense\/Hospital Universit\u00e1rio Antonio Pedro<\/td><td>5<\/td><td>0<\/td><\/tr><tr><td>RJ<\/td><td>HOSPITAL CENTRAL DA AERON\u00c1UTICA<\/td><td>2<\/td><td>0<\/td><\/tr><tr><td>RJ<\/td><td>Universidade Federal do Estado do Rio de Janeiro &#8211; Hospital Universit\u00e1rio Gaffr\u00e9e e Guinle<\/td><td>1<\/td><td>1<\/td><\/tr><tr><td>BA<\/td><td>HOSPITAL GERAL ROBERTO SANTOS<\/td><td>6<\/td><td>0<\/td><\/tr><tr><td>MG<\/td><td>Hospital Metropolitano Odilon Behrens<\/td><td>3<\/td><td>0<\/td><\/tr><tr><td>PB<\/td><td>Escola de Sa\u00fade P\u00fablica da Para\u00edba ESP-PB<\/td><td>2<\/td><td>0<\/td><\/tr><tr><td>CE<\/td><td>Secretaria da Sa\u00fade do Estado do Cear\u00e1 &#8211; Hospital Geral de Fortaleza&nbsp;<\/td><td>10<\/td><td>0<\/td><\/tr><tr><td>ES<\/td><td>Universidade Federal do Esp\u00edrito Santo<\/td><td>2<\/td><td>0<\/td><\/tr><tr><td>RJ<\/td><td>Universidade Federal do Rio de Janeiro &#8211; Instituto de Neurologia Deolindo Couto &#8211; INDC<\/td><td>3<\/td><td>0<\/td><\/tr><tr><td>RJ<\/td><td>Hospital Federal dos Servidores do Estado<\/td><td>3<\/td><td>0<\/td><\/tr><tr><td>CE<\/td><td>Universidade Federal do Cear\u00e1 &#8211; Hospital Universit\u00e1rio Walter Cant\u00eddio &#8211; HUWC<\/td><td>4<\/td><td>0<\/td><\/tr><tr><td>BA<\/td><td>Universidade Federal da Bahia<\/td><td>2<\/td><td>0<\/td><\/tr><\/tbody><\/table><\/figure>\n\n\n\n<h5 class=\"wp-block-heading\"><strong>Oftalmologia<\/strong><\/h5>\n\n\n\n<figure class=\"wp-block-table\"><table class=\"has-fixed-layout\"><tbody><tr><td><strong>UF<\/strong><\/td><td><strong>Institui\u00e7\u00e3o<\/strong><\/td><td><strong>N\u00b0 de vagas<\/strong><\/td><td><strong>Reserva de vagas<\/strong><\/td><\/tr><tr><td>MT<\/td><td>UNIVERSIDADE FEDERAL DE MATO GROSSO<\/td><td>1<\/td><td>1<\/td><\/tr><tr><td>MG<\/td><td>Universidade Federal de Juiz de Fora (UFJF) &#8211; Hospital Universit\u00e1rio da Universidade Federal de Juiz de Fora<\/td><td>2<\/td><td>0<\/td><\/tr><tr><td>MA<\/td><td>Hospital Universit\u00e1rio do Maranh\u00e3o<\/td><td>5<\/td><td>0<\/td><\/tr><tr><td>MG<\/td><td>Hospital das Cl\u00ednicas da Universidade Federal de Minas Gerais &#8211; Hospital das Cl\u00ednicas da UFMG &#8211; HC\/UFMG<\/td><td>8<\/td><td>0<\/td><\/tr><tr><td>RJ<\/td><td>Universidade Federal do Rio de Janeiro &#8211; Hospital Universit\u00e1rio Clementino Fraga Filho &#8211; HUCFF<\/td><td>4<\/td><td>0<\/td><\/tr><tr><td>RJ<\/td><td>HOSPITAL FEDERAL DA LAGOA<\/td><td>4<\/td><td>0<\/td><\/tr><tr><td>RN<\/td><td>Universidade Federal do Rio Grande do Norte &#8211; Hospital Universit\u00e1rio Onofre Lopes da Universidade Federal do Rio Grande do Norte<\/td><td>4<\/td><td>0<\/td><\/tr><tr><td>RJ<\/td><td>HOSPITAL CENTRAL DA AERON\u00c1UTICA&nbsp;<\/td><td>2<\/td><td>0<\/td><\/tr><tr><td>PE<\/td><td>Universidade Federal de Pernambuco &#8211; Hospital das Cl\u00ednicas Professor Romero Marques<\/td><td>2<\/td><td>0<\/td><\/tr><tr><td>SP<\/td><td>Hospital S\u00e3o Leopoldo Mandic<\/td><td>1<\/td><td>0<\/td><\/tr><tr><td>CE<\/td><td>FUNCIPE &#8211; Funda\u00e7\u00e3o de Ci\u00eancias e Pesquisa Maria Ione Xerez Vasconcelos<\/td><td>1<\/td><td>0<\/td><\/tr><tr><td>AL<\/td><td>Universidade Federal de Alagoas<\/td><td>3<\/td><td>0<\/td><\/tr><tr><td>RJ<\/td><td>Secretaria Municipal de Sa\u00fade do Rio de Janeiro<\/td><td>13<\/td><td>0<\/td><\/tr><tr><td>DF<\/td><td>Hospital das For\u00e7as Armadas<\/td><td>2<\/td><td>0<\/td><\/tr><tr><td>CE<\/td><td>Secretaria da Sa\u00fade do Estado do Cear\u00e1 &#8211; Hospital Geral de Fortaleza&nbsp;<\/td><td>2<\/td><td>2<\/td><\/tr><tr><td>RJ<\/td><td>Hospital Federal de Bonsucesso<\/td><td>4<\/td><td>0<\/td><\/tr><tr><td>DF<\/td><td>Universidade de Bras\u00edlia<\/td><td>2<\/td><td>0<\/td><\/tr><tr><td>MG<\/td><td>UNIVERSIDADE FEDERAL DE UBERL\u00c2NDIA &#8211; UFU<\/td><td>2<\/td><td>0<\/td><\/tr><tr><td>PR<\/td><td>Universidade Federal do Paran\u00e1 &#8211; Complexo Hospital de Cl\u00ednicas<\/td><td>5<\/td><td>0<\/td><\/tr><tr><td>BA<\/td><td>Universidade Federal da Bahia<\/td><td>6<\/td><td>0<\/td><\/tr><tr><td>PI<\/td><td>Hospital Universit\u00e1rio da Universidade Federal do Piau\u00ed<\/td><td>3<\/td><td>0<\/td><\/tr><tr><td>RJ<\/td><td>Universidade Federal do Estado do Rio de Janeiro &#8211; Hospital Universit\u00e1rio Gaffr\u00e9e e Guinle<\/td><td>3<\/td><td>0<\/td><\/tr><tr><td>RJ<\/td><td>HOSPITAL DA POL\u00cdCIA MILITAR DE NITER\u00d3I &#8211; HPM\/Nit<\/td><td>2<\/td><td>0<\/td><\/tr><tr><td>PB<\/td><td>UNIVERSIDADE FEDERAL DA PARAIBA UFPB<\/td><td>4<\/td><td>0<\/td><\/tr><tr><td>CE<\/td><td>Universidade Federal do Cear\u00e1 &#8211; Hospital Universit\u00e1rio Walter Cant\u00eddio &#8211; HUWC<\/td><td>2<\/td><td>0<\/td><\/tr><tr><td>RJ<\/td><td>Hospital Federal dos Servidores do Estado<\/td><td>8<\/td><td>1<\/td><\/tr><tr><td>ES<\/td><td>Universidade Federal do Esp\u00edrito Santo<\/td><td>3<\/td><td>0<\/td><\/tr><tr><td>RJ<\/td><td>Universidade Federal Fluminense\/Hospital Universit\u00e1rio Antonio Pedro<\/td><td>4<\/td><td>0<\/td><\/tr><\/tbody><\/table><\/figure>\n\n\n\n<h5 class=\"wp-block-heading\"><strong>Ortopedia e Traumatologia<\/strong><\/h5>\n\n\n\n<figure class=\"wp-block-table\"><table class=\"has-fixed-layout\"><tbody><tr><td><strong>UF<\/strong><\/td><td><strong>Institui\u00e7\u00e3o<\/strong><\/td><td><strong>N\u00b0 de Vagas<\/strong><\/td><td><strong>Reserva Militar<\/strong><\/td><\/tr><tr><td>RJ<\/td><td>Hospital Central do Ex\u00e9rcito<\/td><td>0<\/td><td>2<\/td><\/tr><tr><td>RJ<\/td><td>Hospital Geral de Nova Igua\u00e7u<\/td><td>3<\/td><td>1<\/td><\/tr><tr><td>CE<\/td><td>Universidade Federal do Cariri (Hospital S\u00e3o Raimundo do Crato)<\/td><td>1<\/td><td>0<\/td><\/tr><tr><td>BA<\/td><td>Hospital Regional de Juazeiro<\/td><td>2<\/td><td>0<\/td><\/tr><tr><td>CE<\/td><td>Instituto Dr. Jos\u00e9 Frota<\/td><td>10<\/td><td>0<\/td><\/tr><tr><td>RJ<\/td><td>Funda\u00e7\u00e3o Educacional Serra dos \u00d3rg\u00e3os<\/td><td>3<\/td><td>0<\/td><\/tr><tr><td>SP<\/td><td>Hospital do Servidor P\u00fablico Municipal<\/td><td>5<\/td><td>1<\/td><\/tr><tr><td>RJ<\/td><td>Secretaria Municipal de Sa\u00fade do Rio de Janeiro<\/td><td>36<\/td><td>7<\/td><\/tr><tr><td>AP<\/td><td>Funda\u00e7\u00e3o Universidade Federal do Amap\u00e1<\/td><td>2<\/td><td>0<\/td><\/tr><tr><td>CE<\/td><td>Secretaria da Sa\u00fade do Estado do Cear\u00e1 (Hospital Infantil Albert Sabin)<\/td><td>1<\/td><td>0<\/td><\/tr><tr><td>CE<\/td><td>Santa Casa de Miseric\u00f3rdia de Sobral\/Universidade Federal do Cear\u00e1<\/td><td>2<\/td><td>1<\/td><\/tr><tr><td>PR<\/td><td>Prefeitura Municipal de Foz do Igua\u00e7u<\/td><td>3<\/td><td>0<\/td><\/tr><tr><td>PI<\/td><td>Hospital Universit\u00e1rio da Universidade Federal do Piau\u00ed<\/td><td>4<\/td><td>0<\/td><\/tr><tr><td>SE<\/td><td>Universidade Federal de Sergipe (Hospital Universit\u00e1rio de Lagarto)<\/td><td>2<\/td><td>0<\/td><\/tr><tr><td>AL<\/td><td>Hospital Regional da Mata\/Hospital de Emerg\u00eancia Dr. Daniel Houly<\/td><td>2<\/td><td>0<\/td><\/tr><tr><td>RJ<\/td><td>Universidade Federal do Rio de Janeiro (HUCFF)<\/td><td>5<\/td><td>0<\/td><\/tr><tr><td>MG<\/td><td>Hospital das Cl\u00ednicas da UFMG<\/td><td>5<\/td><td>1<\/td><\/tr><tr><td>BA<\/td><td>Hospital do Oeste<\/td><td>1<\/td><td>1<\/td><\/tr><tr><td>MG<\/td><td>Hospital Metropolitano Odilon Behrens<\/td><td>3<\/td><td>0<\/td><\/tr><tr><td>SP<\/td><td>Hospital Municipal Dr. C\u00e1rmino Caricchio<\/td><td>9<\/td><td>1<\/td><\/tr><tr><td>CE<\/td><td>Universidade Federal do Cear\u00e1 (Hospital Universit\u00e1rio Walter Cant\u00eddio)<\/td><td>3<\/td><td>0<\/td><\/tr><tr><td>BA<\/td><td>Hospital Geral Cl\u00e9riston Andrade<\/td><td>4<\/td><td>0<\/td><\/tr><tr><td>SP<\/td><td>Hospital Municipal Dr. Fernando Mauro Pires da Rocha<\/td><td>8<\/td><td>0<\/td><\/tr><tr><td>MG<\/td><td>Universidade Estadual de Montes Claros (Hospital Universit\u00e1rio Clemente de Faria)<\/td><td>2<\/td><td>0<\/td><\/tr><tr><td>PE<\/td><td>Universidade Federal de Pernambuco (Hospital Cl\u00ednicas Professor Romero Marques)<\/td><td>4<\/td><td>0<\/td><\/tr><tr><td>RJ<\/td><td>Universidade Federal do Estado do RJ (Hospital Universit\u00e1rio Gaffr\u00e9e e Guinle)<\/td><td>4<\/td><td>0<\/td><\/tr><tr><td>MA<\/td><td>Hospital Universit\u00e1rio do Maranh\u00e3o<\/td><td>3<\/td><td>1<\/td><\/tr><tr><td>MG<\/td><td>Universidade Federal de Uberl\u00e2ndia<\/td><td>6<\/td><td>0<\/td><\/tr><tr><td>BA<\/td><td>Hospital Geral Ernesto Sim\u00f5es Filho<\/td><td>7<\/td><td>1<\/td><\/tr><tr><td>BA<\/td><td>Hospital Ortop\u00e9dico do Estado da Bahia<\/td><td>6<\/td><td>2<\/td><\/tr><tr><td>BA<\/td><td>Hospital Metropolitano de Ruy Barbosa<\/td><td>5<\/td><td>1<\/td><\/tr><tr><td>SP<\/td><td>Hospital Municipal Prof. Dr. Al\u00edpio Corr\u00eaa Netto<\/td><td>4<\/td><td>0<\/td><\/tr><tr><td>MS<\/td><td>Funda\u00e7\u00e3o Universidade Federal de MS (HUMAP-UFMS)<\/td><td>4<\/td><td>0<\/td><\/tr><tr><td>MG<\/td><td>Hospital Regional Ant\u00f4nio Dias<\/td><td>2<\/td><td>0<\/td><\/tr><tr><td>MA<\/td><td>Hospital de Oncologia do Maranh\u00e3o<\/td><td>1<\/td><td>0<\/td><\/tr><tr><td>RJ<\/td><td>Hospital Central da Pol\u00edcia Militar<\/td><td>4<\/td><td>0<\/td><\/tr><tr><td>BA<\/td><td>Hospital Regional de Santo Ant\u00f4nio de Jesus<\/td><td>3<\/td><td>0<\/td><\/tr><tr><td>DF<\/td><td>Hospital das For\u00e7as Armadas<\/td><td>3<\/td><td>0<\/td><\/tr><tr><td>MG<\/td><td>Hospital Jo\u00e3o XXIII (Maria Am\u00e9lia Lins)<\/td><td>4<\/td><td>0<\/td><\/tr><tr><td>SE<\/td><td>Universidade Federal de Sergipe<\/td><td>2<\/td><td>0<\/td><\/tr><tr><td>SP<\/td><td>Irmandade da Santa Casa de Miseric\u00f3rdia de Mar\u00edlia<\/td><td>3<\/td><td>0<\/td><\/tr><tr><td>MG<\/td><td>Universidade Federal de Juiz de Fora<\/td><td>1<\/td><td>2<\/td><\/tr><tr><td>BA<\/td><td>Hospital do Sub\u00farbio\/Prodal Sa\u00fade<\/td><td>5<\/td><td>1<\/td><\/tr><tr><td>AL<\/td><td>Hospital Geral do Estado\/Osvaldo Brand\u00e3o Vilela<\/td><td>2<\/td><td>0<\/td><\/tr><tr><td>BA<\/td><td>Hospital Estadual Costa das Baleias<\/td><td>5<\/td><td>0<\/td><\/tr><tr><td>RJ<\/td><td>Hospital Federal da Lagoa<\/td><td>2<\/td><td>0<\/td><\/tr><tr><td>TO<\/td><td>Funda\u00e7\u00e3o Universidade Federal do Tocantins (Hospital Geral de Palmas)<\/td><td>2<\/td><td>0<\/td><\/tr><tr><td>PR<\/td><td>Universidade Federal do Paran\u00e1 (Complexo HC)<\/td><td>6<\/td><td>1<\/td><\/tr><tr><td>BA<\/td><td>FUNDO MUNICIPAL DE SA\u00daDE DE JUAZEIRO BAHIA (Hospital SOTE)<\/td><td>2<\/td><td>0<\/td><\/tr><tr><td>RS<\/td><td>Universidade Federal do Rio Grande<\/td><td>3<\/td><td>0<\/td><\/tr><tr><td>RJ<\/td><td>Hospital de For\u00e7a A\u00e9rea do Gale\u00e3o<\/td><td>4<\/td><td>0<\/td><\/tr><tr><td>RJ<\/td><td>Associa\u00e7\u00e3o Congrega\u00e7\u00e3o de Santa Catarina<\/td><td>4<\/td><td>0<\/td><\/tr><tr><td>SP<\/td><td>Munic\u00edpio de Piracicaba<\/td><td>4<\/td><td>0<\/td><\/tr><tr><td>BA<\/td><td>Complexo Hospitalar de Vit\u00f3ria da Conquista<\/td><td>4<\/td><td>0<\/td><\/tr><tr><td>PB<\/td><td>Escola de Sa\u00fade P\u00fablica da Para\u00edba ESP-PB<\/td><td>4<\/td><td>0<\/td><\/tr><tr><td>RJ<\/td><td>Hospital Federal de Bonsucesso<\/td><td>1<\/td><td>1<\/td><\/tr><tr><td>MT<\/td><td>Hospital Estadual Lousite Ferreira da Silva<\/td><td>2<\/td><td>0<\/td><\/tr><tr><td>BA<\/td><td>Universidade Federal da Bahia<\/td><td>8<\/td><td>0<\/td><\/tr><tr><td>RJ<\/td><td>Hospital Federal dos Servidores do Estado<\/td><td>3<\/td><td>1<\/td><\/tr><tr><td>RJ<\/td><td>Universidade Federal Fluminense (HU Antonio Pedro)<\/td><td>2<\/td><td>0<\/td><\/tr><tr><td>CE<\/td><td>Hospital Geral de Fortaleza\/Secretaria da Sa\u00fade do Cear\u00e1<\/td><td>2<\/td><td>1<\/td><\/tr><tr><td>RJ<\/td><td>Hospital Federal de Ipanema<\/td><td>3<\/td><td>0<\/td><\/tr><tr><td>MG<\/td><td>Universidade Federal do Tri\u00e2ngulo Mineiro<\/td><td>5<\/td><td>0<\/td><\/tr><\/tbody><\/table><\/figure>\n\n\n\n<h5 class=\"wp-block-heading\"><strong>Otorrinolaringologia<\/strong><\/h5>\n\n\n\n<figure class=\"wp-block-table\"><table class=\"has-fixed-layout\"><tbody><tr><td><strong>UF<\/strong><\/td><td><strong>Institui\u00e7\u00e3o<\/strong><\/td><td><strong>N\u00b0 de Vagas<\/strong><\/td><td><strong>Reserva Militar<\/strong><\/td><\/tr><tr><td>SE<\/td><td>Universidade Federal de Sergipe<\/td><td>2<\/td><td>0<\/td><\/tr><tr><td>MG<\/td><td>Hospital das Cl\u00ednicas da UFMG &#8211; HC\/UFMG (Universidade Federal de Minas Gerais)<\/td><td>2<\/td><td>0<\/td><\/tr><tr><td>MS<\/td><td>Caixa de Assist\u00eancia dos Servidores do Estado de Mato Grosso do Sul<\/td><td>2<\/td><td>0<\/td><\/tr><tr><td>RJ<\/td><td>Universidade Federal do Estado do Rio de Janeiro (Hospital Gaffr\u00e9e e Guinle)<\/td><td>2<\/td><td>0<\/td><\/tr><tr><td>RJ<\/td><td>Hospital Central do Ex\u00e9rcito<\/td><td>1<\/td><td>0<\/td><\/tr><tr><td>DF<\/td><td>Universidade de Bras\u00edlia<\/td><td>2<\/td><td>0<\/td><\/tr><tr><td>MG<\/td><td>Universidade Estadual de Montes Claros (Hospital Universit\u00e1rio Clemente de Faria)<\/td><td>1<\/td><td>0<\/td><\/tr><tr><td>MT<\/td><td>Universidade Federal de Mato Grosso (Hospital Universit\u00e1rio J\u00falio M\u00fcller)<\/td><td>2<\/td><td>0<\/td><\/tr><tr><td>RJ<\/td><td>Hospital Central da Aeron\u00e1utica<\/td><td>2<\/td><td>0<\/td><\/tr><tr><td>DF<\/td><td>Hospital das For\u00e7as Armadas<\/td><td>1<\/td><td>0<\/td><\/tr><tr><td>RJ<\/td><td>Hospital Federal dos Servidores do Estado<\/td><td>2<\/td><td>0<\/td><\/tr><tr><td>CE<\/td><td>Secretaria da Sa\u00fade do Estado do Cear\u00e1 (Hospital Geral de Fortaleza)<\/td><td>3<\/td><td>0<\/td><\/tr><tr><td>RJ<\/td><td>Universidade Federal Fluminense (Hospital Antonio Pedro)<\/td><td>1<\/td><td>1<\/td><\/tr><tr><td>BA<\/td><td>Universidade Federal da Bahia<\/td><td>4<\/td><td>0<\/td><\/tr><tr><td>RN<\/td><td>Universidade Federal do Rio Grande do Norte (Hospital Universit\u00e1rio Onofre Lopes)<\/td><td>2<\/td><td>0<\/td><\/tr><tr><td>SP<\/td><td>Hospital do Servidor P\u00fablico Municipal<\/td><td>2<\/td><td>0<\/td><\/tr><tr><td>RJ<\/td><td>Hospital Federal da Lagoa<\/td><td>3<\/td><td>0<\/td><\/tr><tr><td>CE<\/td><td>Universidade Federal do Cear\u00e1 (Hospital Universit\u00e1rio Walter Cant\u00eddio)<\/td><td>1<\/td><td>1<\/td><\/tr><tr><td>MG<\/td><td>Universidade Federal de Juiz de Fora (Hospital Universit\u00e1rio da UFJF)<\/td><td>2<\/td><td>0<\/td><\/tr><tr><td>RJ<\/td><td>Hospital Federal de Bonsucesso<\/td><td>2<\/td><td>0<\/td><\/tr><tr><td>RJ<\/td><td>Universidade Federal do Rio de Janeiro (Hospital Universit\u00e1rio Clementino Fraga Filho &#8211; HUCFF)<\/td><td>3<\/td><td>0<\/td><\/tr><tr><td>RJ<\/td><td>Secretaria Municipal de Sa\u00fade do Rio de Janeiro<\/td><td>1<\/td><td>0<\/td><\/tr><tr><td>MG<\/td><td>Universidade Federal de Uberl\u00e2ndia (UFU)<\/td><td>3<\/td><td>0<\/td><\/tr><tr><td>PR<\/td><td>Universidade Federal do Paran\u00e1 (Complexo HC)<\/td><td>4<\/td><td>0<\/td><\/tr><tr><td>PE<\/td><td>Universidade Federal de Pernambuco (Hospital Cl\u00ednicas Professor Romero Marques)<\/td><td>2<\/td><td>0<\/td><\/tr><tr><td>RJ<\/td><td>Hospital Central da Pol\u00edcia Militar<\/td><td>2<\/td><td>0<\/td><\/tr><\/tbody><\/table><\/figure>\n\n\n\n<h5 class=\"wp-block-heading\"><strong>Patologia<\/strong><\/h5>\n\n\n\n<figure class=\"wp-block-table\"><table class=\"has-fixed-layout\"><tbody><tr><td><strong>UF<\/strong><\/td><td><strong>Institui\u00e7\u00e3o<\/strong><\/td><td><strong>N\u00b0 de Vagas<\/strong><\/td><td><strong>Reserva Militar<\/strong><\/td><\/tr><tr><td>ES<\/td><td>Universidade Federal do Esp\u00edrito Santo<\/td><td>2<\/td><td>0<\/td><\/tr><tr><td>DF<\/td><td>Universidade de Bras\u00edlia<\/td><td>2<\/td><td>0<\/td><\/tr><tr><td>MG<\/td><td>Universidade Federal de Uberl\u00e2ndia (UFU)<\/td><td>2<\/td><td>0<\/td><\/tr><tr><td>PE<\/td><td>Universidade Federal de Pernambuco (Hospital das Cl\u00ednicas Professor Romero Marques)<\/td><td>2<\/td><td>0<\/td><\/tr><tr><td>RN<\/td><td>Liga Norte-Riograndense Contra o C\u00e2ncer (Universidade Federal do Rio Grande do Norte)<\/td><td>2<\/td><td>0<\/td><\/tr><tr><td>RJ<\/td><td>Universidade Federal do Rio de Janeiro (Hospital Universit\u00e1rio Clementino Fraga Filho &#8211; HUCFF)<\/td><td>2<\/td><td>0<\/td><\/tr><tr><td>AM<\/td><td>Funda\u00e7\u00e3o Universidade do Amazonas (FUA)<\/td><td>2<\/td><td>0<\/td><\/tr><tr><td>MG<\/td><td>Hospital das Cl\u00ednicas da UFMG (Universidade Federal de Minas Gerais)<\/td><td>2<\/td><td>0<\/td><\/tr><tr><td>RJ<\/td><td>Universidade Federal Fluminense (Hospital Universit\u00e1rio Antonio Pedro)<\/td><td>4<\/td><td>0<\/td><\/tr><tr><td>CE<\/td><td>Universidade Federal do Cear\u00e1 (Hospital Universit\u00e1rio Walter Cant\u00eddio &#8211; HUWC)<\/td><td>3<\/td><td>0<\/td><\/tr><tr><td>RJ<\/td><td>Instituto Nacional de C\u00e2ncer<\/td><td>6<\/td><td>2<\/td><\/tr><tr><td>CE<\/td><td>Universidade Federal do Cariri<\/td><td>1<\/td><td>0<\/td><\/tr><tr><td>MG<\/td><td>Universidade Federal de Juiz de Fora (UFJF) (Hospital Universit\u00e1rio)<\/td><td>1<\/td><td>0<\/td><\/tr><tr><td>RJ<\/td><td>Universidade Federal Fluminense (Hospital Universit\u00e1rio Antonio Pedro &#8211; Patologia Cl\u00ednica\/Medicina Laboratorial)<\/td><td>1<\/td><td>0<\/td><\/tr><tr><td>PI<\/td><td>Hospital Universit\u00e1rio da Universidade Federal do Piau\u00ed<\/td><td>2<\/td><td>0<\/td><\/tr><tr><td>MA<\/td><td>Hospital Universit\u00e1rio do Maranh\u00e3o<\/td><td>4<\/td><td>0<\/td><\/tr><tr><td>RJ<\/td><td>Universidade Federal do Estado do Rio de Janeiro (Hospital Universit\u00e1rio Gaffr\u00e9e e Guinle)<\/td><td>2<\/td><td>0<\/td><\/tr><tr><td>PR<\/td><td>Universidade Federal do Paran\u00e1 (Complexo Hospital de Cl\u00ednicas)<\/td><td>2<\/td><td>0<\/td><\/tr><tr><td>RN<\/td><td>Universidade Federal do Rio Grande do Norte (Hospital Universit\u00e1rio Onofre Lopes)<\/td><td>4<\/td><td>0<\/td><\/tr><tr><td>BA<\/td><td>Universidade Federal da Bahia<\/td><td>2<\/td><td>0<\/td><\/tr><\/tbody><\/table><\/figure>\n\n\n\n<h5 class=\"wp-block-heading\"><strong>Patologia Cl\u00ednica\/ Medicina Laboratorial<\/strong><\/h5>\n\n\n\n<figure class=\"wp-block-table\"><table class=\"has-fixed-layout\"><tbody><tr><td><strong>UF<\/strong><\/td><td><strong>Institui\u00e7\u00e3o<\/strong><\/td><td><strong>N\u00b0 de Vagas<\/strong><\/td><td><strong>Reserva Militar<\/strong><\/td><\/tr><tr><td>MG<\/td><td>Hospital das Cl\u00ednicas da UFMG (Universidade Federal de Minas Gerais)<\/td><td>2<\/td><td>0<\/td><\/tr><tr><td>RJ<\/td><td>Universidade Federal Fluminense (Hospital Universit\u00e1rio Antonio Pedro)<\/td><td>1<\/td><td>0<\/td><\/tr><\/tbody><\/table><\/figure>\n\n\n\n<h5 class=\"wp-block-heading\"><strong>Pediatria<\/strong><\/h5>\n\n\n\n<figure class=\"wp-block-table\"><table class=\"has-fixed-layout\"><tbody><tr><td><strong>UF<\/strong><\/td><td><strong>Institui\u00e7\u00e3o<\/strong><\/td><td><strong>N\u00b0 de Vagas<\/strong><\/td><td><strong>Reserva Militar<\/strong><\/td><\/tr><tr><td>RJ<\/td><td>Hospital Geral de Nova Igua\u00e7u<\/td><td>7<\/td><td>0<\/td><\/tr><tr><td>SP<\/td><td>Fundo Municipal de Sa\u00fade de Cubat\u00e3o (Hospital Municipal de Cubat\u00e3o)<\/td><td>2<\/td><td>0<\/td><\/tr><tr><td>SP<\/td><td>Munic\u00edpio de Piracicaba<\/td><td>4<\/td><td>0<\/td><\/tr><tr><td>BA<\/td><td>Hospital do Sub\u00farbio \/ Prodal Sa\u00fade<\/td><td>4<\/td><td>0<\/td><\/tr><tr><td>BA<\/td><td>Universidade Federal da Bahia<\/td><td>12<\/td><td>0<\/td><\/tr><tr><td>MG<\/td><td>Hospital Regional Jo\u00e3o Penido<\/td><td>3<\/td><td>0<\/td><\/tr><tr><td>AP<\/td><td>Funda\u00e7\u00e3o Universidade Federal do Amap\u00e1<\/td><td>6<\/td><td>0<\/td><\/tr><tr><td>BA<\/td><td>Instituto de Ensino e Sa\u00fade S\/A (Hospital Municipal de Salvador)<\/td><td>3<\/td><td>0<\/td><\/tr><tr><td>MS<\/td><td>Funda\u00e7\u00e3o UFMS (HUMAP-UFMS\/EBSERH)<\/td><td>11<\/td><td>1<\/td><\/tr><tr><td>RJ<\/td><td>Universidade Federal Fluminense (Hospital Universit\u00e1rio Antonio Pedro)<\/td><td>6<\/td><td>1<\/td><\/tr><tr><td>MG<\/td><td>Hospital das Cl\u00ednicas da UFMG<\/td><td>20<\/td><td>0<\/td><\/tr><tr><td>BA<\/td><td>Hospital do Oeste<\/td><td>2<\/td><td>0<\/td><\/tr><tr><td>PB<\/td><td>Universidade Federal da Para\u00edba (UFPB)<\/td><td>7<\/td><td>0<\/td><\/tr><tr><td>CE<\/td><td>Secretaria da Sa\u00fade do Cear\u00e1 (Hospital Geral de Fortaleza)<\/td><td>3<\/td><td>0<\/td><\/tr><tr><td>RJ<\/td><td>Hospital Escola Luiz Gioseffi Jannuzzi<\/td><td>3<\/td><td>0<\/td><\/tr><tr><td>SP<\/td><td>Hospital Municipal Dr. C\u00e1rmino Caricchio<\/td><td>10<\/td><td>0<\/td><\/tr><tr><td>RN<\/td><td>Universidade Federal do Rio Grande do Norte (Hospital Universit\u00e1rio Ana Bezerra)<\/td><td>5<\/td><td>1<\/td><\/tr><tr><td>MS<\/td><td>Caixa de Assist\u00eancia dos Servidores do MS<\/td><td>4<\/td><td>0<\/td><\/tr><tr><td>PR<\/td><td>Universidade Federal do Paran\u00e1<\/td><td>12<\/td><td>0<\/td><\/tr><tr><td>SP<\/td><td>Hospital Municipal Infantil Menino Jesus<\/td><td>16<\/td><td>0<\/td><\/tr><tr><td>PB<\/td><td>Secretaria de Sa\u00fade de Campina Grande<\/td><td>5<\/td><td>0<\/td><\/tr><tr><td>MG<\/td><td>Hospital Infantil Jo\u00e3o Paulo II<\/td><td>19<\/td><td>1<\/td><\/tr><tr><td>RJ<\/td><td>Secretaria Municipal de Sa\u00fade do Rio de Janeiro<\/td><td>40<\/td><td>1<\/td><\/tr><tr><td>AL<\/td><td>Universidade Federal de Alagoas<\/td><td>5<\/td><td>0<\/td><\/tr><tr><td>AL<\/td><td>Hospital Regional da Mata (Dr. Daniel Houly)<\/td><td>2<\/td><td>0<\/td><\/tr><tr><td>BA<\/td><td>Hospital Geral Roberto Santos<\/td><td>13<\/td><td>0<\/td><\/tr><tr><td>RS<\/td><td>Associa\u00e7\u00e3o Hospital Vida e Sa\u00fade &#8211; Santa Rosa<\/td><td>2<\/td><td>0<\/td><\/tr><tr><td>MG<\/td><td>Hospital Metropolitano Odilon Behrens<\/td><td>10<\/td><td>0<\/td><\/tr><tr><td>MT<\/td><td>UFMT (Hospital Universit\u00e1rio J\u00falio M\u00fcller)<\/td><td>10<\/td><td>0<\/td><\/tr><tr><td>CE<\/td><td>Santa Casa de Miseric\u00f3rdia de Sobral (UFC)<\/td><td>3<\/td><td>0<\/td><\/tr><tr><td>SP<\/td><td>Universidade de Ribeir\u00e3o Preto<\/td><td>2<\/td><td>0<\/td><\/tr><tr><td>CE<\/td><td>Escola de Sa\u00fade P\u00fablica do Cear\u00e1 (Munic\u00edpio de Tau\u00e1)<\/td><td>2<\/td><td>0<\/td><\/tr><tr><td>SE<\/td><td>Universidade Federal de Sergipe (Hospital Universit\u00e1rio de Lagarto)<\/td><td>2<\/td><td>0<\/td><\/tr><tr><td>BA<\/td><td>Complexo Hospitalar de Vit\u00f3ria da Conquista<\/td><td>3<\/td><td>0<\/td><\/tr><tr><td>TO<\/td><td>Universidade Federal do Tocantins (HDT-UFT)<\/td><td>2<\/td><td>0<\/td><\/tr><tr><td>DF<\/td><td>Universidade de Bras\u00edlia<\/td><td>10<\/td><td>0<\/td><\/tr><tr><td>CE<\/td><td>Hospital Infantil Albert Sabin (Secretaria da Sa\u00fade do Cear\u00e1)<\/td><td>12<\/td><td>0<\/td><\/tr><tr><td>CE<\/td><td>Unimed Fortaleza<\/td><td>2<\/td><td>0<\/td><\/tr><tr><td>RJ<\/td><td>Universidade Federal do Rio de Janeiro (IPPMG)<\/td><td>14<\/td><td>1<\/td><\/tr><tr><td>MG<\/td><td>Universidade Estadual de Montes Claros (Hospital Universit\u00e1rio Clemente de Faria)<\/td><td>5<\/td><td>0<\/td><\/tr><tr><td>RR<\/td><td>Hospital da Crian\u00e7a Santo Ant\u00f4nio (UFRR)<\/td><td>6<\/td><td>0<\/td><\/tr><tr><td>PI<\/td><td>Hospital Infantil Luc\u00eddio Portella<\/td><td>8<\/td><td>0<\/td><\/tr><tr><td>RJ<\/td><td>Funda\u00e7\u00e3o Octac\u00edlio Gualberto (Hospital Alcides Carneiro)<\/td><td>5<\/td><td>0<\/td><\/tr><tr><td>RJ<\/td><td>Hospital Central da Pol\u00edcia Militar<\/td><td>6<\/td><td>0<\/td><\/tr><tr><td>SE<\/td><td>Associa\u00e7\u00e3o Aracajuana de Benefic\u00eancia<\/td><td>6<\/td><td>0<\/td><\/tr><tr><td>RJ<\/td><td>Hospital Federal dos Servidores do Estado<\/td><td>13<\/td><td>1<\/td><\/tr><tr><td>PE<\/td><td>Universidade Federal de Pernambuco (Hospital Cl\u00ednicas Professor Romero Marques)<\/td><td>8<\/td><td>0<\/td><\/tr><tr><td>CE<\/td><td>Universidade Federal do Cear\u00e1 (Hospital Universit\u00e1rio Walter Cant\u00eddio &#8211; HUWC)<\/td><td>10<\/td><td>0<\/td><\/tr><tr><td>RJ<\/td><td>Hospital Central do Ex\u00e9rcito<\/td><td>2<\/td><td>0<\/td><\/tr><tr><td>CE<\/td><td>Universidade Federal do Cariri (Hospital Maternidade S\u00e3o Vicente de Paulo)<\/td><td>4<\/td><td>0<\/td><\/tr><tr><td>RJ<\/td><td>Hospital Federal de Bonsucesso<\/td><td>12<\/td><td>0<\/td><\/tr><tr><td>SE<\/td><td>Universidade Federal de Sergipe<\/td><td>7<\/td><td>0<\/td><\/tr><tr><td>MG<\/td><td>Universidade Federal de Juiz de Fora (Hospital Universit\u00e1rio da UFJF)<\/td><td>7<\/td><td>0<\/td><\/tr><tr><td>PB<\/td><td>Hospital Universit\u00e1rio Alcides Carneiro (UFCG)<\/td><td>5<\/td><td>0<\/td><\/tr><tr><td>SP<\/td><td>Universidade Federal de S\u00e3o Carlos<\/td><td>4<\/td><td>0<\/td><\/tr><tr><td>RJ<\/td><td>Hospital Central da Aeron\u00e1utica<\/td><td>2<\/td><td>0<\/td><\/tr><tr><td>CE<\/td><td>Escola de Sa\u00fade P\u00fablica do Cear\u00e1<\/td><td>2<\/td><td>0<\/td><\/tr><tr><td>SP<\/td><td>Secretaria Municipal de Sa\u00fade &#8211; 8\u00aa Coreme<\/td><td>18<\/td><td>0<\/td><\/tr><tr><td>CE<\/td><td>Secretaria da Sa\u00fade do Cear\u00e1 (Hospital Regional Norte)<\/td><td>3<\/td><td>0<\/td><\/tr><tr><td>AL<\/td><td>Hospital Geral do Estado Prof. Osvaldo Brand\u00e3o Vilela<\/td><td>4<\/td><td>0<\/td><\/tr><tr><td>RJ<\/td><td>Hospital Municipal Dr. Munir Rafful<\/td><td>5<\/td><td>0<\/td><\/tr><tr><td>SP<\/td><td>Hospital do Servidor P\u00fablico Municipal<\/td><td>4<\/td><td>0<\/td><\/tr><tr><td>PB<\/td><td>Escola de Sa\u00fade P\u00fablica da Para\u00edba ESP-PB<\/td><td>5<\/td><td>0<\/td><\/tr><tr><td>TO<\/td><td>Funda\u00e7\u00e3o Universidade Federal do Tocantins (HGP)<\/td><td>6<\/td><td>0<\/td><\/tr><tr><td>BA<\/td><td>Hospital Geral de Guanambi<\/td><td>2<\/td><td>0<\/td><\/tr><tr><td>PB<\/td><td>Escola de Sa\u00fade P\u00fablica da Para\u00edba ESP-PB<\/td><td>3<\/td><td>0<\/td><\/tr><tr><td>SP<\/td><td>Santa Casa de Miseric\u00f3rdia de Votuporanga<\/td><td>4<\/td><td>0<\/td><\/tr><tr><td>SP<\/td><td>Hospital Municipal Dr. Fernando Mauro Pires da Rocha<\/td><td>8<\/td><td>0<\/td><\/tr><tr><td>MG<\/td><td>Hospital da Pol\u00edcia Militar de MG<\/td><td>4<\/td><td>0<\/td><\/tr><tr><td>RJ<\/td><td>Universidade Federal do Estado do Rio de Janeiro (Gaffr\u00e9e e Guinle)<\/td><td>7<\/td><td>0<\/td><\/tr><tr><td>ES<\/td><td>Hospital Estadual Infantil Nossa Senhora da Gl\u00f3ria<\/td><td>12<\/td><td>0<\/td><\/tr><tr><td>CE<\/td><td>Secretaria Municipal de Sa\u00fade de Fortaleza<\/td><td>3<\/td><td>0<\/td><\/tr><tr><td>RN<\/td><td>Universidade Federal do Rio Grande do Norte (Onofre Lopes)<\/td><td>10<\/td><td>0<\/td><\/tr><tr><td>BA<\/td><td>Hospital Regional Dr. M\u00e1rio Dourado Sobrinho<\/td><td>2<\/td><td>0<\/td><\/tr><tr><td>RS<\/td><td>Universidade Federal de Pelotas<\/td><td>1<\/td><td>0<\/td><\/tr><tr><td>CE<\/td><td>Escola de Sa\u00fade P\u00fablica do Cear\u00e1 (Fortaleza &#8211; Rede de Sa\u00fade)<\/td><td>8<\/td><td>0<\/td><\/tr><tr><td>PR<\/td><td>Prefeitura Municipal de Foz do Igua\u00e7u<\/td><td>2<\/td><td>0<\/td><\/tr><tr><td>RJ<\/td><td>Hospital Federal da Lagoa<\/td><td>6<\/td><td>0<\/td><\/tr><tr><td>SP<\/td><td>Funda\u00e7\u00e3o de Amparo ao Ensino e Pesquisa (Mogi das Cruzes &#8211; SP)<\/td><td>5<\/td><td>0<\/td><\/tr><tr><td>PB<\/td><td>Hospital Universit\u00e1rio J\u00falio Bandeira<\/td><td>2<\/td><td>0<\/td><\/tr><tr><td>MS<\/td><td>Hospital Universit\u00e1rio da UF Grande Dourados<\/td><td>6<\/td><td>0<\/td><\/tr><tr><td>MG<\/td><td>Universidade Federal de Uberl\u00e2ndia (UFU)<\/td><td>12<\/td><td>0<\/td><\/tr><tr><td>SE<\/td><td>Unit &#8211; Universidade Tiradentes (Dr. Jess\u00e9 Fontes)<\/td><td>2<\/td><td>0<\/td><\/tr><tr><td>ES<\/td><td>Universidade Federal do Esp\u00edrito Santo<\/td><td>4<\/td><td>0<\/td><\/tr><tr><td>MA<\/td><td>Hospital Universit\u00e1rio do Maranh\u00e3o<\/td><td>15<\/td><td>0<\/td><\/tr><tr><td>SP<\/td><td>Uni\u00e3o Social Camiliana (Promove S\u00e3o Camilo)<\/td><td>6<\/td><td>0<\/td><\/tr><tr><td>BA<\/td><td>Fundo Estadual de Sa\u00fade (Hospital Estadual da Crian\u00e7a)<\/td><td>20<\/td><td>0<\/td><\/tr><tr><td>AL<\/td><td>Universidade Estadual de Alagoas (Hospital Geral do Estado &#8211; Prof. Brand\u00e3o Vilela)<\/td><td>2<\/td><td>0<\/td><\/tr><tr><td>RS<\/td><td>Universidade Federal do Rio Grande<\/td><td>5<\/td><td>0<\/td><\/tr><tr><td>RJ<\/td><td>Funda\u00e7\u00e3o Educacional Serra dos \u00d3rg\u00e3os<\/td><td>4<\/td><td>0<\/td><\/tr><tr><td>MT<\/td><td>Hospital Regional de C\u00e1ceres<\/td><td>2<\/td><td>0<\/td><\/tr><tr><td>MA<\/td><td>Hospital Infantil Dr. Juv\u00eancio Matos<\/td><td>5<\/td><td>0<\/td><\/tr><tr><td>CE<\/td><td>Secretaria da Sa\u00fade do Cear\u00e1 (Dr. Waldemar Alc\u00e2ntara)<\/td><td>6<\/td><td>0<\/td><\/tr><tr><td>MG<\/td><td>Hospital Regional Ant\u00f4nio Dias<\/td><td>4<\/td><td>0<\/td><\/tr><\/tbody><\/table><\/figure>\n\n\n\n<h5 class=\"wp-block-heading\"><strong>Psiquiatria<\/strong><\/h5>\n\n\n\n<figure class=\"wp-block-table\"><table class=\"has-fixed-layout\"><tbody><tr><td><strong>UF<\/strong><\/td><td><strong>Institui\u00e7\u00e3o<\/strong><\/td><td><strong>N\u00b0 de Vagas<\/strong><\/td><td><strong>Reserva Militar<\/strong><\/td><\/tr><tr><td>MA<\/td><td>Hospital Nina Rodrigues<\/td><td>5<\/td><td>0<\/td><\/tr><tr><td>MG<\/td><td>Universidade Federal do Tri\u00e2ngulo Mineiro<\/td><td>6<\/td><td>0<\/td><\/tr><tr><td>DF<\/td><td>Universidade de Bras\u00edlia<\/td><td>4<\/td><td>0<\/td><\/tr><tr><td>RJ<\/td><td>Instituto de Psiquiatria da UFRJ (IPUB)<\/td><td>14<\/td><td>1<\/td><\/tr><tr><td>MG<\/td><td>Hospital da Pol\u00edcia Militar de Minas Gerais<\/td><td>3<\/td><td>0<\/td><\/tr><tr><td>SP<\/td><td>Secretaria Municipal de Sa\u00fade &#8211; 8\u00aa Coreme<\/td><td>10<\/td><td>0<\/td><\/tr><tr><td>RN<\/td><td>Universidade Federal do Rio Grande do Norte (Hospital Universit\u00e1rio Onofre Lopes)<\/td><td>4<\/td><td>0<\/td><\/tr><tr><td>RJ<\/td><td>Secretaria Municipal de Sa\u00fade do Rio de Janeiro<\/td><td>16<\/td><td>0<\/td><\/tr><tr><td>CE<\/td><td>Escola de Sa\u00fade P\u00fablica do Cear\u00e1 (Munic\u00edpio de Tau\u00e1)<\/td><td>2<\/td><td>0<\/td><\/tr><tr><td>PI<\/td><td>Hospital Universit\u00e1rio da UFPI<\/td><td>3<\/td><td>0<\/td><\/tr><tr><td>DF<\/td><td>Hospital das For\u00e7as Armadas<\/td><td>2<\/td><td>0<\/td><\/tr><tr><td>BA<\/td><td>Universidade Federal da Bahia<\/td><td>5<\/td><td>0<\/td><\/tr><tr><td>SP<\/td><td>Secretaria Municipal de Sa\u00fade de Santos<\/td><td>4<\/td><td>0<\/td><\/tr><tr><td>MG<\/td><td>Universidade Federal de Uberl\u00e2ndia (UFU)<\/td><td>2<\/td><td>0<\/td><\/tr><tr><td>RJ<\/td><td>Universidade Federal Fluminense (Hospital Universit\u00e1rio Antonio Pedro)<\/td><td>2<\/td><td>0<\/td><\/tr><tr><td>AL<\/td><td>Universidade Federal de Alagoas<\/td><td>2<\/td><td>0<\/td><\/tr><tr><td>MG<\/td><td>Universidade Estadual de Montes Claros (Hospital Universit\u00e1rio Clemente de Faria)<\/td><td>2<\/td><td>0<\/td><\/tr><tr><td>MT<\/td><td>Centro Integrado de Assist\u00eancia Psicossocial Adauto Botelho<\/td><td>2<\/td><td>0<\/td><\/tr><tr><td>ES<\/td><td>Instituto Capixaba de Ensino, Pesquisa e Inova\u00e7\u00e3o em Sa\u00fade<\/td><td>6<\/td><td>0<\/td><\/tr><tr><td>CE<\/td><td>Secretaria Municipal da Sa\u00fade de Sobral<\/td><td>3<\/td><td>0<\/td><\/tr><tr><td>MG<\/td><td>Universidade Federal de Juiz de Fora (Hospital Universit\u00e1rio da UFJF)<\/td><td>4<\/td><td>0<\/td><\/tr><tr><td>CE<\/td><td>Secretaria da Sa\u00fade do Estado do Cear\u00e1 (Hospital de Sa\u00fade Mental Professor Frota Pinto)<\/td><td>10<\/td><td>0<\/td><\/tr><tr><td>MG<\/td><td>Hospital Regional de Barbacena Dr. Jos\u00e9 Am\u00e9rico<\/td><td>4<\/td><td>0<\/td><\/tr><tr><td>AL<\/td><td>Universidade Estadual de Ci\u00eancias da Sa\u00fade de Alagoas (Hospital Escola Portugal Ramalho)<\/td><td>2<\/td><td>0<\/td><\/tr><tr><td>SP<\/td><td>Universidade Federal de S\u00e3o Carlos<\/td><td>4<\/td><td>0<\/td><\/tr><tr><td>RN<\/td><td>Hospital Geral Dr. Jo\u00e3o Machado<\/td><td>2<\/td><td>1<\/td><\/tr><tr><td>SP<\/td><td>Hospital Municipal Dr. Fernando Mauro Pires da Rocha<\/td><td>4<\/td><td>0<\/td><\/tr><tr><td>TO<\/td><td>Funda\u00e7\u00e3o UF de Tocantins (Hospital Geral de Palmas &#8211; HGP)<\/td><td>2<\/td><td>0<\/td><\/tr><tr><td>CE<\/td><td>Universidade Federal do Cariri (Rede de Aten\u00e7\u00e3o Psicossocial de Barbalha)<\/td><td>2<\/td><td>0<\/td><\/tr><tr><td>RJ<\/td><td>Universidade Federal do Rio de Janeiro (HUCFF &#8211; Hospital Universit\u00e1rio Clementino Fraga Filho)<\/td><td>4<\/td><td>0<\/td><\/tr><tr><td>SP<\/td><td>Prefeitura Municipal de Campinas<\/td><td>4<\/td><td>0<\/td><\/tr><tr><td>SP<\/td><td>Prefeitura Municipal de Sorocaba<\/td><td>3<\/td><td>0<\/td><\/tr><tr><td>CE<\/td><td>Universidade Federal do Cear\u00e1 (HUWC &#8211; Hospital Universit\u00e1rio Walter Cant\u00eddio)<\/td><td>6<\/td><td>0<\/td><\/tr><tr><td>MG<\/td><td>Hospital das Cl\u00ednicas da UFMG &#8211; HC\/UFMG<\/td><td>5<\/td><td>0<\/td><\/tr><tr><td>MT<\/td><td>Universidade Federal de Rondon\u00f3polis (Secretaria Municipal de Sa\u00fade de Rondon\u00f3polis)<\/td><td>2<\/td><td>0<\/td><\/tr><tr><td>MG<\/td><td>Instituto Raul Soares<\/td><td>8<\/td><td>0<\/td><\/tr><tr><td>MG<\/td><td>Hospital Metropolitano Odilon Behrens (Secretaria Municipal de Sa\u00fade de Belo Horizonte &#8211; SMSA)<\/td><td>8<\/td><td>0<\/td><\/tr><tr><td>MS<\/td><td>Funda\u00e7\u00e3o UFMS (HUMAP-UFMS\/EBSERH)<\/td><td>3<\/td><td>0<\/td><\/tr><tr><td>BA<\/td><td>Hospital Juliano Moreira<\/td><td>9<\/td><td>0<\/td><\/tr><tr><td>SP<\/td><td>Munic\u00edpio de Piracicaba<\/td><td>2<\/td><td>0<\/td><\/tr><tr><td>BA<\/td><td>Complexo Hospitalar de Vit\u00f3ria da Conquista<\/td><td>2<\/td><td>0<\/td><\/tr><tr><td>ES<\/td><td>Centro de Atendimento Psiqui\u00e1trico Dr. Aristides Alexandre Campos<\/td><td>3<\/td><td>0<\/td><\/tr><tr><td>CE<\/td><td>Escola de Sa\u00fade P\u00fablica do Cear\u00e1 (Munic\u00edpio de Iguatu)<\/td><td>4<\/td><td>0<\/td><\/tr><tr><td>SP<\/td><td>Hospital S\u00e3o Leopoldo Mandic<\/td><td>8<\/td><td>0<\/td><\/tr><tr><td>PE<\/td><td>Universidade Federal de Pernambuco (Hospital Cl\u00ednicas Professor Romero Marques)<\/td><td>4<\/td><td>0<\/td><\/tr><tr><td>RN<\/td><td>Sociedade Professor Heitor Carrilho (Complexo de Sa\u00fade Professor Severino Lopes)<\/td><td>3<\/td><td>0<\/td><\/tr><tr><td>PB<\/td><td>Universidade Federal da Para\u00edba (UFPB)<\/td><td>4<\/td><td>0<\/td><\/tr><tr><td>PR<\/td><td>Universidade Federal do Paran\u00e1 (Complexo HC)<\/td><td>8<\/td><td>0<\/td><\/tr><tr><td>RJ<\/td><td>Hospital de Aeron\u00e1utica dos Afonsos<\/td><td>2<\/td><td>0<\/td><\/tr><\/tbody><\/table><\/figure>\n\n\n\n<h5 class=\"wp-block-heading\"><strong>Radiologia e Diagn\u00f3stico por Imagem<\/strong><\/h5>\n\n\n\n<figure class=\"wp-block-table\"><table class=\"has-fixed-layout\"><tbody><tr><td><strong>UF<\/strong><\/td><td><strong>Institui\u00e7\u00e3o<\/strong><\/td><td><strong>N\u00b0 de Vagas<\/strong><\/td><td><strong>Reserva Militar<\/strong><\/td><\/tr><tr><td>RJ<\/td><td>Hospital Central da Pol\u00edcia Militar<\/td><td>4<\/td><td>0<\/td><\/tr><tr><td>RJ<\/td><td>Universidade Federal Fluminense (Hospital Universit\u00e1rio Antonio Pedro)<\/td><td>3<\/td><td>0<\/td><\/tr><tr><td>RJ<\/td><td>Hospital Federal da Lagoa<\/td><td>3<\/td><td>0<\/td><\/tr><tr><td>SE<\/td><td>Universidade Federal de Sergipe<\/td><td>4<\/td><td>0<\/td><\/tr><tr><td>MS<\/td><td>Hospital Universit\u00e1rio da UF Grande Dourados<\/td><td>2<\/td><td>0<\/td><\/tr><tr><td>MG<\/td><td>Hospital das Cl\u00ednicas da UFMG &#8211; HC\/UFMG<\/td><td>6<\/td><td>0<\/td><\/tr><tr><td>PB<\/td><td>Hospital Universit\u00e1rio Alcides Carneiro\/UFCG<\/td><td>2<\/td><td>0<\/td><\/tr><tr><td>ES<\/td><td>Universidade Federal do Esp\u00edrito Santo<\/td><td>4<\/td><td>0<\/td><\/tr><tr><td>PE<\/td><td>Universidade Federal do Vale do S\u00e3o Francisco (UNIVASF)<\/td><td>1<\/td><td>0<\/td><\/tr><tr><td>DF<\/td><td>Hospital de For\u00e7a A\u00e9rea de Bras\u00edlia (Hospital de Base do DF)<\/td><td>2<\/td><td>0<\/td><\/tr><tr><td>BA<\/td><td>Hospital Geral Roberto Santos<\/td><td>4<\/td><td>0<\/td><\/tr><tr><td>RJ<\/td><td>Universidade Federal do Rio de Janeiro (Hospital Universit\u00e1rio Clementino Fraga Filho &#8211; HUCFF)<\/td><td>8<\/td><td>0<\/td><\/tr><tr><td>MG<\/td><td>Universidade Federal de Uberl\u00e2ndia (UFU)<\/td><td>2<\/td><td>1<\/td><\/tr><tr><td>RS<\/td><td>Hospital Militar de \u00c1rea de Porto Alegre<\/td><td>1<\/td><td>0<\/td><\/tr><tr><td>PI<\/td><td>Hospital Universit\u00e1rio da UFPI<\/td><td>2<\/td><td>0<\/td><\/tr><tr><td>BA<\/td><td>Universidade Federal da Bahia<\/td><td>4<\/td><td>0<\/td><\/tr><tr><td>BA<\/td><td>Hospital Regional de Juazeiro<\/td><td>6<\/td><td>0<\/td><\/tr><tr><td>RJ<\/td><td>Hospital de For\u00e7a A\u00e9rea do Gale\u00e3o<\/td><td>2<\/td><td>0<\/td><\/tr><tr><td>RJ<\/td><td>Secretaria Municipal de Sa\u00fade do Rio de Janeiro<\/td><td>14<\/td><td>0<\/td><\/tr><tr><td>RJ<\/td><td>Instituto Nacional de C\u00e2ncer<\/td><td>8<\/td><td>0<\/td><\/tr><tr><td>ES<\/td><td>EMPRESA BRASILEIRA DE ENSINO PESQUISA E EXTENS\u00c3O S\/A (Multivix)<\/td><td>2<\/td><td>0<\/td><\/tr><tr><td>CE<\/td><td>Secretaria da Sa\u00fade do Estado do Cear\u00e1 (Hospital Geral de Fortaleza)<\/td><td>6<\/td><td>0<\/td><\/tr><tr><td>DF<\/td><td>Universidade de Bras\u00edlia<\/td><td>5<\/td><td>0<\/td><\/tr><tr><td>DF<\/td><td>ISMEP (Instituto Santa Marta de Ensino e Pesquisa)<\/td><td>2<\/td><td>0<\/td><\/tr><tr><td>MG<\/td><td>Universidade Federal de Juiz de Fora (UFJF)<\/td><td>2<\/td><td>0<\/td><\/tr><tr><td>RJ<\/td><td>Hospital Central do Ex\u00e9rcito<\/td><td>2<\/td><td>0<\/td><\/tr><tr><td>CE<\/td><td>Secretaria da Sa\u00fade do Cear\u00e1 (Hospital Regional do Cariri)<\/td><td>2<\/td><td>0<\/td><\/tr><tr><td>PI<\/td><td>Associa\u00e7\u00e3o Piauiense de Combate ao C\u00e2ncer Alcenor Almeida<\/td><td>1<\/td><td>0<\/td><\/tr><tr><td>MS<\/td><td>Funda\u00e7\u00e3o UFMS (HUMAP-UFMS\/EBSERH)<\/td><td>2<\/td><td>0<\/td><\/tr><tr><td>MG<\/td><td>Universidade Federal do Tri\u00e2ngulo Mineiro<\/td><td>4<\/td><td>0<\/td><\/tr><tr><td>CE<\/td><td>Instituto Dr. Jos\u00e9 Frota<\/td><td>1<\/td><td>0<\/td><\/tr><tr><td>SP<\/td><td>Santa Casa de Miseric\u00f3rdia de Votuporanga<\/td><td>4<\/td><td>0<\/td><\/tr><tr><td>RN<\/td><td>Universidade Federal do Rio Grande do Norte (Hospital Universit\u00e1rio Onofre Lopes)<\/td><td>3<\/td><td>1<\/td><\/tr><tr><td>PE<\/td><td>Universidade Federal de Pernambuco (Hospital Cl\u00ednicas Professor Romero Marques)<\/td><td>5<\/td><td>0<\/td><\/tr><tr><td>PR<\/td><td>Universidade Federal do Paran\u00e1 (Complexo HC)<\/td><td>6<\/td><td>0<\/td><\/tr><tr><td>RJ<\/td><td>Funda\u00e7\u00e3o Octac\u00edlio Gualberto (Hospital Alcides Carneiro)<\/td><td>3<\/td><td>0<\/td><\/tr><tr><td>RJ<\/td><td>Hospital Federal dos Servidores do Estado<\/td><td>4<\/td><td>0<\/td><\/tr><tr><td>CE<\/td><td>Universidade Federal do Cear\u00e1 (Hospital Universit\u00e1rio Walter Cant\u00eddio &#8211; HUWC)<\/td><td>4<\/td><td>0<\/td><\/tr><tr><td>RJ<\/td><td>Hospital Federal de Bonsucesso<\/td><td>3<\/td><td>0<\/td><\/tr><tr><td>RJ<\/td><td>Hospital Federal de Ipanema<\/td><td>2<\/td><td>0<\/td><\/tr><tr><td>MA<\/td><td>Hospital Universit\u00e1rio do Maranh\u00e3o<\/td><td>3<\/td><td>0<\/td><\/tr><tr><td>SP<\/td><td>Uni\u00e3o Social Camiliana (IBCC Oncologia)<\/td><td>5<\/td><td>0<\/td><\/tr><\/tbody><\/table><\/figure>\n\n\n\n<h5 class=\"wp-block-heading\"><strong>Radioterapia<\/strong><\/h5>\n\n\n\n<figure class=\"wp-block-table\"><table class=\"has-fixed-layout\"><tbody><tr><td><strong>UF<\/strong><\/td><td><strong>Institui\u00e7\u00e3o<\/strong><\/td><td><strong>N\u00b0 de Vagas<\/strong><\/td><td><strong>Reserva Militar<\/strong><\/td><\/tr><tr><td>SP<\/td><td>Funda\u00e7\u00e3o Pio XII &#8211; Hospital de C\u00e2ncer de Barretos<\/td><td>3<\/td><td>0<\/td><\/tr><tr><td>ES<\/td><td>Associa\u00e7\u00e3o Feminina de Educa\u00e7\u00e3o e Combate ao C\u00e2ncer (AFECC &#8211; Hospital Santa Rita de C\u00e1ssia)<\/td><td>2<\/td><td>0<\/td><\/tr><tr><td>RJ<\/td><td>Instituto Nacional de C\u00e2ncer<\/td><td>8<\/td><td>0<\/td><\/tr><tr><td>RN<\/td><td>Liga Norte-Riograndense Contra o C\u00e2ncer<\/td><td>2<\/td><td>0<\/td><\/tr><tr><td>SP<\/td><td>Instituto do C\u00e2ncer Arnaldo Vieira de Carvalho<\/td><td>3<\/td><td>0<\/td><\/tr><tr><td>MG<\/td><td>Universidade Federal de Uberl\u00e2ndia (UFU)<\/td><td>1<\/td><td>0<\/td><\/tr><tr><td>DF<\/td><td>Hospital das For\u00e7as Armadas<\/td><td>2<\/td><td>0<\/td><\/tr><\/tbody><\/table><\/figure>\n\n\n\n<h4 class=\"wp-block-heading\"><strong>Vagas ENARE 2025\/2026- Pr\u00e9-Requisito<\/strong><\/h4>\n\n\n\n<h5 class=\"wp-block-heading\"><strong>Alergia e Imunologia<\/strong><\/h5>\n\n\n\n<figure class=\"wp-block-table\"><table class=\"has-fixed-layout\"><tbody><tr><td><strong>UF<\/strong><\/td><td><strong>Institui\u00e7\u00e3o<\/strong><\/td><td><strong>N\u00b0 de Vagas<\/strong><\/td><td><strong>Reserva Militar<\/strong><\/td><\/tr><tr><td>RJ<\/td><td>Universidade Federal do Estado do Rio de Janeiro (Hospital Universit\u00e1rio Gaffr\u00e9e e Guinle)<\/td><td>1<\/td><td>0<\/td><\/tr><tr><td>RJ<\/td><td>Hospital Central do Ex\u00e9rcito<\/td><td>1<\/td><td>0<\/td><\/tr><tr><td>PE<\/td><td>Universidade Federal de Pernambuco (Hospital das Cl\u00ednicas Professor Romero Marques)<\/td><td>2<\/td><td>0<\/td><\/tr><tr><td>RJ<\/td><td>Secretaria Municipal de Sa\u00fade do Rio de Janeiro<\/td><td>2<\/td><td>0<\/td><\/tr><\/tbody><\/table><\/figure>\n\n\n\n<h5 class=\"wp-block-heading\"><strong>Cardiologia<\/strong><\/h5>\n\n\n\n<figure class=\"wp-block-table\"><table class=\"has-fixed-layout\"><tbody><tr><td><strong>UF<\/strong><\/td><td><strong>Institui\u00e7\u00e3o<\/strong><\/td><td><strong>N\u00b0 de Vagas<\/strong><\/td><td><strong>Reserva Militar<\/strong><\/td><\/tr><tr><td>RJ<\/td><td>Hospital Central da Pol\u00edcia Militar<\/td><td>2<\/td><td>0<\/td><\/tr><tr><td>MG<\/td><td>Universidade Federal do Tri\u00e2ngulo Mineiro<\/td><td>2<\/td><td>0<\/td><\/tr><tr><td>MG<\/td><td>Universidade Federal de Juiz de Fora (Hospital Universit\u00e1rio da UFJF)<\/td><td>2<\/td><td>0<\/td><\/tr><tr><td>RJ<\/td><td>Universidade Federal Fluminense (Hospital Universit\u00e1rio Antonio Pedro)<\/td><td>2<\/td><td>0<\/td><\/tr><tr><td>RJ<\/td><td>Hospital de For\u00e7a A\u00e9rea do Gale\u00e3o<\/td><td>3<\/td><td>0<\/td><\/tr><tr><td>PI<\/td><td>Hospital Universit\u00e1rio da Universidade Federal do Piau\u00ed<\/td><td>4<\/td><td>0<\/td><\/tr><tr><td>SP<\/td><td>Munic\u00edpio de Piracicaba<\/td><td>1<\/td><td>0<\/td><\/tr><tr><td>DF<\/td><td>Universidade de Bras\u00edlia<\/td><td>8<\/td><td>0<\/td><\/tr><tr><td>MS<\/td><td>Funda\u00e7\u00e3o UFMS (HUMAP-UFMS\/EBSERH)<\/td><td>4<\/td><td>0<\/td><\/tr><tr><td>DF<\/td><td>ISMEP (Instituto Santa Marta de Ensino e Pesquisa)<\/td><td>1<\/td><td>0<\/td><\/tr><tr><td>PE<\/td><td>Universidade Federal de Pernambuco (Hospital das Cl\u00ednicas Professor Romero Marques)<\/td><td>3<\/td><td>0<\/td><\/tr><tr><td>RJ<\/td><td>Instituto Nacional de Cardiologia<\/td><td>24<\/td><td>0<\/td><\/tr><tr><td>SP<\/td><td>Irmandade da Santa Casa de Miseric\u00f3rdia de Mar\u00edlia<\/td><td>4<\/td><td>0<\/td><\/tr><tr><td>MG<\/td><td>Hospital das Cl\u00ednicas da UFMG<\/td><td>6<\/td><td>0<\/td><\/tr><tr><td>BA<\/td><td>Hospital Ana Nery<\/td><td>14<\/td><td>0<\/td><\/tr><tr><td>CE<\/td><td>Santa Casa de Miseric\u00f3rdia de Sobral (Hospital do Cora\u00e7\u00e3o Pe. Jos\u00e9 Linhares Ponte\/Universidade Federal do Cear\u00e1)<\/td><td>2<\/td><td>0<\/td><\/tr><tr><td>AL<\/td><td>Hospital do Cora\u00e7\u00e3o Alagoano Professor Adib Jatene (Hemoal)<\/td><td>2<\/td><td>0<\/td><\/tr><tr><td>MA<\/td><td>Hospital Universit\u00e1rio do Maranh\u00e3o<\/td><td>4<\/td><td>0<\/td><\/tr><tr><td>DF<\/td><td>Hospital Santa L\u00facia<\/td><td>2<\/td><td>0<\/td><\/tr><tr><td>DF<\/td><td>Funda\u00e7\u00e3o Universit\u00e1ria de Cardiologia &#8211; Instituto de Cardiologia e Transplantes do DF<\/td><td>12<\/td><td>0<\/td><\/tr><tr><td>CE<\/td><td>Universidade Federal do Cear\u00e1 (Hospital Universit\u00e1rio Walter Cant\u00eddio &#8211; HUWC)<\/td><td>2<\/td><td>0<\/td><\/tr><tr><td>RJ<\/td><td>Universidade Federal do Rio de Janeiro (HUCFF &#8211; Hospital Universit\u00e1rio Clementino Fraga Filho)<\/td><td>5<\/td><td>0<\/td><\/tr><tr><td>BA<\/td><td>Universidade Federal da Bahia<\/td><td>4<\/td><td>0<\/td><\/tr><tr><td>DF<\/td><td>Hospital das For\u00e7as Armadas<\/td><td>2<\/td><td>0<\/td><\/tr><tr><td>PB<\/td><td>Escola de Sa\u00fade P\u00fablica da Para\u00edba (ESP-PB)<\/td><td>2<\/td><td>0<\/td><\/tr><tr><td>CE<\/td><td>Secretaria da Sa\u00fade do Estado do Cear\u00e1 (Hospital Carlos Alberto Studart Gomes &#8211; Messejana)<\/td><td>10<\/td><td>0<\/td><\/tr><tr><td>PE<\/td><td>Universidade Federal do Vale do S\u00e3o Francisco (UNIVASF)<\/td><td>2<\/td><td>0<\/td><\/tr><tr><td>RS<\/td><td>Universidade Federal da Fronteira Sul (Hospital S\u00e3o Vicente de Paulo)<\/td><td>4<\/td><td>0<\/td><\/tr><tr><td>RN<\/td><td>Universidade Federal do Rio Grande do Norte (Hospital Universit\u00e1rio Onofre Lopes)<\/td><td>4<\/td><td>0<\/td><\/tr><tr><td>TO<\/td><td>Funda\u00e7\u00e3o Universidade Federal do Tocantins (Hospital Geral de Palmas &#8211; HGP)<\/td><td>2<\/td><td>0<\/td><\/tr><tr><td>RJ<\/td><td>Associa\u00e7\u00e3o Congrega\u00e7\u00e3o de Santa Catarina<\/td><td>2<\/td><td>0<\/td><\/tr><tr><td>ES<\/td><td>Universidade Federal do Esp\u00edrito Santo<\/td><td>2<\/td><td>0<\/td><\/tr><tr><td>BA<\/td><td>Hospital Regional Costa do Cacau<\/td><td>2<\/td><td>0<\/td><\/tr><tr><td>PR<\/td><td>Universidade Federal do Paran\u00e1 (Complexo Hospital de Cl\u00ednicas)<\/td><td>8<\/td><td>0<\/td><\/tr><tr><td>MG<\/td><td>Universidade Federal de Uberl\u00e2ndia (UFU)<\/td><td>6<\/td><td>0<\/td><\/tr><\/tbody><\/table><\/figure>\n\n\n\n<h5 class=\"wp-block-heading\"><strong>Cirurgia da M\u00e3o<\/strong><\/h5>\n\n\n\n<figure class=\"wp-block-table\"><table class=\"has-fixed-layout\"><tbody><tr><td><strong>UF<\/strong><\/td><td><strong>Institui\u00e7\u00e3o<\/strong><\/td><td><strong>N\u00b0 de Vagas<\/strong><\/td><td><strong>Reserva Militar<\/strong><\/td><\/tr><tr><td>RJ<\/td><td>Universidade Federal Fluminense (Hospital Universit\u00e1rio Antonio Pedro)<\/td><td>1<\/td><td>0<\/td><\/tr><tr><td>SP<\/td><td>Hospital do Servidor P\u00fablico Municipal<\/td><td>2<\/td><td>0<\/td><\/tr><tr><td>MG<\/td><td>Hospital Maria Am\u00e9lia Lins (Hospital Jo\u00e3o XXIII)<\/td><td>2<\/td><td>0<\/td><\/tr><tr><td>RJ<\/td><td>Hospital Federal da Lagoa<\/td><td>2<\/td><td>0<\/td><\/tr><tr><td>SP<\/td><td>Hospital Municipal Dr. C\u00e1rmino Caricchio<\/td><td>1<\/td><td>0<\/td><\/tr><tr><td>PR<\/td><td>Universidade Federal do Paran\u00e1 (Complexo Hospital de Cl\u00ednicas)<\/td><td>2<\/td><td>0<\/td><\/tr><tr><td>DF<\/td><td>Hospital Santa L\u00facia<\/td><td>1<\/td><td>0<\/td><\/tr><\/tbody><\/table><\/figure>\n\n\n\n<h5 class=\"wp-block-heading\"><strong>Cirurgia de Cabe\u00e7a e Pesco\u00e7o<\/strong><\/h5>\n\n\n\n<figure class=\"wp-block-table\"><table class=\"has-fixed-layout\"><tbody><tr><td><strong>UF<\/strong><\/td><td><strong>Institui\u00e7\u00e3o<\/strong><\/td><td><strong>N\u00b0 de Vagas<\/strong><\/td><td><strong>Reserva Militar<\/strong><\/td><\/tr><tr><td>RN<\/td><td>Liga Norte-Riograndense Contra o C\u00e2ncer<\/td><td>1<\/td><td>0<\/td><\/tr><tr><td>RJ<\/td><td>Hospital Central da Aeron\u00e1utica<\/td><td>1<\/td><td>0<\/td><\/tr><tr><td>CE<\/td><td>Universidade Federal do Cear\u00e1 (Hospital Universit\u00e1rio Walter Cant\u00eddio &#8211; HUWC)<\/td><td>1<\/td><td>0<\/td><\/tr><tr><td>MG<\/td><td>Hospital das Cl\u00ednicas da UFMG (HC\/UFMG)<\/td><td>1<\/td><td>0<\/td><\/tr><tr><td>SP<\/td><td>Instituto do C\u00e2ncer Arnaldo Vieira de Carvalho<\/td><td>1<\/td><td>0<\/td><\/tr><tr><td>SP<\/td><td>Hospital do Servidor P\u00fablico Municipal<\/td><td>1<\/td><td>0<\/td><\/tr><tr><td>MG<\/td><td>Universidade Federal de Uberl\u00e2ndia (UFU)<\/td><td>1<\/td><td>0<\/td><\/tr><tr><td>SP<\/td><td>Funda\u00e7\u00e3o Doutor Amaral Carvalho<\/td><td>1<\/td><td>0<\/td><\/tr><tr><td>SP<\/td><td>Funda\u00e7\u00e3o Pio XII &#8211; Hospital de C\u00e2ncer de Barretos<\/td><td>2<\/td><td>0<\/td><\/tr><tr><td>RJ<\/td><td>Instituto Nacional de C\u00e2ncer<\/td><td>4<\/td><td>0<\/td><\/tr><\/tbody><\/table><\/figure>\n\n\n\n<h5 class=\"wp-block-heading\"><strong>Cirurgia do Aparelho Digestivo<\/strong><\/h5>\n\n\n\n<figure class=\"wp-block-table\"><table class=\"has-fixed-layout\"><tbody><tr><td><strong>UF<\/strong><\/td><td><strong>Institui\u00e7\u00e3o<\/strong><\/td><td><strong>N\u00b0 de Vagas<\/strong><\/td><td><strong>Reserva Militar<\/strong><\/td><\/tr><tr><td>PA<\/td><td>Universidade Federal do Par\u00e1<\/td><td>3<\/td><td>0<\/td><\/tr><tr><td>RJ<\/td><td>Hospital Federal dos Servidores do Estado<\/td><td>2<\/td><td>0<\/td><\/tr><tr><td>RJ<\/td><td>Hospital Federal de Bonsucesso<\/td><td>1<\/td><td>0<\/td><\/tr><tr><td>PE<\/td><td>Universidade Federal de Pernambuco (Hospital das Cl\u00ednicas Professor Romero Marques)<\/td><td>1<\/td><td>0<\/td><\/tr><tr><td>ES<\/td><td>Universidade Federal do Esp\u00edrito Santo<\/td><td>3<\/td><td>0<\/td><\/tr><tr><td>CE<\/td><td>Secretaria da Sa\u00fade do Estado do Cear\u00e1 (Hospital Geral de Fortaleza)<\/td><td>2<\/td><td>0<\/td><\/tr><tr><td>MA<\/td><td>Hospital Universit\u00e1rio do Maranh\u00e3o<\/td><td>2<\/td><td>0<\/td><\/tr><tr><td>BA<\/td><td>Hospital Geral Roberto Santos<\/td><td>2<\/td><td>0<\/td><\/tr><tr><td>CE<\/td><td>Universidade Federal do Cear\u00e1 (Hospital Universit\u00e1rio Walter Cant\u00eddio &#8211; HUWC)<\/td><td>2<\/td><td>0<\/td><\/tr><tr><td>RN<\/td><td>Universidade Federal do Rio Grande do Norte (Hospital Universit\u00e1rio Onofre Lopes)<\/td><td>2<\/td><td>0<\/td><\/tr><tr><td>AM<\/td><td>Funda\u00e7\u00e3o Universidade do Amazonas (FUA)<\/td><td>3<\/td><td>0<\/td><\/tr><tr><td>MG<\/td><td>Hospital das Cl\u00ednicas da UFMG (HC\/UFMG)<\/td><td>4<\/td><td>0<\/td><\/tr><tr><td>PR<\/td><td>Universidade Federal do Paran\u00e1 (Complexo Hospital de Cl\u00ednicas)<\/td><td>4<\/td><td>0<\/td><\/tr><tr><td>SE<\/td><td>Universidade Federal de Sergipe<\/td><td>2<\/td><td>0<\/td><\/tr><tr><td>MG<\/td><td>Universidade Federal do Tri\u00e2ngulo Mineiro<\/td><td>2<\/td><td>0<\/td><\/tr><tr><td>MG<\/td><td>Universidade Federal de Uberl\u00e2ndia (UFU)<\/td><td>1<\/td><td>0<\/td><\/tr><tr><td>SP<\/td><td>Hospital do Servidor P\u00fablico Municipal<\/td><td>2<\/td><td>0<\/td><\/tr><tr><td>RJ<\/td><td>Universidade Federal do Estado do Rio de Janeiro (Hospital Universit\u00e1rio Gaffr\u00e9e e Guinle)<\/td><td>1<\/td><td>0<\/td><\/tr><tr><td>DF<\/td><td>Universidade de Bras\u00edlia<\/td><td>1<\/td><td>0<\/td><\/tr><tr><td>TO<\/td><td>Funda\u00e7\u00e3o Universidade Federal do Tocantins (Hospital Geral de Palmas &#8211; HGP)<\/td><td>2<\/td><td>0<\/td><\/tr><\/tbody><\/table><\/figure>\n\n\n\n<h5 class=\"wp-block-heading\"><strong>Cirurgia Oncol\u00f3gica<\/strong><\/h5>\n\n\n\n<figure class=\"wp-block-table\"><table class=\"has-fixed-layout\"><tbody><tr><td><strong>UF<\/strong><\/td><td><strong>Institui\u00e7\u00e3o<\/strong><\/td><td><strong>N\u00b0 de Vagas<\/strong><\/td><td><strong>Reserva Militar<\/strong><\/td><\/tr><tr><td>SP<\/td><td>Funda\u00e7\u00e3o Doutor Amaral Carvalho<\/td><td>4<\/td><td>0<\/td><\/tr><tr><td>RJ<\/td><td>Instituto Nacional de C\u00e2ncer<\/td><td>9<\/td><td>0<\/td><\/tr><tr><td>RN<\/td><td>Liga Norte-Riograndense Contra o C\u00e2ncer<\/td><td>2<\/td><td>0<\/td><\/tr><tr><td>ES<\/td><td>Associa\u00e7\u00e3o Feminina de Educa\u00e7\u00e3o e Combate ao C\u00e2ncer (Hospital Santa Rita de C\u00e1ssia &#8211; HSRC)<\/td><td>3<\/td><td>0<\/td><\/tr><tr><td>RJ<\/td><td>Funda\u00e7\u00e3o Octac\u00edlio Gualberto (Hospital Alcides Carneiro &#8211; UNIFASE\/FMP)<\/td><td>2<\/td><td>0<\/td><\/tr><tr><td>SP<\/td><td>Instituto do C\u00e2ncer Arnaldo Vieira de Carvalho<\/td><td>5<\/td><td>0<\/td><\/tr><tr><td>MA<\/td><td>Hospital de Oncologia do Maranh\u00e3o Dr. Tarqu\u00ednio Lopes Filho<\/td><td>2<\/td><td>0<\/td><\/tr><tr><td>MA<\/td><td>Hospital do C\u00e2ncer Aldenora Bello<\/td><td>1<\/td><td>0<\/td><\/tr><tr><td>SP<\/td><td>Funda\u00e7\u00e3o Pio XII (Hospital de C\u00e2ncer de Barretos)<\/td><td>9<\/td><td>0<\/td><\/tr><tr><td>PI<\/td><td>Associa\u00e7\u00e3o Piauiense de Combate ao C\u00e2ncer Alcenor Almeida<\/td><td>1<\/td><td>0<\/td><\/tr><tr><td>MG<\/td><td>Hospital Alberto Cavalcanti<\/td><td>2<\/td><td>0<\/td><\/tr><\/tbody><\/table><\/figure>\n\n\n\n<h5 class=\"wp-block-heading\">Cirurgia Pedi\u00e1trica<\/h5>\n\n\n\n<figure class=\"wp-block-table\"><table class=\"has-fixed-layout\"><tbody><tr><td><strong>UF<\/strong><\/td><td><strong>Institui\u00e7\u00e3o<\/strong><\/td><td><strong>N\u00b0 de Vagas<\/strong><\/td><td><strong>Reserva Militar<\/strong><\/td><\/tr><tr><td>SP<\/td><td>Hospital Municipal Infantil Menino Jesus<\/td><td>2<\/td><td>0<\/td><\/tr><tr><td>RJ<\/td><td>Universidade Federal do Estado do Rio de Janeiro (Hospital Universit\u00e1rio Gaffr\u00e9e e Guinle)<\/td><td>2<\/td><td>0<\/td><\/tr><tr><td>MG<\/td><td>Universidade Federal de Uberl\u00e2ndia (UFU)<\/td><td>1<\/td><td>0<\/td><\/tr><tr><td>MG<\/td><td>Hospital Metropolitano Odilon Behrens<\/td><td>1<\/td><td>0<\/td><\/tr><tr><td>BA<\/td><td>Fundo Estadual de Sa\u00fade &#8211; Secretaria da Sa\u00fade do Estado da Bahia (Hospital Estadual da Crian\u00e7a &#8211; HEC, Feira de Santana)<\/td><td>1<\/td><td>0<\/td><\/tr><tr><td>CE<\/td><td>Secretaria da Sa\u00fade do Estado do Cear\u00e1 (Hospital Infantil Albert Sabin)<\/td><td>2<\/td><td>0<\/td><\/tr><tr><td>PE<\/td><td>Universidade Federal de Pernambuco (Hospital das Cl\u00ednicas Professor Romero Marques)<\/td><td>1<\/td><td>0<\/td><\/tr><tr><td>BA<\/td><td>Hospital do Sub\u00farbio \/ Prodal Sa\u00fade<\/td><td>1<\/td><td>0<\/td><\/tr><tr><td>MG<\/td><td>Hospital das Cl\u00ednicas da UFMG (HC\/UFMG)<\/td><td>2<\/td><td>0<\/td><\/tr><tr><td>RJ<\/td><td>Universidade Federal do Rio de Janeiro (Instituto de Puericultura e Pediatria Martag\u00e3o Gesteira &#8211; IPPMG)<\/td><td>1<\/td><td>0<\/td><\/tr><tr><td>RJ<\/td><td>Hospital Federal da Lagoa<\/td><td>2<\/td><td>0<\/td><\/tr><tr><td>PR<\/td><td>Universidade Federal do Paran\u00e1 (Complexo Hospital de Cl\u00ednicas)<\/td><td>2<\/td><td>0<\/td><\/tr><tr><td>BA<\/td><td>Hospital Geral Roberto Santos<\/td><td>1<\/td><td>0<\/td><\/tr><tr><td>RJ<\/td><td>Hospital Federal dos Servidores do Estado<\/td><td>2<\/td><td>0<\/td><\/tr><tr><td>PB<\/td><td>Escola de Sa\u00fade P\u00fablica da Para\u00edba (ESP-PB)<\/td><td>1<\/td><td>0<\/td><\/tr><\/tbody><\/table><\/figure>\n\n\n\n<h5 class=\"wp-block-heading\">Cirurgia Pl\u00e1stica<\/h5>\n\n\n\n<figure class=\"wp-block-table\"><table class=\"has-fixed-layout\"><tbody><tr><td><strong>UF<\/strong><\/td><td><strong>Institui\u00e7\u00e3o<\/strong><\/td><td><strong>N\u00b0 de Vagas<\/strong><\/td><td><strong>Reserva Militar<\/strong><\/td><\/tr><tr><td>RJ<\/td><td>Hospital Federal de Bonsucesso<\/td><td>2<\/td><td>0<\/td><\/tr><tr><td>MG<\/td><td>Hospital Jo\u00e3o XXIII<\/td><td>2<\/td><td>0<\/td><\/tr><tr><td>RJ<\/td><td>Universidade Federal do Estado do Rio de Janeiro (Hospital Universit\u00e1rio Gaffr\u00e9e e Guinle)<\/td><td>2<\/td><td>0<\/td><\/tr><tr><td>RJ<\/td><td>Universidade Federal do Rio de Janeiro (Hospital Universit\u00e1rio Clementino Fraga Filho &#8211; HUCFF)<\/td><td>2<\/td><td>0<\/td><\/tr><tr><td>MG<\/td><td>Universidade Federal de Uberl\u00e2ndia (UFU)<\/td><td>2<\/td><td>0<\/td><\/tr><tr><td>MG<\/td><td>Universidade Federal do Tri\u00e2ngulo Mineiro<\/td><td>1<\/td><td>0<\/td><\/tr><tr><td>RJ<\/td><td>Instituto Nacional de C\u00e2ncer<\/td><td>4<\/td><td>0<\/td><\/tr><tr><td>BA<\/td><td>Universidade Federal da Bahia<\/td><td>4<\/td><td>0<\/td><\/tr><tr><td>RJ<\/td><td>Hospital Federal dos Servidores do Estado<\/td><td>4<\/td><td>0<\/td><\/tr><tr><td>CE<\/td><td>Secretaria da Sa\u00fade do Estado do Cear\u00e1 (Hospital Geral de Fortaleza)<\/td><td>2<\/td><td>0<\/td><\/tr><tr><td>PR<\/td><td>Universidade Federal do Paran\u00e1 (Complexo Hospital de Cl\u00ednicas)<\/td><td>2<\/td><td>0<\/td><\/tr><tr><td>PI<\/td><td>Hospital Universit\u00e1rio da Universidade Federal do Piau\u00ed<\/td><td>1<\/td><td>0<\/td><\/tr><tr><td>MG<\/td><td>Universidade Federal de Juiz de Fora (Hospital Universit\u00e1rio da UFJF)<\/td><td>1<\/td><td>0<\/td><\/tr><tr><td>CE<\/td><td>Instituto Dr. Jos\u00e9 Frota<\/td><td>2<\/td><td>0<\/td><\/tr><tr><td>RJ<\/td><td>Hospital de For\u00e7a A\u00e9rea do Gale\u00e3o<\/td><td>2<\/td><td>0<\/td><\/tr><tr><td>RJ<\/td><td>Hospital Federal da Lagoa<\/td><td>2<\/td><td>0<\/td><\/tr><tr><td>RJ<\/td><td>Universidade Federal Fluminense (Hospital Universit\u00e1rio Antonio Pedro)<\/td><td>1<\/td><td>0<\/td><\/tr><tr><td>CE<\/td><td>Universidade Federal do Cear\u00e1 (Hospital Universit\u00e1rio Walter Cant\u00eddio &#8211; HUWC)<\/td><td>2<\/td><td>0<\/td><\/tr><tr><td>SP<\/td><td>Hospital do Servidor P\u00fablico Municipal<\/td><td>2<\/td><td>0<\/td><\/tr><tr><td>PE<\/td><td>Universidade Federal de Pernambuco (Hospital das Cl\u00ednicas Professor Romero Marques)<\/td><td>2<\/td><td>0<\/td><\/tr><tr><td>DF<\/td><td>Hospital das For\u00e7as Armadas<\/td><td>2<\/td><td>0<\/td><\/tr><tr><td>MG<\/td><td>Hospital das Cl\u00ednicas da UFMG (HC\/UFMG)<\/td><td>3<\/td><td>0<\/td><\/tr><tr><td>SE<\/td><td>Universidade Federal de Sergipe<\/td><td>2<\/td><td>0<\/td><\/tr><tr><td>RJ<\/td><td>Secretaria Municipal de Sa\u00fade do Rio de Janeiro<\/td><td>9<\/td><td>0<\/td><\/tr><tr><td>RJ<\/td><td>Hospital Federal de Ipanema<\/td><td>3<\/td><td>0<\/td><\/tr><\/tbody><\/table><\/figure>\n\n\n\n<h5 class=\"wp-block-heading\">Cirurgia Tor\u00e1cica<\/h5>\n\n\n\n<figure class=\"wp-block-table\"><table class=\"has-fixed-layout\"><tbody><tr><td><strong>UF<\/strong><\/td><td><strong>Institui\u00e7\u00e3o<\/strong><\/td><td><strong>N\u00b0 de Vagas<\/strong><\/td><td><strong>Reserva Militar<\/strong><\/td><\/tr><tr><td>CE<\/td><td>Secretaria da Sa\u00fade do Estado do Cear\u00e1 (Hospital Carlos Alberto Studart Gomes Messejana)<\/td><td>2<\/td><td>0<\/td><\/tr><tr><td>RJ<\/td><td>Universidade Federal do Estado do Rio de Janeiro (Hospital Universit\u00e1rio Gaffr\u00e9e e Guinle)<\/td><td>1<\/td><td>0<\/td><\/tr><tr><td>MT<\/td><td>Universidade Federal de Mato Grosso (Hospital Universit\u00e1rio J\u00falio M\u00fcller)<\/td><td>1<\/td><td>0<\/td><\/tr><tr><td>MG<\/td><td>Hospital J\u00falia Kubitscheck<\/td><td>1<\/td><td>0<\/td><\/tr><tr><td>RJ<\/td><td>Universidade Federal Fluminense (Hospital Universit\u00e1rio Antonio Pedro)<\/td><td>1<\/td><td>0<\/td><\/tr><tr><td>DF<\/td><td>Universidade de Bras\u00edlia<\/td><td>1<\/td><td>0<\/td><\/tr><tr><td>AM<\/td><td>Funda\u00e7\u00e3o Universidade do Amazonas (FUA)<\/td><td>1<\/td><td>0<\/td><\/tr><tr><td>MG<\/td><td>Hospital das Cl\u00ednicas da UFMG (HC\/UFMG)<\/td><td>1<\/td><td>0<\/td><\/tr><\/tbody><\/table><\/figure>\n\n\n\n<h5 class=\"wp-block-heading\">Cirurgia Vascular<\/h5>\n\n\n\n<figure class=\"wp-block-table\"><table class=\"has-fixed-layout\"><tbody><tr><td><strong>UF<\/strong><\/td><td><strong>Institui\u00e7\u00e3o<\/strong><\/td><td><strong>N\u00b0 de Vagas<\/strong><\/td><td><strong>Reserva Militar<\/strong><\/td><\/tr><tr><td>RJ<\/td><td>Secretaria Municipal de Sa\u00fade do Rio de Janeiro<\/td><td>10<\/td><td>0<\/td><\/tr><tr><td>TO<\/td><td>Funda\u00e7\u00e3o Universidade Federal do Tocantins (Hospital Geral de Palmas &#8211; HGP)<\/td><td>1<\/td><td>0<\/td><\/tr><tr><td>MA<\/td><td>Hospital Universit\u00e1rio do Maranh\u00e3o<\/td><td>1<\/td><td>0<\/td><\/tr><tr><td>ES<\/td><td>Instituto Capixaba de Ensino, Pesquisa e Inova\u00e7\u00e3o em Sa\u00fade (Regi\u00e3o Metropolitana)<\/td><td>1<\/td><td>0<\/td><\/tr><tr><td>MG<\/td><td>Hospital Jo\u00e3o XXIII<\/td><td>1<\/td><td>0<\/td><\/tr><tr><td>SP<\/td><td>Hospital Municipal Dr. C\u00e1rmino Caricchio<\/td><td>4<\/td><td>0<\/td><\/tr><tr><td>RJ<\/td><td>Universidade Federal do Rio de Janeiro (Hospital Universit\u00e1rio Clementino Fraga Filho &#8211; HUCFF)<\/td><td>2<\/td><td>0<\/td><\/tr><tr><td>DF<\/td><td>Hospital das For\u00e7as Armadas<\/td><td>1<\/td><td>0<\/td><\/tr><tr><td>RJ<\/td><td>Hospital S\u00e3o Jo\u00e3o Batista (Volta Redonda)<\/td><td>1<\/td><td>0<\/td><\/tr><tr><td>PR<\/td><td>Universidade Federal do Paran\u00e1 (Complexo Hospital de Cl\u00ednicas)<\/td><td>1<\/td><td>0<\/td><\/tr><tr><td>BA<\/td><td>Hospital Geral Ernesto Sim\u00f5es Filho<\/td><td>2<\/td><td>0<\/td><\/tr><tr><td>CE<\/td><td>Secretaria da Sa\u00fade do Estado do Cear\u00e1 (Hospital Geral de Fortaleza)<\/td><td>3<\/td><td>0<\/td><\/tr><tr><td>BA<\/td><td>Universidade Federal da Bahia<\/td><td>3<\/td><td>0<\/td><\/tr><tr><td>MS<\/td><td>Funda\u00e7\u00e3o UFMS (HUMAP-UFMS\/EBSERH)<\/td><td>1<\/td><td>0<\/td><\/tr><tr><td>RJ<\/td><td>Universidade Federal Fluminense (Hospital Universit\u00e1rio Antonio Pedro)<\/td><td>1<\/td><td>0<\/td><\/tr><tr><td>PE<\/td><td>Universidade Federal de Pernambuco (Hospital das Cl\u00ednicas Professor Romero Marques)<\/td><td>2<\/td><td>0<\/td><\/tr><tr><td>BA<\/td><td>Hospital Geral Roberto Santos<\/td><td>4<\/td><td>0<\/td><\/tr><tr><td>RJ<\/td><td>Hospital de For\u00e7a A\u00e9rea do Gale\u00e3o<\/td><td>2<\/td><td>0<\/td><\/tr><tr><td>SP<\/td><td>Hospital do Servidor P\u00fablico Municipal<\/td><td>2<\/td><td>0<\/td><\/tr><tr><td>RJ<\/td><td>Hospital Central do Ex\u00e9rcito<\/td><td>1<\/td><td>0<\/td><\/tr><tr><td>RJ<\/td><td>Universidade Federal do Estado do Rio de Janeiro (Hospital Universit\u00e1rio Gaffr\u00e9e e Guinle)<\/td><td>1<\/td><td>0<\/td><\/tr><tr><td>ES<\/td><td>Universidade Federal do Esp\u00edrito Santo<\/td><td>2<\/td><td>0<\/td><\/tr><tr><td>RJ<\/td><td>Hospital Federal da Lagoa<\/td><td>2<\/td><td>0<\/td><\/tr><tr><td>RJ<\/td><td>Hospital Geral de Nova Igua\u00e7u<\/td><td>2<\/td><td>0<\/td><\/tr><tr><td>DF<\/td><td>Universidade de Bras\u00edlia<\/td><td>1<\/td><td>0<\/td><\/tr><tr><td>RJ<\/td><td>Hospital Federal dos Servidores do Estado<\/td><td>3<\/td><td>0<\/td><\/tr><tr><td>MG<\/td><td>Hospital Metropolitano Odilon Behrens<\/td><td>3<\/td><td>0<\/td><\/tr><tr><td>MG<\/td><td>Hospital das Cl\u00ednicas da UFMG (HC\/UFMG)<\/td><td>3<\/td><td>0<\/td><\/tr><tr><td>RJ<\/td><td>Hospital Federal de Ipanema<\/td><td>1<\/td><td>0<\/td><\/tr><tr><td>MG<\/td><td>Universidade Federal de Uberl\u00e2ndia (UFU)<\/td><td>3<\/td><td>0<\/td><\/tr><tr><td>CE<\/td><td>Universidade Federal do Cear\u00e1 (Hospital Universit\u00e1rio Walter Cant\u00eddio &#8211; HUWC)<\/td><td>2<\/td><td>0<\/td><\/tr><tr><td>PE<\/td><td>Universidade Federal do Vale do S\u00e3o Francisco (UNIVASF)<\/td><td>2<\/td><td>0<\/td><\/tr><tr><td>BA<\/td><td>Hospital Ana Nery<\/td><td>4<\/td><td>0<\/td><\/tr><\/tbody><\/table><\/figure>\n\n\n\n<h5 class=\"wp-block-heading\">Coloproctologia<\/h5>\n\n\n\n<figure class=\"wp-block-table\"><table class=\"has-fixed-layout\"><tbody><tr><td><strong>UF<\/strong><\/td><td><strong>Institui\u00e7\u00e3o<\/strong><\/td><td><strong>N\u00b0 de Vagas<\/strong><\/td><td><strong>Reserva Militar<\/strong><\/td><\/tr><tr><td>DF<\/td><td>Hospital das For\u00e7as Armadas<\/td><td>1<\/td><td>0<\/td><\/tr><tr><td>MG<\/td><td>Universidade Federal de Uberl\u00e2ndia (UFU)<\/td><td>1<\/td><td>0<\/td><\/tr><tr><td>BA<\/td><td>Universidade Federal da Bahia<\/td><td>1<\/td><td>0<\/td><\/tr><tr><td>BA<\/td><td>Hospital Regional de Juazeiro<\/td><td>2<\/td><td>0<\/td><\/tr><tr><td>CE<\/td><td>Universidade Federal do Cear\u00e1 (Hospital Universit\u00e1rio Walter Cant\u00eddio &#8211; HUWC)<\/td><td>2<\/td><td>0<\/td><\/tr><tr><td>SE<\/td><td>Universidade Federal de Sergipe<\/td><td>1<\/td><td>0<\/td><\/tr><tr><td>MT<\/td><td>Universidade Federal de Mato Grosso (Hospital Universit\u00e1rio J\u00falio M\u00fcller)<\/td><td>1<\/td><td>0<\/td><\/tr><tr><td>SP<\/td><td>Hospital do Servidor P\u00fablico Municipal<\/td><td>1<\/td><td>0<\/td><\/tr><tr><td>BA<\/td><td>Hospital Geral Roberto Santos<\/td><td>3<\/td><td>0<\/td><\/tr><tr><td>RJ<\/td><td>Universidade Federal do Rio de Janeiro (Hospital Universit\u00e1rio Clementino Fraga Filho &#8211; HUCFF)<\/td><td>2<\/td><td>0<\/td><\/tr><tr><td>RJ<\/td><td>Secretaria Municipal de Sa\u00fade do Rio de Janeiro<\/td><td>5<\/td><td>0<\/td><\/tr><tr><td>PR<\/td><td>Universidade Federal do Paran\u00e1 (Complexo Hospital de Cl\u00ednicas)<\/td><td>1<\/td><td>0<\/td><\/tr><tr><td>RJ<\/td><td>Hospital Federal de Ipanema<\/td><td>2<\/td><td>0<\/td><\/tr><tr><td>MG<\/td><td>Hospital das Cl\u00ednicas da UFMG (HC\/UFMG)<\/td><td>1<\/td><td>0<\/td><\/tr><tr><td>RJ<\/td><td>Hospital Federal da Lagoa<\/td><td>2<\/td><td>0<\/td><\/tr><tr><td>AL<\/td><td>Universidade Federal de Alagoas<\/td><td>1<\/td><td>0<\/td><\/tr><tr><td>MA<\/td><td>Hospital Universit\u00e1rio do Maranh\u00e3o<\/td><td>1<\/td><td>0<\/td><\/tr><tr><td>RJ<\/td><td>Hospital Central da Aeron\u00e1utica<\/td><td>1<\/td><td>0<\/td><\/tr><tr><td>RJ<\/td><td>Hospital Federal dos Servidores do Estado<\/td><td>2<\/td><td>0<\/td><\/tr><tr><td>DF<\/td><td>Universidade de Bras\u00edlia<\/td><td>1<\/td><td>0<\/td><\/tr><\/tbody><\/table><\/figure>\n\n\n\n<h5 class=\"wp-block-heading\">Endocrinologia e Metabologia<\/h5>\n\n\n\n<figure class=\"wp-block-table\"><table class=\"has-fixed-layout\"><tbody><tr><td><strong>UF<\/strong><\/td><td><strong>Institui\u00e7\u00e3o<\/strong><\/td><td><strong>N\u00b0 de Vagas<\/strong><\/td><td><strong>Reserva de Vagas (Reserva Militar)<\/strong><\/td><\/tr><tr><td>RJ<\/td><td>Universidade Federal Fluminense\/Hospital Universit\u00e1rio Antonio Pedro<\/td><td>3<\/td><td>0<\/td><\/tr><tr><td>SE<\/td><td>Universidade Federal de Sergipe<\/td><td>3<\/td><td>0<\/td><\/tr><tr><td>MT<\/td><td>Universidade Federal de Mato Grosso (Hospital Universit\u00e1rio J\u00falio M\u00fcller)<\/td><td>2<\/td><td>0<\/td><\/tr><tr><td>RJ<\/td><td>Universidade Federal do Rio de Janeiro (Hospital Universit\u00e1rio Clementino Fraga Filho &#8211; HUCFF)<\/td><td>6<\/td><td>0<\/td><\/tr><tr><td>PE<\/td><td>Universidade Federal de Pernambuco (Hospital das Cl\u00ednicas Professor Romero Marques)<\/td><td>3<\/td><td>0<\/td><\/tr><tr><td>PR<\/td><td>Universidade Federal do Paran\u00e1 &#8211; Complexo Hospital de Cl\u00ednicas<\/td><td>4<\/td><td>0<\/td><\/tr><tr><td>RJ<\/td><td>Hospital Federal de Bonsucesso<\/td><td>4<\/td><td>0<\/td><\/tr><tr><td>RJ<\/td><td>Universidade Federal do Estado do Rio de Janeiro (Hospital Universit\u00e1rio Gaffr\u00e9e e Guinle)<\/td><td>2<\/td><td>0<\/td><\/tr><tr><td>RJ<\/td><td>Hospital Federal da Lagoa<\/td><td>6<\/td><td>0<\/td><\/tr><tr><td>RN<\/td><td>Universidade Federal do Rio Grande do Norte (Hospital Universit\u00e1rio Onofre Lopes)<\/td><td>2<\/td><td>0<\/td><\/tr><tr><td>MS<\/td><td>Funda\u00e7\u00e3o Universidade Federal de Mato Grosso do Sul (Hospital Universit\u00e1rio Maria Aparecida Pedrossian &#8211; HUMAP)<\/td><td>1<\/td><td>0<\/td><\/tr><tr><td>PI<\/td><td>Hospital Universit\u00e1rio da Universidade Federal do Piau\u00ed<\/td><td>2<\/td><td>0<\/td><\/tr><tr><td>PB<\/td><td>Hospital Universit\u00e1rio Alcides Carneiro\/UFCG<\/td><td>4<\/td><td>0<\/td><\/tr><tr><td>MG<\/td><td>Universidade Federal de Juiz de Fora (Hospital Universit\u00e1rio da UFJF)<\/td><td>2<\/td><td>0<\/td><\/tr><tr><td>BA<\/td><td>Hospital Geral Roberto Santos<\/td><td>3<\/td><td>0<\/td><\/tr><tr><td>MA<\/td><td>Hospital Universit\u00e1rio do Maranh\u00e3o<\/td><td>4<\/td><td>0<\/td><\/tr><tr><td>MG<\/td><td>Hospital das Cl\u00ednicas da UFMG &#8211; HC\/UFMG (Hospital das Cl\u00ednicas da Universidade Federal de Minas Gerais)<\/td><td>3<\/td><td>0<\/td><\/tr><tr><td>MG<\/td><td>Universidade Federal de Uberl\u00e2ndia &#8211; UFU<\/td><td>2<\/td><td>0<\/td><\/tr><tr><td>SP<\/td><td>Hospital do Servidor P\u00fablico Municipal<\/td><td>2<\/td><td>0<\/td><\/tr><tr><td>BA<\/td><td>Universidade Federal da Bahia<\/td><td>4<\/td><td>0<\/td><\/tr><tr><td>CE<\/td><td>Secretaria da Sa\u00fade do Estado do Cear\u00e1 (Hospital Geral de Fortaleza)<\/td><td>3<\/td><td>0<\/td><\/tr><tr><td>CE<\/td><td>Universidade Federal do Cear\u00e1 (Hospital Universit\u00e1rio Walter Cant\u00eddio &#8211; HUWC)<\/td><td>4<\/td><td>0<\/td><\/tr><tr><td>BA<\/td><td>Centro de Refer\u00eancia Estadual para Assist\u00eancia a Diabetes e Endocrinologia<\/td><td>3<\/td><td>0<\/td><\/tr><tr><td>RJ<\/td><td>Hospital Central da Aeron\u00e1utica<\/td><td>2<\/td><td>0<\/td><\/tr><tr><td>RJ<\/td><td>Hospital Federal dos Servidores do Estado<\/td><td>5<\/td><td>0<\/td><\/tr><tr><td>DF<\/td><td>Universidade de Bras\u00edlia<\/td><td>2<\/td><td>0<\/td><\/tr><tr><td>PB<\/td><td>Universidade Federal da Para\u00edba &#8211; UFPB<\/td><td>2<\/td><td>0<\/td><\/tr><\/tbody><\/table><\/figure>\n\n\n\n<h5 class=\"wp-block-heading\">Endoscopia<\/h5>\n\n\n\n<figure class=\"wp-block-table\"><table class=\"has-fixed-layout\"><tbody><tr><td><strong>UF<\/strong><\/td><td><strong>Institui\u00e7\u00e3o<\/strong><\/td><td><strong>N\u00b0 de Vagas<\/strong><\/td><td><strong>Reserva de Vagas (Reserva Militar)<\/strong><\/td><\/tr><tr><td>PI<\/td><td>Hospital Universit\u00e1rio da Universidade Federal do Piau\u00ed<\/td><td>1<\/td><td>0<\/td><\/tr><tr><td>RJ<\/td><td>Hospital Central da Pol\u00edcia Militar<\/td><td>1<\/td><td>0<\/td><\/tr><tr><td>MG<\/td><td>Hospital das Cl\u00ednicas da UFMG &#8211; HC\/UFMG (Hospital das Cl\u00ednicas da Universidade Federal de Minas Gerais)<\/td><td>2<\/td><td>0<\/td><\/tr><tr><td>PR<\/td><td>Universidade Federal do Paran\u00e1 &#8211; Complexo Hospital de Cl\u00ednicas<\/td><td>2<\/td><td>0<\/td><\/tr><tr><td>CE<\/td><td>Secretaria da Sa\u00fade do Estado do Cear\u00e1 (Hospital Geral de Fortaleza)<\/td><td>2<\/td><td>0<\/td><\/tr><tr><td>PE<\/td><td>Universidade Federal de Pernambuco<\/td><td>1<\/td><td>0<\/td><\/tr><tr><td>CE<\/td><td>Secretaria da Sa\u00fade do Estado do Cear\u00e1 (Hospital Geral Dr. C\u00e9sar Cals)<\/td><td>1<\/td><td>0<\/td><\/tr><tr><td>BA<\/td><td>Hospital Geral Roberto Santos<\/td><td>6<\/td><td>0<\/td><\/tr><tr><td>RJ<\/td><td>Funda\u00e7\u00e3o Octac\u00edlio Gualberto &#8211; UNIFASE\/FMP (Hospital Alcides Carneiro)<\/td><td>2<\/td><td>0<\/td><\/tr><tr><td>MG<\/td><td>Universidade Federal de Juiz de Fora (Hospital Universit\u00e1rio da UFJF)<\/td><td>1<\/td><td>0<\/td><\/tr><tr><td>RJ<\/td><td>Universidade Federal do Estado do Rio de Janeiro (Hospital Universit\u00e1rio Gaffr\u00e9e e Guinle)<\/td><td>1<\/td><td>0<\/td><\/tr><tr><td>PE<\/td><td>Universidade Federal de Pernambuco (Hospital das Cl\u00ednicas Professor Romero Marques)<\/td><td>1<\/td><td>0<\/td><\/tr><tr><td>MG<\/td><td>Hospital da Pol\u00edcia Militar de Minas Gerais<\/td><td>1<\/td><td>0<\/td><\/tr><tr><td>AL<\/td><td>Hospital Metropolitano de Alagoas<\/td><td>1<\/td><td>0<\/td><\/tr><tr><td>RJ<\/td><td>Hospital Federal de Ipanema<\/td><td>2<\/td><td>0<\/td><\/tr><tr><td>CE<\/td><td>Universidade Federal do Cear\u00e1 (Hospital Universit\u00e1rio Walter Cant\u00eddio &#8211; HUWC)<\/td><td>1<\/td><td>0<\/td><\/tr><tr><td>RJ<\/td><td>Instituto Nacional de C\u00e2ncer<\/td><td>2<\/td><td>0<\/td><\/tr><tr><td>BA<\/td><td>Hospital Geral Cl\u00e9riston Andrade<\/td><td>2<\/td><td>0<\/td><\/tr><\/tbody><\/table><\/figure>\n\n\n\n<h5 class=\"wp-block-heading\">Gastroenterologia<\/h5>\n\n\n\n<figure class=\"wp-block-table\"><table class=\"has-fixed-layout\"><tbody><tr><td><strong>UF<\/strong><\/td><td><strong>Institui\u00e7\u00e3o<\/strong><\/td><td><strong>N\u00b0 de Vagas<\/strong><\/td><td><strong>Reserva de Vagas (Reserva Militar)<\/strong><\/td><\/tr><tr><td>RN<\/td><td>Universidade Federal do Rio Grande do Norte (Hospital Universit\u00e1rio Onofre Lopes)<\/td><td>2<\/td><td>0<\/td><\/tr><tr><td>DF<\/td><td>Universidade de Bras\u00edlia<\/td><td>2<\/td><td>0<\/td><\/tr><tr><td>RJ<\/td><td>Universidade Federal do Rio de Janeiro (Hospital Universit\u00e1rio Clementino Fraga Filho &#8211; HUCFF)<\/td><td>3<\/td><td>0<\/td><\/tr><tr><td>CE<\/td><td>Secretaria da Sa\u00fade do Estado do Cear\u00e1 (Hospital Geral de Fortaleza)<\/td><td>3<\/td><td>0<\/td><\/tr><tr><td>RJ<\/td><td>Secretaria Municipal de Sa\u00fade do Rio de Janeiro<\/td><td>2<\/td><td>0<\/td><\/tr><tr><td>BA<\/td><td>Complexo Hospitalar de Vit\u00f3ria da Conquista<\/td><td>2<\/td><td>0<\/td><\/tr><tr><td>PB<\/td><td>Universidade Federal da Para\u00edba &#8211; UFPB<\/td><td>4<\/td><td>0<\/td><\/tr><tr><td>RJ<\/td><td>Hospital Federal dos Servidores do Estado<\/td><td>3<\/td><td>0<\/td><\/tr><tr><td>MA<\/td><td>Hospital Universit\u00e1rio do Maranh\u00e3o<\/td><td>3<\/td><td>0<\/td><\/tr><tr><td>MG<\/td><td>Universidade Federal de Uberl\u00e2ndia &#8211; UFU<\/td><td>2<\/td><td>0<\/td><\/tr><tr><td>PE<\/td><td>Universidade Federal de Pernambuco (Hospital das Cl\u00ednicas Professor Romero Marques)<\/td><td>3<\/td><td>0<\/td><\/tr><tr><td>CE<\/td><td>Universidade Federal do Cear\u00e1 (Hospital Universit\u00e1rio Walter Cant\u00eddio &#8211; HUWC)<\/td><td>3<\/td><td>0<\/td><\/tr><tr><td>PR<\/td><td>Universidade Federal do Paran\u00e1 &#8211; Complexo Hospital de Cl\u00ednicas<\/td><td>2<\/td><td>0<\/td><\/tr><tr><td>DF<\/td><td>Hospital das For\u00e7as Armadas<\/td><td>1<\/td><td>0<\/td><\/tr><tr><td>RJ<\/td><td>Hospital Federal de Bonsucesso<\/td><td>3<\/td><td>0<\/td><\/tr><tr><td>RJ<\/td><td>Hospital Federal da Lagoa<\/td><td>2<\/td><td>0<\/td><\/tr><tr><td>RJ<\/td><td>Hospital de For\u00e7a A\u00e9rea do Gale\u00e3o<\/td><td>2<\/td><td>0<\/td><\/tr><tr><td>RJ<\/td><td>Universidade Federal Fluminense \/ Hospital Universit\u00e1rio Antonio Pedro<\/td><td>4<\/td><td>0<\/td><\/tr><tr><td>PI<\/td><td>Hospital Universit\u00e1rio da Universidade Federal do Piau\u00ed<\/td><td>4<\/td><td>0<\/td><\/tr><tr><td>SP<\/td><td>Hospital do Servidor P\u00fablico Municipal<\/td><td>2<\/td><td>0<\/td><\/tr><tr><td>RJ<\/td><td>Universidade Federal do Estado do Rio de Janeiro (Hospital Universit\u00e1rio Gaffr\u00e9e e Guinle)<\/td><td>1<\/td><td>0<\/td><\/tr><tr><td>MG<\/td><td>Hospital das Cl\u00ednicas da UFMG &#8211; HC\/UFMG (Hospital das Cl\u00ednicas da Universidade Federal de Minas Gerais)<\/td><td>2<\/td><td>0<\/td><\/tr><tr><td>BA<\/td><td>Hospital Geral Roberto Santos<\/td><td>3<\/td><td>0<\/td><\/tr><tr><td>BA<\/td><td>Universidade Federal da Bahia<\/td><td>4<\/td><td>0<\/td><\/tr><tr><td>MG<\/td><td>Universidade Federal de Juiz de Fora (Hospital Universit\u00e1rio da UFJF)<\/td><td>4<\/td><td>0<\/td><\/tr><tr><td>MG<\/td><td>Universidade Federal do Tri\u00e2ngulo Mineiro<\/td><td>2<\/td><td>0<\/td><\/tr><tr><td>ES<\/td><td>Universidade Federal do Esp\u00edrito Santo<\/td><td>4<\/td><td>0<\/td><\/tr><\/tbody><\/table><\/figure>\n\n\n\n<h5 class=\"wp-block-heading\">Geriatria<\/h5>\n\n\n\n<figure class=\"wp-block-table\"><table class=\"has-fixed-layout\"><tbody><tr><td><strong>UF<\/strong><\/td><td><strong>Institui\u00e7\u00e3o<\/strong><\/td><td><strong>N\u00b0 de Vagas<\/strong><\/td><td><strong>Reserva de Vagas (Reserva Militar)<\/strong><\/td><\/tr><tr><td>RN<\/td><td>Universidade Federal do Rio Grande do Norte (Hospital Universit\u00e1rio Onofre Lopes)<\/td><td>2<\/td><td>0<\/td><\/tr><tr><td>DF<\/td><td>Universidade de Bras\u00edlia<\/td><td>2<\/td><td>0<\/td><\/tr><tr><td>RJ<\/td><td>Universidade Federal do Rio de Janeiro (Hospital Universit\u00e1rio Clementino Fraga Filho &#8211; HUCFF)<\/td><td>3<\/td><td>0<\/td><\/tr><tr><td>CE<\/td><td>Secretaria da Sa\u00fade do Estado do Cear\u00e1 (Hospital Geral de Fortaleza)<\/td><td>3<\/td><td>0<\/td><\/tr><tr><td>RJ<\/td><td>Secretaria Municipal de Sa\u00fade do Rio de Janeiro<\/td><td>2<\/td><td>0<\/td><\/tr><tr><td>BA<\/td><td>Complexo Hospitalar de Vit\u00f3ria da Conquista<\/td><td>2<\/td><td>0<\/td><\/tr><tr><td>PB<\/td><td>Universidade Federal da Para\u00edba &#8211; UFPB<\/td><td>4<\/td><td>0<\/td><\/tr><tr><td>RJ<\/td><td>Hospital Federal dos Servidores do Estado<\/td><td>3<\/td><td>0<\/td><\/tr><tr><td>MA<\/td><td>Hospital Universit\u00e1rio do Maranh\u00e3o<\/td><td>3<\/td><td>0<\/td><\/tr><tr><td>MG<\/td><td>Universidade Federal de Uberl\u00e2ndia &#8211; UFU<\/td><td>2<\/td><td>0<\/td><\/tr><tr><td>PE<\/td><td>Universidade Federal de Pernambuco (Hospital das Cl\u00ednicas Professor Romero Marques)<\/td><td>3<\/td><td>0<\/td><\/tr><tr><td>CE<\/td><td>Universidade Federal do Cear\u00e1 (Hospital Universit\u00e1rio Walter Cant\u00eddio &#8211; HUWC)<\/td><td>3<\/td><td>0<\/td><\/tr><tr><td>PR<\/td><td>Universidade Federal do Paran\u00e1 &#8211; Complexo Hospital de Cl\u00ednicas<\/td><td>2<\/td><td>0<\/td><\/tr><tr><td>DF<\/td><td>Hospital das For\u00e7as Armadas<\/td><td>1<\/td><td>0<\/td><\/tr><tr><td>RJ<\/td><td>Hospital Federal de Bonsucesso<\/td><td>3<\/td><td>0<\/td><\/tr><tr><td>RJ<\/td><td>Hospital Federal da Lagoa<\/td><td>2<\/td><td>0<\/td><\/tr><tr><td>RJ<\/td><td>Hospital de For\u00e7a A\u00e9rea do Gale\u00e3o<\/td><td>2<\/td><td>0<\/td><\/tr><tr><td>RJ<\/td><td>Universidade Federal Fluminense \/ Hospital Universit\u00e1rio Antonio Pedro<\/td><td>4<\/td><td>0<\/td><\/tr><tr><td>PI<\/td><td>Hospital Universit\u00e1rio da Universidade Federal do Piau\u00ed<\/td><td>4<\/td><td>0<\/td><\/tr><tr><td>SP<\/td><td>Hospital do Servidor P\u00fablico Municipal<\/td><td>2<\/td><td>0<\/td><\/tr><tr><td>RJ<\/td><td>Universidade Federal do Estado do Rio de Janeiro (Hospital Universit\u00e1rio Gaffr\u00e9e e Guinle)<\/td><td>1<\/td><td>0<\/td><\/tr><tr><td>MG<\/td><td>Hospital das Cl\u00ednicas da UFMG &#8211; HC\/UFMG (Hospital das Cl\u00ednicas da Universidade Federal de Minas Gerais)<\/td><td>2<\/td><td>0<\/td><\/tr><tr><td>BA<\/td><td>Hospital Geral Roberto Santos<\/td><td>3<\/td><td>0<\/td><\/tr><tr><td>BA<\/td><td>Universidade Federal da Bahia<\/td><td>4<\/td><td>0<\/td><\/tr><tr><td>MG<\/td><td>Universidade Federal de Juiz de Fora (Hospital Universit\u00e1rio da UFJF)<\/td><td>4<\/td><td>0<\/td><\/tr><tr><td>MG<\/td><td>Universidade Federal do Tri\u00e2ngulo Mineiro<\/td><td>2<\/td><td>0<\/td><\/tr><tr><td>ES<\/td><td>Universidade Federal do Esp\u00edrito Santo<\/td><td>4<\/td><td>0<\/td><\/tr><\/tbody><\/table><\/figure>\n\n\n\n<h5 class=\"wp-block-heading\">Hematologia e Hemoterapia<\/h5>\n\n\n\n<figure class=\"wp-block-table\"><table class=\"has-fixed-layout\"><tbody><tr><td><strong>UF<\/strong><\/td><td><strong>Institui\u00e7\u00e3o<\/strong><\/td><td><strong>N\u00b0 de Vagas<\/strong><\/td><td><strong>Reserva de Vagas (Reserva Militar)<\/strong><\/td><\/tr><tr><td>MG<\/td><td>Hospital das Cl\u00ednicas da UFMG &#8211; HC\/UFMG (Hospital das Cl\u00ednicas da Universidade Federal de Minas Gerais)<\/td><td>4<\/td><td>0<\/td><\/tr><tr><td>CE<\/td><td>Universidade Federal do Cear\u00e1 (Hospital Universit\u00e1rio Walter Cant\u00eddio &#8211; HUWC)<\/td><td>4<\/td><td>0<\/td><\/tr><tr><td>RJ<\/td><td>Instituto Nacional de C\u00e2ncer<\/td><td>4<\/td><td>0<\/td><\/tr><tr><td>RJ<\/td><td>Hospital Federal dos Servidores do Estado<\/td><td>2<\/td><td>0<\/td><\/tr><tr><td>CE<\/td><td>Secretaria da Sa\u00fade do Estado do Cear\u00e1 (Hospital Geral de Fortaleza)<\/td><td>2<\/td><td>0<\/td><\/tr><tr><td>DF<\/td><td>Universidade de Bras\u00edlia<\/td><td>3<\/td><td>0<\/td><\/tr><tr><td>ES<\/td><td>Universidade Federal do Esp\u00edrito Santo<\/td><td>2<\/td><td>0<\/td><\/tr><tr><td>RN<\/td><td>Universidade Federal do Rio Grande do Norte (Liga Norte-Riograndense Contra o C\u00e2ncer)<\/td><td>1<\/td><td>0<\/td><\/tr><tr><td>BA<\/td><td>Universidade Federal da Bahia<\/td><td>4<\/td><td>0<\/td><\/tr><tr><td>RJ<\/td><td>Universidade Federal do Rio de Janeiro (Hospital Universit\u00e1rio Clementino Fraga Filho &#8211; HUCFF)<\/td><td>4<\/td><td>0<\/td><\/tr><tr><td>RJ<\/td><td>Universidade Federal Fluminense\/Hospital Universit\u00e1rio Antonio Pedro<\/td><td>1<\/td><td>0<\/td><\/tr><tr><td>MG<\/td><td>Universidade Federal de Juiz de Fora (Hospital Universit\u00e1rio da UFJF)<\/td><td>2<\/td><td>0<\/td><\/tr><tr><td>PR<\/td><td>Universidade Federal do Paran\u00e1 &#8211; Complexo Hospital de Cl\u00ednicas<\/td><td>4<\/td><td>0<\/td><\/tr><tr><td>SP<\/td><td>Uni\u00e3o Social Camiliana (IBCC Oncologia)<\/td><td>2<\/td><td>0<\/td><\/tr><\/tbody><\/table><\/figure>\n\n\n\n<h5 class=\"wp-block-heading\">Mastologia<\/h5>\n\n\n\n<figure class=\"wp-block-table\"><table class=\"has-fixed-layout\"><tbody><tr><td><strong>UF<\/strong><\/td><td><strong>Institui\u00e7\u00e3o<\/strong><\/td><td><strong>N\u00b0 de Vagas<\/strong><\/td><td><strong>Reserva de Vagas (Reserva Militar)<\/strong><\/td><\/tr><tr><td>SE<\/td><td>Universidade Federal de Sergipe<\/td><td>2<\/td><td>0<\/td><\/tr><tr><td>SP<\/td><td>Uni\u00e3o Social Camiliana (IBCC Oncologia)<\/td><td>6<\/td><td>0<\/td><\/tr><tr><td>RJ<\/td><td>Instituto Nacional de C\u00e2ncer<\/td><td>4<\/td><td>0<\/td><\/tr><tr><td>MG<\/td><td>Hospital Alberto Cavalcanti<\/td><td>2<\/td><td>0<\/td><\/tr><tr><td>ES<\/td><td>Universidade Federal do Esp\u00edrito Santo<\/td><td>2<\/td><td>0<\/td><\/tr><tr><td>RN<\/td><td>Universidade Federal do Rio Grande do Norte (Maternidade Escola Janu\u00e1rio Cicco)<\/td><td>1<\/td><td>0<\/td><\/tr><tr><td>RJ<\/td><td>Hospital Central da Aeron\u00e1utica<\/td><td>1<\/td><td>0<\/td><\/tr><tr><td>RN<\/td><td>Liga Norte-Riograndense Contra o C\u00e2ncer<\/td><td>1<\/td><td>0<\/td><\/tr><tr><td>SP<\/td><td>Hospital Militar de \u00c1rea de S\u00e3o Paulo<\/td><td>1<\/td><td>0<\/td><\/tr><tr><td>CE<\/td><td>Secretaria da Sa\u00fade do Estado do Cear\u00e1 (Hospital Geral de Fortaleza)<\/td><td>2<\/td><td>0<\/td><\/tr><tr><td>SP<\/td><td>Instituto do C\u00e2ncer Arnaldo Vieira de Carvalho<\/td><td>1<\/td><td>0<\/td><\/tr><tr><td>AL<\/td><td>Universidade Federal de Alagoas<\/td><td>2<\/td><td>0<\/td><\/tr><tr><td>DF<\/td><td>Universidade de Bras\u00edlia<\/td><td>1<\/td><td>0<\/td><\/tr><tr><td>MA<\/td><td>Hospital do C\u00e2ncer Aldenora Bello<\/td><td>1<\/td><td>0<\/td><\/tr><tr><td>PB<\/td><td>Universidade Federal da Para\u00edba &#8211; UFPB<\/td><td>2<\/td><td>0<\/td><\/tr><tr><td>RJ<\/td><td>Universidade Federal Fluminense\/Hospital Universit\u00e1rio Antonio Pedro<\/td><td>2<\/td><td>0<\/td><\/tr><tr><td>SP<\/td><td>Hospital Municipal Maternidade Escola Dr. M\u00e1rio de Moraes Altenfelder Silva<\/td><td>1<\/td><td>0<\/td><\/tr><tr><td>MG<\/td><td>Hospital das Cl\u00ednicas da UFMG &#8211; HC\/UFMG (Hospital das Cl\u00ednicas da Universidade Federal de Minas Gerais)<\/td><td>2<\/td><td>0<\/td><\/tr><tr><td>RJ<\/td><td>Hospital Federal da Lagoa<\/td><td>2<\/td><td>0<\/td><\/tr><tr><td>BA<\/td><td>Hospital da Mulher Maria Luzia Costa dos Santos<\/td><td>2<\/td><td>0<\/td><\/tr><tr><td>CE<\/td><td>Universidade Federal do Cear\u00e1 (Maternidade Escola Assis Chateaubriand &#8211; MEAC)<\/td><td>2<\/td><td>0<\/td><\/tr><tr><td>RJ<\/td><td>Hospital Federal dos Servidores do Estado<\/td><td>1<\/td><td>0<\/td><\/tr><\/tbody><\/table><\/figure>\n\n\n\n<h5 class=\"wp-block-heading\">Nefrologia<\/h5>\n\n\n\n<figure class=\"wp-block-table\"><table class=\"has-fixed-layout\"><tbody><tr><td><strong>UF<\/strong><\/td><td><strong>Institui\u00e7\u00e3o<\/strong><\/td><td><strong>N\u00b0 de Vagas<\/strong><\/td><td><strong>Reserva de Vagas (Reserva Militar)<\/strong><\/td><\/tr><tr><td>MG<\/td><td>Universidade Federal de Uberl\u00e2ndia &#8211; UFU<\/td><td>2<\/td><td>0<\/td><\/tr><tr><td>SP<\/td><td>Hospital do Servidor P\u00fablico Municipal<\/td><td>1<\/td><td>0<\/td><\/tr><tr><td>RJ<\/td><td>Universidade Federal Fluminense\/Hospital Universit\u00e1rio Antonio Pedro<\/td><td>4<\/td><td>0<\/td><\/tr><tr><td>CE<\/td><td>Universidade Federal do Cear\u00e1 (Hospital Universit\u00e1rio Walter Cant\u00eddio &#8211; HUWC)<\/td><td>4<\/td><td>0<\/td><\/tr><tr><td>SE<\/td><td>Universidade Federal de Sergipe<\/td><td>2<\/td><td>0<\/td><\/tr><tr><td>DF<\/td><td>Universidade de Bras\u00edlia<\/td><td>5<\/td><td>0<\/td><\/tr><tr><td>CE<\/td><td>Secretaria da Sa\u00fade do Estado do Cear\u00e1 (Hospital Geral de Fortaleza)<\/td><td>5<\/td><td>0<\/td><\/tr><tr><td>MG<\/td><td>Hospital das Cl\u00ednicas da UFMG &#8211; HC\/UFMG (Hospital das Cl\u00ednicas da Universidade Federal de Minas Gerais)<\/td><td>4<\/td><td>0<\/td><\/tr><tr><td>MG<\/td><td>Universidade Federal de Juiz de Fora (Hospital Universit\u00e1rio da UFJF)<\/td><td>4<\/td><td>0<\/td><\/tr><tr><td>BA<\/td><td>Hospital Ana Nery<\/td><td>6<\/td><td>0<\/td><\/tr><tr><td>RN<\/td><td>Universidade Federal do Rio Grande do Norte (Hospital Universit\u00e1rio Onofre Lopes)<\/td><td>2<\/td><td>0<\/td><\/tr><tr><td>MG<\/td><td>Universidade Federal do Tri\u00e2ngulo Mineiro<\/td><td>2<\/td><td>0<\/td><\/tr><tr><td>SP<\/td><td>Irmandade da Santa Casa de Miseric\u00f3rdia de Mar\u00edlia<\/td><td>2<\/td><td>0<\/td><\/tr><tr><td>RJ<\/td><td>Universidade Federal do Rio de Janeiro (Hospital Universit\u00e1rio Clementino Fraga Filho &#8211; HUCFF)<\/td><td>8<\/td><td>0<\/td><\/tr><tr><td>MA<\/td><td>Hospital Universit\u00e1rio do Maranh\u00e3o<\/td><td>3<\/td><td>0<\/td><\/tr><tr><td>BA<\/td><td>Universidade Federal da Bahia<\/td><td>5<\/td><td>0<\/td><\/tr><tr><td>DF<\/td><td>Hospital Santa L\u00facia S\/A<\/td><td>2<\/td><td>0<\/td><\/tr><tr><td>ES<\/td><td>Universidade Federal do Esp\u00edrito Santo<\/td><td>3<\/td><td>0<\/td><\/tr><tr><td>RJ<\/td><td>Hospital Federal de Bonsucesso<\/td><td>6<\/td><td>0<\/td><\/tr><tr><td>PR<\/td><td>Universidade Federal do Paran\u00e1 &#8211; Complexo Hospital de Cl\u00ednicas<\/td><td>2<\/td><td>1<\/td><\/tr><tr><td>AM<\/td><td>Funda\u00e7\u00e3o Universidade do Amazonas &#8211; FUA<\/td><td>2<\/td><td>0<\/td><\/tr><tr><td>PE<\/td><td>Universidade Federal de Pernambuco (Hospital das Cl\u00ednicas Professor Romero Marques)<\/td><td>4<\/td><td>0<\/td><\/tr><\/tbody><\/table><\/figure>\n\n\n\n<h5 class=\"wp-block-heading\">Nutrologia<\/h5>\n\n\n\n<figure class=\"wp-block-table\"><table class=\"has-fixed-layout\"><tbody><tr><td><strong>UF<\/strong><\/td><td><strong>Institui\u00e7\u00e3o<\/strong><\/td><td><strong>N\u00b0 de Vagas<\/strong><\/td><td><strong>Reserva de Vagas (Reserva Militar)<\/strong><\/td><\/tr><tr><td>BA<\/td><td>Universidade Federal da Bahia<\/td><td>2<\/td><td>0<\/td><\/tr><tr><td>BA<\/td><td>Hospital Geral Roberto Santos<\/td><td>2<\/td><td>0<\/td><\/tr><\/tbody><\/table><\/figure>\n\n\n\n<h5 class=\"wp-block-heading\">Oncologia Cl\u00ednica<\/h5>\n\n\n\n<figure class=\"wp-block-table\"><table class=\"has-fixed-layout\"><tbody><tr><td><strong>UF<\/strong><\/td><td><strong>Institui\u00e7\u00e3o<\/strong><\/td><td><strong>N\u00b0 de Vagas<\/strong><\/td><td><strong>Reserva de Vagas (Reserva Militar)<\/strong><\/td><\/tr><tr><td>MG<\/td><td>Hospital das Cl\u00ednicas da UFMG &#8211; HC\/UFMG (Hospital das Cl\u00ednicas da Universidade Federal de Minas Gerais)<\/td><td>2<\/td><td>0<\/td><\/tr><tr><td>SP<\/td><td>Universidade de Ribeir\u00e3o Preto<\/td><td>1<\/td><td>0<\/td><\/tr><tr><td>MG<\/td><td>Hospital Alberto Cavalcanti<\/td><td>2<\/td><td>0<\/td><\/tr><tr><td>PE<\/td><td>Universidade Federal de Pernambuco (Hospital das Cl\u00ednicas Professor Romero Marques)<\/td><td>3<\/td><td>0<\/td><\/tr><tr><td>SP<\/td><td>Irmandade da Santa Casa de Miseric\u00f3rdia de Mar\u00edlia<\/td><td>1<\/td><td>0<\/td><\/tr><tr><td>PR<\/td><td>Universidade Federal do Paran\u00e1 &#8211; Complexo Hospital de Cl\u00ednicas<\/td><td>2<\/td><td>0<\/td><\/tr><tr><td>MG<\/td><td>Universidade Federal de Uberl\u00e2ndia &#8211; UFU<\/td><td>4<\/td><td>0<\/td><\/tr><tr><td>RJ<\/td><td>Instituto Nacional de C\u00e2ncer<\/td><td>10<\/td><td>0<\/td><\/tr><tr><td>DF<\/td><td>Universidade de Bras\u00edlia<\/td><td>2<\/td><td>0<\/td><\/tr><tr><td>ES<\/td><td>Associa\u00e7\u00e3o Feminina de Educa\u00e7\u00e3o e Combate ao C\u00e2ncer &#8211; AFECC (Hospital Santa Rita de C\u00e1ssia &#8211; HSRC)<\/td><td>2<\/td><td>0<\/td><\/tr><tr><td>SP<\/td><td>Funda\u00e7\u00e3o Doutor Amaral Carvalho<\/td><td>6<\/td><td>0<\/td><\/tr><tr><td>RN<\/td><td>Liga Norte-Riograndense Contra o C\u00e2ncer<\/td><td>2<\/td><td>0<\/td><\/tr><tr><td>AL<\/td><td>Universidade Federal de Alagoas<\/td><td>2<\/td><td>0<\/td><\/tr><tr><td>SP<\/td><td>Uni\u00e3o Social Camiliana (IBCC Oncologia)<\/td><td>6<\/td><td>0<\/td><\/tr><tr><td>SP<\/td><td>Funda\u00e7\u00e3o Pio XII &#8211; Hospital de C\u00e2ncer de Barretos<\/td><td>12<\/td><td>0<\/td><\/tr><tr><td>RJ<\/td><td>Universidade Federal do Rio de Janeiro (Hospital Universit\u00e1rio Clementino Fraga Filho &#8211; HUCFF)<\/td><td>3<\/td><td>0<\/td><\/tr><tr><td>DF<\/td><td>Hospital Santa L\u00facia S\/A<\/td><td>2<\/td><td>0<\/td><\/tr><tr><td>RJ<\/td><td>Universidade Federal Fluminense\/Hospital Universit\u00e1rio Antonio Pedro<\/td><td>2<\/td><td>0<\/td><\/tr><tr><td>PI<\/td><td>Hospital Universit\u00e1rio da Universidade Federal do Piau\u00ed<\/td><td>1<\/td><td>0<\/td><\/tr><\/tbody><\/table><\/figure>\n\n\n\n<h5 class=\"wp-block-heading\">Pneumologia<\/h5>\n\n\n\n<figure class=\"wp-block-table\"><table class=\"has-fixed-layout\"><tbody><tr><td><strong>UF<\/strong><\/td><td><strong>Institui\u00e7\u00e3o<\/strong><\/td><td><strong>N\u00b0 de Vagas<\/strong><\/td><td><strong>Reserva de Vagas (Reserva Militar)<\/strong><\/td><\/tr><tr><td>PB<\/td><td>Hospital Universit\u00e1rio Alcides Carneiro\/UFCG<\/td><td>2<\/td><td>0<\/td><\/tr><tr><td>DF<\/td><td>Hospital Santa L\u00facia S\/A<\/td><td>2<\/td><td>0<\/td><\/tr><tr><td>SE<\/td><td>Universidade Federal de Sergipe<\/td><td>3<\/td><td>0<\/td><\/tr><tr><td>RJ<\/td><td>Universidade Federal Fluminense\/Hospital Universit\u00e1rio Antonio Pedro<\/td><td>2<\/td><td>0<\/td><\/tr><tr><td>MG<\/td><td>Hospital das Cl\u00ednicas da UFMG &#8211; HC\/UFMG (Hospital das Cl\u00ednicas da Universidade Federal de Minas Gerais)<\/td><td>2<\/td><td>0<\/td><\/tr><tr><td>MG<\/td><td>Hospital J\u00falia Kubitscheck<\/td><td>4<\/td><td>0<\/td><\/tr><tr><td>MG<\/td><td>Universidade Federal de Juiz de Fora (Hospital Universit\u00e1rio da UFJF)<\/td><td>2<\/td><td>0<\/td><\/tr><tr><td>CE<\/td><td>Universidade Federal do Cear\u00e1 (Hospital Universit\u00e1rio Walter Cant\u00eddio &#8211; HUWC)<\/td><td>2<\/td><td>0<\/td><\/tr><tr><td>MA<\/td><td>Hospital Universit\u00e1rio do Maranh\u00e3o<\/td><td>2<\/td><td>0<\/td><\/tr><tr><td>DF<\/td><td>Universidade de Bras\u00edlia<\/td><td>2<\/td><td>0<\/td><\/tr><tr><td>CE<\/td><td>Secretaria da Sa\u00fade do Estado do Cear\u00e1 (Hospital Carlos Alberto Studart Gomes Messejana)<\/td><td>6<\/td><td>0<\/td><\/tr><tr><td>RJ<\/td><td>Universidade Federal do Rio de Janeiro (Instituto de Doen\u00e7as do T\u00f3rax &#8211; IDT)<\/td><td>4<\/td><td>0<\/td><\/tr><tr><td>BA<\/td><td>Universidade Federal da Bahia<\/td><td>2<\/td><td>0<\/td><\/tr><tr><td>PR<\/td><td>Universidade Federal do Paran\u00e1 &#8211; Complexo Hospital de Cl\u00ednicas<\/td><td>2<\/td><td>0<\/td><\/tr><tr><td>CE<\/td><td>Secretaria da Sa\u00fade do Estado do Cear\u00e1 (Hospital Geral Dr. C\u00e9sar Cals)<\/td><td>1<\/td><td>0<\/td><\/tr><tr><td>RJ<\/td><td>Universidade Federal do Estado do Rio de Janeiro (Hospital Universit\u00e1rio Gaffr\u00e9e e Guinle)<\/td><td>1<\/td><td>0<\/td><\/tr><tr><td>MS<\/td><td>Funda\u00e7\u00e3o Universidade Federal de Mato Grosso do Sul &#8211; UFMS (Hospital Universit\u00e1rio Maria Aparecida Pedrossian &#8211; HUMAP)<\/td><td>2<\/td><td>0<\/td><\/tr><tr><td>PE<\/td><td>Universidade Federal de Pernambuco (Hospital das Cl\u00ednicas Professor Romero Marques)<\/td><td>2<\/td><td>0<\/td><\/tr><tr><td>RJ<\/td><td>Hospital de For\u00e7a A\u00e9rea do Gale\u00e3o<\/td><td>2<\/td><td>0<\/td><\/tr><\/tbody><\/table><\/figure>\n\n\n\n<h5 class=\"wp-block-heading\">Reumatologia<\/h5>\n\n\n\n<figure class=\"wp-block-table\"><table class=\"has-fixed-layout\"><tbody><tr><td><strong>UF<\/strong><\/td><td><strong>Institui\u00e7\u00e3o<\/strong><\/td><td><strong>N\u00b0 de Vagas<\/strong><\/td><td><strong>Reserva de Vagas (Reserva Militar)<\/strong><\/td><\/tr><tr><td>CE<\/td><td>Secretaria da Sa\u00fade do Estado do Cear\u00e1 (Hospital Geral de Fortaleza)<\/td><td>4<\/td><td>0<\/td><\/tr><tr><td>MS<\/td><td>Funda\u00e7\u00e3o Universidade Federal de Mato Grosso do Sul &#8211; UFMS (Hospital Universit\u00e1rio Maria Aparecida Pedrossian &#8211; HUMAP)<\/td><td>2<\/td><td>0<\/td><\/tr><tr><td>RJ<\/td><td>Universidade Federal do Estado do Rio de Janeiro (Hospital Universit\u00e1rio Gaffr\u00e9e e Guinle)<\/td><td>2<\/td><td>0<\/td><\/tr><tr><td>PE<\/td><td>Universidade Federal de Pernambuco (Hospital das Cl\u00ednicas Professor Romero Marques)<\/td><td>4<\/td><td>0<\/td><\/tr><tr><td>MG<\/td><td>Universidade Federal de Uberl\u00e2ndia &#8211; UFU<\/td><td>2<\/td><td>0<\/td><\/tr><tr><td>BA<\/td><td>Universidade Federal da Bahia<\/td><td>4<\/td><td>0<\/td><\/tr><tr><td>MG<\/td><td>Universidade Federal de Juiz de Fora (Hospital Universit\u00e1rio da UFJF)<\/td><td>2<\/td><td>0<\/td><\/tr><tr><td>AL<\/td><td>Universidade Federal de Alagoas<\/td><td>1<\/td><td>0<\/td><\/tr><tr><td>TO<\/td><td>Funda\u00e7\u00e3o Universidade Federal do Tocantins (Hospital Geral de Palmas &#8211; HGP)<\/td><td>1<\/td><td>0<\/td><\/tr><tr><td>ES<\/td><td>Universidade Federal do Esp\u00edrito Santo<\/td><td>3<\/td><td>0<\/td><\/tr><tr><td>PI<\/td><td>Hospital Universit\u00e1rio da Universidade Federal do Piau\u00ed<\/td><td>2<\/td><td>0<\/td><\/tr><tr><td>PB<\/td><td>Universidade Federal da Para\u00edba &#8211; UFPB<\/td><td>2<\/td><td>0<\/td><\/tr><tr><td>RJ<\/td><td>Hospital Federal dos Servidores do Estado<\/td><td>5<\/td><td>0<\/td><\/tr><tr><td>RJ<\/td><td>Universidade Federal Fluminense\/Hospital Universit\u00e1rio Antonio Pedro<\/td><td>2<\/td><td>0<\/td><\/tr><tr><td>RN<\/td><td>Universidade Federal do Rio Grande do Norte (Hospital Universit\u00e1rio Onofre Lopes)<\/td><td>1<\/td><td>0<\/td><\/tr><tr><td>AM<\/td><td>Funda\u00e7\u00e3o Universidade do Amazonas &#8211; FUA<\/td><td>2<\/td><td>0<\/td><\/tr><tr><td>RJ<\/td><td>Universidade Federal do Rio de Janeiro (Hospital Universit\u00e1rio Clementino Fraga Filho &#8211; HUCFF)<\/td><td>4<\/td><td>0<\/td><\/tr><tr><td>SE<\/td><td>Universidade Federal de Sergipe<\/td><td>2<\/td><td>0<\/td><\/tr><tr><td>CE<\/td><td>Secretaria da Sa\u00fade do Estado do Cear\u00e1 (Hospital Geral Dr. C\u00e9sar Cals)<\/td><td>2<\/td><td>0<\/td><\/tr><tr><td>DF<\/td><td>Universidade de Bras\u00edlia<\/td><td>4<\/td><td>0<\/td><\/tr><tr><td>MG<\/td><td>Hospital das Cl\u00ednicas da UFMG &#8211; HC\/UFMG (Hospital das Cl\u00ednicas da Universidade Federal de Minas Gerais)<\/td><td>4<\/td><td>0<\/td><\/tr><tr><td>CE<\/td><td>Universidade Federal do Cear\u00e1 (Hospital Universit\u00e1rio Walter Cant\u00eddio &#8211; HUWC)<\/td><td>2<\/td><td>0<\/td><\/tr><tr><td>PR<\/td><td>Universidade Federal do Paran\u00e1 &#8211; Complexo Hospital de Cl\u00ednicas<\/td><td>4<\/td><td>0<\/td><\/tr><\/tbody><\/table><\/figure>\n\n\n\n<h5 class=\"wp-block-heading\">Transplante de Medula \u00d3ssea Pedi\u00e1trica<\/h5>\n\n\n\n<figure class=\"wp-block-table\"><table class=\"has-fixed-layout\"><tbody><tr><td><strong>UF<\/strong><\/td><td><strong>Institui\u00e7\u00e3o<\/strong><\/td><td><strong>N\u00b0 de Vagas<\/strong><\/td><td><strong>Reserva de Vagas (Reserva Militar)<\/strong><\/td><\/tr><tr><td>RJ<\/td><td>Instituto Nacional de C\u00e2ncer<\/td><td>3<\/td><td>0<\/td><\/tr><\/tbody><\/table><\/figure>\n\n\n\n<h5 class=\"wp-block-heading\">Urologia<\/h5>\n\n\n\n<figure class=\"wp-block-table\"><table class=\"has-fixed-layout\"><tbody><tr><td><strong>UF<\/strong><\/td><td><strong>Institui\u00e7\u00e3o<\/strong><\/td><td><strong>N\u00b0 de Vagas<\/strong><\/td><td><strong>Reserva de Vagas (Reserva Militar)<\/strong><\/td><\/tr><tr><td>CE<\/td><td>Universidade Federal do Cear\u00e1 (Hospital Universit\u00e1rio Walter Cant\u00eddio &#8211; HUWC)<\/td><td>2<\/td><td>0<\/td><\/tr><tr><td>RJ<\/td><td>Universidade Federal do Rio de Janeiro (Hospital Universit\u00e1rio Clementino Fraga Filho &#8211; HUCFF)<\/td><td>2<\/td><td>0<\/td><\/tr><tr><td>PR<\/td><td>Universidade Federal do Paran\u00e1 &#8211; Complexo Hospital de Cl\u00ednicas<\/td><td>2<\/td><td>0<\/td><\/tr><tr><td>SP<\/td><td>Funda\u00e7\u00e3o Doutor Amaral Carvalho<\/td><td>2<\/td><td>0<\/td><\/tr><tr><td>SP<\/td><td>Hospital do Servidor P\u00fablico Municipal<\/td><td>2<\/td><td>0<\/td><\/tr><tr><td>RJ<\/td><td>Secretaria Municipal de Sa\u00fade do Rio de Janeiro<\/td><td>14<\/td><td>0<\/td><\/tr><tr><td>RJ<\/td><td>Hospital Federal de Ipanema<\/td><td>3<\/td><td>0<\/td><\/tr><tr><td>AM<\/td><td>Funda\u00e7\u00e3o Universidade do Amazonas &#8211; FUA<\/td><td>1<\/td><td>0<\/td><\/tr><tr><td>MS<\/td><td>Funda\u00e7\u00e3o Universidade Federal de Mato Grosso do Sul &#8211; UFMS (Hospital Universit\u00e1rio Maria Aparecida Pedrossian &#8211; HUMAP)<\/td><td>1<\/td><td>0<\/td><\/tr><tr><td>RJ<\/td><td>Hospital Federal de Bonsucesso<\/td><td>2<\/td><td>0<\/td><\/tr><tr><td>BA<\/td><td>Universidade Federal da Bahia<\/td><td>2<\/td><td>0<\/td><\/tr><tr><td>BA<\/td><td>Hospital Geral Roberto Santos<\/td><td>4<\/td><td>0<\/td><\/tr><tr><td>RJ<\/td><td>Funda\u00e7\u00e3o Octac\u00edlio Gualberto &#8211; UNIFASE\/FMP (Hospital Alcides Carneiro)<\/td><td>1<\/td><td>0<\/td><\/tr><tr><td>SP<\/td><td>Hospital Militar de \u00c1rea de S\u00e3o Paulo<\/td><td>1<\/td><td>0<\/td><\/tr><tr><td>SP<\/td><td>Munic\u00edpio de Piracicaba<\/td><td>1<\/td><td>0<\/td><\/tr><tr><td>MG<\/td><td>Universidade Federal de Uberl\u00e2ndia &#8211; UFU<\/td><td>2<\/td><td>0<\/td><\/tr><tr><td>MT<\/td><td>Universidade Federal de Mato Grosso (Hospital Universit\u00e1rio J\u00falio M\u00fcller)<\/td><td>1<\/td><td>0<\/td><\/tr><tr><td>MA<\/td><td>Hospital Universit\u00e1rio do Maranh\u00e3o<\/td><td>2<\/td><td>0<\/td><\/tr><tr><td>RJ<\/td><td>Hospital Federal dos Servidores do Estado<\/td><td>3<\/td><td>0<\/td><\/tr><tr><td>RJ<\/td><td>Hospital Central da Aeron\u00e1utica<\/td><td>2<\/td><td>0<\/td><\/tr><tr><td>DF<\/td><td>Universidade de Bras\u00edlia<\/td><td>1<\/td><td>0<\/td><\/tr><tr><td>RJ<\/td><td>Hospital Central da Pol\u00edcia Militar<\/td><td>2<\/td><td>0<\/td><\/tr><tr><td>MA<\/td><td>Hospital Dr. Carlos Macieira<\/td><td>1<\/td><td>0<\/td><\/tr><tr><td>CE<\/td><td>Secretaria da Sa\u00fade do Estado do Cear\u00e1 (Hospital Geral Dr. C\u00e9sar Cals)<\/td><td>1<\/td><td>0<\/td><\/tr><tr><td>PE<\/td><td>Universidade Federal de Pernambuco (Hospital das Cl\u00ednicas Professor Romero Marques)<\/td><td>2<\/td><td>0<\/td><\/tr><tr><td>CE<\/td><td>Secretaria da Sa\u00fade do Estado do Cear\u00e1 (Hospital Geral de Fortaleza)<\/td><td>2<\/td><td>0<\/td><\/tr><tr><td>RJ<\/td><td>Universidade Federal do Estado do Rio de Janeiro (Hospital Universit\u00e1rio Gaffr\u00e9e e Guinle)<\/td><td>2<\/td><td>0<\/td><\/tr><tr><td>MG<\/td><td>Universidade Federal de Juiz de Fora (Hospital Universit\u00e1rio da UFJF)<\/td><td>1<\/td><td>0<\/td><\/tr><tr><td>RJ<\/td><td>Universidade Federal Fluminense\/Hospital Universit\u00e1rio Antonio Pedro<\/td><td>2<\/td><td>0<\/td><\/tr><tr><td>MG<\/td><td>Hospital das Cl\u00ednicas da UFMG &#8211; HC\/UFMG (Hospital das Cl\u00ednicas da Universidade Federal de Minas Gerais)<\/td><td>3<\/td><td>0<\/td><\/tr><tr><td>CE<\/td><td>Irmandade Beneficente da Santa Casa de Miseric\u00f3rdia de Fortaleza<\/td><td>1<\/td><td>0<\/td><\/tr><tr><td>ES<\/td><td>Universidade Federal do Esp\u00edrito Santo<\/td><td>3<\/td><td>0<\/td><\/tr><tr><td>RN<\/td><td>Universidade Federal do Rio Grande do Norte (Hospital Universit\u00e1rio Onofre Lopes)<\/td><td>2<\/td><td>0<\/td><\/tr><tr><td>DF<\/td><td>Hospital das For\u00e7as Armadas<\/td><td>1<\/td><td>0<\/td><\/tr><tr><td>RJ<\/td><td>Hospital Federal da Lagoa<\/td><td>3<\/td><td>0<\/td><\/tr><\/tbody><\/table><\/figure>\n\n\n\n<h4 class=\"wp-block-heading\">Vagas ENARE &#8211; \u00c1rea de Atua\u00e7\u00e3o<\/h4>\n\n\n\n<h5 class=\"wp-block-heading\">Administra\u00e7\u00e3o em Sa\u00fade P\u00fablica<\/h5>\n\n\n\n<figure class=\"wp-block-table\"><table class=\"has-fixed-layout\"><tbody><tr><td><strong>UF<\/strong><\/td><td><strong>Institui\u00e7\u00e3o<\/strong><\/td><td><strong>N\u00b0 de Vagas<\/strong><\/td><td><strong>Reserva de Vagas (Reserva Militar)<\/strong><\/td><\/tr><tr><td>CE<\/td><td>Escola de Sa\u00fade P\u00fablica do Cear\u00e1 (Rede de Aten\u00e7\u00e3o \u00e0 Sa\u00fade de Fortaleza)<\/td><td>2<\/td><td>0<\/td><\/tr><tr><td>RJ<\/td><td>Universidade Federal Fluminense\/Hospital Universit\u00e1rio Antonio Pedro<\/td><td>2<\/td><td>0<\/td><\/tr><\/tbody><\/table><\/figure>\n\n\n\n<h5 class=\"wp-block-heading\">Alergia e Imunologia Pedi\u00e1trica<\/h5>\n\n\n\n<figure class=\"wp-block-table\"><table class=\"has-fixed-layout\"><tbody><tr><td><strong>UF<\/strong><\/td><td><strong>Institui\u00e7\u00e3o<\/strong><\/td><td><strong>N\u00b0 de Vagas<\/strong><\/td><td><strong>Reserva de Vagas (Reserva Militar)<\/strong><\/td><\/tr><tr><td>PR<\/td><td>Universidade Federal do Paran\u00e1 &#8211; Complexo Hospital de Cl\u00ednicas<\/td><td>2<\/td><td>0<\/td><\/tr><tr><td>MG<\/td><td>Hospital das Cl\u00ednicas da UFMG &#8211; HC\/UFMG (Hospital das Cl\u00ednicas da Universidade Federal de Minas Gerais)<\/td><td>2<\/td><td>0<\/td><\/tr><tr><td>RJ<\/td><td>Hospital Federal dos Servidores do Estado<\/td><td>3<\/td><td>0<\/td><\/tr><tr><td>RJ<\/td><td>Universidade Federal do Rio de Janeiro (Instituto de Puericultura e Pediatria Martag\u00e3o Gesteira &#8211; IPPMG)<\/td><td>2<\/td><td>0<\/td><\/tr><tr><td>PE<\/td><td>Universidade Federal de Pernambuco (Hospital das Cl\u00ednicas Professor Romero Marques)<\/td><td>2<\/td><td>0<\/td><\/tr><tr><td>MG<\/td><td>Universidade Federal de Uberl\u00e2ndia &#8211; UFU<\/td><td>2<\/td><td>0<\/td><\/tr><\/tbody><\/table><\/figure>\n\n\n\n<h5 class=\"wp-block-heading\">Angiorradiologia e Cirurgia Endovascular<\/h5>\n\n\n\n<figure class=\"wp-block-table\"><table class=\"has-fixed-layout\"><tbody><tr><td><strong>UF<\/strong><\/td><td><strong>Institui\u00e7\u00e3o<\/strong><\/td><td><strong>N\u00b0 de Vagas<\/strong><\/td><td><strong>Reserva de Vagas (Reserva Militar)<\/strong><\/td><\/tr><tr><td>RJ<\/td><td>Hospital S\u00e3o Jo\u00e3o Batista<\/td><td>1<\/td><td>0<\/td><\/tr><tr><td>PE<\/td><td>Universidade Federal do Vale do S\u00e3o Francisco &#8211; UNIVASF<\/td><td>1<\/td><td>0<\/td><\/tr><tr><td>PR<\/td><td>Universidade Federal do Paran\u00e1 &#8211; Complexo Hospital de Cl\u00ednicas<\/td><td>1<\/td><td>0<\/td><\/tr><tr><td>RJ<\/td><td>Hospital Federal dos Servidores do Estado<\/td><td>2<\/td><td>0<\/td><\/tr><tr><td>RJ<\/td><td>Hospital Federal da Lagoa<\/td><td>2<\/td><td>0<\/td><\/tr><tr><td>BA<\/td><td>Hospital Ana Nery<\/td><td>2<\/td><td>0<\/td><\/tr><tr><td>SP<\/td><td>Hospital Municipal Dr. C\u00e1rmino Caricchio<\/td><td>4<\/td><td>0<\/td><\/tr><tr><td>RJ<\/td><td>Universidade Federal do Rio de Janeiro (Hospital Universit\u00e1rio Clementino Fraga Filho &#8211; HUCFF)<\/td><td>2<\/td><td>0<\/td><\/tr><tr><td>DF<\/td><td>Universidade de Bras\u00edlia<\/td><td>1<\/td><td>0<\/td><\/tr><tr><td>RJ<\/td><td>Hospital Central do Ex\u00e9rcito<\/td><td>1<\/td><td>0<\/td><\/tr><tr><td>MA<\/td><td>Hospital Universit\u00e1rio do Maranh\u00e3o<\/td><td>1<\/td><td>0<\/td><\/tr><tr><td>PE<\/td><td>Universidade Federal de Pernambuco (Hospital das Cl\u00ednicas Professor Romero Marques)<\/td><td>2<\/td><td>0<\/td><\/tr><tr><td>BA<\/td><td>Hospital Geral Roberto Santos<\/td><td>1<\/td><td>0<\/td><\/tr><tr><td>TO<\/td><td>Funda\u00e7\u00e3o Universidade Federal do Tocantins (Hospital Geral de Palmas &#8211; HGP)<\/td><td>1<\/td><td>0<\/td><\/tr><tr><td>RJ<\/td><td>Secretaria Municipal de Sa\u00fade do Rio de Janeiro<\/td><td>3<\/td><td>0<\/td><\/tr><\/tbody><\/table><\/figure>\n\n\n\n<h5 class=\"wp-block-heading\">Atendimento ao Queimado<\/h5>\n\n\n\n<figure class=\"wp-block-table\"><table class=\"has-fixed-layout\"><tbody><tr><td><strong>UF<\/strong><\/td><td><strong>Institui\u00e7\u00e3o<\/strong><\/td><td><strong>N\u00b0 de Vagas<\/strong><\/td><td><strong>Reserva de Vagas (Reserva Militar)<\/strong><\/td><\/tr><tr><td>BA<\/td><td>Hospital Geral do Estado &#8211; HGE Bahia<\/td><td>2<\/td><td>0<\/td><\/tr><tr><td>RJ<\/td><td>Secretaria Municipal de Sa\u00fade do Rio de Janeiro<\/td><td>4<\/td><td>0<\/td><\/tr><\/tbody><\/table><\/figure>\n\n\n\n<h5 class=\"wp-block-heading\">Cardiologia Pedi\u00e1trica<\/h5>\n\n\n\n<figure class=\"wp-block-table\"><table class=\"has-fixed-layout\"><tbody><tr><td><strong>UF<\/strong><\/td><td><strong>Institui\u00e7\u00e3o<\/strong><\/td><td><strong>N\u00b0 de Vagas<\/strong><\/td><td><strong>Reserva de Vagas (Reserva Militar)<\/strong><\/td><\/tr><tr><td>RJ<\/td><td>Hospital Federal de Bonsucesso<\/td><td>3<\/td><td>0<\/td><\/tr><tr><td>CE<\/td><td>Secretaria da Sa\u00fade do Estado do Cear\u00e1 (Hospital Carlos Alberto Studart Gomes Messejana)<\/td><td>2<\/td><td>0<\/td><\/tr><tr><td>DF<\/td><td>Funda\u00e7\u00e3o Universit\u00e1ria de Cardiologia &#8211; Instituto de Cardiologia e Transplantes do Distrito Federal<\/td><td>2<\/td><td>0<\/td><\/tr><tr><td>RJ<\/td><td>Instituto Nacional de Cardiologia<\/td><td>3<\/td><td>0<\/td><\/tr><tr><td>BA<\/td><td>Universidade Federal da Bahia<\/td><td>3<\/td><td>0<\/td><\/tr><tr><td>MG<\/td><td>Universidade Federal de Uberl\u00e2ndia &#8211; UFU<\/td><td>1<\/td><td>0<\/td><\/tr><tr><td>MG<\/td><td>Hospital das Cl\u00ednicas da UFMG &#8211; HC\/UFMG (Hospital das Cl\u00ednicas da Universidade Federal de Minas Gerais)<\/td><td>2<\/td><td>0<\/td><\/tr><\/tbody><\/table><\/figure>\n\n\n\n<h5 class=\"wp-block-heading\">Cirurgia Bari\u00e1trica<\/h5>\n\n\n\n<figure class=\"wp-block-table\"><table class=\"has-fixed-layout\"><tbody><tr><td><strong>UF<\/strong><\/td><td><strong>Institui\u00e7\u00e3o<\/strong><\/td><td><strong>N\u00b0 de Vagas<\/strong><\/td><td><strong>Reserva de Vagas (Reserva Militar)<\/strong><\/td><\/tr><tr><td>MA<\/td><td>Hospital Universit\u00e1rio do Maranh\u00e3o<\/td><td>2<\/td><td>0<\/td><\/tr><tr><td>PE<\/td><td>Universidade Federal de Pernambuco (Hospital das Cl\u00ednicas Professor Romero Marques)<\/td><td>1<\/td><td>0<\/td><\/tr><\/tbody><\/table><\/figure>\n\n\n\n<h5 class=\"wp-block-heading\">Cirurgia Cr\u00e2nio-Maxilo-Facial<\/h5>\n\n\n\n<figure class=\"wp-block-table\"><table class=\"has-fixed-layout\"><tbody><tr><td><strong>UF<\/strong><\/td><td><strong>Institui\u00e7\u00e3o<\/strong><\/td><td><strong>N\u00b0 de Vagas<\/strong><\/td><td><strong>Reserva de Vagas (Reserva Militar)<\/strong><\/td><\/tr><tr><td>MG<\/td><td>Universidade Federal de Uberl\u00e2ndia &#8211; UFU<\/td><td>2<\/td><td>0<\/td><\/tr><\/tbody><\/table><\/figure>\n\n\n\n<h5 class=\"wp-block-heading\">Cirurgia do Trauma<\/h5>\n\n\n\n<figure class=\"wp-block-table\"><table class=\"has-fixed-layout\"><tbody><tr><td><strong>UF<\/strong><\/td><td><strong>Institui\u00e7\u00e3o<\/strong><\/td><td><strong>N\u00b0 de Vagas<\/strong><\/td><td><strong>Reserva de Vagas (Reserva Militar)<\/strong><\/td><\/tr><tr><td>RJ<\/td><td>Secretaria Municipal de Sa\u00fade do Rio de Janeiro<\/td><td>2<\/td><td>0<\/td><\/tr><tr><td>BA<\/td><td>Hospital do Sub\u00farbio \/ Prodal Sa\u00fade<\/td><td>4<\/td><td>0<\/td><\/tr><tr><td>MG<\/td><td>Hospital Jo\u00e3o XXIII<\/td><td>10<\/td><td>0<\/td><\/tr><tr><td>BA<\/td><td>Hospital Geral do Estado &#8211; HGE Bahia<\/td><td>2<\/td><td>0<\/td><\/tr><\/tbody><\/table><\/figure>\n\n\n\n<h5 class=\"wp-block-heading\">Cirurgia Videolaparosc\u00f3pica<\/h5>\n\n\n\n<figure class=\"wp-block-table\"><table class=\"has-fixed-layout\"><tbody><tr><td><strong>UF<\/strong><\/td><td><strong>Institui\u00e7\u00e3o<\/strong><\/td><td><strong>N\u00b0 de Vagas<\/strong><\/td><td><strong>Reserva de Vagas (Reserva Militar)<\/strong><\/td><\/tr><tr><td>PI<\/td><td>Hospital Universit\u00e1rio da Universidade Federal do Piau\u00ed<\/td><td>1<\/td><td>0<\/td><\/tr><\/tbody><\/table><\/figure>\n\n\n\n<h5 class=\"wp-block-heading\">Citopatologia<\/h5>\n\n\n\n<figure class=\"wp-block-table\"><table class=\"has-fixed-layout\"><tbody><tr><td><strong>UF<\/strong><\/td><td><strong>Institui\u00e7\u00e3o<\/strong><\/td><td><strong>N\u00b0 de Vagas<\/strong><\/td><td><strong>Reserva de Vagas (Reserva Militar)<\/strong><\/td><\/tr><tr><td>RJ<\/td><td>Instituto Nacional de C\u00e2ncer<\/td><td>3<\/td><td>0<\/td><\/tr><\/tbody><\/table><\/figure>\n\n\n\n<h5 class=\"wp-block-heading\">Dor<\/h5>\n\n\n\n<figure class=\"wp-block-table\"><table class=\"has-fixed-layout\"><tbody><tr><td><strong>UF<\/strong><\/td><td><strong>Institui\u00e7\u00e3o<\/strong><\/td><td><strong>N\u00b0 de Vagas<\/strong><\/td><td><strong>Reserva de Vagas (Reserva Militar)<\/strong><\/td><\/tr><tr><td>CE<\/td><td>Universidade Federal do Cear\u00e1 (Hospital Universit\u00e1rio Walter Cant\u00eddio &#8211; HUWC)<\/td><td>2<\/td><td>0<\/td><\/tr><tr><td>SP<\/td><td>Uni\u00e3o Social Camiliana (Hospital S\u00e3o Camilo Ipiranga)<\/td><td>1<\/td><td>0<\/td><\/tr><tr><td>PR<\/td><td>Universidade Federal do Paran\u00e1 &#8211; Complexo Hospital de Cl\u00ednicas<\/td><td>2<\/td><td>0<\/td><\/tr><tr><td>CE<\/td><td>Instituto Dr. Jos\u00e9 Frota<\/td><td>1<\/td><td>0<\/td><\/tr><\/tbody><\/table><\/figure>\n\n\n\n<h5 class=\"wp-block-heading\">Ecocardiografia<\/h5>\n\n\n\n<figure class=\"wp-block-table\"><table class=\"has-fixed-layout\"><tbody><tr><td><strong>UF<\/strong><\/td><td><strong>Institui\u00e7\u00e3o<\/strong><\/td><td><strong>N\u00b0 de Vagas<\/strong><\/td><td><strong>Reserva de Vagas (Reserva Militar)<\/strong><\/td><\/tr><tr><td>CE<\/td><td>Secretaria da Sa\u00fade do Estado do Cear\u00e1 (Hospital Carlos Alberto Studart Gomes Messejana)<\/td><td>2<\/td><td>0<\/td><\/tr><tr><td>MG<\/td><td>Hospital das Cl\u00ednicas da UFMG &#8211; HC\/UFMG (Hospital das Cl\u00ednicas da Universidade Federal de Minas Gerais)<\/td><td>2<\/td><td>0<\/td><\/tr><tr><td>CE<\/td><td>Universidade Federal do Cear\u00e1 (Hospital Universit\u00e1rio Walter Cant\u00eddio &#8211; HUWC)<\/td><td>2<\/td><td>0<\/td><\/tr><tr><td>AL<\/td><td>Hospital do Cora\u00e7\u00e3o Alagoano Professor Adib Jatene\/Hemoal<\/td><td>1<\/td><td>0<\/td><\/tr><tr><td>DF<\/td><td>Funda\u00e7\u00e3o Universit\u00e1ria de Cardiologia &#8211; Instituto de Cardiologia e Transplantes do Distrito Federal<\/td><td>2<\/td><td>0<\/td><\/tr><tr><td>PE<\/td><td>Universidade Federal do Vale do S\u00e3o Francisco &#8211; UNIVASF<\/td><td>1<\/td><td>0<\/td><\/tr><tr><td>RJ<\/td><td>Hospital Federal dos Servidores do Estado<\/td><td>1<\/td><td>0<\/td><\/tr><tr><td>RJ<\/td><td>Universidade Federal do Rio de Janeiro (Hospital Universit\u00e1rio Clementino Fraga Filho &#8211; HUCFF)<\/td><td>2<\/td><td>0<\/td><\/tr><tr><td>MG<\/td><td>Universidade Federal de Uberl\u00e2ndia &#8211; UFU<\/td><td>1<\/td><td>0<\/td><\/tr><tr><td>BA<\/td><td>Universidade Federal da Bahia<\/td><td>2<\/td><td>0<\/td><\/tr><tr><td>RN<\/td><td>Universidade Federal do Rio Grande do Norte (Hospital Universit\u00e1rio Onofre Lopes)<\/td><td>2<\/td><td>0<\/td><\/tr><tr><td>RJ<\/td><td>Universidade Federal Fluminense (Hospital Universit\u00e1rio Antonio Pedro)<\/td><td>1<\/td><td>0<\/td><\/tr><tr><td>MA<\/td><td>Hospital Universit\u00e1rio do Maranh\u00e3o<\/td><td>1<\/td><td>0<\/td><\/tr><tr><td>RJ<\/td><td>Instituto Nacional de Cardiologia<\/td><td>3<\/td><td>0<\/td><\/tr><tr><td>PE<\/td><td>Universidade Federal de Pernambuco (Hospital das Cl\u00ednicas Professor Romero Marques)<\/td><td>2<\/td><td>0<\/td><\/tr><tr><td>PR<\/td><td>Universidade Federal do Paran\u00e1 &#8211; Complexo Hospital de Cl\u00ednicas<\/td><td>2<\/td><td>0<\/td><\/tr><tr><td>MG<\/td><td>Universidade Federal de Juiz de Fora &#8211; UFJF (Hospital Universit\u00e1rio da UFJF)<\/td><td>2<\/td><td>0<\/td><\/tr><\/tbody><\/table><\/figure>\n\n\n\n<h5 class=\"wp-block-heading\">Ecografia Vascular com Doppler<\/h5>\n\n\n\n<figure class=\"wp-block-table\"><table class=\"has-fixed-layout\"><tbody><tr><td><strong>UF<\/strong><\/td><td><strong>Institui\u00e7\u00e3o<\/strong><\/td><td><strong>N\u00b0 de vagas<\/strong><\/td><td><strong>Reserva de vagas (Reserva Militar)<\/strong><\/td><\/tr><tr><td>CE<\/td><td>Universidade Federal do Cear\u00e1 \/ HUWC<\/td><td>2<\/td><td>0<\/td><\/tr><tr><td>BA<\/td><td>Hospital Ana Nery<\/td><td>2<\/td><td>0<\/td><\/tr><tr><td>PE<\/td><td>Universidade Federal de Pernambuco \/ Hospital das Cl\u00ednicas Professor Romero Marques<\/td><td>2<\/td><td>0<\/td><\/tr><\/tbody><\/table><\/figure>\n\n\n\n<h5 class=\"wp-block-heading\">Eletrofisiologia Cl\u00ednica Invasiva<\/h5>\n\n\n\n<figure class=\"wp-block-table\"><table class=\"has-fixed-layout\"><tbody><tr><td><strong>UF<\/strong><\/td><td><strong>Institui\u00e7\u00e3o<\/strong><\/td><td><strong>N\u00b0 de vagas<\/strong><\/td><td><strong>Reserva de vagas (Reserva Militar)<\/strong><\/td><\/tr><tr><td>CE<\/td><td>Universidade Federal do Cear\u00e1 \/ HUWC<\/td><td>2<\/td><td>0<\/td><\/tr><tr><td>BA<\/td><td>Hospital Ana Nery<\/td><td>2<\/td><td>0<\/td><\/tr><tr><td>PE<\/td><td>Universidade Federal de Pernambuco \/ Hospital das Cl\u00ednicas Professor Romero Marques<\/td><td>2<\/td><td>0<\/td><\/tr><\/tbody><\/table><\/figure>\n\n\n\n<h5 class=\"wp-block-heading\">Emerg\u00eancia Pedi\u00e1trica<\/h5>\n\n\n\n<figure class=\"wp-block-table\"><table class=\"has-fixed-layout\"><tbody><tr><td><strong>UF<\/strong><\/td><td><strong>Institui\u00e7\u00e3o<\/strong><\/td><td><strong>N\u00b0 de vagas<\/strong><\/td><td><strong>Reserva de vagas (Reserva Militar)<\/strong><\/td><\/tr><tr><td>MG<\/td><td>Hospital Metropolitano Odilon Behrens<\/td><td>2<\/td><td>0<\/td><\/tr><tr><td>MG<\/td><td>Universidade Federal do Tri\u00e2ngulo Mineiro<\/td><td>1<\/td><td>0<\/td><\/tr><tr><td>AL<\/td><td>Hospital de Emerg\u00eancia Dr. Daniel Houly<\/td><td>1<\/td><td>0<\/td><\/tr><tr><td>CE<\/td><td>Escola de Sa\u00fade P\u00fablica do Cear\u00e1 \/ Rede de Aten\u00e7\u00e3o \u00e0 Sa\u00fade de Fortaleza<\/td><td>1<\/td><td>0<\/td><\/tr><tr><td>MG<\/td><td>Hospital Infantil Jo\u00e3o Paulo II<\/td><td>2<\/td><td>0<\/td><\/tr><tr><td>BA<\/td><td>Hospital Geral do Estado &#8211; HGE Bahia<\/td><td>2<\/td><td>0<\/td><\/tr><\/tbody><\/table><\/figure>\n\n\n\n<h5 class=\"wp-block-heading\">Endocrinologia Pedi\u00e1trica<\/h5>\n\n\n\n<figure class=\"wp-block-table\"><table class=\"has-fixed-layout\"><tbody><tr><td><strong>UF<\/strong><\/td><td><strong>Institui\u00e7\u00e3o<\/strong><\/td><td><strong>N\u00b0 de vagas<\/strong><\/td><td><strong>Reserva de vagas (Reserva Militar)<\/strong><\/td><\/tr><tr><td>RN<\/td><td>Universidade Federal do Rio Grande do Norte \/ HUOL<\/td><td>2<\/td><td>0<\/td><\/tr><tr><td>MG<\/td><td>Hospital Infantil Jo\u00e3o Paulo II<\/td><td>2<\/td><td>0<\/td><\/tr><tr><td>PR<\/td><td>Universidade Federal do Paran\u00e1 &#8211; Complexo Hospital de Cl\u00ednicas<\/td><td>3<\/td><td>0<\/td><\/tr><tr><td>MG<\/td><td>Universidade Federal de Uberl\u00e2ndia &#8211; UFU<\/td><td>1<\/td><td>0<\/td><\/tr><tr><td>PE<\/td><td>Universidade Federal de Pernambuco \/ HC Professor Romero Marques<\/td><td>3<\/td><td>0<\/td><\/tr><tr><td>RJ<\/td><td>Hospital Federal dos Servidores do Estado<\/td><td>2<\/td><td>0<\/td><\/tr><tr><td>CE<\/td><td>Universidade Federal do Cear\u00e1 \/ HUWC<\/td><td>2<\/td><td>0<\/td><\/tr><tr><td>DF<\/td><td>Universidade de Bras\u00edlia<\/td><td>3<\/td><td>0<\/td><\/tr><tr><td>BA<\/td><td>Universidade Federal da Bahia<\/td><td>2<\/td><td>0<\/td><\/tr><tr><td>RJ<\/td><td>Universidade Federal do Rio de Janeiro<\/td><td>2<\/td><td>0<\/td><\/tr><tr><td>MG<\/td><td>Hospital das Cl\u00ednicas da UFMG &#8211; HC\/UFMG<\/td><td>3<\/td><td>0<\/td><\/tr><\/tbody><\/table><\/figure>\n\n\n\n<h5 class=\"wp-block-heading\">Endoscopia Digestiva<\/h5>\n\n\n\n<figure class=\"wp-block-table\"><table class=\"has-fixed-layout\"><tbody><tr><td><strong>UF<\/strong><\/td><td><strong>Institui\u00e7\u00e3o<\/strong><\/td><td><strong>N\u00b0 de vagas<\/strong><\/td><td><strong>Reserva de vagas (Reserva Militar)<\/strong><\/td><\/tr><tr><td>RJ<\/td><td>Secretaria Municipal de Sa\u00fade do Rio de Janeiro<\/td><td>2<\/td><td>0<\/td><\/tr><tr><td>RJ<\/td><td>Hospital Federal de Bonsucesso<\/td><td>1<\/td><td>0<\/td><\/tr><tr><td>RN<\/td><td>Universidade Federal do Rio Grande do Norte \/ HUOL<\/td><td>2<\/td><td>0<\/td><\/tr><tr><td>MG<\/td><td>Universidade Federal de Juiz de Fora \/ HU-UFJF<\/td><td>2<\/td><td>0<\/td><\/tr><tr><td>MA<\/td><td>Hospital Universit\u00e1rio do Maranh\u00e3o<\/td><td>1<\/td><td>0<\/td><\/tr><tr><td>PI<\/td><td>Hospital Universit\u00e1rio da Universidade Federal do Piau\u00ed<\/td><td>2<\/td><td>0<\/td><\/tr><tr><td>CE<\/td><td>Universidade Federal do Cear\u00e1 \/ HUWC<\/td><td>1<\/td><td>0<\/td><\/tr><tr><td>RJ<\/td><td>Hospital Federal dos Servidores do Estado<\/td><td>1<\/td><td>0<\/td><\/tr><tr><td>ES<\/td><td>Universidade Federal do Esp\u00edrito Santo<\/td><td>2<\/td><td>0<\/td><\/tr><\/tbody><\/table><\/figure>\n\n\n\n<h5 class=\"wp-block-heading\">Endoscopia Ginecol\u00f3gica<\/h5>\n\n\n\n<figure class=\"wp-block-table\"><table class=\"has-fixed-layout\"><tbody><tr><td><strong>UF<\/strong><\/td><td><strong>Institui\u00e7\u00e3o<\/strong><\/td><td><strong>N\u00b0 de vagas<\/strong><\/td><td><strong>Reserva de vagas (Reserva Militar)<\/strong><\/td><\/tr><tr><td>RJ<\/td><td>Hospital Federal de Ipanema<\/td><td>2<\/td><td>0<\/td><\/tr><tr><td>PB<\/td><td>Escola de Sa\u00fade P\u00fablica da Para\u00edba (ESP-PB)<\/td><td>2<\/td><td>0<\/td><\/tr><tr><td>MA<\/td><td>Hospital Universit\u00e1rio do Maranh\u00e3o<\/td><td>1<\/td><td>0<\/td><\/tr><tr><td>RN<\/td><td>Universidade Federal do Rio Grande do Norte \/ Maternidade Escola Janu\u00e1rio Cicco<\/td><td>2<\/td><td>0<\/td><\/tr><tr><td>PB<\/td><td>Universidade Federal da Para\u00edba (UFPB)<\/td><td>2<\/td><td>0<\/td><\/tr><tr><td>RJ<\/td><td>Hospital Federal dos Servidores do Estado<\/td><td>2<\/td><td>0<\/td><\/tr><tr><td>RJ<\/td><td>Hospital Central da Aeron\u00e1utica<\/td><td>1<\/td><td>0<\/td><\/tr><tr><td>CE<\/td><td>Universidade Federal do Cear\u00e1 \/ MEAC<\/td><td>2<\/td><td>0<\/td><\/tr><tr><td>BA<\/td><td>Universidade Federal da Bahia<\/td><td>2<\/td><td>0<\/td><\/tr><tr><td>CE<\/td><td>Secretaria da Sa\u00fade do Estado do Cear\u00e1 \/ Hospital Geral Dr. C\u00e9sar Cals<\/td><td>2<\/td><td>0<\/td><\/tr><tr><td>MG<\/td><td>Maternidade Odete Valadares<\/td><td>1<\/td><td>0<\/td><\/tr><tr><td>SP<\/td><td>Hospital Municipal Maternidade Escola Dr. M\u00e1rio de Moraes Altenfelder Silva<\/td><td>3<\/td><td>0<\/td><\/tr><tr><td>PE<\/td><td>Universidade Federal de Pernambuco \/ HC Professor Romero Marques<\/td><td>1<\/td><td>0<\/td><\/tr><\/tbody><\/table><\/figure>\n\n\n\n<h5 class=\"wp-block-heading\">Endoscopia Respirat\u00f3ria<\/h5>\n\n\n\n<figure class=\"wp-block-table\"><table class=\"has-fixed-layout\"><tbody><tr><td><strong>UF<\/strong><\/td><td><strong>Institui\u00e7\u00e3o<\/strong><\/td><td><strong>N\u00b0 de vagas<\/strong><\/td><td><strong>Reserva de vagas (Reserva Militar)<\/strong><\/td><\/tr><tr><td>MG<\/td><td>Hospital Julia Kubitscheck<\/td><td>1<\/td><td>0<\/td><\/tr><tr><td>RJ<\/td><td>Universidade Federal do Rio de Janeiro \/ Instituto de Doen\u00e7as do T\u00f3rax (IDT)<\/td><td>2<\/td><td>0<\/td><\/tr><tr><td>CE<\/td><td>Secretaria da Sa\u00fade do Estado do Cear\u00e1 \/ Hospital Carlos Alberto Studart Gomes (Messejana)<\/td><td>2<\/td><td>0<\/td><\/tr><tr><td>RJ<\/td><td>Universidade Federal Fluminense \/ Hospital Universit\u00e1rio Antonio Pedro<\/td><td>1<\/td><td>0<\/td><\/tr><\/tbody><\/table><\/figure>\n\n\n\n<h5 class=\"wp-block-heading\">Ergometria<\/h5>\n\n\n\n<figure class=\"wp-block-table\"><table class=\"has-fixed-layout\"><tbody><tr><td><strong>UF<\/strong><\/td><td><strong>Institui\u00e7\u00e3o<\/strong><\/td><td><strong>N\u00b0 de vagas<\/strong><\/td><td><strong>Reserva de vagas (Reserva Militar)<\/strong><\/td><\/tr><tr><td>RJ<\/td><td>Instituto Nacional de Cardiologia<\/td><td>1<\/td><td>0<\/td><\/tr><tr><td>PR<\/td><td>Universidade Federal do Paran\u00e1 &#8211; Complexo Hospital de Cl\u00ednicas<\/td><td>1<\/td><td>0<\/td><\/tr><\/tbody><\/table><\/figure>\n\n\n\n<h5 class=\"wp-block-heading\">Gastroenterologia Pedi\u00e1trica<\/h5>\n\n\n\n<figure class=\"wp-block-table\"><table class=\"has-fixed-layout\"><tbody><tr><td><strong>UF<\/strong><\/td><td><strong>Institui\u00e7\u00e3o<\/strong><\/td><td><strong>N\u00b0 de vagas<\/strong><\/td><td><strong>Reserva de vagas (Reserva Militar)<\/strong><\/td><\/tr><tr><td>PE<\/td><td>Universidade Federal de Pernambuco \/ HC Professor Romero Marques<\/td><td>2<\/td><td>0<\/td><\/tr><tr><td>SP<\/td><td>Hospital Municipal Infantil Menino Jesus<\/td><td>2<\/td><td>0<\/td><\/tr><tr><td>RN<\/td><td>Universidade Federal do Rio Grande do Norte \/ HUOL<\/td><td>2<\/td><td>0<\/td><\/tr><tr><td>RJ<\/td><td>Universidade Federal do Rio de Janeiro \/ IPPMG<\/td><td>4<\/td><td>0<\/td><\/tr><tr><td>MG<\/td><td>Hospital Infantil Jo\u00e3o Paulo II<\/td><td>1<\/td><td>0<\/td><\/tr><tr><td>CE<\/td><td>Secretaria da Sa\u00fade do Estado do Cear\u00e1 \/ Hospital Infantil Albert Sabin<\/td><td>1<\/td><td>0<\/td><\/tr><tr><td>BA<\/td><td>Universidade Federal da Bahia<\/td><td>3<\/td><td>0<\/td><\/tr><tr><td>MG<\/td><td>Hospital das Cl\u00ednicas da UFMG &#8211; HC\/UFMG<\/td><td>2<\/td><td>0<\/td><\/tr><tr><td>RJ<\/td><td>Hospital Federal de Bonsucesso<\/td><td>2<\/td><td>0<\/td><\/tr><tr><td>MG<\/td><td>Universidade Federal de Uberl\u00e2ndia &#8211; UFU<\/td><td>1<\/td><td>0<\/td><\/tr><\/tbody><\/table><\/figure>\n\n\n\n<h5 class=\"wp-block-heading\">Hansenologia<\/h5>\n\n\n\n<figure class=\"wp-block-table\"><table class=\"has-fixed-layout\"><tbody><tr><td><strong>UF<\/strong><\/td><td><strong>Institui\u00e7\u00e3o<\/strong><\/td><td><strong>N\u00b0 de vagas<\/strong><\/td><td><strong>Reserva de vagas (Reserva Militar)<\/strong><\/td><\/tr><tr><td>PE<\/td><td>Universidade Federal de Pernambuco \/ HC Professor Romero Marques<\/td><td>1<\/td><td>0<\/td><\/tr><tr><td>MG<\/td><td>Universidade Federal de Uberl\u00e2ndia &#8211; UFU<\/td><td>2<\/td><td>0<\/td><\/tr><tr><td>RJ<\/td><td>Universidade Federal do Estado do Rio de Janeiro \/ HU Gaffr\u00e9e e Guinle<\/td><td>3<\/td><td>0<\/td><\/tr><\/tbody><\/table><\/figure>\n\n\n\n<h5 class=\"wp-block-heading\">Hematologia e Hemoterapia Pedi\u00e1trica<\/h5>\n\n\n\n<figure class=\"wp-block-table\"><table class=\"has-fixed-layout\"><tbody><tr><td><strong>UF<\/strong><\/td><td><strong>Institui\u00e7\u00e3o<\/strong><\/td><td><strong>N\u00b0 de vagas<\/strong><\/td><td><strong>Reserva de vagas (Reserva Militar)<\/strong><\/td><\/tr><tr><td>MG<\/td><td>Hospital das Cl\u00ednicas da UFMG &#8211; HC\/UFMG<\/td><td>2<\/td><td>0<\/td><\/tr><tr><td>RJ<\/td><td>Hospital Federal dos Servidores do Estado<\/td><td>1<\/td><td>0<\/td><\/tr><tr><td>CE<\/td><td>Secretaria da Sa\u00fade do Estado do Cear\u00e1 \/ Hospital Infantil Albert Sabin<\/td><td>1<\/td><td>0<\/td><\/tr><tr><td>PR<\/td><td>Universidade Federal do Paran\u00e1 &#8211; Complexo Hospital de Cl\u00ednicas<\/td><td>1<\/td><td>0<\/td><\/tr><tr><td>RJ<\/td><td>Universidade Federal do Rio de Janeiro \/ IPPMG<\/td><td>2<\/td><td>0<\/td><\/tr><tr><td>RJ<\/td><td>Instituto Nacional de C\u00e2ncer<\/td><td>2<\/td><td>0<\/td><\/tr><tr><td>MG<\/td><td>Universidade Federal do Tri\u00e2ngulo Mineiro<\/td><td>1<\/td><td>0<\/td><\/tr><tr><td>RJ<\/td><td>Hospital Federal da Lagoa<\/td><td>2<\/td><td>0<\/td><\/tr><\/tbody><\/table><\/figure>\n\n\n\n<h5 class=\"wp-block-heading\">Hemodin\u00e2mica e Cardiologia Intervencionista<\/h5>\n\n\n\n<figure class=\"wp-block-table\"><table class=\"has-fixed-layout\"><tbody><tr><td><strong>UF<\/strong><\/td><td><strong>Institui\u00e7\u00e3o<\/strong><\/td><td><strong>N\u00b0 de vagas<\/strong><\/td><td><strong>Reserva de vagas (Reserva Militar)<\/strong><\/td><\/tr><tr><td>RJ<\/td><td>Hospital Federal dos Servidores do Estado<\/td><td>2<\/td><td>0<\/td><\/tr><tr><td>RJ<\/td><td>Universidade Federal Fluminense \/ Hospital Universit\u00e1rio Antonio Pedro<\/td><td>1<\/td><td>0<\/td><\/tr><tr><td>DF<\/td><td>Funda\u00e7\u00e3o Universit\u00e1ria de Cardiologia &#8211; Instituto de Cardiologia e Transplantes do DF<\/td><td>1<\/td><td>0<\/td><\/tr><tr><td>RJ<\/td><td>Hospital de For\u00e7a A\u00e9rea do Gale\u00e3o<\/td><td>2<\/td><td>0<\/td><\/tr><tr><td>CE<\/td><td>Secretaria da Sa\u00fade do Estado do Cear\u00e1 \/ Hospital Carlos Alberto Studart Gomes (Messejana)<\/td><td>1<\/td><td>0<\/td><\/tr><tr><td>RJ<\/td><td>Instituto Nacional de Cardiologia<\/td><td>3<\/td><td>0<\/td><\/tr><\/tbody><\/table><\/figure>\n\n\n\n<h5 class=\"wp-block-heading\">Hepatologia<\/h5>\n\n\n\n<figure class=\"wp-block-table\"><table class=\"has-fixed-layout\"><tbody><tr><td><strong>UF<\/strong><\/td><td><strong>Institui\u00e7\u00e3o<\/strong><\/td><td><strong>N\u00b0 de vagas<\/strong><\/td><td><strong>Reserva de vagas (Reserva Militar)<\/strong><\/td><\/tr><tr><td>PR<\/td><td>Universidade Federal do Paran\u00e1 &#8211; Complexo Hospital de Cl\u00ednicas<\/td><td>2<\/td><td>0<\/td><\/tr><tr><td>MG<\/td><td>Universidade Federal de Juiz de Fora \/ Hospital Universit\u00e1rio da UFJF<\/td><td>1<\/td><td>0<\/td><\/tr><tr><td>RJ<\/td><td>Universidade Federal do Rio de Janeiro \/ HUCFF<\/td><td>2<\/td><td>0<\/td><\/tr><tr><td>AL<\/td><td>Universidade Federal de Alagoas<\/td><td>1<\/td><td>0<\/td><\/tr><tr><td>ES<\/td><td>Universidade Federal do Esp\u00edrito Santo<\/td><td>1<\/td><td>0<\/td><\/tr><tr><td>RJ<\/td><td>Universidade Federal do Estado do Rio de Janeiro \/ HU Gaffr\u00e9e e Guinle<\/td><td>2<\/td><td>0<\/td><\/tr><tr><td>RJ<\/td><td>Hospital Federal de Bonsucesso<\/td><td>1<\/td><td>0<\/td><\/tr><tr><td>BA<\/td><td>Universidade Federal da Bahia<\/td><td>2<\/td><td>0<\/td><\/tr><tr><td>RJ<\/td><td>Universidade Federal Fluminense \/ Hospital Universit\u00e1rio Antonio Pedro<\/td><td>1<\/td><td>0<\/td><\/tr><\/tbody><\/table><\/figure>\n\n\n\n<h5 class=\"wp-block-heading\">Infectologia Hospitalar<\/h5>\n\n\n\n<figure class=\"wp-block-table\"><table class=\"has-fixed-layout\"><tbody><tr><td><strong>UF<\/strong><\/td><td><strong>Institui\u00e7\u00e3o<\/strong><\/td><td><strong>N\u00b0 de vagas<\/strong><\/td><td><strong>Reserva de vagas (Reserva Militar)<\/strong><\/td><\/tr><tr><td>RJ<\/td><td>Universidade Federal Fluminense \/ Hospital Universit\u00e1rio Antonio Pedro<\/td><td>2<\/td><td>0<\/td><\/tr><tr><td>MG<\/td><td>Munic\u00edpio de Belo Horizonte \/ CRIE &#8211; Hospital Metropolitano Dr. C\u00e9lio de Castro<\/td><td>2<\/td><td>0<\/td><\/tr><\/tbody><\/table><\/figure>\n\n\n\n<h5 class=\"wp-block-heading\">Infectologia Pedi\u00e1trica<\/h5>\n\n\n\n<figure class=\"wp-block-table\"><table class=\"has-fixed-layout\"><tbody><tr><td><strong>UF<\/strong><\/td><td><strong>Institui\u00e7\u00e3o<\/strong><\/td><td><strong>N\u00b0 de vagas<\/strong><\/td><td><strong>Reserva de vagas (Reserva Militar)<\/strong><\/td><\/tr><tr><td>MG<\/td><td>Hospital das Cl\u00ednicas da UFMG &#8211; HC\/UFMG<\/td><td>1<\/td><td>0<\/td><\/tr><tr><td>RJ<\/td><td>Universidade Federal do Rio de Janeiro \/ IPPMG<\/td><td>2<\/td><td>0<\/td><\/tr><tr><td>PR<\/td><td>Universidade Federal do Paran\u00e1 &#8211; Complexo Hospital de Cl\u00ednicas<\/td><td>1<\/td><td>0<\/td><\/tr><tr><td>RJ<\/td><td>Secretaria Municipal de Sa\u00fade do Rio de Janeiro<\/td><td>2<\/td><td>0<\/td><\/tr><tr><td>CE<\/td><td>Escola de Sa\u00fade P\u00fablica do Cear\u00e1 \/ Rede de Aten\u00e7\u00e3o \u00e0 Sa\u00fade de Fortaleza<\/td><td>1<\/td><td>0<\/td><\/tr><tr><td>MG<\/td><td>Hospital Infantil Jo\u00e3o Paulo II<\/td><td>1<\/td><td>0<\/td><\/tr><\/tbody><\/table><\/figure>\n\n\n\n<h5 class=\"wp-block-heading\">Medicina do Adolescente<\/h5>\n\n\n\n<figure class=\"wp-block-table\"><table class=\"has-fixed-layout\"><tbody><tr><td><strong>UF<\/strong><\/td><td><strong>Institui\u00e7\u00e3o<\/strong><\/td><td><strong>N\u00b0 de vagas<\/strong><\/td><td><strong>Reserva de vagas (Reserva Militar)<\/strong><\/td><\/tr><tr><td>MG<\/td><td>Hospital das Cl\u00ednicas da UFMG &#8211; HC\/UFMG<\/td><td>2<\/td><td>0<\/td><\/tr><\/tbody><\/table><\/figure>\n\n\n\n<h5 class=\"wp-block-heading\">Medicina do Sono<\/h5>\n\n\n\n<figure class=\"wp-block-table\"><table class=\"has-fixed-layout\"><tbody><tr><td><strong>UF<\/strong><\/td><td><strong>Institui\u00e7\u00e3o<\/strong><\/td><td><strong>N\u00b0 de vagas<\/strong><\/td><td><strong>Reserva de vagas (Reserva Militar)<\/strong><\/td><\/tr><tr><td>CE<\/td><td>Universidade Federal do Cear\u00e1<\/td><td>2<\/td><td>0<\/td><\/tr><tr><td>RJ<\/td><td>Universidade Federal do Rio de Janeiro<\/td><td>2<\/td><td>0<\/td><\/tr><\/tbody><\/table><\/figure>\n\n\n\n<h5 class=\"wp-block-heading\">Medicina Fetal<\/h5>\n\n\n\n<figure class=\"wp-block-table\"><table class=\"has-fixed-layout\"><tbody><tr><td><strong>UF<\/strong><\/td><td><strong>Institui\u00e7\u00e3o<\/strong><\/td><td><strong>N\u00b0 de vagas<\/strong><\/td><td><strong>Reserva de vagas (Reserva Militar)<\/strong><\/td><\/tr><tr><td>CE<\/td><td>Secretaria da Sa\u00fade do Estado do Cear\u00e1 \/ Hospital Geral de Fortaleza<\/td><td>1<\/td><td>0<\/td><\/tr><tr><td>MG<\/td><td>Hospital das Cl\u00ednicas da Universidade Federal de Minas Gerais<\/td><td>2<\/td><td>0<\/td><\/tr><tr><td>PE<\/td><td>Universidade Federal de Pernambuco \/ HC Professor Romero Marques<\/td><td>2<\/td><td>0<\/td><\/tr><tr><td>SP<\/td><td>Hospital Municipal Maternidade Escola Dr. M\u00e1rio de Moraes Altenfelder Silva<\/td><td>2<\/td><td>0<\/td><\/tr><tr><td>RJ<\/td><td>Universidade Federal do Rio de Janeiro \/ Maternidade Escola da UFRJ<\/td><td>2<\/td><td>0<\/td><\/tr><tr><td>CE<\/td><td>Universidade Federal do Cear\u00e1 \/ Maternidade Escola Assis Chateaubriand (MEAC)<\/td><td>2<\/td><td>0<\/td><\/tr><tr><td>CE<\/td><td>Secretaria da Sa\u00fade do Estado do Cear\u00e1 \/ Hospital Geral Dr. C\u00e9sar Cals<\/td><td>2<\/td><td>0<\/td><\/tr><\/tbody><\/table><\/figure>\n\n\n\n<h5 class=\"wp-block-heading\">Medicina Intensiva Pedi\u00e1trica<\/h5>\n\n\n\n<figure class=\"wp-block-table\"><table class=\"has-fixed-layout\"><tbody><tr><td><strong>UF<\/strong><\/td><td><strong>Institui\u00e7\u00e3o<\/strong><\/td><td><strong>N\u00b0 de vagas<\/strong><\/td><td><strong>Reserva de vagas (Reserva Militar)<\/strong><\/td><\/tr><tr><td>CE<\/td><td>Hospital e Maternidade S\u00e3o Francisco de Assis<\/td><td>1<\/td><td>0<\/td><\/tr><tr><td>CE<\/td><td>Secretaria da Sa\u00fade do Estado do Cear\u00e1 \/ Hospital Infantil Albert Sabin<\/td><td>2<\/td><td>0<\/td><\/tr><tr><td>ES<\/td><td>Hospital Estadual Infantil Nossa Senhora da Gl\u00f3ria<\/td><td>1<\/td><td>0<\/td><\/tr><tr><td>CE<\/td><td>Secretaria da Sa\u00fade do Estado do Cear\u00e1 \/ Hospital Geral Dr. Waldemar Alc\u00e2ntara<\/td><td>1<\/td><td>0<\/td><\/tr><tr><td>BA<\/td><td>Hospital Geral Roberto Santos<\/td><td>3<\/td><td>0<\/td><\/tr><tr><td>RJ<\/td><td>Hospital Federal dos Servidores do Estado<\/td><td>3<\/td><td>0<\/td><\/tr><tr><td>MG<\/td><td>Hospital Regional Jo\u00e3o Penido<\/td><td>1<\/td><td>0<\/td><\/tr><tr><td>BA<\/td><td>Universidade Federal da Bahia<\/td><td>1<\/td><td>0<\/td><\/tr><tr><td>MG<\/td><td>Hospital Metropolitano Odilon Behrens<\/td><td>2<\/td><td>0<\/td><\/tr><tr><td>BA<\/td><td>Complexo Hospitalar de Vit\u00f3ria da Conquista<\/td><td>2<\/td><td>0<\/td><\/tr><tr><td>CE<\/td><td>Escola de Sa\u00fade P\u00fablica do Cear\u00e1 \/ Rede de Aten\u00e7\u00e3o \u00e0 Sa\u00fade de Fortaleza<\/td><td>1<\/td><td>0<\/td><\/tr><tr><td>MG<\/td><td>Universidade Federal do Tri\u00e2ngulo Mineiro<\/td><td>3<\/td><td>0<\/td><\/tr><tr><td>MA<\/td><td>Hospital Universit\u00e1rio do Maranh\u00e3o<\/td><td>3<\/td><td>0<\/td><\/tr><tr><td>RJ<\/td><td>Instituto Nacional de C\u00e2ncer<\/td><td>2<\/td><td>0<\/td><\/tr><tr><td>BA<\/td><td>Hospital do Sub\u00farbio \/ Prodal Sa\u00fade<\/td><td>2<\/td><td>0<\/td><\/tr><tr><td>BA<\/td><td>Hospital Geral do Estado &#8211; HGE Bahia<\/td><td>2<\/td><td>0<\/td><\/tr><tr><td>MG<\/td><td>Hospital Infantil Jo\u00e3o Paulo II<\/td><td>3<\/td><td>0<\/td><\/tr><tr><td>MG<\/td><td>Universidade Federal de Uberl\u00e2ndia &#8211; UFU<\/td><td>2<\/td><td>0<\/td><\/tr><tr><td>PB<\/td><td>Escola de Sa\u00fade P\u00fablica da Para\u00edba &#8211; ESP\/PB<\/td><td>2<\/td><td>0<\/td><\/tr><tr><td>TO<\/td><td>UFT \/ Hospital de Doen\u00e7as Tropicais \/ Hospital Municipal de Aragua\u00edna<\/td><td>1<\/td><td>0<\/td><\/tr><tr><td>MS<\/td><td>Funda\u00e7\u00e3o UFMS \/ HUMAP-UFMS<\/td><td>2<\/td><td>0<\/td><\/tr><tr><td>RJ<\/td><td>Instituto de Neonatologia e Pediatria &#8211; CEPLIN<\/td><td>1<\/td><td>0<\/td><\/tr><tr><td>MG<\/td><td>Hospital das Cl\u00ednicas da UFMG &#8211; HC\/UFMG<\/td><td>1<\/td><td>0<\/td><\/tr><tr><td>RJ<\/td><td>Hospital Federal de Bonsucesso<\/td><td>2<\/td><td>0<\/td><\/tr><tr><td>RJ<\/td><td>Secretaria Municipal de Sa\u00fade do Rio de Janeiro<\/td><td>2<\/td><td>0<\/td><\/tr><tr><td>RJ<\/td><td>Hospital Federal da Lagoa<\/td><td>3<\/td><td>0<\/td><\/tr><tr><td>RJ<\/td><td>Universidade Federal do Rio de Janeiro \/ IPPMG<\/td><td>2<\/td><td>0<\/td><\/tr><tr><td>SP<\/td><td>Hospital Municipal Infantil Menino Jesus<\/td><td>4<\/td><td>0<\/td><\/tr><tr><td>PR<\/td><td>Universidade Federal do Paran\u00e1 &#8211; Complexo Hospital de Cl\u00ednicas<\/td><td>2<\/td><td>0<\/td><\/tr><\/tbody><\/table><\/figure>\n\n\n\n<h5 class=\"wp-block-heading\">Medicina Paliativa<\/h5>\n\n\n\n<figure class=\"wp-block-table\"><table class=\"has-fixed-layout\"><tbody><tr><td><strong>UF<\/strong><\/td><td><strong>Institui\u00e7\u00e3o<\/strong><\/td><td><strong>N\u00b0 de vagas<\/strong><\/td><td><strong>Reserva de vagas (Reserva Militar)<\/strong><\/td><\/tr><tr><td>RJ<\/td><td>Instituto Nacional de C\u00e2ncer<\/td><td>2<\/td><td>0<\/td><\/tr><tr><td>PE<\/td><td>Universidade Federal do Vale do S\u00e3o Francisco &#8211; UNIVASF<\/td><td>2<\/td><td>0<\/td><\/tr><tr><td>CE<\/td><td>Escola de Sa\u00fade P\u00fablica do Cear\u00e1 \/ Rede de Aten\u00e7\u00e3o \u00e0 Sa\u00fade de Fortaleza<\/td><td>2<\/td><td>0<\/td><\/tr><tr><td>SP<\/td><td>Funda\u00e7\u00e3o Pio XII &#8211; Hospital de C\u00e2ncer de Barretos<\/td><td>4<\/td><td>0<\/td><\/tr><tr><td>MG<\/td><td>Hospital Infantil Jo\u00e3o Paulo II<\/td><td>1<\/td><td>0<\/td><\/tr><tr><td>CE<\/td><td>Universidade Federal do Cear\u00e1<\/td><td>4<\/td><td>0<\/td><\/tr><\/tbody><\/table><\/figure>\n\n\n\n<h5 class=\"wp-block-heading\">Nefrologia Pedi\u00e1trica<\/h5>\n\n\n\n<figure class=\"wp-block-table\"><table class=\"has-fixed-layout\"><tbody><tr><td><strong>UF<\/strong><\/td><td><strong>Institui\u00e7\u00e3o<\/strong><\/td><td><strong>N\u00b0 de vagas<\/strong><\/td><td><strong>Reserva de vagas (Reserva Militar)<\/strong><\/td><\/tr><tr><td>RJ<\/td><td>Hospital Federal de Bonsucesso<\/td><td>3<\/td><td>0<\/td><\/tr><tr><td>MG<\/td><td>Universidade Federal de Uberl\u00e2ndia &#8211; UFU<\/td><td>2<\/td><td>0<\/td><\/tr><tr><td>MG<\/td><td>Hospital das Cl\u00ednicas da UFMG &#8211; HC\/UFMG<\/td><td>2<\/td><td>0<\/td><\/tr><tr><td>CE<\/td><td>Secretaria da Sa\u00fade do Estado do Cear\u00e1 \/ Hospital Infantil Albert Sabin<\/td><td>1<\/td><td>0<\/td><\/tr><\/tbody><\/table><\/figure>\n\n\n\n<h5 class=\"wp-block-heading\">Neonatologia<\/h5>\n\n\n\n<figure class=\"wp-block-table\"><table class=\"has-fixed-layout\"><tbody><tr><td><strong>UF<\/strong><\/td><td><strong>Institui\u00e7\u00e3o<\/strong><\/td><td><strong>N\u00b0 de vagas<\/strong><\/td><td><strong>Reserva de vagas (Reserva Militar)<\/strong><\/td><\/tr><tr><td>RJ<\/td><td>Funda\u00e7\u00e3o Octac\u00edlio Gualberto \/ Hospital Alcides Carneiro<\/td><td>2<\/td><td>0<\/td><\/tr><tr><td>BA<\/td><td>Hospital Geral Roberto Santos<\/td><td>3<\/td><td>0<\/td><\/tr><tr><td>CE<\/td><td>Hospital e Maternidade S\u00e3o Francisco de Assis<\/td><td>2<\/td><td>0<\/td><\/tr><tr><td>MG<\/td><td>Universidade Federal de Uberl\u00e2ndia &#8211; UFU<\/td><td>4<\/td><td>0<\/td><\/tr><tr><td>DF<\/td><td>Hospital Santa L\u00facia S\/A<\/td><td>2<\/td><td>0<\/td><\/tr><tr><td>PE<\/td><td>Universidade Federal de Pernambuco \/ HC Professor Romero Marques<\/td><td>3<\/td><td>0<\/td><\/tr><tr><td>PI<\/td><td>Nova Maternidade Dona Evangelina Rosa \/ Hospital Infantil Luc\u00eddio Portella<\/td><td>3<\/td><td>0<\/td><\/tr><tr><td>MT<\/td><td>Universidade Federal de Mato Grosso \/ Hospital Universit\u00e1rio J\u00falio M\u00fcller<\/td><td>4<\/td><td>0<\/td><\/tr><tr><td>CE<\/td><td>Secretaria da Sa\u00fade do Estado do Cear\u00e1 \/ Hospital Regional Norte<\/td><td>1<\/td><td>0<\/td><\/tr><tr><td>RN<\/td><td>Hospital Jos\u00e9 Pedro Bezerra<\/td><td>5<\/td><td>0<\/td><\/tr><tr><td>CE<\/td><td>Secretaria da Sa\u00fade do Estado do Cear\u00e1 \/ Hospital Infantil Albert Sabin<\/td><td>4<\/td><td>0<\/td><\/tr><tr><td>MA<\/td><td>Maternidade de Alta Complexidade do Maranh\u00e3o<\/td><td>2<\/td><td>0<\/td><\/tr><tr><td>CE<\/td><td>Universidade Federal do Cear\u00e1 \/ Maternidade Escola Assis Chateaubriand<\/td><td>7<\/td><td>0<\/td><\/tr><tr><td>RJ<\/td><td>Hospital Federal de Bonsucesso<\/td><td>3<\/td><td>0<\/td><\/tr><tr><td>PB<\/td><td>Escola de Sa\u00fade P\u00fablica da Para\u00edba &#8211; ESP\/PB<\/td><td>2<\/td><td>0<\/td><\/tr><tr><td>MG<\/td><td>Hospital Metropolitano Odilon Behrens<\/td><td>4<\/td><td>0<\/td><\/tr><tr><td>RS<\/td><td>Universidade Federal do Rio Grande<\/td><td>2<\/td><td>0<\/td><\/tr><tr><td>RJ<\/td><td>Universidade Federal Fluminense \/ Hospital Universit\u00e1rio Antonio Pedro<\/td><td>3<\/td><td>0<\/td><\/tr><tr><td>CE<\/td><td>Secretaria da Sa\u00fade do Estado do Cear\u00e1 \/ Hospital Geral Dr. Waldemar Alc\u00e2ntara<\/td><td>1<\/td><td>0<\/td><\/tr><tr><td>MA<\/td><td>Hospital Universit\u00e1rio do Maranh\u00e3o<\/td><td>5<\/td><td>0<\/td><\/tr><tr><td>MS<\/td><td>Funda\u00e7\u00e3o UFMS \/ HUMAP-UFMS<\/td><td>3<\/td><td>0<\/td><\/tr><tr><td>SE<\/td><td>Associa\u00e7\u00e3o Aracajuana de Benefic\u00eancia<\/td><td>2<\/td><td>0<\/td><\/tr><tr><td>RJ<\/td><td>Universidade Federal do Rio de Janeiro \/ IPPMG<\/td><td>3<\/td><td>0<\/td><\/tr><tr><td>RJ<\/td><td>Secretaria Municipal de Sa\u00fade do Rio de Janeiro<\/td><td>3<\/td><td>0<\/td><\/tr><tr><td>RN<\/td><td>Universidade Federal do Rio Grande do Norte \/ Maternidade Escola Janu\u00e1rio Cicco<\/td><td>5<\/td><td>0<\/td><\/tr><tr><td>PB<\/td><td>Secretaria de Sa\u00fade de Campina Grande<\/td><td>3<\/td><td>0<\/td><\/tr><tr><td>DF<\/td><td>ISMEP (Instituto Santa Marta de Ensino e Pesquisa)<\/td><td>1<\/td><td>0<\/td><\/tr><tr><td>CE<\/td><td>Escola de Sa\u00fade P\u00fablica do Cear\u00e1 \/ Rede de Aten\u00e7\u00e3o \u00e0 Sa\u00fade de Fortaleza<\/td><td>2<\/td><td>0<\/td><\/tr><tr><td>BA<\/td><td>Fundo Estadual de Sa\u00fade &#8211; Maternidade de Refer\u00eancia Prof. Jos\u00e9 Maria de Magalh\u00e3es Netto<\/td><td>14<\/td><td>0<\/td><\/tr><tr><td>MG<\/td><td>Universidade Federal do Tri\u00e2ngulo Mineiro<\/td><td>1<\/td><td>0<\/td><\/tr><tr><td>CE<\/td><td>Santa Casa de Miseric\u00f3rdia de Sobral \/ UFC<\/td><td>4<\/td><td>0<\/td><\/tr><tr><td>BA<\/td><td>Universidade Federal da Bahia<\/td><td>1<\/td><td>0<\/td><\/tr><tr><td>RJ<\/td><td>Hospital Federal dos Servidores do Estado<\/td><td>2<\/td><td>0<\/td><\/tr><tr><td>MG<\/td><td>Hospital das Cl\u00ednicas da UFMG &#8211; HC\/UFMG<\/td><td>2<\/td><td>0<\/td><\/tr><tr><td>RJ<\/td><td>Instituto de Neonatologia e Pediatria &#8211; CEPLIN<\/td><td>1<\/td><td>0<\/td><\/tr><tr><td>PI<\/td><td>Centro Hospitalar e Maternidade Santa F\u00e9<\/td><td>2<\/td><td>0<\/td><\/tr><tr><td>PR<\/td><td>Universidade Federal do Paran\u00e1 &#8211; Complexo Hospital de Cl\u00ednicas<\/td><td>3<\/td><td>0<\/td><\/tr><tr><td>MA<\/td><td>Maternidade de Alto Risco de Imperatriz<\/td><td>3<\/td><td>0<\/td><\/tr><tr><td>RJ<\/td><td>Instituto de Neonatologia e Pediatria &#8211; CEPLIN<\/td><td>3<\/td><td>0<\/td><\/tr><tr><td>MG<\/td><td>Maternidade Odete Valadares<\/td><td>3<\/td><td>0<\/td><\/tr><tr><td>CE<\/td><td>Secretaria da Sa\u00fade do Estado do Cear\u00e1 \/ Hospital Geral de Fortaleza<\/td><td>3<\/td><td>0<\/td><\/tr><tr><td>MG<\/td><td>Hospital Regional Jo\u00e3o Penido<\/td><td>2<\/td><td>0<\/td><\/tr><tr><td>AL<\/td><td>Universidade Federal de Alagoas<\/td><td>2<\/td><td>0<\/td><\/tr><tr><td>ES<\/td><td>Universidade Federal do Esp\u00edrito Santo<\/td><td>3<\/td><td>0<\/td><\/tr><tr><td>RS<\/td><td>Universidade Federal da Fronteira Sul \/ Hospital S\u00e3o Vicente de Paulo<\/td><td>2<\/td><td>0<\/td><\/tr><tr><td>SP<\/td><td>Hospital Municipal Maternidade Escola Dr. M\u00e1rio de Moraes Altenfelder Silva<\/td><td>12<\/td><td>0<\/td><\/tr><tr><td>RS<\/td><td>Universidade Federal de Pelotas<\/td><td>2<\/td><td>0<\/td><\/tr><\/tbody><\/table><\/figure>\n\n\n\n<h5 class=\"wp-block-heading\">Neurofisiologia Cl\u00ednica<\/h5>\n\n\n\n<figure class=\"wp-block-table\"><table class=\"has-fixed-layout\"><tbody><tr><td><strong>UF<\/strong><\/td><td><strong>Institui\u00e7\u00e3o<\/strong><\/td><td><strong>N\u00b0 de vagas<\/strong><\/td><td><strong>Reserva de vagas (Reserva Militar)<\/strong><\/td><\/tr><tr><td>RJ<\/td><td>Universidade Federal Fluminense \/ Hospital Universit\u00e1rio Antonio Pedro<\/td><td>2<\/td><td>0<\/td><\/tr><tr><td>PR<\/td><td>Universidade Federal do Paran\u00e1 &#8211; Complexo Hospital de Cl\u00ednicas<\/td><td>2<\/td><td>0<\/td><\/tr><tr><td>CE<\/td><td>Universidade Federal do Cear\u00e1 \/ Hospital Universit\u00e1rio Walter Cant\u00eddio<\/td><td>2<\/td><td>0<\/td><\/tr><tr><td>RJ<\/td><td>Universidade Federal do Estado do Rio de Janeiro \/ Hospital Gaffr\u00e9e e Guinle<\/td><td>3<\/td><td>0<\/td><\/tr><tr><td>CE<\/td><td>Secretaria da Sa\u00fade do Estado do Cear\u00e1 \/ Hospital Geral de Fortaleza<\/td><td>1<\/td><td>0<\/td><\/tr><tr><td>DF<\/td><td>Universidade de Bras\u00edlia<\/td><td>2<\/td><td>0<\/td><\/tr><\/tbody><\/table><\/figure>\n\n\n\n<h5 class=\"wp-block-heading\">Neurologia Pedi\u00e1trica<\/h5>\n\n\n\n<figure class=\"wp-block-table\"><table class=\"has-fixed-layout\"><tbody><tr><td><strong>UF<\/strong><\/td><td><strong>Institui\u00e7\u00e3o<\/strong><\/td><td><strong>N\u00b0 de vagas<\/strong><\/td><td><strong>Reserva de vagas (Reserva Militar)<\/strong><\/td><\/tr><tr><td>DF<\/td><td>Universidade de Bras\u00edlia<\/td><td>3<\/td><td>0<\/td><\/tr><tr><td>RJ<\/td><td>Universidade Federal do Rio de Janeiro \/ IPPMG<\/td><td>4<\/td><td>0<\/td><\/tr><tr><td>MG<\/td><td>Hospital das Cl\u00ednicas da UFMG &#8211; HC\/UFMG<\/td><td>2<\/td><td>0<\/td><\/tr><tr><td>PR<\/td><td>Universidade Federal do Paran\u00e1 &#8211; Complexo Hospital de Cl\u00ednicas<\/td><td>3<\/td><td>0<\/td><\/tr><tr><td>CE<\/td><td>Universidade Federal do Cear\u00e1 \/ Hospital Universit\u00e1rio Walter Cant\u00eddio<\/td><td>1<\/td><td>0<\/td><\/tr><tr><td>MG<\/td><td>Universidade Federal de Uberl\u00e2ndia &#8211; UFU<\/td><td>1<\/td><td>0<\/td><\/tr><tr><td>CE<\/td><td>Escola de Sa\u00fade P\u00fablica do Cear\u00e1 \/ Rede de Aten\u00e7\u00e3o \u00e0 Sa\u00fade de Fortaleza<\/td><td>4<\/td><td>0<\/td><\/tr><tr><td>MG<\/td><td>Hospital Infantil Jo\u00e3o Paulo II<\/td><td>3<\/td><td>0<\/td><\/tr><tr><td>RJ<\/td><td>Universidade Federal Fluminense \/ Hospital Universit\u00e1rio Antonio Pedro<\/td><td>2<\/td><td>0<\/td><\/tr><tr><td>RJ<\/td><td>Hospital Federal dos Servidores do Estado<\/td><td>1<\/td><td>0<\/td><\/tr><\/tbody><\/table><\/figure>\n\n\n\n<h5 class=\"wp-block-heading\">Pneumologia Pedi\u00e1trica<\/h5>\n\n\n\n<figure class=\"wp-block-table\"><table class=\"has-fixed-layout\"><tbody><tr><td><strong>UF<\/strong><\/td><td><strong>Institui\u00e7\u00e3o<\/strong><\/td><td><strong>N\u00b0 de vagas<\/strong><\/td><td><strong>Reserva de vagas (Reserva Militar)<\/strong><\/td><\/tr><tr><td>RJ<\/td><td>Universidade Federal Fluminense \/ Hospital Universit\u00e1rio Antonio Pedro<\/td><td>1<\/td><td>0<\/td><\/tr><tr><td>BA<\/td><td>Universidade Federal da Bahia<\/td><td>1<\/td><td>0<\/td><\/tr><tr><td>PR<\/td><td>Universidade Federal do Paran\u00e1 &#8211; Complexo Hospital de Cl\u00ednicas<\/td><td>2<\/td><td>0<\/td><\/tr><tr><td>RJ<\/td><td>Universidade Federal do Rio de Janeiro \/ IPPMG<\/td><td>2<\/td><td>0<\/td><\/tr><tr><td>RJ<\/td><td>Secretaria Municipal de Sa\u00fade do Rio de Janeiro<\/td><td>2<\/td><td>0<\/td><\/tr><tr><td>CE<\/td><td>Secretaria da Sa\u00fade do Estado do Cear\u00e1 \/ Hospital Infantil Albert Sabin<\/td><td>1<\/td><td>0<\/td><\/tr><tr><td>RJ<\/td><td>Hospital Federal dos Servidores do Estado<\/td><td>2<\/td><td>0<\/td><\/tr><tr><td>MG<\/td><td>Hospital das Cl\u00ednicas da UFMG &#8211; HC\/UFMG<\/td><td>3<\/td><td>0<\/td><\/tr><tr><td>MG<\/td><td>Hospital Infantil Jo\u00e3o Paulo II<\/td><td>3<\/td><td>0<\/td><\/tr><\/tbody><\/table><\/figure>\n\n\n\n<h5 class=\"wp-block-heading\">Psicogeriatria<\/h5>\n\n\n\n<figure class=\"wp-block-table\"><table class=\"has-fixed-layout\"><tbody><tr><td><strong>UF<\/strong><\/td><td><strong>Institui\u00e7\u00e3o<\/strong><\/td><td><strong>N\u00b0 de vagas<\/strong><\/td><td><strong>Reserva de vagas (Reserva Militar)<\/strong><\/td><\/tr><tr><td>CE<\/td><td>Universidade Federal do Cear\u00e1 \/ Hospital Universit\u00e1rio Walter Cant\u00eddio<\/td><td>2<\/td><td>0<\/td><\/tr><tr><td>MG<\/td><td>Hospital das Cl\u00ednicas da UFMG &#8211; HC\/UFMG<\/td><td>2<\/td><td>0<\/td><\/tr><tr><td>CE<\/td><td>Secretaria da Sa\u00fade do Estado do Cear\u00e1 \/ Hospital de Sa\u00fade Mental Professor Frota Pinto<\/td><td>2<\/td><td>0<\/td><\/tr><\/tbody><\/table><\/figure>\n\n\n\n<h5 class=\"wp-block-heading\">Psiquiatria da Inf\u00e2ncia e Adolesc\u00eancia<\/h5>\n\n\n\n<figure class=\"wp-block-table\"><table class=\"has-fixed-layout\"><tbody><tr><td><strong>UF<\/strong><\/td><td><strong>Institui\u00e7\u00e3o<\/strong><\/td><td><strong>N\u00b0 de vagas<\/strong><\/td><td><strong>Reserva de vagas (Reserva Militar)<\/strong><\/td><\/tr><tr><td>RJ<\/td><td>Secretaria Municipal de Sa\u00fade do Rio de Janeiro<\/td><td>2<\/td><td>0<\/td><\/tr><tr><td>RJ<\/td><td>Universidade Federal Fluminense \/ Hospital Universit\u00e1rio Antonio Pedro<\/td><td>2<\/td><td>0<\/td><\/tr><tr><td>CE<\/td><td>Secretaria da Sa\u00fade do Estado do Cear\u00e1 \/ Hospital de Sa\u00fade Mental Professor Frota Pinto<\/td><td>2<\/td><td>0<\/td><\/tr><tr><td>MG<\/td><td>Secretaria Municipal de Sa\u00fade de Belo Horizonte \/ Hospital Metropolitano Odilon Behrens<\/td><td>6<\/td><td>0<\/td><\/tr><tr><td>PR<\/td><td>Universidade Federal do Paran\u00e1 &#8211; Complexo Hospital de Cl\u00ednicas<\/td><td>4<\/td><td>0<\/td><\/tr><tr><td>CE<\/td><td>Universidade Federal do Cear\u00e1 \/ Hospital Universit\u00e1rio Walter Cant\u00eddio<\/td><td>2<\/td><td>0<\/td><\/tr><tr><td>BA<\/td><td>Hospital Juliano Moreira<\/td><td>2<\/td><td>0<\/td><\/tr><tr><td>MG<\/td><td>Hospital das Cl\u00ednicas da UFMG &#8211; HC\/UFMG<\/td><td>2<\/td><td>0<\/td><\/tr><\/tbody><\/table><\/figure>\n\n\n\n<h5 class=\"wp-block-heading\">Psiquiatria Forense<\/h5>\n\n\n\n<figure class=\"wp-block-table\"><table class=\"has-fixed-layout\"><tbody><tr><td><strong>UF<\/strong><\/td><td><strong>Institui\u00e7\u00e3o<\/strong><\/td><td><strong>N\u00b0 de vagas<\/strong><\/td><td><strong>Reserva de vagas (Reserva Militar)<\/strong><\/td><\/tr><tr><td>MG<\/td><td>Instituto Raul Soares<\/td><td>2<\/td><td>0<\/td><\/tr><tr><td>CE<\/td><td>Universidade Federal do Cear\u00e1 \/ Hospital Universit\u00e1rio Walter Cant\u00eddio<\/td><td>2<\/td><td>0<\/td><\/tr><\/tbody><\/table><\/figure>\n\n\n\n<h5 class=\"wp-block-heading\">Reprodu\u00e7\u00e3o Assistida<\/h5>\n\n\n\n<figure class=\"wp-block-table\"><table class=\"has-fixed-layout\"><tbody><tr><td><strong>UF<\/strong><\/td><td><strong>Institui\u00e7\u00e3o<\/strong><\/td><td><strong>N\u00b0 de vagas<\/strong><\/td><td><strong>Reserva de vagas (Reserva Militar)<\/strong><\/td><\/tr><tr><td>MG<\/td><td>Hospital das Cl\u00ednicas da UFMG &#8211; HC\/UFMG<\/td><td>2<\/td><td>0<\/td><\/tr><\/tbody><\/table><\/figure>\n\n\n\n<h5 class=\"wp-block-heading\">Reumatologia Pedi\u00e1trica<\/h5>\n\n\n\n<figure class=\"wp-block-table\"><table class=\"has-fixed-layout\"><tbody><tr><td><strong>UF<\/strong><\/td><td><strong>Institui\u00e7\u00e3o<\/strong><\/td><td><strong>N\u00b0 de vagas<\/strong><\/td><td><strong>Reserva de vagas (Reserva Militar)<\/strong><\/td><\/tr><tr><td>RJ<\/td><td>Universidade Federal do Rio de Janeiro \/ IPPMG<\/td><td>2<\/td><td>0<\/td><\/tr><tr><td>CE<\/td><td>Secretaria da Sa\u00fade do Estado do Cear\u00e1 \/ Hospital Geral de Fortaleza<\/td><td>1<\/td><td>0<\/td><\/tr><\/tbody><\/table><\/figure>\n\n\n\n<h5 class=\"wp-block-heading\">Transplante de F\u00edgado &#8211; R3<\/h5>\n\n\n\n<figure class=\"wp-block-table\"><table class=\"has-fixed-layout\"><tbody><tr><td><strong>UF<\/strong><\/td><td><strong>Institui\u00e7\u00e3o<\/strong><\/td><td><strong>N\u00b0 de vagas<\/strong><\/td><td><strong>Reserva de vagas (Reserva Militar)<\/strong><\/td><\/tr><tr><td>CE<\/td><td>Universidade Federal do Cear\u00e1 \/ Hospital Universit\u00e1rio Walter Cant\u00eddio<\/td><td>1<\/td><td>0<\/td><\/tr><\/tbody><\/table><\/figure>\n\n\n\n<h5 class=\"wp-block-heading\">Transplante de Medula \u00d3ssea<\/h5>\n\n\n\n<figure class=\"wp-block-table\"><table class=\"has-fixed-layout\"><tbody><tr><td><strong>UF<\/strong><\/td><td><strong>Institui\u00e7\u00e3o<\/strong><\/td><td><strong>N\u00b0 de vagas<\/strong><\/td><td><strong>Reserva de vagas (Reserva Militar)<\/strong><\/td><\/tr><tr><td>CE<\/td><td>Universidade Federal do Cear\u00e1 \/ Hospital Universit\u00e1rio Walter Cant\u00eddio<\/td><td>3<\/td><td>0<\/td><\/tr><tr><td>RJ<\/td><td>Universidade Federal do Rio de Janeiro \/ HUCFF<\/td><td>3<\/td><td>0<\/td><\/tr><tr><td>PR<\/td><td>Universidade Federal do Paran\u00e1 &#8211; Complexo Hospital de Cl\u00ednicas<\/td><td>3<\/td><td>0<\/td><\/tr><\/tbody><\/table><\/figure>\n\n\n\n<h5 class=\"wp-block-heading\">Ultrassonografia em Ginecologia e Obstetr\u00edcia<\/h5>\n\n\n\n<figure class=\"wp-block-table\"><table class=\"has-fixed-layout\"><tbody><tr><td><strong>UF<\/strong><\/td><td><strong>Institui\u00e7\u00e3o<\/strong><\/td><td><strong>N\u00b0 de vagas<\/strong><\/td><td><strong>Reserva de vagas (Reserva Militar)<\/strong><\/td><\/tr><tr><td>MT<\/td><td>Universidade Federal de Mato Grosso \/ Hospital Universit\u00e1rio J\u00falio M\u00fcller<\/td><td>2<\/td><td>0<\/td><\/tr><tr><td>MA<\/td><td>Hospital Universit\u00e1rio do Maranh\u00e3o<\/td><td>2<\/td><td>0<\/td><\/tr><tr><td>BA<\/td><td>Universidade Federal da Bahia<\/td><td>2<\/td><td>0<\/td><\/tr><tr><td>MG<\/td><td>Maternidade Odete Valadares<\/td><td>1<\/td><td>0<\/td><\/tr><tr><td>RJ<\/td><td>Universidade Federal do Rio de Janeiro \/ Maternidade Escola da UFRJ<\/td><td>3<\/td><td>0<\/td><\/tr><tr><td>MG<\/td><td>Hospital das Cl\u00ednicas da UFMG &#8211; HC\/UFMG<\/td><td>1<\/td><td>0<\/td><\/tr><tr><td>ES<\/td><td>Universidade Federal do Esp\u00edrito Santo<\/td><td>1<\/td><td>0<\/td><\/tr><tr><td>MG<\/td><td>Hospital Metropolitano Odilon Behrens<\/td><td>1<\/td><td>0<\/td><\/tr><\/tbody><\/table><\/figure>\n\n\n\n<h4 class=\"wp-block-heading\">Vagas ENARE 2025\/2026- Ano adicional<\/h4>\n\n\n\n<h5 class=\"wp-block-heading\">Cardiologia Cardio-Oncologia<\/h5>\n\n\n\n<figure class=\"wp-block-table\"><table class=\"has-fixed-layout\"><tbody><tr><td><strong>UF<\/strong><\/td><td><strong>Institui\u00e7\u00e3o<\/strong><\/td><td><strong>N\u00b0 de Vagas<\/strong><\/td><td><strong>Reserva de Vagas (Reserva Militar)<\/strong><\/td><\/tr><tr><td>SP<\/td><td>Funda\u00e7\u00e3o Pio XII &#8211; Hospital de C\u00e2ncer de Barretos<\/td><td>2<\/td><td>0<\/td><\/tr><tr><td>RJ<\/td><td>Instituto Nacional de Cardiologia<\/td><td>2<\/td><td>0<\/td><\/tr><\/tbody><\/table><\/figure>\n\n\n\n<h5 class=\"wp-block-heading\">Cardiologia R3<\/h5>\n\n\n\n<figure class=\"wp-block-table\"><table class=\"has-fixed-layout\"><tbody><tr><td><strong>UF<\/strong><\/td><td><strong>Institui\u00e7\u00e3o<\/strong><\/td><td><strong>N\u00b0 de Vagas<\/strong><\/td><td><strong>Reserva de Vagas (Reserva Militar)<\/strong><\/td><\/tr><tr><td>RJ<\/td><td>Instituto Nacional de Cardiologia<\/td><td>2<\/td><td>0<\/td><\/tr><tr><td>RJ<\/td><td>Instituto Nacional de Cardiologia<\/td><td>2<\/td><td>0<\/td><\/tr><\/tbody><\/table><\/figure>\n\n\n\n<h5 class=\"wp-block-heading\">Cirurgia de Cabe\u00e7a e Pesco\u00e7o &#8211; R3<\/h5>\n\n\n\n<figure class=\"wp-block-table\"><table class=\"has-fixed-layout\"><tbody><tr><td><strong>UF<\/strong><\/td><td><strong>Institui\u00e7\u00e3o<\/strong><\/td><td><strong>N\u00b0 de Vagas<\/strong><\/td><td><strong>Reserva de Vagas (Reserva Militar)<\/strong><\/td><\/tr><tr><td>RJ<\/td><td>Instituto Nacional de C\u00e2ncer<\/td><td>4<\/td><td>0<\/td><\/tr><\/tbody><\/table><\/figure>\n\n\n\n<h5 class=\"wp-block-heading\">Cirurgia do Aparelho Digestivo em Transplante de F\u00edgado &#8211; R4<\/h5>\n\n\n\n<figure class=\"wp-block-table\"><table class=\"has-fixed-layout\"><tbody><tr><td><strong>UF<\/strong><\/td><td><strong>Institui\u00e7\u00e3o<\/strong><\/td><td><strong>N\u00b0 de Vagas<\/strong><\/td><td><strong>Reserva de Vagas (Reserva Militar)<\/strong><\/td><\/tr><tr><td>ES<\/td><td>Universidade Federal do Esp\u00edrito Santo<\/td><td>1<\/td><td>0<\/td><\/tr><\/tbody><\/table><\/figure>\n\n\n\n<h5 class=\"wp-block-heading\">Cirurgia Oncol\u00f3gica &#8211; R4<\/h5>\n\n\n\n<figure class=\"wp-block-table\"><table class=\"has-fixed-layout\"><tbody><tr><td><strong>UF<\/strong><\/td><td><strong>Institui\u00e7\u00e3o<\/strong><\/td><td><strong>N\u00b0 de Vagas<\/strong><\/td><td><strong>Reserva de Vagas (Reserva Militar)<\/strong><\/td><\/tr><tr><td>RJ<\/td><td>Instituto Nacional de C\u00e2ncer<\/td><td>4<\/td><td>0<\/td><\/tr><\/tbody><\/table><\/figure>\n\n\n\n<h5 class=\"wp-block-heading\">Cirurgia Pl\u00e1stica<\/h5>\n\n\n\n<figure class=\"wp-block-table\"><table class=\"has-fixed-layout\"><tbody><tr><td><strong>UF<\/strong><\/td><td><strong>Institui\u00e7\u00e3o<\/strong><\/td><td><strong>N\u00b0 de Vagas<\/strong><\/td><td><strong>Reserva de Vagas (Reserva Militar)<\/strong><\/td><\/tr><tr><td>RJ<\/td><td>Universidade Federal do Estado do Rio de Janeiro<\/td><td>2<\/td><td>0<\/td><\/tr><\/tbody><\/table><\/figure>\n\n\n\n<h5 class=\"wp-block-heading\">Cirurgia Tor\u00e1cica<\/h5>\n\n\n\n<figure class=\"wp-block-table\"><table class=\"has-fixed-layout\"><tbody><tr><td><strong>UF<\/strong><\/td><td><strong>Institui\u00e7\u00e3o<\/strong><\/td><td><strong>N\u00b0 de Vagas<\/strong><\/td><td><strong>Reserva de Vagas (Reserva Militar)<\/strong><\/td><\/tr><tr><td>RJ<\/td><td>Universidade Federal do Estado do Rio de Janeiro<\/td><td>1<\/td><td>0<\/td><\/tr><\/tbody><\/table><\/figure>\n\n\n\n<h5 class=\"wp-block-heading\">Cl\u00ednica M\u00e9dica<\/h5>\n\n\n\n<figure class=\"wp-block-table\"><table class=\"has-fixed-layout\"><tbody><tr><td><strong>UF<\/strong><\/td><td><strong>Institui\u00e7\u00e3o<\/strong><\/td><td><strong>N\u00b0 de Vagas<\/strong><\/td><td><strong>Reserva de Vagas (Reserva Militar)<\/strong><\/td><\/tr><tr><td>RJ<\/td><td>Universidade Federal Fluminense\/Hospital Universit\u00e1rio Antonio Pedro<\/td><td>2<\/td><td>0<\/td><\/tr><tr><td>CE<\/td><td>Secretaria da Sa\u00fade do Estado do Cear\u00e1 (Hospital Geral de Fortaleza)<\/td><td>3<\/td><td>0<\/td><\/tr><tr><td>PE<\/td><td>Universidade Federal de Pernambuco (Hospital das Cl\u00ednicas Professor Romero Marques)<\/td><td>2<\/td><td>0<\/td><\/tr><tr><td>PR<\/td><td>Universidade Federal do Paran\u00e1 &#8211; Complexo Hospital de Cl\u00ednicas<\/td><td>2<\/td><td>0<\/td><\/tr><tr><td>DF<\/td><td>Universidade de Bras\u00edlia<\/td><td>5<\/td><td>0<\/td><\/tr><tr><td>RJ<\/td><td>Universidade Federal do Rio de Janeiro (Hospital Universit\u00e1rio Clementino Fraga Filho &#8211; HUCFF)<\/td><td>2<\/td><td>0<\/td><\/tr><tr><td>CE<\/td><td>Universidade Federal do Cear\u00e1 (Hospital Universit\u00e1rio Walter Cant\u00eddio &#8211; HUWC)<\/td><td>2<\/td><td>0<\/td><\/tr><tr><td>MG<\/td><td>Universidade Federal de Uberl\u00e2ndia &#8211; UFU<\/td><td>2<\/td><td>0<\/td><\/tr><tr><td>CE<\/td><td>Secretaria da Sa\u00fade do Estado do Cear\u00e1 (Hospital Geral Dr. C\u00e9sar Cals)<\/td><td>1<\/td><td>0<\/td><\/tr><\/tbody><\/table><\/figure>\n\n\n\n<h5 class=\"wp-block-heading\">Gastroenterologia R3 &#8211; Com \u00eanfase em doen\u00e7as do f\u00edgado<\/h5>\n\n\n\n<figure class=\"wp-block-table\"><table class=\"has-fixed-layout\"><tbody><tr><td><strong>UF<\/strong><\/td><td><strong>Institui\u00e7\u00e3o<\/strong><\/td><td><strong>N\u00b0 de Vagas<\/strong><\/td><td><strong>Reserva de Vagas (Reserva Militar)<\/strong><\/td><\/tr><tr><td>BA<\/td><td>Universidade Federal da Bahia<\/td><td>1<\/td><td>0<\/td><\/tr><tr><td>ES<\/td><td>Universidade Federal do Esp\u00edrito Santo<\/td><td>1<\/td><td>0<\/td><\/tr><\/tbody><\/table><\/figure>\n\n\n\n<h5 class=\"wp-block-heading\">Ginecologia e Obstetr\u00edcia &#8211; R4<\/h5>\n\n\n\n<figure class=\"wp-block-table\"><table class=\"has-fixed-layout\"><tbody><tr><td><strong>UF<\/strong><\/td><td><strong>Institui\u00e7\u00e3o<\/strong><\/td><td><strong>N\u00b0 de Vagas<\/strong><\/td><td><strong>Reserva de Vagas (Reserva Militar)<\/strong><\/td><\/tr><tr><td>PE<\/td><td>Universidade Federal de Pernambuco (Hospital das Cl\u00ednicas Professor Romero Marques)<\/td><td>1<\/td><td>0<\/td><\/tr><\/tbody><\/table><\/figure>\n\n\n\n<h5 class=\"wp-block-heading\">Homeopatia<\/h5>\n\n\n\n<figure class=\"wp-block-table\"><table class=\"has-fixed-layout\"><tbody><tr><td><strong>UF<\/strong><\/td><td><strong>Institui\u00e7\u00e3o<\/strong><\/td><td><strong>N\u00b0 de Vagas<\/strong><\/td><td><strong>Reserva de Vagas (Reserva Militar)<\/strong><\/td><\/tr><tr><td>RJ<\/td><td>Universidade Federal do Estado do Rio de Janeiro (Hospital Universit\u00e1rio Gaffr\u00e9e e Guinle)<\/td><td>2<\/td><td>0<\/td><\/tr><\/tbody><\/table><\/figure>\n\n\n\n<h5 class=\"wp-block-heading\">Medicina de Fam\u00edlia e Comunidade &#8211; R3<\/h5>\n\n\n\n<figure class=\"wp-block-table\"><table class=\"has-fixed-layout\"><tbody><tr><td><strong>UF<\/strong><\/td><td><strong>Institui\u00e7\u00e3o<\/strong><\/td><td><strong>N\u00b0 de Vagas<\/strong><\/td><td><strong>Reserva de Vagas (Reserva Militar)<\/strong><\/td><\/tr><tr><td>RS<\/td><td>Universidade Federal de Pelotas<\/td><td>2<\/td><td>0<\/td><\/tr><tr><td>RJ<\/td><td>Secretaria Municipal de Sa\u00fade do Rio de Janeiro<\/td><td>20<\/td><td>0<\/td><\/tr><\/tbody><\/table><\/figure>\n\n\n\n<h5 class=\"wp-block-heading\">Medicina de Fam\u00edlia e Comunidade &#8211;&nbsp; Sa\u00fade Mental<\/h5>\n\n\n\n<figure class=\"wp-block-table\"><table class=\"has-fixed-layout\"><tbody><tr><td><strong>UF<\/strong><\/td><td><strong>Institui\u00e7\u00e3o<\/strong><\/td><td><strong>N\u00b0 de Vagas<\/strong><\/td><td><strong>Reserva de Vagas (Reserva Militar)<\/strong><\/td><\/tr><tr><td>CE<\/td><td>Secretaria Municipal de Sa\u00fade de Fortaleza<\/td><td>4<\/td><td>0<\/td><\/tr><\/tbody><\/table><\/figure>\n\n\n\n<h5 class=\"wp-block-heading\">Medicina de Fam\u00edlia e Comunidade &#8211; Sa\u00fade Ind\u00edgena<\/h5>\n\n\n\n<figure class=\"wp-block-table\"><table class=\"has-fixed-layout\"><tbody><tr><td><strong>UF<\/strong><\/td><td><strong>Institui\u00e7\u00e3o<\/strong><\/td><td><strong>N\u00b0 de Vagas<\/strong><\/td><td><strong>Reserva de Vagas (Reserva Militar)<\/strong><\/td><\/tr><tr><td>MS<\/td><td>Hospital Universit\u00e1rio da Universidade Federal da Grande Dourados<\/td><td>2<\/td><td>0<\/td><\/tr><\/tbody><\/table><\/figure>\n\n\n\n<h5 class=\"wp-block-heading\">Neurologia<\/h5>\n\n\n\n<figure class=\"wp-block-table\"><table class=\"has-fixed-layout\"><tbody><tr><td><strong>UF<\/strong><\/td><td><strong>Institui\u00e7\u00e3o<\/strong><\/td><td><strong>N\u00b0 de Vagas<\/strong><\/td><td><strong>Reserva de Vagas (Reserva Militar)<\/strong><\/td><\/tr><tr><td>CE<\/td><td>Secretaria da Sa\u00fade do Estado do Cear\u00e1 (Hospital Geral de Fortaleza)<\/td><td>3<\/td><td>0<\/td><\/tr><tr><td>PR<\/td><td>Universidade Federal do Paran\u00e1 &#8211; Complexo Hospital de Cl\u00ednicas<\/td><td>4<\/td><td>0<\/td><\/tr><tr><td>CE<\/td><td>Universidade Federal do Cear\u00e1 (Hospital Universit\u00e1rio Walter Cant\u00eddio &#8211; HUWC)<\/td><td>1<\/td><td>0<\/td><\/tr><\/tbody><\/table><\/figure>\n\n\n\n<h5 class=\"wp-block-heading\">Ortopedia e Traumatologia &#8211; R4<\/h5>\n\n\n\n<figure class=\"wp-block-table\"><table class=\"has-fixed-layout\"><tbody><tr><td><strong>UF<\/strong><\/td><td><strong>Institui\u00e7\u00e3o<\/strong><\/td><td><strong>N\u00b0 de Vagas<\/strong><\/td><td><strong>Reserva de Vagas (Reserva Militar)<\/strong><\/td><\/tr><tr><td>SP<\/td><td>Hospital Municipal Dr. C\u00e1rmino Caricchio<\/td><td>2<\/td><td>0<\/td><\/tr><tr><td>MG<\/td><td>Universidade Federal de Uberl\u00e2ndia &#8211; UFU<\/td><td>3<\/td><td>0<\/td><\/tr><tr><td>DF<\/td><td>Hospital das For\u00e7as Armadas<\/td><td>2<\/td><td>0<\/td><\/tr><tr><td>BA<\/td><td>Hospital Ortop\u00e9dico do Estado da Bahia<\/td><td>6<\/td><td>0<\/td><\/tr><\/tbody><\/table><\/figure>\n\n\n\n<h4 class=\"wp-block-heading\">Otorrinolaringologia &#8211; R4<\/h4>\n\n\n\n<figure class=\"wp-block-table\"><table class=\"has-fixed-layout\"><tbody><tr><td><strong>UF<\/strong><\/td><td><strong>Institui\u00e7\u00e3o<\/strong><\/td><td><strong>N\u00b0 de Vagas<\/strong><\/td><td><strong>Reserva de Vagas (Reserva Militar)<\/strong><\/td><\/tr><tr><td>CE<\/td><td>Universidade Federal do Cear\u00e1<\/td><td>1<\/td><td>0<\/td><\/tr><\/tbody><\/table><\/figure>\n\n\n\n<h5 class=\"wp-block-heading\">Patologia &#8211; R4<\/h5>\n\n\n\n<figure class=\"wp-block-table\"><table class=\"has-fixed-layout\"><tbody><tr><td><strong>UF<\/strong><\/td><td><strong>Institui\u00e7\u00e3o<\/strong><\/td><td><strong>N\u00b0 de Vagas<\/strong><\/td><td><strong>Reserva de Vagas (Reserva Militar)<\/strong><\/td><\/tr><tr><td>RJ<\/td><td>Universidade Federal do Estado do Rio de Janeiro (Hospital Universit\u00e1rio Gaffr\u00e9e e Guinle)<\/td><td>2<\/td><td>0<\/td><\/tr><tr><td>RJ<\/td><td>Instituto Nacional de C\u00e2ncer<\/td><td>3<\/td><td>0<\/td><\/tr><\/tbody><\/table><\/figure>\n\n\n\n<h5 class=\"wp-block-heading\">Radiologia e Diagn\u00f3stico por Imagem &#8211; R4<\/h5>\n\n\n\n<figure class=\"wp-block-table\"><table class=\"has-fixed-layout\"><tbody><tr><td><strong>UF<\/strong><\/td><td><strong>Institui\u00e7\u00e3o<\/strong><\/td><td><strong>N\u00b0 de Vagas<\/strong><\/td><td><strong>Reserva de Vagas (Reserva Militar)<\/strong><\/td><\/tr><tr><td>RJ<\/td><td>Funda\u00e7\u00e3o Octac\u00edlio Gualberto &#8211; UNIFASE\/FMP (Hospital Alcides Carneiro)<\/td><td>3<\/td><td>0<\/td><\/tr><tr><td>MG<\/td><td>Hospital das Cl\u00ednicas da Universidade Federal de Minas Gerais (HC\/UFMG)<\/td><td>2<\/td><td>0<\/td><\/tr><\/tbody><\/table><\/figure>\n\n\n\n<h5 class=\"wp-block-heading\">Transplante de C\u00f3rnea<\/h5>\n\n\n\n<figure class=\"wp-block-table\"><table class=\"has-fixed-layout\"><tbody><tr><td><strong>UF<\/strong><\/td><td><strong>Institui\u00e7\u00e3o<\/strong><\/td><td><strong>N\u00b0 de Vagas<\/strong><\/td><td><strong>Reserva de Vagas (Reserva Militar)<\/strong><\/td><\/tr><tr><td>CE<\/td><td>Secretaria da Sa\u00fade do Estado do Cear\u00e1 (Hospital Geral de Fortaleza)<\/td><td>1<\/td><td>0<\/td><\/tr><tr><td>RJ<\/td><td>Hospital Federal dos Servidores do Estado<\/td><td>2<\/td><td>0<\/td><\/tr><tr><td>RJ<\/td><td>Universidade Federal Fluminense (Hospital Universit\u00e1rio Antonio Pedro)<\/td><td>1<\/td><td>0<\/td><\/tr><\/tbody><\/table><\/figure>\n\n\n\n<h5 class=\"wp-block-heading\">Transplante de Rim &#8211; Nefrologia R3<\/h5>\n\n\n\n<figure class=\"wp-block-table\"><table class=\"has-fixed-layout\"><tbody><tr><td><strong>UF<\/strong><\/td><td><strong>Institui\u00e7\u00e3o<\/strong><\/td><td><strong>N\u00b0 de Vagas<\/strong><\/td><td><strong>Reserva de Vagas (Reserva Militar)<\/strong><\/td><\/tr><tr><td>RJ<\/td><td>Hospital Federal de Bonsucesso<\/td><td>1<\/td><td>0<\/td><\/tr><tr><td>DF<\/td><td>Universidade de Bras\u00edlia<\/td><td>1<\/td><td>0<\/td><\/tr><\/tbody><\/table><\/figure>\n\n\n\n<h5 class=\"wp-block-heading\">Transplante de Rim &#8211; Urologia<\/h5>\n\n\n\n<figure class=\"wp-block-table\"><table class=\"has-fixed-layout\"><tbody><tr><td><strong>UF<\/strong><\/td><td><strong>Institui\u00e7\u00e3o<\/strong><\/td><td><strong>N\u00b0 de Vagas<\/strong><\/td><td><strong>Reserva de Vagas (Reserva Militar)<\/strong><\/td><\/tr><tr><td>DF<\/td><td>Universidade de Bras\u00edlia<\/td><td>1<\/td><td>0<\/td><\/tr><\/tbody><\/table><\/figure>\n\n\n\n<h5 class=\"wp-block-heading\">Transplante &#8211; Pediatria R3<\/h5>\n\n\n\n<figure class=\"wp-block-table\"><table class=\"has-fixed-layout\"><tbody><tr><td><strong>UF<\/strong><\/td><td><strong>Institui\u00e7\u00e3o<\/strong><\/td><td><strong>N\u00b0 de Vagas<\/strong><\/td><td><strong>Reserva de Vagas (Reserva Militar)<\/strong><\/td><\/tr><tr><td>PR<\/td><td>Universidade Federal do Paran\u00e1 &#8211; Complexo Hospital de Cl\u00ednicas<\/td><td>2<\/td><td>0<\/td><\/tr><\/tbody><\/table><\/figure>\n\n\n\n<figure class=\"wp-block-image size-large\"><img loading=\"lazy\" decoding=\"async\" width=\"1024\" height=\"366\" src=\"https:\/\/www.grupomedcof.com.br\/blog\/wp-content\/uploads\/2024\/08\/Capa-Eventos-MedCof-Plus-14-4-1024x366.png\" alt=\"\" class=\"wp-image-29290\" srcset=\"https:\/\/www.grupomedcof.com.br\/blog\/wp-content\/uploads\/2024\/08\/Capa-Eventos-MedCof-Plus-14-4-1024x366.png 1024w, https:\/\/www.grupomedcof.com.br\/blog\/wp-content\/uploads\/2024\/08\/Capa-Eventos-MedCof-Plus-14-4-300x107.png 300w, https:\/\/www.grupomedcof.com.br\/blog\/wp-content\/uploads\/2024\/08\/Capa-Eventos-MedCof-Plus-14-4-768x275.png 768w, https:\/\/www.grupomedcof.com.br\/blog\/wp-content\/uploads\/2024\/08\/Capa-Eventos-MedCof-Plus-14-4-1536x549.png 1536w, https:\/\/www.grupomedcof.com.br\/blog\/wp-content\/uploads\/2024\/08\/Capa-Eventos-MedCof-Plus-14-4-2048x732.png 2048w, https:\/\/www.grupomedcof.com.br\/blog\/wp-content\/uploads\/2024\/08\/Capa-Eventos-MedCof-Plus-14-4-1174x420.png 1174w, https:\/\/www.grupomedcof.com.br\/blog\/wp-content\/uploads\/2024\/08\/Capa-Eventos-MedCof-Plus-14-4-150x54.png 150w, https:\/\/www.grupomedcof.com.br\/blog\/wp-content\/uploads\/2024\/08\/Capa-Eventos-MedCof-Plus-14-4-696x249.png 696w, https:\/\/www.grupomedcof.com.br\/blog\/wp-content\/uploads\/2024\/08\/Capa-Eventos-MedCof-Plus-14-4-1068x382.png 1068w, https:\/\/www.grupomedcof.com.br\/blog\/wp-content\/uploads\/2024\/08\/Capa-Eventos-MedCof-Plus-14-4-1920x687.png 1920w\" sizes=\"auto, (max-width: 1024px) 100vw, 1024px\" \/><\/figure>\n\n\n\n<h2 class=\"wp-block-heading\" id=\"h-como-e-a-classificacao-do-enare\"><span class=\"ez-toc-section\" id=\"Como_e_a_classificacao_do_Enare\"><\/span><strong>Como \u00e9 a classifica\u00e7\u00e3o do Enare?<\/strong><span class=\"ez-toc-section-end\"><\/span><\/h2>\n\n\n\n<p>Anteriormente, a <a href=\"https:\/\/grupomedcof.com.br\/blog\/concorrencia-enare-2024-2025\/\"><strong>classifica\u00e7\u00e3o do Enare<\/strong><\/a> era listada em ordem decrescente, ou seja, da maior para a menor nota.<\/p>\n\n\n\n<p>A nota final do Exame Nacional de Resid\u00eancia era definida com base na soma do resultado da prova objetiva, da <a href=\"https:\/\/grupomedcof.com.br\/blog\/como-e-a-analise-curricular-de-residencia-medica-do-enare\/\"><strong>an\u00e1lise curricular<\/strong><\/a> e da pontua\u00e7\u00e3o adicional (aqueles que possu\u00edrem o direito). Entretanto, elas possuem pesos diferentes, enquanto a prova objetiva comp\u00f5e 90% da nota final, a<strong> <\/strong>an\u00e1lise curricular corresponde aos 10% restantes.<\/p>\n\n\n\n<p>Para obter a nota final de cada participante realizava-se o seguinte c\u00e1lculo:<\/p>\n\n\n\n<p>NF = Nota Final<\/p>\n\n\n\n<p>PO = Pontua\u00e7\u00e3o da Prova Objetiva<\/p>\n\n\n\n<p>PC = Pontua\u00e7\u00e3o An\u00e1lise Curricular<\/p>\n\n\n\n<p><strong>NF = (PO x 9) + (PC x 1) + (Pontua\u00e7\u00e3o Adicional)<\/strong><\/p>\n\n\n\n<p>Entretanto, na edi\u00e7\u00e3o atual, a classifica\u00e7\u00e3o ser\u00e1 feita com base na prova objetiva, <strong>etapa \u00fanica da sele\u00e7\u00e3o.<\/strong><\/p>\n\n\n\n<h3 class=\"wp-block-heading\" id=\"h-nota-de-corte-das-vagas-enare\"><span class=\"ez-toc-section\" id=\"Nota_de_corte_das_vagas_Enare\"><\/span><strong>Nota de corte das vagas Enare<\/strong><span class=\"ez-toc-section-end\"><\/span><\/h3>\n\n\n\n<p>Para conferir as <a href=\"https:\/\/www.grupomedcof.com.br\/blog\/notas-de-corte-enare\/\"><strong>notas de corte<\/strong><\/a> da <strong>\u00faltima edi\u00e7\u00e3o do Exame Nacional de Resid\u00eancia<\/strong>, acesse o <a href=\"https:\/\/www.grupomedcof.com.br\/blog\/residencia-medica-enare\/\"><strong>texto exclusivo do Blog MedCof<\/strong><\/a><strong> <\/strong>contendo todas as informa\u00e7\u00f5es que voc\u00ea precisa saber!<\/p>\n\n\n\n<h2 class=\"wp-block-heading\" id=\"h-oferta-de-vagas-enare-2025-2026\"><span class=\"ez-toc-section\" id=\"Oferta_de_vagas_ENARE_20252026\"><\/span><strong>Oferta de vagas ENARE 2025\/2026<\/strong><span class=\"ez-toc-section-end\"><\/span><\/h2>\n\n\n\n<p>A <strong>Funda\u00e7\u00e3o Getulio Vargas (FGV)<\/strong> e a <strong>Empresa Brasileira de Servi\u00e7os Hospitalares (Ebserh) <\/strong>divulgaram um <a href=\"https:\/\/www.grupomedcof.com.br\/blog\/wp-content\/uploads\/2026\/03\/Comunicado_OfertaDeVagas_06.03.pdf\" target=\"_blank\" rel=\"noreferrer noopener\">comunicado<\/a> para esclarecer as regras relacionadas \u00e0 oferta de vagas no ENARE 2025\/2026. O documento refor\u00e7a que a <strong>responsabilidade pela defini\u00e7\u00e3o dos programas de resid\u00eancia e pelo quantitativo de vagas ofertadas<\/strong> \u00e9 exclusivamente das <strong>institui\u00e7\u00f5es participantes<\/strong> do processo seletivo.<\/p>\n\n\n\n<p>De acordo com o documento, cada institui\u00e7\u00e3o que aderiu ao processo seletivo \u00e9 respons\u00e1vel pela <strong>veracidade, integridade e regularidade das informa\u00e7\u00f5es fornecidas no momento da ades\u00e3o ao exame.<\/strong> Isso inclui a confirma\u00e7\u00e3o de que as vagas ofertadas est\u00e3o devidamente autorizadas pelo Minist\u00e9rio da Educa\u00e7\u00e3o. Caso haja <strong>inconsist\u00eancias ou irregularidades,<\/strong> a <strong>pr\u00f3pria institui\u00e7\u00e3o responde administrativa, civil e penalmente<\/strong> por eventuais atos ou omiss\u00f5es.<\/p>\n\n\n\n<p>O comunicado tamb\u00e9m refor\u00e7a que <strong>qualquer envio de documentos comprobat\u00f3rios,<\/strong> bem como ajustes, corre\u00e7\u00f5es ou retifica\u00e7\u00f5es relacionadas aos programas ou ao quantitativo de vagas, deve ser feito <strong>exclusivamente por meio do sistema informatizado do ENARE.<\/strong> Essas altera\u00e7\u00f5es s\u00f3 podem ocorrer dentro dos prazos estabelecidos no cronograma oficial do processo seletivo, sendo vedada a inclus\u00e3o, exclus\u00e3o ou modifica\u00e7\u00e3o de vagas fora dessas hip\u00f3teses.<\/p>\n\n\n\n<p>Al\u00e9m disso, os editais de abertura do exame determinam que as institui\u00e7\u00f5es participantes s\u00e3o respons\u00e1veis tanto pela oferta dos programas quanto pelo n\u00famero de vagas declarado no termo de ades\u00e3o. Dessa forma, eventuais atualiza\u00e7\u00f5es tamb\u00e9m devem seguir os prazos previamente definidos no cronograma do certame.<\/p>\n\n\n\n<p>Outro ponto destacado \u00e9 que o processo de matr\u00edcula dos candidatos aprovados n\u00e3o \u00e9 conduzido pela organiza\u00e7\u00e3o do exame. A etapa \u00e9 atribui\u00e7\u00e3o exclusiva das institui\u00e7\u00f5es participantes, que devem realizar a convoca\u00e7\u00e3o e efetivar a matr\u00edcula conforme suas pr\u00f3prias regras e cronogramas internos.<\/p>\n\n\n\n<p>Por fim, a FGV e a Ebserh informaram que permanecem dispon\u00edveis para prestar esclarecimentos dentro de suas compet\u00eancias e desejaram boa participa\u00e7\u00e3o aos candidatos do ENARE 2025\/2026.<\/p>\n\n\n\n<h2 class=\"wp-block-heading\" id=\"seja-um-medcofer\"><span class=\"ez-toc-section\" id=\"Seja_um_MedCofer\"><\/span><strong>Seja um MedCofer!<\/strong><span class=\"ez-toc-section-end\"><\/span><\/h2>\n\n\n\n<p>Quer alcan\u00e7ar a aprova\u00e7\u00e3o nas provas de resid\u00eancia m\u00e9dica? Ent\u00e3o seja um&nbsp;<a href=\"https:\/\/www.grupomedcof.com.br\/home\/\"><strong>MedCofer<\/strong><\/a>! Aqui te ajudaremos na busca da aprova\u00e7\u00e3o com conte\u00fados de qualidade e uma metodologia que j\u00e1 aprovou mais de 35 mil residentes no pa\u00eds! Por fim, acesse o nosso<a href=\"https:\/\/www.youtube.com\/@GrupoMedcof\/featured\">&nbsp;<strong>canal do youtube&nbsp;<\/strong><\/a>para ver o nosso material.<\/p>\n\n\n\n<figure class=\"wp-block-embed is-type-video is-provider-youtube wp-block-embed-youtube wp-embed-aspect-16-9 wp-has-aspect-ratio\"><div class=\"wp-block-embed__wrapper\">\n<div class=\"youtube-embed\" data-video_id=\"b77a3k14lEY\"><iframe loading=\"lazy\" title=\"Onboarding #01 | Boas Vindas\" width=\"696\" height=\"392\" src=\"https:\/\/www.youtube.com\/embed\/b77a3k14lEY?feature=oembed&#038;enablejsapi=1\" frameborder=\"0\" allow=\"accelerometer; autoplay; clipboard-write; encrypted-media; gyroscope; picture-in-picture; web-share\" referrerpolicy=\"strict-origin-when-cross-origin\" allowfullscreen><\/iframe><\/div>\n<\/div><\/figure>\n","protected":false},"excerpt":{"rendered":"<p>Confira as vagas dispon\u00edveis para o Enare 2025\/2026 e descubra as mais de 160 institui\u00e7\u00f5es que participar\u00e3o do Exame Nacional de Resid\u00eancia em cada regi\u00e3o.<\/p>\n","protected":false},"author":20,"featured_media":27931,"comment_status":"open","ping_status":"open","sticky":false,"template":"","format":"standard","meta":{"footnotes":""},"categories":[287,174],"tags":[29,117,68,1639],"ppma_author":[3616],"class_list":{"0":"post-30357","1":"post","2":"type-post","3":"status-publish","4":"format-standard","5":"has-post-thumbnail","7":"category-destaques-medcof","8":"category-residencia-medica","9":"tag-enare","10":"tag-provas-de-residencia","11":"tag-residencia-medica","12":"tag-vagas"},"yoast_head":"<!-- This site is optimized with the Yoast SEO Premium plugin v24.3 (Yoast SEO v27.4) - https:\/\/yoast.com\/product\/yoast-seo-premium-wordpress\/ -->\n<title>Enare vagas 2025\/2026: Confira as mais de 6 mil vagas<\/title>\n<meta name=\"description\" content=\"Confira as vagas dispon\u00edveis para o Enare 2025\/2026 e descubra as mais de 160 institui\u00e7\u00f5es que participar\u00e3o do Exame Nacional de Resid\u00eancia em cada regi\u00e3o.\" \/>\n<meta name=\"robots\" content=\"index, follow, max-snippet:-1, max-image-preview:large, max-video-preview:-1\" \/>\n<link rel=\"canonical\" href=\"https:\/\/www.grupomedcof.com.br\/blog\/enare-vagas\/\" \/>\n<meta property=\"og:locale\" content=\"pt_BR\" \/>\n<meta property=\"og:type\" content=\"article\" \/>\n<meta property=\"og:title\" content=\"ENARE 2026\/2027: confira a disponibilidade de vagas\" \/>\n<meta property=\"og:description\" content=\"Confira as vagas dispon\u00edveis para o Enare 2025\/2026 e descubra as mais de 160 institui\u00e7\u00f5es que participar\u00e3o do Exame Nacional de Resid\u00eancia em cada regi\u00e3o.\" \/>\n<meta property=\"og:url\" content=\"https:\/\/www.grupomedcof.com.br\/blog\/enare-vagas\/\" \/>\n<meta property=\"og:site_name\" content=\"Blog de Medcof: conte\u00fados, editais, revalida e mais!\" \/>\n<meta property=\"article:publisher\" content=\"https:\/\/www.facebook.com\/MedCofQbank\/\" \/>\n<meta property=\"article:published_time\" content=\"2026-03-09T17:14:49+00:00\" \/>\n<meta property=\"article:modified_time\" content=\"2026-04-27T19:07:31+00:00\" \/>\n<meta property=\"og:image\" content=\"https:\/\/www.grupomedcof.com.br\/blog\/wp-content\/uploads\/2024\/07\/Modelo-instituicoes-16.png\" \/>\n\t<meta property=\"og:image:width\" content=\"2560\" \/>\n\t<meta property=\"og:image:height\" content=\"1440\" \/>\n\t<meta property=\"og:image:type\" content=\"image\/png\" \/>\n<meta name=\"author\" content=\"Leila Menzel\" \/>\n<meta name=\"twitter:card\" content=\"summary_large_image\" \/>\n<meta name=\"twitter:label1\" content=\"Escrito por\" \/>\n\t<meta name=\"twitter:data1\" content=\"Leila Menzel\" \/>\n\t<meta name=\"twitter:label2\" content=\"Est. tempo de leitura\" \/>\n\t<meta name=\"twitter:data2\" content=\"117 minutos\" \/>\n<script type=\"application\/ld+json\" class=\"yoast-schema-graph\">{\"@context\":\"https:\\\/\\\/schema.org\",\"@graph\":[{\"@type\":\"Article\",\"@id\":\"https:\\\/\\\/www.grupomedcof.com.br\\\/blog\\\/enare-vagas\\\/#article\",\"isPartOf\":{\"@id\":\"https:\\\/\\\/www.grupomedcof.com.br\\\/blog\\\/enare-vagas\\\/\"},\"author\":{\"name\":\"Leila Menzel\",\"@id\":\"https:\\\/\\\/www.grupomedcof.com.br\\\/blog\\\/#\\\/schema\\\/person\\\/9a44c2184a836bf5ae6967fdb3a1451e\"},\"headline\":\"ENARE 2026\\\/2027: confira a disponibilidade de vagas\",\"datePublished\":\"2026-03-09T17:14:49+00:00\",\"dateModified\":\"2026-04-27T19:07:31+00:00\",\"mainEntityOfPage\":{\"@id\":\"https:\\\/\\\/www.grupomedcof.com.br\\\/blog\\\/enare-vagas\\\/\"},\"wordCount\":19959,\"commentCount\":0,\"publisher\":{\"@id\":\"https:\\\/\\\/www.grupomedcof.com.br\\\/blog\\\/#organization\"},\"image\":{\"@id\":\"https:\\\/\\\/www.grupomedcof.com.br\\\/blog\\\/enare-vagas\\\/#primaryimage\"},\"thumbnailUrl\":\"https:\\\/\\\/www.grupomedcof.com.br\\\/blog\\\/wp-content\\\/uploads\\\/2024\\\/07\\\/Modelo-instituicoes-16.png\",\"keywords\":[\"ENARE\",\"Provas de Resid\u00eancia\",\"Resid\u00eancia M\u00e9dica\",\"Vagas\"],\"articleSection\":[\"Destaques MedCof\",\"Resid\u00eancia m\u00e9dica: editais, resultados, temas quentes e mais\"],\"inLanguage\":\"pt-BR\"},{\"@type\":\"WebPage\",\"@id\":\"https:\\\/\\\/www.grupomedcof.com.br\\\/blog\\\/enare-vagas\\\/\",\"url\":\"https:\\\/\\\/www.grupomedcof.com.br\\\/blog\\\/enare-vagas\\\/\",\"name\":\"Enare vagas 2025\\\/2026: Confira as mais de 6 mil vagas\",\"isPartOf\":{\"@id\":\"https:\\\/\\\/www.grupomedcof.com.br\\\/blog\\\/#website\"},\"primaryImageOfPage\":{\"@id\":\"https:\\\/\\\/www.grupomedcof.com.br\\\/blog\\\/enare-vagas\\\/#primaryimage\"},\"image\":{\"@id\":\"https:\\\/\\\/www.grupomedcof.com.br\\\/blog\\\/enare-vagas\\\/#primaryimage\"},\"thumbnailUrl\":\"https:\\\/\\\/www.grupomedcof.com.br\\\/blog\\\/wp-content\\\/uploads\\\/2024\\\/07\\\/Modelo-instituicoes-16.png\",\"datePublished\":\"2026-03-09T17:14:49+00:00\",\"dateModified\":\"2026-04-27T19:07:31+00:00\",\"description\":\"Confira as vagas dispon\u00edveis para o Enare 2025\\\/2026 e descubra as mais de 160 institui\u00e7\u00f5es que participar\u00e3o do Exame Nacional de Resid\u00eancia em cada regi\u00e3o.\",\"breadcrumb\":{\"@id\":\"https:\\\/\\\/www.grupomedcof.com.br\\\/blog\\\/enare-vagas\\\/#breadcrumb\"},\"inLanguage\":\"pt-BR\",\"potentialAction\":[{\"@type\":\"ReadAction\",\"target\":[\"https:\\\/\\\/www.grupomedcof.com.br\\\/blog\\\/enare-vagas\\\/\"]}]},{\"@type\":\"ImageObject\",\"inLanguage\":\"pt-BR\",\"@id\":\"https:\\\/\\\/www.grupomedcof.com.br\\\/blog\\\/enare-vagas\\\/#primaryimage\",\"url\":\"https:\\\/\\\/www.grupomedcof.com.br\\\/blog\\\/wp-content\\\/uploads\\\/2024\\\/07\\\/Modelo-instituicoes-16.png\",\"contentUrl\":\"https:\\\/\\\/www.grupomedcof.com.br\\\/blog\\\/wp-content\\\/uploads\\\/2024\\\/07\\\/Modelo-instituicoes-16.png\",\"width\":2560,\"height\":1440,\"caption\":\"Logo com escrita do ENARE. No canto inferior direito est\u00e1 presente o logo com a escrita \\\"MedCof\\\"\"},{\"@type\":\"BreadcrumbList\",\"@id\":\"https:\\\/\\\/www.grupomedcof.com.br\\\/blog\\\/enare-vagas\\\/#breadcrumb\",\"itemListElement\":[{\"@type\":\"ListItem\",\"position\":1,\"name\":\"In\u00edcio\",\"item\":\"https:\\\/\\\/www.grupomedcof.com.br\\\/blog\\\/\"},{\"@type\":\"ListItem\",\"position\":2,\"name\":\"ENARE 2026\\\/2027: confira a disponibilidade de vagas\"}]},{\"@type\":\"WebSite\",\"@id\":\"https:\\\/\\\/www.grupomedcof.com.br\\\/blog\\\/#website\",\"url\":\"https:\\\/\\\/www.grupomedcof.com.br\\\/blog\\\/\",\"name\":\"Blog de Medcof: conte\u00fados, editais, revalida e mais!\",\"description\":\"Acesso o blog de MedCof! Seu portal de conte\u00fados sobre resid\u00eancia m\u00e9dica, an\u00e1lise e editais e muito mais. Clique e confira!\",\"publisher\":{\"@id\":\"https:\\\/\\\/www.grupomedcof.com.br\\\/blog\\\/#organization\"},\"alternateName\":\"Blog de Medcof: conte\u00fados, editais, revalida e mais!\",\"potentialAction\":[{\"@type\":\"SearchAction\",\"target\":{\"@type\":\"EntryPoint\",\"urlTemplate\":\"https:\\\/\\\/www.grupomedcof.com.br\\\/blog\\\/?s={search_term_string}\"},\"query-input\":{\"@type\":\"PropertyValueSpecification\",\"valueRequired\":true,\"valueName\":\"search_term_string\"}}],\"inLanguage\":\"pt-BR\"},{\"@type\":\"Organization\",\"@id\":\"https:\\\/\\\/www.grupomedcof.com.br\\\/blog\\\/#organization\",\"name\":\"Grupo MedCof\",\"url\":\"https:\\\/\\\/www.grupomedcof.com.br\\\/blog\\\/\",\"logo\":{\"@type\":\"ImageObject\",\"inLanguage\":\"pt-BR\",\"@id\":\"https:\\\/\\\/www.grupomedcof.com.br\\\/blog\\\/#\\\/schema\\\/logo\\\/image\\\/\",\"url\":\"https:\\\/\\\/www.grupomedcof.com.br\\\/blog\\\/wp-content\\\/uploads\\\/2022\\\/01\\\/logo-medcof.png\",\"contentUrl\":\"https:\\\/\\\/www.grupomedcof.com.br\\\/blog\\\/wp-content\\\/uploads\\\/2022\\\/01\\\/logo-medcof.png\",\"width\":768,\"height\":269,\"caption\":\"Grupo MedCof\"},\"image\":{\"@id\":\"https:\\\/\\\/www.grupomedcof.com.br\\\/blog\\\/#\\\/schema\\\/logo\\\/image\\\/\"},\"sameAs\":[\"https:\\\/\\\/www.facebook.com\\\/MedCofQbank\\\/\",\"https:\\\/\\\/www.instagram.com\\\/grupomedcof\\\/\",\"https:\\\/\\\/br.linkedin.com\\\/company\\\/medcof\",\"https:\\\/\\\/www.youtube.com\\\/channel\\\/UCdHMuOHKICxcHwecxN8P-AA\"]},{\"@type\":\"Person\",\"@id\":\"https:\\\/\\\/www.grupomedcof.com.br\\\/blog\\\/#\\\/schema\\\/person\\\/9a44c2184a836bf5ae6967fdb3a1451e\",\"name\":\"Leila Menzel\",\"image\":{\"@type\":\"ImageObject\",\"inLanguage\":\"pt-BR\",\"@id\":\"https:\\\/\\\/www.grupomedcof.com.br\\\/blog\\\/wp-content\\\/uploads\\\/2025\\\/09\\\/cropped-eu-96x96.jpeg19a74936d997c0a8b3031618467fa1d0\",\"url\":\"https:\\\/\\\/www.grupomedcof.com.br\\\/blog\\\/wp-content\\\/uploads\\\/2025\\\/09\\\/cropped-eu-96x96.jpeg\",\"contentUrl\":\"https:\\\/\\\/www.grupomedcof.com.br\\\/blog\\\/wp-content\\\/uploads\\\/2025\\\/09\\\/cropped-eu-96x96.jpeg\",\"caption\":\"Leila Menzel\"},\"description\":\"Estudante do 6\u00b0 semestre de jornalismo, amo e escrevo poesias e viajo em livros de romances clich\u00eas.\",\"url\":\"https:\\\/\\\/www.grupomedcof.com.br\\\/blog\\\/author\\\/leila-menzel\\\/\"}]}<\/script>\n<!-- \/ Yoast SEO Premium plugin. -->","yoast_head_json":{"title":"Enare vagas 2025\/2026: Confira as mais de 6 mil vagas","description":"Confira as vagas dispon\u00edveis para o Enare 2025\/2026 e descubra as mais de 160 institui\u00e7\u00f5es que participar\u00e3o do Exame Nacional de Resid\u00eancia em cada regi\u00e3o.","robots":{"index":"index","follow":"follow","max-snippet":"max-snippet:-1","max-image-preview":"max-image-preview:large","max-video-preview":"max-video-preview:-1"},"canonical":"https:\/\/www.grupomedcof.com.br\/blog\/enare-vagas\/","og_locale":"pt_BR","og_type":"article","og_title":"ENARE 2026\/2027: confira a disponibilidade de vagas","og_description":"Confira as vagas dispon\u00edveis para o Enare 2025\/2026 e descubra as mais de 160 institui\u00e7\u00f5es que participar\u00e3o do Exame Nacional de Resid\u00eancia em cada regi\u00e3o.","og_url":"https:\/\/www.grupomedcof.com.br\/blog\/enare-vagas\/","og_site_name":"Blog de Medcof: conte\u00fados, editais, revalida e mais!","article_publisher":"https:\/\/www.facebook.com\/MedCofQbank\/","article_published_time":"2026-03-09T17:14:49+00:00","article_modified_time":"2026-04-27T19:07:31+00:00","og_image":[{"width":2560,"height":1440,"url":"https:\/\/www.grupomedcof.com.br\/blog\/wp-content\/uploads\/2024\/07\/Modelo-instituicoes-16.png","type":"image\/png"}],"author":"Leila Menzel","twitter_card":"summary_large_image","twitter_misc":{"Escrito por":"Leila Menzel","Est. tempo de leitura":"117 minutos"},"schema":{"@context":"https:\/\/schema.org","@graph":[{"@type":"Article","@id":"https:\/\/www.grupomedcof.com.br\/blog\/enare-vagas\/#article","isPartOf":{"@id":"https:\/\/www.grupomedcof.com.br\/blog\/enare-vagas\/"},"author":{"name":"Leila Menzel","@id":"https:\/\/www.grupomedcof.com.br\/blog\/#\/schema\/person\/9a44c2184a836bf5ae6967fdb3a1451e"},"headline":"ENARE 2026\/2027: confira a disponibilidade de vagas","datePublished":"2026-03-09T17:14:49+00:00","dateModified":"2026-04-27T19:07:31+00:00","mainEntityOfPage":{"@id":"https:\/\/www.grupomedcof.com.br\/blog\/enare-vagas\/"},"wordCount":19959,"commentCount":0,"publisher":{"@id":"https:\/\/www.grupomedcof.com.br\/blog\/#organization"},"image":{"@id":"https:\/\/www.grupomedcof.com.br\/blog\/enare-vagas\/#primaryimage"},"thumbnailUrl":"https:\/\/www.grupomedcof.com.br\/blog\/wp-content\/uploads\/2024\/07\/Modelo-instituicoes-16.png","keywords":["ENARE","Provas de Resid\u00eancia","Resid\u00eancia M\u00e9dica","Vagas"],"articleSection":["Destaques MedCof","Resid\u00eancia m\u00e9dica: editais, resultados, temas quentes e mais"],"inLanguage":"pt-BR"},{"@type":"WebPage","@id":"https:\/\/www.grupomedcof.com.br\/blog\/enare-vagas\/","url":"https:\/\/www.grupomedcof.com.br\/blog\/enare-vagas\/","name":"Enare vagas 2025\/2026: Confira as mais de 6 mil vagas","isPartOf":{"@id":"https:\/\/www.grupomedcof.com.br\/blog\/#website"},"primaryImageOfPage":{"@id":"https:\/\/www.grupomedcof.com.br\/blog\/enare-vagas\/#primaryimage"},"image":{"@id":"https:\/\/www.grupomedcof.com.br\/blog\/enare-vagas\/#primaryimage"},"thumbnailUrl":"https:\/\/www.grupomedcof.com.br\/blog\/wp-content\/uploads\/2024\/07\/Modelo-instituicoes-16.png","datePublished":"2026-03-09T17:14:49+00:00","dateModified":"2026-04-27T19:07:31+00:00","description":"Confira as vagas dispon\u00edveis para o Enare 2025\/2026 e descubra as mais de 160 institui\u00e7\u00f5es que participar\u00e3o do Exame Nacional de Resid\u00eancia em cada regi\u00e3o.","breadcrumb":{"@id":"https:\/\/www.grupomedcof.com.br\/blog\/enare-vagas\/#breadcrumb"},"inLanguage":"pt-BR","potentialAction":[{"@type":"ReadAction","target":["https:\/\/www.grupomedcof.com.br\/blog\/enare-vagas\/"]}]},{"@type":"ImageObject","inLanguage":"pt-BR","@id":"https:\/\/www.grupomedcof.com.br\/blog\/enare-vagas\/#primaryimage","url":"https:\/\/www.grupomedcof.com.br\/blog\/wp-content\/uploads\/2024\/07\/Modelo-instituicoes-16.png","contentUrl":"https:\/\/www.grupomedcof.com.br\/blog\/wp-content\/uploads\/2024\/07\/Modelo-instituicoes-16.png","width":2560,"height":1440,"caption":"Logo com escrita do ENARE. No canto inferior direito est\u00e1 presente o logo com a escrita \"MedCof\""},{"@type":"BreadcrumbList","@id":"https:\/\/www.grupomedcof.com.br\/blog\/enare-vagas\/#breadcrumb","itemListElement":[{"@type":"ListItem","position":1,"name":"In\u00edcio","item":"https:\/\/www.grupomedcof.com.br\/blog\/"},{"@type":"ListItem","position":2,"name":"ENARE 2026\/2027: confira a disponibilidade de vagas"}]},{"@type":"WebSite","@id":"https:\/\/www.grupomedcof.com.br\/blog\/#website","url":"https:\/\/www.grupomedcof.com.br\/blog\/","name":"Blog de Medcof: conte\u00fados, editais, revalida e mais!","description":"Acesso o blog de MedCof! Seu portal de conte\u00fados sobre resid\u00eancia m\u00e9dica, an\u00e1lise e editais e muito mais. Clique e confira!","publisher":{"@id":"https:\/\/www.grupomedcof.com.br\/blog\/#organization"},"alternateName":"Blog de Medcof: conte\u00fados, editais, revalida e mais!","potentialAction":[{"@type":"SearchAction","target":{"@type":"EntryPoint","urlTemplate":"https:\/\/www.grupomedcof.com.br\/blog\/?s={search_term_string}"},"query-input":{"@type":"PropertyValueSpecification","valueRequired":true,"valueName":"search_term_string"}}],"inLanguage":"pt-BR"},{"@type":"Organization","@id":"https:\/\/www.grupomedcof.com.br\/blog\/#organization","name":"Grupo MedCof","url":"https:\/\/www.grupomedcof.com.br\/blog\/","logo":{"@type":"ImageObject","inLanguage":"pt-BR","@id":"https:\/\/www.grupomedcof.com.br\/blog\/#\/schema\/logo\/image\/","url":"https:\/\/www.grupomedcof.com.br\/blog\/wp-content\/uploads\/2022\/01\/logo-medcof.png","contentUrl":"https:\/\/www.grupomedcof.com.br\/blog\/wp-content\/uploads\/2022\/01\/logo-medcof.png","width":768,"height":269,"caption":"Grupo MedCof"},"image":{"@id":"https:\/\/www.grupomedcof.com.br\/blog\/#\/schema\/logo\/image\/"},"sameAs":["https:\/\/www.facebook.com\/MedCofQbank\/","https:\/\/www.instagram.com\/grupomedcof\/","https:\/\/br.linkedin.com\/company\/medcof","https:\/\/www.youtube.com\/channel\/UCdHMuOHKICxcHwecxN8P-AA"]},{"@type":"Person","@id":"https:\/\/www.grupomedcof.com.br\/blog\/#\/schema\/person\/9a44c2184a836bf5ae6967fdb3a1451e","name":"Leila Menzel","image":{"@type":"ImageObject","inLanguage":"pt-BR","@id":"https:\/\/www.grupomedcof.com.br\/blog\/wp-content\/uploads\/2025\/09\/cropped-eu-96x96.jpeg19a74936d997c0a8b3031618467fa1d0","url":"https:\/\/www.grupomedcof.com.br\/blog\/wp-content\/uploads\/2025\/09\/cropped-eu-96x96.jpeg","contentUrl":"https:\/\/www.grupomedcof.com.br\/blog\/wp-content\/uploads\/2025\/09\/cropped-eu-96x96.jpeg","caption":"Leila Menzel"},"description":"Estudante do 6\u00b0 semestre de jornalismo, amo e escrevo poesias e viajo em livros de romances clich\u00eas.","url":"https:\/\/www.grupomedcof.com.br\/blog\/author\/leila-menzel\/"}]}},"authors":[{"term_id":3616,"user_id":20,"is_guest":0,"slug":"leila-menzel","display_name":"Leila Menzel","avatar_url":"https:\/\/www.grupomedcof.com.br\/blog\/wp-content\/uploads\/2025\/09\/cropped-eu-96x96.jpeg","0":null,"1":"","2":"","3":"","4":"","5":"","6":"","7":"","8":""}],"_links":{"self":[{"href":"https:\/\/www.grupomedcof.com.br\/blog\/wp-json\/wp\/v2\/posts\/30357","targetHints":{"allow":["GET"]}}],"collection":[{"href":"https:\/\/www.grupomedcof.com.br\/blog\/wp-json\/wp\/v2\/posts"}],"about":[{"href":"https:\/\/www.grupomedcof.com.br\/blog\/wp-json\/wp\/v2\/types\/post"}],"author":[{"embeddable":true,"href":"https:\/\/www.grupomedcof.com.br\/blog\/wp-json\/wp\/v2\/users\/20"}],"replies":[{"embeddable":true,"href":"https:\/\/www.grupomedcof.com.br\/blog\/wp-json\/wp\/v2\/comments?post=30357"}],"version-history":[{"count":18,"href":"https:\/\/www.grupomedcof.com.br\/blog\/wp-json\/wp\/v2\/posts\/30357\/revisions"}],"predecessor-version":[{"id":43663,"href":"https:\/\/www.grupomedcof.com.br\/blog\/wp-json\/wp\/v2\/posts\/30357\/revisions\/43663"}],"wp:featuredmedia":[{"embeddable":true,"href":"https:\/\/www.grupomedcof.com.br\/blog\/wp-json\/wp\/v2\/media\/27931"}],"wp:attachment":[{"href":"https:\/\/www.grupomedcof.com.br\/blog\/wp-json\/wp\/v2\/media?parent=30357"}],"wp:term":[{"taxonomy":"category","embeddable":true,"href":"https:\/\/www.grupomedcof.com.br\/blog\/wp-json\/wp\/v2\/categories?post=30357"},{"taxonomy":"post_tag","embeddable":true,"href":"https:\/\/www.grupomedcof.com.br\/blog\/wp-json\/wp\/v2\/tags?post=30357"},{"taxonomy":"author","embeddable":true,"href":"https:\/\/www.grupomedcof.com.br\/blog\/wp-json\/wp\/v2\/ppma_author?post=30357"}],"curies":[{"name":"wp","href":"https:\/\/api.w.org\/{rel}","templated":true}]}}