{"id":30398,"date":"2024-10-08T10:41:52","date_gmt":"2024-10-08T13:41:52","guid":{"rendered":"https:\/\/www.grupomedcof.com.br\/blog\/?p=30398"},"modified":"2026-04-24T15:02:34","modified_gmt":"2026-04-24T18:02:34","slug":"afeccao-mamaria-principios-importantes-no-mes-de-conscientizacao-ao-cancer-de-mama","status":"publish","type":"post","link":"https:\/\/www.grupomedcof.com.br\/blog\/afeccao-mamaria-principios-importantes-no-mes-de-conscientizacao-ao-cancer-de-mama\/","title":{"rendered":"Afec\u00e7\u00e3o Mam\u00e1ria: Princ\u00edpios importantes no M\u00eas de Conscientiza\u00e7\u00e3o ao C\u00e2ncer de Mama"},"content":{"rendered":"<div id=\"ez-toc-container\" class=\"ez-toc-v2_0_74 counter-hierarchy ez-toc-counter ez-toc-transparent ez-toc-container-direction\">\n<div class=\"ez-toc-title-container\">\n<p class=\"ez-toc-title\" style=\"cursor:inherit\">Sum\u00e1rio<\/p>\n<span class=\"ez-toc-title-toggle\"><a href=\"#\" class=\"ez-toc-pull-right ez-toc-btn ez-toc-btn-xs ez-toc-btn-default ez-toc-toggle\" aria-label=\"Alternar tabela de conte\u00fado\"><span class=\"ez-toc-js-icon-con\"><span class=\"\"><span class=\"eztoc-hide\" style=\"display:none;\">Toggle<\/span><span class=\"ez-toc-icon-toggle-span\"><svg style=\"fill: #999;color:#999\" xmlns=\"http:\/\/www.w3.org\/2000\/svg\" class=\"list-377408\" width=\"20px\" height=\"20px\" viewBox=\"0 0 24 24\" fill=\"none\"><path d=\"M6 6H4v2h2V6zm14 0H8v2h12V6zM4 11h2v2H4v-2zm16 0H8v2h12v-2zM4 16h2v2H4v-2zm16 0H8v2h12v-2z\" fill=\"currentColor\"><\/path><\/svg><svg style=\"fill: #999;color:#999\" class=\"arrow-unsorted-368013\" xmlns=\"http:\/\/www.w3.org\/2000\/svg\" width=\"10px\" height=\"10px\" viewBox=\"0 0 24 24\" version=\"1.2\" baseProfile=\"tiny\"><path d=\"M18.2 9.3l-6.2-6.3-6.2 6.3c-.2.2-.3.4-.3.7s.1.5.3.7c.2.2.4.3.7.3h11c.3 0 .5-.1.7-.3.2-.2.3-.5.3-.7s-.1-.5-.3-.7zM5.8 14.7l6.2 6.3 6.2-6.3c.2-.2.3-.5.3-.7s-.1-.5-.3-.7c-.2-.2-.4-.3-.7-.3h-11c-.3 0-.5.1-.7.3-.2.2-.3.5-.3.7s.1.5.3.7z\"\/><\/svg><\/span><\/span><\/span><\/a><\/span><\/div>\n<nav><ul class='ez-toc-list ez-toc-list-level-1 ' ><ul class='ez-toc-list-level-3' ><li class='ez-toc-heading-level-3'><a class=\"ez-toc-link ez-toc-heading-1\" href=\"https:\/\/www.grupomedcof.com.br\/blog\/afeccao-mamaria-principios-importantes-no-mes-de-conscientizacao-ao-cancer-de-mama\/#Nodulo\" >N\u00f3dulo&nbsp;<\/a><\/li><li class='ez-toc-page-1 ez-toc-heading-level-3'><a class=\"ez-toc-link ez-toc-heading-2\" href=\"https:\/\/www.grupomedcof.com.br\/blog\/afeccao-mamaria-principios-importantes-no-mes-de-conscientizacao-ao-cancer-de-mama\/#Cisto\" >Cisto&nbsp;<\/a><\/li><li class='ez-toc-page-1 ez-toc-heading-level-3'><a class=\"ez-toc-link ez-toc-heading-3\" href=\"https:\/\/www.grupomedcof.com.br\/blog\/afeccao-mamaria-principios-importantes-no-mes-de-conscientizacao-ao-cancer-de-mama\/#Fibroadenoma\" >Fibroadenoma<\/a><\/li><li class='ez-toc-page-1 ez-toc-heading-level-3'><a class=\"ez-toc-link ez-toc-heading-4\" href=\"https:\/\/www.grupomedcof.com.br\/blog\/afeccao-mamaria-principios-importantes-no-mes-de-conscientizacao-ao-cancer-de-mama\/#Alteracoes_funcionais_benignas\" >Altera\u00e7\u00f5es funcionais benignas<\/a><\/li><\/ul><\/li><li class='ez-toc-page-1 ez-toc-heading-level-2'><a class=\"ez-toc-link ez-toc-heading-5\" href=\"https:\/\/www.grupomedcof.com.br\/blog\/afeccao-mamaria-principios-importantes-no-mes-de-conscientizacao-ao-cancer-de-mama\/#Fluxo_Papilar\" >Fluxo Papilar<\/a><\/li><li class='ez-toc-page-1 ez-toc-heading-level-2'><a class=\"ez-toc-link ez-toc-heading-6\" href=\"https:\/\/www.grupomedcof.com.br\/blog\/afeccao-mamaria-principios-importantes-no-mes-de-conscientizacao-ao-cancer-de-mama\/#Dor\" >Dor<\/a><ul class='ez-toc-list-level-3' ><li class='ez-toc-heading-level-3'><a class=\"ez-toc-link ez-toc-heading-7\" href=\"https:\/\/www.grupomedcof.com.br\/blog\/afeccao-mamaria-principios-importantes-no-mes-de-conscientizacao-ao-cancer-de-mama\/#Mastalgia\" >Mastalgia<\/a><\/li><li class='ez-toc-page-1 ez-toc-heading-level-3'><a class=\"ez-toc-link ez-toc-heading-8\" href=\"https:\/\/www.grupomedcof.com.br\/blog\/afeccao-mamaria-principios-importantes-no-mes-de-conscientizacao-ao-cancer-de-mama\/#Mastite\" >Mastite<\/a><\/li><\/ul><\/li><li class='ez-toc-page-1 ez-toc-heading-level-2'><a class=\"ez-toc-link ez-toc-heading-9\" href=\"https:\/\/www.grupomedcof.com.br\/blog\/afeccao-mamaria-principios-importantes-no-mes-de-conscientizacao-ao-cancer-de-mama\/#Prepare-se_conosco\" >Prepare-se conosco!<\/a><\/li><\/ul><\/nav><\/div>\n\n<figure class=\"wp-block-image size-large\"><img loading=\"lazy\" decoding=\"async\" width=\"1024\" height=\"576\" src=\"https:\/\/www.grupomedcof.com.br\/blog\/wp-content\/uploads\/2024\/10\/Blog-MedCof-2024-10-08T104105.276-1024x576.png\" alt=\"\" class=\"wp-image-30405\" srcset=\"https:\/\/www.grupomedcof.com.br\/blog\/wp-content\/uploads\/2024\/10\/Blog-MedCof-2024-10-08T104105.276-1024x576.png 1024w, https:\/\/www.grupomedcof.com.br\/blog\/wp-content\/uploads\/2024\/10\/Blog-MedCof-2024-10-08T104105.276-300x169.png 300w, https:\/\/www.grupomedcof.com.br\/blog\/wp-content\/uploads\/2024\/10\/Blog-MedCof-2024-10-08T104105.276-768x432.png 768w, https:\/\/www.grupomedcof.com.br\/blog\/wp-content\/uploads\/2024\/10\/Blog-MedCof-2024-10-08T104105.276-1536x864.png 1536w, https:\/\/www.grupomedcof.com.br\/blog\/wp-content\/uploads\/2024\/10\/Blog-MedCof-2024-10-08T104105.276-2048x1152.png 2048w, https:\/\/www.grupomedcof.com.br\/blog\/wp-content\/uploads\/2024\/10\/Blog-MedCof-2024-10-08T104105.276-747x420.png 747w, https:\/\/www.grupomedcof.com.br\/blog\/wp-content\/uploads\/2024\/10\/Blog-MedCof-2024-10-08T104105.276-150x84.png 150w, https:\/\/www.grupomedcof.com.br\/blog\/wp-content\/uploads\/2024\/10\/Blog-MedCof-2024-10-08T104105.276-696x392.png 696w, https:\/\/www.grupomedcof.com.br\/blog\/wp-content\/uploads\/2024\/10\/Blog-MedCof-2024-10-08T104105.276-1068x601.png 1068w, https:\/\/www.grupomedcof.com.br\/blog\/wp-content\/uploads\/2024\/10\/Blog-MedCof-2024-10-08T104105.276-1920x1080.png 1920w\" sizes=\"auto, (max-width: 1024px) 100vw, 1024px\" \/><\/figure>\n\n\n\n<p>As <strong>Afec\u00e7\u00f5es mam\u00e1rias<\/strong> s\u00e3o um conjunto de condi\u00e7\u00f5es que podem afetar as mamas das mulheres. Elas podem variar bastante, desde as benignas (n\u00e3o cancer\u00edgenas) at\u00e9 \u00e0s malignas (c\u00e2ncer). Como estamos no <strong>Outubro Rosa,<\/strong> precisamos identificar sinais e sintomas orientadores dos exames mam\u00e1rios. Vamos nos aprofundar na identifica\u00e7\u00e3o de n\u00f3dulo, dor e fluxo papilar.<\/p>\n\n\n\n<h3 class=\"wp-block-heading\" id=\"h-nodulo-nbsp\"><span class=\"ez-toc-section\" id=\"Nodulo\"><\/span><strong>N\u00f3dulo&nbsp;<\/strong><span class=\"ez-toc-section-end\"><\/span><\/h3>\n\n\n\n<p>A maioria dos n\u00f3dulos mam\u00e1rios \u00e9 benigna, por\u00e9m n\u00e3o devemos descartar a malignidade! Normalmente, eles s\u00e3o causados por cistos e fibroadenomas, e menos comumente, por c\u00e2ncer. Os diagn\u00f3sticos s\u00e3o mais frequentes nas seguintes faixas et\u00e1rias:&nbsp;<\/p>\n\n\n\n<ul class=\"wp-block-list\">\n<li>At\u00e9 30 anos: fibroadenoma;<\/li>\n\n\n\n<li>de 30 a 50 anos: cistos;<\/li>\n\n\n\n<li>A partir dos 40: risco aumentado para malignidade.<\/li>\n<\/ul>\n\n\n\n<p>Para identificarmos os n\u00f3dulos, recorremos ao exame f\u00edsico, de imagem e anatomopatol\u00f3gico. Por meio deles podemos classificar as causas acima citadas.<\/p>\n\n\n\n<h3 class=\"wp-block-heading\" id=\"h-cisto-nbsp\"><span class=\"ez-toc-section\" id=\"Cisto\"><\/span><strong>Cisto&nbsp;<\/strong><span class=\"ez-toc-section-end\"><\/span><\/h3>\n\n\n\n<figure class=\"wp-block-image size-full\"><img loading=\"lazy\" decoding=\"async\" width=\"679\" height=\"452\" src=\"https:\/\/www.grupomedcof.com.br\/blog\/wp-content\/uploads\/2024\/10\/unnamed-46.jpg\" alt=\"\" class=\"wp-image-30400\" srcset=\"https:\/\/www.grupomedcof.com.br\/blog\/wp-content\/uploads\/2024\/10\/unnamed-46.jpg 679w, https:\/\/www.grupomedcof.com.br\/blog\/wp-content\/uploads\/2024\/10\/unnamed-46-300x200.jpg 300w, https:\/\/www.grupomedcof.com.br\/blog\/wp-content\/uploads\/2024\/10\/unnamed-46-631x420.jpg 631w, https:\/\/www.grupomedcof.com.br\/blog\/wp-content\/uploads\/2024\/10\/unnamed-46-150x100.jpg 150w\" sizes=\"auto, (max-width: 679px) 100vw, 679px\" \/><figcaption class=\"wp-element-caption\">Cisto simples. Fonte: Atlas of breast cancer early detection. Dispon\u00edvel em: &lt;<a href=\"https:\/\/screening.iarc.fr\/atlasbreastdetail.php?Index=091&amp;e=\">https:\/\/screening.iarc.fr\/atlasbreastdetail.php?Index=091&amp;e=<\/a>&gt;<\/figcaption><\/figure>\n\n\n\n<p>Essa causa pode ser classificada em simples (benignos) ou complexos (interior com vegeta\u00e7\u00f5es ou debris). Os simples n\u00e3o s\u00e3o palp\u00e1veis, mas os complexos s\u00e3o grandes e podem incomodar a paciente. Nos do tipo complexo, podemos utilizar da PAAF para an\u00e1lise de malignidade: se, durante a pun\u00e7\u00e3o do cisto, houver esvaziamento completo e sa\u00edda de conte\u00fado citrino, n\u00e3o h\u00e1 necessidade de citologia. O tratamento deve ser focado na retirada do cisto se ele for de natureza suspeita.&nbsp;<\/p>\n\n\n\n<h3 class=\"wp-block-heading\" id=\"h-fibroadenoma\"><span class=\"ez-toc-section\" id=\"Fibroadenoma\"><\/span><strong>Fibroadenoma<\/strong><span class=\"ez-toc-section-end\"><\/span><\/h3>\n\n\n\n<figure class=\"wp-block-image size-full\"><img loading=\"lazy\" decoding=\"async\" width=\"375\" height=\"281\" src=\"https:\/\/www.grupomedcof.com.br\/blog\/wp-content\/uploads\/2024\/10\/unnamed-47.jpg\" alt=\"\" class=\"wp-image-30401\" srcset=\"https:\/\/www.grupomedcof.com.br\/blog\/wp-content\/uploads\/2024\/10\/unnamed-47.jpg 375w, https:\/\/www.grupomedcof.com.br\/blog\/wp-content\/uploads\/2024\/10\/unnamed-47-300x225.jpg 300w, https:\/\/www.grupomedcof.com.br\/blog\/wp-content\/uploads\/2024\/10\/unnamed-47-80x60.jpg 80w, https:\/\/www.grupomedcof.com.br\/blog\/wp-content\/uploads\/2024\/10\/unnamed-47-150x112.jpg 150w\" sizes=\"auto, (max-width: 375px) 100vw, 375px\" \/><figcaption class=\"wp-element-caption\">Fonte: Acervo Instituto Forlanini.&nbsp; Dispon\u00edvel em: <a href=\"https:\/\/images.app.goo.gl\/GAmwLnZpimbPT3g48\">https:\/\/images.app.goo.gl\/GAmwLnZpimbPT3g48<\/a><\/figcaption><\/figure>\n\n\n\n<p>Esse se caracteriza como circunscrito, regular, fibroel\u00e1stico e com superf\u00edcie lisa ou lobulada. Ele \u00e9 o tumor benigno mais comum da mama e, normalmente, estabiliza com 2-3 cm. Por\u00e9m, o tamanho pode alterar conforme a fase do ciclo menstrual, aumentando na gesta\u00e7\u00e3o e amamenta\u00e7\u00e3o e diminuindo na menopausa. Ele n\u00e3o aumenta o risco de c\u00e2ncer e o tratamento ocorre apenas com acompanhamento cl\u00ednico. Todavia, se o tamanho exceder o valor acima, aparecer sintomas e\/ou altera\u00e7\u00f5es radiol\u00f3gicas, retira-se por ex\u00e9rese cir\u00fargica.&nbsp;<\/p>\n\n\n\n<h3 class=\"wp-block-heading\" id=\"h-alteracoes-funcionais-benignas\"><span class=\"ez-toc-section\" id=\"Alteracoes_funcionais_benignas\"><\/span><strong>Altera\u00e7\u00f5es funcionais benignas<\/strong><span class=\"ez-toc-section-end\"><\/span><\/h3>\n\n\n\n<p>Essas podem ser identificadas por dor (geralmente no quadrante superior lateral), espessamento, n\u00f3dulos palp\u00e1veis e sintomas que melhoram ap\u00f3s a menstrua\u00e7\u00e3o.&nbsp;Elas acometem mais as mulheres no per\u00edodo de menacme e os cistos encontrados s\u00e3o identificados por USG. Uma forma bastante comum desses cistos \u00e9 a Hamartoma, que \u00e9 benigno e identificado pelo encapsulamento de uma \u00e1rea de tecido mam\u00e1rio normal.<\/p>\n\n\n\n<figure class=\"wp-block-image size-full\"><img loading=\"lazy\" decoding=\"async\" width=\"541\" height=\"763\" src=\"https:\/\/www.grupomedcof.com.br\/blog\/wp-content\/uploads\/2024\/10\/unnamed-48.jpg\" alt=\"\" class=\"wp-image-30402\" srcset=\"https:\/\/www.grupomedcof.com.br\/blog\/wp-content\/uploads\/2024\/10\/unnamed-48.jpg 541w, https:\/\/www.grupomedcof.com.br\/blog\/wp-content\/uploads\/2024\/10\/unnamed-48-213x300.jpg 213w, https:\/\/www.grupomedcof.com.br\/blog\/wp-content\/uploads\/2024\/10\/unnamed-48-298x420.jpg 298w, https:\/\/www.grupomedcof.com.br\/blog\/wp-content\/uploads\/2024\/10\/unnamed-48-150x212.jpg 150w, https:\/\/www.grupomedcof.com.br\/blog\/wp-content\/uploads\/2024\/10\/unnamed-48-300x423.jpg 300w\" sizes=\"auto, (max-width: 541px) 100vw, 541px\" \/><\/figure>\n\n\n\n<h2 class=\"wp-block-heading\" id=\"h-fluxo-papilar\"><span class=\"ez-toc-section\" id=\"Fluxo_Papilar\"><\/span><strong>Fluxo Papilar<\/strong><span class=\"ez-toc-section-end\"><\/span><\/h2>\n\n\n\n<p>Acontece quando h\u00e1 exterioriza\u00e7\u00e3o do fluxo pela papila fora do ciclo grav\u00eddico-puerperal. O fluxo fisiol\u00f3gico \u00e9 normal e pode ocorrer em mais da metade das n\u00e3o-lactantes, principalmente ap\u00f3s est\u00edmulo excessivo. Por\u00e9m, devemos nos atentar ao patol\u00f3gico, associado a les\u00f5es proliferativas e carcinoma. Dentre os casos analisados, a maioria (at\u00e9 95%) tem origem benigna, por\u00e9m o risco de malignidade aumenta em idosas. O fluxo patol\u00f3gico divide-se assim:<\/p>\n\n\n\n<figure class=\"wp-block-table\"><table class=\"has-fixed-layout\"><tbody><tr><td><strong>Galactorreia<\/strong><\/td><td><strong>Telorrea<\/strong><\/td><\/tr><tr><td>Secre\u00e7\u00e3o l\u00e1ctea&nbsp;<\/td><td>Secre\u00e7\u00e3o n\u00e3o l\u00e1ctea&nbsp;<\/td><\/tr><tr><td>Causado, normalmente, por medicamentos supressores de dopamina&nbsp;<\/td><td>Causado, normalmente, por les\u00e3o no epit\u00e9lio do ducto (central ou perif\u00e9rico)&nbsp;<\/td><\/tr><tr><td>Condicionantes n\u00e3o medicamentosos: les\u00f5es no SNC, na parede tor\u00e1cica e doen\u00e7as sist\u00eamicas.&nbsp;<\/td><td>Paciente apresenta fluxo sanguinolento e exame citol\u00f3gico com c\u00e9lulas at\u00edpicas (levando o risco para metaplasia).&nbsp;<\/td><\/tr><tr><td>Tratamento para casos suspeitos: cirurgia.&nbsp;<\/td><td>Tratamento com atipias: Excis\u00e3o cir\u00fargica&nbsp;<\/td><\/tr><tr><td>Tratamento para causa identificada: espec\u00edfico&nbsp;<\/td><td>Tratamento sem atipias: Se houver les\u00e3o remanescente, recomenda-se excisao (apesar de ser um posicionado controverso)&nbsp;<\/td><\/tr><tr><td>Tratamento sem causa identificada: depende do desejo da mulher &#8211; quer amamentar? Ressec\u00e7\u00e3o do ducto espec\u00edfico. N\u00e3o quer amamentar? Ressec\u00e7\u00e3o dos ductos principais.&nbsp;&nbsp;<\/td><td><\/td><\/tr><\/tbody><\/table><\/figure>\n\n\n\n<figure class=\"wp-block-image size-large\"><a href=\"https:\/\/www.grupomedcof.com.br\/cofletters\/\"><img loading=\"lazy\" decoding=\"async\" width=\"1024\" height=\"366\" src=\"https:\/\/www.grupomedcof.com.br\/blog\/wp-content\/uploads\/2024\/08\/Capa-Eventos-MedCof-Plus-14-4-1024x366.png\" alt=\"\" class=\"wp-image-29290\" srcset=\"https:\/\/www.grupomedcof.com.br\/blog\/wp-content\/uploads\/2024\/08\/Capa-Eventos-MedCof-Plus-14-4-1024x366.png 1024w, https:\/\/www.grupomedcof.com.br\/blog\/wp-content\/uploads\/2024\/08\/Capa-Eventos-MedCof-Plus-14-4-300x107.png 300w, https:\/\/www.grupomedcof.com.br\/blog\/wp-content\/uploads\/2024\/08\/Capa-Eventos-MedCof-Plus-14-4-768x275.png 768w, https:\/\/www.grupomedcof.com.br\/blog\/wp-content\/uploads\/2024\/08\/Capa-Eventos-MedCof-Plus-14-4-1536x549.png 1536w, https:\/\/www.grupomedcof.com.br\/blog\/wp-content\/uploads\/2024\/08\/Capa-Eventos-MedCof-Plus-14-4-2048x732.png 2048w, https:\/\/www.grupomedcof.com.br\/blog\/wp-content\/uploads\/2024\/08\/Capa-Eventos-MedCof-Plus-14-4-1174x420.png 1174w, https:\/\/www.grupomedcof.com.br\/blog\/wp-content\/uploads\/2024\/08\/Capa-Eventos-MedCof-Plus-14-4-150x54.png 150w, https:\/\/www.grupomedcof.com.br\/blog\/wp-content\/uploads\/2024\/08\/Capa-Eventos-MedCof-Plus-14-4-696x249.png 696w, https:\/\/www.grupomedcof.com.br\/blog\/wp-content\/uploads\/2024\/08\/Capa-Eventos-MedCof-Plus-14-4-1068x382.png 1068w, https:\/\/www.grupomedcof.com.br\/blog\/wp-content\/uploads\/2024\/08\/Capa-Eventos-MedCof-Plus-14-4-1920x687.png 1920w\" sizes=\"auto, (max-width: 1024px) 100vw, 1024px\" \/><\/a><\/figure>\n\n\n\n<h2 class=\"wp-block-heading\" id=\"h-dor\"><span class=\"ez-toc-section\" id=\"Dor\"><\/span><strong>Dor<\/strong><span class=\"ez-toc-section-end\"><\/span><\/h2>\n\n\n\n<p>As principais causas para dores mam\u00e1rias s\u00e3o a Mastalgia e Mastite, por isso vamos caracteriz\u00e1-las com detalhes abaixo:&nbsp;<\/p>\n\n\n\n<h3 class=\"wp-block-heading\" id=\"h-mastalgia\"><span class=\"ez-toc-section\" id=\"Mastalgia\"><\/span><strong>Mastalgia<\/strong><span class=\"ez-toc-section-end\"><\/span><\/h3>\n\n\n\n<p>A nomenclatura caracteriza literalmente dor nas mamas, mas as causas para ela s\u00e3o variadas, dependendo das caracter\u00edsticas da dor:&nbsp;<\/p>\n\n\n\n<figure class=\"wp-block-table\"><table class=\"has-fixed-layout\"><tbody><tr><td><strong>C\u00edclica&nbsp;<\/strong><\/td><td><strong>Aciclica<\/strong><\/td><td><strong>Mam\u00e1ria&nbsp;<\/strong><\/td><td><strong>Extra-mamaria<\/strong><\/td><\/tr><tr><td>Sintomas menstruais<\/td><td>Ectasia ductal, hipertrofia mam\u00e1ria, macrocistos, trauma e s\u00edndrome de Mondor<\/td><td>Sintomas menstruais e associados a forma ac\u00edclica<\/td><td>S\u00edndrome de Tietze, herpes-zoster, angina, relacionada ao TGI, bursite escapular, neurite intercostal e musculoesquel\u00e9ticas<\/td><\/tr><\/tbody><\/table><\/figure>\n\n\n\n<p>Al\u00e9m disso, alguns medicamentos podem ocasionar a mastalgia, como aqueles hormonais (estrog\u00eanio e progesterona), antidepressivos e anti hipertensivos. O tratamento n\u00e3o medicamentoso visa orientar a paciente quando sintomas do ciclo menstrual, efeitos de alguns medicamentos e uso de suti\u00e3 adequado. J\u00e1 o medicamentoso uso de analg\u00e9sicos, ansiol\u00edticos e antidepressivos (se tiver efeitos psicol\u00f3gicos da dor) e tamoxifeno em casos extremos.&nbsp;&nbsp;&nbsp;<\/p>\n\n\n\n<h3 class=\"wp-block-heading\" id=\"h-mastite\"><span class=\"ez-toc-section\" id=\"Mastite\"><\/span><strong>Mastite<\/strong><span class=\"ez-toc-section-end\"><\/span><\/h3>\n\n\n\n<p>Nomenclatura para infec\u00e7\u00e3o na mama, ela se apresenta normalmente, na forma puerperal. Nessa forma, o neonato transmite, pela flora oral durante a suc\u00e7\u00e3o, bact\u00e9rias por meio das fissuras na papila. As principais bact\u00e9rias s\u00e3o: Staphylococcus aureus, Staphylococcus epidermidis e Streptococcus sp. Elas s\u00e3o mais comumente transmitidas em condi\u00e7\u00f5es de m\u00e1 higiene, mas podem aparecer em condi\u00e7\u00f5es adequadas tamb\u00e9m, manifestando, al\u00e9m da dor, hiperemia da mama, febre, mama t\u00fargida e abscesso mam\u00e1rio.&nbsp;&nbsp;&nbsp;<\/p>\n\n\n\n<p>O tratamento envolve antibioticoterapia com Cefalexina quanto a amamenta\u00e7\u00e3o \u00e9 mantida. Se houver abscesso, ainda podemos indicar a drenagem.<\/p>\n\n\n\n<h2 class=\"wp-block-heading\" id=\"prepare-se-conosco\"><span class=\"ez-toc-section\" id=\"Prepare-se_conosco\"><\/span><strong>Prepare-se conosco!<\/strong><span class=\"ez-toc-section-end\"><\/span><\/h2>\n\n\n\n<p>Quer se preparar para as provas de resid\u00eancia m\u00e9dica de 2025? Ent\u00e3o prepare-se com o&nbsp;<a href=\"https:\/\/www.grupomedcof.com.br\/home\/\" target=\"_blank\" rel=\"noreferrer noopener\">Grupo MedCof<\/a>&nbsp;e confira o v\u00eddeo no qual nossos especialistas tiram d\u00favidas sobre as&nbsp;<a href=\"https:\/\/www.grupomedcof.com.br\/blog\/presenca-da-medcof-nas-aprovacoes-em-residencia-medica-no-brasil\/\" target=\"_blank\" rel=\"noreferrer noopener\">principais resid\u00eancias!<\/a><\/p>\n\n\n\n<figure class=\"wp-block-embed is-type-video is-provider-youtube wp-block-embed-youtube wp-embed-aspect-16-9 wp-has-aspect-ratio\"><div class=\"wp-block-embed__wrapper\">\n<div class=\"youtube-embed\" data-video_id=\"slrFJAKCINg\"><iframe loading=\"lazy\" title=\"Afec\u00e7\u00f5es Benignas das Mamas: O Que Voc\u00ea Precisa Saber. Com Dra. Maria Carvalho\" width=\"696\" height=\"392\" src=\"https:\/\/www.youtube.com\/embed\/slrFJAKCINg?feature=oembed&#038;enablejsapi=1\" frameborder=\"0\" allow=\"accelerometer; autoplay; clipboard-write; encrypted-media; gyroscope; picture-in-picture; web-share\" referrerpolicy=\"strict-origin-when-cross-origin\" allowfullscreen><\/iframe><\/div>\n<\/div><\/figure>\n","protected":false},"excerpt":{"rendered":"<p>As Afec\u00e7\u00f5es mam\u00e1rias s\u00e3o um conjunto de condi\u00e7\u00f5es que podem afetar as mamas das mulheres. Veja mais em nosso blog!<\/p>\n","protected":false},"author":21,"featured_media":30405,"comment_status":"open","ping_status":"open","sticky":false,"template":"","format":"standard","meta":{"footnotes":""},"categories":[125],"tags":[2131,2132,2130,1452,117,68],"ppma_author":[3617],"class_list":{"0":"post-30398","1":"post","2":"type-post","3":"status-publish","4":"format-standard","5":"has-post-thumbnail","7":"category-ginecologia-e-obstetricia","8":"tag-afeccao-mamaria","9":"tag-nodulo","10":"tag-outubro-rosa","11":"tag-provas","12":"tag-provas-de-residencia","13":"tag-residencia-medica"},"yoast_head":"<!-- This site is optimized with the Yoast SEO Premium plugin v24.3 (Yoast SEO v27.4) - https:\/\/yoast.com\/product\/yoast-seo-premium-wordpress\/ -->\n<title>Afec\u00e7\u00e3o Mam\u00e1ria: Princ\u00edpios no Outubro Rosa | MedCof<\/title>\n<meta name=\"description\" content=\"As Afec\u00e7\u00f5es mam\u00e1rias s\u00e3o um conjunto de condi\u00e7\u00f5es que podem afetar as mamas das mulheres. Veja mais em nosso blog!\" \/>\n<meta name=\"robots\" content=\"index, follow, max-snippet:-1, max-image-preview:large, max-video-preview:-1\" \/>\n<link rel=\"canonical\" href=\"https:\/\/www.grupomedcof.com.br\/blog\/afeccao-mamaria-principios-importantes-no-mes-de-conscientizacao-ao-cancer-de-mama\/\" \/>\n<meta property=\"og:locale\" content=\"pt_BR\" \/>\n<meta property=\"og:type\" content=\"article\" \/>\n<meta property=\"og:title\" content=\"Afec\u00e7\u00e3o Mam\u00e1ria: Princ\u00edpios importantes no M\u00eas de Conscientiza\u00e7\u00e3o ao C\u00e2ncer de Mama\" \/>\n<meta property=\"og:description\" content=\"As Afec\u00e7\u00f5es mam\u00e1rias s\u00e3o um conjunto de condi\u00e7\u00f5es que podem afetar as mamas das mulheres. Veja mais em nosso blog!\" \/>\n<meta property=\"og:url\" content=\"https:\/\/www.grupomedcof.com.br\/blog\/afeccao-mamaria-principios-importantes-no-mes-de-conscientizacao-ao-cancer-de-mama\/\" \/>\n<meta property=\"og:site_name\" content=\"Blog de Medcof: conte\u00fados, editais, revalida e mais!\" \/>\n<meta property=\"article:publisher\" content=\"https:\/\/www.facebook.com\/MedCofQbank\/\" \/>\n<meta property=\"article:published_time\" content=\"2024-10-08T13:41:52+00:00\" \/>\n<meta property=\"article:modified_time\" content=\"2026-04-24T18:02:34+00:00\" \/>\n<meta property=\"og:image\" content=\"https:\/\/www.grupomedcof.com.br\/blog\/wp-content\/uploads\/2024\/10\/Blog-MedCof-2024-10-08T104105.276-1024x576.png\" \/>\n\t<meta property=\"og:image:width\" content=\"1024\" \/>\n\t<meta property=\"og:image:height\" content=\"576\" \/>\n\t<meta property=\"og:image:type\" content=\"image\/png\" \/>\n<meta name=\"author\" content=\"Kiara Adelino\" \/>\n<meta name=\"twitter:card\" content=\"summary_large_image\" \/>\n<meta name=\"twitter:label1\" content=\"Escrito por\" \/>\n\t<meta name=\"twitter:data1\" content=\"Kiara Adelino\" \/>\n\t<meta name=\"twitter:label2\" content=\"Est. tempo de leitura\" \/>\n\t<meta name=\"twitter:data2\" content=\"6 minutos\" \/>\n<script type=\"application\/ld+json\" class=\"yoast-schema-graph\">{\"@context\":\"https:\\\/\\\/schema.org\",\"@graph\":[{\"@type\":\"Article\",\"@id\":\"https:\\\/\\\/www.grupomedcof.com.br\\\/blog\\\/afeccao-mamaria-principios-importantes-no-mes-de-conscientizacao-ao-cancer-de-mama\\\/#article\",\"isPartOf\":{\"@id\":\"https:\\\/\\\/www.grupomedcof.com.br\\\/blog\\\/afeccao-mamaria-principios-importantes-no-mes-de-conscientizacao-ao-cancer-de-mama\\\/\"},\"author\":{\"name\":\"Kiara Adelino\",\"@id\":\"https:\\\/\\\/www.grupomedcof.com.br\\\/blog\\\/#\\\/schema\\\/person\\\/db19a651f86c5fc202d6eee744fd3292\"},\"headline\":\"Afec\u00e7\u00e3o Mam\u00e1ria: Princ\u00edpios importantes no M\u00eas de Conscientiza\u00e7\u00e3o ao C\u00e2ncer de Mama\",\"datePublished\":\"2024-10-08T13:41:52+00:00\",\"dateModified\":\"2026-04-24T18:02:34+00:00\",\"mainEntityOfPage\":{\"@id\":\"https:\\\/\\\/www.grupomedcof.com.br\\\/blog\\\/afeccao-mamaria-principios-importantes-no-mes-de-conscientizacao-ao-cancer-de-mama\\\/\"},\"wordCount\":991,\"commentCount\":0,\"publisher\":{\"@id\":\"https:\\\/\\\/www.grupomedcof.com.br\\\/blog\\\/#organization\"},\"image\":{\"@id\":\"https:\\\/\\\/www.grupomedcof.com.br\\\/blog\\\/afeccao-mamaria-principios-importantes-no-mes-de-conscientizacao-ao-cancer-de-mama\\\/#primaryimage\"},\"thumbnailUrl\":\"https:\\\/\\\/www.grupomedcof.com.br\\\/blog\\\/wp-content\\\/uploads\\\/2024\\\/10\\\/Blog-MedCof-2024-10-08T104105.276.png\",\"keywords\":[\"Afec\u00e7\u00e3o Mam\u00e1ria\",\"N\u00f3dulo\",\"Outubro Rosa\",\"Provas\",\"Provas de Resid\u00eancia\",\"Resid\u00eancia M\u00e9dica\"],\"articleSection\":[\"Ginecologia e Obstetr\u00edcia\"],\"inLanguage\":\"pt-BR\"},{\"@type\":\"WebPage\",\"@id\":\"https:\\\/\\\/www.grupomedcof.com.br\\\/blog\\\/afeccao-mamaria-principios-importantes-no-mes-de-conscientizacao-ao-cancer-de-mama\\\/\",\"url\":\"https:\\\/\\\/www.grupomedcof.com.br\\\/blog\\\/afeccao-mamaria-principios-importantes-no-mes-de-conscientizacao-ao-cancer-de-mama\\\/\",\"name\":\"Afec\u00e7\u00e3o Mam\u00e1ria: Princ\u00edpios no Outubro Rosa | MedCof\",\"isPartOf\":{\"@id\":\"https:\\\/\\\/www.grupomedcof.com.br\\\/blog\\\/#website\"},\"primaryImageOfPage\":{\"@id\":\"https:\\\/\\\/www.grupomedcof.com.br\\\/blog\\\/afeccao-mamaria-principios-importantes-no-mes-de-conscientizacao-ao-cancer-de-mama\\\/#primaryimage\"},\"image\":{\"@id\":\"https:\\\/\\\/www.grupomedcof.com.br\\\/blog\\\/afeccao-mamaria-principios-importantes-no-mes-de-conscientizacao-ao-cancer-de-mama\\\/#primaryimage\"},\"thumbnailUrl\":\"https:\\\/\\\/www.grupomedcof.com.br\\\/blog\\\/wp-content\\\/uploads\\\/2024\\\/10\\\/Blog-MedCof-2024-10-08T104105.276.png\",\"datePublished\":\"2024-10-08T13:41:52+00:00\",\"dateModified\":\"2026-04-24T18:02:34+00:00\",\"description\":\"As Afec\u00e7\u00f5es mam\u00e1rias s\u00e3o um conjunto de condi\u00e7\u00f5es que podem afetar as mamas das mulheres. Veja mais em nosso blog!\",\"breadcrumb\":{\"@id\":\"https:\\\/\\\/www.grupomedcof.com.br\\\/blog\\\/afeccao-mamaria-principios-importantes-no-mes-de-conscientizacao-ao-cancer-de-mama\\\/#breadcrumb\"},\"inLanguage\":\"pt-BR\",\"potentialAction\":[{\"@type\":\"ReadAction\",\"target\":[\"https:\\\/\\\/www.grupomedcof.com.br\\\/blog\\\/afeccao-mamaria-principios-importantes-no-mes-de-conscientizacao-ao-cancer-de-mama\\\/\"]}]},{\"@type\":\"ImageObject\",\"inLanguage\":\"pt-BR\",\"@id\":\"https:\\\/\\\/www.grupomedcof.com.br\\\/blog\\\/afeccao-mamaria-principios-importantes-no-mes-de-conscientizacao-ao-cancer-de-mama\\\/#primaryimage\",\"url\":\"https:\\\/\\\/www.grupomedcof.com.br\\\/blog\\\/wp-content\\\/uploads\\\/2024\\\/10\\\/Blog-MedCof-2024-10-08T104105.276.png\",\"contentUrl\":\"https:\\\/\\\/www.grupomedcof.com.br\\\/blog\\\/wp-content\\\/uploads\\\/2024\\\/10\\\/Blog-MedCof-2024-10-08T104105.276.png\",\"width\":2560,\"height\":1440},{\"@type\":\"BreadcrumbList\",\"@id\":\"https:\\\/\\\/www.grupomedcof.com.br\\\/blog\\\/afeccao-mamaria-principios-importantes-no-mes-de-conscientizacao-ao-cancer-de-mama\\\/#breadcrumb\",\"itemListElement\":[{\"@type\":\"ListItem\",\"position\":1,\"name\":\"In\u00edcio\",\"item\":\"https:\\\/\\\/www.grupomedcof.com.br\\\/blog\\\/\"},{\"@type\":\"ListItem\",\"position\":2,\"name\":\"Afec\u00e7\u00e3o Mam\u00e1ria: Princ\u00edpios importantes no M\u00eas de Conscientiza\u00e7\u00e3o ao C\u00e2ncer de Mama\"}]},{\"@type\":\"WebSite\",\"@id\":\"https:\\\/\\\/www.grupomedcof.com.br\\\/blog\\\/#website\",\"url\":\"https:\\\/\\\/www.grupomedcof.com.br\\\/blog\\\/\",\"name\":\"Blog de Medcof: conte\u00fados, editais, revalida e mais!\",\"description\":\"Acesso o blog de MedCof! Seu portal de conte\u00fados sobre resid\u00eancia m\u00e9dica, an\u00e1lise e editais e muito mais. Clique e confira!\",\"publisher\":{\"@id\":\"https:\\\/\\\/www.grupomedcof.com.br\\\/blog\\\/#organization\"},\"alternateName\":\"Blog de Medcof: conte\u00fados, editais, revalida e mais!\",\"potentialAction\":[{\"@type\":\"SearchAction\",\"target\":{\"@type\":\"EntryPoint\",\"urlTemplate\":\"https:\\\/\\\/www.grupomedcof.com.br\\\/blog\\\/?s={search_term_string}\"},\"query-input\":{\"@type\":\"PropertyValueSpecification\",\"valueRequired\":true,\"valueName\":\"search_term_string\"}}],\"inLanguage\":\"pt-BR\"},{\"@type\":\"Organization\",\"@id\":\"https:\\\/\\\/www.grupomedcof.com.br\\\/blog\\\/#organization\",\"name\":\"Grupo MedCof\",\"url\":\"https:\\\/\\\/www.grupomedcof.com.br\\\/blog\\\/\",\"logo\":{\"@type\":\"ImageObject\",\"inLanguage\":\"pt-BR\",\"@id\":\"https:\\\/\\\/www.grupomedcof.com.br\\\/blog\\\/#\\\/schema\\\/logo\\\/image\\\/\",\"url\":\"https:\\\/\\\/www.grupomedcof.com.br\\\/blog\\\/wp-content\\\/uploads\\\/2022\\\/01\\\/logo-medcof.png\",\"contentUrl\":\"https:\\\/\\\/www.grupomedcof.com.br\\\/blog\\\/wp-content\\\/uploads\\\/2022\\\/01\\\/logo-medcof.png\",\"width\":768,\"height\":269,\"caption\":\"Grupo MedCof\"},\"image\":{\"@id\":\"https:\\\/\\\/www.grupomedcof.com.br\\\/blog\\\/#\\\/schema\\\/logo\\\/image\\\/\"},\"sameAs\":[\"https:\\\/\\\/www.facebook.com\\\/MedCofQbank\\\/\",\"https:\\\/\\\/www.instagram.com\\\/grupomedcof\\\/\",\"https:\\\/\\\/br.linkedin.com\\\/company\\\/medcof\",\"https:\\\/\\\/www.youtube.com\\\/channel\\\/UCdHMuOHKICxcHwecxN8P-AA\"]},{\"@type\":\"Person\",\"@id\":\"https:\\\/\\\/www.grupomedcof.com.br\\\/blog\\\/#\\\/schema\\\/person\\\/db19a651f86c5fc202d6eee744fd3292\",\"name\":\"Kiara Adelino\",\"image\":{\"@type\":\"ImageObject\",\"inLanguage\":\"pt-BR\",\"@id\":\"https:\\\/\\\/www.grupomedcof.com.br\\\/blog\\\/wp-content\\\/uploads\\\/2024\\\/08\\\/cropped-Kiara-Adelino2-96x96.jpega85663bdda67261f8f06f86e555e1e49\",\"url\":\"https:\\\/\\\/www.grupomedcof.com.br\\\/blog\\\/wp-content\\\/uploads\\\/2024\\\/08\\\/cropped-Kiara-Adelino2-96x96.jpeg\",\"contentUrl\":\"https:\\\/\\\/www.grupomedcof.com.br\\\/blog\\\/wp-content\\\/uploads\\\/2024\\\/08\\\/cropped-Kiara-Adelino2-96x96.jpeg\",\"caption\":\"Kiara Adelino\"},\"description\":\"Estudante do 5\u00b0 semestre de Medicina. Gosto bastante de aprender coisas novas, principalmente na \u00e1rea de Neurologia e Anatomia humana.\",\"url\":\"https:\\\/\\\/www.grupomedcof.com.br\\\/blog\\\/author\\\/kiara-adelino\\\/\"}]}<\/script>\n<!-- \/ Yoast SEO Premium plugin. -->","yoast_head_json":{"title":"Afec\u00e7\u00e3o Mam\u00e1ria: Princ\u00edpios no Outubro Rosa | MedCof","description":"As Afec\u00e7\u00f5es mam\u00e1rias s\u00e3o um conjunto de condi\u00e7\u00f5es que podem afetar as mamas das mulheres. Veja mais em nosso blog!","robots":{"index":"index","follow":"follow","max-snippet":"max-snippet:-1","max-image-preview":"max-image-preview:large","max-video-preview":"max-video-preview:-1"},"canonical":"https:\/\/www.grupomedcof.com.br\/blog\/afeccao-mamaria-principios-importantes-no-mes-de-conscientizacao-ao-cancer-de-mama\/","og_locale":"pt_BR","og_type":"article","og_title":"Afec\u00e7\u00e3o Mam\u00e1ria: Princ\u00edpios importantes no M\u00eas de Conscientiza\u00e7\u00e3o ao C\u00e2ncer de Mama","og_description":"As Afec\u00e7\u00f5es mam\u00e1rias s\u00e3o um conjunto de condi\u00e7\u00f5es que podem afetar as mamas das mulheres. Veja mais em nosso blog!","og_url":"https:\/\/www.grupomedcof.com.br\/blog\/afeccao-mamaria-principios-importantes-no-mes-de-conscientizacao-ao-cancer-de-mama\/","og_site_name":"Blog de Medcof: conte\u00fados, editais, revalida e mais!","article_publisher":"https:\/\/www.facebook.com\/MedCofQbank\/","article_published_time":"2024-10-08T13:41:52+00:00","article_modified_time":"2026-04-24T18:02:34+00:00","og_image":[{"width":1024,"height":576,"url":"https:\/\/www.grupomedcof.com.br\/blog\/wp-content\/uploads\/2024\/10\/Blog-MedCof-2024-10-08T104105.276-1024x576.png","type":"image\/png"}],"author":"Kiara Adelino","twitter_card":"summary_large_image","twitter_misc":{"Escrito por":"Kiara Adelino","Est. tempo de leitura":"6 minutos"},"schema":{"@context":"https:\/\/schema.org","@graph":[{"@type":"Article","@id":"https:\/\/www.grupomedcof.com.br\/blog\/afeccao-mamaria-principios-importantes-no-mes-de-conscientizacao-ao-cancer-de-mama\/#article","isPartOf":{"@id":"https:\/\/www.grupomedcof.com.br\/blog\/afeccao-mamaria-principios-importantes-no-mes-de-conscientizacao-ao-cancer-de-mama\/"},"author":{"name":"Kiara Adelino","@id":"https:\/\/www.grupomedcof.com.br\/blog\/#\/schema\/person\/db19a651f86c5fc202d6eee744fd3292"},"headline":"Afec\u00e7\u00e3o Mam\u00e1ria: Princ\u00edpios importantes no M\u00eas de Conscientiza\u00e7\u00e3o ao C\u00e2ncer de Mama","datePublished":"2024-10-08T13:41:52+00:00","dateModified":"2026-04-24T18:02:34+00:00","mainEntityOfPage":{"@id":"https:\/\/www.grupomedcof.com.br\/blog\/afeccao-mamaria-principios-importantes-no-mes-de-conscientizacao-ao-cancer-de-mama\/"},"wordCount":991,"commentCount":0,"publisher":{"@id":"https:\/\/www.grupomedcof.com.br\/blog\/#organization"},"image":{"@id":"https:\/\/www.grupomedcof.com.br\/blog\/afeccao-mamaria-principios-importantes-no-mes-de-conscientizacao-ao-cancer-de-mama\/#primaryimage"},"thumbnailUrl":"https:\/\/www.grupomedcof.com.br\/blog\/wp-content\/uploads\/2024\/10\/Blog-MedCof-2024-10-08T104105.276.png","keywords":["Afec\u00e7\u00e3o Mam\u00e1ria","N\u00f3dulo","Outubro Rosa","Provas","Provas de Resid\u00eancia","Resid\u00eancia M\u00e9dica"],"articleSection":["Ginecologia e Obstetr\u00edcia"],"inLanguage":"pt-BR"},{"@type":"WebPage","@id":"https:\/\/www.grupomedcof.com.br\/blog\/afeccao-mamaria-principios-importantes-no-mes-de-conscientizacao-ao-cancer-de-mama\/","url":"https:\/\/www.grupomedcof.com.br\/blog\/afeccao-mamaria-principios-importantes-no-mes-de-conscientizacao-ao-cancer-de-mama\/","name":"Afec\u00e7\u00e3o Mam\u00e1ria: Princ\u00edpios no Outubro Rosa | MedCof","isPartOf":{"@id":"https:\/\/www.grupomedcof.com.br\/blog\/#website"},"primaryImageOfPage":{"@id":"https:\/\/www.grupomedcof.com.br\/blog\/afeccao-mamaria-principios-importantes-no-mes-de-conscientizacao-ao-cancer-de-mama\/#primaryimage"},"image":{"@id":"https:\/\/www.grupomedcof.com.br\/blog\/afeccao-mamaria-principios-importantes-no-mes-de-conscientizacao-ao-cancer-de-mama\/#primaryimage"},"thumbnailUrl":"https:\/\/www.grupomedcof.com.br\/blog\/wp-content\/uploads\/2024\/10\/Blog-MedCof-2024-10-08T104105.276.png","datePublished":"2024-10-08T13:41:52+00:00","dateModified":"2026-04-24T18:02:34+00:00","description":"As Afec\u00e7\u00f5es mam\u00e1rias s\u00e3o um conjunto de condi\u00e7\u00f5es que podem afetar as mamas das mulheres. Veja mais em nosso blog!","breadcrumb":{"@id":"https:\/\/www.grupomedcof.com.br\/blog\/afeccao-mamaria-principios-importantes-no-mes-de-conscientizacao-ao-cancer-de-mama\/#breadcrumb"},"inLanguage":"pt-BR","potentialAction":[{"@type":"ReadAction","target":["https:\/\/www.grupomedcof.com.br\/blog\/afeccao-mamaria-principios-importantes-no-mes-de-conscientizacao-ao-cancer-de-mama\/"]}]},{"@type":"ImageObject","inLanguage":"pt-BR","@id":"https:\/\/www.grupomedcof.com.br\/blog\/afeccao-mamaria-principios-importantes-no-mes-de-conscientizacao-ao-cancer-de-mama\/#primaryimage","url":"https:\/\/www.grupomedcof.com.br\/blog\/wp-content\/uploads\/2024\/10\/Blog-MedCof-2024-10-08T104105.276.png","contentUrl":"https:\/\/www.grupomedcof.com.br\/blog\/wp-content\/uploads\/2024\/10\/Blog-MedCof-2024-10-08T104105.276.png","width":2560,"height":1440},{"@type":"BreadcrumbList","@id":"https:\/\/www.grupomedcof.com.br\/blog\/afeccao-mamaria-principios-importantes-no-mes-de-conscientizacao-ao-cancer-de-mama\/#breadcrumb","itemListElement":[{"@type":"ListItem","position":1,"name":"In\u00edcio","item":"https:\/\/www.grupomedcof.com.br\/blog\/"},{"@type":"ListItem","position":2,"name":"Afec\u00e7\u00e3o Mam\u00e1ria: Princ\u00edpios importantes no M\u00eas de Conscientiza\u00e7\u00e3o ao C\u00e2ncer de Mama"}]},{"@type":"WebSite","@id":"https:\/\/www.grupomedcof.com.br\/blog\/#website","url":"https:\/\/www.grupomedcof.com.br\/blog\/","name":"Blog de Medcof: conte\u00fados, editais, revalida e mais!","description":"Acesso o blog de MedCof! Seu portal de conte\u00fados sobre resid\u00eancia m\u00e9dica, an\u00e1lise e editais e muito mais. Clique e confira!","publisher":{"@id":"https:\/\/www.grupomedcof.com.br\/blog\/#organization"},"alternateName":"Blog de Medcof: conte\u00fados, editais, revalida e mais!","potentialAction":[{"@type":"SearchAction","target":{"@type":"EntryPoint","urlTemplate":"https:\/\/www.grupomedcof.com.br\/blog\/?s={search_term_string}"},"query-input":{"@type":"PropertyValueSpecification","valueRequired":true,"valueName":"search_term_string"}}],"inLanguage":"pt-BR"},{"@type":"Organization","@id":"https:\/\/www.grupomedcof.com.br\/blog\/#organization","name":"Grupo MedCof","url":"https:\/\/www.grupomedcof.com.br\/blog\/","logo":{"@type":"ImageObject","inLanguage":"pt-BR","@id":"https:\/\/www.grupomedcof.com.br\/blog\/#\/schema\/logo\/image\/","url":"https:\/\/www.grupomedcof.com.br\/blog\/wp-content\/uploads\/2022\/01\/logo-medcof.png","contentUrl":"https:\/\/www.grupomedcof.com.br\/blog\/wp-content\/uploads\/2022\/01\/logo-medcof.png","width":768,"height":269,"caption":"Grupo MedCof"},"image":{"@id":"https:\/\/www.grupomedcof.com.br\/blog\/#\/schema\/logo\/image\/"},"sameAs":["https:\/\/www.facebook.com\/MedCofQbank\/","https:\/\/www.instagram.com\/grupomedcof\/","https:\/\/br.linkedin.com\/company\/medcof","https:\/\/www.youtube.com\/channel\/UCdHMuOHKICxcHwecxN8P-AA"]},{"@type":"Person","@id":"https:\/\/www.grupomedcof.com.br\/blog\/#\/schema\/person\/db19a651f86c5fc202d6eee744fd3292","name":"Kiara Adelino","image":{"@type":"ImageObject","inLanguage":"pt-BR","@id":"https:\/\/www.grupomedcof.com.br\/blog\/wp-content\/uploads\/2024\/08\/cropped-Kiara-Adelino2-96x96.jpega85663bdda67261f8f06f86e555e1e49","url":"https:\/\/www.grupomedcof.com.br\/blog\/wp-content\/uploads\/2024\/08\/cropped-Kiara-Adelino2-96x96.jpeg","contentUrl":"https:\/\/www.grupomedcof.com.br\/blog\/wp-content\/uploads\/2024\/08\/cropped-Kiara-Adelino2-96x96.jpeg","caption":"Kiara Adelino"},"description":"Estudante do 5\u00b0 semestre de Medicina. Gosto bastante de aprender coisas novas, principalmente na \u00e1rea de Neurologia e Anatomia humana.","url":"https:\/\/www.grupomedcof.com.br\/blog\/author\/kiara-adelino\/"}]}},"authors":[{"term_id":3617,"user_id":21,"is_guest":0,"slug":"kiara-adelino","display_name":"Kiara Adelino","avatar_url":"https:\/\/www.grupomedcof.com.br\/blog\/wp-content\/uploads\/2024\/08\/cropped-Kiara-Adelino2-96x96.jpeg","0":null,"1":"","2":"","3":"","4":"","5":"","6":"","7":"","8":""}],"_links":{"self":[{"href":"https:\/\/www.grupomedcof.com.br\/blog\/wp-json\/wp\/v2\/posts\/30398","targetHints":{"allow":["GET"]}}],"collection":[{"href":"https:\/\/www.grupomedcof.com.br\/blog\/wp-json\/wp\/v2\/posts"}],"about":[{"href":"https:\/\/www.grupomedcof.com.br\/blog\/wp-json\/wp\/v2\/types\/post"}],"author":[{"embeddable":true,"href":"https:\/\/www.grupomedcof.com.br\/blog\/wp-json\/wp\/v2\/users\/21"}],"replies":[{"embeddable":true,"href":"https:\/\/www.grupomedcof.com.br\/blog\/wp-json\/wp\/v2\/comments?post=30398"}],"version-history":[{"count":1,"href":"https:\/\/www.grupomedcof.com.br\/blog\/wp-json\/wp\/v2\/posts\/30398\/revisions"}],"predecessor-version":[{"id":43377,"href":"https:\/\/www.grupomedcof.com.br\/blog\/wp-json\/wp\/v2\/posts\/30398\/revisions\/43377"}],"wp:featuredmedia":[{"embeddable":true,"href":"https:\/\/www.grupomedcof.com.br\/blog\/wp-json\/wp\/v2\/media\/30405"}],"wp:attachment":[{"href":"https:\/\/www.grupomedcof.com.br\/blog\/wp-json\/wp\/v2\/media?parent=30398"}],"wp:term":[{"taxonomy":"category","embeddable":true,"href":"https:\/\/www.grupomedcof.com.br\/blog\/wp-json\/wp\/v2\/categories?post=30398"},{"taxonomy":"post_tag","embeddable":true,"href":"https:\/\/www.grupomedcof.com.br\/blog\/wp-json\/wp\/v2\/tags?post=30398"},{"taxonomy":"author","embeddable":true,"href":"https:\/\/www.grupomedcof.com.br\/blog\/wp-json\/wp\/v2\/ppma_author?post=30398"}],"curies":[{"name":"wp","href":"https:\/\/api.w.org\/{rel}","templated":true}]}}