{"id":30413,"date":"2025-11-06T10:45:49","date_gmt":"2025-11-06T13:45:49","guid":{"rendered":"https:\/\/www.grupomedcof.com.br\/blog\/?p=30413"},"modified":"2025-11-06T10:45:51","modified_gmt":"2025-11-06T13:45:51","slug":"locais-de-prova-amrigs","status":"publish","type":"post","link":"https:\/\/www.grupomedcof.com.br\/blog\/locais-de-prova-amrigs\/","title":{"rendered":"AMRIGS 2025\/2026: Confira os locais de prova"},"content":{"rendered":"<div id=\"ez-toc-container\" class=\"ez-toc-v2_0_74 counter-hierarchy ez-toc-counter ez-toc-transparent ez-toc-container-direction\">\n<div class=\"ez-toc-title-container\">\n<p class=\"ez-toc-title\" style=\"cursor:inherit\">Sum\u00e1rio<\/p>\n<span class=\"ez-toc-title-toggle\"><a href=\"#\" class=\"ez-toc-pull-right ez-toc-btn ez-toc-btn-xs ez-toc-btn-default ez-toc-toggle\" aria-label=\"Alternar tabela de conte\u00fado\"><span class=\"ez-toc-js-icon-con\"><span class=\"\"><span class=\"eztoc-hide\" style=\"display:none;\">Toggle<\/span><span class=\"ez-toc-icon-toggle-span\"><svg style=\"fill: #999;color:#999\" xmlns=\"http:\/\/www.w3.org\/2000\/svg\" class=\"list-377408\" width=\"20px\" height=\"20px\" viewBox=\"0 0 24 24\" fill=\"none\"><path d=\"M6 6H4v2h2V6zm14 0H8v2h12V6zM4 11h2v2H4v-2zm16 0H8v2h12v-2zM4 16h2v2H4v-2zm16 0H8v2h12v-2z\" fill=\"currentColor\"><\/path><\/svg><svg style=\"fill: #999;color:#999\" class=\"arrow-unsorted-368013\" xmlns=\"http:\/\/www.w3.org\/2000\/svg\" width=\"10px\" height=\"10px\" viewBox=\"0 0 24 24\" version=\"1.2\" baseProfile=\"tiny\"><path d=\"M18.2 9.3l-6.2-6.3-6.2 6.3c-.2.2-.3.4-.3.7s.1.5.3.7c.2.2.4.3.7.3h11c.3 0 .5-.1.7-.3.2-.2.3-.5.3-.7s-.1-.5-.3-.7zM5.8 14.7l6.2 6.3 6.2-6.3c.2-.2.3-.5.3-.7s-.1-.5-.3-.7c-.2-.2-.4-.3-.7-.3h-11c-.3 0-.5.1-.7.3-.2.2-.3.5-.3.7s.1.5.3.7z\"\/><\/svg><\/span><\/span><\/span><\/a><\/span><\/div>\n<nav><ul class='ez-toc-list ez-toc-list-level-1 ' ><li class='ez-toc-page-1 ez-toc-heading-level-2'><a class=\"ez-toc-link ez-toc-heading-1\" href=\"https:\/\/www.grupomedcof.com.br\/blog\/locais-de-prova-amrigs\/#Edital_AMRIGS_2026\" >Edital AMRIGS 2026<\/a><\/li><li class='ez-toc-page-1 ez-toc-heading-level-2'><a class=\"ez-toc-link ez-toc-heading-2\" href=\"https:\/\/www.grupomedcof.com.br\/blog\/locais-de-prova-amrigs\/#Locais_de_Prova_AMRIGS_2026\" >Locais de Prova AMRIGS 2026<\/a><ul class='ez-toc-list-level-3' ><li class='ez-toc-heading-level-3'><a class=\"ez-toc-link ez-toc-heading-3\" href=\"https:\/\/www.grupomedcof.com.br\/blog\/locais-de-prova-amrigs\/#Norte\" >Norte<\/a><\/li><li class='ez-toc-page-1 ez-toc-heading-level-3'><a class=\"ez-toc-link ez-toc-heading-4\" href=\"https:\/\/www.grupomedcof.com.br\/blog\/locais-de-prova-amrigs\/#Centro-Oeste\" >Centro-Oeste<\/a><\/li><li class='ez-toc-page-1 ez-toc-heading-level-3'><a class=\"ez-toc-link ez-toc-heading-5\" href=\"https:\/\/www.grupomedcof.com.br\/blog\/locais-de-prova-amrigs\/#Sudeste\" >Sudeste<\/a><\/li><li class='ez-toc-page-1 ez-toc-heading-level-3'><a class=\"ez-toc-link ez-toc-heading-6\" href=\"https:\/\/www.grupomedcof.com.br\/blog\/locais-de-prova-amrigs\/#Sul\" >Sul<\/a><\/li><\/ul><\/li><li class='ez-toc-page-1 ez-toc-heading-level-2'><a class=\"ez-toc-link ez-toc-heading-7\" href=\"https:\/\/www.grupomedcof.com.br\/blog\/locais-de-prova-amrigs\/#O_que_levar_para_o_local_de_prova\" >O que levar para o local de prova?<\/a><\/li><li class='ez-toc-page-1 ez-toc-heading-level-2'><a class=\"ez-toc-link ez-toc-heading-8\" href=\"https:\/\/www.grupomedcof.com.br\/blog\/locais-de-prova-amrigs\/#Prepare-se_conosco\" >Prepare-se conosco!<\/a><\/li><\/ul><\/nav><\/div>\n\n<figure class=\"wp-block-image\"><img loading=\"lazy\" decoding=\"async\" width=\"1920\" height=\"1080\" src=\"https:\/\/www.grupomedcof.com.br\/blog\/wp-content\/uploads\/2024\/10\/Modelo-instituicoes-5.jpg\" alt=\"amrigs 2026 locais de prova\" class=\"wp-image-39123\" srcset=\"https:\/\/www.grupomedcof.com.br\/blog\/wp-content\/uploads\/2024\/10\/Modelo-instituicoes-5.jpg 1920w, https:\/\/www.grupomedcof.com.br\/blog\/wp-content\/uploads\/2024\/10\/Modelo-instituicoes-5-300x169.jpg 300w, https:\/\/www.grupomedcof.com.br\/blog\/wp-content\/uploads\/2024\/10\/Modelo-instituicoes-5-1024x576.jpg 1024w, https:\/\/www.grupomedcof.com.br\/blog\/wp-content\/uploads\/2024\/10\/Modelo-instituicoes-5-768x432.jpg 768w, https:\/\/www.grupomedcof.com.br\/blog\/wp-content\/uploads\/2024\/10\/Modelo-instituicoes-5-1536x864.jpg 1536w, https:\/\/www.grupomedcof.com.br\/blog\/wp-content\/uploads\/2024\/10\/Modelo-instituicoes-5-747x420.jpg 747w, https:\/\/www.grupomedcof.com.br\/blog\/wp-content\/uploads\/2024\/10\/Modelo-instituicoes-5-150x84.jpg 150w, https:\/\/www.grupomedcof.com.br\/blog\/wp-content\/uploads\/2024\/10\/Modelo-instituicoes-5-696x392.jpg 696w, https:\/\/www.grupomedcof.com.br\/blog\/wp-content\/uploads\/2024\/10\/Modelo-instituicoes-5-1068x601.jpg 1068w\" sizes=\"auto, (max-width: 1920px) 100vw, 1920px\" \/><\/figure>\n\n\n\n<p>Vai participar da <strong>AMRIGS 2026<\/strong>? Confira abaixo quais s\u00e3o as <strong>cidades de aplica\u00e7\u00e3o da prova <\/strong>e mais informa\u00e7\u00f5es sobre o processo seletivo.<\/p>\n\n\n\n<h2 class=\"wp-block-heading\" id=\"h-edital-amrigs-2026\"><span class=\"ez-toc-section\" id=\"Edital_AMRIGS_2026\"><\/span><strong>Edital AMRIGS 2026<\/strong><span class=\"ez-toc-section-end\"><\/span><\/h2>\n\n\n\n<p>A sele\u00e7\u00e3o da AMRIGS consiste em uma <strong>prova objetiva<\/strong>, que ser\u00e1 aplicada no dia <strong>23 de novembro de 2025<\/strong>. <\/p>\n\n\n\n<p>Candidatos de <strong>acesso direto<\/strong> respondem a <strong>100 quest\u00f5es de m\u00faltipla escolha<\/strong> das cinco grandes \u00e1reas m\u00e9dicas. Enquanto os programas com <strong>pr\u00e9-requisito<\/strong> aplicam <strong>25 quest\u00f5es espec\u00edficas<\/strong> da \u00e1rea escolhida.<br><\/p>\n\n\n\n<p>As institui\u00e7\u00f5es participantes podem acrescentar uma <strong>segunda etapa de an\u00e1lise curricular<\/strong>, cuja aplica\u00e7\u00e3o depende de cada uma. Quando adotada, o <strong>envio dos documentos<\/strong> costuma ocorrer <strong>no mesmo per\u00edodo das inscri\u00e7\u00f5es<\/strong>.<\/p>\n\n\n\n<h2 class=\"wp-block-heading\" id=\"h-locais-de-prova-amrigs-2026\"><span class=\"ez-toc-section\" id=\"Locais_de_Prova_AMRIGS_2026\"><\/span><strong>Locais de Prova AMRIGS 2026<\/strong><span class=\"ez-toc-section-end\"><\/span><\/h2>\n\n\n\n<p>Os endere\u00e7os de aplica\u00e7\u00e3o est\u00e1 previsto para sair no dia <strong>14 de novembro<\/strong>. No entanto, enquanto isso, vale conferir as cidades que sediam o exame. Neste ano, a aplica\u00e7\u00e3o da prova ocorre nas seguintes localidades:<\/p>\n\n\n\n<h3 class=\"wp-block-heading\"><span class=\"ez-toc-section\" id=\"Norte\"><\/span><strong>Norte<\/strong><span class=\"ez-toc-section-end\"><\/span><\/h3>\n\n\n\n<ul class=\"wp-block-list\">\n<li>Cacoal\/RO<\/li>\n\n\n\n<li>Porto Velho\/RO<\/li>\n<\/ul>\n\n\n\n<h3 class=\"wp-block-heading\"><span class=\"ez-toc-section\" id=\"Centro-Oeste\"><\/span><strong>Centro-Oeste<\/strong><span class=\"ez-toc-section-end\"><\/span><\/h3>\n\n\n\n<ul class=\"wp-block-list\">\n<li>Campo Grande\/MS<\/li>\n<\/ul>\n\n\n\n<h3 class=\"wp-block-heading\"><span class=\"ez-toc-section\" id=\"Sudeste\"><\/span><strong>Sudeste<\/strong><span class=\"ez-toc-section-end\"><\/span><\/h3>\n\n\n\n<ul class=\"wp-block-list\">\n<li>Rio de Janeiro\/RJ<\/li>\n\n\n\n<li>Tr\u00eas Rios\/RJ<\/li>\n\n\n\n<li>Volta Redonda\/RJ<\/li>\n\n\n\n<li>S\u00e3o Paulo\/SP<\/li>\n<\/ul>\n\n\n\n<h3 class=\"wp-block-heading\"><span class=\"ez-toc-section\" id=\"Sul\"><\/span><strong>Sul<\/strong><span class=\"ez-toc-section-end\"><\/span><\/h3>\n\n\n\n<ul class=\"wp-block-list\">\n<li>Caxias do Sul\/RS<\/li>\n\n\n\n<li>Passo Fundo\/RS<\/li>\n\n\n\n<li>Pelotas\/RS<\/li>\n\n\n\n<li>Porto Alegre\/RS<\/li>\n\n\n\n<li>Santa Cruz do Sul\/RS<\/li>\n\n\n\n<li>Santa Maria\/RS<\/li>\n\n\n\n<li>Chapec\u00f3\/SC<\/li>\n\n\n\n<li>Crici\u00fama\/SC<\/li>\n\n\n\n<li>Florian\u00f3polis\/SC<\/li>\n\n\n\n<li>Joinville\/SC<\/li>\n\n\n\n<li>Lages\/SC<\/li>\n<\/ul>\n\n\n\n<h2 class=\"wp-block-heading\" id=\"h-o-que-levar-para-o-local-de-prova\"><span class=\"ez-toc-section\" id=\"O_que_levar_para_o_local_de_prova\"><\/span><strong>O que levar para o local de prova?<\/strong><span class=\"ez-toc-section-end\"><\/span><\/h2>\n\n\n\n<p>Para o dia de aplica\u00e7\u00e3o, os candidatos dever\u00e3o levar:<\/p>\n\n\n\n<ul class=\"wp-block-list\">\n<li>Caneta esferogr\u00e1fica transparente azul ou preta;<\/li>\n\n\n\n<li>Lanche, se houver, armazenado em embalagem transparente;<\/li>\n<\/ul>\n\n\n\n<h2 class=\"wp-block-heading\" id=\"prepare-se-conosco\"><span class=\"ez-toc-section\" id=\"Prepare-se_conosco\"><\/span><strong>Prepare-se conosco!<\/strong><span class=\"ez-toc-section-end\"><\/span><\/h2>\n\n\n\n<p>Quer se preparar para as provas de resid\u00eancia m\u00e9dica de 2025? Ent\u00e3o prepare-se com o&nbsp;<a href=\"https:\/\/www.grupomedcof.com.br\/home\/\" target=\"_blank\" rel=\"noreferrer noopener\">Grupo MedCof<\/a>&nbsp;e confira o v\u00eddeo no qual nossos especialistas tiram d\u00favidas sobre as&nbsp;<a href=\"https:\/\/www.grupomedcof.com.br\/blog\/presenca-da-medcof-nas-aprovacoes-em-residencia-medica-no-brasil\/\" target=\"_blank\" rel=\"noreferrer noopener\">principais resid\u00eancias!<\/a><\/p>\n\n\n\n<figure class=\"wp-block-embed is-type-video is-provider-youtube wp-block-embed-youtube wp-embed-aspect-16-9 wp-has-aspect-ratio\"><div class=\"wp-block-embed__wrapper\">\n<div class=\"youtube-embed\" data-video_id=\"J4b30GLB6eI\"><iframe loading=\"lazy\" title=\"Gabarito Resid\u00eancia M\u00e9dica AMRIGS 2024 - R+ Cl\u00ednica M\u00e9dica - Corre\u00e7\u00e3o  Nefrologia e Pneumologia\" width=\"696\" height=\"392\" src=\"https:\/\/www.youtube.com\/embed\/J4b30GLB6eI?feature=oembed&#038;enablejsapi=1\" frameborder=\"0\" allow=\"accelerometer; autoplay; clipboard-write; encrypted-media; gyroscope; picture-in-picture; web-share\" referrerpolicy=\"strict-origin-when-cross-origin\" allowfullscreen><\/iframe><\/div>\n<\/div><\/figure>\n","protected":false},"excerpt":{"rendered":"<p>Confira quais s\u00e3o as cidades  de aplica\u00e7\u00e3o da prova da AMRIGS!<\/p>\n","protected":false},"author":35,"featured_media":39123,"comment_status":"open","ping_status":"open","sticky":false,"template":"","format":"standard","meta":{"footnotes":""},"categories":[174],"tags":[41,1313,2134,1452,117,68],"ppma_author":[3619],"class_list":{"0":"post-30413","1":"post","2":"type-post","3":"status-publish","4":"format-standard","5":"has-post-thumbnail","7":"category-residencia-medica","8":"tag-amrigs","9":"tag-exame","10":"tag-local-de-prova","11":"tag-provas","12":"tag-provas-de-residencia","13":"tag-residencia-medica"},"yoast_head":"<!-- This site is optimized with the Yoast SEO Premium plugin v24.3 (Yoast SEO v27.4) - https:\/\/yoast.com\/product\/yoast-seo-premium-wordpress\/ -->\n<title>AMRIGS 2025\/2026: Confira os locais de prova - Blog de Medcof: conte\u00fados, editais, revalida e mais!<\/title>\n<meta name=\"description\" content=\"Confira quais s\u00e3o as cidades , local de aplica\u00e7\u00e3o da prova da AMRIGS. Al\u00e9m de mais informa\u00e7\u00f5es sobre o processo seletivo!\" \/>\n<meta name=\"robots\" content=\"index, follow, max-snippet:-1, max-image-preview:large, max-video-preview:-1\" \/>\n<link rel=\"canonical\" href=\"https:\/\/www.grupomedcof.com.br\/blog\/locais-de-prova-amrigs\/\" \/>\n<meta property=\"og:locale\" content=\"pt_BR\" \/>\n<meta property=\"og:type\" content=\"article\" \/>\n<meta property=\"og:title\" content=\"AMRIGS 2025\/2026: Confira os locais de prova\" \/>\n<meta property=\"og:description\" content=\"Confira quais s\u00e3o as cidades , local de aplica\u00e7\u00e3o da prova da AMRIGS. Al\u00e9m de mais informa\u00e7\u00f5es sobre o processo seletivo!\" \/>\n<meta property=\"og:url\" content=\"https:\/\/www.grupomedcof.com.br\/blog\/locais-de-prova-amrigs\/\" \/>\n<meta property=\"og:site_name\" content=\"Blog de Medcof: conte\u00fados, editais, revalida e mais!\" \/>\n<meta property=\"article:publisher\" content=\"https:\/\/www.facebook.com\/MedCofQbank\/\" \/>\n<meta property=\"article:published_time\" content=\"2025-11-06T13:45:49+00:00\" \/>\n<meta property=\"article:modified_time\" content=\"2025-11-06T13:45:51+00:00\" \/>\n<meta property=\"og:image\" content=\"https:\/\/www.grupomedcof.com.br\/blog\/wp-content\/uploads\/2024\/10\/Modelo-instituicoes-5.jpg\" \/>\n\t<meta property=\"og:image:width\" content=\"1920\" \/>\n\t<meta property=\"og:image:height\" content=\"1080\" \/>\n\t<meta property=\"og:image:type\" content=\"image\/jpeg\" \/>\n<meta name=\"author\" content=\"Laura Fernandes\" \/>\n<meta name=\"twitter:card\" content=\"summary_large_image\" \/>\n<meta name=\"twitter:label1\" content=\"Escrito por\" \/>\n\t<meta name=\"twitter:data1\" content=\"Laura Fernandes\" \/>\n\t<meta name=\"twitter:label2\" content=\"Est. tempo de leitura\" \/>\n\t<meta name=\"twitter:data2\" content=\"2 minutos\" \/>\n<script type=\"application\/ld+json\" class=\"yoast-schema-graph\">{\"@context\":\"https:\\\/\\\/schema.org\",\"@graph\":[{\"@type\":\"Article\",\"@id\":\"https:\\\/\\\/www.grupomedcof.com.br\\\/blog\\\/locais-de-prova-amrigs\\\/#article\",\"isPartOf\":{\"@id\":\"https:\\\/\\\/www.grupomedcof.com.br\\\/blog\\\/locais-de-prova-amrigs\\\/\"},\"author\":{\"name\":\"Laura Fernandes\",\"@id\":\"https:\\\/\\\/www.grupomedcof.com.br\\\/blog\\\/#\\\/schema\\\/person\\\/8ef52fbd7689d8a1d2208bdf4d975d8e\"},\"headline\":\"AMRIGS 2025\\\/2026: Confira os locais de prova\",\"datePublished\":\"2025-11-06T13:45:49+00:00\",\"dateModified\":\"2025-11-06T13:45:51+00:00\",\"mainEntityOfPage\":{\"@id\":\"https:\\\/\\\/www.grupomedcof.com.br\\\/blog\\\/locais-de-prova-amrigs\\\/\"},\"wordCount\":301,\"commentCount\":0,\"publisher\":{\"@id\":\"https:\\\/\\\/www.grupomedcof.com.br\\\/blog\\\/#organization\"},\"image\":{\"@id\":\"https:\\\/\\\/www.grupomedcof.com.br\\\/blog\\\/locais-de-prova-amrigs\\\/#primaryimage\"},\"thumbnailUrl\":\"https:\\\/\\\/www.grupomedcof.com.br\\\/blog\\\/wp-content\\\/uploads\\\/2024\\\/10\\\/Modelo-instituicoes-5.jpg\",\"keywords\":[\"AMRIGS\",\"exame\",\"Local de prova\",\"Provas\",\"Provas de Resid\u00eancia\",\"Resid\u00eancia M\u00e9dica\"],\"articleSection\":[\"Resid\u00eancia m\u00e9dica: editais, resultados, temas quentes e mais\"],\"inLanguage\":\"pt-BR\"},{\"@type\":\"WebPage\",\"@id\":\"https:\\\/\\\/www.grupomedcof.com.br\\\/blog\\\/locais-de-prova-amrigs\\\/\",\"url\":\"https:\\\/\\\/www.grupomedcof.com.br\\\/blog\\\/locais-de-prova-amrigs\\\/\",\"name\":\"AMRIGS 2025\\\/2026: Confira os locais de prova - Blog de Medcof: conte\u00fados, editais, revalida e mais!\",\"isPartOf\":{\"@id\":\"https:\\\/\\\/www.grupomedcof.com.br\\\/blog\\\/#website\"},\"primaryImageOfPage\":{\"@id\":\"https:\\\/\\\/www.grupomedcof.com.br\\\/blog\\\/locais-de-prova-amrigs\\\/#primaryimage\"},\"image\":{\"@id\":\"https:\\\/\\\/www.grupomedcof.com.br\\\/blog\\\/locais-de-prova-amrigs\\\/#primaryimage\"},\"thumbnailUrl\":\"https:\\\/\\\/www.grupomedcof.com.br\\\/blog\\\/wp-content\\\/uploads\\\/2024\\\/10\\\/Modelo-instituicoes-5.jpg\",\"datePublished\":\"2025-11-06T13:45:49+00:00\",\"dateModified\":\"2025-11-06T13:45:51+00:00\",\"description\":\"Confira quais s\u00e3o as cidades , local de aplica\u00e7\u00e3o da prova da AMRIGS. Al\u00e9m de mais informa\u00e7\u00f5es sobre o processo seletivo!\",\"breadcrumb\":{\"@id\":\"https:\\\/\\\/www.grupomedcof.com.br\\\/blog\\\/locais-de-prova-amrigs\\\/#breadcrumb\"},\"inLanguage\":\"pt-BR\",\"potentialAction\":[{\"@type\":\"ReadAction\",\"target\":[\"https:\\\/\\\/www.grupomedcof.com.br\\\/blog\\\/locais-de-prova-amrigs\\\/\"]}]},{\"@type\":\"ImageObject\",\"inLanguage\":\"pt-BR\",\"@id\":\"https:\\\/\\\/www.grupomedcof.com.br\\\/blog\\\/locais-de-prova-amrigs\\\/#primaryimage\",\"url\":\"https:\\\/\\\/www.grupomedcof.com.br\\\/blog\\\/wp-content\\\/uploads\\\/2024\\\/10\\\/Modelo-instituicoes-5.jpg\",\"contentUrl\":\"https:\\\/\\\/www.grupomedcof.com.br\\\/blog\\\/wp-content\\\/uploads\\\/2024\\\/10\\\/Modelo-instituicoes-5.jpg\",\"width\":1920,\"height\":1080,\"caption\":\"amrigs 2026 locais de prova\"},{\"@type\":\"BreadcrumbList\",\"@id\":\"https:\\\/\\\/www.grupomedcof.com.br\\\/blog\\\/locais-de-prova-amrigs\\\/#breadcrumb\",\"itemListElement\":[{\"@type\":\"ListItem\",\"position\":1,\"name\":\"In\u00edcio\",\"item\":\"https:\\\/\\\/www.grupomedcof.com.br\\\/blog\\\/\"},{\"@type\":\"ListItem\",\"position\":2,\"name\":\"AMRIGS 2025\\\/2026: Confira os locais de prova\"}]},{\"@type\":\"WebSite\",\"@id\":\"https:\\\/\\\/www.grupomedcof.com.br\\\/blog\\\/#website\",\"url\":\"https:\\\/\\\/www.grupomedcof.com.br\\\/blog\\\/\",\"name\":\"Blog de Medcof: conte\u00fados, editais, revalida e mais!\",\"description\":\"Acesso o blog de MedCof! Seu portal de conte\u00fados sobre resid\u00eancia m\u00e9dica, an\u00e1lise e editais e muito mais. Clique e confira!\",\"publisher\":{\"@id\":\"https:\\\/\\\/www.grupomedcof.com.br\\\/blog\\\/#organization\"},\"alternateName\":\"Blog de Medcof: conte\u00fados, editais, revalida e mais!\",\"potentialAction\":[{\"@type\":\"SearchAction\",\"target\":{\"@type\":\"EntryPoint\",\"urlTemplate\":\"https:\\\/\\\/www.grupomedcof.com.br\\\/blog\\\/?s={search_term_string}\"},\"query-input\":{\"@type\":\"PropertyValueSpecification\",\"valueRequired\":true,\"valueName\":\"search_term_string\"}}],\"inLanguage\":\"pt-BR\"},{\"@type\":\"Organization\",\"@id\":\"https:\\\/\\\/www.grupomedcof.com.br\\\/blog\\\/#organization\",\"name\":\"Grupo MedCof\",\"url\":\"https:\\\/\\\/www.grupomedcof.com.br\\\/blog\\\/\",\"logo\":{\"@type\":\"ImageObject\",\"inLanguage\":\"pt-BR\",\"@id\":\"https:\\\/\\\/www.grupomedcof.com.br\\\/blog\\\/#\\\/schema\\\/logo\\\/image\\\/\",\"url\":\"https:\\\/\\\/www.grupomedcof.com.br\\\/blog\\\/wp-content\\\/uploads\\\/2022\\\/01\\\/logo-medcof.png\",\"contentUrl\":\"https:\\\/\\\/www.grupomedcof.com.br\\\/blog\\\/wp-content\\\/uploads\\\/2022\\\/01\\\/logo-medcof.png\",\"width\":768,\"height\":269,\"caption\":\"Grupo MedCof\"},\"image\":{\"@id\":\"https:\\\/\\\/www.grupomedcof.com.br\\\/blog\\\/#\\\/schema\\\/logo\\\/image\\\/\"},\"sameAs\":[\"https:\\\/\\\/www.facebook.com\\\/MedCofQbank\\\/\",\"https:\\\/\\\/www.instagram.com\\\/grupomedcof\\\/\",\"https:\\\/\\\/br.linkedin.com\\\/company\\\/medcof\",\"https:\\\/\\\/www.youtube.com\\\/channel\\\/UCdHMuOHKICxcHwecxN8P-AA\"]},{\"@type\":\"Person\",\"@id\":\"https:\\\/\\\/www.grupomedcof.com.br\\\/blog\\\/#\\\/schema\\\/person\\\/8ef52fbd7689d8a1d2208bdf4d975d8e\",\"name\":\"Laura Fernandes\",\"image\":{\"@type\":\"ImageObject\",\"inLanguage\":\"pt-BR\",\"@id\":\"https:\\\/\\\/www.grupomedcof.com.br\\\/blog\\\/wp-content\\\/uploads\\\/2025\\\/09\\\/cropped-equipe-96x96.jpegaa171aa213b4913d9406ab69d274aa2a\",\"url\":\"https:\\\/\\\/www.grupomedcof.com.br\\\/blog\\\/wp-content\\\/uploads\\\/2025\\\/09\\\/cropped-equipe-96x96.jpeg\",\"contentUrl\":\"https:\\\/\\\/www.grupomedcof.com.br\\\/blog\\\/wp-content\\\/uploads\\\/2025\\\/09\\\/cropped-equipe-96x96.jpeg\",\"caption\":\"Laura Fernandes\"},\"description\":\"Jornalista pela UFOP, escrevo sobre sa\u00fade e especializa\u00e7\u00f5es m\u00e9dicas.\",\"url\":\"https:\\\/\\\/www.grupomedcof.com.br\\\/blog\\\/author\\\/laura\\\/\"}]}<\/script>\n<!-- \/ Yoast SEO Premium plugin. -->","yoast_head_json":{"title":"AMRIGS 2025\/2026: Confira os locais de prova - Blog de Medcof: conte\u00fados, editais, revalida e mais!","description":"Confira quais s\u00e3o as cidades , local de aplica\u00e7\u00e3o da prova da AMRIGS. Al\u00e9m de mais informa\u00e7\u00f5es sobre o processo seletivo!","robots":{"index":"index","follow":"follow","max-snippet":"max-snippet:-1","max-image-preview":"max-image-preview:large","max-video-preview":"max-video-preview:-1"},"canonical":"https:\/\/www.grupomedcof.com.br\/blog\/locais-de-prova-amrigs\/","og_locale":"pt_BR","og_type":"article","og_title":"AMRIGS 2025\/2026: Confira os locais de prova","og_description":"Confira quais s\u00e3o as cidades , local de aplica\u00e7\u00e3o da prova da AMRIGS. Al\u00e9m de mais informa\u00e7\u00f5es sobre o processo seletivo!","og_url":"https:\/\/www.grupomedcof.com.br\/blog\/locais-de-prova-amrigs\/","og_site_name":"Blog de Medcof: conte\u00fados, editais, revalida e mais!","article_publisher":"https:\/\/www.facebook.com\/MedCofQbank\/","article_published_time":"2025-11-06T13:45:49+00:00","article_modified_time":"2025-11-06T13:45:51+00:00","og_image":[{"width":1920,"height":1080,"url":"https:\/\/www.grupomedcof.com.br\/blog\/wp-content\/uploads\/2024\/10\/Modelo-instituicoes-5.jpg","type":"image\/jpeg"}],"author":"Laura Fernandes","twitter_card":"summary_large_image","twitter_misc":{"Escrito por":"Laura Fernandes","Est. tempo de leitura":"2 minutos"},"schema":{"@context":"https:\/\/schema.org","@graph":[{"@type":"Article","@id":"https:\/\/www.grupomedcof.com.br\/blog\/locais-de-prova-amrigs\/#article","isPartOf":{"@id":"https:\/\/www.grupomedcof.com.br\/blog\/locais-de-prova-amrigs\/"},"author":{"name":"Laura Fernandes","@id":"https:\/\/www.grupomedcof.com.br\/blog\/#\/schema\/person\/8ef52fbd7689d8a1d2208bdf4d975d8e"},"headline":"AMRIGS 2025\/2026: Confira os locais de prova","datePublished":"2025-11-06T13:45:49+00:00","dateModified":"2025-11-06T13:45:51+00:00","mainEntityOfPage":{"@id":"https:\/\/www.grupomedcof.com.br\/blog\/locais-de-prova-amrigs\/"},"wordCount":301,"commentCount":0,"publisher":{"@id":"https:\/\/www.grupomedcof.com.br\/blog\/#organization"},"image":{"@id":"https:\/\/www.grupomedcof.com.br\/blog\/locais-de-prova-amrigs\/#primaryimage"},"thumbnailUrl":"https:\/\/www.grupomedcof.com.br\/blog\/wp-content\/uploads\/2024\/10\/Modelo-instituicoes-5.jpg","keywords":["AMRIGS","exame","Local de prova","Provas","Provas de Resid\u00eancia","Resid\u00eancia M\u00e9dica"],"articleSection":["Resid\u00eancia m\u00e9dica: editais, resultados, temas quentes e mais"],"inLanguage":"pt-BR"},{"@type":"WebPage","@id":"https:\/\/www.grupomedcof.com.br\/blog\/locais-de-prova-amrigs\/","url":"https:\/\/www.grupomedcof.com.br\/blog\/locais-de-prova-amrigs\/","name":"AMRIGS 2025\/2026: Confira os locais de prova - Blog de Medcof: conte\u00fados, editais, revalida e mais!","isPartOf":{"@id":"https:\/\/www.grupomedcof.com.br\/blog\/#website"},"primaryImageOfPage":{"@id":"https:\/\/www.grupomedcof.com.br\/blog\/locais-de-prova-amrigs\/#primaryimage"},"image":{"@id":"https:\/\/www.grupomedcof.com.br\/blog\/locais-de-prova-amrigs\/#primaryimage"},"thumbnailUrl":"https:\/\/www.grupomedcof.com.br\/blog\/wp-content\/uploads\/2024\/10\/Modelo-instituicoes-5.jpg","datePublished":"2025-11-06T13:45:49+00:00","dateModified":"2025-11-06T13:45:51+00:00","description":"Confira quais s\u00e3o as cidades , local de aplica\u00e7\u00e3o da prova da AMRIGS. Al\u00e9m de mais informa\u00e7\u00f5es sobre o processo seletivo!","breadcrumb":{"@id":"https:\/\/www.grupomedcof.com.br\/blog\/locais-de-prova-amrigs\/#breadcrumb"},"inLanguage":"pt-BR","potentialAction":[{"@type":"ReadAction","target":["https:\/\/www.grupomedcof.com.br\/blog\/locais-de-prova-amrigs\/"]}]},{"@type":"ImageObject","inLanguage":"pt-BR","@id":"https:\/\/www.grupomedcof.com.br\/blog\/locais-de-prova-amrigs\/#primaryimage","url":"https:\/\/www.grupomedcof.com.br\/blog\/wp-content\/uploads\/2024\/10\/Modelo-instituicoes-5.jpg","contentUrl":"https:\/\/www.grupomedcof.com.br\/blog\/wp-content\/uploads\/2024\/10\/Modelo-instituicoes-5.jpg","width":1920,"height":1080,"caption":"amrigs 2026 locais de prova"},{"@type":"BreadcrumbList","@id":"https:\/\/www.grupomedcof.com.br\/blog\/locais-de-prova-amrigs\/#breadcrumb","itemListElement":[{"@type":"ListItem","position":1,"name":"In\u00edcio","item":"https:\/\/www.grupomedcof.com.br\/blog\/"},{"@type":"ListItem","position":2,"name":"AMRIGS 2025\/2026: Confira os locais de prova"}]},{"@type":"WebSite","@id":"https:\/\/www.grupomedcof.com.br\/blog\/#website","url":"https:\/\/www.grupomedcof.com.br\/blog\/","name":"Blog de Medcof: conte\u00fados, editais, revalida e mais!","description":"Acesso o blog de MedCof! Seu portal de conte\u00fados sobre resid\u00eancia m\u00e9dica, an\u00e1lise e editais e muito mais. Clique e confira!","publisher":{"@id":"https:\/\/www.grupomedcof.com.br\/blog\/#organization"},"alternateName":"Blog de Medcof: conte\u00fados, editais, revalida e mais!","potentialAction":[{"@type":"SearchAction","target":{"@type":"EntryPoint","urlTemplate":"https:\/\/www.grupomedcof.com.br\/blog\/?s={search_term_string}"},"query-input":{"@type":"PropertyValueSpecification","valueRequired":true,"valueName":"search_term_string"}}],"inLanguage":"pt-BR"},{"@type":"Organization","@id":"https:\/\/www.grupomedcof.com.br\/blog\/#organization","name":"Grupo MedCof","url":"https:\/\/www.grupomedcof.com.br\/blog\/","logo":{"@type":"ImageObject","inLanguage":"pt-BR","@id":"https:\/\/www.grupomedcof.com.br\/blog\/#\/schema\/logo\/image\/","url":"https:\/\/www.grupomedcof.com.br\/blog\/wp-content\/uploads\/2022\/01\/logo-medcof.png","contentUrl":"https:\/\/www.grupomedcof.com.br\/blog\/wp-content\/uploads\/2022\/01\/logo-medcof.png","width":768,"height":269,"caption":"Grupo MedCof"},"image":{"@id":"https:\/\/www.grupomedcof.com.br\/blog\/#\/schema\/logo\/image\/"},"sameAs":["https:\/\/www.facebook.com\/MedCofQbank\/","https:\/\/www.instagram.com\/grupomedcof\/","https:\/\/br.linkedin.com\/company\/medcof","https:\/\/www.youtube.com\/channel\/UCdHMuOHKICxcHwecxN8P-AA"]},{"@type":"Person","@id":"https:\/\/www.grupomedcof.com.br\/blog\/#\/schema\/person\/8ef52fbd7689d8a1d2208bdf4d975d8e","name":"Laura Fernandes","image":{"@type":"ImageObject","inLanguage":"pt-BR","@id":"https:\/\/www.grupomedcof.com.br\/blog\/wp-content\/uploads\/2025\/09\/cropped-equipe-96x96.jpegaa171aa213b4913d9406ab69d274aa2a","url":"https:\/\/www.grupomedcof.com.br\/blog\/wp-content\/uploads\/2025\/09\/cropped-equipe-96x96.jpeg","contentUrl":"https:\/\/www.grupomedcof.com.br\/blog\/wp-content\/uploads\/2025\/09\/cropped-equipe-96x96.jpeg","caption":"Laura Fernandes"},"description":"Jornalista pela UFOP, escrevo sobre sa\u00fade e especializa\u00e7\u00f5es m\u00e9dicas.","url":"https:\/\/www.grupomedcof.com.br\/blog\/author\/laura\/"}]}},"authors":[{"term_id":3619,"user_id":35,"is_guest":0,"slug":"laura","display_name":"Laura Fernandes","avatar_url":"https:\/\/www.grupomedcof.com.br\/blog\/wp-content\/uploads\/2025\/09\/cropped-equipe-96x96.jpeg","0":null,"1":"","2":"","3":"","4":"","5":"","6":"","7":"","8":""}],"_links":{"self":[{"href":"https:\/\/www.grupomedcof.com.br\/blog\/wp-json\/wp\/v2\/posts\/30413","targetHints":{"allow":["GET"]}}],"collection":[{"href":"https:\/\/www.grupomedcof.com.br\/blog\/wp-json\/wp\/v2\/posts"}],"about":[{"href":"https:\/\/www.grupomedcof.com.br\/blog\/wp-json\/wp\/v2\/types\/post"}],"author":[{"embeddable":true,"href":"https:\/\/www.grupomedcof.com.br\/blog\/wp-json\/wp\/v2\/users\/35"}],"replies":[{"embeddable":true,"href":"https:\/\/www.grupomedcof.com.br\/blog\/wp-json\/wp\/v2\/comments?post=30413"}],"version-history":[{"count":1,"href":"https:\/\/www.grupomedcof.com.br\/blog\/wp-json\/wp\/v2\/posts\/30413\/revisions"}],"predecessor-version":[{"id":39125,"href":"https:\/\/www.grupomedcof.com.br\/blog\/wp-json\/wp\/v2\/posts\/30413\/revisions\/39125"}],"wp:featuredmedia":[{"embeddable":true,"href":"https:\/\/www.grupomedcof.com.br\/blog\/wp-json\/wp\/v2\/media\/39123"}],"wp:attachment":[{"href":"https:\/\/www.grupomedcof.com.br\/blog\/wp-json\/wp\/v2\/media?parent=30413"}],"wp:term":[{"taxonomy":"category","embeddable":true,"href":"https:\/\/www.grupomedcof.com.br\/blog\/wp-json\/wp\/v2\/categories?post=30413"},{"taxonomy":"post_tag","embeddable":true,"href":"https:\/\/www.grupomedcof.com.br\/blog\/wp-json\/wp\/v2\/tags?post=30413"},{"taxonomy":"author","embeddable":true,"href":"https:\/\/www.grupomedcof.com.br\/blog\/wp-json\/wp\/v2\/ppma_author?post=30413"}],"curies":[{"name":"wp","href":"https:\/\/api.w.org\/{rel}","templated":true}]}}