{"id":30436,"date":"2024-10-09T16:00:00","date_gmt":"2024-10-09T19:00:00","guid":{"rendered":"https:\/\/www.grupomedcof.com.br\/blog\/?p=30436"},"modified":"2024-10-10T07:59:53","modified_gmt":"2024-10-10T10:59:53","slug":"saiba-quais-as-infeccoes-congenitas-que-mais-caem-nas-provas-de-residencia","status":"publish","type":"post","link":"https:\/\/www.grupomedcof.com.br\/blog\/saiba-quais-as-infeccoes-congenitas-que-mais-caem-nas-provas-de-residencia\/","title":{"rendered":"Saiba quais as infec\u00e7\u00f5es cong\u00eanitas  mais caem nas provas de resid\u00eancia"},"content":{"rendered":"<div id=\"ez-toc-container\" class=\"ez-toc-v2_0_74 counter-hierarchy ez-toc-counter ez-toc-transparent ez-toc-container-direction\">\n<div class=\"ez-toc-title-container\">\n<p class=\"ez-toc-title\" style=\"cursor:inherit\">Sum\u00e1rio<\/p>\n<span class=\"ez-toc-title-toggle\"><a href=\"#\" class=\"ez-toc-pull-right ez-toc-btn ez-toc-btn-xs ez-toc-btn-default ez-toc-toggle\" aria-label=\"Alternar tabela de conte\u00fado\"><span class=\"ez-toc-js-icon-con\"><span class=\"\"><span class=\"eztoc-hide\" style=\"display:none;\">Toggle<\/span><span class=\"ez-toc-icon-toggle-span\"><svg style=\"fill: #999;color:#999\" xmlns=\"http:\/\/www.w3.org\/2000\/svg\" class=\"list-377408\" width=\"20px\" height=\"20px\" viewBox=\"0 0 24 24\" fill=\"none\"><path d=\"M6 6H4v2h2V6zm14 0H8v2h12V6zM4 11h2v2H4v-2zm16 0H8v2h12v-2zM4 16h2v2H4v-2zm16 0H8v2h12v-2z\" fill=\"currentColor\"><\/path><\/svg><svg style=\"fill: #999;color:#999\" class=\"arrow-unsorted-368013\" xmlns=\"http:\/\/www.w3.org\/2000\/svg\" width=\"10px\" height=\"10px\" viewBox=\"0 0 24 24\" version=\"1.2\" baseProfile=\"tiny\"><path d=\"M18.2 9.3l-6.2-6.3-6.2 6.3c-.2.2-.3.4-.3.7s.1.5.3.7c.2.2.4.3.7.3h11c.3 0 .5-.1.7-.3.2-.2.3-.5.3-.7s-.1-.5-.3-.7zM5.8 14.7l6.2 6.3 6.2-6.3c.2-.2.3-.5.3-.7s-.1-.5-.3-.7c-.2-.2-.4-.3-.7-.3h-11c-.3 0-.5.1-.7.3-.2.2-.3.5-.3.7s.1.5.3.7z\"\/><\/svg><\/span><\/span><\/span><\/a><\/span><\/div>\n<nav><ul class='ez-toc-list ez-toc-list-level-1 ' ><li class='ez-toc-page-1 ez-toc-heading-level-2'><a class=\"ez-toc-link ez-toc-heading-1\" href=\"https:\/\/www.grupomedcof.com.br\/blog\/saiba-quais-as-infeccoes-congenitas-que-mais-caem-nas-provas-de-residencia\/#O_que_sao_infeccoes_congenitas\" >O que s\u00e3o infec\u00e7\u00f5es cong\u00eanitas?&nbsp;<\/a><\/li><li class='ez-toc-page-1 ez-toc-heading-level-2'><a class=\"ez-toc-link ez-toc-heading-2\" href=\"https:\/\/www.grupomedcof.com.br\/blog\/saiba-quais-as-infeccoes-congenitas-que-mais-caem-nas-provas-de-residencia\/#Principais\" >Principais<\/a><ul class='ez-toc-list-level-3' ><li class='ez-toc-heading-level-3'><a class=\"ez-toc-link ez-toc-heading-3\" href=\"https:\/\/www.grupomedcof.com.br\/blog\/saiba-quais-as-infeccoes-congenitas-que-mais-caem-nas-provas-de-residencia\/#Mnemonico_SToRCHZ\" >Mnem\u00f4nico:&nbsp;SToRCHZ&nbsp;<\/a><\/li><\/ul><\/li><li class='ez-toc-page-1 ez-toc-heading-level-2'><a class=\"ez-toc-link ez-toc-heading-4\" href=\"https:\/\/www.grupomedcof.com.br\/blog\/saiba-quais-as-infeccoes-congenitas-que-mais-caem-nas-provas-de-residencia\/#Prepare-se_conosco\" >Prepare-se conosco!<\/a><\/li><\/ul><\/nav><\/div>\n\n<figure class=\"wp-block-image size-large\"><img loading=\"lazy\" decoding=\"async\" width=\"1024\" height=\"576\" src=\"https:\/\/www.grupomedcof.com.br\/blog\/wp-content\/uploads\/2024\/10\/Blog-MedCof-1024x576.png\" alt=\"\" class=\"wp-image-30493\" srcset=\"https:\/\/www.grupomedcof.com.br\/blog\/wp-content\/uploads\/2024\/10\/Blog-MedCof-1024x576.png 1024w, https:\/\/www.grupomedcof.com.br\/blog\/wp-content\/uploads\/2024\/10\/Blog-MedCof-300x169.png 300w, https:\/\/www.grupomedcof.com.br\/blog\/wp-content\/uploads\/2024\/10\/Blog-MedCof-768x432.png 768w, https:\/\/www.grupomedcof.com.br\/blog\/wp-content\/uploads\/2024\/10\/Blog-MedCof-1536x864.png 1536w, https:\/\/www.grupomedcof.com.br\/blog\/wp-content\/uploads\/2024\/10\/Blog-MedCof-2048x1152.png 2048w, https:\/\/www.grupomedcof.com.br\/blog\/wp-content\/uploads\/2024\/10\/Blog-MedCof-747x420.png 747w, https:\/\/www.grupomedcof.com.br\/blog\/wp-content\/uploads\/2024\/10\/Blog-MedCof-150x84.png 150w, https:\/\/www.grupomedcof.com.br\/blog\/wp-content\/uploads\/2024\/10\/Blog-MedCof-696x392.png 696w, https:\/\/www.grupomedcof.com.br\/blog\/wp-content\/uploads\/2024\/10\/Blog-MedCof-1068x601.png 1068w, https:\/\/www.grupomedcof.com.br\/blog\/wp-content\/uploads\/2024\/10\/Blog-MedCof-1920x1080.png 1920w\" sizes=\"auto, (max-width: 1024px) 100vw, 1024px\" \/><\/figure>\n\n\n\n<h2 class=\"wp-block-heading\" id=\"h-o-que-sao-infeccoes-congenitas-nbsp\"><span class=\"ez-toc-section\" id=\"O_que_sao_infeccoes_congenitas\"><\/span><strong>O que s\u00e3o infec\u00e7\u00f5es cong\u00eanitas?&nbsp;<\/strong><span class=\"ez-toc-section-end\"><\/span><\/h2>\n\n\n\n<p>Esse tipo de infec\u00e7\u00e3o \u00e9 <strong>adquirida intrauterinamente<\/strong> ou<strong> durante o trabalho de parto <\/strong>(perinatais) pelo beb\u00ea. Elas significam elevadas chances de morbidade e mortalidade devido a condi\u00e7\u00e3o delicada de sa\u00fade do beb\u00ea em forma\u00e7\u00e3o ou rec\u00e9m nascido. Elas s\u00e3o ainda mais graves quando adquiridas no primeiro trimestre da gesta\u00e7\u00e3o e somente algumas possuem&nbsp; rastreio sorol\u00f3gico pelo pr\u00e9-natal (s\u00edfilis, toxoplasmose, HIV e hepatites B e C). As altera\u00e7\u00f5es resultantes variam com o tipo de infec\u00e7\u00e3o, mas quase 90% s\u00e3o assintom\u00e1ticas ao nascimento. A avalia\u00e7\u00e3o inicial inclui a hist\u00f3ria materna,&nbsp; exames f\u00edsicos e neurol\u00f3gicos do RN, hemograma e outros exames espec\u00edficos a essa idade.&nbsp;<\/p>\n\n\n\n<figure class=\"wp-block-image size-large\"><a href=\"https:\/\/www.grupomedcof.com.br\/cofletters\/\"><img loading=\"lazy\" decoding=\"async\" width=\"1024\" height=\"366\" src=\"https:\/\/www.grupomedcof.com.br\/blog\/wp-content\/uploads\/2024\/08\/Capa-Eventos-MedCof-Plus-14-4-1024x366.png\" alt=\"\" class=\"wp-image-29290\" srcset=\"https:\/\/www.grupomedcof.com.br\/blog\/wp-content\/uploads\/2024\/08\/Capa-Eventos-MedCof-Plus-14-4-1024x366.png 1024w, https:\/\/www.grupomedcof.com.br\/blog\/wp-content\/uploads\/2024\/08\/Capa-Eventos-MedCof-Plus-14-4-300x107.png 300w, https:\/\/www.grupomedcof.com.br\/blog\/wp-content\/uploads\/2024\/08\/Capa-Eventos-MedCof-Plus-14-4-768x275.png 768w, https:\/\/www.grupomedcof.com.br\/blog\/wp-content\/uploads\/2024\/08\/Capa-Eventos-MedCof-Plus-14-4-1536x549.png 1536w, https:\/\/www.grupomedcof.com.br\/blog\/wp-content\/uploads\/2024\/08\/Capa-Eventos-MedCof-Plus-14-4-2048x732.png 2048w, https:\/\/www.grupomedcof.com.br\/blog\/wp-content\/uploads\/2024\/08\/Capa-Eventos-MedCof-Plus-14-4-1174x420.png 1174w, https:\/\/www.grupomedcof.com.br\/blog\/wp-content\/uploads\/2024\/08\/Capa-Eventos-MedCof-Plus-14-4-150x54.png 150w, https:\/\/www.grupomedcof.com.br\/blog\/wp-content\/uploads\/2024\/08\/Capa-Eventos-MedCof-Plus-14-4-696x249.png 696w, https:\/\/www.grupomedcof.com.br\/blog\/wp-content\/uploads\/2024\/08\/Capa-Eventos-MedCof-Plus-14-4-1068x382.png 1068w, https:\/\/www.grupomedcof.com.br\/blog\/wp-content\/uploads\/2024\/08\/Capa-Eventos-MedCof-Plus-14-4-1920x687.png 1920w\" sizes=\"auto, (max-width: 1024px) 100vw, 1024px\" \/><\/a><\/figure>\n\n\n\n<h2 class=\"wp-block-heading\" id=\"h-principais\"><span class=\"ez-toc-section\" id=\"Principais\"><\/span><strong>Principais<\/strong><span class=\"ez-toc-section-end\"><\/span><\/h2>\n\n\n\n<h3 class=\"wp-block-heading\" id=\"h-mnemonico-nbsp-storchz-nbsp\"><span class=\"ez-toc-section\" id=\"Mnemonico_SToRCHZ\"><\/span><strong>Mnem\u00f4nico:&nbsp;SToRCHZ&nbsp;<\/strong><span class=\"ez-toc-section-end\"><\/span><\/h3>\n\n\n\n<p>Esse mnem\u00f4nico serve para relembrar o perigo das infec\u00e7\u00f5es por <strong>S<\/strong>\u00edfilis, <strong>To<\/strong>xoplasmose, <strong>R<\/strong>ub\u00e9ola, <strong>C<\/strong>itomegalov\u00edrus, <strong>H<\/strong>erpes simples e <strong>Z<\/strong>ika.&nbsp; Vamos explorar um pouco delas:&nbsp;<\/p>\n\n\n\n<h4 class=\"wp-block-heading\" id=\"h-sifilis\"><strong>S\u00edfilis<\/strong><\/h4>\n\n\n\n<p>Causada pelo espiroqueta Treponema pallidum, essa \u00e9 uma infec\u00e7\u00e3o que transmite-se por via transplacent\u00e1ria \/contato direto (les\u00e3o no canal de parto) ou por qualquer IG em qualquer est\u00e1gio de doen\u00e7a materna. Para identifica\u00e7\u00e3o, existem 2 tipos de teste: o trepon\u00eamico (o teste r\u00e1pido, que se mant\u00e9m positivo mesmo ap\u00f3s o tratamento) e o n\u00e3o trepon\u00eamico (o&nbsp; t\u00edtulo que decai e serve como controle de tratamento).&nbsp; A apresenta\u00e7\u00e3o cl\u00ednica pode ser precoce (antes dos 2 anos) com efeitos mucocut\u00e2neos, musculoesquel\u00e9ticos e outros mais espec\u00edficos (como icter\u00edcia); tardia (acima dos 2 anos)&nbsp; com evolu\u00e7\u00e3o das manifesta\u00e7\u00f5es precoces, fronte ol\u00edmpica, perfura\u00e7\u00e3o do palato e outros. A avalia\u00e7\u00e3o inicial passa por 3 est\u00e1gios:&nbsp; avalia\u00e7\u00e3o materna, cuidado cl\u00ednico do RN e VDRL pareado.<\/p>\n\n\n<div class=\"wp-block-image\">\n<figure class=\"aligncenter size-full is-resized\"><img loading=\"lazy\" decoding=\"async\" width=\"736\" height=\"487\" src=\"https:\/\/www.grupomedcof.com.br\/blog\/wp-content\/uploads\/2024\/10\/unnamed-50.jpg\" alt=\"\" class=\"wp-image-30437\" style=\"width:537px;height:auto\" srcset=\"https:\/\/www.grupomedcof.com.br\/blog\/wp-content\/uploads\/2024\/10\/unnamed-50.jpg 736w, https:\/\/www.grupomedcof.com.br\/blog\/wp-content\/uploads\/2024\/10\/unnamed-50-300x199.jpg 300w, https:\/\/www.grupomedcof.com.br\/blog\/wp-content\/uploads\/2024\/10\/unnamed-50-635x420.jpg 635w, https:\/\/www.grupomedcof.com.br\/blog\/wp-content\/uploads\/2024\/10\/unnamed-50-150x99.jpg 150w, https:\/\/www.grupomedcof.com.br\/blog\/wp-content\/uploads\/2024\/10\/unnamed-50-696x461.jpg 696w\" sizes=\"auto, (max-width: 736px) 100vw, 736px\" \/><figcaption class=\"wp-element-caption\">Refer\u00eancias; Site Meyer Lab <a href=\"https:\/\/pin.it\/6ahxBAK2F\">https:\/\/pin.it\/6ahxBAK2F<\/a><\/figcaption><\/figure>\n<\/div>\n\n\n<h4 class=\"wp-block-heading\" id=\"h-toxoplasmose\"><strong>Toxoplasmose<\/strong><\/h4>\n\n\n\n<p>Causada pelo protozo\u00e1rio intracelular Toxoplasma gondii, essa infec\u00e7\u00e3o pode ser transmitida por via transplacent\u00e1ria e pode ocorrer em qualquer fase gestacional (quanto mais perto do termo, menor gravidade e maior chance de transmiss\u00e3o). O beb\u00ea infectado apresenta, nos primeiros meses, a tr\u00edade: coriorretinite, hidrocefalia e calcifica\u00e7\u00f5es cerebrais difusas.<\/p>\n\n\n<div class=\"wp-block-image\">\n<figure class=\"aligncenter size-full is-resized\"><img loading=\"lazy\" decoding=\"async\" width=\"735\" height=\"490\" src=\"https:\/\/www.grupomedcof.com.br\/blog\/wp-content\/uploads\/2024\/10\/unnamed-51.jpg\" alt=\"\" class=\"wp-image-30438\" style=\"width:576px;height:auto\" srcset=\"https:\/\/www.grupomedcof.com.br\/blog\/wp-content\/uploads\/2024\/10\/unnamed-51.jpg 735w, https:\/\/www.grupomedcof.com.br\/blog\/wp-content\/uploads\/2024\/10\/unnamed-51-300x200.jpg 300w, https:\/\/www.grupomedcof.com.br\/blog\/wp-content\/uploads\/2024\/10\/unnamed-51-630x420.jpg 630w, https:\/\/www.grupomedcof.com.br\/blog\/wp-content\/uploads\/2024\/10\/unnamed-51-150x100.jpg 150w, https:\/\/www.grupomedcof.com.br\/blog\/wp-content\/uploads\/2024\/10\/unnamed-51-696x464.jpg 696w\" sizes=\"auto, (max-width: 735px) 100vw, 735px\" \/><\/figure>\n<\/div>\n\n\n<p>O teste do pezinho ampliado j\u00e1 inclui a triagem neonatal para toxoplasmose, principalmente em gr\u00e1vidas que t\u00eam acesso a animais de estima\u00e7\u00e3o em casa (os gatos s\u00e3o os principais vetores dessa doen\u00e7a). Se identificada tardiamente, ocorrem mais sequelas neurol\u00f3gicas e oculares! O diagn\u00f3stico antes do nascimento \u00e9 feito por USG pr\u00e9-natal, amniocentese e tratamento materno. J\u00e1 o realizado ap\u00f3s o nascimento busca avaliar os sintomas de infec\u00e7\u00e3o usando teste do pezinho ampliado, IgM ou Iga, USTF, fundoscopia e outros.&nbsp; O tratamento \u00e9 feito com Sulfadiazina, pirimetamina e \u00e1cido fol\u00ednico por 12 meses.&nbsp;<\/p>\n\n\n\n<h4 class=\"wp-block-heading\" id=\"h-citomegalovirose-congenita\"><strong>Citomegalovirose Cong\u00eanita<\/strong><\/h4>\n\n\n\n<p>\u00c9 uma infec\u00e7\u00e3o comum em todo o mundo e \u00e9 transmitida durante a infec\u00e7\u00e3o prim\u00e1ria, a reativa\u00e7\u00e3o ou a reinfec\u00e7\u00e3o materna. Ela normalmente \u00e9 assintom\u00e1tica ao nascimento (10% apenas demonstram calcifica\u00e7\u00f5es periventriculares, microcefalia, PIG, perda auditiva neurossensorial, pet\u00e9quias, icter\u00edcia e hepatoesplenomegalia).<\/p>\n\n\n<div class=\"wp-block-image\">\n<figure class=\"aligncenter size-full is-resized\"><img loading=\"lazy\" decoding=\"async\" width=\"736\" height=\"491\" src=\"https:\/\/www.grupomedcof.com.br\/blog\/wp-content\/uploads\/2024\/10\/unnamed-52.jpg\" alt=\"\" class=\"wp-image-30439\" style=\"width:581px;height:auto\" srcset=\"https:\/\/www.grupomedcof.com.br\/blog\/wp-content\/uploads\/2024\/10\/unnamed-52.jpg 736w, https:\/\/www.grupomedcof.com.br\/blog\/wp-content\/uploads\/2024\/10\/unnamed-52-300x200.jpg 300w, https:\/\/www.grupomedcof.com.br\/blog\/wp-content\/uploads\/2024\/10\/unnamed-52-630x420.jpg 630w, https:\/\/www.grupomedcof.com.br\/blog\/wp-content\/uploads\/2024\/10\/unnamed-52-150x100.jpg 150w, https:\/\/www.grupomedcof.com.br\/blog\/wp-content\/uploads\/2024\/10\/unnamed-52-696x464.jpg 696w\" sizes=\"auto, (max-width: 736px) 100vw, 736px\" \/><figcaption class=\"wp-element-caption\">Refer\u00eancias: Site de sa\u00fade Mejor con Salud https:\/\/pin.it\/3IH1yXmhe<br><\/figcaption><\/figure>\n<\/div>\n\n\n<p>A avalia\u00e7\u00e3o do RN \u00e9 feita por fundoscopia, avalia\u00e7\u00e3o auditiva, HMG, bilirrubinas, transaminases, USTF\/TC e LCR. Nesse podemos diagnosticar o beb\u00ea por PCR ou isolamento viral na saliva e urina at\u00e9 a 3 semana. Por fim, o tratamento deve ser feito em casos de doen\u00e7a moderada ou grave com Ganciclovir (em quadros graves) e Valganciclovir (est\u00e1vel).<\/p>\n\n\n\n<h4 class=\"wp-block-heading\" id=\"h-sindrome-da-rubeola\"><strong>S\u00edndrome da Rub\u00e9ola<\/strong><\/h4>\n\n\n\n<p>Infec\u00e7\u00e3o viral, com maiores \u00edndices de transmiss\u00e3o no primeiro trimestre e que cursa em malforma\u00e7\u00f5es. O quadro cl\u00ednico apresentado pelo beb\u00ea infectado inclui perda&nbsp; auditiva neurossensorial, cardiopatia cong\u00eanita, altera\u00e7\u00f5es oculares, \u201cmuffin de mirtilo\u201d e doen\u00e7as endocrinol\u00f3gicas (manifesta\u00e7\u00e3o tardia).<\/p>\n\n\n<div class=\"wp-block-image\">\n<figure class=\"aligncenter size-full is-resized\"><img loading=\"lazy\" decoding=\"async\" width=\"735\" height=\"488\" src=\"https:\/\/www.grupomedcof.com.br\/blog\/wp-content\/uploads\/2024\/10\/unnamed-53.jpg\" alt=\"\" class=\"wp-image-30440\" style=\"width:539px;height:auto\" srcset=\"https:\/\/www.grupomedcof.com.br\/blog\/wp-content\/uploads\/2024\/10\/unnamed-53.jpg 735w, https:\/\/www.grupomedcof.com.br\/blog\/wp-content\/uploads\/2024\/10\/unnamed-53-300x199.jpg 300w, https:\/\/www.grupomedcof.com.br\/blog\/wp-content\/uploads\/2024\/10\/unnamed-53-633x420.jpg 633w, https:\/\/www.grupomedcof.com.br\/blog\/wp-content\/uploads\/2024\/10\/unnamed-53-150x100.jpg 150w, https:\/\/www.grupomedcof.com.br\/blog\/wp-content\/uploads\/2024\/10\/unnamed-53-696x462.jpg 696w\" sizes=\"auto, (max-width: 735px) 100vw, 735px\" \/><figcaption class=\"wp-element-caption\">Refer\u00eancias: Science Photo Library https:\/\/pin.it\/4oowYGxaO&nbsp;<br><\/figcaption><\/figure>\n<\/div>\n\n\n<p>&nbsp;A avalia\u00e7\u00e3o da condi\u00e7\u00e3o do beb\u00ea \u00e9 feita pela observa\u00e7\u00e3o&nbsp; do HMG, da fun\u00e7\u00e3o hep\u00e1tica, radiografia dos ossos longos, fundoscopia, audiometria, neuroimagem, LCR e ecocardiograma. Para essa infec\u00e7\u00e3o, o diagn\u00f3stico \u00e9 confirmado por IgM, PCR ou isolamento viral. Ainda n\u00e3o existe um tratamento espec\u00edfico, mas o beb\u00ea \u00e9 direcionado a seguimento com especialistas. Ainda assim, a preven\u00e7\u00e3o \u00e9 feita pela vacina\u00e7\u00e3o materna (tr\u00edplice viral).<\/p>\n\n\n\n<h4 class=\"wp-block-heading\" id=\"h-herpes-simples\"><strong>Herpes simples<\/strong><\/h4>\n\n\n\n<p>Sendo causada por dois tipos de v\u00edrus (HS1 e HS2), essa infec\u00e7\u00e3o pode ser transmitida por les\u00f5es no canal de parto. Quando doente, o beb\u00ea apresenta caracter\u00edsticas da doen\u00e7a mucocut\u00e2nea: les\u00f5es cut\u00e2neas, orais, vesiculares e conjuntivite; acometimento de SNC; meningoencefalite; convuls\u00f5es e letargia. A investiga\u00e7\u00e3o envolve swab de conjuntiva, boca, nasofaringe e \u00e2nus, PCR viral do sangue e LCR (se houver hist\u00f3rico de infec\u00e7\u00f5es). Por fim, o tratamento \u00e9 feito com Aciclovir.&nbsp;<\/p>\n\n\n<div class=\"wp-block-image\">\n<figure class=\"aligncenter size-full is-resized\"><img loading=\"lazy\" decoding=\"async\" width=\"840\" height=\"560\" src=\"https:\/\/www.grupomedcof.com.br\/blog\/wp-content\/uploads\/2024\/10\/unnamed-54.jpg\" alt=\"\" class=\"wp-image-30441\" style=\"width:486px;height:auto\" srcset=\"https:\/\/www.grupomedcof.com.br\/blog\/wp-content\/uploads\/2024\/10\/unnamed-54.jpg 840w, https:\/\/www.grupomedcof.com.br\/blog\/wp-content\/uploads\/2024\/10\/unnamed-54-300x200.jpg 300w, https:\/\/www.grupomedcof.com.br\/blog\/wp-content\/uploads\/2024\/10\/unnamed-54-768x512.jpg 768w, https:\/\/www.grupomedcof.com.br\/blog\/wp-content\/uploads\/2024\/10\/unnamed-54-630x420.jpg 630w, https:\/\/www.grupomedcof.com.br\/blog\/wp-content\/uploads\/2024\/10\/unnamed-54-150x100.jpg 150w, https:\/\/www.grupomedcof.com.br\/blog\/wp-content\/uploads\/2024\/10\/unnamed-54-696x464.jpg 696w\" sizes=\"auto, (max-width: 840px) 100vw, 840px\" \/><figcaption class=\"wp-element-caption\">Refer\u00eancias: revista Metr\u00f3poles<\/figcaption><\/figure>\n<\/div>\n\n\n<h4 class=\"wp-block-heading\" id=\"h-zika-virus\"><strong>Zika V\u00edrus<\/strong><\/h4>\n\n\n\n<p>Como o nome j\u00e1 explicita, \u00e9 um v\u00edrus. Ele pode ser transmitido via transplacentaria para o beb\u00ea, enquanto a m\u00e3e foi infectada pela picada do A. aegypti ou em rela\u00e7\u00f5es sexuais. O quadro cl\u00ednico cl\u00ednico \u00e9 a microcefalia com despropor\u00e7\u00e3o facial, mas podemos citar tamb\u00e9m a artrogripose (articula\u00e7\u00f5es r\u00edgidas), hipertonia, hiperreflexia e calcifica\u00e7\u00f5es intracranianas.<\/p>\n\n\n<div class=\"wp-block-image\">\n<figure class=\"aligncenter size-full\"><img loading=\"lazy\" decoding=\"async\" width=\"352\" height=\"352\" src=\"https:\/\/www.grupomedcof.com.br\/blog\/wp-content\/uploads\/2024\/10\/unnamed-55.jpg\" alt=\"\" class=\"wp-image-30442\" srcset=\"https:\/\/www.grupomedcof.com.br\/blog\/wp-content\/uploads\/2024\/10\/unnamed-55.jpg 352w, https:\/\/www.grupomedcof.com.br\/blog\/wp-content\/uploads\/2024\/10\/unnamed-55-300x300.jpg 300w, https:\/\/www.grupomedcof.com.br\/blog\/wp-content\/uploads\/2024\/10\/unnamed-55-150x150.jpg 150w, https:\/\/www.grupomedcof.com.br\/blog\/wp-content\/uploads\/2024\/10\/unnamed-55-96x96.jpg 96w\" sizes=\"auto, (max-width: 352px) 100vw, 352px\" \/><figcaption class=\"wp-element-caption\">Refer\u00eancia: Blog DW<\/figcaption><\/figure>\n<\/div>\n\n\n<p>A avalia\u00e7\u00e3o do beb\u00ea ocorre, principalmente, pelo controle do per\u00edmetro cef\u00e1lico nas primeiras 48 horas de vida (microcefalia se o escore Z for menor que -2), exame neurol\u00f3gico completo e por fim, a notifica\u00e7\u00e3o da suspeita! Os exames mais usados s\u00e3o por imagem (USTF e TC) e fundoscopia. Devido a gravidade, o diagn\u00f3stico \u00e9 facilitado por v\u00e1rios tipos de exame, como o exame r\u00e1pido, sorologia, ELISA Igm e IgG e o padr\u00e3o ouro: RT-qPCR.&nbsp;<\/p>\n\n\n\n<h2 class=\"wp-block-heading\" id=\"prepare-se-conosco\"><span class=\"ez-toc-section\" id=\"Prepare-se_conosco\"><\/span><strong>Prepare-se conosco!<\/strong><span class=\"ez-toc-section-end\"><\/span><\/h2>\n\n\n\n<p>Quer se preparar para as provas de resid\u00eancia m\u00e9dica de 2025? Ent\u00e3o prepare-se com o&nbsp;<a href=\"https:\/\/www.grupomedcof.com.br\/home\/\" target=\"_blank\" rel=\"noreferrer noopener\">Grupo MedCof<\/a>&nbsp;e confira o v\u00eddeo no qual nossos especialistas tiram d\u00favidas sobre as&nbsp;<a href=\"https:\/\/www.grupomedcof.com.br\/blog\/presenca-da-medcof-nas-aprovacoes-em-residencia-medica-no-brasil\/\" target=\"_blank\" rel=\"noreferrer noopener\">principais resid\u00eancias!<\/a><\/p>\n\n\n\n<figure class=\"wp-block-embed is-type-video is-provider-youtube wp-block-embed-youtube wp-embed-aspect-16-9 wp-has-aspect-ratio\"><div class=\"wp-block-embed__wrapper\">\n<div class=\"youtube-embed\" data-video_id=\"p80WJiJ0QHk\"><iframe loading=\"lazy\" title=\"Pediatria - TEP 2024 - Revis\u00e3o de v\u00e9spera\" width=\"696\" height=\"392\" src=\"https:\/\/www.youtube.com\/embed\/p80WJiJ0QHk?feature=oembed&#038;enablejsapi=1\" frameborder=\"0\" allow=\"accelerometer; autoplay; clipboard-write; encrypted-media; gyroscope; picture-in-picture; web-share\" referrerpolicy=\"strict-origin-when-cross-origin\" allowfullscreen><\/iframe><\/div>\n<\/div><\/figure>\n","protected":false},"excerpt":{"rendered":"<p>Esse tipo de infec\u00e7\u00e3o \u00e9 adquirida intrauterinamente ou durante o trabalho de parto (perinatais) pelo beb\u00ea. Veja!<\/p>\n","protected":false},"author":21,"featured_media":30493,"comment_status":"open","ping_status":"open","sticky":false,"template":"","format":"standard","meta":{"footnotes":""},"categories":[120],"tags":[2141,1452,117,68,2139,1943,2140],"ppma_author":[3617],"class_list":{"0":"post-30436","1":"post","2":"type-post","3":"status-publish","4":"format-standard","5":"has-post-thumbnail","7":"category-pediatria","8":"tag-hespes-simples","9":"tag-provas","10":"tag-provas-de-residencia","11":"tag-residencia-medica","12":"tag-sifils","13":"tag-toxoplasmose","14":"tag-zika-virus"},"yoast_head":"<!-- This site is optimized with the Yoast SEO Premium plugin v24.3 (Yoast SEO v27.4) - https:\/\/yoast.com\/product\/yoast-seo-premium-wordpress\/ -->\n<title>Saiba quais as infec\u00e7\u00f5es cong\u00eanitas mais caem nas provas de resid\u00eancia - Blog de Medcof: conte\u00fados, editais, revalida e mais!<\/title>\n<meta name=\"description\" content=\"Esse tipo de infec\u00e7\u00e3o \u00e9 adquirida intrauterinamente ou durante o trabalho de parto (perinatais) pelo beb\u00ea. Veja!\" \/>\n<meta name=\"robots\" content=\"index, follow, max-snippet:-1, max-image-preview:large, max-video-preview:-1\" \/>\n<link rel=\"canonical\" href=\"https:\/\/www.grupomedcof.com.br\/blog\/saiba-quais-as-infeccoes-congenitas-que-mais-caem-nas-provas-de-residencia\/\" \/>\n<meta property=\"og:locale\" content=\"pt_BR\" \/>\n<meta property=\"og:type\" content=\"article\" \/>\n<meta property=\"og:title\" content=\"Saiba quais as infec\u00e7\u00f5es cong\u00eanitas mais caem nas provas de resid\u00eancia\" \/>\n<meta property=\"og:description\" content=\"Esse tipo de infec\u00e7\u00e3o \u00e9 adquirida intrauterinamente ou durante o trabalho de parto (perinatais) pelo beb\u00ea. Veja!\" \/>\n<meta property=\"og:url\" content=\"https:\/\/www.grupomedcof.com.br\/blog\/saiba-quais-as-infeccoes-congenitas-que-mais-caem-nas-provas-de-residencia\/\" \/>\n<meta property=\"og:site_name\" content=\"Blog de Medcof: conte\u00fados, editais, revalida e mais!\" \/>\n<meta property=\"article:publisher\" content=\"https:\/\/www.facebook.com\/MedCofQbank\/\" \/>\n<meta property=\"article:published_time\" content=\"2024-10-09T19:00:00+00:00\" \/>\n<meta property=\"article:modified_time\" content=\"2024-10-10T10:59:53+00:00\" \/>\n<meta property=\"og:image\" content=\"https:\/\/www.grupomedcof.com.br\/blog\/wp-content\/uploads\/2024\/10\/Blog-MedCof-1024x576.png\" \/>\n\t<meta property=\"og:image:width\" content=\"1024\" \/>\n\t<meta property=\"og:image:height\" content=\"576\" \/>\n\t<meta property=\"og:image:type\" content=\"image\/png\" \/>\n<meta name=\"author\" content=\"Kiara Adelino\" \/>\n<meta name=\"twitter:card\" content=\"summary_large_image\" \/>\n<meta name=\"twitter:label1\" content=\"Escrito por\" \/>\n\t<meta name=\"twitter:data1\" content=\"Kiara Adelino\" \/>\n\t<meta name=\"twitter:label2\" content=\"Est. tempo de leitura\" \/>\n\t<meta name=\"twitter:data2\" content=\"7 minutos\" \/>\n<script type=\"application\/ld+json\" class=\"yoast-schema-graph\">{\"@context\":\"https:\\\/\\\/schema.org\",\"@graph\":[{\"@type\":\"Article\",\"@id\":\"https:\\\/\\\/www.grupomedcof.com.br\\\/blog\\\/saiba-quais-as-infeccoes-congenitas-que-mais-caem-nas-provas-de-residencia\\\/#article\",\"isPartOf\":{\"@id\":\"https:\\\/\\\/www.grupomedcof.com.br\\\/blog\\\/saiba-quais-as-infeccoes-congenitas-que-mais-caem-nas-provas-de-residencia\\\/\"},\"author\":{\"name\":\"Kiara Adelino\",\"@id\":\"https:\\\/\\\/www.grupomedcof.com.br\\\/blog\\\/#\\\/schema\\\/person\\\/db19a651f86c5fc202d6eee744fd3292\"},\"headline\":\"Saiba quais as infec\u00e7\u00f5es cong\u00eanitas mais caem nas provas de resid\u00eancia\",\"datePublished\":\"2024-10-09T19:00:00+00:00\",\"dateModified\":\"2024-10-10T10:59:53+00:00\",\"mainEntityOfPage\":{\"@id\":\"https:\\\/\\\/www.grupomedcof.com.br\\\/blog\\\/saiba-quais-as-infeccoes-congenitas-que-mais-caem-nas-provas-de-residencia\\\/\"},\"wordCount\":1046,\"commentCount\":0,\"publisher\":{\"@id\":\"https:\\\/\\\/www.grupomedcof.com.br\\\/blog\\\/#organization\"},\"image\":{\"@id\":\"https:\\\/\\\/www.grupomedcof.com.br\\\/blog\\\/saiba-quais-as-infeccoes-congenitas-que-mais-caem-nas-provas-de-residencia\\\/#primaryimage\"},\"thumbnailUrl\":\"https:\\\/\\\/www.grupomedcof.com.br\\\/blog\\\/wp-content\\\/uploads\\\/2024\\\/10\\\/Blog-MedCof.png\",\"keywords\":[\"Hespes Simples\",\"Provas\",\"Provas de Resid\u00eancia\",\"Resid\u00eancia M\u00e9dica\",\"S\u00edfils\",\"Toxoplasmose\",\"Zika V\u00edrus\"],\"articleSection\":[\"Pediatria\"],\"inLanguage\":\"pt-BR\"},{\"@type\":\"WebPage\",\"@id\":\"https:\\\/\\\/www.grupomedcof.com.br\\\/blog\\\/saiba-quais-as-infeccoes-congenitas-que-mais-caem-nas-provas-de-residencia\\\/\",\"url\":\"https:\\\/\\\/www.grupomedcof.com.br\\\/blog\\\/saiba-quais-as-infeccoes-congenitas-que-mais-caem-nas-provas-de-residencia\\\/\",\"name\":\"Saiba quais as infec\u00e7\u00f5es cong\u00eanitas mais caem nas provas de resid\u00eancia - Blog de Medcof: conte\u00fados, editais, revalida e mais!\",\"isPartOf\":{\"@id\":\"https:\\\/\\\/www.grupomedcof.com.br\\\/blog\\\/#website\"},\"primaryImageOfPage\":{\"@id\":\"https:\\\/\\\/www.grupomedcof.com.br\\\/blog\\\/saiba-quais-as-infeccoes-congenitas-que-mais-caem-nas-provas-de-residencia\\\/#primaryimage\"},\"image\":{\"@id\":\"https:\\\/\\\/www.grupomedcof.com.br\\\/blog\\\/saiba-quais-as-infeccoes-congenitas-que-mais-caem-nas-provas-de-residencia\\\/#primaryimage\"},\"thumbnailUrl\":\"https:\\\/\\\/www.grupomedcof.com.br\\\/blog\\\/wp-content\\\/uploads\\\/2024\\\/10\\\/Blog-MedCof.png\",\"datePublished\":\"2024-10-09T19:00:00+00:00\",\"dateModified\":\"2024-10-10T10:59:53+00:00\",\"description\":\"Esse tipo de infec\u00e7\u00e3o \u00e9 adquirida intrauterinamente ou durante o trabalho de parto (perinatais) pelo beb\u00ea. Veja!\",\"breadcrumb\":{\"@id\":\"https:\\\/\\\/www.grupomedcof.com.br\\\/blog\\\/saiba-quais-as-infeccoes-congenitas-que-mais-caem-nas-provas-de-residencia\\\/#breadcrumb\"},\"inLanguage\":\"pt-BR\",\"potentialAction\":[{\"@type\":\"ReadAction\",\"target\":[\"https:\\\/\\\/www.grupomedcof.com.br\\\/blog\\\/saiba-quais-as-infeccoes-congenitas-que-mais-caem-nas-provas-de-residencia\\\/\"]}]},{\"@type\":\"ImageObject\",\"inLanguage\":\"pt-BR\",\"@id\":\"https:\\\/\\\/www.grupomedcof.com.br\\\/blog\\\/saiba-quais-as-infeccoes-congenitas-que-mais-caem-nas-provas-de-residencia\\\/#primaryimage\",\"url\":\"https:\\\/\\\/www.grupomedcof.com.br\\\/blog\\\/wp-content\\\/uploads\\\/2024\\\/10\\\/Blog-MedCof.png\",\"contentUrl\":\"https:\\\/\\\/www.grupomedcof.com.br\\\/blog\\\/wp-content\\\/uploads\\\/2024\\\/10\\\/Blog-MedCof.png\",\"width\":2560,\"height\":1440},{\"@type\":\"BreadcrumbList\",\"@id\":\"https:\\\/\\\/www.grupomedcof.com.br\\\/blog\\\/saiba-quais-as-infeccoes-congenitas-que-mais-caem-nas-provas-de-residencia\\\/#breadcrumb\",\"itemListElement\":[{\"@type\":\"ListItem\",\"position\":1,\"name\":\"In\u00edcio\",\"item\":\"https:\\\/\\\/www.grupomedcof.com.br\\\/blog\\\/\"},{\"@type\":\"ListItem\",\"position\":2,\"name\":\"Saiba quais as infec\u00e7\u00f5es cong\u00eanitas mais caem nas provas de resid\u00eancia\"}]},{\"@type\":\"WebSite\",\"@id\":\"https:\\\/\\\/www.grupomedcof.com.br\\\/blog\\\/#website\",\"url\":\"https:\\\/\\\/www.grupomedcof.com.br\\\/blog\\\/\",\"name\":\"Blog de Medcof: conte\u00fados, editais, revalida e mais!\",\"description\":\"Acesso o blog de MedCof! Seu portal de conte\u00fados sobre resid\u00eancia m\u00e9dica, an\u00e1lise e editais e muito mais. Clique e confira!\",\"publisher\":{\"@id\":\"https:\\\/\\\/www.grupomedcof.com.br\\\/blog\\\/#organization\"},\"alternateName\":\"Blog de Medcof: conte\u00fados, editais, revalida e mais!\",\"potentialAction\":[{\"@type\":\"SearchAction\",\"target\":{\"@type\":\"EntryPoint\",\"urlTemplate\":\"https:\\\/\\\/www.grupomedcof.com.br\\\/blog\\\/?s={search_term_string}\"},\"query-input\":{\"@type\":\"PropertyValueSpecification\",\"valueRequired\":true,\"valueName\":\"search_term_string\"}}],\"inLanguage\":\"pt-BR\"},{\"@type\":\"Organization\",\"@id\":\"https:\\\/\\\/www.grupomedcof.com.br\\\/blog\\\/#organization\",\"name\":\"Grupo MedCof\",\"url\":\"https:\\\/\\\/www.grupomedcof.com.br\\\/blog\\\/\",\"logo\":{\"@type\":\"ImageObject\",\"inLanguage\":\"pt-BR\",\"@id\":\"https:\\\/\\\/www.grupomedcof.com.br\\\/blog\\\/#\\\/schema\\\/logo\\\/image\\\/\",\"url\":\"https:\\\/\\\/www.grupomedcof.com.br\\\/blog\\\/wp-content\\\/uploads\\\/2022\\\/01\\\/logo-medcof.png\",\"contentUrl\":\"https:\\\/\\\/www.grupomedcof.com.br\\\/blog\\\/wp-content\\\/uploads\\\/2022\\\/01\\\/logo-medcof.png\",\"width\":768,\"height\":269,\"caption\":\"Grupo MedCof\"},\"image\":{\"@id\":\"https:\\\/\\\/www.grupomedcof.com.br\\\/blog\\\/#\\\/schema\\\/logo\\\/image\\\/\"},\"sameAs\":[\"https:\\\/\\\/www.facebook.com\\\/MedCofQbank\\\/\",\"https:\\\/\\\/www.instagram.com\\\/grupomedcof\\\/\",\"https:\\\/\\\/br.linkedin.com\\\/company\\\/medcof\",\"https:\\\/\\\/www.youtube.com\\\/channel\\\/UCdHMuOHKICxcHwecxN8P-AA\"]},{\"@type\":\"Person\",\"@id\":\"https:\\\/\\\/www.grupomedcof.com.br\\\/blog\\\/#\\\/schema\\\/person\\\/db19a651f86c5fc202d6eee744fd3292\",\"name\":\"Kiara Adelino\",\"image\":{\"@type\":\"ImageObject\",\"inLanguage\":\"pt-BR\",\"@id\":\"https:\\\/\\\/www.grupomedcof.com.br\\\/blog\\\/wp-content\\\/uploads\\\/2024\\\/08\\\/cropped-Kiara-Adelino2-96x96.jpega85663bdda67261f8f06f86e555e1e49\",\"url\":\"https:\\\/\\\/www.grupomedcof.com.br\\\/blog\\\/wp-content\\\/uploads\\\/2024\\\/08\\\/cropped-Kiara-Adelino2-96x96.jpeg\",\"contentUrl\":\"https:\\\/\\\/www.grupomedcof.com.br\\\/blog\\\/wp-content\\\/uploads\\\/2024\\\/08\\\/cropped-Kiara-Adelino2-96x96.jpeg\",\"caption\":\"Kiara Adelino\"},\"description\":\"Estudante do 5\u00b0 semestre de Medicina. Gosto bastante de aprender coisas novas, principalmente na \u00e1rea de Neurologia e Anatomia humana.\",\"url\":\"https:\\\/\\\/www.grupomedcof.com.br\\\/blog\\\/author\\\/kiara-adelino\\\/\"}]}<\/script>\n<!-- \/ Yoast SEO Premium plugin. -->","yoast_head_json":{"title":"Saiba quais as infec\u00e7\u00f5es cong\u00eanitas mais caem nas provas de resid\u00eancia - Blog de Medcof: conte\u00fados, editais, revalida e mais!","description":"Esse tipo de infec\u00e7\u00e3o \u00e9 adquirida intrauterinamente ou durante o trabalho de parto (perinatais) pelo beb\u00ea. Veja!","robots":{"index":"index","follow":"follow","max-snippet":"max-snippet:-1","max-image-preview":"max-image-preview:large","max-video-preview":"max-video-preview:-1"},"canonical":"https:\/\/www.grupomedcof.com.br\/blog\/saiba-quais-as-infeccoes-congenitas-que-mais-caem-nas-provas-de-residencia\/","og_locale":"pt_BR","og_type":"article","og_title":"Saiba quais as infec\u00e7\u00f5es cong\u00eanitas mais caem nas provas de resid\u00eancia","og_description":"Esse tipo de infec\u00e7\u00e3o \u00e9 adquirida intrauterinamente ou durante o trabalho de parto (perinatais) pelo beb\u00ea. Veja!","og_url":"https:\/\/www.grupomedcof.com.br\/blog\/saiba-quais-as-infeccoes-congenitas-que-mais-caem-nas-provas-de-residencia\/","og_site_name":"Blog de Medcof: conte\u00fados, editais, revalida e mais!","article_publisher":"https:\/\/www.facebook.com\/MedCofQbank\/","article_published_time":"2024-10-09T19:00:00+00:00","article_modified_time":"2024-10-10T10:59:53+00:00","og_image":[{"width":1024,"height":576,"url":"https:\/\/www.grupomedcof.com.br\/blog\/wp-content\/uploads\/2024\/10\/Blog-MedCof-1024x576.png","type":"image\/png"}],"author":"Kiara Adelino","twitter_card":"summary_large_image","twitter_misc":{"Escrito por":"Kiara Adelino","Est. tempo de leitura":"7 minutos"},"schema":{"@context":"https:\/\/schema.org","@graph":[{"@type":"Article","@id":"https:\/\/www.grupomedcof.com.br\/blog\/saiba-quais-as-infeccoes-congenitas-que-mais-caem-nas-provas-de-residencia\/#article","isPartOf":{"@id":"https:\/\/www.grupomedcof.com.br\/blog\/saiba-quais-as-infeccoes-congenitas-que-mais-caem-nas-provas-de-residencia\/"},"author":{"name":"Kiara Adelino","@id":"https:\/\/www.grupomedcof.com.br\/blog\/#\/schema\/person\/db19a651f86c5fc202d6eee744fd3292"},"headline":"Saiba quais as infec\u00e7\u00f5es cong\u00eanitas mais caem nas provas de resid\u00eancia","datePublished":"2024-10-09T19:00:00+00:00","dateModified":"2024-10-10T10:59:53+00:00","mainEntityOfPage":{"@id":"https:\/\/www.grupomedcof.com.br\/blog\/saiba-quais-as-infeccoes-congenitas-que-mais-caem-nas-provas-de-residencia\/"},"wordCount":1046,"commentCount":0,"publisher":{"@id":"https:\/\/www.grupomedcof.com.br\/blog\/#organization"},"image":{"@id":"https:\/\/www.grupomedcof.com.br\/blog\/saiba-quais-as-infeccoes-congenitas-que-mais-caem-nas-provas-de-residencia\/#primaryimage"},"thumbnailUrl":"https:\/\/www.grupomedcof.com.br\/blog\/wp-content\/uploads\/2024\/10\/Blog-MedCof.png","keywords":["Hespes Simples","Provas","Provas de Resid\u00eancia","Resid\u00eancia M\u00e9dica","S\u00edfils","Toxoplasmose","Zika V\u00edrus"],"articleSection":["Pediatria"],"inLanguage":"pt-BR"},{"@type":"WebPage","@id":"https:\/\/www.grupomedcof.com.br\/blog\/saiba-quais-as-infeccoes-congenitas-que-mais-caem-nas-provas-de-residencia\/","url":"https:\/\/www.grupomedcof.com.br\/blog\/saiba-quais-as-infeccoes-congenitas-que-mais-caem-nas-provas-de-residencia\/","name":"Saiba quais as infec\u00e7\u00f5es cong\u00eanitas mais caem nas provas de resid\u00eancia - Blog de Medcof: conte\u00fados, editais, revalida e mais!","isPartOf":{"@id":"https:\/\/www.grupomedcof.com.br\/blog\/#website"},"primaryImageOfPage":{"@id":"https:\/\/www.grupomedcof.com.br\/blog\/saiba-quais-as-infeccoes-congenitas-que-mais-caem-nas-provas-de-residencia\/#primaryimage"},"image":{"@id":"https:\/\/www.grupomedcof.com.br\/blog\/saiba-quais-as-infeccoes-congenitas-que-mais-caem-nas-provas-de-residencia\/#primaryimage"},"thumbnailUrl":"https:\/\/www.grupomedcof.com.br\/blog\/wp-content\/uploads\/2024\/10\/Blog-MedCof.png","datePublished":"2024-10-09T19:00:00+00:00","dateModified":"2024-10-10T10:59:53+00:00","description":"Esse tipo de infec\u00e7\u00e3o \u00e9 adquirida intrauterinamente ou durante o trabalho de parto (perinatais) pelo beb\u00ea. Veja!","breadcrumb":{"@id":"https:\/\/www.grupomedcof.com.br\/blog\/saiba-quais-as-infeccoes-congenitas-que-mais-caem-nas-provas-de-residencia\/#breadcrumb"},"inLanguage":"pt-BR","potentialAction":[{"@type":"ReadAction","target":["https:\/\/www.grupomedcof.com.br\/blog\/saiba-quais-as-infeccoes-congenitas-que-mais-caem-nas-provas-de-residencia\/"]}]},{"@type":"ImageObject","inLanguage":"pt-BR","@id":"https:\/\/www.grupomedcof.com.br\/blog\/saiba-quais-as-infeccoes-congenitas-que-mais-caem-nas-provas-de-residencia\/#primaryimage","url":"https:\/\/www.grupomedcof.com.br\/blog\/wp-content\/uploads\/2024\/10\/Blog-MedCof.png","contentUrl":"https:\/\/www.grupomedcof.com.br\/blog\/wp-content\/uploads\/2024\/10\/Blog-MedCof.png","width":2560,"height":1440},{"@type":"BreadcrumbList","@id":"https:\/\/www.grupomedcof.com.br\/blog\/saiba-quais-as-infeccoes-congenitas-que-mais-caem-nas-provas-de-residencia\/#breadcrumb","itemListElement":[{"@type":"ListItem","position":1,"name":"In\u00edcio","item":"https:\/\/www.grupomedcof.com.br\/blog\/"},{"@type":"ListItem","position":2,"name":"Saiba quais as infec\u00e7\u00f5es cong\u00eanitas mais caem nas provas de resid\u00eancia"}]},{"@type":"WebSite","@id":"https:\/\/www.grupomedcof.com.br\/blog\/#website","url":"https:\/\/www.grupomedcof.com.br\/blog\/","name":"Blog de Medcof: conte\u00fados, editais, revalida e mais!","description":"Acesso o blog de MedCof! Seu portal de conte\u00fados sobre resid\u00eancia m\u00e9dica, an\u00e1lise e editais e muito mais. Clique e confira!","publisher":{"@id":"https:\/\/www.grupomedcof.com.br\/blog\/#organization"},"alternateName":"Blog de Medcof: conte\u00fados, editais, revalida e mais!","potentialAction":[{"@type":"SearchAction","target":{"@type":"EntryPoint","urlTemplate":"https:\/\/www.grupomedcof.com.br\/blog\/?s={search_term_string}"},"query-input":{"@type":"PropertyValueSpecification","valueRequired":true,"valueName":"search_term_string"}}],"inLanguage":"pt-BR"},{"@type":"Organization","@id":"https:\/\/www.grupomedcof.com.br\/blog\/#organization","name":"Grupo MedCof","url":"https:\/\/www.grupomedcof.com.br\/blog\/","logo":{"@type":"ImageObject","inLanguage":"pt-BR","@id":"https:\/\/www.grupomedcof.com.br\/blog\/#\/schema\/logo\/image\/","url":"https:\/\/www.grupomedcof.com.br\/blog\/wp-content\/uploads\/2022\/01\/logo-medcof.png","contentUrl":"https:\/\/www.grupomedcof.com.br\/blog\/wp-content\/uploads\/2022\/01\/logo-medcof.png","width":768,"height":269,"caption":"Grupo MedCof"},"image":{"@id":"https:\/\/www.grupomedcof.com.br\/blog\/#\/schema\/logo\/image\/"},"sameAs":["https:\/\/www.facebook.com\/MedCofQbank\/","https:\/\/www.instagram.com\/grupomedcof\/","https:\/\/br.linkedin.com\/company\/medcof","https:\/\/www.youtube.com\/channel\/UCdHMuOHKICxcHwecxN8P-AA"]},{"@type":"Person","@id":"https:\/\/www.grupomedcof.com.br\/blog\/#\/schema\/person\/db19a651f86c5fc202d6eee744fd3292","name":"Kiara Adelino","image":{"@type":"ImageObject","inLanguage":"pt-BR","@id":"https:\/\/www.grupomedcof.com.br\/blog\/wp-content\/uploads\/2024\/08\/cropped-Kiara-Adelino2-96x96.jpega85663bdda67261f8f06f86e555e1e49","url":"https:\/\/www.grupomedcof.com.br\/blog\/wp-content\/uploads\/2024\/08\/cropped-Kiara-Adelino2-96x96.jpeg","contentUrl":"https:\/\/www.grupomedcof.com.br\/blog\/wp-content\/uploads\/2024\/08\/cropped-Kiara-Adelino2-96x96.jpeg","caption":"Kiara Adelino"},"description":"Estudante do 5\u00b0 semestre de Medicina. Gosto bastante de aprender coisas novas, principalmente na \u00e1rea de Neurologia e Anatomia humana.","url":"https:\/\/www.grupomedcof.com.br\/blog\/author\/kiara-adelino\/"}]}},"authors":[{"term_id":3617,"user_id":21,"is_guest":0,"slug":"kiara-adelino","display_name":"Kiara Adelino","avatar_url":"https:\/\/www.grupomedcof.com.br\/blog\/wp-content\/uploads\/2024\/08\/cropped-Kiara-Adelino2-96x96.jpeg","0":null,"1":"","2":"","3":"","4":"","5":"","6":"","7":"","8":""}],"_links":{"self":[{"href":"https:\/\/www.grupomedcof.com.br\/blog\/wp-json\/wp\/v2\/posts\/30436","targetHints":{"allow":["GET"]}}],"collection":[{"href":"https:\/\/www.grupomedcof.com.br\/blog\/wp-json\/wp\/v2\/posts"}],"about":[{"href":"https:\/\/www.grupomedcof.com.br\/blog\/wp-json\/wp\/v2\/types\/post"}],"author":[{"embeddable":true,"href":"https:\/\/www.grupomedcof.com.br\/blog\/wp-json\/wp\/v2\/users\/21"}],"replies":[{"embeddable":true,"href":"https:\/\/www.grupomedcof.com.br\/blog\/wp-json\/wp\/v2\/comments?post=30436"}],"version-history":[{"count":0,"href":"https:\/\/www.grupomedcof.com.br\/blog\/wp-json\/wp\/v2\/posts\/30436\/revisions"}],"wp:featuredmedia":[{"embeddable":true,"href":"https:\/\/www.grupomedcof.com.br\/blog\/wp-json\/wp\/v2\/media\/30493"}],"wp:attachment":[{"href":"https:\/\/www.grupomedcof.com.br\/blog\/wp-json\/wp\/v2\/media?parent=30436"}],"wp:term":[{"taxonomy":"category","embeddable":true,"href":"https:\/\/www.grupomedcof.com.br\/blog\/wp-json\/wp\/v2\/categories?post=30436"},{"taxonomy":"post_tag","embeddable":true,"href":"https:\/\/www.grupomedcof.com.br\/blog\/wp-json\/wp\/v2\/tags?post=30436"},{"taxonomy":"author","embeddable":true,"href":"https:\/\/www.grupomedcof.com.br\/blog\/wp-json\/wp\/v2\/ppma_author?post=30436"}],"curies":[{"name":"wp","href":"https:\/\/api.w.org\/{rel}","templated":true}]}}