{"id":30637,"date":"2024-10-16T13:51:22","date_gmt":"2024-10-16T16:51:22","guid":{"rendered":"https:\/\/www.grupomedcof.com.br\/blog\/?p=30637"},"modified":"2025-12-22T11:51:23","modified_gmt":"2025-12-22T14:51:23","slug":"tumores-anexiais-tipos-sintomatologia-e-conduta-medica","status":"publish","type":"post","link":"https:\/\/www.grupomedcof.com.br\/blog\/tumores-anexiais-tipos-sintomatologia-e-conduta-medica\/","title":{"rendered":"Tumores Anexiais: Tipos, Sintomatologia e Conduta M\u00e9dica"},"content":{"rendered":"<div id=\"ez-toc-container\" class=\"ez-toc-v2_0_74 counter-hierarchy ez-toc-counter ez-toc-transparent ez-toc-container-direction\">\n<div class=\"ez-toc-title-container\">\n<p class=\"ez-toc-title\" style=\"cursor:inherit\">Sum\u00e1rio<\/p>\n<span class=\"ez-toc-title-toggle\"><a href=\"#\" class=\"ez-toc-pull-right ez-toc-btn ez-toc-btn-xs ez-toc-btn-default ez-toc-toggle\" aria-label=\"Alternar tabela de conte\u00fado\"><span class=\"ez-toc-js-icon-con\"><span class=\"\"><span class=\"eztoc-hide\" style=\"display:none;\">Toggle<\/span><span class=\"ez-toc-icon-toggle-span\"><svg style=\"fill: #999;color:#999\" xmlns=\"http:\/\/www.w3.org\/2000\/svg\" class=\"list-377408\" width=\"20px\" height=\"20px\" viewBox=\"0 0 24 24\" fill=\"none\"><path d=\"M6 6H4v2h2V6zm14 0H8v2h12V6zM4 11h2v2H4v-2zm16 0H8v2h12v-2zM4 16h2v2H4v-2zm16 0H8v2h12v-2z\" fill=\"currentColor\"><\/path><\/svg><svg style=\"fill: #999;color:#999\" class=\"arrow-unsorted-368013\" xmlns=\"http:\/\/www.w3.org\/2000\/svg\" width=\"10px\" height=\"10px\" viewBox=\"0 0 24 24\" version=\"1.2\" baseProfile=\"tiny\"><path d=\"M18.2 9.3l-6.2-6.3-6.2 6.3c-.2.2-.3.4-.3.7s.1.5.3.7c.2.2.4.3.7.3h11c.3 0 .5-.1.7-.3.2-.2.3-.5.3-.7s-.1-.5-.3-.7zM5.8 14.7l6.2 6.3 6.2-6.3c.2-.2.3-.5.3-.7s-.1-.5-.3-.7c-.2-.2-.4-.3-.7-.3h-11c-.3 0-.5.1-.7.3-.2.2-.3.5-.3.7s.1.5.3.7z\"\/><\/svg><\/span><\/span><\/span><\/a><\/span><\/div>\n<nav><ul class='ez-toc-list ez-toc-list-level-1 ' ><li class='ez-toc-page-1 ez-toc-heading-level-2'><a class=\"ez-toc-link ez-toc-heading-1\" href=\"https:\/\/www.grupomedcof.com.br\/blog\/tumores-anexiais-tipos-sintomatologia-e-conduta-medica\/#Tipos\" >Tipos<\/a><ul class='ez-toc-list-level-3' ><li class='ez-toc-heading-level-3'><a class=\"ez-toc-link ez-toc-heading-2\" href=\"https:\/\/www.grupomedcof.com.br\/blog\/tumores-anexiais-tipos-sintomatologia-e-conduta-medica\/#Benignos\" >Benignos<\/a><\/li><li class='ez-toc-page-1 ez-toc-heading-level-3'><a class=\"ez-toc-link ez-toc-heading-3\" href=\"https:\/\/www.grupomedcof.com.br\/blog\/tumores-anexiais-tipos-sintomatologia-e-conduta-medica\/#Borderline\" >Borderline<\/a><\/li><li class='ez-toc-page-1 ez-toc-heading-level-3'><a class=\"ez-toc-link ez-toc-heading-4\" href=\"https:\/\/www.grupomedcof.com.br\/blog\/tumores-anexiais-tipos-sintomatologia-e-conduta-medica\/#Malignos\" >Malignos<\/a><\/li><\/ul><\/li><li class='ez-toc-page-1 ez-toc-heading-level-2'><a class=\"ez-toc-link ez-toc-heading-5\" href=\"https:\/\/www.grupomedcof.com.br\/blog\/tumores-anexiais-tipos-sintomatologia-e-conduta-medica\/#Como_estimular_as_chances_de_cancer\" >Como estimular as chances de c\u00e2ncer?<\/a><ul class='ez-toc-list-level-3' ><li class='ez-toc-heading-level-3'><a class=\"ez-toc-link ez-toc-heading-6\" href=\"https:\/\/www.grupomedcof.com.br\/blog\/tumores-anexiais-tipos-sintomatologia-e-conduta-medica\/#Mas_como_reconhecer_na_ultrassonografia\" >Mas como reconhecer na ultrassonografia?&nbsp;<\/a><\/li><\/ul><\/li><li class='ez-toc-page-1 ez-toc-heading-level-2'><a class=\"ez-toc-link ez-toc-heading-7\" href=\"https:\/\/www.grupomedcof.com.br\/blog\/tumores-anexiais-tipos-sintomatologia-e-conduta-medica\/#Qual_conduta_devemos_tomar\" >Qual conduta devemos tomar?&nbsp;<\/a><\/li><li class='ez-toc-page-1 ez-toc-heading-level-2'><a class=\"ez-toc-link ez-toc-heading-8\" href=\"https:\/\/www.grupomedcof.com.br\/blog\/tumores-anexiais-tipos-sintomatologia-e-conduta-medica\/#Prepare-se_conosco\" >Prepare-se conosco!<\/a><\/li><\/ul><\/nav><\/div>\n\n<figure class=\"wp-block-image size-large\"><img loading=\"lazy\" decoding=\"async\" width=\"1024\" height=\"576\" src=\"https:\/\/www.grupomedcof.com.br\/blog\/wp-content\/uploads\/2024\/10\/Blog-MedCof-4-1024x576.png\" alt=\"\" class=\"wp-image-30650\" srcset=\"https:\/\/www.grupomedcof.com.br\/blog\/wp-content\/uploads\/2024\/10\/Blog-MedCof-4-1024x576.png 1024w, https:\/\/www.grupomedcof.com.br\/blog\/wp-content\/uploads\/2024\/10\/Blog-MedCof-4-300x169.png 300w, https:\/\/www.grupomedcof.com.br\/blog\/wp-content\/uploads\/2024\/10\/Blog-MedCof-4-768x432.png 768w, https:\/\/www.grupomedcof.com.br\/blog\/wp-content\/uploads\/2024\/10\/Blog-MedCof-4-1536x864.png 1536w, https:\/\/www.grupomedcof.com.br\/blog\/wp-content\/uploads\/2024\/10\/Blog-MedCof-4-2048x1152.png 2048w, https:\/\/www.grupomedcof.com.br\/blog\/wp-content\/uploads\/2024\/10\/Blog-MedCof-4-747x420.png 747w, https:\/\/www.grupomedcof.com.br\/blog\/wp-content\/uploads\/2024\/10\/Blog-MedCof-4-150x84.png 150w, https:\/\/www.grupomedcof.com.br\/blog\/wp-content\/uploads\/2024\/10\/Blog-MedCof-4-696x392.png 696w, https:\/\/www.grupomedcof.com.br\/blog\/wp-content\/uploads\/2024\/10\/Blog-MedCof-4-1068x601.png 1068w, https:\/\/www.grupomedcof.com.br\/blog\/wp-content\/uploads\/2024\/10\/Blog-MedCof-4-1920x1080.png 1920w\" sizes=\"auto, (max-width: 1024px) 100vw, 1024px\" \/><\/figure>\n\n\n\n<p>Os <strong>tumores anexiais<\/strong> s\u00e3o crescimentos anormais que se formam nas regi\u00f5es pr\u00f3ximas ao \u00fatero, como os ov\u00e1rios e as tubas uterinas. Essas estruturas s\u00e3o chamadas de <strong>anexos<\/strong>. Em todas as 3 linhagens celulares do ov\u00e1rio\u00a0(epitelial, estromal ou germinativa) as les\u00f5es e tumora\u00e7\u00f5es podem aparecer, sendo elas benignas, borderlines ou malignas. <\/p>\n\n\n\n<p>As les\u00f5es funcionais s\u00e3o outras altera\u00e7\u00f5es anexiais que podem ser encontradas nos ov\u00e1rios e confundidas com os tumores, mas n\u00e3o o s\u00e3o (os cistos foliculares normalmente desaparecem sozinhos, os cistos de corpo l\u00fateo podem parecer uma tor\u00e7\u00e3o ovariana e tem conduta conservadora se est\u00e1vel, j\u00e1 os endometriomas s\u00e3o tumora\u00e7\u00f5es de c\u00e9lulas endometriais em locais at\u00edpicos).<\/p>\n\n\n\n<h2 class=\"wp-block-heading\" id=\"h-tipos\"><span class=\"ez-toc-section\" id=\"Tipos\"><\/span><strong>Tipos<\/strong><span class=\"ez-toc-section-end\"><\/span><\/h2>\n\n\n\n<h3 class=\"wp-block-heading\" id=\"h-benignos\"><span class=\"ez-toc-section\" id=\"Benignos\"><\/span><strong>Benignos<\/strong><span class=\"ez-toc-section-end\"><\/span><\/h3>\n\n\n\n<p>Esse tipo de tumor n\u00e3o provoca met\u00e1stase e, conforme a linhagem celular, pode ser dos seguintes tipos:&nbsp;<\/p>\n\n\n\n<ul class=\"wp-block-list\">\n<li>Epitelial: cistoadenoma seroso, mucinoso, endometrioide,&nbsp;<\/li>\n\n\n\n<li>Estromal: tecoma, fibromas,<\/li>\n\n\n\n<li>Germinativa: teratoma, tumor de saco vitel\u00ednico.<\/li>\n<\/ul>\n\n\n\n<h3 class=\"wp-block-heading\" id=\"h-borderline\"><span class=\"ez-toc-section\" id=\"Borderline\"><\/span><strong>Borderline<\/strong><span class=\"ez-toc-section-end\"><\/span><\/h3>\n\n\n\n<p>Nesse, h\u00e1 prolifera\u00e7\u00e3o epitelial at\u00edpica (maior que nos tumores benignos), mas sem destrui\u00e7\u00e3o estromal invasiva (presente nos tumores malignos). Esses s\u00f3 aparecem na linhagem germinativa:&nbsp;&nbsp;<\/p>\n\n\n\n<ul class=\"wp-block-list\">\n<li>Germinativa: Gonadoblastoma.&nbsp;<\/li>\n<\/ul>\n\n\n\n<h3 class=\"wp-block-heading\" id=\"h-malignos\"><span class=\"ez-toc-section\" id=\"Malignos\"><\/span><strong>Malignos<\/strong><span class=\"ez-toc-section-end\"><\/span><\/h3>\n\n\n\n<p>De baixo ou de alto grau, esse tipo pode provocar met\u00e1stase nas seguintes linhagens:<\/p>\n\n\n\n<ul class=\"wp-block-list\">\n<li>Epitelial: adenocarcinoma serosos, mucinosos e endometrioides; c\u00e9lulas claras, transicionais; carcinossarcomas;&nbsp;&nbsp;<\/li>\n\n\n\n<li>Estromal: coriocarcinoma (alto grau), c\u00e9lulas da granulosas (baixo grau);<\/li>\n\n\n\n<li>Germinativa: tumor de saco vitel\u00ednico, seio endod\u00e9rmico.<\/li>\n<\/ul>\n\n\n\n<h2 class=\"wp-block-heading\" id=\"h-como-estimular-as-chances-de-cancer\"><span class=\"ez-toc-section\" id=\"Como_estimular_as_chances_de_cancer\"><\/span><strong>Como estimular as chances de c\u00e2ncer?<\/strong><span class=\"ez-toc-section-end\"><\/span><\/h2>\n\n\n\n<p>Considerando as caracter\u00edsticas achadas nos exames de imagem, nos dados cl\u00ednicos e nos marcadores tumorais, podemos estimar o potencial de malignidade pela IOTA (International Ovarian Tumor Analysis). Os crit\u00e9rios usados s\u00e3o:&nbsp;<\/p>\n\n\n\n<ol class=\"wp-block-list\">\n<li>Descri\u00e7\u00e3o ultrassonogr\u00e1fica detalhada, principalmente com rela\u00e7\u00e3o a presen\u00e7a de septos ou proje\u00e7\u00e3o s\u00f3lida, paredes (regulares ou irregulares) conte\u00fado (anecoicos, ecos em suspens\u00e3o).&nbsp;<\/li>\n\n\n\n<li>Classifica\u00e7\u00e3o com base na presen\u00e7a de septos e \u00e1reas s\u00f3lidas (uniloculares, multiloculares)<\/li>\n\n\n\n<li>Conclus\u00e3o<\/li>\n<\/ol>\n\n\n\n<p>A partir desses crit\u00e9rios, a IOTA tem os seguintes pontos:&nbsp;<\/p>\n\n\n\n<figure class=\"wp-block-table\"><table class=\"has-fixed-layout\"><tbody><tr><td><strong>Classifica\u00e7\u00e3o&nbsp;<\/strong><\/td><td><strong>Risco de Malignidade<\/strong><\/td><\/tr><tr><td>Unilocular<\/td><td>1,3%<\/td><\/tr><tr><td>Multilocular<\/td><td>10,3%<\/td><\/tr><tr><td>Unilocular com proje\u00e7\u00e3o s\u00f3lida&nbsp;<\/td><td>37,1%<\/td><\/tr><tr><td>Multilocular com proje\u00e7\u00e3o s\u00f3lida&nbsp;<\/td><td>43%<\/td><\/tr><tr><td>S\u00f3lido&nbsp;<\/td><td>65,3%<\/td><\/tr><tr><td>N\u00e3o classific\u00e1veis&nbsp;<\/td><td>0%<\/td><\/tr><\/tbody><\/table><\/figure>\n\n\n\n<h3 class=\"wp-block-heading\" id=\"h-mas-como-reconhecer-na-ultrassonografia\"><span class=\"ez-toc-section\" id=\"Mas_como_reconhecer_na_ultrassonografia\"><\/span><strong>Mas como reconhecer na ultrassonografia?&nbsp;<\/strong><span class=\"ez-toc-section-end\"><\/span><\/h3>\n\n\n\n<div class=\"wp-block-group\"><div class=\"wp-block-group__inner-container is-layout-constrained wp-block-group-is-layout-constrained\">\n<p>Alguns achados podem indicar benignidade:<\/p>\n\n\n\n<div class=\"wp-block-columns is-layout-flex wp-container-core-columns-is-layout-9d6595d7 wp-block-columns-is-layout-flex\">\n<div class=\"wp-block-column is-layout-flow wp-block-column-is-layout-flow\">\n<figure class=\"wp-block-image size-full\"><img loading=\"lazy\" decoding=\"async\" width=\"350\" height=\"313\" src=\"https:\/\/www.grupomedcof.com.br\/blog\/wp-content\/uploads\/2024\/10\/unnamed-1.jpg\" alt=\"\" class=\"wp-image-30638\" srcset=\"https:\/\/www.grupomedcof.com.br\/blog\/wp-content\/uploads\/2024\/10\/unnamed-1.jpg 350w, https:\/\/www.grupomedcof.com.br\/blog\/wp-content\/uploads\/2024\/10\/unnamed-1-300x268.jpg 300w, https:\/\/www.grupomedcof.com.br\/blog\/wp-content\/uploads\/2024\/10\/unnamed-1-150x134.jpg 150w\" sizes=\"auto, (max-width: 350px) 100vw, 350px\" \/><figcaption class=\"wp-element-caption\">Cisto Unilocular<\/figcaption><\/figure>\n<\/div>\n\n\n\n<div class=\"wp-block-column is-layout-flow wp-block-column-is-layout-flow\">\n<figure class=\"wp-block-image size-full\"><img loading=\"lazy\" decoding=\"async\" width=\"339\" height=\"317\" src=\"https:\/\/www.grupomedcof.com.br\/blog\/wp-content\/uploads\/2024\/10\/unnamed-2.jpg\" alt=\"\" class=\"wp-image-30639\" srcset=\"https:\/\/www.grupomedcof.com.br\/blog\/wp-content\/uploads\/2024\/10\/unnamed-2.jpg 339w, https:\/\/www.grupomedcof.com.br\/blog\/wp-content\/uploads\/2024\/10\/unnamed-2-300x281.jpg 300w, https:\/\/www.grupomedcof.com.br\/blog\/wp-content\/uploads\/2024\/10\/unnamed-2-150x140.jpg 150w\" sizes=\"auto, (max-width: 339px) 100vw, 339px\" \/><figcaption class=\"wp-element-caption\">Presen\u00e7a de componente s\u00f3lido<\/figcaption><\/figure>\n<\/div>\n<\/div>\n<\/div><\/div>\n\n\n\n<div class=\"wp-block-columns is-layout-flex wp-container-core-columns-is-layout-9d6595d7 wp-block-columns-is-layout-flex\">\n<div class=\"wp-block-column is-layout-flow wp-block-column-is-layout-flow\">\n<figure class=\"wp-block-image size-full is-resized\"><img loading=\"lazy\" decoding=\"async\" width=\"343\" height=\"316\" src=\"https:\/\/www.grupomedcof.com.br\/blog\/wp-content\/uploads\/2024\/10\/unnamed-3.jpg\" alt=\"\" class=\"wp-image-30640\" style=\"width:332px;height:auto\" srcset=\"https:\/\/www.grupomedcof.com.br\/blog\/wp-content\/uploads\/2024\/10\/unnamed-3.jpg 343w, https:\/\/www.grupomedcof.com.br\/blog\/wp-content\/uploads\/2024\/10\/unnamed-3-300x276.jpg 300w, https:\/\/www.grupomedcof.com.br\/blog\/wp-content\/uploads\/2024\/10\/unnamed-3-150x138.jpg 150w\" sizes=\"auto, (max-width: 343px) 100vw, 343px\" \/><figcaption class=\"wp-element-caption\">Presen\u00e7a de sombra ac\u00fastica<\/figcaption><\/figure>\n<\/div>\n\n\n\n<div class=\"wp-block-column is-layout-flow wp-block-column-is-layout-flow\">\n<figure class=\"wp-block-image size-full\"><img loading=\"lazy\" decoding=\"async\" width=\"329\" height=\"307\" src=\"https:\/\/www.grupomedcof.com.br\/blog\/wp-content\/uploads\/2024\/10\/unnamed-4.jpg\" alt=\"\" class=\"wp-image-30641\" srcset=\"https:\/\/www.grupomedcof.com.br\/blog\/wp-content\/uploads\/2024\/10\/unnamed-4.jpg 329w, https:\/\/www.grupomedcof.com.br\/blog\/wp-content\/uploads\/2024\/10\/unnamed-4-300x280.jpg 300w, https:\/\/www.grupomedcof.com.br\/blog\/wp-content\/uploads\/2024\/10\/unnamed-4-150x140.jpg 150w\" sizes=\"auto, (max-width: 329px) 100vw, 329px\" \/><figcaption class=\"wp-element-caption\">Multilocular com paredes lisas<br><\/figcaption><\/figure>\n<\/div>\n<\/div>\n\n\n\n<figure class=\"wp-block-image size-full\"><img loading=\"lazy\" decoding=\"async\" width=\"329\" height=\"318\" src=\"https:\/\/www.grupomedcof.com.br\/blog\/wp-content\/uploads\/2024\/10\/unnamed-5.jpg\" alt=\"\" class=\"wp-image-30642\" srcset=\"https:\/\/www.grupomedcof.com.br\/blog\/wp-content\/uploads\/2024\/10\/unnamed-5.jpg 329w, https:\/\/www.grupomedcof.com.br\/blog\/wp-content\/uploads\/2024\/10\/unnamed-5-300x290.jpg 300w, https:\/\/www.grupomedcof.com.br\/blog\/wp-content\/uploads\/2024\/10\/unnamed-5-150x145.jpg 150w\" sizes=\"auto, (max-width: 329px) 100vw, 329px\" \/><figcaption class=\"wp-element-caption\">Aus\u00eancia de fluxo ao Doppler&nbsp;<\/figcaption><\/figure>\n\n\n\n<p>J\u00e1 outros, nos indicam malignidade, como:<\/p>\n\n\n\n<div class=\"wp-block-columns is-layout-flex wp-container-core-columns-is-layout-9d6595d7 wp-block-columns-is-layout-flex\">\n<div class=\"wp-block-column is-layout-flow wp-block-column-is-layout-flow\">\n<figure class=\"wp-block-image size-full\"><img loading=\"lazy\" decoding=\"async\" width=\"329\" height=\"316\" src=\"https:\/\/www.grupomedcof.com.br\/blog\/wp-content\/uploads\/2024\/10\/unnamed-6.jpg\" alt=\"\" class=\"wp-image-30643\" srcset=\"https:\/\/www.grupomedcof.com.br\/blog\/wp-content\/uploads\/2024\/10\/unnamed-6.jpg 329w, https:\/\/www.grupomedcof.com.br\/blog\/wp-content\/uploads\/2024\/10\/unnamed-6-300x288.jpg 300w, https:\/\/www.grupomedcof.com.br\/blog\/wp-content\/uploads\/2024\/10\/unnamed-6-150x144.jpg 150w\" sizes=\"auto, (max-width: 329px) 100vw, 329px\" \/><figcaption class=\"wp-element-caption\">Tumor s\u00f3lido com paredes irregulares&nbsp;<\/figcaption><\/figure>\n<\/div>\n\n\n\n<div class=\"wp-block-column is-layout-flow wp-block-column-is-layout-flow\">\n<figure class=\"wp-block-image size-full\"><img loading=\"lazy\" decoding=\"async\" width=\"328\" height=\"322\" src=\"https:\/\/www.grupomedcof.com.br\/blog\/wp-content\/uploads\/2024\/10\/unnamed-7.jpg\" alt=\"\" class=\"wp-image-30644\" srcset=\"https:\/\/www.grupomedcof.com.br\/blog\/wp-content\/uploads\/2024\/10\/unnamed-7.jpg 328w, https:\/\/www.grupomedcof.com.br\/blog\/wp-content\/uploads\/2024\/10\/unnamed-7-300x295.jpg 300w, https:\/\/www.grupomedcof.com.br\/blog\/wp-content\/uploads\/2024\/10\/unnamed-7-150x147.jpg 150w\" sizes=\"auto, (max-width: 328px) 100vw, 328px\" \/><figcaption class=\"wp-element-caption\">Presen\u00e7a de ascite<\/figcaption><\/figure>\n<\/div>\n<\/div>\n\n\n\n<figure class=\"wp-block-image size-full\"><img loading=\"lazy\" decoding=\"async\" width=\"322\" height=\"314\" src=\"https:\/\/www.grupomedcof.com.br\/blog\/wp-content\/uploads\/2024\/10\/unnamed-8.jpg\" alt=\"\" class=\"wp-image-30645\" srcset=\"https:\/\/www.grupomedcof.com.br\/blog\/wp-content\/uploads\/2024\/10\/unnamed-8.jpg 322w, https:\/\/www.grupomedcof.com.br\/blog\/wp-content\/uploads\/2024\/10\/unnamed-8-300x293.jpg 300w, https:\/\/www.grupomedcof.com.br\/blog\/wp-content\/uploads\/2024\/10\/unnamed-8-150x146.jpg 150w\" sizes=\"auto, (max-width: 322px) 100vw, 322px\" \/><figcaption class=\"wp-element-caption\">Quatro ou mais proje\u00e7\u00f5es papilares&nbsp;<\/figcaption><\/figure>\n\n\n\n<div class=\"wp-block-columns is-layout-flex wp-container-core-columns-is-layout-9d6595d7 wp-block-columns-is-layout-flex\">\n<div class=\"wp-block-column is-layout-flow wp-block-column-is-layout-flow\">\n<figure class=\"wp-block-image size-full\"><img loading=\"lazy\" decoding=\"async\" width=\"324\" height=\"311\" src=\"https:\/\/www.grupomedcof.com.br\/blog\/wp-content\/uploads\/2024\/10\/unnamed-10.jpg\" alt=\"\" class=\"wp-image-30646\" srcset=\"https:\/\/www.grupomedcof.com.br\/blog\/wp-content\/uploads\/2024\/10\/unnamed-10.jpg 324w, https:\/\/www.grupomedcof.com.br\/blog\/wp-content\/uploads\/2024\/10\/unnamed-10-300x288.jpg 300w, https:\/\/www.grupomedcof.com.br\/blog\/wp-content\/uploads\/2024\/10\/unnamed-10-150x144.jpg 150w\" sizes=\"auto, (max-width: 324px) 100vw, 324px\" \/><figcaption class=\"wp-element-caption\">Tumor multilocular s\u00f3lido, com contornos irregulares e maior di\u00e2metro (maiores com 100 mm).&nbsp;<\/figcaption><\/figure>\n<\/div>\n\n\n\n<div class=\"wp-block-column is-layout-flow wp-block-column-is-layout-flow\">\n<figure class=\"wp-block-image size-full\"><img loading=\"lazy\" decoding=\"async\" width=\"338\" height=\"315\" src=\"https:\/\/www.grupomedcof.com.br\/blog\/wp-content\/uploads\/2024\/10\/unnamed-11.jpg\" alt=\"\" class=\"wp-image-30647\" srcset=\"https:\/\/www.grupomedcof.com.br\/blog\/wp-content\/uploads\/2024\/10\/unnamed-11.jpg 338w, https:\/\/www.grupomedcof.com.br\/blog\/wp-content\/uploads\/2024\/10\/unnamed-11-300x280.jpg 300w, https:\/\/www.grupomedcof.com.br\/blog\/wp-content\/uploads\/2024\/10\/unnamed-11-150x140.jpg 150w\" sizes=\"auto, (max-width: 338px) 100vw, 338px\" \/><figcaption class=\"wp-element-caption\">Vasculariza\u00e7\u00e3o intensa ao Doppler (\u00edndice cor 4)&nbsp;<br>Fonte: Todas as imagens s\u00e3o oriundas do IOTA Group. Simple Rules and SRrisk Calculator &#8211; Diagnose Ovarian Cancer. Dispon\u00edvel em:.Dispon\u00edvel em&nbsp;<br>&lt;https:\/\/www.iotagroup.org\/research\/iota\u2212models\u2212software\/iota\u2212simple\u2212rules\u2212and\u2212srrisk\u2212calculator\u2212diagnose\u2212ovarian\u2212cancer&gt;<\/figcaption><\/figure>\n<\/div>\n<\/div>\n\n\n\n<h2 class=\"wp-block-heading\" id=\"h-qual-conduta-devemos-tomar\"><span class=\"ez-toc-section\" id=\"Qual_conduta_devemos_tomar\"><\/span><strong>Qual conduta devemos tomar?&nbsp;<\/strong><span class=\"ez-toc-section-end\"><\/span><\/h2>\n\n\n\n<p>A abordagem no Pronto Socorro deve excluir a gesta\u00e7\u00e3o, avaliar componentes infecciosos e inflamat\u00f3rios, observar se tem indica\u00e7\u00e3o para abordagem cir\u00fargica de urg\u00eancia (peritonite e choque hemorr\u00e1gico) e avaliar o risco de malignidade em les\u00f5es anexiais. No caso de les\u00f5es benignas, a abordagem cir\u00fargica \u00e9 indicada quando h\u00e1 cistos sintom\u00e1ticos, tumores c\u00edsticos em pr\u00e9-p\u00faberes ou maiores que 5 cm persistentes ou mares que 10 cm, suspei\u00e7\u00e3o de malignidade e tumores associados a CA 125 aumentados.&nbsp;&nbsp;<\/p>\n\n\n\n<h2 class=\"wp-block-heading\" id=\"prepare-se-conosco\"><span class=\"ez-toc-section\" id=\"Prepare-se_conosco\"><\/span><strong>Prepare-se conosco!<\/strong><span class=\"ez-toc-section-end\"><\/span><\/h2>\n\n\n\n<p>Quer se preparar para as provas de resid\u00eancia m\u00e9dica de 2025? Ent\u00e3o prepare-se com o&nbsp;<a href=\"https:\/\/www.grupomedcof.com.br\/home\/\" target=\"_blank\" rel=\"noreferrer noopener\">Grupo MedCof<\/a>&nbsp;e confira o v\u00eddeo no qual nossos especialistas tiram d\u00favidas sobre as&nbsp;<a href=\"https:\/\/www.grupomedcof.com.br\/blog\/presenca-da-medcof-nas-aprovacoes-em-residencia-medica-no-brasil\/\" target=\"_blank\" rel=\"noreferrer noopener\">principais resid\u00eancias!<\/a><\/p>\n\n\n\n<figure class=\"wp-block-embed is-type-video is-provider-youtube wp-block-embed-youtube wp-embed-aspect-16-9 wp-has-aspect-ratio\"><div class=\"wp-block-embed__wrapper\">\n<div class=\"youtube-embed\" data-video_id=\"uHQUNxKISlA\"><iframe loading=\"lazy\" title=\"REVIS\u00c3O R+ PEDIATRIA ENARE - Prepare-se com os Especialistas da MedCof!\" width=\"696\" height=\"392\" src=\"https:\/\/www.youtube.com\/embed\/uHQUNxKISlA?feature=oembed&#038;enablejsapi=1\" frameborder=\"0\" allow=\"accelerometer; autoplay; clipboard-write; encrypted-media; gyroscope; picture-in-picture; web-share\" referrerpolicy=\"strict-origin-when-cross-origin\" allowfullscreen><\/iframe><\/div>\n<\/div><\/figure>\n","protected":false},"excerpt":{"rendered":"<p>Os tumores anexiais s\u00e3o crescimentos anormais que se formam nas regi\u00f5es pr\u00f3ximas ao \u00fatero, como os ov\u00e1rios e as tubas uterinas. Entenda!<\/p>\n","protected":false},"author":21,"featured_media":30650,"comment_status":"open","ping_status":"open","sticky":false,"template":"","format":"standard","meta":{"footnotes":""},"categories":[125],"tags":[2154,1452,117,68,2153,2151,2152],"ppma_author":[3617],"class_list":{"0":"post-30637","1":"post","2":"type-post","3":"status-publish","4":"format-standard","5":"has-post-thumbnail","7":"category-ginecologia-e-obstetricia","8":"tag-conduta-medica","9":"tag-provas","10":"tag-provas-de-residencia","11":"tag-residencia-medica","12":"tag-sintomatologia","13":"tag-tumor","14":"tag-tumores-anexiais"},"yoast_head":"<!-- This site is optimized with the Yoast SEO Premium plugin v24.3 (Yoast SEO v27.4) - https:\/\/yoast.com\/product\/yoast-seo-premium-wordpress\/ -->\n<title>Tumores Anexiais: Tipos, Sintomatologia e Conduta M\u00e9dica - Blog de Medcof: conte\u00fados, editais, revalida e mais!<\/title>\n<meta name=\"description\" content=\"Os tumores anexiais s\u00e3o crescimentos anormais que se formam nas regi\u00f5es pr\u00f3ximas ao \u00fatero, como os ov\u00e1rios e as tubas uterinas. Entenda!\" \/>\n<meta name=\"robots\" content=\"index, follow, max-snippet:-1, max-image-preview:large, max-video-preview:-1\" \/>\n<link rel=\"canonical\" href=\"https:\/\/www.grupomedcof.com.br\/blog\/tumores-anexiais-tipos-sintomatologia-e-conduta-medica\/\" \/>\n<meta property=\"og:locale\" content=\"pt_BR\" \/>\n<meta property=\"og:type\" content=\"article\" \/>\n<meta property=\"og:title\" content=\"Tumores Anexiais: Tipos, Sintomatologia e Conduta M\u00e9dica\" \/>\n<meta property=\"og:description\" content=\"Os tumores anexiais s\u00e3o crescimentos anormais que se formam nas regi\u00f5es pr\u00f3ximas ao \u00fatero, como os ov\u00e1rios e as tubas uterinas. Entenda!\" \/>\n<meta property=\"og:url\" content=\"https:\/\/www.grupomedcof.com.br\/blog\/tumores-anexiais-tipos-sintomatologia-e-conduta-medica\/\" \/>\n<meta property=\"og:site_name\" content=\"Blog de Medcof: conte\u00fados, editais, revalida e mais!\" \/>\n<meta property=\"article:publisher\" content=\"https:\/\/www.facebook.com\/MedCofQbank\/\" \/>\n<meta property=\"article:published_time\" content=\"2024-10-16T16:51:22+00:00\" \/>\n<meta property=\"article:modified_time\" content=\"2025-12-22T14:51:23+00:00\" \/>\n<meta property=\"og:image\" content=\"https:\/\/www.grupomedcof.com.br\/blog\/wp-content\/uploads\/2024\/10\/Blog-MedCof-4-1024x576.png\" \/>\n\t<meta property=\"og:image:width\" content=\"1024\" \/>\n\t<meta property=\"og:image:height\" content=\"576\" \/>\n\t<meta property=\"og:image:type\" content=\"image\/png\" \/>\n<meta name=\"author\" content=\"Kiara Adelino\" \/>\n<meta name=\"twitter:card\" content=\"summary_large_image\" \/>\n<meta name=\"twitter:label1\" content=\"Escrito por\" \/>\n\t<meta name=\"twitter:data1\" content=\"Kiara Adelino\" \/>\n\t<meta name=\"twitter:label2\" content=\"Est. tempo de leitura\" \/>\n\t<meta name=\"twitter:data2\" content=\"6 minutos\" \/>\n<script type=\"application\/ld+json\" class=\"yoast-schema-graph\">{\"@context\":\"https:\\\/\\\/schema.org\",\"@graph\":[{\"@type\":\"Article\",\"@id\":\"https:\\\/\\\/www.grupomedcof.com.br\\\/blog\\\/tumores-anexiais-tipos-sintomatologia-e-conduta-medica\\\/#article\",\"isPartOf\":{\"@id\":\"https:\\\/\\\/www.grupomedcof.com.br\\\/blog\\\/tumores-anexiais-tipos-sintomatologia-e-conduta-medica\\\/\"},\"author\":{\"name\":\"Kiara Adelino\",\"@id\":\"https:\\\/\\\/www.grupomedcof.com.br\\\/blog\\\/#\\\/schema\\\/person\\\/db19a651f86c5fc202d6eee744fd3292\"},\"headline\":\"Tumores Anexiais: Tipos, Sintomatologia e Conduta M\u00e9dica\",\"datePublished\":\"2024-10-16T16:51:22+00:00\",\"dateModified\":\"2025-12-22T14:51:23+00:00\",\"mainEntityOfPage\":{\"@id\":\"https:\\\/\\\/www.grupomedcof.com.br\\\/blog\\\/tumores-anexiais-tipos-sintomatologia-e-conduta-medica\\\/\"},\"wordCount\":655,\"commentCount\":0,\"publisher\":{\"@id\":\"https:\\\/\\\/www.grupomedcof.com.br\\\/blog\\\/#organization\"},\"image\":{\"@id\":\"https:\\\/\\\/www.grupomedcof.com.br\\\/blog\\\/tumores-anexiais-tipos-sintomatologia-e-conduta-medica\\\/#primaryimage\"},\"thumbnailUrl\":\"https:\\\/\\\/www.grupomedcof.com.br\\\/blog\\\/wp-content\\\/uploads\\\/2024\\\/10\\\/Blog-MedCof-4.png\",\"keywords\":[\"Conduta M\u00e9dica\",\"Provas\",\"Provas de Resid\u00eancia\",\"Resid\u00eancia M\u00e9dica\",\"Sintomatologia\",\"Tumor\",\"Tumores Anexiais\"],\"articleSection\":[\"Ginecologia e Obstetr\u00edcia\"],\"inLanguage\":\"pt-BR\"},{\"@type\":\"WebPage\",\"@id\":\"https:\\\/\\\/www.grupomedcof.com.br\\\/blog\\\/tumores-anexiais-tipos-sintomatologia-e-conduta-medica\\\/\",\"url\":\"https:\\\/\\\/www.grupomedcof.com.br\\\/blog\\\/tumores-anexiais-tipos-sintomatologia-e-conduta-medica\\\/\",\"name\":\"Tumores Anexiais: Tipos, Sintomatologia e Conduta M\u00e9dica - Blog de Medcof: conte\u00fados, editais, revalida e mais!\",\"isPartOf\":{\"@id\":\"https:\\\/\\\/www.grupomedcof.com.br\\\/blog\\\/#website\"},\"primaryImageOfPage\":{\"@id\":\"https:\\\/\\\/www.grupomedcof.com.br\\\/blog\\\/tumores-anexiais-tipos-sintomatologia-e-conduta-medica\\\/#primaryimage\"},\"image\":{\"@id\":\"https:\\\/\\\/www.grupomedcof.com.br\\\/blog\\\/tumores-anexiais-tipos-sintomatologia-e-conduta-medica\\\/#primaryimage\"},\"thumbnailUrl\":\"https:\\\/\\\/www.grupomedcof.com.br\\\/blog\\\/wp-content\\\/uploads\\\/2024\\\/10\\\/Blog-MedCof-4.png\",\"datePublished\":\"2024-10-16T16:51:22+00:00\",\"dateModified\":\"2025-12-22T14:51:23+00:00\",\"description\":\"Os tumores anexiais s\u00e3o crescimentos anormais que se formam nas regi\u00f5es pr\u00f3ximas ao \u00fatero, como os ov\u00e1rios e as tubas uterinas. Entenda!\",\"breadcrumb\":{\"@id\":\"https:\\\/\\\/www.grupomedcof.com.br\\\/blog\\\/tumores-anexiais-tipos-sintomatologia-e-conduta-medica\\\/#breadcrumb\"},\"inLanguage\":\"pt-BR\",\"potentialAction\":[{\"@type\":\"ReadAction\",\"target\":[\"https:\\\/\\\/www.grupomedcof.com.br\\\/blog\\\/tumores-anexiais-tipos-sintomatologia-e-conduta-medica\\\/\"]}]},{\"@type\":\"ImageObject\",\"inLanguage\":\"pt-BR\",\"@id\":\"https:\\\/\\\/www.grupomedcof.com.br\\\/blog\\\/tumores-anexiais-tipos-sintomatologia-e-conduta-medica\\\/#primaryimage\",\"url\":\"https:\\\/\\\/www.grupomedcof.com.br\\\/blog\\\/wp-content\\\/uploads\\\/2024\\\/10\\\/Blog-MedCof-4.png\",\"contentUrl\":\"https:\\\/\\\/www.grupomedcof.com.br\\\/blog\\\/wp-content\\\/uploads\\\/2024\\\/10\\\/Blog-MedCof-4.png\",\"width\":2560,\"height\":1440},{\"@type\":\"BreadcrumbList\",\"@id\":\"https:\\\/\\\/www.grupomedcof.com.br\\\/blog\\\/tumores-anexiais-tipos-sintomatologia-e-conduta-medica\\\/#breadcrumb\",\"itemListElement\":[{\"@type\":\"ListItem\",\"position\":1,\"name\":\"In\u00edcio\",\"item\":\"https:\\\/\\\/www.grupomedcof.com.br\\\/blog\\\/\"},{\"@type\":\"ListItem\",\"position\":2,\"name\":\"Tumores Anexiais: Tipos, Sintomatologia e Conduta M\u00e9dica\"}]},{\"@type\":\"WebSite\",\"@id\":\"https:\\\/\\\/www.grupomedcof.com.br\\\/blog\\\/#website\",\"url\":\"https:\\\/\\\/www.grupomedcof.com.br\\\/blog\\\/\",\"name\":\"Blog de Medcof: conte\u00fados, editais, revalida e mais!\",\"description\":\"Acesso o blog de MedCof! Seu portal de conte\u00fados sobre resid\u00eancia m\u00e9dica, an\u00e1lise e editais e muito mais. Clique e confira!\",\"publisher\":{\"@id\":\"https:\\\/\\\/www.grupomedcof.com.br\\\/blog\\\/#organization\"},\"alternateName\":\"Blog de Medcof: conte\u00fados, editais, revalida e mais!\",\"potentialAction\":[{\"@type\":\"SearchAction\",\"target\":{\"@type\":\"EntryPoint\",\"urlTemplate\":\"https:\\\/\\\/www.grupomedcof.com.br\\\/blog\\\/?s={search_term_string}\"},\"query-input\":{\"@type\":\"PropertyValueSpecification\",\"valueRequired\":true,\"valueName\":\"search_term_string\"}}],\"inLanguage\":\"pt-BR\"},{\"@type\":\"Organization\",\"@id\":\"https:\\\/\\\/www.grupomedcof.com.br\\\/blog\\\/#organization\",\"name\":\"Grupo MedCof\",\"url\":\"https:\\\/\\\/www.grupomedcof.com.br\\\/blog\\\/\",\"logo\":{\"@type\":\"ImageObject\",\"inLanguage\":\"pt-BR\",\"@id\":\"https:\\\/\\\/www.grupomedcof.com.br\\\/blog\\\/#\\\/schema\\\/logo\\\/image\\\/\",\"url\":\"https:\\\/\\\/www.grupomedcof.com.br\\\/blog\\\/wp-content\\\/uploads\\\/2022\\\/01\\\/logo-medcof.png\",\"contentUrl\":\"https:\\\/\\\/www.grupomedcof.com.br\\\/blog\\\/wp-content\\\/uploads\\\/2022\\\/01\\\/logo-medcof.png\",\"width\":768,\"height\":269,\"caption\":\"Grupo MedCof\"},\"image\":{\"@id\":\"https:\\\/\\\/www.grupomedcof.com.br\\\/blog\\\/#\\\/schema\\\/logo\\\/image\\\/\"},\"sameAs\":[\"https:\\\/\\\/www.facebook.com\\\/MedCofQbank\\\/\",\"https:\\\/\\\/www.instagram.com\\\/grupomedcof\\\/\",\"https:\\\/\\\/br.linkedin.com\\\/company\\\/medcof\",\"https:\\\/\\\/www.youtube.com\\\/channel\\\/UCdHMuOHKICxcHwecxN8P-AA\"]},{\"@type\":\"Person\",\"@id\":\"https:\\\/\\\/www.grupomedcof.com.br\\\/blog\\\/#\\\/schema\\\/person\\\/db19a651f86c5fc202d6eee744fd3292\",\"name\":\"Kiara Adelino\",\"image\":{\"@type\":\"ImageObject\",\"inLanguage\":\"pt-BR\",\"@id\":\"https:\\\/\\\/www.grupomedcof.com.br\\\/blog\\\/wp-content\\\/uploads\\\/2024\\\/08\\\/cropped-Kiara-Adelino2-96x96.jpega85663bdda67261f8f06f86e555e1e49\",\"url\":\"https:\\\/\\\/www.grupomedcof.com.br\\\/blog\\\/wp-content\\\/uploads\\\/2024\\\/08\\\/cropped-Kiara-Adelino2-96x96.jpeg\",\"contentUrl\":\"https:\\\/\\\/www.grupomedcof.com.br\\\/blog\\\/wp-content\\\/uploads\\\/2024\\\/08\\\/cropped-Kiara-Adelino2-96x96.jpeg\",\"caption\":\"Kiara Adelino\"},\"description\":\"Estudante do 5\u00b0 semestre de Medicina. Gosto bastante de aprender coisas novas, principalmente na \u00e1rea de Neurologia e Anatomia humana.\",\"url\":\"https:\\\/\\\/www.grupomedcof.com.br\\\/blog\\\/author\\\/kiara-adelino\\\/\"}]}<\/script>\n<!-- \/ Yoast SEO Premium plugin. -->","yoast_head_json":{"title":"Tumores Anexiais: Tipos, Sintomatologia e Conduta M\u00e9dica - Blog de Medcof: conte\u00fados, editais, revalida e mais!","description":"Os tumores anexiais s\u00e3o crescimentos anormais que se formam nas regi\u00f5es pr\u00f3ximas ao \u00fatero, como os ov\u00e1rios e as tubas uterinas. Entenda!","robots":{"index":"index","follow":"follow","max-snippet":"max-snippet:-1","max-image-preview":"max-image-preview:large","max-video-preview":"max-video-preview:-1"},"canonical":"https:\/\/www.grupomedcof.com.br\/blog\/tumores-anexiais-tipos-sintomatologia-e-conduta-medica\/","og_locale":"pt_BR","og_type":"article","og_title":"Tumores Anexiais: Tipos, Sintomatologia e Conduta M\u00e9dica","og_description":"Os tumores anexiais s\u00e3o crescimentos anormais que se formam nas regi\u00f5es pr\u00f3ximas ao \u00fatero, como os ov\u00e1rios e as tubas uterinas. Entenda!","og_url":"https:\/\/www.grupomedcof.com.br\/blog\/tumores-anexiais-tipos-sintomatologia-e-conduta-medica\/","og_site_name":"Blog de Medcof: conte\u00fados, editais, revalida e mais!","article_publisher":"https:\/\/www.facebook.com\/MedCofQbank\/","article_published_time":"2024-10-16T16:51:22+00:00","article_modified_time":"2025-12-22T14:51:23+00:00","og_image":[{"width":1024,"height":576,"url":"https:\/\/www.grupomedcof.com.br\/blog\/wp-content\/uploads\/2024\/10\/Blog-MedCof-4-1024x576.png","type":"image\/png"}],"author":"Kiara Adelino","twitter_card":"summary_large_image","twitter_misc":{"Escrito por":"Kiara Adelino","Est. tempo de leitura":"6 minutos"},"schema":{"@context":"https:\/\/schema.org","@graph":[{"@type":"Article","@id":"https:\/\/www.grupomedcof.com.br\/blog\/tumores-anexiais-tipos-sintomatologia-e-conduta-medica\/#article","isPartOf":{"@id":"https:\/\/www.grupomedcof.com.br\/blog\/tumores-anexiais-tipos-sintomatologia-e-conduta-medica\/"},"author":{"name":"Kiara Adelino","@id":"https:\/\/www.grupomedcof.com.br\/blog\/#\/schema\/person\/db19a651f86c5fc202d6eee744fd3292"},"headline":"Tumores Anexiais: Tipos, Sintomatologia e Conduta M\u00e9dica","datePublished":"2024-10-16T16:51:22+00:00","dateModified":"2025-12-22T14:51:23+00:00","mainEntityOfPage":{"@id":"https:\/\/www.grupomedcof.com.br\/blog\/tumores-anexiais-tipos-sintomatologia-e-conduta-medica\/"},"wordCount":655,"commentCount":0,"publisher":{"@id":"https:\/\/www.grupomedcof.com.br\/blog\/#organization"},"image":{"@id":"https:\/\/www.grupomedcof.com.br\/blog\/tumores-anexiais-tipos-sintomatologia-e-conduta-medica\/#primaryimage"},"thumbnailUrl":"https:\/\/www.grupomedcof.com.br\/blog\/wp-content\/uploads\/2024\/10\/Blog-MedCof-4.png","keywords":["Conduta M\u00e9dica","Provas","Provas de Resid\u00eancia","Resid\u00eancia M\u00e9dica","Sintomatologia","Tumor","Tumores Anexiais"],"articleSection":["Ginecologia e Obstetr\u00edcia"],"inLanguage":"pt-BR"},{"@type":"WebPage","@id":"https:\/\/www.grupomedcof.com.br\/blog\/tumores-anexiais-tipos-sintomatologia-e-conduta-medica\/","url":"https:\/\/www.grupomedcof.com.br\/blog\/tumores-anexiais-tipos-sintomatologia-e-conduta-medica\/","name":"Tumores Anexiais: Tipos, Sintomatologia e Conduta M\u00e9dica - Blog de Medcof: conte\u00fados, editais, revalida e mais!","isPartOf":{"@id":"https:\/\/www.grupomedcof.com.br\/blog\/#website"},"primaryImageOfPage":{"@id":"https:\/\/www.grupomedcof.com.br\/blog\/tumores-anexiais-tipos-sintomatologia-e-conduta-medica\/#primaryimage"},"image":{"@id":"https:\/\/www.grupomedcof.com.br\/blog\/tumores-anexiais-tipos-sintomatologia-e-conduta-medica\/#primaryimage"},"thumbnailUrl":"https:\/\/www.grupomedcof.com.br\/blog\/wp-content\/uploads\/2024\/10\/Blog-MedCof-4.png","datePublished":"2024-10-16T16:51:22+00:00","dateModified":"2025-12-22T14:51:23+00:00","description":"Os tumores anexiais s\u00e3o crescimentos anormais que se formam nas regi\u00f5es pr\u00f3ximas ao \u00fatero, como os ov\u00e1rios e as tubas uterinas. Entenda!","breadcrumb":{"@id":"https:\/\/www.grupomedcof.com.br\/blog\/tumores-anexiais-tipos-sintomatologia-e-conduta-medica\/#breadcrumb"},"inLanguage":"pt-BR","potentialAction":[{"@type":"ReadAction","target":["https:\/\/www.grupomedcof.com.br\/blog\/tumores-anexiais-tipos-sintomatologia-e-conduta-medica\/"]}]},{"@type":"ImageObject","inLanguage":"pt-BR","@id":"https:\/\/www.grupomedcof.com.br\/blog\/tumores-anexiais-tipos-sintomatologia-e-conduta-medica\/#primaryimage","url":"https:\/\/www.grupomedcof.com.br\/blog\/wp-content\/uploads\/2024\/10\/Blog-MedCof-4.png","contentUrl":"https:\/\/www.grupomedcof.com.br\/blog\/wp-content\/uploads\/2024\/10\/Blog-MedCof-4.png","width":2560,"height":1440},{"@type":"BreadcrumbList","@id":"https:\/\/www.grupomedcof.com.br\/blog\/tumores-anexiais-tipos-sintomatologia-e-conduta-medica\/#breadcrumb","itemListElement":[{"@type":"ListItem","position":1,"name":"In\u00edcio","item":"https:\/\/www.grupomedcof.com.br\/blog\/"},{"@type":"ListItem","position":2,"name":"Tumores Anexiais: Tipos, Sintomatologia e Conduta M\u00e9dica"}]},{"@type":"WebSite","@id":"https:\/\/www.grupomedcof.com.br\/blog\/#website","url":"https:\/\/www.grupomedcof.com.br\/blog\/","name":"Blog de Medcof: conte\u00fados, editais, revalida e mais!","description":"Acesso o blog de MedCof! Seu portal de conte\u00fados sobre resid\u00eancia m\u00e9dica, an\u00e1lise e editais e muito mais. Clique e confira!","publisher":{"@id":"https:\/\/www.grupomedcof.com.br\/blog\/#organization"},"alternateName":"Blog de Medcof: conte\u00fados, editais, revalida e mais!","potentialAction":[{"@type":"SearchAction","target":{"@type":"EntryPoint","urlTemplate":"https:\/\/www.grupomedcof.com.br\/blog\/?s={search_term_string}"},"query-input":{"@type":"PropertyValueSpecification","valueRequired":true,"valueName":"search_term_string"}}],"inLanguage":"pt-BR"},{"@type":"Organization","@id":"https:\/\/www.grupomedcof.com.br\/blog\/#organization","name":"Grupo MedCof","url":"https:\/\/www.grupomedcof.com.br\/blog\/","logo":{"@type":"ImageObject","inLanguage":"pt-BR","@id":"https:\/\/www.grupomedcof.com.br\/blog\/#\/schema\/logo\/image\/","url":"https:\/\/www.grupomedcof.com.br\/blog\/wp-content\/uploads\/2022\/01\/logo-medcof.png","contentUrl":"https:\/\/www.grupomedcof.com.br\/blog\/wp-content\/uploads\/2022\/01\/logo-medcof.png","width":768,"height":269,"caption":"Grupo MedCof"},"image":{"@id":"https:\/\/www.grupomedcof.com.br\/blog\/#\/schema\/logo\/image\/"},"sameAs":["https:\/\/www.facebook.com\/MedCofQbank\/","https:\/\/www.instagram.com\/grupomedcof\/","https:\/\/br.linkedin.com\/company\/medcof","https:\/\/www.youtube.com\/channel\/UCdHMuOHKICxcHwecxN8P-AA"]},{"@type":"Person","@id":"https:\/\/www.grupomedcof.com.br\/blog\/#\/schema\/person\/db19a651f86c5fc202d6eee744fd3292","name":"Kiara Adelino","image":{"@type":"ImageObject","inLanguage":"pt-BR","@id":"https:\/\/www.grupomedcof.com.br\/blog\/wp-content\/uploads\/2024\/08\/cropped-Kiara-Adelino2-96x96.jpega85663bdda67261f8f06f86e555e1e49","url":"https:\/\/www.grupomedcof.com.br\/blog\/wp-content\/uploads\/2024\/08\/cropped-Kiara-Adelino2-96x96.jpeg","contentUrl":"https:\/\/www.grupomedcof.com.br\/blog\/wp-content\/uploads\/2024\/08\/cropped-Kiara-Adelino2-96x96.jpeg","caption":"Kiara Adelino"},"description":"Estudante do 5\u00b0 semestre de Medicina. Gosto bastante de aprender coisas novas, principalmente na \u00e1rea de Neurologia e Anatomia humana.","url":"https:\/\/www.grupomedcof.com.br\/blog\/author\/kiara-adelino\/"}]}},"authors":[{"term_id":3617,"user_id":21,"is_guest":0,"slug":"kiara-adelino","display_name":"Kiara Adelino","avatar_url":"https:\/\/www.grupomedcof.com.br\/blog\/wp-content\/uploads\/2024\/08\/cropped-Kiara-Adelino2-96x96.jpeg","0":null,"1":"","2":"","3":"","4":"","5":"","6":"","7":"","8":""}],"_links":{"self":[{"href":"https:\/\/www.grupomedcof.com.br\/blog\/wp-json\/wp\/v2\/posts\/30637","targetHints":{"allow":["GET"]}}],"collection":[{"href":"https:\/\/www.grupomedcof.com.br\/blog\/wp-json\/wp\/v2\/posts"}],"about":[{"href":"https:\/\/www.grupomedcof.com.br\/blog\/wp-json\/wp\/v2\/types\/post"}],"author":[{"embeddable":true,"href":"https:\/\/www.grupomedcof.com.br\/blog\/wp-json\/wp\/v2\/users\/21"}],"replies":[{"embeddable":true,"href":"https:\/\/www.grupomedcof.com.br\/blog\/wp-json\/wp\/v2\/comments?post=30637"}],"version-history":[{"count":1,"href":"https:\/\/www.grupomedcof.com.br\/blog\/wp-json\/wp\/v2\/posts\/30637\/revisions"}],"predecessor-version":[{"id":40374,"href":"https:\/\/www.grupomedcof.com.br\/blog\/wp-json\/wp\/v2\/posts\/30637\/revisions\/40374"}],"wp:featuredmedia":[{"embeddable":true,"href":"https:\/\/www.grupomedcof.com.br\/blog\/wp-json\/wp\/v2\/media\/30650"}],"wp:attachment":[{"href":"https:\/\/www.grupomedcof.com.br\/blog\/wp-json\/wp\/v2\/media?parent=30637"}],"wp:term":[{"taxonomy":"category","embeddable":true,"href":"https:\/\/www.grupomedcof.com.br\/blog\/wp-json\/wp\/v2\/categories?post=30637"},{"taxonomy":"post_tag","embeddable":true,"href":"https:\/\/www.grupomedcof.com.br\/blog\/wp-json\/wp\/v2\/tags?post=30637"},{"taxonomy":"author","embeddable":true,"href":"https:\/\/www.grupomedcof.com.br\/blog\/wp-json\/wp\/v2\/ppma_author?post=30637"}],"curies":[{"name":"wp","href":"https:\/\/api.w.org\/{rel}","templated":true}]}}