{"id":30761,"date":"2024-10-18T10:55:58","date_gmt":"2024-10-18T13:55:58","guid":{"rendered":"https:\/\/www.grupomedcof.com.br\/blog\/?p=30761"},"modified":"2026-04-24T10:54:57","modified_gmt":"2026-04-24T13:54:57","slug":"diretrizes-vigilancia-epidemiologica-das-meningites-no-brasil","status":"publish","type":"post","link":"https:\/\/www.grupomedcof.com.br\/blog\/diretrizes-vigilancia-epidemiologica-das-meningites-no-brasil\/","title":{"rendered":"Minist\u00e9rio da Sa\u00fade atualiza diretrizes para a vigil\u00e2ncia epidemiol\u00f3gica das meningites no Brasil"},"content":{"rendered":"<div id=\"ez-toc-container\" class=\"ez-toc-v2_0_74 counter-hierarchy ez-toc-counter ez-toc-transparent ez-toc-container-direction\">\n<div class=\"ez-toc-title-container\">\n<p class=\"ez-toc-title\" style=\"cursor:inherit\">Sum\u00e1rio<\/p>\n<span class=\"ez-toc-title-toggle\"><a href=\"#\" class=\"ez-toc-pull-right ez-toc-btn ez-toc-btn-xs ez-toc-btn-default ez-toc-toggle\" aria-label=\"Alternar tabela de conte\u00fado\"><span class=\"ez-toc-js-icon-con\"><span class=\"\"><span class=\"eztoc-hide\" style=\"display:none;\">Toggle<\/span><span class=\"ez-toc-icon-toggle-span\"><svg style=\"fill: #999;color:#999\" xmlns=\"http:\/\/www.w3.org\/2000\/svg\" class=\"list-377408\" width=\"20px\" height=\"20px\" viewBox=\"0 0 24 24\" fill=\"none\"><path d=\"M6 6H4v2h2V6zm14 0H8v2h12V6zM4 11h2v2H4v-2zm16 0H8v2h12v-2zM4 16h2v2H4v-2zm16 0H8v2h12v-2z\" fill=\"currentColor\"><\/path><\/svg><svg style=\"fill: #999;color:#999\" class=\"arrow-unsorted-368013\" xmlns=\"http:\/\/www.w3.org\/2000\/svg\" width=\"10px\" height=\"10px\" viewBox=\"0 0 24 24\" version=\"1.2\" baseProfile=\"tiny\"><path d=\"M18.2 9.3l-6.2-6.3-6.2 6.3c-.2.2-.3.4-.3.7s.1.5.3.7c.2.2.4.3.7.3h11c.3 0 .5-.1.7-.3.2-.2.3-.5.3-.7s-.1-.5-.3-.7zM5.8 14.7l6.2 6.3 6.2-6.3c.2-.2.3-.5.3-.7s-.1-.5-.3-.7c-.2-.2-.4-.3-.7-.3h-11c-.3 0-.5.1-.7.3-.2.2-.3.5-.3.7s.1.5.3.7z\"\/><\/svg><\/span><\/span><\/span><\/a><\/span><\/div>\n<nav><ul class='ez-toc-list ez-toc-list-level-1 ' ><li class='ez-toc-page-1 ez-toc-heading-level-2'><a class=\"ez-toc-link ez-toc-heading-1\" href=\"https:\/\/www.grupomedcof.com.br\/blog\/diretrizes-vigilancia-epidemiologica-das-meningites-no-brasil\/#Novas_diretrizes_para_casos_suspeitos_e_contatos_proximos\" >Novas diretrizes para casos suspeitos e contatos pr\u00f3ximos<\/a><\/li><li class='ez-toc-page-1 ez-toc-heading-level-2'><a class=\"ez-toc-link ez-toc-heading-2\" href=\"https:\/\/www.grupomedcof.com.br\/blog\/diretrizes-vigilancia-epidemiologica-das-meningites-no-brasil\/#Contexto_epidemiologico\" >Contexto epidemiol\u00f3gico<\/a><ul class='ez-toc-list-level-3' ><li class='ez-toc-heading-level-3'><a class=\"ez-toc-link ez-toc-heading-3\" href=\"https:\/\/www.grupomedcof.com.br\/blog\/diretrizes-vigilancia-epidemiologica-das-meningites-no-brasil\/#Sintomas_da_Meningite\" >Sintomas da Meningite<\/a><\/li><li class='ez-toc-page-1 ez-toc-heading-level-3'><a class=\"ez-toc-link ez-toc-heading-4\" href=\"https:\/\/www.grupomedcof.com.br\/blog\/diretrizes-vigilancia-epidemiologica-das-meningites-no-brasil\/#Tratamento\" >Tratamento<\/a><\/li><\/ul><\/li><li class='ez-toc-page-1 ez-toc-heading-level-2'><a class=\"ez-toc-link ez-toc-heading-5\" href=\"https:\/\/www.grupomedcof.com.br\/blog\/diretrizes-vigilancia-epidemiologica-das-meningites-no-brasil\/#Impacto_das_Vacinas_e_Cenario_Atual\" >Impacto das Vacinas e Cen\u00e1rio Atual<\/a><\/li><li class='ez-toc-page-1 ez-toc-heading-level-2'><a class=\"ez-toc-link ez-toc-heading-6\" href=\"https:\/\/www.grupomedcof.com.br\/blog\/diretrizes-vigilancia-epidemiologica-das-meningites-no-brasil\/#Nota_Tecnica_Conjunta_No_1542024\" >Nota T\u00e9cnica Conjunta N\u00ba 154\/2024<\/a><\/li><li class='ez-toc-page-1 ez-toc-heading-level-2'><a class=\"ez-toc-link ez-toc-heading-7\" href=\"https:\/\/www.grupomedcof.com.br\/blog\/diretrizes-vigilancia-epidemiologica-das-meningites-no-brasil\/#O_metodo_que_te_aprova\" >O m\u00e9todo que te aprova!<\/a><\/li><\/ul><\/nav><\/div>\n\n<figure class=\"wp-block-image size-large\"><img loading=\"lazy\" decoding=\"async\" width=\"1024\" height=\"576\" src=\"https:\/\/www.grupomedcof.com.br\/blog\/wp-content\/uploads\/2024\/10\/Blog-MedCof-10-1024x576.png\" alt=\"\" class=\"wp-image-30769\" srcset=\"https:\/\/www.grupomedcof.com.br\/blog\/wp-content\/uploads\/2024\/10\/Blog-MedCof-10-1024x576.png 1024w, https:\/\/www.grupomedcof.com.br\/blog\/wp-content\/uploads\/2024\/10\/Blog-MedCof-10-300x169.png 300w, https:\/\/www.grupomedcof.com.br\/blog\/wp-content\/uploads\/2024\/10\/Blog-MedCof-10-768x432.png 768w, https:\/\/www.grupomedcof.com.br\/blog\/wp-content\/uploads\/2024\/10\/Blog-MedCof-10-1536x864.png 1536w, https:\/\/www.grupomedcof.com.br\/blog\/wp-content\/uploads\/2024\/10\/Blog-MedCof-10-2048x1152.png 2048w, https:\/\/www.grupomedcof.com.br\/blog\/wp-content\/uploads\/2024\/10\/Blog-MedCof-10-747x420.png 747w, https:\/\/www.grupomedcof.com.br\/blog\/wp-content\/uploads\/2024\/10\/Blog-MedCof-10-150x84.png 150w, https:\/\/www.grupomedcof.com.br\/blog\/wp-content\/uploads\/2024\/10\/Blog-MedCof-10-696x392.png 696w, https:\/\/www.grupomedcof.com.br\/blog\/wp-content\/uploads\/2024\/10\/Blog-MedCof-10-1068x601.png 1068w\" sizes=\"auto, (max-width: 1024px) 100vw, 1024px\" \/><\/figure>\n\n\n\n<p>O <strong>Minist\u00e9rio da Sa\u00fade <\/strong>publicou uma nova Nota Conjunta, na qual atualiza as orienta\u00e7\u00f5es para o Sistema Nacional de Vigil\u00e2ncia Epidemiol\u00f3gica das meningites. Essa medida visa <strong>ajustar as defini\u00e7\u00f5es de caso suspeito<\/strong>,\u00a0<strong>contatos e surtos de meningite<\/strong>, al\u00e9m de\u00a0<strong>revisar as diretrizes de quimioprofilaxia<\/strong>\u00a0e\u00a0<strong>incluir novas recomenda\u00e7\u00f5es sobre vacina\u00e7\u00e3o para casos de doen\u00e7a invasiva por\u00a0<em>Haemophilus influenzae<\/em>\u00a0b (Hib)<\/strong>. Confira!<\/p>\n\n\n\n<h2 class=\"wp-block-heading\" id=\"h-novas-diretrizes-para-casos-suspeitos-e-contatos-proximos\"><span class=\"ez-toc-section\" id=\"Novas_diretrizes_para_casos_suspeitos_e_contatos_proximos\"><\/span><strong>Novas diretrizes para casos suspeitos e contatos pr\u00f3ximos<\/strong><span class=\"ez-toc-section-end\"><\/span><\/h2>\n\n\n\n<p>Segundo a Nota Conjunta N\u00ba 154\/2024, agora, considera-se como suspeito\u00a0<strong>qualquer indiv\u00edduo com febre<\/strong>\u00a0e\u00a0<strong>dois ou mais sintomas<\/strong>\u00a0como\u00a0<strong>cefaleia intensa, v\u00f4mito, confus\u00e3o mental ou fotofobia<\/strong>, ou ainda\u00a0<strong>sinais de irrita\u00e7\u00e3o men\u00edngea<\/strong>. Em cen\u00e1rios de surtos, a defini\u00e7\u00e3o pode ser<strong> mais ampla<\/strong> para permitir uma resposta mais r\u00e1pida.<\/p>\n\n\n\n<p>Tamb\u00e9m foi revisada a\u00a0<strong>defini\u00e7\u00e3o de<\/strong>\u00a0<strong>contato pr\u00f3ximo<\/strong>, que inclui indiv\u00edduos com exposi\u00e7\u00e3o direta \u00e0s secre\u00e7\u00f5es respirat\u00f3rias de um caso suspeito ou confirmado de meningite, tanto retrospectivamente (at\u00e9 10 dias antes dos primeiros sintomas) quanto prospectivamente (at\u00e9 24 horas ap\u00f3s o in\u00edcio do tratamento com antibi\u00f3ticos).<\/p>\n\n\n\n<h2 class=\"wp-block-heading\" id=\"h-contexto-epidemiologico\"><span class=\"ez-toc-section\" id=\"Contexto_epidemiologico\"><\/span><strong>Contexto epidemiol\u00f3gico<\/strong><span class=\"ez-toc-section-end\"><\/span><\/h2>\n\n\n\n<p>A\u00a0<strong>meningite meningoc\u00f3cica<\/strong>, causada pela bact\u00e9ria\u00a0<em>Neisseria meningitidis<\/em>, continua sendo uma preocupa\u00e7\u00e3o de sa\u00fade p\u00fablica global, principalmente por sua gravidade e potencial epid\u00eamico. No Brasil,\u00a0<strong>os sorogrupos B, C, W e Y s\u00e3o os mais prevalentes<\/strong>.\u00a0De acordo com a nova nota t\u00e9cnica,\u00a0<strong>o per\u00edodo m\u00e9dio de incuba\u00e7\u00e3o da doen\u00e7a \u00e9 de quatro dias<\/strong>, com varia\u00e7\u00e3o entre dois e dez dias.<\/p>\n\n\n\n<p>A\u00a0<strong>doen\u00e7a invasiva por\u00a0<em>Haemophilus influenzae<\/em>\u00a0(DIHi)<\/strong>\u00a0\u00e9 causada por\u00a0<strong>infec\u00e7\u00e3o de cepas encapsuladas<\/strong>\u00a0(sorotipos a, b, c, d, e ou f) e n\u00e3o capsuladas de\u00a0<em>Haemophilus influenzae\u00a0<\/em>(Hi). O\u00a0<strong>sorotipo b<\/strong>\u00a0(Hib) apresenta uma c\u00e1psula que atua como importante fator de virul\u00eancia, facilitando sua entrada no sangue e no l\u00edquor. No entanto, tem-se observado um\u00a0<strong>aumento de casos de meningite e bacteremia causados por sorotipos n\u00e3o b<\/strong>, especialmente o\u00a0<strong>sorotipo a<\/strong>, e por cepas n\u00e3o tip\u00e1veis.\u00a0<\/p>\n\n\n\n<h3 class=\"wp-block-heading\" id=\"h-sintomas-da-meningite\"><span class=\"ez-toc-section\" id=\"Sintomas_da_Meningite\"><\/span><strong>Sintomas da Meningite<\/strong><span class=\"ez-toc-section-end\"><\/span><\/h3>\n\n\n\n<p>Os principais sintomas da meningite viral s\u00e3o semelhantes aos da bacteriana, veja:<\/p>\n\n\n\n<ul class=\"wp-block-list\">\n<li>Febre;<\/li>\n\n\n\n<li>Dor de cabe\u00e7a;<\/li>\n\n\n\n<li>Rigidez da nuca;<\/li>\n\n\n\n<li>N\u00e1usea;<\/li>\n\n\n\n<li>V\u00f4mito;<\/li>\n\n\n\n<li>Falta de apetite;<\/li>\n\n\n\n<li>Irritabilidade;<\/li>\n\n\n\n<li>Sonol\u00eancia ou dificuldade para acordar do sono;<\/li>\n\n\n\n<li>Letargia;<\/li>\n\n\n\n<li>Fotofobia.<\/li>\n<\/ul>\n\n\n\n<h3 class=\"wp-block-heading\" id=\"h-tratamento\"><span class=\"ez-toc-section\" id=\"Tratamento\"><\/span><strong>Tratamento<\/strong><span class=\"ez-toc-section-end\"><\/span><\/h3>\n\n\n\n<p>Para as meningites virais, na maioria dos casos, n\u00e3o se faz tratamento com medicamentos antivirais. Em geral as pessoas s\u00e3o internadas e monitoradas quanto a sinais de maior gravidade, e se recuperam espontaneamente.\u00a0<\/p>\n\n\n\n<h2 class=\"wp-block-heading\"><span class=\"ez-toc-section\" id=\"Impacto_das_Vacinas_e_Cenario_Atual\"><\/span><strong>Impacto das Vacinas e Cen\u00e1rio Atual<\/strong><span class=\"ez-toc-section-end\"><\/span><\/h2>\n\n\n\n<p>A <strong>inclus\u00e3o da vacina meningoc\u00f3cica C <\/strong>no <strong>Programa Nacional de Imuniza\u00e7\u00f5es <\/strong>(PNI) em 2010 resultou em uma redu\u00e7\u00e3o significativa na incid\u00eancia da doen\u00e7a meningoc\u00f3cica no Brasil, que hoje registra uma m\u00e9dia inferior a um caso para cada 100.000 habitantes. No entanto, a doen\u00e7a continua a afetar principalmente crian\u00e7as menores de cinco anos, com uma taxa de 1,42 casos por 100.000 habitantes em 2023.<\/p>\n\n\n\n<p>A vacina\u00e7\u00e3o contra o Hib, que integra o calend\u00e1rio vacinal desde os anos 90, tamb\u00e9m teve um efeito positivo, mas o aumento de casos de outros sorotipos de Haemophilus influenzae destaca a import\u00e2ncia de uma vigil\u00e2ncia cont\u00ednua. At\u00e9 a 35\u00aa semana epidemiol\u00f3gica de 2024 (31\/08\/2024), foram notificados <strong>110 casos de meningite por Haemophilus influenzae, <\/strong>sendo 2023 o ano com o maior n\u00famero de casos desde o in\u00edcio da s\u00e9rie hist\u00f3rica, totalizando 174.<\/p>\n\n\n\n<p>Entre crian\u00e7as menores de cinco anos, a m\u00e9dia anual de casos de 2010 a 2023 (excluindo 2020 e 2021 devido \u00e0 pandemia) foi de 76. Em 2024, at\u00e9 a mesma semana epidemiol\u00f3gica, registraram-se 48 casos de meningite por Haemophilus influenzae.<\/p>\n\n\n\n<p>Diante da queda cont\u00ednua na incid\u00eancia da Doen\u00e7a Meningoc\u00f3cica e da meningite por Haemophilus influenzae no Brasil, al\u00e9m das a\u00e7\u00f5es de conscientiza\u00e7\u00e3o nas redes de sa\u00fade para garantir o manejo adequado e a ado\u00e7\u00e3o de medidas de controle e preven\u00e7\u00e3o, tornou-se necess\u00e1rio revisar os conceitos utilizados no Sistema Nacional de Vigil\u00e2ncia Epidemiol\u00f3gica das Meningites.<\/p>\n\n\n\n<p>As novas defini\u00e7\u00f5es desenvolveram-se a partir de uma revis\u00e3o de documentos oficiais de vigil\u00e2ncia e preven\u00e7\u00e3o de meningites e doen\u00e7as invasivas em outros pa\u00edses, de dados dispon\u00edveis na literatura, da avalia\u00e7\u00e3o do cen\u00e1rio epidemiol\u00f3gico no Brasil e de discuss\u00f5es realizadas pelo Comit\u00ea T\u00e9cnico Assessor, sob a coordena\u00e7\u00e3o da Coordena\u00e7\u00e3o-Geral de Vigil\u00e2ncia das Doen\u00e7as Imunopreven\u00edveis, do Departamento do Programa Nacional de Imuniza\u00e7\u00f5es, vinculado \u00e0 Secretaria de Vigil\u00e2ncia em Sa\u00fade e Ambiente do Minist\u00e9rio da Sa\u00fade.<\/p>\n\n\n\n<h2 class=\"wp-block-heading\" id=\"h-nota-tecnica-conjunta-n\u00ba-154-2024\"><span class=\"ez-toc-section\" id=\"Nota_Tecnica_Conjunta_No_1542024\"><\/span><strong>Nota T\u00e9cnica Conjunta N\u00ba 154\/2024<\/strong><span class=\"ez-toc-section-end\"><\/span><\/h2>\n\n\n\n<p>Confira a Nota para mais detalhes!<\/p>\n\n\n\n<div data-wp-interactive=\"core\/file\" class=\"wp-block-file\"><object data-wp-bind--hidden=\"!state.hasPdfPreview\" hidden class=\"wp-block-file__embed\" data=\"https:\/\/www.grupomedcof.com.br\/blog\/wp-content\/uploads\/2024\/10\/Nota-Tecnica-Conjunta-no-154-2024-DPNI-SVSA-MS.pdf\" type=\"application\/pdf\" style=\"width:100%;height:600px\" aria-label=\"Incorporado de Nota-Tecnica-Conjunta-no-154-2024-DPNI-SVSA-MS.\"><\/object><a id=\"wp-block-file--media-286485cc-45c9-489b-a8fd-6cda3086ff99\" href=\"https:\/\/www.grupomedcof.com.br\/blog\/wp-content\/uploads\/2024\/10\/Nota-Tecnica-Conjunta-no-154-2024-DPNI-SVSA-MS.pdf\">Nota-Tecnica-Conjunta-no-154-2024-DPNI-SVSA-MS<\/a><a href=\"https:\/\/www.grupomedcof.com.br\/blog\/wp-content\/uploads\/2024\/10\/Nota-Tecnica-Conjunta-no-154-2024-DPNI-SVSA-MS.pdf\" class=\"wp-block-file__button wp-element-button\" download aria-describedby=\"wp-block-file--media-286485cc-45c9-489b-a8fd-6cda3086ff99\">Baixar<\/a><\/div>\n\n\n\n<h2 class=\"wp-block-heading\" id=\"o-m\u00e9todo-que-te-aprova\"><span class=\"ez-toc-section\" id=\"O_metodo_que_te_aprova\"><\/span><strong>O m\u00e9todo que te aprova!<\/strong><span class=\"ez-toc-section-end\"><\/span><\/h2>\n\n\n\n<p>Quer alcan\u00e7ar a aprova\u00e7\u00e3o nas provas de resid\u00eancia m\u00e9dica? Ent\u00e3o seja um&nbsp;<a href=\"https:\/\/www.grupomedcof.com.br\/home\/\" target=\"_blank\" rel=\"noreferrer noopener\">MedCoffer<\/a>! Aqui te ajudaremos na busca da aprova\u00e7\u00e3o com conte\u00fados de qualidade e uma&nbsp;<a href=\"https:\/\/www.grupomedcof.com.br\/blog\/presenca-da-medcof-nas-aprovacoes-em-residencia-medica-no-brasil\/\" target=\"_blank\" rel=\"noreferrer noopener\">metodologia que j\u00e1 aprovou mais de 10 mil residentes no pa\u00eds!&nbsp;<\/a>Por fim, acesse o nosso<a href=\"https:\/\/www.youtube.com\/@GrupoMedcof\/featured\" target=\"_blank\" rel=\"noreferrer noopener\">&nbsp;<strong>canal do youtube&nbsp;<\/strong><\/a>para ver o nosso material.<\/p>\n\n\n\n<figure class=\"wp-block-embed is-type-video is-provider-youtube wp-block-embed-youtube wp-embed-aspect-16-9 wp-has-aspect-ratio\"><div class=\"wp-block-embed__wrapper\">\n<div class=\"youtube-embed\" data-video_id=\"tX417yoOFTY\"><iframe loading=\"lazy\" title=\"CofExpress - Vacina\u00e7\u00e3o\" width=\"696\" height=\"392\" src=\"https:\/\/www.youtube.com\/embed\/tX417yoOFTY?start=1&#038;feature=oembed\" frameborder=\"0\" allow=\"accelerometer; autoplay; clipboard-write; encrypted-media; gyroscope; picture-in-picture; web-share\" referrerpolicy=\"strict-origin-when-cross-origin\" allowfullscreen><\/iframe><\/div>\n<\/div><\/figure>\n","protected":false},"excerpt":{"rendered":"<p>O MS publicou uma nova Nota Conjunta, na qual atualiza as orienta\u00e7\u00f5es para o Sistema Nacional de Vigil\u00e2ncia Epidemiol\u00f3gica das meningites.<\/p>\n","protected":false},"author":20,"featured_media":30769,"comment_status":"open","ping_status":"open","sticky":false,"template":"","format":"standard","meta":{"footnotes":""},"categories":[258,173],"tags":[2170,1209,235,2172],"ppma_author":[3616],"class_list":{"0":"post-30761","1":"post","2":"type-post","3":"status-publish","4":"format-standard","5":"has-post-thumbnail","7":"category-atualizacoes","8":"category-novidades","9":"tag-epidemia","10":"tag-meningite","11":"tag-ministerio-da-saude","12":"tag-sintomas-meningite"},"yoast_head":"<!-- This site is optimized with the Yoast SEO Premium plugin v24.3 (Yoast SEO v27.4) - https:\/\/yoast.com\/product\/yoast-seo-premium-wordpress\/ -->\n<title>Diretrizes para Vigil\u00e2ncia das Meningites no Brasil | MedCof<\/title>\n<meta name=\"description\" content=\"O MS publicou uma nova Nota Conjunta, na qual atualiza as orienta\u00e7\u00f5es para o Sistema Nacional de Vigil\u00e2ncia Epidemiol\u00f3gica das meningites.\" \/>\n<meta name=\"robots\" content=\"index, follow, max-snippet:-1, max-image-preview:large, max-video-preview:-1\" \/>\n<link rel=\"canonical\" href=\"https:\/\/www.grupomedcof.com.br\/blog\/diretrizes-vigilancia-epidemiologica-das-meningites-no-brasil\/\" \/>\n<meta property=\"og:locale\" content=\"pt_BR\" \/>\n<meta property=\"og:type\" content=\"article\" \/>\n<meta property=\"og:title\" content=\"Minist\u00e9rio da Sa\u00fade atualiza diretrizes para a vigil\u00e2ncia epidemiol\u00f3gica das meningites no Brasil\" \/>\n<meta property=\"og:description\" content=\"O MS publicou uma nova Nota Conjunta, na qual atualiza as orienta\u00e7\u00f5es para o Sistema Nacional de Vigil\u00e2ncia Epidemiol\u00f3gica das meningites.\" \/>\n<meta property=\"og:url\" content=\"https:\/\/www.grupomedcof.com.br\/blog\/diretrizes-vigilancia-epidemiologica-das-meningites-no-brasil\/\" \/>\n<meta property=\"og:site_name\" content=\"Blog de Medcof: conte\u00fados, editais, revalida e mais!\" \/>\n<meta property=\"article:publisher\" content=\"https:\/\/www.facebook.com\/MedCofQbank\/\" \/>\n<meta property=\"article:published_time\" content=\"2024-10-18T13:55:58+00:00\" \/>\n<meta property=\"article:modified_time\" content=\"2026-04-24T13:54:57+00:00\" \/>\n<meta property=\"og:image\" content=\"https:\/\/www.grupomedcof.com.br\/blog\/wp-content\/uploads\/2024\/10\/Blog-MedCof-10-1024x576.png\" \/>\n\t<meta property=\"og:image:width\" content=\"1024\" \/>\n\t<meta property=\"og:image:height\" content=\"576\" \/>\n\t<meta property=\"og:image:type\" content=\"image\/png\" \/>\n<meta name=\"author\" content=\"Leila Menzel\" \/>\n<meta name=\"twitter:card\" content=\"summary_large_image\" \/>\n<meta name=\"twitter:label1\" content=\"Escrito por\" \/>\n\t<meta name=\"twitter:data1\" content=\"Leila Menzel\" \/>\n\t<meta name=\"twitter:label2\" content=\"Est. tempo de leitura\" \/>\n\t<meta name=\"twitter:data2\" content=\"5 minutos\" \/>\n<script type=\"application\/ld+json\" class=\"yoast-schema-graph\">{\"@context\":\"https:\\\/\\\/schema.org\",\"@graph\":[{\"@type\":\"Article\",\"@id\":\"https:\\\/\\\/www.grupomedcof.com.br\\\/blog\\\/diretrizes-vigilancia-epidemiologica-das-meningites-no-brasil\\\/#article\",\"isPartOf\":{\"@id\":\"https:\\\/\\\/www.grupomedcof.com.br\\\/blog\\\/diretrizes-vigilancia-epidemiologica-das-meningites-no-brasil\\\/\"},\"author\":{\"name\":\"Leila Menzel\",\"@id\":\"https:\\\/\\\/www.grupomedcof.com.br\\\/blog\\\/#\\\/schema\\\/person\\\/9a44c2184a836bf5ae6967fdb3a1451e\"},\"headline\":\"Minist\u00e9rio da Sa\u00fade atualiza diretrizes para a vigil\u00e2ncia epidemiol\u00f3gica das meningites no Brasil\",\"datePublished\":\"2024-10-18T13:55:58+00:00\",\"dateModified\":\"2026-04-24T13:54:57+00:00\",\"mainEntityOfPage\":{\"@id\":\"https:\\\/\\\/www.grupomedcof.com.br\\\/blog\\\/diretrizes-vigilancia-epidemiologica-das-meningites-no-brasil\\\/\"},\"wordCount\":888,\"commentCount\":0,\"publisher\":{\"@id\":\"https:\\\/\\\/www.grupomedcof.com.br\\\/blog\\\/#organization\"},\"image\":{\"@id\":\"https:\\\/\\\/www.grupomedcof.com.br\\\/blog\\\/diretrizes-vigilancia-epidemiologica-das-meningites-no-brasil\\\/#primaryimage\"},\"thumbnailUrl\":\"https:\\\/\\\/www.grupomedcof.com.br\\\/blog\\\/wp-content\\\/uploads\\\/2024\\\/10\\\/Blog-MedCof-10.png\",\"keywords\":[\"Epidemia\",\"meningite\",\"Minist\u00e9rio da Sa\u00fade\",\"Sintomas Meningite\"],\"articleSection\":[\"Atualiza\u00e7\u00f5es\",\"Novidades\"],\"inLanguage\":\"pt-BR\"},{\"@type\":\"WebPage\",\"@id\":\"https:\\\/\\\/www.grupomedcof.com.br\\\/blog\\\/diretrizes-vigilancia-epidemiologica-das-meningites-no-brasil\\\/\",\"url\":\"https:\\\/\\\/www.grupomedcof.com.br\\\/blog\\\/diretrizes-vigilancia-epidemiologica-das-meningites-no-brasil\\\/\",\"name\":\"Diretrizes para Vigil\u00e2ncia das Meningites no Brasil | MedCof\",\"isPartOf\":{\"@id\":\"https:\\\/\\\/www.grupomedcof.com.br\\\/blog\\\/#website\"},\"primaryImageOfPage\":{\"@id\":\"https:\\\/\\\/www.grupomedcof.com.br\\\/blog\\\/diretrizes-vigilancia-epidemiologica-das-meningites-no-brasil\\\/#primaryimage\"},\"image\":{\"@id\":\"https:\\\/\\\/www.grupomedcof.com.br\\\/blog\\\/diretrizes-vigilancia-epidemiologica-das-meningites-no-brasil\\\/#primaryimage\"},\"thumbnailUrl\":\"https:\\\/\\\/www.grupomedcof.com.br\\\/blog\\\/wp-content\\\/uploads\\\/2024\\\/10\\\/Blog-MedCof-10.png\",\"datePublished\":\"2024-10-18T13:55:58+00:00\",\"dateModified\":\"2026-04-24T13:54:57+00:00\",\"description\":\"O MS publicou uma nova Nota Conjunta, na qual atualiza as orienta\u00e7\u00f5es para o Sistema Nacional de Vigil\u00e2ncia Epidemiol\u00f3gica das meningites.\",\"breadcrumb\":{\"@id\":\"https:\\\/\\\/www.grupomedcof.com.br\\\/blog\\\/diretrizes-vigilancia-epidemiologica-das-meningites-no-brasil\\\/#breadcrumb\"},\"inLanguage\":\"pt-BR\",\"potentialAction\":[{\"@type\":\"ReadAction\",\"target\":[\"https:\\\/\\\/www.grupomedcof.com.br\\\/blog\\\/diretrizes-vigilancia-epidemiologica-das-meningites-no-brasil\\\/\"]}]},{\"@type\":\"ImageObject\",\"inLanguage\":\"pt-BR\",\"@id\":\"https:\\\/\\\/www.grupomedcof.com.br\\\/blog\\\/diretrizes-vigilancia-epidemiologica-das-meningites-no-brasil\\\/#primaryimage\",\"url\":\"https:\\\/\\\/www.grupomedcof.com.br\\\/blog\\\/wp-content\\\/uploads\\\/2024\\\/10\\\/Blog-MedCof-10.png\",\"contentUrl\":\"https:\\\/\\\/www.grupomedcof.com.br\\\/blog\\\/wp-content\\\/uploads\\\/2024\\\/10\\\/Blog-MedCof-10.png\",\"width\":6000,\"height\":3375},{\"@type\":\"BreadcrumbList\",\"@id\":\"https:\\\/\\\/www.grupomedcof.com.br\\\/blog\\\/diretrizes-vigilancia-epidemiologica-das-meningites-no-brasil\\\/#breadcrumb\",\"itemListElement\":[{\"@type\":\"ListItem\",\"position\":1,\"name\":\"In\u00edcio\",\"item\":\"https:\\\/\\\/www.grupomedcof.com.br\\\/blog\\\/\"},{\"@type\":\"ListItem\",\"position\":2,\"name\":\"Minist\u00e9rio da Sa\u00fade atualiza diretrizes para a vigil\u00e2ncia epidemiol\u00f3gica das meningites no Brasil\"}]},{\"@type\":\"WebSite\",\"@id\":\"https:\\\/\\\/www.grupomedcof.com.br\\\/blog\\\/#website\",\"url\":\"https:\\\/\\\/www.grupomedcof.com.br\\\/blog\\\/\",\"name\":\"Blog de Medcof: conte\u00fados, editais, revalida e mais!\",\"description\":\"Acesso o blog de MedCof! Seu portal de conte\u00fados sobre resid\u00eancia m\u00e9dica, an\u00e1lise e editais e muito mais. Clique e confira!\",\"publisher\":{\"@id\":\"https:\\\/\\\/www.grupomedcof.com.br\\\/blog\\\/#organization\"},\"alternateName\":\"Blog de Medcof: conte\u00fados, editais, revalida e mais!\",\"potentialAction\":[{\"@type\":\"SearchAction\",\"target\":{\"@type\":\"EntryPoint\",\"urlTemplate\":\"https:\\\/\\\/www.grupomedcof.com.br\\\/blog\\\/?s={search_term_string}\"},\"query-input\":{\"@type\":\"PropertyValueSpecification\",\"valueRequired\":true,\"valueName\":\"search_term_string\"}}],\"inLanguage\":\"pt-BR\"},{\"@type\":\"Organization\",\"@id\":\"https:\\\/\\\/www.grupomedcof.com.br\\\/blog\\\/#organization\",\"name\":\"Grupo MedCof\",\"url\":\"https:\\\/\\\/www.grupomedcof.com.br\\\/blog\\\/\",\"logo\":{\"@type\":\"ImageObject\",\"inLanguage\":\"pt-BR\",\"@id\":\"https:\\\/\\\/www.grupomedcof.com.br\\\/blog\\\/#\\\/schema\\\/logo\\\/image\\\/\",\"url\":\"https:\\\/\\\/www.grupomedcof.com.br\\\/blog\\\/wp-content\\\/uploads\\\/2022\\\/01\\\/logo-medcof.png\",\"contentUrl\":\"https:\\\/\\\/www.grupomedcof.com.br\\\/blog\\\/wp-content\\\/uploads\\\/2022\\\/01\\\/logo-medcof.png\",\"width\":768,\"height\":269,\"caption\":\"Grupo MedCof\"},\"image\":{\"@id\":\"https:\\\/\\\/www.grupomedcof.com.br\\\/blog\\\/#\\\/schema\\\/logo\\\/image\\\/\"},\"sameAs\":[\"https:\\\/\\\/www.facebook.com\\\/MedCofQbank\\\/\",\"https:\\\/\\\/www.instagram.com\\\/grupomedcof\\\/\",\"https:\\\/\\\/br.linkedin.com\\\/company\\\/medcof\",\"https:\\\/\\\/www.youtube.com\\\/channel\\\/UCdHMuOHKICxcHwecxN8P-AA\"]},{\"@type\":\"Person\",\"@id\":\"https:\\\/\\\/www.grupomedcof.com.br\\\/blog\\\/#\\\/schema\\\/person\\\/9a44c2184a836bf5ae6967fdb3a1451e\",\"name\":\"Leila Menzel\",\"image\":{\"@type\":\"ImageObject\",\"inLanguage\":\"pt-BR\",\"@id\":\"https:\\\/\\\/www.grupomedcof.com.br\\\/blog\\\/wp-content\\\/uploads\\\/2025\\\/09\\\/cropped-eu-96x96.jpeg19a74936d997c0a8b3031618467fa1d0\",\"url\":\"https:\\\/\\\/www.grupomedcof.com.br\\\/blog\\\/wp-content\\\/uploads\\\/2025\\\/09\\\/cropped-eu-96x96.jpeg\",\"contentUrl\":\"https:\\\/\\\/www.grupomedcof.com.br\\\/blog\\\/wp-content\\\/uploads\\\/2025\\\/09\\\/cropped-eu-96x96.jpeg\",\"caption\":\"Leila Menzel\"},\"description\":\"Estudante do 6\u00b0 semestre de jornalismo, amo e escrevo poesias e viajo em livros de romances clich\u00eas.\",\"url\":\"https:\\\/\\\/www.grupomedcof.com.br\\\/blog\\\/author\\\/leila-menzel\\\/\"}]}<\/script>\n<!-- \/ Yoast SEO Premium plugin. -->","yoast_head_json":{"title":"Diretrizes para Vigil\u00e2ncia das Meningites no Brasil | MedCof","description":"O MS publicou uma nova Nota Conjunta, na qual atualiza as orienta\u00e7\u00f5es para o Sistema Nacional de Vigil\u00e2ncia Epidemiol\u00f3gica das meningites.","robots":{"index":"index","follow":"follow","max-snippet":"max-snippet:-1","max-image-preview":"max-image-preview:large","max-video-preview":"max-video-preview:-1"},"canonical":"https:\/\/www.grupomedcof.com.br\/blog\/diretrizes-vigilancia-epidemiologica-das-meningites-no-brasil\/","og_locale":"pt_BR","og_type":"article","og_title":"Minist\u00e9rio da Sa\u00fade atualiza diretrizes para a vigil\u00e2ncia epidemiol\u00f3gica das meningites no Brasil","og_description":"O MS publicou uma nova Nota Conjunta, na qual atualiza as orienta\u00e7\u00f5es para o Sistema Nacional de Vigil\u00e2ncia Epidemiol\u00f3gica das meningites.","og_url":"https:\/\/www.grupomedcof.com.br\/blog\/diretrizes-vigilancia-epidemiologica-das-meningites-no-brasil\/","og_site_name":"Blog de Medcof: conte\u00fados, editais, revalida e mais!","article_publisher":"https:\/\/www.facebook.com\/MedCofQbank\/","article_published_time":"2024-10-18T13:55:58+00:00","article_modified_time":"2026-04-24T13:54:57+00:00","og_image":[{"width":1024,"height":576,"url":"https:\/\/www.grupomedcof.com.br\/blog\/wp-content\/uploads\/2024\/10\/Blog-MedCof-10-1024x576.png","type":"image\/png"}],"author":"Leila Menzel","twitter_card":"summary_large_image","twitter_misc":{"Escrito por":"Leila Menzel","Est. tempo de leitura":"5 minutos"},"schema":{"@context":"https:\/\/schema.org","@graph":[{"@type":"Article","@id":"https:\/\/www.grupomedcof.com.br\/blog\/diretrizes-vigilancia-epidemiologica-das-meningites-no-brasil\/#article","isPartOf":{"@id":"https:\/\/www.grupomedcof.com.br\/blog\/diretrizes-vigilancia-epidemiologica-das-meningites-no-brasil\/"},"author":{"name":"Leila Menzel","@id":"https:\/\/www.grupomedcof.com.br\/blog\/#\/schema\/person\/9a44c2184a836bf5ae6967fdb3a1451e"},"headline":"Minist\u00e9rio da Sa\u00fade atualiza diretrizes para a vigil\u00e2ncia epidemiol\u00f3gica das meningites no Brasil","datePublished":"2024-10-18T13:55:58+00:00","dateModified":"2026-04-24T13:54:57+00:00","mainEntityOfPage":{"@id":"https:\/\/www.grupomedcof.com.br\/blog\/diretrizes-vigilancia-epidemiologica-das-meningites-no-brasil\/"},"wordCount":888,"commentCount":0,"publisher":{"@id":"https:\/\/www.grupomedcof.com.br\/blog\/#organization"},"image":{"@id":"https:\/\/www.grupomedcof.com.br\/blog\/diretrizes-vigilancia-epidemiologica-das-meningites-no-brasil\/#primaryimage"},"thumbnailUrl":"https:\/\/www.grupomedcof.com.br\/blog\/wp-content\/uploads\/2024\/10\/Blog-MedCof-10.png","keywords":["Epidemia","meningite","Minist\u00e9rio da Sa\u00fade","Sintomas Meningite"],"articleSection":["Atualiza\u00e7\u00f5es","Novidades"],"inLanguage":"pt-BR"},{"@type":"WebPage","@id":"https:\/\/www.grupomedcof.com.br\/blog\/diretrizes-vigilancia-epidemiologica-das-meningites-no-brasil\/","url":"https:\/\/www.grupomedcof.com.br\/blog\/diretrizes-vigilancia-epidemiologica-das-meningites-no-brasil\/","name":"Diretrizes para Vigil\u00e2ncia das Meningites no Brasil | MedCof","isPartOf":{"@id":"https:\/\/www.grupomedcof.com.br\/blog\/#website"},"primaryImageOfPage":{"@id":"https:\/\/www.grupomedcof.com.br\/blog\/diretrizes-vigilancia-epidemiologica-das-meningites-no-brasil\/#primaryimage"},"image":{"@id":"https:\/\/www.grupomedcof.com.br\/blog\/diretrizes-vigilancia-epidemiologica-das-meningites-no-brasil\/#primaryimage"},"thumbnailUrl":"https:\/\/www.grupomedcof.com.br\/blog\/wp-content\/uploads\/2024\/10\/Blog-MedCof-10.png","datePublished":"2024-10-18T13:55:58+00:00","dateModified":"2026-04-24T13:54:57+00:00","description":"O MS publicou uma nova Nota Conjunta, na qual atualiza as orienta\u00e7\u00f5es para o Sistema Nacional de Vigil\u00e2ncia Epidemiol\u00f3gica das meningites.","breadcrumb":{"@id":"https:\/\/www.grupomedcof.com.br\/blog\/diretrizes-vigilancia-epidemiologica-das-meningites-no-brasil\/#breadcrumb"},"inLanguage":"pt-BR","potentialAction":[{"@type":"ReadAction","target":["https:\/\/www.grupomedcof.com.br\/blog\/diretrizes-vigilancia-epidemiologica-das-meningites-no-brasil\/"]}]},{"@type":"ImageObject","inLanguage":"pt-BR","@id":"https:\/\/www.grupomedcof.com.br\/blog\/diretrizes-vigilancia-epidemiologica-das-meningites-no-brasil\/#primaryimage","url":"https:\/\/www.grupomedcof.com.br\/blog\/wp-content\/uploads\/2024\/10\/Blog-MedCof-10.png","contentUrl":"https:\/\/www.grupomedcof.com.br\/blog\/wp-content\/uploads\/2024\/10\/Blog-MedCof-10.png","width":6000,"height":3375},{"@type":"BreadcrumbList","@id":"https:\/\/www.grupomedcof.com.br\/blog\/diretrizes-vigilancia-epidemiologica-das-meningites-no-brasil\/#breadcrumb","itemListElement":[{"@type":"ListItem","position":1,"name":"In\u00edcio","item":"https:\/\/www.grupomedcof.com.br\/blog\/"},{"@type":"ListItem","position":2,"name":"Minist\u00e9rio da Sa\u00fade atualiza diretrizes para a vigil\u00e2ncia epidemiol\u00f3gica das meningites no Brasil"}]},{"@type":"WebSite","@id":"https:\/\/www.grupomedcof.com.br\/blog\/#website","url":"https:\/\/www.grupomedcof.com.br\/blog\/","name":"Blog de Medcof: conte\u00fados, editais, revalida e mais!","description":"Acesso o blog de MedCof! Seu portal de conte\u00fados sobre resid\u00eancia m\u00e9dica, an\u00e1lise e editais e muito mais. Clique e confira!","publisher":{"@id":"https:\/\/www.grupomedcof.com.br\/blog\/#organization"},"alternateName":"Blog de Medcof: conte\u00fados, editais, revalida e mais!","potentialAction":[{"@type":"SearchAction","target":{"@type":"EntryPoint","urlTemplate":"https:\/\/www.grupomedcof.com.br\/blog\/?s={search_term_string}"},"query-input":{"@type":"PropertyValueSpecification","valueRequired":true,"valueName":"search_term_string"}}],"inLanguage":"pt-BR"},{"@type":"Organization","@id":"https:\/\/www.grupomedcof.com.br\/blog\/#organization","name":"Grupo MedCof","url":"https:\/\/www.grupomedcof.com.br\/blog\/","logo":{"@type":"ImageObject","inLanguage":"pt-BR","@id":"https:\/\/www.grupomedcof.com.br\/blog\/#\/schema\/logo\/image\/","url":"https:\/\/www.grupomedcof.com.br\/blog\/wp-content\/uploads\/2022\/01\/logo-medcof.png","contentUrl":"https:\/\/www.grupomedcof.com.br\/blog\/wp-content\/uploads\/2022\/01\/logo-medcof.png","width":768,"height":269,"caption":"Grupo MedCof"},"image":{"@id":"https:\/\/www.grupomedcof.com.br\/blog\/#\/schema\/logo\/image\/"},"sameAs":["https:\/\/www.facebook.com\/MedCofQbank\/","https:\/\/www.instagram.com\/grupomedcof\/","https:\/\/br.linkedin.com\/company\/medcof","https:\/\/www.youtube.com\/channel\/UCdHMuOHKICxcHwecxN8P-AA"]},{"@type":"Person","@id":"https:\/\/www.grupomedcof.com.br\/blog\/#\/schema\/person\/9a44c2184a836bf5ae6967fdb3a1451e","name":"Leila Menzel","image":{"@type":"ImageObject","inLanguage":"pt-BR","@id":"https:\/\/www.grupomedcof.com.br\/blog\/wp-content\/uploads\/2025\/09\/cropped-eu-96x96.jpeg19a74936d997c0a8b3031618467fa1d0","url":"https:\/\/www.grupomedcof.com.br\/blog\/wp-content\/uploads\/2025\/09\/cropped-eu-96x96.jpeg","contentUrl":"https:\/\/www.grupomedcof.com.br\/blog\/wp-content\/uploads\/2025\/09\/cropped-eu-96x96.jpeg","caption":"Leila Menzel"},"description":"Estudante do 6\u00b0 semestre de jornalismo, amo e escrevo poesias e viajo em livros de romances clich\u00eas.","url":"https:\/\/www.grupomedcof.com.br\/blog\/author\/leila-menzel\/"}]}},"authors":[{"term_id":3616,"user_id":20,"is_guest":0,"slug":"leila-menzel","display_name":"Leila Menzel","avatar_url":"https:\/\/www.grupomedcof.com.br\/blog\/wp-content\/uploads\/2025\/09\/cropped-eu-96x96.jpeg","0":null,"1":"","2":"","3":"","4":"","5":"","6":"","7":"","8":""}],"_links":{"self":[{"href":"https:\/\/www.grupomedcof.com.br\/blog\/wp-json\/wp\/v2\/posts\/30761","targetHints":{"allow":["GET"]}}],"collection":[{"href":"https:\/\/www.grupomedcof.com.br\/blog\/wp-json\/wp\/v2\/posts"}],"about":[{"href":"https:\/\/www.grupomedcof.com.br\/blog\/wp-json\/wp\/v2\/types\/post"}],"author":[{"embeddable":true,"href":"https:\/\/www.grupomedcof.com.br\/blog\/wp-json\/wp\/v2\/users\/20"}],"replies":[{"embeddable":true,"href":"https:\/\/www.grupomedcof.com.br\/blog\/wp-json\/wp\/v2\/comments?post=30761"}],"version-history":[{"count":1,"href":"https:\/\/www.grupomedcof.com.br\/blog\/wp-json\/wp\/v2\/posts\/30761\/revisions"}],"predecessor-version":[{"id":43338,"href":"https:\/\/www.grupomedcof.com.br\/blog\/wp-json\/wp\/v2\/posts\/30761\/revisions\/43338"}],"wp:featuredmedia":[{"embeddable":true,"href":"https:\/\/www.grupomedcof.com.br\/blog\/wp-json\/wp\/v2\/media\/30769"}],"wp:attachment":[{"href":"https:\/\/www.grupomedcof.com.br\/blog\/wp-json\/wp\/v2\/media?parent=30761"}],"wp:term":[{"taxonomy":"category","embeddable":true,"href":"https:\/\/www.grupomedcof.com.br\/blog\/wp-json\/wp\/v2\/categories?post=30761"},{"taxonomy":"post_tag","embeddable":true,"href":"https:\/\/www.grupomedcof.com.br\/blog\/wp-json\/wp\/v2\/tags?post=30761"},{"taxonomy":"author","embeddable":true,"href":"https:\/\/www.grupomedcof.com.br\/blog\/wp-json\/wp\/v2\/ppma_author?post=30761"}],"curies":[{"name":"wp","href":"https:\/\/api.w.org\/{rel}","templated":true}]}}