{"id":30798,"date":"2024-10-21T11:36:32","date_gmt":"2024-10-21T14:36:32","guid":{"rendered":"https:\/\/www.grupomedcof.com.br\/blog\/?p=30798"},"modified":"2026-04-24T15:50:52","modified_gmt":"2026-04-24T18:50:52","slug":"rastreamento-de-aneuploidias-saiba-como-diagnosticar-no-acompanhamento-neonatal","status":"publish","type":"post","link":"https:\/\/www.grupomedcof.com.br\/blog\/rastreamento-de-aneuploidias-saiba-como-diagnosticar-no-acompanhamento-neonatal\/","title":{"rendered":"Rastreamento de Aneuploidias: saiba como diagnosticar no acompanhamento Neonatal"},"content":{"rendered":"<div id=\"ez-toc-container\" class=\"ez-toc-v2_0_74 counter-hierarchy ez-toc-counter ez-toc-transparent ez-toc-container-direction\">\n<div class=\"ez-toc-title-container\">\n<p class=\"ez-toc-title\" style=\"cursor:inherit\">Sum\u00e1rio<\/p>\n<span class=\"ez-toc-title-toggle\"><a href=\"#\" class=\"ez-toc-pull-right ez-toc-btn ez-toc-btn-xs ez-toc-btn-default ez-toc-toggle\" aria-label=\"Alternar tabela de conte\u00fado\"><span class=\"ez-toc-js-icon-con\"><span class=\"\"><span class=\"eztoc-hide\" style=\"display:none;\">Toggle<\/span><span class=\"ez-toc-icon-toggle-span\"><svg style=\"fill: #999;color:#999\" xmlns=\"http:\/\/www.w3.org\/2000\/svg\" class=\"list-377408\" width=\"20px\" height=\"20px\" viewBox=\"0 0 24 24\" fill=\"none\"><path d=\"M6 6H4v2h2V6zm14 0H8v2h12V6zM4 11h2v2H4v-2zm16 0H8v2h12v-2zM4 16h2v2H4v-2zm16 0H8v2h12v-2z\" fill=\"currentColor\"><\/path><\/svg><svg style=\"fill: #999;color:#999\" class=\"arrow-unsorted-368013\" xmlns=\"http:\/\/www.w3.org\/2000\/svg\" width=\"10px\" height=\"10px\" viewBox=\"0 0 24 24\" version=\"1.2\" baseProfile=\"tiny\"><path d=\"M18.2 9.3l-6.2-6.3-6.2 6.3c-.2.2-.3.4-.3.7s.1.5.3.7c.2.2.4.3.7.3h11c.3 0 .5-.1.7-.3.2-.2.3-.5.3-.7s-.1-.5-.3-.7zM5.8 14.7l6.2 6.3 6.2-6.3c.2-.2.3-.5.3-.7s-.1-.5-.3-.7c-.2-.2-.4-.3-.7-.3h-11c-.3 0-.5.1-.7.3-.2.2-.3.5-.3.7s.1.5.3.7z\"\/><\/svg><\/span><\/span><\/span><\/a><\/span><\/div>\n<nav><ul class='ez-toc-list ez-toc-list-level-1 ' ><li class='ez-toc-page-1 ez-toc-heading-level-2'><a class=\"ez-toc-link ez-toc-heading-1\" href=\"https:\/\/www.grupomedcof.com.br\/blog\/rastreamento-de-aneuploidias-saiba-como-diagnosticar-no-acompanhamento-neonatal\/#Busca_no_1o_trimestre\" >Busca no 1o trimestre<\/a><ul class='ez-toc-list-level-3' ><li class='ez-toc-heading-level-3'><a class=\"ez-toc-link ez-toc-heading-2\" href=\"https:\/\/www.grupomedcof.com.br\/blog\/rastreamento-de-aneuploidias-saiba-como-diagnosticar-no-acompanhamento-neonatal\/#Espessura_do_espaco_anecoico\" >Espessura do espa\u00e7o anecoico<\/a><\/li><li class='ez-toc-page-1 ez-toc-heading-level-3'><a class=\"ez-toc-link ez-toc-heading-3\" href=\"https:\/\/www.grupomedcof.com.br\/blog\/rastreamento-de-aneuploidias-saiba-como-diagnosticar-no-acompanhamento-neonatal\/#Translucencia_Nucal\" >Translucencia Nucal\u00a0\u00a0<\/a><\/li><\/ul><\/li><li class='ez-toc-page-1 ez-toc-heading-level-2'><a class=\"ez-toc-link ez-toc-heading-4\" href=\"https:\/\/www.grupomedcof.com.br\/blog\/rastreamento-de-aneuploidias-saiba-como-diagnosticar-no-acompanhamento-neonatal\/#Marcadores_Adicionais\" >Marcadores Adicionais<\/a><\/li><li class='ez-toc-page-1 ez-toc-heading-level-2'><a class=\"ez-toc-link ez-toc-heading-5\" href=\"https:\/\/www.grupomedcof.com.br\/blog\/rastreamento-de-aneuploidias-saiba-como-diagnosticar-no-acompanhamento-neonatal\/#Ducto_Venoso\" >Ducto Venoso<\/a><\/li><li class='ez-toc-page-1 ez-toc-heading-level-2'><a class=\"ez-toc-link ez-toc-heading-6\" href=\"https:\/\/www.grupomedcof.com.br\/blog\/rastreamento-de-aneuploidias-saiba-como-diagnosticar-no-acompanhamento-neonatal\/#Fluxo_Tricuspide\" >Fluxo Tric\u00faspide\u00a0<\/a><\/li><li class='ez-toc-page-1 ez-toc-heading-level-2'><a class=\"ez-toc-link ez-toc-heading-7\" href=\"https:\/\/www.grupomedcof.com.br\/blog\/rastreamento-de-aneuploidias-saiba-como-diagnosticar-no-acompanhamento-neonatal\/#Fatores_de_Risco\" >Fatores de Risco\u00a0<\/a><\/li><li class='ez-toc-page-1 ez-toc-heading-level-2'><a class=\"ez-toc-link ez-toc-heading-8\" href=\"https:\/\/www.grupomedcof.com.br\/blog\/rastreamento-de-aneuploidias-saiba-como-diagnosticar-no-acompanhamento-neonatal\/#Busca_no_2o_Semestre\" >Busca no 2o Semestre\u00a0<\/a><\/li><li class='ez-toc-page-1 ez-toc-heading-level-2'><a class=\"ez-toc-link ez-toc-heading-9\" href=\"https:\/\/www.grupomedcof.com.br\/blog\/rastreamento-de-aneuploidias-saiba-como-diagnosticar-no-acompanhamento-neonatal\/#O_metodo_que_te_aprova\" >O m\u00e9todo que te aprova!<\/a><\/li><\/ul><\/nav><\/div>\n\n<figure class=\"wp-block-image size-large\"><img loading=\"lazy\" decoding=\"async\" width=\"1024\" height=\"576\" src=\"https:\/\/www.grupomedcof.com.br\/blog\/wp-content\/uploads\/2024\/10\/Blog-MedCof-12-1024x576.png\" alt=\"\" class=\"wp-image-30806\" srcset=\"https:\/\/www.grupomedcof.com.br\/blog\/wp-content\/uploads\/2024\/10\/Blog-MedCof-12-1024x576.png 1024w, https:\/\/www.grupomedcof.com.br\/blog\/wp-content\/uploads\/2024\/10\/Blog-MedCof-12-300x169.png 300w, https:\/\/www.grupomedcof.com.br\/blog\/wp-content\/uploads\/2024\/10\/Blog-MedCof-12-768x432.png 768w, https:\/\/www.grupomedcof.com.br\/blog\/wp-content\/uploads\/2024\/10\/Blog-MedCof-12-1536x864.png 1536w, https:\/\/www.grupomedcof.com.br\/blog\/wp-content\/uploads\/2024\/10\/Blog-MedCof-12-2048x1152.png 2048w, https:\/\/www.grupomedcof.com.br\/blog\/wp-content\/uploads\/2024\/10\/Blog-MedCof-12-747x420.png 747w, https:\/\/www.grupomedcof.com.br\/blog\/wp-content\/uploads\/2024\/10\/Blog-MedCof-12-150x84.png 150w, https:\/\/www.grupomedcof.com.br\/blog\/wp-content\/uploads\/2024\/10\/Blog-MedCof-12-696x392.png 696w, https:\/\/www.grupomedcof.com.br\/blog\/wp-content\/uploads\/2024\/10\/Blog-MedCof-12-1068x601.png 1068w, https:\/\/www.grupomedcof.com.br\/blog\/wp-content\/uploads\/2024\/10\/Blog-MedCof-12-1920x1080.png 1920w\" sizes=\"auto, (max-width: 1024px) 100vw, 1024px\" \/><\/figure>\n\n\n\n<p>As principais <strong>aneuploidias<\/strong> identificadas durantes os exames neonatais s\u00e3o a Trissomia do par 21 (S\u00edndrome de Down), Trissomia do par 18 (S\u00edndrome de Edwards) e a Trissomia do par 13 (S\u00edndrome de Patau). Para identific\u00e1-las s\u00e3o usados m\u00e9todos de rastreamento n\u00e3o invasivos (que indiquem qual o risco ou nos indique se \u00e9 necess\u00e1ria alguma complementa\u00e7\u00e3o da investiga\u00e7\u00e3o) ou invasivos (como por BVC, amniocentese e cordocentese). A confirma\u00e7\u00e3o diagn\u00f3stica depende do estudo direto do material do concepto.\u00a0\u00a0<\/p>\n\n\n\n<h2 class=\"wp-block-heading\" id=\"h-busca-no-1-o-trimestre\"><span class=\"ez-toc-section\" id=\"Busca_no_1o_trimestre\"><\/span><strong>Busca no 1<sup>o<\/sup> trimestre<\/strong><span class=\"ez-toc-section-end\"><\/span><\/h2>\n\n\n\n<p>Historicamente, esse rastreamento somente come\u00e7ou a ser indicado em 1992, devido \u00e0 publica\u00e7\u00e3o do Prof. Kypros Nicolaides na revista British Medical Journal. A ultrassonografia realizada nessa fase nos permite examinar a medida da espessura do espa\u00e7o anecoico e a transluc\u00eancia nucal.\u00a0<\/p>\n\n\n\n<h3 class=\"wp-block-heading\" id=\"h-espessura-do-espaco-anecoico\"><span class=\"ez-toc-section\" id=\"Espessura_do_espaco_anecoico\"><\/span><strong>Espessura do espa\u00e7o anecoico<\/strong><span class=\"ez-toc-section-end\"><\/span><\/h3>\n\n\n\n<p>Feita sob a pele na regi\u00e3o nucal em fetos entre 10 &#8211; 14 semanas, essa medida pode nos elucidar quanto a preval\u00eancia de aneuploidias cromoss\u00f4micas em diferentes grupos:&nbsp;<\/p>\n\n\n\n<ul class=\"wp-block-list\">\n<li>>3 mm: 35% dos fetos eram aneuploides;<\/li>\n\n\n\n<li>&lt; 3 mm: menos de 2% dos fetos eram aneuploides;<\/li>\n\n\n\n<li>Entre 1 e 2 mm: nenhum feto aneuploide.\u00a0<\/li>\n<\/ul>\n\n\n\n<h3 class=\"wp-block-heading\" id=\"h-translucencia-nucal\"><span class=\"ez-toc-section\" id=\"Translucencia_Nucal\"><\/span><strong>Translucencia Nucal\u00a0<\/strong>\u00a0<span class=\"ez-toc-section-end\"><\/span><\/h3>\n\n\n\n<p>Realizada em CCN 45 a 84 mm ( ou 11 semanas e 13 semanas e 6 dias), \u00e9 feita a partir da medida da espessura do espa\u00e7o anecoico:&nbsp;<\/p>\n\n\n\n<ul class=\"wp-block-list\">\n<li>\u00a0&lt; ou igual a 2 mm = sempre normal;\u00a0<\/li>\n\n\n\n<li>> ou igual a 3 mm = sempre alterado.\u00a0<\/li>\n<\/ul>\n\n\n\n<p>Essas an\u00e1lises servem para a identifica\u00e7\u00e3o, al\u00e9m das aneuploidias, e s\u00edndromes gen\u00e9ticas (como Noonan, displasia tanatof\u00f3rica e erros inatos do metabolismo) e cardiopatias cong\u00eanitas.&nbsp;<\/p>\n\n\n\n<figure class=\"wp-block-image size-full\"><img loading=\"lazy\" decoding=\"async\" width=\"456\" height=\"307\" src=\"https:\/\/www.grupomedcof.com.br\/blog\/wp-content\/uploads\/2024\/10\/unnamed-33-1.jpg\" alt=\"\" class=\"wp-image-30799\" srcset=\"https:\/\/www.grupomedcof.com.br\/blog\/wp-content\/uploads\/2024\/10\/unnamed-33-1.jpg 456w, https:\/\/www.grupomedcof.com.br\/blog\/wp-content\/uploads\/2024\/10\/unnamed-33-1-300x202.jpg 300w, https:\/\/www.grupomedcof.com.br\/blog\/wp-content\/uploads\/2024\/10\/unnamed-33-1-150x101.jpg 150w\" sizes=\"auto, (max-width: 456px) 100vw, 456px\" \/><figcaption class=\"wp-element-caption\">Fonte: Arquivo de Aulas do Grupo MedCof\u00a0<\/figcaption><\/figure>\n\n\n\n<h2 class=\"wp-block-heading\" id=\"h-marcadores-adicionais\"><span class=\"ez-toc-section\" id=\"Marcadores_Adicionais\"><\/span><strong>Marcadores Adicionais<\/strong><span class=\"ez-toc-section-end\"><\/span><\/h2>\n\n\n\n<p>Al\u00e9m dessas medidas, a frequ\u00eancia card\u00edaca fetal, o osso nasal, o ducto venoso e o fluxo tric\u00faspide podem ser usados na suspei\u00e7\u00e3o das aneuploidias.\u00a0\u00a0<\/p>\n\n\n\n<ul class=\"wp-block-list\">\n<li><strong>Frequ\u00eancia Card\u00edaca Fetal:<\/strong> A taquicardia fetal e presente em cerca de \u2154 dos fetos portadores de s\u00edndrome de Patau;<\/li>\n\n\n\n<li><strong>Osso Nasal:<\/strong> Se realizado no primeiro trimestre, o procedimento de ultrassonografia \u00e9 o ideal para avaliar a presen\u00e7a ou aus\u00eancia\/hipoplasia do osso nasal (importante atentar para o risco de trissomia do cromossomo 21 e outras).\u00a0<br><\/li>\n<\/ul>\n\n\n\n<figure class=\"wp-block-image size-full\"><img loading=\"lazy\" decoding=\"async\" width=\"456\" height=\"300\" src=\"https:\/\/www.grupomedcof.com.br\/blog\/wp-content\/uploads\/2024\/10\/unnamed-34-1.jpg\" alt=\"\" class=\"wp-image-30800\" srcset=\"https:\/\/www.grupomedcof.com.br\/blog\/wp-content\/uploads\/2024\/10\/unnamed-34-1.jpg 456w, https:\/\/www.grupomedcof.com.br\/blog\/wp-content\/uploads\/2024\/10\/unnamed-34-1-300x197.jpg 300w, https:\/\/www.grupomedcof.com.br\/blog\/wp-content\/uploads\/2024\/10\/unnamed-34-1-150x99.jpg 150w\" sizes=\"auto, (max-width: 456px) 100vw, 456px\" \/><figcaption class=\"wp-element-caption\">Feto de 11 semanas com 3 linhas ecog\u00eanicas (ponta do nariz, superf\u00edcie da pele e osso nasal). Fonte: Acervo de Aulas do Grupo MedCof.<\/figcaption><\/figure>\n\n\n\n<h2 class=\"wp-block-heading\" id=\"h-ducto-venoso\"><span class=\"ez-toc-section\" id=\"Ducto_Venoso\"><\/span><strong>Ducto Venoso<\/strong><span class=\"ez-toc-section-end\"><\/span><\/h2>\n\n\n\n<p>Os exames devem mostrar uma onda \u201ca\u201d positiva, ou seja, demonstrando um fluxo anter\u00f3grado (mesmo durante a s\u00edstole atrial).\u00a0<\/p>\n\n\n\n<div class=\"wp-block-columns is-layout-flex wp-container-core-columns-is-layout-9d6595d7 wp-block-columns-is-layout-flex\">\n<div class=\"wp-block-column is-layout-flow wp-block-column-is-layout-flow\">\n<figure class=\"wp-block-image size-full\"><img loading=\"lazy\" decoding=\"async\" width=\"456\" height=\"318\" src=\"https:\/\/www.grupomedcof.com.br\/blog\/wp-content\/uploads\/2024\/10\/unnamed-35-1.jpg\" alt=\"\" class=\"wp-image-30801\" srcset=\"https:\/\/www.grupomedcof.com.br\/blog\/wp-content\/uploads\/2024\/10\/unnamed-35-1.jpg 456w, https:\/\/www.grupomedcof.com.br\/blog\/wp-content\/uploads\/2024\/10\/unnamed-35-1-300x209.jpg 300w, https:\/\/www.grupomedcof.com.br\/blog\/wp-content\/uploads\/2024\/10\/unnamed-35-1-150x105.jpg 150w\" sizes=\"auto, (max-width: 456px) 100vw, 456px\" \/><figcaption class=\"wp-element-caption\">Onda normal<\/figcaption><\/figure>\n<\/div>\n\n\n\n<div class=\"wp-block-column is-layout-flow wp-block-column-is-layout-flow\">\n<figure class=\"wp-block-image size-full is-resized\"><img loading=\"lazy\" decoding=\"async\" width=\"461\" height=\"325\" src=\"https:\/\/www.grupomedcof.com.br\/blog\/wp-content\/uploads\/2024\/10\/unnamed-36-1.jpg\" alt=\"\" class=\"wp-image-30802\" style=\"width:344px;height:auto\" srcset=\"https:\/\/www.grupomedcof.com.br\/blog\/wp-content\/uploads\/2024\/10\/unnamed-36-1.jpg 461w, https:\/\/www.grupomedcof.com.br\/blog\/wp-content\/uploads\/2024\/10\/unnamed-36-1-300x211.jpg 300w, https:\/\/www.grupomedcof.com.br\/blog\/wp-content\/uploads\/2024\/10\/unnamed-36-1-150x106.jpg 150w\" sizes=\"auto, (max-width: 461px) 100vw, 461px\" \/><figcaption class=\"wp-element-caption\">Onda reversa<\/figcaption><\/figure>\n<\/div>\n<\/div>\n\n\n\n<h2 class=\"wp-block-heading\" id=\"h-fluxo-tricuspide\"><span class=\"ez-toc-section\" id=\"Fluxo_Tricuspide\"><\/span><strong>Fluxo Tric\u00faspide\u00a0<\/strong><span class=\"ez-toc-section-end\"><\/span><\/h2>\n\n\n\n<p>A an\u00e1lise deste pode nos revelar a regurgita\u00e7\u00e3o patol\u00f3gica. O normal \u00e9 encontrar fluxo anter\u00f3grado, bif\u00e1sico, sem grandes regurgita\u00e7\u00f5es.\u00a0<br><\/p>\n\n\n\n<figure class=\"wp-block-image size-full\"><img loading=\"lazy\" decoding=\"async\" width=\"459\" height=\"320\" src=\"https:\/\/www.grupomedcof.com.br\/blog\/wp-content\/uploads\/2024\/10\/unnamed-37-1.jpg\" alt=\"\" class=\"wp-image-30804\" srcset=\"https:\/\/www.grupomedcof.com.br\/blog\/wp-content\/uploads\/2024\/10\/unnamed-37-1.jpg 459w, https:\/\/www.grupomedcof.com.br\/blog\/wp-content\/uploads\/2024\/10\/unnamed-37-1-300x209.jpg 300w, https:\/\/www.grupomedcof.com.br\/blog\/wp-content\/uploads\/2024\/10\/unnamed-37-1-150x105.jpg 150w\" sizes=\"auto, (max-width: 459px) 100vw, 459px\" \/><\/figure>\n\n\n\n<p>O fluxo patol\u00f3gico indica marcador de risco para aneuploidias e cardiopatias cong\u00eanitas.\u00a0<br><\/p>\n\n\n\n<figure class=\"wp-block-image size-full\"><img loading=\"lazy\" decoding=\"async\" width=\"469\" height=\"307\" src=\"https:\/\/www.grupomedcof.com.br\/blog\/wp-content\/uploads\/2024\/10\/unnamed-38-1.jpg\" alt=\"\" class=\"wp-image-30805\" srcset=\"https:\/\/www.grupomedcof.com.br\/blog\/wp-content\/uploads\/2024\/10\/unnamed-38-1.jpg 469w, https:\/\/www.grupomedcof.com.br\/blog\/wp-content\/uploads\/2024\/10\/unnamed-38-1-300x196.jpg 300w, https:\/\/www.grupomedcof.com.br\/blog\/wp-content\/uploads\/2024\/10\/unnamed-38-1-150x98.jpg 150w\" sizes=\"auto, (max-width: 469px) 100vw, 469px\" \/><figcaption class=\"wp-element-caption\">Fonte: Imagens retiradas do Acervo de Aulas do Grupo MedCof.\u00a0<\/figcaption><\/figure>\n\n\n\n<h2 class=\"wp-block-heading\" id=\"h-fatores-de-risco\"><span class=\"ez-toc-section\" id=\"Fatores_de_Risco\"><\/span><strong>Fatores de Risco\u00a0<\/strong><span class=\"ez-toc-section-end\"><\/span><\/h2>\n\n\n\n<p>Al\u00e9m dos riscos corrigidos (marcadores ultrassonogr\u00e1ficos j\u00e1 mencionados), podemos suspeitar de aneuploidias quando encontramos fatores de risco basal (associado \u00e0 m\u00e3e),\u00a0 como a idade gestacional e idade da gestante elevadas, ou quando h\u00e1 antecedentes.\u00a0<br><\/p>\n\n\n\n<h2 class=\"wp-block-heading\" id=\"h-busca-no-2-o-semestre\"><span class=\"ez-toc-section\" id=\"Busca_no_2o_Semestre\"><\/span><strong>Busca no 2<sup>o <\/sup>Semestre\u00a0<\/strong><span class=\"ez-toc-section-end\"><\/span><\/h2>\n\n\n\n<p>A busca pode ser menos invasiva nesse caso, partindo para a busca Bioqu\u00edmica:&nbsp;<\/p>\n\n\n\n<ul class=\"wp-block-list\">\n<li>Teste triplo: beta-hCG livre + AFP + Inibida A<\/li>\n\n\n\n<li>Teste quadruplo: triplo + estradiol<\/li>\n<\/ul>\n\n\n\n<p>O principal achado nessa fase \u00e9\u00a0trissomia do cromossomo 21 &#8211; S\u00edndrome de Down\u00a0<\/p>\n\n\n\n<figure class=\"wp-block-table\"><table class=\"has-fixed-layout\"><tbody><tr><td><\/td><td><strong>Taxa de Detec\u00e7\u00e3o (%)<\/strong><\/td><td><strong>Taxa de FP (%)&nbsp;<\/strong><\/td><\/tr><tr><td>Idade materna (IM)<\/td><td>30<\/td><td>5<\/td><\/tr><tr><td>IM+ TN + BQ + Outros marcadores USG&nbsp;<\/td><td>93-96<\/td><td>2,5<\/td><\/tr><tr><td>IM + Teste Duplo&nbsp;<\/td><td>55-65<\/td><td>5<\/td><\/tr><tr><td>IM + Teste Triplo&nbsp;<\/td><td>60-70<\/td><td>5<\/td><\/tr><tr><td>IM + Teste Qu\u00e1druplo&nbsp;<\/td><td>65-75<\/td><td>5<\/td><\/tr><\/tbody><\/table><\/figure>\n\n\n\n<h2 class=\"wp-block-heading\" id=\"h-o-metodo-que-te-aprova\"><span class=\"ez-toc-section\" id=\"O_metodo_que_te_aprova\"><\/span><strong>O m\u00e9todo que te aprova!<\/strong><span class=\"ez-toc-section-end\"><\/span><\/h2>\n\n\n\n<p>Quer alcan\u00e7ar a aprova\u00e7\u00e3o nas provas de resid\u00eancia m\u00e9dica? Ent\u00e3o seja um\u00a0<a href=\"https:\/\/www.grupomedcof.com.br\/home\/\" target=\"_blank\" rel=\"noreferrer noopener\">MedCoffer<\/a>! Aqui te ajudaremos na busca da aprova\u00e7\u00e3o com conte\u00fados de qualidade e uma\u00a0<a href=\"https:\/\/www.grupomedcof.com.br\/blog\/presenca-da-medcof-nas-aprovacoes-em-residencia-medica-no-brasil\/\" target=\"_blank\" rel=\"noreferrer noopener\">metodologia que j\u00e1 aprovou mais de 10 mil residentes no pa\u00eds!\u00a0<\/a>Por fim, acesse o nosso<a href=\"https:\/\/www.youtube.com\/@GrupoMedcof\/featured\" target=\"_blank\" rel=\"noreferrer noopener\">\u00a0<strong>canal do youtube\u00a0<\/strong><\/a>para ver o nosso material.<\/p>\n\n\n\n<figure class=\"wp-block-embed is-type-video is-provider-youtube wp-block-embed-youtube wp-embed-aspect-16-9 wp-has-aspect-ratio\"><div class=\"wp-block-embed__wrapper\">\n<div class=\"youtube-embed\" data-video_id=\"vom8O-5yJpY\"><iframe loading=\"lazy\" title=\"COFEXPRESS - Neonatologia: Icter\u00edcia e colestase neonatal. Com Dra. Amira Saleh\" width=\"696\" height=\"392\" src=\"https:\/\/www.youtube.com\/embed\/vom8O-5yJpY?start=2&#038;feature=oembed\" frameborder=\"0\" allow=\"accelerometer; autoplay; clipboard-write; encrypted-media; gyroscope; picture-in-picture; web-share\" referrerpolicy=\"strict-origin-when-cross-origin\" allowfullscreen><\/iframe><\/div>\n<\/div><\/figure>\n\n\n\n<p><span id=\"docs-internal-guid-d3bd58d4-7fff-3748-5378-d2aa34e4eb99\"><div><span style=\"font-size: 11pt; font-family: &quot;Proxima Nova&quot;, sans-serif; color: rgb(53, 55, 68); background-color: transparent; font-variant-numeric: normal; font-variant-east-asian: normal; font-variant-alternates: normal; font-variant-position: normal; vertical-align: baseline;\"><\/span><\/div><\/span><\/p>\n","protected":false},"excerpt":{"rendered":"<p>Saiba mais sobre as principais aneuploidias identificadas durantes os exames neonatais para se preparar para a resid\u00eancia m\u00e9dica!<\/p>\n","protected":false},"author":21,"featured_media":30806,"comment_status":"open","ping_status":"open","sticky":false,"template":"","format":"standard","meta":{"footnotes":""},"categories":[125],"tags":[2175,1452,1840,68],"ppma_author":[3617],"class_list":{"0":"post-30798","1":"post","2":"type-post","3":"status-publish","4":"format-standard","5":"has-post-thumbnail","7":"category-ginecologia-e-obstetricia","8":"tag-aneuploidias","9":"tag-provas","10":"tag-rastreamento","11":"tag-residencia-medica"},"yoast_head":"<!-- This site is optimized with the Yoast SEO Premium plugin v24.3 (Yoast SEO v27.4) - https:\/\/yoast.com\/product\/yoast-seo-premium-wordpress\/ -->\n<title>Rastreamento de Aneuploidias no Acompanhamento Neonatal | MedCof<\/title>\n<meta name=\"description\" content=\"Saiba mais sobre as principais aneuploidias identificadas durantes os exames neonatais para se preparar para a resid\u00eancia m\u00e9dica!\" \/>\n<meta name=\"robots\" content=\"index, follow, max-snippet:-1, max-image-preview:large, max-video-preview:-1\" \/>\n<link rel=\"canonical\" href=\"https:\/\/www.grupomedcof.com.br\/blog\/rastreamento-de-aneuploidias-saiba-como-diagnosticar-no-acompanhamento-neonatal\/\" \/>\n<meta property=\"og:locale\" content=\"pt_BR\" \/>\n<meta property=\"og:type\" content=\"article\" \/>\n<meta property=\"og:title\" content=\"Rastreamento de Aneuploidias: saiba como diagnosticar no acompanhamento Neonatal\" \/>\n<meta property=\"og:description\" content=\"Saiba mais sobre as principais aneuploidias identificadas durantes os exames neonatais para se preparar para a resid\u00eancia m\u00e9dica!\" \/>\n<meta property=\"og:url\" content=\"https:\/\/www.grupomedcof.com.br\/blog\/rastreamento-de-aneuploidias-saiba-como-diagnosticar-no-acompanhamento-neonatal\/\" \/>\n<meta property=\"og:site_name\" content=\"Blog de Medcof: conte\u00fados, editais, revalida e mais!\" \/>\n<meta property=\"article:publisher\" content=\"https:\/\/www.facebook.com\/MedCofQbank\/\" \/>\n<meta property=\"article:published_time\" content=\"2024-10-21T14:36:32+00:00\" \/>\n<meta property=\"article:modified_time\" content=\"2026-04-24T18:50:52+00:00\" \/>\n<meta property=\"og:image\" content=\"https:\/\/www.grupomedcof.com.br\/blog\/wp-content\/uploads\/2024\/10\/Blog-MedCof-12-1024x576.png\" \/>\n\t<meta property=\"og:image:width\" content=\"1024\" \/>\n\t<meta property=\"og:image:height\" content=\"576\" \/>\n\t<meta property=\"og:image:type\" content=\"image\/png\" \/>\n<meta name=\"author\" content=\"Kiara Adelino\" \/>\n<meta name=\"twitter:card\" content=\"summary_large_image\" \/>\n<meta name=\"twitter:label1\" content=\"Escrito por\" \/>\n\t<meta name=\"twitter:data1\" content=\"Kiara Adelino\" \/>\n\t<meta name=\"twitter:label2\" content=\"Est. tempo de leitura\" \/>\n\t<meta name=\"twitter:data2\" content=\"5 minutos\" \/>\n<script type=\"application\/ld+json\" class=\"yoast-schema-graph\">{\"@context\":\"https:\\\/\\\/schema.org\",\"@graph\":[{\"@type\":\"Article\",\"@id\":\"https:\\\/\\\/www.grupomedcof.com.br\\\/blog\\\/rastreamento-de-aneuploidias-saiba-como-diagnosticar-no-acompanhamento-neonatal\\\/#article\",\"isPartOf\":{\"@id\":\"https:\\\/\\\/www.grupomedcof.com.br\\\/blog\\\/rastreamento-de-aneuploidias-saiba-como-diagnosticar-no-acompanhamento-neonatal\\\/\"},\"author\":{\"name\":\"Kiara Adelino\",\"@id\":\"https:\\\/\\\/www.grupomedcof.com.br\\\/blog\\\/#\\\/schema\\\/person\\\/db19a651f86c5fc202d6eee744fd3292\"},\"headline\":\"Rastreamento de Aneuploidias: saiba como diagnosticar no acompanhamento Neonatal\",\"datePublished\":\"2024-10-21T14:36:32+00:00\",\"dateModified\":\"2026-04-24T18:50:52+00:00\",\"mainEntityOfPage\":{\"@id\":\"https:\\\/\\\/www.grupomedcof.com.br\\\/blog\\\/rastreamento-de-aneuploidias-saiba-como-diagnosticar-no-acompanhamento-neonatal\\\/\"},\"wordCount\":654,\"commentCount\":0,\"publisher\":{\"@id\":\"https:\\\/\\\/www.grupomedcof.com.br\\\/blog\\\/#organization\"},\"image\":{\"@id\":\"https:\\\/\\\/www.grupomedcof.com.br\\\/blog\\\/rastreamento-de-aneuploidias-saiba-como-diagnosticar-no-acompanhamento-neonatal\\\/#primaryimage\"},\"thumbnailUrl\":\"https:\\\/\\\/www.grupomedcof.com.br\\\/blog\\\/wp-content\\\/uploads\\\/2024\\\/10\\\/Blog-MedCof-12.png\",\"keywords\":[\"Aneuploidias\",\"Provas\",\"Rastreamento\",\"Resid\u00eancia M\u00e9dica\"],\"articleSection\":[\"Ginecologia e Obstetr\u00edcia\"],\"inLanguage\":\"pt-BR\"},{\"@type\":\"WebPage\",\"@id\":\"https:\\\/\\\/www.grupomedcof.com.br\\\/blog\\\/rastreamento-de-aneuploidias-saiba-como-diagnosticar-no-acompanhamento-neonatal\\\/\",\"url\":\"https:\\\/\\\/www.grupomedcof.com.br\\\/blog\\\/rastreamento-de-aneuploidias-saiba-como-diagnosticar-no-acompanhamento-neonatal\\\/\",\"name\":\"Rastreamento de Aneuploidias no Acompanhamento Neonatal | MedCof\",\"isPartOf\":{\"@id\":\"https:\\\/\\\/www.grupomedcof.com.br\\\/blog\\\/#website\"},\"primaryImageOfPage\":{\"@id\":\"https:\\\/\\\/www.grupomedcof.com.br\\\/blog\\\/rastreamento-de-aneuploidias-saiba-como-diagnosticar-no-acompanhamento-neonatal\\\/#primaryimage\"},\"image\":{\"@id\":\"https:\\\/\\\/www.grupomedcof.com.br\\\/blog\\\/rastreamento-de-aneuploidias-saiba-como-diagnosticar-no-acompanhamento-neonatal\\\/#primaryimage\"},\"thumbnailUrl\":\"https:\\\/\\\/www.grupomedcof.com.br\\\/blog\\\/wp-content\\\/uploads\\\/2024\\\/10\\\/Blog-MedCof-12.png\",\"datePublished\":\"2024-10-21T14:36:32+00:00\",\"dateModified\":\"2026-04-24T18:50:52+00:00\",\"description\":\"Saiba mais sobre as principais aneuploidias identificadas durantes os exames neonatais para se preparar para a resid\u00eancia m\u00e9dica!\",\"breadcrumb\":{\"@id\":\"https:\\\/\\\/www.grupomedcof.com.br\\\/blog\\\/rastreamento-de-aneuploidias-saiba-como-diagnosticar-no-acompanhamento-neonatal\\\/#breadcrumb\"},\"inLanguage\":\"pt-BR\",\"potentialAction\":[{\"@type\":\"ReadAction\",\"target\":[\"https:\\\/\\\/www.grupomedcof.com.br\\\/blog\\\/rastreamento-de-aneuploidias-saiba-como-diagnosticar-no-acompanhamento-neonatal\\\/\"]}]},{\"@type\":\"ImageObject\",\"inLanguage\":\"pt-BR\",\"@id\":\"https:\\\/\\\/www.grupomedcof.com.br\\\/blog\\\/rastreamento-de-aneuploidias-saiba-como-diagnosticar-no-acompanhamento-neonatal\\\/#primaryimage\",\"url\":\"https:\\\/\\\/www.grupomedcof.com.br\\\/blog\\\/wp-content\\\/uploads\\\/2024\\\/10\\\/Blog-MedCof-12.png\",\"contentUrl\":\"https:\\\/\\\/www.grupomedcof.com.br\\\/blog\\\/wp-content\\\/uploads\\\/2024\\\/10\\\/Blog-MedCof-12.png\",\"width\":2560,\"height\":1440},{\"@type\":\"BreadcrumbList\",\"@id\":\"https:\\\/\\\/www.grupomedcof.com.br\\\/blog\\\/rastreamento-de-aneuploidias-saiba-como-diagnosticar-no-acompanhamento-neonatal\\\/#breadcrumb\",\"itemListElement\":[{\"@type\":\"ListItem\",\"position\":1,\"name\":\"In\u00edcio\",\"item\":\"https:\\\/\\\/www.grupomedcof.com.br\\\/blog\\\/\"},{\"@type\":\"ListItem\",\"position\":2,\"name\":\"Rastreamento de Aneuploidias: saiba como diagnosticar no acompanhamento Neonatal\"}]},{\"@type\":\"WebSite\",\"@id\":\"https:\\\/\\\/www.grupomedcof.com.br\\\/blog\\\/#website\",\"url\":\"https:\\\/\\\/www.grupomedcof.com.br\\\/blog\\\/\",\"name\":\"Blog de Medcof: conte\u00fados, editais, revalida e mais!\",\"description\":\"Acesso o blog de MedCof! Seu portal de conte\u00fados sobre resid\u00eancia m\u00e9dica, an\u00e1lise e editais e muito mais. Clique e confira!\",\"publisher\":{\"@id\":\"https:\\\/\\\/www.grupomedcof.com.br\\\/blog\\\/#organization\"},\"alternateName\":\"Blog de Medcof: conte\u00fados, editais, revalida e mais!\",\"potentialAction\":[{\"@type\":\"SearchAction\",\"target\":{\"@type\":\"EntryPoint\",\"urlTemplate\":\"https:\\\/\\\/www.grupomedcof.com.br\\\/blog\\\/?s={search_term_string}\"},\"query-input\":{\"@type\":\"PropertyValueSpecification\",\"valueRequired\":true,\"valueName\":\"search_term_string\"}}],\"inLanguage\":\"pt-BR\"},{\"@type\":\"Organization\",\"@id\":\"https:\\\/\\\/www.grupomedcof.com.br\\\/blog\\\/#organization\",\"name\":\"Grupo MedCof\",\"url\":\"https:\\\/\\\/www.grupomedcof.com.br\\\/blog\\\/\",\"logo\":{\"@type\":\"ImageObject\",\"inLanguage\":\"pt-BR\",\"@id\":\"https:\\\/\\\/www.grupomedcof.com.br\\\/blog\\\/#\\\/schema\\\/logo\\\/image\\\/\",\"url\":\"https:\\\/\\\/www.grupomedcof.com.br\\\/blog\\\/wp-content\\\/uploads\\\/2022\\\/01\\\/logo-medcof.png\",\"contentUrl\":\"https:\\\/\\\/www.grupomedcof.com.br\\\/blog\\\/wp-content\\\/uploads\\\/2022\\\/01\\\/logo-medcof.png\",\"width\":768,\"height\":269,\"caption\":\"Grupo MedCof\"},\"image\":{\"@id\":\"https:\\\/\\\/www.grupomedcof.com.br\\\/blog\\\/#\\\/schema\\\/logo\\\/image\\\/\"},\"sameAs\":[\"https:\\\/\\\/www.facebook.com\\\/MedCofQbank\\\/\",\"https:\\\/\\\/www.instagram.com\\\/grupomedcof\\\/\",\"https:\\\/\\\/br.linkedin.com\\\/company\\\/medcof\",\"https:\\\/\\\/www.youtube.com\\\/channel\\\/UCdHMuOHKICxcHwecxN8P-AA\"]},{\"@type\":\"Person\",\"@id\":\"https:\\\/\\\/www.grupomedcof.com.br\\\/blog\\\/#\\\/schema\\\/person\\\/db19a651f86c5fc202d6eee744fd3292\",\"name\":\"Kiara Adelino\",\"image\":{\"@type\":\"ImageObject\",\"inLanguage\":\"pt-BR\",\"@id\":\"https:\\\/\\\/www.grupomedcof.com.br\\\/blog\\\/wp-content\\\/uploads\\\/2024\\\/08\\\/cropped-Kiara-Adelino2-96x96.jpega85663bdda67261f8f06f86e555e1e49\",\"url\":\"https:\\\/\\\/www.grupomedcof.com.br\\\/blog\\\/wp-content\\\/uploads\\\/2024\\\/08\\\/cropped-Kiara-Adelino2-96x96.jpeg\",\"contentUrl\":\"https:\\\/\\\/www.grupomedcof.com.br\\\/blog\\\/wp-content\\\/uploads\\\/2024\\\/08\\\/cropped-Kiara-Adelino2-96x96.jpeg\",\"caption\":\"Kiara Adelino\"},\"description\":\"Estudante do 5\u00b0 semestre de Medicina. Gosto bastante de aprender coisas novas, principalmente na \u00e1rea de Neurologia e Anatomia humana.\",\"url\":\"https:\\\/\\\/www.grupomedcof.com.br\\\/blog\\\/author\\\/kiara-adelino\\\/\"}]}<\/script>\n<!-- \/ Yoast SEO Premium plugin. -->","yoast_head_json":{"title":"Rastreamento de Aneuploidias no Acompanhamento Neonatal | MedCof","description":"Saiba mais sobre as principais aneuploidias identificadas durantes os exames neonatais para se preparar para a resid\u00eancia m\u00e9dica!","robots":{"index":"index","follow":"follow","max-snippet":"max-snippet:-1","max-image-preview":"max-image-preview:large","max-video-preview":"max-video-preview:-1"},"canonical":"https:\/\/www.grupomedcof.com.br\/blog\/rastreamento-de-aneuploidias-saiba-como-diagnosticar-no-acompanhamento-neonatal\/","og_locale":"pt_BR","og_type":"article","og_title":"Rastreamento de Aneuploidias: saiba como diagnosticar no acompanhamento Neonatal","og_description":"Saiba mais sobre as principais aneuploidias identificadas durantes os exames neonatais para se preparar para a resid\u00eancia m\u00e9dica!","og_url":"https:\/\/www.grupomedcof.com.br\/blog\/rastreamento-de-aneuploidias-saiba-como-diagnosticar-no-acompanhamento-neonatal\/","og_site_name":"Blog de Medcof: conte\u00fados, editais, revalida e mais!","article_publisher":"https:\/\/www.facebook.com\/MedCofQbank\/","article_published_time":"2024-10-21T14:36:32+00:00","article_modified_time":"2026-04-24T18:50:52+00:00","og_image":[{"width":1024,"height":576,"url":"https:\/\/www.grupomedcof.com.br\/blog\/wp-content\/uploads\/2024\/10\/Blog-MedCof-12-1024x576.png","type":"image\/png"}],"author":"Kiara Adelino","twitter_card":"summary_large_image","twitter_misc":{"Escrito por":"Kiara Adelino","Est. tempo de leitura":"5 minutos"},"schema":{"@context":"https:\/\/schema.org","@graph":[{"@type":"Article","@id":"https:\/\/www.grupomedcof.com.br\/blog\/rastreamento-de-aneuploidias-saiba-como-diagnosticar-no-acompanhamento-neonatal\/#article","isPartOf":{"@id":"https:\/\/www.grupomedcof.com.br\/blog\/rastreamento-de-aneuploidias-saiba-como-diagnosticar-no-acompanhamento-neonatal\/"},"author":{"name":"Kiara Adelino","@id":"https:\/\/www.grupomedcof.com.br\/blog\/#\/schema\/person\/db19a651f86c5fc202d6eee744fd3292"},"headline":"Rastreamento de Aneuploidias: saiba como diagnosticar no acompanhamento Neonatal","datePublished":"2024-10-21T14:36:32+00:00","dateModified":"2026-04-24T18:50:52+00:00","mainEntityOfPage":{"@id":"https:\/\/www.grupomedcof.com.br\/blog\/rastreamento-de-aneuploidias-saiba-como-diagnosticar-no-acompanhamento-neonatal\/"},"wordCount":654,"commentCount":0,"publisher":{"@id":"https:\/\/www.grupomedcof.com.br\/blog\/#organization"},"image":{"@id":"https:\/\/www.grupomedcof.com.br\/blog\/rastreamento-de-aneuploidias-saiba-como-diagnosticar-no-acompanhamento-neonatal\/#primaryimage"},"thumbnailUrl":"https:\/\/www.grupomedcof.com.br\/blog\/wp-content\/uploads\/2024\/10\/Blog-MedCof-12.png","keywords":["Aneuploidias","Provas","Rastreamento","Resid\u00eancia M\u00e9dica"],"articleSection":["Ginecologia e Obstetr\u00edcia"],"inLanguage":"pt-BR"},{"@type":"WebPage","@id":"https:\/\/www.grupomedcof.com.br\/blog\/rastreamento-de-aneuploidias-saiba-como-diagnosticar-no-acompanhamento-neonatal\/","url":"https:\/\/www.grupomedcof.com.br\/blog\/rastreamento-de-aneuploidias-saiba-como-diagnosticar-no-acompanhamento-neonatal\/","name":"Rastreamento de Aneuploidias no Acompanhamento Neonatal | MedCof","isPartOf":{"@id":"https:\/\/www.grupomedcof.com.br\/blog\/#website"},"primaryImageOfPage":{"@id":"https:\/\/www.grupomedcof.com.br\/blog\/rastreamento-de-aneuploidias-saiba-como-diagnosticar-no-acompanhamento-neonatal\/#primaryimage"},"image":{"@id":"https:\/\/www.grupomedcof.com.br\/blog\/rastreamento-de-aneuploidias-saiba-como-diagnosticar-no-acompanhamento-neonatal\/#primaryimage"},"thumbnailUrl":"https:\/\/www.grupomedcof.com.br\/blog\/wp-content\/uploads\/2024\/10\/Blog-MedCof-12.png","datePublished":"2024-10-21T14:36:32+00:00","dateModified":"2026-04-24T18:50:52+00:00","description":"Saiba mais sobre as principais aneuploidias identificadas durantes os exames neonatais para se preparar para a resid\u00eancia m\u00e9dica!","breadcrumb":{"@id":"https:\/\/www.grupomedcof.com.br\/blog\/rastreamento-de-aneuploidias-saiba-como-diagnosticar-no-acompanhamento-neonatal\/#breadcrumb"},"inLanguage":"pt-BR","potentialAction":[{"@type":"ReadAction","target":["https:\/\/www.grupomedcof.com.br\/blog\/rastreamento-de-aneuploidias-saiba-como-diagnosticar-no-acompanhamento-neonatal\/"]}]},{"@type":"ImageObject","inLanguage":"pt-BR","@id":"https:\/\/www.grupomedcof.com.br\/blog\/rastreamento-de-aneuploidias-saiba-como-diagnosticar-no-acompanhamento-neonatal\/#primaryimage","url":"https:\/\/www.grupomedcof.com.br\/blog\/wp-content\/uploads\/2024\/10\/Blog-MedCof-12.png","contentUrl":"https:\/\/www.grupomedcof.com.br\/blog\/wp-content\/uploads\/2024\/10\/Blog-MedCof-12.png","width":2560,"height":1440},{"@type":"BreadcrumbList","@id":"https:\/\/www.grupomedcof.com.br\/blog\/rastreamento-de-aneuploidias-saiba-como-diagnosticar-no-acompanhamento-neonatal\/#breadcrumb","itemListElement":[{"@type":"ListItem","position":1,"name":"In\u00edcio","item":"https:\/\/www.grupomedcof.com.br\/blog\/"},{"@type":"ListItem","position":2,"name":"Rastreamento de Aneuploidias: saiba como diagnosticar no acompanhamento Neonatal"}]},{"@type":"WebSite","@id":"https:\/\/www.grupomedcof.com.br\/blog\/#website","url":"https:\/\/www.grupomedcof.com.br\/blog\/","name":"Blog de Medcof: conte\u00fados, editais, revalida e mais!","description":"Acesso o blog de MedCof! Seu portal de conte\u00fados sobre resid\u00eancia m\u00e9dica, an\u00e1lise e editais e muito mais. Clique e confira!","publisher":{"@id":"https:\/\/www.grupomedcof.com.br\/blog\/#organization"},"alternateName":"Blog de Medcof: conte\u00fados, editais, revalida e mais!","potentialAction":[{"@type":"SearchAction","target":{"@type":"EntryPoint","urlTemplate":"https:\/\/www.grupomedcof.com.br\/blog\/?s={search_term_string}"},"query-input":{"@type":"PropertyValueSpecification","valueRequired":true,"valueName":"search_term_string"}}],"inLanguage":"pt-BR"},{"@type":"Organization","@id":"https:\/\/www.grupomedcof.com.br\/blog\/#organization","name":"Grupo MedCof","url":"https:\/\/www.grupomedcof.com.br\/blog\/","logo":{"@type":"ImageObject","inLanguage":"pt-BR","@id":"https:\/\/www.grupomedcof.com.br\/blog\/#\/schema\/logo\/image\/","url":"https:\/\/www.grupomedcof.com.br\/blog\/wp-content\/uploads\/2022\/01\/logo-medcof.png","contentUrl":"https:\/\/www.grupomedcof.com.br\/blog\/wp-content\/uploads\/2022\/01\/logo-medcof.png","width":768,"height":269,"caption":"Grupo MedCof"},"image":{"@id":"https:\/\/www.grupomedcof.com.br\/blog\/#\/schema\/logo\/image\/"},"sameAs":["https:\/\/www.facebook.com\/MedCofQbank\/","https:\/\/www.instagram.com\/grupomedcof\/","https:\/\/br.linkedin.com\/company\/medcof","https:\/\/www.youtube.com\/channel\/UCdHMuOHKICxcHwecxN8P-AA"]},{"@type":"Person","@id":"https:\/\/www.grupomedcof.com.br\/blog\/#\/schema\/person\/db19a651f86c5fc202d6eee744fd3292","name":"Kiara Adelino","image":{"@type":"ImageObject","inLanguage":"pt-BR","@id":"https:\/\/www.grupomedcof.com.br\/blog\/wp-content\/uploads\/2024\/08\/cropped-Kiara-Adelino2-96x96.jpega85663bdda67261f8f06f86e555e1e49","url":"https:\/\/www.grupomedcof.com.br\/blog\/wp-content\/uploads\/2024\/08\/cropped-Kiara-Adelino2-96x96.jpeg","contentUrl":"https:\/\/www.grupomedcof.com.br\/blog\/wp-content\/uploads\/2024\/08\/cropped-Kiara-Adelino2-96x96.jpeg","caption":"Kiara Adelino"},"description":"Estudante do 5\u00b0 semestre de Medicina. Gosto bastante de aprender coisas novas, principalmente na \u00e1rea de Neurologia e Anatomia humana.","url":"https:\/\/www.grupomedcof.com.br\/blog\/author\/kiara-adelino\/"}]}},"authors":[{"term_id":3617,"user_id":21,"is_guest":0,"slug":"kiara-adelino","display_name":"Kiara Adelino","avatar_url":"https:\/\/www.grupomedcof.com.br\/blog\/wp-content\/uploads\/2024\/08\/cropped-Kiara-Adelino2-96x96.jpeg","0":null,"1":"","2":"","3":"","4":"","5":"","6":"","7":"","8":""}],"_links":{"self":[{"href":"https:\/\/www.grupomedcof.com.br\/blog\/wp-json\/wp\/v2\/posts\/30798","targetHints":{"allow":["GET"]}}],"collection":[{"href":"https:\/\/www.grupomedcof.com.br\/blog\/wp-json\/wp\/v2\/posts"}],"about":[{"href":"https:\/\/www.grupomedcof.com.br\/blog\/wp-json\/wp\/v2\/types\/post"}],"author":[{"embeddable":true,"href":"https:\/\/www.grupomedcof.com.br\/blog\/wp-json\/wp\/v2\/users\/21"}],"replies":[{"embeddable":true,"href":"https:\/\/www.grupomedcof.com.br\/blog\/wp-json\/wp\/v2\/comments?post=30798"}],"version-history":[{"count":1,"href":"https:\/\/www.grupomedcof.com.br\/blog\/wp-json\/wp\/v2\/posts\/30798\/revisions"}],"predecessor-version":[{"id":43433,"href":"https:\/\/www.grupomedcof.com.br\/blog\/wp-json\/wp\/v2\/posts\/30798\/revisions\/43433"}],"wp:featuredmedia":[{"embeddable":true,"href":"https:\/\/www.grupomedcof.com.br\/blog\/wp-json\/wp\/v2\/media\/30806"}],"wp:attachment":[{"href":"https:\/\/www.grupomedcof.com.br\/blog\/wp-json\/wp\/v2\/media?parent=30798"}],"wp:term":[{"taxonomy":"category","embeddable":true,"href":"https:\/\/www.grupomedcof.com.br\/blog\/wp-json\/wp\/v2\/categories?post=30798"},{"taxonomy":"post_tag","embeddable":true,"href":"https:\/\/www.grupomedcof.com.br\/blog\/wp-json\/wp\/v2\/tags?post=30798"},{"taxonomy":"author","embeddable":true,"href":"https:\/\/www.grupomedcof.com.br\/blog\/wp-json\/wp\/v2\/ppma_author?post=30798"}],"curies":[{"name":"wp","href":"https:\/\/api.w.org\/{rel}","templated":true}]}}