{"id":30834,"date":"2024-10-22T17:40:00","date_gmt":"2024-10-22T20:40:00","guid":{"rendered":"https:\/\/www.grupomedcof.com.br\/blog\/?p=30834"},"modified":"2024-10-22T15:39:48","modified_gmt":"2024-10-22T18:39:48","slug":"causas-e-tratamento-irpa","status":"publish","type":"post","link":"https:\/\/www.grupomedcof.com.br\/blog\/causas-e-tratamento-irpa\/","title":{"rendered":"Saiba as causas da IRpA e qual a melhor maneira de trat\u00e1-la!"},"content":{"rendered":"<div id=\"ez-toc-container\" class=\"ez-toc-v2_0_74 counter-hierarchy ez-toc-counter ez-toc-transparent ez-toc-container-direction\">\n<div class=\"ez-toc-title-container\">\n<p class=\"ez-toc-title\" style=\"cursor:inherit\">Sum\u00e1rio<\/p>\n<span class=\"ez-toc-title-toggle\"><a href=\"#\" class=\"ez-toc-pull-right ez-toc-btn ez-toc-btn-xs ez-toc-btn-default ez-toc-toggle\" aria-label=\"Alternar tabela de conte\u00fado\"><span class=\"ez-toc-js-icon-con\"><span class=\"\"><span class=\"eztoc-hide\" style=\"display:none;\">Toggle<\/span><span class=\"ez-toc-icon-toggle-span\"><svg style=\"fill: #999;color:#999\" xmlns=\"http:\/\/www.w3.org\/2000\/svg\" class=\"list-377408\" width=\"20px\" height=\"20px\" viewBox=\"0 0 24 24\" fill=\"none\"><path d=\"M6 6H4v2h2V6zm14 0H8v2h12V6zM4 11h2v2H4v-2zm16 0H8v2h12v-2zM4 16h2v2H4v-2zm16 0H8v2h12v-2z\" fill=\"currentColor\"><\/path><\/svg><svg style=\"fill: #999;color:#999\" class=\"arrow-unsorted-368013\" xmlns=\"http:\/\/www.w3.org\/2000\/svg\" width=\"10px\" height=\"10px\" viewBox=\"0 0 24 24\" version=\"1.2\" baseProfile=\"tiny\"><path d=\"M18.2 9.3l-6.2-6.3-6.2 6.3c-.2.2-.3.4-.3.7s.1.5.3.7c.2.2.4.3.7.3h11c.3 0 .5-.1.7-.3.2-.2.3-.5.3-.7s-.1-.5-.3-.7zM5.8 14.7l6.2 6.3 6.2-6.3c.2-.2.3-.5.3-.7s-.1-.5-.3-.7c-.2-.2-.4-.3-.7-.3h-11c-.3 0-.5.1-.7.3-.2.2-.3.5-.3.7s.1.5.3.7z\"\/><\/svg><\/span><\/span><\/span><\/a><\/span><\/div>\n<nav><ul class='ez-toc-list ez-toc-list-level-1 ' ><li class='ez-toc-page-1 ez-toc-heading-level-2'><a class=\"ez-toc-link ez-toc-heading-1\" href=\"https:\/\/www.grupomedcof.com.br\/blog\/causas-e-tratamento-irpa\/#Conceitos_Basicos\" >Conceitos B\u00e1sicos<\/a><\/li><li class='ez-toc-page-1 ez-toc-heading-level-2'><a class=\"ez-toc-link ez-toc-heading-2\" href=\"https:\/\/www.grupomedcof.com.br\/blog\/causas-e-tratamento-irpa\/#Como_abordar_o_paciente\" >Como abordar o paciente?<\/a><\/li><li class='ez-toc-page-1 ez-toc-heading-level-2'><a class=\"ez-toc-link ez-toc-heading-3\" href=\"https:\/\/www.grupomedcof.com.br\/blog\/causas-e-tratamento-irpa\/#Quais_sao_os_preditores\" >Quais s\u00e3o os preditores?<\/a><\/li><li class='ez-toc-page-1 ez-toc-heading-level-2'><a class=\"ez-toc-link ez-toc-heading-4\" href=\"https:\/\/www.grupomedcof.com.br\/blog\/causas-e-tratamento-irpa\/#Os_7_%E2%80%9Cp%E2%80%9D_da_intubacao\" >Os 7 \u201cp\u201d da intuba\u00e7\u00e3o<\/a><\/li><li class='ez-toc-page-1 ez-toc-heading-level-2'><a class=\"ez-toc-link ez-toc-heading-5\" href=\"https:\/\/www.grupomedcof.com.br\/blog\/causas-e-tratamento-irpa\/#Veja_detalhes_a_ventilacao_nao_invasiva\" >Veja detalhes a ventila\u00e7\u00e3o n\u00e3o invasiva<\/a><\/li><li class='ez-toc-page-1 ez-toc-heading-level-2'><a class=\"ez-toc-link ez-toc-heading-6\" href=\"https:\/\/www.grupomedcof.com.br\/blog\/causas-e-tratamento-irpa\/#O_metodo_que_te_aprova\" >O m\u00e9todo que te aprova!<\/a><\/li><\/ul><\/nav><\/div>\n\n<figure class=\"wp-block-image size-large\"><img loading=\"lazy\" decoding=\"async\" width=\"1024\" height=\"576\" src=\"https:\/\/www.grupomedcof.com.br\/blog\/wp-content\/uploads\/2024\/10\/Blog-MedCof-18-1024x576.png\" alt=\"\" class=\"wp-image-30845\" srcset=\"https:\/\/www.grupomedcof.com.br\/blog\/wp-content\/uploads\/2024\/10\/Blog-MedCof-18-1024x576.png 1024w, https:\/\/www.grupomedcof.com.br\/blog\/wp-content\/uploads\/2024\/10\/Blog-MedCof-18-300x169.png 300w, https:\/\/www.grupomedcof.com.br\/blog\/wp-content\/uploads\/2024\/10\/Blog-MedCof-18-768x432.png 768w, https:\/\/www.grupomedcof.com.br\/blog\/wp-content\/uploads\/2024\/10\/Blog-MedCof-18-1536x864.png 1536w, https:\/\/www.grupomedcof.com.br\/blog\/wp-content\/uploads\/2024\/10\/Blog-MedCof-18-747x420.png 747w, https:\/\/www.grupomedcof.com.br\/blog\/wp-content\/uploads\/2024\/10\/Blog-MedCof-18-150x84.png 150w, https:\/\/www.grupomedcof.com.br\/blog\/wp-content\/uploads\/2024\/10\/Blog-MedCof-18-696x392.png 696w, https:\/\/www.grupomedcof.com.br\/blog\/wp-content\/uploads\/2024\/10\/Blog-MedCof-18-1068x601.png 1068w, https:\/\/www.grupomedcof.com.br\/blog\/wp-content\/uploads\/2024\/10\/Blog-MedCof-18.png 1920w\" sizes=\"auto, (max-width: 1024px) 100vw, 1024px\" \/><\/figure>\n\n\n\n<p>Curiosidades sobre procedimentos de Emerg\u00eancia na Cl\u00ednica M\u00e9dica.<\/p>\n\n\n\n<h2 class=\"wp-block-heading\" id=\"h-conceitos-basicos\"><span class=\"ez-toc-section\" id=\"Conceitos_Basicos\"><\/span><strong>Conceitos B\u00e1sicos<\/strong><span class=\"ez-toc-section-end\"><\/span><\/h2>\n\n\n\n<p>A IRpA \u00e9 a sigla que identifica a Insufici\u00eancia Respirat\u00f3ria Aguda. Segunda o manual de via a\u00e9rea na emerg\u00eancia do Walls, temos 3 indica\u00e7\u00f5es cl\u00e1ssicas para indicar via a\u00e9rea definitiva:<\/p>\n\n\n\n<ul class=\"wp-block-list\">\n<li>H\u00e1 falha em manter a via a\u00e9rea p\u00e9rvia\/protegida?<\/li>\n\n\n\n<li>H\u00e1 falha na ventila\u00e7\u00e3o ou oxigena\u00e7\u00e3o?&nbsp;&nbsp;<\/li>\n\n\n\n<li>H\u00e1 necessidade de se antecipar a um poss\u00edvel desfecho cl\u00ednico desfavor\u00e1vel?<\/li>\n<\/ul>\n\n\n\n<p>A insufici\u00eancia pode ser separada em <strong>via a\u00e9rea dif\u00edcil<\/strong> e <strong>via a\u00e9rea falha<\/strong>:<\/p>\n\n\n\n<ul class=\"wp-block-list\">\n<li><strong>Via A\u00e9rea Dif\u00edcil&nbsp;<\/strong><\/li>\n<\/ul>\n\n\n\n<p>Fisiologicamente, encontramos um paciente em estado de sa\u00fade onde o manejo pr\u00e9-intuba\u00e7\u00e3o \u00e9 dif\u00edcil. Mecanicamente, o paciente apresenta dificuldades t\u00e9cnicas ao procedimento, ou seja, com preditores de via a\u00e9rea dif\u00edceis.<\/p>\n\n\n\n<ul class=\"wp-block-list\">\n<li><strong>Via A\u00e9rea Falha&nbsp;<\/strong><\/li>\n<\/ul>\n\n\n\n<p>E aquela na qual o plano principal para estabelecer a via a\u00e9rea deu errado e \u00e9 necess\u00e1rio usar planos de resgate.&nbsp; Al\u00e9m disso, podemos citar a falha em manter a oxigena\u00e7\u00e3o adequada ap\u00f3s uma ou mais laringoscopias e,&nbsp; tamb\u00e9m, depois de 3 tentativas de intuba\u00e7\u00e3o falhas. \u00c9 importante lembrar que sempre devemos tentar formas diferentes ap\u00f3s falha de intuba\u00e7\u00e3o, n\u00e3o insistindo na mesma estrat\u00e9gia.<\/p>\n\n\n\n<h2 class=\"wp-block-heading\" id=\"h-como-abordar-o-paciente\"><span class=\"ez-toc-section\" id=\"Como_abordar_o_paciente\"><\/span><strong>Como abordar o paciente?<\/strong><span class=\"ez-toc-section-end\"><\/span><\/h2>\n\n\n\n<p>A forma mais abrangente de abordar as indica\u00e7\u00f5es segue a ordem: <strong>ABCDEG<\/strong><\/p>\n\n\n\n<p>A- Ar\/ Via a\u00e9rea: H\u00e1 alguma obstru\u00e7\u00e3o? E do tipo est\u00e1tica ou din\u00e2mica?&nbsp;<\/p>\n\n\n\n<p>B- Breathing (respira\u00e7\u00e3o): H\u00e1 falha na ventila\u00e7\u00e3o ou oxigena\u00e7\u00e3o?&nbsp;<\/p>\n\n\n\n<p>C- Circula\u00e7\u00e3o: O paciente tem ind\u00edcios de fadiga da musculatura respirat\u00f3ria por estar no limite de sua resposta metab\u00f3lica e hemodin\u00e2mica?<\/p>\n\n\n\n<p>D- Defici\u00eancia: H\u00e1 falha em manter a via a\u00e9rea protegida\/pr\u00e9via?&nbsp;<\/p>\n\n\n\n<p>E- Sequ\u00eancia Esperada: H\u00e1 necessidade de se antecipar a um poss\u00edvel desfecho cl\u00ednico desfavor\u00e1vel?&nbsp;<\/p>\n\n\n\n<p>G- Geral: o paciente est\u00e1 muito agitado e somente com o estabelecimento da via a\u00e9rea avan\u00e7ada suas doen\u00e7as ser\u00e3o tratadas da melhor maneira poss\u00edvel.<\/p>\n\n\n\n<h2 class=\"wp-block-heading\" id=\"h-quais-sao-os-preditores\"><span class=\"ez-toc-section\" id=\"Quais_sao_os_preditores\"><\/span><strong>Quais s\u00e3o os preditores?<\/strong><span class=\"ez-toc-section-end\"><\/span><\/h2>\n\n\n\n<ol class=\"wp-block-list\">\n<li><strong>MOANS<\/strong>&nbsp;<\/li>\n<\/ol>\n\n\n\n<p>Preditor de ventila\u00e7\u00e3o dif\u00edcil, e identificado por:&nbsp;<\/p>\n\n\n\n<p>M- Selo de M\u00e1scara&nbsp;<\/p>\n\n\n\n<p>O- Obstru\u00e7\u00e3o\/Obesidade<\/p>\n\n\n\n<p>A- Age (idade) &gt; 55<\/p>\n\n\n\n<p>N- Nao tem dentes&nbsp;<\/p>\n\n\n\n<p>S- Pulm\u00e3o Stiff (r\u00edgido) ou altera\u00e7\u00e3o de coluna cervical&nbsp;<\/p>\n\n\n\n<ol start=\"2\" class=\"wp-block-list\">\n<li><strong>LEMON&nbsp;<\/strong><\/li>\n<\/ol>\n\n\n\n<p>Preditor de intuba\u00e7\u00e3o dif\u00edcil, e avaliado da seguinte maneira:&nbsp;<\/p>\n\n\n\n<p>L- Look (olhar)&nbsp;<\/p>\n\n\n\n<p>E- Evaluate (avaliar 3-3-2)<\/p>\n\n\n\n<p>M- Mallampati&nbsp;<\/p>\n\n\n\n<p>O- Obstru\u00e7\u00e3o\/Obesidade<\/p>\n\n\n\n<p>N- Neck (pesco\u00e7o)<\/p>\n\n\n\n<ol start=\"3\" class=\"wp-block-list\">\n<li><strong>RODS<\/strong><\/li>\n<\/ol>\n\n\n\n<p>Avalia\u00e7\u00e3o de dispositivos supragl\u00f3ticos, significa:&nbsp;<\/p>\n\n\n\n<p>R- Movimenta\u00e7\u00e3o restrita da boca&nbsp;<\/p>\n\n\n\n<p>O- Obstru\u00e7\u00e3o&nbsp;<\/p>\n\n\n\n<p>D- Anatomia distorcida<\/p>\n\n\n\n<p>S- Pulm\u00e3o Stiff (r\u00edgido) ou altera\u00e7\u00e3o de coluna cervical&nbsp;<\/p>\n\n\n\n<ol start=\"4\" class=\"wp-block-list\">\n<li><strong>SHORT<\/strong><\/li>\n<\/ol>\n\n\n\n<p>Preditor para via a\u00e9rea cir\u00fargica dificil, \u00e9 assim identificado:&nbsp;<\/p>\n\n\n\n<p>S- Surgery (cirurgia)&nbsp;<\/p>\n\n\n\n<p>H- Hematoma&nbsp;<\/p>\n\n\n\n<p>O- Obesidade&nbsp;<\/p>\n\n\n\n<p>R- Radia\u00e7\u00e3o&nbsp;<\/p>\n\n\n\n<p>T- Tumor<\/p>\n\n\n\n<figure class=\"wp-block-image size-full\"><img loading=\"lazy\" decoding=\"async\" width=\"547\" height=\"242\" src=\"https:\/\/www.grupomedcof.com.br\/blog\/wp-content\/uploads\/2024\/10\/Captura-de-tela-2024-10-22-114353.png\" alt=\"\" class=\"wp-image-30835\" srcset=\"https:\/\/www.grupomedcof.com.br\/blog\/wp-content\/uploads\/2024\/10\/Captura-de-tela-2024-10-22-114353.png 547w, https:\/\/www.grupomedcof.com.br\/blog\/wp-content\/uploads\/2024\/10\/Captura-de-tela-2024-10-22-114353-300x133.png 300w, https:\/\/www.grupomedcof.com.br\/blog\/wp-content\/uploads\/2024\/10\/Captura-de-tela-2024-10-22-114353-150x66.png 150w\" sizes=\"auto, (max-width: 547px) 100vw, 547px\" \/><figcaption class=\"wp-element-caption\">Upper-lip bite test. Fonte: Acervo de Aulas do Grupo MedCof<\/figcaption><\/figure>\n\n\n\n<figure class=\"wp-block-image size-full\"><img loading=\"lazy\" decoding=\"async\" width=\"382\" height=\"244\" src=\"https:\/\/www.grupomedcof.com.br\/blog\/wp-content\/uploads\/2024\/10\/Captura-de-tela-2024-10-22-114455.png\" alt=\"\" class=\"wp-image-30836\" srcset=\"https:\/\/www.grupomedcof.com.br\/blog\/wp-content\/uploads\/2024\/10\/Captura-de-tela-2024-10-22-114455.png 382w, https:\/\/www.grupomedcof.com.br\/blog\/wp-content\/uploads\/2024\/10\/Captura-de-tela-2024-10-22-114455-300x192.png 300w, https:\/\/www.grupomedcof.com.br\/blog\/wp-content\/uploads\/2024\/10\/Captura-de-tela-2024-10-22-114455-150x96.png 150w\" sizes=\"auto, (max-width: 382px) 100vw, 382px\" \/><figcaption class=\"wp-element-caption\">Circunfer\u00eancia cervical, considerado um bom preditor de via a\u00e9rea dif\u00edcil quando maior que 40 cm. Fonte: Acervo de Aulas do Grupo MedCof<\/figcaption><\/figure>\n\n\n\n<figure class=\"wp-block-image size-full\"><img loading=\"lazy\" decoding=\"async\" width=\"327\" height=\"408\" src=\"https:\/\/www.grupomedcof.com.br\/blog\/wp-content\/uploads\/2024\/10\/Captura-de-tela-2024-10-22-114543.png\" alt=\"\" class=\"wp-image-30838\" srcset=\"https:\/\/www.grupomedcof.com.br\/blog\/wp-content\/uploads\/2024\/10\/Captura-de-tela-2024-10-22-114543.png 327w, https:\/\/www.grupomedcof.com.br\/blog\/wp-content\/uploads\/2024\/10\/Captura-de-tela-2024-10-22-114543-240x300.png 240w, https:\/\/www.grupomedcof.com.br\/blog\/wp-content\/uploads\/2024\/10\/Captura-de-tela-2024-10-22-114543-150x187.png 150w, https:\/\/www.grupomedcof.com.br\/blog\/wp-content\/uploads\/2024\/10\/Captura-de-tela-2024-10-22-114543-300x374.png 300w\" sizes=\"auto, (max-width: 327px) 100vw, 327px\" \/><figcaption class=\"wp-element-caption\">Classifica\u00e7\u00e3o de Mallampati. Fonte: Aervo de Aulas do Grupo MedCof<\/figcaption><\/figure>\n\n\n\n<figure class=\"wp-block-image size-full\"><img loading=\"lazy\" decoding=\"async\" width=\"529\" height=\"163\" src=\"https:\/\/www.grupomedcof.com.br\/blog\/wp-content\/uploads\/2024\/10\/image-2.png\" alt=\"\" class=\"wp-image-30839\" srcset=\"https:\/\/www.grupomedcof.com.br\/blog\/wp-content\/uploads\/2024\/10\/image-2.png 529w, https:\/\/www.grupomedcof.com.br\/blog\/wp-content\/uploads\/2024\/10\/image-2-300x92.png 300w, https:\/\/www.grupomedcof.com.br\/blog\/wp-content\/uploads\/2024\/10\/image-2-150x46.png 150w\" sizes=\"auto, (max-width: 529px) 100vw, 529px\" \/><figcaption class=\"wp-element-caption\">Classifica\u00e7\u00e3o de Cormack e Lehane (durante a laringoscopia). Fonte: Acervo de Aulas do Grupo MedCof.<\/figcaption><\/figure>\n\n\n\n<figure class=\"wp-block-image size-full\"><img loading=\"lazy\" decoding=\"async\" width=\"431\" height=\"431\" src=\"https:\/\/www.grupomedcof.com.br\/blog\/wp-content\/uploads\/2024\/10\/image-3.png\" alt=\"\" class=\"wp-image-30841\" srcset=\"https:\/\/www.grupomedcof.com.br\/blog\/wp-content\/uploads\/2024\/10\/image-3.png 431w, https:\/\/www.grupomedcof.com.br\/blog\/wp-content\/uploads\/2024\/10\/image-3-300x300.png 300w, https:\/\/www.grupomedcof.com.br\/blog\/wp-content\/uploads\/2024\/10\/image-3-150x150.png 150w, https:\/\/www.grupomedcof.com.br\/blog\/wp-content\/uploads\/2024\/10\/image-3-420x420.png 420w, https:\/\/www.grupomedcof.com.br\/blog\/wp-content\/uploads\/2024\/10\/image-3-96x96.png 96w\" sizes=\"auto, (max-width: 431px) 100vw, 431px\" \/><figcaption class=\"wp-element-caption\">Bougi, dispositivo para facilitar IOT, guiando para o lugar certo. Fonte: TcD.&nbsp; https:\/\/images.app.goo.gl\/KUaNdYz4Y9rWLDCu6<\/figcaption><\/figure>\n\n\n\n<h2 class=\"wp-block-heading\" id=\"h-os-7-p-da-intubacao\"><span class=\"ez-toc-section\" id=\"Os_7_%E2%80%9Cp%E2%80%9D_da_intubacao\"><\/span><strong>Os 7 \u201cp\u201d da intuba\u00e7\u00e3o<\/strong><span class=\"ez-toc-section-end\"><\/span><\/h2>\n\n\n\n<ol class=\"wp-block-list\">\n<li>Prepara\u00e7\u00e3o&nbsp;<\/li>\n<\/ol>\n\n\n\n<p>Primeiro, testamos o laringosc\u00f3pio, o cuff, as medica\u00e7\u00f5es e a l\u00e2mina, al\u00e9m de preparar outros planos caso a IOT falhe.&nbsp;<\/p>\n\n\n\n<ol start=\"2\" class=\"wp-block-list\">\n<li>Pre-oxigena\u00e7\u00e3o&nbsp;<\/li>\n<\/ol>\n\n\n\n<p>Ent\u00e3o, oferecemos oxig\u00eanio 100% independente da forma que voc\u00ea vai oferecer, por 3 a 5 minutos. O objetivo \u00e9 a desnitrogena\u00e7\u00e3o pulmonar, aumentando a quantidade de O<sub>2<\/sub> no mesmo volume e garantindo um maior tempo de via a\u00e9rea segura.<\/p>\n\n\n\n<ol start=\"3\" class=\"wp-block-list\">\n<li>Pr\u00e9-Tratamento&nbsp;<\/li>\n<\/ol>\n\n\n\n<p>Pouco realizado no cen\u00e1rio de emerg\u00eancia, essa etapa inclui a observa\u00e7\u00e3o dos n\u00edveis de Fentanil (simp\u00e1tico) e Lidoca\u00edna (n\u00e3o utilizada!)<\/p>\n\n\n\n<ol start=\"4\" class=\"wp-block-list\">\n<li>Paralisia\/ indu\u00e7\u00e3o&nbsp;<\/li>\n<\/ol>\n\n\n\n<p>Administra\u00e7\u00e3o de Drogas de seda\u00e7\u00e3o:&nbsp;<\/p>\n\n\n\n<ul class=\"wp-block-list\">\n<li>Etomidato (se estiver cardioest\u00e1vel. Se causar mioclonias, utilizar midazolam)&nbsp;<\/li>\n\n\n\n<li>Quetamina (para preservar o drive respirat\u00f3rio do paciente e fazer broncodilata\u00e7\u00e3o e analgesia. Sempre que as quest\u00f5es falarem de pacientes com problemas de broncoespasmos que v\u00e3o ser submetidos a intuba\u00e7\u00e3o orotraqueal essa \u00e9 a melhor escolha!)&nbsp;<\/li>\n\n\n\n<li>Propofol e midazolam (s\u00e3o menos utilizados pelo efeito depressor do sistema cardiovascular, que pode gerar PCR).&nbsp;<\/li>\n\n\n\n<li>Succinilcolina e Rocur\u00f4nio (bloqueadores neuromusculares que n\u00e3o indicados se houver a possibilidade de n\u00e3o conseguir ventilar o paciente, \u00e9 uma decis\u00e3o \u201csubjetiva\u201d + experi\u00eancia do m\u00e9dico)&nbsp;<\/li>\n<\/ul>\n\n\n\n<p>Curiosidade: Existe uma nova droga de seda\u00e7\u00e3o no mercado = Ciprofol, parecida com propofol, ATEN\u00c7\u00c3O!<\/p>\n\n\n\n<ol start=\"5\" class=\"wp-block-list\">\n<li>Posicionamento&nbsp;<\/li>\n<\/ol>\n\n\n\n<p>Atentar-se a posi\u00e7\u00e3o ideal do paciente (Sniff position)<\/p>\n\n\n\n<figure class=\"wp-block-image size-full\"><img loading=\"lazy\" decoding=\"async\" width=\"206\" height=\"86\" src=\"https:\/\/www.grupomedcof.com.br\/blog\/wp-content\/uploads\/2024\/10\/image-4.png\" alt=\"\" class=\"wp-image-30842\" srcset=\"https:\/\/www.grupomedcof.com.br\/blog\/wp-content\/uploads\/2024\/10\/image-4.png 206w, https:\/\/www.grupomedcof.com.br\/blog\/wp-content\/uploads\/2024\/10\/image-4-150x63.png 150w\" sizes=\"auto, (max-width: 206px) 100vw, 206px\" \/><figcaption class=\"wp-element-caption\">Fonte: Acervo de Aulas do Grupo MedCof<\/figcaption><\/figure>\n\n\n\n<p>6. Passar o tubo e confirmar entuba\u00e7\u00e3o&nbsp;<\/p>\n\n\n\n<ol class=\"wp-block-list\">\n<li><\/li>\n<\/ol>\n\n\n\n<p>Durante essa, realizamos inspe\u00e7\u00e3o, ausculta, ultrassonografia para confirmar a correta intuba\u00e7\u00e3o.&nbsp;O m\u00e9todo ouro de confirma\u00e7\u00e3o e a capnografia.<\/p>\n\n\n\n<figure class=\"wp-block-image size-full\"><img loading=\"lazy\" decoding=\"async\" width=\"207\" height=\"114\" src=\"https:\/\/www.grupomedcof.com.br\/blog\/wp-content\/uploads\/2024\/10\/image-5.png\" alt=\"\" class=\"wp-image-30843\" srcset=\"https:\/\/www.grupomedcof.com.br\/blog\/wp-content\/uploads\/2024\/10\/image-5.png 207w, https:\/\/www.grupomedcof.com.br\/blog\/wp-content\/uploads\/2024\/10\/image-5-150x83.png 150w\" sizes=\"auto, (max-width: 207px) 100vw, 207px\" \/><figcaption class=\"wp-element-caption\">Fonte: Acervo de Aulas do Grupo MedCof<\/figcaption><\/figure>\n\n\n\n<p>7. P\u00f3s-intuba\u00e7\u00e3o&nbsp;<\/p>\n\n\n\n<p>Por fim, checamos se o paciente est\u00e1 bem centrado, se houve pneumot\u00f3rax ou outros problemas. Caso n\u00e3o haja nenhum, seguimos com os cuidados de recupera\u00e7\u00e3o. Mas se o paciente continuar dessaturando, mesmo intubado, devemos investigar uma descondensa\u00e7\u00e3o secund\u00e1ria a DOPES (D- tubo fora do lugar; O- obstru\u00e7\u00e3o do tubo; P- pneumot\u00f3rax; E- equipamento n\u00e3o funcionante; S- stacking) e consertar o problema com DOTTS (D- desconectar do ventilador; O- oxigenar com BVM; T- melhorar a posi\u00e7\u00e3o do tubo; T- melhorar a ventila\u00e7\u00e3o no equipamento; S- USG para checar a conex\u00e3o da intuba\u00e7\u00e3o).<\/p>\n\n\n\n<h2 class=\"wp-block-heading\" id=\"h-veja-detalhes-a-ventilacao-nao-invasiva\"><span class=\"ez-toc-section\" id=\"Veja_detalhes_a_ventilacao_nao_invasiva\"><\/span><strong>Veja detalhes a ventila\u00e7\u00e3o n\u00e3o invasiva<\/strong><span class=\"ez-toc-section-end\"><\/span><\/h2>\n\n\n\n<p>Outro modelo que busca a estabiliza\u00e7\u00e3o do paciente e \u00e9 aplicado em casos espec\u00edficos, a ventila\u00e7\u00e3o n\u00e3o invasiva est\u00e1 descrita em detalhes no nosso material de estudos para a Resid\u00eancia. Seja aluno MedCof e tenha acesso a tudo isso e muito mais.<\/p>\n\n\n\n<h2 class=\"wp-block-heading\" id=\"o-m\u00e9todo-que-te-aprova\"><span class=\"ez-toc-section\" id=\"O_metodo_que_te_aprova\"><\/span><strong>O m\u00e9todo que te aprova!<\/strong><span class=\"ez-toc-section-end\"><\/span><\/h2>\n\n\n\n<p>Quer alcan\u00e7ar a aprova\u00e7\u00e3o nas provas de resid\u00eancia m\u00e9dica? Ent\u00e3o seja um&nbsp;<a href=\"https:\/\/www.grupomedcof.com.br\/home\/\" target=\"_blank\" rel=\"noreferrer noopener\">MedCoffer<\/a>! Aqui te ajudaremos na busca da aprova\u00e7\u00e3o com conte\u00fados de qualidade e uma&nbsp;<a href=\"https:\/\/www.grupomedcof.com.br\/blog\/presenca-da-medcof-nas-aprovacoes-em-residencia-medica-no-brasil\/\" target=\"_blank\" rel=\"noreferrer noopener\">metodologia que j\u00e1 aprovou mais de 10 mil residentes no pa\u00eds!&nbsp;<\/a>Por fim, acesse o nosso<a href=\"https:\/\/www.youtube.com\/@GrupoMedcof\/featured\" target=\"_blank\" rel=\"noreferrer noopener\">&nbsp;<strong>canal do youtube&nbsp;<\/strong><\/a>para ver o nosso material.<\/p>\n\n\n\n<figure class=\"wp-block-embed is-type-video is-provider-youtube wp-block-embed-youtube wp-embed-aspect-16-9 wp-has-aspect-ratio\"><div class=\"wp-block-embed__wrapper\">\n<iframe loading=\"lazy\" title=\"Malforma\u00e7\u00f5es Cong\u00eanitas do Sistema Nervoso: Sintomas e Diagn\u00f3stico. Com Dr. Vin\u00edcius Braga\" width=\"696\" height=\"392\" src=\"https:\/\/www.youtube.com\/embed\/hyOMy6Qt86k?feature=oembed\" frameborder=\"0\" allow=\"accelerometer; autoplay; clipboard-write; encrypted-media; gyroscope; picture-in-picture; web-share\" referrerpolicy=\"strict-origin-when-cross-origin\" allowfullscreen><\/iframe>\n<\/div><\/figure>\n","protected":false},"excerpt":{"rendered":"<p>Curiosidades sobre procedimentos de Emerg\u00eancia na Cl\u00ednica M\u00e9dica<\/p>\n","protected":false},"author":21,"featured_media":30845,"comment_status":"open","ping_status":"open","sticky":false,"template":"","format":"standard","meta":{"footnotes":""},"categories":[115],"tags":[210,185],"ppma_author":[3617],"class_list":{"0":"post-30834","1":"post","2":"type-post","3":"status-publish","4":"format-standard","5":"has-post-thumbnail","7":"category-clinica-medica","8":"tag-clinica-medica","9":"tag-pneumologia"},"yoast_head":"<!-- This site is optimized with the Yoast SEO Premium plugin v24.3 (Yoast SEO v27.4) - https:\/\/yoast.com\/product\/yoast-seo-premium-wordpress\/ -->\n<title>IRpA: Causas e Tratamentos | Grupo MedCof<\/title>\n<meta name=\"description\" content=\"Confira todas as causas e os melhores tratamentos para Insufici\u00eancia Respirat\u00f3ria Aguda e Emerg\u00eancias Cl\u00ednicas.\" \/>\n<meta name=\"robots\" content=\"index, follow, max-snippet:-1, max-image-preview:large, max-video-preview:-1\" \/>\n<link rel=\"canonical\" href=\"https:\/\/www.grupomedcof.com.br\/blog\/causas-e-tratamento-irpa\/\" \/>\n<meta property=\"og:locale\" content=\"pt_BR\" \/>\n<meta property=\"og:type\" content=\"article\" \/>\n<meta property=\"og:title\" content=\"Saiba as causas da IRpA e qual a melhor maneira de trat\u00e1-la!\" \/>\n<meta property=\"og:description\" content=\"Confira todas as causas e os melhores tratamentos para Insufici\u00eancia Respirat\u00f3ria Aguda e Emerg\u00eancias Cl\u00ednicas.\" \/>\n<meta property=\"og:url\" content=\"https:\/\/www.grupomedcof.com.br\/blog\/causas-e-tratamento-irpa\/\" \/>\n<meta property=\"og:site_name\" content=\"Blog de Medcof: conte\u00fados, editais, revalida e mais!\" \/>\n<meta property=\"article:publisher\" content=\"https:\/\/www.facebook.com\/MedCofQbank\/\" \/>\n<meta property=\"article:published_time\" content=\"2024-10-22T20:40:00+00:00\" \/>\n<meta property=\"og:image\" content=\"https:\/\/www.grupomedcof.com.br\/blog\/wp-content\/uploads\/2024\/10\/Blog-MedCof-18-1024x576.png\" \/>\n\t<meta property=\"og:image:width\" content=\"1024\" \/>\n\t<meta property=\"og:image:height\" content=\"576\" \/>\n\t<meta property=\"og:image:type\" content=\"image\/png\" \/>\n<meta name=\"author\" content=\"Kiara Adelino\" \/>\n<meta name=\"twitter:card\" content=\"summary_large_image\" \/>\n<meta name=\"twitter:label1\" content=\"Escrito por\" \/>\n\t<meta name=\"twitter:data1\" content=\"Kiara Adelino\" \/>\n\t<meta name=\"twitter:label2\" content=\"Est. tempo de leitura\" \/>\n\t<meta name=\"twitter:data2\" content=\"7 minutos\" \/>\n<script type=\"application\/ld+json\" class=\"yoast-schema-graph\">{\"@context\":\"https:\\\/\\\/schema.org\",\"@graph\":[{\"@type\":\"Article\",\"@id\":\"https:\\\/\\\/www.grupomedcof.com.br\\\/blog\\\/causas-e-tratamento-irpa\\\/#article\",\"isPartOf\":{\"@id\":\"https:\\\/\\\/www.grupomedcof.com.br\\\/blog\\\/causas-e-tratamento-irpa\\\/\"},\"author\":{\"name\":\"Kiara Adelino\",\"@id\":\"https:\\\/\\\/www.grupomedcof.com.br\\\/blog\\\/#\\\/schema\\\/person\\\/db19a651f86c5fc202d6eee744fd3292\"},\"headline\":\"Saiba as causas da IRpA e qual a melhor maneira de trat\u00e1-la!\",\"datePublished\":\"2024-10-22T20:40:00+00:00\",\"mainEntityOfPage\":{\"@id\":\"https:\\\/\\\/www.grupomedcof.com.br\\\/blog\\\/causas-e-tratamento-irpa\\\/\"},\"wordCount\":1130,\"commentCount\":0,\"publisher\":{\"@id\":\"https:\\\/\\\/www.grupomedcof.com.br\\\/blog\\\/#organization\"},\"image\":{\"@id\":\"https:\\\/\\\/www.grupomedcof.com.br\\\/blog\\\/causas-e-tratamento-irpa\\\/#primaryimage\"},\"thumbnailUrl\":\"https:\\\/\\\/www.grupomedcof.com.br\\\/blog\\\/wp-content\\\/uploads\\\/2024\\\/10\\\/Blog-MedCof-18.png\",\"keywords\":[\"Cl\u00ednica M\u00e9dica\",\"Pneumologia\"],\"articleSection\":[\"Cl\u00ednica M\u00e9dica\"],\"inLanguage\":\"pt-BR\"},{\"@type\":\"WebPage\",\"@id\":\"https:\\\/\\\/www.grupomedcof.com.br\\\/blog\\\/causas-e-tratamento-irpa\\\/\",\"url\":\"https:\\\/\\\/www.grupomedcof.com.br\\\/blog\\\/causas-e-tratamento-irpa\\\/\",\"name\":\"IRpA: Causas e Tratamentos | Grupo MedCof\",\"isPartOf\":{\"@id\":\"https:\\\/\\\/www.grupomedcof.com.br\\\/blog\\\/#website\"},\"primaryImageOfPage\":{\"@id\":\"https:\\\/\\\/www.grupomedcof.com.br\\\/blog\\\/causas-e-tratamento-irpa\\\/#primaryimage\"},\"image\":{\"@id\":\"https:\\\/\\\/www.grupomedcof.com.br\\\/blog\\\/causas-e-tratamento-irpa\\\/#primaryimage\"},\"thumbnailUrl\":\"https:\\\/\\\/www.grupomedcof.com.br\\\/blog\\\/wp-content\\\/uploads\\\/2024\\\/10\\\/Blog-MedCof-18.png\",\"datePublished\":\"2024-10-22T20:40:00+00:00\",\"description\":\"Confira todas as causas e os melhores tratamentos para Insufici\u00eancia Respirat\u00f3ria Aguda e Emerg\u00eancias Cl\u00ednicas.\",\"breadcrumb\":{\"@id\":\"https:\\\/\\\/www.grupomedcof.com.br\\\/blog\\\/causas-e-tratamento-irpa\\\/#breadcrumb\"},\"inLanguage\":\"pt-BR\",\"potentialAction\":[{\"@type\":\"ReadAction\",\"target\":[\"https:\\\/\\\/www.grupomedcof.com.br\\\/blog\\\/causas-e-tratamento-irpa\\\/\"]}]},{\"@type\":\"ImageObject\",\"inLanguage\":\"pt-BR\",\"@id\":\"https:\\\/\\\/www.grupomedcof.com.br\\\/blog\\\/causas-e-tratamento-irpa\\\/#primaryimage\",\"url\":\"https:\\\/\\\/www.grupomedcof.com.br\\\/blog\\\/wp-content\\\/uploads\\\/2024\\\/10\\\/Blog-MedCof-18.png\",\"contentUrl\":\"https:\\\/\\\/www.grupomedcof.com.br\\\/blog\\\/wp-content\\\/uploads\\\/2024\\\/10\\\/Blog-MedCof-18.png\",\"width\":1920,\"height\":1080},{\"@type\":\"BreadcrumbList\",\"@id\":\"https:\\\/\\\/www.grupomedcof.com.br\\\/blog\\\/causas-e-tratamento-irpa\\\/#breadcrumb\",\"itemListElement\":[{\"@type\":\"ListItem\",\"position\":1,\"name\":\"In\u00edcio\",\"item\":\"https:\\\/\\\/www.grupomedcof.com.br\\\/blog\\\/\"},{\"@type\":\"ListItem\",\"position\":2,\"name\":\"Saiba as causas da IRpA e qual a melhor maneira de trat\u00e1-la!\"}]},{\"@type\":\"WebSite\",\"@id\":\"https:\\\/\\\/www.grupomedcof.com.br\\\/blog\\\/#website\",\"url\":\"https:\\\/\\\/www.grupomedcof.com.br\\\/blog\\\/\",\"name\":\"Blog de Medcof: conte\u00fados, editais, revalida e mais!\",\"description\":\"Acesso o blog de MedCof! Seu portal de conte\u00fados sobre resid\u00eancia m\u00e9dica, an\u00e1lise e editais e muito mais. Clique e confira!\",\"publisher\":{\"@id\":\"https:\\\/\\\/www.grupomedcof.com.br\\\/blog\\\/#organization\"},\"alternateName\":\"Blog de Medcof: conte\u00fados, editais, revalida e mais!\",\"potentialAction\":[{\"@type\":\"SearchAction\",\"target\":{\"@type\":\"EntryPoint\",\"urlTemplate\":\"https:\\\/\\\/www.grupomedcof.com.br\\\/blog\\\/?s={search_term_string}\"},\"query-input\":{\"@type\":\"PropertyValueSpecification\",\"valueRequired\":true,\"valueName\":\"search_term_string\"}}],\"inLanguage\":\"pt-BR\"},{\"@type\":\"Organization\",\"@id\":\"https:\\\/\\\/www.grupomedcof.com.br\\\/blog\\\/#organization\",\"name\":\"Grupo MedCof\",\"url\":\"https:\\\/\\\/www.grupomedcof.com.br\\\/blog\\\/\",\"logo\":{\"@type\":\"ImageObject\",\"inLanguage\":\"pt-BR\",\"@id\":\"https:\\\/\\\/www.grupomedcof.com.br\\\/blog\\\/#\\\/schema\\\/logo\\\/image\\\/\",\"url\":\"https:\\\/\\\/www.grupomedcof.com.br\\\/blog\\\/wp-content\\\/uploads\\\/2022\\\/01\\\/logo-medcof.png\",\"contentUrl\":\"https:\\\/\\\/www.grupomedcof.com.br\\\/blog\\\/wp-content\\\/uploads\\\/2022\\\/01\\\/logo-medcof.png\",\"width\":768,\"height\":269,\"caption\":\"Grupo MedCof\"},\"image\":{\"@id\":\"https:\\\/\\\/www.grupomedcof.com.br\\\/blog\\\/#\\\/schema\\\/logo\\\/image\\\/\"},\"sameAs\":[\"https:\\\/\\\/www.facebook.com\\\/MedCofQbank\\\/\",\"https:\\\/\\\/www.instagram.com\\\/grupomedcof\\\/\",\"https:\\\/\\\/br.linkedin.com\\\/company\\\/medcof\",\"https:\\\/\\\/www.youtube.com\\\/channel\\\/UCdHMuOHKICxcHwecxN8P-AA\"]},{\"@type\":\"Person\",\"@id\":\"https:\\\/\\\/www.grupomedcof.com.br\\\/blog\\\/#\\\/schema\\\/person\\\/db19a651f86c5fc202d6eee744fd3292\",\"name\":\"Kiara Adelino\",\"image\":{\"@type\":\"ImageObject\",\"inLanguage\":\"pt-BR\",\"@id\":\"https:\\\/\\\/www.grupomedcof.com.br\\\/blog\\\/wp-content\\\/uploads\\\/2024\\\/08\\\/cropped-Kiara-Adelino2-96x96.jpega85663bdda67261f8f06f86e555e1e49\",\"url\":\"https:\\\/\\\/www.grupomedcof.com.br\\\/blog\\\/wp-content\\\/uploads\\\/2024\\\/08\\\/cropped-Kiara-Adelino2-96x96.jpeg\",\"contentUrl\":\"https:\\\/\\\/www.grupomedcof.com.br\\\/blog\\\/wp-content\\\/uploads\\\/2024\\\/08\\\/cropped-Kiara-Adelino2-96x96.jpeg\",\"caption\":\"Kiara Adelino\"},\"description\":\"Estudante do 5\u00b0 semestre de Medicina. Gosto bastante de aprender coisas novas, principalmente na \u00e1rea de Neurologia e Anatomia humana.\",\"url\":\"https:\\\/\\\/www.grupomedcof.com.br\\\/blog\\\/author\\\/kiara-adelino\\\/\"}]}<\/script>\n<!-- \/ Yoast SEO Premium plugin. -->","yoast_head_json":{"title":"IRpA: Causas e Tratamentos | Grupo MedCof","description":"Confira todas as causas e os melhores tratamentos para Insufici\u00eancia Respirat\u00f3ria Aguda e Emerg\u00eancias Cl\u00ednicas.","robots":{"index":"index","follow":"follow","max-snippet":"max-snippet:-1","max-image-preview":"max-image-preview:large","max-video-preview":"max-video-preview:-1"},"canonical":"https:\/\/www.grupomedcof.com.br\/blog\/causas-e-tratamento-irpa\/","og_locale":"pt_BR","og_type":"article","og_title":"Saiba as causas da IRpA e qual a melhor maneira de trat\u00e1-la!","og_description":"Confira todas as causas e os melhores tratamentos para Insufici\u00eancia Respirat\u00f3ria Aguda e Emerg\u00eancias Cl\u00ednicas.","og_url":"https:\/\/www.grupomedcof.com.br\/blog\/causas-e-tratamento-irpa\/","og_site_name":"Blog de Medcof: conte\u00fados, editais, revalida e mais!","article_publisher":"https:\/\/www.facebook.com\/MedCofQbank\/","article_published_time":"2024-10-22T20:40:00+00:00","og_image":[{"width":1024,"height":576,"url":"https:\/\/www.grupomedcof.com.br\/blog\/wp-content\/uploads\/2024\/10\/Blog-MedCof-18-1024x576.png","type":"image\/png"}],"author":"Kiara Adelino","twitter_card":"summary_large_image","twitter_misc":{"Escrito por":"Kiara Adelino","Est. tempo de leitura":"7 minutos"},"schema":{"@context":"https:\/\/schema.org","@graph":[{"@type":"Article","@id":"https:\/\/www.grupomedcof.com.br\/blog\/causas-e-tratamento-irpa\/#article","isPartOf":{"@id":"https:\/\/www.grupomedcof.com.br\/blog\/causas-e-tratamento-irpa\/"},"author":{"name":"Kiara Adelino","@id":"https:\/\/www.grupomedcof.com.br\/blog\/#\/schema\/person\/db19a651f86c5fc202d6eee744fd3292"},"headline":"Saiba as causas da IRpA e qual a melhor maneira de trat\u00e1-la!","datePublished":"2024-10-22T20:40:00+00:00","mainEntityOfPage":{"@id":"https:\/\/www.grupomedcof.com.br\/blog\/causas-e-tratamento-irpa\/"},"wordCount":1130,"commentCount":0,"publisher":{"@id":"https:\/\/www.grupomedcof.com.br\/blog\/#organization"},"image":{"@id":"https:\/\/www.grupomedcof.com.br\/blog\/causas-e-tratamento-irpa\/#primaryimage"},"thumbnailUrl":"https:\/\/www.grupomedcof.com.br\/blog\/wp-content\/uploads\/2024\/10\/Blog-MedCof-18.png","keywords":["Cl\u00ednica M\u00e9dica","Pneumologia"],"articleSection":["Cl\u00ednica M\u00e9dica"],"inLanguage":"pt-BR"},{"@type":"WebPage","@id":"https:\/\/www.grupomedcof.com.br\/blog\/causas-e-tratamento-irpa\/","url":"https:\/\/www.grupomedcof.com.br\/blog\/causas-e-tratamento-irpa\/","name":"IRpA: Causas e Tratamentos | Grupo MedCof","isPartOf":{"@id":"https:\/\/www.grupomedcof.com.br\/blog\/#website"},"primaryImageOfPage":{"@id":"https:\/\/www.grupomedcof.com.br\/blog\/causas-e-tratamento-irpa\/#primaryimage"},"image":{"@id":"https:\/\/www.grupomedcof.com.br\/blog\/causas-e-tratamento-irpa\/#primaryimage"},"thumbnailUrl":"https:\/\/www.grupomedcof.com.br\/blog\/wp-content\/uploads\/2024\/10\/Blog-MedCof-18.png","datePublished":"2024-10-22T20:40:00+00:00","description":"Confira todas as causas e os melhores tratamentos para Insufici\u00eancia Respirat\u00f3ria Aguda e Emerg\u00eancias Cl\u00ednicas.","breadcrumb":{"@id":"https:\/\/www.grupomedcof.com.br\/blog\/causas-e-tratamento-irpa\/#breadcrumb"},"inLanguage":"pt-BR","potentialAction":[{"@type":"ReadAction","target":["https:\/\/www.grupomedcof.com.br\/blog\/causas-e-tratamento-irpa\/"]}]},{"@type":"ImageObject","inLanguage":"pt-BR","@id":"https:\/\/www.grupomedcof.com.br\/blog\/causas-e-tratamento-irpa\/#primaryimage","url":"https:\/\/www.grupomedcof.com.br\/blog\/wp-content\/uploads\/2024\/10\/Blog-MedCof-18.png","contentUrl":"https:\/\/www.grupomedcof.com.br\/blog\/wp-content\/uploads\/2024\/10\/Blog-MedCof-18.png","width":1920,"height":1080},{"@type":"BreadcrumbList","@id":"https:\/\/www.grupomedcof.com.br\/blog\/causas-e-tratamento-irpa\/#breadcrumb","itemListElement":[{"@type":"ListItem","position":1,"name":"In\u00edcio","item":"https:\/\/www.grupomedcof.com.br\/blog\/"},{"@type":"ListItem","position":2,"name":"Saiba as causas da IRpA e qual a melhor maneira de trat\u00e1-la!"}]},{"@type":"WebSite","@id":"https:\/\/www.grupomedcof.com.br\/blog\/#website","url":"https:\/\/www.grupomedcof.com.br\/blog\/","name":"Blog de Medcof: conte\u00fados, editais, revalida e mais!","description":"Acesso o blog de MedCof! Seu portal de conte\u00fados sobre resid\u00eancia m\u00e9dica, an\u00e1lise e editais e muito mais. Clique e confira!","publisher":{"@id":"https:\/\/www.grupomedcof.com.br\/blog\/#organization"},"alternateName":"Blog de Medcof: conte\u00fados, editais, revalida e mais!","potentialAction":[{"@type":"SearchAction","target":{"@type":"EntryPoint","urlTemplate":"https:\/\/www.grupomedcof.com.br\/blog\/?s={search_term_string}"},"query-input":{"@type":"PropertyValueSpecification","valueRequired":true,"valueName":"search_term_string"}}],"inLanguage":"pt-BR"},{"@type":"Organization","@id":"https:\/\/www.grupomedcof.com.br\/blog\/#organization","name":"Grupo MedCof","url":"https:\/\/www.grupomedcof.com.br\/blog\/","logo":{"@type":"ImageObject","inLanguage":"pt-BR","@id":"https:\/\/www.grupomedcof.com.br\/blog\/#\/schema\/logo\/image\/","url":"https:\/\/www.grupomedcof.com.br\/blog\/wp-content\/uploads\/2022\/01\/logo-medcof.png","contentUrl":"https:\/\/www.grupomedcof.com.br\/blog\/wp-content\/uploads\/2022\/01\/logo-medcof.png","width":768,"height":269,"caption":"Grupo MedCof"},"image":{"@id":"https:\/\/www.grupomedcof.com.br\/blog\/#\/schema\/logo\/image\/"},"sameAs":["https:\/\/www.facebook.com\/MedCofQbank\/","https:\/\/www.instagram.com\/grupomedcof\/","https:\/\/br.linkedin.com\/company\/medcof","https:\/\/www.youtube.com\/channel\/UCdHMuOHKICxcHwecxN8P-AA"]},{"@type":"Person","@id":"https:\/\/www.grupomedcof.com.br\/blog\/#\/schema\/person\/db19a651f86c5fc202d6eee744fd3292","name":"Kiara Adelino","image":{"@type":"ImageObject","inLanguage":"pt-BR","@id":"https:\/\/www.grupomedcof.com.br\/blog\/wp-content\/uploads\/2024\/08\/cropped-Kiara-Adelino2-96x96.jpega85663bdda67261f8f06f86e555e1e49","url":"https:\/\/www.grupomedcof.com.br\/blog\/wp-content\/uploads\/2024\/08\/cropped-Kiara-Adelino2-96x96.jpeg","contentUrl":"https:\/\/www.grupomedcof.com.br\/blog\/wp-content\/uploads\/2024\/08\/cropped-Kiara-Adelino2-96x96.jpeg","caption":"Kiara Adelino"},"description":"Estudante do 5\u00b0 semestre de Medicina. Gosto bastante de aprender coisas novas, principalmente na \u00e1rea de Neurologia e Anatomia humana.","url":"https:\/\/www.grupomedcof.com.br\/blog\/author\/kiara-adelino\/"}]}},"authors":[{"term_id":3617,"user_id":21,"is_guest":0,"slug":"kiara-adelino","display_name":"Kiara Adelino","avatar_url":"https:\/\/www.grupomedcof.com.br\/blog\/wp-content\/uploads\/2024\/08\/cropped-Kiara-Adelino2-96x96.jpeg","0":null,"1":"","2":"","3":"","4":"","5":"","6":"","7":"","8":""}],"_links":{"self":[{"href":"https:\/\/www.grupomedcof.com.br\/blog\/wp-json\/wp\/v2\/posts\/30834","targetHints":{"allow":["GET"]}}],"collection":[{"href":"https:\/\/www.grupomedcof.com.br\/blog\/wp-json\/wp\/v2\/posts"}],"about":[{"href":"https:\/\/www.grupomedcof.com.br\/blog\/wp-json\/wp\/v2\/types\/post"}],"author":[{"embeddable":true,"href":"https:\/\/www.grupomedcof.com.br\/blog\/wp-json\/wp\/v2\/users\/21"}],"replies":[{"embeddable":true,"href":"https:\/\/www.grupomedcof.com.br\/blog\/wp-json\/wp\/v2\/comments?post=30834"}],"version-history":[{"count":0,"href":"https:\/\/www.grupomedcof.com.br\/blog\/wp-json\/wp\/v2\/posts\/30834\/revisions"}],"wp:featuredmedia":[{"embeddable":true,"href":"https:\/\/www.grupomedcof.com.br\/blog\/wp-json\/wp\/v2\/media\/30845"}],"wp:attachment":[{"href":"https:\/\/www.grupomedcof.com.br\/blog\/wp-json\/wp\/v2\/media?parent=30834"}],"wp:term":[{"taxonomy":"category","embeddable":true,"href":"https:\/\/www.grupomedcof.com.br\/blog\/wp-json\/wp\/v2\/categories?post=30834"},{"taxonomy":"post_tag","embeddable":true,"href":"https:\/\/www.grupomedcof.com.br\/blog\/wp-json\/wp\/v2\/tags?post=30834"},{"taxonomy":"author","embeddable":true,"href":"https:\/\/www.grupomedcof.com.br\/blog\/wp-json\/wp\/v2\/ppma_author?post=30834"}],"curies":[{"name":"wp","href":"https:\/\/api.w.org\/{rel}","templated":true}]}}