{"id":30853,"date":"2024-10-23T13:48:49","date_gmt":"2024-10-23T16:48:49","guid":{"rendered":"https:\/\/www.grupomedcof.com.br\/blog\/?p=30853"},"modified":"2024-10-22T14:05:44","modified_gmt":"2024-10-22T17:05:44","slug":"clinica-pediatrica-avaliacao-do-crescimento-infantil","status":"publish","type":"post","link":"https:\/\/www.grupomedcof.com.br\/blog\/clinica-pediatrica-avaliacao-do-crescimento-infantil\/","title":{"rendered":"Cl\u00ednica Pedi\u00e1trica: Avalia\u00e7\u00e3o Do Crescimento Infantil"},"content":{"rendered":"<div id=\"ez-toc-container\" class=\"ez-toc-v2_0_74 counter-hierarchy ez-toc-counter ez-toc-transparent ez-toc-container-direction\">\n<div class=\"ez-toc-title-container\">\n<p class=\"ez-toc-title\" style=\"cursor:inherit\">Sum\u00e1rio<\/p>\n<span class=\"ez-toc-title-toggle\"><a href=\"#\" class=\"ez-toc-pull-right ez-toc-btn ez-toc-btn-xs ez-toc-btn-default ez-toc-toggle\" aria-label=\"Alternar tabela de conte\u00fado\"><span class=\"ez-toc-js-icon-con\"><span class=\"\"><span class=\"eztoc-hide\" style=\"display:none;\">Toggle<\/span><span class=\"ez-toc-icon-toggle-span\"><svg style=\"fill: #999;color:#999\" xmlns=\"http:\/\/www.w3.org\/2000\/svg\" class=\"list-377408\" width=\"20px\" height=\"20px\" viewBox=\"0 0 24 24\" fill=\"none\"><path d=\"M6 6H4v2h2V6zm14 0H8v2h12V6zM4 11h2v2H4v-2zm16 0H8v2h12v-2zM4 16h2v2H4v-2zm16 0H8v2h12v-2z\" fill=\"currentColor\"><\/path><\/svg><svg style=\"fill: #999;color:#999\" class=\"arrow-unsorted-368013\" xmlns=\"http:\/\/www.w3.org\/2000\/svg\" width=\"10px\" height=\"10px\" viewBox=\"0 0 24 24\" version=\"1.2\" baseProfile=\"tiny\"><path d=\"M18.2 9.3l-6.2-6.3-6.2 6.3c-.2.2-.3.4-.3.7s.1.5.3.7c.2.2.4.3.7.3h11c.3 0 .5-.1.7-.3.2-.2.3-.5.3-.7s-.1-.5-.3-.7zM5.8 14.7l6.2 6.3 6.2-6.3c.2-.2.3-.5.3-.7s-.1-.5-.3-.7c-.2-.2-.4-.3-.7-.3h-11c-.3 0-.5.1-.7.3-.2.2-.3.5-.3.7s.1.5.3.7z\"\/><\/svg><\/span><\/span><\/span><\/a><\/span><\/div>\n<nav><ul class='ez-toc-list ez-toc-list-level-1 ' ><li class='ez-toc-page-1 ez-toc-heading-level-2'><a class=\"ez-toc-link ez-toc-heading-1\" href=\"https:\/\/www.grupomedcof.com.br\/blog\/clinica-pediatrica-avaliacao-do-crescimento-infantil\/#Criterios_de_Normalidade\" >Criterios de Normalidade<\/a><ul class='ez-toc-list-level-3' ><li class='ez-toc-heading-level-3'><a class=\"ez-toc-link ez-toc-heading-2\" href=\"https:\/\/www.grupomedcof.com.br\/blog\/clinica-pediatrica-avaliacao-do-crescimento-infantil\/#Peso\" >Peso<\/a><\/li><li class='ez-toc-page-1 ez-toc-heading-level-3'><a class=\"ez-toc-link ez-toc-heading-3\" href=\"https:\/\/www.grupomedcof.com.br\/blog\/clinica-pediatrica-avaliacao-do-crescimento-infantil\/#Estatura_e_velocidade_de_crescimento\" >Estatura e velocidade de crescimento\u00a0<\/a><\/li><li class='ez-toc-page-1 ez-toc-heading-level-3'><a class=\"ez-toc-link ez-toc-heading-4\" href=\"https:\/\/www.grupomedcof.com.br\/blog\/clinica-pediatrica-avaliacao-do-crescimento-infantil\/#Perimetro_Cefalico\" >Per\u00edmetro Cef\u00e1lico\u00a0<\/a><\/li><\/ul><\/li><li class='ez-toc-page-1 ez-toc-heading-level-2'><a class=\"ez-toc-link ez-toc-heading-5\" href=\"https:\/\/www.grupomedcof.com.br\/blog\/clinica-pediatrica-avaliacao-do-crescimento-infantil\/#Avaliacao_da_Baixa_Estatura\" >Avalia\u00e7\u00e3o da Baixa Estatura\u00a0<\/a><ul class='ez-toc-list-level-3' ><li class='ez-toc-heading-level-3'><a class=\"ez-toc-link ez-toc-heading-6\" href=\"https:\/\/www.grupomedcof.com.br\/blog\/clinica-pediatrica-avaliacao-do-crescimento-infantil\/#Sistemicas\" >Sist\u00eamicas<\/a><\/li><li class='ez-toc-page-1 ez-toc-heading-level-3'><a class=\"ez-toc-link ez-toc-heading-7\" href=\"https:\/\/www.grupomedcof.com.br\/blog\/clinica-pediatrica-avaliacao-do-crescimento-infantil\/#Genetica\" >Gen\u00e9tica<\/a><\/li><li class='ez-toc-page-1 ez-toc-heading-level-3'><a class=\"ez-toc-link ez-toc-heading-8\" href=\"https:\/\/www.grupomedcof.com.br\/blog\/clinica-pediatrica-avaliacao-do-crescimento-infantil\/#Endocrinopatia\" >Endocrinopatia<\/a><\/li><\/ul><\/li><li class='ez-toc-page-1 ez-toc-heading-level-2'><a class=\"ez-toc-link ez-toc-heading-9\" href=\"https:\/\/www.grupomedcof.com.br\/blog\/clinica-pediatrica-avaliacao-do-crescimento-infantil\/#O_metodo_que_te_aprova\" >O m\u00e9todo que te aprova!<\/a><\/li><\/ul><\/nav><\/div>\n\n<figure class=\"wp-block-image size-large\"><img loading=\"lazy\" decoding=\"async\" width=\"1024\" height=\"576\" src=\"https:\/\/www.grupomedcof.com.br\/blog\/wp-content\/uploads\/2024\/10\/Blog-MedCof-14-1024x576.png\" alt=\"\" class=\"wp-image-30859\" srcset=\"https:\/\/www.grupomedcof.com.br\/blog\/wp-content\/uploads\/2024\/10\/Blog-MedCof-14-1024x576.png 1024w, https:\/\/www.grupomedcof.com.br\/blog\/wp-content\/uploads\/2024\/10\/Blog-MedCof-14-300x169.png 300w, https:\/\/www.grupomedcof.com.br\/blog\/wp-content\/uploads\/2024\/10\/Blog-MedCof-14-768x432.png 768w, https:\/\/www.grupomedcof.com.br\/blog\/wp-content\/uploads\/2024\/10\/Blog-MedCof-14-1536x864.png 1536w, https:\/\/www.grupomedcof.com.br\/blog\/wp-content\/uploads\/2024\/10\/Blog-MedCof-14-2048x1152.png 2048w, https:\/\/www.grupomedcof.com.br\/blog\/wp-content\/uploads\/2024\/10\/Blog-MedCof-14-747x420.png 747w, https:\/\/www.grupomedcof.com.br\/blog\/wp-content\/uploads\/2024\/10\/Blog-MedCof-14-150x84.png 150w, https:\/\/www.grupomedcof.com.br\/blog\/wp-content\/uploads\/2024\/10\/Blog-MedCof-14-696x392.png 696w, https:\/\/www.grupomedcof.com.br\/blog\/wp-content\/uploads\/2024\/10\/Blog-MedCof-14-1068x601.png 1068w, https:\/\/www.grupomedcof.com.br\/blog\/wp-content\/uploads\/2024\/10\/Blog-MedCof-14-1920x1080.png 1920w\" sizes=\"auto, (max-width: 1024px) 100vw, 1024px\" \/><\/figure>\n\n\n\n<p>Cada fase de vida da crian\u00e7a tem seu crescimento influenciado por diferentes fatores:&nbsp;&nbsp;<\/p>\n\n\n\n<ul class=\"wp-block-list\">\n<li><strong>Feto:<\/strong> Influenciado pela fun\u00e7\u00e3o placent\u00e1ria e pela nutri\u00e7\u00e3o materna;\u00a0<\/li>\n\n\n\n<li><strong>Beb\u00ea:<\/strong> Estimulado pela gen\u00e9tica e pela nutri\u00e7\u00e3o da crian\u00e7a;\u00a0<\/li>\n\n\n\n<li><strong>Crian\u00e7a:<\/strong> determinado pelo GH (horm\u00f4nio do crescimento) e horm\u00f4nio tireoidiano, al\u00e9m da influ\u00eancia da nutri\u00e7\u00e3o;<\/li>\n\n\n\n<li><strong>Adolescente:<\/strong> Sofre influ\u00eancia do horm\u00f4nio do crescimento e dos esteroides sexuais.\u00a0<\/li>\n<\/ul>\n\n\n\n<p>Se a crian\u00e7a apresentar deformidade em algum dos quantificados de crescimento, independentemente da fase em que se encontra, podemos suspeitar de alguma condi\u00e7\u00e3o patol\u00f3gica. Por isso vamos explorar um pouco dos \u00edndices esperados.&nbsp;<\/p>\n\n\n\n<h2 class=\"wp-block-heading\" id=\"h-criterios-de-normalidade\"><span class=\"ez-toc-section\" id=\"Criterios_de_Normalidade\"><\/span><strong>Criterios de Normalidade<\/strong><span class=\"ez-toc-section-end\"><\/span><\/h2>\n\n\n\n<h3 class=\"wp-block-heading\" id=\"h-peso\"><span class=\"ez-toc-section\" id=\"Peso\"><\/span><strong>Peso<\/strong><span class=\"ez-toc-section-end\"><\/span><\/h3>\n\n\n\n<p>Ao nascimento, h\u00e1 perda de peso fisiol\u00f3gica de 5 a 10% nos primeiros dias de vida, por\u00e9m h\u00e1 torno de peso entre 10 e 14 dias ap\u00f3s o nascimento. A partir desse momento, o beb\u00ea entra em uma evolu\u00e7\u00e3o de crescimento at\u00e9 a puberdade.\u00a0<\/p>\n\n\n\n<figure class=\"wp-block-table\"><table class=\"has-fixed-layout\"><tbody><tr><td><strong>M\u00e9dia de Ganho de Peso<\/strong><\/td><td><strong>Fase da Vida<\/strong><\/td><\/tr><tr><td>Primeiros 3-4 meses<\/td><td>30g\/dia<\/td><\/tr><tr><td>Do 3\u00ba ao 6<sup>o <\/sup>m\u00eas&nbsp;<\/td><td>20g\/dia<\/td><\/tr><tr><td>2<sup>o<\/sup> semestre<\/td><td>10g\/dia<\/td><\/tr><tr><td>1\u00ba trimestre<\/td><td>700g\/m\u00eas&nbsp;<\/td><\/tr><tr><td>2<sup>o<\/sup> trimestre<\/td><td>600g\/m\u00eas&nbsp;<\/td><\/tr><tr><td>3\u00ba trimestre<\/td><td>500g\/m\u00eas&nbsp;<\/td><\/tr><tr><td>4<sup>o<\/sup> trimestre&nbsp;<\/td><td>400g\/m\u00eas&nbsp;<\/td><\/tr><tr><td>4 meses<\/td><td>dobro de peso<\/td><\/tr><tr><td>1 ano<\/td><td>triplo do peso<\/td><\/tr><tr><td>2 anos a puberdade<\/td><td>2kg\/ano&nbsp;<\/td><\/tr><\/tbody><\/table><\/figure>\n\n\n\n<figure class=\"wp-block-image size-large\"><a href=\"https:\/\/www.grupomedcof.com.br\/cofletters\/\"><img loading=\"lazy\" decoding=\"async\" width=\"1024\" height=\"366\" src=\"https:\/\/www.grupomedcof.com.br\/blog\/wp-content\/uploads\/2024\/08\/Capa-Eventos-MedCof-Plus-14-4-1024x366.png\" alt=\"\" class=\"wp-image-29290\" srcset=\"https:\/\/www.grupomedcof.com.br\/blog\/wp-content\/uploads\/2024\/08\/Capa-Eventos-MedCof-Plus-14-4-1024x366.png 1024w, https:\/\/www.grupomedcof.com.br\/blog\/wp-content\/uploads\/2024\/08\/Capa-Eventos-MedCof-Plus-14-4-300x107.png 300w, https:\/\/www.grupomedcof.com.br\/blog\/wp-content\/uploads\/2024\/08\/Capa-Eventos-MedCof-Plus-14-4-768x275.png 768w, https:\/\/www.grupomedcof.com.br\/blog\/wp-content\/uploads\/2024\/08\/Capa-Eventos-MedCof-Plus-14-4-1536x549.png 1536w, https:\/\/www.grupomedcof.com.br\/blog\/wp-content\/uploads\/2024\/08\/Capa-Eventos-MedCof-Plus-14-4-2048x732.png 2048w, https:\/\/www.grupomedcof.com.br\/blog\/wp-content\/uploads\/2024\/08\/Capa-Eventos-MedCof-Plus-14-4-1174x420.png 1174w, https:\/\/www.grupomedcof.com.br\/blog\/wp-content\/uploads\/2024\/08\/Capa-Eventos-MedCof-Plus-14-4-150x54.png 150w, https:\/\/www.grupomedcof.com.br\/blog\/wp-content\/uploads\/2024\/08\/Capa-Eventos-MedCof-Plus-14-4-696x249.png 696w, https:\/\/www.grupomedcof.com.br\/blog\/wp-content\/uploads\/2024\/08\/Capa-Eventos-MedCof-Plus-14-4-1068x382.png 1068w, https:\/\/www.grupomedcof.com.br\/blog\/wp-content\/uploads\/2024\/08\/Capa-Eventos-MedCof-Plus-14-4-1920x687.png 1920w\" sizes=\"auto, (max-width: 1024px) 100vw, 1024px\" \/><\/a><\/figure>\n\n\n\n<h3 class=\"wp-block-heading\" id=\"h-estatura-e-velocidade-de-crescimento\"><span class=\"ez-toc-section\" id=\"Estatura_e_velocidade_de_crescimento\"><\/span><strong>Estatura e velocidade de crescimento\u00a0<\/strong><span class=\"ez-toc-section-end\"><\/span><\/h3>\n\n\n\n<p>Essa medida \u00e9 feita por meio de m\u00e9dias, j\u00e1 que algumas crian\u00e7as t\u00eam heran\u00e7a gen\u00e9tica para maiores ou menores crescimentos. A m\u00e9dia da velocidade de crescimento tamb\u00e9m varia com a fase de vida:&nbsp;<\/p>\n\n\n\n<ul class=\"wp-block-list\">\n<li>Ao nascimento: 50cm;<\/li>\n\n\n\n<li>Primeiro ano de vida: crescimento de 25cm (\u00e9 mais r\u00e1pido nos primeiros meses);\u00a0<\/li>\n\n\n\n<li>At\u00e9 2 anos: crescimento de 12 cm;<\/li>\n\n\n\n<li>At\u00e9 4 anos: crescimento de 7-8 cm\/ano;<\/li>\n\n\n\n<li>At\u00e9 os 6 anos: crescimento de 6 cm\/ano;<\/li>\n\n\n\n<li>At\u00e9 a puberdade: crescimento de 5-7 cm\/ano.<\/li>\n<\/ul>\n\n\n\n<p>A partir da puberdade, o crescimento entre meninos e meninas se diferencia devido aos diferentes horm\u00f4nios em cada corpo. As meninas t\u00eam estir\u00e3o na fase M3 (8 &#8211; 12 cm\/ano) e os meninos na fase do G4 (10 &#8211; 14 cm\/ano). Um fato importante a se destacar \u00e9 que a velocidade de crescimento <strong>nunca<\/strong> \u00e9 menor que 5 cm\/an.<\/p>\n\n\n\n<div class=\"wp-block-columns is-layout-flex wp-container-core-columns-is-layout-9d6595d7 wp-block-columns-is-layout-flex\">\n<div class=\"wp-block-column is-layout-flow wp-block-column-is-layout-flow\">\n<figure class=\"wp-block-image size-large\"><img loading=\"lazy\" decoding=\"async\" width=\"1024\" height=\"724\" src=\"https:\/\/www.grupomedcof.com.br\/blog\/wp-content\/uploads\/2024\/10\/unnamed-40-1-1024x724.jpg\" alt=\"\" class=\"wp-image-30855\" srcset=\"https:\/\/www.grupomedcof.com.br\/blog\/wp-content\/uploads\/2024\/10\/unnamed-40-1-1024x724.jpg 1024w, https:\/\/www.grupomedcof.com.br\/blog\/wp-content\/uploads\/2024\/10\/unnamed-40-1-300x212.jpg 300w, https:\/\/www.grupomedcof.com.br\/blog\/wp-content\/uploads\/2024\/10\/unnamed-40-1-768x543.jpg 768w, https:\/\/www.grupomedcof.com.br\/blog\/wp-content\/uploads\/2024\/10\/unnamed-40-1-1536x1086.jpg 1536w, https:\/\/www.grupomedcof.com.br\/blog\/wp-content\/uploads\/2024\/10\/unnamed-40-1-594x420.jpg 594w, https:\/\/www.grupomedcof.com.br\/blog\/wp-content\/uploads\/2024\/10\/unnamed-40-1-150x106.jpg 150w, https:\/\/www.grupomedcof.com.br\/blog\/wp-content\/uploads\/2024\/10\/unnamed-40-1-696x492.jpg 696w, https:\/\/www.grupomedcof.com.br\/blog\/wp-content\/uploads\/2024\/10\/unnamed-40-1-1068x755.jpg 1068w, https:\/\/www.grupomedcof.com.br\/blog\/wp-content\/uploads\/2024\/10\/unnamed-40-1.jpg 1600w\" sizes=\"auto, (max-width: 1024px) 100vw, 1024px\" \/><figcaption class=\"wp-element-caption\">Curvas de Crescimento Relacionado a Idade e Peso. Fonte: OMS.<\/figcaption><\/figure>\n<\/div>\n\n\n\n<div class=\"wp-block-column is-layout-flow wp-block-column-is-layout-flow\">\n<figure class=\"wp-block-image size-large\"><img loading=\"lazy\" decoding=\"async\" width=\"1024\" height=\"723\" src=\"https:\/\/www.grupomedcof.com.br\/blog\/wp-content\/uploads\/2024\/10\/unnamed-39-1-1024x723.jpg\" alt=\"\" class=\"wp-image-30856\" srcset=\"https:\/\/www.grupomedcof.com.br\/blog\/wp-content\/uploads\/2024\/10\/unnamed-39-1-1024x723.jpg 1024w, https:\/\/www.grupomedcof.com.br\/blog\/wp-content\/uploads\/2024\/10\/unnamed-39-1-300x212.jpg 300w, https:\/\/www.grupomedcof.com.br\/blog\/wp-content\/uploads\/2024\/10\/unnamed-39-1-768x542.jpg 768w, https:\/\/www.grupomedcof.com.br\/blog\/wp-content\/uploads\/2024\/10\/unnamed-39-1-1536x1084.jpg 1536w, https:\/\/www.grupomedcof.com.br\/blog\/wp-content\/uploads\/2024\/10\/unnamed-39-1-595x420.jpg 595w, https:\/\/www.grupomedcof.com.br\/blog\/wp-content\/uploads\/2024\/10\/unnamed-39-1-150x106.jpg 150w, https:\/\/www.grupomedcof.com.br\/blog\/wp-content\/uploads\/2024\/10\/unnamed-39-1-696x491.jpg 696w, https:\/\/www.grupomedcof.com.br\/blog\/wp-content\/uploads\/2024\/10\/unnamed-39-1-1068x754.jpg 1068w, https:\/\/www.grupomedcof.com.br\/blog\/wp-content\/uploads\/2024\/10\/unnamed-39-1.jpg 1600w\" sizes=\"auto, (max-width: 1024px) 100vw, 1024px\" \/><\/figure>\n<\/div>\n<\/div>\n\n\n\n<h3 class=\"wp-block-heading\" id=\"h-perimetro-cefalico\"><span class=\"ez-toc-section\" id=\"Perimetro_Cefalico\"><\/span><strong>Per\u00edmetro Cef\u00e1lico\u00a0<\/strong><span class=\"ez-toc-section-end\"><\/span><\/h3>\n\n\n\n<p>Esse \u00edndice tamb\u00e9m pode ser mensurado para identificar anormalidades como micro ou macrocefalia. Ele \u00e9 mensurado por uma m\u00e9dia da velocidade de crescimento:<\/p>\n\n\n\n<ul class=\"wp-block-list\">\n<li>Ao nascer, a m\u00e9dia \u00e9 de 35cm;\u00a0<\/li>\n\n\n\n<li>Durante o primeiro ano aumenta cerca de 1 cm\/m\u00eas;<\/li>\n\n\n\n<li>Primeiro trimestre: 2 cm\/m\u00eas;<\/li>\n\n\n\n<li>Segundo trimestre: 1 cm\/m\u00eas;<\/li>\n\n\n\n<li>Segundo semestre: 0,5 cm\/m\u00eas;\u00a0<\/li>\n\n\n\n<li>A partir dos 2 anos, equivale a 85% do PC do adulto.<\/li>\n<\/ul>\n\n\n\n<h2 class=\"wp-block-heading\" id=\"h-avaliacao-da-baixa-estatura\"><span class=\"ez-toc-section\" id=\"Avaliacao_da_Baixa_Estatura\"><\/span><strong>Avalia\u00e7\u00e3o da Baixa Estatura\u00a0<\/strong><span class=\"ez-toc-section-end\"><\/span><\/h2>\n\n\n\n<p>O primeiro questionamento a se fazer \u00e9: \u201c\u00c9 mesmo baixa estatura?\u201d. Os crit\u00e9rio para a resposta dessa pergunta&nbsp; levam em conta&nbsp; estatura alvo para a idade e a m\u00e9dia das altura dos pais:<\/p>\n\n\n\n<ol class=\"wp-block-list\">\n<li>Estatura &lt; -2DP para o sexo e idade<\/li>\n\n\n\n<li>Estatura&lt; -2DP da altura alvo\u00a0<\/li>\n<\/ol>\n\n\n\n<p>*A altura alvo \u00e9 mensurada por meio de uma m\u00e9dia da altura dos pais subtra\u00eddo de 6,5 cm para meninas e somado de 6,5 cm para os meninos.<\/p>\n\n\n\n<p>&nbsp;Ap\u00f3s avalia\u00e7\u00e3o da estatura,&nbsp; \u00e9 necess\u00e1rio avaliar a velocidade de crescimento, ou seja, medindo a mudan\u00e7a de altura em um intervalo de, pelo menos, 4 a 6 meses. Nesse momento, \u00e9 preciso levar em conta a propor\u00e7\u00e3o de crescimento para a idade (acima explicadas) e avaliar os resultados considerando outros exames, como o f\u00edsico, a anamnese e a idade \u00f3ssea.<\/p>\n\n\n\n<p>Se a velocidade n\u00e3o for satisfat\u00f3ria, buscamos identificar as causas patol\u00f3gicas dessa lentifica\u00e7\u00e3o ou acelera\u00e7\u00e3o. As causas podem ser divididas em Sist\u00eamicas, Gen\u00e9ticas e Endocrinol\u00f3gicas.&nbsp;<\/p>\n\n\n\n<h3 class=\"wp-block-heading\" id=\"h-sistemicas\"><span class=\"ez-toc-section\" id=\"Sistemicas\"><\/span><strong>Sist\u00eamicas<\/strong><span class=\"ez-toc-section-end\"><\/span><\/h3>\n\n\n\n<p>Dentre essas, as que se destacam na cl\u00ednica pedi\u00e1trica s\u00e3o Nefropatia, Doen\u00e7a cel\u00edaca e Hipovitaminoses. Por isso, realizar exames de ureia, creatinina, IgA, hemograma e prote\u00ednas \u00e9 fundamental para o diagn\u00f3stico.\u00a0<\/p>\n\n\n\n<h3 class=\"wp-block-heading\" id=\"h-genetica\"><span class=\"ez-toc-section\" id=\"Genetica\"><\/span><strong>Gen\u00e9tica<\/strong><span class=\"ez-toc-section-end\"><\/span><\/h3>\n\n\n\n<p>Precisamos prestar aten\u00e7\u00e3o para a S\u00edndrome de Turner (45,X), na qual a baixa estatura pode ser a \u00fanica manifesta\u00e7\u00e3o. Lembre-se que ela n\u00e3o \u00e9 heredit\u00e1ria e pedir o cari\u00f3tipo de meninas com baixa estatura \u00e9 primordial (em menino solicita-se apenas quando h\u00e1 algum dimorfismo associado.<\/p>\n\n\n\n<h3 class=\"wp-block-heading\" id=\"h-endocrinopatia\"><span class=\"ez-toc-section\" id=\"Endocrinopatia\"><\/span><strong>Endocrinopatia<\/strong><span class=\"ez-toc-section-end\"><\/span><\/h3>\n\n\n\n<p>Nesse caso, destacamos o hipotireoidismo, a S\u00edndrome de Cushing e a defici\u00eancia de GH. A mensura\u00e7\u00e3o de TSH, T4L, ACTH, cortisol e IGF-1 e IGFBP-3 (n\u00e3o dosar GH) s\u00e3o as t\u00e9cnicas que nos guiaram quanto \u00e0 identifica\u00e7\u00e3o dessas causas.\u00a0<\/p>\n\n\n\n<h2 class=\"wp-block-heading\" id=\"o-m\u00e9todo-que-te-aprova\"><span class=\"ez-toc-section\" id=\"O_metodo_que_te_aprova\"><\/span><strong>O m\u00e9todo que te aprova!<\/strong><span class=\"ez-toc-section-end\"><\/span><\/h2>\n\n\n\n<p>Quer alcan\u00e7ar a aprova\u00e7\u00e3o nas provas de resid\u00eancia m\u00e9dica? Ent\u00e3o seja um&nbsp;<a href=\"https:\/\/www.grupomedcof.com.br\/home\/\" target=\"_blank\" rel=\"noreferrer noopener\">MedCoffer<\/a>! Aqui te ajudaremos na busca da aprova\u00e7\u00e3o com conte\u00fados de qualidade e uma&nbsp;<a href=\"https:\/\/www.grupomedcof.com.br\/blog\/presenca-da-medcof-nas-aprovacoes-em-residencia-medica-no-brasil\/\" target=\"_blank\" rel=\"noreferrer noopener\">metodologia que j\u00e1 aprovou mais de 10 mil residentes no pa\u00eds!&nbsp;<\/a>Por fim, acesse o nosso<a href=\"https:\/\/www.youtube.com\/@GrupoMedcof\/featured\" target=\"_blank\" rel=\"noreferrer noopener\">&nbsp;<strong>canal do youtube&nbsp;<\/strong><\/a>para ver o nosso material.<\/p>\n\n\n\n<figure class=\"wp-block-embed is-type-video is-provider-youtube wp-block-embed-youtube wp-embed-aspect-16-9 wp-has-aspect-ratio\"><div class=\"wp-block-embed__wrapper\">\n<div class=\"youtube-embed\" data-video_id=\"wXZi4aUXuK4\"><iframe loading=\"lazy\" title=\"Puericultura: Fatores de influ\u00eancia no crescimento infantil com Dra. Roberta Oliveira\" width=\"696\" height=\"392\" src=\"https:\/\/www.youtube.com\/embed\/wXZi4aUXuK4?start=78&#038;feature=oembed\" frameborder=\"0\" allow=\"accelerometer; autoplay; clipboard-write; encrypted-media; gyroscope; picture-in-picture; web-share\" referrerpolicy=\"strict-origin-when-cross-origin\" allowfullscreen><\/iframe><\/div>\n<\/div><\/figure>\n","protected":false},"excerpt":{"rendered":"<p>Cada fase de vida da crian\u00e7a tem seu crescimento influenciado por diferentes fatores. Confira os detalhes em nosso post!<\/p>\n","protected":false},"author":21,"featured_media":30859,"comment_status":"open","ping_status":"open","sticky":false,"template":"","format":"standard","meta":{"footnotes":""},"categories":[120],"tags":[2188,2184,2182,2181,68],"ppma_author":[3617],"class_list":{"0":"post-30853","1":"post","2":"type-post","3":"status-publish","4":"format-standard","5":"has-post-thumbnail","7":"category-pediatria","8":"tag-adolescente","9":"tag-endocrinopatia","10":"tag-estatura","11":"tag-peso","12":"tag-residencia-medica"},"yoast_head":"<!-- This site is optimized with the Yoast SEO Premium plugin v24.3 (Yoast SEO v27.4) - https:\/\/yoast.com\/product\/yoast-seo-premium-wordpress\/ -->\n<title>Cl\u00ednica Pedi\u00e1trica: Avalia\u00e7\u00e3o Do Crescimento Infantil - Blog de Medcof: conte\u00fados, editais, revalida e mais!<\/title>\n<meta name=\"description\" content=\"Cada fase de vida da crian\u00e7a tem seu crescimento influenciado por diferentes fatores. Confira os detalhes em nosso post!\" \/>\n<meta name=\"robots\" content=\"index, follow, max-snippet:-1, max-image-preview:large, max-video-preview:-1\" \/>\n<link rel=\"canonical\" href=\"https:\/\/www.grupomedcof.com.br\/blog\/clinica-pediatrica-avaliacao-do-crescimento-infantil\/\" \/>\n<meta property=\"og:locale\" content=\"pt_BR\" \/>\n<meta property=\"og:type\" content=\"article\" \/>\n<meta property=\"og:title\" content=\"Cl\u00ednica Pedi\u00e1trica: Avalia\u00e7\u00e3o Do Crescimento Infantil\" \/>\n<meta property=\"og:description\" content=\"Cada fase de vida da crian\u00e7a tem seu crescimento influenciado por diferentes fatores. Confira os detalhes em nosso post!\" \/>\n<meta property=\"og:url\" content=\"https:\/\/www.grupomedcof.com.br\/blog\/clinica-pediatrica-avaliacao-do-crescimento-infantil\/\" \/>\n<meta property=\"og:site_name\" content=\"Blog de Medcof: conte\u00fados, editais, revalida e mais!\" \/>\n<meta property=\"article:publisher\" content=\"https:\/\/www.facebook.com\/MedCofQbank\/\" \/>\n<meta property=\"article:published_time\" content=\"2024-10-23T16:48:49+00:00\" \/>\n<meta property=\"og:image\" content=\"https:\/\/www.grupomedcof.com.br\/blog\/wp-content\/uploads\/2024\/10\/Blog-MedCof-14-1024x576.png\" \/>\n\t<meta property=\"og:image:width\" content=\"1024\" \/>\n\t<meta property=\"og:image:height\" content=\"576\" \/>\n\t<meta property=\"og:image:type\" content=\"image\/png\" \/>\n<meta name=\"author\" content=\"Kiara Adelino\" \/>\n<meta name=\"twitter:card\" content=\"summary_large_image\" \/>\n<meta name=\"twitter:label1\" content=\"Escrito por\" \/>\n\t<meta name=\"twitter:data1\" content=\"Kiara Adelino\" \/>\n\t<meta name=\"twitter:label2\" content=\"Est. tempo de leitura\" \/>\n\t<meta name=\"twitter:data2\" content=\"6 minutos\" \/>\n<script type=\"application\/ld+json\" class=\"yoast-schema-graph\">{\"@context\":\"https:\\\/\\\/schema.org\",\"@graph\":[{\"@type\":\"Article\",\"@id\":\"https:\\\/\\\/www.grupomedcof.com.br\\\/blog\\\/clinica-pediatrica-avaliacao-do-crescimento-infantil\\\/#article\",\"isPartOf\":{\"@id\":\"https:\\\/\\\/www.grupomedcof.com.br\\\/blog\\\/clinica-pediatrica-avaliacao-do-crescimento-infantil\\\/\"},\"author\":{\"name\":\"Kiara Adelino\",\"@id\":\"https:\\\/\\\/www.grupomedcof.com.br\\\/blog\\\/#\\\/schema\\\/person\\\/db19a651f86c5fc202d6eee744fd3292\"},\"headline\":\"Cl\u00ednica Pedi\u00e1trica: Avalia\u00e7\u00e3o Do Crescimento Infantil\",\"datePublished\":\"2024-10-23T16:48:49+00:00\",\"mainEntityOfPage\":{\"@id\":\"https:\\\/\\\/www.grupomedcof.com.br\\\/blog\\\/clinica-pediatrica-avaliacao-do-crescimento-infantil\\\/\"},\"wordCount\":854,\"commentCount\":0,\"publisher\":{\"@id\":\"https:\\\/\\\/www.grupomedcof.com.br\\\/blog\\\/#organization\"},\"image\":{\"@id\":\"https:\\\/\\\/www.grupomedcof.com.br\\\/blog\\\/clinica-pediatrica-avaliacao-do-crescimento-infantil\\\/#primaryimage\"},\"thumbnailUrl\":\"https:\\\/\\\/www.grupomedcof.com.br\\\/blog\\\/wp-content\\\/uploads\\\/2024\\\/10\\\/Blog-MedCof-14.png\",\"keywords\":[\"Adolescente\",\"Endocrinopatia\",\"Estatura\",\"Peso\",\"Resid\u00eancia M\u00e9dica\"],\"articleSection\":[\"Pediatria\"],\"inLanguage\":\"pt-BR\"},{\"@type\":\"WebPage\",\"@id\":\"https:\\\/\\\/www.grupomedcof.com.br\\\/blog\\\/clinica-pediatrica-avaliacao-do-crescimento-infantil\\\/\",\"url\":\"https:\\\/\\\/www.grupomedcof.com.br\\\/blog\\\/clinica-pediatrica-avaliacao-do-crescimento-infantil\\\/\",\"name\":\"Cl\u00ednica Pedi\u00e1trica: Avalia\u00e7\u00e3o Do Crescimento Infantil - Blog de Medcof: conte\u00fados, editais, revalida e mais!\",\"isPartOf\":{\"@id\":\"https:\\\/\\\/www.grupomedcof.com.br\\\/blog\\\/#website\"},\"primaryImageOfPage\":{\"@id\":\"https:\\\/\\\/www.grupomedcof.com.br\\\/blog\\\/clinica-pediatrica-avaliacao-do-crescimento-infantil\\\/#primaryimage\"},\"image\":{\"@id\":\"https:\\\/\\\/www.grupomedcof.com.br\\\/blog\\\/clinica-pediatrica-avaliacao-do-crescimento-infantil\\\/#primaryimage\"},\"thumbnailUrl\":\"https:\\\/\\\/www.grupomedcof.com.br\\\/blog\\\/wp-content\\\/uploads\\\/2024\\\/10\\\/Blog-MedCof-14.png\",\"datePublished\":\"2024-10-23T16:48:49+00:00\",\"description\":\"Cada fase de vida da crian\u00e7a tem seu crescimento influenciado por diferentes fatores. Confira os detalhes em nosso post!\",\"breadcrumb\":{\"@id\":\"https:\\\/\\\/www.grupomedcof.com.br\\\/blog\\\/clinica-pediatrica-avaliacao-do-crescimento-infantil\\\/#breadcrumb\"},\"inLanguage\":\"pt-BR\",\"potentialAction\":[{\"@type\":\"ReadAction\",\"target\":[\"https:\\\/\\\/www.grupomedcof.com.br\\\/blog\\\/clinica-pediatrica-avaliacao-do-crescimento-infantil\\\/\"]}]},{\"@type\":\"ImageObject\",\"inLanguage\":\"pt-BR\",\"@id\":\"https:\\\/\\\/www.grupomedcof.com.br\\\/blog\\\/clinica-pediatrica-avaliacao-do-crescimento-infantil\\\/#primaryimage\",\"url\":\"https:\\\/\\\/www.grupomedcof.com.br\\\/blog\\\/wp-content\\\/uploads\\\/2024\\\/10\\\/Blog-MedCof-14.png\",\"contentUrl\":\"https:\\\/\\\/www.grupomedcof.com.br\\\/blog\\\/wp-content\\\/uploads\\\/2024\\\/10\\\/Blog-MedCof-14.png\",\"width\":2560,\"height\":1440},{\"@type\":\"BreadcrumbList\",\"@id\":\"https:\\\/\\\/www.grupomedcof.com.br\\\/blog\\\/clinica-pediatrica-avaliacao-do-crescimento-infantil\\\/#breadcrumb\",\"itemListElement\":[{\"@type\":\"ListItem\",\"position\":1,\"name\":\"In\u00edcio\",\"item\":\"https:\\\/\\\/www.grupomedcof.com.br\\\/blog\\\/\"},{\"@type\":\"ListItem\",\"position\":2,\"name\":\"Cl\u00ednica Pedi\u00e1trica: Avalia\u00e7\u00e3o Do Crescimento Infantil\"}]},{\"@type\":\"WebSite\",\"@id\":\"https:\\\/\\\/www.grupomedcof.com.br\\\/blog\\\/#website\",\"url\":\"https:\\\/\\\/www.grupomedcof.com.br\\\/blog\\\/\",\"name\":\"Blog de Medcof: conte\u00fados, editais, revalida e mais!\",\"description\":\"Acesso o blog de MedCof! Seu portal de conte\u00fados sobre resid\u00eancia m\u00e9dica, an\u00e1lise e editais e muito mais. Clique e confira!\",\"publisher\":{\"@id\":\"https:\\\/\\\/www.grupomedcof.com.br\\\/blog\\\/#organization\"},\"alternateName\":\"Blog de Medcof: conte\u00fados, editais, revalida e mais!\",\"potentialAction\":[{\"@type\":\"SearchAction\",\"target\":{\"@type\":\"EntryPoint\",\"urlTemplate\":\"https:\\\/\\\/www.grupomedcof.com.br\\\/blog\\\/?s={search_term_string}\"},\"query-input\":{\"@type\":\"PropertyValueSpecification\",\"valueRequired\":true,\"valueName\":\"search_term_string\"}}],\"inLanguage\":\"pt-BR\"},{\"@type\":\"Organization\",\"@id\":\"https:\\\/\\\/www.grupomedcof.com.br\\\/blog\\\/#organization\",\"name\":\"Grupo MedCof\",\"url\":\"https:\\\/\\\/www.grupomedcof.com.br\\\/blog\\\/\",\"logo\":{\"@type\":\"ImageObject\",\"inLanguage\":\"pt-BR\",\"@id\":\"https:\\\/\\\/www.grupomedcof.com.br\\\/blog\\\/#\\\/schema\\\/logo\\\/image\\\/\",\"url\":\"https:\\\/\\\/www.grupomedcof.com.br\\\/blog\\\/wp-content\\\/uploads\\\/2022\\\/01\\\/logo-medcof.png\",\"contentUrl\":\"https:\\\/\\\/www.grupomedcof.com.br\\\/blog\\\/wp-content\\\/uploads\\\/2022\\\/01\\\/logo-medcof.png\",\"width\":768,\"height\":269,\"caption\":\"Grupo MedCof\"},\"image\":{\"@id\":\"https:\\\/\\\/www.grupomedcof.com.br\\\/blog\\\/#\\\/schema\\\/logo\\\/image\\\/\"},\"sameAs\":[\"https:\\\/\\\/www.facebook.com\\\/MedCofQbank\\\/\",\"https:\\\/\\\/www.instagram.com\\\/grupomedcof\\\/\",\"https:\\\/\\\/br.linkedin.com\\\/company\\\/medcof\",\"https:\\\/\\\/www.youtube.com\\\/channel\\\/UCdHMuOHKICxcHwecxN8P-AA\"]},{\"@type\":\"Person\",\"@id\":\"https:\\\/\\\/www.grupomedcof.com.br\\\/blog\\\/#\\\/schema\\\/person\\\/db19a651f86c5fc202d6eee744fd3292\",\"name\":\"Kiara Adelino\",\"image\":{\"@type\":\"ImageObject\",\"inLanguage\":\"pt-BR\",\"@id\":\"https:\\\/\\\/www.grupomedcof.com.br\\\/blog\\\/wp-content\\\/uploads\\\/2024\\\/08\\\/cropped-Kiara-Adelino2-96x96.jpega85663bdda67261f8f06f86e555e1e49\",\"url\":\"https:\\\/\\\/www.grupomedcof.com.br\\\/blog\\\/wp-content\\\/uploads\\\/2024\\\/08\\\/cropped-Kiara-Adelino2-96x96.jpeg\",\"contentUrl\":\"https:\\\/\\\/www.grupomedcof.com.br\\\/blog\\\/wp-content\\\/uploads\\\/2024\\\/08\\\/cropped-Kiara-Adelino2-96x96.jpeg\",\"caption\":\"Kiara Adelino\"},\"description\":\"Estudante do 5\u00b0 semestre de Medicina. Gosto bastante de aprender coisas novas, principalmente na \u00e1rea de Neurologia e Anatomia humana.\",\"url\":\"https:\\\/\\\/www.grupomedcof.com.br\\\/blog\\\/author\\\/kiara-adelino\\\/\"}]}<\/script>\n<!-- \/ Yoast SEO Premium plugin. -->","yoast_head_json":{"title":"Cl\u00ednica Pedi\u00e1trica: Avalia\u00e7\u00e3o Do Crescimento Infantil - Blog de Medcof: conte\u00fados, editais, revalida e mais!","description":"Cada fase de vida da crian\u00e7a tem seu crescimento influenciado por diferentes fatores. Confira os detalhes em nosso post!","robots":{"index":"index","follow":"follow","max-snippet":"max-snippet:-1","max-image-preview":"max-image-preview:large","max-video-preview":"max-video-preview:-1"},"canonical":"https:\/\/www.grupomedcof.com.br\/blog\/clinica-pediatrica-avaliacao-do-crescimento-infantil\/","og_locale":"pt_BR","og_type":"article","og_title":"Cl\u00ednica Pedi\u00e1trica: Avalia\u00e7\u00e3o Do Crescimento Infantil","og_description":"Cada fase de vida da crian\u00e7a tem seu crescimento influenciado por diferentes fatores. Confira os detalhes em nosso post!","og_url":"https:\/\/www.grupomedcof.com.br\/blog\/clinica-pediatrica-avaliacao-do-crescimento-infantil\/","og_site_name":"Blog de Medcof: conte\u00fados, editais, revalida e mais!","article_publisher":"https:\/\/www.facebook.com\/MedCofQbank\/","article_published_time":"2024-10-23T16:48:49+00:00","og_image":[{"width":1024,"height":576,"url":"https:\/\/www.grupomedcof.com.br\/blog\/wp-content\/uploads\/2024\/10\/Blog-MedCof-14-1024x576.png","type":"image\/png"}],"author":"Kiara Adelino","twitter_card":"summary_large_image","twitter_misc":{"Escrito por":"Kiara Adelino","Est. tempo de leitura":"6 minutos"},"schema":{"@context":"https:\/\/schema.org","@graph":[{"@type":"Article","@id":"https:\/\/www.grupomedcof.com.br\/blog\/clinica-pediatrica-avaliacao-do-crescimento-infantil\/#article","isPartOf":{"@id":"https:\/\/www.grupomedcof.com.br\/blog\/clinica-pediatrica-avaliacao-do-crescimento-infantil\/"},"author":{"name":"Kiara Adelino","@id":"https:\/\/www.grupomedcof.com.br\/blog\/#\/schema\/person\/db19a651f86c5fc202d6eee744fd3292"},"headline":"Cl\u00ednica Pedi\u00e1trica: Avalia\u00e7\u00e3o Do Crescimento Infantil","datePublished":"2024-10-23T16:48:49+00:00","mainEntityOfPage":{"@id":"https:\/\/www.grupomedcof.com.br\/blog\/clinica-pediatrica-avaliacao-do-crescimento-infantil\/"},"wordCount":854,"commentCount":0,"publisher":{"@id":"https:\/\/www.grupomedcof.com.br\/blog\/#organization"},"image":{"@id":"https:\/\/www.grupomedcof.com.br\/blog\/clinica-pediatrica-avaliacao-do-crescimento-infantil\/#primaryimage"},"thumbnailUrl":"https:\/\/www.grupomedcof.com.br\/blog\/wp-content\/uploads\/2024\/10\/Blog-MedCof-14.png","keywords":["Adolescente","Endocrinopatia","Estatura","Peso","Resid\u00eancia M\u00e9dica"],"articleSection":["Pediatria"],"inLanguage":"pt-BR"},{"@type":"WebPage","@id":"https:\/\/www.grupomedcof.com.br\/blog\/clinica-pediatrica-avaliacao-do-crescimento-infantil\/","url":"https:\/\/www.grupomedcof.com.br\/blog\/clinica-pediatrica-avaliacao-do-crescimento-infantil\/","name":"Cl\u00ednica Pedi\u00e1trica: Avalia\u00e7\u00e3o Do Crescimento Infantil - Blog de Medcof: conte\u00fados, editais, revalida e mais!","isPartOf":{"@id":"https:\/\/www.grupomedcof.com.br\/blog\/#website"},"primaryImageOfPage":{"@id":"https:\/\/www.grupomedcof.com.br\/blog\/clinica-pediatrica-avaliacao-do-crescimento-infantil\/#primaryimage"},"image":{"@id":"https:\/\/www.grupomedcof.com.br\/blog\/clinica-pediatrica-avaliacao-do-crescimento-infantil\/#primaryimage"},"thumbnailUrl":"https:\/\/www.grupomedcof.com.br\/blog\/wp-content\/uploads\/2024\/10\/Blog-MedCof-14.png","datePublished":"2024-10-23T16:48:49+00:00","description":"Cada fase de vida da crian\u00e7a tem seu crescimento influenciado por diferentes fatores. Confira os detalhes em nosso post!","breadcrumb":{"@id":"https:\/\/www.grupomedcof.com.br\/blog\/clinica-pediatrica-avaliacao-do-crescimento-infantil\/#breadcrumb"},"inLanguage":"pt-BR","potentialAction":[{"@type":"ReadAction","target":["https:\/\/www.grupomedcof.com.br\/blog\/clinica-pediatrica-avaliacao-do-crescimento-infantil\/"]}]},{"@type":"ImageObject","inLanguage":"pt-BR","@id":"https:\/\/www.grupomedcof.com.br\/blog\/clinica-pediatrica-avaliacao-do-crescimento-infantil\/#primaryimage","url":"https:\/\/www.grupomedcof.com.br\/blog\/wp-content\/uploads\/2024\/10\/Blog-MedCof-14.png","contentUrl":"https:\/\/www.grupomedcof.com.br\/blog\/wp-content\/uploads\/2024\/10\/Blog-MedCof-14.png","width":2560,"height":1440},{"@type":"BreadcrumbList","@id":"https:\/\/www.grupomedcof.com.br\/blog\/clinica-pediatrica-avaliacao-do-crescimento-infantil\/#breadcrumb","itemListElement":[{"@type":"ListItem","position":1,"name":"In\u00edcio","item":"https:\/\/www.grupomedcof.com.br\/blog\/"},{"@type":"ListItem","position":2,"name":"Cl\u00ednica Pedi\u00e1trica: Avalia\u00e7\u00e3o Do Crescimento Infantil"}]},{"@type":"WebSite","@id":"https:\/\/www.grupomedcof.com.br\/blog\/#website","url":"https:\/\/www.grupomedcof.com.br\/blog\/","name":"Blog de Medcof: conte\u00fados, editais, revalida e mais!","description":"Acesso o blog de MedCof! Seu portal de conte\u00fados sobre resid\u00eancia m\u00e9dica, an\u00e1lise e editais e muito mais. Clique e confira!","publisher":{"@id":"https:\/\/www.grupomedcof.com.br\/blog\/#organization"},"alternateName":"Blog de Medcof: conte\u00fados, editais, revalida e mais!","potentialAction":[{"@type":"SearchAction","target":{"@type":"EntryPoint","urlTemplate":"https:\/\/www.grupomedcof.com.br\/blog\/?s={search_term_string}"},"query-input":{"@type":"PropertyValueSpecification","valueRequired":true,"valueName":"search_term_string"}}],"inLanguage":"pt-BR"},{"@type":"Organization","@id":"https:\/\/www.grupomedcof.com.br\/blog\/#organization","name":"Grupo MedCof","url":"https:\/\/www.grupomedcof.com.br\/blog\/","logo":{"@type":"ImageObject","inLanguage":"pt-BR","@id":"https:\/\/www.grupomedcof.com.br\/blog\/#\/schema\/logo\/image\/","url":"https:\/\/www.grupomedcof.com.br\/blog\/wp-content\/uploads\/2022\/01\/logo-medcof.png","contentUrl":"https:\/\/www.grupomedcof.com.br\/blog\/wp-content\/uploads\/2022\/01\/logo-medcof.png","width":768,"height":269,"caption":"Grupo MedCof"},"image":{"@id":"https:\/\/www.grupomedcof.com.br\/blog\/#\/schema\/logo\/image\/"},"sameAs":["https:\/\/www.facebook.com\/MedCofQbank\/","https:\/\/www.instagram.com\/grupomedcof\/","https:\/\/br.linkedin.com\/company\/medcof","https:\/\/www.youtube.com\/channel\/UCdHMuOHKICxcHwecxN8P-AA"]},{"@type":"Person","@id":"https:\/\/www.grupomedcof.com.br\/blog\/#\/schema\/person\/db19a651f86c5fc202d6eee744fd3292","name":"Kiara Adelino","image":{"@type":"ImageObject","inLanguage":"pt-BR","@id":"https:\/\/www.grupomedcof.com.br\/blog\/wp-content\/uploads\/2024\/08\/cropped-Kiara-Adelino2-96x96.jpega85663bdda67261f8f06f86e555e1e49","url":"https:\/\/www.grupomedcof.com.br\/blog\/wp-content\/uploads\/2024\/08\/cropped-Kiara-Adelino2-96x96.jpeg","contentUrl":"https:\/\/www.grupomedcof.com.br\/blog\/wp-content\/uploads\/2024\/08\/cropped-Kiara-Adelino2-96x96.jpeg","caption":"Kiara Adelino"},"description":"Estudante do 5\u00b0 semestre de Medicina. Gosto bastante de aprender coisas novas, principalmente na \u00e1rea de Neurologia e Anatomia humana.","url":"https:\/\/www.grupomedcof.com.br\/blog\/author\/kiara-adelino\/"}]}},"authors":[{"term_id":3617,"user_id":21,"is_guest":0,"slug":"kiara-adelino","display_name":"Kiara Adelino","avatar_url":"https:\/\/www.grupomedcof.com.br\/blog\/wp-content\/uploads\/2024\/08\/cropped-Kiara-Adelino2-96x96.jpeg","0":null,"1":"","2":"","3":"","4":"","5":"","6":"","7":"","8":""}],"_links":{"self":[{"href":"https:\/\/www.grupomedcof.com.br\/blog\/wp-json\/wp\/v2\/posts\/30853","targetHints":{"allow":["GET"]}}],"collection":[{"href":"https:\/\/www.grupomedcof.com.br\/blog\/wp-json\/wp\/v2\/posts"}],"about":[{"href":"https:\/\/www.grupomedcof.com.br\/blog\/wp-json\/wp\/v2\/types\/post"}],"author":[{"embeddable":true,"href":"https:\/\/www.grupomedcof.com.br\/blog\/wp-json\/wp\/v2\/users\/21"}],"replies":[{"embeddable":true,"href":"https:\/\/www.grupomedcof.com.br\/blog\/wp-json\/wp\/v2\/comments?post=30853"}],"version-history":[{"count":0,"href":"https:\/\/www.grupomedcof.com.br\/blog\/wp-json\/wp\/v2\/posts\/30853\/revisions"}],"wp:featuredmedia":[{"embeddable":true,"href":"https:\/\/www.grupomedcof.com.br\/blog\/wp-json\/wp\/v2\/media\/30859"}],"wp:attachment":[{"href":"https:\/\/www.grupomedcof.com.br\/blog\/wp-json\/wp\/v2\/media?parent=30853"}],"wp:term":[{"taxonomy":"category","embeddable":true,"href":"https:\/\/www.grupomedcof.com.br\/blog\/wp-json\/wp\/v2\/categories?post=30853"},{"taxonomy":"post_tag","embeddable":true,"href":"https:\/\/www.grupomedcof.com.br\/blog\/wp-json\/wp\/v2\/tags?post=30853"},{"taxonomy":"author","embeddable":true,"href":"https:\/\/www.grupomedcof.com.br\/blog\/wp-json\/wp\/v2\/ppma_author?post=30853"}],"curies":[{"name":"wp","href":"https:\/\/api.w.org\/{rel}","templated":true}]}}