{"id":30888,"date":"2025-01-31T07:11:24","date_gmt":"2025-01-31T10:11:24","guid":{"rendered":"https:\/\/www.grupomedcof.com.br\/blog\/?p=30888"},"modified":"2025-10-03T08:29:06","modified_gmt":"2025-10-03T11:29:06","slug":"enare-segunda-fase","status":"publish","type":"post","link":"https:\/\/www.grupomedcof.com.br\/blog\/enare-segunda-fase\/","title":{"rendered":"Confira o resultado da segunda fase do ENARE 2025: resultado da 1\u00aa escolha e nota final!"},"content":{"rendered":"<div id=\"ez-toc-container\" class=\"ez-toc-v2_0_74 counter-hierarchy ez-toc-counter ez-toc-transparent ez-toc-container-direction\">\n<div class=\"ez-toc-title-container\">\n<p class=\"ez-toc-title\" style=\"cursor:inherit\">Sum\u00e1rio<\/p>\n<span class=\"ez-toc-title-toggle\"><a href=\"#\" class=\"ez-toc-pull-right ez-toc-btn ez-toc-btn-xs ez-toc-btn-default ez-toc-toggle\" aria-label=\"Alternar tabela de conte\u00fado\"><span class=\"ez-toc-js-icon-con\"><span class=\"\"><span class=\"eztoc-hide\" style=\"display:none;\">Toggle<\/span><span class=\"ez-toc-icon-toggle-span\"><svg style=\"fill: #999;color:#999\" xmlns=\"http:\/\/www.w3.org\/2000\/svg\" class=\"list-377408\" width=\"20px\" height=\"20px\" viewBox=\"0 0 24 24\" fill=\"none\"><path d=\"M6 6H4v2h2V6zm14 0H8v2h12V6zM4 11h2v2H4v-2zm16 0H8v2h12v-2zM4 16h2v2H4v-2zm16 0H8v2h12v-2z\" fill=\"currentColor\"><\/path><\/svg><svg style=\"fill: #999;color:#999\" class=\"arrow-unsorted-368013\" xmlns=\"http:\/\/www.w3.org\/2000\/svg\" width=\"10px\" height=\"10px\" viewBox=\"0 0 24 24\" version=\"1.2\" baseProfile=\"tiny\"><path d=\"M18.2 9.3l-6.2-6.3-6.2 6.3c-.2.2-.3.4-.3.7s.1.5.3.7c.2.2.4.3.7.3h11c.3 0 .5-.1.7-.3.2-.2.3-.5.3-.7s-.1-.5-.3-.7zM5.8 14.7l6.2 6.3 6.2-6.3c.2-.2.3-.5.3-.7s-.1-.5-.3-.7c-.2-.2-.4-.3-.7-.3h-11c-.3 0-.5.1-.7.3-.2.2-.3.5-.3.7s.1.5.3.7z\"\/><\/svg><\/span><\/span><\/span><\/a><\/span><\/div>\n<nav><ul class='ez-toc-list ez-toc-list-level-1 ' ><li class='ez-toc-page-1 ez-toc-heading-level-2'><a class=\"ez-toc-link ez-toc-heading-1\" href=\"https:\/\/www.grupomedcof.com.br\/blog\/enare-segunda-fase\/#Resultado_da_1a_escolha_de_vagas\" >Resultado da 1\u00aa escolha de vagas<\/a><\/li><li class='ez-toc-page-1 ez-toc-heading-level-2'><a class=\"ez-toc-link ez-toc-heading-2\" href=\"https:\/\/www.grupomedcof.com.br\/blog\/enare-segunda-fase\/#1a_oportunidade_de_escolha_das_vagas_do_ENARE_2025\" >1\u00aa oportunidade de escolha das vagas&nbsp;do ENARE 2025<\/a><\/li><li class='ez-toc-page-1 ez-toc-heading-level-2'><a class=\"ez-toc-link ez-toc-heading-3\" href=\"https:\/\/www.grupomedcof.com.br\/blog\/enare-segunda-fase\/#Nota_Final_Pos-Recursos\" >Nota Final P\u00f3s-Recursos<\/a><\/li><li class='ez-toc-page-1 ez-toc-heading-level-2'><a class=\"ez-toc-link ez-toc-heading-4\" href=\"https:\/\/www.grupomedcof.com.br\/blog\/enare-segunda-fase\/#Nota_Pre-Recursos\" >Nota Pr\u00e9-Recursos<\/a><\/li><li class='ez-toc-page-1 ez-toc-heading-level-2'><a class=\"ez-toc-link ez-toc-heading-5\" href=\"https:\/\/www.grupomedcof.com.br\/blog\/enare-segunda-fase\/#Analise_Curricular_todos_os_acontecimentos\" >An\u00e1lise Curricular: todos os acontecimentos<\/a><ul class='ez-toc-list-level-3' ><li class='ez-toc-heading-level-3'><a class=\"ez-toc-link ez-toc-heading-6\" href=\"https:\/\/www.grupomedcof.com.br\/blog\/enare-segunda-fase\/#Resultado_Preliminar_da_Analise_Curricular\" >Resultado Preliminar da An\u00e1lise Curricular<\/a><\/li><li class='ez-toc-page-1 ez-toc-heading-level-3'><a class=\"ez-toc-link ez-toc-heading-7\" href=\"https:\/\/www.grupomedcof.com.br\/blog\/enare-segunda-fase\/#Nota_de_Esclarecimento_Ebserh\" >Nota de Esclarecimento Ebserh<\/a><\/li><li class='ez-toc-page-1 ez-toc-heading-level-3'><a class=\"ez-toc-link ez-toc-heading-8\" href=\"https:\/\/www.grupomedcof.com.br\/blog\/enare-segunda-fase\/#Cancelamento_do_Resultado_da_Analise_Curricular\" >Cancelamento do Resultado da An\u00e1lise Curricular<\/a><\/li><li class='ez-toc-page-1 ez-toc-heading-level-3'><a class=\"ez-toc-link ez-toc-heading-9\" href=\"https:\/\/www.grupomedcof.com.br\/blog\/enare-segunda-fase\/#Novo_resultado_Analise_Curricular\" >Novo resultado An\u00e1lise Curricular<\/a><\/li><li class='ez-toc-page-1 ez-toc-heading-level-3'><a class=\"ez-toc-link ez-toc-heading-10\" href=\"https:\/\/www.grupomedcof.com.br\/blog\/enare-segunda-fase\/#Nota_de_reforco_aos_criterios_de_desempate\" >Nota de refor\u00e7o aos crit\u00e9rios de desempate<\/a><\/li><\/ul><\/li><li class='ez-toc-page-1 ez-toc-heading-level-2'><a class=\"ez-toc-link ez-toc-heading-11\" href=\"https:\/\/www.grupomedcof.com.br\/blog\/enare-segunda-fase\/#Como_foi_a_1a_fase\" >Como foi a 1\u00aa fase?<\/a><ul class='ez-toc-list-level-3' ><li class='ez-toc-heading-level-3'><a class=\"ez-toc-link ez-toc-heading-12\" href=\"https:\/\/www.grupomedcof.com.br\/blog\/enare-segunda-fase\/#Gabarito_Oficial_Enare_20242025\" >Gabarito Oficial Enare 2024\/2025<\/a><\/li><li class='ez-toc-page-1 ez-toc-heading-level-3'><a class=\"ez-toc-link ez-toc-heading-13\" href=\"https:\/\/www.grupomedcof.com.br\/blog\/enare-segunda-fase\/#Correcao_Enare_20242025\" >Corre\u00e7\u00e3o Enare 2024\/2025<\/a><\/li><li class='ez-toc-page-1 ez-toc-heading-level-3'><a class=\"ez-toc-link ez-toc-heading-14\" href=\"https:\/\/www.grupomedcof.com.br\/blog\/enare-segunda-fase\/#Resultado_definitivo\" >Resultado definitivo<\/a><\/li><\/ul><\/li><li class='ez-toc-page-1 ez-toc-heading-level-2'><a class=\"ez-toc-link ez-toc-heading-15\" href=\"https:\/\/www.grupomedcof.com.br\/blog\/enare-segunda-fase\/#Cronograma_ENARE_20242025\" >Cronograma ENARE 2024\/2025<\/a><\/li><li class='ez-toc-page-1 ez-toc-heading-level-2'><a class=\"ez-toc-link ez-toc-heading-16\" href=\"https:\/\/www.grupomedcof.com.br\/blog\/enare-segunda-fase\/#O_metodo_que_te_aprova\" >O m\u00e9todo que te aprova!<\/a><\/li><\/ul><\/nav><\/div>\n\n<figure class=\"wp-block-image size-large\"><img loading=\"lazy\" decoding=\"async\" width=\"1024\" height=\"576\" src=\"https:\/\/www.grupomedcof.com.br\/blog\/wp-content\/uploads\/2024\/07\/Modelo-instituicoes-16-1024x576.png\" alt=\"Logo com escrita do ENARE. No canto inferior direito est\u00e1 presente o logo com a escrita &quot;MedCof&quot;\" class=\"wp-image-27931\" srcset=\"https:\/\/www.grupomedcof.com.br\/blog\/wp-content\/uploads\/2024\/07\/Modelo-instituicoes-16-1024x576.png 1024w, https:\/\/www.grupomedcof.com.br\/blog\/wp-content\/uploads\/2024\/07\/Modelo-instituicoes-16-300x169.png 300w, https:\/\/www.grupomedcof.com.br\/blog\/wp-content\/uploads\/2024\/07\/Modelo-instituicoes-16-768x432.png 768w, https:\/\/www.grupomedcof.com.br\/blog\/wp-content\/uploads\/2024\/07\/Modelo-instituicoes-16-1536x864.png 1536w, https:\/\/www.grupomedcof.com.br\/blog\/wp-content\/uploads\/2024\/07\/Modelo-instituicoes-16-2048x1152.png 2048w, https:\/\/www.grupomedcof.com.br\/blog\/wp-content\/uploads\/2024\/07\/Modelo-instituicoes-16-747x420.png 747w, https:\/\/www.grupomedcof.com.br\/blog\/wp-content\/uploads\/2024\/07\/Modelo-instituicoes-16-150x84.png 150w, https:\/\/www.grupomedcof.com.br\/blog\/wp-content\/uploads\/2024\/07\/Modelo-instituicoes-16-696x392.png 696w, https:\/\/www.grupomedcof.com.br\/blog\/wp-content\/uploads\/2024\/07\/Modelo-instituicoes-16-1068x601.png 1068w, https:\/\/www.grupomedcof.com.br\/blog\/wp-content\/uploads\/2024\/07\/Modelo-instituicoes-16-1920x1080.png 1920w\" sizes=\"auto, (max-width: 1024px) 100vw, 1024px\" \/><\/figure>\n\n\n\n<p>O resultado da primeira oportunidade de escolha de vagas foi divulgado, bem como a nota final. Confira!<\/p>\n\n\n\n<h2 class=\"wp-block-heading\" id=\"h-resultado-da-1\u00aa-escolha-de-vagas\"><span class=\"ez-toc-section\" id=\"Resultado_da_1a_escolha_de_vagas\"><\/span><strong>Resultado da 1\u00aa escolha de vagas<\/strong><span class=\"ez-toc-section-end\"><\/span><\/h2>\n\n\n\n<p>Os candidatos puderam selecionar, por meio do sistema informatizado, a institui\u00e7\u00e3o onde pretendem atuar na especialidade escolhida, e a Ebserh divulgou o resultado:<\/p>\n\n\n\n<div class=\"wp-block-buttons is-layout-flex wp-block-buttons-is-layout-flex\">\n<div class=\"wp-block-button\"><a class=\"wp-block-button__link wp-element-button\" href=\"https:\/\/www.grupomedcof.com.br\/blog\/wp-content\/uploads\/2025\/01\/primeira-janela-medica-com-liminar.pdf\" target=\"_blank\" rel=\"noreferrer noopener\">Resultado <strong>1\u00aa escolha de vagas<\/strong><\/a><\/div>\n<\/div>\n\n\n\n<p>Os\u00a0<strong>candidatos n\u00e3o selecionados<\/strong>\u00a0na 1\u00aa oportunidade ainda poder\u00e3o participar da\u00a0<strong>2\u00aa etapa de escolha de vagas<\/strong>, que ocorrer\u00e1 entre\u00a0<strong>31 de janeiro e 1\u00ba de fevereiro de 2025<\/strong>.\u00a0Al\u00e9m disso, a nota final tamb\u00e9m foi divulgada, veja:<\/p>\n\n\n\n<div class=\"wp-block-buttons is-layout-flex wp-block-buttons-is-layout-flex\">\n<div class=\"wp-block-button\"><a class=\"wp-block-button__link wp-element-button\" href=\"https:\/\/www.grupomedcof.com.br\/blog\/wp-content\/uploads\/2025\/01\/Nota-final-ENARE-2025.pdf\" target=\"_blank\" rel=\"noreferrer noopener\">Nota Final ENARE<\/a><\/div>\n<\/div>\n\n\n\n<h2 class=\"wp-block-heading\" id=\"h-1\u00aa-oportunidade-de-escolha-das-vagas-nbsp-do-enare-2025\"><span class=\"ez-toc-section\" id=\"1a_oportunidade_de_escolha_das_vagas_do_ENARE_2025\"><\/span><strong>1\u00aa oportunidade de escolha das vagas&nbsp;do ENARE 2025<\/strong><span class=\"ez-toc-section-end\"><\/span><\/h2>\n\n\n\n<p>A escolha das vagas ter\u00e1 como base a <strong>nota final divulgada<\/strong> e o sistema ficar\u00e1 dispon\u00edvel at\u00e9 o dia 29 de janeiro. Assim, a <strong>classifica\u00e7\u00e3o final por especialidade e institui\u00e7\u00e3o<\/strong>&nbsp;ser\u00e1 divulgada no&nbsp;<strong>dia 30 de janeiro de 2025<\/strong>.<\/p>\n\n\n\n<div class=\"wp-block-buttons is-content-justification-center is-layout-flex wp-container-core-buttons-is-layout-16018d1d wp-block-buttons-is-layout-flex\">\n<div class=\"wp-block-button\"><a class=\"wp-block-button__link wp-element-button\" href=\"https:\/\/enare-inscricao.conhecimento.fgv.br\/?ReturnUrl=%2FHome%2FInscricoes\" target=\"_blank\" rel=\"noreferrer noopener\">Escolha sua vaga no ENARE<\/a><\/div>\n<\/div>\n\n\n\n<h2 class=\"wp-block-heading\" id=\"h-nota-final-pos-recursos\"><span class=\"ez-toc-section\" id=\"Nota_Final_Pos-Recursos\"><\/span><strong>Nota Final P\u00f3s-Recursos<\/strong><span class=\"ez-toc-section-end\"><\/span><\/h2>\n\n\n\n<p>A nota final dos participantes foi divulgada no dia 28 de janeiro, ap\u00f3s o per\u00edodo de recursos entre os dias 22 e 23. Agora ser\u00e1 poss\u00edvel utilizar a nota para<strong>&nbsp;escolher em qual intitui\u00e7\u00e3o realizar a&nbsp;resid\u00eancia m\u00e9dica<\/strong>.<\/p>\n\n\n\n<div class=\"wp-block-buttons is-content-justification-center is-layout-flex wp-container-core-buttons-is-layout-16018d1d wp-block-buttons-is-layout-flex\">\n<div class=\"wp-block-button\"><a class=\"wp-block-button__link wp-element-button\" href=\"https:\/\/www.grupomedcof.com.br\/blog\/wp-content\/uploads\/2025\/01\/Nota-final-pos-recursos-ENARE-2025.pdf\" target=\"_blank\" rel=\"noreferrer noopener\">Nota Final P\u00f3s-Recursos<\/a><\/div>\n<\/div>\n\n\n\n<h2 class=\"wp-block-heading\" id=\"h-nota-pre-recursos\"><span class=\"ez-toc-section\" id=\"Nota_Pre-Recursos\"><\/span><strong>Nota Pr\u00e9-Recursos<\/strong><span class=\"ez-toc-section-end\"><\/span><\/h2>\n\n\n\n<p>A Empresa Brasileira de Servi\u00e7os Hospitalares (Ebserh) divulgou no dia 21 de janeiro, a&nbsp;<strong>nota final dos candidatos participantes do Exame Nacional de Resid\u00eancia<\/strong> (ENARE). Agora, as notas ainda receber\u00e3o recursos entre os dias <strong>22 e 23 de janeiro de 2025.<\/strong> Ap\u00f3s, a pontua\u00e7\u00e3o poder\u00e1 ser utilizada pelos participantes para escolher a institui\u00e7\u00e3o desejada para resid\u00eancia m\u00e9dica. Confira o documento:<\/p>\n\n\n\n<div class=\"wp-block-buttons is-content-justification-center is-layout-flex wp-container-core-buttons-is-layout-16018d1d wp-block-buttons-is-layout-flex\">\n<div class=\"wp-block-button\"><a class=\"wp-block-button__link wp-element-button\" href=\"https:\/\/www.grupomedcof.com.br\/blog\/wp-content\/uploads\/2025\/01\/Nota-final-pre-recursos-ENARE-2025.pdf\" target=\"_blank\" rel=\"noreferrer noopener\">Nota Final Pr\u00e9-Recursos<\/a><\/div>\n<\/div>\n\n\n\n<h2 class=\"wp-block-heading\" id=\"h-analise-curricular-todos-os-acontecimentos\"><span class=\"ez-toc-section\" id=\"Analise_Curricular_todos_os_acontecimentos\"><\/span><strong>An\u00e1lise Curricular: todos os acontecimentos<\/strong><span class=\"ez-toc-section-end\"><\/span><\/h2>\n\n\n\n<h3 class=\"wp-block-heading\" id=\"h-resultado-preliminar-da-analise-curricular\"><span class=\"ez-toc-section\" id=\"Resultado_Preliminar_da_Analise_Curricular\"><\/span><strong>Resultado Preliminar da An\u00e1lise Curricular<\/strong><span class=\"ez-toc-section-end\"><\/span><\/h3>\n\n\n\n<p>O <strong>primeiro&nbsp;resultado preliminar da 2\u00aa etapa do Exame Nacional de Resid\u00eancia M\u00e9dica 2025<\/strong> foi divulgado no dia 08 de janeiro de 2025. Ap\u00f3s a divulga\u00e7\u00e3o, os candidatos tiveram entre os dias 09 e 10 para <strong>interposi\u00e7\u00e3o de recursos<\/strong>. <strong>Vale lembrar que este resultado foi desconsiderado.<\/strong> Confira:<\/p>\n\n\n\n<div class=\"wp-block-buttons is-content-justification-center is-layout-flex wp-container-core-buttons-is-layout-16018d1d wp-block-buttons-is-layout-flex\">\n<div class=\"wp-block-button\"><a class=\"wp-block-button__link wp-element-button\" href=\"https:\/\/www.grupomedcof.com.br\/blog\/wp-content\/uploads\/2024\/12\/Resultado-Analise-Curricular-ENARE-2025.pdf\">RESULTADO AN\u00c1LISE CURRICULAR (DESATUALIZADO)<\/a><\/div>\n<\/div>\n\n\n\n<h3 class=\"wp-block-heading\" id=\"h-nota-de-esclarecimento-ebserh\"><span class=\"ez-toc-section\" id=\"Nota_de_Esclarecimento_Ebserh\"><\/span><strong>Nota de Esclarecimento Ebserh<\/strong><span class=\"ez-toc-section-end\"><\/span><\/h3>\n\n\n\n<p>Ap\u00f3s a divulga\u00e7\u00e3o do resultado da 2\u00aa fase,&nbsp;<strong>mais de 17 mil candidatos ficaram com a nota zerada<\/strong>.<\/p>\n\n\n\n<p>Em contato com o Grupo MedCof, diversos participantes confirmaram que n\u00e3o tiveram seus curr\u00edculos ao menos avaliados, mesmo enviando no modelo solicitado pela banca.<\/p>\n\n\n\n<p>Assim, foi publicada uma<a href=\"https:\/\/www.gov.br\/ebserh\/pt-br\/comunicacao\/noticias\/nota-de-esclarecimento-enare\" target=\"_blank\" rel=\"noreferrer noopener\"> nota oficial<\/a>, onde a Ebserh afirma estar ciente da falha e ter acionado a banca respons\u00e1vel para devidas provid\u00eancias. Al\u00e9m disso, a <a href=\"https:\/\/www.gov.br\/ebserh\/pt-br\/ensino-e-pesquisa\/exame-nacional-de-residencia-enare\" target=\"_blank\" rel=\"noreferrer noopener\">FGV tamb\u00e9m se pronunciou atrav\u00e9s de uma nota<\/a>, esclarecendo: &#8220;Em considera\u00e7\u00e3o aos questionamentos de candidatos inscritos no ENARE 2024\/2025, a Funda\u00e7\u00e3o Getulio Vargas informa que, por solicita\u00e7\u00e3o da EBSERH, sem preju\u00edzo dos recursos interpostos no prazo recursal corrente, far\u00e1 a verifica\u00e7\u00e3o do resultado preliminar da an\u00e1lise curricular, divulgado na presente data e adotara eventuais provid\u00eancias&#8221;.<\/p>\n\n\n\n<h3 class=\"wp-block-heading\" id=\"h-cancelamento-do-resultado-da-analise-curricular\"><span class=\"ez-toc-section\" id=\"Cancelamento_do_Resultado_da_Analise_Curricular\"><\/span><strong>Cancelamento do Resultado da An\u00e1lise Curricular<\/strong><span class=\"ez-toc-section-end\"><\/span><\/h3>\n\n\n\n<p>Ap\u00f3s cancelamento da FGV, uma outra retifica\u00e7\u00e3o tamb\u00e9m foi divulgada, trazendo uma nova data para divulga\u00e7\u00e3o da nota correta. Assim, no dia 14 de janeiro, um novo resultado foi publicado, bem como um novo per\u00edodo de interposi\u00e7\u00e3o de recursos, entre os dias 15 e 16. Ainda, a divulga\u00e7\u00e3o da nota final do certame tamb\u00e9m foi postergada para o dia 21 do mesmo m\u00eas. Confira o comunicado:<\/p>\n\n\n\n<div class=\"wp-block-buttons is-content-justification-center is-layout-flex wp-container-core-buttons-is-layout-16018d1d wp-block-buttons-is-layout-flex\">\n<div class=\"wp-block-button\"><a class=\"wp-block-button__link wp-element-button\" href=\"https:\/\/www.gov.br\/ebserh\/pt-br\/ensino-e-pesquisa\/exame-nacional-de-residencia-enare\/anexos-residencia-medica\/ENARECOMUNICADORESULTADOANALISECURRICULAR.pdf\">COMUNICADO AN\u00c1LISE CURRICULAR<\/a><\/div>\n<\/div>\n\n\n\n<h3 class=\"wp-block-heading\" id=\"h-novo-resultado-analise-curricular\"><span class=\"ez-toc-section\" id=\"Novo_resultado_Analise_Curricular\"><\/span><strong>Novo resultado An\u00e1lise Curricular<\/strong><span class=\"ez-toc-section-end\"><\/span><\/h3>\n\n\n\n<p>Com a divulga\u00e7\u00e3o do <strong>novo resultado preliminar<\/strong> da avalia\u00e7\u00e3o curricular, os candidatos tiveram um&nbsp;<strong>novo per\u00edodo para interposi\u00e7\u00e3o de recursos<\/strong>, que ocorreu entre os dias&nbsp;<strong>15 e 16 de janeiro<\/strong>. Confira o resultado:<\/p>\n\n\n\n<div class=\"wp-block-buttons is-content-justification-center is-layout-flex wp-container-core-buttons-is-layout-16018d1d wp-block-buttons-is-layout-flex\">\n<div class=\"wp-block-button\"><a class=\"wp-block-button__link wp-element-button\">Resultado An\u00e1lise Curricular Retificado<\/a><\/div>\n<\/div>\n\n\n\n<h3 class=\"wp-block-heading\" id=\"h-nota-de-reforco-aos-criterios-de-desempate\"><span class=\"ez-toc-section\" id=\"Nota_de_reforco_aos_criterios_de_desempate\"><\/span><strong>Nota de refor\u00e7o aos crit\u00e9rios de desempate<\/strong><span class=\"ez-toc-section-end\"><\/span><\/h3>\n\n\n\n<p>Ap\u00f3s a divulga\u00e7\u00e3o do novo resultado preliminar da 2\u00aa fase, no dia 17 de janeiro de 2025, a EBSERH publicou um comunicado refor\u00e7ando a informa\u00e7\u00e3o sobre os crit\u00e9rios de desempate da nota final do processo seletivo. Veja:<\/p>\n\n\n\n<div class=\"wp-block-buttons is-content-justification-center is-layout-flex wp-container-core-buttons-is-layout-16018d1d wp-block-buttons-is-layout-flex\">\n<div class=\"wp-block-button\"><a class=\"wp-block-button__link wp-element-button\" href=\"https:\/\/www.gov.br\/ebserh\/pt-br\/ensino-e-pesquisa\/exame-nacional-de-residencia-enare\/anexos-residencia-medica\/COMUNICADOCriteriodeDesempateResidenciaMedica.pdf\">NOTA FINAL &#8211; CRIT\u00c9RIOS DE DESEMPATE<\/a><\/div>\n<\/div>\n\n\n\n<figure class=\"wp-block-image size-large\"><a href=\"https:\/\/www.grupomedcof.com.br\/cofletters\/\"><img loading=\"lazy\" decoding=\"async\" width=\"1024\" height=\"366\" src=\"https:\/\/www.grupomedcof.com.br\/blog\/wp-content\/uploads\/2024\/08\/Capa-Eventos-MedCof-Plus-14-1-1024x366.png\" alt=\"\" class=\"wp-image-28880\" srcset=\"https:\/\/www.grupomedcof.com.br\/blog\/wp-content\/uploads\/2024\/08\/Capa-Eventos-MedCof-Plus-14-1-1024x366.png 1024w, https:\/\/www.grupomedcof.com.br\/blog\/wp-content\/uploads\/2024\/08\/Capa-Eventos-MedCof-Plus-14-1-300x107.png 300w, https:\/\/www.grupomedcof.com.br\/blog\/wp-content\/uploads\/2024\/08\/Capa-Eventos-MedCof-Plus-14-1-768x275.png 768w, https:\/\/www.grupomedcof.com.br\/blog\/wp-content\/uploads\/2024\/08\/Capa-Eventos-MedCof-Plus-14-1-1536x549.png 1536w, https:\/\/www.grupomedcof.com.br\/blog\/wp-content\/uploads\/2024\/08\/Capa-Eventos-MedCof-Plus-14-1-2048x732.png 2048w, https:\/\/www.grupomedcof.com.br\/blog\/wp-content\/uploads\/2024\/08\/Capa-Eventos-MedCof-Plus-14-1-1174x420.png 1174w, https:\/\/www.grupomedcof.com.br\/blog\/wp-content\/uploads\/2024\/08\/Capa-Eventos-MedCof-Plus-14-1-150x54.png 150w, https:\/\/www.grupomedcof.com.br\/blog\/wp-content\/uploads\/2024\/08\/Capa-Eventos-MedCof-Plus-14-1-696x249.png 696w, https:\/\/www.grupomedcof.com.br\/blog\/wp-content\/uploads\/2024\/08\/Capa-Eventos-MedCof-Plus-14-1-1068x382.png 1068w, https:\/\/www.grupomedcof.com.br\/blog\/wp-content\/uploads\/2024\/08\/Capa-Eventos-MedCof-Plus-14-1-1920x687.png 1920w\" sizes=\"auto, (max-width: 1024px) 100vw, 1024px\" \/><\/a><\/figure>\n\n\n\n<h2 class=\"wp-block-heading\" id=\"h-como-foi-a-1\u00aa-fase\"><span class=\"ez-toc-section\" id=\"Como_foi_a_1a_fase\"><\/span><strong>Como foi a 1\u00aa fase?<\/strong><span class=\"ez-toc-section-end\"><\/span><\/h2>\n\n\n\n<h3 class=\"wp-block-heading\" id=\"h-gabarito-oficial-enare-2024-2025\"><span class=\"ez-toc-section\" id=\"Gabarito_Oficial_Enare_20242025\"><\/span><strong>Gabarito Oficial Enare 2024\/2025<\/strong><span class=\"ez-toc-section-end\"><\/span><\/h3>\n\n\n\n<p>O gabarito oficial foi divulgado no dia <strong>22 de outubro<\/strong>, e os candidatos puderam interpor&nbsp;<strong>recursos contra quest\u00f5es e gabarito nos dias 23 e 24 do mesmo m\u00eas<\/strong>. Veja a seguir o arquivo completo:<\/p>\n\n\n\n<div data-wp-interactive=\"core\/file\" class=\"wp-block-file\"><object data-wp-bind--hidden=\"!state.hasPdfPreview\" hidden class=\"wp-block-file__embed\" data=\"https:\/\/www.grupomedcof.com.br\/blog\/wp-content\/uploads\/2024\/10\/Gabarito-oficial-Enare-2025.pdf\" type=\"application\/pdf\" style=\"width:100%;height:600px\" aria-label=\"Incorporado de Gabarito oficial Enare 2025.\"><\/object><a id=\"wp-block-file--media-ab946103-a566-4556-adbf-ee5e71f389c8\" href=\"https:\/\/www.grupomedcof.com.br\/blog\/wp-content\/uploads\/2024\/10\/Gabarito-oficial-Enare-2025.pdf\">Gabarito oficial Enare 2025<\/a><a href=\"https:\/\/www.grupomedcof.com.br\/blog\/wp-content\/uploads\/2024\/10\/Gabarito-oficial-Enare-2025.pdf\" class=\"wp-block-file__button wp-element-button\" download aria-describedby=\"wp-block-file--media-ab946103-a566-4556-adbf-ee5e71f389c8\">Baixar<\/a><\/div>\n\n\n\n<h3 class=\"wp-block-heading\" id=\"h-correcao-enare-2024-2025\"><span class=\"ez-toc-section\" id=\"Correcao_Enare_20242025\"><\/span><strong>Corre\u00e7\u00e3o Enare 2024\/2025<\/strong><span class=\"ez-toc-section-end\"><\/span><\/h3>\n\n\n\n<p>Confira a <strong><a href=\"https:\/\/www.youtube.com\/watch?v=Sdunt3LdAWA\" target=\"_blank\" rel=\"noreferrer noopener\">live de corre\u00e7\u00e3o<\/a><\/strong> das 100 quest\u00f5es aplicadas na prova objetiva do <strong>Enare,<\/strong> realizada pelos nossos especialistas e professores do MedCof! Com isso, voc\u00ea poder\u00e1 entender as quest\u00f5es e revisar os temais mais recorrentes, para que assim, conquiste a t\u00e3o sonhada <strong>aprova\u00e7\u00e3o na resid\u00eancia m\u00e9dica<\/strong>!<\/p>\n\n\n\n<h3 class=\"wp-block-heading\" id=\"h-resultado-definitivo\"><span class=\"ez-toc-section\" id=\"Resultado_definitivo\"><\/span><strong>Resultado definitivo<\/strong><span class=\"ez-toc-section-end\"><\/span><\/h3>\n\n\n\n<p>Divulgado no dia 20 de dezembro, confira o documento oficial contendo os aprovados na 1\u00aa fase do ENARE:<\/p>\n\n\n\n<div class=\"wp-block-buttons is-layout-flex wp-block-buttons-is-layout-flex\">\n<div class=\"wp-block-button\"><a class=\"wp-block-button__link wp-element-button\" href=\"https:\/\/www.grupomedcof.com.br\/blog\/wp-content\/uploads\/2024\/10\/resultado-definitivo-enare-residencia-medica-retificado_compressed-1.pdf\">RESULTADO 1\u00aa FASE<\/a><\/div>\n<\/div>\n\n\n\n<h2 class=\"wp-block-heading\" id=\"cronograma-enare-2024-2025\"><span class=\"ez-toc-section\" id=\"Cronograma_ENARE_20242025\"><\/span><strong>Cronograma ENARE 2024\/2025<\/strong><span class=\"ez-toc-section-end\"><\/span><\/h2>\n\n\n\n<figure class=\"wp-block-table\"><table class=\"has-fixed-layout\"><tbody><tr><td><strong>Inscri\u00e7\u00e3o<\/strong><\/td><td>07\/08 a 09\/09\/2024<\/td><\/tr><tr><td><strong>Prova Objetiva<\/strong><\/td><td>20\/10\/2024<\/td><\/tr><tr><td><strong>Resultado da Prova Objetiva<\/strong><\/td><td>20\/12\/2024<\/td><\/tr><tr><td><strong>Prazo para envio de curr\u00edculo para 2\u00aa fase<\/strong><\/td><td>07\/08 a 09\/09\/2024<\/td><\/tr><tr><td><strong>Divulga\u00e7\u00e3o do resultado preliminar da an\u00e1lise curricular<\/strong><\/td><td>14\/01\/2024<\/td><\/tr><tr><td><strong>Per\u00edodo para recurso contra o resultado preliminar da an\u00e1lise curricular<\/strong><\/td><td>15 e 16\/01\/2025<\/td><\/tr><tr><td><strong>Resultado definitivo da an\u00e1lise curricular<\/strong><\/td><td>21\/01\/2025<\/td><\/tr><tr><td><strong>Divulga\u00e7\u00e3o da Nota Final<\/strong><\/td><td>21\/01\/2025<\/td><\/tr><\/tbody><\/table><\/figure>\n\n\n\n<h2 class=\"wp-block-heading\" id=\"o-m\u00e9todo-que-te-aprova\"><span class=\"ez-toc-section\" id=\"O_metodo_que_te_aprova\"><\/span><strong>O m\u00e9todo que te aprova!<\/strong><span class=\"ez-toc-section-end\"><\/span><\/h2>\n\n\n\n<p>Quer alcan\u00e7ar a aprova\u00e7\u00e3o nas provas de resid\u00eancia m\u00e9dica? Ent\u00e3o seja um&nbsp;<a href=\"https:\/\/www.grupomedcof.com.br\/home\/\" target=\"_blank\" rel=\"noreferrer noopener\">MedCoffer<\/a>! Aqui te ajudaremos na busca da aprova\u00e7\u00e3o com conte\u00fados de qualidade e uma&nbsp;<a href=\"https:\/\/www.grupomedcof.com.br\/blog\/presenca-da-medcof-nas-aprovacoes-em-residencia-medica-no-brasil\/\" target=\"_blank\" rel=\"noreferrer noopener\"><strong>metodologia que j\u00e1 aprovou mais de 10 mil residentes no pa\u00eds<\/strong><\/a>!&nbsp;Por fim, acesse o nosso<a href=\"https:\/\/www.youtube.com\/@GrupoMedcof\/featured\" target=\"_blank\" rel=\"noreferrer noopener\">&nbsp;<strong>canal do youtube&nbsp;<\/strong><\/a>para ver o nosso material.<\/p>\n\n\n\n<figure class=\"wp-block-embed is-type-video is-provider-youtube wp-block-embed-youtube wp-embed-aspect-16-9 wp-has-aspect-ratio\"><div class=\"wp-block-embed__wrapper\">\n<div class=\"youtube-embed\" data-video_id=\"\"><iframe loading=\"lazy\" title=\"Corre\u00e7\u00e3o ENARE R1 2025 -  Gabarito Prova de resid\u00eancia m\u00e9dica ENARE 2025 R1 Acesso Direto\" width=\"696\" height=\"392\" src=\"https:\/\/www.youtube.com\/embed\/Sdunt3LdAWA?feature=oembed&#038;enablejsapi=1\" frameborder=\"0\" allow=\"accelerometer; autoplay; clipboard-write; encrypted-media; gyroscope; picture-in-picture; web-share\" referrerpolicy=\"strict-origin-when-cross-origin\" allowfullscreen><\/iframe><\/div>\n<\/div><\/figure>\n","protected":false},"excerpt":{"rendered":"<p>O resultado da segunda fase do ENARE 2025, com a primeira oportunidade de escolha de vagas, foi divulgado, assim como a nota final. Confira!<\/p>\n","protected":false},"author":23,"featured_media":27931,"comment_status":"open","ping_status":"open","sticky":false,"template":"","format":"standard","meta":{"footnotes":""},"categories":[287,174],"tags":[1568,29,1431,2190,68],"ppma_author":[3618],"class_list":{"0":"post-30888","1":"post","2":"type-post","3":"status-publish","4":"format-standard","5":"has-post-thumbnail","7":"category-destaques-medcof","8":"category-residencia-medica","9":"tag-edital","10":"tag-enare","11":"tag-enare-2025","12":"tag-gabarito-oficial","13":"tag-residencia-medica"},"yoast_head":"<!-- This site is optimized with the Yoast SEO Premium plugin v24.3 (Yoast SEO v27.4) - https:\/\/yoast.com\/product\/yoast-seo-premium-wordpress\/ -->\n<title>ENARE 2025: Resultado da 2\u00aa fase | Grupo MedCof<\/title>\n<meta name=\"description\" content=\"O resultado da segunda fase do ENARE 2025, com a primeira oportunidade de escolha de vagas, foi divulgado, assim como a nota final. Confira!\" \/>\n<meta name=\"robots\" content=\"index, follow, max-snippet:-1, max-image-preview:large, max-video-preview:-1\" \/>\n<link rel=\"canonical\" href=\"https:\/\/www.grupomedcof.com.br\/blog\/enare-segunda-fase\/\" \/>\n<meta property=\"og:locale\" content=\"pt_BR\" \/>\n<meta property=\"og:type\" content=\"article\" \/>\n<meta property=\"og:title\" content=\"Confira o resultado da segunda fase do ENARE 2025: resultado da 1\u00aa escolha e nota final!\" \/>\n<meta property=\"og:description\" content=\"O resultado da segunda fase do ENARE 2025, com a primeira oportunidade de escolha de vagas, foi divulgado, assim como a nota final. Confira!\" \/>\n<meta property=\"og:url\" content=\"https:\/\/www.grupomedcof.com.br\/blog\/enare-segunda-fase\/\" \/>\n<meta property=\"og:site_name\" content=\"Blog de Medcof: conte\u00fados, editais, revalida e mais!\" \/>\n<meta property=\"article:publisher\" content=\"https:\/\/www.facebook.com\/MedCofQbank\/\" \/>\n<meta property=\"article:published_time\" content=\"2025-01-31T10:11:24+00:00\" \/>\n<meta property=\"article:modified_time\" content=\"2025-10-03T11:29:06+00:00\" \/>\n<meta property=\"og:image\" content=\"https:\/\/www.grupomedcof.com.br\/blog\/wp-content\/uploads\/2024\/07\/Modelo-instituicoes-16.png\" \/>\n\t<meta property=\"og:image:width\" content=\"2560\" \/>\n\t<meta property=\"og:image:height\" content=\"1440\" \/>\n\t<meta property=\"og:image:type\" content=\"image\/png\" \/>\n<meta name=\"author\" content=\"Lu\u00edsa Porto\" \/>\n<meta name=\"twitter:card\" content=\"summary_large_image\" \/>\n<meta name=\"twitter:label1\" content=\"Escrito por\" \/>\n\t<meta name=\"twitter:data1\" content=\"Lu\u00edsa Porto\" \/>\n\t<meta name=\"twitter:label2\" content=\"Est. tempo de leitura\" \/>\n\t<meta name=\"twitter:data2\" content=\"6 minutos\" \/>\n<script type=\"application\/ld+json\" class=\"yoast-schema-graph\">{\"@context\":\"https:\\\/\\\/schema.org\",\"@graph\":[{\"@type\":\"Article\",\"@id\":\"https:\\\/\\\/www.grupomedcof.com.br\\\/blog\\\/enare-segunda-fase\\\/#article\",\"isPartOf\":{\"@id\":\"https:\\\/\\\/www.grupomedcof.com.br\\\/blog\\\/enare-segunda-fase\\\/\"},\"author\":{\"name\":\"Lu\u00edsa Porto\",\"@id\":\"https:\\\/\\\/www.grupomedcof.com.br\\\/blog\\\/#\\\/schema\\\/person\\\/d755ffce500bd0766bbf0e4e6572518f\"},\"headline\":\"Confira o resultado da segunda fase do ENARE 2025: resultado da 1\u00aa escolha e nota final!\",\"datePublished\":\"2025-01-31T10:11:24+00:00\",\"dateModified\":\"2025-10-03T11:29:06+00:00\",\"mainEntityOfPage\":{\"@id\":\"https:\\\/\\\/www.grupomedcof.com.br\\\/blog\\\/enare-segunda-fase\\\/\"},\"wordCount\":922,\"commentCount\":0,\"publisher\":{\"@id\":\"https:\\\/\\\/www.grupomedcof.com.br\\\/blog\\\/#organization\"},\"image\":{\"@id\":\"https:\\\/\\\/www.grupomedcof.com.br\\\/blog\\\/enare-segunda-fase\\\/#primaryimage\"},\"thumbnailUrl\":\"https:\\\/\\\/www.grupomedcof.com.br\\\/blog\\\/wp-content\\\/uploads\\\/2024\\\/07\\\/Modelo-instituicoes-16.png\",\"keywords\":[\"Edital\",\"ENARE\",\"ENARE 2025\",\"Gabarito Oficial\",\"Resid\u00eancia M\u00e9dica\"],\"articleSection\":[\"Destaques MedCof\",\"Resid\u00eancia m\u00e9dica: editais, resultados, temas quentes e mais\"],\"inLanguage\":\"pt-BR\"},{\"@type\":\"WebPage\",\"@id\":\"https:\\\/\\\/www.grupomedcof.com.br\\\/blog\\\/enare-segunda-fase\\\/\",\"url\":\"https:\\\/\\\/www.grupomedcof.com.br\\\/blog\\\/enare-segunda-fase\\\/\",\"name\":\"ENARE 2025: Resultado da 2\u00aa fase | Grupo MedCof\",\"isPartOf\":{\"@id\":\"https:\\\/\\\/www.grupomedcof.com.br\\\/blog\\\/#website\"},\"primaryImageOfPage\":{\"@id\":\"https:\\\/\\\/www.grupomedcof.com.br\\\/blog\\\/enare-segunda-fase\\\/#primaryimage\"},\"image\":{\"@id\":\"https:\\\/\\\/www.grupomedcof.com.br\\\/blog\\\/enare-segunda-fase\\\/#primaryimage\"},\"thumbnailUrl\":\"https:\\\/\\\/www.grupomedcof.com.br\\\/blog\\\/wp-content\\\/uploads\\\/2024\\\/07\\\/Modelo-instituicoes-16.png\",\"datePublished\":\"2025-01-31T10:11:24+00:00\",\"dateModified\":\"2025-10-03T11:29:06+00:00\",\"description\":\"O resultado da segunda fase do ENARE 2025, com a primeira oportunidade de escolha de vagas, foi divulgado, assim como a nota final. Confira!\",\"breadcrumb\":{\"@id\":\"https:\\\/\\\/www.grupomedcof.com.br\\\/blog\\\/enare-segunda-fase\\\/#breadcrumb\"},\"inLanguage\":\"pt-BR\",\"potentialAction\":[{\"@type\":\"ReadAction\",\"target\":[\"https:\\\/\\\/www.grupomedcof.com.br\\\/blog\\\/enare-segunda-fase\\\/\"]}]},{\"@type\":\"ImageObject\",\"inLanguage\":\"pt-BR\",\"@id\":\"https:\\\/\\\/www.grupomedcof.com.br\\\/blog\\\/enare-segunda-fase\\\/#primaryimage\",\"url\":\"https:\\\/\\\/www.grupomedcof.com.br\\\/blog\\\/wp-content\\\/uploads\\\/2024\\\/07\\\/Modelo-instituicoes-16.png\",\"contentUrl\":\"https:\\\/\\\/www.grupomedcof.com.br\\\/blog\\\/wp-content\\\/uploads\\\/2024\\\/07\\\/Modelo-instituicoes-16.png\",\"width\":2560,\"height\":1440,\"caption\":\"Logo com escrita do ENARE. No canto inferior direito est\u00e1 presente o logo com a escrita \\\"MedCof\\\"\"},{\"@type\":\"BreadcrumbList\",\"@id\":\"https:\\\/\\\/www.grupomedcof.com.br\\\/blog\\\/enare-segunda-fase\\\/#breadcrumb\",\"itemListElement\":[{\"@type\":\"ListItem\",\"position\":1,\"name\":\"In\u00edcio\",\"item\":\"https:\\\/\\\/www.grupomedcof.com.br\\\/blog\\\/\"},{\"@type\":\"ListItem\",\"position\":2,\"name\":\"Confira o resultado da segunda fase do ENARE 2025: resultado da 1\u00aa escolha e nota final!\"}]},{\"@type\":\"WebSite\",\"@id\":\"https:\\\/\\\/www.grupomedcof.com.br\\\/blog\\\/#website\",\"url\":\"https:\\\/\\\/www.grupomedcof.com.br\\\/blog\\\/\",\"name\":\"Blog de Medcof: conte\u00fados, editais, revalida e mais!\",\"description\":\"Acesso o blog de MedCof! Seu portal de conte\u00fados sobre resid\u00eancia m\u00e9dica, an\u00e1lise e editais e muito mais. Clique e confira!\",\"publisher\":{\"@id\":\"https:\\\/\\\/www.grupomedcof.com.br\\\/blog\\\/#organization\"},\"alternateName\":\"Blog de Medcof: conte\u00fados, editais, revalida e mais!\",\"potentialAction\":[{\"@type\":\"SearchAction\",\"target\":{\"@type\":\"EntryPoint\",\"urlTemplate\":\"https:\\\/\\\/www.grupomedcof.com.br\\\/blog\\\/?s={search_term_string}\"},\"query-input\":{\"@type\":\"PropertyValueSpecification\",\"valueRequired\":true,\"valueName\":\"search_term_string\"}}],\"inLanguage\":\"pt-BR\"},{\"@type\":\"Organization\",\"@id\":\"https:\\\/\\\/www.grupomedcof.com.br\\\/blog\\\/#organization\",\"name\":\"Grupo MedCof\",\"url\":\"https:\\\/\\\/www.grupomedcof.com.br\\\/blog\\\/\",\"logo\":{\"@type\":\"ImageObject\",\"inLanguage\":\"pt-BR\",\"@id\":\"https:\\\/\\\/www.grupomedcof.com.br\\\/blog\\\/#\\\/schema\\\/logo\\\/image\\\/\",\"url\":\"https:\\\/\\\/www.grupomedcof.com.br\\\/blog\\\/wp-content\\\/uploads\\\/2022\\\/01\\\/logo-medcof.png\",\"contentUrl\":\"https:\\\/\\\/www.grupomedcof.com.br\\\/blog\\\/wp-content\\\/uploads\\\/2022\\\/01\\\/logo-medcof.png\",\"width\":768,\"height\":269,\"caption\":\"Grupo MedCof\"},\"image\":{\"@id\":\"https:\\\/\\\/www.grupomedcof.com.br\\\/blog\\\/#\\\/schema\\\/logo\\\/image\\\/\"},\"sameAs\":[\"https:\\\/\\\/www.facebook.com\\\/MedCofQbank\\\/\",\"https:\\\/\\\/www.instagram.com\\\/grupomedcof\\\/\",\"https:\\\/\\\/br.linkedin.com\\\/company\\\/medcof\",\"https:\\\/\\\/www.youtube.com\\\/channel\\\/UCdHMuOHKICxcHwecxN8P-AA\"]},{\"@type\":\"Person\",\"@id\":\"https:\\\/\\\/www.grupomedcof.com.br\\\/blog\\\/#\\\/schema\\\/person\\\/d755ffce500bd0766bbf0e4e6572518f\",\"name\":\"Lu\u00edsa Porto\",\"image\":{\"@type\":\"ImageObject\",\"inLanguage\":\"pt-BR\",\"@id\":\"https:\\\/\\\/www.grupomedcof.com.br\\\/blog\\\/wp-content\\\/uploads\\\/2025\\\/05\\\/cropped-WhatsApp-Image-2025-05-05-at-19.22.15-96x96.jpegd989589e3fd3e4fb9efe9268a95bbcc4\",\"url\":\"https:\\\/\\\/www.grupomedcof.com.br\\\/blog\\\/wp-content\\\/uploads\\\/2025\\\/05\\\/cropped-WhatsApp-Image-2025-05-05-at-19.22.15-96x96.jpeg\",\"contentUrl\":\"https:\\\/\\\/www.grupomedcof.com.br\\\/blog\\\/wp-content\\\/uploads\\\/2025\\\/05\\\/cropped-WhatsApp-Image-2025-05-05-at-19.22.15-96x96.jpeg\",\"caption\":\"Lu\u00edsa Porto\"},\"description\":\"Estudante de Jornalismo do 6\u00ba semestre, encantada pela \u00e1rea da comunica\u00e7\u00e3o e f\u00e3 de automobilismo\",\"url\":\"https:\\\/\\\/www.grupomedcof.com.br\\\/blog\\\/author\\\/porto\\\/\"}]}<\/script>\n<!-- \/ Yoast SEO Premium plugin. -->","yoast_head_json":{"title":"ENARE 2025: Resultado da 2\u00aa fase | Grupo MedCof","description":"O resultado da segunda fase do ENARE 2025, com a primeira oportunidade de escolha de vagas, foi divulgado, assim como a nota final. Confira!","robots":{"index":"index","follow":"follow","max-snippet":"max-snippet:-1","max-image-preview":"max-image-preview:large","max-video-preview":"max-video-preview:-1"},"canonical":"https:\/\/www.grupomedcof.com.br\/blog\/enare-segunda-fase\/","og_locale":"pt_BR","og_type":"article","og_title":"Confira o resultado da segunda fase do ENARE 2025: resultado da 1\u00aa escolha e nota final!","og_description":"O resultado da segunda fase do ENARE 2025, com a primeira oportunidade de escolha de vagas, foi divulgado, assim como a nota final. Confira!","og_url":"https:\/\/www.grupomedcof.com.br\/blog\/enare-segunda-fase\/","og_site_name":"Blog de Medcof: conte\u00fados, editais, revalida e mais!","article_publisher":"https:\/\/www.facebook.com\/MedCofQbank\/","article_published_time":"2025-01-31T10:11:24+00:00","article_modified_time":"2025-10-03T11:29:06+00:00","og_image":[{"width":2560,"height":1440,"url":"https:\/\/www.grupomedcof.com.br\/blog\/wp-content\/uploads\/2024\/07\/Modelo-instituicoes-16.png","type":"image\/png"}],"author":"Lu\u00edsa Porto","twitter_card":"summary_large_image","twitter_misc":{"Escrito por":"Lu\u00edsa Porto","Est. tempo de leitura":"6 minutos"},"schema":{"@context":"https:\/\/schema.org","@graph":[{"@type":"Article","@id":"https:\/\/www.grupomedcof.com.br\/blog\/enare-segunda-fase\/#article","isPartOf":{"@id":"https:\/\/www.grupomedcof.com.br\/blog\/enare-segunda-fase\/"},"author":{"name":"Lu\u00edsa Porto","@id":"https:\/\/www.grupomedcof.com.br\/blog\/#\/schema\/person\/d755ffce500bd0766bbf0e4e6572518f"},"headline":"Confira o resultado da segunda fase do ENARE 2025: resultado da 1\u00aa escolha e nota final!","datePublished":"2025-01-31T10:11:24+00:00","dateModified":"2025-10-03T11:29:06+00:00","mainEntityOfPage":{"@id":"https:\/\/www.grupomedcof.com.br\/blog\/enare-segunda-fase\/"},"wordCount":922,"commentCount":0,"publisher":{"@id":"https:\/\/www.grupomedcof.com.br\/blog\/#organization"},"image":{"@id":"https:\/\/www.grupomedcof.com.br\/blog\/enare-segunda-fase\/#primaryimage"},"thumbnailUrl":"https:\/\/www.grupomedcof.com.br\/blog\/wp-content\/uploads\/2024\/07\/Modelo-instituicoes-16.png","keywords":["Edital","ENARE","ENARE 2025","Gabarito Oficial","Resid\u00eancia M\u00e9dica"],"articleSection":["Destaques MedCof","Resid\u00eancia m\u00e9dica: editais, resultados, temas quentes e mais"],"inLanguage":"pt-BR"},{"@type":"WebPage","@id":"https:\/\/www.grupomedcof.com.br\/blog\/enare-segunda-fase\/","url":"https:\/\/www.grupomedcof.com.br\/blog\/enare-segunda-fase\/","name":"ENARE 2025: Resultado da 2\u00aa fase | Grupo MedCof","isPartOf":{"@id":"https:\/\/www.grupomedcof.com.br\/blog\/#website"},"primaryImageOfPage":{"@id":"https:\/\/www.grupomedcof.com.br\/blog\/enare-segunda-fase\/#primaryimage"},"image":{"@id":"https:\/\/www.grupomedcof.com.br\/blog\/enare-segunda-fase\/#primaryimage"},"thumbnailUrl":"https:\/\/www.grupomedcof.com.br\/blog\/wp-content\/uploads\/2024\/07\/Modelo-instituicoes-16.png","datePublished":"2025-01-31T10:11:24+00:00","dateModified":"2025-10-03T11:29:06+00:00","description":"O resultado da segunda fase do ENARE 2025, com a primeira oportunidade de escolha de vagas, foi divulgado, assim como a nota final. Confira!","breadcrumb":{"@id":"https:\/\/www.grupomedcof.com.br\/blog\/enare-segunda-fase\/#breadcrumb"},"inLanguage":"pt-BR","potentialAction":[{"@type":"ReadAction","target":["https:\/\/www.grupomedcof.com.br\/blog\/enare-segunda-fase\/"]}]},{"@type":"ImageObject","inLanguage":"pt-BR","@id":"https:\/\/www.grupomedcof.com.br\/blog\/enare-segunda-fase\/#primaryimage","url":"https:\/\/www.grupomedcof.com.br\/blog\/wp-content\/uploads\/2024\/07\/Modelo-instituicoes-16.png","contentUrl":"https:\/\/www.grupomedcof.com.br\/blog\/wp-content\/uploads\/2024\/07\/Modelo-instituicoes-16.png","width":2560,"height":1440,"caption":"Logo com escrita do ENARE. No canto inferior direito est\u00e1 presente o logo com a escrita \"MedCof\""},{"@type":"BreadcrumbList","@id":"https:\/\/www.grupomedcof.com.br\/blog\/enare-segunda-fase\/#breadcrumb","itemListElement":[{"@type":"ListItem","position":1,"name":"In\u00edcio","item":"https:\/\/www.grupomedcof.com.br\/blog\/"},{"@type":"ListItem","position":2,"name":"Confira o resultado da segunda fase do ENARE 2025: resultado da 1\u00aa escolha e nota final!"}]},{"@type":"WebSite","@id":"https:\/\/www.grupomedcof.com.br\/blog\/#website","url":"https:\/\/www.grupomedcof.com.br\/blog\/","name":"Blog de Medcof: conte\u00fados, editais, revalida e mais!","description":"Acesso o blog de MedCof! Seu portal de conte\u00fados sobre resid\u00eancia m\u00e9dica, an\u00e1lise e editais e muito mais. Clique e confira!","publisher":{"@id":"https:\/\/www.grupomedcof.com.br\/blog\/#organization"},"alternateName":"Blog de Medcof: conte\u00fados, editais, revalida e mais!","potentialAction":[{"@type":"SearchAction","target":{"@type":"EntryPoint","urlTemplate":"https:\/\/www.grupomedcof.com.br\/blog\/?s={search_term_string}"},"query-input":{"@type":"PropertyValueSpecification","valueRequired":true,"valueName":"search_term_string"}}],"inLanguage":"pt-BR"},{"@type":"Organization","@id":"https:\/\/www.grupomedcof.com.br\/blog\/#organization","name":"Grupo MedCof","url":"https:\/\/www.grupomedcof.com.br\/blog\/","logo":{"@type":"ImageObject","inLanguage":"pt-BR","@id":"https:\/\/www.grupomedcof.com.br\/blog\/#\/schema\/logo\/image\/","url":"https:\/\/www.grupomedcof.com.br\/blog\/wp-content\/uploads\/2022\/01\/logo-medcof.png","contentUrl":"https:\/\/www.grupomedcof.com.br\/blog\/wp-content\/uploads\/2022\/01\/logo-medcof.png","width":768,"height":269,"caption":"Grupo MedCof"},"image":{"@id":"https:\/\/www.grupomedcof.com.br\/blog\/#\/schema\/logo\/image\/"},"sameAs":["https:\/\/www.facebook.com\/MedCofQbank\/","https:\/\/www.instagram.com\/grupomedcof\/","https:\/\/br.linkedin.com\/company\/medcof","https:\/\/www.youtube.com\/channel\/UCdHMuOHKICxcHwecxN8P-AA"]},{"@type":"Person","@id":"https:\/\/www.grupomedcof.com.br\/blog\/#\/schema\/person\/d755ffce500bd0766bbf0e4e6572518f","name":"Lu\u00edsa Porto","image":{"@type":"ImageObject","inLanguage":"pt-BR","@id":"https:\/\/www.grupomedcof.com.br\/blog\/wp-content\/uploads\/2025\/05\/cropped-WhatsApp-Image-2025-05-05-at-19.22.15-96x96.jpegd989589e3fd3e4fb9efe9268a95bbcc4","url":"https:\/\/www.grupomedcof.com.br\/blog\/wp-content\/uploads\/2025\/05\/cropped-WhatsApp-Image-2025-05-05-at-19.22.15-96x96.jpeg","contentUrl":"https:\/\/www.grupomedcof.com.br\/blog\/wp-content\/uploads\/2025\/05\/cropped-WhatsApp-Image-2025-05-05-at-19.22.15-96x96.jpeg","caption":"Lu\u00edsa Porto"},"description":"Estudante de Jornalismo do 6\u00ba semestre, encantada pela \u00e1rea da comunica\u00e7\u00e3o e f\u00e3 de automobilismo","url":"https:\/\/www.grupomedcof.com.br\/blog\/author\/porto\/"}]}},"authors":[{"term_id":3618,"user_id":23,"is_guest":0,"slug":"porto","display_name":"Lu\u00edsa Porto","avatar_url":"https:\/\/www.grupomedcof.com.br\/blog\/wp-content\/uploads\/2025\/05\/cropped-WhatsApp-Image-2025-05-05-at-19.22.15-96x96.jpeg","0":null,"1":"","2":"","3":"","4":"","5":"","6":"","7":"","8":""}],"_links":{"self":[{"href":"https:\/\/www.grupomedcof.com.br\/blog\/wp-json\/wp\/v2\/posts\/30888","targetHints":{"allow":["GET"]}}],"collection":[{"href":"https:\/\/www.grupomedcof.com.br\/blog\/wp-json\/wp\/v2\/posts"}],"about":[{"href":"https:\/\/www.grupomedcof.com.br\/blog\/wp-json\/wp\/v2\/types\/post"}],"author":[{"embeddable":true,"href":"https:\/\/www.grupomedcof.com.br\/blog\/wp-json\/wp\/v2\/users\/23"}],"replies":[{"embeddable":true,"href":"https:\/\/www.grupomedcof.com.br\/blog\/wp-json\/wp\/v2\/comments?post=30888"}],"version-history":[{"count":1,"href":"https:\/\/www.grupomedcof.com.br\/blog\/wp-json\/wp\/v2\/posts\/30888\/revisions"}],"predecessor-version":[{"id":38339,"href":"https:\/\/www.grupomedcof.com.br\/blog\/wp-json\/wp\/v2\/posts\/30888\/revisions\/38339"}],"wp:featuredmedia":[{"embeddable":true,"href":"https:\/\/www.grupomedcof.com.br\/blog\/wp-json\/wp\/v2\/media\/27931"}],"wp:attachment":[{"href":"https:\/\/www.grupomedcof.com.br\/blog\/wp-json\/wp\/v2\/media?parent=30888"}],"wp:term":[{"taxonomy":"category","embeddable":true,"href":"https:\/\/www.grupomedcof.com.br\/blog\/wp-json\/wp\/v2\/categories?post=30888"},{"taxonomy":"post_tag","embeddable":true,"href":"https:\/\/www.grupomedcof.com.br\/blog\/wp-json\/wp\/v2\/tags?post=30888"},{"taxonomy":"author","embeddable":true,"href":"https:\/\/www.grupomedcof.com.br\/blog\/wp-json\/wp\/v2\/ppma_author?post=30888"}],"curies":[{"name":"wp","href":"https:\/\/api.w.org\/{rel}","templated":true}]}}